{"id":92968,"date":"2025-10-28T15:48:11","date_gmt":"2025-10-28T13:48:11","guid":{"rendered":"https:\/\/now-news.de\/de\/deutschland\/russischer-auslandsgeheimdienst-macron-traeumt-von-militaerischer-intervention-in-die-ukraine\/"},"modified":"2025-10-28T15:48:11","modified_gmt":"2025-10-28T13:48:11","slug":"russischer-auslandsgeheimdienst-macron-traeumt-von-militaerischer-intervention-in-die-ukraine","status":"publish","type":"post","link":"https:\/\/now-news.de\/de\/deutschland\/russischer-auslandsgeheimdienst-macron-traeumt-von-militaerischer-intervention-in-die-ukraine\/","title":{"rendered":"Russischer Auslandsgeheimdienst: Macron tr\u00e4umt von milit\u00e4rischer Intervention in die Ukraine"},"content":{"rendered":"<p><img decoding=\"async\" src=\"https:\/\/now-news.de\/de\/wp-content\/uploads\/sites\/3\/2025\/10\/6900a71bb480cc1ee967274c.jpg\" \/><\/p>\n<div class=\"Text-root Text-type_1 \">\n                Frankreich bereitet sich auf Anweisung von Pr\u00e4sident Emmanuel Macron f\u00fcr eine milit\u00e4rische Intervention in die Ukraine vor, hei\u00dft es aus einem Bericht des russischen Auslandsgeheimdienstes. Das Kontingent soll an der polnisch-ukrainischen Grenze stationiert sein.\n            <\/div>\n<p><\/p>\n<div class=\"Text-root Text-type_5 ArticleView-text ViewText-root \">\n<p>Nach Angaben des russischen Auslandsgeheimdienstes SWR tr\u00e4umt der franz\u00f6sische Pr\u00e4sident Emmanuel Macron von einer Milit\u00e4rintervention in die Ukraine. Dies hat der SWR in einer am Dienstag ver\u00f6ffentlichten Pressemitteilung berichtet. Demnach habe Macron den Generalstab der franz\u00f6sischen Streitkr\u00e4fte beauftragt, ein Milit\u00e4rkontingent von bis zu 2.000 Soldaten zur Verlegung in die Ukraine vorzubereiten. Den Kern des Verbandes sollten Sto\u00dftrupps der Fremdenlegion bilden, die \u00fcberwiegend aus den lateinamerikanischen L\u00e4ndern stammten.<\/p>\n<p>Die Legion\u00e4re seien bereits in der N\u00e4he der polnisch-ukrainischen Grenze stationiert, wo sie aktiv ausgebildet w\u00fcrden, hie\u00df es vom SWR-Bericht weiter. Die Verlegung in die Zentralgebiete der Ukraine werde in absehbarer Zukunft geplant. Sollten Informationen \u00fcber die potenzielle Intervention durchgesickert sein, best\u00fcnde Paris auf einer Deckgeschichte. Es handele sich n\u00e4mlich um eine kleine Gruppe von Ausbildern, die zum Training mobilisierter Ukrainer entsandt w\u00fcrden.<\/p>\n<p>Gleichzeitig w\u00fcrden in Frankreich eilig Hunderte von zus\u00e4tzlichen Krankenhausbetten f\u00fcr die Aufnahme von Verletzten geschaffen. Medizinische Fachkr\u00e4fte sollen in Kriegs- und Notfallmedizin ausgebildet werden.<\/p>\n<p>Nach Beurteilung des SWR tr\u00e4umt Macron von &#8220;Napoleons Lorbeeren&#8221;. Nachdem er als Politiker versagt habe und dabei gescheitert sei, Frankreich aus einer langwierigen sozialwirtschaftlichen Krise herauszuf\u00fchren, gebe er die Hoffnung nicht auf, als Feldherr in die Geschichte einzugehen.<\/p>\n<p><strong>Mehr zum Thema<\/strong> \u2013 <a rel=\"nofollow noopener\" target=\"_blank\" href=\"https:\/\/freedert.online\/international\/259465-russlands-auslandsgeheimdienst-europaeische-nato-verbuendete\/\">Russlands Auslandsgeheimdienst: Europ\u00e4ische NATO-Verb\u00fcndete bereiten sich auf Krieg mit Russland vor<\/a><\/p>\n<div class=\"EmbedBlock-root EmbedBlock-externalVideo EmbedBlock-rumble\">\n<div class=\"VkEmbed\"><iframe class=\"lazyload\" data-src=\"https:\/\/rumble.com\/embed\/v6ydhis\" frameborder=\"0\" width=\"853\" height=\"480\" allowfullscreen><\/iframe><\/div>\n<\/div>\n<\/div>\n<p><br \/>\n<br \/><a href=\"https:\/\/de.rt.com\/europa\/260133-russischer-auslandsgeheimdienst-macron-traeumt\/\">Source link <\/a><\/p>\n","protected":false},"excerpt":{"rendered":"<p>Frankreich bereitet sich auf Anweisung von Pr\u00e4sident Emmanuel Macron f\u00fcr eine milit\u00e4rische Intervention in die Ukraine vor, hei\u00dft es aus einem Bericht des russischen Auslandsgeheimdienstes. Das Kontingent soll an der polnisch-ukrainischen Grenze stationiert sein. Nach Angaben des russischen Auslandsgeheimdienstes SWR tr\u00e4umt der franz\u00f6sische Pr\u00e4sident Emmanuel Macron von einer Milit\u00e4rintervention in die Ukraine. Dies hat der [&hellip;]<\/p>\n","protected":false},"author":3,"featured_media":92969,"comment_status":"open","ping_status":"open","sticky":false,"template":"","format":"standard","meta":{"_yoast_indexnow_last_ping":["1761659438"],"wp_automatic_camp":["217"],"7ad019a6e6f523b222be1e2857a138c5":["Russischer Auslandsgeheimdienst: Macron tr\u00e4umt von milit\u00e4rischer Intervention in die Ukraine"],"original_link":["https:\/\/de.rt.com\/europa\/260133-russischer-auslandsgeheimdienst-macron-traeumt\/"],"_thumbnail_id":["92969"],"jnews_social_counter_last_update":["1777188997"],"_wptgpro_p2tg_sent2tg":["a:1:{i:23737;s:19:\"2025-10-28 15:51:49\";}"]},"categories":[19,23],"tags":[12726,45,7489,1711,7480,793,44808,127,50],"yoast_head":"<!-- This site is optimized with the Yoast SEO Premium plugin v22.7 (Yoast SEO v22.7) - https:\/\/yoast.com\/wordpress\/plugins\/seo\/ -->\n<title>Russischer Auslandsgeheimdienst: Macron tr\u00e4umt von milit\u00e4rischer Intervention in die Ukraine - just-now.NEWS Deutschland<\/title>\n<meta name=\"robots\" content=\"index, follow, max-snippet:-1, max-image-preview:large, max-video-preview:-1\" \/>\n<link rel=\"canonical\" href=\"https:\/\/now-news.de\/de\/deutschland\/russischer-auslandsgeheimdienst-macron-traeumt-von-militaerischer-intervention-in-die-ukraine\/\" \/>\n<meta property=\"og:locale\" content=\"de_DE\" \/>\n<meta property=\"og:type\" content=\"article\" \/>\n<meta property=\"og:title\" content=\"Russischer Auslandsgeheimdienst: Macron tr\u00e4umt von milit\u00e4rischer Intervention in die Ukraine\" \/>\n<meta property=\"og:description\" content=\"Frankreich bereitet sich auf Anweisung von Pr\u00e4sident Emmanuel Macron f\u00fcr eine milit\u00e4rische Intervention in die Ukraine vor, hei\u00dft es aus einem Bericht des russischen Auslandsgeheimdienstes. Das Kontingent soll an der polnisch-ukrainischen Grenze stationiert sein. Nach Angaben des russischen Auslandsgeheimdienstes SWR tr\u00e4umt der franz\u00f6sische Pr\u00e4sident Emmanuel Macron von einer Milit\u00e4rintervention in die Ukraine. Dies hat der [&hellip;]\" \/>\n<meta property=\"og:url\" content=\"https:\/\/now-news.de\/de\/deutschland\/russischer-auslandsgeheimdienst-macron-traeumt-von-militaerischer-intervention-in-die-ukraine\/\" \/>\n<meta property=\"og:site_name\" content=\"just-now.NEWS Deutschland\" \/>\n<meta property=\"article:publisher\" content=\"https:\/\/www.facebook.com\/wirmachenauf\" \/>\n<meta property=\"article:published_time\" content=\"2025-10-28T13:48:11+00:00\" \/>\n<meta property=\"og:image\" content=\"https:\/\/now-news.de\/de\/wp-content\/uploads\/sites\/3\/2025\/10\/6900a71bb480cc1ee967274c.jpg\" \/>\n<meta name=\"author\" content=\"rtnews\" \/>\n<meta name=\"twitter:card\" content=\"summary_large_image\" \/>\n<meta name=\"twitter:creator\" content=\"@WirMachenAuf_de\" \/>\n<meta name=\"twitter:site\" content=\"@WirMachenAuf_de\" \/>\n<meta name=\"twitter:label1\" content=\"Verfasst von\" \/>\n\t<meta name=\"twitter:data1\" content=\"rtnews\" \/>\n\t<meta name=\"twitter:label2\" content=\"Gesch\u00e4tzte Lesezeit\" \/>\n\t<meta name=\"twitter:data2\" content=\"1\u00a0Minute\" \/>\n<script type=\"application\/ld+json\" class=\"yoast-schema-graph\">{\"@context\":\"https:\/\/schema.org\",\"@graph\":[{\"@type\":\"Article\",\"@id\":\"https:\/\/now-news.de\/de\/deutschland\/russischer-auslandsgeheimdienst-macron-traeumt-von-militaerischer-intervention-in-die-ukraine\/#article\",\"isPartOf\":{\"@id\":\"https:\/\/now-news.de\/de\/deutschland\/russischer-auslandsgeheimdienst-macron-traeumt-von-militaerischer-intervention-in-die-ukraine\/\"},\"author\":{\"name\":\"rtnews\",\"@id\":\"https:\/\/now-news.de\/de\/#\/schema\/person\/fb534a4e865501d8b3285208df34a9b5\"},\"headline\":\"Russischer Auslandsgeheimdienst: Macron tr\u00e4umt von milit\u00e4rischer Intervention in die Ukraine\",\"datePublished\":\"2025-10-28T13:48:11+00:00\",\"dateModified\":\"2025-10-28T13:48:11+00:00\",\"mainEntityOfPage\":{\"@id\":\"https:\/\/now-news.de\/de\/deutschland\/russischer-auslandsgeheimdienst-macron-traeumt-von-militaerischer-intervention-in-die-ukraine\/\"},\"wordCount\":282,\"commentCount\":0,\"publisher\":{\"@id\":\"https:\/\/now-news.de\/de\/#organization\"},\"image\":{\"@id\":\"https:\/\/now-news.de\/de\/deutschland\/russischer-auslandsgeheimdienst-macron-traeumt-von-militaerischer-intervention-in-die-ukraine\/#primaryimage\"},\"thumbnailUrl\":\"https:\/\/now-news.de\/de\/wp-content\/uploads\/sites\/3\/2025\/10\/Russischer-Auslandsgeheimdienst-Macron-traeumt-von-militaerischer-Intervention-in-die-Ukraine.jpg\",\"keywords\":[\"Auslandsgeheimdienst\",\"die\",\"Intervention\",\"macron\",\"milit\u00e4rischer\",\"Russischer\",\"tr\u00e4umt\",\"ukraine\",\"von\"],\"articleSection\":[\"Deutschland\",\"Russland\"],\"inLanguage\":\"de\",\"potentialAction\":[{\"@type\":\"CommentAction\",\"name\":\"Comment\",\"target\":[\"https:\/\/now-news.de\/de\/deutschland\/russischer-auslandsgeheimdienst-macron-traeumt-von-militaerischer-intervention-in-die-ukraine\/#respond\"]}]},{\"@type\":\"WebPage\",\"@id\":\"https:\/\/now-news.de\/de\/deutschland\/russischer-auslandsgeheimdienst-macron-traeumt-von-militaerischer-intervention-in-die-ukraine\/\",\"url\":\"https:\/\/now-news.de\/de\/deutschland\/russischer-auslandsgeheimdienst-macron-traeumt-von-militaerischer-intervention-in-die-ukraine\/\",\"name\":\"Russischer Auslandsgeheimdienst: Macron tr\u00e4umt von milit\u00e4rischer Intervention in die Ukraine - just-now.NEWS Deutschland\",\"isPartOf\":{\"@id\":\"https:\/\/now-news.de\/de\/#website\"},\"primaryImageOfPage\":{\"@id\":\"https:\/\/now-news.de\/de\/deutschland\/russischer-auslandsgeheimdienst-macron-traeumt-von-militaerischer-intervention-in-die-ukraine\/#primaryimage\"},\"image\":{\"@id\":\"https:\/\/now-news.de\/de\/deutschland\/russischer-auslandsgeheimdienst-macron-traeumt-von-militaerischer-intervention-in-die-ukraine\/#primaryimage\"},\"thumbnailUrl\":\"https:\/\/now-news.de\/de\/wp-content\/uploads\/sites\/3\/2025\/10\/Russischer-Auslandsgeheimdienst-Macron-traeumt-von-militaerischer-Intervention-in-die-Ukraine.jpg\",\"datePublished\":\"2025-10-28T13:48:11+00:00\",\"dateModified\":\"2025-10-28T13:48:11+00:00\",\"breadcrumb\":{\"@id\":\"https:\/\/now-news.de\/de\/deutschland\/russischer-auslandsgeheimdienst-macron-traeumt-von-militaerischer-intervention-in-die-ukraine\/#breadcrumb\"},\"inLanguage\":\"de\",\"potentialAction\":[{\"@type\":\"ReadAction\",\"target\":[\"https:\/\/now-news.de\/de\/deutschland\/russischer-auslandsgeheimdienst-macron-traeumt-von-militaerischer-intervention-in-die-ukraine\/\"]}]},{\"@type\":\"ImageObject\",\"inLanguage\":\"de\",\"@id\":\"https:\/\/now-news.de\/de\/deutschland\/russischer-auslandsgeheimdienst-macron-traeumt-von-militaerischer-intervention-in-die-ukraine\/#primaryimage\",\"url\":\"https:\/\/now-news.de\/de\/wp-content\/uploads\/sites\/3\/2025\/10\/Russischer-Auslandsgeheimdienst-Macron-traeumt-von-militaerischer-Intervention-in-die-Ukraine.jpg\",\"contentUrl\":\"https:\/\/now-news.de\/de\/wp-content\/uploads\/sites\/3\/2025\/10\/Russischer-Auslandsgeheimdienst-Macron-traeumt-von-militaerischer-Intervention-in-die-Ukraine.jpg\",\"width\":460,\"height\":259,\"caption\":\"Russischer Auslandsgeheimdienst: Macron tr\u00e4umt von milit\u00e4rischer Intervention in die Ukraine\"},{\"@type\":\"BreadcrumbList\",\"@id\":\"https:\/\/now-news.de\/de\/deutschland\/russischer-auslandsgeheimdienst-macron-traeumt-von-militaerischer-intervention-in-die-ukraine\/#breadcrumb\",\"itemListElement\":[{\"@type\":\"ListItem\",\"position\":1,\"name\":\"Home\",\"item\":\"https:\/\/now-news.de\/de\/\"},{\"@type\":\"ListItem\",\"position\":2,\"name\":\"Russischer Auslandsgeheimdienst: Macron tr\u00e4umt von milit\u00e4rischer Intervention in die Ukraine\"}]},{\"@type\":\"WebSite\",\"@id\":\"https:\/\/now-news.de\/de\/#website\",\"url\":\"https:\/\/now-news.de\/de\/\",\"name\":\"just-now.NEWS Deutschland\",\"description\":\"Das Portal f\u00fcr unzensierte Nachrichten aus der Welt\",\"publisher\":{\"@id\":\"https:\/\/now-news.de\/de\/#organization\"},\"potentialAction\":[{\"@type\":\"SearchAction\",\"target\":{\"@type\":\"EntryPoint\",\"urlTemplate\":\"https:\/\/now-news.de\/de\/?s={search_term_string}\"},\"query-input\":\"required name=search_term_string\"}],\"inLanguage\":\"de\"},{\"@type\":\"Organization\",\"@id\":\"https:\/\/now-news.de\/de\/#organization\",\"name\":\"Just Now News\",\"url\":\"https:\/\/now-news.de\/de\/\",\"logo\":{\"@type\":\"ImageObject\",\"inLanguage\":\"de\",\"@id\":\"https:\/\/now-news.de\/de\/#\/schema\/logo\/image\/\",\"url\":\"http:\/\/just-now.news\/de\/wp-content\/uploads\/sites\/3\/2022\/04\/logo500x500.jpg\",\"contentUrl\":\"http:\/\/just-now.news\/de\/wp-content\/uploads\/sites\/3\/2022\/04\/logo500x500.jpg\",\"width\":500,\"height\":500,\"caption\":\"Just Now News\"},\"image\":{\"@id\":\"https:\/\/now-news.de\/de\/#\/schema\/logo\/image\/\"},\"sameAs\":[\"https:\/\/www.facebook.com\/wirmachenauf\",\"https:\/\/x.com\/WirMachenAuf_de\"]},{\"@type\":\"Person\",\"@id\":\"https:\/\/now-news.de\/de\/#\/schema\/person\/fb534a4e865501d8b3285208df34a9b5\",\"name\":\"rtnews\",\"image\":{\"@type\":\"ImageObject\",\"inLanguage\":\"de\",\"@id\":\"https:\/\/now-news.de\/de\/#\/schema\/person\/image\/\",\"url\":\"https:\/\/secure.gravatar.com\/avatar\/82aafea7d8127119dd649515f56e2117?s=96&d=mm&r=g\",\"contentUrl\":\"https:\/\/secure.gravatar.com\/avatar\/82aafea7d8127119dd649515f56e2117?s=96&d=mm&r=g\",\"caption\":\"rtnews\"},\"url\":\"https:\/\/now-news.de\/de\/author\/rnews\/\"}]}<\/script>\n<!-- \/ Yoast SEO Premium plugin. -->","yoast_head_json":{"title":"Russischer Auslandsgeheimdienst: Macron tr\u00e4umt von milit\u00e4rischer Intervention in die Ukraine - just-now.NEWS Deutschland","robots":{"index":"index","follow":"follow","max-snippet":"max-snippet:-1","max-image-preview":"max-image-preview:large","max-video-preview":"max-video-preview:-1"},"canonical":"https:\/\/now-news.de\/de\/deutschland\/russischer-auslandsgeheimdienst-macron-traeumt-von-militaerischer-intervention-in-die-ukraine\/","og_locale":"de_DE","og_type":"article","og_title":"Russischer Auslandsgeheimdienst: Macron tr\u00e4umt von milit\u00e4rischer Intervention in die Ukraine","og_description":"Frankreich bereitet sich auf Anweisung von Pr\u00e4sident Emmanuel Macron f\u00fcr eine milit\u00e4rische Intervention in die Ukraine vor, hei\u00dft es aus einem Bericht des russischen Auslandsgeheimdienstes. Das Kontingent soll an der polnisch-ukrainischen Grenze stationiert sein. Nach Angaben des russischen Auslandsgeheimdienstes SWR tr\u00e4umt der franz\u00f6sische Pr\u00e4sident Emmanuel Macron von einer Milit\u00e4rintervention in die Ukraine. Dies hat der [&hellip;]","og_url":"https:\/\/now-news.de\/de\/deutschland\/russischer-auslandsgeheimdienst-macron-traeumt-von-militaerischer-intervention-in-die-ukraine\/","og_site_name":"just-now.NEWS Deutschland","article_publisher":"https:\/\/www.facebook.com\/wirmachenauf","article_published_time":"2025-10-28T13:48:11+00:00","og_image":[{"url":"https:\/\/now-news.de\/de\/wp-content\/uploads\/sites\/3\/2025\/10\/6900a71bb480cc1ee967274c.jpg"}],"author":"rtnews","twitter_card":"summary_large_image","twitter_creator":"@WirMachenAuf_de","twitter_site":"@WirMachenAuf_de","twitter_misc":{"Verfasst von":"rtnews","Gesch\u00e4tzte Lesezeit":"1\u00a0Minute"},"schema":{"@context":"https:\/\/schema.org","@graph":[{"@type":"Article","@id":"https:\/\/now-news.de\/de\/deutschland\/russischer-auslandsgeheimdienst-macron-traeumt-von-militaerischer-intervention-in-die-ukraine\/#article","isPartOf":{"@id":"https:\/\/now-news.de\/de\/deutschland\/russischer-auslandsgeheimdienst-macron-traeumt-von-militaerischer-intervention-in-die-ukraine\/"},"author":{"name":"rtnews","@id":"https:\/\/now-news.de\/de\/#\/schema\/person\/fb534a4e865501d8b3285208df34a9b5"},"headline":"Russischer Auslandsgeheimdienst: Macron tr\u00e4umt von milit\u00e4rischer Intervention in die Ukraine","datePublished":"2025-10-28T13:48:11+00:00","dateModified":"2025-10-28T13:48:11+00:00","mainEntityOfPage":{"@id":"https:\/\/now-news.de\/de\/deutschland\/russischer-auslandsgeheimdienst-macron-traeumt-von-militaerischer-intervention-in-die-ukraine\/"},"wordCount":282,"commentCount":0,"publisher":{"@id":"https:\/\/now-news.de\/de\/#organization"},"image":{"@id":"https:\/\/now-news.de\/de\/deutschland\/russischer-auslandsgeheimdienst-macron-traeumt-von-militaerischer-intervention-in-die-ukraine\/#primaryimage"},"thumbnailUrl":"https:\/\/now-news.de\/de\/wp-content\/uploads\/sites\/3\/2025\/10\/Russischer-Auslandsgeheimdienst-Macron-traeumt-von-militaerischer-Intervention-in-die-Ukraine.jpg","keywords":["Auslandsgeheimdienst","die","Intervention","macron","milit\u00e4rischer","Russischer","tr\u00e4umt","ukraine","von"],"articleSection":["Deutschland","Russland"],"inLanguage":"de","potentialAction":[{"@type":"CommentAction","name":"Comment","target":["https:\/\/now-news.de\/de\/deutschland\/russischer-auslandsgeheimdienst-macron-traeumt-von-militaerischer-intervention-in-die-ukraine\/#respond"]}]},{"@type":"WebPage","@id":"https:\/\/now-news.de\/de\/deutschland\/russischer-auslandsgeheimdienst-macron-traeumt-von-militaerischer-intervention-in-die-ukraine\/","url":"https:\/\/now-news.de\/de\/deutschland\/russischer-auslandsgeheimdienst-macron-traeumt-von-militaerischer-intervention-in-die-ukraine\/","name":"Russischer Auslandsgeheimdienst: Macron tr\u00e4umt von milit\u00e4rischer Intervention in die Ukraine - just-now.NEWS Deutschland","isPartOf":{"@id":"https:\/\/now-news.de\/de\/#website"},"primaryImageOfPage":{"@id":"https:\/\/now-news.de\/de\/deutschland\/russischer-auslandsgeheimdienst-macron-traeumt-von-militaerischer-intervention-in-die-ukraine\/#primaryimage"},"image":{"@id":"https:\/\/now-news.de\/de\/deutschland\/russischer-auslandsgeheimdienst-macron-traeumt-von-militaerischer-intervention-in-die-ukraine\/#primaryimage"},"thumbnailUrl":"https:\/\/now-news.de\/de\/wp-content\/uploads\/sites\/3\/2025\/10\/Russischer-Auslandsgeheimdienst-Macron-traeumt-von-militaerischer-Intervention-in-die-Ukraine.jpg","datePublished":"2025-10-28T13:48:11+00:00","dateModified":"2025-10-28T13:48:11+00:00","breadcrumb":{"@id":"https:\/\/now-news.de\/de\/deutschland\/russischer-auslandsgeheimdienst-macron-traeumt-von-militaerischer-intervention-in-die-ukraine\/#breadcrumb"},"inLanguage":"de","potentialAction":[{"@type":"ReadAction","target":["https:\/\/now-news.de\/de\/deutschland\/russischer-auslandsgeheimdienst-macron-traeumt-von-militaerischer-intervention-in-die-ukraine\/"]}]},{"@type":"ImageObject","inLanguage":"de","@id":"https:\/\/now-news.de\/de\/deutschland\/russischer-auslandsgeheimdienst-macron-traeumt-von-militaerischer-intervention-in-die-ukraine\/#primaryimage","url":"https:\/\/now-news.de\/de\/wp-content\/uploads\/sites\/3\/2025\/10\/Russischer-Auslandsgeheimdienst-Macron-traeumt-von-militaerischer-Intervention-in-die-Ukraine.jpg","contentUrl":"https:\/\/now-news.de\/de\/wp-content\/uploads\/sites\/3\/2025\/10\/Russischer-Auslandsgeheimdienst-Macron-traeumt-von-militaerischer-Intervention-in-die-Ukraine.jpg","width":460,"height":259,"caption":"Russischer Auslandsgeheimdienst: Macron tr\u00e4umt von milit\u00e4rischer Intervention in die Ukraine"},{"@type":"BreadcrumbList","@id":"https:\/\/now-news.de\/de\/deutschland\/russischer-auslandsgeheimdienst-macron-traeumt-von-militaerischer-intervention-in-die-ukraine\/#breadcrumb","itemListElement":[{"@type":"ListItem","position":1,"name":"Home","item":"https:\/\/now-news.de\/de\/"},{"@type":"ListItem","position":2,"name":"Russischer Auslandsgeheimdienst: Macron tr\u00e4umt von milit\u00e4rischer Intervention in die Ukraine"}]},{"@type":"WebSite","@id":"https:\/\/now-news.de\/de\/#website","url":"https:\/\/now-news.de\/de\/","name":"just-now.NEWS Deutschland","description":"Das Portal f\u00fcr unzensierte Nachrichten aus der Welt","publisher":{"@id":"https:\/\/now-news.de\/de\/#organization"},"potentialAction":[{"@type":"SearchAction","target":{"@type":"EntryPoint","urlTemplate":"https:\/\/now-news.de\/de\/?s={search_term_string}"},"query-input":"required name=search_term_string"}],"inLanguage":"de"},{"@type":"Organization","@id":"https:\/\/now-news.de\/de\/#organization","name":"Just Now News","url":"https:\/\/now-news.de\/de\/","logo":{"@type":"ImageObject","inLanguage":"de","@id":"https:\/\/now-news.de\/de\/#\/schema\/logo\/image\/","url":"http:\/\/just-now.news\/de\/wp-content\/uploads\/sites\/3\/2022\/04\/logo500x500.jpg","contentUrl":"http:\/\/just-now.news\/de\/wp-content\/uploads\/sites\/3\/2022\/04\/logo500x500.jpg","width":500,"height":500,"caption":"Just Now News"},"image":{"@id":"https:\/\/now-news.de\/de\/#\/schema\/logo\/image\/"},"sameAs":["https:\/\/www.facebook.com\/wirmachenauf","https:\/\/x.com\/WirMachenAuf_de"]},{"@type":"Person","@id":"https:\/\/now-news.de\/de\/#\/schema\/person\/fb534a4e865501d8b3285208df34a9b5","name":"rtnews","image":{"@type":"ImageObject","inLanguage":"de","@id":"https:\/\/now-news.de\/de\/#\/schema\/person\/image\/","url":"https:\/\/secure.gravatar.com\/avatar\/82aafea7d8127119dd649515f56e2117?s=96&d=mm&r=g","contentUrl":"https:\/\/secure.gravatar.com\/avatar\/82aafea7d8127119dd649515f56e2117?s=96&d=mm&r=g","caption":"rtnews"},"url":"https:\/\/now-news.de\/de\/author\/rnews\/"}]}},"_links":{"self":[{"href":"https:\/\/now-news.de\/de\/wp-json\/wp\/v2\/posts\/92968"}],"collection":[{"href":"https:\/\/now-news.de\/de\/wp-json\/wp\/v2\/posts"}],"about":[{"href":"https:\/\/now-news.de\/de\/wp-json\/wp\/v2\/types\/post"}],"author":[{"embeddable":true,"href":"https:\/\/now-news.de\/de\/wp-json\/wp\/v2\/users\/3"}],"replies":[{"embeddable":true,"href":"https:\/\/now-news.de\/de\/wp-json\/wp\/v2\/comments?post=92968"}],"version-history":[{"count":0,"href":"https:\/\/now-news.de\/de\/wp-json\/wp\/v2\/posts\/92968\/revisions"}],"wp:featuredmedia":[{"embeddable":true,"href":"https:\/\/now-news.de\/de\/wp-json\/wp\/v2\/media\/92969"}],"wp:attachment":[{"href":"https:\/\/now-news.de\/de\/wp-json\/wp\/v2\/media?parent=92968"}],"wp:term":[{"taxonomy":"category","embeddable":true,"href":"https:\/\/now-news.de\/de\/wp-json\/wp\/v2\/categories?post=92968"},{"taxonomy":"post_tag","embeddable":true,"href":"https:\/\/now-news.de\/de\/wp-json\/wp\/v2\/tags?post=92968"}],"curies":[{"name":"wp","href":"https:\/\/api.w.org\/{rel}","templated":true}]}}