{"id":92928,"date":"2025-10-27T20:49:19","date_gmt":"2025-10-27T18:49:19","guid":{"rendered":"https:\/\/now-news.de\/de\/deutschland\/kiew-beruechtigter-bandenchef-setzt-zusammen-mit-der-polizei-die-wehrpflicht-durch-video\/"},"modified":"2025-10-27T20:49:19","modified_gmt":"2025-10-27T18:49:19","slug":"kiew-beruechtigter-bandenchef-setzt-zusammen-mit-der-polizei-die-wehrpflicht-durch-video","status":"publish","type":"post","link":"https:\/\/now-news.de\/de\/deutschland\/kiew-beruechtigter-bandenchef-setzt-zusammen-mit-der-polizei-die-wehrpflicht-durch-video\/","title":{"rendered":"Kiew: Ber\u00fcchtigter Bandenchef setzt zusammen mit der Polizei die Wehrpflicht durch (VIDEO)"},"content":{"rendered":"<p><img decoding=\"async\" src=\"https:\/\/now-news.de\/de\/wp-content\/uploads\/sites\/3\/2025\/10\/68ff88e9b480cc6f4213bd62.png\" \/><\/p>\n<div class=\"Text-root Text-type_1 \">\n                Magomed Aydamirow sa\u00df im Gef\u00e4ngnis, weil er in Odessa eine kriminelle Vereinigung angef\u00fchrt haben soll, die an Entf\u00fchrungen und Erpressungen beteiligt war. Nun macht er laut ukrainischen Medienberichten gemeinsam mit der Polizei in Kiew Jagd auf M\u00e4nner, um sie f\u00fcr das Milit\u00e4r zu rekrutieren.\n            <\/div>\n<p><\/p>\n<div class=\"Text-root Text-type_5 ArticleView-text ViewText-root \">\n<p>Ein mutma\u00dflicher Bandenchef soll laut mehreren Nachrichtenagenturen, darunter <em>UNIAN<\/em>, ukrainische Milit\u00e4rrekrutierer bei ihren Mobilisierungsbem\u00fchungen unterst\u00fctzen. Der Mann wurde zuvor laut Berichten beschuldigt, Entf\u00fchrungen in Odessa organisiert zu haben.<\/p>\n<p>Der von den Medien als Magomed Aydamirow identifizierte Mann erscheint in einem Video, das die Aktionen von Milit\u00e4rbeamten zeigt und zuerst von einem lokalen <em>Telegram<\/em>-Kanal ver\u00f6ffentlicht wurde. Darin bedroht ein b\u00e4rtiger Mann in Tarnkleidung eine Person, die mit einem Polizisten spricht, der auf der Stra\u00dfe nach potenziellen Wehrpflichtigen sucht.<\/p>\n<p>Aydamirow wurde 2018 wegen des Verdachts der F\u00fchrung einer kriminellen Bande verhaftet, die von 2015 bis 2017 f\u00fcr Entf\u00fchrungen und Erpressungen verantwortlich war. Bei Durchsuchungen im Zusammenhang mit den Aktivit\u00e4ten der Bande fand die Polizei Berichten zufolge Sprengstoff, Waffen und ein Maschinengewehr.<\/p>\n<div class=\"EmbedBlock-root EmbedBlock-video\">\n<div class=\"VideoEmbed\"><script src=\"https:\/\/de.russiatoday.com\/static\/libs\/jwplayer\/jwplayer-7.8.4\/jwplayer.js\"><\/script><\/p>\n<div class=\"mediaplayer\" id=\"mediaplayer-js-mediaplayer-68ff833bb480cc3dcb09e9e2-block\">\n<div id=\"js-mediaplayer-68ff833bb480cc3dcb09e9e2\"><\/div>\n<p><script src=\"https:\/\/de.russiatoday.com\/static\/js\/streamsense.4.1411.18.min.js\" type=\"text\/javascript\"><\/script><script type=\"text\/javascript\">\n            var myStreamingTag = new ns_.StreamingTag( { customerC2: '17935924', C3: 'deutsch' } );\n                                                var metadata = {\n                ns_st_ci: \"68ff833bb480cc3dcb09e9e2\", \/\/ \u0438\u0434\u0435\u043d\u0442\u0438\u0444\u0438\u043a\u0430\u0442\u043e\u0440 \u043a\u043e\u043d\u0442\u0435\u043d\u0442\u0430 (\u0432\u0438\u0434\u0435\u043e)\n                c3: \"deutsch\",\n                c4: \"*null\",\n                c6: \"*null\"\n            };\n        <\/script><\/div>\n<p><script>\n    jwplayer.key=\"kESrsgULvYO7r2MfUelqj3vs+2i8JdQBqjGNmA==\";\n            jwplayer(\"js-mediaplayer-68ff833bb480cc3dcb09e9e2\").setup({\n            advertising: {\n                client: \"googima\",\n            },\n            file: \"https:\/\/mf.b37mrtl.ru\/deutsch\/video\/2025.10\/68ff833bb480cc3dcb09e9e2.mp4\",\n                                    image: \"https:\/\/mf.b37mrtl.ru\/deutsch\/images\/2025.10\/article\/68ff8334b480cc3c7b569d00.png\",\n            \/\/ stretching: 'fill',\n                        \/\/ title: \"Der\\u0020Bandenchef\",\n            aspectratio: \"16:9\",\n            skin: {\n                name: \"five\",\n                active: \"#77bd1e\",\n                background: \"rgba(0, 0, 0, 0.5)\",\n                inactive: \"#FFFFFF\"\n            },\n            width: \"100%\",\n            autostart: false,\n            mute: false,\n            startparam: \"start\",\n            ga: {},\n                        sharing: {\n                code: encodeURI('\n<div style=\"position: relative;padding-bottom: 56.25%; padding-top: 25px; height: 0;\"><iframe style=\"position: absolute;top: 0;left: 0;width: 100%;height: 100%;\" src=\"' +\n                    location.protocol + '\/\/' + location.host + '\/europa\/260066-kiew-beruechtigter-bandenchef-setzt-zusammen\/\/video\/68ff833bb480cc3dcb09e9e2\" frameborder=\"0\" allowfullscreen><\/script><\/div>\n<p>&#8216;),<br \/>\n                link: &#8220;\/europa\/260066-kiew-beruechtigter-bandenchef-setzt-zusammen\/&#8221;<br \/>\n            },<br \/>\n                        events: {<br \/>\n                onPlay: function(){<br \/>\n                    myStreamingTag.playVideoContentPart(metadata);<br \/>\n                    var playingVideoId = &#8216;js-mediaplayer-68ff833bb480cc3dcb09e9e2&#8217;; \/\/ id \u0442\u0435\u043a\u0443\u0449\u0435\u0433\u043e \u043f\u043b\u0435\u0435\u0440\u0430<br \/>\n                    playersTmplBehavior.pauseMedia(playingVideoId); \/\/\u0437\u0430\u043f\u0443\u0441\u043a\u0430\u0435\u043c \u0444\u0443\u043d\u043a\u0446\u0438\u044e \u043e\u0441\u0442\u0430\u043d\u043e\u0432\u043a\u0438 \u0432\u0441\u0435\u0445 \u0438\u0433\u0440\u0430\u044e\u0449\u0438\u0445 \u043f\u043b\u0435\u0435\u0440\u043e\u0432 \u043a\u0440\u043e\u043c\u0435 \u044d\u0442\u043e\u0433\u043e \u041a\u043e\u043b<\/p>\n<p>                                    },<br \/>\n                onPause: function(){<br \/>\n                    myStreamingTag.stop();<br \/>\n                },<br \/>\n                onComplete: function(){<br \/>\n                    myStreamingTag.stop();<\/p>\n<p>                                    },<br \/>\n            }<br \/>\n        });<\/p>\n<p>    var playersTmplBehavior = {};<\/p>\n<p>    \/\/\u0424\u0443\u043d\u043a\u0446\u0438\u044f \u043f\u0440\u043e\u0431\u0435\u0433\u0430\u0435\u0442 \u043f\u043e \u0432\u0441\u0435\u043c \u043f\u043b\u0435\u0435\u0440\u0430\u043c jwplayer, \u043a\u0440\u043e\u043c\u0435 \u043f\u0435\u0440\u0435\u0434\u0430\u043d\u043d\u043e\u0433\u043e, \u0438 \u0441\u0442\u0430\u0432\u0438\u0442 \u0438\u0445 \u043d\u0430 \u043f\u0430\u0443\u0437\u0443<br \/>\n    playersTmplBehavior.pauseMedia = function(playingMediaId) {<br \/>\n        var players = document.querySelectorAll(&#8216;.jwplayer, object&#8217;);<\/p>\n<p>        for (var i = 0, max = players.length; i &lt; max; i++) {<br \/>\n            var currentMediaId = players[i].id;<br \/>\n            if( jwplayer(players[i]).getState() == &#8220;PLAYING&#8221; || jwplayer(players[i]).getState() == &#8220;BUFFERING&#8221; ) {<br \/>\n                if(currentMediaId != playingMediaId){<br \/>\n                    jwplayer(players[i]).play(false);<br \/>\n                }<br \/>\n            }<br \/>\n        }<br \/>\n    };<\/p>\n<\/div>\n<\/div>\n<p><br \/>\n<br \/><a href=\"https:\/\/de.rt.com\/europa\/260066-kiew-beruechtigter-bandenchef-setzt-zusammen\/\">Source link <\/a><\/p>\n","protected":false},"excerpt":{"rendered":"<p>Magomed Aydamirow sa\u00df im Gef\u00e4ngnis, weil er in Odessa eine kriminelle Vereinigung angef\u00fchrt haben soll, die an Entf\u00fchrungen und Erpressungen beteiligt war. Nun macht er laut ukrainischen Medienberichten gemeinsam mit der Polizei in Kiew Jagd auf M\u00e4nner, um sie f\u00fcr das Milit\u00e4r zu rekrutieren. Ein mutma\u00dflicher Bandenchef soll laut mehreren Nachrichtenagenturen, darunter UNIAN, ukrainische Milit\u00e4rrekrutierer [&hellip;]<\/p>\n","protected":false},"author":3,"featured_media":92929,"comment_status":"open","ping_status":"open","sticky":false,"template":"","format":"standard","meta":{"_yoast_indexnow_last_ping":["1761591936"],"wp_automatic_camp":["217"],"19eb126197833dad4f70010543931c01":["Kiew: Ber\u00fcchtigter Bandenchef setzt zusammen mit der Polizei die Wehrpflicht durch (VIDEO)"],"original_link":["https:\/\/de.rt.com\/europa\/260066-kiew-beruechtigter-bandenchef-setzt-zusammen\/"],"_thumbnail_id":["92929"],"jnews_social_counter_last_update":["1777128599"],"enclosure":["https:\/\/mf.b37mrtl.ru\/deutsch\/video\/2025.10\/68ff833bb480cc3dcb09e9e2.mp4\n11037969\nvideo\/mp4\n"],"_wptgpro_p2tg_sent2tg":["a:1:{i:23737;s:19:\"2025-10-27 21:06:44\";}"]},"categories":[19,23],"tags":[68734,68733,82,45,1024,1025,419,7579,1997,173,31451,6580],"yoast_head":"<!-- This site is optimized with the Yoast SEO Premium plugin v22.7 (Yoast SEO v22.7) - https:\/\/yoast.com\/wordpress\/plugins\/seo\/ -->\n<title>Kiew: Ber\u00fcchtigter Bandenchef setzt zusammen mit der Polizei die Wehrpflicht durch (VIDEO) - just-now.NEWS Deutschland<\/title>\n<meta name=\"robots\" content=\"index, follow, max-snippet:-1, max-image-preview:large, max-video-preview:-1\" \/>\n<link rel=\"canonical\" href=\"https:\/\/now-news.de\/de\/deutschland\/kiew-beruechtigter-bandenchef-setzt-zusammen-mit-der-polizei-die-wehrpflicht-durch-video\/\" \/>\n<meta property=\"og:locale\" content=\"de_DE\" \/>\n<meta property=\"og:type\" content=\"article\" \/>\n<meta property=\"og:title\" content=\"Kiew: Ber\u00fcchtigter Bandenchef setzt zusammen mit der Polizei die Wehrpflicht durch (VIDEO)\" \/>\n<meta property=\"og:description\" content=\"Magomed Aydamirow sa\u00df im Gef\u00e4ngnis, weil er in Odessa eine kriminelle Vereinigung angef\u00fchrt haben soll, die an Entf\u00fchrungen und Erpressungen beteiligt war. Nun macht er laut ukrainischen Medienberichten gemeinsam mit der Polizei in Kiew Jagd auf M\u00e4nner, um sie f\u00fcr das Milit\u00e4r zu rekrutieren. Ein mutma\u00dflicher Bandenchef soll laut mehreren Nachrichtenagenturen, darunter UNIAN, ukrainische Milit\u00e4rrekrutierer [&hellip;]\" \/>\n<meta property=\"og:url\" content=\"https:\/\/now-news.de\/de\/deutschland\/kiew-beruechtigter-bandenchef-setzt-zusammen-mit-der-polizei-die-wehrpflicht-durch-video\/\" \/>\n<meta property=\"og:site_name\" content=\"just-now.NEWS Deutschland\" \/>\n<meta property=\"article:publisher\" content=\"https:\/\/www.facebook.com\/wirmachenauf\" \/>\n<meta property=\"article:published_time\" content=\"2025-10-27T18:49:19+00:00\" \/>\n<meta property=\"og:image\" content=\"https:\/\/now-news.de\/de\/wp-content\/uploads\/sites\/3\/2025\/10\/68ff88e9b480cc6f4213bd62.png\" \/>\n<meta name=\"author\" content=\"rtnews\" \/>\n<meta name=\"twitter:card\" content=\"summary_large_image\" \/>\n<meta name=\"twitter:creator\" content=\"@WirMachenAuf_de\" \/>\n<meta name=\"twitter:site\" content=\"@WirMachenAuf_de\" \/>\n<meta name=\"twitter:label1\" content=\"Verfasst von\" \/>\n\t<meta name=\"twitter:data1\" content=\"rtnews\" \/>\n\t<meta name=\"twitter:label2\" content=\"Gesch\u00e4tzte Lesezeit\" \/>\n\t<meta name=\"twitter:data2\" content=\"1\u00a0Minute\" \/>\n<script type=\"application\/ld+json\" class=\"yoast-schema-graph\">{\"@context\":\"https:\/\/schema.org\",\"@graph\":[{\"@type\":\"Article\",\"@id\":\"https:\/\/now-news.de\/de\/deutschland\/kiew-beruechtigter-bandenchef-setzt-zusammen-mit-der-polizei-die-wehrpflicht-durch-video\/#article\",\"isPartOf\":{\"@id\":\"https:\/\/now-news.de\/de\/deutschland\/kiew-beruechtigter-bandenchef-setzt-zusammen-mit-der-polizei-die-wehrpflicht-durch-video\/\"},\"author\":{\"name\":\"rtnews\",\"@id\":\"https:\/\/now-news.de\/de\/#\/schema\/person\/fb534a4e865501d8b3285208df34a9b5\"},\"headline\":\"Kiew: Ber\u00fcchtigter Bandenchef setzt zusammen mit der Polizei die Wehrpflicht durch (VIDEO)\",\"datePublished\":\"2025-10-27T18:49:19+00:00\",\"dateModified\":\"2025-10-27T18:49:19+00:00\",\"mainEntityOfPage\":{\"@id\":\"https:\/\/now-news.de\/de\/deutschland\/kiew-beruechtigter-bandenchef-setzt-zusammen-mit-der-polizei-die-wehrpflicht-durch-video\/\"},\"wordCount\":295,\"commentCount\":0,\"publisher\":{\"@id\":\"https:\/\/now-news.de\/de\/#organization\"},\"image\":{\"@id\":\"https:\/\/now-news.de\/de\/deutschland\/kiew-beruechtigter-bandenchef-setzt-zusammen-mit-der-polizei-die-wehrpflicht-durch-video\/#primaryimage\"},\"thumbnailUrl\":\"https:\/\/now-news.de\/de\/wp-content\/uploads\/sites\/3\/2025\/10\/Kiew-Beruechtigter-Bandenchef-setzt-zusammen-mit-der-Polizei-die-Wehrpflicht.png\",\"keywords\":[\"Bandenchef\",\"Ber\u00fcchtigter\",\"der\",\"die\",\"durch\",\"Kiew\",\"mit\",\"Polizei\",\"setzt\",\"Video\",\"Wehrpflicht\",\"zusammen\"],\"articleSection\":[\"Deutschland\",\"Russland\"],\"inLanguage\":\"de\",\"potentialAction\":[{\"@type\":\"CommentAction\",\"name\":\"Comment\",\"target\":[\"https:\/\/now-news.de\/de\/deutschland\/kiew-beruechtigter-bandenchef-setzt-zusammen-mit-der-polizei-die-wehrpflicht-durch-video\/#respond\"]}]},{\"@type\":\"WebPage\",\"@id\":\"https:\/\/now-news.de\/de\/deutschland\/kiew-beruechtigter-bandenchef-setzt-zusammen-mit-der-polizei-die-wehrpflicht-durch-video\/\",\"url\":\"https:\/\/now-news.de\/de\/deutschland\/kiew-beruechtigter-bandenchef-setzt-zusammen-mit-der-polizei-die-wehrpflicht-durch-video\/\",\"name\":\"Kiew: Ber\u00fcchtigter Bandenchef setzt zusammen mit der Polizei die Wehrpflicht durch (VIDEO) - just-now.NEWS Deutschland\",\"isPartOf\":{\"@id\":\"https:\/\/now-news.de\/de\/#website\"},\"primaryImageOfPage\":{\"@id\":\"https:\/\/now-news.de\/de\/deutschland\/kiew-beruechtigter-bandenchef-setzt-zusammen-mit-der-polizei-die-wehrpflicht-durch-video\/#primaryimage\"},\"image\":{\"@id\":\"https:\/\/now-news.de\/de\/deutschland\/kiew-beruechtigter-bandenchef-setzt-zusammen-mit-der-polizei-die-wehrpflicht-durch-video\/#primaryimage\"},\"thumbnailUrl\":\"https:\/\/now-news.de\/de\/wp-content\/uploads\/sites\/3\/2025\/10\/Kiew-Beruechtigter-Bandenchef-setzt-zusammen-mit-der-Polizei-die-Wehrpflicht.png\",\"datePublished\":\"2025-10-27T18:49:19+00:00\",\"dateModified\":\"2025-10-27T18:49:19+00:00\",\"breadcrumb\":{\"@id\":\"https:\/\/now-news.de\/de\/deutschland\/kiew-beruechtigter-bandenchef-setzt-zusammen-mit-der-polizei-die-wehrpflicht-durch-video\/#breadcrumb\"},\"inLanguage\":\"de\",\"potentialAction\":[{\"@type\":\"ReadAction\",\"target\":[\"https:\/\/now-news.de\/de\/deutschland\/kiew-beruechtigter-bandenchef-setzt-zusammen-mit-der-polizei-die-wehrpflicht-durch-video\/\"]}]},{\"@type\":\"ImageObject\",\"inLanguage\":\"de\",\"@id\":\"https:\/\/now-news.de\/de\/deutschland\/kiew-beruechtigter-bandenchef-setzt-zusammen-mit-der-polizei-die-wehrpflicht-durch-video\/#primaryimage\",\"url\":\"https:\/\/now-news.de\/de\/wp-content\/uploads\/sites\/3\/2025\/10\/Kiew-Beruechtigter-Bandenchef-setzt-zusammen-mit-der-Polizei-die-Wehrpflicht.png\",\"contentUrl\":\"https:\/\/now-news.de\/de\/wp-content\/uploads\/sites\/3\/2025\/10\/Kiew-Beruechtigter-Bandenchef-setzt-zusammen-mit-der-Polizei-die-Wehrpflicht.png\",\"width\":460,\"height\":259,\"caption\":\"Kiew: Ber\u00fcchtigter Bandenchef setzt zusammen mit der Polizei die Wehrpflicht durch (VIDEO)\"},{\"@type\":\"BreadcrumbList\",\"@id\":\"https:\/\/now-news.de\/de\/deutschland\/kiew-beruechtigter-bandenchef-setzt-zusammen-mit-der-polizei-die-wehrpflicht-durch-video\/#breadcrumb\",\"itemListElement\":[{\"@type\":\"ListItem\",\"position\":1,\"name\":\"Home\",\"item\":\"https:\/\/now-news.de\/de\/\"},{\"@type\":\"ListItem\",\"position\":2,\"name\":\"Kiew: Ber\u00fcchtigter Bandenchef setzt zusammen mit der Polizei die Wehrpflicht durch (VIDEO)\"}]},{\"@type\":\"WebSite\",\"@id\":\"https:\/\/now-news.de\/de\/#website\",\"url\":\"https:\/\/now-news.de\/de\/\",\"name\":\"just-now.NEWS Deutschland\",\"description\":\"Das Portal f\u00fcr unzensierte Nachrichten aus der Welt\",\"publisher\":{\"@id\":\"https:\/\/now-news.de\/de\/#organization\"},\"potentialAction\":[{\"@type\":\"SearchAction\",\"target\":{\"@type\":\"EntryPoint\",\"urlTemplate\":\"https:\/\/now-news.de\/de\/?s={search_term_string}\"},\"query-input\":\"required name=search_term_string\"}],\"inLanguage\":\"de\"},{\"@type\":\"Organization\",\"@id\":\"https:\/\/now-news.de\/de\/#organization\",\"name\":\"Just Now News\",\"url\":\"https:\/\/now-news.de\/de\/\",\"logo\":{\"@type\":\"ImageObject\",\"inLanguage\":\"de\",\"@id\":\"https:\/\/now-news.de\/de\/#\/schema\/logo\/image\/\",\"url\":\"http:\/\/just-now.news\/de\/wp-content\/uploads\/sites\/3\/2022\/04\/logo500x500.jpg\",\"contentUrl\":\"http:\/\/just-now.news\/de\/wp-content\/uploads\/sites\/3\/2022\/04\/logo500x500.jpg\",\"width\":500,\"height\":500,\"caption\":\"Just Now News\"},\"image\":{\"@id\":\"https:\/\/now-news.de\/de\/#\/schema\/logo\/image\/\"},\"sameAs\":[\"https:\/\/www.facebook.com\/wirmachenauf\",\"https:\/\/x.com\/WirMachenAuf_de\"]},{\"@type\":\"Person\",\"@id\":\"https:\/\/now-news.de\/de\/#\/schema\/person\/fb534a4e865501d8b3285208df34a9b5\",\"name\":\"rtnews\",\"image\":{\"@type\":\"ImageObject\",\"inLanguage\":\"de\",\"@id\":\"https:\/\/now-news.de\/de\/#\/schema\/person\/image\/\",\"url\":\"https:\/\/secure.gravatar.com\/avatar\/82aafea7d8127119dd649515f56e2117?s=96&d=mm&r=g\",\"contentUrl\":\"https:\/\/secure.gravatar.com\/avatar\/82aafea7d8127119dd649515f56e2117?s=96&d=mm&r=g\",\"caption\":\"rtnews\"},\"url\":\"https:\/\/now-news.de\/de\/author\/rnews\/\"}]}<\/script>\n<!-- \/ Yoast SEO Premium plugin. -->","yoast_head_json":{"title":"Kiew: Ber\u00fcchtigter Bandenchef setzt zusammen mit der Polizei die Wehrpflicht durch (VIDEO) - just-now.NEWS Deutschland","robots":{"index":"index","follow":"follow","max-snippet":"max-snippet:-1","max-image-preview":"max-image-preview:large","max-video-preview":"max-video-preview:-1"},"canonical":"https:\/\/now-news.de\/de\/deutschland\/kiew-beruechtigter-bandenchef-setzt-zusammen-mit-der-polizei-die-wehrpflicht-durch-video\/","og_locale":"de_DE","og_type":"article","og_title":"Kiew: Ber\u00fcchtigter Bandenchef setzt zusammen mit der Polizei die Wehrpflicht durch (VIDEO)","og_description":"Magomed Aydamirow sa\u00df im Gef\u00e4ngnis, weil er in Odessa eine kriminelle Vereinigung angef\u00fchrt haben soll, die an Entf\u00fchrungen und Erpressungen beteiligt war. Nun macht er laut ukrainischen Medienberichten gemeinsam mit der Polizei in Kiew Jagd auf M\u00e4nner, um sie f\u00fcr das Milit\u00e4r zu rekrutieren. Ein mutma\u00dflicher Bandenchef soll laut mehreren Nachrichtenagenturen, darunter UNIAN, ukrainische Milit\u00e4rrekrutierer [&hellip;]","og_url":"https:\/\/now-news.de\/de\/deutschland\/kiew-beruechtigter-bandenchef-setzt-zusammen-mit-der-polizei-die-wehrpflicht-durch-video\/","og_site_name":"just-now.NEWS Deutschland","article_publisher":"https:\/\/www.facebook.com\/wirmachenauf","article_published_time":"2025-10-27T18:49:19+00:00","og_image":[{"url":"https:\/\/now-news.de\/de\/wp-content\/uploads\/sites\/3\/2025\/10\/68ff88e9b480cc6f4213bd62.png"}],"author":"rtnews","twitter_card":"summary_large_image","twitter_creator":"@WirMachenAuf_de","twitter_site":"@WirMachenAuf_de","twitter_misc":{"Verfasst von":"rtnews","Gesch\u00e4tzte Lesezeit":"1\u00a0Minute"},"schema":{"@context":"https:\/\/schema.org","@graph":[{"@type":"Article","@id":"https:\/\/now-news.de\/de\/deutschland\/kiew-beruechtigter-bandenchef-setzt-zusammen-mit-der-polizei-die-wehrpflicht-durch-video\/#article","isPartOf":{"@id":"https:\/\/now-news.de\/de\/deutschland\/kiew-beruechtigter-bandenchef-setzt-zusammen-mit-der-polizei-die-wehrpflicht-durch-video\/"},"author":{"name":"rtnews","@id":"https:\/\/now-news.de\/de\/#\/schema\/person\/fb534a4e865501d8b3285208df34a9b5"},"headline":"Kiew: Ber\u00fcchtigter Bandenchef setzt zusammen mit der Polizei die Wehrpflicht durch (VIDEO)","datePublished":"2025-10-27T18:49:19+00:00","dateModified":"2025-10-27T18:49:19+00:00","mainEntityOfPage":{"@id":"https:\/\/now-news.de\/de\/deutschland\/kiew-beruechtigter-bandenchef-setzt-zusammen-mit-der-polizei-die-wehrpflicht-durch-video\/"},"wordCount":295,"commentCount":0,"publisher":{"@id":"https:\/\/now-news.de\/de\/#organization"},"image":{"@id":"https:\/\/now-news.de\/de\/deutschland\/kiew-beruechtigter-bandenchef-setzt-zusammen-mit-der-polizei-die-wehrpflicht-durch-video\/#primaryimage"},"thumbnailUrl":"https:\/\/now-news.de\/de\/wp-content\/uploads\/sites\/3\/2025\/10\/Kiew-Beruechtigter-Bandenchef-setzt-zusammen-mit-der-Polizei-die-Wehrpflicht.png","keywords":["Bandenchef","Ber\u00fcchtigter","der","die","durch","Kiew","mit","Polizei","setzt","Video","Wehrpflicht","zusammen"],"articleSection":["Deutschland","Russland"],"inLanguage":"de","potentialAction":[{"@type":"CommentAction","name":"Comment","target":["https:\/\/now-news.de\/de\/deutschland\/kiew-beruechtigter-bandenchef-setzt-zusammen-mit-der-polizei-die-wehrpflicht-durch-video\/#respond"]}]},{"@type":"WebPage","@id":"https:\/\/now-news.de\/de\/deutschland\/kiew-beruechtigter-bandenchef-setzt-zusammen-mit-der-polizei-die-wehrpflicht-durch-video\/","url":"https:\/\/now-news.de\/de\/deutschland\/kiew-beruechtigter-bandenchef-setzt-zusammen-mit-der-polizei-die-wehrpflicht-durch-video\/","name":"Kiew: Ber\u00fcchtigter Bandenchef setzt zusammen mit der Polizei die Wehrpflicht durch (VIDEO) - just-now.NEWS Deutschland","isPartOf":{"@id":"https:\/\/now-news.de\/de\/#website"},"primaryImageOfPage":{"@id":"https:\/\/now-news.de\/de\/deutschland\/kiew-beruechtigter-bandenchef-setzt-zusammen-mit-der-polizei-die-wehrpflicht-durch-video\/#primaryimage"},"image":{"@id":"https:\/\/now-news.de\/de\/deutschland\/kiew-beruechtigter-bandenchef-setzt-zusammen-mit-der-polizei-die-wehrpflicht-durch-video\/#primaryimage"},"thumbnailUrl":"https:\/\/now-news.de\/de\/wp-content\/uploads\/sites\/3\/2025\/10\/Kiew-Beruechtigter-Bandenchef-setzt-zusammen-mit-der-Polizei-die-Wehrpflicht.png","datePublished":"2025-10-27T18:49:19+00:00","dateModified":"2025-10-27T18:49:19+00:00","breadcrumb":{"@id":"https:\/\/now-news.de\/de\/deutschland\/kiew-beruechtigter-bandenchef-setzt-zusammen-mit-der-polizei-die-wehrpflicht-durch-video\/#breadcrumb"},"inLanguage":"de","potentialAction":[{"@type":"ReadAction","target":["https:\/\/now-news.de\/de\/deutschland\/kiew-beruechtigter-bandenchef-setzt-zusammen-mit-der-polizei-die-wehrpflicht-durch-video\/"]}]},{"@type":"ImageObject","inLanguage":"de","@id":"https:\/\/now-news.de\/de\/deutschland\/kiew-beruechtigter-bandenchef-setzt-zusammen-mit-der-polizei-die-wehrpflicht-durch-video\/#primaryimage","url":"https:\/\/now-news.de\/de\/wp-content\/uploads\/sites\/3\/2025\/10\/Kiew-Beruechtigter-Bandenchef-setzt-zusammen-mit-der-Polizei-die-Wehrpflicht.png","contentUrl":"https:\/\/now-news.de\/de\/wp-content\/uploads\/sites\/3\/2025\/10\/Kiew-Beruechtigter-Bandenchef-setzt-zusammen-mit-der-Polizei-die-Wehrpflicht.png","width":460,"height":259,"caption":"Kiew: Ber\u00fcchtigter Bandenchef setzt zusammen mit der Polizei die Wehrpflicht durch (VIDEO)"},{"@type":"BreadcrumbList","@id":"https:\/\/now-news.de\/de\/deutschland\/kiew-beruechtigter-bandenchef-setzt-zusammen-mit-der-polizei-die-wehrpflicht-durch-video\/#breadcrumb","itemListElement":[{"@type":"ListItem","position":1,"name":"Home","item":"https:\/\/now-news.de\/de\/"},{"@type":"ListItem","position":2,"name":"Kiew: Ber\u00fcchtigter Bandenchef setzt zusammen mit der Polizei die Wehrpflicht durch (VIDEO)"}]},{"@type":"WebSite","@id":"https:\/\/now-news.de\/de\/#website","url":"https:\/\/now-news.de\/de\/","name":"just-now.NEWS Deutschland","description":"Das Portal f\u00fcr unzensierte Nachrichten aus der Welt","publisher":{"@id":"https:\/\/now-news.de\/de\/#organization"},"potentialAction":[{"@type":"SearchAction","target":{"@type":"EntryPoint","urlTemplate":"https:\/\/now-news.de\/de\/?s={search_term_string}"},"query-input":"required name=search_term_string"}],"inLanguage":"de"},{"@type":"Organization","@id":"https:\/\/now-news.de\/de\/#organization","name":"Just Now News","url":"https:\/\/now-news.de\/de\/","logo":{"@type":"ImageObject","inLanguage":"de","@id":"https:\/\/now-news.de\/de\/#\/schema\/logo\/image\/","url":"http:\/\/just-now.news\/de\/wp-content\/uploads\/sites\/3\/2022\/04\/logo500x500.jpg","contentUrl":"http:\/\/just-now.news\/de\/wp-content\/uploads\/sites\/3\/2022\/04\/logo500x500.jpg","width":500,"height":500,"caption":"Just Now News"},"image":{"@id":"https:\/\/now-news.de\/de\/#\/schema\/logo\/image\/"},"sameAs":["https:\/\/www.facebook.com\/wirmachenauf","https:\/\/x.com\/WirMachenAuf_de"]},{"@type":"Person","@id":"https:\/\/now-news.de\/de\/#\/schema\/person\/fb534a4e865501d8b3285208df34a9b5","name":"rtnews","image":{"@type":"ImageObject","inLanguage":"de","@id":"https:\/\/now-news.de\/de\/#\/schema\/person\/image\/","url":"https:\/\/secure.gravatar.com\/avatar\/82aafea7d8127119dd649515f56e2117?s=96&d=mm&r=g","contentUrl":"https:\/\/secure.gravatar.com\/avatar\/82aafea7d8127119dd649515f56e2117?s=96&d=mm&r=g","caption":"rtnews"},"url":"https:\/\/now-news.de\/de\/author\/rnews\/"}]}},"_links":{"self":[{"href":"https:\/\/now-news.de\/de\/wp-json\/wp\/v2\/posts\/92928"}],"collection":[{"href":"https:\/\/now-news.de\/de\/wp-json\/wp\/v2\/posts"}],"about":[{"href":"https:\/\/now-news.de\/de\/wp-json\/wp\/v2\/types\/post"}],"author":[{"embeddable":true,"href":"https:\/\/now-news.de\/de\/wp-json\/wp\/v2\/users\/3"}],"replies":[{"embeddable":true,"href":"https:\/\/now-news.de\/de\/wp-json\/wp\/v2\/comments?post=92928"}],"version-history":[{"count":0,"href":"https:\/\/now-news.de\/de\/wp-json\/wp\/v2\/posts\/92928\/revisions"}],"wp:featuredmedia":[{"embeddable":true,"href":"https:\/\/now-news.de\/de\/wp-json\/wp\/v2\/media\/92929"}],"wp:attachment":[{"href":"https:\/\/now-news.de\/de\/wp-json\/wp\/v2\/media?parent=92928"}],"wp:term":[{"taxonomy":"category","embeddable":true,"href":"https:\/\/now-news.de\/de\/wp-json\/wp\/v2\/categories?post=92928"},{"taxonomy":"post_tag","embeddable":true,"href":"https:\/\/now-news.de\/de\/wp-json\/wp\/v2\/tags?post=92928"}],"curies":[{"name":"wp","href":"https:\/\/api.w.org\/{rel}","templated":true}]}}