{"id":92877,"date":"2025-10-26T22:32:52","date_gmt":"2025-10-26T20:32:52","guid":{"rendered":"https:\/\/now-news.de\/de\/deutschland\/abbas-araghtschi-iran-ist-bereit-fuer-jede-kluge-loesung-mit-den-usa\/"},"modified":"2025-10-26T22:32:52","modified_gmt":"2025-10-26T20:32:52","slug":"abbas-araghtschi-iran-ist-bereit-fuer-jede-kluge-loesung-mit-den-usa","status":"publish","type":"post","link":"https:\/\/now-news.de\/de\/deutschland\/abbas-araghtschi-iran-ist-bereit-fuer-jede-kluge-loesung-mit-den-usa\/","title":{"rendered":"Abbas Araghtschi: Iran ist bereit f\u00fcr jede &quot;kluge L\u00f6sung&quot; mit den USA"},"content":{"rendered":"<p><img decoding=\"async\" src=\"https:\/\/now-news.de\/de\/wp-content\/uploads\/sites\/3\/2025\/10\/68fe409848fbef5179135407.jpg\" \/><\/p>\n<div class=\"Text-root Text-type_1 \">\n                Der iranische Au\u00dfenminister erkl\u00e4rte, Iran sei bereit f\u00fcr diplomatische Gespr\u00e4che mit den USA. Bedingung sei, dass &#8220;die Amerikaner bereit sind, ernsthaft und aufrichtig \u00fcber ein f\u00fcr beide Seiten vorteilhaftes Abkommen zu verhandeln, das nicht einseitig ist und auf gegenseitigem Respekt und Gleichberechtigung basiert&#8221;.\n            <\/div>\n<p><\/p>\n<div class=\"Text-root Text-type_5 ArticleView-text ViewText-root \">\n<p>Im Interview erkl\u00e4rte der iranische Au\u00dfenminister Abbas Araghtschi, Teheran sei bereit, diplomatische Gespr\u00e4che mit den Vereinigten Staaten aufzunehmen, um auf der Grundlage von Gleichberechtigung und gegenseitigem Respekt eine &#8220;kluge L\u00f6sung&#8221; f\u00fcr die Atomfrage zu finden. \u00dcber das Interview <a rel=\"nofollow noopener\" target=\"_blank\" href=\"https:\/\/www.presstv.ir\/Detail\/2025\/10\/25\/757570\/Iran-diplomacy-US-equal-footing-respect\">berichtete<\/a> der staatliche iranische Fernsehsender <em>Press TV<\/em>.\u00a0<\/p>\n<p>&#8220;Iran hat wiederholt erkl\u00e4rt, dass er die Diplomatie nie aufgegeben hat und nie ablehnen wird&#8221;, so Araghtschi in dem am Samstag ver\u00f6ffentlichten Gespr\u00e4ch. Demnach sei Iran bereit f\u00fcr diplomatische Gespr\u00e4che mit den USA, &#8220;wenn die Amerikaner bereit sind, ernsthaft und aufrichtig \u00fcber ein f\u00fcr beide Seiten vorteilhaftes Abkommen zu verhandeln, das nicht einseitig ist und auf gegenseitigem Respekt und Gleichberechtigung basiert&#8221;.\u00a0<\/p>\n<p>Der iranische Au\u00dfenminister betonte: &#8220;Wir werden keine Kompromisse hinsichtlich der Rechte des iranischen Volkes eingehen und keine Dominanz und Schikanierung des iranischen Volkes tolerieren; wir sind jedoch bereit f\u00fcr jede kluge L\u00f6sung.&#8221; Ihm zufolge ben\u00f6tige Iran keine Atomwaffen. Die iranische &#8220;Atombombe&#8221; bestehe seit der Iranischen Revolution im Jahr 1979 in der &#8220;F\u00e4higkeit, Nein zu den M\u00e4chten zu sagen&#8221;.<\/p>\n<p><strong>Israel greift\u00a0das Land mitten in Irans Verhandlungen mit den USA an<\/strong><\/p>\n<p>Teheran habe mit Washington Gespr\u00e4che \u00fcber sein Atomenergieprogramm gef\u00fchrt, um Vertrauen aufzubauen und zu versichern, dass es keine Abweichungen davon gegeben habe. Dennoch sei Iran im Juni dieses Jahres angegriffen worden. Bis zu dem Zeitpunkt h\u00e4tten die USA und Iran f\u00fcnf Verhandlungsrunden abgehalten und die sechste Runde sei f\u00fcr den 15. Juni geplant gewesen. Doch zwei N\u00e4chte zuvor habe das israelische Regime pl\u00f6tzlich seinen Angriffskrieg begonnen.<\/p>\n<p>Der Widerstand Irans w\u00e4hrend des Zw\u00f6lf-Tage-Kriegs stelle einen &#8220;Wendepunkt&#8221; in der Geschichte dar, sagte Araghtschi. Dazu f\u00fchrte er aus:\u00a0&#8220;F\u00fcr uns war es ein wichtiger Grundsatz, dass dieser Krieg keinen Pr\u00e4zedenzfall f\u00fcr den Umgang mit Iran darstellen sollte. Die ganze Welt muss verstehen, dass die Iraner angesichts von Unterdr\u00fcckung, Druck und Krieg nicht schweigen, sondern Widerstand leisten.&#8221; Iran werde seine Bereitschaft zum Widerstand aufrechterhalten. Araghtschi f\u00fcgte hinzu, dass dies &#8220;nicht bedeutet, dass ein neuer Krieg wahrscheinlich ist.&#8221;<\/p>\n<p>&#8220;Die Bereitschaft ist der wichtigste Faktor, um Krieg zu verhindern. Ich bin zuversichtlich, dass sich diese Erfahrung nicht wiederholen wird, und wenn sie einen Fehler machen, werden sie mit einer \u00e4hnlichen Reaktion konfrontiert werden&#8221;, sagte der iranische Au\u00dfenminister.<\/p>\n<p>An anderer Stelle im Interview bekr\u00e4ftigte Araghtschi das &#8220;vollkommen friedliche und legale&#8221; Atomprogramm Irans und erkl\u00e4rte, Teheran habe nicht die Absicht, Bomben oder Atomwaffen zu bauen: &#8220;Wir wollen die Anreicherung, weil es unser Recht ist, w\u00e4hrend andere sagen, wir sollten sie nicht haben. Unsere Sicherheitsdoktrin sieht aus verschiedenen Gr\u00fcnden \u00fcberhaupt keine Atomwaffen vor.&#8221;<\/p>\n<p>Der Au\u00dfenminister kritisierte die USA daf\u00fcr, dass sie Vorbedingungen f\u00fcr Gespr\u00e4che mit Iran gestellt h\u00e4tten, und sagte: &#8220;Diese Methode ist ein Diktat, das wir niemals akzeptieren werden. Das ist das Charakteristische der iranischen Nation, die stets f\u00fcr ihre Unabh\u00e4ngigkeit und W\u00fcrde eingetreten ist.&#8221; Iran werde nicht zulassen, dass seine W\u00fcrde und Unabh\u00e4ngigkeit beeintr\u00e4chtigt werden. &#8220;Wenn die USA ihre hegemoniale Haltung gegen\u00fcber Iran aufgeben, k\u00f6nnen wir miteinander interagieren [&#8230;] Die iranische Nation reagiert nicht auf die Sprache der Einsch\u00fcchterung, des Drucks und der Sanktionen, sondern auf die Sprache des Respekts.&#8221;<\/p>\n<p>Obwohl Iran keine positiven Erfahrungen mit den USA gemacht habe und ihnen nicht vertraue, k\u00f6nne man dennoch einen vorsichtigen Umgang miteinander finden.\u00a0<\/p>\n<p><strong>Mehr zum Thema<\/strong>\u00a0\u2012 <a rel=\"nofollow noopener\" target=\"_blank\" href=\"https:\/\/dert.online\/kurzclips\/video\/258744-rt-im-gespraech-iranischer-parlamentarier\/\">RT im Gespr\u00e4ch: Iranischer Parlamentarier \u00fcber die aktuellen Beziehungen zu den USA<\/a><\/p>\n<div class=\"EmbedBlock-root EmbedBlock-externalVideo EmbedBlock-rumble\">\n<div class=\"VkEmbed\"><iframe class=\"lazyload\" data-src=\"https:\/\/rumble.com\/embed\/v6yg802\" frameborder=\"0\" width=\"853\" height=\"480\" allowfullscreen><\/iframe><\/div>\n<\/div>\n<\/div>\n<p><br \/>\n<br \/><a href=\"https:\/\/de.rt.com\/der-nahe-osten\/260000-abbas-araghchi-iran-ist-bereit\/\">Source link <\/a><\/p>\n","protected":false},"excerpt":{"rendered":"<p>Der iranische Au\u00dfenminister erkl\u00e4rte, Iran sei bereit f\u00fcr diplomatische Gespr\u00e4che mit den USA. Bedingung sei, dass &#8220;die Amerikaner bereit sind, ernsthaft und aufrichtig \u00fcber ein f\u00fcr beide Seiten vorteilhaftes Abkommen zu verhandeln, das nicht einseitig ist und auf gegenseitigem Respekt und Gleichberechtigung basiert&#8221;. Im Interview erkl\u00e4rte der iranische Au\u00dfenminister Abbas Araghtschi, Teheran sei bereit, diplomatische [&hellip;]<\/p>\n","protected":false},"author":3,"featured_media":92878,"comment_status":"open","ping_status":"open","sticky":false,"template":"","format":"standard","meta":{"_yoast_indexnow_last_ping":["1761511046"],"wp_automatic_camp":["217"],"6f5e4145880b2a8161c5d0be608fde53":["Abbas Araghtschi: Iran ist bereit f\u00fcr jede &quot;kluge L\u00f6sung&quot; mit den USA"],"original_link":["https:\/\/de.rt.com\/der-nahe-osten\/260000-abbas-araghchi-iran-ist-bereit\/"],"_thumbnail_id":["92878"],"jnews_social_counter_last_update":["1777568718"],"_wptgpro_p2tg_sent2tg":["a:1:{i:23737;s:19:\"2025-10-26 22:38:28\";}"]},"categories":[19,23],"tags":[7488,61589,964,48,221,1786,414,20124,30135,419,68052,193],"yoast_head":"<!-- This site is optimized with the Yoast SEO Premium plugin v22.7 (Yoast SEO v22.7) - https:\/\/yoast.com\/wordpress\/plugins\/seo\/ -->\n<title>Abbas Araghtschi: Iran ist bereit f\u00fcr jede &quot;kluge L\u00f6sung&quot; mit den USA - just-now.NEWS Deutschland<\/title>\n<meta name=\"robots\" content=\"index, follow, max-snippet:-1, max-image-preview:large, max-video-preview:-1\" \/>\n<link rel=\"canonical\" href=\"https:\/\/now-news.de\/de\/deutschland\/abbas-araghtschi-iran-ist-bereit-fuer-jede-kluge-loesung-mit-den-usa\/\" \/>\n<meta property=\"og:locale\" content=\"de_DE\" \/>\n<meta property=\"og:type\" content=\"article\" \/>\n<meta property=\"og:title\" content=\"Abbas Araghtschi: Iran ist bereit f\u00fcr jede &quot;kluge L\u00f6sung&quot; mit den USA\" \/>\n<meta property=\"og:description\" content=\"Der iranische Au\u00dfenminister erkl\u00e4rte, Iran sei bereit f\u00fcr diplomatische Gespr\u00e4che mit den USA. Bedingung sei, dass &#8220;die Amerikaner bereit sind, ernsthaft und aufrichtig \u00fcber ein f\u00fcr beide Seiten vorteilhaftes Abkommen zu verhandeln, das nicht einseitig ist und auf gegenseitigem Respekt und Gleichberechtigung basiert&#8221;. Im Interview erkl\u00e4rte der iranische Au\u00dfenminister Abbas Araghtschi, Teheran sei bereit, diplomatische [&hellip;]\" \/>\n<meta property=\"og:url\" content=\"https:\/\/now-news.de\/de\/deutschland\/abbas-araghtschi-iran-ist-bereit-fuer-jede-kluge-loesung-mit-den-usa\/\" \/>\n<meta property=\"og:site_name\" content=\"just-now.NEWS Deutschland\" \/>\n<meta property=\"article:publisher\" content=\"https:\/\/www.facebook.com\/wirmachenauf\" \/>\n<meta property=\"article:published_time\" content=\"2025-10-26T20:32:52+00:00\" \/>\n<meta property=\"og:image\" content=\"https:\/\/now-news.de\/de\/wp-content\/uploads\/sites\/3\/2025\/10\/68fe409848fbef5179135407.jpg\" \/>\n<meta name=\"author\" content=\"rtnews\" \/>\n<meta name=\"twitter:card\" content=\"summary_large_image\" \/>\n<meta name=\"twitter:creator\" content=\"@WirMachenAuf_de\" \/>\n<meta name=\"twitter:site\" content=\"@WirMachenAuf_de\" \/>\n<meta name=\"twitter:label1\" content=\"Verfasst von\" \/>\n\t<meta name=\"twitter:data1\" content=\"rtnews\" \/>\n\t<meta name=\"twitter:label2\" content=\"Gesch\u00e4tzte Lesezeit\" \/>\n\t<meta name=\"twitter:data2\" content=\"3\u00a0Minuten\" \/>\n<script type=\"application\/ld+json\" class=\"yoast-schema-graph\">{\"@context\":\"https:\/\/schema.org\",\"@graph\":[{\"@type\":\"Article\",\"@id\":\"https:\/\/now-news.de\/de\/deutschland\/abbas-araghtschi-iran-ist-bereit-fuer-jede-kluge-loesung-mit-den-usa\/#article\",\"isPartOf\":{\"@id\":\"https:\/\/now-news.de\/de\/deutschland\/abbas-araghtschi-iran-ist-bereit-fuer-jede-kluge-loesung-mit-den-usa\/\"},\"author\":{\"name\":\"rtnews\",\"@id\":\"https:\/\/now-news.de\/de\/#\/schema\/person\/fb534a4e865501d8b3285208df34a9b5\"},\"headline\":\"Abbas Araghtschi: Iran ist bereit f\u00fcr jede &quot;kluge L\u00f6sung&quot; mit den USA\",\"datePublished\":\"2025-10-26T20:32:52+00:00\",\"dateModified\":\"2025-10-26T20:32:52+00:00\",\"mainEntityOfPage\":{\"@id\":\"https:\/\/now-news.de\/de\/deutschland\/abbas-araghtschi-iran-ist-bereit-fuer-jede-kluge-loesung-mit-den-usa\/\"},\"wordCount\":653,\"commentCount\":0,\"publisher\":{\"@id\":\"https:\/\/now-news.de\/de\/#organization\"},\"image\":{\"@id\":\"https:\/\/now-news.de\/de\/deutschland\/abbas-araghtschi-iran-ist-bereit-fuer-jede-kluge-loesung-mit-den-usa\/#primaryimage\"},\"thumbnailUrl\":\"https:\/\/now-news.de\/de\/wp-content\/uploads\/sites\/3\/2025\/10\/Abbas-Araghtschi-Iran-ist-bereit-fuer-jede-quotkluge-Loesungquot-mit.jpg\",\"keywords\":[\"Abbas\",\"Araghtschi\",\"bereit\",\"den\",\"f\u00fcr\",\"Iran\",\"ist\",\"jede\",\"L\u00f6sungquot\",\"mit\",\"quotkluge\",\"USA\"],\"articleSection\":[\"Deutschland\",\"Russland\"],\"inLanguage\":\"de\",\"potentialAction\":[{\"@type\":\"CommentAction\",\"name\":\"Comment\",\"target\":[\"https:\/\/now-news.de\/de\/deutschland\/abbas-araghtschi-iran-ist-bereit-fuer-jede-kluge-loesung-mit-den-usa\/#respond\"]}]},{\"@type\":\"WebPage\",\"@id\":\"https:\/\/now-news.de\/de\/deutschland\/abbas-araghtschi-iran-ist-bereit-fuer-jede-kluge-loesung-mit-den-usa\/\",\"url\":\"https:\/\/now-news.de\/de\/deutschland\/abbas-araghtschi-iran-ist-bereit-fuer-jede-kluge-loesung-mit-den-usa\/\",\"name\":\"Abbas Araghtschi: Iran ist bereit f\u00fcr jede &quot;kluge L\u00f6sung&quot; mit den USA - just-now.NEWS Deutschland\",\"isPartOf\":{\"@id\":\"https:\/\/now-news.de\/de\/#website\"},\"primaryImageOfPage\":{\"@id\":\"https:\/\/now-news.de\/de\/deutschland\/abbas-araghtschi-iran-ist-bereit-fuer-jede-kluge-loesung-mit-den-usa\/#primaryimage\"},\"image\":{\"@id\":\"https:\/\/now-news.de\/de\/deutschland\/abbas-araghtschi-iran-ist-bereit-fuer-jede-kluge-loesung-mit-den-usa\/#primaryimage\"},\"thumbnailUrl\":\"https:\/\/now-news.de\/de\/wp-content\/uploads\/sites\/3\/2025\/10\/Abbas-Araghtschi-Iran-ist-bereit-fuer-jede-quotkluge-Loesungquot-mit.jpg\",\"datePublished\":\"2025-10-26T20:32:52+00:00\",\"dateModified\":\"2025-10-26T20:32:52+00:00\",\"breadcrumb\":{\"@id\":\"https:\/\/now-news.de\/de\/deutschland\/abbas-araghtschi-iran-ist-bereit-fuer-jede-kluge-loesung-mit-den-usa\/#breadcrumb\"},\"inLanguage\":\"de\",\"potentialAction\":[{\"@type\":\"ReadAction\",\"target\":[\"https:\/\/now-news.de\/de\/deutschland\/abbas-araghtschi-iran-ist-bereit-fuer-jede-kluge-loesung-mit-den-usa\/\"]}]},{\"@type\":\"ImageObject\",\"inLanguage\":\"de\",\"@id\":\"https:\/\/now-news.de\/de\/deutschland\/abbas-araghtschi-iran-ist-bereit-fuer-jede-kluge-loesung-mit-den-usa\/#primaryimage\",\"url\":\"https:\/\/now-news.de\/de\/wp-content\/uploads\/sites\/3\/2025\/10\/Abbas-Araghtschi-Iran-ist-bereit-fuer-jede-quotkluge-Loesungquot-mit.jpg\",\"contentUrl\":\"https:\/\/now-news.de\/de\/wp-content\/uploads\/sites\/3\/2025\/10\/Abbas-Araghtschi-Iran-ist-bereit-fuer-jede-quotkluge-Loesungquot-mit.jpg\",\"width\":460,\"height\":259,\"caption\":\"Abbas Araghtschi: Iran ist bereit f\u00fcr jede &quot;kluge L\u00f6sung&quot; mit den USA\"},{\"@type\":\"BreadcrumbList\",\"@id\":\"https:\/\/now-news.de\/de\/deutschland\/abbas-araghtschi-iran-ist-bereit-fuer-jede-kluge-loesung-mit-den-usa\/#breadcrumb\",\"itemListElement\":[{\"@type\":\"ListItem\",\"position\":1,\"name\":\"Home\",\"item\":\"https:\/\/now-news.de\/de\/\"},{\"@type\":\"ListItem\",\"position\":2,\"name\":\"Abbas Araghtschi: Iran ist bereit f\u00fcr jede &quot;kluge L\u00f6sung&quot; mit den USA\"}]},{\"@type\":\"WebSite\",\"@id\":\"https:\/\/now-news.de\/de\/#website\",\"url\":\"https:\/\/now-news.de\/de\/\",\"name\":\"just-now.NEWS Deutschland\",\"description\":\"Das Portal f\u00fcr unzensierte Nachrichten aus der Welt\",\"publisher\":{\"@id\":\"https:\/\/now-news.de\/de\/#organization\"},\"potentialAction\":[{\"@type\":\"SearchAction\",\"target\":{\"@type\":\"EntryPoint\",\"urlTemplate\":\"https:\/\/now-news.de\/de\/?s={search_term_string}\"},\"query-input\":\"required name=search_term_string\"}],\"inLanguage\":\"de\"},{\"@type\":\"Organization\",\"@id\":\"https:\/\/now-news.de\/de\/#organization\",\"name\":\"Just Now News\",\"url\":\"https:\/\/now-news.de\/de\/\",\"logo\":{\"@type\":\"ImageObject\",\"inLanguage\":\"de\",\"@id\":\"https:\/\/now-news.de\/de\/#\/schema\/logo\/image\/\",\"url\":\"http:\/\/just-now.news\/de\/wp-content\/uploads\/sites\/3\/2022\/04\/logo500x500.jpg\",\"contentUrl\":\"http:\/\/just-now.news\/de\/wp-content\/uploads\/sites\/3\/2022\/04\/logo500x500.jpg\",\"width\":500,\"height\":500,\"caption\":\"Just Now News\"},\"image\":{\"@id\":\"https:\/\/now-news.de\/de\/#\/schema\/logo\/image\/\"},\"sameAs\":[\"https:\/\/www.facebook.com\/wirmachenauf\",\"https:\/\/x.com\/WirMachenAuf_de\"]},{\"@type\":\"Person\",\"@id\":\"https:\/\/now-news.de\/de\/#\/schema\/person\/fb534a4e865501d8b3285208df34a9b5\",\"name\":\"rtnews\",\"image\":{\"@type\":\"ImageObject\",\"inLanguage\":\"de\",\"@id\":\"https:\/\/now-news.de\/de\/#\/schema\/person\/image\/\",\"url\":\"https:\/\/secure.gravatar.com\/avatar\/82aafea7d8127119dd649515f56e2117?s=96&d=mm&r=g\",\"contentUrl\":\"https:\/\/secure.gravatar.com\/avatar\/82aafea7d8127119dd649515f56e2117?s=96&d=mm&r=g\",\"caption\":\"rtnews\"},\"url\":\"https:\/\/now-news.de\/de\/author\/rnews\/\"}]}<\/script>\n<!-- \/ Yoast SEO Premium plugin. -->","yoast_head_json":{"title":"Abbas Araghtschi: Iran ist bereit f\u00fcr jede &quot;kluge L\u00f6sung&quot; mit den USA - just-now.NEWS Deutschland","robots":{"index":"index","follow":"follow","max-snippet":"max-snippet:-1","max-image-preview":"max-image-preview:large","max-video-preview":"max-video-preview:-1"},"canonical":"https:\/\/now-news.de\/de\/deutschland\/abbas-araghtschi-iran-ist-bereit-fuer-jede-kluge-loesung-mit-den-usa\/","og_locale":"de_DE","og_type":"article","og_title":"Abbas Araghtschi: Iran ist bereit f\u00fcr jede &quot;kluge L\u00f6sung&quot; mit den USA","og_description":"Der iranische Au\u00dfenminister erkl\u00e4rte, Iran sei bereit f\u00fcr diplomatische Gespr\u00e4che mit den USA. Bedingung sei, dass &#8220;die Amerikaner bereit sind, ernsthaft und aufrichtig \u00fcber ein f\u00fcr beide Seiten vorteilhaftes Abkommen zu verhandeln, das nicht einseitig ist und auf gegenseitigem Respekt und Gleichberechtigung basiert&#8221;. Im Interview erkl\u00e4rte der iranische Au\u00dfenminister Abbas Araghtschi, Teheran sei bereit, diplomatische [&hellip;]","og_url":"https:\/\/now-news.de\/de\/deutschland\/abbas-araghtschi-iran-ist-bereit-fuer-jede-kluge-loesung-mit-den-usa\/","og_site_name":"just-now.NEWS Deutschland","article_publisher":"https:\/\/www.facebook.com\/wirmachenauf","article_published_time":"2025-10-26T20:32:52+00:00","og_image":[{"url":"https:\/\/now-news.de\/de\/wp-content\/uploads\/sites\/3\/2025\/10\/68fe409848fbef5179135407.jpg"}],"author":"rtnews","twitter_card":"summary_large_image","twitter_creator":"@WirMachenAuf_de","twitter_site":"@WirMachenAuf_de","twitter_misc":{"Verfasst von":"rtnews","Gesch\u00e4tzte Lesezeit":"3\u00a0Minuten"},"schema":{"@context":"https:\/\/schema.org","@graph":[{"@type":"Article","@id":"https:\/\/now-news.de\/de\/deutschland\/abbas-araghtschi-iran-ist-bereit-fuer-jede-kluge-loesung-mit-den-usa\/#article","isPartOf":{"@id":"https:\/\/now-news.de\/de\/deutschland\/abbas-araghtschi-iran-ist-bereit-fuer-jede-kluge-loesung-mit-den-usa\/"},"author":{"name":"rtnews","@id":"https:\/\/now-news.de\/de\/#\/schema\/person\/fb534a4e865501d8b3285208df34a9b5"},"headline":"Abbas Araghtschi: Iran ist bereit f\u00fcr jede &quot;kluge L\u00f6sung&quot; mit den USA","datePublished":"2025-10-26T20:32:52+00:00","dateModified":"2025-10-26T20:32:52+00:00","mainEntityOfPage":{"@id":"https:\/\/now-news.de\/de\/deutschland\/abbas-araghtschi-iran-ist-bereit-fuer-jede-kluge-loesung-mit-den-usa\/"},"wordCount":653,"commentCount":0,"publisher":{"@id":"https:\/\/now-news.de\/de\/#organization"},"image":{"@id":"https:\/\/now-news.de\/de\/deutschland\/abbas-araghtschi-iran-ist-bereit-fuer-jede-kluge-loesung-mit-den-usa\/#primaryimage"},"thumbnailUrl":"https:\/\/now-news.de\/de\/wp-content\/uploads\/sites\/3\/2025\/10\/Abbas-Araghtschi-Iran-ist-bereit-fuer-jede-quotkluge-Loesungquot-mit.jpg","keywords":["Abbas","Araghtschi","bereit","den","f\u00fcr","Iran","ist","jede","L\u00f6sungquot","mit","quotkluge","USA"],"articleSection":["Deutschland","Russland"],"inLanguage":"de","potentialAction":[{"@type":"CommentAction","name":"Comment","target":["https:\/\/now-news.de\/de\/deutschland\/abbas-araghtschi-iran-ist-bereit-fuer-jede-kluge-loesung-mit-den-usa\/#respond"]}]},{"@type":"WebPage","@id":"https:\/\/now-news.de\/de\/deutschland\/abbas-araghtschi-iran-ist-bereit-fuer-jede-kluge-loesung-mit-den-usa\/","url":"https:\/\/now-news.de\/de\/deutschland\/abbas-araghtschi-iran-ist-bereit-fuer-jede-kluge-loesung-mit-den-usa\/","name":"Abbas Araghtschi: Iran ist bereit f\u00fcr jede &quot;kluge L\u00f6sung&quot; mit den USA - just-now.NEWS Deutschland","isPartOf":{"@id":"https:\/\/now-news.de\/de\/#website"},"primaryImageOfPage":{"@id":"https:\/\/now-news.de\/de\/deutschland\/abbas-araghtschi-iran-ist-bereit-fuer-jede-kluge-loesung-mit-den-usa\/#primaryimage"},"image":{"@id":"https:\/\/now-news.de\/de\/deutschland\/abbas-araghtschi-iran-ist-bereit-fuer-jede-kluge-loesung-mit-den-usa\/#primaryimage"},"thumbnailUrl":"https:\/\/now-news.de\/de\/wp-content\/uploads\/sites\/3\/2025\/10\/Abbas-Araghtschi-Iran-ist-bereit-fuer-jede-quotkluge-Loesungquot-mit.jpg","datePublished":"2025-10-26T20:32:52+00:00","dateModified":"2025-10-26T20:32:52+00:00","breadcrumb":{"@id":"https:\/\/now-news.de\/de\/deutschland\/abbas-araghtschi-iran-ist-bereit-fuer-jede-kluge-loesung-mit-den-usa\/#breadcrumb"},"inLanguage":"de","potentialAction":[{"@type":"ReadAction","target":["https:\/\/now-news.de\/de\/deutschland\/abbas-araghtschi-iran-ist-bereit-fuer-jede-kluge-loesung-mit-den-usa\/"]}]},{"@type":"ImageObject","inLanguage":"de","@id":"https:\/\/now-news.de\/de\/deutschland\/abbas-araghtschi-iran-ist-bereit-fuer-jede-kluge-loesung-mit-den-usa\/#primaryimage","url":"https:\/\/now-news.de\/de\/wp-content\/uploads\/sites\/3\/2025\/10\/Abbas-Araghtschi-Iran-ist-bereit-fuer-jede-quotkluge-Loesungquot-mit.jpg","contentUrl":"https:\/\/now-news.de\/de\/wp-content\/uploads\/sites\/3\/2025\/10\/Abbas-Araghtschi-Iran-ist-bereit-fuer-jede-quotkluge-Loesungquot-mit.jpg","width":460,"height":259,"caption":"Abbas Araghtschi: Iran ist bereit f\u00fcr jede &quot;kluge L\u00f6sung&quot; mit den USA"},{"@type":"BreadcrumbList","@id":"https:\/\/now-news.de\/de\/deutschland\/abbas-araghtschi-iran-ist-bereit-fuer-jede-kluge-loesung-mit-den-usa\/#breadcrumb","itemListElement":[{"@type":"ListItem","position":1,"name":"Home","item":"https:\/\/now-news.de\/de\/"},{"@type":"ListItem","position":2,"name":"Abbas Araghtschi: Iran ist bereit f\u00fcr jede &quot;kluge L\u00f6sung&quot; mit den USA"}]},{"@type":"WebSite","@id":"https:\/\/now-news.de\/de\/#website","url":"https:\/\/now-news.de\/de\/","name":"just-now.NEWS Deutschland","description":"Das Portal f\u00fcr unzensierte Nachrichten aus der Welt","publisher":{"@id":"https:\/\/now-news.de\/de\/#organization"},"potentialAction":[{"@type":"SearchAction","target":{"@type":"EntryPoint","urlTemplate":"https:\/\/now-news.de\/de\/?s={search_term_string}"},"query-input":"required name=search_term_string"}],"inLanguage":"de"},{"@type":"Organization","@id":"https:\/\/now-news.de\/de\/#organization","name":"Just Now News","url":"https:\/\/now-news.de\/de\/","logo":{"@type":"ImageObject","inLanguage":"de","@id":"https:\/\/now-news.de\/de\/#\/schema\/logo\/image\/","url":"http:\/\/just-now.news\/de\/wp-content\/uploads\/sites\/3\/2022\/04\/logo500x500.jpg","contentUrl":"http:\/\/just-now.news\/de\/wp-content\/uploads\/sites\/3\/2022\/04\/logo500x500.jpg","width":500,"height":500,"caption":"Just Now News"},"image":{"@id":"https:\/\/now-news.de\/de\/#\/schema\/logo\/image\/"},"sameAs":["https:\/\/www.facebook.com\/wirmachenauf","https:\/\/x.com\/WirMachenAuf_de"]},{"@type":"Person","@id":"https:\/\/now-news.de\/de\/#\/schema\/person\/fb534a4e865501d8b3285208df34a9b5","name":"rtnews","image":{"@type":"ImageObject","inLanguage":"de","@id":"https:\/\/now-news.de\/de\/#\/schema\/person\/image\/","url":"https:\/\/secure.gravatar.com\/avatar\/82aafea7d8127119dd649515f56e2117?s=96&d=mm&r=g","contentUrl":"https:\/\/secure.gravatar.com\/avatar\/82aafea7d8127119dd649515f56e2117?s=96&d=mm&r=g","caption":"rtnews"},"url":"https:\/\/now-news.de\/de\/author\/rnews\/"}]}},"_links":{"self":[{"href":"https:\/\/now-news.de\/de\/wp-json\/wp\/v2\/posts\/92877"}],"collection":[{"href":"https:\/\/now-news.de\/de\/wp-json\/wp\/v2\/posts"}],"about":[{"href":"https:\/\/now-news.de\/de\/wp-json\/wp\/v2\/types\/post"}],"author":[{"embeddable":true,"href":"https:\/\/now-news.de\/de\/wp-json\/wp\/v2\/users\/3"}],"replies":[{"embeddable":true,"href":"https:\/\/now-news.de\/de\/wp-json\/wp\/v2\/comments?post=92877"}],"version-history":[{"count":0,"href":"https:\/\/now-news.de\/de\/wp-json\/wp\/v2\/posts\/92877\/revisions"}],"wp:featuredmedia":[{"embeddable":true,"href":"https:\/\/now-news.de\/de\/wp-json\/wp\/v2\/media\/92878"}],"wp:attachment":[{"href":"https:\/\/now-news.de\/de\/wp-json\/wp\/v2\/media?parent=92877"}],"wp:term":[{"taxonomy":"category","embeddable":true,"href":"https:\/\/now-news.de\/de\/wp-json\/wp\/v2\/categories?post=92877"},{"taxonomy":"post_tag","embeddable":true,"href":"https:\/\/now-news.de\/de\/wp-json\/wp\/v2\/tags?post=92877"}],"curies":[{"name":"wp","href":"https:\/\/api.w.org\/{rel}","templated":true}]}}