{"id":92839,"date":"2025-10-26T12:13:45","date_gmt":"2025-10-26T10:13:45","guid":{"rendered":"https:\/\/now-news.de\/de\/deutschland\/spaltung-des-kollektiven-westens-laesst-der-ukraine-keine-chance\/"},"modified":"2025-10-26T12:13:45","modified_gmt":"2025-10-26T10:13:45","slug":"spaltung-des-kollektiven-westens-laesst-der-ukraine-keine-chance","status":"publish","type":"post","link":"https:\/\/now-news.de\/de\/deutschland\/spaltung-des-kollektiven-westens-laesst-der-ukraine-keine-chance\/","title":{"rendered":"Spaltung des Kollektiven Westens l\u00e4sst der Ukraine keine Chance"},"content":{"rendered":"<p><img decoding=\"async\" src=\"https:\/\/now-news.de\/de\/wp-content\/uploads\/sites\/3\/2025\/10\/68fb93b148fbef3d01005dab.png\" \/><\/p>\n<div class=\"Text-root Text-type_1 \">\n                Wer sich wundert, warum Donald Trump bei seinen au\u00dfenpolitischen Schritten derartige Schwankungen zeigt, vergisst: Die Spaltung der Eliten in den USA verl\u00e4uft auch durch die Republikanische Partei und Trumps Mannschaft. Dasselbe gilt auch f\u00fcr den Restwesten.\n            <\/div>\n<p><\/p>\n<div class=\"Text-root Text-type_5 ArticleView-text ViewText-root \">\n<p><em>Von Wiktoria Nikiforowa<\/em><\/p>\n<p>Die widerspr\u00fcchlichen Signale aus den USA \u00fcberschlagen sich so schnell, dass es schwer ist, ihnen zu folgen. Eben meldet das <em>Wall Street Journal<\/em>, der US-Pr\u00e4sident habe Langstreckenangriffe gegen Russland genehmigt. Im n\u00e4chsten Moment bestreitet Donald Trump dies in den sozialen Medien in seiner charakteristisch ausgelassenen Ausdrucksweise:<\/p>\n<blockquote>\n<p><em>&#8220;Das ist ein Fake! Die USA haben nichts mit diesen Lenkflugk\u00f6rpern zu tun \u2013 woher diese auch kommen \u2013, und auch nicht damit, was die Ukraine mit ihnen macht!&#8221;<\/em><\/p>\n<\/blockquote>\n<p>Im einen Moment noch <a rel=\"nofollow noopener\" target=\"_blank\" href=\"https:\/\/freedert.online\/international\/258791-tomahawks-druckmittel-kein-kampfmittel\/\">verteilen sie Tomahawks<\/a> an die Ukrainer, im n\u00e4chsten haben sie davon f\u00fcr sich selber nicht genug. Eben noch fordern sie ein Treffen in Budapest, im n\u00e4chsten sagen sie es ab. Eben verh\u00e4ngen sie Sanktionen gegen Russland, einen Augenblick sp\u00e4ter bringen sie den Vorbehalt an, dass diese nicht von Dauer sein werden.\u00a0<\/p>\n<p>Manche Analysten halten dies f\u00fcr Trumps Lieblingstaktik der &#8220;emotionalen Achterbahn&#8221;, mit der er alle fahren l\u00e4sst \u2013 er werfe seine Gegen\u00fcber zwischen Panik und Hoffnung hin und her. Klar, das macht er grunds\u00e4tzlich schon. Aber ich denke, das Wesen der Sache\u00a0liegt\u00a0tiefer.<\/p>\n<p>Die USA werden derzeit von einem Kampf zwischen zwei oligarchischen, sehr weit zu fassenden Clan-Gruppierungen zerrissen. Grob gesagt unterst\u00fctzt die H\u00e4lfte dieser \u00fcberaus wohlbetuchten Leute den &#8220;Globalismus&#8221;, die Ersetzung der eingeborenen (oder der angestammten, wenn es um die USA selbst geht) Bev\u00f6lkerung mittels massiver Migrationsstr\u00f6me, die gr\u00fcne Energie und die Transgender-Agenda. Die andere H\u00e4lfte bevorzugt Isolationismus und die altbekannte protestantische Ethik f\u00fcr die USA, ganz traditionelle Energiewirtschaft mit Kohlenwasserstoffen und den Geist des Kapitalismus \u2013 und lehnt das Migrationschaos ab.<\/p>\n<p>Der Kampf ist erbittert und wird v\u00f6llig offen gef\u00fchrt \u2013 wie die Unruhen in den US-amerikanischen St\u00e4dten zeigen: Unter dem Slogan &#8220;Keine K\u00f6nige&#8221; braut sich ein v\u00f6llig offener Maidan-Putsch gegen Trump zusammen.<\/p>\n<p>Genauso gespalten sind auch der Kongress und das Wei\u00dfe Haus. Selbst in Trumps innerem Kreis finden sich zahlreiche Vertreter der selbsternannten &#8220;Globalisten&#8221;. Die Ukraine-Frage ist f\u00fcr sie von gr\u00f6\u00dfter Bedeutung: Die Trennung der Ukraine von Russland bedeutet f\u00fcr sie die Chance, die Kontrolle \u00fcber zahlreiche Handelsrouten von Asien nach Europa zu \u00fcbernehmen, Russland radikal zu schw\u00e4chen und die L\u00e4nder der EU endg\u00fcltig zu versklaven.<\/p>\n<p>Ihnen stehen isolationistische Pragmatiker gegen\u00fcber, die erkennen, dass die Kosten der Ukraine-Krise untragbar geworden sind, die westlichen Volkswirtschaften dem Konflikt nicht standhalten k\u00f6nnen und dass, wenn sie jetzt nicht aufh\u00f6ren, bald v\u00f6lliges Chaos ausbrechen wird.<\/p>\n<p>Objektiv betrachtet f\u00e4llt es Trump sehr schwer, diese beiden m\u00e4chtigen Kr\u00e4fte zu kontrollieren \u2013 er kann nur auf den Wellen reiten, wenn sich die eine oder andere Seite gerade im Moment durchsetzt, und dementsprechend &#8220;mit der Parteilinie schwanken&#8221;. Wenn er jedoch nicht an der Seite der isolationistischen Pragmatiker gewinnt, werden die &#8220;Globalisten&#8221; ihn und sein Team zerst\u00f6ren.<\/p>\n<p>In Europa ist die Lage identisch \u2013 dieselbe Zwietracht, dieselbe Spaltung. Dort ist es fast l\u00e4cherlich: Wochenlang versuchte die gesamte EU, den belgischen Premierminister zur Herausgabe der bei Euroclear eingefrorenen russischen Verm\u00f6genswerte zu bewegen. Es ist unklar, was sie mit ihm gemacht haben (ich\u00a0f\u00fcr meinen Teil w\u00fcrde ja sehr gern glauben, dass sie ihn nicht gefoltert haben), aber letztendlich haben sie ihn \u00fcberzeugt \u2013 doch dann gestern, bei einem Treffen der europ\u00e4ischen Staats- und Regierungschefs in Br\u00fcssel, rebellierte Bart De Wever pl\u00f6tzlich und widerrief seine Zustimmung. Diese\u00a040 Milliarden russischen Rubel <a rel=\"nofollow noopener\" target=\"_blank\" href=\"https:\/\/freedert.online\/kurzclips\/video\/259815-riskant-belgien-bremst-bei-beschlagnahme-russischen-vermoegens\/\">stecken erneut bei Euroclear fest<\/a>.<\/p>\n<p>Mit anderen Worten: In Europa laufen die gleichen Prozesse ab wie in den USA \u2013 Hardcore-&#8220;Globalisten&#8221; versuchen, die EU in den Krieg mit Russland zu ziehen, w\u00e4hrend ihnen pragmatischere Politiker an den Armen h\u00e4ngen und ihr Bestes tun, um sie von diesem Unterfangen abzubringen.<\/p>\n<p>Es zeichnet sich auf beiden Seiten des Atlantiks eine Pattsituation ab. Unter diesen Umst\u00e4nden sind im Westen keinerlei &#8220;endg\u00fcltige L\u00f6sungen&#8221; m\u00f6glich: Wurde eine solche L\u00f6sung vermeintlich verh\u00e4ngt und der Kurs auf sie erkl\u00e4rt, wird sie in nur wenigen Stunden durch eine andere, oft entgegengesetzte, ersetzt \u2013 die man aber ebenso als &#8220;endg\u00fcltig&#8221; posaunt.<\/p>\n<div class=\"EmbedBlock-root EmbedBlock-externalVideo EmbedBlock-rumble\">\n<div class=\"VkEmbed\"><iframe class=\"lazyload\" data-src=\"https:\/\/rumble.com\/embed\/v6xz6wm\" frameborder=\"0\" width=\"853\" height=\"480\" allowfullscreen><\/iframe><\/div>\n<\/div>\n<p>Daher ist es beileibe nicht Russland, das derzeit mit der emotionalen Achterbahnfahrt f\u00e4hrt \u2013 unsere Ziele sind klar, eindeutig und wurden wiederholt formuliert, und wir werden nicht davon abr\u00fccken. Wir werden sie so lange wie n\u00f6tig verfolgen\u00a0\u2012 ohne dem Druck, der \u00dcberredung oder Schmeichelei nachzugeben. Genau das hat diese turbulente Woche gezeigt.<\/p>\n<p>Der Westen befindet sich selbst auf der Achterbahnfahrt. Und er hat dazu noch die Ukraine mitgenommen \u2013 schlie\u00dflich entscheidet sich jetzt ihr Schicksal. Eine neue Eskalation des Konflikts verspricht ihr einen Winter ohne Strom, Wasser und Heizung. Es sind ihre ungl\u00fccklichen B\u00fcrger, die von den Menschenf\u00e4ngern der Wehr\u00e4mter in den Stra\u00dfen gejagt werden. Es sind die ukrainischen M\u00fctter, die um ihre S\u00f6hne trauern werden, die get\u00f6tet wurden, nur weil die westlichen Puppenspieler sie mit dem obligatorischen Slogan &#8220;Lasst uns k\u00e4mpfen!&#8221; in die Schlacht treiben.<\/p>\n<p>In zw\u00f6lf Gebieten der Ukraine wird bereits nur f\u00fcr einige Stunden am Tag der Strom eingeschaltet \u2013 planm\u00e4\u00dfig; die Notabschaltungen und die durch Angriffe und sonstige h\u00f6here Gewalt bedingten Ausf\u00e4lle verringern diese Zeitspanne gegebenenfalls nochmals. Geheizt wird noch immer nirgendwo. Wie gro\u00df die allgemeine Verzweiflung ist, zeigt ein Interview mit Oleg Skripka, dem Anf\u00fchrer der im nahezu ganzen postsowjetischen Raum bekannten Band &#8220;Wopli Widopljassowa&#8221;, in dem er erkl\u00e4rt, sein Land brauche dringend einen Milit\u00e4rputsch.<\/p>\n<p>Die einzige \u00dcberlebenschance f\u00fcr die heute noch verbliebene Ukraine besteht darin, alle Forderungen Russlands unverz\u00fcglich zu erf\u00fcllen. Doch genau das l\u00e4sst man sie nicht tun. Wieder einmal ist eine paradoxe Situation entstanden, in der sich au\u00dfer Moskau niemand um das Leben der einfachen Ukrainer k\u00fcmmert.<\/p>\n<p>Nun, wir haben alles getan, um am Verhandlungstisch Frieden zu erreichen. Doch wir werden die Front noch weiter nach Westen verschieben m\u00fcssen, und es besteht kein Zweifel, dass die n\u00e4chsten Bedingungen f\u00fcr einen Frieden, die Kiew angeboten werden, noch h\u00e4rter sein werden.<\/p>\n<p>Antirussische Ausf\u00e4lle des Westens aber werden unsere Politik nicht \u00e4ndern \u2013 und letztlich auf den Westen zur\u00fcckfallen. So kommentierte der russische Pr\u00e4sident etwa die j\u00fcngsten US-amerikanischen Sanktionen gegen Russland:<\/p>\n<blockquote>\n<p><em>&#8220;Kein Land mit Selbstachtung entscheidet auch nur irgendetwas unter Druck.&#8221;<\/em><\/p>\n<\/blockquote>\n<p>Die russischen Streitkr\u00e4fte werden weiter vorr\u00fccken, und \u00dcbungen der strategischen Kernwaffentruppen \u2013 wie die j\u00fcngste, die die westlichen\u00a0Hauptst\u00e4dte so beeindruckt hat \u2013 werden auch k\u00fcnftig regelm\u00e4\u00dfig durchgef\u00fchrt. Und die Reaktion auf jeden versuchten Angriff gegen Russland wird, wie unser Pr\u00e4sident <a rel=\"nofollow noopener\" target=\"_blank\" href=\"https:\/\/freedert.online\/russland\/259758-putin-gibt-erklaerung-zu-verschobenem\/\">warnte<\/a>, &#8220;sehr ernstzunehmend, wenn nicht gar \u00fcberw\u00e4ltigend&#8221; sein.<\/p>\n<div class=\"EmbedBlock-root EmbedBlock-externalVideo EmbedBlock-rumble\">\n<div class=\"VkEmbed\"><iframe class=\"lazyload\" data-src=\"https:\/\/rumble.com\/embed\/v6ygi38\" frameborder=\"0\" width=\"853\" height=\"480\" allowfullscreen><\/iframe><\/div>\n<\/div>\n<p>Die Best\u00e4ndigkeit der Moskauer Strategie ist ein Garant daf\u00fcr, dass auch Budapest unser sein wird. Pr\u00e4sident Putin ist der Ansicht, dass Trump das Treffen nicht abgesagt, sondern nur verschoben hat. Das Wei\u00dfe Haus best\u00e4tigte dies umgehend:<\/p>\n<p><em>&#8220;Das Treffen der beiden Staatschefs steht weiterhin auf der Tagesordnung.&#8221;<\/em><\/p>\n<p>Tja, warten wir ab\u00a0\u2012 wir haben es nicht eilig. Die Zeit arbeitet gerade auf Russlands Seite.<\/p>\n<p><em>\u00dcbersetzt aus dem\u00a0<a rel=\"nofollow noopener\" target=\"_blank\" href=\"https:\/\/ria.ru\/20251024\/vengriya-2050236081.html\">Russischen<\/a>. Zuerst erschienen bei RIA Nowosti am 24. Oktober 2025.<\/em><\/p>\n<p><em><strong>Wiktoria\u00a0Nikiforowa\u00a0<\/strong>ist\u00a0eine Kolumnistin bei RIA Nowosti.\u00a0<\/em><\/p>\n<p><strong>Mehr zum Thema<\/strong>\u00a0\u2013 <a rel=\"nofollow noopener\" target=\"_blank\" href=\"https:\/\/freedert.online\/russland\/259816-trump-hat-moskau-getroffen-aber\/\">&#8220;Trump hat Moskau getroffen \u2013 aber das Ziel verfehlt&#8221;: Russische Analysten \u00fcber die neuen Sanktionen<\/a><\/p>\n<\/p>\n<\/div>\n<p><br \/>\n<br \/><a href=\"https:\/\/de.rt.com\/meinung\/259844-spaltung-kollektiven-westens-laesst-ukraine-keine-chance\/\">Source link <\/a><\/p>\n","protected":false},"excerpt":{"rendered":"<p>Wer sich wundert, warum Donald Trump bei seinen au\u00dfenpolitischen Schritten derartige Schwankungen zeigt, vergisst: Die Spaltung der Eliten in den USA verl\u00e4uft auch durch die Republikanische Partei und Trumps Mannschaft. Dasselbe gilt auch f\u00fcr den Restwesten. Von Wiktoria Nikiforowa Die widerspr\u00fcchlichen Signale aus den USA \u00fcberschlagen sich so schnell, dass es schwer ist, ihnen zu [&hellip;]<\/p>\n","protected":false},"author":3,"featured_media":92840,"comment_status":"open","ping_status":"open","sticky":false,"template":"","format":"standard","meta":{"_yoast_indexnow_last_ping":["1761474490"],"wp_automatic_camp":["217"],"e93bcf6c20bad0bf56e0a541627cc3b4":["Spaltung des Kollektiven Westens l\u00e4sst der Ukraine keine Chance"],"original_link":["https:\/\/de.rt.com\/meinung\/259844-spaltung-kollektiven-westens-laesst-ukraine-keine-chance\/"],"_thumbnail_id":["92840"],"jnews_social_counter_last_update":["1777187592"],"_wptgpro_p2tg_sent2tg":["a:1:{i:23737;s:19:\"2025-10-26 12:29:15\";}"]},"categories":[19,23],"tags":[8167,82,583,375,27941,1545,28980,127,3117],"yoast_head":"<!-- This site is optimized with the Yoast SEO Premium plugin v22.7 (Yoast SEO v22.7) - https:\/\/yoast.com\/wordpress\/plugins\/seo\/ -->\n<title>Spaltung des Kollektiven Westens l\u00e4sst der Ukraine keine Chance - just-now.NEWS Deutschland<\/title>\n<meta name=\"robots\" content=\"index, follow, max-snippet:-1, max-image-preview:large, max-video-preview:-1\" \/>\n<link rel=\"canonical\" href=\"https:\/\/now-news.de\/de\/deutschland\/spaltung-des-kollektiven-westens-laesst-der-ukraine-keine-chance\/\" \/>\n<meta property=\"og:locale\" content=\"de_DE\" \/>\n<meta property=\"og:type\" content=\"article\" \/>\n<meta property=\"og:title\" content=\"Spaltung des Kollektiven Westens l\u00e4sst der Ukraine keine Chance\" \/>\n<meta property=\"og:description\" content=\"Wer sich wundert, warum Donald Trump bei seinen au\u00dfenpolitischen Schritten derartige Schwankungen zeigt, vergisst: Die Spaltung der Eliten in den USA verl\u00e4uft auch durch die Republikanische Partei und Trumps Mannschaft. Dasselbe gilt auch f\u00fcr den Restwesten. Von Wiktoria Nikiforowa Die widerspr\u00fcchlichen Signale aus den USA \u00fcberschlagen sich so schnell, dass es schwer ist, ihnen zu [&hellip;]\" \/>\n<meta property=\"og:url\" content=\"https:\/\/now-news.de\/de\/deutschland\/spaltung-des-kollektiven-westens-laesst-der-ukraine-keine-chance\/\" \/>\n<meta property=\"og:site_name\" content=\"just-now.NEWS Deutschland\" \/>\n<meta property=\"article:publisher\" content=\"https:\/\/www.facebook.com\/wirmachenauf\" \/>\n<meta property=\"article:published_time\" content=\"2025-10-26T10:13:45+00:00\" \/>\n<meta property=\"og:image\" content=\"https:\/\/now-news.de\/de\/wp-content\/uploads\/sites\/3\/2025\/10\/68fb93b148fbef3d01005dab.png\" \/>\n<meta name=\"author\" content=\"rtnews\" \/>\n<meta name=\"twitter:card\" content=\"summary_large_image\" \/>\n<meta name=\"twitter:creator\" content=\"@WirMachenAuf_de\" \/>\n<meta name=\"twitter:site\" content=\"@WirMachenAuf_de\" \/>\n<meta name=\"twitter:label1\" content=\"Verfasst von\" \/>\n\t<meta name=\"twitter:data1\" content=\"rtnews\" \/>\n\t<meta name=\"twitter:label2\" content=\"Gesch\u00e4tzte Lesezeit\" \/>\n\t<meta name=\"twitter:data2\" content=\"6\u00a0Minuten\" \/>\n<script type=\"application\/ld+json\" class=\"yoast-schema-graph\">{\"@context\":\"https:\/\/schema.org\",\"@graph\":[{\"@type\":\"Article\",\"@id\":\"https:\/\/now-news.de\/de\/deutschland\/spaltung-des-kollektiven-westens-laesst-der-ukraine-keine-chance\/#article\",\"isPartOf\":{\"@id\":\"https:\/\/now-news.de\/de\/deutschland\/spaltung-des-kollektiven-westens-laesst-der-ukraine-keine-chance\/\"},\"author\":{\"name\":\"rtnews\",\"@id\":\"https:\/\/now-news.de\/de\/#\/schema\/person\/fb534a4e865501d8b3285208df34a9b5\"},\"headline\":\"Spaltung des Kollektiven Westens l\u00e4sst der Ukraine keine Chance\",\"datePublished\":\"2025-10-26T10:13:45+00:00\",\"dateModified\":\"2025-10-26T10:13:45+00:00\",\"mainEntityOfPage\":{\"@id\":\"https:\/\/now-news.de\/de\/deutschland\/spaltung-des-kollektiven-westens-laesst-der-ukraine-keine-chance\/\"},\"wordCount\":1263,\"commentCount\":0,\"publisher\":{\"@id\":\"https:\/\/now-news.de\/de\/#organization\"},\"image\":{\"@id\":\"https:\/\/now-news.de\/de\/deutschland\/spaltung-des-kollektiven-westens-laesst-der-ukraine-keine-chance\/#primaryimage\"},\"thumbnailUrl\":\"https:\/\/now-news.de\/de\/wp-content\/uploads\/sites\/3\/2025\/10\/Spaltung-des-Kollektiven-Westens-laesst-der-Ukraine-keine-Chance.png\",\"keywords\":[\"Chance\",\"der\",\"des\",\"keine\",\"kollektiven\",\"l\u00e4sst\",\"Spaltung\",\"ukraine\",\"Westens\"],\"articleSection\":[\"Deutschland\",\"Russland\"],\"inLanguage\":\"de\",\"potentialAction\":[{\"@type\":\"CommentAction\",\"name\":\"Comment\",\"target\":[\"https:\/\/now-news.de\/de\/deutschland\/spaltung-des-kollektiven-westens-laesst-der-ukraine-keine-chance\/#respond\"]}]},{\"@type\":\"WebPage\",\"@id\":\"https:\/\/now-news.de\/de\/deutschland\/spaltung-des-kollektiven-westens-laesst-der-ukraine-keine-chance\/\",\"url\":\"https:\/\/now-news.de\/de\/deutschland\/spaltung-des-kollektiven-westens-laesst-der-ukraine-keine-chance\/\",\"name\":\"Spaltung des Kollektiven Westens l\u00e4sst der Ukraine keine Chance - just-now.NEWS Deutschland\",\"isPartOf\":{\"@id\":\"https:\/\/now-news.de\/de\/#website\"},\"primaryImageOfPage\":{\"@id\":\"https:\/\/now-news.de\/de\/deutschland\/spaltung-des-kollektiven-westens-laesst-der-ukraine-keine-chance\/#primaryimage\"},\"image\":{\"@id\":\"https:\/\/now-news.de\/de\/deutschland\/spaltung-des-kollektiven-westens-laesst-der-ukraine-keine-chance\/#primaryimage\"},\"thumbnailUrl\":\"https:\/\/now-news.de\/de\/wp-content\/uploads\/sites\/3\/2025\/10\/Spaltung-des-Kollektiven-Westens-laesst-der-Ukraine-keine-Chance.png\",\"datePublished\":\"2025-10-26T10:13:45+00:00\",\"dateModified\":\"2025-10-26T10:13:45+00:00\",\"breadcrumb\":{\"@id\":\"https:\/\/now-news.de\/de\/deutschland\/spaltung-des-kollektiven-westens-laesst-der-ukraine-keine-chance\/#breadcrumb\"},\"inLanguage\":\"de\",\"potentialAction\":[{\"@type\":\"ReadAction\",\"target\":[\"https:\/\/now-news.de\/de\/deutschland\/spaltung-des-kollektiven-westens-laesst-der-ukraine-keine-chance\/\"]}]},{\"@type\":\"ImageObject\",\"inLanguage\":\"de\",\"@id\":\"https:\/\/now-news.de\/de\/deutschland\/spaltung-des-kollektiven-westens-laesst-der-ukraine-keine-chance\/#primaryimage\",\"url\":\"https:\/\/now-news.de\/de\/wp-content\/uploads\/sites\/3\/2025\/10\/Spaltung-des-Kollektiven-Westens-laesst-der-Ukraine-keine-Chance.png\",\"contentUrl\":\"https:\/\/now-news.de\/de\/wp-content\/uploads\/sites\/3\/2025\/10\/Spaltung-des-Kollektiven-Westens-laesst-der-Ukraine-keine-Chance.png\",\"width\":460,\"height\":259,\"caption\":\"Spaltung des Kollektiven Westens l\u00e4sst der Ukraine keine Chance\"},{\"@type\":\"BreadcrumbList\",\"@id\":\"https:\/\/now-news.de\/de\/deutschland\/spaltung-des-kollektiven-westens-laesst-der-ukraine-keine-chance\/#breadcrumb\",\"itemListElement\":[{\"@type\":\"ListItem\",\"position\":1,\"name\":\"Home\",\"item\":\"https:\/\/now-news.de\/de\/\"},{\"@type\":\"ListItem\",\"position\":2,\"name\":\"Spaltung des Kollektiven Westens l\u00e4sst der Ukraine keine Chance\"}]},{\"@type\":\"WebSite\",\"@id\":\"https:\/\/now-news.de\/de\/#website\",\"url\":\"https:\/\/now-news.de\/de\/\",\"name\":\"just-now.NEWS Deutschland\",\"description\":\"Das Portal f\u00fcr unzensierte Nachrichten aus der Welt\",\"publisher\":{\"@id\":\"https:\/\/now-news.de\/de\/#organization\"},\"potentialAction\":[{\"@type\":\"SearchAction\",\"target\":{\"@type\":\"EntryPoint\",\"urlTemplate\":\"https:\/\/now-news.de\/de\/?s={search_term_string}\"},\"query-input\":\"required name=search_term_string\"}],\"inLanguage\":\"de\"},{\"@type\":\"Organization\",\"@id\":\"https:\/\/now-news.de\/de\/#organization\",\"name\":\"Just Now News\",\"url\":\"https:\/\/now-news.de\/de\/\",\"logo\":{\"@type\":\"ImageObject\",\"inLanguage\":\"de\",\"@id\":\"https:\/\/now-news.de\/de\/#\/schema\/logo\/image\/\",\"url\":\"http:\/\/just-now.news\/de\/wp-content\/uploads\/sites\/3\/2022\/04\/logo500x500.jpg\",\"contentUrl\":\"http:\/\/just-now.news\/de\/wp-content\/uploads\/sites\/3\/2022\/04\/logo500x500.jpg\",\"width\":500,\"height\":500,\"caption\":\"Just Now News\"},\"image\":{\"@id\":\"https:\/\/now-news.de\/de\/#\/schema\/logo\/image\/\"},\"sameAs\":[\"https:\/\/www.facebook.com\/wirmachenauf\",\"https:\/\/x.com\/WirMachenAuf_de\"]},{\"@type\":\"Person\",\"@id\":\"https:\/\/now-news.de\/de\/#\/schema\/person\/fb534a4e865501d8b3285208df34a9b5\",\"name\":\"rtnews\",\"image\":{\"@type\":\"ImageObject\",\"inLanguage\":\"de\",\"@id\":\"https:\/\/now-news.de\/de\/#\/schema\/person\/image\/\",\"url\":\"https:\/\/secure.gravatar.com\/avatar\/82aafea7d8127119dd649515f56e2117?s=96&d=mm&r=g\",\"contentUrl\":\"https:\/\/secure.gravatar.com\/avatar\/82aafea7d8127119dd649515f56e2117?s=96&d=mm&r=g\",\"caption\":\"rtnews\"},\"url\":\"https:\/\/now-news.de\/de\/author\/rnews\/\"}]}<\/script>\n<!-- \/ Yoast SEO Premium plugin. -->","yoast_head_json":{"title":"Spaltung des Kollektiven Westens l\u00e4sst der Ukraine keine Chance - just-now.NEWS Deutschland","robots":{"index":"index","follow":"follow","max-snippet":"max-snippet:-1","max-image-preview":"max-image-preview:large","max-video-preview":"max-video-preview:-1"},"canonical":"https:\/\/now-news.de\/de\/deutschland\/spaltung-des-kollektiven-westens-laesst-der-ukraine-keine-chance\/","og_locale":"de_DE","og_type":"article","og_title":"Spaltung des Kollektiven Westens l\u00e4sst der Ukraine keine Chance","og_description":"Wer sich wundert, warum Donald Trump bei seinen au\u00dfenpolitischen Schritten derartige Schwankungen zeigt, vergisst: Die Spaltung der Eliten in den USA verl\u00e4uft auch durch die Republikanische Partei und Trumps Mannschaft. Dasselbe gilt auch f\u00fcr den Restwesten. Von Wiktoria Nikiforowa Die widerspr\u00fcchlichen Signale aus den USA \u00fcberschlagen sich so schnell, dass es schwer ist, ihnen zu [&hellip;]","og_url":"https:\/\/now-news.de\/de\/deutschland\/spaltung-des-kollektiven-westens-laesst-der-ukraine-keine-chance\/","og_site_name":"just-now.NEWS Deutschland","article_publisher":"https:\/\/www.facebook.com\/wirmachenauf","article_published_time":"2025-10-26T10:13:45+00:00","og_image":[{"url":"https:\/\/now-news.de\/de\/wp-content\/uploads\/sites\/3\/2025\/10\/68fb93b148fbef3d01005dab.png"}],"author":"rtnews","twitter_card":"summary_large_image","twitter_creator":"@WirMachenAuf_de","twitter_site":"@WirMachenAuf_de","twitter_misc":{"Verfasst von":"rtnews","Gesch\u00e4tzte Lesezeit":"6\u00a0Minuten"},"schema":{"@context":"https:\/\/schema.org","@graph":[{"@type":"Article","@id":"https:\/\/now-news.de\/de\/deutschland\/spaltung-des-kollektiven-westens-laesst-der-ukraine-keine-chance\/#article","isPartOf":{"@id":"https:\/\/now-news.de\/de\/deutschland\/spaltung-des-kollektiven-westens-laesst-der-ukraine-keine-chance\/"},"author":{"name":"rtnews","@id":"https:\/\/now-news.de\/de\/#\/schema\/person\/fb534a4e865501d8b3285208df34a9b5"},"headline":"Spaltung des Kollektiven Westens l\u00e4sst der Ukraine keine Chance","datePublished":"2025-10-26T10:13:45+00:00","dateModified":"2025-10-26T10:13:45+00:00","mainEntityOfPage":{"@id":"https:\/\/now-news.de\/de\/deutschland\/spaltung-des-kollektiven-westens-laesst-der-ukraine-keine-chance\/"},"wordCount":1263,"commentCount":0,"publisher":{"@id":"https:\/\/now-news.de\/de\/#organization"},"image":{"@id":"https:\/\/now-news.de\/de\/deutschland\/spaltung-des-kollektiven-westens-laesst-der-ukraine-keine-chance\/#primaryimage"},"thumbnailUrl":"https:\/\/now-news.de\/de\/wp-content\/uploads\/sites\/3\/2025\/10\/Spaltung-des-Kollektiven-Westens-laesst-der-Ukraine-keine-Chance.png","keywords":["Chance","der","des","keine","kollektiven","l\u00e4sst","Spaltung","ukraine","Westens"],"articleSection":["Deutschland","Russland"],"inLanguage":"de","potentialAction":[{"@type":"CommentAction","name":"Comment","target":["https:\/\/now-news.de\/de\/deutschland\/spaltung-des-kollektiven-westens-laesst-der-ukraine-keine-chance\/#respond"]}]},{"@type":"WebPage","@id":"https:\/\/now-news.de\/de\/deutschland\/spaltung-des-kollektiven-westens-laesst-der-ukraine-keine-chance\/","url":"https:\/\/now-news.de\/de\/deutschland\/spaltung-des-kollektiven-westens-laesst-der-ukraine-keine-chance\/","name":"Spaltung des Kollektiven Westens l\u00e4sst der Ukraine keine Chance - just-now.NEWS Deutschland","isPartOf":{"@id":"https:\/\/now-news.de\/de\/#website"},"primaryImageOfPage":{"@id":"https:\/\/now-news.de\/de\/deutschland\/spaltung-des-kollektiven-westens-laesst-der-ukraine-keine-chance\/#primaryimage"},"image":{"@id":"https:\/\/now-news.de\/de\/deutschland\/spaltung-des-kollektiven-westens-laesst-der-ukraine-keine-chance\/#primaryimage"},"thumbnailUrl":"https:\/\/now-news.de\/de\/wp-content\/uploads\/sites\/3\/2025\/10\/Spaltung-des-Kollektiven-Westens-laesst-der-Ukraine-keine-Chance.png","datePublished":"2025-10-26T10:13:45+00:00","dateModified":"2025-10-26T10:13:45+00:00","breadcrumb":{"@id":"https:\/\/now-news.de\/de\/deutschland\/spaltung-des-kollektiven-westens-laesst-der-ukraine-keine-chance\/#breadcrumb"},"inLanguage":"de","potentialAction":[{"@type":"ReadAction","target":["https:\/\/now-news.de\/de\/deutschland\/spaltung-des-kollektiven-westens-laesst-der-ukraine-keine-chance\/"]}]},{"@type":"ImageObject","inLanguage":"de","@id":"https:\/\/now-news.de\/de\/deutschland\/spaltung-des-kollektiven-westens-laesst-der-ukraine-keine-chance\/#primaryimage","url":"https:\/\/now-news.de\/de\/wp-content\/uploads\/sites\/3\/2025\/10\/Spaltung-des-Kollektiven-Westens-laesst-der-Ukraine-keine-Chance.png","contentUrl":"https:\/\/now-news.de\/de\/wp-content\/uploads\/sites\/3\/2025\/10\/Spaltung-des-Kollektiven-Westens-laesst-der-Ukraine-keine-Chance.png","width":460,"height":259,"caption":"Spaltung des Kollektiven Westens l\u00e4sst der Ukraine keine Chance"},{"@type":"BreadcrumbList","@id":"https:\/\/now-news.de\/de\/deutschland\/spaltung-des-kollektiven-westens-laesst-der-ukraine-keine-chance\/#breadcrumb","itemListElement":[{"@type":"ListItem","position":1,"name":"Home","item":"https:\/\/now-news.de\/de\/"},{"@type":"ListItem","position":2,"name":"Spaltung des Kollektiven Westens l\u00e4sst der Ukraine keine Chance"}]},{"@type":"WebSite","@id":"https:\/\/now-news.de\/de\/#website","url":"https:\/\/now-news.de\/de\/","name":"just-now.NEWS Deutschland","description":"Das Portal f\u00fcr unzensierte Nachrichten aus der Welt","publisher":{"@id":"https:\/\/now-news.de\/de\/#organization"},"potentialAction":[{"@type":"SearchAction","target":{"@type":"EntryPoint","urlTemplate":"https:\/\/now-news.de\/de\/?s={search_term_string}"},"query-input":"required name=search_term_string"}],"inLanguage":"de"},{"@type":"Organization","@id":"https:\/\/now-news.de\/de\/#organization","name":"Just Now News","url":"https:\/\/now-news.de\/de\/","logo":{"@type":"ImageObject","inLanguage":"de","@id":"https:\/\/now-news.de\/de\/#\/schema\/logo\/image\/","url":"http:\/\/just-now.news\/de\/wp-content\/uploads\/sites\/3\/2022\/04\/logo500x500.jpg","contentUrl":"http:\/\/just-now.news\/de\/wp-content\/uploads\/sites\/3\/2022\/04\/logo500x500.jpg","width":500,"height":500,"caption":"Just Now News"},"image":{"@id":"https:\/\/now-news.de\/de\/#\/schema\/logo\/image\/"},"sameAs":["https:\/\/www.facebook.com\/wirmachenauf","https:\/\/x.com\/WirMachenAuf_de"]},{"@type":"Person","@id":"https:\/\/now-news.de\/de\/#\/schema\/person\/fb534a4e865501d8b3285208df34a9b5","name":"rtnews","image":{"@type":"ImageObject","inLanguage":"de","@id":"https:\/\/now-news.de\/de\/#\/schema\/person\/image\/","url":"https:\/\/secure.gravatar.com\/avatar\/82aafea7d8127119dd649515f56e2117?s=96&d=mm&r=g","contentUrl":"https:\/\/secure.gravatar.com\/avatar\/82aafea7d8127119dd649515f56e2117?s=96&d=mm&r=g","caption":"rtnews"},"url":"https:\/\/now-news.de\/de\/author\/rnews\/"}]}},"_links":{"self":[{"href":"https:\/\/now-news.de\/de\/wp-json\/wp\/v2\/posts\/92839"}],"collection":[{"href":"https:\/\/now-news.de\/de\/wp-json\/wp\/v2\/posts"}],"about":[{"href":"https:\/\/now-news.de\/de\/wp-json\/wp\/v2\/types\/post"}],"author":[{"embeddable":true,"href":"https:\/\/now-news.de\/de\/wp-json\/wp\/v2\/users\/3"}],"replies":[{"embeddable":true,"href":"https:\/\/now-news.de\/de\/wp-json\/wp\/v2\/comments?post=92839"}],"version-history":[{"count":0,"href":"https:\/\/now-news.de\/de\/wp-json\/wp\/v2\/posts\/92839\/revisions"}],"wp:featuredmedia":[{"embeddable":true,"href":"https:\/\/now-news.de\/de\/wp-json\/wp\/v2\/media\/92840"}],"wp:attachment":[{"href":"https:\/\/now-news.de\/de\/wp-json\/wp\/v2\/media?parent=92839"}],"wp:term":[{"taxonomy":"category","embeddable":true,"href":"https:\/\/now-news.de\/de\/wp-json\/wp\/v2\/categories?post=92839"},{"taxonomy":"post_tag","embeddable":true,"href":"https:\/\/now-news.de\/de\/wp-json\/wp\/v2\/tags?post=92839"}],"curies":[{"name":"wp","href":"https:\/\/api.w.org\/{rel}","templated":true}]}}