{"id":92791,"date":"2025-10-25T12:52:02","date_gmt":"2025-10-25T10:52:02","guid":{"rendered":"https:\/\/now-news.de\/de\/deutschland\/kretschmer-bundespolitik-hat-die-dramatische-wirtschaftliche-situation-nicht-verstanden\/"},"modified":"2025-10-25T12:52:02","modified_gmt":"2025-10-25T10:52:02","slug":"kretschmer-bundespolitik-hat-die-dramatische-wirtschaftliche-situation-nicht-verstanden","status":"publish","type":"post","link":"https:\/\/now-news.de\/de\/deutschland\/kretschmer-bundespolitik-hat-die-dramatische-wirtschaftliche-situation-nicht-verstanden\/","title":{"rendered":"Kretschmer: &quot;Bundespolitik hat die dramatische wirtschaftliche Situation nicht verstanden&quot;"},"content":{"rendered":"<p><img decoding=\"async\" src=\"https:\/\/now-news.de\/de\/wp-content\/uploads\/sites\/3\/2025\/10\/68fc9ccbb480cc7a1c19641e.jpg\" \/><\/p>\n<div class=\"Text-root Text-type_1 \">\n                Die deutsche Wirtschaft ist in der Krise. Michael Kretschmer, Ministerpr\u00e4sident Sachsens, warnt davor, die Probleme zu ignorieren. Kretschmer nennt hohe Energiekosten und Vorgaben aus Br\u00fcssel als Grund f\u00fcr die wirtschaftlichen Probleme. Die Russland-Sanktionen nennt er hingegen nicht.\n            <\/div>\n<p><\/p>\n<div class=\"Text-root Text-type_5 ArticleView-text ViewText-root \">\n<p>Sachsens Ministerpr\u00e4sident Michael Kretschmer (CDU) warnt davor, die tats\u00e4chliche wirtschaftliche Situation in Deutschland zu verkennen. Es gebe in Deutschland ein mangelndes Problembewusstsein f\u00fcr die wirtschaftliche Lage, in der sich das Land befinde. Kretschmer adressiert seine Warnung auch an die Bundespolitik.\u00a0<\/p>\n<p><em>&#8220;Ich bin mir sehr, sehr sicher, auch viele Teile der Bundespolitik haben nicht verstanden, wie dramatisch die wirtschaftliche Situation in vielen Bereichen ist&#8221;, sagte er nach der Ministerpr\u00e4sidentenkonferenz in Mainz.\u00a0<\/em><\/p>\n<p>Als Probleme benennt Kretschmer die hohen Energiekosten und hohe b\u00fcrokratische H\u00fcrden, verursacht durch Vorgaben aus Br\u00fcssel. Die Russland-Sanktionen und das Vorhaben, komplett auf Energietr\u00e4ger aus Russland zu verzichten, nennt Kretschmer nicht. Stattdessen fordert er, die CO\u2082-Bepreisung zu verringern und die Strompreise zu senken. Das sei bei unver\u00e4nderten Rahmenbedingungen nur durch Subventionen m\u00f6glich und bedeute daher lediglich eine Umschichtung, aber keine nachhaltige L\u00f6sung des Problems.\u00a0<\/p>\n<p>Kretschmer fordert zudem, die B\u00fcrger und Unternehmen bei den anstehenden Entwicklungen mitzunehmen.<\/p>\n<p><em>&#8220;Wir sehen die gro\u00dfen Themen von Klimaschutz und Digitalisierung und K\u00fcnstlicher Intelligenz, aber wir brauchen immer wieder die R\u00fcckbindung mit der Realit\u00e4t, mit der Bev\u00f6lkerung, mit denen, die wirtschaftlich die Akteure sind&#8221;, sagte Kretschmer.<\/em><\/p>\n<p>Die CDU hat im Wahlkampf unter anderem versprochen, das hoch umstrittene Heizungsgesetz von Robert Habeck (B\u00fcndnis 90\/Die Gr\u00fcnen) zur\u00fcckzunehmen. Inzwischen ist nur noch von einer &#8220;Reform&#8221; die Rede. Wie diese Reform aussehen soll und wann sie umgesetzt wird, ist unklar.\u00a0<\/p>\n<p>Kretschmer fordert zudem, dass die Aufr\u00fcstungspl\u00e4ne der Bundesregierung unter Ber\u00fccksichtigung aller Bundesl\u00e4nder umgesetzt werden. Von den R\u00fcstungsauftr\u00e4gen m\u00fcssten alle Bundesl\u00e4nder profitieren. Die Bundesregierung plant, in den kommenden Jahren 500 Milliarden Euro neue Schulden aufzunehmen und damit die Bundeswehr aufzur\u00fcsten. Begr\u00fcndet wird der Schritt mit einer angeblich existierenden russischen Bedrohung.<\/p>\n<p><strong>Mehr zum Thema<\/strong>\u00a0\u2013 <a rel=\"nofollow noopener\" target=\"_blank\" href=\"https:\/\/freedert.online\/inland\/258238-einbruch-beim-produzierenden-gewerbe-kehrtwende\/\">Einbruch beim produzierenden Gewerbe \u2013 Kehrtwende nicht in Sicht<\/a><\/p>\n<div class=\"EmbedBlock-root EmbedBlock-externalVideo EmbedBlock-rumble\">\n<div class=\"VkEmbed\"><iframe class=\"lazyload\" data-src=\"https:\/\/rumble.com\/embed\/v6yeims\" frameborder=\"0\" width=\"853\" height=\"480\" allowfullscreen><\/iframe><\/div>\n<\/div>\n<\/div>\n<p><br \/>\n<br \/><a href=\"https:\/\/de.rt.com\/inland\/259907-kretschmer-bundespolitik-hat-dramatische-wirtschaftliche\/\">Source link <\/a><\/p>\n","protected":false},"excerpt":{"rendered":"<p>Die deutsche Wirtschaft ist in der Krise. Michael Kretschmer, Ministerpr\u00e4sident Sachsens, warnt davor, die Probleme zu ignorieren. Kretschmer nennt hohe Energiekosten und Vorgaben aus Br\u00fcssel als Grund f\u00fcr die wirtschaftlichen Probleme. Die Russland-Sanktionen nennt er hingegen nicht. Sachsens Ministerpr\u00e4sident Michael Kretschmer (CDU) warnt davor, die tats\u00e4chliche wirtschaftliche Situation in Deutschland zu verkennen. Es gebe in [&hellip;]<\/p>\n","protected":false},"author":3,"featured_media":92792,"comment_status":"open","ping_status":"open","sticky":false,"template":"","format":"standard","meta":{"_yoast_indexnow_last_ping":["1761389828"],"wp_automatic_camp":["217"],"5c0abd77a5df065824956736aa28f3a8":["Kretschmer: &quot;Bundespolitik hat die dramatische wirtschaftliche Situation nicht verstanden&quot;"],"original_link":["https:\/\/de.rt.com\/inland\/259907-kretschmer-bundespolitik-hat-dramatische-wirtschaftliche\/"],"_thumbnail_id":["92792"],"jnews_social_counter_last_update":["1777178348"],"_wptgpro_p2tg_sent2tg":["a:1:{i:23737;s:19:\"2025-10-25 12:58:10\";}"]},"categories":[19,23],"tags":[45,29911,423,1857,800,68679,8804,68680,4852],"yoast_head":"<!-- This site is optimized with the Yoast SEO Premium plugin v22.7 (Yoast SEO v22.7) - https:\/\/yoast.com\/wordpress\/plugins\/seo\/ -->\n<title>Kretschmer: &quot;Bundespolitik hat die dramatische wirtschaftliche Situation nicht verstanden&quot; - just-now.NEWS Deutschland<\/title>\n<meta name=\"robots\" content=\"index, follow, max-snippet:-1, max-image-preview:large, max-video-preview:-1\" \/>\n<link rel=\"canonical\" href=\"https:\/\/now-news.de\/de\/deutschland\/kretschmer-bundespolitik-hat-die-dramatische-wirtschaftliche-situation-nicht-verstanden\/\" \/>\n<meta property=\"og:locale\" content=\"de_DE\" \/>\n<meta property=\"og:type\" content=\"article\" \/>\n<meta property=\"og:title\" content=\"Kretschmer: &quot;Bundespolitik hat die dramatische wirtschaftliche Situation nicht verstanden&quot;\" \/>\n<meta property=\"og:description\" content=\"Die deutsche Wirtschaft ist in der Krise. Michael Kretschmer, Ministerpr\u00e4sident Sachsens, warnt davor, die Probleme zu ignorieren. Kretschmer nennt hohe Energiekosten und Vorgaben aus Br\u00fcssel als Grund f\u00fcr die wirtschaftlichen Probleme. Die Russland-Sanktionen nennt er hingegen nicht. Sachsens Ministerpr\u00e4sident Michael Kretschmer (CDU) warnt davor, die tats\u00e4chliche wirtschaftliche Situation in Deutschland zu verkennen. Es gebe in [&hellip;]\" \/>\n<meta property=\"og:url\" content=\"https:\/\/now-news.de\/de\/deutschland\/kretschmer-bundespolitik-hat-die-dramatische-wirtschaftliche-situation-nicht-verstanden\/\" \/>\n<meta property=\"og:site_name\" content=\"just-now.NEWS Deutschland\" \/>\n<meta property=\"article:publisher\" content=\"https:\/\/www.facebook.com\/wirmachenauf\" \/>\n<meta property=\"article:published_time\" content=\"2025-10-25T10:52:02+00:00\" \/>\n<meta property=\"og:image\" content=\"https:\/\/now-news.de\/de\/wp-content\/uploads\/sites\/3\/2025\/10\/68fc9ccbb480cc7a1c19641e.jpg\" \/>\n<meta name=\"author\" content=\"rtnews\" \/>\n<meta name=\"twitter:card\" content=\"summary_large_image\" \/>\n<meta name=\"twitter:creator\" content=\"@WirMachenAuf_de\" \/>\n<meta name=\"twitter:site\" content=\"@WirMachenAuf_de\" \/>\n<meta name=\"twitter:label1\" content=\"Verfasst von\" \/>\n\t<meta name=\"twitter:data1\" content=\"rtnews\" \/>\n\t<meta name=\"twitter:label2\" content=\"Gesch\u00e4tzte Lesezeit\" \/>\n\t<meta name=\"twitter:data2\" content=\"2\u00a0Minuten\" \/>\n<script type=\"application\/ld+json\" class=\"yoast-schema-graph\">{\"@context\":\"https:\/\/schema.org\",\"@graph\":[{\"@type\":\"Article\",\"@id\":\"https:\/\/now-news.de\/de\/deutschland\/kretschmer-bundespolitik-hat-die-dramatische-wirtschaftliche-situation-nicht-verstanden\/#article\",\"isPartOf\":{\"@id\":\"https:\/\/now-news.de\/de\/deutschland\/kretschmer-bundespolitik-hat-die-dramatische-wirtschaftliche-situation-nicht-verstanden\/\"},\"author\":{\"name\":\"rtnews\",\"@id\":\"https:\/\/now-news.de\/de\/#\/schema\/person\/fb534a4e865501d8b3285208df34a9b5\"},\"headline\":\"Kretschmer: &quot;Bundespolitik hat die dramatische wirtschaftliche Situation nicht verstanden&quot;\",\"datePublished\":\"2025-10-25T10:52:02+00:00\",\"dateModified\":\"2025-10-25T10:52:02+00:00\",\"mainEntityOfPage\":{\"@id\":\"https:\/\/now-news.de\/de\/deutschland\/kretschmer-bundespolitik-hat-die-dramatische-wirtschaftliche-situation-nicht-verstanden\/\"},\"wordCount\":364,\"commentCount\":0,\"publisher\":{\"@id\":\"https:\/\/now-news.de\/de\/#organization\"},\"image\":{\"@id\":\"https:\/\/now-news.de\/de\/deutschland\/kretschmer-bundespolitik-hat-die-dramatische-wirtschaftliche-situation-nicht-verstanden\/#primaryimage\"},\"thumbnailUrl\":\"https:\/\/now-news.de\/de\/wp-content\/uploads\/sites\/3\/2025\/10\/Kretschmer-quotBundespolitik-hat-die-dramatische-wirtschaftliche-Situation-nicht-verstandenquot.jpg\",\"keywords\":[\"die\",\"Dramatische\",\"hat\",\"Kretschmer\",\"nicht\",\"quotBundespolitik\",\"Situation\",\"verstandenquot\",\"wirtschaftliche\"],\"articleSection\":[\"Deutschland\",\"Russland\"],\"inLanguage\":\"de\",\"potentialAction\":[{\"@type\":\"CommentAction\",\"name\":\"Comment\",\"target\":[\"https:\/\/now-news.de\/de\/deutschland\/kretschmer-bundespolitik-hat-die-dramatische-wirtschaftliche-situation-nicht-verstanden\/#respond\"]}]},{\"@type\":\"WebPage\",\"@id\":\"https:\/\/now-news.de\/de\/deutschland\/kretschmer-bundespolitik-hat-die-dramatische-wirtschaftliche-situation-nicht-verstanden\/\",\"url\":\"https:\/\/now-news.de\/de\/deutschland\/kretschmer-bundespolitik-hat-die-dramatische-wirtschaftliche-situation-nicht-verstanden\/\",\"name\":\"Kretschmer: &quot;Bundespolitik hat die dramatische wirtschaftliche Situation nicht verstanden&quot; - just-now.NEWS Deutschland\",\"isPartOf\":{\"@id\":\"https:\/\/now-news.de\/de\/#website\"},\"primaryImageOfPage\":{\"@id\":\"https:\/\/now-news.de\/de\/deutschland\/kretschmer-bundespolitik-hat-die-dramatische-wirtschaftliche-situation-nicht-verstanden\/#primaryimage\"},\"image\":{\"@id\":\"https:\/\/now-news.de\/de\/deutschland\/kretschmer-bundespolitik-hat-die-dramatische-wirtschaftliche-situation-nicht-verstanden\/#primaryimage\"},\"thumbnailUrl\":\"https:\/\/now-news.de\/de\/wp-content\/uploads\/sites\/3\/2025\/10\/Kretschmer-quotBundespolitik-hat-die-dramatische-wirtschaftliche-Situation-nicht-verstandenquot.jpg\",\"datePublished\":\"2025-10-25T10:52:02+00:00\",\"dateModified\":\"2025-10-25T10:52:02+00:00\",\"breadcrumb\":{\"@id\":\"https:\/\/now-news.de\/de\/deutschland\/kretschmer-bundespolitik-hat-die-dramatische-wirtschaftliche-situation-nicht-verstanden\/#breadcrumb\"},\"inLanguage\":\"de\",\"potentialAction\":[{\"@type\":\"ReadAction\",\"target\":[\"https:\/\/now-news.de\/de\/deutschland\/kretschmer-bundespolitik-hat-die-dramatische-wirtschaftliche-situation-nicht-verstanden\/\"]}]},{\"@type\":\"ImageObject\",\"inLanguage\":\"de\",\"@id\":\"https:\/\/now-news.de\/de\/deutschland\/kretschmer-bundespolitik-hat-die-dramatische-wirtschaftliche-situation-nicht-verstanden\/#primaryimage\",\"url\":\"https:\/\/now-news.de\/de\/wp-content\/uploads\/sites\/3\/2025\/10\/Kretschmer-quotBundespolitik-hat-die-dramatische-wirtschaftliche-Situation-nicht-verstandenquot.jpg\",\"contentUrl\":\"https:\/\/now-news.de\/de\/wp-content\/uploads\/sites\/3\/2025\/10\/Kretschmer-quotBundespolitik-hat-die-dramatische-wirtschaftliche-Situation-nicht-verstandenquot.jpg\",\"width\":460,\"height\":259,\"caption\":\"Kretschmer: &quot;Bundespolitik hat die dramatische wirtschaftliche Situation nicht verstanden&quot;\"},{\"@type\":\"BreadcrumbList\",\"@id\":\"https:\/\/now-news.de\/de\/deutschland\/kretschmer-bundespolitik-hat-die-dramatische-wirtschaftliche-situation-nicht-verstanden\/#breadcrumb\",\"itemListElement\":[{\"@type\":\"ListItem\",\"position\":1,\"name\":\"Home\",\"item\":\"https:\/\/now-news.de\/de\/\"},{\"@type\":\"ListItem\",\"position\":2,\"name\":\"Kretschmer: &quot;Bundespolitik hat die dramatische wirtschaftliche Situation nicht verstanden&quot;\"}]},{\"@type\":\"WebSite\",\"@id\":\"https:\/\/now-news.de\/de\/#website\",\"url\":\"https:\/\/now-news.de\/de\/\",\"name\":\"just-now.NEWS Deutschland\",\"description\":\"Das Portal f\u00fcr unzensierte Nachrichten aus der Welt\",\"publisher\":{\"@id\":\"https:\/\/now-news.de\/de\/#organization\"},\"potentialAction\":[{\"@type\":\"SearchAction\",\"target\":{\"@type\":\"EntryPoint\",\"urlTemplate\":\"https:\/\/now-news.de\/de\/?s={search_term_string}\"},\"query-input\":\"required name=search_term_string\"}],\"inLanguage\":\"de\"},{\"@type\":\"Organization\",\"@id\":\"https:\/\/now-news.de\/de\/#organization\",\"name\":\"Just Now News\",\"url\":\"https:\/\/now-news.de\/de\/\",\"logo\":{\"@type\":\"ImageObject\",\"inLanguage\":\"de\",\"@id\":\"https:\/\/now-news.de\/de\/#\/schema\/logo\/image\/\",\"url\":\"http:\/\/just-now.news\/de\/wp-content\/uploads\/sites\/3\/2022\/04\/logo500x500.jpg\",\"contentUrl\":\"http:\/\/just-now.news\/de\/wp-content\/uploads\/sites\/3\/2022\/04\/logo500x500.jpg\",\"width\":500,\"height\":500,\"caption\":\"Just Now News\"},\"image\":{\"@id\":\"https:\/\/now-news.de\/de\/#\/schema\/logo\/image\/\"},\"sameAs\":[\"https:\/\/www.facebook.com\/wirmachenauf\",\"https:\/\/x.com\/WirMachenAuf_de\"]},{\"@type\":\"Person\",\"@id\":\"https:\/\/now-news.de\/de\/#\/schema\/person\/fb534a4e865501d8b3285208df34a9b5\",\"name\":\"rtnews\",\"image\":{\"@type\":\"ImageObject\",\"inLanguage\":\"de\",\"@id\":\"https:\/\/now-news.de\/de\/#\/schema\/person\/image\/\",\"url\":\"https:\/\/secure.gravatar.com\/avatar\/82aafea7d8127119dd649515f56e2117?s=96&d=mm&r=g\",\"contentUrl\":\"https:\/\/secure.gravatar.com\/avatar\/82aafea7d8127119dd649515f56e2117?s=96&d=mm&r=g\",\"caption\":\"rtnews\"},\"url\":\"https:\/\/now-news.de\/de\/author\/rnews\/\"}]}<\/script>\n<!-- \/ Yoast SEO Premium plugin. -->","yoast_head_json":{"title":"Kretschmer: &quot;Bundespolitik hat die dramatische wirtschaftliche Situation nicht verstanden&quot; - just-now.NEWS Deutschland","robots":{"index":"index","follow":"follow","max-snippet":"max-snippet:-1","max-image-preview":"max-image-preview:large","max-video-preview":"max-video-preview:-1"},"canonical":"https:\/\/now-news.de\/de\/deutschland\/kretschmer-bundespolitik-hat-die-dramatische-wirtschaftliche-situation-nicht-verstanden\/","og_locale":"de_DE","og_type":"article","og_title":"Kretschmer: &quot;Bundespolitik hat die dramatische wirtschaftliche Situation nicht verstanden&quot;","og_description":"Die deutsche Wirtschaft ist in der Krise. Michael Kretschmer, Ministerpr\u00e4sident Sachsens, warnt davor, die Probleme zu ignorieren. Kretschmer nennt hohe Energiekosten und Vorgaben aus Br\u00fcssel als Grund f\u00fcr die wirtschaftlichen Probleme. Die Russland-Sanktionen nennt er hingegen nicht. Sachsens Ministerpr\u00e4sident Michael Kretschmer (CDU) warnt davor, die tats\u00e4chliche wirtschaftliche Situation in Deutschland zu verkennen. Es gebe in [&hellip;]","og_url":"https:\/\/now-news.de\/de\/deutschland\/kretschmer-bundespolitik-hat-die-dramatische-wirtschaftliche-situation-nicht-verstanden\/","og_site_name":"just-now.NEWS Deutschland","article_publisher":"https:\/\/www.facebook.com\/wirmachenauf","article_published_time":"2025-10-25T10:52:02+00:00","og_image":[{"url":"https:\/\/now-news.de\/de\/wp-content\/uploads\/sites\/3\/2025\/10\/68fc9ccbb480cc7a1c19641e.jpg"}],"author":"rtnews","twitter_card":"summary_large_image","twitter_creator":"@WirMachenAuf_de","twitter_site":"@WirMachenAuf_de","twitter_misc":{"Verfasst von":"rtnews","Gesch\u00e4tzte Lesezeit":"2\u00a0Minuten"},"schema":{"@context":"https:\/\/schema.org","@graph":[{"@type":"Article","@id":"https:\/\/now-news.de\/de\/deutschland\/kretschmer-bundespolitik-hat-die-dramatische-wirtschaftliche-situation-nicht-verstanden\/#article","isPartOf":{"@id":"https:\/\/now-news.de\/de\/deutschland\/kretschmer-bundespolitik-hat-die-dramatische-wirtschaftliche-situation-nicht-verstanden\/"},"author":{"name":"rtnews","@id":"https:\/\/now-news.de\/de\/#\/schema\/person\/fb534a4e865501d8b3285208df34a9b5"},"headline":"Kretschmer: &quot;Bundespolitik hat die dramatische wirtschaftliche Situation nicht verstanden&quot;","datePublished":"2025-10-25T10:52:02+00:00","dateModified":"2025-10-25T10:52:02+00:00","mainEntityOfPage":{"@id":"https:\/\/now-news.de\/de\/deutschland\/kretschmer-bundespolitik-hat-die-dramatische-wirtschaftliche-situation-nicht-verstanden\/"},"wordCount":364,"commentCount":0,"publisher":{"@id":"https:\/\/now-news.de\/de\/#organization"},"image":{"@id":"https:\/\/now-news.de\/de\/deutschland\/kretschmer-bundespolitik-hat-die-dramatische-wirtschaftliche-situation-nicht-verstanden\/#primaryimage"},"thumbnailUrl":"https:\/\/now-news.de\/de\/wp-content\/uploads\/sites\/3\/2025\/10\/Kretschmer-quotBundespolitik-hat-die-dramatische-wirtschaftliche-Situation-nicht-verstandenquot.jpg","keywords":["die","Dramatische","hat","Kretschmer","nicht","quotBundespolitik","Situation","verstandenquot","wirtschaftliche"],"articleSection":["Deutschland","Russland"],"inLanguage":"de","potentialAction":[{"@type":"CommentAction","name":"Comment","target":["https:\/\/now-news.de\/de\/deutschland\/kretschmer-bundespolitik-hat-die-dramatische-wirtschaftliche-situation-nicht-verstanden\/#respond"]}]},{"@type":"WebPage","@id":"https:\/\/now-news.de\/de\/deutschland\/kretschmer-bundespolitik-hat-die-dramatische-wirtschaftliche-situation-nicht-verstanden\/","url":"https:\/\/now-news.de\/de\/deutschland\/kretschmer-bundespolitik-hat-die-dramatische-wirtschaftliche-situation-nicht-verstanden\/","name":"Kretschmer: &quot;Bundespolitik hat die dramatische wirtschaftliche Situation nicht verstanden&quot; - just-now.NEWS Deutschland","isPartOf":{"@id":"https:\/\/now-news.de\/de\/#website"},"primaryImageOfPage":{"@id":"https:\/\/now-news.de\/de\/deutschland\/kretschmer-bundespolitik-hat-die-dramatische-wirtschaftliche-situation-nicht-verstanden\/#primaryimage"},"image":{"@id":"https:\/\/now-news.de\/de\/deutschland\/kretschmer-bundespolitik-hat-die-dramatische-wirtschaftliche-situation-nicht-verstanden\/#primaryimage"},"thumbnailUrl":"https:\/\/now-news.de\/de\/wp-content\/uploads\/sites\/3\/2025\/10\/Kretschmer-quotBundespolitik-hat-die-dramatische-wirtschaftliche-Situation-nicht-verstandenquot.jpg","datePublished":"2025-10-25T10:52:02+00:00","dateModified":"2025-10-25T10:52:02+00:00","breadcrumb":{"@id":"https:\/\/now-news.de\/de\/deutschland\/kretschmer-bundespolitik-hat-die-dramatische-wirtschaftliche-situation-nicht-verstanden\/#breadcrumb"},"inLanguage":"de","potentialAction":[{"@type":"ReadAction","target":["https:\/\/now-news.de\/de\/deutschland\/kretschmer-bundespolitik-hat-die-dramatische-wirtschaftliche-situation-nicht-verstanden\/"]}]},{"@type":"ImageObject","inLanguage":"de","@id":"https:\/\/now-news.de\/de\/deutschland\/kretschmer-bundespolitik-hat-die-dramatische-wirtschaftliche-situation-nicht-verstanden\/#primaryimage","url":"https:\/\/now-news.de\/de\/wp-content\/uploads\/sites\/3\/2025\/10\/Kretschmer-quotBundespolitik-hat-die-dramatische-wirtschaftliche-Situation-nicht-verstandenquot.jpg","contentUrl":"https:\/\/now-news.de\/de\/wp-content\/uploads\/sites\/3\/2025\/10\/Kretschmer-quotBundespolitik-hat-die-dramatische-wirtschaftliche-Situation-nicht-verstandenquot.jpg","width":460,"height":259,"caption":"Kretschmer: &quot;Bundespolitik hat die dramatische wirtschaftliche Situation nicht verstanden&quot;"},{"@type":"BreadcrumbList","@id":"https:\/\/now-news.de\/de\/deutschland\/kretschmer-bundespolitik-hat-die-dramatische-wirtschaftliche-situation-nicht-verstanden\/#breadcrumb","itemListElement":[{"@type":"ListItem","position":1,"name":"Home","item":"https:\/\/now-news.de\/de\/"},{"@type":"ListItem","position":2,"name":"Kretschmer: &quot;Bundespolitik hat die dramatische wirtschaftliche Situation nicht verstanden&quot;"}]},{"@type":"WebSite","@id":"https:\/\/now-news.de\/de\/#website","url":"https:\/\/now-news.de\/de\/","name":"just-now.NEWS Deutschland","description":"Das Portal f\u00fcr unzensierte Nachrichten aus der Welt","publisher":{"@id":"https:\/\/now-news.de\/de\/#organization"},"potentialAction":[{"@type":"SearchAction","target":{"@type":"EntryPoint","urlTemplate":"https:\/\/now-news.de\/de\/?s={search_term_string}"},"query-input":"required name=search_term_string"}],"inLanguage":"de"},{"@type":"Organization","@id":"https:\/\/now-news.de\/de\/#organization","name":"Just Now News","url":"https:\/\/now-news.de\/de\/","logo":{"@type":"ImageObject","inLanguage":"de","@id":"https:\/\/now-news.de\/de\/#\/schema\/logo\/image\/","url":"http:\/\/just-now.news\/de\/wp-content\/uploads\/sites\/3\/2022\/04\/logo500x500.jpg","contentUrl":"http:\/\/just-now.news\/de\/wp-content\/uploads\/sites\/3\/2022\/04\/logo500x500.jpg","width":500,"height":500,"caption":"Just Now News"},"image":{"@id":"https:\/\/now-news.de\/de\/#\/schema\/logo\/image\/"},"sameAs":["https:\/\/www.facebook.com\/wirmachenauf","https:\/\/x.com\/WirMachenAuf_de"]},{"@type":"Person","@id":"https:\/\/now-news.de\/de\/#\/schema\/person\/fb534a4e865501d8b3285208df34a9b5","name":"rtnews","image":{"@type":"ImageObject","inLanguage":"de","@id":"https:\/\/now-news.de\/de\/#\/schema\/person\/image\/","url":"https:\/\/secure.gravatar.com\/avatar\/82aafea7d8127119dd649515f56e2117?s=96&d=mm&r=g","contentUrl":"https:\/\/secure.gravatar.com\/avatar\/82aafea7d8127119dd649515f56e2117?s=96&d=mm&r=g","caption":"rtnews"},"url":"https:\/\/now-news.de\/de\/author\/rnews\/"}]}},"_links":{"self":[{"href":"https:\/\/now-news.de\/de\/wp-json\/wp\/v2\/posts\/92791"}],"collection":[{"href":"https:\/\/now-news.de\/de\/wp-json\/wp\/v2\/posts"}],"about":[{"href":"https:\/\/now-news.de\/de\/wp-json\/wp\/v2\/types\/post"}],"author":[{"embeddable":true,"href":"https:\/\/now-news.de\/de\/wp-json\/wp\/v2\/users\/3"}],"replies":[{"embeddable":true,"href":"https:\/\/now-news.de\/de\/wp-json\/wp\/v2\/comments?post=92791"}],"version-history":[{"count":0,"href":"https:\/\/now-news.de\/de\/wp-json\/wp\/v2\/posts\/92791\/revisions"}],"wp:featuredmedia":[{"embeddable":true,"href":"https:\/\/now-news.de\/de\/wp-json\/wp\/v2\/media\/92792"}],"wp:attachment":[{"href":"https:\/\/now-news.de\/de\/wp-json\/wp\/v2\/media?parent=92791"}],"wp:term":[{"taxonomy":"category","embeddable":true,"href":"https:\/\/now-news.de\/de\/wp-json\/wp\/v2\/categories?post=92791"},{"taxonomy":"post_tag","embeddable":true,"href":"https:\/\/now-news.de\/de\/wp-json\/wp\/v2\/tags?post=92791"}],"curies":[{"name":"wp","href":"https:\/\/api.w.org\/{rel}","templated":true}]}}