{"id":9279,"date":"2022-05-30T18:58:27","date_gmt":"2022-05-30T16:58:27","guid":{"rendered":"http:\/\/just-now.news\/de\/deutschland\/polen-will-kontrolle-ueber-weltfonds-fuer-wiederaufbau-der-ukraine\/"},"modified":"2022-05-30T18:58:27","modified_gmt":"2022-05-30T16:58:27","slug":"polen-will-kontrolle-ueber-weltfonds-fuer-wiederaufbau-der-ukraine","status":"publish","type":"post","link":"https:\/\/now-news.de\/de\/deutschland\/polen-will-kontrolle-ueber-weltfonds-fuer-wiederaufbau-der-ukraine\/","title":{"rendered":"Polen will Kontrolle \u00fcber Weltfonds f\u00fcr Wiederaufbau der Ukraine"},"content":{"rendered":"<p><img decoding=\"async\" src=\"http:\/\/just-now.news\/de\/wp-content\/uploads\/sites\/3\/2022\/05\/6294aa4948fbef7b437cd7e5.jpg\" \/><\/p>\n<div class=\"Text-root Text-type_1 \">\n                Warschau zufolge will die UNO einen Fonds f\u00fcr den Wiederaufbau der Ukraine einrichten. Einem hochrangigen Regierungsvertreter zufolge sollte dieser in Polen angesiedelt werden, da weltweit anerkannt sei, dass Warschau Kiew im Konflikt mit Russland am meisten geholfen habe.\n            <\/div>\n<p><\/p>\n<div class=\"Text-root Text-type_5 ArticleView-text ViewText-root \">\n<p>Der Hauptsitz des UN-Fonds f\u00fcr den Wiederaufbau der Ukraine nach dem Konflikt mit Russland sollte in Polen angesiedelt werden, meint der stellvertretende Ministerpr\u00e4sident des Landes Jacek Sasin.<\/p>\n<p>Sasin, der vergangene Woche am Weltwirtschaftsforum (WEF) in Davos teilnahm, sagte dem polnischen Rundfunk am Sonntag, dass das Thema des Wiederaufbaus der Ukraine bei dem hochkar\u00e4tigen Treffen &#8220;sehr pr\u00e4sent&#8221; gewesen sei. Er f\u00fcgte hinzu:<\/p>\n<blockquote>\n<p><em>&#8220;Polen wurde praktisch \u00fcberall als das Land erw\u00e4hnt, das der Ukraine die meiste Hilfe leistet.&#8221;<\/em><\/p>\n<\/blockquote>\n<p>Polen, das rund 3,7 Millionen ukrainische Fl\u00fcchtlinge aufgenommen hat, hat Kiew w\u00e4hrend des anhaltenden Konflikts aktiv mit Waffen einschlie\u00dflich Panzern versorgt. Die Waffen und Hilfsg\u00fcter anderer L\u00e4nder sowie ausl\u00e4ndische S\u00f6ldner sind ebenfalls \u00fcber polnisches Territorium in die Ukraine gelangt.<\/p>\n<p>Es sei Aufgabe Polens, daf\u00fcr zu sorgen, dass &#8220;das Getreide aus der Ukraine, zumindest zum Teil, die M\u00e4rkte erreicht&#8221;, so der stellvertretende Ministerpr\u00e4sident. Die Ukraine ist ein wichtiger Getreideproduzent, aber da die H\u00e4fen am Schwarzen Meer aufgrund der K\u00e4mpfe geschlossen sind, stehen f\u00fcr die Exporte nur Landwege zur Verf\u00fcgung.<\/p>\n<p>Laut Sasin ist die polnische Regierung bestrebt, eine noch gr\u00f6\u00dfere Rolle bei der Beseitigung der Sch\u00e4den in ihrem Nachbarland zu spielen. Er erkl\u00e4rte:<\/p>\n<blockquote>\n<p><em>&#8220;Die UNO richtet einen internationalen Fonds ein, um den Wiederaufbau der Ukraine zu unterst\u00fctzen. Wir setzen uns daf\u00fcr ein, dass das Zentrum dieses Fonds in Polen liegt. Damit h\u00e4tten wir nicht nur ein logistisches, sondern auch ein finanzielles Zentrum.&#8221;<\/em><\/p>\n<\/blockquote>\n<p>Nach Angaben des Vize-Regierungschefs habe Warschau bereits Gespr\u00e4che mit Kiew \u00fcber die Beteiligung polnischer Unternehmen am Wiederaufbau der Ukraine aufgenommen.<\/p>\n<p>Im vergangenen Monat erkl\u00e4rte der russische Auslandsgeheimdienst (SVR), dass Warschau, obwohl es sich als gr\u00f6\u00dfter Verb\u00fcndeter Kiews positioniert, den Konflikt nutzen wolle, um sich Gebiete in der Ukraine anzueignen, die Polen &#8220;historisch als sein Eigen&#8221; betrachtet.<\/p>\n<p>Der mit Washington abgestimmte Plan sehe die Entsendung polnischer &#8220;Friedenstruppen&#8221; in die Westukraine unter dem Vorwand des &#8220;Schutzes vor russischer Aggression&#8221; vor, um die Kontrolle \u00fcber die gew\u00fcnschten Gebiete zu erlangen.<\/p>\n<p>Anfang des Monats versprach der ukrainische Pr\u00e4sident Wladimir Selenskij, polnischen B\u00fcrgern einen besonderen Rechtsstatus zu gew\u00e4hren, und betonte, dass es &#8220;keine Grenzen oder Barrieren&#8221; zwischen den Nachbarn geben sollte. Er betonte:<\/p>\n<blockquote>\n<p><em>&#8220;Mental sind das ukrainische und das polnische Volk schon seit langem untrennbar miteinander verbunden.&#8221;<\/em><\/p>\n<\/blockquote>\n<p><strong>Mehr zum Thema<\/strong> &#8211; <a rel=\"nofollow noopener\" target=\"_blank\" href=\"https:\/\/de.rt.com\/meinung\/139310-tod-und-verderben-genetische-code\/\">Tod und Verderben \u2013 Der genetische Code der NATO<\/a><\/p>\n<\/div>\n<p><br \/>\n<br \/><a href=\"https:\/\/de.rt.com\/europa\/139753-polen-will-kontrolle-ueber-weltfonds\/\">Source link <\/a><\/p>\n","protected":false},"excerpt":{"rendered":"<p>Warschau zufolge will die UNO einen Fonds f\u00fcr den Wiederaufbau der Ukraine einrichten. Einem hochrangigen Regierungsvertreter zufolge sollte dieser in Polen angesiedelt werden, da weltweit anerkannt sei, dass Warschau Kiew im Konflikt mit Russland am meisten geholfen habe. Der Hauptsitz des UN-Fonds f\u00fcr den Wiederaufbau der Ukraine nach dem Konflikt mit Russland sollte in Polen [&hellip;]<\/p>\n","protected":false},"author":3,"featured_media":9280,"comment_status":"open","ping_status":"open","sticky":false,"template":"","format":"standard","meta":{"wp_automatic_camp":["217"],"81ea912da03298fe95c301b326f7b880":["Polen will Kontrolle \u00fcber Weltfonds f\u00fcr Wiederaufbau der Ukraine"],"original_link":["https:\/\/de.rt.com\/europa\/139753-polen-will-kontrolle-ueber-weltfonds\/"],"_thumbnail_id":["9280"],"_wptg_p2tg_sent2tg":["2022-05-30 18:59:59"],"jnews_social_counter_last_update":["1777601899"]},"categories":[19,23],"tags":[82,221,4567,5850,139,127,22437,6912],"yoast_head":"<!-- This site is optimized with the Yoast SEO Premium plugin v22.7 (Yoast SEO v22.7) - https:\/\/yoast.com\/wordpress\/plugins\/seo\/ -->\n<title>Polen will Kontrolle \u00fcber Weltfonds f\u00fcr Wiederaufbau der Ukraine - just-now.NEWS Deutschland<\/title>\n<meta name=\"robots\" content=\"index, follow, max-snippet:-1, max-image-preview:large, max-video-preview:-1\" \/>\n<link rel=\"canonical\" href=\"https:\/\/now-news.de\/de\/deutschland\/polen-will-kontrolle-ueber-weltfonds-fuer-wiederaufbau-der-ukraine\/\" \/>\n<meta property=\"og:locale\" content=\"de_DE\" \/>\n<meta property=\"og:type\" content=\"article\" \/>\n<meta property=\"og:title\" content=\"Polen will Kontrolle \u00fcber Weltfonds f\u00fcr Wiederaufbau der Ukraine\" \/>\n<meta property=\"og:description\" content=\"Warschau zufolge will die UNO einen Fonds f\u00fcr den Wiederaufbau der Ukraine einrichten. Einem hochrangigen Regierungsvertreter zufolge sollte dieser in Polen angesiedelt werden, da weltweit anerkannt sei, dass Warschau Kiew im Konflikt mit Russland am meisten geholfen habe. Der Hauptsitz des UN-Fonds f\u00fcr den Wiederaufbau der Ukraine nach dem Konflikt mit Russland sollte in Polen [&hellip;]\" \/>\n<meta property=\"og:url\" content=\"https:\/\/now-news.de\/de\/deutschland\/polen-will-kontrolle-ueber-weltfonds-fuer-wiederaufbau-der-ukraine\/\" \/>\n<meta property=\"og:site_name\" content=\"just-now.NEWS Deutschland\" \/>\n<meta property=\"article:publisher\" content=\"https:\/\/www.facebook.com\/wirmachenauf\" \/>\n<meta property=\"article:published_time\" content=\"2022-05-30T16:58:27+00:00\" \/>\n<meta property=\"og:image\" content=\"https:\/\/now-news.de\/de\/wp-content\/uploads\/sites\/3\/2022\/05\/Polen-will-Kontrolle-ueber-Weltfonds-fuer-Wiederaufbau-der-Ukraine.jpg\" \/>\n\t<meta property=\"og:image:width\" content=\"460\" \/>\n\t<meta property=\"og:image:height\" content=\"259\" \/>\n\t<meta property=\"og:image:type\" content=\"image\/jpeg\" \/>\n<meta name=\"author\" content=\"rtnews\" \/>\n<meta name=\"twitter:card\" content=\"summary_large_image\" \/>\n<meta name=\"twitter:creator\" content=\"@WirMachenAuf_de\" \/>\n<meta name=\"twitter:site\" content=\"@WirMachenAuf_de\" \/>\n<meta name=\"twitter:label1\" content=\"Verfasst von\" \/>\n\t<meta name=\"twitter:data1\" content=\"rtnews\" \/>\n\t<meta name=\"twitter:label2\" content=\"Gesch\u00e4tzte Lesezeit\" \/>\n\t<meta name=\"twitter:data2\" content=\"2\u00a0Minuten\" \/>\n<script type=\"application\/ld+json\" class=\"yoast-schema-graph\">{\"@context\":\"https:\/\/schema.org\",\"@graph\":[{\"@type\":\"Article\",\"@id\":\"https:\/\/now-news.de\/de\/deutschland\/polen-will-kontrolle-ueber-weltfonds-fuer-wiederaufbau-der-ukraine\/#article\",\"isPartOf\":{\"@id\":\"https:\/\/now-news.de\/de\/deutschland\/polen-will-kontrolle-ueber-weltfonds-fuer-wiederaufbau-der-ukraine\/\"},\"author\":{\"name\":\"rtnews\",\"@id\":\"https:\/\/now-news.de\/de\/#\/schema\/person\/fb534a4e865501d8b3285208df34a9b5\"},\"headline\":\"Polen will Kontrolle \u00fcber Weltfonds f\u00fcr Wiederaufbau der Ukraine\",\"datePublished\":\"2022-05-30T16:58:27+00:00\",\"dateModified\":\"2022-05-30T16:58:27+00:00\",\"mainEntityOfPage\":{\"@id\":\"https:\/\/now-news.de\/de\/deutschland\/polen-will-kontrolle-ueber-weltfonds-fuer-wiederaufbau-der-ukraine\/\"},\"wordCount\":455,\"commentCount\":0,\"publisher\":{\"@id\":\"https:\/\/now-news.de\/de\/#organization\"},\"image\":{\"@id\":\"https:\/\/now-news.de\/de\/deutschland\/polen-will-kontrolle-ueber-weltfonds-fuer-wiederaufbau-der-ukraine\/#primaryimage\"},\"thumbnailUrl\":\"https:\/\/now-news.de\/de\/wp-content\/uploads\/sites\/3\/2022\/05\/Polen-will-Kontrolle-ueber-Weltfonds-fuer-Wiederaufbau-der-Ukraine.jpg\",\"keywords\":[\"der\",\"f\u00fcr\",\"Kontrolle\",\"Polen\",\"\u00fcber\",\"ukraine\",\"Weltfonds\",\"Wiederaufbau\"],\"articleSection\":[\"Deutschland\",\"Russland\"],\"inLanguage\":\"de\",\"potentialAction\":[{\"@type\":\"CommentAction\",\"name\":\"Comment\",\"target\":[\"https:\/\/now-news.de\/de\/deutschland\/polen-will-kontrolle-ueber-weltfonds-fuer-wiederaufbau-der-ukraine\/#respond\"]}]},{\"@type\":\"WebPage\",\"@id\":\"https:\/\/now-news.de\/de\/deutschland\/polen-will-kontrolle-ueber-weltfonds-fuer-wiederaufbau-der-ukraine\/\",\"url\":\"https:\/\/now-news.de\/de\/deutschland\/polen-will-kontrolle-ueber-weltfonds-fuer-wiederaufbau-der-ukraine\/\",\"name\":\"Polen will Kontrolle \u00fcber Weltfonds f\u00fcr Wiederaufbau der Ukraine - just-now.NEWS Deutschland\",\"isPartOf\":{\"@id\":\"https:\/\/now-news.de\/de\/#website\"},\"primaryImageOfPage\":{\"@id\":\"https:\/\/now-news.de\/de\/deutschland\/polen-will-kontrolle-ueber-weltfonds-fuer-wiederaufbau-der-ukraine\/#primaryimage\"},\"image\":{\"@id\":\"https:\/\/now-news.de\/de\/deutschland\/polen-will-kontrolle-ueber-weltfonds-fuer-wiederaufbau-der-ukraine\/#primaryimage\"},\"thumbnailUrl\":\"https:\/\/now-news.de\/de\/wp-content\/uploads\/sites\/3\/2022\/05\/Polen-will-Kontrolle-ueber-Weltfonds-fuer-Wiederaufbau-der-Ukraine.jpg\",\"datePublished\":\"2022-05-30T16:58:27+00:00\",\"dateModified\":\"2022-05-30T16:58:27+00:00\",\"breadcrumb\":{\"@id\":\"https:\/\/now-news.de\/de\/deutschland\/polen-will-kontrolle-ueber-weltfonds-fuer-wiederaufbau-der-ukraine\/#breadcrumb\"},\"inLanguage\":\"de\",\"potentialAction\":[{\"@type\":\"ReadAction\",\"target\":[\"https:\/\/now-news.de\/de\/deutschland\/polen-will-kontrolle-ueber-weltfonds-fuer-wiederaufbau-der-ukraine\/\"]}]},{\"@type\":\"ImageObject\",\"inLanguage\":\"de\",\"@id\":\"https:\/\/now-news.de\/de\/deutschland\/polen-will-kontrolle-ueber-weltfonds-fuer-wiederaufbau-der-ukraine\/#primaryimage\",\"url\":\"https:\/\/now-news.de\/de\/wp-content\/uploads\/sites\/3\/2022\/05\/Polen-will-Kontrolle-ueber-Weltfonds-fuer-Wiederaufbau-der-Ukraine.jpg\",\"contentUrl\":\"https:\/\/now-news.de\/de\/wp-content\/uploads\/sites\/3\/2022\/05\/Polen-will-Kontrolle-ueber-Weltfonds-fuer-Wiederaufbau-der-Ukraine.jpg\",\"width\":460,\"height\":259,\"caption\":\"Polen will Kontrolle \u00fcber Weltfonds f\u00fcr Wiederaufbau der Ukraine\"},{\"@type\":\"BreadcrumbList\",\"@id\":\"https:\/\/now-news.de\/de\/deutschland\/polen-will-kontrolle-ueber-weltfonds-fuer-wiederaufbau-der-ukraine\/#breadcrumb\",\"itemListElement\":[{\"@type\":\"ListItem\",\"position\":1,\"name\":\"Home\",\"item\":\"https:\/\/now-news.de\/de\/\"},{\"@type\":\"ListItem\",\"position\":2,\"name\":\"Polen will Kontrolle \u00fcber Weltfonds f\u00fcr Wiederaufbau der Ukraine\"}]},{\"@type\":\"WebSite\",\"@id\":\"https:\/\/now-news.de\/de\/#website\",\"url\":\"https:\/\/now-news.de\/de\/\",\"name\":\"just-now.NEWS Deutschland\",\"description\":\"Das Portal f\u00fcr unzensierte Nachrichten aus der Welt\",\"publisher\":{\"@id\":\"https:\/\/now-news.de\/de\/#organization\"},\"potentialAction\":[{\"@type\":\"SearchAction\",\"target\":{\"@type\":\"EntryPoint\",\"urlTemplate\":\"https:\/\/now-news.de\/de\/?s={search_term_string}\"},\"query-input\":\"required name=search_term_string\"}],\"inLanguage\":\"de\"},{\"@type\":\"Organization\",\"@id\":\"https:\/\/now-news.de\/de\/#organization\",\"name\":\"Just Now News\",\"url\":\"https:\/\/now-news.de\/de\/\",\"logo\":{\"@type\":\"ImageObject\",\"inLanguage\":\"de\",\"@id\":\"https:\/\/now-news.de\/de\/#\/schema\/logo\/image\/\",\"url\":\"http:\/\/just-now.news\/de\/wp-content\/uploads\/sites\/3\/2022\/04\/logo500x500.jpg\",\"contentUrl\":\"http:\/\/just-now.news\/de\/wp-content\/uploads\/sites\/3\/2022\/04\/logo500x500.jpg\",\"width\":500,\"height\":500,\"caption\":\"Just Now News\"},\"image\":{\"@id\":\"https:\/\/now-news.de\/de\/#\/schema\/logo\/image\/\"},\"sameAs\":[\"https:\/\/www.facebook.com\/wirmachenauf\",\"https:\/\/x.com\/WirMachenAuf_de\"]},{\"@type\":\"Person\",\"@id\":\"https:\/\/now-news.de\/de\/#\/schema\/person\/fb534a4e865501d8b3285208df34a9b5\",\"name\":\"rtnews\",\"image\":{\"@type\":\"ImageObject\",\"inLanguage\":\"de\",\"@id\":\"https:\/\/now-news.de\/de\/#\/schema\/person\/image\/\",\"url\":\"https:\/\/secure.gravatar.com\/avatar\/82aafea7d8127119dd649515f56e2117?s=96&d=mm&r=g\",\"contentUrl\":\"https:\/\/secure.gravatar.com\/avatar\/82aafea7d8127119dd649515f56e2117?s=96&d=mm&r=g\",\"caption\":\"rtnews\"},\"url\":\"https:\/\/now-news.de\/de\/author\/rnews\/\"}]}<\/script>\n<!-- \/ Yoast SEO Premium plugin. -->","yoast_head_json":{"title":"Polen will Kontrolle \u00fcber Weltfonds f\u00fcr Wiederaufbau der Ukraine - just-now.NEWS Deutschland","robots":{"index":"index","follow":"follow","max-snippet":"max-snippet:-1","max-image-preview":"max-image-preview:large","max-video-preview":"max-video-preview:-1"},"canonical":"https:\/\/now-news.de\/de\/deutschland\/polen-will-kontrolle-ueber-weltfonds-fuer-wiederaufbau-der-ukraine\/","og_locale":"de_DE","og_type":"article","og_title":"Polen will Kontrolle \u00fcber Weltfonds f\u00fcr Wiederaufbau der Ukraine","og_description":"Warschau zufolge will die UNO einen Fonds f\u00fcr den Wiederaufbau der Ukraine einrichten. Einem hochrangigen Regierungsvertreter zufolge sollte dieser in Polen angesiedelt werden, da weltweit anerkannt sei, dass Warschau Kiew im Konflikt mit Russland am meisten geholfen habe. Der Hauptsitz des UN-Fonds f\u00fcr den Wiederaufbau der Ukraine nach dem Konflikt mit Russland sollte in Polen [&hellip;]","og_url":"https:\/\/now-news.de\/de\/deutschland\/polen-will-kontrolle-ueber-weltfonds-fuer-wiederaufbau-der-ukraine\/","og_site_name":"just-now.NEWS Deutschland","article_publisher":"https:\/\/www.facebook.com\/wirmachenauf","article_published_time":"2022-05-30T16:58:27+00:00","og_image":[{"width":460,"height":259,"url":"https:\/\/now-news.de\/de\/wp-content\/uploads\/sites\/3\/2022\/05\/Polen-will-Kontrolle-ueber-Weltfonds-fuer-Wiederaufbau-der-Ukraine.jpg","type":"image\/jpeg"}],"author":"rtnews","twitter_card":"summary_large_image","twitter_creator":"@WirMachenAuf_de","twitter_site":"@WirMachenAuf_de","twitter_misc":{"Verfasst von":"rtnews","Gesch\u00e4tzte Lesezeit":"2\u00a0Minuten"},"schema":{"@context":"https:\/\/schema.org","@graph":[{"@type":"Article","@id":"https:\/\/now-news.de\/de\/deutschland\/polen-will-kontrolle-ueber-weltfonds-fuer-wiederaufbau-der-ukraine\/#article","isPartOf":{"@id":"https:\/\/now-news.de\/de\/deutschland\/polen-will-kontrolle-ueber-weltfonds-fuer-wiederaufbau-der-ukraine\/"},"author":{"name":"rtnews","@id":"https:\/\/now-news.de\/de\/#\/schema\/person\/fb534a4e865501d8b3285208df34a9b5"},"headline":"Polen will Kontrolle \u00fcber Weltfonds f\u00fcr Wiederaufbau der Ukraine","datePublished":"2022-05-30T16:58:27+00:00","dateModified":"2022-05-30T16:58:27+00:00","mainEntityOfPage":{"@id":"https:\/\/now-news.de\/de\/deutschland\/polen-will-kontrolle-ueber-weltfonds-fuer-wiederaufbau-der-ukraine\/"},"wordCount":455,"commentCount":0,"publisher":{"@id":"https:\/\/now-news.de\/de\/#organization"},"image":{"@id":"https:\/\/now-news.de\/de\/deutschland\/polen-will-kontrolle-ueber-weltfonds-fuer-wiederaufbau-der-ukraine\/#primaryimage"},"thumbnailUrl":"https:\/\/now-news.de\/de\/wp-content\/uploads\/sites\/3\/2022\/05\/Polen-will-Kontrolle-ueber-Weltfonds-fuer-Wiederaufbau-der-Ukraine.jpg","keywords":["der","f\u00fcr","Kontrolle","Polen","\u00fcber","ukraine","Weltfonds","Wiederaufbau"],"articleSection":["Deutschland","Russland"],"inLanguage":"de","potentialAction":[{"@type":"CommentAction","name":"Comment","target":["https:\/\/now-news.de\/de\/deutschland\/polen-will-kontrolle-ueber-weltfonds-fuer-wiederaufbau-der-ukraine\/#respond"]}]},{"@type":"WebPage","@id":"https:\/\/now-news.de\/de\/deutschland\/polen-will-kontrolle-ueber-weltfonds-fuer-wiederaufbau-der-ukraine\/","url":"https:\/\/now-news.de\/de\/deutschland\/polen-will-kontrolle-ueber-weltfonds-fuer-wiederaufbau-der-ukraine\/","name":"Polen will Kontrolle \u00fcber Weltfonds f\u00fcr Wiederaufbau der Ukraine - just-now.NEWS Deutschland","isPartOf":{"@id":"https:\/\/now-news.de\/de\/#website"},"primaryImageOfPage":{"@id":"https:\/\/now-news.de\/de\/deutschland\/polen-will-kontrolle-ueber-weltfonds-fuer-wiederaufbau-der-ukraine\/#primaryimage"},"image":{"@id":"https:\/\/now-news.de\/de\/deutschland\/polen-will-kontrolle-ueber-weltfonds-fuer-wiederaufbau-der-ukraine\/#primaryimage"},"thumbnailUrl":"https:\/\/now-news.de\/de\/wp-content\/uploads\/sites\/3\/2022\/05\/Polen-will-Kontrolle-ueber-Weltfonds-fuer-Wiederaufbau-der-Ukraine.jpg","datePublished":"2022-05-30T16:58:27+00:00","dateModified":"2022-05-30T16:58:27+00:00","breadcrumb":{"@id":"https:\/\/now-news.de\/de\/deutschland\/polen-will-kontrolle-ueber-weltfonds-fuer-wiederaufbau-der-ukraine\/#breadcrumb"},"inLanguage":"de","potentialAction":[{"@type":"ReadAction","target":["https:\/\/now-news.de\/de\/deutschland\/polen-will-kontrolle-ueber-weltfonds-fuer-wiederaufbau-der-ukraine\/"]}]},{"@type":"ImageObject","inLanguage":"de","@id":"https:\/\/now-news.de\/de\/deutschland\/polen-will-kontrolle-ueber-weltfonds-fuer-wiederaufbau-der-ukraine\/#primaryimage","url":"https:\/\/now-news.de\/de\/wp-content\/uploads\/sites\/3\/2022\/05\/Polen-will-Kontrolle-ueber-Weltfonds-fuer-Wiederaufbau-der-Ukraine.jpg","contentUrl":"https:\/\/now-news.de\/de\/wp-content\/uploads\/sites\/3\/2022\/05\/Polen-will-Kontrolle-ueber-Weltfonds-fuer-Wiederaufbau-der-Ukraine.jpg","width":460,"height":259,"caption":"Polen will Kontrolle \u00fcber Weltfonds f\u00fcr Wiederaufbau der Ukraine"},{"@type":"BreadcrumbList","@id":"https:\/\/now-news.de\/de\/deutschland\/polen-will-kontrolle-ueber-weltfonds-fuer-wiederaufbau-der-ukraine\/#breadcrumb","itemListElement":[{"@type":"ListItem","position":1,"name":"Home","item":"https:\/\/now-news.de\/de\/"},{"@type":"ListItem","position":2,"name":"Polen will Kontrolle \u00fcber Weltfonds f\u00fcr Wiederaufbau der Ukraine"}]},{"@type":"WebSite","@id":"https:\/\/now-news.de\/de\/#website","url":"https:\/\/now-news.de\/de\/","name":"just-now.NEWS Deutschland","description":"Das Portal f\u00fcr unzensierte Nachrichten aus der Welt","publisher":{"@id":"https:\/\/now-news.de\/de\/#organization"},"potentialAction":[{"@type":"SearchAction","target":{"@type":"EntryPoint","urlTemplate":"https:\/\/now-news.de\/de\/?s={search_term_string}"},"query-input":"required name=search_term_string"}],"inLanguage":"de"},{"@type":"Organization","@id":"https:\/\/now-news.de\/de\/#organization","name":"Just Now News","url":"https:\/\/now-news.de\/de\/","logo":{"@type":"ImageObject","inLanguage":"de","@id":"https:\/\/now-news.de\/de\/#\/schema\/logo\/image\/","url":"http:\/\/just-now.news\/de\/wp-content\/uploads\/sites\/3\/2022\/04\/logo500x500.jpg","contentUrl":"http:\/\/just-now.news\/de\/wp-content\/uploads\/sites\/3\/2022\/04\/logo500x500.jpg","width":500,"height":500,"caption":"Just Now News"},"image":{"@id":"https:\/\/now-news.de\/de\/#\/schema\/logo\/image\/"},"sameAs":["https:\/\/www.facebook.com\/wirmachenauf","https:\/\/x.com\/WirMachenAuf_de"]},{"@type":"Person","@id":"https:\/\/now-news.de\/de\/#\/schema\/person\/fb534a4e865501d8b3285208df34a9b5","name":"rtnews","image":{"@type":"ImageObject","inLanguage":"de","@id":"https:\/\/now-news.de\/de\/#\/schema\/person\/image\/","url":"https:\/\/secure.gravatar.com\/avatar\/82aafea7d8127119dd649515f56e2117?s=96&d=mm&r=g","contentUrl":"https:\/\/secure.gravatar.com\/avatar\/82aafea7d8127119dd649515f56e2117?s=96&d=mm&r=g","caption":"rtnews"},"url":"https:\/\/now-news.de\/de\/author\/rnews\/"}]}},"_links":{"self":[{"href":"https:\/\/now-news.de\/de\/wp-json\/wp\/v2\/posts\/9279"}],"collection":[{"href":"https:\/\/now-news.de\/de\/wp-json\/wp\/v2\/posts"}],"about":[{"href":"https:\/\/now-news.de\/de\/wp-json\/wp\/v2\/types\/post"}],"author":[{"embeddable":true,"href":"https:\/\/now-news.de\/de\/wp-json\/wp\/v2\/users\/3"}],"replies":[{"embeddable":true,"href":"https:\/\/now-news.de\/de\/wp-json\/wp\/v2\/comments?post=9279"}],"version-history":[{"count":0,"href":"https:\/\/now-news.de\/de\/wp-json\/wp\/v2\/posts\/9279\/revisions"}],"wp:featuredmedia":[{"embeddable":true,"href":"https:\/\/now-news.de\/de\/wp-json\/wp\/v2\/media\/9280"}],"wp:attachment":[{"href":"https:\/\/now-news.de\/de\/wp-json\/wp\/v2\/media?parent=9279"}],"wp:term":[{"taxonomy":"category","embeddable":true,"href":"https:\/\/now-news.de\/de\/wp-json\/wp\/v2\/categories?post=9279"},{"taxonomy":"post_tag","embeddable":true,"href":"https:\/\/now-news.de\/de\/wp-json\/wp\/v2\/tags?post=9279"}],"curies":[{"name":"wp","href":"https:\/\/api.w.org\/{rel}","templated":true}]}}