{"id":92789,"date":"2025-10-25T12:16:03","date_gmt":"2025-10-25T10:16:03","guid":{"rendered":"https:\/\/now-news.de\/de\/deutschland\/merz-strategischer-kulturkampf-passt-der-russe-noch-ins-stadtbild\/"},"modified":"2025-10-25T12:16:03","modified_gmt":"2025-10-25T10:16:03","slug":"merz-strategischer-kulturkampf-passt-der-russe-noch-ins-stadtbild","status":"publish","type":"post","link":"https:\/\/now-news.de\/de\/deutschland\/merz-strategischer-kulturkampf-passt-der-russe-noch-ins-stadtbild\/","title":{"rendered":"Merz\u2019 strategischer Kulturkampf: Passt &quot;der Russe&quot; noch ins &quot;Stadtbild&quot;?"},"content":{"rendered":"<p><img decoding=\"async\" src=\"https:\/\/now-news.de\/de\/wp-content\/uploads\/sites\/3\/2025\/10\/68fb5ac548fbef32250be751.jpg\" \/><\/p>\n<div class=\"Text-root Text-type_1 \">\n                Die einen emp\u00f6ren sich \u00fcber Merz\u2019 Rassismus, andere \u00fcber &#8220;falsche&#8221; Emp\u00f6rte. Die Strategie des Bundeskanzlers, von seiner arbeiterfeindlichen Politik abzulenken und die Gesellschaft aufeinanderzuhetzen, wirkt. Und sie ist gef\u00e4hrlich: So l\u00e4sst sich jede unliebsame Gruppe politisch verfolgen.\n            <\/div>\n<p><\/p>\n<div class=\"Text-root Text-type_5 ArticleView-text ViewText-root \">\n<p><em>Von Susan Bonath<\/em><\/p>\n<p>Die neoliberale Politik des Westens treibt die sozialen Probleme nicht nur in Deutschland auf die Spitze. Inflation und Niedriglohn machen viele Menschen \u00e4rmer. Wohnungsnot und Mietwucher erzeugen Ghettobildung in den St\u00e4dten und Gemeinden. Auch Schikanen gegen Unterprivilegierte, etwa die Bestrafung Arbeitsloser mit Hungersanktionen und Bezahlkarten mit \u00dcberwachungsfunktion f\u00fcr Fl\u00fcchtlinge, lassen die Kriminalit\u00e4t wachsen. Und kriegerische, ausbeuterische, imperialistische Au\u00dfenpolitik beschleunigt Fl\u00fcchtlingsstr\u00f6me.<\/p>\n<p>Wie kaum ein anderer stehen Bundeskanzler Friedrich Merz und seine Unionsparteien CDU und CSU f\u00fcr eine solche Politik des Rechts des St\u00e4rkeren. Um davon abzulenken, tut Merz, was alle Neoliberalen tun: Verlogen deutet er die Symptome, deren Ursache er selbst mit verantwortet, zu einem kulturellen Problem um und erkl\u00e4rt wahllos erweiterbare Gruppen als unerw\u00fcnscht im &#8220;Stadtbild&#8221;. So treibt er die deutsche Politik in eine gef\u00e4hrliche Richtung, die nicht nur rassistische, sondern soziale und politische Verfolgung legalisiert.<\/p>\n<p><strong>Ablenken von politischer Verantwortung<\/strong><\/p>\n<p>Bundeskanzler Friedrich Merz ist ein Vertreter des westlichen Gro\u00dfkapitals. Mit lukrativen Posten, zum Beispiel als Aufsichtsratschef des Deutschland-Ablegers des weltweit gr\u00f6\u00dften Verm\u00f6gensverwalters BlackRock, scheffelte er bekanntlich Millionen. Aus seinem Interesse machte er nie einen Hehl: Superreiche noch reicher zu machen durch maximale Ausbeutung der lohnabh\u00e4ngigen Mehrheit \u2013 innen- wie au\u00dfenpolitisch.<\/p>\n<p>Seit Jahrzehnten hetzt der CDU-Mann vom privilegierten Kapitalisten-Ross herab gegen Menschen, die nicht dem Idealtyp des tagein, tagaus brav lohnarbeitenden, wei\u00dfen deutschen Untertanen entsprechen. Dabei ist die von ihm vertretene und praktizierte neoliberale Politik die Ursache f\u00fcr Verarmung in und Migration nach Deutschland, was zu ebenjenem &#8220;Stadtbild&#8221; f\u00fchrte, das er nach eigener Aussage gern beseitigen w\u00fcrde.<\/p>\n<p>Von seiner Verantwortung f\u00fcr die sich zuspitzenden sozialen Verwerfungen lenkt Merz mit solchen Spr\u00fcchen erfolgreich ab. Emp\u00f6rte Gr\u00fcne und SPDler, kaum minder neoliberal und abschiebefreudig als Merz und seine Unionsparteien CDU und CSU, dazu pseudolinke Kriegstreiber und Kolonialherrenversteher wie &#8220;Omas gegen rechts&#8221; und andere &#8220;Antideutsche&#8221;, schreien &#8220;Rassismus!&#8221;. Sie protestieren nun gegen die CDU, als w\u00e4re Merz\u2019 Erguss ein einmaliger Ausrutscher in diesen Reihen \u2013 was es mitnichten ist.<\/p>\n<p>Und schon steht die emp\u00f6rte Gegenfraktion parat, um Mister BlackRock eifrig zu verteidigen. Denn, oh weh: Die falschen haben den Kanzler des Kapitals kritisiert, da m\u00fcsse man ihn doch wohl in Schutz nehmen. Die Moralins\u00e4ure schwappt \u00fcber, die Masse bek\u00e4mpft sich wieder einmal gegenseitig \u2013 und bei BlackRock, Merz und Co. knallen die Champagnerkorken: Zweck erf\u00fcllt.<\/p>\n<p><strong>Heute Muslime \u2013 morgen Russen?<\/strong><\/p>\n<p>Nun ist es aber so, dass Protest nicht automatisch falsch ist, weil die Falschen ihn vortragen. Falsch daran ist h\u00f6chstens das heuchlerische Moralin, mit dem manch liberaler Kritiker seine fehlende Analyse von Ursache und Symptomen nun stumpf ersetzt. Gef\u00e4hrlich ist Merz\u2019 Rhetorik trotzdem, schon allein, weil ein nicht n\u00e4her definiertes &#8220;Problem im Stadtbild&#8221; private Ansichtssache und regierungspolitisch sehr variabel ist.<\/p>\n<p>Wer als f\u00fchrender Politiker heute Migranten und solche, die mancher daf\u00fcr h\u00e4lt, aus dem &#8220;Stadtbild&#8221; verbannen und als &#8220;Probleml\u00f6sung&#8221; in einen Abschiebeflieger setzen will, bek\u00e4mpft Menschen als &#8220;Symptome&#8221; anstatt der Ursache tats\u00e4chlicher sozialer Verwerfungen: Armut, Niedriglohn, Arbeitslosigkeit, Wohnungsmangel, Ghettoisierung. Wer hetzt wie Merz, hat nicht nur ein rassistisches, sondern auch ein politisches Bild davon im Kopf, wie &#8220;gute&#8221; Deutsche auszusehen und sich zu verhalten haben \u2013 und wer alles nicht dazugeh\u00f6ren darf.<\/p>\n<p>Die Gruppe der derart als Problemfall Ausgegrenzten l\u00e4sst sich fast beliebig erweitern. Geh\u00f6ren asiatische Studenten, Dunkelh\u00e4utige, Nachkommen t\u00fcrkischer oder spanischer Gastarbeiter nach Merz\u2019scher Definition noch zum deutschen &#8220;Stadtbild&#8221;? Was ist mit den Opfern neoliberaler Politik, den Obdach- und Erwerbslosen, den rum\u00e4nischen Billigknechten auf deutschen Baustellen? Ist es f\u00fcr Friedrich Merz noch &#8220;deutsch&#8221; genug, mehr als drei Kinder zu haben? St\u00f6ren ihn auch Kranke und Behinderte, die nicht wie gew\u00fcnscht zum Bruttoinlandsprodukt beitragen k\u00f6nnen und Dienste beanspruchen m\u00fcssen, um mit ihren Rollis in Bus und Bahn zu gelangen? St\u00f6rt er sich auch an Russischst\u00e4mmigen im &#8220;Stadtbild&#8221;? Laut deutscher Staatspropaganda sind diese schlie\u00dflich ganz \u00fcble Gesellen.<\/p>\n<p><strong>Unerw\u00fcnschte politische Kritiker<\/strong><\/p>\n<p>Und dann sind da noch all die politisch unerw\u00fcnschten Kritiker, vom deutschen Inlandsgeheimdienst gern in Kategorien wie &#8220;Staatsdelegitimierung&#8221; oder &#8220;Antiimperialismus&#8221; einsortiert, die beispielsweise gegen R\u00fcstungsexporte nach Israel oder in die Ukraine auf die Stra\u00dfe gehen, den von Deutschland mit finanzierten V\u00f6lkermord in Pal\u00e4stina stoppen wollen oder gegen die Abschiebung einer Familie mit kleinen Kindern protestieren. Vielfachen \u00f6ffentlichen \u00c4u\u00dferungen zufolge sind auch diese Leute Merz ein Dorn im Auge.<\/p>\n<p>Wie man sieht, ist der Kreis der verbannungsw\u00fcrdigen Personengruppen nach ethnischen oder politischen Kategorien nach oben offen. Die Merz-Rhetorik l\u00e4sst hier weiten Spielraum. Nicht nur das Abschieben von Migranten lie\u00dfe sich damit begr\u00fcnden, sondern beispielsweise das Wegsperren von Kriegsgegnern, k\u00fcnftigen Wehrdienstverweigerern, vermeintlichen &#8220;Putinverstehern&#8221; oder Kapitalismuskritikern, sogar von Obdach- oder Arbeitslosen oder Leuten, die just auf einer deutschen Stra\u00dfe ein Pal\u00e4stinensertuch tragen.<\/p>\n<p><strong>Neoliberaler Sozialdarwinismus<\/strong><\/p>\n<p>Der Bundeskanzler hat w\u00e4hrend seiner CDU-Karriere schon viele unterprivilegierte Gruppen \u00fcbel verh\u00f6hnt. So fand zum Beispiel ein Obdachloser im Jahr 2004 Merz\u2019 verlorenes Notebook mit Daten darauf, die er f\u00fcr gutes Geld\u00a0h\u00e4tte\u00a0verh\u00f6kern k\u00f6nnen. Das tat er nicht, er gab das Ger\u00e4t beim Bundesgrenzschutz ab. Als Finderlohn gab es jedoch nur Hohn: Merz lie\u00df dem Gestrauchelten sein Buch<strong>\u00a0<\/strong><a rel=\"nofollow noopener\" target=\"_blank\" href=\"https:\/\/taz.de\/Frueherer-Obdachloser-zu-Friedrich-Merz\/!5552775\/\">zukommen<\/a>\u00a0\u2013 mit dem Titel: &#8220;Nur wer sich \u00e4ndert, wird bestehen. Vom Ende der Wohlstandsillusion \u2013 Kursbestimmung f\u00fcr die Zukunft&#8221;.<\/p>\n<p>Die Erpressung von Arbeitslosen durch Verelendung ist seit Langem ein politisches Ziel des Friedrich Merz. So rief er im Jahr 2008 <a rel=\"nofollow noopener\" target=\"_blank\" href=\"https:\/\/www.welt.de\/politik\/article2433139\/Arbeitsmarkt-Friedrich-Merz-haelt-132-Euro-Hartz-IV-fuer-genug.html\">dazu auf<\/a>, die Grundsicherungss\u00e4tze f\u00fcr Erwerbslose und andere Bed\u00fcrftige auf 132 Euro monatlich zu senken, um sie in die prek\u00e4re Ausbeutung zu zwingen.\u00a0Heute als &#8220;Kriegskanzler&#8221; ist er zum Beispiel gerade dabei, ein Gesetz einzuf\u00fchren, Betroffenen das gesamte Existenzminimum zu streichen, wenn sie dem Jobcenter nicht aufs Wort gehorchen. Dass diese Politik vor allem psychisch Kranke treffen wird, ist jetzt schon klar.<\/p>\n<p>Seine Hetze spickt Friedrich Merz schon mal mit L\u00fcgen: 2023 beispielsweise <a rel=\"nofollow noopener\" target=\"_blank\" href=\"https:\/\/www.aerzteblatt.de\/news\/mediziner-widersprechen-merz-aussage-zu-gefluechteten-ce9b9bce-65cb-416e-8c27-295c372133aa\">behauptete er<\/a>, abgelehnte Asylbewerber w\u00fcrden Deutschen die Zahnarzttermine wegschnappen, weil sie angeblich vollumf\u00e4ngliche Gesundheitsleistungen erhielten. Beides war frei erfunden.<\/p>\n<p>Dass die medizinische Versorgung in Deutschland vielerorts l\u00e4ngst katastrophal ist, ist vor allem die Folge der umfassenden Privatisierung, die Krankenh\u00e4user und Arztpraxen zu Profitmaschinen machte. Auch daf\u00fcr steht Kanzler Merz seit Langem. Es geht ihm also offenkundig nicht um Wahrheit und darum, vorhandene Probleme urs\u00e4chlich zu l\u00f6sen. Merz bek\u00e4mpft vielmehr auf menschenverachtende Weise die Kollateralsch\u00e4den seiner eigenen Politik.<\/p>\n<p><strong>Proletariat schl\u00e4gt sich, Kapital kassiert<\/strong><\/p>\n<p>Das Muster und das Ziel der Merz\u2019schen Hetze ist klar erkennbar. Er und seine Parteikollegen stacheln die lohnabh\u00e4ngige Bev\u00f6lkerung gegeneinander auf, um sie davon abzuhalten, sich dem von ihm selbst praktizierten Klassenkampf von oben zu widersetzen: Besch\u00e4ftigte gegen Arbeitslose, Deutsche gegen Migranten, privilegierte Lohnabh\u00e4ngige gegen unterprivilegierte und so weiter. Merz\u2019 politisches Programm kann man in zwei Worte fassen: Neoliberaler Sozialdarwinismus.<\/p>\n<p>Auf diesem Mist der Spaltung gedeiht die arbeiterfeindliche Politik dieses rechten Hardliners vortrefflich: Statt gemeinsam gegen die geplante weitere Abschaffung sozialer Grund- und Arbeitsrechte und die kriegerische, neokoloniale Politik des Westens, die erst Migration und Flucht bef\u00f6rdert, auf die Barrikaden zu gehen, schl\u00e4gt sich das Proletariat gegenseitig k. o. \u2013 zur gro\u00dfen Freude der sattsam von Merz und Co. bedienten Gro\u00dfaktion\u00e4re, Milliardenerben und sonstigen wohlstandsverwahrlosten Profiteure, die im Schatten der Debatten und zulasten der Mehrheitsbev\u00f6lkerung umso eifriger abkassieren.<\/p>\n<p><strong>Mehr zum Thema &#8211;<\/strong>\u00a0<a rel=\"nofollow noopener\" target=\"_blank\" href=\"https:\/\/freedert.online\/meinung\/259613-stadtbild-wahrnehmungen-team-wohlstandsverwahrlosung-mal\/\">Stadtbild-Wahrnehmungen \u2013 Team Wohlstandsverwahrlosung mal wieder emp\u00f6rt <\/a><\/p>\n<div class=\"EmbedBlock-root EmbedBlock-externalVideo EmbedBlock-rumble\">\n<div class=\"VkEmbed\"><iframe class=\"lazyload\" data-src=\"https:\/\/rumble.com\/embed\/v6yd1jq\" frameborder=\"0\" width=\"853\" height=\"480\" allowfullscreen><\/iframe><\/div>\n<\/div>\n<\/div>\n<p><br \/>\n<br \/><a href=\"https:\/\/de.rt.com\/meinung\/259799-merz-strategischer-kulturkampf-passt-russe\/\">Source link <\/a><\/p>\n","protected":false},"excerpt":{"rendered":"<p>Die einen emp\u00f6ren sich \u00fcber Merz\u2019 Rassismus, andere \u00fcber &#8220;falsche&#8221; Emp\u00f6rte. Die Strategie des Bundeskanzlers, von seiner arbeiterfeindlichen Politik abzulenken und die Gesellschaft aufeinanderzuhetzen, wirkt. Und sie ist gef\u00e4hrlich: So l\u00e4sst sich jede unliebsame Gruppe politisch verfolgen. Von Susan Bonath Die neoliberale Politik des Westens treibt die sozialen Probleme nicht nur in Deutschland auf die [&hellip;]<\/p>\n","protected":false},"author":3,"featured_media":92790,"comment_status":"open","ping_status":"open","sticky":false,"template":"","format":"standard","meta":{"_yoast_indexnow_last_ping":["1761387908"],"wp_automatic_camp":["217"],"07f3038c017901cbb40c0f548a08526b":["Merz\u2019 strategischer Kulturkampf: Passt &quot;der Russe&quot; noch ins &quot;Stadtbild&quot;?"],"original_link":["https:\/\/de.rt.com\/meinung\/259799-merz-strategischer-kulturkampf-passt-russe\/"],"_thumbnail_id":["92790"],"jnews_social_counter_last_update":["1777410244"],"_wptgpro_p2tg_sent2tg":["a:1:{i:23737;s:19:\"2025-10-25 12:26:12\";}"]},"categories":[19,23],"tags":[1678,12088,18728,1674,40355,1174,68678,59407,38683],"yoast_head":"<!-- This site is optimized with the Yoast SEO Premium plugin v22.7 (Yoast SEO v22.7) - https:\/\/yoast.com\/wordpress\/plugins\/seo\/ -->\n<title>Merz\u2019 strategischer Kulturkampf: Passt &quot;der Russe&quot; noch ins &quot;Stadtbild&quot;? - just-now.NEWS Deutschland<\/title>\n<meta name=\"robots\" content=\"index, follow, max-snippet:-1, max-image-preview:large, max-video-preview:-1\" \/>\n<link rel=\"canonical\" href=\"https:\/\/now-news.de\/de\/deutschland\/merz-strategischer-kulturkampf-passt-der-russe-noch-ins-stadtbild\/\" \/>\n<meta property=\"og:locale\" content=\"de_DE\" \/>\n<meta property=\"og:type\" content=\"article\" \/>\n<meta property=\"og:title\" content=\"Merz\u2019 strategischer Kulturkampf: Passt &quot;der Russe&quot; noch ins &quot;Stadtbild&quot;?\" \/>\n<meta property=\"og:description\" content=\"Die einen emp\u00f6ren sich \u00fcber Merz\u2019 Rassismus, andere \u00fcber &#8220;falsche&#8221; Emp\u00f6rte. Die Strategie des Bundeskanzlers, von seiner arbeiterfeindlichen Politik abzulenken und die Gesellschaft aufeinanderzuhetzen, wirkt. Und sie ist gef\u00e4hrlich: So l\u00e4sst sich jede unliebsame Gruppe politisch verfolgen. Von Susan Bonath Die neoliberale Politik des Westens treibt die sozialen Probleme nicht nur in Deutschland auf die [&hellip;]\" \/>\n<meta property=\"og:url\" content=\"https:\/\/now-news.de\/de\/deutschland\/merz-strategischer-kulturkampf-passt-der-russe-noch-ins-stadtbild\/\" \/>\n<meta property=\"og:site_name\" content=\"just-now.NEWS Deutschland\" \/>\n<meta property=\"article:publisher\" content=\"https:\/\/www.facebook.com\/wirmachenauf\" \/>\n<meta property=\"article:published_time\" content=\"2025-10-25T10:16:03+00:00\" \/>\n<meta property=\"og:image\" content=\"https:\/\/now-news.de\/de\/wp-content\/uploads\/sites\/3\/2025\/10\/68fb5ac548fbef32250be751.jpg\" \/>\n<meta name=\"author\" content=\"rtnews\" \/>\n<meta name=\"twitter:card\" content=\"summary_large_image\" \/>\n<meta name=\"twitter:creator\" content=\"@WirMachenAuf_de\" \/>\n<meta name=\"twitter:site\" content=\"@WirMachenAuf_de\" \/>\n<meta name=\"twitter:label1\" content=\"Verfasst von\" \/>\n\t<meta name=\"twitter:data1\" content=\"rtnews\" \/>\n\t<meta name=\"twitter:label2\" content=\"Gesch\u00e4tzte Lesezeit\" \/>\n\t<meta name=\"twitter:data2\" content=\"6\u00a0Minuten\" \/>\n<script type=\"application\/ld+json\" class=\"yoast-schema-graph\">{\"@context\":\"https:\/\/schema.org\",\"@graph\":[{\"@type\":\"Article\",\"@id\":\"https:\/\/now-news.de\/de\/deutschland\/merz-strategischer-kulturkampf-passt-der-russe-noch-ins-stadtbild\/#article\",\"isPartOf\":{\"@id\":\"https:\/\/now-news.de\/de\/deutschland\/merz-strategischer-kulturkampf-passt-der-russe-noch-ins-stadtbild\/\"},\"author\":{\"name\":\"rtnews\",\"@id\":\"https:\/\/now-news.de\/de\/#\/schema\/person\/fb534a4e865501d8b3285208df34a9b5\"},\"headline\":\"Merz\u2019 strategischer Kulturkampf: Passt &quot;der Russe&quot; noch ins &quot;Stadtbild&quot;?\",\"datePublished\":\"2025-10-25T10:16:03+00:00\",\"dateModified\":\"2025-10-25T10:16:03+00:00\",\"mainEntityOfPage\":{\"@id\":\"https:\/\/now-news.de\/de\/deutschland\/merz-strategischer-kulturkampf-passt-der-russe-noch-ins-stadtbild\/\"},\"wordCount\":1301,\"commentCount\":0,\"publisher\":{\"@id\":\"https:\/\/now-news.de\/de\/#organization\"},\"image\":{\"@id\":\"https:\/\/now-news.de\/de\/deutschland\/merz-strategischer-kulturkampf-passt-der-russe-noch-ins-stadtbild\/#primaryimage\"},\"thumbnailUrl\":\"https:\/\/now-news.de\/de\/wp-content\/uploads\/sites\/3\/2025\/10\/Merz-strategischer-Kulturkampf-Passt-quotder-Russequot-noch-ins-quotStadtbildquot.jpg\",\"keywords\":[\"ins\",\"Kulturkampf\",\"Merz\",\"noch\",\"passt\",\"quotDer\",\"quotStadtbildquot\",\"Russequot\",\"strategischer\"],\"articleSection\":[\"Deutschland\",\"Russland\"],\"inLanguage\":\"de\",\"potentialAction\":[{\"@type\":\"CommentAction\",\"name\":\"Comment\",\"target\":[\"https:\/\/now-news.de\/de\/deutschland\/merz-strategischer-kulturkampf-passt-der-russe-noch-ins-stadtbild\/#respond\"]}]},{\"@type\":\"WebPage\",\"@id\":\"https:\/\/now-news.de\/de\/deutschland\/merz-strategischer-kulturkampf-passt-der-russe-noch-ins-stadtbild\/\",\"url\":\"https:\/\/now-news.de\/de\/deutschland\/merz-strategischer-kulturkampf-passt-der-russe-noch-ins-stadtbild\/\",\"name\":\"Merz\u2019 strategischer Kulturkampf: Passt &quot;der Russe&quot; noch ins &quot;Stadtbild&quot;? - just-now.NEWS Deutschland\",\"isPartOf\":{\"@id\":\"https:\/\/now-news.de\/de\/#website\"},\"primaryImageOfPage\":{\"@id\":\"https:\/\/now-news.de\/de\/deutschland\/merz-strategischer-kulturkampf-passt-der-russe-noch-ins-stadtbild\/#primaryimage\"},\"image\":{\"@id\":\"https:\/\/now-news.de\/de\/deutschland\/merz-strategischer-kulturkampf-passt-der-russe-noch-ins-stadtbild\/#primaryimage\"},\"thumbnailUrl\":\"https:\/\/now-news.de\/de\/wp-content\/uploads\/sites\/3\/2025\/10\/Merz-strategischer-Kulturkampf-Passt-quotder-Russequot-noch-ins-quotStadtbildquot.jpg\",\"datePublished\":\"2025-10-25T10:16:03+00:00\",\"dateModified\":\"2025-10-25T10:16:03+00:00\",\"breadcrumb\":{\"@id\":\"https:\/\/now-news.de\/de\/deutschland\/merz-strategischer-kulturkampf-passt-der-russe-noch-ins-stadtbild\/#breadcrumb\"},\"inLanguage\":\"de\",\"potentialAction\":[{\"@type\":\"ReadAction\",\"target\":[\"https:\/\/now-news.de\/de\/deutschland\/merz-strategischer-kulturkampf-passt-der-russe-noch-ins-stadtbild\/\"]}]},{\"@type\":\"ImageObject\",\"inLanguage\":\"de\",\"@id\":\"https:\/\/now-news.de\/de\/deutschland\/merz-strategischer-kulturkampf-passt-der-russe-noch-ins-stadtbild\/#primaryimage\",\"url\":\"https:\/\/now-news.de\/de\/wp-content\/uploads\/sites\/3\/2025\/10\/Merz-strategischer-Kulturkampf-Passt-quotder-Russequot-noch-ins-quotStadtbildquot.jpg\",\"contentUrl\":\"https:\/\/now-news.de\/de\/wp-content\/uploads\/sites\/3\/2025\/10\/Merz-strategischer-Kulturkampf-Passt-quotder-Russequot-noch-ins-quotStadtbildquot.jpg\",\"width\":460,\"height\":259,\"caption\":\"Merz\u2019 strategischer Kulturkampf: Passt &quot;der Russe&quot; noch ins &quot;Stadtbild&quot;?\"},{\"@type\":\"BreadcrumbList\",\"@id\":\"https:\/\/now-news.de\/de\/deutschland\/merz-strategischer-kulturkampf-passt-der-russe-noch-ins-stadtbild\/#breadcrumb\",\"itemListElement\":[{\"@type\":\"ListItem\",\"position\":1,\"name\":\"Home\",\"item\":\"https:\/\/now-news.de\/de\/\"},{\"@type\":\"ListItem\",\"position\":2,\"name\":\"Merz\u2019 strategischer Kulturkampf: Passt &quot;der Russe&quot; noch ins &quot;Stadtbild&quot;?\"}]},{\"@type\":\"WebSite\",\"@id\":\"https:\/\/now-news.de\/de\/#website\",\"url\":\"https:\/\/now-news.de\/de\/\",\"name\":\"just-now.NEWS Deutschland\",\"description\":\"Das Portal f\u00fcr unzensierte Nachrichten aus der Welt\",\"publisher\":{\"@id\":\"https:\/\/now-news.de\/de\/#organization\"},\"potentialAction\":[{\"@type\":\"SearchAction\",\"target\":{\"@type\":\"EntryPoint\",\"urlTemplate\":\"https:\/\/now-news.de\/de\/?s={search_term_string}\"},\"query-input\":\"required name=search_term_string\"}],\"inLanguage\":\"de\"},{\"@type\":\"Organization\",\"@id\":\"https:\/\/now-news.de\/de\/#organization\",\"name\":\"Just Now News\",\"url\":\"https:\/\/now-news.de\/de\/\",\"logo\":{\"@type\":\"ImageObject\",\"inLanguage\":\"de\",\"@id\":\"https:\/\/now-news.de\/de\/#\/schema\/logo\/image\/\",\"url\":\"http:\/\/just-now.news\/de\/wp-content\/uploads\/sites\/3\/2022\/04\/logo500x500.jpg\",\"contentUrl\":\"http:\/\/just-now.news\/de\/wp-content\/uploads\/sites\/3\/2022\/04\/logo500x500.jpg\",\"width\":500,\"height\":500,\"caption\":\"Just Now News\"},\"image\":{\"@id\":\"https:\/\/now-news.de\/de\/#\/schema\/logo\/image\/\"},\"sameAs\":[\"https:\/\/www.facebook.com\/wirmachenauf\",\"https:\/\/x.com\/WirMachenAuf_de\"]},{\"@type\":\"Person\",\"@id\":\"https:\/\/now-news.de\/de\/#\/schema\/person\/fb534a4e865501d8b3285208df34a9b5\",\"name\":\"rtnews\",\"image\":{\"@type\":\"ImageObject\",\"inLanguage\":\"de\",\"@id\":\"https:\/\/now-news.de\/de\/#\/schema\/person\/image\/\",\"url\":\"https:\/\/secure.gravatar.com\/avatar\/82aafea7d8127119dd649515f56e2117?s=96&d=mm&r=g\",\"contentUrl\":\"https:\/\/secure.gravatar.com\/avatar\/82aafea7d8127119dd649515f56e2117?s=96&d=mm&r=g\",\"caption\":\"rtnews\"},\"url\":\"https:\/\/now-news.de\/de\/author\/rnews\/\"}]}<\/script>\n<!-- \/ Yoast SEO Premium plugin. -->","yoast_head_json":{"title":"Merz\u2019 strategischer Kulturkampf: Passt &quot;der Russe&quot; noch ins &quot;Stadtbild&quot;? - just-now.NEWS Deutschland","robots":{"index":"index","follow":"follow","max-snippet":"max-snippet:-1","max-image-preview":"max-image-preview:large","max-video-preview":"max-video-preview:-1"},"canonical":"https:\/\/now-news.de\/de\/deutschland\/merz-strategischer-kulturkampf-passt-der-russe-noch-ins-stadtbild\/","og_locale":"de_DE","og_type":"article","og_title":"Merz\u2019 strategischer Kulturkampf: Passt &quot;der Russe&quot; noch ins &quot;Stadtbild&quot;?","og_description":"Die einen emp\u00f6ren sich \u00fcber Merz\u2019 Rassismus, andere \u00fcber &#8220;falsche&#8221; Emp\u00f6rte. Die Strategie des Bundeskanzlers, von seiner arbeiterfeindlichen Politik abzulenken und die Gesellschaft aufeinanderzuhetzen, wirkt. Und sie ist gef\u00e4hrlich: So l\u00e4sst sich jede unliebsame Gruppe politisch verfolgen. Von Susan Bonath Die neoliberale Politik des Westens treibt die sozialen Probleme nicht nur in Deutschland auf die [&hellip;]","og_url":"https:\/\/now-news.de\/de\/deutschland\/merz-strategischer-kulturkampf-passt-der-russe-noch-ins-stadtbild\/","og_site_name":"just-now.NEWS Deutschland","article_publisher":"https:\/\/www.facebook.com\/wirmachenauf","article_published_time":"2025-10-25T10:16:03+00:00","og_image":[{"url":"https:\/\/now-news.de\/de\/wp-content\/uploads\/sites\/3\/2025\/10\/68fb5ac548fbef32250be751.jpg"}],"author":"rtnews","twitter_card":"summary_large_image","twitter_creator":"@WirMachenAuf_de","twitter_site":"@WirMachenAuf_de","twitter_misc":{"Verfasst von":"rtnews","Gesch\u00e4tzte Lesezeit":"6\u00a0Minuten"},"schema":{"@context":"https:\/\/schema.org","@graph":[{"@type":"Article","@id":"https:\/\/now-news.de\/de\/deutschland\/merz-strategischer-kulturkampf-passt-der-russe-noch-ins-stadtbild\/#article","isPartOf":{"@id":"https:\/\/now-news.de\/de\/deutschland\/merz-strategischer-kulturkampf-passt-der-russe-noch-ins-stadtbild\/"},"author":{"name":"rtnews","@id":"https:\/\/now-news.de\/de\/#\/schema\/person\/fb534a4e865501d8b3285208df34a9b5"},"headline":"Merz\u2019 strategischer Kulturkampf: Passt &quot;der Russe&quot; noch ins &quot;Stadtbild&quot;?","datePublished":"2025-10-25T10:16:03+00:00","dateModified":"2025-10-25T10:16:03+00:00","mainEntityOfPage":{"@id":"https:\/\/now-news.de\/de\/deutschland\/merz-strategischer-kulturkampf-passt-der-russe-noch-ins-stadtbild\/"},"wordCount":1301,"commentCount":0,"publisher":{"@id":"https:\/\/now-news.de\/de\/#organization"},"image":{"@id":"https:\/\/now-news.de\/de\/deutschland\/merz-strategischer-kulturkampf-passt-der-russe-noch-ins-stadtbild\/#primaryimage"},"thumbnailUrl":"https:\/\/now-news.de\/de\/wp-content\/uploads\/sites\/3\/2025\/10\/Merz-strategischer-Kulturkampf-Passt-quotder-Russequot-noch-ins-quotStadtbildquot.jpg","keywords":["ins","Kulturkampf","Merz","noch","passt","quotDer","quotStadtbildquot","Russequot","strategischer"],"articleSection":["Deutschland","Russland"],"inLanguage":"de","potentialAction":[{"@type":"CommentAction","name":"Comment","target":["https:\/\/now-news.de\/de\/deutschland\/merz-strategischer-kulturkampf-passt-der-russe-noch-ins-stadtbild\/#respond"]}]},{"@type":"WebPage","@id":"https:\/\/now-news.de\/de\/deutschland\/merz-strategischer-kulturkampf-passt-der-russe-noch-ins-stadtbild\/","url":"https:\/\/now-news.de\/de\/deutschland\/merz-strategischer-kulturkampf-passt-der-russe-noch-ins-stadtbild\/","name":"Merz\u2019 strategischer Kulturkampf: Passt &quot;der Russe&quot; noch ins &quot;Stadtbild&quot;? - just-now.NEWS Deutschland","isPartOf":{"@id":"https:\/\/now-news.de\/de\/#website"},"primaryImageOfPage":{"@id":"https:\/\/now-news.de\/de\/deutschland\/merz-strategischer-kulturkampf-passt-der-russe-noch-ins-stadtbild\/#primaryimage"},"image":{"@id":"https:\/\/now-news.de\/de\/deutschland\/merz-strategischer-kulturkampf-passt-der-russe-noch-ins-stadtbild\/#primaryimage"},"thumbnailUrl":"https:\/\/now-news.de\/de\/wp-content\/uploads\/sites\/3\/2025\/10\/Merz-strategischer-Kulturkampf-Passt-quotder-Russequot-noch-ins-quotStadtbildquot.jpg","datePublished":"2025-10-25T10:16:03+00:00","dateModified":"2025-10-25T10:16:03+00:00","breadcrumb":{"@id":"https:\/\/now-news.de\/de\/deutschland\/merz-strategischer-kulturkampf-passt-der-russe-noch-ins-stadtbild\/#breadcrumb"},"inLanguage":"de","potentialAction":[{"@type":"ReadAction","target":["https:\/\/now-news.de\/de\/deutschland\/merz-strategischer-kulturkampf-passt-der-russe-noch-ins-stadtbild\/"]}]},{"@type":"ImageObject","inLanguage":"de","@id":"https:\/\/now-news.de\/de\/deutschland\/merz-strategischer-kulturkampf-passt-der-russe-noch-ins-stadtbild\/#primaryimage","url":"https:\/\/now-news.de\/de\/wp-content\/uploads\/sites\/3\/2025\/10\/Merz-strategischer-Kulturkampf-Passt-quotder-Russequot-noch-ins-quotStadtbildquot.jpg","contentUrl":"https:\/\/now-news.de\/de\/wp-content\/uploads\/sites\/3\/2025\/10\/Merz-strategischer-Kulturkampf-Passt-quotder-Russequot-noch-ins-quotStadtbildquot.jpg","width":460,"height":259,"caption":"Merz\u2019 strategischer Kulturkampf: Passt &quot;der Russe&quot; noch ins &quot;Stadtbild&quot;?"},{"@type":"BreadcrumbList","@id":"https:\/\/now-news.de\/de\/deutschland\/merz-strategischer-kulturkampf-passt-der-russe-noch-ins-stadtbild\/#breadcrumb","itemListElement":[{"@type":"ListItem","position":1,"name":"Home","item":"https:\/\/now-news.de\/de\/"},{"@type":"ListItem","position":2,"name":"Merz\u2019 strategischer Kulturkampf: Passt &quot;der Russe&quot; noch ins &quot;Stadtbild&quot;?"}]},{"@type":"WebSite","@id":"https:\/\/now-news.de\/de\/#website","url":"https:\/\/now-news.de\/de\/","name":"just-now.NEWS Deutschland","description":"Das Portal f\u00fcr unzensierte Nachrichten aus der Welt","publisher":{"@id":"https:\/\/now-news.de\/de\/#organization"},"potentialAction":[{"@type":"SearchAction","target":{"@type":"EntryPoint","urlTemplate":"https:\/\/now-news.de\/de\/?s={search_term_string}"},"query-input":"required name=search_term_string"}],"inLanguage":"de"},{"@type":"Organization","@id":"https:\/\/now-news.de\/de\/#organization","name":"Just Now News","url":"https:\/\/now-news.de\/de\/","logo":{"@type":"ImageObject","inLanguage":"de","@id":"https:\/\/now-news.de\/de\/#\/schema\/logo\/image\/","url":"http:\/\/just-now.news\/de\/wp-content\/uploads\/sites\/3\/2022\/04\/logo500x500.jpg","contentUrl":"http:\/\/just-now.news\/de\/wp-content\/uploads\/sites\/3\/2022\/04\/logo500x500.jpg","width":500,"height":500,"caption":"Just Now News"},"image":{"@id":"https:\/\/now-news.de\/de\/#\/schema\/logo\/image\/"},"sameAs":["https:\/\/www.facebook.com\/wirmachenauf","https:\/\/x.com\/WirMachenAuf_de"]},{"@type":"Person","@id":"https:\/\/now-news.de\/de\/#\/schema\/person\/fb534a4e865501d8b3285208df34a9b5","name":"rtnews","image":{"@type":"ImageObject","inLanguage":"de","@id":"https:\/\/now-news.de\/de\/#\/schema\/person\/image\/","url":"https:\/\/secure.gravatar.com\/avatar\/82aafea7d8127119dd649515f56e2117?s=96&d=mm&r=g","contentUrl":"https:\/\/secure.gravatar.com\/avatar\/82aafea7d8127119dd649515f56e2117?s=96&d=mm&r=g","caption":"rtnews"},"url":"https:\/\/now-news.de\/de\/author\/rnews\/"}]}},"_links":{"self":[{"href":"https:\/\/now-news.de\/de\/wp-json\/wp\/v2\/posts\/92789"}],"collection":[{"href":"https:\/\/now-news.de\/de\/wp-json\/wp\/v2\/posts"}],"about":[{"href":"https:\/\/now-news.de\/de\/wp-json\/wp\/v2\/types\/post"}],"author":[{"embeddable":true,"href":"https:\/\/now-news.de\/de\/wp-json\/wp\/v2\/users\/3"}],"replies":[{"embeddable":true,"href":"https:\/\/now-news.de\/de\/wp-json\/wp\/v2\/comments?post=92789"}],"version-history":[{"count":0,"href":"https:\/\/now-news.de\/de\/wp-json\/wp\/v2\/posts\/92789\/revisions"}],"wp:featuredmedia":[{"embeddable":true,"href":"https:\/\/now-news.de\/de\/wp-json\/wp\/v2\/media\/92790"}],"wp:attachment":[{"href":"https:\/\/now-news.de\/de\/wp-json\/wp\/v2\/media?parent=92789"}],"wp:term":[{"taxonomy":"category","embeddable":true,"href":"https:\/\/now-news.de\/de\/wp-json\/wp\/v2\/categories?post=92789"},{"taxonomy":"post_tag","embeddable":true,"href":"https:\/\/now-news.de\/de\/wp-json\/wp\/v2\/tags?post=92789"}],"curies":[{"name":"wp","href":"https:\/\/api.w.org\/{rel}","templated":true}]}}