{"id":92745,"date":"2025-10-24T15:04:23","date_gmt":"2025-10-24T13:04:23","guid":{"rendered":"https:\/\/now-news.de\/de\/deutschland\/kein-interesse-an-deutschem-aussenminister-wadephul-sagt-china-reise-kurzfristig-ab\/"},"modified":"2025-10-24T15:04:23","modified_gmt":"2025-10-24T13:04:23","slug":"kein-interesse-an-deutschem-aussenminister-wadephul-sagt-china-reise-kurzfristig-ab","status":"publish","type":"post","link":"https:\/\/now-news.de\/de\/deutschland\/kein-interesse-an-deutschem-aussenminister-wadephul-sagt-china-reise-kurzfristig-ab\/","title":{"rendered":"Kein Interesse an deutschem Au\u00dfenminister: Wadephul sagt China-Reise kurzfristig ab"},"content":{"rendered":"<p><img decoding=\"async\" src=\"https:\/\/now-news.de\/de\/wp-content\/uploads\/sites\/3\/2025\/10\/68fb680db480cc207f7d7eae.jpg\" \/><\/p>\n<div class=\"Text-root Text-type_1 \">\n                Au\u00dfenminister Wadephul hat eine geplante zweit\u00e4gige Reise in die Volksrepublik China kurz vor Beginn abgesagt. China soll nur einen Termin best\u00e4tigt haben. Zuvor hatte Peking die Haltung der Bundesregierung in der Taiwan-Frage kritisiert.\n            <\/div>\n<p><\/p>\n<div class=\"Text-root Text-type_5 ArticleView-text ViewText-root \">\n<p>Au\u00dfenminister Wadephul verschiebt seine f\u00fcr Montag und Dienstag geplante China-Reise. Eine Sprecherin des Ausw\u00e4rtigen Amtes sagte, die chinesische Seite habe au\u00dfer einem Termin des Ministers bei seinem Amtskollegen keine weiteren Termine best\u00e4tigt.<\/p>\n<p>Zuvor hatte Peking die Haltung der Bundesregierung in der Taiwan-Frage kritisiert. Au\u00dfenamtssprecher Guo Jiakun erkl\u00e4rte, die Forderung nach einer Wahrung des Status quo in der Region, ohne dabei eine Unabh\u00e4ngigkeit Taiwans abzulehnen, komme einer Unterst\u00fctzung &#8220;taiwanischer Unabh\u00e4ngigkeitsaktivit\u00e4ten&#8221; gleich. China fordere Berlin demnach auf, eine klare und entschiedene Haltung gegen jegliche Aktivit\u00e4ten f\u00fcr eine sogenannte Unabh\u00e4ngigkeit Taiwans einzunehmen und das Ein-China-Prinzip strikt einzuhalten.<\/p>\n<p>Berlin kritisiert China immer wieder daf\u00fcr, dass es den Status quo in der Meerenge zwischen Taiwan und China &#8220;einseitig&#8221; ver\u00e4ndern wolle. Wadephul w\u00e4re der erste Minister der Bundesregierung unter Kanzler Friedrich Merz gewesen, der China besucht h\u00e4tte.<\/p>\n<p>Zuletzt hatten Pekings Exportkontrollen f\u00fcr seltene Erden gro\u00dfe Sorge bei deutschen Unternehmen im Hinblick auf das deutsch-chinesische Verh\u00e4ltnis ausgel\u00f6st. Die Industrie ist auf diese wichtigen Rohstoffe angewiesen, da sie beispielsweise f\u00fcr Turbinen und Sensoren ben\u00f6tigt werden.\u00a0<\/p>\n<p>Im Vorfeld seiner Reise hatte Wadephul angek\u00fcndigt, in China auch kritische Punkte wie die\u00a0chinesische Unterst\u00fctzung f\u00fcr Russland\u00a0ansprechen zu wollen. Zugleich wollte er bei seinem Besuch eine breitere Zusammenarbeit ausloten.<\/p>\n<p><strong>Mehr zum Thema &#8211;<\/strong>\u00a0<a rel=\"nofollow noopener\" target=\"_blank\" href=\"https:\/\/freedert.online\/international\/259723-wirtschaftskrieg-in-gange-hoffnungen-auf\/\">&#8220;Wirtschaftskrieg&#8221; in Gange: Hoffnungen auf einen Durchbruch beim Xi-Trump-Gipfel eher ged\u00e4mpft<\/a><\/p>\n<div class=\"EmbedBlock-root EmbedBlock-externalVideo EmbedBlock-rumble\">\n<div class=\"VkEmbed\"><iframe class=\"lazyload\" data-src=\"https:\/\/rumble.com\/embed\/v6xfjs6\" frameborder=\"0\" width=\"853\" height=\"480\" allowfullscreen><\/iframe><\/div>\n<\/div>\n<\/div>\n<p><br \/>\n<br \/><a href=\"https:\/\/de.rt.com\/international\/259819-zuvor-kritik-aus-peking-wegen\/\">Source link <\/a><\/p>\n","protected":false},"excerpt":{"rendered":"<p>Au\u00dfenminister Wadephul hat eine geplante zweit\u00e4gige Reise in die Volksrepublik China kurz vor Beginn abgesagt. China soll nur einen Termin best\u00e4tigt haben. Zuvor hatte Peking die Haltung der Bundesregierung in der Taiwan-Frage kritisiert. Au\u00dfenminister Wadephul verschiebt seine f\u00fcr Montag und Dienstag geplante China-Reise. Eine Sprecherin des Ausw\u00e4rtigen Amtes sagte, die chinesische Seite habe au\u00dfer einem [&hellip;]<\/p>\n","protected":false},"author":3,"featured_media":92746,"comment_status":"open","ping_status":"open","sticky":false,"template":"","format":"standard","meta":{"_yoast_indexnow_last_ping":["1761311705"],"wp_automatic_camp":["217"],"6c95fbdee3e6feb920fab3fbce8ce693":["Kein Interesse an deutschem Au\u00dfenminister: Wadephul sagt China-Reise kurzfristig ab"],"original_link":["https:\/\/de.rt.com\/international\/259819-zuvor-kritik-aus-peking-wegen\/"],"_thumbnail_id":["92746"],"jnews_social_counter_last_update":["1777186524"],"_wptgpro_p2tg_sent2tg":["a:1:{i:23737;s:19:\"2025-10-24 15:16:06\";}"]},"categories":[19,23],"tags":[13830,40043,16878,19855,2030,44046,3564,64588],"yoast_head":"<!-- This site is optimized with the Yoast SEO Premium plugin v22.7 (Yoast SEO v22.7) - https:\/\/yoast.com\/wordpress\/plugins\/seo\/ -->\n<title>Kein Interesse an deutschem Au\u00dfenminister: Wadephul sagt China-Reise kurzfristig ab - just-now.NEWS Deutschland<\/title>\n<meta name=\"robots\" content=\"index, follow, max-snippet:-1, max-image-preview:large, max-video-preview:-1\" \/>\n<link rel=\"canonical\" href=\"https:\/\/now-news.de\/de\/deutschland\/kein-interesse-an-deutschem-aussenminister-wadephul-sagt-china-reise-kurzfristig-ab\/\" \/>\n<meta property=\"og:locale\" content=\"de_DE\" \/>\n<meta property=\"og:type\" content=\"article\" \/>\n<meta property=\"og:title\" content=\"Kein Interesse an deutschem Au\u00dfenminister: Wadephul sagt China-Reise kurzfristig ab\" \/>\n<meta property=\"og:description\" content=\"Au\u00dfenminister Wadephul hat eine geplante zweit\u00e4gige Reise in die Volksrepublik China kurz vor Beginn abgesagt. China soll nur einen Termin best\u00e4tigt haben. Zuvor hatte Peking die Haltung der Bundesregierung in der Taiwan-Frage kritisiert. Au\u00dfenminister Wadephul verschiebt seine f\u00fcr Montag und Dienstag geplante China-Reise. Eine Sprecherin des Ausw\u00e4rtigen Amtes sagte, die chinesische Seite habe au\u00dfer einem [&hellip;]\" \/>\n<meta property=\"og:url\" content=\"https:\/\/now-news.de\/de\/deutschland\/kein-interesse-an-deutschem-aussenminister-wadephul-sagt-china-reise-kurzfristig-ab\/\" \/>\n<meta property=\"og:site_name\" content=\"just-now.NEWS Deutschland\" \/>\n<meta property=\"article:publisher\" content=\"https:\/\/www.facebook.com\/wirmachenauf\" \/>\n<meta property=\"article:published_time\" content=\"2025-10-24T13:04:23+00:00\" \/>\n<meta property=\"og:image\" content=\"https:\/\/now-news.de\/de\/wp-content\/uploads\/sites\/3\/2025\/10\/68fb680db480cc207f7d7eae.jpg\" \/>\n<meta name=\"author\" content=\"rtnews\" \/>\n<meta name=\"twitter:card\" content=\"summary_large_image\" \/>\n<meta name=\"twitter:creator\" content=\"@WirMachenAuf_de\" \/>\n<meta name=\"twitter:site\" content=\"@WirMachenAuf_de\" \/>\n<meta name=\"twitter:label1\" content=\"Verfasst von\" \/>\n\t<meta name=\"twitter:data1\" content=\"rtnews\" \/>\n\t<meta name=\"twitter:label2\" content=\"Gesch\u00e4tzte Lesezeit\" \/>\n\t<meta name=\"twitter:data2\" content=\"1\u00a0Minute\" \/>\n<script type=\"application\/ld+json\" class=\"yoast-schema-graph\">{\"@context\":\"https:\/\/schema.org\",\"@graph\":[{\"@type\":\"Article\",\"@id\":\"https:\/\/now-news.de\/de\/deutschland\/kein-interesse-an-deutschem-aussenminister-wadephul-sagt-china-reise-kurzfristig-ab\/#article\",\"isPartOf\":{\"@id\":\"https:\/\/now-news.de\/de\/deutschland\/kein-interesse-an-deutschem-aussenminister-wadephul-sagt-china-reise-kurzfristig-ab\/\"},\"author\":{\"name\":\"rtnews\",\"@id\":\"https:\/\/now-news.de\/de\/#\/schema\/person\/fb534a4e865501d8b3285208df34a9b5\"},\"headline\":\"Kein Interesse an deutschem Au\u00dfenminister: Wadephul sagt China-Reise kurzfristig ab\",\"datePublished\":\"2025-10-24T13:04:23+00:00\",\"dateModified\":\"2025-10-24T13:04:23+00:00\",\"mainEntityOfPage\":{\"@id\":\"https:\/\/now-news.de\/de\/deutschland\/kein-interesse-an-deutschem-aussenminister-wadephul-sagt-china-reise-kurzfristig-ab\/\"},\"wordCount\":291,\"commentCount\":0,\"publisher\":{\"@id\":\"https:\/\/now-news.de\/de\/#organization\"},\"image\":{\"@id\":\"https:\/\/now-news.de\/de\/deutschland\/kein-interesse-an-deutschem-aussenminister-wadephul-sagt-china-reise-kurzfristig-ab\/#primaryimage\"},\"thumbnailUrl\":\"https:\/\/now-news.de\/de\/wp-content\/uploads\/sites\/3\/2025\/10\/Kein-Interesse-an-deutschem-Aussenminister-Wadephul-sagt-China-Reise-kurzfristig-ab.jpg\",\"keywords\":[\"Au\u00dfenminister\",\"ChinaReise\",\"deutschem\",\"Interesse\",\"Kein\",\"kurzfristig\",\"sagt\",\"Wadephul\"],\"articleSection\":[\"Deutschland\",\"Russland\"],\"inLanguage\":\"de\",\"potentialAction\":[{\"@type\":\"CommentAction\",\"name\":\"Comment\",\"target\":[\"https:\/\/now-news.de\/de\/deutschland\/kein-interesse-an-deutschem-aussenminister-wadephul-sagt-china-reise-kurzfristig-ab\/#respond\"]}]},{\"@type\":\"WebPage\",\"@id\":\"https:\/\/now-news.de\/de\/deutschland\/kein-interesse-an-deutschem-aussenminister-wadephul-sagt-china-reise-kurzfristig-ab\/\",\"url\":\"https:\/\/now-news.de\/de\/deutschland\/kein-interesse-an-deutschem-aussenminister-wadephul-sagt-china-reise-kurzfristig-ab\/\",\"name\":\"Kein Interesse an deutschem Au\u00dfenminister: Wadephul sagt China-Reise kurzfristig ab - just-now.NEWS Deutschland\",\"isPartOf\":{\"@id\":\"https:\/\/now-news.de\/de\/#website\"},\"primaryImageOfPage\":{\"@id\":\"https:\/\/now-news.de\/de\/deutschland\/kein-interesse-an-deutschem-aussenminister-wadephul-sagt-china-reise-kurzfristig-ab\/#primaryimage\"},\"image\":{\"@id\":\"https:\/\/now-news.de\/de\/deutschland\/kein-interesse-an-deutschem-aussenminister-wadephul-sagt-china-reise-kurzfristig-ab\/#primaryimage\"},\"thumbnailUrl\":\"https:\/\/now-news.de\/de\/wp-content\/uploads\/sites\/3\/2025\/10\/Kein-Interesse-an-deutschem-Aussenminister-Wadephul-sagt-China-Reise-kurzfristig-ab.jpg\",\"datePublished\":\"2025-10-24T13:04:23+00:00\",\"dateModified\":\"2025-10-24T13:04:23+00:00\",\"breadcrumb\":{\"@id\":\"https:\/\/now-news.de\/de\/deutschland\/kein-interesse-an-deutschem-aussenminister-wadephul-sagt-china-reise-kurzfristig-ab\/#breadcrumb\"},\"inLanguage\":\"de\",\"potentialAction\":[{\"@type\":\"ReadAction\",\"target\":[\"https:\/\/now-news.de\/de\/deutschland\/kein-interesse-an-deutschem-aussenminister-wadephul-sagt-china-reise-kurzfristig-ab\/\"]}]},{\"@type\":\"ImageObject\",\"inLanguage\":\"de\",\"@id\":\"https:\/\/now-news.de\/de\/deutschland\/kein-interesse-an-deutschem-aussenminister-wadephul-sagt-china-reise-kurzfristig-ab\/#primaryimage\",\"url\":\"https:\/\/now-news.de\/de\/wp-content\/uploads\/sites\/3\/2025\/10\/Kein-Interesse-an-deutschem-Aussenminister-Wadephul-sagt-China-Reise-kurzfristig-ab.jpg\",\"contentUrl\":\"https:\/\/now-news.de\/de\/wp-content\/uploads\/sites\/3\/2025\/10\/Kein-Interesse-an-deutschem-Aussenminister-Wadephul-sagt-China-Reise-kurzfristig-ab.jpg\",\"width\":460,\"height\":259,\"caption\":\"Kein Interesse an deutschem Au\u00dfenminister: Wadephul sagt China-Reise kurzfristig ab\"},{\"@type\":\"BreadcrumbList\",\"@id\":\"https:\/\/now-news.de\/de\/deutschland\/kein-interesse-an-deutschem-aussenminister-wadephul-sagt-china-reise-kurzfristig-ab\/#breadcrumb\",\"itemListElement\":[{\"@type\":\"ListItem\",\"position\":1,\"name\":\"Home\",\"item\":\"https:\/\/now-news.de\/de\/\"},{\"@type\":\"ListItem\",\"position\":2,\"name\":\"Kein Interesse an deutschem Au\u00dfenminister: Wadephul sagt China-Reise kurzfristig ab\"}]},{\"@type\":\"WebSite\",\"@id\":\"https:\/\/now-news.de\/de\/#website\",\"url\":\"https:\/\/now-news.de\/de\/\",\"name\":\"just-now.NEWS Deutschland\",\"description\":\"Das Portal f\u00fcr unzensierte Nachrichten aus der Welt\",\"publisher\":{\"@id\":\"https:\/\/now-news.de\/de\/#organization\"},\"potentialAction\":[{\"@type\":\"SearchAction\",\"target\":{\"@type\":\"EntryPoint\",\"urlTemplate\":\"https:\/\/now-news.de\/de\/?s={search_term_string}\"},\"query-input\":\"required name=search_term_string\"}],\"inLanguage\":\"de\"},{\"@type\":\"Organization\",\"@id\":\"https:\/\/now-news.de\/de\/#organization\",\"name\":\"Just Now News\",\"url\":\"https:\/\/now-news.de\/de\/\",\"logo\":{\"@type\":\"ImageObject\",\"inLanguage\":\"de\",\"@id\":\"https:\/\/now-news.de\/de\/#\/schema\/logo\/image\/\",\"url\":\"http:\/\/just-now.news\/de\/wp-content\/uploads\/sites\/3\/2022\/04\/logo500x500.jpg\",\"contentUrl\":\"http:\/\/just-now.news\/de\/wp-content\/uploads\/sites\/3\/2022\/04\/logo500x500.jpg\",\"width\":500,\"height\":500,\"caption\":\"Just Now News\"},\"image\":{\"@id\":\"https:\/\/now-news.de\/de\/#\/schema\/logo\/image\/\"},\"sameAs\":[\"https:\/\/www.facebook.com\/wirmachenauf\",\"https:\/\/x.com\/WirMachenAuf_de\"]},{\"@type\":\"Person\",\"@id\":\"https:\/\/now-news.de\/de\/#\/schema\/person\/fb534a4e865501d8b3285208df34a9b5\",\"name\":\"rtnews\",\"image\":{\"@type\":\"ImageObject\",\"inLanguage\":\"de\",\"@id\":\"https:\/\/now-news.de\/de\/#\/schema\/person\/image\/\",\"url\":\"https:\/\/secure.gravatar.com\/avatar\/82aafea7d8127119dd649515f56e2117?s=96&d=mm&r=g\",\"contentUrl\":\"https:\/\/secure.gravatar.com\/avatar\/82aafea7d8127119dd649515f56e2117?s=96&d=mm&r=g\",\"caption\":\"rtnews\"},\"url\":\"https:\/\/now-news.de\/de\/author\/rnews\/\"}]}<\/script>\n<!-- \/ Yoast SEO Premium plugin. -->","yoast_head_json":{"title":"Kein Interesse an deutschem Au\u00dfenminister: Wadephul sagt China-Reise kurzfristig ab - just-now.NEWS Deutschland","robots":{"index":"index","follow":"follow","max-snippet":"max-snippet:-1","max-image-preview":"max-image-preview:large","max-video-preview":"max-video-preview:-1"},"canonical":"https:\/\/now-news.de\/de\/deutschland\/kein-interesse-an-deutschem-aussenminister-wadephul-sagt-china-reise-kurzfristig-ab\/","og_locale":"de_DE","og_type":"article","og_title":"Kein Interesse an deutschem Au\u00dfenminister: Wadephul sagt China-Reise kurzfristig ab","og_description":"Au\u00dfenminister Wadephul hat eine geplante zweit\u00e4gige Reise in die Volksrepublik China kurz vor Beginn abgesagt. China soll nur einen Termin best\u00e4tigt haben. Zuvor hatte Peking die Haltung der Bundesregierung in der Taiwan-Frage kritisiert. Au\u00dfenminister Wadephul verschiebt seine f\u00fcr Montag und Dienstag geplante China-Reise. Eine Sprecherin des Ausw\u00e4rtigen Amtes sagte, die chinesische Seite habe au\u00dfer einem [&hellip;]","og_url":"https:\/\/now-news.de\/de\/deutschland\/kein-interesse-an-deutschem-aussenminister-wadephul-sagt-china-reise-kurzfristig-ab\/","og_site_name":"just-now.NEWS Deutschland","article_publisher":"https:\/\/www.facebook.com\/wirmachenauf","article_published_time":"2025-10-24T13:04:23+00:00","og_image":[{"url":"https:\/\/now-news.de\/de\/wp-content\/uploads\/sites\/3\/2025\/10\/68fb680db480cc207f7d7eae.jpg"}],"author":"rtnews","twitter_card":"summary_large_image","twitter_creator":"@WirMachenAuf_de","twitter_site":"@WirMachenAuf_de","twitter_misc":{"Verfasst von":"rtnews","Gesch\u00e4tzte Lesezeit":"1\u00a0Minute"},"schema":{"@context":"https:\/\/schema.org","@graph":[{"@type":"Article","@id":"https:\/\/now-news.de\/de\/deutschland\/kein-interesse-an-deutschem-aussenminister-wadephul-sagt-china-reise-kurzfristig-ab\/#article","isPartOf":{"@id":"https:\/\/now-news.de\/de\/deutschland\/kein-interesse-an-deutschem-aussenminister-wadephul-sagt-china-reise-kurzfristig-ab\/"},"author":{"name":"rtnews","@id":"https:\/\/now-news.de\/de\/#\/schema\/person\/fb534a4e865501d8b3285208df34a9b5"},"headline":"Kein Interesse an deutschem Au\u00dfenminister: Wadephul sagt China-Reise kurzfristig ab","datePublished":"2025-10-24T13:04:23+00:00","dateModified":"2025-10-24T13:04:23+00:00","mainEntityOfPage":{"@id":"https:\/\/now-news.de\/de\/deutschland\/kein-interesse-an-deutschem-aussenminister-wadephul-sagt-china-reise-kurzfristig-ab\/"},"wordCount":291,"commentCount":0,"publisher":{"@id":"https:\/\/now-news.de\/de\/#organization"},"image":{"@id":"https:\/\/now-news.de\/de\/deutschland\/kein-interesse-an-deutschem-aussenminister-wadephul-sagt-china-reise-kurzfristig-ab\/#primaryimage"},"thumbnailUrl":"https:\/\/now-news.de\/de\/wp-content\/uploads\/sites\/3\/2025\/10\/Kein-Interesse-an-deutschem-Aussenminister-Wadephul-sagt-China-Reise-kurzfristig-ab.jpg","keywords":["Au\u00dfenminister","ChinaReise","deutschem","Interesse","Kein","kurzfristig","sagt","Wadephul"],"articleSection":["Deutschland","Russland"],"inLanguage":"de","potentialAction":[{"@type":"CommentAction","name":"Comment","target":["https:\/\/now-news.de\/de\/deutschland\/kein-interesse-an-deutschem-aussenminister-wadephul-sagt-china-reise-kurzfristig-ab\/#respond"]}]},{"@type":"WebPage","@id":"https:\/\/now-news.de\/de\/deutschland\/kein-interesse-an-deutschem-aussenminister-wadephul-sagt-china-reise-kurzfristig-ab\/","url":"https:\/\/now-news.de\/de\/deutschland\/kein-interesse-an-deutschem-aussenminister-wadephul-sagt-china-reise-kurzfristig-ab\/","name":"Kein Interesse an deutschem Au\u00dfenminister: Wadephul sagt China-Reise kurzfristig ab - just-now.NEWS Deutschland","isPartOf":{"@id":"https:\/\/now-news.de\/de\/#website"},"primaryImageOfPage":{"@id":"https:\/\/now-news.de\/de\/deutschland\/kein-interesse-an-deutschem-aussenminister-wadephul-sagt-china-reise-kurzfristig-ab\/#primaryimage"},"image":{"@id":"https:\/\/now-news.de\/de\/deutschland\/kein-interesse-an-deutschem-aussenminister-wadephul-sagt-china-reise-kurzfristig-ab\/#primaryimage"},"thumbnailUrl":"https:\/\/now-news.de\/de\/wp-content\/uploads\/sites\/3\/2025\/10\/Kein-Interesse-an-deutschem-Aussenminister-Wadephul-sagt-China-Reise-kurzfristig-ab.jpg","datePublished":"2025-10-24T13:04:23+00:00","dateModified":"2025-10-24T13:04:23+00:00","breadcrumb":{"@id":"https:\/\/now-news.de\/de\/deutschland\/kein-interesse-an-deutschem-aussenminister-wadephul-sagt-china-reise-kurzfristig-ab\/#breadcrumb"},"inLanguage":"de","potentialAction":[{"@type":"ReadAction","target":["https:\/\/now-news.de\/de\/deutschland\/kein-interesse-an-deutschem-aussenminister-wadephul-sagt-china-reise-kurzfristig-ab\/"]}]},{"@type":"ImageObject","inLanguage":"de","@id":"https:\/\/now-news.de\/de\/deutschland\/kein-interesse-an-deutschem-aussenminister-wadephul-sagt-china-reise-kurzfristig-ab\/#primaryimage","url":"https:\/\/now-news.de\/de\/wp-content\/uploads\/sites\/3\/2025\/10\/Kein-Interesse-an-deutschem-Aussenminister-Wadephul-sagt-China-Reise-kurzfristig-ab.jpg","contentUrl":"https:\/\/now-news.de\/de\/wp-content\/uploads\/sites\/3\/2025\/10\/Kein-Interesse-an-deutschem-Aussenminister-Wadephul-sagt-China-Reise-kurzfristig-ab.jpg","width":460,"height":259,"caption":"Kein Interesse an deutschem Au\u00dfenminister: Wadephul sagt China-Reise kurzfristig ab"},{"@type":"BreadcrumbList","@id":"https:\/\/now-news.de\/de\/deutschland\/kein-interesse-an-deutschem-aussenminister-wadephul-sagt-china-reise-kurzfristig-ab\/#breadcrumb","itemListElement":[{"@type":"ListItem","position":1,"name":"Home","item":"https:\/\/now-news.de\/de\/"},{"@type":"ListItem","position":2,"name":"Kein Interesse an deutschem Au\u00dfenminister: Wadephul sagt China-Reise kurzfristig ab"}]},{"@type":"WebSite","@id":"https:\/\/now-news.de\/de\/#website","url":"https:\/\/now-news.de\/de\/","name":"just-now.NEWS Deutschland","description":"Das Portal f\u00fcr unzensierte Nachrichten aus der Welt","publisher":{"@id":"https:\/\/now-news.de\/de\/#organization"},"potentialAction":[{"@type":"SearchAction","target":{"@type":"EntryPoint","urlTemplate":"https:\/\/now-news.de\/de\/?s={search_term_string}"},"query-input":"required name=search_term_string"}],"inLanguage":"de"},{"@type":"Organization","@id":"https:\/\/now-news.de\/de\/#organization","name":"Just Now News","url":"https:\/\/now-news.de\/de\/","logo":{"@type":"ImageObject","inLanguage":"de","@id":"https:\/\/now-news.de\/de\/#\/schema\/logo\/image\/","url":"http:\/\/just-now.news\/de\/wp-content\/uploads\/sites\/3\/2022\/04\/logo500x500.jpg","contentUrl":"http:\/\/just-now.news\/de\/wp-content\/uploads\/sites\/3\/2022\/04\/logo500x500.jpg","width":500,"height":500,"caption":"Just Now News"},"image":{"@id":"https:\/\/now-news.de\/de\/#\/schema\/logo\/image\/"},"sameAs":["https:\/\/www.facebook.com\/wirmachenauf","https:\/\/x.com\/WirMachenAuf_de"]},{"@type":"Person","@id":"https:\/\/now-news.de\/de\/#\/schema\/person\/fb534a4e865501d8b3285208df34a9b5","name":"rtnews","image":{"@type":"ImageObject","inLanguage":"de","@id":"https:\/\/now-news.de\/de\/#\/schema\/person\/image\/","url":"https:\/\/secure.gravatar.com\/avatar\/82aafea7d8127119dd649515f56e2117?s=96&d=mm&r=g","contentUrl":"https:\/\/secure.gravatar.com\/avatar\/82aafea7d8127119dd649515f56e2117?s=96&d=mm&r=g","caption":"rtnews"},"url":"https:\/\/now-news.de\/de\/author\/rnews\/"}]}},"_links":{"self":[{"href":"https:\/\/now-news.de\/de\/wp-json\/wp\/v2\/posts\/92745"}],"collection":[{"href":"https:\/\/now-news.de\/de\/wp-json\/wp\/v2\/posts"}],"about":[{"href":"https:\/\/now-news.de\/de\/wp-json\/wp\/v2\/types\/post"}],"author":[{"embeddable":true,"href":"https:\/\/now-news.de\/de\/wp-json\/wp\/v2\/users\/3"}],"replies":[{"embeddable":true,"href":"https:\/\/now-news.de\/de\/wp-json\/wp\/v2\/comments?post=92745"}],"version-history":[{"count":0,"href":"https:\/\/now-news.de\/de\/wp-json\/wp\/v2\/posts\/92745\/revisions"}],"wp:featuredmedia":[{"embeddable":true,"href":"https:\/\/now-news.de\/de\/wp-json\/wp\/v2\/media\/92746"}],"wp:attachment":[{"href":"https:\/\/now-news.de\/de\/wp-json\/wp\/v2\/media?parent=92745"}],"wp:term":[{"taxonomy":"category","embeddable":true,"href":"https:\/\/now-news.de\/de\/wp-json\/wp\/v2\/categories?post=92745"},{"taxonomy":"post_tag","embeddable":true,"href":"https:\/\/now-news.de\/de\/wp-json\/wp\/v2\/tags?post=92745"}],"curies":[{"name":"wp","href":"https:\/\/api.w.org\/{rel}","templated":true}]}}