{"id":92731,"date":"2025-10-24T06:00:00","date_gmt":"2025-10-24T04:00:00","guid":{"rendered":"https:\/\/now-news.de\/de\/deutschland\/seeblockade-gegen-die-russische-foederation-kommt-russlands-pearl-harbor-moment\/"},"modified":"2025-10-24T06:00:00","modified_gmt":"2025-10-24T04:00:00","slug":"seeblockade-gegen-die-russische-foederation-kommt-russlands-pearl-harbor-moment","status":"publish","type":"post","link":"https:\/\/now-news.de\/de\/deutschland\/seeblockade-gegen-die-russische-foederation-kommt-russlands-pearl-harbor-moment\/","title":{"rendered":"Seeblockade gegen die Russische F\u00f6deration: Kommt Russlands Pearl-Harbor-Moment?"},"content":{"rendered":"<p><img decoding=\"async\" src=\"https:\/\/now-news.de\/de\/wp-content\/uploads\/sites\/3\/2025\/10\/68f8d17ab480cc7bcc59ff86.jpg\" \/><\/p>\n<div class=\"Text-root Text-type_1 \">\n                Der russlandfeindliche Westen versucht, das Land immer mehr in die Enge zu dr\u00e4ngen. Gelingt das, k\u00f6nnte der Moment eintreten, in dem Russland nur noch die M\u00f6glichkeit eines Befreiungsschlages sieht. Dieses Szenario wurde j\u00fcngst vom NATO-Generalsekret\u00e4r Mark Rutte aufgezeigt.\n            <\/div>\n<p><\/p>\n<div class=\"Text-root Text-type_5 ArticleView-text ViewText-root \">\n<p><em>Von Astrid Sigena und Wladislaw Sankin<\/em><\/p>\n<p>Man schreckt unwillk\u00fcrlich zur\u00fcck, das imperialistische Japan der 30er- und 40er-Jahre des vergangenen Jahrhunderts mit der heutigen Russischen F\u00f6deration zu vergleichen. Zu unterschiedlich sind beide Staaten in Bezug auf Motivation und Durchf\u00fchrung der Kriegsf\u00fchrung. Das Massaker von Nanking mit Hunderttausenden Toten und andere japanische Kriegsverbrechen wie die grauenhaften Menschenversuche bei der Entwicklung eines eigenen Biowaffenprogramms f\u00fcr das Kaiserreich sind schlie\u00dflich weltweit bekannt. Und Russland hat auch kein Meer \u00fcberquert, um auf dem asiatischen Kontinent ein fremdes Volk zu unterjochen, sondern wurde in einen vom Westen angezettelten B\u00fcrgerkrieg innerhalb der postsowjetischen Welt verstrickt.<\/p>\n<p>Nein, die Vergleichsebene liegt vielmehr im Vorgehen des Westens gegen\u00fcber L\u00e4ndern, die entweder Systemkonkurrenten darstellen oder sich der Eingliederung in seinen Herrschaftsbereich verweigern. Wie das antike Rom nimmt auch der Wertewesten f\u00fcr sich in Anspruch, nur Verteidigungskriege zu f\u00fchren. In seiner Selbstwahrnehmung agiert der Westen niemals aggressiv, sondern verteidigt sich nur oder sch\u00fctzt humanit\u00e4re Werte. Notfalls wird dem zu bek\u00e4mpfenden Staat beispielsweise der Besitz von Chemiewaffen unterstellt. Oder man rechtfertigt sein Eingreifen mit der Bek\u00e4mpfung des Drogenhandels. Aus westlicher Sicht ist es nat\u00fcrlich ideal, wenn man durch eine Einkreisungspolitik, die die Handlungsm\u00f6glichkeiten immer weiter einschr\u00e4nkt, den Gegner dazu bringen kann, in einer Verzweiflungstat als Erster zuzuschlagen. Die emp\u00f6rte \u00d6ffentlichkeit sieht dann \u2013 auch dank strenger Medienzensur im Westen \u2013 nur noch den Angriff, nicht die Vorgeschichte des Konflikts.<\/p>\n<p>Im Jahr 1941 verh\u00e4ngten die USA und ihre Verb\u00fcndeten ein \u00d6l-Embargo gegen Japan, das zuvor Flugpl\u00e4tze im besetzten Franz\u00f6sisch-Indochina besetzt hatte. Auch die japanischen Verm\u00f6genswerte wurden eingefroren. Das sch\u00e4digte Japans Au\u00dfenhandel stark. Da das rohstoffarme Land damals wie heute extrem auf den Import fossiler Brennstoffe angewiesen ist, blieb der japanischen F\u00fchrung nur noch ein Zeitraum von wenigen Monaten, bis die \u00d6lreserven aufgebraucht waren. Japan begann mit den Kriegsvorbereitungen und zugleich mit Verhandlungen mit den USA, den gr\u00f6\u00dften \u00d6llieferanten des Inselreiches. Im Angebot war ein teilweiser R\u00fcckzug der Japaner aus China. Letztendlich scheiterten die Verhandlungen.<\/p>\n<p>Die Amerikaner hatten von den japanischen Angriffspl\u00e4nen Wind bekommen und durch das Knacken des Verschl\u00fcsselungscodes des japanischen Au\u00dfenministeriums zugleich das Ausma\u00df der japanischen Verhandlungsbereitschaft aufgedeckt. Die Folge war die sogenannte Hull-Note, deren weitgehende Forderungen der japanische Premierminister Hideki Tojo als Ultimatum zur Unterwerfung Japans auffasste. Wichtig in diesem Zusammenhang ist nicht, ob die US-amerikanischen Forderungen akzeptabel waren oder nicht, sondern dass die F\u00fchrung in Tokio Ende November 1941 keine andere Handlungsoption mehr sah, als den US-amerikanischen Pazifikhafen Pearl Harbor anzugreifen.<\/p>\n<p>Nun ist Russland im Gegensatz zu Japan kein rohstoffarmes, sondern vielmehr ein rohstoffreiches Land. Und dennoch ist Russland genauso von Rohstoffen abh\u00e4ngig wie damals die Japaner. Und zwar durch seine \u00d6l- und Gas-Exporte, die einen betr\u00e4chtlichen Teil des russischen Bruttoinlandsprodukts <a rel=\"nofollow noopener\" target=\"_blank\" href=\"https:\/\/www.tagesschau.de\/wirtschaft\/weltwirtschaft\/russland-oelexporte-china-gas-lng-100.html#:~:text=Exportwege%20seit%20dem%20EU-Embargo,nach%20China%20und%20Indien%20um&amp;text=Die%20EU-Sanktionen%20wegen%20des,zust%C3%A4ndige%20Vize-Ministerpr%C3%A4sident%20Alexander%20Nowak.\">ausmachen<\/a>\u00a0und fast 60 Prozent der Exporteinnahmen stellen (Angaben aus dem Jahr 2023). Gel\u00e4nge es dem Wertewesten, diese Exporte ganz zu stoppen oder zumindest stark einzuschr\u00e4nken, h\u00e4tte das erhebliche Auswirkungen auf den russischen Staatshaushalt, trotz aller Versuche, sich unabh\u00e4ngiger von den Rohstoffeinnahmen zu machen oder sich neue Exportm\u00e4rkte zu erschlie\u00dfen. Das ist der wahre Hintergrund des westlichen Vorgehens gegen die sogenannte russische Schattenflotte, nicht Umweltbedenken oder die Angst vor Sabotage an Unterseekabeln. Russland soll es unm\u00f6glich gemacht werden, die mittels der Deckelung des Roh\u00f6lpreises verh\u00e4ngten Sanktionen zu umgehen.<\/p>\n<p>Diese Einkesselungsstrategie hat nat\u00fcrlich auch eine milit\u00e4rische Komponente. Die Ostsee gilt immer mehr als reines NATO-Meer, in dem russische Schiffe (oder Schiffe, die russische G\u00fcter tragen) nichts verloren haben. Im Mai dieses Jahres versuchten estnische Marinesoldaten mit der Unterst\u00fctzung polnischer Kampfjets, den Tanker &#8220;Jaguar&#8221; zu kapern, der auf dem Weg nach Russland war. Dieser Akt der Piraterie scheiterte nur, weil ein russischer Kampfjet der bedr\u00e4ngten Mannschaft des Tankers zu Hilfe kam. (<em>RT DE<\/em>\u00a0<a rel=\"nofollow noopener\" target=\"_blank\" href=\"https:\/\/freedert.online\/europa\/244985-trotz-nato-hilfe-estnische-marine\/\">berichtete<\/a>). Und Anfang Oktober 2025 zwang dann die franz\u00f6sische Marine den \u00d6ltanker &#8220;Pushpa&#8221;, der russisches \u00d6l transportiert haben soll, zu einer Kurs\u00e4nderung \u2013 der \u00dcbergriff <a rel=\"nofollow noopener\" target=\"_blank\" href=\"https:\/\/freedert.online\/international\/257824-frankreich-greift-russlands-schattenflotte-an\/\">erfolgte<\/a> ebenfalls in internationalen Gew\u00e4ssern und war diesmal von Erfolg gekr\u00f6nt. Je \u00f6fter sich solche Vorf\u00e4lle h\u00e4ufen, desto schwieriger wird es f\u00fcr Russland, seine fossilen Brennstoffe in die Empf\u00e4ngerl\u00e4nder zu transportieren. Nicht immer gelingt es ihm, die Schiffe der &#8220;Schattenflotte&#8221; milit\u00e4risch zu sch\u00fctzen.<\/p>\n<p>Oder wie es NATO-Generalsekret\u00e4r Mark Rutte auf der Jahrestagung der Parlamentarischen Versammlung des Milit\u00e4rb\u00fcndnisses bez\u00fcglich der &#8220;Schattenflotte&#8221; <a rel=\"nofollow noopener\" target=\"_blank\" href=\"https:\/\/www.nato.int\/cps\/en\/natohq\/opinions_238380.htm\">formulierte<\/a>: &#8220;Nat\u00fcrlich haben wir das V\u00f6lkerrecht, das Seerecht und <a rel=\"nofollow noopener\" target=\"_blank\" href=\"https:\/\/www.unclos.org\/\">UNCLOS<\/a> und so weiter, aber es gibt viel, was wir tun k\u00f6nnen, um es ihnen schwer zu machen. Und diese ganze <a rel=\"nofollow noopener\" target=\"_blank\" href=\"https:\/\/www.bundeswehr.de\/de\/auftrag\/einsaetze\/missionen\/anerkannte-missionen\/nato-baltric-sentry\">Baltic Sentry<\/a> an sich verursacht Russland bereits Kosten, weil sie diese Schiffe der Schattenflotte st\u00e4rker sch\u00fctzen m\u00fcssen als in der Vergangenheit. Sie m\u00fcssen dar\u00fcber nachdenken. Es kommt eine logistische Ebene hinzu, die sie nicht wirklich beherrschen, was ihnen sehr wehtut.&#8221; Rutte nahm dabei Bezug auf den franz\u00f6sischen Pr\u00e4sidenten Emmanuel Macron, den er mit den Worten zitierte: &#8220;Dies sollte eine neue Priorit\u00e4t f\u00fcr uns in Europa und in der NATO sein, gemeinsam alles in unserer Macht Stehende zu tun, um den Russen diese entscheidende Geldquelle abzuschneiden.&#8221;<\/p>\n<p>Rutte forderte, nun die n\u00e4chsten Schritte bez\u00fcglich der &#8220;Schattenflotte&#8221; einzuleiten. Mit seiner \u00c4u\u00dferung nahm der NATO-Generalsekret\u00e4r offensichtlich eine Steigerung der Konfrontation in Kauf, denn das Vorgehen des Milit\u00e4rb\u00fcndnisses gegen Russlands Handel ist im weitesten Sinne illegal. Der Zweck rechtfertigt die Mittel. Und der Zweck ist ganz klar die Vollsperrung Russlands in der Ostsee, die f\u00fcr Russland inakzeptabel ist. Mit allen damit implizierten Gefahren einer Eskalation.<\/p>\n<p>Diese Gefahr nimmt die NATO offenbar gerne in Kauf. Mehr noch, es gibt Anzeichen daf\u00fcr, dass dies gewollt ist. Eine weitere \u00c4u\u00dferung, die Rutte bei der eben zitierten Pressekonferenz t\u00e4tigte, l\u00e4sst jedenfalls tief blicken:<\/p>\n<p>&#8220;Wir vergessen nicht, dass ein Krieg, sollte es jemals dazu kommen \u2013 hoffen wir, dass es nie dazu kommt \u2013, aber wenn die Russen so idiotisch w\u00e4ren, uns anzugreifen, und es zu einem vollst\u00e4ndigen Krieg zwischen Russland und der NATO k\u00e4me, dann wird das anders als der derzeitige Krieg zwischen Russland und der Ukraine sein. Er wird aus vielen Gr\u00fcnden anders sein, auf die ich jetzt nicht n\u00e4her eingehen kann, weil wir (die Russen) nicht schlauer machen wollen.&#8221;<\/p>\n<p>Bemerkenswerterweise wechselte Rutte innerhalb eines Satzes \u00fcber die Perspektiven eines NATO-Russland-Krieges im englischen Original von Konjunktiv (would) ins Indikativ (will). Hat der Generalsekret\u00e4r uns hier schon das angestrebte Szenario einer N\u00f6tigung Russlands zum Krieg skizziert?<\/p>\n<p>Einer Seeblockade kommt in diesem Szenario eine Schl\u00fcsselrolle zu. Denn auch das Schwarze Meer ist f\u00fcr Russland so gut wie gesperrt. Die zivile Schifffahrt leidet ohnehin unter den Kampfhandlungen, und solange der Ukraine-Krieg dauert, d\u00fcrfen russische Kriegsschiffe die t\u00fcrkischen Meerengen gem\u00e4\u00df dem Vertrag von Montreux nicht mehr durchfahren. Damit bleibt noch die Arktisroute. Sie ist durch den Klimawandel zunehmend l\u00e4nger befahrbar. Erst k\u00fcrzlich <a rel=\"nofollow noopener\" target=\"_blank\" href=\"https:\/\/freedert.online\/russland\/258992-arktische-transportroute-china-entdeck-nordostpassage\/\">transportierte<\/a> ein chinesisches Schiff zum ersten Mal Fracht durch die Nordostpassage in Richtung Europa. Die Region ist f\u00fcr Russland auch milit\u00e4risch wichtig. In Murmansk, einer K\u00fcstenstadt am Nordpolarmeer, liegt ein wichtiger St\u00fctzpunkt der russischen Nordflotte. Bereits im Zweiten Weltkrieg war die Gegend um Murmansk hart umk\u00e4mpft, denn dort verlief die zeitweise einzige Schifffahrtsroute, auf der die Alliierten die Sowjetunion mit Waffen versorgen konnten. Die deutsche Kriegsmarine unternahm deshalb auch im Sommer 1942 das Unternehmen R\u00f6sselsprung, um einen alliierten Konvoi abzufangen.<\/p>\n<p>Auch dieser n\u00f6rdliche Zugang Russlands zum Atlantik ist wieder in Gefahr. <a rel=\"nofollow noopener\" target=\"_blank\" href=\"https:\/\/www.nzz.ch\/pro\/russland-arkis-die-barentssee-ist-fuer-russland-ein-schluesselgebiet-im-konflikt-mit-dem-westen-es-ist-der-einzige-zugang-zum-atlantik-ld.1863386\">Konstatiert<\/a> hatte dies bereits Anfang des Jahres Rudolf Hermann in einem Artikel f\u00fcr die <em>NZZ<\/em> (hinter Bezahlschranke). F\u00fcr ihn war bereits damals die Barentssee zu einem milit\u00e4rstrategischen Hotspot geworden. Denn nicht nur die ber\u00fchmte GIUK-L\u00fccke aus dem Kalten Krieg, ein strategischer Engpass, der von der d\u00e4nischen Insel Gr\u00f6nland \u00fcber Island bis nach Gro\u00dfbritannien reicht, bietet eine M\u00f6glichkeit, den Zugang zum Atlantik zu kontrollieren oder zumindest Durchbr\u00fcche zu \u00fcberwachen und die feindlichen Schiffe zu verfolgen. Weniger bekannt, aber milit\u00e4rstrategisch wom\u00f6glich noch bedeutender ist die sogenannte <a rel=\"nofollow noopener\" target=\"_blank\" href=\"https:\/\/militaeraktuell.at\/russland-und-norwegen-ueben-gemeinsam-in-der-arktis\/\">B\u00e4ren-L\u00fccke<\/a>, platziert zwischen Spitzbergen, der B\u00e4reninsel und dem Nordkap. Dieses Seegebiet m\u00fcssen sowohl Frachter als auch die russische Marine durchfahren, um auf den Atlantik zu gelangen.<\/p>\n<p>Bemerkenswert ist, wie sehr sich die Bundesrepublik Deutschland neuerdings f\u00fcr die Arktis interessiert, ein Land, das eigentlich nicht als Arktis-Anrainer bekannt ist. Nicht mehr nur der <a rel=\"nofollow noopener\" target=\"_blank\" href=\"https:\/\/www.bmvg.de\/de\/themen\/dossiers\/engagement-im-indopazifik\">Indopazifik<\/a>, sondern auch die <a rel=\"nofollow noopener\" target=\"_blank\" href=\"https:\/\/www.bmvg.de\/de\/aktuelles\/deutschland-beweist-handlungsfaehigkeit-in-arktis-5985574\">Arktis<\/a> und der Nordatlantik gelten dem Ministerium der Verteidigung als eine f\u00fcr Deutschland strategisch wichtige Region. Bei einem Besuch auf Gr\u00f6nland erkl\u00e4rte im Sommer der Parlamentarische Staatssekret\u00e4r Nils Schmid (SPD) ganz unumwunden: Man d\u00fcrfe einzelne Regionen nicht isoliert betrachten, sondern m\u00fcsse sie als zusammenh\u00e4ngenden Konfliktraum vom Schwarzen Meer bis zum Nordatlantik erkennen. Vorgeblich k\u00fcmmert sich Deutschland nat\u00fcrlich um die Arktis, um sie vor Russlands Herrschaftsanspruch zu sch\u00fctzen und die Seehandelswege freizuhalten (!). Einer Erl\u00e4uterung, wessen Handelswege Russland in der Arktis denn bedroht, blieb Schmid schuldig. In seinem eigenen Herrschaftsanspruch auf Seegeltung ist Deutschland im Oktober derweil weiter vorangeschritten.<\/p>\n<p>Vergangenen Sonntag war Verteidigungsminister Boris Pistorius auf der Atlantikinsel Island. Er vereinbarte dort mit der isl\u00e4ndischen Au\u00dfenministerin (Island hat kein eigenes Milit\u00e4r), dass Island k\u00fcnftig als Anlaufpunkt f\u00fcr deutsche Kriegsschiffe, U-Boote und Versorgungsschiffe dienen werde (<em>RT DE<\/em> berichtete). Deutsche Seefernaufkl\u00e4rer vom Typ P-8A Poseidon (konzipiert f\u00fcr die U-Boot-Jagd) sollen ebenfalls auf der Vulkaninsel stationiert werden. Diese Militarisierung soll angeblich auch dem Schutz Islands vor hybriden Angriffen dienen. Schon im vergangenen Jahr wurden auf der Insel Bef\u00fcrchtungen laut, russische Sabotageakte an Unterseekabeln k\u00f6nnten die Isl\u00e4nder vom Rest der Welt abschneiden. Auch die deutsche R\u00fcstungskooperation mit dem Arktisanlieger Kanada will Pistorius vorantreiben. Das deutsche Verteidigungsministerium <a rel=\"nofollow noopener\" target=\"_blank\" href=\"https:\/\/www.bmvg.de\/de\/militaerpolitische-reise-island-kanada\">postete<\/a> denn auch prompt eine Karte der GIUK-L\u00fccke auf seiner Homepage mit m\u00f6glichen beiderseitigen Angriffsrichtungen.<\/p>\n<p>Auff\u00e4lligerweise sind es nicht die USA, die trotz aller zuweilen erratischer \u00c4u\u00dferungen aus dem Munde Pr\u00e4sident Donald Trumps und mancher Sanktionsforderung seiner Administration den Konflikt mit Blockade-Pl\u00e4nen gegen Russland weiter ansch\u00fcren. Trump <a rel=\"nofollow noopener\" target=\"_blank\" href=\"https:\/\/freedert.online\/kurzclips\/video\/259102-es-ist-hoechste-zeit-trump-kuendigt-treffen-mit-putin-in-ungarn-an\/\">bem\u00fcht sich<\/a> nicht nur um einen Friedensgipfel mit dem russischen Pr\u00e4sidenten in Budapest, mittlerweile werden auch Pl\u00e4ne <a rel=\"nofollow noopener\" target=\"_blank\" href=\"https:\/\/freedert.online\/international\/259085-dmitrijew-russland-und-usa-sollen-mit-putin-trump-tunnel-verbunden-werden\/\">bekannt<\/a>, die Beringstra\u00dfe, also die Meerenge zwischen Russland und den USA, mit einem Tunnel zu \u00fcberbr\u00fccken. Zumindest <a rel=\"nofollow noopener\" target=\"_blank\" href=\"https:\/\/freedert.online\/international\/259325-tunnel-zwischen-russland-und-usa\/\">zeigt sich<\/a> Trump gegen\u00fcber dem Vorschlag des russischen Staatsfonds-Chefs Kirill Dmitrijew nicht v\u00f6llig abgeneigt. Ein vielversprechendes Projekt, das auf eine friedliche gemeinsame Erschlie\u00dfung der Sch\u00e4tze der Arktis statt auf das Isolieren Russlands setzt, auch wenn Skeptiker wie der geostrategische Analyst Juri Podoljaka auf die damit verbundenen mannigfachen Schwierigkeiten und Risiken <a rel=\"nofollow noopener\" target=\"_blank\" href=\"https:\/\/t.me\/yurasumy\/25134\">hinweisen<\/a>. Aber ganz offensichtlich ist dies nicht der Weg, den NATO-Europa und seine au\u00dfereurop\u00e4ischen Verb\u00fcndeten (darunter insbesondere Kanada) gehen wollen. Sie hoffen immer noch, sich die russischen Bodensch\u00e4tze ohne Kooperation mit dem ihnen verhassten Land aneignen zu k\u00f6nnen. Ihre Blockade-Pl\u00e4ne gegen\u00fcber Russland sind \u2013 selbst falls sie technisch machbar sind (was auch nicht ganz sicher ist) \u2013 v\u00f6llig aus der Zeit gefallen. Mit Kooperationsdenken in einer globalisierten Welt haben sie nichts mehr zu tun, sondern erinnern an die Zeiten der beiden Weltkriege mit Dutzenden Millionen Toten.<\/p>\n<p>Der Plan einer Vollsperrung Russlands grenzt damit ganz klar an verbrecherisches Hasardieren. Russland agiert derzeit noch sehr defensiv, es will offensichtlich eine Ausweitung des Konflikts vermeiden. Sollte das Land jedoch zu sehr in die Enge getrieben werden, k\u00f6nnte es sich zu einem verzweifelten Befreiungsschlag getrieben sehen. Verantwortliche im Wertewesten, die noch einen Funken Restvernunft besitzen, sollten ein solches Szenario unbedingt zu verhindern suchen. Im Gegensatz zu Japan ist die Russische F\u00f6deration eine Atommacht.<\/p>\n<p><strong>Mehr zum Thema<\/strong>\u00a0\u2013\u00a0<a rel=\"nofollow noopener\" target=\"_blank\" href=\"https:\/\/freedert.online\/international\/254344-eu-bereitet-19-sanktionspaket-vor\/\">EU bereitet 19. Sanktionspaket vor \u2013 USA und Russland wollen wirtschaftlich kooperieren<\/a><\/p>\n<div class=\"EmbedBlock-root EmbedBlock-externalVideo EmbedBlock-rumble\">\n<div class=\"VkEmbed\"><iframe class=\"lazyload\" data-src=\"https:\/\/rumble.com\/embed\/v6y3k5y\" frameborder=\"0\" width=\"853\" height=\"480\" allowfullscreen><\/iframe><\/div>\n<\/div>\n<\/div>\n<p><br \/>\n<br \/><a href=\"https:\/\/de.rt.com\/meinung\/258799-seeblockade-gegen-russische-foederation-kommt-russlands-pearl-harbor-moment\/\">Source link <\/a><\/p>\n","protected":false},"excerpt":{"rendered":"<p>Der russlandfeindliche Westen versucht, das Land immer mehr in die Enge zu dr\u00e4ngen. Gelingt das, k\u00f6nnte der Moment eintreten, in dem Russland nur noch die M\u00f6glichkeit eines Befreiungsschlages sieht. Dieses Szenario wurde j\u00fcngst vom NATO-Generalsekret\u00e4r Mark Rutte aufgezeigt. Von Astrid Sigena und Wladislaw Sankin Man schreckt unwillk\u00fcrlich zur\u00fcck, das imperialistische Japan der 30er- und 40er-Jahre [&hellip;]<\/p>\n","protected":false},"author":3,"featured_media":92732,"comment_status":"open","ping_status":"open","sticky":false,"template":"","format":"standard","meta":{"_yoast_indexnow_last_ping":["1761278937"],"wp_automatic_camp":["217"],"950cd8ddc68d13b9d596588ce4a2e16e":["Seeblockade gegen die Russische F\u00f6deration: Kommt Russlands Pearl-Harbor-Moment?"],"original_link":["https:\/\/de.rt.com\/meinung\/258799-seeblockade-gegen-russische-foederation-kommt-russlands-pearl-harbor-moment\/"],"_thumbnail_id":["92732"],"jnews_social_counter_last_update":["1777329094"],"_wptgpro_p2tg_sent2tg":["a:1:{i:23737;s:19:\"2025-10-24 06:10:11\";}"]},"categories":[19,23],"tags":[45,33533,278,310,68643,570,142,64451],"yoast_head":"<!-- This site is optimized with the Yoast SEO Premium plugin v22.7 (Yoast SEO v22.7) - https:\/\/yoast.com\/wordpress\/plugins\/seo\/ -->\n<title>Seeblockade gegen die Russische F\u00f6deration: Kommt Russlands Pearl-Harbor-Moment? - just-now.NEWS Deutschland<\/title>\n<meta name=\"robots\" content=\"index, follow, max-snippet:-1, max-image-preview:large, max-video-preview:-1\" \/>\n<link rel=\"canonical\" href=\"https:\/\/now-news.de\/de\/deutschland\/seeblockade-gegen-die-russische-foederation-kommt-russlands-pearl-harbor-moment\/\" \/>\n<meta property=\"og:locale\" content=\"de_DE\" \/>\n<meta property=\"og:type\" content=\"article\" \/>\n<meta property=\"og:title\" content=\"Seeblockade gegen die Russische F\u00f6deration: Kommt Russlands Pearl-Harbor-Moment?\" \/>\n<meta property=\"og:description\" content=\"Der russlandfeindliche Westen versucht, das Land immer mehr in die Enge zu dr\u00e4ngen. Gelingt das, k\u00f6nnte der Moment eintreten, in dem Russland nur noch die M\u00f6glichkeit eines Befreiungsschlages sieht. Dieses Szenario wurde j\u00fcngst vom NATO-Generalsekret\u00e4r Mark Rutte aufgezeigt. Von Astrid Sigena und Wladislaw Sankin Man schreckt unwillk\u00fcrlich zur\u00fcck, das imperialistische Japan der 30er- und 40er-Jahre [&hellip;]\" \/>\n<meta property=\"og:url\" content=\"https:\/\/now-news.de\/de\/deutschland\/seeblockade-gegen-die-russische-foederation-kommt-russlands-pearl-harbor-moment\/\" \/>\n<meta property=\"og:site_name\" content=\"just-now.NEWS Deutschland\" \/>\n<meta property=\"article:publisher\" content=\"https:\/\/www.facebook.com\/wirmachenauf\" \/>\n<meta property=\"article:published_time\" content=\"2025-10-24T04:00:00+00:00\" \/>\n<meta property=\"og:image\" content=\"https:\/\/now-news.de\/de\/wp-content\/uploads\/sites\/3\/2025\/10\/68f8d17ab480cc7bcc59ff86.jpg\" \/>\n<meta name=\"author\" content=\"rtnews\" \/>\n<meta name=\"twitter:card\" content=\"summary_large_image\" \/>\n<meta name=\"twitter:creator\" content=\"@WirMachenAuf_de\" \/>\n<meta name=\"twitter:site\" content=\"@WirMachenAuf_de\" \/>\n<meta name=\"twitter:label1\" content=\"Verfasst von\" \/>\n\t<meta name=\"twitter:data1\" content=\"rtnews\" \/>\n\t<meta name=\"twitter:label2\" content=\"Gesch\u00e4tzte Lesezeit\" \/>\n\t<meta name=\"twitter:data2\" content=\"10\u00a0Minuten\" \/>\n<script type=\"application\/ld+json\" class=\"yoast-schema-graph\">{\"@context\":\"https:\/\/schema.org\",\"@graph\":[{\"@type\":\"Article\",\"@id\":\"https:\/\/now-news.de\/de\/deutschland\/seeblockade-gegen-die-russische-foederation-kommt-russlands-pearl-harbor-moment\/#article\",\"isPartOf\":{\"@id\":\"https:\/\/now-news.de\/de\/deutschland\/seeblockade-gegen-die-russische-foederation-kommt-russlands-pearl-harbor-moment\/\"},\"author\":{\"name\":\"rtnews\",\"@id\":\"https:\/\/now-news.de\/de\/#\/schema\/person\/fb534a4e865501d8b3285208df34a9b5\"},\"headline\":\"Seeblockade gegen die Russische F\u00f6deration: Kommt Russlands Pearl-Harbor-Moment?\",\"datePublished\":\"2025-10-24T04:00:00+00:00\",\"dateModified\":\"2025-10-24T04:00:00+00:00\",\"mainEntityOfPage\":{\"@id\":\"https:\/\/now-news.de\/de\/deutschland\/seeblockade-gegen-die-russische-foederation-kommt-russlands-pearl-harbor-moment\/\"},\"wordCount\":2026,\"commentCount\":0,\"publisher\":{\"@id\":\"https:\/\/now-news.de\/de\/#organization\"},\"image\":{\"@id\":\"https:\/\/now-news.de\/de\/deutschland\/seeblockade-gegen-die-russische-foederation-kommt-russlands-pearl-harbor-moment\/#primaryimage\"},\"thumbnailUrl\":\"https:\/\/now-news.de\/de\/wp-content\/uploads\/sites\/3\/2025\/10\/Seeblockade-gegen-die-Russische-Foederation-Kommt-Russlands-Pearl-Harbor-Moment.jpg\",\"keywords\":[\"die\",\"F\u00f6deration\",\"gegen\",\"kommt\",\"PearlHarborMoment\",\"Russische\",\"Russlands\",\"Seeblockade\"],\"articleSection\":[\"Deutschland\",\"Russland\"],\"inLanguage\":\"de\",\"potentialAction\":[{\"@type\":\"CommentAction\",\"name\":\"Comment\",\"target\":[\"https:\/\/now-news.de\/de\/deutschland\/seeblockade-gegen-die-russische-foederation-kommt-russlands-pearl-harbor-moment\/#respond\"]}]},{\"@type\":\"WebPage\",\"@id\":\"https:\/\/now-news.de\/de\/deutschland\/seeblockade-gegen-die-russische-foederation-kommt-russlands-pearl-harbor-moment\/\",\"url\":\"https:\/\/now-news.de\/de\/deutschland\/seeblockade-gegen-die-russische-foederation-kommt-russlands-pearl-harbor-moment\/\",\"name\":\"Seeblockade gegen die Russische F\u00f6deration: Kommt Russlands Pearl-Harbor-Moment? - just-now.NEWS Deutschland\",\"isPartOf\":{\"@id\":\"https:\/\/now-news.de\/de\/#website\"},\"primaryImageOfPage\":{\"@id\":\"https:\/\/now-news.de\/de\/deutschland\/seeblockade-gegen-die-russische-foederation-kommt-russlands-pearl-harbor-moment\/#primaryimage\"},\"image\":{\"@id\":\"https:\/\/now-news.de\/de\/deutschland\/seeblockade-gegen-die-russische-foederation-kommt-russlands-pearl-harbor-moment\/#primaryimage\"},\"thumbnailUrl\":\"https:\/\/now-news.de\/de\/wp-content\/uploads\/sites\/3\/2025\/10\/Seeblockade-gegen-die-Russische-Foederation-Kommt-Russlands-Pearl-Harbor-Moment.jpg\",\"datePublished\":\"2025-10-24T04:00:00+00:00\",\"dateModified\":\"2025-10-24T04:00:00+00:00\",\"breadcrumb\":{\"@id\":\"https:\/\/now-news.de\/de\/deutschland\/seeblockade-gegen-die-russische-foederation-kommt-russlands-pearl-harbor-moment\/#breadcrumb\"},\"inLanguage\":\"de\",\"potentialAction\":[{\"@type\":\"ReadAction\",\"target\":[\"https:\/\/now-news.de\/de\/deutschland\/seeblockade-gegen-die-russische-foederation-kommt-russlands-pearl-harbor-moment\/\"]}]},{\"@type\":\"ImageObject\",\"inLanguage\":\"de\",\"@id\":\"https:\/\/now-news.de\/de\/deutschland\/seeblockade-gegen-die-russische-foederation-kommt-russlands-pearl-harbor-moment\/#primaryimage\",\"url\":\"https:\/\/now-news.de\/de\/wp-content\/uploads\/sites\/3\/2025\/10\/Seeblockade-gegen-die-Russische-Foederation-Kommt-Russlands-Pearl-Harbor-Moment.jpg\",\"contentUrl\":\"https:\/\/now-news.de\/de\/wp-content\/uploads\/sites\/3\/2025\/10\/Seeblockade-gegen-die-Russische-Foederation-Kommt-Russlands-Pearl-Harbor-Moment.jpg\",\"width\":460,\"height\":259,\"caption\":\"Seeblockade gegen die Russische F\u00f6deration: Kommt Russlands Pearl-Harbor-Moment?\"},{\"@type\":\"BreadcrumbList\",\"@id\":\"https:\/\/now-news.de\/de\/deutschland\/seeblockade-gegen-die-russische-foederation-kommt-russlands-pearl-harbor-moment\/#breadcrumb\",\"itemListElement\":[{\"@type\":\"ListItem\",\"position\":1,\"name\":\"Home\",\"item\":\"https:\/\/now-news.de\/de\/\"},{\"@type\":\"ListItem\",\"position\":2,\"name\":\"Seeblockade gegen die Russische F\u00f6deration: Kommt Russlands Pearl-Harbor-Moment?\"}]},{\"@type\":\"WebSite\",\"@id\":\"https:\/\/now-news.de\/de\/#website\",\"url\":\"https:\/\/now-news.de\/de\/\",\"name\":\"just-now.NEWS Deutschland\",\"description\":\"Das Portal f\u00fcr unzensierte Nachrichten aus der Welt\",\"publisher\":{\"@id\":\"https:\/\/now-news.de\/de\/#organization\"},\"potentialAction\":[{\"@type\":\"SearchAction\",\"target\":{\"@type\":\"EntryPoint\",\"urlTemplate\":\"https:\/\/now-news.de\/de\/?s={search_term_string}\"},\"query-input\":\"required name=search_term_string\"}],\"inLanguage\":\"de\"},{\"@type\":\"Organization\",\"@id\":\"https:\/\/now-news.de\/de\/#organization\",\"name\":\"Just Now News\",\"url\":\"https:\/\/now-news.de\/de\/\",\"logo\":{\"@type\":\"ImageObject\",\"inLanguage\":\"de\",\"@id\":\"https:\/\/now-news.de\/de\/#\/schema\/logo\/image\/\",\"url\":\"http:\/\/just-now.news\/de\/wp-content\/uploads\/sites\/3\/2022\/04\/logo500x500.jpg\",\"contentUrl\":\"http:\/\/just-now.news\/de\/wp-content\/uploads\/sites\/3\/2022\/04\/logo500x500.jpg\",\"width\":500,\"height\":500,\"caption\":\"Just Now News\"},\"image\":{\"@id\":\"https:\/\/now-news.de\/de\/#\/schema\/logo\/image\/\"},\"sameAs\":[\"https:\/\/www.facebook.com\/wirmachenauf\",\"https:\/\/x.com\/WirMachenAuf_de\"]},{\"@type\":\"Person\",\"@id\":\"https:\/\/now-news.de\/de\/#\/schema\/person\/fb534a4e865501d8b3285208df34a9b5\",\"name\":\"rtnews\",\"image\":{\"@type\":\"ImageObject\",\"inLanguage\":\"de\",\"@id\":\"https:\/\/now-news.de\/de\/#\/schema\/person\/image\/\",\"url\":\"https:\/\/secure.gravatar.com\/avatar\/82aafea7d8127119dd649515f56e2117?s=96&d=mm&r=g\",\"contentUrl\":\"https:\/\/secure.gravatar.com\/avatar\/82aafea7d8127119dd649515f56e2117?s=96&d=mm&r=g\",\"caption\":\"rtnews\"},\"url\":\"https:\/\/now-news.de\/de\/author\/rnews\/\"}]}<\/script>\n<!-- \/ Yoast SEO Premium plugin. -->","yoast_head_json":{"title":"Seeblockade gegen die Russische F\u00f6deration: Kommt Russlands Pearl-Harbor-Moment? - just-now.NEWS Deutschland","robots":{"index":"index","follow":"follow","max-snippet":"max-snippet:-1","max-image-preview":"max-image-preview:large","max-video-preview":"max-video-preview:-1"},"canonical":"https:\/\/now-news.de\/de\/deutschland\/seeblockade-gegen-die-russische-foederation-kommt-russlands-pearl-harbor-moment\/","og_locale":"de_DE","og_type":"article","og_title":"Seeblockade gegen die Russische F\u00f6deration: Kommt Russlands Pearl-Harbor-Moment?","og_description":"Der russlandfeindliche Westen versucht, das Land immer mehr in die Enge zu dr\u00e4ngen. Gelingt das, k\u00f6nnte der Moment eintreten, in dem Russland nur noch die M\u00f6glichkeit eines Befreiungsschlages sieht. Dieses Szenario wurde j\u00fcngst vom NATO-Generalsekret\u00e4r Mark Rutte aufgezeigt. Von Astrid Sigena und Wladislaw Sankin Man schreckt unwillk\u00fcrlich zur\u00fcck, das imperialistische Japan der 30er- und 40er-Jahre [&hellip;]","og_url":"https:\/\/now-news.de\/de\/deutschland\/seeblockade-gegen-die-russische-foederation-kommt-russlands-pearl-harbor-moment\/","og_site_name":"just-now.NEWS Deutschland","article_publisher":"https:\/\/www.facebook.com\/wirmachenauf","article_published_time":"2025-10-24T04:00:00+00:00","og_image":[{"url":"https:\/\/now-news.de\/de\/wp-content\/uploads\/sites\/3\/2025\/10\/68f8d17ab480cc7bcc59ff86.jpg"}],"author":"rtnews","twitter_card":"summary_large_image","twitter_creator":"@WirMachenAuf_de","twitter_site":"@WirMachenAuf_de","twitter_misc":{"Verfasst von":"rtnews","Gesch\u00e4tzte Lesezeit":"10\u00a0Minuten"},"schema":{"@context":"https:\/\/schema.org","@graph":[{"@type":"Article","@id":"https:\/\/now-news.de\/de\/deutschland\/seeblockade-gegen-die-russische-foederation-kommt-russlands-pearl-harbor-moment\/#article","isPartOf":{"@id":"https:\/\/now-news.de\/de\/deutschland\/seeblockade-gegen-die-russische-foederation-kommt-russlands-pearl-harbor-moment\/"},"author":{"name":"rtnews","@id":"https:\/\/now-news.de\/de\/#\/schema\/person\/fb534a4e865501d8b3285208df34a9b5"},"headline":"Seeblockade gegen die Russische F\u00f6deration: Kommt Russlands Pearl-Harbor-Moment?","datePublished":"2025-10-24T04:00:00+00:00","dateModified":"2025-10-24T04:00:00+00:00","mainEntityOfPage":{"@id":"https:\/\/now-news.de\/de\/deutschland\/seeblockade-gegen-die-russische-foederation-kommt-russlands-pearl-harbor-moment\/"},"wordCount":2026,"commentCount":0,"publisher":{"@id":"https:\/\/now-news.de\/de\/#organization"},"image":{"@id":"https:\/\/now-news.de\/de\/deutschland\/seeblockade-gegen-die-russische-foederation-kommt-russlands-pearl-harbor-moment\/#primaryimage"},"thumbnailUrl":"https:\/\/now-news.de\/de\/wp-content\/uploads\/sites\/3\/2025\/10\/Seeblockade-gegen-die-Russische-Foederation-Kommt-Russlands-Pearl-Harbor-Moment.jpg","keywords":["die","F\u00f6deration","gegen","kommt","PearlHarborMoment","Russische","Russlands","Seeblockade"],"articleSection":["Deutschland","Russland"],"inLanguage":"de","potentialAction":[{"@type":"CommentAction","name":"Comment","target":["https:\/\/now-news.de\/de\/deutschland\/seeblockade-gegen-die-russische-foederation-kommt-russlands-pearl-harbor-moment\/#respond"]}]},{"@type":"WebPage","@id":"https:\/\/now-news.de\/de\/deutschland\/seeblockade-gegen-die-russische-foederation-kommt-russlands-pearl-harbor-moment\/","url":"https:\/\/now-news.de\/de\/deutschland\/seeblockade-gegen-die-russische-foederation-kommt-russlands-pearl-harbor-moment\/","name":"Seeblockade gegen die Russische F\u00f6deration: Kommt Russlands Pearl-Harbor-Moment? - just-now.NEWS Deutschland","isPartOf":{"@id":"https:\/\/now-news.de\/de\/#website"},"primaryImageOfPage":{"@id":"https:\/\/now-news.de\/de\/deutschland\/seeblockade-gegen-die-russische-foederation-kommt-russlands-pearl-harbor-moment\/#primaryimage"},"image":{"@id":"https:\/\/now-news.de\/de\/deutschland\/seeblockade-gegen-die-russische-foederation-kommt-russlands-pearl-harbor-moment\/#primaryimage"},"thumbnailUrl":"https:\/\/now-news.de\/de\/wp-content\/uploads\/sites\/3\/2025\/10\/Seeblockade-gegen-die-Russische-Foederation-Kommt-Russlands-Pearl-Harbor-Moment.jpg","datePublished":"2025-10-24T04:00:00+00:00","dateModified":"2025-10-24T04:00:00+00:00","breadcrumb":{"@id":"https:\/\/now-news.de\/de\/deutschland\/seeblockade-gegen-die-russische-foederation-kommt-russlands-pearl-harbor-moment\/#breadcrumb"},"inLanguage":"de","potentialAction":[{"@type":"ReadAction","target":["https:\/\/now-news.de\/de\/deutschland\/seeblockade-gegen-die-russische-foederation-kommt-russlands-pearl-harbor-moment\/"]}]},{"@type":"ImageObject","inLanguage":"de","@id":"https:\/\/now-news.de\/de\/deutschland\/seeblockade-gegen-die-russische-foederation-kommt-russlands-pearl-harbor-moment\/#primaryimage","url":"https:\/\/now-news.de\/de\/wp-content\/uploads\/sites\/3\/2025\/10\/Seeblockade-gegen-die-Russische-Foederation-Kommt-Russlands-Pearl-Harbor-Moment.jpg","contentUrl":"https:\/\/now-news.de\/de\/wp-content\/uploads\/sites\/3\/2025\/10\/Seeblockade-gegen-die-Russische-Foederation-Kommt-Russlands-Pearl-Harbor-Moment.jpg","width":460,"height":259,"caption":"Seeblockade gegen die Russische F\u00f6deration: Kommt Russlands Pearl-Harbor-Moment?"},{"@type":"BreadcrumbList","@id":"https:\/\/now-news.de\/de\/deutschland\/seeblockade-gegen-die-russische-foederation-kommt-russlands-pearl-harbor-moment\/#breadcrumb","itemListElement":[{"@type":"ListItem","position":1,"name":"Home","item":"https:\/\/now-news.de\/de\/"},{"@type":"ListItem","position":2,"name":"Seeblockade gegen die Russische F\u00f6deration: Kommt Russlands Pearl-Harbor-Moment?"}]},{"@type":"WebSite","@id":"https:\/\/now-news.de\/de\/#website","url":"https:\/\/now-news.de\/de\/","name":"just-now.NEWS Deutschland","description":"Das Portal f\u00fcr unzensierte Nachrichten aus der Welt","publisher":{"@id":"https:\/\/now-news.de\/de\/#organization"},"potentialAction":[{"@type":"SearchAction","target":{"@type":"EntryPoint","urlTemplate":"https:\/\/now-news.de\/de\/?s={search_term_string}"},"query-input":"required name=search_term_string"}],"inLanguage":"de"},{"@type":"Organization","@id":"https:\/\/now-news.de\/de\/#organization","name":"Just Now News","url":"https:\/\/now-news.de\/de\/","logo":{"@type":"ImageObject","inLanguage":"de","@id":"https:\/\/now-news.de\/de\/#\/schema\/logo\/image\/","url":"http:\/\/just-now.news\/de\/wp-content\/uploads\/sites\/3\/2022\/04\/logo500x500.jpg","contentUrl":"http:\/\/just-now.news\/de\/wp-content\/uploads\/sites\/3\/2022\/04\/logo500x500.jpg","width":500,"height":500,"caption":"Just Now News"},"image":{"@id":"https:\/\/now-news.de\/de\/#\/schema\/logo\/image\/"},"sameAs":["https:\/\/www.facebook.com\/wirmachenauf","https:\/\/x.com\/WirMachenAuf_de"]},{"@type":"Person","@id":"https:\/\/now-news.de\/de\/#\/schema\/person\/fb534a4e865501d8b3285208df34a9b5","name":"rtnews","image":{"@type":"ImageObject","inLanguage":"de","@id":"https:\/\/now-news.de\/de\/#\/schema\/person\/image\/","url":"https:\/\/secure.gravatar.com\/avatar\/82aafea7d8127119dd649515f56e2117?s=96&d=mm&r=g","contentUrl":"https:\/\/secure.gravatar.com\/avatar\/82aafea7d8127119dd649515f56e2117?s=96&d=mm&r=g","caption":"rtnews"},"url":"https:\/\/now-news.de\/de\/author\/rnews\/"}]}},"_links":{"self":[{"href":"https:\/\/now-news.de\/de\/wp-json\/wp\/v2\/posts\/92731"}],"collection":[{"href":"https:\/\/now-news.de\/de\/wp-json\/wp\/v2\/posts"}],"about":[{"href":"https:\/\/now-news.de\/de\/wp-json\/wp\/v2\/types\/post"}],"author":[{"embeddable":true,"href":"https:\/\/now-news.de\/de\/wp-json\/wp\/v2\/users\/3"}],"replies":[{"embeddable":true,"href":"https:\/\/now-news.de\/de\/wp-json\/wp\/v2\/comments?post=92731"}],"version-history":[{"count":0,"href":"https:\/\/now-news.de\/de\/wp-json\/wp\/v2\/posts\/92731\/revisions"}],"wp:featuredmedia":[{"embeddable":true,"href":"https:\/\/now-news.de\/de\/wp-json\/wp\/v2\/media\/92732"}],"wp:attachment":[{"href":"https:\/\/now-news.de\/de\/wp-json\/wp\/v2\/media?parent=92731"}],"wp:term":[{"taxonomy":"category","embeddable":true,"href":"https:\/\/now-news.de\/de\/wp-json\/wp\/v2\/categories?post=92731"},{"taxonomy":"post_tag","embeddable":true,"href":"https:\/\/now-news.de\/de\/wp-json\/wp\/v2\/tags?post=92731"}],"curies":[{"name":"wp","href":"https:\/\/api.w.org\/{rel}","templated":true}]}}