{"id":92729,"date":"2025-10-23T20:51:48","date_gmt":"2025-10-23T18:51:48","guid":{"rendered":"https:\/\/now-news.de\/de\/deutschland\/aufgepasst-europaeer-der-terroranschlag-auf-die-nord-stream-pipelines-war-nur-der-anfang\/"},"modified":"2025-10-23T20:51:48","modified_gmt":"2025-10-23T18:51:48","slug":"aufgepasst-europaeer-der-terroranschlag-auf-die-nord-stream-pipelines-war-nur-der-anfang","status":"publish","type":"post","link":"https:\/\/now-news.de\/de\/deutschland\/aufgepasst-europaeer-der-terroranschlag-auf-die-nord-stream-pipelines-war-nur-der-anfang\/","title":{"rendered":"Aufgepasst, Europ\u00e4er: Der Terroranschlag auf die Nord-Stream-Pipelines war nur der Anfang"},"content":{"rendered":"<p><img decoding=\"async\" src=\"https:\/\/now-news.de\/de\/wp-content\/uploads\/sites\/3\/2025\/10\/68fa4c79b480cc68a3457b43.jpg\" \/><\/p>\n<div class=\"Text-root Text-type_1 \">\n                Zwei Gro\u00dfunf\u00e4lle in osteurop\u00e4ischen \u00d6lraffinerien innerhalb von 24 Stunden. Ein Zufall? Ungarn und Rum\u00e4nien beziehen ihre Rohstoffe seit Jahrzehnten aus derselben Quelle: Russland. Und w\u00e4hrend Ungarn bem\u00fcht ist, seine B\u00fcrger zu beruhigen, definiert Polen Terrorismus als &#8220;Widerstand gegen einen Aggressor&#8221;.\n            <\/div>\n<p><\/p>\n<div class=\"Text-root Text-type_5 ArticleView-text ViewText-root \">\n<p><em>Von Sergei Sawtschuk<\/em><\/p>\n<p>Das erste Viertel des 21. Jahrhunderts endete mit dem endg\u00fcltigen Zerfall des noch vor kurzem monolithischen Westens in zwei Machtpole, von denen einer \u2013 die Europ\u00e4ische Union \u2013 bereits einen unverhohlenen Krieg an mehreren Fronten f\u00fchrt. Zu Beginn dieser Woche ereigneten sich innerhalb von weniger als 24 Stunden zwei Gro\u00dfunf\u00e4lle in osteurop\u00e4ischen \u00d6lraffinerien, die sich als \u00e4u\u00dferst verd\u00e4chtig erwiesen.<\/p>\n<p>Der erste Brand brach im zentralen Teil Ungarns in der Stadt Sz\u00e1zhalombatta aus, wo sich die Donau-\u00d6lraffinerie befindet, die zur staatlichen MOL Group geh\u00f6rt. Es handelt sich um das gr\u00f6\u00dfte Unternehmen dieser Art im Land, das j\u00e4hrlich mehr als acht Millionen Tonnen Roh\u00f6l verarbeitet. F\u00fcr das kleine und ressourcenarme Ungarn hat diese Anlage kritische staatliche Bedeutung.<\/p>\n<p>Westlichen Quellen zufolge ereignete sich der Brand in der AV-3-Destillationsanlage (prim\u00e4re Verarbeitung und Trennung des Rohmaterials in Fraktionen). Nach Informationen aus \u00f6ffentlichen Quellen handelt es sich um den gr\u00f6\u00dften Betriebsteil der Raffinerie, dessen Besch\u00e4digung die Produktionskapazit\u00e4t um vierzig Prozent verringern wird, wobei die Wiederherstellung der Infrastruktur und der Betriebsf\u00e4higkeit mehrere Monate dauern k\u00f6nnte. Dabei ist unklar, ob die \u00fcbrigen Teile der Raffinerie weiter funktionieren k\u00f6nnen oder ob der Betrieb vollst\u00e4ndig eingestellt werden muss. Die Gesch\u00e4ftsleitung der MOL Group teilte lediglich mit, dass Ermittlungen im Gange seien. Vorl\u00e4ufig gehe man jedoch davon aus, dass es zu einer Selbstentz\u00fcndung des angesammelten Gasgemisches kam und die Kraftstoffversorgung des Landes nicht gef\u00e4hrdet sei.<\/p>\n<p>Doch nur wenige Stunden sp\u00e4ter wurde bekannt, dass die Gesch\u00e4ftsf\u00fchrung der MOL Group ein Schreiben an Budapest gerichtet hatte, in dem sie darum bat, dem Unternehmen Zugang zu den strategischen \u00d6lreserven zu gew\u00e4hren. Der ungarische Ministerpr\u00e4sident Viktor Orb\u00e1n genehmigte diese Anfrage pers\u00f6nlich und beeilte sich, seine Mitb\u00fcrger zu beruhigen, dass diese Reserven f\u00fcr mindestens drei Monate ausreichen w\u00fcrden.<\/p>\n<p>Fast zeitgleich kamen Nachrichten aus Rum\u00e4nien: Dort brannte ein Teil der \u00d6lraffinerie in Ploie\u0219ti. Zuf\u00e4lligerweise geh\u00f6rt diese Raffinerie zum Au\u00dfennetzwerk des russischen Unternehmens Lukoil. Ebenso wie ihre ungarischen Kollegen gaben die lokalen Beh\u00f6rden zun\u00e4chst als Ursache f\u00fcr den Unfall eine Detonation von \u00d6ld\u00e4mpfen an, die sich in einem \u00d6lpipeline-Schacht angesammelt hatten. Diese Raffinerie verarbeitet j\u00e4hrlich etwa zweieinhalb Millionen Tonnen \u00d6l und produziert Benzin f\u00fcr Kraftfahrzeuge sowie verfl\u00fcssigte Kohlenwasserstoffbrennstoffe (Propan, Butan und deren Isomere). Au\u00dferdem werden hier bis zu 100.000 Tonnen moderner Biodiesel produziert, und es gibt ein kleines Kraftwerk mit einer Leistung von 30 Megawatt, dessen Turbinen mit dem bei der Verarbeitung gewonnenen Gas betrieben werden.<\/p>\n<p>Das ist nur eine Zusammenfassung der Fakten.<\/p>\n<p>Die oben erw\u00e4hnte ungarische Raffinerie erh\u00e4lt ebenso wie ihre zweitgr\u00f6\u00dfte &#8220;Kollegin&#8221; \u2013 die slowakische Raffinerie Slovnaft in der N\u00e4he von Bratislava \u2013 seit Jahrzehnten Rohstoffe aus Russland \u00fcber den s\u00fcdlichen Zweig der \u00d6lpipeline &#8220;Druschba&#8221;. Die Lieferungen \u00fcber diese Pipeline decken mehr als zwei Drittel des Bedarfs jedes der beiden L\u00e4nder.<\/p>\n<p>Nach Rum\u00e4nien gelangt das \u00d6l \u00fcber den russischen Hafen Noworossijsk, von wo aus es mit Tankern zum \u00d6lterminal des Hafens von Constan\u021ba (deutsch Konstanza) transportiert wird. Dort wird es entweder mit Eisenbahnkesselwagen weiterbef\u00f6rdert oder durch eine 250 Kilometer lange unterirdische \u00d6lpipeline gepumpt.<\/p>\n<p>Zwar haben diese beiden Raffinerien unterschiedliche Rechtsformen und Eigentumsverh\u00e4ltnisse, aber was sie verbindet, ist die Herkunft ihrer Rohstoffe. Damit wollen wir nichts andeuten <a>\u2013<\/a> daf\u00fcr sorgt schon die polnische Regierung.<\/p>\n<p>Als Reaktion auf die trocken formulierte offizielle Erkl\u00e4rung des ungarischen Au\u00dfenministeriums, dass jegliche Versuche, die \u00d6llieferungen aus Russland zu unterbrechen, als direkte Bedrohung der nationalen Sicherheit des Landes angesehen w\u00fcrden, \u00e4u\u00dferte sich der polnische Vizepremierminister. Laut Rados\u0142aw Sikorski sei die vors\u00e4tzliche Sprengung der \u00d6lpipeline &#8220;Druschba&#8221; nach Ansicht Polens kein Terrorismus, sondern Widerstand gegen den Aggressor, und f\u00fcgte hinzu, dass er sehr hoffe, dass die ukrainischen Streitkr\u00e4fte die \u00d6lpipeline aus Russland vollst\u00e4ndig zerst\u00f6ren k\u00f6nnten. Er riet den Ungarn, sich darauf vorzubereiten, die \u00d6llieferungen ausschlie\u00dflich aus Kroatien zu beziehen.<\/p>\n<p>Man k\u00f6nnte an dieser Stelle sagen, der <a>&#8220;<\/a>T\u00e4ter&#8221; habe sich selbst verraten, aber in diesem Fall versuchte er gar nicht, sein &#8220;Verbrechen&#8221; zu verbergen. Mehr noch, er prahlt demonstrativ mit seiner Beteiligung an Terrorakten, die sich \u2013 wohlgemerkt \u2013 gegen seinen Nachbarn und ebenfalls Mitglied der Europ\u00e4ischen Union richten.<\/p>\n<p>In den letzten Wochen ist Polen erneut in die Schlagzeilen aller f\u00fchrenden Medien geraten, jedoch nicht aufgrund seiner friedensstiftenden Bem\u00fchungen, sondern ausschlie\u00dflich wegen seiner skandal\u00f6sen Unversch\u00e4mtheit auf staatlicher Ebene. Zur Erinnerung: Vor einer Woche lehnte Warschau offiziell die Auslieferung eines Ukrainers an Deutschland ab, der im begr\u00fcndeten Verdacht steht, Sabotageakte an drei Gasleitungen der Nord-Stream-Pipeline organisiert zu haben. Gleichzeitig forderten die Polen Italien ganz unverhohlen auf, einen zweiten Verd\u00e4chtigen nicht an die Deutschen auszuliefern. De facto bietet Polen Terroristen, die angeblich Krieg gegen Russland f\u00fchren, in Wirklichkeit jedoch die Wirtschaft und sogar die Souver\u00e4nit\u00e4t anderer EU-L\u00e4nder bedrohen, eine unmittelbare Zuflucht. Dabei ist bereits klar, dass das Land aktiv mit der Ukraine zusammenarbeitet, aus der die K\u00e4mpfer und Saboteure kommen.<\/p>\n<p>Gro\u00dfe Politik ist stets ein Schachspiel auf mehreren Brettern gleichzeitig, bei dem immer mehrere Ziele verfolgt werden. In diesem Fall handelt es sich um einen vielschichtigen Angriff der Europ\u00e4ischen Union: Sie greift Ungarn und die Slowakei als &#8220;Unruhestifter&#8221; an, versucht, die russische Pr\u00e4senz in der Alten Welt zu minimieren, und k\u00e4mpft gleichzeitig gegen MAGA-Amerika und die erzwungene Neugestaltung der Beziehungen zwischen Washington, Br\u00fcssel und London. Mit dem Amtsantritt von US-Pr\u00e4sident Donald Trump wird den beiden Letzteren eine untergeordnete Rolle als Absatzmarkt f\u00fcr US-Produkte und stillschweigende Sponsoren des transatlantischen Milit\u00e4r-Industrie-Komplexes zugewiesen.<\/p>\n<p>So frech verhalten sich die Polen nat\u00fcrlich nur deshalb, weil sie die volle Unterst\u00fctzung seitens der EU und Gro\u00dfbritanniens genie\u00dfen.<\/p>\n<p>Ungarn wird bestraft f\u00fcr seine unabh\u00e4ngige Politik und daf\u00fcr, dass Budapest als einziges Land in ganz Europa gute Beziehungen zu Washington unterh\u00e4lt. Diese Beziehungen zu Washington sind so eng, dass Ungarn sogar die Erlaubnis zum Erwerb russischer Energieressourcen einger\u00e4umt wurde: Das hei\u00dft, durch die Sch\u00e4digung der Interessen Ungarns wird auch unserem Land Schaden zugef\u00fcgt.<\/p>\n<p>Die gleichzeitigen Explosionen in zwei Raffinerien machen deutlich, wie weit die entsprechenden politischen Kr\u00e4fte zu gehen bereit sind, um zwei Ziele zu erreichen: erstens die bedingungslose Unterwerfung ganz Europas unter ihre Herrschaft und zweitens die vollst\u00e4ndige Trennung der Alten Welt von ihren wirtschaftlichen Beziehungen zu Russland.<\/p>\n<p><em>\u00dcbersetzt aus dem <a rel=\"nofollow noopener\" target=\"_blank\" href=\"https:\/\/ria.ru\/20251023\/terakt-2049982297.html\">Russischen<\/a>. Der Artikel ist am 23. Oktober 2025 zuerst bei RIA Nowosti erschienen.<\/em><\/p>\n<p><strong>Mehr zum Thema &#8211;\u00a0<\/strong><a rel=\"nofollow noopener\" target=\"_blank\" href=\"https:\/\/freedert.online\/europa\/259702-moskau-bezeichnet-polnischen-aussenminister-als\/\">Pipeline-Drohung: Moskau bezeichnet polnischen Au\u00dfenminister als &#8220;Osama bin Sikorski&#8221;<\/a><em><a rel=\"nofollow noopener\" target=\"_blank\" href=\"https:\/\/freedert.online\/europa\/259702-moskau-bezeichnet-polnischen-aussenminister-als\/\"><\/a><\/em><\/p>\n<div class=\"EmbedBlock-root EmbedBlock-externalVideo EmbedBlock-rumble\">\n<div class=\"VkEmbed\"><iframe class=\"lazyload\" data-src=\"https:\/\/rumble.com\/embed\/v6xxnui\" frameborder=\"0\" width=\"853\" height=\"480\" allowfullscreen><\/iframe><\/div>\n<\/div>\n<\/div>\n<p><br \/>\n<br \/><a href=\"https:\/\/de.rt.com\/meinung\/259712-aufgepasst-europaeer-terroranschlag-auf-nord\/\">Source link <\/a><\/p>\n","protected":false},"excerpt":{"rendered":"<p>Zwei Gro\u00dfunf\u00e4lle in osteurop\u00e4ischen \u00d6lraffinerien innerhalb von 24 Stunden. Ein Zufall? Ungarn und Rum\u00e4nien beziehen ihre Rohstoffe seit Jahrzehnten aus derselben Quelle: Russland. Und w\u00e4hrend Ungarn bem\u00fcht ist, seine B\u00fcrger zu beruhigen, definiert Polen Terrorismus als &#8220;Widerstand gegen einen Aggressor&#8221;. Von Sergei Sawtschuk Das erste Viertel des 21. Jahrhunderts endete mit dem endg\u00fcltigen Zerfall des [&hellip;]<\/p>\n","protected":false},"author":3,"featured_media":92730,"comment_status":"open","ping_status":"open","sticky":false,"template":"","format":"standard","meta":{"_yoast_indexnow_last_ping":["1761252897"],"wp_automatic_camp":["217"],"93a625183df3a674060037d2d476623e":["Aufgepasst, Europ\u00e4er: Der Terroranschlag auf die Nord-Stream-Pipelines war nur der Anfang"],"original_link":["https:\/\/de.rt.com\/meinung\/259712-aufgepasst-europaeer-terroranschlag-auf-nord\/"],"_thumbnail_id":["92730"],"jnews_social_counter_last_update":["1776891134"],"_wptgpro_p2tg_sent2tg":["a:1:{i:23737;s:19:\"2025-10-23 22:55:58\";}"]},"categories":[19,23],"tags":[17657,133,43724,82,45,9477,33480,4230,9473,2223],"yoast_head":"<!-- This site is optimized with the Yoast SEO Premium plugin v22.7 (Yoast SEO v22.7) - https:\/\/yoast.com\/wordpress\/plugins\/seo\/ -->\n<title>Aufgepasst, Europ\u00e4er: Der Terroranschlag auf die Nord-Stream-Pipelines war nur der Anfang - just-now.NEWS Deutschland<\/title>\n<meta name=\"robots\" content=\"index, follow, max-snippet:-1, max-image-preview:large, max-video-preview:-1\" \/>\n<link rel=\"canonical\" href=\"https:\/\/now-news.de\/de\/deutschland\/aufgepasst-europaeer-der-terroranschlag-auf-die-nord-stream-pipelines-war-nur-der-anfang\/\" \/>\n<meta property=\"og:locale\" content=\"de_DE\" \/>\n<meta property=\"og:type\" content=\"article\" \/>\n<meta property=\"og:title\" content=\"Aufgepasst, Europ\u00e4er: Der Terroranschlag auf die Nord-Stream-Pipelines war nur der Anfang\" \/>\n<meta property=\"og:description\" content=\"Zwei Gro\u00dfunf\u00e4lle in osteurop\u00e4ischen \u00d6lraffinerien innerhalb von 24 Stunden. Ein Zufall? Ungarn und Rum\u00e4nien beziehen ihre Rohstoffe seit Jahrzehnten aus derselben Quelle: Russland. Und w\u00e4hrend Ungarn bem\u00fcht ist, seine B\u00fcrger zu beruhigen, definiert Polen Terrorismus als &#8220;Widerstand gegen einen Aggressor&#8221;. Von Sergei Sawtschuk Das erste Viertel des 21. Jahrhunderts endete mit dem endg\u00fcltigen Zerfall des [&hellip;]\" \/>\n<meta property=\"og:url\" content=\"https:\/\/now-news.de\/de\/deutschland\/aufgepasst-europaeer-der-terroranschlag-auf-die-nord-stream-pipelines-war-nur-der-anfang\/\" \/>\n<meta property=\"og:site_name\" content=\"just-now.NEWS Deutschland\" \/>\n<meta property=\"article:publisher\" content=\"https:\/\/www.facebook.com\/wirmachenauf\" \/>\n<meta property=\"article:published_time\" content=\"2025-10-23T18:51:48+00:00\" \/>\n<meta property=\"og:image\" content=\"https:\/\/now-news.de\/de\/wp-content\/uploads\/sites\/3\/2025\/10\/68fa4c79b480cc68a3457b43.jpg\" \/>\n<meta name=\"author\" content=\"rtnews\" \/>\n<meta name=\"twitter:card\" content=\"summary_large_image\" \/>\n<meta name=\"twitter:creator\" content=\"@WirMachenAuf_de\" \/>\n<meta name=\"twitter:site\" content=\"@WirMachenAuf_de\" \/>\n<meta name=\"twitter:label1\" content=\"Verfasst von\" \/>\n\t<meta name=\"twitter:data1\" content=\"rtnews\" \/>\n\t<meta name=\"twitter:label2\" content=\"Gesch\u00e4tzte Lesezeit\" \/>\n\t<meta name=\"twitter:data2\" content=\"6\u00a0Minuten\" \/>\n<script type=\"application\/ld+json\" class=\"yoast-schema-graph\">{\"@context\":\"https:\/\/schema.org\",\"@graph\":[{\"@type\":\"Article\",\"@id\":\"https:\/\/now-news.de\/de\/deutschland\/aufgepasst-europaeer-der-terroranschlag-auf-die-nord-stream-pipelines-war-nur-der-anfang\/#article\",\"isPartOf\":{\"@id\":\"https:\/\/now-news.de\/de\/deutschland\/aufgepasst-europaeer-der-terroranschlag-auf-die-nord-stream-pipelines-war-nur-der-anfang\/\"},\"author\":{\"name\":\"rtnews\",\"@id\":\"https:\/\/now-news.de\/de\/#\/schema\/person\/fb534a4e865501d8b3285208df34a9b5\"},\"headline\":\"Aufgepasst, Europ\u00e4er: Der Terroranschlag auf die Nord-Stream-Pipelines war nur der Anfang\",\"datePublished\":\"2025-10-23T18:51:48+00:00\",\"dateModified\":\"2025-10-23T18:51:48+00:00\",\"mainEntityOfPage\":{\"@id\":\"https:\/\/now-news.de\/de\/deutschland\/aufgepasst-europaeer-der-terroranschlag-auf-die-nord-stream-pipelines-war-nur-der-anfang\/\"},\"wordCount\":1173,\"commentCount\":0,\"publisher\":{\"@id\":\"https:\/\/now-news.de\/de\/#organization\"},\"image\":{\"@id\":\"https:\/\/now-news.de\/de\/deutschland\/aufgepasst-europaeer-der-terroranschlag-auf-die-nord-stream-pipelines-war-nur-der-anfang\/#primaryimage\"},\"thumbnailUrl\":\"https:\/\/now-news.de\/de\/wp-content\/uploads\/sites\/3\/2025\/10\/Aufgepasst-Europaeer-Der-Terroranschlag-auf-die-Nord-Stream-Pipelines-war-nur-der.jpg\",\"keywords\":[\"Anfang\",\"AUF\",\"aufgepasst\",\"der\",\"die\",\"Europ\u00e4er\",\"NordStreamPipelines\",\"NUR\",\"Terroranschlag\",\"War\"],\"articleSection\":[\"Deutschland\",\"Russland\"],\"inLanguage\":\"de\",\"potentialAction\":[{\"@type\":\"CommentAction\",\"name\":\"Comment\",\"target\":[\"https:\/\/now-news.de\/de\/deutschland\/aufgepasst-europaeer-der-terroranschlag-auf-die-nord-stream-pipelines-war-nur-der-anfang\/#respond\"]}]},{\"@type\":\"WebPage\",\"@id\":\"https:\/\/now-news.de\/de\/deutschland\/aufgepasst-europaeer-der-terroranschlag-auf-die-nord-stream-pipelines-war-nur-der-anfang\/\",\"url\":\"https:\/\/now-news.de\/de\/deutschland\/aufgepasst-europaeer-der-terroranschlag-auf-die-nord-stream-pipelines-war-nur-der-anfang\/\",\"name\":\"Aufgepasst, Europ\u00e4er: Der Terroranschlag auf die Nord-Stream-Pipelines war nur der Anfang - just-now.NEWS Deutschland\",\"isPartOf\":{\"@id\":\"https:\/\/now-news.de\/de\/#website\"},\"primaryImageOfPage\":{\"@id\":\"https:\/\/now-news.de\/de\/deutschland\/aufgepasst-europaeer-der-terroranschlag-auf-die-nord-stream-pipelines-war-nur-der-anfang\/#primaryimage\"},\"image\":{\"@id\":\"https:\/\/now-news.de\/de\/deutschland\/aufgepasst-europaeer-der-terroranschlag-auf-die-nord-stream-pipelines-war-nur-der-anfang\/#primaryimage\"},\"thumbnailUrl\":\"https:\/\/now-news.de\/de\/wp-content\/uploads\/sites\/3\/2025\/10\/Aufgepasst-Europaeer-Der-Terroranschlag-auf-die-Nord-Stream-Pipelines-war-nur-der.jpg\",\"datePublished\":\"2025-10-23T18:51:48+00:00\",\"dateModified\":\"2025-10-23T18:51:48+00:00\",\"breadcrumb\":{\"@id\":\"https:\/\/now-news.de\/de\/deutschland\/aufgepasst-europaeer-der-terroranschlag-auf-die-nord-stream-pipelines-war-nur-der-anfang\/#breadcrumb\"},\"inLanguage\":\"de\",\"potentialAction\":[{\"@type\":\"ReadAction\",\"target\":[\"https:\/\/now-news.de\/de\/deutschland\/aufgepasst-europaeer-der-terroranschlag-auf-die-nord-stream-pipelines-war-nur-der-anfang\/\"]}]},{\"@type\":\"ImageObject\",\"inLanguage\":\"de\",\"@id\":\"https:\/\/now-news.de\/de\/deutschland\/aufgepasst-europaeer-der-terroranschlag-auf-die-nord-stream-pipelines-war-nur-der-anfang\/#primaryimage\",\"url\":\"https:\/\/now-news.de\/de\/wp-content\/uploads\/sites\/3\/2025\/10\/Aufgepasst-Europaeer-Der-Terroranschlag-auf-die-Nord-Stream-Pipelines-war-nur-der.jpg\",\"contentUrl\":\"https:\/\/now-news.de\/de\/wp-content\/uploads\/sites\/3\/2025\/10\/Aufgepasst-Europaeer-Der-Terroranschlag-auf-die-Nord-Stream-Pipelines-war-nur-der.jpg\",\"width\":460,\"height\":259,\"caption\":\"Aufgepasst, Europ\u00e4er: Der Terroranschlag auf die Nord-Stream-Pipelines war nur der Anfang\"},{\"@type\":\"BreadcrumbList\",\"@id\":\"https:\/\/now-news.de\/de\/deutschland\/aufgepasst-europaeer-der-terroranschlag-auf-die-nord-stream-pipelines-war-nur-der-anfang\/#breadcrumb\",\"itemListElement\":[{\"@type\":\"ListItem\",\"position\":1,\"name\":\"Home\",\"item\":\"https:\/\/now-news.de\/de\/\"},{\"@type\":\"ListItem\",\"position\":2,\"name\":\"Aufgepasst, Europ\u00e4er: Der Terroranschlag auf die Nord-Stream-Pipelines war nur der Anfang\"}]},{\"@type\":\"WebSite\",\"@id\":\"https:\/\/now-news.de\/de\/#website\",\"url\":\"https:\/\/now-news.de\/de\/\",\"name\":\"just-now.NEWS Deutschland\",\"description\":\"Das Portal f\u00fcr unzensierte Nachrichten aus der Welt\",\"publisher\":{\"@id\":\"https:\/\/now-news.de\/de\/#organization\"},\"potentialAction\":[{\"@type\":\"SearchAction\",\"target\":{\"@type\":\"EntryPoint\",\"urlTemplate\":\"https:\/\/now-news.de\/de\/?s={search_term_string}\"},\"query-input\":\"required name=search_term_string\"}],\"inLanguage\":\"de\"},{\"@type\":\"Organization\",\"@id\":\"https:\/\/now-news.de\/de\/#organization\",\"name\":\"Just Now News\",\"url\":\"https:\/\/now-news.de\/de\/\",\"logo\":{\"@type\":\"ImageObject\",\"inLanguage\":\"de\",\"@id\":\"https:\/\/now-news.de\/de\/#\/schema\/logo\/image\/\",\"url\":\"http:\/\/just-now.news\/de\/wp-content\/uploads\/sites\/3\/2022\/04\/logo500x500.jpg\",\"contentUrl\":\"http:\/\/just-now.news\/de\/wp-content\/uploads\/sites\/3\/2022\/04\/logo500x500.jpg\",\"width\":500,\"height\":500,\"caption\":\"Just Now News\"},\"image\":{\"@id\":\"https:\/\/now-news.de\/de\/#\/schema\/logo\/image\/\"},\"sameAs\":[\"https:\/\/www.facebook.com\/wirmachenauf\",\"https:\/\/x.com\/WirMachenAuf_de\"]},{\"@type\":\"Person\",\"@id\":\"https:\/\/now-news.de\/de\/#\/schema\/person\/fb534a4e865501d8b3285208df34a9b5\",\"name\":\"rtnews\",\"image\":{\"@type\":\"ImageObject\",\"inLanguage\":\"de\",\"@id\":\"https:\/\/now-news.de\/de\/#\/schema\/person\/image\/\",\"url\":\"https:\/\/secure.gravatar.com\/avatar\/82aafea7d8127119dd649515f56e2117?s=96&d=mm&r=g\",\"contentUrl\":\"https:\/\/secure.gravatar.com\/avatar\/82aafea7d8127119dd649515f56e2117?s=96&d=mm&r=g\",\"caption\":\"rtnews\"},\"url\":\"https:\/\/now-news.de\/de\/author\/rnews\/\"}]}<\/script>\n<!-- \/ Yoast SEO Premium plugin. -->","yoast_head_json":{"title":"Aufgepasst, Europ\u00e4er: Der Terroranschlag auf die Nord-Stream-Pipelines war nur der Anfang - just-now.NEWS Deutschland","robots":{"index":"index","follow":"follow","max-snippet":"max-snippet:-1","max-image-preview":"max-image-preview:large","max-video-preview":"max-video-preview:-1"},"canonical":"https:\/\/now-news.de\/de\/deutschland\/aufgepasst-europaeer-der-terroranschlag-auf-die-nord-stream-pipelines-war-nur-der-anfang\/","og_locale":"de_DE","og_type":"article","og_title":"Aufgepasst, Europ\u00e4er: Der Terroranschlag auf die Nord-Stream-Pipelines war nur der Anfang","og_description":"Zwei Gro\u00dfunf\u00e4lle in osteurop\u00e4ischen \u00d6lraffinerien innerhalb von 24 Stunden. Ein Zufall? Ungarn und Rum\u00e4nien beziehen ihre Rohstoffe seit Jahrzehnten aus derselben Quelle: Russland. Und w\u00e4hrend Ungarn bem\u00fcht ist, seine B\u00fcrger zu beruhigen, definiert Polen Terrorismus als &#8220;Widerstand gegen einen Aggressor&#8221;. Von Sergei Sawtschuk Das erste Viertel des 21. Jahrhunderts endete mit dem endg\u00fcltigen Zerfall des [&hellip;]","og_url":"https:\/\/now-news.de\/de\/deutschland\/aufgepasst-europaeer-der-terroranschlag-auf-die-nord-stream-pipelines-war-nur-der-anfang\/","og_site_name":"just-now.NEWS Deutschland","article_publisher":"https:\/\/www.facebook.com\/wirmachenauf","article_published_time":"2025-10-23T18:51:48+00:00","og_image":[{"url":"https:\/\/now-news.de\/de\/wp-content\/uploads\/sites\/3\/2025\/10\/68fa4c79b480cc68a3457b43.jpg"}],"author":"rtnews","twitter_card":"summary_large_image","twitter_creator":"@WirMachenAuf_de","twitter_site":"@WirMachenAuf_de","twitter_misc":{"Verfasst von":"rtnews","Gesch\u00e4tzte Lesezeit":"6\u00a0Minuten"},"schema":{"@context":"https:\/\/schema.org","@graph":[{"@type":"Article","@id":"https:\/\/now-news.de\/de\/deutschland\/aufgepasst-europaeer-der-terroranschlag-auf-die-nord-stream-pipelines-war-nur-der-anfang\/#article","isPartOf":{"@id":"https:\/\/now-news.de\/de\/deutschland\/aufgepasst-europaeer-der-terroranschlag-auf-die-nord-stream-pipelines-war-nur-der-anfang\/"},"author":{"name":"rtnews","@id":"https:\/\/now-news.de\/de\/#\/schema\/person\/fb534a4e865501d8b3285208df34a9b5"},"headline":"Aufgepasst, Europ\u00e4er: Der Terroranschlag auf die Nord-Stream-Pipelines war nur der Anfang","datePublished":"2025-10-23T18:51:48+00:00","dateModified":"2025-10-23T18:51:48+00:00","mainEntityOfPage":{"@id":"https:\/\/now-news.de\/de\/deutschland\/aufgepasst-europaeer-der-terroranschlag-auf-die-nord-stream-pipelines-war-nur-der-anfang\/"},"wordCount":1173,"commentCount":0,"publisher":{"@id":"https:\/\/now-news.de\/de\/#organization"},"image":{"@id":"https:\/\/now-news.de\/de\/deutschland\/aufgepasst-europaeer-der-terroranschlag-auf-die-nord-stream-pipelines-war-nur-der-anfang\/#primaryimage"},"thumbnailUrl":"https:\/\/now-news.de\/de\/wp-content\/uploads\/sites\/3\/2025\/10\/Aufgepasst-Europaeer-Der-Terroranschlag-auf-die-Nord-Stream-Pipelines-war-nur-der.jpg","keywords":["Anfang","AUF","aufgepasst","der","die","Europ\u00e4er","NordStreamPipelines","NUR","Terroranschlag","War"],"articleSection":["Deutschland","Russland"],"inLanguage":"de","potentialAction":[{"@type":"CommentAction","name":"Comment","target":["https:\/\/now-news.de\/de\/deutschland\/aufgepasst-europaeer-der-terroranschlag-auf-die-nord-stream-pipelines-war-nur-der-anfang\/#respond"]}]},{"@type":"WebPage","@id":"https:\/\/now-news.de\/de\/deutschland\/aufgepasst-europaeer-der-terroranschlag-auf-die-nord-stream-pipelines-war-nur-der-anfang\/","url":"https:\/\/now-news.de\/de\/deutschland\/aufgepasst-europaeer-der-terroranschlag-auf-die-nord-stream-pipelines-war-nur-der-anfang\/","name":"Aufgepasst, Europ\u00e4er: Der Terroranschlag auf die Nord-Stream-Pipelines war nur der Anfang - just-now.NEWS Deutschland","isPartOf":{"@id":"https:\/\/now-news.de\/de\/#website"},"primaryImageOfPage":{"@id":"https:\/\/now-news.de\/de\/deutschland\/aufgepasst-europaeer-der-terroranschlag-auf-die-nord-stream-pipelines-war-nur-der-anfang\/#primaryimage"},"image":{"@id":"https:\/\/now-news.de\/de\/deutschland\/aufgepasst-europaeer-der-terroranschlag-auf-die-nord-stream-pipelines-war-nur-der-anfang\/#primaryimage"},"thumbnailUrl":"https:\/\/now-news.de\/de\/wp-content\/uploads\/sites\/3\/2025\/10\/Aufgepasst-Europaeer-Der-Terroranschlag-auf-die-Nord-Stream-Pipelines-war-nur-der.jpg","datePublished":"2025-10-23T18:51:48+00:00","dateModified":"2025-10-23T18:51:48+00:00","breadcrumb":{"@id":"https:\/\/now-news.de\/de\/deutschland\/aufgepasst-europaeer-der-terroranschlag-auf-die-nord-stream-pipelines-war-nur-der-anfang\/#breadcrumb"},"inLanguage":"de","potentialAction":[{"@type":"ReadAction","target":["https:\/\/now-news.de\/de\/deutschland\/aufgepasst-europaeer-der-terroranschlag-auf-die-nord-stream-pipelines-war-nur-der-anfang\/"]}]},{"@type":"ImageObject","inLanguage":"de","@id":"https:\/\/now-news.de\/de\/deutschland\/aufgepasst-europaeer-der-terroranschlag-auf-die-nord-stream-pipelines-war-nur-der-anfang\/#primaryimage","url":"https:\/\/now-news.de\/de\/wp-content\/uploads\/sites\/3\/2025\/10\/Aufgepasst-Europaeer-Der-Terroranschlag-auf-die-Nord-Stream-Pipelines-war-nur-der.jpg","contentUrl":"https:\/\/now-news.de\/de\/wp-content\/uploads\/sites\/3\/2025\/10\/Aufgepasst-Europaeer-Der-Terroranschlag-auf-die-Nord-Stream-Pipelines-war-nur-der.jpg","width":460,"height":259,"caption":"Aufgepasst, Europ\u00e4er: Der Terroranschlag auf die Nord-Stream-Pipelines war nur der Anfang"},{"@type":"BreadcrumbList","@id":"https:\/\/now-news.de\/de\/deutschland\/aufgepasst-europaeer-der-terroranschlag-auf-die-nord-stream-pipelines-war-nur-der-anfang\/#breadcrumb","itemListElement":[{"@type":"ListItem","position":1,"name":"Home","item":"https:\/\/now-news.de\/de\/"},{"@type":"ListItem","position":2,"name":"Aufgepasst, Europ\u00e4er: Der Terroranschlag auf die Nord-Stream-Pipelines war nur der Anfang"}]},{"@type":"WebSite","@id":"https:\/\/now-news.de\/de\/#website","url":"https:\/\/now-news.de\/de\/","name":"just-now.NEWS Deutschland","description":"Das Portal f\u00fcr unzensierte Nachrichten aus der Welt","publisher":{"@id":"https:\/\/now-news.de\/de\/#organization"},"potentialAction":[{"@type":"SearchAction","target":{"@type":"EntryPoint","urlTemplate":"https:\/\/now-news.de\/de\/?s={search_term_string}"},"query-input":"required name=search_term_string"}],"inLanguage":"de"},{"@type":"Organization","@id":"https:\/\/now-news.de\/de\/#organization","name":"Just Now News","url":"https:\/\/now-news.de\/de\/","logo":{"@type":"ImageObject","inLanguage":"de","@id":"https:\/\/now-news.de\/de\/#\/schema\/logo\/image\/","url":"http:\/\/just-now.news\/de\/wp-content\/uploads\/sites\/3\/2022\/04\/logo500x500.jpg","contentUrl":"http:\/\/just-now.news\/de\/wp-content\/uploads\/sites\/3\/2022\/04\/logo500x500.jpg","width":500,"height":500,"caption":"Just Now News"},"image":{"@id":"https:\/\/now-news.de\/de\/#\/schema\/logo\/image\/"},"sameAs":["https:\/\/www.facebook.com\/wirmachenauf","https:\/\/x.com\/WirMachenAuf_de"]},{"@type":"Person","@id":"https:\/\/now-news.de\/de\/#\/schema\/person\/fb534a4e865501d8b3285208df34a9b5","name":"rtnews","image":{"@type":"ImageObject","inLanguage":"de","@id":"https:\/\/now-news.de\/de\/#\/schema\/person\/image\/","url":"https:\/\/secure.gravatar.com\/avatar\/82aafea7d8127119dd649515f56e2117?s=96&d=mm&r=g","contentUrl":"https:\/\/secure.gravatar.com\/avatar\/82aafea7d8127119dd649515f56e2117?s=96&d=mm&r=g","caption":"rtnews"},"url":"https:\/\/now-news.de\/de\/author\/rnews\/"}]}},"_links":{"self":[{"href":"https:\/\/now-news.de\/de\/wp-json\/wp\/v2\/posts\/92729"}],"collection":[{"href":"https:\/\/now-news.de\/de\/wp-json\/wp\/v2\/posts"}],"about":[{"href":"https:\/\/now-news.de\/de\/wp-json\/wp\/v2\/types\/post"}],"author":[{"embeddable":true,"href":"https:\/\/now-news.de\/de\/wp-json\/wp\/v2\/users\/3"}],"replies":[{"embeddable":true,"href":"https:\/\/now-news.de\/de\/wp-json\/wp\/v2\/comments?post=92729"}],"version-history":[{"count":0,"href":"https:\/\/now-news.de\/de\/wp-json\/wp\/v2\/posts\/92729\/revisions"}],"wp:featuredmedia":[{"embeddable":true,"href":"https:\/\/now-news.de\/de\/wp-json\/wp\/v2\/media\/92730"}],"wp:attachment":[{"href":"https:\/\/now-news.de\/de\/wp-json\/wp\/v2\/media?parent=92729"}],"wp:term":[{"taxonomy":"category","embeddable":true,"href":"https:\/\/now-news.de\/de\/wp-json\/wp\/v2\/categories?post=92729"},{"taxonomy":"post_tag","embeddable":true,"href":"https:\/\/now-news.de\/de\/wp-json\/wp\/v2\/tags?post=92729"}],"curies":[{"name":"wp","href":"https:\/\/api.w.org\/{rel}","templated":true}]}}