{"id":92545,"date":"2025-10-20T21:33:22","date_gmt":"2025-10-20T19:33:22","guid":{"rendered":"https:\/\/now-news.de\/de\/deutschland\/traeum-weiter-chamenei-widerspricht-donald-trump-auf-x\/"},"modified":"2025-10-20T21:33:22","modified_gmt":"2025-10-20T19:33:22","slug":"traeum-weiter-chamenei-widerspricht-donald-trump-auf-x","status":"publish","type":"post","link":"https:\/\/now-news.de\/de\/deutschland\/traeum-weiter-chamenei-widerspricht-donald-trump-auf-x\/","title":{"rendered":"&quot;Tr\u00e4um weiter!&quot; \u2013 Chamenei widerspricht Donald Trump auf X"},"content":{"rendered":"<p><img decoding=\"async\" src=\"https:\/\/now-news.de\/de\/wp-content\/uploads\/sites\/3\/2025\/10\/68f687a0b480cc47d2161e66.jpg\" \/><\/p>\n<div class=\"Text-root Text-type_1 \">\n                Irans oberster geistlicher F\u00fchrer Ajatollah Ali Chamenei hat am Montag mehrere Nachrichten auf X (Twitter) gepostet, in denen er mehreren Aussagen von US-Pr\u00e4sident Donald Trump zum Atomprogramm Irans, dem Verlauf des 12-Tage-Kriegs und den Absichten der USA widersprochen hat.\n            <\/div>\n<p><\/p>\n<div class=\"Text-root Text-type_5 ArticleView-text ViewText-root \">\n<p>Irans oberster Geistlicher Ajatollah Ali Chamenei hat der Behauptung von US-Pr\u00e4sident Donald Trump widersprochen, die Vereinigten Staaten h\u00e4tten die nuklearen F\u00e4higkeiten Irans vollst\u00e4ndig zerst\u00f6rt. Auf der Plattform X schrieb Chamenei am Montag:<\/p>\n<p><em>&#8220;Der US-Pr\u00e4sident prahlt damit, dass sie die iranische Atomindustrie bombardiert und zerst\u00f6rt haben. Na dann, tr\u00e4um weiter!&#8221;<\/em><\/p>\n<p>Alternativ k\u00f6nnen die Worte auch mit &#8220;In deinen Tr\u00e4umen&#8221; \u00fcbersetzt werden.<\/p>\n<div class=\"EmbedBlock-root EmbedBlock-twitter\">\n<div class=\"TwitterEmbed\">\n<blockquote class=\"twitter-tweet lazyload\" data-twitter=\"twitter-tweet\">\n<p lang=\"en\" dir=\"ltr\">The US President boasts that they\u2019ve bombed and destroyed Iran\u2019s nuclear industry. Very well, in your dreams!<\/p>\n<p>\u2014 Khamenei.ir (@khamenei_ir) <a rel=\"nofollow noopener\" target=\"_blank\" href=\"https:\/\/twitter.com\/khamenei_ir\/status\/1980239749236560377?ref_src=twsrc%5Etfw\">October 20, 2025<\/a><\/p><\/blockquote>\n<\/div>\n<\/div>\n<p>Dar\u00fcber hinaus postete Chamenei mehrere Nachrichten, in denen er seine Sicht des sogenannten 12-Tage-Kriegs und der aktuellen Situation in Gaza \u00f6ffentlich machte. Unter anderem behauptete er, Israel h\u00e4tte w\u00e4hrend des zw\u00f6lft\u00e4gigen Krieges einen so schweren Schlag erlitten, &#8220;dass sie es kaum glauben konnten&#8221;. &#8220;Die Zionisten&#8221; h\u00e4tten nicht damit gerechnet, dass &#8220;eine von Irans Jugend gebaute Rakete mit ihren Flammen und ihrem Feuer&#8221; einige ihrer &#8220;sensiblen Forschungszentren&#8221; in Schutt und Asche legen k\u00f6nnte. Aber genau das sei passiert.<\/p>\n<p>Israel habe damit nicht gerechnet und verlor die Hoffnung:<\/p>\n<p><em> &#8220;Der US-Pr\u00e4sident reiste in das besetzte Pal\u00e4stina, um sie aus ihrer Verzweiflung zu befreien&#8221;<\/em>, so Chamenei.<\/p>\n<p>Chamenei widersprach Behauptungen, Iran habe diese Raketen aus Drittl\u00e4ndern erworben.<\/p>\n<p>Die USA seien ein Feind des iranischen Volkes, fuhr er fort:<\/p>\n<p><em>&#8220;Der US-Pr\u00e4sident sagt, dass er Gesch\u00e4fte macht und ein Gesch\u00e4ft mit Iran abschlie\u00dfen m\u00f6chte. &#8216;Gesch\u00e4fte machen&#8217;, bei denen das Ergebnis durch Zwang vorbestimmt ist, ist keine Art, Gesch\u00e4fte zu machen. Es ist eine Art, etwas aufzuzwingen, und die iranische Nation wird sich solchen Zw\u00e4ngen niemals unterwerfen.\u00a0Er behauptet, dass er auf der Seite des iranischen Volkes steht. Er l\u00fcgt! Gegen wen richten sich die US-Sanktionen? Sie richten sich gegen das iranische Volk. Sie sind der Feind der iranischen Nation. Sie sind kein Freund der iranischen Nation.&#8221;<\/em><\/p>\n<p>Trump hatte Ende Juni erkl\u00e4rt, die US-Luftangriffe auf iranische Atomanlagen seien mit den\u00a0Atombombenabw\u00fcrfen auf Hiroshima und Nagasaki im Jahr 1945 vergleichbar. &#8220;Ich m\u00f6chte nicht das Beispiel Hiroshima anf\u00fchren, ich m\u00f6chte nicht Nagasaki heranziehen, aber das war im Wesentlichen dasselbe, was den Krieg beendet hat&#8221;, sagte er damals beim NATO-Gipfel in Den Haag.<\/p>\n<p>In der Nacht zum 22. Juni hatten die USA nach eigener Darstellung\u00a0die iranischen Atomanlagen Fordo, Natans und Isfahan\u00a0bombardiert. Trump bestand sp\u00e4ter darauf, dass die Anlagen vollst\u00e4ndig zerst\u00f6rt und das iranische Atomprogramm damit um Jahrzehnte zur\u00fcckgeworfen worden sei. Experten bezweifelten diese Darstellung.<\/p>\n<p><strong>Mehr zum Thema<\/strong> \u2013 <a rel=\"nofollow noopener\" target=\"_blank\" href=\"https:\/\/freedert.online\/international\/258135-netanjahu-warnt-vor-neuen-iranischen-interkontinentalraketen\">Netanjahu warnt vor neuen iranischen Raketen: Selbst Washington und Mar-a-Lago in Reichweiche<\/a><\/p>\n<div class=\"EmbedBlock-root EmbedBlock-externalVideo EmbedBlock-rumble\">\n<div class=\"VkEmbed\"><iframe class=\"lazyload\" data-src=\"https:\/\/rumble.com\/embed\/v6u42ea\" frameborder=\"0\" width=\"853\" height=\"480\" allowfullscreen><\/iframe><\/div>\n<\/div>\n<\/div>\n<p><script async src=\"https:\/\/platform.twitter.com\/widgets.js\" charset=\"utf-8\"><\/script><br \/>\n<br \/><br \/>\n<br \/><a href=\"https:\/\/de.rt.com\/international\/259422-traeum-weiter-khamenei-widerspricht-donald\/\">Source link <\/a><\/p>\n","protected":false},"excerpt":{"rendered":"<p>Irans oberster geistlicher F\u00fchrer Ajatollah Ali Chamenei hat am Montag mehrere Nachrichten auf X (Twitter) gepostet, in denen er mehreren Aussagen von US-Pr\u00e4sident Donald Trump zum Atomprogramm Irans, dem Verlauf des 12-Tage-Kriegs und den Absichten der USA widersprochen hat. Irans oberster Geistlicher Ajatollah Ali Chamenei hat der Behauptung von US-Pr\u00e4sident Donald Trump widersprochen, die Vereinigten [&hellip;]<\/p>\n","protected":false},"author":3,"featured_media":92546,"comment_status":"open","ping_status":"open","sticky":false,"template":"","format":"standard","meta":{"_yoast_indexnow_last_ping":["1760989186"],"wp_automatic_camp":["217"],"18e5d40caf7a538b565ecf1379079caa":["&quot;Tr\u00e4um weiter!&quot; \u2013 Chamenei widerspricht Donald Trump auf X"],"original_link":["https:\/\/de.rt.com\/international\/259422-traeum-weiter-khamenei-widerspricht-donald\/"],"_thumbnail_id":["92546"],"jnews_social_counter_last_update":["1777322314"],"_wptgpro_p2tg_sent2tg":["a:1:{i:23737;s:19:\"2025-10-20 21:40:52\";}"]},"categories":[19,23],"tags":[133,28558,3129,68555,1639,59599,3932],"yoast_head":"<!-- This site is optimized with the Yoast SEO Premium plugin v22.7 (Yoast SEO v22.7) - https:\/\/yoast.com\/wordpress\/plugins\/seo\/ -->\n<title>&quot;Tr\u00e4um weiter!&quot; \u2013 Chamenei widerspricht Donald Trump auf X - just-now.NEWS Deutschland<\/title>\n<meta name=\"robots\" content=\"index, follow, max-snippet:-1, max-image-preview:large, max-video-preview:-1\" \/>\n<link rel=\"canonical\" href=\"https:\/\/now-news.de\/de\/deutschland\/traeum-weiter-chamenei-widerspricht-donald-trump-auf-x\/\" \/>\n<meta property=\"og:locale\" content=\"de_DE\" \/>\n<meta property=\"og:type\" content=\"article\" \/>\n<meta property=\"og:title\" content=\"&quot;Tr\u00e4um weiter!&quot; \u2013 Chamenei widerspricht Donald Trump auf X\" \/>\n<meta property=\"og:description\" content=\"Irans oberster geistlicher F\u00fchrer Ajatollah Ali Chamenei hat am Montag mehrere Nachrichten auf X (Twitter) gepostet, in denen er mehreren Aussagen von US-Pr\u00e4sident Donald Trump zum Atomprogramm Irans, dem Verlauf des 12-Tage-Kriegs und den Absichten der USA widersprochen hat. Irans oberster Geistlicher Ajatollah Ali Chamenei hat der Behauptung von US-Pr\u00e4sident Donald Trump widersprochen, die Vereinigten [&hellip;]\" \/>\n<meta property=\"og:url\" content=\"https:\/\/now-news.de\/de\/deutschland\/traeum-weiter-chamenei-widerspricht-donald-trump-auf-x\/\" \/>\n<meta property=\"og:site_name\" content=\"just-now.NEWS Deutschland\" \/>\n<meta property=\"article:publisher\" content=\"https:\/\/www.facebook.com\/wirmachenauf\" \/>\n<meta property=\"article:published_time\" content=\"2025-10-20T19:33:22+00:00\" \/>\n<meta property=\"og:image\" content=\"https:\/\/now-news.de\/de\/wp-content\/uploads\/sites\/3\/2025\/10\/68f687a0b480cc47d2161e66.jpg\" \/>\n<meta name=\"author\" content=\"rtnews\" \/>\n<meta name=\"twitter:card\" content=\"summary_large_image\" \/>\n<meta name=\"twitter:creator\" content=\"@WirMachenAuf_de\" \/>\n<meta name=\"twitter:site\" content=\"@WirMachenAuf_de\" \/>\n<meta name=\"twitter:label1\" content=\"Verfasst von\" \/>\n\t<meta name=\"twitter:data1\" content=\"rtnews\" \/>\n\t<meta name=\"twitter:label2\" content=\"Gesch\u00e4tzte Lesezeit\" \/>\n\t<meta name=\"twitter:data2\" content=\"2\u00a0Minuten\" \/>\n<script type=\"application\/ld+json\" class=\"yoast-schema-graph\">{\"@context\":\"https:\/\/schema.org\",\"@graph\":[{\"@type\":\"Article\",\"@id\":\"https:\/\/now-news.de\/de\/deutschland\/traeum-weiter-chamenei-widerspricht-donald-trump-auf-x\/#article\",\"isPartOf\":{\"@id\":\"https:\/\/now-news.de\/de\/deutschland\/traeum-weiter-chamenei-widerspricht-donald-trump-auf-x\/\"},\"author\":{\"name\":\"rtnews\",\"@id\":\"https:\/\/now-news.de\/de\/#\/schema\/person\/fb534a4e865501d8b3285208df34a9b5\"},\"headline\":\"&quot;Tr\u00e4um weiter!&quot; \u2013 Chamenei widerspricht Donald Trump auf X\",\"datePublished\":\"2025-10-20T19:33:22+00:00\",\"dateModified\":\"2025-10-20T19:33:22+00:00\",\"mainEntityOfPage\":{\"@id\":\"https:\/\/now-news.de\/de\/deutschland\/traeum-weiter-chamenei-widerspricht-donald-trump-auf-x\/\"},\"wordCount\":495,\"commentCount\":0,\"publisher\":{\"@id\":\"https:\/\/now-news.de\/de\/#organization\"},\"image\":{\"@id\":\"https:\/\/now-news.de\/de\/deutschland\/traeum-weiter-chamenei-widerspricht-donald-trump-auf-x\/#primaryimage\"},\"thumbnailUrl\":\"https:\/\/now-news.de\/de\/wp-content\/uploads\/sites\/3\/2025\/10\/quotTraeum-weiterquot-\u2013-Chamenei-widerspricht-Donald-Trump-auf-X.jpg\",\"keywords\":[\"AUF\",\"Chamenei\",\"Donald\",\"quotTr\u00e4um\",\"trump\",\"weiterquot\",\"widerspricht\"],\"articleSection\":[\"Deutschland\",\"Russland\"],\"inLanguage\":\"de\",\"potentialAction\":[{\"@type\":\"CommentAction\",\"name\":\"Comment\",\"target\":[\"https:\/\/now-news.de\/de\/deutschland\/traeum-weiter-chamenei-widerspricht-donald-trump-auf-x\/#respond\"]}]},{\"@type\":\"WebPage\",\"@id\":\"https:\/\/now-news.de\/de\/deutschland\/traeum-weiter-chamenei-widerspricht-donald-trump-auf-x\/\",\"url\":\"https:\/\/now-news.de\/de\/deutschland\/traeum-weiter-chamenei-widerspricht-donald-trump-auf-x\/\",\"name\":\"&quot;Tr\u00e4um weiter!&quot; \u2013 Chamenei widerspricht Donald Trump auf X - just-now.NEWS Deutschland\",\"isPartOf\":{\"@id\":\"https:\/\/now-news.de\/de\/#website\"},\"primaryImageOfPage\":{\"@id\":\"https:\/\/now-news.de\/de\/deutschland\/traeum-weiter-chamenei-widerspricht-donald-trump-auf-x\/#primaryimage\"},\"image\":{\"@id\":\"https:\/\/now-news.de\/de\/deutschland\/traeum-weiter-chamenei-widerspricht-donald-trump-auf-x\/#primaryimage\"},\"thumbnailUrl\":\"https:\/\/now-news.de\/de\/wp-content\/uploads\/sites\/3\/2025\/10\/quotTraeum-weiterquot-\u2013-Chamenei-widerspricht-Donald-Trump-auf-X.jpg\",\"datePublished\":\"2025-10-20T19:33:22+00:00\",\"dateModified\":\"2025-10-20T19:33:22+00:00\",\"breadcrumb\":{\"@id\":\"https:\/\/now-news.de\/de\/deutschland\/traeum-weiter-chamenei-widerspricht-donald-trump-auf-x\/#breadcrumb\"},\"inLanguage\":\"de\",\"potentialAction\":[{\"@type\":\"ReadAction\",\"target\":[\"https:\/\/now-news.de\/de\/deutschland\/traeum-weiter-chamenei-widerspricht-donald-trump-auf-x\/\"]}]},{\"@type\":\"ImageObject\",\"inLanguage\":\"de\",\"@id\":\"https:\/\/now-news.de\/de\/deutschland\/traeum-weiter-chamenei-widerspricht-donald-trump-auf-x\/#primaryimage\",\"url\":\"https:\/\/now-news.de\/de\/wp-content\/uploads\/sites\/3\/2025\/10\/quotTraeum-weiterquot-\u2013-Chamenei-widerspricht-Donald-Trump-auf-X.jpg\",\"contentUrl\":\"https:\/\/now-news.de\/de\/wp-content\/uploads\/sites\/3\/2025\/10\/quotTraeum-weiterquot-\u2013-Chamenei-widerspricht-Donald-Trump-auf-X.jpg\",\"width\":460,\"height\":259,\"caption\":\"&quot;Tr\u00e4um weiter!&quot; \u2013 Chamenei widerspricht Donald Trump auf X\"},{\"@type\":\"BreadcrumbList\",\"@id\":\"https:\/\/now-news.de\/de\/deutschland\/traeum-weiter-chamenei-widerspricht-donald-trump-auf-x\/#breadcrumb\",\"itemListElement\":[{\"@type\":\"ListItem\",\"position\":1,\"name\":\"Home\",\"item\":\"https:\/\/now-news.de\/de\/\"},{\"@type\":\"ListItem\",\"position\":2,\"name\":\"&quot;Tr\u00e4um weiter!&quot; \u2013 Chamenei widerspricht Donald Trump auf X\"}]},{\"@type\":\"WebSite\",\"@id\":\"https:\/\/now-news.de\/de\/#website\",\"url\":\"https:\/\/now-news.de\/de\/\",\"name\":\"just-now.NEWS Deutschland\",\"description\":\"Das Portal f\u00fcr unzensierte Nachrichten aus der Welt\",\"publisher\":{\"@id\":\"https:\/\/now-news.de\/de\/#organization\"},\"potentialAction\":[{\"@type\":\"SearchAction\",\"target\":{\"@type\":\"EntryPoint\",\"urlTemplate\":\"https:\/\/now-news.de\/de\/?s={search_term_string}\"},\"query-input\":\"required name=search_term_string\"}],\"inLanguage\":\"de\"},{\"@type\":\"Organization\",\"@id\":\"https:\/\/now-news.de\/de\/#organization\",\"name\":\"Just Now News\",\"url\":\"https:\/\/now-news.de\/de\/\",\"logo\":{\"@type\":\"ImageObject\",\"inLanguage\":\"de\",\"@id\":\"https:\/\/now-news.de\/de\/#\/schema\/logo\/image\/\",\"url\":\"http:\/\/just-now.news\/de\/wp-content\/uploads\/sites\/3\/2022\/04\/logo500x500.jpg\",\"contentUrl\":\"http:\/\/just-now.news\/de\/wp-content\/uploads\/sites\/3\/2022\/04\/logo500x500.jpg\",\"width\":500,\"height\":500,\"caption\":\"Just Now News\"},\"image\":{\"@id\":\"https:\/\/now-news.de\/de\/#\/schema\/logo\/image\/\"},\"sameAs\":[\"https:\/\/www.facebook.com\/wirmachenauf\",\"https:\/\/x.com\/WirMachenAuf_de\"]},{\"@type\":\"Person\",\"@id\":\"https:\/\/now-news.de\/de\/#\/schema\/person\/fb534a4e865501d8b3285208df34a9b5\",\"name\":\"rtnews\",\"image\":{\"@type\":\"ImageObject\",\"inLanguage\":\"de\",\"@id\":\"https:\/\/now-news.de\/de\/#\/schema\/person\/image\/\",\"url\":\"https:\/\/secure.gravatar.com\/avatar\/82aafea7d8127119dd649515f56e2117?s=96&d=mm&r=g\",\"contentUrl\":\"https:\/\/secure.gravatar.com\/avatar\/82aafea7d8127119dd649515f56e2117?s=96&d=mm&r=g\",\"caption\":\"rtnews\"},\"url\":\"https:\/\/now-news.de\/de\/author\/rnews\/\"}]}<\/script>\n<!-- \/ Yoast SEO Premium plugin. -->","yoast_head_json":{"title":"&quot;Tr\u00e4um weiter!&quot; \u2013 Chamenei widerspricht Donald Trump auf X - just-now.NEWS Deutschland","robots":{"index":"index","follow":"follow","max-snippet":"max-snippet:-1","max-image-preview":"max-image-preview:large","max-video-preview":"max-video-preview:-1"},"canonical":"https:\/\/now-news.de\/de\/deutschland\/traeum-weiter-chamenei-widerspricht-donald-trump-auf-x\/","og_locale":"de_DE","og_type":"article","og_title":"&quot;Tr\u00e4um weiter!&quot; \u2013 Chamenei widerspricht Donald Trump auf X","og_description":"Irans oberster geistlicher F\u00fchrer Ajatollah Ali Chamenei hat am Montag mehrere Nachrichten auf X (Twitter) gepostet, in denen er mehreren Aussagen von US-Pr\u00e4sident Donald Trump zum Atomprogramm Irans, dem Verlauf des 12-Tage-Kriegs und den Absichten der USA widersprochen hat. Irans oberster Geistlicher Ajatollah Ali Chamenei hat der Behauptung von US-Pr\u00e4sident Donald Trump widersprochen, die Vereinigten [&hellip;]","og_url":"https:\/\/now-news.de\/de\/deutschland\/traeum-weiter-chamenei-widerspricht-donald-trump-auf-x\/","og_site_name":"just-now.NEWS Deutschland","article_publisher":"https:\/\/www.facebook.com\/wirmachenauf","article_published_time":"2025-10-20T19:33:22+00:00","og_image":[{"url":"https:\/\/now-news.de\/de\/wp-content\/uploads\/sites\/3\/2025\/10\/68f687a0b480cc47d2161e66.jpg"}],"author":"rtnews","twitter_card":"summary_large_image","twitter_creator":"@WirMachenAuf_de","twitter_site":"@WirMachenAuf_de","twitter_misc":{"Verfasst von":"rtnews","Gesch\u00e4tzte Lesezeit":"2\u00a0Minuten"},"schema":{"@context":"https:\/\/schema.org","@graph":[{"@type":"Article","@id":"https:\/\/now-news.de\/de\/deutschland\/traeum-weiter-chamenei-widerspricht-donald-trump-auf-x\/#article","isPartOf":{"@id":"https:\/\/now-news.de\/de\/deutschland\/traeum-weiter-chamenei-widerspricht-donald-trump-auf-x\/"},"author":{"name":"rtnews","@id":"https:\/\/now-news.de\/de\/#\/schema\/person\/fb534a4e865501d8b3285208df34a9b5"},"headline":"&quot;Tr\u00e4um weiter!&quot; \u2013 Chamenei widerspricht Donald Trump auf X","datePublished":"2025-10-20T19:33:22+00:00","dateModified":"2025-10-20T19:33:22+00:00","mainEntityOfPage":{"@id":"https:\/\/now-news.de\/de\/deutschland\/traeum-weiter-chamenei-widerspricht-donald-trump-auf-x\/"},"wordCount":495,"commentCount":0,"publisher":{"@id":"https:\/\/now-news.de\/de\/#organization"},"image":{"@id":"https:\/\/now-news.de\/de\/deutschland\/traeum-weiter-chamenei-widerspricht-donald-trump-auf-x\/#primaryimage"},"thumbnailUrl":"https:\/\/now-news.de\/de\/wp-content\/uploads\/sites\/3\/2025\/10\/quotTraeum-weiterquot-\u2013-Chamenei-widerspricht-Donald-Trump-auf-X.jpg","keywords":["AUF","Chamenei","Donald","quotTr\u00e4um","trump","weiterquot","widerspricht"],"articleSection":["Deutschland","Russland"],"inLanguage":"de","potentialAction":[{"@type":"CommentAction","name":"Comment","target":["https:\/\/now-news.de\/de\/deutschland\/traeum-weiter-chamenei-widerspricht-donald-trump-auf-x\/#respond"]}]},{"@type":"WebPage","@id":"https:\/\/now-news.de\/de\/deutschland\/traeum-weiter-chamenei-widerspricht-donald-trump-auf-x\/","url":"https:\/\/now-news.de\/de\/deutschland\/traeum-weiter-chamenei-widerspricht-donald-trump-auf-x\/","name":"&quot;Tr\u00e4um weiter!&quot; \u2013 Chamenei widerspricht Donald Trump auf X - just-now.NEWS Deutschland","isPartOf":{"@id":"https:\/\/now-news.de\/de\/#website"},"primaryImageOfPage":{"@id":"https:\/\/now-news.de\/de\/deutschland\/traeum-weiter-chamenei-widerspricht-donald-trump-auf-x\/#primaryimage"},"image":{"@id":"https:\/\/now-news.de\/de\/deutschland\/traeum-weiter-chamenei-widerspricht-donald-trump-auf-x\/#primaryimage"},"thumbnailUrl":"https:\/\/now-news.de\/de\/wp-content\/uploads\/sites\/3\/2025\/10\/quotTraeum-weiterquot-\u2013-Chamenei-widerspricht-Donald-Trump-auf-X.jpg","datePublished":"2025-10-20T19:33:22+00:00","dateModified":"2025-10-20T19:33:22+00:00","breadcrumb":{"@id":"https:\/\/now-news.de\/de\/deutschland\/traeum-weiter-chamenei-widerspricht-donald-trump-auf-x\/#breadcrumb"},"inLanguage":"de","potentialAction":[{"@type":"ReadAction","target":["https:\/\/now-news.de\/de\/deutschland\/traeum-weiter-chamenei-widerspricht-donald-trump-auf-x\/"]}]},{"@type":"ImageObject","inLanguage":"de","@id":"https:\/\/now-news.de\/de\/deutschland\/traeum-weiter-chamenei-widerspricht-donald-trump-auf-x\/#primaryimage","url":"https:\/\/now-news.de\/de\/wp-content\/uploads\/sites\/3\/2025\/10\/quotTraeum-weiterquot-\u2013-Chamenei-widerspricht-Donald-Trump-auf-X.jpg","contentUrl":"https:\/\/now-news.de\/de\/wp-content\/uploads\/sites\/3\/2025\/10\/quotTraeum-weiterquot-\u2013-Chamenei-widerspricht-Donald-Trump-auf-X.jpg","width":460,"height":259,"caption":"&quot;Tr\u00e4um weiter!&quot; \u2013 Chamenei widerspricht Donald Trump auf X"},{"@type":"BreadcrumbList","@id":"https:\/\/now-news.de\/de\/deutschland\/traeum-weiter-chamenei-widerspricht-donald-trump-auf-x\/#breadcrumb","itemListElement":[{"@type":"ListItem","position":1,"name":"Home","item":"https:\/\/now-news.de\/de\/"},{"@type":"ListItem","position":2,"name":"&quot;Tr\u00e4um weiter!&quot; \u2013 Chamenei widerspricht Donald Trump auf X"}]},{"@type":"WebSite","@id":"https:\/\/now-news.de\/de\/#website","url":"https:\/\/now-news.de\/de\/","name":"just-now.NEWS Deutschland","description":"Das Portal f\u00fcr unzensierte Nachrichten aus der Welt","publisher":{"@id":"https:\/\/now-news.de\/de\/#organization"},"potentialAction":[{"@type":"SearchAction","target":{"@type":"EntryPoint","urlTemplate":"https:\/\/now-news.de\/de\/?s={search_term_string}"},"query-input":"required name=search_term_string"}],"inLanguage":"de"},{"@type":"Organization","@id":"https:\/\/now-news.de\/de\/#organization","name":"Just Now News","url":"https:\/\/now-news.de\/de\/","logo":{"@type":"ImageObject","inLanguage":"de","@id":"https:\/\/now-news.de\/de\/#\/schema\/logo\/image\/","url":"http:\/\/just-now.news\/de\/wp-content\/uploads\/sites\/3\/2022\/04\/logo500x500.jpg","contentUrl":"http:\/\/just-now.news\/de\/wp-content\/uploads\/sites\/3\/2022\/04\/logo500x500.jpg","width":500,"height":500,"caption":"Just Now News"},"image":{"@id":"https:\/\/now-news.de\/de\/#\/schema\/logo\/image\/"},"sameAs":["https:\/\/www.facebook.com\/wirmachenauf","https:\/\/x.com\/WirMachenAuf_de"]},{"@type":"Person","@id":"https:\/\/now-news.de\/de\/#\/schema\/person\/fb534a4e865501d8b3285208df34a9b5","name":"rtnews","image":{"@type":"ImageObject","inLanguage":"de","@id":"https:\/\/now-news.de\/de\/#\/schema\/person\/image\/","url":"https:\/\/secure.gravatar.com\/avatar\/82aafea7d8127119dd649515f56e2117?s=96&d=mm&r=g","contentUrl":"https:\/\/secure.gravatar.com\/avatar\/82aafea7d8127119dd649515f56e2117?s=96&d=mm&r=g","caption":"rtnews"},"url":"https:\/\/now-news.de\/de\/author\/rnews\/"}]}},"_links":{"self":[{"href":"https:\/\/now-news.de\/de\/wp-json\/wp\/v2\/posts\/92545"}],"collection":[{"href":"https:\/\/now-news.de\/de\/wp-json\/wp\/v2\/posts"}],"about":[{"href":"https:\/\/now-news.de\/de\/wp-json\/wp\/v2\/types\/post"}],"author":[{"embeddable":true,"href":"https:\/\/now-news.de\/de\/wp-json\/wp\/v2\/users\/3"}],"replies":[{"embeddable":true,"href":"https:\/\/now-news.de\/de\/wp-json\/wp\/v2\/comments?post=92545"}],"version-history":[{"count":0,"href":"https:\/\/now-news.de\/de\/wp-json\/wp\/v2\/posts\/92545\/revisions"}],"wp:featuredmedia":[{"embeddable":true,"href":"https:\/\/now-news.de\/de\/wp-json\/wp\/v2\/media\/92546"}],"wp:attachment":[{"href":"https:\/\/now-news.de\/de\/wp-json\/wp\/v2\/media?parent=92545"}],"wp:term":[{"taxonomy":"category","embeddable":true,"href":"https:\/\/now-news.de\/de\/wp-json\/wp\/v2\/categories?post=92545"},{"taxonomy":"post_tag","embeddable":true,"href":"https:\/\/now-news.de\/de\/wp-json\/wp\/v2\/tags?post=92545"}],"curies":[{"name":"wp","href":"https:\/\/api.w.org\/{rel}","templated":true}]}}