{"id":92539,"date":"2025-10-20T20:14:46","date_gmt":"2025-10-20T18:14:46","guid":{"rendered":"https:\/\/now-news.de\/de\/deutschland\/aachen-ukrainer-verein-verurteilt-aktion-fuer-frieden-mit-russland\/"},"modified":"2025-10-20T20:14:46","modified_gmt":"2025-10-20T18:14:46","slug":"aachen-ukrainer-verein-verurteilt-aktion-fuer-frieden-mit-russland","status":"publish","type":"post","link":"https:\/\/now-news.de\/de\/deutschland\/aachen-ukrainer-verein-verurteilt-aktion-fuer-frieden-mit-russland\/","title":{"rendered":"Aachen: Ukrainer-Verein verurteilt Aktion f\u00fcr Frieden mit Russland"},"content":{"rendered":"<p><img decoding=\"async\" src=\"https:\/\/now-news.de\/de\/wp-content\/uploads\/sites\/3\/2025\/10\/68f6393748fbef027f194422.jpg\" \/><\/p>\n<div class=\"Text-root Text-type_1 \">\n                Auf acht gro\u00dfen Werbetafeln warben Friedensaktivisten in Aachen mit dem Slogan: &#8220;Frieden in Europa ist nur mit Russland m\u00f6glich und nicht gegen Russland.&#8221; Der Verein &#8220;Ukrainer in Aachen&#8221; forderte die Aachener Stadtverwaltung und alle B\u00fcrger auf, diese Aktion \u00f6ffentlich zu verurteilen.\n            <\/div>\n<p><\/p>\n<div class=\"Text-root Text-type_5 ArticleView-text ViewText-root \">\n<p>Die Initiative &#8220;<a rel=\"nofollow noopener\" target=\"_blank\" href=\"https:\/\/www.ac-frieden.de\/2025\/10\/09\/plakataktion-frieden-in-europa\/\">Aachener f\u00fcr eine menschliche Zukunft<\/a>&#8221; organisierte im Oktober eine zehnt\u00e4gige Plakataktion f\u00fcr Frieden mit Russland. Vom 7. bis 16. Oktober hatten die Friedensaktivisten in Aachen acht gro\u00dfe Werbetafeln der Firma Str\u00f6er gemietet und darauf den Slogan &#8220;Frieden in Europa ist nur mit Russland m\u00f6glich und nicht gegen Russland&#8221; plakatieren lassen. <em>RT DE<\/em> hat <a rel=\"nofollow noopener\" target=\"_blank\" href=\"https:\/\/dert.online\/inland\/258481-plakataktion-besonderen-art-aachener-werben\/\">dar\u00fcber berichtet <\/a>und auch <a rel=\"nofollow noopener\" target=\"_blank\" href=\"https:\/\/rumble.com\/v708slc-plakataktion-der-besonderen-art-aachener-werben-fr-den-frieden.html?e9s=src_v1_cbl%2Csrc_v1_ucp_v\">ein Videointerview<\/a> mit dem Initiator Dr. Ansgar Klein gef\u00fchrt.\u00a0<\/p>\n<p>In der vergangenen Woche verurteilte der Verein &#8220;Ukrainer in Aachen&#8221; die Aktion f\u00fcr Frieden mit Russland. <a rel=\"nofollow noopener\" target=\"_blank\" href=\"https:\/\/www.ukrainer-in-aachen.de\/interessenvertretung\/offenerbriefzurplakatkampagne\">In einem Offenen Brief<\/a>\u00a0wandte sich der Ukrainer-Verein an die Stadtverwaltung Aachen, an\u00a0die Firma Str\u00f6er und an die Aachener B\u00fcrgerschaft. Bei der Plakataktion handele es sich um einen &#8220;systematischen Versuch, das Vertrauen in westliche Demokratien zu untergraben, Feindbilder zu konstruieren und Russlands v\u00f6lkerrechtswidrige Kriege zu relativieren oder zu rechtfertigen,&#8221; so der Vorwurf. Im Protestbrief der Ukrainer in Aachen hie\u00df es:<\/p>\n<p><em>&#8220;Mit gro\u00dfer Sorge beobachten wir derzeit eine Plakatkampagne auf gro\u00dffl\u00e4chigen Werbefl\u00e4chen in Aachen, die mit dem Slogan &#8216;Frieden in Europa ist nur mit Russland m\u00f6glich \u2013 nicht gegen Russland&#8217; gezielt Desinformation betreibt und die \u00d6ffentlichkeit in die Irre f\u00fchrt. In einer Zeit, in der unsere Gesellschaft am st\u00e4rksten gef\u00e4hrdet ist, in der unsere Demokratie sowohl von innen als auch von au\u00dfen angegriffen wird und Russland einen hybriden Krieg gegen uns und unsere demokratischen Werte f\u00fchrt, werden in Aachen Plakate aufgeh\u00e4ngt, die russische Propaganda verbreiten.&#8221;<\/em><\/p>\n<p>Die Kampagne werde zudem von einer Gruppe finanziert, &#8220;die seit Jahren mit verschw\u00f6rungsideologischen und propagandistischen Inhalten zur Corona-Pandemie, zum Krieg in der Ukraine, zur NATO und zur EU auff\u00e4llt&#8221;. Die Initiatoren wollten mit der Plakataktion die russische Aggression gegen die Ukraine normalisieren und v\u00f6lkerrechtswidrige Handlungen relativieren. In einer Stadt, die sich dem europ\u00e4ischen Gedanken und der Friedensf\u00f6rderung verpflichtet f\u00fchlt, sei eine solche Kampagne zudem besonders irritierend.<\/p>\n<p>Unter der Zwischen\u00fcberschrift &#8220;Fakten zur russischen Aggression&#8221; fasste der ukrainische Verein seine Perspektive auf den Krieg in der Ukraine im Offenen Brief wie folgt zusammen:<\/p>\n<p><em>&#8220;Der Krieg Russlands gegen die Ukraine begann nicht erst im Februar 2022, sondern bereits im Jahr 2014, als Russland v\u00f6lkerrechtswidrig die Halbinsel Krim besetzte und annektierte und milit\u00e4risch die Abspaltung der ostukrainischen Gebiete Luhansk und Donezk forcierte.&#8221;<\/em><\/p>\n<p><strong>Ukrainer in Aachen: Botschaft der Plakataktion ist brandgef\u00e4hrlich<\/strong><\/p>\n<p>Weil die Kampagnenaussage &#8220;Frieden ist nur mit Russland m\u00f6glich \u2013 nicht gegen Russland&#8221; den Sachverhalt auf den Kopf stelle, sei die Botschaft &#8220;brandgef\u00e4hrlich&#8221;.\u00a0Denn somit w\u00fcrde verschwiegen, dass Russland der Aggressor sei und ebenso verschwiegen, dass Russland seit Jahren gezielt Desinformation, Wahlbeeinflussung und Spaltung westlicher Gesellschaften betreibe, auch in Deutschland.<\/p>\n<p>Die Gruppierung &#8220;Aachener f\u00fcr eine menschliche Zukunft&#8221; verbreite &#8220;narrative Elemente der russischen Staatspropaganda&#8221;. Den Begriff &#8220;Frieden&#8221; w\u00fcrden sie dabei nur als Tarnung nutzen. Tats\u00e4chlich handele es sich bei der Aktion um einen Versuch, Verst\u00e4ndnis oder Akzeptanz f\u00fcr einen verbrecherischen Angriffskrieg zu schaffen.<\/p>\n<p>Dem Vorstand des Unternehmens Str\u00f6er SE &amp; Co. KGaA warf der Verein &#8220;Ukrainer in Aachen&#8221; vor, er habe mit der Auftragsdurchf\u00fchrung ganz &#8220;bewusst&#8221; Raum geschaffen f\u00fcr &#8220;gezielte Desinformation, Propaganda und Destabilisierung unserer Demokratie&#8221;. Aus diesem Grund m\u00fcsse Str\u00f6er dem Aachener Ukrainer-Verein Transparenz \u00fcber die Finanzierung der Kampagne gew\u00e4hren, und die Plakataktion auf m\u00f6gliche Verst\u00f6\u00dfe gegen eigene Werberichtlinien pr\u00fcfen. Zudem m\u00fcsse Str\u00f6er sich klar abgrenzen gegen\u00a0politische Botschaften, die demokratiefeindlich oder propagandistisch motiviert seien.<\/p>\n<p><strong>Forderung der Ukrainer in Aachen: Oberb\u00fcrgermeister muss Plakataktion \u00f6ffentlich verurteilen<\/strong><\/p>\n<p>Schlie\u00dflich appellierte der Verein an die Stadt Aachen, an ihre politischen Vertreter im Stadtrat\u00a0und an\u00a0Oberb\u00fcrgermeister Michael Ziemons, diese Kampagne \u00f6ffentlich zu verurteilen. Die Vertreter der Stadt Aachen und alle relevanten Aachener Gremien m\u00fcssten sich mit der Ukraine solidarisch zeigen:<\/p>\n<p><em>&#8220;Verurteilen Sie diese Kampagne \u00f6ffentlich. Zeigen Sie Solidarit\u00e4t mit der Ukraine und treten Sie entschlossen gegen jede Form von Desinformation auf Aachener Boden ein.&#8221;<\/em><\/p>\n<p>Die Aachener Zivilgesellschaft wird aufgerufen, &#8220;den falschen Narrativen dieser Kampagne&#8221; zu widersprechen \u2013 gegen\u00fcber Freunden, Nachbarn und in der Familie. Meinungsfreiheit beinhalte nicht, dass man gezielte L\u00fcgen verbreiten d\u00fcrfe. Dazu hie\u00df es in dem Offenen Brief der Ukrainer in Aachen:\u00a0<\/p>\n<p><em>&#8220;Meinungsfreiheit ist ein hohes Gut, aber sie soll nicht dazu dienen, mit gezielten L\u00fcgen und Propaganda systematisch die \u00d6ffentlichkeit manipulieren und v\u00f6lkerrechtswidrige Angriffskriege legitimieren. In einer Zeit, in der Demokratien weltweit unter Druck stehen, d\u00fcrfen wir nicht zulassen, dass kommerzielle Werbefl\u00e4chen als Sprachrohr f\u00fcr autorit\u00e4re Desinformation missbraucht werden.&#8221;<\/em><\/p>\n<p><strong>Mehr zum Thema<\/strong>\u00a0\u2013 <a rel=\"nofollow noopener\" target=\"_blank\" href=\"https:\/\/dert.online\/inland\/256309-spd-kreistagsabgeordneter-wegen-friedensengagement-von\/\">SPD-Kreistagsabgeordneter wegen Friedensengagement von politischen \u00c4mtern ausgeschlossen<\/a><\/p>\n<div class=\"EmbedBlock-root EmbedBlock-externalVideo EmbedBlock-rumble\">\n<div class=\"VkEmbed\"><iframe class=\"lazyload\" data-src=\"https:\/\/rumble.com\/embed\/v6y222s\" frameborder=\"0\" width=\"853\" height=\"480\" allowfullscreen><\/iframe><\/div>\n<\/div>\n<p>\u00a0<\/p>\n<p>\u00a0<\/p>\n<\/div>\n<p><br \/>\n<br \/><a href=\"https:\/\/de.rt.com\/inland\/259385-ukrainerverein-in-aachen-friedensplakataktion-ist\/\">Source link <\/a><\/p>\n","protected":false},"excerpt":{"rendered":"<p>Auf acht gro\u00dfen Werbetafeln warben Friedensaktivisten in Aachen mit dem Slogan: &#8220;Frieden in Europa ist nur mit Russland m\u00f6glich und nicht gegen Russland.&#8221; Der Verein &#8220;Ukrainer in Aachen&#8221; forderte die Aachener Stadtverwaltung und alle B\u00fcrger auf, diese Aktion \u00f6ffentlich zu verurteilen. Die Initiative &#8220;Aachener f\u00fcr eine menschliche Zukunft&#8221; organisierte im Oktober eine zehnt\u00e4gige Plakataktion f\u00fcr [&hellip;]<\/p>\n","protected":false},"author":3,"featured_media":92540,"comment_status":"open","ping_status":"open","sticky":false,"template":"","format":"standard","meta":{"_yoast_indexnow_last_ping":["1760984377"],"wp_automatic_camp":["217"],"f90da5c3d7e809cf0a1c3bf99be7544c":["Aachen: Ukrainer-Verein verurteilt Aktion f\u00fcr Frieden mit Russland"],"original_link":["https:\/\/de.rt.com\/inland\/259385-ukrainerverein-in-aachen-friedensplakataktion-ist\/"],"_thumbnail_id":["92540"],"jnews_social_counter_last_update":["1777254178"],"_wptgpro_p2tg_sent2tg":["a:1:{i:23737;s:19:\"2025-10-20 20:20:46\";}"]},"categories":[19,23],"tags":[40798,21659,614,221,419,126,68552,2006],"yoast_head":"<!-- This site is optimized with the Yoast SEO Premium plugin v22.7 (Yoast SEO v22.7) - https:\/\/yoast.com\/wordpress\/plugins\/seo\/ -->\n<title>Aachen: Ukrainer-Verein verurteilt Aktion f\u00fcr Frieden mit Russland - just-now.NEWS Deutschland<\/title>\n<meta name=\"robots\" content=\"index, follow, max-snippet:-1, max-image-preview:large, max-video-preview:-1\" \/>\n<link rel=\"canonical\" href=\"https:\/\/now-news.de\/de\/deutschland\/aachen-ukrainer-verein-verurteilt-aktion-fuer-frieden-mit-russland\/\" \/>\n<meta property=\"og:locale\" content=\"de_DE\" \/>\n<meta property=\"og:type\" content=\"article\" \/>\n<meta property=\"og:title\" content=\"Aachen: Ukrainer-Verein verurteilt Aktion f\u00fcr Frieden mit Russland\" \/>\n<meta property=\"og:description\" content=\"Auf acht gro\u00dfen Werbetafeln warben Friedensaktivisten in Aachen mit dem Slogan: &#8220;Frieden in Europa ist nur mit Russland m\u00f6glich und nicht gegen Russland.&#8221; Der Verein &#8220;Ukrainer in Aachen&#8221; forderte die Aachener Stadtverwaltung und alle B\u00fcrger auf, diese Aktion \u00f6ffentlich zu verurteilen. Die Initiative &#8220;Aachener f\u00fcr eine menschliche Zukunft&#8221; organisierte im Oktober eine zehnt\u00e4gige Plakataktion f\u00fcr [&hellip;]\" \/>\n<meta property=\"og:url\" content=\"https:\/\/now-news.de\/de\/deutschland\/aachen-ukrainer-verein-verurteilt-aktion-fuer-frieden-mit-russland\/\" \/>\n<meta property=\"og:site_name\" content=\"just-now.NEWS Deutschland\" \/>\n<meta property=\"article:publisher\" content=\"https:\/\/www.facebook.com\/wirmachenauf\" \/>\n<meta property=\"article:published_time\" content=\"2025-10-20T18:14:46+00:00\" \/>\n<meta property=\"og:image\" content=\"https:\/\/now-news.de\/de\/wp-content\/uploads\/sites\/3\/2025\/10\/68f6393748fbef027f194422.jpg\" \/>\n<meta name=\"author\" content=\"rtnews\" \/>\n<meta name=\"twitter:card\" content=\"summary_large_image\" \/>\n<meta name=\"twitter:creator\" content=\"@WirMachenAuf_de\" \/>\n<meta name=\"twitter:site\" content=\"@WirMachenAuf_de\" \/>\n<meta name=\"twitter:label1\" content=\"Verfasst von\" \/>\n\t<meta name=\"twitter:data1\" content=\"rtnews\" \/>\n\t<meta name=\"twitter:label2\" content=\"Gesch\u00e4tzte Lesezeit\" \/>\n\t<meta name=\"twitter:data2\" content=\"4\u00a0Minuten\" \/>\n<script type=\"application\/ld+json\" class=\"yoast-schema-graph\">{\"@context\":\"https:\/\/schema.org\",\"@graph\":[{\"@type\":\"Article\",\"@id\":\"https:\/\/now-news.de\/de\/deutschland\/aachen-ukrainer-verein-verurteilt-aktion-fuer-frieden-mit-russland\/#article\",\"isPartOf\":{\"@id\":\"https:\/\/now-news.de\/de\/deutschland\/aachen-ukrainer-verein-verurteilt-aktion-fuer-frieden-mit-russland\/\"},\"author\":{\"name\":\"rtnews\",\"@id\":\"https:\/\/now-news.de\/de\/#\/schema\/person\/fb534a4e865501d8b3285208df34a9b5\"},\"headline\":\"Aachen: Ukrainer-Verein verurteilt Aktion f\u00fcr Frieden mit Russland\",\"datePublished\":\"2025-10-20T18:14:46+00:00\",\"dateModified\":\"2025-10-20T18:14:46+00:00\",\"mainEntityOfPage\":{\"@id\":\"https:\/\/now-news.de\/de\/deutschland\/aachen-ukrainer-verein-verurteilt-aktion-fuer-frieden-mit-russland\/\"},\"wordCount\":818,\"commentCount\":0,\"publisher\":{\"@id\":\"https:\/\/now-news.de\/de\/#organization\"},\"image\":{\"@id\":\"https:\/\/now-news.de\/de\/deutschland\/aachen-ukrainer-verein-verurteilt-aktion-fuer-frieden-mit-russland\/#primaryimage\"},\"thumbnailUrl\":\"https:\/\/now-news.de\/de\/wp-content\/uploads\/sites\/3\/2025\/10\/Aachen-Ukrainer-Verein-verurteilt-Aktion-fuer-Frieden-mit-Russland.jpg\",\"keywords\":[\"Aachen\",\"Aktion\",\"Frieden\",\"f\u00fcr\",\"mit\",\"russland\",\"UkrainerVerein\",\"verurteilt\"],\"articleSection\":[\"Deutschland\",\"Russland\"],\"inLanguage\":\"de\",\"potentialAction\":[{\"@type\":\"CommentAction\",\"name\":\"Comment\",\"target\":[\"https:\/\/now-news.de\/de\/deutschland\/aachen-ukrainer-verein-verurteilt-aktion-fuer-frieden-mit-russland\/#respond\"]}]},{\"@type\":\"WebPage\",\"@id\":\"https:\/\/now-news.de\/de\/deutschland\/aachen-ukrainer-verein-verurteilt-aktion-fuer-frieden-mit-russland\/\",\"url\":\"https:\/\/now-news.de\/de\/deutschland\/aachen-ukrainer-verein-verurteilt-aktion-fuer-frieden-mit-russland\/\",\"name\":\"Aachen: Ukrainer-Verein verurteilt Aktion f\u00fcr Frieden mit Russland - just-now.NEWS Deutschland\",\"isPartOf\":{\"@id\":\"https:\/\/now-news.de\/de\/#website\"},\"primaryImageOfPage\":{\"@id\":\"https:\/\/now-news.de\/de\/deutschland\/aachen-ukrainer-verein-verurteilt-aktion-fuer-frieden-mit-russland\/#primaryimage\"},\"image\":{\"@id\":\"https:\/\/now-news.de\/de\/deutschland\/aachen-ukrainer-verein-verurteilt-aktion-fuer-frieden-mit-russland\/#primaryimage\"},\"thumbnailUrl\":\"https:\/\/now-news.de\/de\/wp-content\/uploads\/sites\/3\/2025\/10\/Aachen-Ukrainer-Verein-verurteilt-Aktion-fuer-Frieden-mit-Russland.jpg\",\"datePublished\":\"2025-10-20T18:14:46+00:00\",\"dateModified\":\"2025-10-20T18:14:46+00:00\",\"breadcrumb\":{\"@id\":\"https:\/\/now-news.de\/de\/deutschland\/aachen-ukrainer-verein-verurteilt-aktion-fuer-frieden-mit-russland\/#breadcrumb\"},\"inLanguage\":\"de\",\"potentialAction\":[{\"@type\":\"ReadAction\",\"target\":[\"https:\/\/now-news.de\/de\/deutschland\/aachen-ukrainer-verein-verurteilt-aktion-fuer-frieden-mit-russland\/\"]}]},{\"@type\":\"ImageObject\",\"inLanguage\":\"de\",\"@id\":\"https:\/\/now-news.de\/de\/deutschland\/aachen-ukrainer-verein-verurteilt-aktion-fuer-frieden-mit-russland\/#primaryimage\",\"url\":\"https:\/\/now-news.de\/de\/wp-content\/uploads\/sites\/3\/2025\/10\/Aachen-Ukrainer-Verein-verurteilt-Aktion-fuer-Frieden-mit-Russland.jpg\",\"contentUrl\":\"https:\/\/now-news.de\/de\/wp-content\/uploads\/sites\/3\/2025\/10\/Aachen-Ukrainer-Verein-verurteilt-Aktion-fuer-Frieden-mit-Russland.jpg\",\"width\":460,\"height\":259,\"caption\":\"Aachen: Ukrainer-Verein verurteilt Aktion f\u00fcr Frieden mit Russland\"},{\"@type\":\"BreadcrumbList\",\"@id\":\"https:\/\/now-news.de\/de\/deutschland\/aachen-ukrainer-verein-verurteilt-aktion-fuer-frieden-mit-russland\/#breadcrumb\",\"itemListElement\":[{\"@type\":\"ListItem\",\"position\":1,\"name\":\"Home\",\"item\":\"https:\/\/now-news.de\/de\/\"},{\"@type\":\"ListItem\",\"position\":2,\"name\":\"Aachen: Ukrainer-Verein verurteilt Aktion f\u00fcr Frieden mit Russland\"}]},{\"@type\":\"WebSite\",\"@id\":\"https:\/\/now-news.de\/de\/#website\",\"url\":\"https:\/\/now-news.de\/de\/\",\"name\":\"just-now.NEWS Deutschland\",\"description\":\"Das Portal f\u00fcr unzensierte Nachrichten aus der Welt\",\"publisher\":{\"@id\":\"https:\/\/now-news.de\/de\/#organization\"},\"potentialAction\":[{\"@type\":\"SearchAction\",\"target\":{\"@type\":\"EntryPoint\",\"urlTemplate\":\"https:\/\/now-news.de\/de\/?s={search_term_string}\"},\"query-input\":\"required name=search_term_string\"}],\"inLanguage\":\"de\"},{\"@type\":\"Organization\",\"@id\":\"https:\/\/now-news.de\/de\/#organization\",\"name\":\"Just Now News\",\"url\":\"https:\/\/now-news.de\/de\/\",\"logo\":{\"@type\":\"ImageObject\",\"inLanguage\":\"de\",\"@id\":\"https:\/\/now-news.de\/de\/#\/schema\/logo\/image\/\",\"url\":\"http:\/\/just-now.news\/de\/wp-content\/uploads\/sites\/3\/2022\/04\/logo500x500.jpg\",\"contentUrl\":\"http:\/\/just-now.news\/de\/wp-content\/uploads\/sites\/3\/2022\/04\/logo500x500.jpg\",\"width\":500,\"height\":500,\"caption\":\"Just Now News\"},\"image\":{\"@id\":\"https:\/\/now-news.de\/de\/#\/schema\/logo\/image\/\"},\"sameAs\":[\"https:\/\/www.facebook.com\/wirmachenauf\",\"https:\/\/x.com\/WirMachenAuf_de\"]},{\"@type\":\"Person\",\"@id\":\"https:\/\/now-news.de\/de\/#\/schema\/person\/fb534a4e865501d8b3285208df34a9b5\",\"name\":\"rtnews\",\"image\":{\"@type\":\"ImageObject\",\"inLanguage\":\"de\",\"@id\":\"https:\/\/now-news.de\/de\/#\/schema\/person\/image\/\",\"url\":\"https:\/\/secure.gravatar.com\/avatar\/82aafea7d8127119dd649515f56e2117?s=96&d=mm&r=g\",\"contentUrl\":\"https:\/\/secure.gravatar.com\/avatar\/82aafea7d8127119dd649515f56e2117?s=96&d=mm&r=g\",\"caption\":\"rtnews\"},\"url\":\"https:\/\/now-news.de\/de\/author\/rnews\/\"}]}<\/script>\n<!-- \/ Yoast SEO Premium plugin. -->","yoast_head_json":{"title":"Aachen: Ukrainer-Verein verurteilt Aktion f\u00fcr Frieden mit Russland - just-now.NEWS Deutschland","robots":{"index":"index","follow":"follow","max-snippet":"max-snippet:-1","max-image-preview":"max-image-preview:large","max-video-preview":"max-video-preview:-1"},"canonical":"https:\/\/now-news.de\/de\/deutschland\/aachen-ukrainer-verein-verurteilt-aktion-fuer-frieden-mit-russland\/","og_locale":"de_DE","og_type":"article","og_title":"Aachen: Ukrainer-Verein verurteilt Aktion f\u00fcr Frieden mit Russland","og_description":"Auf acht gro\u00dfen Werbetafeln warben Friedensaktivisten in Aachen mit dem Slogan: &#8220;Frieden in Europa ist nur mit Russland m\u00f6glich und nicht gegen Russland.&#8221; Der Verein &#8220;Ukrainer in Aachen&#8221; forderte die Aachener Stadtverwaltung und alle B\u00fcrger auf, diese Aktion \u00f6ffentlich zu verurteilen. Die Initiative &#8220;Aachener f\u00fcr eine menschliche Zukunft&#8221; organisierte im Oktober eine zehnt\u00e4gige Plakataktion f\u00fcr [&hellip;]","og_url":"https:\/\/now-news.de\/de\/deutschland\/aachen-ukrainer-verein-verurteilt-aktion-fuer-frieden-mit-russland\/","og_site_name":"just-now.NEWS Deutschland","article_publisher":"https:\/\/www.facebook.com\/wirmachenauf","article_published_time":"2025-10-20T18:14:46+00:00","og_image":[{"url":"https:\/\/now-news.de\/de\/wp-content\/uploads\/sites\/3\/2025\/10\/68f6393748fbef027f194422.jpg"}],"author":"rtnews","twitter_card":"summary_large_image","twitter_creator":"@WirMachenAuf_de","twitter_site":"@WirMachenAuf_de","twitter_misc":{"Verfasst von":"rtnews","Gesch\u00e4tzte Lesezeit":"4\u00a0Minuten"},"schema":{"@context":"https:\/\/schema.org","@graph":[{"@type":"Article","@id":"https:\/\/now-news.de\/de\/deutschland\/aachen-ukrainer-verein-verurteilt-aktion-fuer-frieden-mit-russland\/#article","isPartOf":{"@id":"https:\/\/now-news.de\/de\/deutschland\/aachen-ukrainer-verein-verurteilt-aktion-fuer-frieden-mit-russland\/"},"author":{"name":"rtnews","@id":"https:\/\/now-news.de\/de\/#\/schema\/person\/fb534a4e865501d8b3285208df34a9b5"},"headline":"Aachen: Ukrainer-Verein verurteilt Aktion f\u00fcr Frieden mit Russland","datePublished":"2025-10-20T18:14:46+00:00","dateModified":"2025-10-20T18:14:46+00:00","mainEntityOfPage":{"@id":"https:\/\/now-news.de\/de\/deutschland\/aachen-ukrainer-verein-verurteilt-aktion-fuer-frieden-mit-russland\/"},"wordCount":818,"commentCount":0,"publisher":{"@id":"https:\/\/now-news.de\/de\/#organization"},"image":{"@id":"https:\/\/now-news.de\/de\/deutschland\/aachen-ukrainer-verein-verurteilt-aktion-fuer-frieden-mit-russland\/#primaryimage"},"thumbnailUrl":"https:\/\/now-news.de\/de\/wp-content\/uploads\/sites\/3\/2025\/10\/Aachen-Ukrainer-Verein-verurteilt-Aktion-fuer-Frieden-mit-Russland.jpg","keywords":["Aachen","Aktion","Frieden","f\u00fcr","mit","russland","UkrainerVerein","verurteilt"],"articleSection":["Deutschland","Russland"],"inLanguage":"de","potentialAction":[{"@type":"CommentAction","name":"Comment","target":["https:\/\/now-news.de\/de\/deutschland\/aachen-ukrainer-verein-verurteilt-aktion-fuer-frieden-mit-russland\/#respond"]}]},{"@type":"WebPage","@id":"https:\/\/now-news.de\/de\/deutschland\/aachen-ukrainer-verein-verurteilt-aktion-fuer-frieden-mit-russland\/","url":"https:\/\/now-news.de\/de\/deutschland\/aachen-ukrainer-verein-verurteilt-aktion-fuer-frieden-mit-russland\/","name":"Aachen: Ukrainer-Verein verurteilt Aktion f\u00fcr Frieden mit Russland - just-now.NEWS Deutschland","isPartOf":{"@id":"https:\/\/now-news.de\/de\/#website"},"primaryImageOfPage":{"@id":"https:\/\/now-news.de\/de\/deutschland\/aachen-ukrainer-verein-verurteilt-aktion-fuer-frieden-mit-russland\/#primaryimage"},"image":{"@id":"https:\/\/now-news.de\/de\/deutschland\/aachen-ukrainer-verein-verurteilt-aktion-fuer-frieden-mit-russland\/#primaryimage"},"thumbnailUrl":"https:\/\/now-news.de\/de\/wp-content\/uploads\/sites\/3\/2025\/10\/Aachen-Ukrainer-Verein-verurteilt-Aktion-fuer-Frieden-mit-Russland.jpg","datePublished":"2025-10-20T18:14:46+00:00","dateModified":"2025-10-20T18:14:46+00:00","breadcrumb":{"@id":"https:\/\/now-news.de\/de\/deutschland\/aachen-ukrainer-verein-verurteilt-aktion-fuer-frieden-mit-russland\/#breadcrumb"},"inLanguage":"de","potentialAction":[{"@type":"ReadAction","target":["https:\/\/now-news.de\/de\/deutschland\/aachen-ukrainer-verein-verurteilt-aktion-fuer-frieden-mit-russland\/"]}]},{"@type":"ImageObject","inLanguage":"de","@id":"https:\/\/now-news.de\/de\/deutschland\/aachen-ukrainer-verein-verurteilt-aktion-fuer-frieden-mit-russland\/#primaryimage","url":"https:\/\/now-news.de\/de\/wp-content\/uploads\/sites\/3\/2025\/10\/Aachen-Ukrainer-Verein-verurteilt-Aktion-fuer-Frieden-mit-Russland.jpg","contentUrl":"https:\/\/now-news.de\/de\/wp-content\/uploads\/sites\/3\/2025\/10\/Aachen-Ukrainer-Verein-verurteilt-Aktion-fuer-Frieden-mit-Russland.jpg","width":460,"height":259,"caption":"Aachen: Ukrainer-Verein verurteilt Aktion f\u00fcr Frieden mit Russland"},{"@type":"BreadcrumbList","@id":"https:\/\/now-news.de\/de\/deutschland\/aachen-ukrainer-verein-verurteilt-aktion-fuer-frieden-mit-russland\/#breadcrumb","itemListElement":[{"@type":"ListItem","position":1,"name":"Home","item":"https:\/\/now-news.de\/de\/"},{"@type":"ListItem","position":2,"name":"Aachen: Ukrainer-Verein verurteilt Aktion f\u00fcr Frieden mit Russland"}]},{"@type":"WebSite","@id":"https:\/\/now-news.de\/de\/#website","url":"https:\/\/now-news.de\/de\/","name":"just-now.NEWS Deutschland","description":"Das Portal f\u00fcr unzensierte Nachrichten aus der Welt","publisher":{"@id":"https:\/\/now-news.de\/de\/#organization"},"potentialAction":[{"@type":"SearchAction","target":{"@type":"EntryPoint","urlTemplate":"https:\/\/now-news.de\/de\/?s={search_term_string}"},"query-input":"required name=search_term_string"}],"inLanguage":"de"},{"@type":"Organization","@id":"https:\/\/now-news.de\/de\/#organization","name":"Just Now News","url":"https:\/\/now-news.de\/de\/","logo":{"@type":"ImageObject","inLanguage":"de","@id":"https:\/\/now-news.de\/de\/#\/schema\/logo\/image\/","url":"http:\/\/just-now.news\/de\/wp-content\/uploads\/sites\/3\/2022\/04\/logo500x500.jpg","contentUrl":"http:\/\/just-now.news\/de\/wp-content\/uploads\/sites\/3\/2022\/04\/logo500x500.jpg","width":500,"height":500,"caption":"Just Now News"},"image":{"@id":"https:\/\/now-news.de\/de\/#\/schema\/logo\/image\/"},"sameAs":["https:\/\/www.facebook.com\/wirmachenauf","https:\/\/x.com\/WirMachenAuf_de"]},{"@type":"Person","@id":"https:\/\/now-news.de\/de\/#\/schema\/person\/fb534a4e865501d8b3285208df34a9b5","name":"rtnews","image":{"@type":"ImageObject","inLanguage":"de","@id":"https:\/\/now-news.de\/de\/#\/schema\/person\/image\/","url":"https:\/\/secure.gravatar.com\/avatar\/82aafea7d8127119dd649515f56e2117?s=96&d=mm&r=g","contentUrl":"https:\/\/secure.gravatar.com\/avatar\/82aafea7d8127119dd649515f56e2117?s=96&d=mm&r=g","caption":"rtnews"},"url":"https:\/\/now-news.de\/de\/author\/rnews\/"}]}},"_links":{"self":[{"href":"https:\/\/now-news.de\/de\/wp-json\/wp\/v2\/posts\/92539"}],"collection":[{"href":"https:\/\/now-news.de\/de\/wp-json\/wp\/v2\/posts"}],"about":[{"href":"https:\/\/now-news.de\/de\/wp-json\/wp\/v2\/types\/post"}],"author":[{"embeddable":true,"href":"https:\/\/now-news.de\/de\/wp-json\/wp\/v2\/users\/3"}],"replies":[{"embeddable":true,"href":"https:\/\/now-news.de\/de\/wp-json\/wp\/v2\/comments?post=92539"}],"version-history":[{"count":0,"href":"https:\/\/now-news.de\/de\/wp-json\/wp\/v2\/posts\/92539\/revisions"}],"wp:featuredmedia":[{"embeddable":true,"href":"https:\/\/now-news.de\/de\/wp-json\/wp\/v2\/media\/92540"}],"wp:attachment":[{"href":"https:\/\/now-news.de\/de\/wp-json\/wp\/v2\/media?parent=92539"}],"wp:term":[{"taxonomy":"category","embeddable":true,"href":"https:\/\/now-news.de\/de\/wp-json\/wp\/v2\/categories?post=92539"},{"taxonomy":"post_tag","embeddable":true,"href":"https:\/\/now-news.de\/de\/wp-json\/wp\/v2\/tags?post=92539"}],"curies":[{"name":"wp","href":"https:\/\/api.w.org\/{rel}","templated":true}]}}