{"id":92537,"date":"2025-10-20T19:56:51","date_gmt":"2025-10-20T17:56:51","guid":{"rendered":"https:\/\/now-news.de\/de\/deutschland\/rumaenische-eu-abgeordnete-droht-wenn-selenskij-hierher-kommt-breche-ich-ihm-die-beine\/"},"modified":"2025-10-20T19:56:51","modified_gmt":"2025-10-20T17:56:51","slug":"rumaenische-eu-abgeordnete-droht-wenn-selenskij-hierher-kommt-breche-ich-ihm-die-beine","status":"publish","type":"post","link":"https:\/\/now-news.de\/de\/deutschland\/rumaenische-eu-abgeordnete-droht-wenn-selenskij-hierher-kommt-breche-ich-ihm-die-beine\/","title":{"rendered":"Rum\u00e4nische EU-Abgeordnete droht: Wenn Selenskij hierher kommt, &quot;breche ich ihm die Beine!&quot;"},"content":{"rendered":"<p><img decoding=\"async\" src=\"https:\/\/now-news.de\/de\/wp-content\/uploads\/sites\/3\/2025\/10\/68f642edb480cc477f7adcf1.jpg\" \/><\/p>\n<div class=\"Text-root Text-type_1 \">\n                Vor zwei Jahren hatte sie einen Auftritt von Wladimir Selenskij im rum\u00e4nischen Parlament zu verhindern versucht, nun droht die rum\u00e4nische EU-Abgeordnete Diana \u0218o\u0219oac\u0103 gar mit Gewalt gegen den ukrainischen Pr\u00e4sidenten, sollte er erneut im Parlament auftreten wollen. Dann werde sie ihm &#8220;die Beine brechen&#8221;, k\u00fcndigte \u0218o\u0219oac\u0103 an.\n            <\/div>\n<p><\/p>\n<div class=\"Text-root Text-type_5 ArticleView-text ViewText-root \">\n<p>Die rum\u00e4nische EU-Abgeordnete Diana \u0218o\u0219oac\u0103 hat w\u00e4hrend eines Besuchs in Moskau dem ukrainischen Pr\u00e4sidenten Wladimir Selenskij mit k\u00f6rperlicher Gewalt gedroht.<\/p>\n<p>Bei einem Treffen der &#8220;Internationalen Kulturvereinigung Freunde Russlands&#8221; \u00e4u\u00dferte sich \u0218o\u0219oac\u0103 am Wochenende <a rel=\"nofollow noopener\" target=\"_blank\" href=\"https:\/\/www.pravda.com.ua\/eng\/news\/2025\/10\/19\/8003415\/\">laut Angaben<\/a> der <em>Ukrainska Prawda<\/em> mit drastischen Worten:\u00a0<em>&#8220;Wenn er es wagt, in mein Parlament zu kommen, breche ich ihm die Beine! Er darf in meinem Parlament keine Rede halten. Warum sage ich &#8216;mein Parlament&#8217;? Weil die rum\u00e4nische Verfassung besagt, dass wir, die Mitglieder des Parlaments, die Vertreter des rum\u00e4nischen Volkes sind und die einzigen, die die Souver\u00e4nit\u00e4t der rum\u00e4nischen Nation vertreten k\u00f6nnen.&#8221;<\/em><\/p>\n<p>Bereits 2023 hatte die Vorsitzende der als rechtsextrem geltenden Partei &#8220;S.O.S. Romania&#8221;\u00a0<a rel=\"nofollow noopener\" target=\"_blank\" href=\"https:\/\/freedert.online\/international\/183390-geben-sie-unsere-territorien-zurueck\/\">versucht<\/a>,\u00a0eine Rede von Selenskij im rum\u00e4nischen Parlament zu verhindern. Als damalige Senatorin hatte\u00a0\u0218o\u0219oac\u0103 den ukrainischen Staatschef aufgefordert,\u00a0die rum\u00e4nische Minderheit in der Ukraine zu respektieren und Territorien an Rum\u00e4nien &#8220;zur\u00fcckzugeben&#8221;.<\/p>\n<p>\u0218o\u0219oac\u0103 wurde vergangenes Jahr durch den Obersten Gerichtshof von der Teilnahme an den rum\u00e4nischen Pr\u00e4sidentschaftswahlen ausgeschlossen \u2012 wegen ihrer radikalen Ansichten, die vom Gericht als &#8220;prorussisch, antieurop\u00e4isch und anti-NATO&#8221; gebrandmarkt wurden.\u00a0<\/p>\n<p>Zudem ermittelt die rum\u00e4nische Staatsanwaltschaft gegen die 49-J\u00e4hrige wegen insgesamt elf Straftaten, darunter die Leugnung des Holocausts. Die Staatsanwaltschaft beantragte beim Europ\u00e4ischen Parlament die Aufhebung ihrer parlamentarischen Immunit\u00e4t, um die Strafverfolgung zu erm\u00f6glichen.<\/p>\n<p>Im M\u00e4rz dieses Jahres hatte der ukrainische Geheimdienst SBU ein dreij\u00e4hriges Einreiseverbot gegen die Politikerin verh\u00e4ngt. Der SBU begr\u00fcndete dies mit \u0218o\u0219oac\u0103s antiukrainischen \u00c4u\u00dferungen und ihrer angeblichen Unterst\u00fctzung f\u00fcr Russlands Milit\u00e4roperation.\u00a0<\/p>\n<p><strong>Mehr zum Thema<\/strong>\u00a0\u2012 <a rel=\"nofollow noopener\" target=\"_blank\" href=\"https:\/\/freedert.online\/international\/256046-russische-drohne-in-rumaenien-botschafter\/\">Russische Drohne \u00fcber Rum\u00e4nien? Botschafter weist Protest aus Bukarest zur\u00fcck<\/a><\/p>\n<div class=\"EmbedBlock-root EmbedBlock-externalVideo EmbedBlock-rumble\">\n<div class=\"VkEmbed\"><iframe class=\"lazyload\" data-src=\"https:\/\/rumble.com\/embed\/v6uaa9s\" frameborder=\"0\" width=\"853\" height=\"480\" allowfullscreen><\/iframe><\/div>\n<\/div>\n<\/div>\n<p><br \/>\n<br \/><a href=\"https:\/\/de.rt.com\/europa\/259383-rumaenische-eu-abgeordnete-wenn-selenskij\/\">Source link <\/a><\/p>\n","protected":false},"excerpt":{"rendered":"<p>Vor zwei Jahren hatte sie einen Auftritt von Wladimir Selenskij im rum\u00e4nischen Parlament zu verhindern versucht, nun droht die rum\u00e4nische EU-Abgeordnete Diana \u0218o\u0219oac\u0103 gar mit Gewalt gegen den ukrainischen Pr\u00e4sidenten, sollte er erneut im Parlament auftreten wollen. Dann werde sie ihm &#8220;die Beine brechen&#8221;, k\u00fcndigte \u0218o\u0219oac\u0103 an. Die rum\u00e4nische EU-Abgeordnete Diana \u0218o\u0219oac\u0103 hat w\u00e4hrend eines [&hellip;]<\/p>\n","protected":false},"author":3,"featured_media":92538,"comment_status":"open","ping_status":"open","sticky":false,"template":"","format":"standard","meta":{"_yoast_indexnow_last_ping":["1760983422"],"wp_automatic_camp":["217"],"dfcb5b83b0f55d8961cb31dcf6ec3634":["Rum\u00e4nische EU-Abgeordnete droht: Wenn Selenskij hierher kommt, &quot;breche ich ihm die Beine!&quot;"],"original_link":["https:\/\/de.rt.com\/europa\/259383-rumaenische-eu-abgeordnete-wenn-selenskij\/"],"_thumbnail_id":["92538"],"jnews_social_counter_last_update":["1788639792"],"_wptgpro_p2tg_sent2tg":["a:1:{i:23737;s:19:\"2025-10-20 20:04:53\";}"]},"categories":[19,23],"tags":[68551,45,44,19432,65039,410,9966,310,68550,37911,6158,4218],"class_list":["post-92537","post","type-post","status-publish","format-standard","has-post-thumbnail","hentry","category-deutschland","category-russland","tag-beinequot","tag-die","tag-droht","tag-euabgeordnete","tag-hierher","tag-ich","tag-ihm","tag-kommt","tag-quotbreche","tag-rumaenische","tag-selenskij","tag-wenn"],"yoast_head":"<!-- This site is optimized with the Yoast SEO Premium plugin v22.7 (Yoast SEO v28.2) - https:\/\/yoast.com\/product\/yoast-seo-premium-wordpress\/ -->\n<title>Rum\u00e4nische EU-Abgeordnete droht: Wenn Selenskij hierher kommt, &quot;breche ich ihm die Beine!&quot; - just-now.NEWS Deutschland<\/title>\n<meta name=\"robots\" content=\"index, follow, max-snippet:-1, max-image-preview:large, max-video-preview:-1\" \/>\n<link rel=\"canonical\" href=\"https:\/\/now-news.de\/de\/deutschland\/rumaenische-eu-abgeordnete-droht-wenn-selenskij-hierher-kommt-breche-ich-ihm-die-beine\/\" \/>\n<meta property=\"og:locale\" content=\"de_DE\" \/>\n<meta property=\"og:type\" content=\"article\" \/>\n<meta property=\"og:title\" content=\"Rum\u00e4nische EU-Abgeordnete droht: Wenn Selenskij hierher kommt, &quot;breche ich ihm die Beine!&quot;\" \/>\n<meta property=\"og:description\" content=\"Vor zwei Jahren hatte sie einen Auftritt von Wladimir Selenskij im rum\u00e4nischen Parlament zu verhindern versucht, nun droht die rum\u00e4nische EU-Abgeordnete Diana \u0218o\u0219oac\u0103 gar mit Gewalt gegen den ukrainischen Pr\u00e4sidenten, sollte er erneut im Parlament auftreten wollen. Dann werde sie ihm &#8220;die Beine brechen&#8221;, k\u00fcndigte \u0218o\u0219oac\u0103 an. Die rum\u00e4nische EU-Abgeordnete Diana \u0218o\u0219oac\u0103 hat w\u00e4hrend eines [&hellip;]\" \/>\n<meta property=\"og:url\" content=\"https:\/\/now-news.de\/de\/deutschland\/rumaenische-eu-abgeordnete-droht-wenn-selenskij-hierher-kommt-breche-ich-ihm-die-beine\/\" \/>\n<meta property=\"og:site_name\" content=\"just-now.NEWS Deutschland\" \/>\n<meta property=\"article:publisher\" content=\"https:\/\/www.facebook.com\/wirmachenauf\" \/>\n<meta property=\"article:published_time\" content=\"2025-10-20T17:56:51+00:00\" \/>\n<meta property=\"og:image\" content=\"https:\/\/now-news.de\/de\/wp-content\/uploads\/sites\/3\/2025\/10\/68f642edb480cc477f7adcf1.jpg\" \/>\n<meta name=\"author\" content=\"rtnews\" \/>\n<meta name=\"twitter:card\" content=\"summary_large_image\" \/>\n<meta name=\"twitter:creator\" content=\"@WirMachenAuf_de\" \/>\n<meta name=\"twitter:site\" content=\"@WirMachenAuf_de\" \/>\n<meta name=\"twitter:label1\" content=\"Verfasst von\" \/>\n\t<meta name=\"twitter:data1\" content=\"rtnews\" \/>\n\t<meta name=\"twitter:label2\" content=\"Gesch\u00e4tzte Lesezeit\" \/>\n\t<meta name=\"twitter:data2\" content=\"2\u00a0Minuten\" \/>\n<script type=\"application\/ld+json\" class=\"yoast-schema-graph\">{\"@context\":\"https:\\\/\\\/schema.org\",\"@graph\":[{\"@type\":\"Article\",\"@id\":\"https:\\\/\\\/now-news.de\\\/de\\\/deutschland\\\/rumaenische-eu-abgeordnete-droht-wenn-selenskij-hierher-kommt-breche-ich-ihm-die-beine\\\/#article\",\"isPartOf\":{\"@id\":\"https:\\\/\\\/now-news.de\\\/de\\\/deutschland\\\/rumaenische-eu-abgeordnete-droht-wenn-selenskij-hierher-kommt-breche-ich-ihm-die-beine\\\/\"},\"author\":{\"name\":\"rtnews\",\"@id\":\"https:\\\/\\\/now-news.de\\\/de\\\/#\\\/schema\\\/person\\\/fb534a4e865501d8b3285208df34a9b5\"},\"headline\":\"Rum\u00e4nische EU-Abgeordnete droht: Wenn Selenskij hierher kommt, &quot;breche ich ihm die Beine!&quot;\",\"datePublished\":\"2025-10-20T17:56:51+00:00\",\"mainEntityOfPage\":{\"@id\":\"https:\\\/\\\/now-news.de\\\/de\\\/deutschland\\\/rumaenische-eu-abgeordnete-droht-wenn-selenskij-hierher-kommt-breche-ich-ihm-die-beine\\\/\"},\"wordCount\":358,\"commentCount\":0,\"publisher\":{\"@id\":\"https:\\\/\\\/now-news.de\\\/de\\\/#organization\"},\"image\":{\"@id\":\"https:\\\/\\\/now-news.de\\\/de\\\/deutschland\\\/rumaenische-eu-abgeordnete-droht-wenn-selenskij-hierher-kommt-breche-ich-ihm-die-beine\\\/#primaryimage\"},\"thumbnailUrl\":\"https:\\\/\\\/now-news.de\\\/de\\\/wp-content\\\/uploads\\\/sites\\\/3\\\/2025\\\/10\\\/Rumaenische-EU-Abgeordnete-droht-Wenn-Selenskij-hierher-kommt-quotbreche-ich-ihm.jpg\",\"keywords\":[\"Beinequot\",\"die\",\"droht\",\"EUAbgeordnete\",\"hierher\",\"Ich\",\"ihm\",\"kommt\",\"quotbreche\",\"Rum\u00e4nische\",\"Selenskij\",\"wenn\"],\"articleSection\":[\"Deutschland\",\"Russland\"],\"inLanguage\":\"de\",\"potentialAction\":[{\"@type\":\"CommentAction\",\"name\":\"Comment\",\"target\":[\"https:\\\/\\\/now-news.de\\\/de\\\/deutschland\\\/rumaenische-eu-abgeordnete-droht-wenn-selenskij-hierher-kommt-breche-ich-ihm-die-beine\\\/#respond\"]}]},{\"@type\":\"WebPage\",\"@id\":\"https:\\\/\\\/now-news.de\\\/de\\\/deutschland\\\/rumaenische-eu-abgeordnete-droht-wenn-selenskij-hierher-kommt-breche-ich-ihm-die-beine\\\/\",\"url\":\"https:\\\/\\\/now-news.de\\\/de\\\/deutschland\\\/rumaenische-eu-abgeordnete-droht-wenn-selenskij-hierher-kommt-breche-ich-ihm-die-beine\\\/\",\"name\":\"Rum\u00e4nische EU-Abgeordnete droht: Wenn Selenskij hierher kommt, &quot;breche ich ihm die Beine!&quot; - just-now.NEWS Deutschland\",\"isPartOf\":{\"@id\":\"https:\\\/\\\/now-news.de\\\/de\\\/#website\"},\"primaryImageOfPage\":{\"@id\":\"https:\\\/\\\/now-news.de\\\/de\\\/deutschland\\\/rumaenische-eu-abgeordnete-droht-wenn-selenskij-hierher-kommt-breche-ich-ihm-die-beine\\\/#primaryimage\"},\"image\":{\"@id\":\"https:\\\/\\\/now-news.de\\\/de\\\/deutschland\\\/rumaenische-eu-abgeordnete-droht-wenn-selenskij-hierher-kommt-breche-ich-ihm-die-beine\\\/#primaryimage\"},\"thumbnailUrl\":\"https:\\\/\\\/now-news.de\\\/de\\\/wp-content\\\/uploads\\\/sites\\\/3\\\/2025\\\/10\\\/Rumaenische-EU-Abgeordnete-droht-Wenn-Selenskij-hierher-kommt-quotbreche-ich-ihm.jpg\",\"datePublished\":\"2025-10-20T17:56:51+00:00\",\"breadcrumb\":{\"@id\":\"https:\\\/\\\/now-news.de\\\/de\\\/deutschland\\\/rumaenische-eu-abgeordnete-droht-wenn-selenskij-hierher-kommt-breche-ich-ihm-die-beine\\\/#breadcrumb\"},\"inLanguage\":\"de\",\"potentialAction\":[{\"@type\":\"ReadAction\",\"target\":[\"https:\\\/\\\/now-news.de\\\/de\\\/deutschland\\\/rumaenische-eu-abgeordnete-droht-wenn-selenskij-hierher-kommt-breche-ich-ihm-die-beine\\\/\"]}]},{\"@type\":\"ImageObject\",\"inLanguage\":\"de\",\"@id\":\"https:\\\/\\\/now-news.de\\\/de\\\/deutschland\\\/rumaenische-eu-abgeordnete-droht-wenn-selenskij-hierher-kommt-breche-ich-ihm-die-beine\\\/#primaryimage\",\"url\":\"https:\\\/\\\/now-news.de\\\/de\\\/wp-content\\\/uploads\\\/sites\\\/3\\\/2025\\\/10\\\/Rumaenische-EU-Abgeordnete-droht-Wenn-Selenskij-hierher-kommt-quotbreche-ich-ihm.jpg\",\"contentUrl\":\"https:\\\/\\\/now-news.de\\\/de\\\/wp-content\\\/uploads\\\/sites\\\/3\\\/2025\\\/10\\\/Rumaenische-EU-Abgeordnete-droht-Wenn-Selenskij-hierher-kommt-quotbreche-ich-ihm.jpg\",\"width\":460,\"height\":259,\"caption\":\"Rum\u00e4nische EU-Abgeordnete droht: Wenn Selenskij hierher kommt, &quot;breche ich ihm die Beine!&quot;\"},{\"@type\":\"BreadcrumbList\",\"@id\":\"https:\\\/\\\/now-news.de\\\/de\\\/deutschland\\\/rumaenische-eu-abgeordnete-droht-wenn-selenskij-hierher-kommt-breche-ich-ihm-die-beine\\\/#breadcrumb\",\"itemListElement\":[{\"@type\":\"ListItem\",\"position\":1,\"name\":\"Home\",\"item\":\"https:\\\/\\\/now-news.de\\\/de\\\/\"},{\"@type\":\"ListItem\",\"position\":2,\"name\":\"Rum\u00e4nische EU-Abgeordnete droht: Wenn Selenskij hierher kommt, &quot;breche ich ihm die Beine!&quot;\"}]},{\"@type\":\"WebSite\",\"@id\":\"https:\\\/\\\/now-news.de\\\/de\\\/#website\",\"url\":\"https:\\\/\\\/now-news.de\\\/de\\\/\",\"name\":\"just-now.NEWS Deutschland\",\"description\":\"Das Portal f\u00fcr unzensierte Nachrichten aus der Welt\",\"publisher\":{\"@id\":\"https:\\\/\\\/now-news.de\\\/de\\\/#organization\"},\"potentialAction\":[{\"@type\":\"SearchAction\",\"target\":{\"@type\":\"EntryPoint\",\"urlTemplate\":\"https:\\\/\\\/now-news.de\\\/de\\\/?s={search_term_string}\"},\"query-input\":{\"@type\":\"PropertyValueSpecification\",\"valueRequired\":true,\"valueName\":\"search_term_string\"}}],\"inLanguage\":\"de\"},{\"@type\":\"Organization\",\"@id\":\"https:\\\/\\\/now-news.de\\\/de\\\/#organization\",\"name\":\"Just Now News\",\"url\":\"https:\\\/\\\/now-news.de\\\/de\\\/\",\"logo\":{\"@type\":\"ImageObject\",\"inLanguage\":\"de\",\"@id\":\"https:\\\/\\\/now-news.de\\\/de\\\/#\\\/schema\\\/logo\\\/image\\\/\",\"url\":\"http:\\\/\\\/just-now.news\\\/de\\\/wp-content\\\/uploads\\\/sites\\\/3\\\/2022\\\/04\\\/logo500x500.jpg\",\"contentUrl\":\"http:\\\/\\\/just-now.news\\\/de\\\/wp-content\\\/uploads\\\/sites\\\/3\\\/2022\\\/04\\\/logo500x500.jpg\",\"width\":500,\"height\":500,\"caption\":\"Just Now News\"},\"image\":{\"@id\":\"https:\\\/\\\/now-news.de\\\/de\\\/#\\\/schema\\\/logo\\\/image\\\/\"},\"sameAs\":[\"https:\\\/\\\/www.facebook.com\\\/wirmachenauf\",\"https:\\\/\\\/x.com\\\/WirMachenAuf_de\"]},{\"@type\":\"Person\",\"@id\":\"https:\\\/\\\/now-news.de\\\/de\\\/#\\\/schema\\\/person\\\/fb534a4e865501d8b3285208df34a9b5\",\"name\":\"rtnews\",\"image\":{\"@type\":\"ImageObject\",\"inLanguage\":\"de\",\"@id\":\"https:\\\/\\\/secure.gravatar.com\\\/avatar\\\/358fe31b3ab5769fea05376e1953329834cd9912cf9daf607e2af3076a1b982b?s=96&d=mm&r=g\",\"url\":\"https:\\\/\\\/secure.gravatar.com\\\/avatar\\\/358fe31b3ab5769fea05376e1953329834cd9912cf9daf607e2af3076a1b982b?s=96&d=mm&r=g\",\"contentUrl\":\"https:\\\/\\\/secure.gravatar.com\\\/avatar\\\/358fe31b3ab5769fea05376e1953329834cd9912cf9daf607e2af3076a1b982b?s=96&d=mm&r=g\",\"caption\":\"rtnews\"},\"url\":\"https:\\\/\\\/now-news.de\\\/de\\\/author\\\/rnews\\\/\"}]}<\/script>\n<!-- \/ Yoast SEO Premium plugin. -->","yoast_head_json":{"title":"Rum\u00e4nische EU-Abgeordnete droht: Wenn Selenskij hierher kommt, &quot;breche ich ihm die Beine!&quot; - just-now.NEWS Deutschland","robots":{"index":"index","follow":"follow","max-snippet":"max-snippet:-1","max-image-preview":"max-image-preview:large","max-video-preview":"max-video-preview:-1"},"canonical":"https:\/\/now-news.de\/de\/deutschland\/rumaenische-eu-abgeordnete-droht-wenn-selenskij-hierher-kommt-breche-ich-ihm-die-beine\/","og_locale":"de_DE","og_type":"article","og_title":"Rum\u00e4nische EU-Abgeordnete droht: Wenn Selenskij hierher kommt, &quot;breche ich ihm die Beine!&quot;","og_description":"Vor zwei Jahren hatte sie einen Auftritt von Wladimir Selenskij im rum\u00e4nischen Parlament zu verhindern versucht, nun droht die rum\u00e4nische EU-Abgeordnete Diana \u0218o\u0219oac\u0103 gar mit Gewalt gegen den ukrainischen Pr\u00e4sidenten, sollte er erneut im Parlament auftreten wollen. Dann werde sie ihm &#8220;die Beine brechen&#8221;, k\u00fcndigte \u0218o\u0219oac\u0103 an. Die rum\u00e4nische EU-Abgeordnete Diana \u0218o\u0219oac\u0103 hat w\u00e4hrend eines [&hellip;]","og_url":"https:\/\/now-news.de\/de\/deutschland\/rumaenische-eu-abgeordnete-droht-wenn-selenskij-hierher-kommt-breche-ich-ihm-die-beine\/","og_site_name":"just-now.NEWS Deutschland","article_publisher":"https:\/\/www.facebook.com\/wirmachenauf","article_published_time":"2025-10-20T17:56:51+00:00","og_image":[{"url":"https:\/\/now-news.de\/de\/wp-content\/uploads\/sites\/3\/2025\/10\/68f642edb480cc477f7adcf1.jpg","type":"","width":"","height":""}],"author":"rtnews","twitter_card":"summary_large_image","twitter_creator":"@WirMachenAuf_de","twitter_site":"@WirMachenAuf_de","twitter_misc":{"Verfasst von":"rtnews","Gesch\u00e4tzte Lesezeit":"2\u00a0Minuten"},"schema":{"@context":"https:\/\/schema.org","@graph":[{"@type":"Article","@id":"https:\/\/now-news.de\/de\/deutschland\/rumaenische-eu-abgeordnete-droht-wenn-selenskij-hierher-kommt-breche-ich-ihm-die-beine\/#article","isPartOf":{"@id":"https:\/\/now-news.de\/de\/deutschland\/rumaenische-eu-abgeordnete-droht-wenn-selenskij-hierher-kommt-breche-ich-ihm-die-beine\/"},"author":{"name":"rtnews","@id":"https:\/\/now-news.de\/de\/#\/schema\/person\/fb534a4e865501d8b3285208df34a9b5"},"headline":"Rum\u00e4nische EU-Abgeordnete droht: Wenn Selenskij hierher kommt, &quot;breche ich ihm die Beine!&quot;","datePublished":"2025-10-20T17:56:51+00:00","mainEntityOfPage":{"@id":"https:\/\/now-news.de\/de\/deutschland\/rumaenische-eu-abgeordnete-droht-wenn-selenskij-hierher-kommt-breche-ich-ihm-die-beine\/"},"wordCount":358,"commentCount":0,"publisher":{"@id":"https:\/\/now-news.de\/de\/#organization"},"image":{"@id":"https:\/\/now-news.de\/de\/deutschland\/rumaenische-eu-abgeordnete-droht-wenn-selenskij-hierher-kommt-breche-ich-ihm-die-beine\/#primaryimage"},"thumbnailUrl":"https:\/\/now-news.de\/de\/wp-content\/uploads\/sites\/3\/2025\/10\/Rumaenische-EU-Abgeordnete-droht-Wenn-Selenskij-hierher-kommt-quotbreche-ich-ihm.jpg","keywords":["Beinequot","die","droht","EUAbgeordnete","hierher","Ich","ihm","kommt","quotbreche","Rum\u00e4nische","Selenskij","wenn"],"articleSection":["Deutschland","Russland"],"inLanguage":"de","potentialAction":[{"@type":"CommentAction","name":"Comment","target":["https:\/\/now-news.de\/de\/deutschland\/rumaenische-eu-abgeordnete-droht-wenn-selenskij-hierher-kommt-breche-ich-ihm-die-beine\/#respond"]}]},{"@type":"WebPage","@id":"https:\/\/now-news.de\/de\/deutschland\/rumaenische-eu-abgeordnete-droht-wenn-selenskij-hierher-kommt-breche-ich-ihm-die-beine\/","url":"https:\/\/now-news.de\/de\/deutschland\/rumaenische-eu-abgeordnete-droht-wenn-selenskij-hierher-kommt-breche-ich-ihm-die-beine\/","name":"Rum\u00e4nische EU-Abgeordnete droht: Wenn Selenskij hierher kommt, &quot;breche ich ihm die Beine!&quot; - just-now.NEWS Deutschland","isPartOf":{"@id":"https:\/\/now-news.de\/de\/#website"},"primaryImageOfPage":{"@id":"https:\/\/now-news.de\/de\/deutschland\/rumaenische-eu-abgeordnete-droht-wenn-selenskij-hierher-kommt-breche-ich-ihm-die-beine\/#primaryimage"},"image":{"@id":"https:\/\/now-news.de\/de\/deutschland\/rumaenische-eu-abgeordnete-droht-wenn-selenskij-hierher-kommt-breche-ich-ihm-die-beine\/#primaryimage"},"thumbnailUrl":"https:\/\/now-news.de\/de\/wp-content\/uploads\/sites\/3\/2025\/10\/Rumaenische-EU-Abgeordnete-droht-Wenn-Selenskij-hierher-kommt-quotbreche-ich-ihm.jpg","datePublished":"2025-10-20T17:56:51+00:00","breadcrumb":{"@id":"https:\/\/now-news.de\/de\/deutschland\/rumaenische-eu-abgeordnete-droht-wenn-selenskij-hierher-kommt-breche-ich-ihm-die-beine\/#breadcrumb"},"inLanguage":"de","potentialAction":[{"@type":"ReadAction","target":["https:\/\/now-news.de\/de\/deutschland\/rumaenische-eu-abgeordnete-droht-wenn-selenskij-hierher-kommt-breche-ich-ihm-die-beine\/"]}]},{"@type":"ImageObject","inLanguage":"de","@id":"https:\/\/now-news.de\/de\/deutschland\/rumaenische-eu-abgeordnete-droht-wenn-selenskij-hierher-kommt-breche-ich-ihm-die-beine\/#primaryimage","url":"https:\/\/now-news.de\/de\/wp-content\/uploads\/sites\/3\/2025\/10\/Rumaenische-EU-Abgeordnete-droht-Wenn-Selenskij-hierher-kommt-quotbreche-ich-ihm.jpg","contentUrl":"https:\/\/now-news.de\/de\/wp-content\/uploads\/sites\/3\/2025\/10\/Rumaenische-EU-Abgeordnete-droht-Wenn-Selenskij-hierher-kommt-quotbreche-ich-ihm.jpg","width":460,"height":259,"caption":"Rum\u00e4nische EU-Abgeordnete droht: Wenn Selenskij hierher kommt, &quot;breche ich ihm die Beine!&quot;"},{"@type":"BreadcrumbList","@id":"https:\/\/now-news.de\/de\/deutschland\/rumaenische-eu-abgeordnete-droht-wenn-selenskij-hierher-kommt-breche-ich-ihm-die-beine\/#breadcrumb","itemListElement":[{"@type":"ListItem","position":1,"name":"Home","item":"https:\/\/now-news.de\/de\/"},{"@type":"ListItem","position":2,"name":"Rum\u00e4nische EU-Abgeordnete droht: Wenn Selenskij hierher kommt, &quot;breche ich ihm die Beine!&quot;"}]},{"@type":"WebSite","@id":"https:\/\/now-news.de\/de\/#website","url":"https:\/\/now-news.de\/de\/","name":"just-now.NEWS Deutschland","description":"Das Portal f\u00fcr unzensierte Nachrichten aus der Welt","publisher":{"@id":"https:\/\/now-news.de\/de\/#organization"},"potentialAction":[{"@type":"SearchAction","target":{"@type":"EntryPoint","urlTemplate":"https:\/\/now-news.de\/de\/?s={search_term_string}"},"query-input":{"@type":"PropertyValueSpecification","valueRequired":true,"valueName":"search_term_string"}}],"inLanguage":"de"},{"@type":"Organization","@id":"https:\/\/now-news.de\/de\/#organization","name":"Just Now News","url":"https:\/\/now-news.de\/de\/","logo":{"@type":"ImageObject","inLanguage":"de","@id":"https:\/\/now-news.de\/de\/#\/schema\/logo\/image\/","url":"http:\/\/just-now.news\/de\/wp-content\/uploads\/sites\/3\/2022\/04\/logo500x500.jpg","contentUrl":"http:\/\/just-now.news\/de\/wp-content\/uploads\/sites\/3\/2022\/04\/logo500x500.jpg","width":500,"height":500,"caption":"Just Now News"},"image":{"@id":"https:\/\/now-news.de\/de\/#\/schema\/logo\/image\/"},"sameAs":["https:\/\/www.facebook.com\/wirmachenauf","https:\/\/x.com\/WirMachenAuf_de"]},{"@type":"Person","@id":"https:\/\/now-news.de\/de\/#\/schema\/person\/fb534a4e865501d8b3285208df34a9b5","name":"rtnews","image":{"@type":"ImageObject","inLanguage":"de","@id":"https:\/\/secure.gravatar.com\/avatar\/358fe31b3ab5769fea05376e1953329834cd9912cf9daf607e2af3076a1b982b?s=96&d=mm&r=g","url":"https:\/\/secure.gravatar.com\/avatar\/358fe31b3ab5769fea05376e1953329834cd9912cf9daf607e2af3076a1b982b?s=96&d=mm&r=g","contentUrl":"https:\/\/secure.gravatar.com\/avatar\/358fe31b3ab5769fea05376e1953329834cd9912cf9daf607e2af3076a1b982b?s=96&d=mm&r=g","caption":"rtnews"},"url":"https:\/\/now-news.de\/de\/author\/rnews\/"}]}},"_links":{"self":[{"href":"https:\/\/now-news.de\/de\/wp-json\/wp\/v2\/posts\/92537","targetHints":{"allow":["GET"]}}],"collection":[{"href":"https:\/\/now-news.de\/de\/wp-json\/wp\/v2\/posts"}],"about":[{"href":"https:\/\/now-news.de\/de\/wp-json\/wp\/v2\/types\/post"}],"author":[{"embeddable":true,"href":"https:\/\/now-news.de\/de\/wp-json\/wp\/v2\/users\/3"}],"replies":[{"embeddable":true,"href":"https:\/\/now-news.de\/de\/wp-json\/wp\/v2\/comments?post=92537"}],"version-history":[{"count":0,"href":"https:\/\/now-news.de\/de\/wp-json\/wp\/v2\/posts\/92537\/revisions"}],"wp:featuredmedia":[{"embeddable":true,"href":"https:\/\/now-news.de\/de\/wp-json\/wp\/v2\/media\/92538"}],"wp:attachment":[{"href":"https:\/\/now-news.de\/de\/wp-json\/wp\/v2\/media?parent=92537"}],"wp:term":[{"taxonomy":"category","embeddable":true,"href":"https:\/\/now-news.de\/de\/wp-json\/wp\/v2\/categories?post=92537"},{"taxonomy":"post_tag","embeddable":true,"href":"https:\/\/now-news.de\/de\/wp-json\/wp\/v2\/tags?post=92537"}],"curies":[{"name":"wp","href":"https:\/\/api.w.org\/{rel}","templated":true}]}}