{"id":92512,"date":"2025-10-20T13:08:17","date_gmt":"2025-10-20T11:08:17","guid":{"rendered":"https:\/\/now-news.de\/de\/deutschland\/merz-nach-klausur-cdu-lehnt-zusammenarbeit-mit-der-afd-weiter-ab\/"},"modified":"2025-10-20T13:08:17","modified_gmt":"2025-10-20T11:08:17","slug":"merz-nach-klausur-cdu-lehnt-zusammenarbeit-mit-der-afd-weiter-ab","status":"publish","type":"post","link":"https:\/\/now-news.de\/de\/deutschland\/merz-nach-klausur-cdu-lehnt-zusammenarbeit-mit-der-afd-weiter-ab\/","title":{"rendered":"Merz nach Klausur: CDU lehnt Zusammenarbeit mit der AfD weiter ab"},"content":{"rendered":"<p><img decoding=\"async\" src=\"https:\/\/now-news.de\/de\/wp-content\/uploads\/sites\/3\/2025\/10\/68f5fa2b48fbef121b4b66e2.JPG\" \/><\/p>\n<div class=\"Text-root Text-type_1 \">\n                Der Bundeskanzler stellte sich nach der zweit\u00e4gigen Klausur der CDU den Fragen der Hauptstadtjournalisten. Zum Thema &#8220;Brandmauer&#8221; erkl\u00e4rte der Unionschef, dass seine Partei, wie die Koalition, an der Strategie festhalte. In Sachen genauere Darlegungen zum kommenden Umgang hinsichtlich der Erfolge der AfD blieben die Aussagen inhaltsleer.\n            <\/div>\n<p><\/p>\n<div class=\"Text-root Text-type_5 ArticleView-text ViewText-root \">\n<p>Bundeskanzler Friedrich Merz schilderte in Berlin seine Zusammenfassung zur j\u00fcngsten Klausurtagung vom Wochenende.\u00a0Am Sonntag beriet das CDU-Pr\u00e4sidium die interne Strategie, wie die Partei mit der unmittelbaren Konkurrenz und Erfolgen der AfD umgehen will.\u00a0Merz erkl\u00e4rte in Anwesenheit von\u00a0CDU-Generalsekret\u00e4r Carsten Linnemann, dass die vermeintlich &#8220;ausgestreckte Hand&#8221; der CDU in Richtung AfD &#8220;in Wahrheit eine Hand ist, die uns vernichten will.&#8221; Daher sei f\u00fcr die Partei nach der Klausur unmissverst\u00e4ndlich beschlossen, dass diese an der &#8220;Brandmauer&#8221;-Strategie festhalten werde.\u00a0Auf die Frage eines Journalisten zu den Inhalten der kommenden Strategie der CDU erfolgte eine bedingt erkenntnisreiche Aussage des Kanzlers.<\/p>\n<p>Vor dem Hintergrund der sich\u00a0kontinuierlich manifestierenden Umfrageerfolge der Alternative f\u00fcr Deutschland (AfD), dies landesweit auch in den westlichen Bundesl\u00e4ndern, sah sich die CDU-Spitze notgedrungen veranlasst, am vergangenen Wochenende eine zweit\u00e4gige Klausurtagung einzuberufen.\u00a0Im n\u00e4chsten Jahr finden in Deutschland f\u00fcnf Landtagswahlen statt. Die CDU sieht sich daher konfrontiert mit m\u00f6glichen Erfolgen in\u00a0Sachsen-Anhalt und Mecklenburg-Vorpommern sowie auch in Baden-W\u00fcrttemberg.\u00a0Dem\u00a0aktuellen Sonntagstrend zufolge, wurde mit 27 Prozent, zwei Punkte vor Union, der h\u00f6chste AfD-Wert in einer INSA-Umfrage ermittelt.<\/p>\n<p>Bei\u00a0der heutigen Pressekonferenz in der Hauptstadt erkl\u00e4rte der Bundeskanzler einleitend, dass die AfD\u00a0ein &#8220;anderes Land&#8221; und die CDU &#8220;zerst\u00f6ren&#8221; wolle, dies ausgehend von den Ergebnissen &#8220;intensiver Beratungen&#8221; am Wochenende.\u00a0 Der aktuelle Hauptgegner\u00a0seien nicht die Gr\u00fcnen, sondern die AfD.\u00a0Merz erkl\u00e4rte weiter, die Union habe die Gr\u00fcnen &#8220;erfolgreich bek\u00e4mpft&#8221;, nachdem man sie zum Hauptgegner erkl\u00e4rt habe. Das Gleiche k\u00f6nne nun auch mit der AfD umgesetzt werden, daher sollte deren Parteispitze seine Ansage &#8220;ernst nehmen&#8221;. Weiter wurde ausgef\u00fchrt:<\/p>\n<p><em>&#8220;Es gibt mit dieser Partei keine Gemeinsamkeiten.\u00a0Es gibt eine vollkommen einvernehmliche Zustimmung des CDU-Pr\u00e4sidiums dar\u00fcber, dass sich CDU und AfD nicht nur in Details unterscheiden, sondern grundlegend.&#8221;<\/em><\/p>\n<p>Merz unterstellte der AfD weiter, dass die Partei nicht nur die Politik der letzten zehn Jahre infrage stelle, sondern &#8220;gegen alles steht, was die Bundesrepublik Deutschland in den letzten acht Jahrzehnten gro\u00df und stark gemacht hat.&#8221; Weder er noch Generalsekret\u00e4r Carsten Linnemann w\u00fcrden, nach entsprechenden Fragen seitens anwesender Journalisten, den Begriff &#8220;Brandmauer&#8221; in der Diskussion oder Reden nutzen. &#8220;Das ist nicht unser Sprachgebrauch&#8221;, so Merz w\u00f6rtlich. Ein weiteres Zitat lautet:<\/p>\n<p><em>&#8220;Wenn wir gemeinsam erfolgreich regieren, dann wird es keine sogenannte Alternative f\u00fcr Deutschland brauchen, und deswegen setzen wir dieser Miesmacher-Rhetorik der AfD ein anderes Bild entgegen.&#8221;<\/em><\/p>\n<p>Dies ausgehend von der Wahrnehmung im Kanzleramt, dass es\u00a0erste Anzeichen gebe, &#8220;dass die Wirtschaft wieder anspringt, aber das ist noch nicht genug.&#8221; CDU-Generalsekret\u00e4r Linnemann erg\u00e4nzte mit der\u00a0subjektiven Erkenntnis:<\/p>\n<p><em>&#8220;Die AfD lebt von Problemen, sie lebt von Problemen und nicht von L\u00f6sungen.&#8221;<\/em><\/p>\n<div class=\"EmbedBlock-root EmbedBlock-twitter\">\n<div class=\"TwitterEmbed\">\n<blockquote class=\"twitter-tweet lazyload\" data-twitter=\"twitter-tweet\">\n<p lang=\"de\" dir=\"ltr\">Zwischen der CDU und der AfD gibt es keine Schnittmengen. Uns trennen Werte, \u00dcberzeugungen und das Menschenbild. Wir stehen f\u00fcr Freiheit, Recht und Verantwortung \u2013 sie f\u00fcr Spaltung und Hass. <a rel=\"nofollow noopener\" target=\"_blank\" href=\"https:\/\/t.co\/iRUUlVtYuQ\">pic.twitter.com\/iRUUlVtYuQ<\/a><\/p>\n<p>\u2014 Friedrich Merz (@_FriedrichMerz) <a rel=\"nofollow noopener\" target=\"_blank\" href=\"https:\/\/twitter.com\/_FriedrichMerz\/status\/1980205794252792042?ref_src=twsrc%5Etfw\">October 20, 2025<\/a><\/p><\/blockquote>\n<\/div>\n<\/div>\n<p>Laut dem Bundeskanzler habe die Gro\u00dfe Koalition &#8220;nat\u00fcrlich auch Fehler gemacht in den letzten sechs Monaten.&#8221; Er\u00a0lege aber darauf Wert: &#8220;Wir sind nicht zerstritten&#8221;, es gebe mit dem Koalitionspartner deswegen ja auch &#8220;Diskussionen im Detail&#8221;.\u00a0<\/p>\n<p>Von einem Journalisten darauf angesprochen, wie es nun &#8220;werden soll, mit dem neuen Umgang mit der AfD&#8221;, dem angek\u00fcndigten &#8220;F\u00fchrungsanspruch&#8221; und dem beabsichtigten &#8220;Abgrenzen, Probleme l\u00f6sen&#8221; sowie dem weiterhin geltenden &#8220;Unvereinbarkeitsbeschluss&#8221;, gab der Kanzler w\u00f6rtlich zu Protokoll:<\/p>\n<p><em>&#8220;Gar nichts. Wir m\u00fcssen auch nicht in jeder Pr\u00e4sidiumssitzung etwas Neues entscheiden.&#8221;<\/em><\/p>\n<p>Der Parteispitze sei es lediglich darum gegangen, &#8220;zu best\u00e4tigen, was unsere Haltung ist.&#8221;<\/p>\n<p><strong>Mehr zum Thema &#8211; <\/strong><a rel=\"nofollow noopener\" target=\"_blank\" href=\"https:\/\/freedert.online\/meinung\/259028-nazi-narrative-merz-verbreitet-im\/\">Nazi-Narrative: Merz verbreitet im Reichstag die Propaganda des BND<\/a><\/p>\n<div class=\"EmbedBlock-root EmbedBlock-externalVideo EmbedBlock-rumble\">\n<div class=\"VkEmbed\"><iframe class=\"lazyload\" data-src=\"https:\/\/rumble.com\/embed\/v6y6xho\" frameborder=\"0\" width=\"853\" height=\"480\" allowfullscreen><\/iframe><\/div>\n<\/div>\n<\/div>\n<p><script async src=\"https:\/\/platform.twitter.com\/widgets.js\" charset=\"utf-8\"><\/script><br \/>\n<br \/><br \/>\n<br \/><a href=\"https:\/\/de.rt.com\/inland\/259355-merz-zu-inhalten-angekuendigten-neuerungen\/\">Source link <\/a><\/p>\n","protected":false},"excerpt":{"rendered":"<p>Der Bundeskanzler stellte sich nach der zweit\u00e4gigen Klausur der CDU den Fragen der Hauptstadtjournalisten. Zum Thema &#8220;Brandmauer&#8221; erkl\u00e4rte der Unionschef, dass seine Partei, wie die Koalition, an der Strategie festhalte. In Sachen genauere Darlegungen zum kommenden Umgang hinsichtlich der Erfolge der AfD blieben die Aussagen inhaltsleer. Bundeskanzler Friedrich Merz schilderte in Berlin seine Zusammenfassung zur [&hellip;]<\/p>\n","protected":false},"author":3,"featured_media":92513,"comment_status":"open","ping_status":"open","sticky":false,"template":"","format":"standard","meta":{"_yoast_indexnow_last_ping":["1760960316"],"wp_automatic_camp":["217"],"97cfac06bdaa815686b413ae02117a5e":["Merz nach Klausur: CDU lehnt Zusammenarbeit mit der AfD weiter ab"],"original_link":["https:\/\/de.rt.com\/inland\/259355-merz-zu-inhalten-angekuendigten-neuerungen\/"],"_thumbnail_id":["92513"],"jnews_social_counter_last_update":["1777371142"],"_wptgpro_p2tg_sent2tg":["a:1:{i:23737;s:19:\"2025-10-20 13:39:47\";}"]},"categories":[19,23],"tags":[3815,3795,82,68534,2034,18728,419,979,601,5645],"yoast_head":"<!-- This site is optimized with the Yoast SEO Premium plugin v22.7 (Yoast SEO v22.7) - https:\/\/yoast.com\/wordpress\/plugins\/seo\/ -->\n<title>Merz nach Klausur: CDU lehnt Zusammenarbeit mit der AfD weiter ab - just-now.NEWS Deutschland<\/title>\n<meta name=\"robots\" content=\"index, follow, max-snippet:-1, max-image-preview:large, max-video-preview:-1\" \/>\n<link rel=\"canonical\" href=\"https:\/\/now-news.de\/de\/deutschland\/merz-nach-klausur-cdu-lehnt-zusammenarbeit-mit-der-afd-weiter-ab\/\" \/>\n<meta property=\"og:locale\" content=\"de_DE\" \/>\n<meta property=\"og:type\" content=\"article\" \/>\n<meta property=\"og:title\" content=\"Merz nach Klausur: CDU lehnt Zusammenarbeit mit der AfD weiter ab\" \/>\n<meta property=\"og:description\" content=\"Der Bundeskanzler stellte sich nach der zweit\u00e4gigen Klausur der CDU den Fragen der Hauptstadtjournalisten. Zum Thema &#8220;Brandmauer&#8221; erkl\u00e4rte der Unionschef, dass seine Partei, wie die Koalition, an der Strategie festhalte. In Sachen genauere Darlegungen zum kommenden Umgang hinsichtlich der Erfolge der AfD blieben die Aussagen inhaltsleer. Bundeskanzler Friedrich Merz schilderte in Berlin seine Zusammenfassung zur [&hellip;]\" \/>\n<meta property=\"og:url\" content=\"https:\/\/now-news.de\/de\/deutschland\/merz-nach-klausur-cdu-lehnt-zusammenarbeit-mit-der-afd-weiter-ab\/\" \/>\n<meta property=\"og:site_name\" content=\"just-now.NEWS Deutschland\" \/>\n<meta property=\"article:publisher\" content=\"https:\/\/www.facebook.com\/wirmachenauf\" \/>\n<meta property=\"article:published_time\" content=\"2025-10-20T11:08:17+00:00\" \/>\n<meta property=\"og:image\" content=\"https:\/\/now-news.de\/de\/wp-content\/uploads\/sites\/3\/2025\/10\/68f5fa2b48fbef121b4b66e2.JPG\" \/>\n<meta name=\"author\" content=\"rtnews\" \/>\n<meta name=\"twitter:card\" content=\"summary_large_image\" \/>\n<meta name=\"twitter:creator\" content=\"@WirMachenAuf_de\" \/>\n<meta name=\"twitter:site\" content=\"@WirMachenAuf_de\" \/>\n<meta name=\"twitter:label1\" content=\"Verfasst von\" \/>\n\t<meta name=\"twitter:data1\" content=\"rtnews\" \/>\n\t<meta name=\"twitter:label2\" content=\"Gesch\u00e4tzte Lesezeit\" \/>\n\t<meta name=\"twitter:data2\" content=\"3\u00a0Minuten\" \/>\n<script type=\"application\/ld+json\" class=\"yoast-schema-graph\">{\"@context\":\"https:\/\/schema.org\",\"@graph\":[{\"@type\":\"Article\",\"@id\":\"https:\/\/now-news.de\/de\/deutschland\/merz-nach-klausur-cdu-lehnt-zusammenarbeit-mit-der-afd-weiter-ab\/#article\",\"isPartOf\":{\"@id\":\"https:\/\/now-news.de\/de\/deutschland\/merz-nach-klausur-cdu-lehnt-zusammenarbeit-mit-der-afd-weiter-ab\/\"},\"author\":{\"name\":\"rtnews\",\"@id\":\"https:\/\/now-news.de\/de\/#\/schema\/person\/fb534a4e865501d8b3285208df34a9b5\"},\"headline\":\"Merz nach Klausur: CDU lehnt Zusammenarbeit mit der AfD weiter ab\",\"datePublished\":\"2025-10-20T11:08:17+00:00\",\"dateModified\":\"2025-10-20T11:08:17+00:00\",\"mainEntityOfPage\":{\"@id\":\"https:\/\/now-news.de\/de\/deutschland\/merz-nach-klausur-cdu-lehnt-zusammenarbeit-mit-der-afd-weiter-ab\/\"},\"wordCount\":675,\"commentCount\":0,\"publisher\":{\"@id\":\"https:\/\/now-news.de\/de\/#organization\"},\"image\":{\"@id\":\"https:\/\/now-news.de\/de\/deutschland\/merz-nach-klausur-cdu-lehnt-zusammenarbeit-mit-der-afd-weiter-ab\/#primaryimage\"},\"thumbnailUrl\":\"https:\/\/now-news.de\/de\/wp-content\/uploads\/sites\/3\/2025\/10\/Merz-nach-Klausur-CDU-lehnt-Zusammenarbeit-mit-der-AfD-weiter.JPG\",\"keywords\":[\"AfD\",\"CDU\",\"der\",\"Klausur\",\"lehnt\",\"Merz\",\"mit\",\"nach\",\"weiter\",\"Zusammenarbeit\"],\"articleSection\":[\"Deutschland\",\"Russland\"],\"inLanguage\":\"de\",\"potentialAction\":[{\"@type\":\"CommentAction\",\"name\":\"Comment\",\"target\":[\"https:\/\/now-news.de\/de\/deutschland\/merz-nach-klausur-cdu-lehnt-zusammenarbeit-mit-der-afd-weiter-ab\/#respond\"]}]},{\"@type\":\"WebPage\",\"@id\":\"https:\/\/now-news.de\/de\/deutschland\/merz-nach-klausur-cdu-lehnt-zusammenarbeit-mit-der-afd-weiter-ab\/\",\"url\":\"https:\/\/now-news.de\/de\/deutschland\/merz-nach-klausur-cdu-lehnt-zusammenarbeit-mit-der-afd-weiter-ab\/\",\"name\":\"Merz nach Klausur: CDU lehnt Zusammenarbeit mit der AfD weiter ab - just-now.NEWS Deutschland\",\"isPartOf\":{\"@id\":\"https:\/\/now-news.de\/de\/#website\"},\"primaryImageOfPage\":{\"@id\":\"https:\/\/now-news.de\/de\/deutschland\/merz-nach-klausur-cdu-lehnt-zusammenarbeit-mit-der-afd-weiter-ab\/#primaryimage\"},\"image\":{\"@id\":\"https:\/\/now-news.de\/de\/deutschland\/merz-nach-klausur-cdu-lehnt-zusammenarbeit-mit-der-afd-weiter-ab\/#primaryimage\"},\"thumbnailUrl\":\"https:\/\/now-news.de\/de\/wp-content\/uploads\/sites\/3\/2025\/10\/Merz-nach-Klausur-CDU-lehnt-Zusammenarbeit-mit-der-AfD-weiter.JPG\",\"datePublished\":\"2025-10-20T11:08:17+00:00\",\"dateModified\":\"2025-10-20T11:08:17+00:00\",\"breadcrumb\":{\"@id\":\"https:\/\/now-news.de\/de\/deutschland\/merz-nach-klausur-cdu-lehnt-zusammenarbeit-mit-der-afd-weiter-ab\/#breadcrumb\"},\"inLanguage\":\"de\",\"potentialAction\":[{\"@type\":\"ReadAction\",\"target\":[\"https:\/\/now-news.de\/de\/deutschland\/merz-nach-klausur-cdu-lehnt-zusammenarbeit-mit-der-afd-weiter-ab\/\"]}]},{\"@type\":\"ImageObject\",\"inLanguage\":\"de\",\"@id\":\"https:\/\/now-news.de\/de\/deutschland\/merz-nach-klausur-cdu-lehnt-zusammenarbeit-mit-der-afd-weiter-ab\/#primaryimage\",\"url\":\"https:\/\/now-news.de\/de\/wp-content\/uploads\/sites\/3\/2025\/10\/Merz-nach-Klausur-CDU-lehnt-Zusammenarbeit-mit-der-AfD-weiter.JPG\",\"contentUrl\":\"https:\/\/now-news.de\/de\/wp-content\/uploads\/sites\/3\/2025\/10\/Merz-nach-Klausur-CDU-lehnt-Zusammenarbeit-mit-der-AfD-weiter.JPG\",\"width\":460,\"height\":259,\"caption\":\"Merz nach Klausur: CDU lehnt Zusammenarbeit mit der AfD weiter ab\"},{\"@type\":\"BreadcrumbList\",\"@id\":\"https:\/\/now-news.de\/de\/deutschland\/merz-nach-klausur-cdu-lehnt-zusammenarbeit-mit-der-afd-weiter-ab\/#breadcrumb\",\"itemListElement\":[{\"@type\":\"ListItem\",\"position\":1,\"name\":\"Home\",\"item\":\"https:\/\/now-news.de\/de\/\"},{\"@type\":\"ListItem\",\"position\":2,\"name\":\"Merz nach Klausur: CDU lehnt Zusammenarbeit mit der AfD weiter ab\"}]},{\"@type\":\"WebSite\",\"@id\":\"https:\/\/now-news.de\/de\/#website\",\"url\":\"https:\/\/now-news.de\/de\/\",\"name\":\"just-now.NEWS Deutschland\",\"description\":\"Das Portal f\u00fcr unzensierte Nachrichten aus der Welt\",\"publisher\":{\"@id\":\"https:\/\/now-news.de\/de\/#organization\"},\"potentialAction\":[{\"@type\":\"SearchAction\",\"target\":{\"@type\":\"EntryPoint\",\"urlTemplate\":\"https:\/\/now-news.de\/de\/?s={search_term_string}\"},\"query-input\":\"required name=search_term_string\"}],\"inLanguage\":\"de\"},{\"@type\":\"Organization\",\"@id\":\"https:\/\/now-news.de\/de\/#organization\",\"name\":\"Just Now News\",\"url\":\"https:\/\/now-news.de\/de\/\",\"logo\":{\"@type\":\"ImageObject\",\"inLanguage\":\"de\",\"@id\":\"https:\/\/now-news.de\/de\/#\/schema\/logo\/image\/\",\"url\":\"http:\/\/just-now.news\/de\/wp-content\/uploads\/sites\/3\/2022\/04\/logo500x500.jpg\",\"contentUrl\":\"http:\/\/just-now.news\/de\/wp-content\/uploads\/sites\/3\/2022\/04\/logo500x500.jpg\",\"width\":500,\"height\":500,\"caption\":\"Just Now News\"},\"image\":{\"@id\":\"https:\/\/now-news.de\/de\/#\/schema\/logo\/image\/\"},\"sameAs\":[\"https:\/\/www.facebook.com\/wirmachenauf\",\"https:\/\/x.com\/WirMachenAuf_de\"]},{\"@type\":\"Person\",\"@id\":\"https:\/\/now-news.de\/de\/#\/schema\/person\/fb534a4e865501d8b3285208df34a9b5\",\"name\":\"rtnews\",\"image\":{\"@type\":\"ImageObject\",\"inLanguage\":\"de\",\"@id\":\"https:\/\/now-news.de\/de\/#\/schema\/person\/image\/\",\"url\":\"https:\/\/secure.gravatar.com\/avatar\/82aafea7d8127119dd649515f56e2117?s=96&d=mm&r=g\",\"contentUrl\":\"https:\/\/secure.gravatar.com\/avatar\/82aafea7d8127119dd649515f56e2117?s=96&d=mm&r=g\",\"caption\":\"rtnews\"},\"url\":\"https:\/\/now-news.de\/de\/author\/rnews\/\"}]}<\/script>\n<!-- \/ Yoast SEO Premium plugin. -->","yoast_head_json":{"title":"Merz nach Klausur: CDU lehnt Zusammenarbeit mit der AfD weiter ab - just-now.NEWS Deutschland","robots":{"index":"index","follow":"follow","max-snippet":"max-snippet:-1","max-image-preview":"max-image-preview:large","max-video-preview":"max-video-preview:-1"},"canonical":"https:\/\/now-news.de\/de\/deutschland\/merz-nach-klausur-cdu-lehnt-zusammenarbeit-mit-der-afd-weiter-ab\/","og_locale":"de_DE","og_type":"article","og_title":"Merz nach Klausur: CDU lehnt Zusammenarbeit mit der AfD weiter ab","og_description":"Der Bundeskanzler stellte sich nach der zweit\u00e4gigen Klausur der CDU den Fragen der Hauptstadtjournalisten. Zum Thema &#8220;Brandmauer&#8221; erkl\u00e4rte der Unionschef, dass seine Partei, wie die Koalition, an der Strategie festhalte. In Sachen genauere Darlegungen zum kommenden Umgang hinsichtlich der Erfolge der AfD blieben die Aussagen inhaltsleer. Bundeskanzler Friedrich Merz schilderte in Berlin seine Zusammenfassung zur [&hellip;]","og_url":"https:\/\/now-news.de\/de\/deutschland\/merz-nach-klausur-cdu-lehnt-zusammenarbeit-mit-der-afd-weiter-ab\/","og_site_name":"just-now.NEWS Deutschland","article_publisher":"https:\/\/www.facebook.com\/wirmachenauf","article_published_time":"2025-10-20T11:08:17+00:00","og_image":[{"url":"https:\/\/now-news.de\/de\/wp-content\/uploads\/sites\/3\/2025\/10\/68f5fa2b48fbef121b4b66e2.JPG"}],"author":"rtnews","twitter_card":"summary_large_image","twitter_creator":"@WirMachenAuf_de","twitter_site":"@WirMachenAuf_de","twitter_misc":{"Verfasst von":"rtnews","Gesch\u00e4tzte Lesezeit":"3\u00a0Minuten"},"schema":{"@context":"https:\/\/schema.org","@graph":[{"@type":"Article","@id":"https:\/\/now-news.de\/de\/deutschland\/merz-nach-klausur-cdu-lehnt-zusammenarbeit-mit-der-afd-weiter-ab\/#article","isPartOf":{"@id":"https:\/\/now-news.de\/de\/deutschland\/merz-nach-klausur-cdu-lehnt-zusammenarbeit-mit-der-afd-weiter-ab\/"},"author":{"name":"rtnews","@id":"https:\/\/now-news.de\/de\/#\/schema\/person\/fb534a4e865501d8b3285208df34a9b5"},"headline":"Merz nach Klausur: CDU lehnt Zusammenarbeit mit der AfD weiter ab","datePublished":"2025-10-20T11:08:17+00:00","dateModified":"2025-10-20T11:08:17+00:00","mainEntityOfPage":{"@id":"https:\/\/now-news.de\/de\/deutschland\/merz-nach-klausur-cdu-lehnt-zusammenarbeit-mit-der-afd-weiter-ab\/"},"wordCount":675,"commentCount":0,"publisher":{"@id":"https:\/\/now-news.de\/de\/#organization"},"image":{"@id":"https:\/\/now-news.de\/de\/deutschland\/merz-nach-klausur-cdu-lehnt-zusammenarbeit-mit-der-afd-weiter-ab\/#primaryimage"},"thumbnailUrl":"https:\/\/now-news.de\/de\/wp-content\/uploads\/sites\/3\/2025\/10\/Merz-nach-Klausur-CDU-lehnt-Zusammenarbeit-mit-der-AfD-weiter.JPG","keywords":["AfD","CDU","der","Klausur","lehnt","Merz","mit","nach","weiter","Zusammenarbeit"],"articleSection":["Deutschland","Russland"],"inLanguage":"de","potentialAction":[{"@type":"CommentAction","name":"Comment","target":["https:\/\/now-news.de\/de\/deutschland\/merz-nach-klausur-cdu-lehnt-zusammenarbeit-mit-der-afd-weiter-ab\/#respond"]}]},{"@type":"WebPage","@id":"https:\/\/now-news.de\/de\/deutschland\/merz-nach-klausur-cdu-lehnt-zusammenarbeit-mit-der-afd-weiter-ab\/","url":"https:\/\/now-news.de\/de\/deutschland\/merz-nach-klausur-cdu-lehnt-zusammenarbeit-mit-der-afd-weiter-ab\/","name":"Merz nach Klausur: CDU lehnt Zusammenarbeit mit der AfD weiter ab - just-now.NEWS Deutschland","isPartOf":{"@id":"https:\/\/now-news.de\/de\/#website"},"primaryImageOfPage":{"@id":"https:\/\/now-news.de\/de\/deutschland\/merz-nach-klausur-cdu-lehnt-zusammenarbeit-mit-der-afd-weiter-ab\/#primaryimage"},"image":{"@id":"https:\/\/now-news.de\/de\/deutschland\/merz-nach-klausur-cdu-lehnt-zusammenarbeit-mit-der-afd-weiter-ab\/#primaryimage"},"thumbnailUrl":"https:\/\/now-news.de\/de\/wp-content\/uploads\/sites\/3\/2025\/10\/Merz-nach-Klausur-CDU-lehnt-Zusammenarbeit-mit-der-AfD-weiter.JPG","datePublished":"2025-10-20T11:08:17+00:00","dateModified":"2025-10-20T11:08:17+00:00","breadcrumb":{"@id":"https:\/\/now-news.de\/de\/deutschland\/merz-nach-klausur-cdu-lehnt-zusammenarbeit-mit-der-afd-weiter-ab\/#breadcrumb"},"inLanguage":"de","potentialAction":[{"@type":"ReadAction","target":["https:\/\/now-news.de\/de\/deutschland\/merz-nach-klausur-cdu-lehnt-zusammenarbeit-mit-der-afd-weiter-ab\/"]}]},{"@type":"ImageObject","inLanguage":"de","@id":"https:\/\/now-news.de\/de\/deutschland\/merz-nach-klausur-cdu-lehnt-zusammenarbeit-mit-der-afd-weiter-ab\/#primaryimage","url":"https:\/\/now-news.de\/de\/wp-content\/uploads\/sites\/3\/2025\/10\/Merz-nach-Klausur-CDU-lehnt-Zusammenarbeit-mit-der-AfD-weiter.JPG","contentUrl":"https:\/\/now-news.de\/de\/wp-content\/uploads\/sites\/3\/2025\/10\/Merz-nach-Klausur-CDU-lehnt-Zusammenarbeit-mit-der-AfD-weiter.JPG","width":460,"height":259,"caption":"Merz nach Klausur: CDU lehnt Zusammenarbeit mit der AfD weiter ab"},{"@type":"BreadcrumbList","@id":"https:\/\/now-news.de\/de\/deutschland\/merz-nach-klausur-cdu-lehnt-zusammenarbeit-mit-der-afd-weiter-ab\/#breadcrumb","itemListElement":[{"@type":"ListItem","position":1,"name":"Home","item":"https:\/\/now-news.de\/de\/"},{"@type":"ListItem","position":2,"name":"Merz nach Klausur: CDU lehnt Zusammenarbeit mit der AfD weiter ab"}]},{"@type":"WebSite","@id":"https:\/\/now-news.de\/de\/#website","url":"https:\/\/now-news.de\/de\/","name":"just-now.NEWS Deutschland","description":"Das Portal f\u00fcr unzensierte Nachrichten aus der Welt","publisher":{"@id":"https:\/\/now-news.de\/de\/#organization"},"potentialAction":[{"@type":"SearchAction","target":{"@type":"EntryPoint","urlTemplate":"https:\/\/now-news.de\/de\/?s={search_term_string}"},"query-input":"required name=search_term_string"}],"inLanguage":"de"},{"@type":"Organization","@id":"https:\/\/now-news.de\/de\/#organization","name":"Just Now News","url":"https:\/\/now-news.de\/de\/","logo":{"@type":"ImageObject","inLanguage":"de","@id":"https:\/\/now-news.de\/de\/#\/schema\/logo\/image\/","url":"http:\/\/just-now.news\/de\/wp-content\/uploads\/sites\/3\/2022\/04\/logo500x500.jpg","contentUrl":"http:\/\/just-now.news\/de\/wp-content\/uploads\/sites\/3\/2022\/04\/logo500x500.jpg","width":500,"height":500,"caption":"Just Now News"},"image":{"@id":"https:\/\/now-news.de\/de\/#\/schema\/logo\/image\/"},"sameAs":["https:\/\/www.facebook.com\/wirmachenauf","https:\/\/x.com\/WirMachenAuf_de"]},{"@type":"Person","@id":"https:\/\/now-news.de\/de\/#\/schema\/person\/fb534a4e865501d8b3285208df34a9b5","name":"rtnews","image":{"@type":"ImageObject","inLanguage":"de","@id":"https:\/\/now-news.de\/de\/#\/schema\/person\/image\/","url":"https:\/\/secure.gravatar.com\/avatar\/82aafea7d8127119dd649515f56e2117?s=96&d=mm&r=g","contentUrl":"https:\/\/secure.gravatar.com\/avatar\/82aafea7d8127119dd649515f56e2117?s=96&d=mm&r=g","caption":"rtnews"},"url":"https:\/\/now-news.de\/de\/author\/rnews\/"}]}},"_links":{"self":[{"href":"https:\/\/now-news.de\/de\/wp-json\/wp\/v2\/posts\/92512"}],"collection":[{"href":"https:\/\/now-news.de\/de\/wp-json\/wp\/v2\/posts"}],"about":[{"href":"https:\/\/now-news.de\/de\/wp-json\/wp\/v2\/types\/post"}],"author":[{"embeddable":true,"href":"https:\/\/now-news.de\/de\/wp-json\/wp\/v2\/users\/3"}],"replies":[{"embeddable":true,"href":"https:\/\/now-news.de\/de\/wp-json\/wp\/v2\/comments?post=92512"}],"version-history":[{"count":0,"href":"https:\/\/now-news.de\/de\/wp-json\/wp\/v2\/posts\/92512\/revisions"}],"wp:featuredmedia":[{"embeddable":true,"href":"https:\/\/now-news.de\/de\/wp-json\/wp\/v2\/media\/92513"}],"wp:attachment":[{"href":"https:\/\/now-news.de\/de\/wp-json\/wp\/v2\/media?parent=92512"}],"wp:term":[{"taxonomy":"category","embeddable":true,"href":"https:\/\/now-news.de\/de\/wp-json\/wp\/v2\/categories?post=92512"},{"taxonomy":"post_tag","embeddable":true,"href":"https:\/\/now-news.de\/de\/wp-json\/wp\/v2\/tags?post=92512"}],"curies":[{"name":"wp","href":"https:\/\/api.w.org\/{rel}","templated":true}]}}