{"id":92452,"date":"2025-10-19T09:15:46","date_gmt":"2025-10-19T07:15:46","guid":{"rendered":"https:\/\/now-news.de\/de\/deutschland\/katar-afghanistan-und-pakistan-einigen-sich-auf-erneute-waffenruhe\/"},"modified":"2025-10-19T09:15:46","modified_gmt":"2025-10-19T07:15:46","slug":"katar-afghanistan-und-pakistan-einigen-sich-auf-erneute-waffenruhe","status":"publish","type":"post","link":"https:\/\/now-news.de\/de\/deutschland\/katar-afghanistan-und-pakistan-einigen-sich-auf-erneute-waffenruhe\/","title":{"rendered":"Katar: Afghanistan und Pakistan einigen sich auf erneute Waffenruhe"},"content":{"rendered":"<p><img decoding=\"async\" src=\"https:\/\/now-news.de\/de\/wp-content\/uploads\/sites\/3\/2025\/10\/68f48656b480cc369547ec63.jpg\" \/><\/p>\n<div class=\"Text-root Text-type_1 \">\n                Nach den schwersten K\u00e4mpfen seit dem Jahr 2021 haben Afghanistan und Pakistan unter Vermittlung Katars einen sofortigen Waffenstillstand vereinbart. Davor hatten Gefechte Dutzende Menschenleben gekostet.\n            <\/div>\n<p><\/p>\n<div class=\"Text-root Text-type_5 ArticleView-text ViewText-root \">\n<p>Wie das Au\u00dfenministerium von Katar am fr\u00fchen Sonntag bekannt gab, haben sich Afghanistan und Pakistan w\u00e4hrend der von Doha ausgerichteten Gespr\u00e4che auf einen sofortigen Waffenstillstand geeinigt. Die s\u00fcdasiatischen Nachbarl\u00e4nder hatten den Waffenstillstand zuvor nach einer Woche heftiger Grenzkonflikte verl\u00e4ngert.<\/p>\n<p>Laut dem Au\u00dfenministerium von Katar hatten sich Afghanistan und Pakistan w\u00e4hrend einer von Katar und der T\u00fcrkei vermittelten Verhandlungsrunde am Samstag auf den Waffenstillstand geeinigt. Weiter hie\u00df es, dass sie sich auch darauf verst\u00e4ndigt h\u00e4tten, in den kommenden Tagen Folgetreffen abzuhalten, &#8220;um die Nachhaltigkeit des Waffenstillstands sicherzustellen und seine Umsetzung auf zuverl\u00e4ssige und nachhaltige Weise zu \u00fcberpr\u00fcfen&#8221;.<\/p>\n<p>Zuvor hatten beide Seiten erkl\u00e4rt, dass sie am Samstag in Doha Friedensgespr\u00e4che f\u00fchren w\u00fcrden, um einen Weg nach vorn zu finden. Bei den Zusammenst\u00f6\u00dfen waren Dutzende Menschen get\u00f6tet und Hunderte verletzt worden \u2013 es handelte sich um die schlimmsten Gewalttaten zwischen den beiden L\u00e4ndern seit der Macht\u00fcbernahme der Taliban in Kabul im Jahr 2021.<\/p>\n<p>&#8220;Wie versprochen, finden heute in Doha Verhandlungen mit der pakistanischen Seite statt&#8221;, sagte der Sprecher der afghanischen Regierung, Zabihullah Mudschahid. Er f\u00fcgte hinzu, dass das Team aus Kabul unter der Leitung von Verteidigungsminister Mullah Mohammad Yaqoob in Doha eingetroffen sei.<\/p>\n<p>Das pakistanische Au\u00dfenministerium hatte zuvor mitgeteilt, dass Verteidigungsminister Khawaja Muhammad Asif die Gespr\u00e4che mit Vertretern der afghanischen Taliban leiten werde. &#8220;Im Mittelpunkt der Gespr\u00e4che stehen Sofortma\u00dfnahmen zur Beendigung des von Afghanistan ausgehenden grenz\u00fcberschreitenden Terrorismus gegen Pakistan sowie zur Wiederherstellung von Frieden und Stabilit\u00e4t entlang der pakistanisch-afghanischen Grenze&#8221;, hie\u00df es.<\/p>\n<p>Die Bodenk\u00e4mpfe zwischen den ehemaligen Verb\u00fcndeten sowie die pakistanischen Luftangriffe entlang der 2.600 Kilometer langen, umstrittenen Grenze wurden ausgel\u00f6st, nachdem Islamabad vergeblich Kabul aufgefordert hatte, die Militanten, die an der Grenze gegen Islamabad agieren, zu z\u00fcgeln. Diese hatten zuletzt ihre Angriffe in Pakistan verst\u00e4rkt und operierten mutma\u00dflich von R\u00fcckzugsgebieten in Afghanistan aus.<\/p>\n<p>Die nach pakistanischen Angaben angegriffene Hafiz-Gul-Bahadur-Gruppe ist mit den pakistanischen Tehrik-i-Taliban Pakistan (TTP) verbunden. Der Regierung in Islamabad zufolge war die Gruppe an einem Selbstmordattentat in der nordpakistanischen Grenzregion Nordwasiristan beteiligt, bei dem sieben pakistanische Sicherheitskr\u00e4fte get\u00f6tet worden waren.<\/p>\n<p>Die Taliban bestreiten, militanten K\u00e4mpfern Zuflucht f\u00fcr Angriffe auf Pakistan zu gew\u00e4hren. Seit Jahren f\u00fchren militante K\u00e4mpfer Krieg gegen den pakistanischen Staat, um die Regierung zu st\u00fcrzen und durch ein strenges islamisches Regierungssystem zu ersetzen. Am Freitag wurden bei einem Selbstmordanschlag nahe der Grenze sieben pakistanische Soldaten get\u00f6tet und 13 weitere verletzt.\u00a0<\/p>\n<p><strong>Mehr zum Thema<\/strong>\u00a0\u2013\u00a0<a rel=\"nofollow noopener\" target=\"_blank\" href=\"https:\/\/freedert.online\/asien\/258941-pakistanisches-aussenministerium-gibt-zweitaegigen-waffenstillstand\/\">Pakistanisches Au\u00dfenministerium gibt zweit\u00e4gigen Waffenstillstand mit Afghanistan bekannt<\/a><\/p>\n<div class=\"EmbedBlock-root EmbedBlock-externalVideo EmbedBlock-rumble\">\n<div class=\"VkEmbed\"><iframe class=\"lazyload\" data-src=\"https:\/\/rumble.com\/embed\/v6ss3ej\" frameborder=\"0\" width=\"853\" height=\"480\" allowfullscreen><\/iframe><\/div>\n<\/div>\n<\/div>\n<p><br \/>\n<br \/><a href=\"https:\/\/de.rt.com\/asien\/259281-katar-afghanistan-und-pakistan-einigen\/\">Source link <\/a><\/p>\n","protected":false},"excerpt":{"rendered":"<p>Nach den schwersten K\u00e4mpfen seit dem Jahr 2021 haben Afghanistan und Pakistan unter Vermittlung Katars einen sofortigen Waffenstillstand vereinbart. Davor hatten Gefechte Dutzende Menschenleben gekostet. Wie das Au\u00dfenministerium von Katar am fr\u00fchen Sonntag bekannt gab, haben sich Afghanistan und Pakistan w\u00e4hrend der von Doha ausgerichteten Gespr\u00e4che auf einen sofortigen Waffenstillstand geeinigt. Die s\u00fcdasiatischen Nachbarl\u00e4nder hatten [&hellip;]<\/p>\n","protected":false},"author":3,"featured_media":92453,"comment_status":"open","ping_status":"open","sticky":false,"template":"","format":"standard","meta":{"_yoast_indexnow_last_ping":["1760858389"],"wp_automatic_camp":["217"],"3f832f985c524036deddc11821f7de98":["Katar: Afghanistan und Pakistan einigen sich auf erneute Waffenruhe"],"original_link":["https:\/\/de.rt.com\/asien\/259281-katar-afghanistan-und-pakistan-einigen\/"],"_thumbnail_id":["92453"],"jnews_social_counter_last_update":["1777107280"],"_wptgpro_p2tg_sent2tg":["a:1:{i:23737;s:19:\"2025-10-19 09:20:50\";}"]},"categories":[19,23],"tags":[1799,133,10004,18823,484,1787,434,140,9691],"yoast_head":"<!-- This site is optimized with the Yoast SEO Premium plugin v22.7 (Yoast SEO v22.7) - https:\/\/yoast.com\/wordpress\/plugins\/seo\/ -->\n<title>Katar: Afghanistan und Pakistan einigen sich auf erneute Waffenruhe - just-now.NEWS Deutschland<\/title>\n<meta name=\"robots\" content=\"index, follow, max-snippet:-1, max-image-preview:large, max-video-preview:-1\" \/>\n<link rel=\"canonical\" href=\"https:\/\/now-news.de\/de\/deutschland\/katar-afghanistan-und-pakistan-einigen-sich-auf-erneute-waffenruhe\/\" \/>\n<meta property=\"og:locale\" content=\"de_DE\" \/>\n<meta property=\"og:type\" content=\"article\" \/>\n<meta property=\"og:title\" content=\"Katar: Afghanistan und Pakistan einigen sich auf erneute Waffenruhe\" \/>\n<meta property=\"og:description\" content=\"Nach den schwersten K\u00e4mpfen seit dem Jahr 2021 haben Afghanistan und Pakistan unter Vermittlung Katars einen sofortigen Waffenstillstand vereinbart. Davor hatten Gefechte Dutzende Menschenleben gekostet. Wie das Au\u00dfenministerium von Katar am fr\u00fchen Sonntag bekannt gab, haben sich Afghanistan und Pakistan w\u00e4hrend der von Doha ausgerichteten Gespr\u00e4che auf einen sofortigen Waffenstillstand geeinigt. Die s\u00fcdasiatischen Nachbarl\u00e4nder hatten [&hellip;]\" \/>\n<meta property=\"og:url\" content=\"https:\/\/now-news.de\/de\/deutschland\/katar-afghanistan-und-pakistan-einigen-sich-auf-erneute-waffenruhe\/\" \/>\n<meta property=\"og:site_name\" content=\"just-now.NEWS Deutschland\" \/>\n<meta property=\"article:publisher\" content=\"https:\/\/www.facebook.com\/wirmachenauf\" \/>\n<meta property=\"article:published_time\" content=\"2025-10-19T07:15:46+00:00\" \/>\n<meta property=\"og:image\" content=\"https:\/\/now-news.de\/de\/wp-content\/uploads\/sites\/3\/2025\/10\/68f48656b480cc369547ec63.jpg\" \/>\n<meta name=\"author\" content=\"rtnews\" \/>\n<meta name=\"twitter:card\" content=\"summary_large_image\" \/>\n<meta name=\"twitter:creator\" content=\"@WirMachenAuf_de\" \/>\n<meta name=\"twitter:site\" content=\"@WirMachenAuf_de\" \/>\n<meta name=\"twitter:label1\" content=\"Verfasst von\" \/>\n\t<meta name=\"twitter:data1\" content=\"rtnews\" \/>\n\t<meta name=\"twitter:label2\" content=\"Gesch\u00e4tzte Lesezeit\" \/>\n\t<meta name=\"twitter:data2\" content=\"2\u00a0Minuten\" \/>\n<script type=\"application\/ld+json\" class=\"yoast-schema-graph\">{\"@context\":\"https:\/\/schema.org\",\"@graph\":[{\"@type\":\"Article\",\"@id\":\"https:\/\/now-news.de\/de\/deutschland\/katar-afghanistan-und-pakistan-einigen-sich-auf-erneute-waffenruhe\/#article\",\"isPartOf\":{\"@id\":\"https:\/\/now-news.de\/de\/deutschland\/katar-afghanistan-und-pakistan-einigen-sich-auf-erneute-waffenruhe\/\"},\"author\":{\"name\":\"rtnews\",\"@id\":\"https:\/\/now-news.de\/de\/#\/schema\/person\/fb534a4e865501d8b3285208df34a9b5\"},\"headline\":\"Katar: Afghanistan und Pakistan einigen sich auf erneute Waffenruhe\",\"datePublished\":\"2025-10-19T07:15:46+00:00\",\"dateModified\":\"2025-10-19T07:15:46+00:00\",\"mainEntityOfPage\":{\"@id\":\"https:\/\/now-news.de\/de\/deutschland\/katar-afghanistan-und-pakistan-einigen-sich-auf-erneute-waffenruhe\/\"},\"wordCount\":473,\"commentCount\":0,\"publisher\":{\"@id\":\"https:\/\/now-news.de\/de\/#organization\"},\"image\":{\"@id\":\"https:\/\/now-news.de\/de\/deutschland\/katar-afghanistan-und-pakistan-einigen-sich-auf-erneute-waffenruhe\/#primaryimage\"},\"thumbnailUrl\":\"https:\/\/now-news.de\/de\/wp-content\/uploads\/sites\/3\/2025\/10\/Katar-Afghanistan-und-Pakistan-einigen-sich-auf-erneute-Waffenruhe.jpg\",\"keywords\":[\"Afghanistan\",\"AUF\",\"einigen\",\"erneute\",\"Katar\",\"Pakistan\",\"sich\",\"und\",\"Waffenruhe\"],\"articleSection\":[\"Deutschland\",\"Russland\"],\"inLanguage\":\"de\",\"potentialAction\":[{\"@type\":\"CommentAction\",\"name\":\"Comment\",\"target\":[\"https:\/\/now-news.de\/de\/deutschland\/katar-afghanistan-und-pakistan-einigen-sich-auf-erneute-waffenruhe\/#respond\"]}]},{\"@type\":\"WebPage\",\"@id\":\"https:\/\/now-news.de\/de\/deutschland\/katar-afghanistan-und-pakistan-einigen-sich-auf-erneute-waffenruhe\/\",\"url\":\"https:\/\/now-news.de\/de\/deutschland\/katar-afghanistan-und-pakistan-einigen-sich-auf-erneute-waffenruhe\/\",\"name\":\"Katar: Afghanistan und Pakistan einigen sich auf erneute Waffenruhe - just-now.NEWS Deutschland\",\"isPartOf\":{\"@id\":\"https:\/\/now-news.de\/de\/#website\"},\"primaryImageOfPage\":{\"@id\":\"https:\/\/now-news.de\/de\/deutschland\/katar-afghanistan-und-pakistan-einigen-sich-auf-erneute-waffenruhe\/#primaryimage\"},\"image\":{\"@id\":\"https:\/\/now-news.de\/de\/deutschland\/katar-afghanistan-und-pakistan-einigen-sich-auf-erneute-waffenruhe\/#primaryimage\"},\"thumbnailUrl\":\"https:\/\/now-news.de\/de\/wp-content\/uploads\/sites\/3\/2025\/10\/Katar-Afghanistan-und-Pakistan-einigen-sich-auf-erneute-Waffenruhe.jpg\",\"datePublished\":\"2025-10-19T07:15:46+00:00\",\"dateModified\":\"2025-10-19T07:15:46+00:00\",\"breadcrumb\":{\"@id\":\"https:\/\/now-news.de\/de\/deutschland\/katar-afghanistan-und-pakistan-einigen-sich-auf-erneute-waffenruhe\/#breadcrumb\"},\"inLanguage\":\"de\",\"potentialAction\":[{\"@type\":\"ReadAction\",\"target\":[\"https:\/\/now-news.de\/de\/deutschland\/katar-afghanistan-und-pakistan-einigen-sich-auf-erneute-waffenruhe\/\"]}]},{\"@type\":\"ImageObject\",\"inLanguage\":\"de\",\"@id\":\"https:\/\/now-news.de\/de\/deutschland\/katar-afghanistan-und-pakistan-einigen-sich-auf-erneute-waffenruhe\/#primaryimage\",\"url\":\"https:\/\/now-news.de\/de\/wp-content\/uploads\/sites\/3\/2025\/10\/Katar-Afghanistan-und-Pakistan-einigen-sich-auf-erneute-Waffenruhe.jpg\",\"contentUrl\":\"https:\/\/now-news.de\/de\/wp-content\/uploads\/sites\/3\/2025\/10\/Katar-Afghanistan-und-Pakistan-einigen-sich-auf-erneute-Waffenruhe.jpg\",\"width\":460,\"height\":259,\"caption\":\"Katar: Afghanistan und Pakistan einigen sich auf erneute Waffenruhe\"},{\"@type\":\"BreadcrumbList\",\"@id\":\"https:\/\/now-news.de\/de\/deutschland\/katar-afghanistan-und-pakistan-einigen-sich-auf-erneute-waffenruhe\/#breadcrumb\",\"itemListElement\":[{\"@type\":\"ListItem\",\"position\":1,\"name\":\"Home\",\"item\":\"https:\/\/now-news.de\/de\/\"},{\"@type\":\"ListItem\",\"position\":2,\"name\":\"Katar: Afghanistan und Pakistan einigen sich auf erneute Waffenruhe\"}]},{\"@type\":\"WebSite\",\"@id\":\"https:\/\/now-news.de\/de\/#website\",\"url\":\"https:\/\/now-news.de\/de\/\",\"name\":\"just-now.NEWS Deutschland\",\"description\":\"Das Portal f\u00fcr unzensierte Nachrichten aus der Welt\",\"publisher\":{\"@id\":\"https:\/\/now-news.de\/de\/#organization\"},\"potentialAction\":[{\"@type\":\"SearchAction\",\"target\":{\"@type\":\"EntryPoint\",\"urlTemplate\":\"https:\/\/now-news.de\/de\/?s={search_term_string}\"},\"query-input\":\"required name=search_term_string\"}],\"inLanguage\":\"de\"},{\"@type\":\"Organization\",\"@id\":\"https:\/\/now-news.de\/de\/#organization\",\"name\":\"Just Now News\",\"url\":\"https:\/\/now-news.de\/de\/\",\"logo\":{\"@type\":\"ImageObject\",\"inLanguage\":\"de\",\"@id\":\"https:\/\/now-news.de\/de\/#\/schema\/logo\/image\/\",\"url\":\"http:\/\/just-now.news\/de\/wp-content\/uploads\/sites\/3\/2022\/04\/logo500x500.jpg\",\"contentUrl\":\"http:\/\/just-now.news\/de\/wp-content\/uploads\/sites\/3\/2022\/04\/logo500x500.jpg\",\"width\":500,\"height\":500,\"caption\":\"Just Now News\"},\"image\":{\"@id\":\"https:\/\/now-news.de\/de\/#\/schema\/logo\/image\/\"},\"sameAs\":[\"https:\/\/www.facebook.com\/wirmachenauf\",\"https:\/\/x.com\/WirMachenAuf_de\"]},{\"@type\":\"Person\",\"@id\":\"https:\/\/now-news.de\/de\/#\/schema\/person\/fb534a4e865501d8b3285208df34a9b5\",\"name\":\"rtnews\",\"image\":{\"@type\":\"ImageObject\",\"inLanguage\":\"de\",\"@id\":\"https:\/\/now-news.de\/de\/#\/schema\/person\/image\/\",\"url\":\"https:\/\/secure.gravatar.com\/avatar\/82aafea7d8127119dd649515f56e2117?s=96&d=mm&r=g\",\"contentUrl\":\"https:\/\/secure.gravatar.com\/avatar\/82aafea7d8127119dd649515f56e2117?s=96&d=mm&r=g\",\"caption\":\"rtnews\"},\"url\":\"https:\/\/now-news.de\/de\/author\/rnews\/\"}]}<\/script>\n<!-- \/ Yoast SEO Premium plugin. -->","yoast_head_json":{"title":"Katar: Afghanistan und Pakistan einigen sich auf erneute Waffenruhe - just-now.NEWS Deutschland","robots":{"index":"index","follow":"follow","max-snippet":"max-snippet:-1","max-image-preview":"max-image-preview:large","max-video-preview":"max-video-preview:-1"},"canonical":"https:\/\/now-news.de\/de\/deutschland\/katar-afghanistan-und-pakistan-einigen-sich-auf-erneute-waffenruhe\/","og_locale":"de_DE","og_type":"article","og_title":"Katar: Afghanistan und Pakistan einigen sich auf erneute Waffenruhe","og_description":"Nach den schwersten K\u00e4mpfen seit dem Jahr 2021 haben Afghanistan und Pakistan unter Vermittlung Katars einen sofortigen Waffenstillstand vereinbart. Davor hatten Gefechte Dutzende Menschenleben gekostet. Wie das Au\u00dfenministerium von Katar am fr\u00fchen Sonntag bekannt gab, haben sich Afghanistan und Pakistan w\u00e4hrend der von Doha ausgerichteten Gespr\u00e4che auf einen sofortigen Waffenstillstand geeinigt. Die s\u00fcdasiatischen Nachbarl\u00e4nder hatten [&hellip;]","og_url":"https:\/\/now-news.de\/de\/deutschland\/katar-afghanistan-und-pakistan-einigen-sich-auf-erneute-waffenruhe\/","og_site_name":"just-now.NEWS Deutschland","article_publisher":"https:\/\/www.facebook.com\/wirmachenauf","article_published_time":"2025-10-19T07:15:46+00:00","og_image":[{"url":"https:\/\/now-news.de\/de\/wp-content\/uploads\/sites\/3\/2025\/10\/68f48656b480cc369547ec63.jpg"}],"author":"rtnews","twitter_card":"summary_large_image","twitter_creator":"@WirMachenAuf_de","twitter_site":"@WirMachenAuf_de","twitter_misc":{"Verfasst von":"rtnews","Gesch\u00e4tzte Lesezeit":"2\u00a0Minuten"},"schema":{"@context":"https:\/\/schema.org","@graph":[{"@type":"Article","@id":"https:\/\/now-news.de\/de\/deutschland\/katar-afghanistan-und-pakistan-einigen-sich-auf-erneute-waffenruhe\/#article","isPartOf":{"@id":"https:\/\/now-news.de\/de\/deutschland\/katar-afghanistan-und-pakistan-einigen-sich-auf-erneute-waffenruhe\/"},"author":{"name":"rtnews","@id":"https:\/\/now-news.de\/de\/#\/schema\/person\/fb534a4e865501d8b3285208df34a9b5"},"headline":"Katar: Afghanistan und Pakistan einigen sich auf erneute Waffenruhe","datePublished":"2025-10-19T07:15:46+00:00","dateModified":"2025-10-19T07:15:46+00:00","mainEntityOfPage":{"@id":"https:\/\/now-news.de\/de\/deutschland\/katar-afghanistan-und-pakistan-einigen-sich-auf-erneute-waffenruhe\/"},"wordCount":473,"commentCount":0,"publisher":{"@id":"https:\/\/now-news.de\/de\/#organization"},"image":{"@id":"https:\/\/now-news.de\/de\/deutschland\/katar-afghanistan-und-pakistan-einigen-sich-auf-erneute-waffenruhe\/#primaryimage"},"thumbnailUrl":"https:\/\/now-news.de\/de\/wp-content\/uploads\/sites\/3\/2025\/10\/Katar-Afghanistan-und-Pakistan-einigen-sich-auf-erneute-Waffenruhe.jpg","keywords":["Afghanistan","AUF","einigen","erneute","Katar","Pakistan","sich","und","Waffenruhe"],"articleSection":["Deutschland","Russland"],"inLanguage":"de","potentialAction":[{"@type":"CommentAction","name":"Comment","target":["https:\/\/now-news.de\/de\/deutschland\/katar-afghanistan-und-pakistan-einigen-sich-auf-erneute-waffenruhe\/#respond"]}]},{"@type":"WebPage","@id":"https:\/\/now-news.de\/de\/deutschland\/katar-afghanistan-und-pakistan-einigen-sich-auf-erneute-waffenruhe\/","url":"https:\/\/now-news.de\/de\/deutschland\/katar-afghanistan-und-pakistan-einigen-sich-auf-erneute-waffenruhe\/","name":"Katar: Afghanistan und Pakistan einigen sich auf erneute Waffenruhe - just-now.NEWS Deutschland","isPartOf":{"@id":"https:\/\/now-news.de\/de\/#website"},"primaryImageOfPage":{"@id":"https:\/\/now-news.de\/de\/deutschland\/katar-afghanistan-und-pakistan-einigen-sich-auf-erneute-waffenruhe\/#primaryimage"},"image":{"@id":"https:\/\/now-news.de\/de\/deutschland\/katar-afghanistan-und-pakistan-einigen-sich-auf-erneute-waffenruhe\/#primaryimage"},"thumbnailUrl":"https:\/\/now-news.de\/de\/wp-content\/uploads\/sites\/3\/2025\/10\/Katar-Afghanistan-und-Pakistan-einigen-sich-auf-erneute-Waffenruhe.jpg","datePublished":"2025-10-19T07:15:46+00:00","dateModified":"2025-10-19T07:15:46+00:00","breadcrumb":{"@id":"https:\/\/now-news.de\/de\/deutschland\/katar-afghanistan-und-pakistan-einigen-sich-auf-erneute-waffenruhe\/#breadcrumb"},"inLanguage":"de","potentialAction":[{"@type":"ReadAction","target":["https:\/\/now-news.de\/de\/deutschland\/katar-afghanistan-und-pakistan-einigen-sich-auf-erneute-waffenruhe\/"]}]},{"@type":"ImageObject","inLanguage":"de","@id":"https:\/\/now-news.de\/de\/deutschland\/katar-afghanistan-und-pakistan-einigen-sich-auf-erneute-waffenruhe\/#primaryimage","url":"https:\/\/now-news.de\/de\/wp-content\/uploads\/sites\/3\/2025\/10\/Katar-Afghanistan-und-Pakistan-einigen-sich-auf-erneute-Waffenruhe.jpg","contentUrl":"https:\/\/now-news.de\/de\/wp-content\/uploads\/sites\/3\/2025\/10\/Katar-Afghanistan-und-Pakistan-einigen-sich-auf-erneute-Waffenruhe.jpg","width":460,"height":259,"caption":"Katar: Afghanistan und Pakistan einigen sich auf erneute Waffenruhe"},{"@type":"BreadcrumbList","@id":"https:\/\/now-news.de\/de\/deutschland\/katar-afghanistan-und-pakistan-einigen-sich-auf-erneute-waffenruhe\/#breadcrumb","itemListElement":[{"@type":"ListItem","position":1,"name":"Home","item":"https:\/\/now-news.de\/de\/"},{"@type":"ListItem","position":2,"name":"Katar: Afghanistan und Pakistan einigen sich auf erneute Waffenruhe"}]},{"@type":"WebSite","@id":"https:\/\/now-news.de\/de\/#website","url":"https:\/\/now-news.de\/de\/","name":"just-now.NEWS Deutschland","description":"Das Portal f\u00fcr unzensierte Nachrichten aus der Welt","publisher":{"@id":"https:\/\/now-news.de\/de\/#organization"},"potentialAction":[{"@type":"SearchAction","target":{"@type":"EntryPoint","urlTemplate":"https:\/\/now-news.de\/de\/?s={search_term_string}"},"query-input":"required name=search_term_string"}],"inLanguage":"de"},{"@type":"Organization","@id":"https:\/\/now-news.de\/de\/#organization","name":"Just Now News","url":"https:\/\/now-news.de\/de\/","logo":{"@type":"ImageObject","inLanguage":"de","@id":"https:\/\/now-news.de\/de\/#\/schema\/logo\/image\/","url":"http:\/\/just-now.news\/de\/wp-content\/uploads\/sites\/3\/2022\/04\/logo500x500.jpg","contentUrl":"http:\/\/just-now.news\/de\/wp-content\/uploads\/sites\/3\/2022\/04\/logo500x500.jpg","width":500,"height":500,"caption":"Just Now News"},"image":{"@id":"https:\/\/now-news.de\/de\/#\/schema\/logo\/image\/"},"sameAs":["https:\/\/www.facebook.com\/wirmachenauf","https:\/\/x.com\/WirMachenAuf_de"]},{"@type":"Person","@id":"https:\/\/now-news.de\/de\/#\/schema\/person\/fb534a4e865501d8b3285208df34a9b5","name":"rtnews","image":{"@type":"ImageObject","inLanguage":"de","@id":"https:\/\/now-news.de\/de\/#\/schema\/person\/image\/","url":"https:\/\/secure.gravatar.com\/avatar\/82aafea7d8127119dd649515f56e2117?s=96&d=mm&r=g","contentUrl":"https:\/\/secure.gravatar.com\/avatar\/82aafea7d8127119dd649515f56e2117?s=96&d=mm&r=g","caption":"rtnews"},"url":"https:\/\/now-news.de\/de\/author\/rnews\/"}]}},"_links":{"self":[{"href":"https:\/\/now-news.de\/de\/wp-json\/wp\/v2\/posts\/92452"}],"collection":[{"href":"https:\/\/now-news.de\/de\/wp-json\/wp\/v2\/posts"}],"about":[{"href":"https:\/\/now-news.de\/de\/wp-json\/wp\/v2\/types\/post"}],"author":[{"embeddable":true,"href":"https:\/\/now-news.de\/de\/wp-json\/wp\/v2\/users\/3"}],"replies":[{"embeddable":true,"href":"https:\/\/now-news.de\/de\/wp-json\/wp\/v2\/comments?post=92452"}],"version-history":[{"count":0,"href":"https:\/\/now-news.de\/de\/wp-json\/wp\/v2\/posts\/92452\/revisions"}],"wp:featuredmedia":[{"embeddable":true,"href":"https:\/\/now-news.de\/de\/wp-json\/wp\/v2\/media\/92453"}],"wp:attachment":[{"href":"https:\/\/now-news.de\/de\/wp-json\/wp\/v2\/media?parent=92452"}],"wp:term":[{"taxonomy":"category","embeddable":true,"href":"https:\/\/now-news.de\/de\/wp-json\/wp\/v2\/categories?post=92452"},{"taxonomy":"post_tag","embeddable":true,"href":"https:\/\/now-news.de\/de\/wp-json\/wp\/v2\/tags?post=92452"}],"curies":[{"name":"wp","href":"https:\/\/api.w.org\/{rel}","templated":true}]}}