{"id":92440,"date":"2025-10-18T20:56:29","date_gmt":"2025-10-18T18:56:29","guid":{"rendered":"https:\/\/now-news.de\/de\/deutschland\/eu-will-bei-putin-trump-gipfel-mitreden-stubb-soll-nach-budapest-reisen\/"},"modified":"2025-10-18T20:56:29","modified_gmt":"2025-10-18T18:56:29","slug":"eu-will-bei-putin-trump-gipfel-mitreden-stubb-soll-nach-budapest-reisen","status":"publish","type":"post","link":"https:\/\/now-news.de\/de\/deutschland\/eu-will-bei-putin-trump-gipfel-mitreden-stubb-soll-nach-budapest-reisen\/","title":{"rendered":"EU will bei Putin-Trump-Gipfel mitreden: Stubb soll nach Budapest reisen"},"content":{"rendered":"<p><img decoding=\"async\" src=\"https:\/\/now-news.de\/de\/wp-content\/uploads\/sites\/3\/2025\/10\/68f37e7148fbef6c9604330d.jpg\" \/><\/p>\n<div class=\"Text-root Text-type_1 \">\n                Br\u00fcssel sucht den Anschluss an den geplanten Gipfel zwischen Wladimir Putin und Donald Trump in Budapest. Laut Bloomberg soll Finnlands Pr\u00e4sident Alexander Stubb die EU vertreten. In Europa w\u00e4chst die Sorge, Moskau k\u00f6nne zu gro\u00dfen Einfluss auf Washington gewinnen.\n            <\/div>\n<p><\/p>\n<div class=\"Text-root Text-type_5 ArticleView-text ViewText-root \">\n<p>Die Staats- und Regierungschefs der Europ\u00e4ischen Union wollen bei dem bevorstehenden Gipfeltreffen zwischen dem russischen Pr\u00e4sidenten Wladimir Putin und dem US-Pr\u00e4sidenten Donald Trump in Budapest durch den finnischen Pr\u00e4sidenten Alexander Stubb vertreten sein. Dies berichtet <em>Bloomberg<\/em> unter Verweis auf Quellen in EU-Kreisen.<\/p>\n<p>Laut der Agentur versuchen die europ\u00e4ischen Spitzenpolitiker, sich &#8220;erneut einen Platz am Verhandlungstisch zu sichern&#8221;, da die j\u00fcngsten Kontakte zwischen Trump und Putin viele Bem\u00fchungen der EU zur Unterst\u00fctzung der Ukraine zunichte gemacht haben.<\/p>\n<p>Ein ranghoher EU-Beamter teilte mit, Stubb solle &#8220;in irgendeiner Form in Ungarn anwesend sein&#8221;. Der finnische Pr\u00e4sident habe bereits bei den Gespr\u00e4chen im Wei\u00dfen Haus nach dem Gipfel im August in Alaska eine &#8220;Schl\u00fcsselrolle&#8221; gespielt. EU-Diplomaten hoffen, dass Stubb als gem\u00e4\u00dfigte Figur Einfluss auf Trump nehmen und dem europ\u00e4ischen Block zumindest indirekt eine Stimme bei den Gespr\u00e4chen verschaffen k\u00f6nnte.<\/p>\n<p>In Br\u00fcssel ist man sich laut den Quellen der Sorge bewusst, dass das Treffen in Budapest Moskaus Einfluss auf Washington weiter st\u00e4rken k\u00f6nnte. <em>Bloomberg<\/em> zitiert einen europ\u00e4ischen Beamten wie folgt:<em><br \/><\/em><\/p>\n<p>&#8220;<em>Die Staats- und Regierungschefs der Europ\u00e4ischen Union m\u00fcssen sich entschieden gegen Russland stellen und Wege finden, Putins Einfluss auf Trump beim Gipfeltreffen entgegenzuwirken.&#8221;<\/em><\/p>\n<p>Auch die spanische Zeitung <em>El Pa\u00eds<\/em> berichtet von wachsender Unruhe in den europ\u00e4ischen Hauptst\u00e4dten. Einige Diplomaten bezeichnen den geplanten Gipfel als &#8220;politischen Albtraum&#8221;. Durch die Wahl des Treffpunkts in Ungarn w\u00fcrden die Spannungen innerhalb der EU in der Russlandfrage versch\u00e4rft, so ein Diplomat. Das Treffen k\u00f6nnte dem ungarischen Premierminister Viktor Orb\u00e1n, der als einer der wenigen europ\u00e4ischen Partner Putins gilt, politisch nutzen \u2013 insbesondere mit Blick auf die Parlamentswahlen 2026.<\/p>\n<p>Gleichzeitig versucht die Europ\u00e4ische Kommission, die Situation pragmatisch zu sehen.\u00a0<em>El Pa\u00eds<\/em> zitiert einen\u00a0EU-Sprecher mit den Worten:<br \/><em><\/em><\/p>\n<p><em>&#8220;Treffen finden nicht immer in der Form statt, die wir uns w\u00fcnschen. Wenn sie uns jedoch einem gerechten und dauerhaften Frieden in der Ukraine n\u00e4herbringen, sollten wir sie begr\u00fc\u00dfen.&#8221;<\/em><\/p>\n<p data-start=\"0\" data-end=\"162\" data-is-last-node=\"\" data-is-only-node=\"\">Hintergrund des geplanten Gipfels ist ein zweieinhalbst\u00fcndiges Telefonat zwischen Putin und Trump am 16. Oktober \u2013 einem der l\u00e4ngsten Gespr\u00e4che seit Jahresbeginn. Nach diesem Gespr\u00e4ch erkl\u00e4rten beide Pr\u00e4sidenten, sich innerhalb der kommenden zwei Wochen in Budapest treffen zu wollen. <\/p>\n<p data-start=\"0\" data-end=\"162\" data-is-last-node=\"\" data-is-only-node=\"\">Bereits einen Tag sp\u00e4ter empfing Trump den ukrainischen Machthaber\u00a0Wladimir Selenskij im Wei\u00dfen Haus. Nach dem Treffen wurde entschieden, keine Tomahawk-Marschflugk\u00f6rper an Kiew zu liefern. Der Kreml hatte die Entscheidung zuvor als potenzielle &#8220;Eskalationsstufe&#8221; kritisiert.<\/p>\n<p>Auch logistisch sorgt der geplante Gipfel in der ungarischen Hauptstadt f\u00fcr Diskussionen. Da die EU ihren Luftraum f\u00fcr russische Flugzeuge geschlossen hat, m\u00fcssten einige Staaten Ausnahmen zulassen, wenn sie den Unmut Washingtons vermeiden wollen. <\/p>\n<p>Zudem erinnert <em>El Pa\u00eds<\/em> daran, dass gegen Putin weiterhin ein Haftbefehl des Internationalen Strafgerichtshofs vorliegt. Zwar hat Budapest den Austritt aus dem Gericht beschlossen, der Prozess ist jedoch noch nicht abgeschlossen. Allerdings erkl\u00e4rte Budapest bereits, Putin k\u00f6nne ungehindert in Ungarn ein- und ausreisen.\u00a0<\/p>\n<p>Wann genau das Treffen stattfindet, ist noch offen. Laut Trump soll es jedoch &#8220;innerhalb der n\u00e4chsten zwei Wochen&#8221; stattfinden.<\/p>\n<p><strong>Mehr zum Thema <\/strong>\u2013 <a rel=\"nofollow noopener\" target=\"_blank\" href=\"https:\/\/freedert.online\/international\/259097-putin-und-trump-waehlen-budapest\/\">Ukraine-Gipfel: Putin und Trump w\u00e4hlen Budapest nicht ohne Grund<\/a><\/p>\n<div class=\"EmbedBlock-root EmbedBlock-externalVideo EmbedBlock-rumble\">\n<div class=\"VkEmbed\"><iframe class=\"lazyload\" data-src=\"https:\/\/rumble.com\/embed\/v6y8f8s\" frameborder=\"0\" width=\"853\" height=\"480\" allowfullscreen><\/iframe><\/div>\n<\/div>\n<\/div>\n<p><br \/>\n<br \/><a href=\"https:\/\/de.rt.com\/europa\/259238-eu-will-bei-putin-trump\/\">Source link <\/a><\/p>\n","protected":false},"excerpt":{"rendered":"<p>Br\u00fcssel sucht den Anschluss an den geplanten Gipfel zwischen Wladimir Putin und Donald Trump in Budapest. Laut Bloomberg soll Finnlands Pr\u00e4sident Alexander Stubb die EU vertreten. In Europa w\u00e4chst die Sorge, Moskau k\u00f6nne zu gro\u00dfen Einfluss auf Washington gewinnen. Die Staats- und Regierungschefs der Europ\u00e4ischen Union wollen bei dem bevorstehenden Gipfeltreffen zwischen dem russischen Pr\u00e4sidenten [&hellip;]<\/p>\n","protected":false},"author":3,"featured_media":92441,"comment_status":"open","ping_status":"open","sticky":false,"template":"","format":"standard","meta":{"_yoast_indexnow_last_ping":["1760814093"],"wp_automatic_camp":["217"],"770cca06803a930385b392a7b6257542":["EU will bei Putin-Trump-Gipfel mitreden: Stubb soll nach Budapest reisen"],"original_link":["https:\/\/de.rt.com\/europa\/259238-eu-will-bei-putin-trump\/"],"_thumbnail_id":["92441"],"jnews_social_counter_last_update":["1777324965"],"_wptgpro_p2tg_sent2tg":["a:1:{i:23737;s:19:\"2025-10-18 21:02:33\";}"]},"categories":[19,23],"tags":[363,10836,68502,979,66972,19142,766,53438],"yoast_head":"<!-- This site is optimized with the Yoast SEO Premium plugin v22.7 (Yoast SEO v22.7) - https:\/\/yoast.com\/wordpress\/plugins\/seo\/ -->\n<title>EU will bei Putin-Trump-Gipfel mitreden: Stubb soll nach Budapest reisen - just-now.NEWS Deutschland<\/title>\n<meta name=\"robots\" content=\"index, follow, max-snippet:-1, max-image-preview:large, max-video-preview:-1\" \/>\n<link rel=\"canonical\" href=\"https:\/\/now-news.de\/de\/deutschland\/eu-will-bei-putin-trump-gipfel-mitreden-stubb-soll-nach-budapest-reisen\/\" \/>\n<meta property=\"og:locale\" content=\"de_DE\" \/>\n<meta property=\"og:type\" content=\"article\" \/>\n<meta property=\"og:title\" content=\"EU will bei Putin-Trump-Gipfel mitreden: Stubb soll nach Budapest reisen\" \/>\n<meta property=\"og:description\" content=\"Br\u00fcssel sucht den Anschluss an den geplanten Gipfel zwischen Wladimir Putin und Donald Trump in Budapest. Laut Bloomberg soll Finnlands Pr\u00e4sident Alexander Stubb die EU vertreten. In Europa w\u00e4chst die Sorge, Moskau k\u00f6nne zu gro\u00dfen Einfluss auf Washington gewinnen. Die Staats- und Regierungschefs der Europ\u00e4ischen Union wollen bei dem bevorstehenden Gipfeltreffen zwischen dem russischen Pr\u00e4sidenten [&hellip;]\" \/>\n<meta property=\"og:url\" content=\"https:\/\/now-news.de\/de\/deutschland\/eu-will-bei-putin-trump-gipfel-mitreden-stubb-soll-nach-budapest-reisen\/\" \/>\n<meta property=\"og:site_name\" content=\"just-now.NEWS Deutschland\" \/>\n<meta property=\"article:publisher\" content=\"https:\/\/www.facebook.com\/wirmachenauf\" \/>\n<meta property=\"article:published_time\" content=\"2025-10-18T18:56:29+00:00\" \/>\n<meta property=\"og:image\" content=\"https:\/\/now-news.de\/de\/wp-content\/uploads\/sites\/3\/2025\/10\/68f37e7148fbef6c9604330d.jpg\" \/>\n<meta name=\"author\" content=\"rtnews\" \/>\n<meta name=\"twitter:card\" content=\"summary_large_image\" \/>\n<meta name=\"twitter:creator\" content=\"@WirMachenAuf_de\" \/>\n<meta name=\"twitter:site\" content=\"@WirMachenAuf_de\" \/>\n<meta name=\"twitter:label1\" content=\"Verfasst von\" \/>\n\t<meta name=\"twitter:data1\" content=\"rtnews\" \/>\n\t<meta name=\"twitter:label2\" content=\"Gesch\u00e4tzte Lesezeit\" \/>\n\t<meta name=\"twitter:data2\" content=\"3\u00a0Minuten\" \/>\n<script type=\"application\/ld+json\" class=\"yoast-schema-graph\">{\"@context\":\"https:\/\/schema.org\",\"@graph\":[{\"@type\":\"Article\",\"@id\":\"https:\/\/now-news.de\/de\/deutschland\/eu-will-bei-putin-trump-gipfel-mitreden-stubb-soll-nach-budapest-reisen\/#article\",\"isPartOf\":{\"@id\":\"https:\/\/now-news.de\/de\/deutschland\/eu-will-bei-putin-trump-gipfel-mitreden-stubb-soll-nach-budapest-reisen\/\"},\"author\":{\"name\":\"rtnews\",\"@id\":\"https:\/\/now-news.de\/de\/#\/schema\/person\/fb534a4e865501d8b3285208df34a9b5\"},\"headline\":\"EU will bei Putin-Trump-Gipfel mitreden: Stubb soll nach Budapest reisen\",\"datePublished\":\"2025-10-18T18:56:29+00:00\",\"dateModified\":\"2025-10-18T18:56:29+00:00\",\"mainEntityOfPage\":{\"@id\":\"https:\/\/now-news.de\/de\/deutschland\/eu-will-bei-putin-trump-gipfel-mitreden-stubb-soll-nach-budapest-reisen\/\"},\"wordCount\":592,\"commentCount\":0,\"publisher\":{\"@id\":\"https:\/\/now-news.de\/de\/#organization\"},\"image\":{\"@id\":\"https:\/\/now-news.de\/de\/deutschland\/eu-will-bei-putin-trump-gipfel-mitreden-stubb-soll-nach-budapest-reisen\/#primaryimage\"},\"thumbnailUrl\":\"https:\/\/now-news.de\/de\/wp-content\/uploads\/sites\/3\/2025\/10\/EU-will-bei-Putin-Trump-Gipfel-mitreden-Stubb-soll-nach-Budapest-reisen.jpg\",\"keywords\":[\"bei\",\"Budapest\",\"mitreden\",\"nach\",\"PutinTrumpGipfel\",\"Reisen\",\"soll\",\"Stubb\"],\"articleSection\":[\"Deutschland\",\"Russland\"],\"inLanguage\":\"de\",\"potentialAction\":[{\"@type\":\"CommentAction\",\"name\":\"Comment\",\"target\":[\"https:\/\/now-news.de\/de\/deutschland\/eu-will-bei-putin-trump-gipfel-mitreden-stubb-soll-nach-budapest-reisen\/#respond\"]}]},{\"@type\":\"WebPage\",\"@id\":\"https:\/\/now-news.de\/de\/deutschland\/eu-will-bei-putin-trump-gipfel-mitreden-stubb-soll-nach-budapest-reisen\/\",\"url\":\"https:\/\/now-news.de\/de\/deutschland\/eu-will-bei-putin-trump-gipfel-mitreden-stubb-soll-nach-budapest-reisen\/\",\"name\":\"EU will bei Putin-Trump-Gipfel mitreden: Stubb soll nach Budapest reisen - just-now.NEWS Deutschland\",\"isPartOf\":{\"@id\":\"https:\/\/now-news.de\/de\/#website\"},\"primaryImageOfPage\":{\"@id\":\"https:\/\/now-news.de\/de\/deutschland\/eu-will-bei-putin-trump-gipfel-mitreden-stubb-soll-nach-budapest-reisen\/#primaryimage\"},\"image\":{\"@id\":\"https:\/\/now-news.de\/de\/deutschland\/eu-will-bei-putin-trump-gipfel-mitreden-stubb-soll-nach-budapest-reisen\/#primaryimage\"},\"thumbnailUrl\":\"https:\/\/now-news.de\/de\/wp-content\/uploads\/sites\/3\/2025\/10\/EU-will-bei-Putin-Trump-Gipfel-mitreden-Stubb-soll-nach-Budapest-reisen.jpg\",\"datePublished\":\"2025-10-18T18:56:29+00:00\",\"dateModified\":\"2025-10-18T18:56:29+00:00\",\"breadcrumb\":{\"@id\":\"https:\/\/now-news.de\/de\/deutschland\/eu-will-bei-putin-trump-gipfel-mitreden-stubb-soll-nach-budapest-reisen\/#breadcrumb\"},\"inLanguage\":\"de\",\"potentialAction\":[{\"@type\":\"ReadAction\",\"target\":[\"https:\/\/now-news.de\/de\/deutschland\/eu-will-bei-putin-trump-gipfel-mitreden-stubb-soll-nach-budapest-reisen\/\"]}]},{\"@type\":\"ImageObject\",\"inLanguage\":\"de\",\"@id\":\"https:\/\/now-news.de\/de\/deutschland\/eu-will-bei-putin-trump-gipfel-mitreden-stubb-soll-nach-budapest-reisen\/#primaryimage\",\"url\":\"https:\/\/now-news.de\/de\/wp-content\/uploads\/sites\/3\/2025\/10\/EU-will-bei-Putin-Trump-Gipfel-mitreden-Stubb-soll-nach-Budapest-reisen.jpg\",\"contentUrl\":\"https:\/\/now-news.de\/de\/wp-content\/uploads\/sites\/3\/2025\/10\/EU-will-bei-Putin-Trump-Gipfel-mitreden-Stubb-soll-nach-Budapest-reisen.jpg\",\"width\":460,\"height\":259,\"caption\":\"EU will bei Putin-Trump-Gipfel mitreden: Stubb soll nach Budapest reisen\"},{\"@type\":\"BreadcrumbList\",\"@id\":\"https:\/\/now-news.de\/de\/deutschland\/eu-will-bei-putin-trump-gipfel-mitreden-stubb-soll-nach-budapest-reisen\/#breadcrumb\",\"itemListElement\":[{\"@type\":\"ListItem\",\"position\":1,\"name\":\"Home\",\"item\":\"https:\/\/now-news.de\/de\/\"},{\"@type\":\"ListItem\",\"position\":2,\"name\":\"EU will bei Putin-Trump-Gipfel mitreden: Stubb soll nach Budapest reisen\"}]},{\"@type\":\"WebSite\",\"@id\":\"https:\/\/now-news.de\/de\/#website\",\"url\":\"https:\/\/now-news.de\/de\/\",\"name\":\"just-now.NEWS Deutschland\",\"description\":\"Das Portal f\u00fcr unzensierte Nachrichten aus der Welt\",\"publisher\":{\"@id\":\"https:\/\/now-news.de\/de\/#organization\"},\"potentialAction\":[{\"@type\":\"SearchAction\",\"target\":{\"@type\":\"EntryPoint\",\"urlTemplate\":\"https:\/\/now-news.de\/de\/?s={search_term_string}\"},\"query-input\":\"required name=search_term_string\"}],\"inLanguage\":\"de\"},{\"@type\":\"Organization\",\"@id\":\"https:\/\/now-news.de\/de\/#organization\",\"name\":\"Just Now News\",\"url\":\"https:\/\/now-news.de\/de\/\",\"logo\":{\"@type\":\"ImageObject\",\"inLanguage\":\"de\",\"@id\":\"https:\/\/now-news.de\/de\/#\/schema\/logo\/image\/\",\"url\":\"http:\/\/just-now.news\/de\/wp-content\/uploads\/sites\/3\/2022\/04\/logo500x500.jpg\",\"contentUrl\":\"http:\/\/just-now.news\/de\/wp-content\/uploads\/sites\/3\/2022\/04\/logo500x500.jpg\",\"width\":500,\"height\":500,\"caption\":\"Just Now News\"},\"image\":{\"@id\":\"https:\/\/now-news.de\/de\/#\/schema\/logo\/image\/\"},\"sameAs\":[\"https:\/\/www.facebook.com\/wirmachenauf\",\"https:\/\/x.com\/WirMachenAuf_de\"]},{\"@type\":\"Person\",\"@id\":\"https:\/\/now-news.de\/de\/#\/schema\/person\/fb534a4e865501d8b3285208df34a9b5\",\"name\":\"rtnews\",\"image\":{\"@type\":\"ImageObject\",\"inLanguage\":\"de\",\"@id\":\"https:\/\/now-news.de\/de\/#\/schema\/person\/image\/\",\"url\":\"https:\/\/secure.gravatar.com\/avatar\/82aafea7d8127119dd649515f56e2117?s=96&d=mm&r=g\",\"contentUrl\":\"https:\/\/secure.gravatar.com\/avatar\/82aafea7d8127119dd649515f56e2117?s=96&d=mm&r=g\",\"caption\":\"rtnews\"},\"url\":\"https:\/\/now-news.de\/de\/author\/rnews\/\"}]}<\/script>\n<!-- \/ Yoast SEO Premium plugin. -->","yoast_head_json":{"title":"EU will bei Putin-Trump-Gipfel mitreden: Stubb soll nach Budapest reisen - just-now.NEWS Deutschland","robots":{"index":"index","follow":"follow","max-snippet":"max-snippet:-1","max-image-preview":"max-image-preview:large","max-video-preview":"max-video-preview:-1"},"canonical":"https:\/\/now-news.de\/de\/deutschland\/eu-will-bei-putin-trump-gipfel-mitreden-stubb-soll-nach-budapest-reisen\/","og_locale":"de_DE","og_type":"article","og_title":"EU will bei Putin-Trump-Gipfel mitreden: Stubb soll nach Budapest reisen","og_description":"Br\u00fcssel sucht den Anschluss an den geplanten Gipfel zwischen Wladimir Putin und Donald Trump in Budapest. Laut Bloomberg soll Finnlands Pr\u00e4sident Alexander Stubb die EU vertreten. In Europa w\u00e4chst die Sorge, Moskau k\u00f6nne zu gro\u00dfen Einfluss auf Washington gewinnen. Die Staats- und Regierungschefs der Europ\u00e4ischen Union wollen bei dem bevorstehenden Gipfeltreffen zwischen dem russischen Pr\u00e4sidenten [&hellip;]","og_url":"https:\/\/now-news.de\/de\/deutschland\/eu-will-bei-putin-trump-gipfel-mitreden-stubb-soll-nach-budapest-reisen\/","og_site_name":"just-now.NEWS Deutschland","article_publisher":"https:\/\/www.facebook.com\/wirmachenauf","article_published_time":"2025-10-18T18:56:29+00:00","og_image":[{"url":"https:\/\/now-news.de\/de\/wp-content\/uploads\/sites\/3\/2025\/10\/68f37e7148fbef6c9604330d.jpg"}],"author":"rtnews","twitter_card":"summary_large_image","twitter_creator":"@WirMachenAuf_de","twitter_site":"@WirMachenAuf_de","twitter_misc":{"Verfasst von":"rtnews","Gesch\u00e4tzte Lesezeit":"3\u00a0Minuten"},"schema":{"@context":"https:\/\/schema.org","@graph":[{"@type":"Article","@id":"https:\/\/now-news.de\/de\/deutschland\/eu-will-bei-putin-trump-gipfel-mitreden-stubb-soll-nach-budapest-reisen\/#article","isPartOf":{"@id":"https:\/\/now-news.de\/de\/deutschland\/eu-will-bei-putin-trump-gipfel-mitreden-stubb-soll-nach-budapest-reisen\/"},"author":{"name":"rtnews","@id":"https:\/\/now-news.de\/de\/#\/schema\/person\/fb534a4e865501d8b3285208df34a9b5"},"headline":"EU will bei Putin-Trump-Gipfel mitreden: Stubb soll nach Budapest reisen","datePublished":"2025-10-18T18:56:29+00:00","dateModified":"2025-10-18T18:56:29+00:00","mainEntityOfPage":{"@id":"https:\/\/now-news.de\/de\/deutschland\/eu-will-bei-putin-trump-gipfel-mitreden-stubb-soll-nach-budapest-reisen\/"},"wordCount":592,"commentCount":0,"publisher":{"@id":"https:\/\/now-news.de\/de\/#organization"},"image":{"@id":"https:\/\/now-news.de\/de\/deutschland\/eu-will-bei-putin-trump-gipfel-mitreden-stubb-soll-nach-budapest-reisen\/#primaryimage"},"thumbnailUrl":"https:\/\/now-news.de\/de\/wp-content\/uploads\/sites\/3\/2025\/10\/EU-will-bei-Putin-Trump-Gipfel-mitreden-Stubb-soll-nach-Budapest-reisen.jpg","keywords":["bei","Budapest","mitreden","nach","PutinTrumpGipfel","Reisen","soll","Stubb"],"articleSection":["Deutschland","Russland"],"inLanguage":"de","potentialAction":[{"@type":"CommentAction","name":"Comment","target":["https:\/\/now-news.de\/de\/deutschland\/eu-will-bei-putin-trump-gipfel-mitreden-stubb-soll-nach-budapest-reisen\/#respond"]}]},{"@type":"WebPage","@id":"https:\/\/now-news.de\/de\/deutschland\/eu-will-bei-putin-trump-gipfel-mitreden-stubb-soll-nach-budapest-reisen\/","url":"https:\/\/now-news.de\/de\/deutschland\/eu-will-bei-putin-trump-gipfel-mitreden-stubb-soll-nach-budapest-reisen\/","name":"EU will bei Putin-Trump-Gipfel mitreden: Stubb soll nach Budapest reisen - just-now.NEWS Deutschland","isPartOf":{"@id":"https:\/\/now-news.de\/de\/#website"},"primaryImageOfPage":{"@id":"https:\/\/now-news.de\/de\/deutschland\/eu-will-bei-putin-trump-gipfel-mitreden-stubb-soll-nach-budapest-reisen\/#primaryimage"},"image":{"@id":"https:\/\/now-news.de\/de\/deutschland\/eu-will-bei-putin-trump-gipfel-mitreden-stubb-soll-nach-budapest-reisen\/#primaryimage"},"thumbnailUrl":"https:\/\/now-news.de\/de\/wp-content\/uploads\/sites\/3\/2025\/10\/EU-will-bei-Putin-Trump-Gipfel-mitreden-Stubb-soll-nach-Budapest-reisen.jpg","datePublished":"2025-10-18T18:56:29+00:00","dateModified":"2025-10-18T18:56:29+00:00","breadcrumb":{"@id":"https:\/\/now-news.de\/de\/deutschland\/eu-will-bei-putin-trump-gipfel-mitreden-stubb-soll-nach-budapest-reisen\/#breadcrumb"},"inLanguage":"de","potentialAction":[{"@type":"ReadAction","target":["https:\/\/now-news.de\/de\/deutschland\/eu-will-bei-putin-trump-gipfel-mitreden-stubb-soll-nach-budapest-reisen\/"]}]},{"@type":"ImageObject","inLanguage":"de","@id":"https:\/\/now-news.de\/de\/deutschland\/eu-will-bei-putin-trump-gipfel-mitreden-stubb-soll-nach-budapest-reisen\/#primaryimage","url":"https:\/\/now-news.de\/de\/wp-content\/uploads\/sites\/3\/2025\/10\/EU-will-bei-Putin-Trump-Gipfel-mitreden-Stubb-soll-nach-Budapest-reisen.jpg","contentUrl":"https:\/\/now-news.de\/de\/wp-content\/uploads\/sites\/3\/2025\/10\/EU-will-bei-Putin-Trump-Gipfel-mitreden-Stubb-soll-nach-Budapest-reisen.jpg","width":460,"height":259,"caption":"EU will bei Putin-Trump-Gipfel mitreden: Stubb soll nach Budapest reisen"},{"@type":"BreadcrumbList","@id":"https:\/\/now-news.de\/de\/deutschland\/eu-will-bei-putin-trump-gipfel-mitreden-stubb-soll-nach-budapest-reisen\/#breadcrumb","itemListElement":[{"@type":"ListItem","position":1,"name":"Home","item":"https:\/\/now-news.de\/de\/"},{"@type":"ListItem","position":2,"name":"EU will bei Putin-Trump-Gipfel mitreden: Stubb soll nach Budapest reisen"}]},{"@type":"WebSite","@id":"https:\/\/now-news.de\/de\/#website","url":"https:\/\/now-news.de\/de\/","name":"just-now.NEWS Deutschland","description":"Das Portal f\u00fcr unzensierte Nachrichten aus der Welt","publisher":{"@id":"https:\/\/now-news.de\/de\/#organization"},"potentialAction":[{"@type":"SearchAction","target":{"@type":"EntryPoint","urlTemplate":"https:\/\/now-news.de\/de\/?s={search_term_string}"},"query-input":"required name=search_term_string"}],"inLanguage":"de"},{"@type":"Organization","@id":"https:\/\/now-news.de\/de\/#organization","name":"Just Now News","url":"https:\/\/now-news.de\/de\/","logo":{"@type":"ImageObject","inLanguage":"de","@id":"https:\/\/now-news.de\/de\/#\/schema\/logo\/image\/","url":"http:\/\/just-now.news\/de\/wp-content\/uploads\/sites\/3\/2022\/04\/logo500x500.jpg","contentUrl":"http:\/\/just-now.news\/de\/wp-content\/uploads\/sites\/3\/2022\/04\/logo500x500.jpg","width":500,"height":500,"caption":"Just Now News"},"image":{"@id":"https:\/\/now-news.de\/de\/#\/schema\/logo\/image\/"},"sameAs":["https:\/\/www.facebook.com\/wirmachenauf","https:\/\/x.com\/WirMachenAuf_de"]},{"@type":"Person","@id":"https:\/\/now-news.de\/de\/#\/schema\/person\/fb534a4e865501d8b3285208df34a9b5","name":"rtnews","image":{"@type":"ImageObject","inLanguage":"de","@id":"https:\/\/now-news.de\/de\/#\/schema\/person\/image\/","url":"https:\/\/secure.gravatar.com\/avatar\/82aafea7d8127119dd649515f56e2117?s=96&d=mm&r=g","contentUrl":"https:\/\/secure.gravatar.com\/avatar\/82aafea7d8127119dd649515f56e2117?s=96&d=mm&r=g","caption":"rtnews"},"url":"https:\/\/now-news.de\/de\/author\/rnews\/"}]}},"_links":{"self":[{"href":"https:\/\/now-news.de\/de\/wp-json\/wp\/v2\/posts\/92440"}],"collection":[{"href":"https:\/\/now-news.de\/de\/wp-json\/wp\/v2\/posts"}],"about":[{"href":"https:\/\/now-news.de\/de\/wp-json\/wp\/v2\/types\/post"}],"author":[{"embeddable":true,"href":"https:\/\/now-news.de\/de\/wp-json\/wp\/v2\/users\/3"}],"replies":[{"embeddable":true,"href":"https:\/\/now-news.de\/de\/wp-json\/wp\/v2\/comments?post=92440"}],"version-history":[{"count":0,"href":"https:\/\/now-news.de\/de\/wp-json\/wp\/v2\/posts\/92440\/revisions"}],"wp:featuredmedia":[{"embeddable":true,"href":"https:\/\/now-news.de\/de\/wp-json\/wp\/v2\/media\/92441"}],"wp:attachment":[{"href":"https:\/\/now-news.de\/de\/wp-json\/wp\/v2\/media?parent=92440"}],"wp:term":[{"taxonomy":"category","embeddable":true,"href":"https:\/\/now-news.de\/de\/wp-json\/wp\/v2\/categories?post=92440"},{"taxonomy":"post_tag","embeddable":true,"href":"https:\/\/now-news.de\/de\/wp-json\/wp\/v2\/tags?post=92440"}],"curies":[{"name":"wp","href":"https:\/\/api.w.org\/{rel}","templated":true}]}}