{"id":92274,"date":"2025-10-15T19:41:13","date_gmt":"2025-10-15T17:41:13","guid":{"rendered":"https:\/\/now-news.de\/de\/deutschland\/studie-fast-zwei-drittel-der-gefluechteten-in-deutschland-sind-armutsgefaehrdet\/"},"modified":"2025-10-15T19:41:13","modified_gmt":"2025-10-15T17:41:13","slug":"studie-fast-zwei-drittel-der-gefluechteten-in-deutschland-sind-armutsgefaehrdet","status":"publish","type":"post","link":"https:\/\/now-news.de\/de\/deutschland\/studie-fast-zwei-drittel-der-gefluechteten-in-deutschland-sind-armutsgefaehrdet\/","title":{"rendered":"Studie: Fast zwei Drittel der Gefl\u00fcchteten in Deutschland sind armutsgef\u00e4hrdet"},"content":{"rendered":"<div class=\"Text-root Text-type_1 \">\n                Einer Studie zufolge sind rund 63 Prozent der Menschen, die nach Deutschland geflohen sind, armutsgef\u00e4hrdet oder arm. So das Ergebnis einer Untersuchung des Deutschen Instituts f\u00fcr Wirtschaftsforschung (DIW) zur Entwicklung der Jahre 2020 bis 2025.\n            <\/div>\n<p><\/p>\n<div class=\"Text-root Text-type_5 ArticleView-text ViewText-root \">\n<p>Die <em>S\u00fcddeutsche Zeitung<\/em> zitiert vorab Daten aus einer Studie des Deutschen Instituts f\u00fcr Wirtschaftsforschung (DIW) zum Thema &#8220;Einkommensungleichheit und Armutsrisiko&#8221; (Bezahlschranke). Laut <em>SZ<\/em>-Res\u00fcmee w\u00fcrde sich\u00a0in der Untersuchung darlegen, dass die Entwicklung des Armutsrisikos in Deutschland\u00a0&#8220;stark durch Zuwanderung gepr\u00e4gt ist.&#8221; Bei ann\u00e4hernd gleichbleibenden Zahlen bei den Menschen ohne ausl\u00e4ndische Wurzeln, zeige sich &#8220;bei den Gefl\u00fcchteten dagegen ein drastischer Anstieg&#8221;, mit einem Spitzenwert von &#8220;fast 70 Prozent im Jahr 2020&#8221;. Dieser Wert w\u00fcrde nun durch statistische Tricks, ausgehend &#8220;der zunehmenden Arbeitsmarktintegration&#8221; in Minijobs und im Niedriglohnsektor, als &#8220;gute Nachricht&#8221; wieder &#8220;etwas sinken&#8221;.<\/p>\n<p>Die DIW-<a rel=\"nofollow noopener\" target=\"_blank\" href=\"https:\/\/www.diw.de\/de\/diw_01.c.982202.de\/armutsrisiko_stagniert__ist_aber_bei_gefluechteten_und_erwerbslosen_sehr_hoch.html\">Pressemitteilung<\/a> erkl\u00e4rt zu den neuesten themenbezogenen Daten einleitend:<\/p>\n<p><em>&#8220;Hohe Inflation hat den Anstieg der Bruttostundenl\u00f6hne und Haushaltsnettoeinkommen gebremst \u2013 Einkommensungleichheit und Armutsrisikoquote stagnieren seit 2020 \u2013 Unter Gefl\u00fcchteten und Erwerbslosen ist Armutsrisiko weit \u00fcberdurchschnittlich hoch und deutlich gestiegen.&#8221;<\/em><\/p>\n<p>Die Studie enth\u00e4lt Zahlenfakten, laut denen sich die Zahl der ausl\u00e4ndischen Menschen in Deutschland &#8220;zwischen 2010 und 2024 auf nun 14 Millionen mehr als verdoppelt hat&#8221;, so die <em>SZ<\/em> zitierend, &#8220;vor allem aus Polen, Rum\u00e4nien und Bulgarien.&#8221; Weitere Entwicklungen und Realit\u00e4ten lauten:<\/p>\n<p><em>&#8220;Auch im Zuge der sogenannten Fl\u00fcchtlingskrise 2015\/16 kamen mehr als eine Million Menschen aus Syrien, Afghanistan, Eritrea und anderen L\u00e4ndern. Insbesondere aus B\u00fcrgerkriegsl\u00e4ndern wie Afghanistan und Eritrea bringen Gefl\u00fcchtete oft keine formalen Schul- oder Berufsabschl\u00fcsse mit, ein Teil der Menschen sind Analphabeten.&#8221;<\/em><\/p>\n<p>Der <em>SZ<\/em>-Artikel erl\u00e4utert den Lesern eine vermeintliche Routine bei Fl\u00fcchtlingen, nach Ankunft in Deutschland:<\/p>\n<p><em>&#8220;Wenn Menschen nach\u00a0Deutschland\u00a0fliehen, ist der Ablauf oft so: Die Menschen besuchen einen Integrationskurs, lernen Deutsch, suchen Arbeit. Und sie versuchen, m\u00f6gliche Zeugnisse und Berufsabschl\u00fcsse anerkennen zu lassen, damit sie auch in Deutschland etwa als vollwertiger Kfz-Mechaniker, Buchhalter oder Arzt gelten. Mitunter hilft das Jobcenter und finanziert eine Fortbildung. Die meisten kommen allerdings nicht zu gut bezahlter Arbeit und Wohlstand in Deutschland\u00a0\u2026&#8221;<\/em><\/p>\n<p>Vor dem Hintergrund dieser\u00a0Darstellung wird DIW-Forscher Markus Grabka zu den Realit\u00e4ten im Land mit den Worten zitiert:<\/p>\n<p><em>&#8220;Wenn die Menschen erwerbst\u00e4tig sind, dann sind das in der Regel niedrig bezahlte Jobs, Teilzeitjobs und Minijobs.&#8221;<\/em><\/p>\n<p>Die <em>SZ<\/em>-Redaktion moniert hierbei, dass die DIW-Untersuchung &#8220;Erfolgsmeldungen zur Arbeitsmarktintegration von Gefl\u00fcchteten relativiert.&#8221; Als Beleg\u00a0zu dieser Kritik wird pr\u00e4sentiert:<\/p>\n<p><em>&#8220;Das Institut f\u00fcr Arbeitsmarkt- und Berufsforschung (IAB) etwa hatte im vergangenen Jahr die Fortschritte bei der Arbeitssuche von Gefl\u00fcchteten positiv dargestellt. Je l\u00e4nger diese da seien, desto mehr f\u00e4nden eine Arbeit, 90 Prozent von diesen sogar eine sozialversicherungspflichtige.&#8221;<\/em><\/p>\n<p>Zu der aktuellen leicht stagnierenden Entwicklung des Armutsrisikos von Fl\u00fcchtlingen zeige sich die Situation, dass seit dem Jahr 2020 die Quote bei Gefl\u00fcchteten wieder etwas sinke, &#8220;was der zunehmenden Arbeitsmarktintegration zu verdanken sein d\u00fcrfte&#8221;, so Grabka dann wiederum best\u00e4tigend. Weitere Erkl\u00e4rungen lauten:<\/p>\n<p><em>&#8220;Auch andere Zuwanderer haben ein gr\u00f6\u00dferes Risiko, nur mit einem niedrigen Einkommen auskommen zu m\u00fcssen. Dies gilt sowohl f\u00fcr Menschen, die selbst nach Deutschland eingewandert sind, als auch f\u00fcr die n\u00e4chste Generation, wenn mindestens Vater oder Mutter aus dem Ausland stammen. Bei beiden Gruppen lebt rund ein Viertel im Armutsrisiko.&#8221;<\/em><\/p>\n<figure class=\"RTImage-root\">\n<div class=\"RTImage-image RTImage-original\"><picture class=\"Picture-root Picture-original\"><!--[if IE 9]><video style=\"display: none;\"><![endif]--><source media=\"(-webkit-min-device-pixel-ratio: 2) and (min-resolution: 120dpi)\" data-srcset=\" \nhttps:\/\/now-news.de\/de\/wp-content\/uploads\/sites\/3\/2025\/10\/68ef8f8eb480cc63374604df.JPG 850w,\n                https:\/\/now-news.de\/de\/wp-content\/uploads\/sites\/3\/2025\/10\/68ef8f8eb480cc63374604df.JPG 1960w,            \" ><source data-srcset=\" \nhttps:\/\/now-news.de\/de\/wp-content\/uploads\/sites\/3\/2025\/10\/68ef8f8eb480cc63374604df.JPG 460w,\n              https:\/\/now-news.de\/de\/wp-content\/uploads\/sites\/3\/2025\/10\/68ef8f8eb480cc63374604df.JPG 980w,\n            \" ><!--[if IE 9]><\/video><![endif]--><img decoding=\"async\" data- src=\"data:image\/png;base64,iVBORw0KGgoAAAANSUhEUgAAABAAAAAJCAQAAACRI2S5AAAAEElEQVR42mNkIAAYRxWAAQAG9gAKqv6+AwAAAABJRU5ErkJggg==\" class=\"Picture-root Picture-original lazyload\" data-src=\"https:\/\/now-news.de\/de\/wp-content\/uploads\/sites\/3\/2025\/10\/68ef8f8eb480cc63374604df.JPG\" alt=\"\"><\/source><\/source><\/picture><!-- noscript pattern --><noscript><img decoding=\"async\" src=\"https:\/\/now-news.de\/de\/wp-content\/uploads\/sites\/3\/2025\/10\/68ef8f8eb480cc63374604df.JPG\" alt=\"\"><\/noscript><\/div><figcaption class=\"RTImage-footer\"><span class=\"RTImage-caption\"><\/span><span class=\"RTImage-source\"><span class=\"RTImage-captionItem\">Screenshot: Webseite SZ<\/span><\/span><\/figcaption><\/figure>\n<p>Als Schwelle zum Armutsrisiko wurde der Studie laut\u00a0<em>SZ<\/em>-Artikel zugrunde gelegt, wenn jemand \u00fcber weniger als 60 Prozent des sogenannten Medians der Haushaltsnettoeinkommen verf\u00fcgt.\u00a0F\u00fcr eine Einzelperson habe die Schwelle zum Armutsrisiko f\u00fcr das zuletzt untersuchte Jahr 2022 bei 1.419 Euro gelegen. Laut DIW hatten 63,7 Prozent der Gefl\u00fcchteten ein Einkommen, das unter dieser Schwelle lag.<\/p>\n<p><strong>Mehr zum Thema &#8211; <\/strong><a rel=\"nofollow noopener\" target=\"_blank\" href=\"https:\/\/freedert.online\/meinung\/257669-mein-migrant-dein-migrant-konrad\/\">Mein Migrant, dein Migrant: Die Konrad-Adenauer-Stiftung untersucht die Migrationsbev\u00f6lkerung<\/a><\/p>\n<div class=\"EmbedBlock-root EmbedBlock-externalVideo EmbedBlock-rumble\">\n<div class=\"VkEmbed\"><iframe class=\"lazyload\" data-src=\"https:\/\/rumble.com\/embed\/v6xwfto\" frameborder=\"0\" width=\"853\" height=\"480\" allowfullscreen><\/iframe><\/div>\n<\/div>\n<\/div>\n<p><br \/>\n<br \/><a href=\"https:\/\/de.rt.com\/inland\/258879-studie-fast-zwei-drittel-gefluechteten\/\">Source link <\/a><\/p>\n","protected":false},"excerpt":{"rendered":"<p>Einer Studie zufolge sind rund 63 Prozent der Menschen, die nach Deutschland geflohen sind, armutsgef\u00e4hrdet oder arm. So das Ergebnis einer Untersuchung des Deutschen Instituts f\u00fcr Wirtschaftsforschung (DIW) zur Entwicklung der Jahre 2020 bis 2025. Die S\u00fcddeutsche Zeitung zitiert vorab Daten aus einer Studie des Deutschen Instituts f\u00fcr Wirtschaftsforschung (DIW) zum Thema &#8220;Einkommensungleichheit und Armutsrisiko&#8221; [&hellip;]<\/p>\n","protected":false},"author":3,"featured_media":92275,"comment_status":"open","ping_status":"open","sticky":false,"template":"","format":"standard","meta":{"_yoast_indexnow_last_ping":["1760550152"],"wp_automatic_camp":["217"],"53f8625cb4d322f6c2d35c3f2b4edae6":["Studie: Fast zwei Drittel der Gefl\u00fcchteten in Deutschland sind armutsgef\u00e4hrdet"],"original_link":["https:\/\/de.rt.com\/inland\/258879-studie-fast-zwei-drittel-gefluechteten\/"],"_thumbnail_id":["92275"],"jnews_social_counter_last_update":["1777293566"],"_wptgpro_p2tg_sent2tg":["a:1:{i:23737;s:19:\"2025-10-15 19:43:36\";}"]},"categories":[19,23],"tags":[68441,82,179,21204,260,58052,1046,10038,1003],"yoast_head":"<!-- This site is optimized with the Yoast SEO Premium plugin v22.7 (Yoast SEO v22.7) - https:\/\/yoast.com\/wordpress\/plugins\/seo\/ -->\n<title>Studie: Fast zwei Drittel der Gefl\u00fcchteten in Deutschland sind armutsgef\u00e4hrdet - just-now.NEWS Deutschland<\/title>\n<meta name=\"robots\" content=\"index, follow, max-snippet:-1, max-image-preview:large, max-video-preview:-1\" \/>\n<link rel=\"canonical\" href=\"https:\/\/now-news.de\/de\/deutschland\/studie-fast-zwei-drittel-der-gefluechteten-in-deutschland-sind-armutsgefaehrdet\/\" \/>\n<meta property=\"og:locale\" content=\"de_DE\" \/>\n<meta property=\"og:type\" content=\"article\" \/>\n<meta property=\"og:title\" content=\"Studie: Fast zwei Drittel der Gefl\u00fcchteten in Deutschland sind armutsgef\u00e4hrdet\" \/>\n<meta property=\"og:description\" content=\"Einer Studie zufolge sind rund 63 Prozent der Menschen, die nach Deutschland geflohen sind, armutsgef\u00e4hrdet oder arm. So das Ergebnis einer Untersuchung des Deutschen Instituts f\u00fcr Wirtschaftsforschung (DIW) zur Entwicklung der Jahre 2020 bis 2025. Die S\u00fcddeutsche Zeitung zitiert vorab Daten aus einer Studie des Deutschen Instituts f\u00fcr Wirtschaftsforschung (DIW) zum Thema &#8220;Einkommensungleichheit und Armutsrisiko&#8221; [&hellip;]\" \/>\n<meta property=\"og:url\" content=\"https:\/\/now-news.de\/de\/deutschland\/studie-fast-zwei-drittel-der-gefluechteten-in-deutschland-sind-armutsgefaehrdet\/\" \/>\n<meta property=\"og:site_name\" content=\"just-now.NEWS Deutschland\" \/>\n<meta property=\"article:publisher\" content=\"https:\/\/www.facebook.com\/wirmachenauf\" \/>\n<meta property=\"article:published_time\" content=\"2025-10-15T17:41:13+00:00\" \/>\n<meta property=\"og:image\" content=\"https:\/\/now-news.de\/de\/wp-content\/uploads\/sites\/3\/2025\/10\/68ef8f8eb480cc63374604df.JPG\" \/>\n<meta name=\"author\" content=\"rtnews\" \/>\n<meta name=\"twitter:card\" content=\"summary_large_image\" \/>\n<meta name=\"twitter:creator\" content=\"@WirMachenAuf_de\" \/>\n<meta name=\"twitter:site\" content=\"@WirMachenAuf_de\" \/>\n<meta name=\"twitter:label1\" content=\"Verfasst von\" \/>\n\t<meta name=\"twitter:data1\" content=\"rtnews\" \/>\n\t<meta name=\"twitter:label2\" content=\"Gesch\u00e4tzte Lesezeit\" \/>\n\t<meta name=\"twitter:data2\" content=\"3\u00a0Minuten\" \/>\n<script type=\"application\/ld+json\" class=\"yoast-schema-graph\">{\"@context\":\"https:\/\/schema.org\",\"@graph\":[{\"@type\":\"Article\",\"@id\":\"https:\/\/now-news.de\/de\/deutschland\/studie-fast-zwei-drittel-der-gefluechteten-in-deutschland-sind-armutsgefaehrdet\/#article\",\"isPartOf\":{\"@id\":\"https:\/\/now-news.de\/de\/deutschland\/studie-fast-zwei-drittel-der-gefluechteten-in-deutschland-sind-armutsgefaehrdet\/\"},\"author\":{\"name\":\"rtnews\",\"@id\":\"https:\/\/now-news.de\/de\/#\/schema\/person\/fb534a4e865501d8b3285208df34a9b5\"},\"headline\":\"Studie: Fast zwei Drittel der Gefl\u00fcchteten in Deutschland sind armutsgef\u00e4hrdet\",\"datePublished\":\"2025-10-15T17:41:13+00:00\",\"dateModified\":\"2025-10-15T17:41:13+00:00\",\"mainEntityOfPage\":{\"@id\":\"https:\/\/now-news.de\/de\/deutschland\/studie-fast-zwei-drittel-der-gefluechteten-in-deutschland-sind-armutsgefaehrdet\/\"},\"wordCount\":632,\"commentCount\":0,\"publisher\":{\"@id\":\"https:\/\/now-news.de\/de\/#organization\"},\"image\":{\"@id\":\"https:\/\/now-news.de\/de\/deutschland\/studie-fast-zwei-drittel-der-gefluechteten-in-deutschland-sind-armutsgefaehrdet\/#primaryimage\"},\"thumbnailUrl\":\"https:\/\/now-news.de\/de\/wp-content\/uploads\/sites\/3\/2025\/10\/Studie-Fast-zwei-Drittel-der-Gefluechteten-in-Deutschland-sind-armutsgefaehrdet.JPG\",\"keywords\":[\"armutsgef\u00e4hrdet\",\"der\",\"Deutschland\",\"Drittel\",\"Fast\",\"gefl\u00fcchteten\",\"sind\",\"STUDIE\",\"zwei\"],\"articleSection\":[\"Deutschland\",\"Russland\"],\"inLanguage\":\"de\",\"potentialAction\":[{\"@type\":\"CommentAction\",\"name\":\"Comment\",\"target\":[\"https:\/\/now-news.de\/de\/deutschland\/studie-fast-zwei-drittel-der-gefluechteten-in-deutschland-sind-armutsgefaehrdet\/#respond\"]}]},{\"@type\":\"WebPage\",\"@id\":\"https:\/\/now-news.de\/de\/deutschland\/studie-fast-zwei-drittel-der-gefluechteten-in-deutschland-sind-armutsgefaehrdet\/\",\"url\":\"https:\/\/now-news.de\/de\/deutschland\/studie-fast-zwei-drittel-der-gefluechteten-in-deutschland-sind-armutsgefaehrdet\/\",\"name\":\"Studie: Fast zwei Drittel der Gefl\u00fcchteten in Deutschland sind armutsgef\u00e4hrdet - just-now.NEWS Deutschland\",\"isPartOf\":{\"@id\":\"https:\/\/now-news.de\/de\/#website\"},\"primaryImageOfPage\":{\"@id\":\"https:\/\/now-news.de\/de\/deutschland\/studie-fast-zwei-drittel-der-gefluechteten-in-deutschland-sind-armutsgefaehrdet\/#primaryimage\"},\"image\":{\"@id\":\"https:\/\/now-news.de\/de\/deutschland\/studie-fast-zwei-drittel-der-gefluechteten-in-deutschland-sind-armutsgefaehrdet\/#primaryimage\"},\"thumbnailUrl\":\"https:\/\/now-news.de\/de\/wp-content\/uploads\/sites\/3\/2025\/10\/Studie-Fast-zwei-Drittel-der-Gefluechteten-in-Deutschland-sind-armutsgefaehrdet.JPG\",\"datePublished\":\"2025-10-15T17:41:13+00:00\",\"dateModified\":\"2025-10-15T17:41:13+00:00\",\"breadcrumb\":{\"@id\":\"https:\/\/now-news.de\/de\/deutschland\/studie-fast-zwei-drittel-der-gefluechteten-in-deutschland-sind-armutsgefaehrdet\/#breadcrumb\"},\"inLanguage\":\"de\",\"potentialAction\":[{\"@type\":\"ReadAction\",\"target\":[\"https:\/\/now-news.de\/de\/deutschland\/studie-fast-zwei-drittel-der-gefluechteten-in-deutschland-sind-armutsgefaehrdet\/\"]}]},{\"@type\":\"ImageObject\",\"inLanguage\":\"de\",\"@id\":\"https:\/\/now-news.de\/de\/deutschland\/studie-fast-zwei-drittel-der-gefluechteten-in-deutschland-sind-armutsgefaehrdet\/#primaryimage\",\"url\":\"https:\/\/now-news.de\/de\/wp-content\/uploads\/sites\/3\/2025\/10\/Studie-Fast-zwei-Drittel-der-Gefluechteten-in-Deutschland-sind-armutsgefaehrdet.JPG\",\"contentUrl\":\"https:\/\/now-news.de\/de\/wp-content\/uploads\/sites\/3\/2025\/10\/Studie-Fast-zwei-Drittel-der-Gefluechteten-in-Deutschland-sind-armutsgefaehrdet.JPG\",\"width\":682,\"height\":519,\"caption\":\"Studie: Fast zwei Drittel der Gefl\u00fcchteten in Deutschland sind armutsgef\u00e4hrdet\"},{\"@type\":\"BreadcrumbList\",\"@id\":\"https:\/\/now-news.de\/de\/deutschland\/studie-fast-zwei-drittel-der-gefluechteten-in-deutschland-sind-armutsgefaehrdet\/#breadcrumb\",\"itemListElement\":[{\"@type\":\"ListItem\",\"position\":1,\"name\":\"Home\",\"item\":\"https:\/\/now-news.de\/de\/\"},{\"@type\":\"ListItem\",\"position\":2,\"name\":\"Studie: Fast zwei Drittel der Gefl\u00fcchteten in Deutschland sind armutsgef\u00e4hrdet\"}]},{\"@type\":\"WebSite\",\"@id\":\"https:\/\/now-news.de\/de\/#website\",\"url\":\"https:\/\/now-news.de\/de\/\",\"name\":\"just-now.NEWS Deutschland\",\"description\":\"Das Portal f\u00fcr unzensierte Nachrichten aus der Welt\",\"publisher\":{\"@id\":\"https:\/\/now-news.de\/de\/#organization\"},\"potentialAction\":[{\"@type\":\"SearchAction\",\"target\":{\"@type\":\"EntryPoint\",\"urlTemplate\":\"https:\/\/now-news.de\/de\/?s={search_term_string}\"},\"query-input\":\"required name=search_term_string\"}],\"inLanguage\":\"de\"},{\"@type\":\"Organization\",\"@id\":\"https:\/\/now-news.de\/de\/#organization\",\"name\":\"Just Now News\",\"url\":\"https:\/\/now-news.de\/de\/\",\"logo\":{\"@type\":\"ImageObject\",\"inLanguage\":\"de\",\"@id\":\"https:\/\/now-news.de\/de\/#\/schema\/logo\/image\/\",\"url\":\"http:\/\/just-now.news\/de\/wp-content\/uploads\/sites\/3\/2022\/04\/logo500x500.jpg\",\"contentUrl\":\"http:\/\/just-now.news\/de\/wp-content\/uploads\/sites\/3\/2022\/04\/logo500x500.jpg\",\"width\":500,\"height\":500,\"caption\":\"Just Now News\"},\"image\":{\"@id\":\"https:\/\/now-news.de\/de\/#\/schema\/logo\/image\/\"},\"sameAs\":[\"https:\/\/www.facebook.com\/wirmachenauf\",\"https:\/\/x.com\/WirMachenAuf_de\"]},{\"@type\":\"Person\",\"@id\":\"https:\/\/now-news.de\/de\/#\/schema\/person\/fb534a4e865501d8b3285208df34a9b5\",\"name\":\"rtnews\",\"image\":{\"@type\":\"ImageObject\",\"inLanguage\":\"de\",\"@id\":\"https:\/\/now-news.de\/de\/#\/schema\/person\/image\/\",\"url\":\"https:\/\/secure.gravatar.com\/avatar\/82aafea7d8127119dd649515f56e2117?s=96&d=mm&r=g\",\"contentUrl\":\"https:\/\/secure.gravatar.com\/avatar\/82aafea7d8127119dd649515f56e2117?s=96&d=mm&r=g\",\"caption\":\"rtnews\"},\"url\":\"https:\/\/now-news.de\/de\/author\/rnews\/\"}]}<\/script>\n<!-- \/ Yoast SEO Premium plugin. -->","yoast_head_json":{"title":"Studie: Fast zwei Drittel der Gefl\u00fcchteten in Deutschland sind armutsgef\u00e4hrdet - just-now.NEWS Deutschland","robots":{"index":"index","follow":"follow","max-snippet":"max-snippet:-1","max-image-preview":"max-image-preview:large","max-video-preview":"max-video-preview:-1"},"canonical":"https:\/\/now-news.de\/de\/deutschland\/studie-fast-zwei-drittel-der-gefluechteten-in-deutschland-sind-armutsgefaehrdet\/","og_locale":"de_DE","og_type":"article","og_title":"Studie: Fast zwei Drittel der Gefl\u00fcchteten in Deutschland sind armutsgef\u00e4hrdet","og_description":"Einer Studie zufolge sind rund 63 Prozent der Menschen, die nach Deutschland geflohen sind, armutsgef\u00e4hrdet oder arm. So das Ergebnis einer Untersuchung des Deutschen Instituts f\u00fcr Wirtschaftsforschung (DIW) zur Entwicklung der Jahre 2020 bis 2025. Die S\u00fcddeutsche Zeitung zitiert vorab Daten aus einer Studie des Deutschen Instituts f\u00fcr Wirtschaftsforschung (DIW) zum Thema &#8220;Einkommensungleichheit und Armutsrisiko&#8221; [&hellip;]","og_url":"https:\/\/now-news.de\/de\/deutschland\/studie-fast-zwei-drittel-der-gefluechteten-in-deutschland-sind-armutsgefaehrdet\/","og_site_name":"just-now.NEWS Deutschland","article_publisher":"https:\/\/www.facebook.com\/wirmachenauf","article_published_time":"2025-10-15T17:41:13+00:00","og_image":[{"url":"https:\/\/now-news.de\/de\/wp-content\/uploads\/sites\/3\/2025\/10\/68ef8f8eb480cc63374604df.JPG"}],"author":"rtnews","twitter_card":"summary_large_image","twitter_creator":"@WirMachenAuf_de","twitter_site":"@WirMachenAuf_de","twitter_misc":{"Verfasst von":"rtnews","Gesch\u00e4tzte Lesezeit":"3\u00a0Minuten"},"schema":{"@context":"https:\/\/schema.org","@graph":[{"@type":"Article","@id":"https:\/\/now-news.de\/de\/deutschland\/studie-fast-zwei-drittel-der-gefluechteten-in-deutschland-sind-armutsgefaehrdet\/#article","isPartOf":{"@id":"https:\/\/now-news.de\/de\/deutschland\/studie-fast-zwei-drittel-der-gefluechteten-in-deutschland-sind-armutsgefaehrdet\/"},"author":{"name":"rtnews","@id":"https:\/\/now-news.de\/de\/#\/schema\/person\/fb534a4e865501d8b3285208df34a9b5"},"headline":"Studie: Fast zwei Drittel der Gefl\u00fcchteten in Deutschland sind armutsgef\u00e4hrdet","datePublished":"2025-10-15T17:41:13+00:00","dateModified":"2025-10-15T17:41:13+00:00","mainEntityOfPage":{"@id":"https:\/\/now-news.de\/de\/deutschland\/studie-fast-zwei-drittel-der-gefluechteten-in-deutschland-sind-armutsgefaehrdet\/"},"wordCount":632,"commentCount":0,"publisher":{"@id":"https:\/\/now-news.de\/de\/#organization"},"image":{"@id":"https:\/\/now-news.de\/de\/deutschland\/studie-fast-zwei-drittel-der-gefluechteten-in-deutschland-sind-armutsgefaehrdet\/#primaryimage"},"thumbnailUrl":"https:\/\/now-news.de\/de\/wp-content\/uploads\/sites\/3\/2025\/10\/Studie-Fast-zwei-Drittel-der-Gefluechteten-in-Deutschland-sind-armutsgefaehrdet.JPG","keywords":["armutsgef\u00e4hrdet","der","Deutschland","Drittel","Fast","gefl\u00fcchteten","sind","STUDIE","zwei"],"articleSection":["Deutschland","Russland"],"inLanguage":"de","potentialAction":[{"@type":"CommentAction","name":"Comment","target":["https:\/\/now-news.de\/de\/deutschland\/studie-fast-zwei-drittel-der-gefluechteten-in-deutschland-sind-armutsgefaehrdet\/#respond"]}]},{"@type":"WebPage","@id":"https:\/\/now-news.de\/de\/deutschland\/studie-fast-zwei-drittel-der-gefluechteten-in-deutschland-sind-armutsgefaehrdet\/","url":"https:\/\/now-news.de\/de\/deutschland\/studie-fast-zwei-drittel-der-gefluechteten-in-deutschland-sind-armutsgefaehrdet\/","name":"Studie: Fast zwei Drittel der Gefl\u00fcchteten in Deutschland sind armutsgef\u00e4hrdet - just-now.NEWS Deutschland","isPartOf":{"@id":"https:\/\/now-news.de\/de\/#website"},"primaryImageOfPage":{"@id":"https:\/\/now-news.de\/de\/deutschland\/studie-fast-zwei-drittel-der-gefluechteten-in-deutschland-sind-armutsgefaehrdet\/#primaryimage"},"image":{"@id":"https:\/\/now-news.de\/de\/deutschland\/studie-fast-zwei-drittel-der-gefluechteten-in-deutschland-sind-armutsgefaehrdet\/#primaryimage"},"thumbnailUrl":"https:\/\/now-news.de\/de\/wp-content\/uploads\/sites\/3\/2025\/10\/Studie-Fast-zwei-Drittel-der-Gefluechteten-in-Deutschland-sind-armutsgefaehrdet.JPG","datePublished":"2025-10-15T17:41:13+00:00","dateModified":"2025-10-15T17:41:13+00:00","breadcrumb":{"@id":"https:\/\/now-news.de\/de\/deutschland\/studie-fast-zwei-drittel-der-gefluechteten-in-deutschland-sind-armutsgefaehrdet\/#breadcrumb"},"inLanguage":"de","potentialAction":[{"@type":"ReadAction","target":["https:\/\/now-news.de\/de\/deutschland\/studie-fast-zwei-drittel-der-gefluechteten-in-deutschland-sind-armutsgefaehrdet\/"]}]},{"@type":"ImageObject","inLanguage":"de","@id":"https:\/\/now-news.de\/de\/deutschland\/studie-fast-zwei-drittel-der-gefluechteten-in-deutschland-sind-armutsgefaehrdet\/#primaryimage","url":"https:\/\/now-news.de\/de\/wp-content\/uploads\/sites\/3\/2025\/10\/Studie-Fast-zwei-Drittel-der-Gefluechteten-in-Deutschland-sind-armutsgefaehrdet.JPG","contentUrl":"https:\/\/now-news.de\/de\/wp-content\/uploads\/sites\/3\/2025\/10\/Studie-Fast-zwei-Drittel-der-Gefluechteten-in-Deutschland-sind-armutsgefaehrdet.JPG","width":682,"height":519,"caption":"Studie: Fast zwei Drittel der Gefl\u00fcchteten in Deutschland sind armutsgef\u00e4hrdet"},{"@type":"BreadcrumbList","@id":"https:\/\/now-news.de\/de\/deutschland\/studie-fast-zwei-drittel-der-gefluechteten-in-deutschland-sind-armutsgefaehrdet\/#breadcrumb","itemListElement":[{"@type":"ListItem","position":1,"name":"Home","item":"https:\/\/now-news.de\/de\/"},{"@type":"ListItem","position":2,"name":"Studie: Fast zwei Drittel der Gefl\u00fcchteten in Deutschland sind armutsgef\u00e4hrdet"}]},{"@type":"WebSite","@id":"https:\/\/now-news.de\/de\/#website","url":"https:\/\/now-news.de\/de\/","name":"just-now.NEWS Deutschland","description":"Das Portal f\u00fcr unzensierte Nachrichten aus der Welt","publisher":{"@id":"https:\/\/now-news.de\/de\/#organization"},"potentialAction":[{"@type":"SearchAction","target":{"@type":"EntryPoint","urlTemplate":"https:\/\/now-news.de\/de\/?s={search_term_string}"},"query-input":"required name=search_term_string"}],"inLanguage":"de"},{"@type":"Organization","@id":"https:\/\/now-news.de\/de\/#organization","name":"Just Now News","url":"https:\/\/now-news.de\/de\/","logo":{"@type":"ImageObject","inLanguage":"de","@id":"https:\/\/now-news.de\/de\/#\/schema\/logo\/image\/","url":"http:\/\/just-now.news\/de\/wp-content\/uploads\/sites\/3\/2022\/04\/logo500x500.jpg","contentUrl":"http:\/\/just-now.news\/de\/wp-content\/uploads\/sites\/3\/2022\/04\/logo500x500.jpg","width":500,"height":500,"caption":"Just Now News"},"image":{"@id":"https:\/\/now-news.de\/de\/#\/schema\/logo\/image\/"},"sameAs":["https:\/\/www.facebook.com\/wirmachenauf","https:\/\/x.com\/WirMachenAuf_de"]},{"@type":"Person","@id":"https:\/\/now-news.de\/de\/#\/schema\/person\/fb534a4e865501d8b3285208df34a9b5","name":"rtnews","image":{"@type":"ImageObject","inLanguage":"de","@id":"https:\/\/now-news.de\/de\/#\/schema\/person\/image\/","url":"https:\/\/secure.gravatar.com\/avatar\/82aafea7d8127119dd649515f56e2117?s=96&d=mm&r=g","contentUrl":"https:\/\/secure.gravatar.com\/avatar\/82aafea7d8127119dd649515f56e2117?s=96&d=mm&r=g","caption":"rtnews"},"url":"https:\/\/now-news.de\/de\/author\/rnews\/"}]}},"_links":{"self":[{"href":"https:\/\/now-news.de\/de\/wp-json\/wp\/v2\/posts\/92274"}],"collection":[{"href":"https:\/\/now-news.de\/de\/wp-json\/wp\/v2\/posts"}],"about":[{"href":"https:\/\/now-news.de\/de\/wp-json\/wp\/v2\/types\/post"}],"author":[{"embeddable":true,"href":"https:\/\/now-news.de\/de\/wp-json\/wp\/v2\/users\/3"}],"replies":[{"embeddable":true,"href":"https:\/\/now-news.de\/de\/wp-json\/wp\/v2\/comments?post=92274"}],"version-history":[{"count":0,"href":"https:\/\/now-news.de\/de\/wp-json\/wp\/v2\/posts\/92274\/revisions"}],"wp:featuredmedia":[{"embeddable":true,"href":"https:\/\/now-news.de\/de\/wp-json\/wp\/v2\/media\/92275"}],"wp:attachment":[{"href":"https:\/\/now-news.de\/de\/wp-json\/wp\/v2\/media?parent=92274"}],"wp:term":[{"taxonomy":"category","embeddable":true,"href":"https:\/\/now-news.de\/de\/wp-json\/wp\/v2\/categories?post=92274"},{"taxonomy":"post_tag","embeddable":true,"href":"https:\/\/now-news.de\/de\/wp-json\/wp\/v2\/tags?post=92274"}],"curies":[{"name":"wp","href":"https:\/\/api.w.org\/{rel}","templated":true}]}}