{"id":9223,"date":"2022-05-30T08:36:04","date_gmt":"2022-05-30T06:36:04","guid":{"rendered":"http:\/\/just-now.news\/de\/deutschland\/scheinheilig-werden-nato-verbrechen-angeklagt-pocht-der-westen-auf-immunitaet\/"},"modified":"2022-05-30T08:36:04","modified_gmt":"2022-05-30T06:36:04","slug":"scheinheilig-werden-nato-verbrechen-angeklagt-pocht-der-westen-auf-immunitaet","status":"publish","type":"post","link":"https:\/\/now-news.de\/de\/deutschland\/scheinheilig-werden-nato-verbrechen-angeklagt-pocht-der-westen-auf-immunitaet\/","title":{"rendered":"Scheinheilig \u2013 werden NATO-Verbrechen angeklagt, pocht der Westen auf Immunit\u00e4t"},"content":{"rendered":"<p><img decoding=\"async\" src=\"http:\/\/just-now.news\/de\/wp-content\/uploads\/sites\/3\/2022\/05\/628e6f21b480cc7291158813.jpg\" \/><\/p>\n<div class=\"Text-root Text-type_1 \">\n                Die Doppelmoral der NATO ist schwer ertr\u00e4glich: Sie beruft sich in der juristischen Verantwortung f\u00fcr die illegalen Bombenangriffe auf Jugoslawien auf &#8220;Immunit\u00e4t&#8221; f\u00fcr ihre Truppen. Das ist f\u00fcr sie eine bew\u00e4hrte Formel, auch bei der wahllosen T\u00f6tung von Zivilisten im Irak, in Syrien und in Afghanistan.\n            <\/div>\n<p><\/p>\n<div class=\"Text-root Text-type_5 ArticleView-text ViewText-root \">\n<p><em>Von Marinko U\u010dur, Belgrad<\/em><\/p>\n<p>Ungeachtet der Tatsache, dass wir sie ab M\u00e4rz 1999 bei den illegalen Bombenangriffen auf die Bundesrepublik Jugoslawien get\u00f6tet haben, ungeachtet der Tatsache, dass die &#8220;Auswirkung&#8221; dieses Verbrechens mehr als 2.500 Tote forderte und dass der materielle Schaden 100 Milliarden Dollar \u00fcberstieg, sowie ungeachtet dessen, dass die Operation ohne Zustimmung der Vereinten Nationen illegal war \u2013 berufen wir uns auf unsere Immunit\u00e4t! Dies l\u00e4sst sich aus der Antwort des NATO-Hauptquartiers in Br\u00fcssel an den Obersten Gerichtshof und an den serbischen Anwalt Sr\u0111an Aleksi\u0107 schlie\u00dfen, der seit Jahren hartn\u00e4ckig versucht, dieses Milit\u00e4rb\u00fcndnis nach der Bombardierung mit angereichertem Uran im Jahr 1999 zu einer finanziellen Entsch\u00e4digung der Opfer zu zwingen.<\/p>\n<p>Es gab schwache Aussichten, das westliche Milit\u00e4rb\u00fcndnis dazu zu bringen, seine Verantwortung f\u00fcr die Folgen der Bombardierung auf sich zu nehmen, da Einwohner auch heute, 23 Jahre danach, massenhaft an Krebs erkranken. Nachdem der Anwalt Aleksi\u0107 jedoch medizinische Unterlagen von mehr als 3.000 B\u00fcrgern gesammelt hat, die sich wegen spezifischer gesundheitlicher Probleme meldeten, und nachdem \u00c4rzte eine Verbindung zwischen der erh\u00f6hten Anzahl von an Krebs erkrankten Patienten im S\u00fcden Serbiens, das am meisten von der Bombardierung mit angereichertem Uran betroffen war, nachgewiesen haben, scheint es so, dass es mehr Aussichten gibt, die Allianz zur Rechenschaft zu ziehen.<\/p>\n<p>Der entscheidende Augenblick im gesamten Verfahren gegen die NATO, die in den vergangenen Jahren beharrlich ignoriert hat, s\u00e4mtliche Anschuldigungen zu beantworten, war die Erkenntnis, dass italienische Soldaten, die in Gebieten stationiert waren, die den Bombenangriffen ausgesetzt waren, rund 253 Prozesse gegen das Verteidigungsministerium von Italien gewonnen haben. Italienische Soldaten, die in den NATO-Einheiten im S\u00fcden Serbiens und auf dem Gebiet der selbsternannten Provinz Kosovo stationiert waren, wurden erfolgreich vom Rechtsanwalt Angelo Fiore Tartaglia vertreten. Wegen ihrer gesundheitlichen Probleme und Traumata und wegen der durch die Strahlungen verursachten Todesf\u00e4lle verhalf er den Betroffenen zu einer finanziellen Entsch\u00e4digung in H\u00f6he von jeweils hunderttausend Euro.<\/p>\n<p>Im Fall Serbiens werden die Angelegenheiten jedoch komplizierter, da Vertreter der Allianz nicht auf den Appell des serbischen Rechtsanwalts und jener \u00c4rzte reagierten, die in den Medien oft die besorgniserregend steigende Zahl an Krebsf\u00e4lle preisgaben. Nachdem der italienische Rechtsanwalt jedoch sein Interesse auch f\u00fcr die serbischen Opfer zeigte und seine Bereitschaft zum Ausdruck brachte, seine eigenen Erfahrungen mit seinen serbischen Kollegen in der Rechtssache gegen die Allianz zu teilen, erscheinen die Aussichten, den Prozess zu gewinnen, etwas besser. In der kommenden Zeit wird in Serbien die Ankunft\u00a0von Rechtsanwalt Tartaglia und seiner Mitarbeiterin f\u00fcr Fragen der forensischen Psychopathologie und Rechtsmedizin, Dr. Rite Celli, erwartet.<\/p>\n<p>Dr. Celli war Beraterin der Untersuchungskommission, die die Auswirkungen des angereicherten Urans und der Nanopartikel auf die in Friedensmissionen angestellten Soldaten, die sich w\u00e4hrend des NATO-Bombardements in der serbischen Provinz Kosovo und Metochien (Kosovo und Metohija ist die verfassungsm\u00e4\u00dfige Bezeichnung der selbsternannten serbischen Provinz) aufhielten, untersucht hat.<\/p>\n<p>Die italienische \u00c4rztin war auch Mitglied der Sachverst\u00e4ndigenkommission, die an der Feststellung des Kausalzusammenhangs zwischen der Bombardierung mit angereichertem Uran und den Erkrankungen der Menschen, die sich im Jahr 1999 auf dem Kosovo aufhielten, arbeitete. Durch die Entnahme von Blutproben von den italienischen Soldaten fand Dr. Celli heraus, dass die h\u00e4ufigen Krebserkrankungen die Folge der Bombardierung mit schweren Metallen sind. Rechtsanwalt Sr\u0111an Aleksi\u0107 hofft, dass die \u00c4rztin Celli ein Gutachten \u00fcber seine Kunden erstellen wird und dass m\u00f6gliche Beweise genauso wie bei den italienischen Klagen im Gerichtshof wegen der Vereinheitlichung der Rechtsprechung vorgebracht werden. \u00a0<\/p>\n<p>Nach dem Vorbild Italiens versucht man nun mittels der Klagen gegen die NATO vom Belgrader Gerichtshof in jedem nachgewiesenen Fall einen Schadensersatz in H\u00f6he von je 100.000 Euro zugesprochen zu bekommen. Jetzt liegt der Ball wieder in den H\u00e4nden des Gerichtshofs, aber auch der NATO-Allianz, die sich gegen die Verbrechensvorw\u00fcrfe lakonisch mit ihrer &#8220;Immunit\u00e4t&#8221; verteidigt. Es ist offensichtlich, dass &#8220;Immunit\u00e4t&#8221; in ihrem Fall eine bew\u00e4hrte Formel ist, die sie unz\u00e4hlige Male bei der wahllosen T\u00f6tung von Zivilisten verwendet hat, die im Irak, in Syrien und in Afghanistan als &#8220;Kollateralsch\u00e4den&#8221; bezeichnet wurden.<\/p>\n<p><strong>Mehr zum Thema<\/strong> \u2013 <a rel=\"nofollow noopener\" target=\"_blank\" href=\"https:\/\/rtde.site\/europa\/138551-serbien-will-weiter-gegen-westlichen-sanktionsdruck-kaempfen\/\">Serbien will weiter gegen westlichen Sanktionsdruck &#8220;k\u00e4mpfen&#8221;<\/a><\/p>\n<\/p>\n<\/div>\n<p><br \/>\n<br \/><a href=\"https:\/\/de.rt.com\/meinung\/139391-scheinheilig-werden-nato-verbrechen-angeklagt\/\">Source link <\/a><\/p>\n","protected":false},"excerpt":{"rendered":"<p>Die Doppelmoral der NATO ist schwer ertr\u00e4glich: Sie beruft sich in der juristischen Verantwortung f\u00fcr die illegalen Bombenangriffe auf Jugoslawien auf &#8220;Immunit\u00e4t&#8221; f\u00fcr ihre Truppen. Das ist f\u00fcr sie eine bew\u00e4hrte Formel, auch bei der wahllosen T\u00f6tung von Zivilisten im Irak, in Syrien und in Afghanistan. Von Marinko U\u010dur, Belgrad Ungeachtet der Tatsache, dass wir [&hellip;]<\/p>\n","protected":false},"author":3,"featured_media":9224,"comment_status":"open","ping_status":"open","sticky":false,"template":"","format":"standard","meta":{"wp_automatic_camp":["217"],"a4b1c0c1ed95df6a987f5751c6d6e7e6":["Scheinheilig \u2013 werden NATO-Verbrechen angeklagt, pocht der Westen auf Immunit\u00e4t"],"original_link":["https:\/\/de.rt.com\/meinung\/139391-scheinheilig-werden-nato-verbrechen-angeklagt\/"],"_thumbnail_id":["9224"],"jnews_social_counter_last_update":["1777715780"]},"categories":[19,23],"tags":[8172,133,82,21028,22382,21357,2393,1040,378],"yoast_head":"<!-- This site is optimized with the Yoast SEO Premium plugin v22.7 (Yoast SEO v22.7) - https:\/\/yoast.com\/wordpress\/plugins\/seo\/ -->\n<title>Scheinheilig \u2013 werden NATO-Verbrechen angeklagt, pocht der Westen auf Immunit\u00e4t - just-now.NEWS Deutschland<\/title>\n<meta name=\"robots\" content=\"index, follow, max-snippet:-1, max-image-preview:large, max-video-preview:-1\" \/>\n<link rel=\"canonical\" href=\"https:\/\/now-news.de\/de\/deutschland\/scheinheilig-werden-nato-verbrechen-angeklagt-pocht-der-westen-auf-immunitaet\/\" \/>\n<meta property=\"og:locale\" content=\"de_DE\" \/>\n<meta property=\"og:type\" content=\"article\" \/>\n<meta property=\"og:title\" content=\"Scheinheilig \u2013 werden NATO-Verbrechen angeklagt, pocht der Westen auf Immunit\u00e4t\" \/>\n<meta property=\"og:description\" content=\"Die Doppelmoral der NATO ist schwer ertr\u00e4glich: Sie beruft sich in der juristischen Verantwortung f\u00fcr die illegalen Bombenangriffe auf Jugoslawien auf &#8220;Immunit\u00e4t&#8221; f\u00fcr ihre Truppen. Das ist f\u00fcr sie eine bew\u00e4hrte Formel, auch bei der wahllosen T\u00f6tung von Zivilisten im Irak, in Syrien und in Afghanistan. Von Marinko U\u010dur, Belgrad Ungeachtet der Tatsache, dass wir [&hellip;]\" \/>\n<meta property=\"og:url\" content=\"https:\/\/now-news.de\/de\/deutschland\/scheinheilig-werden-nato-verbrechen-angeklagt-pocht-der-westen-auf-immunitaet\/\" \/>\n<meta property=\"og:site_name\" content=\"just-now.NEWS Deutschland\" \/>\n<meta property=\"article:publisher\" content=\"https:\/\/www.facebook.com\/wirmachenauf\" \/>\n<meta property=\"article:published_time\" content=\"2022-05-30T06:36:04+00:00\" \/>\n<meta property=\"og:image\" content=\"https:\/\/now-news.de\/de\/wp-content\/uploads\/sites\/3\/2022\/05\/Scheinheilig-\u2013-werden-NATO-Verbrechen-angeklagt-pocht-der-Westen-auf-Immunitaet.jpg\" \/>\n\t<meta property=\"og:image:width\" content=\"460\" \/>\n\t<meta property=\"og:image:height\" content=\"259\" \/>\n\t<meta property=\"og:image:type\" content=\"image\/jpeg\" \/>\n<meta name=\"author\" content=\"rtnews\" \/>\n<meta name=\"twitter:card\" content=\"summary_large_image\" \/>\n<meta name=\"twitter:creator\" content=\"@WirMachenAuf_de\" \/>\n<meta name=\"twitter:site\" content=\"@WirMachenAuf_de\" \/>\n<meta name=\"twitter:label1\" content=\"Verfasst von\" \/>\n\t<meta name=\"twitter:data1\" content=\"rtnews\" \/>\n\t<meta name=\"twitter:label2\" content=\"Gesch\u00e4tzte Lesezeit\" \/>\n\t<meta name=\"twitter:data2\" content=\"4\u00a0Minuten\" \/>\n<script type=\"application\/ld+json\" class=\"yoast-schema-graph\">{\"@context\":\"https:\/\/schema.org\",\"@graph\":[{\"@type\":\"Article\",\"@id\":\"https:\/\/now-news.de\/de\/deutschland\/scheinheilig-werden-nato-verbrechen-angeklagt-pocht-der-westen-auf-immunitaet\/#article\",\"isPartOf\":{\"@id\":\"https:\/\/now-news.de\/de\/deutschland\/scheinheilig-werden-nato-verbrechen-angeklagt-pocht-der-westen-auf-immunitaet\/\"},\"author\":{\"name\":\"rtnews\",\"@id\":\"https:\/\/now-news.de\/de\/#\/schema\/person\/fb534a4e865501d8b3285208df34a9b5\"},\"headline\":\"Scheinheilig \u2013 werden NATO-Verbrechen angeklagt, pocht der Westen auf Immunit\u00e4t\",\"datePublished\":\"2022-05-30T06:36:04+00:00\",\"dateModified\":\"2022-05-30T06:36:04+00:00\",\"mainEntityOfPage\":{\"@id\":\"https:\/\/now-news.de\/de\/deutschland\/scheinheilig-werden-nato-verbrechen-angeklagt-pocht-der-westen-auf-immunitaet\/\"},\"wordCount\":754,\"commentCount\":0,\"publisher\":{\"@id\":\"https:\/\/now-news.de\/de\/#organization\"},\"image\":{\"@id\":\"https:\/\/now-news.de\/de\/deutschland\/scheinheilig-werden-nato-verbrechen-angeklagt-pocht-der-westen-auf-immunitaet\/#primaryimage\"},\"thumbnailUrl\":\"https:\/\/now-news.de\/de\/wp-content\/uploads\/sites\/3\/2022\/05\/Scheinheilig-\u2013-werden-NATO-Verbrechen-angeklagt-pocht-der-Westen-auf-Immunitaet.jpg\",\"keywords\":[\"angeklagt\",\"AUF\",\"der\",\"Immunit\u00e4t\",\"NATOVerbrechen\",\"pocht\",\"Scheinheilig\",\"Werden\",\"Westen\"],\"articleSection\":[\"Deutschland\",\"Russland\"],\"inLanguage\":\"de\",\"potentialAction\":[{\"@type\":\"CommentAction\",\"name\":\"Comment\",\"target\":[\"https:\/\/now-news.de\/de\/deutschland\/scheinheilig-werden-nato-verbrechen-angeklagt-pocht-der-westen-auf-immunitaet\/#respond\"]}]},{\"@type\":\"WebPage\",\"@id\":\"https:\/\/now-news.de\/de\/deutschland\/scheinheilig-werden-nato-verbrechen-angeklagt-pocht-der-westen-auf-immunitaet\/\",\"url\":\"https:\/\/now-news.de\/de\/deutschland\/scheinheilig-werden-nato-verbrechen-angeklagt-pocht-der-westen-auf-immunitaet\/\",\"name\":\"Scheinheilig \u2013 werden NATO-Verbrechen angeklagt, pocht der Westen auf Immunit\u00e4t - just-now.NEWS Deutschland\",\"isPartOf\":{\"@id\":\"https:\/\/now-news.de\/de\/#website\"},\"primaryImageOfPage\":{\"@id\":\"https:\/\/now-news.de\/de\/deutschland\/scheinheilig-werden-nato-verbrechen-angeklagt-pocht-der-westen-auf-immunitaet\/#primaryimage\"},\"image\":{\"@id\":\"https:\/\/now-news.de\/de\/deutschland\/scheinheilig-werden-nato-verbrechen-angeklagt-pocht-der-westen-auf-immunitaet\/#primaryimage\"},\"thumbnailUrl\":\"https:\/\/now-news.de\/de\/wp-content\/uploads\/sites\/3\/2022\/05\/Scheinheilig-\u2013-werden-NATO-Verbrechen-angeklagt-pocht-der-Westen-auf-Immunitaet.jpg\",\"datePublished\":\"2022-05-30T06:36:04+00:00\",\"dateModified\":\"2022-05-30T06:36:04+00:00\",\"breadcrumb\":{\"@id\":\"https:\/\/now-news.de\/de\/deutschland\/scheinheilig-werden-nato-verbrechen-angeklagt-pocht-der-westen-auf-immunitaet\/#breadcrumb\"},\"inLanguage\":\"de\",\"potentialAction\":[{\"@type\":\"ReadAction\",\"target\":[\"https:\/\/now-news.de\/de\/deutschland\/scheinheilig-werden-nato-verbrechen-angeklagt-pocht-der-westen-auf-immunitaet\/\"]}]},{\"@type\":\"ImageObject\",\"inLanguage\":\"de\",\"@id\":\"https:\/\/now-news.de\/de\/deutschland\/scheinheilig-werden-nato-verbrechen-angeklagt-pocht-der-westen-auf-immunitaet\/#primaryimage\",\"url\":\"https:\/\/now-news.de\/de\/wp-content\/uploads\/sites\/3\/2022\/05\/Scheinheilig-\u2013-werden-NATO-Verbrechen-angeklagt-pocht-der-Westen-auf-Immunitaet.jpg\",\"contentUrl\":\"https:\/\/now-news.de\/de\/wp-content\/uploads\/sites\/3\/2022\/05\/Scheinheilig-\u2013-werden-NATO-Verbrechen-angeklagt-pocht-der-Westen-auf-Immunitaet.jpg\",\"width\":460,\"height\":259,\"caption\":\"Scheinheilig \u2013 werden NATO-Verbrechen angeklagt, pocht der Westen auf Immunit\u00e4t\"},{\"@type\":\"BreadcrumbList\",\"@id\":\"https:\/\/now-news.de\/de\/deutschland\/scheinheilig-werden-nato-verbrechen-angeklagt-pocht-der-westen-auf-immunitaet\/#breadcrumb\",\"itemListElement\":[{\"@type\":\"ListItem\",\"position\":1,\"name\":\"Home\",\"item\":\"https:\/\/now-news.de\/de\/\"},{\"@type\":\"ListItem\",\"position\":2,\"name\":\"Scheinheilig \u2013 werden NATO-Verbrechen angeklagt, pocht der Westen auf Immunit\u00e4t\"}]},{\"@type\":\"WebSite\",\"@id\":\"https:\/\/now-news.de\/de\/#website\",\"url\":\"https:\/\/now-news.de\/de\/\",\"name\":\"just-now.NEWS Deutschland\",\"description\":\"Das Portal f\u00fcr unzensierte Nachrichten aus der Welt\",\"publisher\":{\"@id\":\"https:\/\/now-news.de\/de\/#organization\"},\"potentialAction\":[{\"@type\":\"SearchAction\",\"target\":{\"@type\":\"EntryPoint\",\"urlTemplate\":\"https:\/\/now-news.de\/de\/?s={search_term_string}\"},\"query-input\":\"required name=search_term_string\"}],\"inLanguage\":\"de\"},{\"@type\":\"Organization\",\"@id\":\"https:\/\/now-news.de\/de\/#organization\",\"name\":\"Just Now News\",\"url\":\"https:\/\/now-news.de\/de\/\",\"logo\":{\"@type\":\"ImageObject\",\"inLanguage\":\"de\",\"@id\":\"https:\/\/now-news.de\/de\/#\/schema\/logo\/image\/\",\"url\":\"http:\/\/just-now.news\/de\/wp-content\/uploads\/sites\/3\/2022\/04\/logo500x500.jpg\",\"contentUrl\":\"http:\/\/just-now.news\/de\/wp-content\/uploads\/sites\/3\/2022\/04\/logo500x500.jpg\",\"width\":500,\"height\":500,\"caption\":\"Just Now News\"},\"image\":{\"@id\":\"https:\/\/now-news.de\/de\/#\/schema\/logo\/image\/\"},\"sameAs\":[\"https:\/\/www.facebook.com\/wirmachenauf\",\"https:\/\/x.com\/WirMachenAuf_de\"]},{\"@type\":\"Person\",\"@id\":\"https:\/\/now-news.de\/de\/#\/schema\/person\/fb534a4e865501d8b3285208df34a9b5\",\"name\":\"rtnews\",\"image\":{\"@type\":\"ImageObject\",\"inLanguage\":\"de\",\"@id\":\"https:\/\/now-news.de\/de\/#\/schema\/person\/image\/\",\"url\":\"https:\/\/secure.gravatar.com\/avatar\/82aafea7d8127119dd649515f56e2117?s=96&d=mm&r=g\",\"contentUrl\":\"https:\/\/secure.gravatar.com\/avatar\/82aafea7d8127119dd649515f56e2117?s=96&d=mm&r=g\",\"caption\":\"rtnews\"},\"url\":\"https:\/\/now-news.de\/de\/author\/rnews\/\"}]}<\/script>\n<!-- \/ Yoast SEO Premium plugin. -->","yoast_head_json":{"title":"Scheinheilig \u2013 werden NATO-Verbrechen angeklagt, pocht der Westen auf Immunit\u00e4t - just-now.NEWS Deutschland","robots":{"index":"index","follow":"follow","max-snippet":"max-snippet:-1","max-image-preview":"max-image-preview:large","max-video-preview":"max-video-preview:-1"},"canonical":"https:\/\/now-news.de\/de\/deutschland\/scheinheilig-werden-nato-verbrechen-angeklagt-pocht-der-westen-auf-immunitaet\/","og_locale":"de_DE","og_type":"article","og_title":"Scheinheilig \u2013 werden NATO-Verbrechen angeklagt, pocht der Westen auf Immunit\u00e4t","og_description":"Die Doppelmoral der NATO ist schwer ertr\u00e4glich: Sie beruft sich in der juristischen Verantwortung f\u00fcr die illegalen Bombenangriffe auf Jugoslawien auf &#8220;Immunit\u00e4t&#8221; f\u00fcr ihre Truppen. Das ist f\u00fcr sie eine bew\u00e4hrte Formel, auch bei der wahllosen T\u00f6tung von Zivilisten im Irak, in Syrien und in Afghanistan. Von Marinko U\u010dur, Belgrad Ungeachtet der Tatsache, dass wir [&hellip;]","og_url":"https:\/\/now-news.de\/de\/deutschland\/scheinheilig-werden-nato-verbrechen-angeklagt-pocht-der-westen-auf-immunitaet\/","og_site_name":"just-now.NEWS Deutschland","article_publisher":"https:\/\/www.facebook.com\/wirmachenauf","article_published_time":"2022-05-30T06:36:04+00:00","og_image":[{"width":460,"height":259,"url":"https:\/\/now-news.de\/de\/wp-content\/uploads\/sites\/3\/2022\/05\/Scheinheilig-\u2013-werden-NATO-Verbrechen-angeklagt-pocht-der-Westen-auf-Immunitaet.jpg","type":"image\/jpeg"}],"author":"rtnews","twitter_card":"summary_large_image","twitter_creator":"@WirMachenAuf_de","twitter_site":"@WirMachenAuf_de","twitter_misc":{"Verfasst von":"rtnews","Gesch\u00e4tzte Lesezeit":"4\u00a0Minuten"},"schema":{"@context":"https:\/\/schema.org","@graph":[{"@type":"Article","@id":"https:\/\/now-news.de\/de\/deutschland\/scheinheilig-werden-nato-verbrechen-angeklagt-pocht-der-westen-auf-immunitaet\/#article","isPartOf":{"@id":"https:\/\/now-news.de\/de\/deutschland\/scheinheilig-werden-nato-verbrechen-angeklagt-pocht-der-westen-auf-immunitaet\/"},"author":{"name":"rtnews","@id":"https:\/\/now-news.de\/de\/#\/schema\/person\/fb534a4e865501d8b3285208df34a9b5"},"headline":"Scheinheilig \u2013 werden NATO-Verbrechen angeklagt, pocht der Westen auf Immunit\u00e4t","datePublished":"2022-05-30T06:36:04+00:00","dateModified":"2022-05-30T06:36:04+00:00","mainEntityOfPage":{"@id":"https:\/\/now-news.de\/de\/deutschland\/scheinheilig-werden-nato-verbrechen-angeklagt-pocht-der-westen-auf-immunitaet\/"},"wordCount":754,"commentCount":0,"publisher":{"@id":"https:\/\/now-news.de\/de\/#organization"},"image":{"@id":"https:\/\/now-news.de\/de\/deutschland\/scheinheilig-werden-nato-verbrechen-angeklagt-pocht-der-westen-auf-immunitaet\/#primaryimage"},"thumbnailUrl":"https:\/\/now-news.de\/de\/wp-content\/uploads\/sites\/3\/2022\/05\/Scheinheilig-\u2013-werden-NATO-Verbrechen-angeklagt-pocht-der-Westen-auf-Immunitaet.jpg","keywords":["angeklagt","AUF","der","Immunit\u00e4t","NATOVerbrechen","pocht","Scheinheilig","Werden","Westen"],"articleSection":["Deutschland","Russland"],"inLanguage":"de","potentialAction":[{"@type":"CommentAction","name":"Comment","target":["https:\/\/now-news.de\/de\/deutschland\/scheinheilig-werden-nato-verbrechen-angeklagt-pocht-der-westen-auf-immunitaet\/#respond"]}]},{"@type":"WebPage","@id":"https:\/\/now-news.de\/de\/deutschland\/scheinheilig-werden-nato-verbrechen-angeklagt-pocht-der-westen-auf-immunitaet\/","url":"https:\/\/now-news.de\/de\/deutschland\/scheinheilig-werden-nato-verbrechen-angeklagt-pocht-der-westen-auf-immunitaet\/","name":"Scheinheilig \u2013 werden NATO-Verbrechen angeklagt, pocht der Westen auf Immunit\u00e4t - just-now.NEWS Deutschland","isPartOf":{"@id":"https:\/\/now-news.de\/de\/#website"},"primaryImageOfPage":{"@id":"https:\/\/now-news.de\/de\/deutschland\/scheinheilig-werden-nato-verbrechen-angeklagt-pocht-der-westen-auf-immunitaet\/#primaryimage"},"image":{"@id":"https:\/\/now-news.de\/de\/deutschland\/scheinheilig-werden-nato-verbrechen-angeklagt-pocht-der-westen-auf-immunitaet\/#primaryimage"},"thumbnailUrl":"https:\/\/now-news.de\/de\/wp-content\/uploads\/sites\/3\/2022\/05\/Scheinheilig-\u2013-werden-NATO-Verbrechen-angeklagt-pocht-der-Westen-auf-Immunitaet.jpg","datePublished":"2022-05-30T06:36:04+00:00","dateModified":"2022-05-30T06:36:04+00:00","breadcrumb":{"@id":"https:\/\/now-news.de\/de\/deutschland\/scheinheilig-werden-nato-verbrechen-angeklagt-pocht-der-westen-auf-immunitaet\/#breadcrumb"},"inLanguage":"de","potentialAction":[{"@type":"ReadAction","target":["https:\/\/now-news.de\/de\/deutschland\/scheinheilig-werden-nato-verbrechen-angeklagt-pocht-der-westen-auf-immunitaet\/"]}]},{"@type":"ImageObject","inLanguage":"de","@id":"https:\/\/now-news.de\/de\/deutschland\/scheinheilig-werden-nato-verbrechen-angeklagt-pocht-der-westen-auf-immunitaet\/#primaryimage","url":"https:\/\/now-news.de\/de\/wp-content\/uploads\/sites\/3\/2022\/05\/Scheinheilig-\u2013-werden-NATO-Verbrechen-angeklagt-pocht-der-Westen-auf-Immunitaet.jpg","contentUrl":"https:\/\/now-news.de\/de\/wp-content\/uploads\/sites\/3\/2022\/05\/Scheinheilig-\u2013-werden-NATO-Verbrechen-angeklagt-pocht-der-Westen-auf-Immunitaet.jpg","width":460,"height":259,"caption":"Scheinheilig \u2013 werden NATO-Verbrechen angeklagt, pocht der Westen auf Immunit\u00e4t"},{"@type":"BreadcrumbList","@id":"https:\/\/now-news.de\/de\/deutschland\/scheinheilig-werden-nato-verbrechen-angeklagt-pocht-der-westen-auf-immunitaet\/#breadcrumb","itemListElement":[{"@type":"ListItem","position":1,"name":"Home","item":"https:\/\/now-news.de\/de\/"},{"@type":"ListItem","position":2,"name":"Scheinheilig \u2013 werden NATO-Verbrechen angeklagt, pocht der Westen auf Immunit\u00e4t"}]},{"@type":"WebSite","@id":"https:\/\/now-news.de\/de\/#website","url":"https:\/\/now-news.de\/de\/","name":"just-now.NEWS Deutschland","description":"Das Portal f\u00fcr unzensierte Nachrichten aus der Welt","publisher":{"@id":"https:\/\/now-news.de\/de\/#organization"},"potentialAction":[{"@type":"SearchAction","target":{"@type":"EntryPoint","urlTemplate":"https:\/\/now-news.de\/de\/?s={search_term_string}"},"query-input":"required name=search_term_string"}],"inLanguage":"de"},{"@type":"Organization","@id":"https:\/\/now-news.de\/de\/#organization","name":"Just Now News","url":"https:\/\/now-news.de\/de\/","logo":{"@type":"ImageObject","inLanguage":"de","@id":"https:\/\/now-news.de\/de\/#\/schema\/logo\/image\/","url":"http:\/\/just-now.news\/de\/wp-content\/uploads\/sites\/3\/2022\/04\/logo500x500.jpg","contentUrl":"http:\/\/just-now.news\/de\/wp-content\/uploads\/sites\/3\/2022\/04\/logo500x500.jpg","width":500,"height":500,"caption":"Just Now News"},"image":{"@id":"https:\/\/now-news.de\/de\/#\/schema\/logo\/image\/"},"sameAs":["https:\/\/www.facebook.com\/wirmachenauf","https:\/\/x.com\/WirMachenAuf_de"]},{"@type":"Person","@id":"https:\/\/now-news.de\/de\/#\/schema\/person\/fb534a4e865501d8b3285208df34a9b5","name":"rtnews","image":{"@type":"ImageObject","inLanguage":"de","@id":"https:\/\/now-news.de\/de\/#\/schema\/person\/image\/","url":"https:\/\/secure.gravatar.com\/avatar\/82aafea7d8127119dd649515f56e2117?s=96&d=mm&r=g","contentUrl":"https:\/\/secure.gravatar.com\/avatar\/82aafea7d8127119dd649515f56e2117?s=96&d=mm&r=g","caption":"rtnews"},"url":"https:\/\/now-news.de\/de\/author\/rnews\/"}]}},"_links":{"self":[{"href":"https:\/\/now-news.de\/de\/wp-json\/wp\/v2\/posts\/9223"}],"collection":[{"href":"https:\/\/now-news.de\/de\/wp-json\/wp\/v2\/posts"}],"about":[{"href":"https:\/\/now-news.de\/de\/wp-json\/wp\/v2\/types\/post"}],"author":[{"embeddable":true,"href":"https:\/\/now-news.de\/de\/wp-json\/wp\/v2\/users\/3"}],"replies":[{"embeddable":true,"href":"https:\/\/now-news.de\/de\/wp-json\/wp\/v2\/comments?post=9223"}],"version-history":[{"count":0,"href":"https:\/\/now-news.de\/de\/wp-json\/wp\/v2\/posts\/9223\/revisions"}],"wp:featuredmedia":[{"embeddable":true,"href":"https:\/\/now-news.de\/de\/wp-json\/wp\/v2\/media\/9224"}],"wp:attachment":[{"href":"https:\/\/now-news.de\/de\/wp-json\/wp\/v2\/media?parent=9223"}],"wp:term":[{"taxonomy":"category","embeddable":true,"href":"https:\/\/now-news.de\/de\/wp-json\/wp\/v2\/categories?post=9223"},{"taxonomy":"post_tag","embeddable":true,"href":"https:\/\/now-news.de\/de\/wp-json\/wp\/v2\/tags?post=9223"}],"curies":[{"name":"wp","href":"https:\/\/api.w.org\/{rel}","templated":true}]}}