{"id":92211,"date":"2025-10-14T17:48:40","date_gmt":"2025-10-14T15:48:40","guid":{"rendered":"https:\/\/now-news.de\/de\/deutschland\/abgemagert-nervoes-blass-der-einstige-immobilien-tycoon-rene-benko-vor-gericht\/"},"modified":"2025-10-14T17:48:40","modified_gmt":"2025-10-14T15:48:40","slug":"abgemagert-nervoes-blass-der-einstige-immobilien-tycoon-rene-benko-vor-gericht","status":"publish","type":"post","link":"https:\/\/now-news.de\/de\/deutschland\/abgemagert-nervoes-blass-der-einstige-immobilien-tycoon-rene-benko-vor-gericht\/","title":{"rendered":"Abgemagert, nerv\u00f6s, blass \u2013 der einstige Immobilien-Tycoon Ren\u00e9 Benko vor Gericht"},"content":{"rendered":"<div class=\"Text-root Text-type_1 \">\n                In Innsbruck steht Ren\u00e9 Benko erstmals vor Gericht. Der einstige Immobilienmogul soll kurz vor dem Zusammenbruch seiner Signa-Gruppe 660.000 Euro beiseitegeschafft haben. Es drohen bis zu zehn Jahre Haft. Die Staatsanwaltschaft ermittelt zudem in 14 weiteren F\u00e4llen, w\u00e4hrend Investoren weltweit Milliardenverluste beklagen.\n            <\/div>\n<p><\/p>\n<div class=\"Text-root Text-type_5 ArticleView-text ViewText-root \">\n<p data-start=\"85\" data-end=\"525\">Am Landesgericht Innsbruck hat am Dienstag der erste Strafprozess gegen Ren\u00e9 Benko begonnen \u2013 den einstigen Immobilienstar \u00d6sterreichs und Gr\u00fcnder des milliardenschweren Signa-Imperiums. Es ist der Beginn einer ganzen Serie von Verfahren, die nicht nur den tiefen Fall eines Mannes beleuchten, sondern auch die Illusion einer unersch\u00fctterlichen Immobilienblase sowie die Rolle des Schweizer Bankensystems\u00a0bei diesem Aufstieg infrage stellen.<\/p>\n<p data-start=\"561\" data-end=\"1084\">Benko, 48, begann einst mit dem Ausbau von Innsbrucker Dachb\u00f6den zu Luxuswohnungen. Daraus entstand ein Firmengeflecht von \u00fcber tausend Gesellschaften, mit Prestigeobjekten wie dem Berliner KaDeWe, dem Chrysler Building in New York und der Schweizer Warenhauskette Globus. Finanziert wurde sein Aufstieg durch Banken, Fonds und Milliard\u00e4re \u2013 auch aus der Schweiz. Die Bank Julius B\u00e4r gew\u00e4hrte ihm Kredite von \u00fcber 600 Millionen Franken, die nach dem Zusammenbruch der Signa-Gruppe vollst\u00e4ndig abgeschrieben werden mussten.<\/p>\n<p data-start=\"1086\" data-end=\"1336\">In der \u00d6ffentlichkeit pflegte Benko das Bild des gl\u00e4nzenden Vision\u00e4rs. Sein B\u00fcro am Z\u00fcrcher Paradeplatz war mit schwarzem Marmor und goldenen M\u00f6beln ausgestattet \u2013 Ausdruck einer Selbstinszenierung, die auf unbegrenzte Liquidit\u00e4t und Erfolg zielte.<\/p>\n<p data-start=\"1378\" data-end=\"1682\">Die Wiener Wirtschafts- und Korruptionsstaatsanwaltschaft (WKStA) wirft Benko betr\u00fcgerische Krida vor \u2013 ein Delikt, das im deutschen Strafrecht einem betr\u00fcgerischen Bankrott entspricht. Laut Anklage soll Benko kurz vor der Insolvenz seiner Signa-Gruppe Verm\u00f6gen verschoben haben, um Gl\u00e4ubiger zu t\u00e4uschen.<\/p>\n<p data-start=\"1684\" data-end=\"2074\">Im aktuellen Verfahren geht es um zwei Zahlungen: eine Mietvorauszahlung von 360.000 Euro f\u00fcr eine Villa in Innsbruck, die wegen eines Wasserschadens unbewohnbar war, sowie eine Schenkung von 300.000 Euro an seine Mutter, die er laut Anklage f\u00e4lschlich als &#8220;R\u00fcckf\u00fchrung eines Darlehens&#8221; bezeichnete. Beide Transaktionen erfolgten kurz vor der Insolvenz der Signa-Gruppe Ende 2023.<\/p>\n<p data-start=\"2076\" data-end=\"2439\">Nach \u00dcberzeugung der Ermittler wusste Benko zu diesem Zeitpunkt l\u00e4ngst, dass die Zahlungsunf\u00e4higkeit bevorstand. Die Geldfl\u00fcsse sollen \u00fcber ihm zugeordnete Stiftungen erfolgt sein, um Verm\u00f6genswerte vor dem Zugriff der Gl\u00e4ubiger zu sch\u00fctzen. E-Mails, Kontoausz\u00fcge und Chatprotokolle sollen die Vorw\u00fcrfe st\u00fctzen. Der Schaden wird auf rund 660.000 Euro beziffert.<\/p>\n<figure class=\"RTImage-root\">\n<div class=\"RTImage-image RTImage-original\"><picture class=\"Picture-root Picture-original\"><!--[if IE 9]><video style=\"display: none;\"><![endif]--><source media=\"(-webkit-min-device-pixel-ratio: 2) and (min-resolution: 120dpi)\" data-srcset=\" \nhttps:\/\/now-news.de\/de\/wp-content\/uploads\/sites\/3\/2025\/10\/68ee157c48fbef73eb51d7d0.jpg 850w,\n                https:\/\/now-news.de\/de\/wp-content\/uploads\/sites\/3\/2025\/10\/68ee157c48fbef73eb51d7d0.jpg 1960w,            \" ><source data-srcset=\" \nhttps:\/\/now-news.de\/de\/wp-content\/uploads\/sites\/3\/2025\/10\/68ee157c48fbef73eb51d7d0.jpg 460w,\n              https:\/\/now-news.de\/de\/wp-content\/uploads\/sites\/3\/2025\/10\/68ee157c48fbef73eb51d7d0.jpg 980w,\n            \" ><!--[if IE 9]><\/video><![endif]--><img decoding=\"async\" data- src=\"data:image\/png;base64,iVBORw0KGgoAAAANSUhEUgAAABAAAAAJCAQAAACRI2S5AAAAEElEQVR42mNkIAAYRxWAAQAG9gAKqv6+AwAAAABJRU5ErkJggg==\" class=\"Picture-root Picture-original lazyload\" data-src=\"https:\/\/now-news.de\/de\/wp-content\/uploads\/sites\/3\/2025\/10\/68ee157c48fbef73eb51d7d0.jpg\" alt=\"\"><\/source><\/source><\/picture><!-- noscript pattern --><noscript><img decoding=\"async\" src=\"https:\/\/now-news.de\/de\/wp-content\/uploads\/sites\/3\/2025\/10\/68ee157c48fbef73eb51d7d0.jpg\" alt=\"\"><\/noscript><\/div><figcaption class=\"RTImage-footer\"><span class=\"RTImage-caption\"><span class=\"RTImage-captionItem\">Benko beteuert seine Unschuld und spricht von Vorverurteilung.<\/span><\/span><span class=\"RTImage-source\"><span class=\"RTImage-captionItem\">Jan Hetfleisch<\/span><span class=\"RTImage-captionItem\"> \/ Gettyimages.ru<\/span><\/span><\/figcaption><\/figure>\n<p data-start=\"2488\" data-end=\"3025\">F\u00fcr den Prozess wurde der Gro\u00dfe Schwurgerichtssaal ge\u00f6ffnet. Rund 70 Medienvertreter verfolgten den Auftakt unter strengen Sicherheitsvorkehrungen. Benko erschien sichtlich gezeichnet von zehn Monaten Untersuchungshaft \u2013 abgemagert, bleich, im dunklen Anzug, mit gesenktem Blick. Sein Verteidiger sprach von einem &#8220;politisch motivierten Verfahren&#8221;, Benko selbst von einer &#8220;Vorverurteilung durch die \u00d6ffentlichkeit&#8221;. Auf Fragen zu seinen Verm\u00f6gensverh\u00e4ltnissen verweigerte er die Aussage und verwies auf das laufende Insolvenzverfahren.<\/p>\n<p data-start=\"3077\" data-end=\"3568\">Parallel dazu hat die Wirtschafts- und Korruptionsstaatsanwaltschaft (WKStA) eine zweite Anklage gegen Ren\u00e9 Benko und seine Frau Nathalie erhoben. Der Vorwurf: Luxusuhren, Manschettenkn\u00f6pfe und Bargeld im Wert von 370.000 Euro sollen bei Verwandten versteckt worden sein. Bei einer Hausdurchsuchung fanden Ermittler die Gegenst\u00e4nde in einem Tresor hinter Weinkartons. Benko erkl\u00e4rte, es handele sich um Weihnachtsgeschenke f\u00fcr seine damals sechs- und elfj\u00e4hrigen S\u00f6hne \u2013 ein Argument, das die Ermittler als &#8220;lebensfremd&#8221; einstufen.<\/p>\n<p data-start=\"3570\" data-end=\"3936\">Auch zu Benkos Luxuswaffen wird ermittelt. Der passionierte J\u00e4ger soll vierzehn seiner Jagdwaffen an eine Stiftung verkauft haben, um sie vor Gl\u00e4ubigern zu sch\u00fctzen. Bei einer Razzia im Juni 2024 wurden sie jedoch in seiner Innsbrucker Villa entdeckt \u2013 einige mit den Initialen &#8220;RB&#8221;. Benko bestreitet den Besitz und spricht von juristischen Missverst\u00e4ndnissen.<\/p>\n<p data-start=\"3967\" data-end=\"4286\">Die Insolvenz der Signa-Gruppe hat europaweite Folgen. Investoren fordern insgesamt \u00fcber 27 Milliarden Euro, darunter Schweizer Unternehmer wie Ernst Tanner (Lindt &amp; Spr\u00fcngli), Arthur Eugster und die Familie Arduini. Auch Julius B\u00e4r und der Bauindustrielle Hans Peter Haselsteiner z\u00e4hlen zu den gro\u00dfen Verlierern.<\/p>\n<p data-start=\"4288\" data-end=\"4582\">Der Chef der \u00f6sterreichischen Finanzprokuratur, Wolfgang Peschorn, sprach von einem &#8220;Multi-Organ-Versagen&#8221;: Banken, Pr\u00fcfer und Investoren h\u00e4tten sich von Benkos Glanz blenden lassen. Die verschachtelte Struktur von mehr als tausend Gesellschaften habe jede Kontrolle nahezu unm\u00f6glich gemacht.<\/p>\n<p data-start=\"4621\" data-end=\"4898\">Das Landesgericht Innsbruck hat zwei Verhandlungstage angesetzt. Am Dienstag standen Pl\u00e4doyers und Befragungen auf dem Programm, am Mittwoch sollen acht Zeugen aussagen \u2013 darunter Benkos Mutter und Schwester. Sollte keine Einigung erzielt werden, wird der Prozess verl\u00e4ngert.<\/p>\n<p data-start=\"4900\" data-end=\"5136\">Im Falle einer Verurteilung drohen Ren\u00e9 Benko bis zu zehn Jahre Haft. Selbst bei einem Freispruch bleiben ihm die zivilrechtlichen Folgen seiner Pleite: Gegen seine Privatinsolvenz bestehen Forderungen von 2,7 Milliarden Euro.<\/p>\n<p data-start=\"5138\" data-end=\"5338\" data-is-last-node=\"\" data-is-only-node=\"\">Was bleibt, ist das Bild eines Mannes, der sich einst als Architekt des Erfolgs inszenierte \u2013 und nun, sichtbar gezeichnet, vor einem Richter sitzt, der \u00fcber die Tr\u00fcmmer eines Imperiums urteilen muss.<\/p>\n<p><strong>Mehr zum Thema\u00a0&#8211;\u00a0<\/strong><a rel=\"nofollow noopener\" target=\"_blank\" href=\"https:\/\/freedert.online\/oesterreich\/231245-oesterreich-signa-development-wird-in\/\">Signa Development wird in Konkurs geschickt<\/a><\/p>\n<div class=\"EmbedBlock-root EmbedBlock-externalVideo EmbedBlock-rumble\">\n<div class=\"VkEmbed\"><iframe class=\"lazyload\" data-src=\"https:\/\/rumble.com\/embed\/v6augoa\" frameborder=\"0\" width=\"853\" height=\"480\" allowfullscreen><\/iframe><\/div>\n<\/div>\n<\/div>\n<p><br \/>\n<br \/><a href=\"https:\/\/de.rt.com\/oesterreich\/258773-abgemagert-nervoes-blass-einstige-tycoon\/\">Source link <\/a><\/p>\n","protected":false},"excerpt":{"rendered":"<p>In Innsbruck steht Ren\u00e9 Benko erstmals vor Gericht. Der einstige Immobilienmogul soll kurz vor dem Zusammenbruch seiner Signa-Gruppe 660.000 Euro beiseitegeschafft haben. Es drohen bis zu zehn Jahre Haft. Die Staatsanwaltschaft ermittelt zudem in 14 weiteren F\u00e4llen, w\u00e4hrend Investoren weltweit Milliardenverluste beklagen. Am Landesgericht Innsbruck hat am Dienstag der erste Strafprozess gegen Ren\u00e9 Benko begonnen [&hellip;]<\/p>\n","protected":false},"author":3,"featured_media":92212,"comment_status":"open","ping_status":"open","sticky":false,"template":"","format":"standard","meta":{"_yoast_indexnow_last_ping":["1760458586"],"wp_automatic_camp":["217"],"0512f32fd81b1c32e40efd83558fdb67":["Abgemagert, nerv\u00f6s, blass \u2013 der einstige Immobilien-Tycoon Ren\u00e9 Benko vor Gericht"],"original_link":["https:\/\/de.rt.com\/oesterreich\/258773-abgemagert-nervoes-blass-einstige-tycoon\/"],"_thumbnail_id":["92212"],"jnews_social_counter_last_update":["1777479240"],"_wptgpro_p2tg_sent2tg":["a:1:{i:23737;s:19:\"2025-10-14 18:17:30\";}"]},"categories":[19,23],"tags":[68415,54212,68416,82,33557,3348,62243,24211,27272,320],"yoast_head":"<!-- This site is optimized with the Yoast SEO Premium plugin v22.7 (Yoast SEO v22.7) - https:\/\/yoast.com\/wordpress\/plugins\/seo\/ -->\n<title>Abgemagert, nerv\u00f6s, blass \u2013 der einstige Immobilien-Tycoon Ren\u00e9 Benko vor Gericht - just-now.NEWS Deutschland<\/title>\n<meta name=\"robots\" content=\"index, follow, max-snippet:-1, max-image-preview:large, max-video-preview:-1\" \/>\n<link rel=\"canonical\" href=\"https:\/\/now-news.de\/de\/deutschland\/abgemagert-nervoes-blass-der-einstige-immobilien-tycoon-rene-benko-vor-gericht\/\" \/>\n<meta property=\"og:locale\" content=\"de_DE\" \/>\n<meta property=\"og:type\" content=\"article\" \/>\n<meta property=\"og:title\" content=\"Abgemagert, nerv\u00f6s, blass \u2013 der einstige Immobilien-Tycoon Ren\u00e9 Benko vor Gericht\" \/>\n<meta property=\"og:description\" content=\"In Innsbruck steht Ren\u00e9 Benko erstmals vor Gericht. Der einstige Immobilienmogul soll kurz vor dem Zusammenbruch seiner Signa-Gruppe 660.000 Euro beiseitegeschafft haben. Es drohen bis zu zehn Jahre Haft. Die Staatsanwaltschaft ermittelt zudem in 14 weiteren F\u00e4llen, w\u00e4hrend Investoren weltweit Milliardenverluste beklagen. Am Landesgericht Innsbruck hat am Dienstag der erste Strafprozess gegen Ren\u00e9 Benko begonnen [&hellip;]\" \/>\n<meta property=\"og:url\" content=\"https:\/\/now-news.de\/de\/deutschland\/abgemagert-nervoes-blass-der-einstige-immobilien-tycoon-rene-benko-vor-gericht\/\" \/>\n<meta property=\"og:site_name\" content=\"just-now.NEWS Deutschland\" \/>\n<meta property=\"article:publisher\" content=\"https:\/\/www.facebook.com\/wirmachenauf\" \/>\n<meta property=\"article:published_time\" content=\"2025-10-14T15:48:40+00:00\" \/>\n<meta property=\"og:image\" content=\"https:\/\/now-news.de\/de\/wp-content\/uploads\/sites\/3\/2025\/10\/68ee157c48fbef73eb51d7d0.jpg\" \/>\n<meta name=\"author\" content=\"rtnews\" \/>\n<meta name=\"twitter:card\" content=\"summary_large_image\" \/>\n<meta name=\"twitter:creator\" content=\"@WirMachenAuf_de\" \/>\n<meta name=\"twitter:site\" content=\"@WirMachenAuf_de\" \/>\n<meta name=\"twitter:label1\" content=\"Verfasst von\" \/>\n\t<meta name=\"twitter:data1\" content=\"rtnews\" \/>\n\t<meta name=\"twitter:label2\" content=\"Gesch\u00e4tzte Lesezeit\" \/>\n\t<meta name=\"twitter:data2\" content=\"4\u00a0Minuten\" \/>\n<script type=\"application\/ld+json\" class=\"yoast-schema-graph\">{\"@context\":\"https:\/\/schema.org\",\"@graph\":[{\"@type\":\"Article\",\"@id\":\"https:\/\/now-news.de\/de\/deutschland\/abgemagert-nervoes-blass-der-einstige-immobilien-tycoon-rene-benko-vor-gericht\/#article\",\"isPartOf\":{\"@id\":\"https:\/\/now-news.de\/de\/deutschland\/abgemagert-nervoes-blass-der-einstige-immobilien-tycoon-rene-benko-vor-gericht\/\"},\"author\":{\"name\":\"rtnews\",\"@id\":\"https:\/\/now-news.de\/de\/#\/schema\/person\/fb534a4e865501d8b3285208df34a9b5\"},\"headline\":\"Abgemagert, nerv\u00f6s, blass \u2013 der einstige Immobilien-Tycoon Ren\u00e9 Benko vor Gericht\",\"datePublished\":\"2025-10-14T15:48:40+00:00\",\"dateModified\":\"2025-10-14T15:48:40+00:00\",\"mainEntityOfPage\":{\"@id\":\"https:\/\/now-news.de\/de\/deutschland\/abgemagert-nervoes-blass-der-einstige-immobilien-tycoon-rene-benko-vor-gericht\/\"},\"wordCount\":790,\"commentCount\":0,\"publisher\":{\"@id\":\"https:\/\/now-news.de\/de\/#organization\"},\"image\":{\"@id\":\"https:\/\/now-news.de\/de\/deutschland\/abgemagert-nervoes-blass-der-einstige-immobilien-tycoon-rene-benko-vor-gericht\/#primaryimage\"},\"thumbnailUrl\":\"https:\/\/now-news.de\/de\/wp-content\/uploads\/sites\/3\/2025\/10\/Abgemagert-nervoes-blass-\u2013-der-einstige-Immobilien-Tycoon-Rene-Benko-vor.jpg\",\"keywords\":[\"Abgemagert\",\"Benko\",\"blass\",\"der\",\"einstige\",\"Gericht\",\"ImmobilienTycoon\",\"nerv\u00f6s\",\"Ren\u00e9\",\"vor\"],\"articleSection\":[\"Deutschland\",\"Russland\"],\"inLanguage\":\"de\",\"potentialAction\":[{\"@type\":\"CommentAction\",\"name\":\"Comment\",\"target\":[\"https:\/\/now-news.de\/de\/deutschland\/abgemagert-nervoes-blass-der-einstige-immobilien-tycoon-rene-benko-vor-gericht\/#respond\"]}]},{\"@type\":\"WebPage\",\"@id\":\"https:\/\/now-news.de\/de\/deutschland\/abgemagert-nervoes-blass-der-einstige-immobilien-tycoon-rene-benko-vor-gericht\/\",\"url\":\"https:\/\/now-news.de\/de\/deutschland\/abgemagert-nervoes-blass-der-einstige-immobilien-tycoon-rene-benko-vor-gericht\/\",\"name\":\"Abgemagert, nerv\u00f6s, blass \u2013 der einstige Immobilien-Tycoon Ren\u00e9 Benko vor Gericht - just-now.NEWS Deutschland\",\"isPartOf\":{\"@id\":\"https:\/\/now-news.de\/de\/#website\"},\"primaryImageOfPage\":{\"@id\":\"https:\/\/now-news.de\/de\/deutschland\/abgemagert-nervoes-blass-der-einstige-immobilien-tycoon-rene-benko-vor-gericht\/#primaryimage\"},\"image\":{\"@id\":\"https:\/\/now-news.de\/de\/deutschland\/abgemagert-nervoes-blass-der-einstige-immobilien-tycoon-rene-benko-vor-gericht\/#primaryimage\"},\"thumbnailUrl\":\"https:\/\/now-news.de\/de\/wp-content\/uploads\/sites\/3\/2025\/10\/Abgemagert-nervoes-blass-\u2013-der-einstige-Immobilien-Tycoon-Rene-Benko-vor.jpg\",\"datePublished\":\"2025-10-14T15:48:40+00:00\",\"dateModified\":\"2025-10-14T15:48:40+00:00\",\"breadcrumb\":{\"@id\":\"https:\/\/now-news.de\/de\/deutschland\/abgemagert-nervoes-blass-der-einstige-immobilien-tycoon-rene-benko-vor-gericht\/#breadcrumb\"},\"inLanguage\":\"de\",\"potentialAction\":[{\"@type\":\"ReadAction\",\"target\":[\"https:\/\/now-news.de\/de\/deutschland\/abgemagert-nervoes-blass-der-einstige-immobilien-tycoon-rene-benko-vor-gericht\/\"]}]},{\"@type\":\"ImageObject\",\"inLanguage\":\"de\",\"@id\":\"https:\/\/now-news.de\/de\/deutschland\/abgemagert-nervoes-blass-der-einstige-immobilien-tycoon-rene-benko-vor-gericht\/#primaryimage\",\"url\":\"https:\/\/now-news.de\/de\/wp-content\/uploads\/sites\/3\/2025\/10\/Abgemagert-nervoes-blass-\u2013-der-einstige-Immobilien-Tycoon-Rene-Benko-vor.jpg\",\"contentUrl\":\"https:\/\/now-news.de\/de\/wp-content\/uploads\/sites\/3\/2025\/10\/Abgemagert-nervoes-blass-\u2013-der-einstige-Immobilien-Tycoon-Rene-Benko-vor.jpg\",\"width\":1619,\"height\":1080,\"caption\":\"Abgemagert, nerv\u00f6s, blass \u2013 der einstige Immobilien-Tycoon Ren\u00e9 Benko vor Gericht\"},{\"@type\":\"BreadcrumbList\",\"@id\":\"https:\/\/now-news.de\/de\/deutschland\/abgemagert-nervoes-blass-der-einstige-immobilien-tycoon-rene-benko-vor-gericht\/#breadcrumb\",\"itemListElement\":[{\"@type\":\"ListItem\",\"position\":1,\"name\":\"Home\",\"item\":\"https:\/\/now-news.de\/de\/\"},{\"@type\":\"ListItem\",\"position\":2,\"name\":\"Abgemagert, nerv\u00f6s, blass \u2013 der einstige Immobilien-Tycoon Ren\u00e9 Benko vor Gericht\"}]},{\"@type\":\"WebSite\",\"@id\":\"https:\/\/now-news.de\/de\/#website\",\"url\":\"https:\/\/now-news.de\/de\/\",\"name\":\"just-now.NEWS Deutschland\",\"description\":\"Das Portal f\u00fcr unzensierte Nachrichten aus der Welt\",\"publisher\":{\"@id\":\"https:\/\/now-news.de\/de\/#organization\"},\"potentialAction\":[{\"@type\":\"SearchAction\",\"target\":{\"@type\":\"EntryPoint\",\"urlTemplate\":\"https:\/\/now-news.de\/de\/?s={search_term_string}\"},\"query-input\":\"required name=search_term_string\"}],\"inLanguage\":\"de\"},{\"@type\":\"Organization\",\"@id\":\"https:\/\/now-news.de\/de\/#organization\",\"name\":\"Just Now News\",\"url\":\"https:\/\/now-news.de\/de\/\",\"logo\":{\"@type\":\"ImageObject\",\"inLanguage\":\"de\",\"@id\":\"https:\/\/now-news.de\/de\/#\/schema\/logo\/image\/\",\"url\":\"http:\/\/just-now.news\/de\/wp-content\/uploads\/sites\/3\/2022\/04\/logo500x500.jpg\",\"contentUrl\":\"http:\/\/just-now.news\/de\/wp-content\/uploads\/sites\/3\/2022\/04\/logo500x500.jpg\",\"width\":500,\"height\":500,\"caption\":\"Just Now News\"},\"image\":{\"@id\":\"https:\/\/now-news.de\/de\/#\/schema\/logo\/image\/\"},\"sameAs\":[\"https:\/\/www.facebook.com\/wirmachenauf\",\"https:\/\/x.com\/WirMachenAuf_de\"]},{\"@type\":\"Person\",\"@id\":\"https:\/\/now-news.de\/de\/#\/schema\/person\/fb534a4e865501d8b3285208df34a9b5\",\"name\":\"rtnews\",\"image\":{\"@type\":\"ImageObject\",\"inLanguage\":\"de\",\"@id\":\"https:\/\/now-news.de\/de\/#\/schema\/person\/image\/\",\"url\":\"https:\/\/secure.gravatar.com\/avatar\/82aafea7d8127119dd649515f56e2117?s=96&d=mm&r=g\",\"contentUrl\":\"https:\/\/secure.gravatar.com\/avatar\/82aafea7d8127119dd649515f56e2117?s=96&d=mm&r=g\",\"caption\":\"rtnews\"},\"url\":\"https:\/\/now-news.de\/de\/author\/rnews\/\"}]}<\/script>\n<!-- \/ Yoast SEO Premium plugin. -->","yoast_head_json":{"title":"Abgemagert, nerv\u00f6s, blass \u2013 der einstige Immobilien-Tycoon Ren\u00e9 Benko vor Gericht - just-now.NEWS Deutschland","robots":{"index":"index","follow":"follow","max-snippet":"max-snippet:-1","max-image-preview":"max-image-preview:large","max-video-preview":"max-video-preview:-1"},"canonical":"https:\/\/now-news.de\/de\/deutschland\/abgemagert-nervoes-blass-der-einstige-immobilien-tycoon-rene-benko-vor-gericht\/","og_locale":"de_DE","og_type":"article","og_title":"Abgemagert, nerv\u00f6s, blass \u2013 der einstige Immobilien-Tycoon Ren\u00e9 Benko vor Gericht","og_description":"In Innsbruck steht Ren\u00e9 Benko erstmals vor Gericht. Der einstige Immobilienmogul soll kurz vor dem Zusammenbruch seiner Signa-Gruppe 660.000 Euro beiseitegeschafft haben. Es drohen bis zu zehn Jahre Haft. Die Staatsanwaltschaft ermittelt zudem in 14 weiteren F\u00e4llen, w\u00e4hrend Investoren weltweit Milliardenverluste beklagen. Am Landesgericht Innsbruck hat am Dienstag der erste Strafprozess gegen Ren\u00e9 Benko begonnen [&hellip;]","og_url":"https:\/\/now-news.de\/de\/deutschland\/abgemagert-nervoes-blass-der-einstige-immobilien-tycoon-rene-benko-vor-gericht\/","og_site_name":"just-now.NEWS Deutschland","article_publisher":"https:\/\/www.facebook.com\/wirmachenauf","article_published_time":"2025-10-14T15:48:40+00:00","og_image":[{"url":"https:\/\/now-news.de\/de\/wp-content\/uploads\/sites\/3\/2025\/10\/68ee157c48fbef73eb51d7d0.jpg"}],"author":"rtnews","twitter_card":"summary_large_image","twitter_creator":"@WirMachenAuf_de","twitter_site":"@WirMachenAuf_de","twitter_misc":{"Verfasst von":"rtnews","Gesch\u00e4tzte Lesezeit":"4\u00a0Minuten"},"schema":{"@context":"https:\/\/schema.org","@graph":[{"@type":"Article","@id":"https:\/\/now-news.de\/de\/deutschland\/abgemagert-nervoes-blass-der-einstige-immobilien-tycoon-rene-benko-vor-gericht\/#article","isPartOf":{"@id":"https:\/\/now-news.de\/de\/deutschland\/abgemagert-nervoes-blass-der-einstige-immobilien-tycoon-rene-benko-vor-gericht\/"},"author":{"name":"rtnews","@id":"https:\/\/now-news.de\/de\/#\/schema\/person\/fb534a4e865501d8b3285208df34a9b5"},"headline":"Abgemagert, nerv\u00f6s, blass \u2013 der einstige Immobilien-Tycoon Ren\u00e9 Benko vor Gericht","datePublished":"2025-10-14T15:48:40+00:00","dateModified":"2025-10-14T15:48:40+00:00","mainEntityOfPage":{"@id":"https:\/\/now-news.de\/de\/deutschland\/abgemagert-nervoes-blass-der-einstige-immobilien-tycoon-rene-benko-vor-gericht\/"},"wordCount":790,"commentCount":0,"publisher":{"@id":"https:\/\/now-news.de\/de\/#organization"},"image":{"@id":"https:\/\/now-news.de\/de\/deutschland\/abgemagert-nervoes-blass-der-einstige-immobilien-tycoon-rene-benko-vor-gericht\/#primaryimage"},"thumbnailUrl":"https:\/\/now-news.de\/de\/wp-content\/uploads\/sites\/3\/2025\/10\/Abgemagert-nervoes-blass-\u2013-der-einstige-Immobilien-Tycoon-Rene-Benko-vor.jpg","keywords":["Abgemagert","Benko","blass","der","einstige","Gericht","ImmobilienTycoon","nerv\u00f6s","Ren\u00e9","vor"],"articleSection":["Deutschland","Russland"],"inLanguage":"de","potentialAction":[{"@type":"CommentAction","name":"Comment","target":["https:\/\/now-news.de\/de\/deutschland\/abgemagert-nervoes-blass-der-einstige-immobilien-tycoon-rene-benko-vor-gericht\/#respond"]}]},{"@type":"WebPage","@id":"https:\/\/now-news.de\/de\/deutschland\/abgemagert-nervoes-blass-der-einstige-immobilien-tycoon-rene-benko-vor-gericht\/","url":"https:\/\/now-news.de\/de\/deutschland\/abgemagert-nervoes-blass-der-einstige-immobilien-tycoon-rene-benko-vor-gericht\/","name":"Abgemagert, nerv\u00f6s, blass \u2013 der einstige Immobilien-Tycoon Ren\u00e9 Benko vor Gericht - just-now.NEWS Deutschland","isPartOf":{"@id":"https:\/\/now-news.de\/de\/#website"},"primaryImageOfPage":{"@id":"https:\/\/now-news.de\/de\/deutschland\/abgemagert-nervoes-blass-der-einstige-immobilien-tycoon-rene-benko-vor-gericht\/#primaryimage"},"image":{"@id":"https:\/\/now-news.de\/de\/deutschland\/abgemagert-nervoes-blass-der-einstige-immobilien-tycoon-rene-benko-vor-gericht\/#primaryimage"},"thumbnailUrl":"https:\/\/now-news.de\/de\/wp-content\/uploads\/sites\/3\/2025\/10\/Abgemagert-nervoes-blass-\u2013-der-einstige-Immobilien-Tycoon-Rene-Benko-vor.jpg","datePublished":"2025-10-14T15:48:40+00:00","dateModified":"2025-10-14T15:48:40+00:00","breadcrumb":{"@id":"https:\/\/now-news.de\/de\/deutschland\/abgemagert-nervoes-blass-der-einstige-immobilien-tycoon-rene-benko-vor-gericht\/#breadcrumb"},"inLanguage":"de","potentialAction":[{"@type":"ReadAction","target":["https:\/\/now-news.de\/de\/deutschland\/abgemagert-nervoes-blass-der-einstige-immobilien-tycoon-rene-benko-vor-gericht\/"]}]},{"@type":"ImageObject","inLanguage":"de","@id":"https:\/\/now-news.de\/de\/deutschland\/abgemagert-nervoes-blass-der-einstige-immobilien-tycoon-rene-benko-vor-gericht\/#primaryimage","url":"https:\/\/now-news.de\/de\/wp-content\/uploads\/sites\/3\/2025\/10\/Abgemagert-nervoes-blass-\u2013-der-einstige-Immobilien-Tycoon-Rene-Benko-vor.jpg","contentUrl":"https:\/\/now-news.de\/de\/wp-content\/uploads\/sites\/3\/2025\/10\/Abgemagert-nervoes-blass-\u2013-der-einstige-Immobilien-Tycoon-Rene-Benko-vor.jpg","width":1619,"height":1080,"caption":"Abgemagert, nerv\u00f6s, blass \u2013 der einstige Immobilien-Tycoon Ren\u00e9 Benko vor Gericht"},{"@type":"BreadcrumbList","@id":"https:\/\/now-news.de\/de\/deutschland\/abgemagert-nervoes-blass-der-einstige-immobilien-tycoon-rene-benko-vor-gericht\/#breadcrumb","itemListElement":[{"@type":"ListItem","position":1,"name":"Home","item":"https:\/\/now-news.de\/de\/"},{"@type":"ListItem","position":2,"name":"Abgemagert, nerv\u00f6s, blass \u2013 der einstige Immobilien-Tycoon Ren\u00e9 Benko vor Gericht"}]},{"@type":"WebSite","@id":"https:\/\/now-news.de\/de\/#website","url":"https:\/\/now-news.de\/de\/","name":"just-now.NEWS Deutschland","description":"Das Portal f\u00fcr unzensierte Nachrichten aus der Welt","publisher":{"@id":"https:\/\/now-news.de\/de\/#organization"},"potentialAction":[{"@type":"SearchAction","target":{"@type":"EntryPoint","urlTemplate":"https:\/\/now-news.de\/de\/?s={search_term_string}"},"query-input":"required name=search_term_string"}],"inLanguage":"de"},{"@type":"Organization","@id":"https:\/\/now-news.de\/de\/#organization","name":"Just Now News","url":"https:\/\/now-news.de\/de\/","logo":{"@type":"ImageObject","inLanguage":"de","@id":"https:\/\/now-news.de\/de\/#\/schema\/logo\/image\/","url":"http:\/\/just-now.news\/de\/wp-content\/uploads\/sites\/3\/2022\/04\/logo500x500.jpg","contentUrl":"http:\/\/just-now.news\/de\/wp-content\/uploads\/sites\/3\/2022\/04\/logo500x500.jpg","width":500,"height":500,"caption":"Just Now News"},"image":{"@id":"https:\/\/now-news.de\/de\/#\/schema\/logo\/image\/"},"sameAs":["https:\/\/www.facebook.com\/wirmachenauf","https:\/\/x.com\/WirMachenAuf_de"]},{"@type":"Person","@id":"https:\/\/now-news.de\/de\/#\/schema\/person\/fb534a4e865501d8b3285208df34a9b5","name":"rtnews","image":{"@type":"ImageObject","inLanguage":"de","@id":"https:\/\/now-news.de\/de\/#\/schema\/person\/image\/","url":"https:\/\/secure.gravatar.com\/avatar\/82aafea7d8127119dd649515f56e2117?s=96&d=mm&r=g","contentUrl":"https:\/\/secure.gravatar.com\/avatar\/82aafea7d8127119dd649515f56e2117?s=96&d=mm&r=g","caption":"rtnews"},"url":"https:\/\/now-news.de\/de\/author\/rnews\/"}]}},"_links":{"self":[{"href":"https:\/\/now-news.de\/de\/wp-json\/wp\/v2\/posts\/92211"}],"collection":[{"href":"https:\/\/now-news.de\/de\/wp-json\/wp\/v2\/posts"}],"about":[{"href":"https:\/\/now-news.de\/de\/wp-json\/wp\/v2\/types\/post"}],"author":[{"embeddable":true,"href":"https:\/\/now-news.de\/de\/wp-json\/wp\/v2\/users\/3"}],"replies":[{"embeddable":true,"href":"https:\/\/now-news.de\/de\/wp-json\/wp\/v2\/comments?post=92211"}],"version-history":[{"count":0,"href":"https:\/\/now-news.de\/de\/wp-json\/wp\/v2\/posts\/92211\/revisions"}],"wp:featuredmedia":[{"embeddable":true,"href":"https:\/\/now-news.de\/de\/wp-json\/wp\/v2\/media\/92212"}],"wp:attachment":[{"href":"https:\/\/now-news.de\/de\/wp-json\/wp\/v2\/media?parent=92211"}],"wp:term":[{"taxonomy":"category","embeddable":true,"href":"https:\/\/now-news.de\/de\/wp-json\/wp\/v2\/categories?post=92211"},{"taxonomy":"post_tag","embeddable":true,"href":"https:\/\/now-news.de\/de\/wp-json\/wp\/v2\/tags?post=92211"}],"curies":[{"name":"wp","href":"https:\/\/api.w.org\/{rel}","templated":true}]}}