{"id":92171,"date":"2025-10-13T17:24:47","date_gmt":"2025-10-13T15:24:47","guid":{"rendered":"https:\/\/now-news.de\/de\/deutschland\/nato-beginnt-manoever-zur-nuklearen-einsatzfaehigkeit\/"},"modified":"2025-10-13T17:24:47","modified_gmt":"2025-10-13T15:24:47","slug":"nato-beginnt-manoever-zur-nuklearen-einsatzfaehigkeit","status":"publish","type":"post","link":"https:\/\/now-news.de\/de\/deutschland\/nato-beginnt-manoever-zur-nuklearen-einsatzfaehigkeit\/","title":{"rendered":"NATO beginnt Man\u00f6ver zur nuklearen Einsatzf\u00e4higkeit"},"content":{"rendered":"<p><img decoding=\"async\" src=\"https:\/\/now-news.de\/de\/wp-content\/uploads\/sites\/3\/2025\/10\/68ed0654b480cc28d5046839.jpg\" \/><\/p>\n<div class=\"Text-root Text-type_1 \">\n                In den Niederlanden hat das j\u00e4hrliche Man\u00f6ver Steadfast Noon begonnen. Die NATO will mit der \u00dcbung ihre nukleare Abschreckungsf\u00e4higkeit unter Beweis stellen. Sie findet vor dem Hintergrund einer wachsenden antirussischen Hysterie in den westeurop\u00e4ischen L\u00e4ndern statt.\n            <\/div>\n<p><\/p>\n<div class=\"Text-root Text-type_5 ArticleView-text ViewText-root \">\n<p>Die NATO hat am Montag in den Niederlanden ihre j\u00e4hrliche \u00dcbung im Rahmen des nuklearen Abwehrschirms begonnen. NATO-Generalsekret\u00e4r Mark Rutte erkl\u00e4rte, die \u00dcbungen seien notwendig, um &#8220;ein klares Signal an jeden potenziellen Gegner&#8221; zu senden.<\/p>\n<p>Die zweiw\u00f6chige \u00dcbung &#8220;Steadfast Noon&#8221; findet vor dem Hintergrund einer von Moskau als grassierend bezeichneten antirussischen Hysterie unter den westeurop\u00e4ischen Staaten statt. Moskau wirft der NATO vor, eine direkte Konfrontation mit Russland vorzubereiten und dazu ihre Mitgliedstaaten zu militarisieren.<\/p>\n<p>Bei der Ank\u00fcndigung des Man\u00f6vers am Freitag sagte Rutte, es werde dazu beitragen, dass die nukleare Abschreckung der NATO &#8220;so wirksam wie m\u00f6glich&#8221; bleibe.<\/p>\n<p>Ausgetragen wird die diesj\u00e4hrige Steadfast Noon-\u00dcbung in den Niederlanden, wobei der Luftwaffenst\u00fctzpunkt Volkel als Haupteinsatzort dient. Unterst\u00fctzend werden Einheiten auf St\u00fctzpunkten in Belgien, Gro\u00dfbritannien und D\u00e4nemark stationiert.<\/p>\n<p>Nach Angaben der NATO werden rund 70 Flugzeuge aus 14 Mitgliedsstaaten an der \u00dcbung teilnehmen, darunter sowohl konventionelle als auch atomwaffenf\u00e4hige Maschinen. Rund 2.000 Soldaten nehmen in diesem Jahr teil. Bei der \u00dcbung kommen unter anderem \u00dcberwachungs-, Luftbetankungs- und Kommandoflugzeuge zum Einsatz. Die NATO betonte, dass bei der \u00dcbung keine Atomwaffen zum Einsatz kommen.<\/p>\n<p>Moskau hat sich zu den aktuellen \u00dcbungen noch nicht ge\u00e4u\u00dfert, hat jedoch fr\u00fchere &#8220;Steadfast Noon&#8221;-\u00dcbungen bereits verurteilt und erkl\u00e4rt, sie w\u00fcrden &#8220;nur zu einer Versch\u00e4rfung der Spannungen f\u00fchren&#8221;.<\/p>\n<p>Russische Regierungsvertreter werfen den westeurop\u00e4ischen L\u00e4ndern vor, sich in einer kollektiven &#8220;antirussischen Raserei&#8221; zu vereinen, wie Kreml-Berater Juri Uschakow es nannte. Uschakow sagte, die Region \u00e4u\u00dfere sich &#8220;extrem kriegerisch und negativ&#8221; gegen Moskau und verbreite &#8220;dreiste L\u00fcgen&#8221; \u00fcber das Land.<\/p>\n<p>Anfang des Monats sagte Pr\u00e4sident Wladimir Putin, Westeuropa habe wegen einer angeblichen Kriegsdrohung mit Russland &#8220;Hysterie gesch\u00fcrt&#8221; . Er bezeichnete derartige Sorgen als &#8220;unsinniges Mantra&#8221; und forderte die Staats- und Regierungschefs der Region auf, sich stattdessen auf innenpolitische Probleme zu konzentrieren.<\/p>\n<p>Putin pl\u00e4dierte au\u00dferdem f\u00fcr eine Ausweitung der nuklearen R\u00fcstungskontrolle und forderte die USA auf, einer Verl\u00e4ngerung des New-START-Vertrags von 2010 um ein weiteres Jahr zuzustimmen sowie alle Schritte zu unterlassen, die das derzeitige Gleichgewicht gef\u00e4hrden k\u00f6nnten.<\/p>\n<p><strong>Mehr zum Thema<\/strong>\u00a0\u2013 <a rel=\"nofollow noopener\" target=\"_blank\" href=\"https:\/\/freedert.online\/meinung\/258075-alle-bereiten-sich-auf-krieg-vor\/\">&#8220;Alle bereiten sich auf Krieg vor&#8221;: Man droht Russland das Schicksal der Sowjetunion an<\/a><\/p>\n<div class=\"EmbedBlock-root EmbedBlock-externalVideo EmbedBlock-rumble\">\n<div class=\"VkEmbed\"><iframe class=\"lazyload\" data-src=\"https:\/\/rumble.com\/embed\/v6y23zq\" frameborder=\"0\" width=\"853\" height=\"480\" allowfullscreen><\/iframe><\/div>\n<\/div>\n<\/div>\n<p><br \/>\n<br \/><a href=\"https:\/\/de.rt.com\/europa\/258709-nato-beginnt-manoever-zur-nuklearen\/\">Source link <\/a><\/p>\n","protected":false},"excerpt":{"rendered":"<p>In den Niederlanden hat das j\u00e4hrliche Man\u00f6ver Steadfast Noon begonnen. Die NATO will mit der \u00dcbung ihre nukleare Abschreckungsf\u00e4higkeit unter Beweis stellen. Sie findet vor dem Hintergrund einer wachsenden antirussischen Hysterie in den westeurop\u00e4ischen L\u00e4ndern statt. Die NATO hat am Montag in den Niederlanden ihre j\u00e4hrliche \u00dcbung im Rahmen des nuklearen Abwehrschirms begonnen. NATO-Generalsekret\u00e4r Mark [&hellip;]<\/p>\n","protected":false},"author":3,"featured_media":92172,"comment_status":"open","ping_status":"open","sticky":false,"template":"","format":"standard","meta":{"_yoast_indexnow_last_ping":["1760370858"],"wp_automatic_camp":["217"],"a19cb7e454a698efce6ade050e061791":["NATO beginnt Man\u00f6ver zur nuklearen Einsatzf\u00e4higkeit"],"original_link":["https:\/\/de.rt.com\/europa\/258709-nato-beginnt-manoever-zur-nuklearen\/"],"_thumbnail_id":["92172"],"jnews_social_counter_last_update":["1777322782"],"_wptgpro_p2tg_sent2tg":["a:1:{i:23737;s:19:\"2025-10-13 17:55:18\";}"]},"categories":[19,23],"tags":[490,54464,16684,2697,19508,581],"yoast_head":"<!-- This site is optimized with the Yoast SEO Premium plugin v22.7 (Yoast SEO v22.7) - https:\/\/yoast.com\/wordpress\/plugins\/seo\/ -->\n<title>NATO beginnt Man\u00f6ver zur nuklearen Einsatzf\u00e4higkeit - just-now.NEWS Deutschland<\/title>\n<meta name=\"robots\" content=\"index, follow, max-snippet:-1, max-image-preview:large, max-video-preview:-1\" \/>\n<link rel=\"canonical\" href=\"https:\/\/now-news.de\/de\/deutschland\/nato-beginnt-manoever-zur-nuklearen-einsatzfaehigkeit\/\" \/>\n<meta property=\"og:locale\" content=\"de_DE\" \/>\n<meta property=\"og:type\" content=\"article\" \/>\n<meta property=\"og:title\" content=\"NATO beginnt Man\u00f6ver zur nuklearen Einsatzf\u00e4higkeit\" \/>\n<meta property=\"og:description\" content=\"In den Niederlanden hat das j\u00e4hrliche Man\u00f6ver Steadfast Noon begonnen. Die NATO will mit der \u00dcbung ihre nukleare Abschreckungsf\u00e4higkeit unter Beweis stellen. Sie findet vor dem Hintergrund einer wachsenden antirussischen Hysterie in den westeurop\u00e4ischen L\u00e4ndern statt. Die NATO hat am Montag in den Niederlanden ihre j\u00e4hrliche \u00dcbung im Rahmen des nuklearen Abwehrschirms begonnen. NATO-Generalsekret\u00e4r Mark [&hellip;]\" \/>\n<meta property=\"og:url\" content=\"https:\/\/now-news.de\/de\/deutschland\/nato-beginnt-manoever-zur-nuklearen-einsatzfaehigkeit\/\" \/>\n<meta property=\"og:site_name\" content=\"just-now.NEWS Deutschland\" \/>\n<meta property=\"article:publisher\" content=\"https:\/\/www.facebook.com\/wirmachenauf\" \/>\n<meta property=\"article:published_time\" content=\"2025-10-13T15:24:47+00:00\" \/>\n<meta property=\"og:image\" content=\"https:\/\/now-news.de\/de\/wp-content\/uploads\/sites\/3\/2025\/10\/68ed0654b480cc28d5046839.jpg\" \/>\n<meta name=\"author\" content=\"rtnews\" \/>\n<meta name=\"twitter:card\" content=\"summary_large_image\" \/>\n<meta name=\"twitter:creator\" content=\"@WirMachenAuf_de\" \/>\n<meta name=\"twitter:site\" content=\"@WirMachenAuf_de\" \/>\n<meta name=\"twitter:label1\" content=\"Verfasst von\" \/>\n\t<meta name=\"twitter:data1\" content=\"rtnews\" \/>\n\t<meta name=\"twitter:label2\" content=\"Gesch\u00e4tzte Lesezeit\" \/>\n\t<meta name=\"twitter:data2\" content=\"2\u00a0Minuten\" \/>\n<script type=\"application\/ld+json\" class=\"yoast-schema-graph\">{\"@context\":\"https:\/\/schema.org\",\"@graph\":[{\"@type\":\"Article\",\"@id\":\"https:\/\/now-news.de\/de\/deutschland\/nato-beginnt-manoever-zur-nuklearen-einsatzfaehigkeit\/#article\",\"isPartOf\":{\"@id\":\"https:\/\/now-news.de\/de\/deutschland\/nato-beginnt-manoever-zur-nuklearen-einsatzfaehigkeit\/\"},\"author\":{\"name\":\"rtnews\",\"@id\":\"https:\/\/now-news.de\/de\/#\/schema\/person\/fb534a4e865501d8b3285208df34a9b5\"},\"headline\":\"NATO beginnt Man\u00f6ver zur nuklearen Einsatzf\u00e4higkeit\",\"datePublished\":\"2025-10-13T15:24:47+00:00\",\"dateModified\":\"2025-10-13T15:24:47+00:00\",\"mainEntityOfPage\":{\"@id\":\"https:\/\/now-news.de\/de\/deutschland\/nato-beginnt-manoever-zur-nuklearen-einsatzfaehigkeit\/\"},\"wordCount\":426,\"commentCount\":0,\"publisher\":{\"@id\":\"https:\/\/now-news.de\/de\/#organization\"},\"image\":{\"@id\":\"https:\/\/now-news.de\/de\/deutschland\/nato-beginnt-manoever-zur-nuklearen-einsatzfaehigkeit\/#primaryimage\"},\"thumbnailUrl\":\"https:\/\/now-news.de\/de\/wp-content\/uploads\/sites\/3\/2025\/10\/NATO-beginnt-Manoever-zur-nuklearen-Einsatzfaehigkeit.jpg\",\"keywords\":[\"beginnt\",\"Einsatzf\u00e4higkeit\",\"man\u00f6ver\",\"nato\",\"nuklearen\",\"zur\"],\"articleSection\":[\"Deutschland\",\"Russland\"],\"inLanguage\":\"de\",\"potentialAction\":[{\"@type\":\"CommentAction\",\"name\":\"Comment\",\"target\":[\"https:\/\/now-news.de\/de\/deutschland\/nato-beginnt-manoever-zur-nuklearen-einsatzfaehigkeit\/#respond\"]}]},{\"@type\":\"WebPage\",\"@id\":\"https:\/\/now-news.de\/de\/deutschland\/nato-beginnt-manoever-zur-nuklearen-einsatzfaehigkeit\/\",\"url\":\"https:\/\/now-news.de\/de\/deutschland\/nato-beginnt-manoever-zur-nuklearen-einsatzfaehigkeit\/\",\"name\":\"NATO beginnt Man\u00f6ver zur nuklearen Einsatzf\u00e4higkeit - just-now.NEWS Deutschland\",\"isPartOf\":{\"@id\":\"https:\/\/now-news.de\/de\/#website\"},\"primaryImageOfPage\":{\"@id\":\"https:\/\/now-news.de\/de\/deutschland\/nato-beginnt-manoever-zur-nuklearen-einsatzfaehigkeit\/#primaryimage\"},\"image\":{\"@id\":\"https:\/\/now-news.de\/de\/deutschland\/nato-beginnt-manoever-zur-nuklearen-einsatzfaehigkeit\/#primaryimage\"},\"thumbnailUrl\":\"https:\/\/now-news.de\/de\/wp-content\/uploads\/sites\/3\/2025\/10\/NATO-beginnt-Manoever-zur-nuklearen-Einsatzfaehigkeit.jpg\",\"datePublished\":\"2025-10-13T15:24:47+00:00\",\"dateModified\":\"2025-10-13T15:24:47+00:00\",\"breadcrumb\":{\"@id\":\"https:\/\/now-news.de\/de\/deutschland\/nato-beginnt-manoever-zur-nuklearen-einsatzfaehigkeit\/#breadcrumb\"},\"inLanguage\":\"de\",\"potentialAction\":[{\"@type\":\"ReadAction\",\"target\":[\"https:\/\/now-news.de\/de\/deutschland\/nato-beginnt-manoever-zur-nuklearen-einsatzfaehigkeit\/\"]}]},{\"@type\":\"ImageObject\",\"inLanguage\":\"de\",\"@id\":\"https:\/\/now-news.de\/de\/deutschland\/nato-beginnt-manoever-zur-nuklearen-einsatzfaehigkeit\/#primaryimage\",\"url\":\"https:\/\/now-news.de\/de\/wp-content\/uploads\/sites\/3\/2025\/10\/NATO-beginnt-Manoever-zur-nuklearen-Einsatzfaehigkeit.jpg\",\"contentUrl\":\"https:\/\/now-news.de\/de\/wp-content\/uploads\/sites\/3\/2025\/10\/NATO-beginnt-Manoever-zur-nuklearen-Einsatzfaehigkeit.jpg\",\"width\":460,\"height\":259,\"caption\":\"NATO beginnt Man\u00f6ver zur nuklearen Einsatzf\u00e4higkeit\"},{\"@type\":\"BreadcrumbList\",\"@id\":\"https:\/\/now-news.de\/de\/deutschland\/nato-beginnt-manoever-zur-nuklearen-einsatzfaehigkeit\/#breadcrumb\",\"itemListElement\":[{\"@type\":\"ListItem\",\"position\":1,\"name\":\"Home\",\"item\":\"https:\/\/now-news.de\/de\/\"},{\"@type\":\"ListItem\",\"position\":2,\"name\":\"NATO beginnt Man\u00f6ver zur nuklearen Einsatzf\u00e4higkeit\"}]},{\"@type\":\"WebSite\",\"@id\":\"https:\/\/now-news.de\/de\/#website\",\"url\":\"https:\/\/now-news.de\/de\/\",\"name\":\"just-now.NEWS Deutschland\",\"description\":\"Das Portal f\u00fcr unzensierte Nachrichten aus der Welt\",\"publisher\":{\"@id\":\"https:\/\/now-news.de\/de\/#organization\"},\"potentialAction\":[{\"@type\":\"SearchAction\",\"target\":{\"@type\":\"EntryPoint\",\"urlTemplate\":\"https:\/\/now-news.de\/de\/?s={search_term_string}\"},\"query-input\":\"required name=search_term_string\"}],\"inLanguage\":\"de\"},{\"@type\":\"Organization\",\"@id\":\"https:\/\/now-news.de\/de\/#organization\",\"name\":\"Just Now News\",\"url\":\"https:\/\/now-news.de\/de\/\",\"logo\":{\"@type\":\"ImageObject\",\"inLanguage\":\"de\",\"@id\":\"https:\/\/now-news.de\/de\/#\/schema\/logo\/image\/\",\"url\":\"http:\/\/just-now.news\/de\/wp-content\/uploads\/sites\/3\/2022\/04\/logo500x500.jpg\",\"contentUrl\":\"http:\/\/just-now.news\/de\/wp-content\/uploads\/sites\/3\/2022\/04\/logo500x500.jpg\",\"width\":500,\"height\":500,\"caption\":\"Just Now News\"},\"image\":{\"@id\":\"https:\/\/now-news.de\/de\/#\/schema\/logo\/image\/\"},\"sameAs\":[\"https:\/\/www.facebook.com\/wirmachenauf\",\"https:\/\/x.com\/WirMachenAuf_de\"]},{\"@type\":\"Person\",\"@id\":\"https:\/\/now-news.de\/de\/#\/schema\/person\/fb534a4e865501d8b3285208df34a9b5\",\"name\":\"rtnews\",\"image\":{\"@type\":\"ImageObject\",\"inLanguage\":\"de\",\"@id\":\"https:\/\/now-news.de\/de\/#\/schema\/person\/image\/\",\"url\":\"https:\/\/secure.gravatar.com\/avatar\/82aafea7d8127119dd649515f56e2117?s=96&d=mm&r=g\",\"contentUrl\":\"https:\/\/secure.gravatar.com\/avatar\/82aafea7d8127119dd649515f56e2117?s=96&d=mm&r=g\",\"caption\":\"rtnews\"},\"url\":\"https:\/\/now-news.de\/de\/author\/rnews\/\"}]}<\/script>\n<!-- \/ Yoast SEO Premium plugin. -->","yoast_head_json":{"title":"NATO beginnt Man\u00f6ver zur nuklearen Einsatzf\u00e4higkeit - just-now.NEWS Deutschland","robots":{"index":"index","follow":"follow","max-snippet":"max-snippet:-1","max-image-preview":"max-image-preview:large","max-video-preview":"max-video-preview:-1"},"canonical":"https:\/\/now-news.de\/de\/deutschland\/nato-beginnt-manoever-zur-nuklearen-einsatzfaehigkeit\/","og_locale":"de_DE","og_type":"article","og_title":"NATO beginnt Man\u00f6ver zur nuklearen Einsatzf\u00e4higkeit","og_description":"In den Niederlanden hat das j\u00e4hrliche Man\u00f6ver Steadfast Noon begonnen. Die NATO will mit der \u00dcbung ihre nukleare Abschreckungsf\u00e4higkeit unter Beweis stellen. Sie findet vor dem Hintergrund einer wachsenden antirussischen Hysterie in den westeurop\u00e4ischen L\u00e4ndern statt. Die NATO hat am Montag in den Niederlanden ihre j\u00e4hrliche \u00dcbung im Rahmen des nuklearen Abwehrschirms begonnen. NATO-Generalsekret\u00e4r Mark [&hellip;]","og_url":"https:\/\/now-news.de\/de\/deutschland\/nato-beginnt-manoever-zur-nuklearen-einsatzfaehigkeit\/","og_site_name":"just-now.NEWS Deutschland","article_publisher":"https:\/\/www.facebook.com\/wirmachenauf","article_published_time":"2025-10-13T15:24:47+00:00","og_image":[{"url":"https:\/\/now-news.de\/de\/wp-content\/uploads\/sites\/3\/2025\/10\/68ed0654b480cc28d5046839.jpg"}],"author":"rtnews","twitter_card":"summary_large_image","twitter_creator":"@WirMachenAuf_de","twitter_site":"@WirMachenAuf_de","twitter_misc":{"Verfasst von":"rtnews","Gesch\u00e4tzte Lesezeit":"2\u00a0Minuten"},"schema":{"@context":"https:\/\/schema.org","@graph":[{"@type":"Article","@id":"https:\/\/now-news.de\/de\/deutschland\/nato-beginnt-manoever-zur-nuklearen-einsatzfaehigkeit\/#article","isPartOf":{"@id":"https:\/\/now-news.de\/de\/deutschland\/nato-beginnt-manoever-zur-nuklearen-einsatzfaehigkeit\/"},"author":{"name":"rtnews","@id":"https:\/\/now-news.de\/de\/#\/schema\/person\/fb534a4e865501d8b3285208df34a9b5"},"headline":"NATO beginnt Man\u00f6ver zur nuklearen Einsatzf\u00e4higkeit","datePublished":"2025-10-13T15:24:47+00:00","dateModified":"2025-10-13T15:24:47+00:00","mainEntityOfPage":{"@id":"https:\/\/now-news.de\/de\/deutschland\/nato-beginnt-manoever-zur-nuklearen-einsatzfaehigkeit\/"},"wordCount":426,"commentCount":0,"publisher":{"@id":"https:\/\/now-news.de\/de\/#organization"},"image":{"@id":"https:\/\/now-news.de\/de\/deutschland\/nato-beginnt-manoever-zur-nuklearen-einsatzfaehigkeit\/#primaryimage"},"thumbnailUrl":"https:\/\/now-news.de\/de\/wp-content\/uploads\/sites\/3\/2025\/10\/NATO-beginnt-Manoever-zur-nuklearen-Einsatzfaehigkeit.jpg","keywords":["beginnt","Einsatzf\u00e4higkeit","man\u00f6ver","nato","nuklearen","zur"],"articleSection":["Deutschland","Russland"],"inLanguage":"de","potentialAction":[{"@type":"CommentAction","name":"Comment","target":["https:\/\/now-news.de\/de\/deutschland\/nato-beginnt-manoever-zur-nuklearen-einsatzfaehigkeit\/#respond"]}]},{"@type":"WebPage","@id":"https:\/\/now-news.de\/de\/deutschland\/nato-beginnt-manoever-zur-nuklearen-einsatzfaehigkeit\/","url":"https:\/\/now-news.de\/de\/deutschland\/nato-beginnt-manoever-zur-nuklearen-einsatzfaehigkeit\/","name":"NATO beginnt Man\u00f6ver zur nuklearen Einsatzf\u00e4higkeit - just-now.NEWS Deutschland","isPartOf":{"@id":"https:\/\/now-news.de\/de\/#website"},"primaryImageOfPage":{"@id":"https:\/\/now-news.de\/de\/deutschland\/nato-beginnt-manoever-zur-nuklearen-einsatzfaehigkeit\/#primaryimage"},"image":{"@id":"https:\/\/now-news.de\/de\/deutschland\/nato-beginnt-manoever-zur-nuklearen-einsatzfaehigkeit\/#primaryimage"},"thumbnailUrl":"https:\/\/now-news.de\/de\/wp-content\/uploads\/sites\/3\/2025\/10\/NATO-beginnt-Manoever-zur-nuklearen-Einsatzfaehigkeit.jpg","datePublished":"2025-10-13T15:24:47+00:00","dateModified":"2025-10-13T15:24:47+00:00","breadcrumb":{"@id":"https:\/\/now-news.de\/de\/deutschland\/nato-beginnt-manoever-zur-nuklearen-einsatzfaehigkeit\/#breadcrumb"},"inLanguage":"de","potentialAction":[{"@type":"ReadAction","target":["https:\/\/now-news.de\/de\/deutschland\/nato-beginnt-manoever-zur-nuklearen-einsatzfaehigkeit\/"]}]},{"@type":"ImageObject","inLanguage":"de","@id":"https:\/\/now-news.de\/de\/deutschland\/nato-beginnt-manoever-zur-nuklearen-einsatzfaehigkeit\/#primaryimage","url":"https:\/\/now-news.de\/de\/wp-content\/uploads\/sites\/3\/2025\/10\/NATO-beginnt-Manoever-zur-nuklearen-Einsatzfaehigkeit.jpg","contentUrl":"https:\/\/now-news.de\/de\/wp-content\/uploads\/sites\/3\/2025\/10\/NATO-beginnt-Manoever-zur-nuklearen-Einsatzfaehigkeit.jpg","width":460,"height":259,"caption":"NATO beginnt Man\u00f6ver zur nuklearen Einsatzf\u00e4higkeit"},{"@type":"BreadcrumbList","@id":"https:\/\/now-news.de\/de\/deutschland\/nato-beginnt-manoever-zur-nuklearen-einsatzfaehigkeit\/#breadcrumb","itemListElement":[{"@type":"ListItem","position":1,"name":"Home","item":"https:\/\/now-news.de\/de\/"},{"@type":"ListItem","position":2,"name":"NATO beginnt Man\u00f6ver zur nuklearen Einsatzf\u00e4higkeit"}]},{"@type":"WebSite","@id":"https:\/\/now-news.de\/de\/#website","url":"https:\/\/now-news.de\/de\/","name":"just-now.NEWS Deutschland","description":"Das Portal f\u00fcr unzensierte Nachrichten aus der Welt","publisher":{"@id":"https:\/\/now-news.de\/de\/#organization"},"potentialAction":[{"@type":"SearchAction","target":{"@type":"EntryPoint","urlTemplate":"https:\/\/now-news.de\/de\/?s={search_term_string}"},"query-input":"required name=search_term_string"}],"inLanguage":"de"},{"@type":"Organization","@id":"https:\/\/now-news.de\/de\/#organization","name":"Just Now News","url":"https:\/\/now-news.de\/de\/","logo":{"@type":"ImageObject","inLanguage":"de","@id":"https:\/\/now-news.de\/de\/#\/schema\/logo\/image\/","url":"http:\/\/just-now.news\/de\/wp-content\/uploads\/sites\/3\/2022\/04\/logo500x500.jpg","contentUrl":"http:\/\/just-now.news\/de\/wp-content\/uploads\/sites\/3\/2022\/04\/logo500x500.jpg","width":500,"height":500,"caption":"Just Now News"},"image":{"@id":"https:\/\/now-news.de\/de\/#\/schema\/logo\/image\/"},"sameAs":["https:\/\/www.facebook.com\/wirmachenauf","https:\/\/x.com\/WirMachenAuf_de"]},{"@type":"Person","@id":"https:\/\/now-news.de\/de\/#\/schema\/person\/fb534a4e865501d8b3285208df34a9b5","name":"rtnews","image":{"@type":"ImageObject","inLanguage":"de","@id":"https:\/\/now-news.de\/de\/#\/schema\/person\/image\/","url":"https:\/\/secure.gravatar.com\/avatar\/82aafea7d8127119dd649515f56e2117?s=96&d=mm&r=g","contentUrl":"https:\/\/secure.gravatar.com\/avatar\/82aafea7d8127119dd649515f56e2117?s=96&d=mm&r=g","caption":"rtnews"},"url":"https:\/\/now-news.de\/de\/author\/rnews\/"}]}},"_links":{"self":[{"href":"https:\/\/now-news.de\/de\/wp-json\/wp\/v2\/posts\/92171"}],"collection":[{"href":"https:\/\/now-news.de\/de\/wp-json\/wp\/v2\/posts"}],"about":[{"href":"https:\/\/now-news.de\/de\/wp-json\/wp\/v2\/types\/post"}],"author":[{"embeddable":true,"href":"https:\/\/now-news.de\/de\/wp-json\/wp\/v2\/users\/3"}],"replies":[{"embeddable":true,"href":"https:\/\/now-news.de\/de\/wp-json\/wp\/v2\/comments?post=92171"}],"version-history":[{"count":0,"href":"https:\/\/now-news.de\/de\/wp-json\/wp\/v2\/posts\/92171\/revisions"}],"wp:featuredmedia":[{"embeddable":true,"href":"https:\/\/now-news.de\/de\/wp-json\/wp\/v2\/media\/92172"}],"wp:attachment":[{"href":"https:\/\/now-news.de\/de\/wp-json\/wp\/v2\/media?parent=92171"}],"wp:term":[{"taxonomy":"category","embeddable":true,"href":"https:\/\/now-news.de\/de\/wp-json\/wp\/v2\/categories?post=92171"},{"taxonomy":"post_tag","embeddable":true,"href":"https:\/\/now-news.de\/de\/wp-json\/wp\/v2\/tags?post=92171"}],"curies":[{"name":"wp","href":"https:\/\/api.w.org\/{rel}","templated":true}]}}