{"id":92167,"date":"2025-10-13T17:02:47","date_gmt":"2025-10-13T15:02:47","guid":{"rendered":"https:\/\/now-news.de\/de\/deutschland\/corona-impfschaeden-bundesgerichtshof-urteilt-zugunsten-der-aerzte\/"},"modified":"2025-10-13T17:02:47","modified_gmt":"2025-10-13T15:02:47","slug":"corona-impfschaeden-bundesgerichtshof-urteilt-zugunsten-der-aerzte","status":"publish","type":"post","link":"https:\/\/now-news.de\/de\/deutschland\/corona-impfschaeden-bundesgerichtshof-urteilt-zugunsten-der-aerzte\/","title":{"rendered":"Corona-Impfsch\u00e4den: Bundesgerichtshof urteilt zugunsten der \u00c4rzte"},"content":{"rendered":"<p><img decoding=\"async\" src=\"https:\/\/now-news.de\/de\/wp-content\/uploads\/sites\/3\/2025\/10\/68ecb94148fbef53bf4830da.JPG\" \/><\/p>\n<div class=\"Text-root Text-type_1 \">\n                &#8220;Es geht um Ihre Gesundheit, und es geht um die Zukunft unseres Landes!&#8221;, so die Steinmeier-Drohung im Jahr 2021. Millionen B\u00fcrger folgten der bizarren &#8220;Impfbewerbung&#8221;, gepaart mit politischer N\u00f6tigung. Es folgten Abertausende Schicksale. Ein Urteil des Bundesgerichtshofs stellt nun klar, dass die Verursacher straffrei ausgehen.\n            <\/div>\n<p><\/p>\n<div class=\"Text-root Text-type_5 ArticleView-text ViewText-root \">\n<p><em>Von Bernhard Loyen<\/em><\/p>\n<p>Ein heute 36-j\u00e4hriger Mann aus dem nordrhein-westf\u00e4lischen Hamm wird zwei Jahre nach Erhalt des &#8220;Booster-Piks&#8221; mit dem mRNA-&#8220;COVID-Impfstoff&#8221; von Moderna belehrt, dass er die lebensbeeintr\u00e4chtigenden Nachwirkungen laut Beschluss des Bundesgerichtshofs (BGH)\u00a0auch weiterhin allein, ohne Zahlung von Schmerzensgeld seitens der verantwortlichen \u00c4rztin, bew\u00e4ltigen muss.<\/p>\n<p>In zwei Vorinstanzen hatten das Landgericht Dortmund (Urteil vom 27. Juli 2023) und das Oberlandesgericht Hamm (Urteil vom 19. Juni 2024) entschieden, die \u00c4rztin habe bei der Verabreichung des Spikevax-Wirkstoffs &#8220;in hoheitlicher Funktion&#8221;, also &#8220;haftungsrechtlich als Beamtin&#8221; gehandelt. Daher haftet nun laut dem Beschluss aus der Vorwoche der Staat und damit die Steuerzahler. F\u00fcr Abertausende sogenannter &#8220;Post-Vac&#8221;-Opfer eine illusorische, rein theoretische Hoffnung auf Hilfe, die nach einem ersten Gedanken hinsichtlich der Realit\u00e4t umgehend zerfasert, wie das Innere im schmerzvollen Dasein.<\/p>\n<p>Am 9. Oktober erlebten &#8220;Post-Vac&#8221;-Leidende nachdr\u00fccklich als <em>ARD<\/em>-Zuschauer im Rahmen eines <em>Tagesschau<\/em>-Beitrags von genau <a rel=\"nofollow noopener\" target=\"_blank\" href=\"https:\/\/www.tagesschau.de\/video\/video-1513668.html\">35 Sekunden L\u00e4nge<\/a> die j\u00fcngste traurige Erkenntnis zum Thema Schuld und S\u00fchne. So lautet die Kurzmitteilung:<\/p>\n<p><em>&#8220;\u00c4rzte m\u00fcssen nicht f\u00fcr Corona-Impfsch\u00e4den haften&#8221;<\/em><\/p>\n<p>Ein totalit\u00e4rer Gesellschaftsumbau funktioniert auch weiterhin nur dann, wenn alle R\u00e4dchen der ben\u00f6tigten Ebenen willf\u00e4hrig oder \u00fcber eingefordertem Gehorsam im rigiden System der verantwortlichen Politik greifen. Waren &#8220;impfende&#8221; \u00c4rzte jener Jahre der &#8220;Coronakrise&#8221; nun aktive Mitt\u00e4ter oder nur dienliche Erf\u00fcllungsgehilfen bei einem medizinischen Feldversuch ungeahnten Ausma\u00dfes? Was passierte noch am Tag der BGH-Mitteilung? Das Presseteam des Bundeskanzlers <a rel=\"nofollow noopener\" target=\"_blank\" href=\"https:\/\/www.bundeskanzler.de\/bk-de\/aktuelles\/abendessen-mit-richterinnen-und-richtern-des-bundesverfassungsgerichts-2386772\">informiert<\/a>:<\/p>\n<p><em>&#8220;Am Donnerstagabend [den 9. Oktober] nehmen der Bundeskanzler und das Bundeskabinett an einem Abendessen mit den Richterinnen und Richtern des Bundesverfassungsgerichts im Bundeskanzleramt teil. Diese Treffen finden seit Jahrzehnten regelm\u00e4\u00dfig statt und sind ein traditionelles Zeichen der gegenseitigen Wertsch\u00e4tzung zwischen zwei Institutionen des demokratischen Verfassungsstaates.&#8221;<\/em><\/p>\n<p>Die offizielle BGH-<a rel=\"nofollow noopener\" target=\"_blank\" href=\"https:\/\/www.bundesgerichtshof.de\/SharedDocs\/Pressemitteilungen\/DE\/2025\/2025185.html;jsessionid=C703D5ED87338F0A42E72B008EB5E1C9.internet972?nn=10690868\">Pressemitteilung<\/a>\u00a0vom 9.Oktober 2025 informiert und belehrt, dass die Mitarbeiter des III. Zivilsenats sich in dem zu bearbeitenden Fall mit der Frage befassen mussten, &#8220;wer f\u00fcr etwaige Aufkl\u00e4rungs- oder Behandlungsfehler bei einer bis zum 7. April 2023 vorgenommenen Schutzimpfung gegen das Coronavirus SARS-CoV-2 haftet&#8221;, die bei dem betroffenen Kl\u00e4ger in einer Vertragsarztpraxis vorgenommen wurde. Dazu hei\u00dft es:<\/p>\n<p><em>&#8220;Der Kl\u00e4ger hat geltend gemacht, bei seiner Erkrankung handele es sich um einen Impfschaden. Die dritte Impfung sei fehlerhaft verabreicht und er zuvor nicht hinreichend aufgekl\u00e4rt worden. In Folge der Impfung seien seine kognitiven F\u00e4higkeiten erheblich eingeschr\u00e4nkt. Er k\u00f6nne seine berufliche T\u00e4tigkeit nicht mehr aus\u00fcben. Zudem sei er aufgrund der organischen Beschwerden in der Psyche stark beeintr\u00e4chtigt.&#8221;<\/em><\/p>\n<p>Zu dem Vorwurf der &#8220;fehlerhaften Impfung&#8221; verr\u00e4t die Mitteilung keine weiteren Details, da es im Verfahren rein um die Kl\u00e4rung der Frage der finalen Verantwortlichkeit ging. Dazu lautet nun die mehr als erkenntnisreiche und f\u00fcr Opfer bittere Erkl\u00e4rung des Gerichts:<\/p>\n<p><em>&#8220;Das Berufungsgericht hat eine pers\u00f6nliche Haftung der Beklagten f\u00fcr etwaige Impfsch\u00e4den des Kl\u00e4gers zu Recht verneint. Es kommt gem\u00e4\u00df Art. 34 Satz 1 GG nur eine Amtshaftung des Staates in Betracht.&#8221;<\/em><\/p>\n<p>Zur Begr\u00fcndung hei\u00dft es weiter:<\/p>\n<p><em>&#8220;Die jeweiligen Leistungserbringer erledigten mit der Durchf\u00fchrung von Schutzimpfungen hiernach eine hoheitliche Aufgabe. Sie erf\u00fcllten den eigens durch das Bundesministerium f\u00fcr Gesundheit als Verordnungsgeber geschaffenen Anspruch gegen den Staat auf Schutzimpfung gegen das Coronavirus SARS-CoV-2. Dessen hoheitlicher Charakter stand bei der Impft\u00e4tigkeit im Vordergrund. Die Schutzimpfungen waren ein zentrales Mittel zur Bew\u00e4ltigung der Corona-Pandemie. Der darauf gerichtete Anspruch war ein wesentlicher Bestandteil der staatlichen &#8220;Corona-Impfkampagne&#8221;, in die die Leistungserbringer ausdr\u00fccklich eingebunden wurden.&#8221;<\/em><\/p>\n<p>Der &#8220;Piks&#8221; mit fatalen Folgen wird damit im Nachhinein dank des Bundesgerichtshofs noch zum &#8220;hoheitlichen Charakter&#8221; einer aggressiven, rein politischen Impfn\u00f6tigung deklariert. Wurde die ausf\u00fchrende \u00c4rzteschaft durch die Politik also doch verpflichtet, dazu gezwungen, die riskante &#8220;Leistung&#8221; durchzuf\u00fchren? Dazu findet sich in einem <a rel=\"nofollow noopener\" target=\"_blank\" href=\"https:\/\/www.aerzteblatt.de\/news\/betriebsaerzte-wollen-gegen-sars%20cov-2-impfen-2ef1cf61-3fbb-4435-ac2d-cde1a24851da\">Artikel<\/a> im <em>Deutschen \u00c4rzteblatt\u00a0<\/em>aus dem Februar 2021 Folgendes:<\/p>\n<p><em>&#8220;Die Deutsche Gesellschaft f\u00fcr Arbeitsmedizin und Umweltmedizin (DGAUM) weist daraufhin, dass Betriebs\u00e4rzte Belegschaften sehr rasch und effektiv gegen SARS CoV-2 impfen k\u00f6nnen. Die Fachgesellschaft fordert das Bundesministerium f\u00fcr Gesundheit (BMG) daher auf, dies in ein entsprechendes Impfkonzept einzubinden.&#8221; <\/em><\/p>\n<p>Dies bezog sich auf &#8220;Betriebs\u00e4rzte&#8221;, jedoch auch klassische Haus\u00e4rzte waren schnell dabei, so <a rel=\"nofollow noopener\" target=\"_blank\" href=\"https:\/\/www.pta-in-love.de\/kein-corona-impfstoff-fuer-privataerztinnen-klage-gegen-bmg\/\">nachzulesen<\/a> auf einer fachspezifischen Apotheker-Webseite im April 2021:<\/p>\n<p><em>&#8220;Corona-Impfung nur beim Hausarzt: In \u00a7 6 der Neufassung der Corona-Impfverordnung (CoronaImpfV) vom 1. April 2021 wird geregelt, dass nur Arztpraxen, die an der vertrags\u00e4rztlichen Versorgung teilnehmen, als Leistungserbringer definiert sind und Covid-19-Impfungen vornehmen d\u00fcrfen. Privat\u00e4rzt:innen erhalten somit keinen Corona-Impfstoff und Apotheken d\u00fcrfen laut ABDA private Praxen selbst bei einer Bestellung nicht beliefern.&#8221;<\/em><\/p>\n<p>Es lockte das lukrative Abrechnungsgesch\u00e4ft mit Impfwilligen:<\/p>\n<p><em>&#8220;Mediziner:innen in Privatpraxen sehen sich und ihre Patient:innen durch die Regelung benachteiligt und bekommen Unterst\u00fctzung vom Privat\u00e4rztlichen Bundesverband. Dieser informiert auf seiner Website [Stand 13. April 2021], dass er sich im Austausch mit Gesundheitsminister Jens Spahn befinde, der die &#8216;Durchf\u00fchrung von Impfungen gegen COVID-19 in Privatpraxen begr\u00fc\u00dft und unterst\u00fctzt&#8217;.&#8221;<\/em><\/p>\n<p>Ging es in den landesweiten Arztpraxen wirklich rein um den Schutz der B\u00fcrger vor einem bekannten saisonalen Virus, k\u00fcnstlich seitens Politik, Gro\u00dfteilen der Wissenschaft und Medien samt Pharmamafia zum &#8220;Totmacher&#8221; der Stunde hochgestuft, oder um schlichte Zusatzums\u00e4tze? Bereits im Dezember 2021\u00a0<a rel=\"nofollow noopener\" target=\"_blank\" href=\"https:\/\/www.n-tv.de\/wirtschaft\/So-viel-verdienen-Arzte-mit-dem-Impfen-article23015017.html\">berichtete<\/a>\u00a0<em>N-tv<\/em> erstmalig zu diesem sicherlich aktuell in \u00c4rztekreisen unangenehmen und unbeliebten Thema in der verdr\u00e4ngten &#8220;Corona-Aufarbeitung&#8221; f\u00fcr je nach Blickwinkel Mitl\u00e4ufer, Profiteure und, ja, verantwortliche Mitt\u00e4ter.<\/p>\n<p>Nach Angaben von Berufsverb\u00e4nden verabreichten allein in diesem Zeitraum bundesweit bewusst, damit fahrl\u00e4ssig, &#8220;rund 93.000 niedergelassene \u00c4rztinnen und \u00c4rzte sowie sch\u00e4tzungsweise 9.000 Privat\u00e4rzte und etwa 6.000 Betriebs\u00e4rzte&#8221; einen auf seine Endwirkung vollkommen unbekannten Wirkstoff. Die Beweggr\u00fcnde lauteten mutma\u00dflich:<\/p>\n<p><em>&#8220;28 Euro erhalten niedergelassene Mediziner pro Corona-Impfung in der eigenen Praxis, an Wochenenden und Feiertagen sogar 36 Euro. Auch f\u00fcr die Zeit vom 24. Dezember bis 9. Januar will Gesundheitsminister Karl Lauterbach das erh\u00f6hte Honorar zahlen.&#8221;<\/em><\/p>\n<p>So dokumentierte allein die Kassen\u00e4rztliche Vereinigung (KV) Berlin zum Thema der bizarren &#8220;Massenimpfung&#8221; von Mitte M\u00e4rz bis Mitte Dezember 2021 bereits &#8220;insgesamt 2.932.999 Impfungen durch 3.276 Medizinerinnen und Mediziner in 2.676 Praxen \u2013 macht im Schnitt 99 Impfungen pro Monat und Arzt.&#8221; Im aktuellen Fallurteil aus dem Oktober 2025 hei\u00dft es nun hilfreich und beruhigend f\u00fcr die verantwortlichen Mediziner mit und ohne schlechtes Gewissen:<\/p>\n<p><em>&#8220;Die Erf\u00fcllung des staatlichen Impfanspruchs diente nicht nur dem individuellen Gesundheitsschutz, sondern auch der Aufrechterhaltung zentraler staatlicher Funktionen und zentraler Bereiche der Daseinsf\u00fcrsorge.&#8221;<\/em><\/p>\n<p>2G-N\u00f6tigung als &#8220;Aufrechterhaltung&#8221; im Bereich &#8220;zentraler Daseinsf\u00fcrsorge&#8221;. Orwell h\u00e4tte es nicht besser formulieren k\u00f6nnen. F\u00fcr Datenanalyst Tom Lausen stellt sich auf Telegram folgende dringliche Frage zum j\u00fcngsten Beschluss des BGH:<\/p>\n<p><em>&#8220;Der 6. Zivilsenat des BGH ist seit Jahrzehnten f\u00fcr Arzthaftungsrecht zust\u00e4ndig \u2013 also f\u00fcr Behandlungsfehler von \u00c4rzten. Doch im Fall Coronaimpfungen (Az. BGH III ZR 180\/24) gab der 6. Senat seine Zust\u00e4ndigkeit pl\u00f6tzlich an den 3. Senat ab, der eigentlich f\u00fcr Amtshaftung zust\u00e4ndig ist \u2013 also f\u00fcr staatliches Handeln.&#8221;<\/em><\/p>\n<p>Eine m\u00f6gliche Erkl\u00e4rung lautet f\u00fcr Lausen:<\/p>\n<p><em>&#8220;Nicht mehr die \u00e4rztliche Sorgfalt, sondern die staatliche Impfkampagne stand im Mittelpunkt. Der 3. Senat entschied: \u00c4rzte handelten bei Coronaimpfungen hoheitlich \u2013 also im Auftrag des Staates. Folge: keine pers\u00f6nliche Haftung mehr f\u00fcr \u00c4rzte, selbst bei Aufkl\u00e4rungs- oder Behandlungsfehlern.&#8221;<\/em><\/p>\n<p>&#8220;<a rel=\"nofollow noopener\" target=\"_blank\" href=\"https:\/\/www.bundesgesundheitsministerium.de\/presse\/reden\/bundestag-260122.html\">Die Freiheit gewinnen wir durch die Impfung zur\u00fcck<\/a>&#8220;, so das lautstarke Credo von verantwortlichen T\u00e4tern in einer Gesellschaftskrise unerkannten Ausma\u00dfes. &#8220;Es geht um Ihre Gesundheit, und es geht <a rel=\"nofollow noopener\" target=\"_blank\" href=\"https:\/\/www.bundesregierung.de\/breg-de\/service\/newsletter-und-abos\/bulletin\/rede-von-bundespraesident-dr-frank-walter-steinmeier-1983090\">um die Zukunft<\/a> unseres Landes!&#8221;, so Bundespr\u00e4sident Steinmeier im November 2021. Impfen sei ein <a rel=\"nofollow noopener\" target=\"_blank\" href=\"https:\/\/www.kirche-und-leben.de\/artikel\/bischofskonferenz-sich-impfen-zu-lassen-ist-zeichen-von-solidaritaet\">Zeichen der Solidarit\u00e4t<\/a>, so die Warnung an Unwillige, als unmissverst\u00e4ndliche Mahnung formuliert, dass diese sich kurz vor dem willk\u00fcrlichen Ausschluss aus der Gesellschaft bef\u00e4nden.<\/p>\n<p>Wo zeigt sich in der Gegenwart die Solidarit\u00e4t mit den Opfern der Impfkampagnen? Nirgends. Die brutale Realit\u00e4t lautet, dass ein betroffener B\u00fcrger nur noch &#8220;Schmerzensgeld oder Verdienstausfall auf zivilrechtlichem Weg gegen den Staat einklagen kann&#8221;, so der BGH. Dazu erkl\u00e4rt der Anwalt des Kl\u00e4gers laut <em>Berliner Zeitung<\/em> (Bezahlschranke):<\/p>\n<p><em>&#8220;Er muss sich auf den beschwerlichen Weg machen, f\u00fcr den Schaden beim Staat sozialrechtlich entsch\u00e4digt zu werden. Dort kann er, wenn er einen jahrelangen Prozess durchh\u00e4lt, bestenfalls auf ein &#8216;Almosen&#8217; hoffen, so Rechtsanwalt Becker. Denn die sozialrechtliche Entsch\u00e4digung umfasst lediglich eine Rente. Diese liegt zwischen 400 und 2.000 Euro monatlich.&#8221;<\/em><\/p>\n<p>Zum Leben und zum Sterben zu wenig. Kurzum, Opfer verharren verzweifelt bis an das Lebensende juristisch besiegelt im Stillen <a rel=\"nofollow noopener\" target=\"_blank\" href=\"https:\/\/archive.is\/JiBRO\">oder begehen Suizid<\/a>. Verantwortliche T\u00e4ter aller beteiligten Institutionen und\u00a0Ebenen der Gesellschaft bleiben unantastbar und unbehelligt. Eine ekelhafte, kaum zu ertragende Realit\u00e4t.<\/p>\n<p><strong>Mehr zum Thema \u2013<\/strong>\u00a0<a rel=\"nofollow noopener\" target=\"_blank\" href=\"https:\/\/freedert.online\/meinung\/255503-corona-enquete-kommission-offiziell-konstituiert\/\">Corona-Enquete-Kommission konstituiert: CDU-&#8220;Impfbef\u00fcrworterin&#8221; als Vorsitzende<\/a><\/p>\n<div class=\"EmbedBlock-root EmbedBlock-externalVideo EmbedBlock-rumble\">\n<div class=\"VkEmbed\"><iframe class=\"lazyload\" data-src=\"https:\/\/rumble.com\/embed\/v6xkwey\" frameborder=\"0\" width=\"853\" height=\"480\" allowfullscreen><\/iframe><\/div>\n<\/div>\n<\/div>\n<p><br \/>\n<br \/><a href=\"https:\/\/de.rt.com\/inland\/258664-corona-impfschaeden-bundesgerichtshof-urteilt-zugunsten\/\">Source link <\/a><\/p>\n","protected":false},"excerpt":{"rendered":"<p>&#8220;Es geht um Ihre Gesundheit, und es geht um die Zukunft unseres Landes!&#8221;, so die Steinmeier-Drohung im Jahr 2021. Millionen B\u00fcrger folgten der bizarren &#8220;Impfbewerbung&#8221;, gepaart mit politischer N\u00f6tigung. Es folgten Abertausende Schicksale. Ein Urteil des Bundesgerichtshofs stellt nun klar, dass die Verursacher straffrei ausgehen. Von Bernhard Loyen Ein heute 36-j\u00e4hriger Mann aus dem nordrhein-westf\u00e4lischen [&hellip;]<\/p>\n","protected":false},"author":3,"featured_media":92168,"comment_status":"open","ping_status":"open","sticky":false,"template":"","format":"standard","meta":{"_yoast_indexnow_last_ping":["1760367978"],"wp_automatic_camp":["217"],"f348a4c9afcf9c9c4f3aade21c95a482":["Corona-Impfsch\u00e4den: Bundesgerichtshof urteilt zugunsten der \u00c4rzte"],"original_link":["https:\/\/de.rt.com\/inland\/258664-corona-impfschaeden-bundesgerichtshof-urteilt-zugunsten\/"],"_thumbnail_id":["92168"],"jnews_social_counter_last_update":["1777513963"],"_wptgpro_p2tg_sent2tg":["a:1:{i:23737;s:19:\"2025-10-13 17:07:27\";}"]},"categories":[19,23],"tags":[7230,27061,18943,82,47774,18117],"yoast_head":"<!-- This site is optimized with the Yoast SEO Premium plugin v22.7 (Yoast SEO v22.7) - https:\/\/yoast.com\/wordpress\/plugins\/seo\/ -->\n<title>Corona-Impfsch\u00e4den: Bundesgerichtshof urteilt zugunsten der \u00c4rzte - just-now.NEWS Deutschland<\/title>\n<meta name=\"robots\" content=\"index, follow, max-snippet:-1, max-image-preview:large, max-video-preview:-1\" \/>\n<link rel=\"canonical\" href=\"https:\/\/now-news.de\/de\/deutschland\/corona-impfschaeden-bundesgerichtshof-urteilt-zugunsten-der-aerzte\/\" \/>\n<meta property=\"og:locale\" content=\"de_DE\" \/>\n<meta property=\"og:type\" content=\"article\" \/>\n<meta property=\"og:title\" content=\"Corona-Impfsch\u00e4den: Bundesgerichtshof urteilt zugunsten der \u00c4rzte\" \/>\n<meta property=\"og:description\" content=\"&#8220;Es geht um Ihre Gesundheit, und es geht um die Zukunft unseres Landes!&#8221;, so die Steinmeier-Drohung im Jahr 2021. Millionen B\u00fcrger folgten der bizarren &#8220;Impfbewerbung&#8221;, gepaart mit politischer N\u00f6tigung. Es folgten Abertausende Schicksale. Ein Urteil des Bundesgerichtshofs stellt nun klar, dass die Verursacher straffrei ausgehen. Von Bernhard Loyen Ein heute 36-j\u00e4hriger Mann aus dem nordrhein-westf\u00e4lischen [&hellip;]\" \/>\n<meta property=\"og:url\" content=\"https:\/\/now-news.de\/de\/deutschland\/corona-impfschaeden-bundesgerichtshof-urteilt-zugunsten-der-aerzte\/\" \/>\n<meta property=\"og:site_name\" content=\"just-now.NEWS Deutschland\" \/>\n<meta property=\"article:publisher\" content=\"https:\/\/www.facebook.com\/wirmachenauf\" \/>\n<meta property=\"article:published_time\" content=\"2025-10-13T15:02:47+00:00\" \/>\n<meta property=\"og:image\" content=\"https:\/\/now-news.de\/de\/wp-content\/uploads\/sites\/3\/2025\/10\/68ecb94148fbef53bf4830da.JPG\" \/>\n<meta name=\"author\" content=\"rtnews\" \/>\n<meta name=\"twitter:card\" content=\"summary_large_image\" \/>\n<meta name=\"twitter:creator\" content=\"@WirMachenAuf_de\" \/>\n<meta name=\"twitter:site\" content=\"@WirMachenAuf_de\" \/>\n<meta name=\"twitter:label1\" content=\"Verfasst von\" \/>\n\t<meta name=\"twitter:data1\" content=\"rtnews\" \/>\n\t<meta name=\"twitter:label2\" content=\"Gesch\u00e4tzte Lesezeit\" \/>\n\t<meta name=\"twitter:data2\" content=\"7\u00a0Minuten\" \/>\n<script type=\"application\/ld+json\" class=\"yoast-schema-graph\">{\"@context\":\"https:\/\/schema.org\",\"@graph\":[{\"@type\":\"Article\",\"@id\":\"https:\/\/now-news.de\/de\/deutschland\/corona-impfschaeden-bundesgerichtshof-urteilt-zugunsten-der-aerzte\/#article\",\"isPartOf\":{\"@id\":\"https:\/\/now-news.de\/de\/deutschland\/corona-impfschaeden-bundesgerichtshof-urteilt-zugunsten-der-aerzte\/\"},\"author\":{\"name\":\"rtnews\",\"@id\":\"https:\/\/now-news.de\/de\/#\/schema\/person\/fb534a4e865501d8b3285208df34a9b5\"},\"headline\":\"Corona-Impfsch\u00e4den: Bundesgerichtshof urteilt zugunsten der \u00c4rzte\",\"datePublished\":\"2025-10-13T15:02:47+00:00\",\"dateModified\":\"2025-10-13T15:02:47+00:00\",\"mainEntityOfPage\":{\"@id\":\"https:\/\/now-news.de\/de\/deutschland\/corona-impfschaeden-bundesgerichtshof-urteilt-zugunsten-der-aerzte\/\"},\"wordCount\":1466,\"commentCount\":0,\"publisher\":{\"@id\":\"https:\/\/now-news.de\/de\/#organization\"},\"image\":{\"@id\":\"https:\/\/now-news.de\/de\/deutschland\/corona-impfschaeden-bundesgerichtshof-urteilt-zugunsten-der-aerzte\/#primaryimage\"},\"thumbnailUrl\":\"https:\/\/now-news.de\/de\/wp-content\/uploads\/sites\/3\/2025\/10\/Corona-Impfschaeden-Bundesgerichtshof-urteilt-zugunsten-der-Aerzte.JPG\",\"keywords\":[\"\u00c4rzte\",\"Bundesgerichtshof\",\"CoronaImpfsch\u00e4den\",\"der\",\"urteilt\",\"zugunsten\"],\"articleSection\":[\"Deutschland\",\"Russland\"],\"inLanguage\":\"de\",\"potentialAction\":[{\"@type\":\"CommentAction\",\"name\":\"Comment\",\"target\":[\"https:\/\/now-news.de\/de\/deutschland\/corona-impfschaeden-bundesgerichtshof-urteilt-zugunsten-der-aerzte\/#respond\"]}]},{\"@type\":\"WebPage\",\"@id\":\"https:\/\/now-news.de\/de\/deutschland\/corona-impfschaeden-bundesgerichtshof-urteilt-zugunsten-der-aerzte\/\",\"url\":\"https:\/\/now-news.de\/de\/deutschland\/corona-impfschaeden-bundesgerichtshof-urteilt-zugunsten-der-aerzte\/\",\"name\":\"Corona-Impfsch\u00e4den: Bundesgerichtshof urteilt zugunsten der \u00c4rzte - just-now.NEWS Deutschland\",\"isPartOf\":{\"@id\":\"https:\/\/now-news.de\/de\/#website\"},\"primaryImageOfPage\":{\"@id\":\"https:\/\/now-news.de\/de\/deutschland\/corona-impfschaeden-bundesgerichtshof-urteilt-zugunsten-der-aerzte\/#primaryimage\"},\"image\":{\"@id\":\"https:\/\/now-news.de\/de\/deutschland\/corona-impfschaeden-bundesgerichtshof-urteilt-zugunsten-der-aerzte\/#primaryimage\"},\"thumbnailUrl\":\"https:\/\/now-news.de\/de\/wp-content\/uploads\/sites\/3\/2025\/10\/Corona-Impfschaeden-Bundesgerichtshof-urteilt-zugunsten-der-Aerzte.JPG\",\"datePublished\":\"2025-10-13T15:02:47+00:00\",\"dateModified\":\"2025-10-13T15:02:47+00:00\",\"breadcrumb\":{\"@id\":\"https:\/\/now-news.de\/de\/deutschland\/corona-impfschaeden-bundesgerichtshof-urteilt-zugunsten-der-aerzte\/#breadcrumb\"},\"inLanguage\":\"de\",\"potentialAction\":[{\"@type\":\"ReadAction\",\"target\":[\"https:\/\/now-news.de\/de\/deutschland\/corona-impfschaeden-bundesgerichtshof-urteilt-zugunsten-der-aerzte\/\"]}]},{\"@type\":\"ImageObject\",\"inLanguage\":\"de\",\"@id\":\"https:\/\/now-news.de\/de\/deutschland\/corona-impfschaeden-bundesgerichtshof-urteilt-zugunsten-der-aerzte\/#primaryimage\",\"url\":\"https:\/\/now-news.de\/de\/wp-content\/uploads\/sites\/3\/2025\/10\/Corona-Impfschaeden-Bundesgerichtshof-urteilt-zugunsten-der-Aerzte.JPG\",\"contentUrl\":\"https:\/\/now-news.de\/de\/wp-content\/uploads\/sites\/3\/2025\/10\/Corona-Impfschaeden-Bundesgerichtshof-urteilt-zugunsten-der-Aerzte.JPG\",\"width\":460,\"height\":259,\"caption\":\"Corona-Impfsch\u00e4den: Bundesgerichtshof urteilt zugunsten der \u00c4rzte\"},{\"@type\":\"BreadcrumbList\",\"@id\":\"https:\/\/now-news.de\/de\/deutschland\/corona-impfschaeden-bundesgerichtshof-urteilt-zugunsten-der-aerzte\/#breadcrumb\",\"itemListElement\":[{\"@type\":\"ListItem\",\"position\":1,\"name\":\"Home\",\"item\":\"https:\/\/now-news.de\/de\/\"},{\"@type\":\"ListItem\",\"position\":2,\"name\":\"Corona-Impfsch\u00e4den: Bundesgerichtshof urteilt zugunsten der \u00c4rzte\"}]},{\"@type\":\"WebSite\",\"@id\":\"https:\/\/now-news.de\/de\/#website\",\"url\":\"https:\/\/now-news.de\/de\/\",\"name\":\"just-now.NEWS Deutschland\",\"description\":\"Das Portal f\u00fcr unzensierte Nachrichten aus der Welt\",\"publisher\":{\"@id\":\"https:\/\/now-news.de\/de\/#organization\"},\"potentialAction\":[{\"@type\":\"SearchAction\",\"target\":{\"@type\":\"EntryPoint\",\"urlTemplate\":\"https:\/\/now-news.de\/de\/?s={search_term_string}\"},\"query-input\":\"required name=search_term_string\"}],\"inLanguage\":\"de\"},{\"@type\":\"Organization\",\"@id\":\"https:\/\/now-news.de\/de\/#organization\",\"name\":\"Just Now News\",\"url\":\"https:\/\/now-news.de\/de\/\",\"logo\":{\"@type\":\"ImageObject\",\"inLanguage\":\"de\",\"@id\":\"https:\/\/now-news.de\/de\/#\/schema\/logo\/image\/\",\"url\":\"http:\/\/just-now.news\/de\/wp-content\/uploads\/sites\/3\/2022\/04\/logo500x500.jpg\",\"contentUrl\":\"http:\/\/just-now.news\/de\/wp-content\/uploads\/sites\/3\/2022\/04\/logo500x500.jpg\",\"width\":500,\"height\":500,\"caption\":\"Just Now News\"},\"image\":{\"@id\":\"https:\/\/now-news.de\/de\/#\/schema\/logo\/image\/\"},\"sameAs\":[\"https:\/\/www.facebook.com\/wirmachenauf\",\"https:\/\/x.com\/WirMachenAuf_de\"]},{\"@type\":\"Person\",\"@id\":\"https:\/\/now-news.de\/de\/#\/schema\/person\/fb534a4e865501d8b3285208df34a9b5\",\"name\":\"rtnews\",\"image\":{\"@type\":\"ImageObject\",\"inLanguage\":\"de\",\"@id\":\"https:\/\/now-news.de\/de\/#\/schema\/person\/image\/\",\"url\":\"https:\/\/secure.gravatar.com\/avatar\/82aafea7d8127119dd649515f56e2117?s=96&d=mm&r=g\",\"contentUrl\":\"https:\/\/secure.gravatar.com\/avatar\/82aafea7d8127119dd649515f56e2117?s=96&d=mm&r=g\",\"caption\":\"rtnews\"},\"url\":\"https:\/\/now-news.de\/de\/author\/rnews\/\"}]}<\/script>\n<!-- \/ Yoast SEO Premium plugin. -->","yoast_head_json":{"title":"Corona-Impfsch\u00e4den: Bundesgerichtshof urteilt zugunsten der \u00c4rzte - just-now.NEWS Deutschland","robots":{"index":"index","follow":"follow","max-snippet":"max-snippet:-1","max-image-preview":"max-image-preview:large","max-video-preview":"max-video-preview:-1"},"canonical":"https:\/\/now-news.de\/de\/deutschland\/corona-impfschaeden-bundesgerichtshof-urteilt-zugunsten-der-aerzte\/","og_locale":"de_DE","og_type":"article","og_title":"Corona-Impfsch\u00e4den: Bundesgerichtshof urteilt zugunsten der \u00c4rzte","og_description":"&#8220;Es geht um Ihre Gesundheit, und es geht um die Zukunft unseres Landes!&#8221;, so die Steinmeier-Drohung im Jahr 2021. Millionen B\u00fcrger folgten der bizarren &#8220;Impfbewerbung&#8221;, gepaart mit politischer N\u00f6tigung. Es folgten Abertausende Schicksale. Ein Urteil des Bundesgerichtshofs stellt nun klar, dass die Verursacher straffrei ausgehen. Von Bernhard Loyen Ein heute 36-j\u00e4hriger Mann aus dem nordrhein-westf\u00e4lischen [&hellip;]","og_url":"https:\/\/now-news.de\/de\/deutschland\/corona-impfschaeden-bundesgerichtshof-urteilt-zugunsten-der-aerzte\/","og_site_name":"just-now.NEWS Deutschland","article_publisher":"https:\/\/www.facebook.com\/wirmachenauf","article_published_time":"2025-10-13T15:02:47+00:00","og_image":[{"url":"https:\/\/now-news.de\/de\/wp-content\/uploads\/sites\/3\/2025\/10\/68ecb94148fbef53bf4830da.JPG"}],"author":"rtnews","twitter_card":"summary_large_image","twitter_creator":"@WirMachenAuf_de","twitter_site":"@WirMachenAuf_de","twitter_misc":{"Verfasst von":"rtnews","Gesch\u00e4tzte Lesezeit":"7\u00a0Minuten"},"schema":{"@context":"https:\/\/schema.org","@graph":[{"@type":"Article","@id":"https:\/\/now-news.de\/de\/deutschland\/corona-impfschaeden-bundesgerichtshof-urteilt-zugunsten-der-aerzte\/#article","isPartOf":{"@id":"https:\/\/now-news.de\/de\/deutschland\/corona-impfschaeden-bundesgerichtshof-urteilt-zugunsten-der-aerzte\/"},"author":{"name":"rtnews","@id":"https:\/\/now-news.de\/de\/#\/schema\/person\/fb534a4e865501d8b3285208df34a9b5"},"headline":"Corona-Impfsch\u00e4den: Bundesgerichtshof urteilt zugunsten der \u00c4rzte","datePublished":"2025-10-13T15:02:47+00:00","dateModified":"2025-10-13T15:02:47+00:00","mainEntityOfPage":{"@id":"https:\/\/now-news.de\/de\/deutschland\/corona-impfschaeden-bundesgerichtshof-urteilt-zugunsten-der-aerzte\/"},"wordCount":1466,"commentCount":0,"publisher":{"@id":"https:\/\/now-news.de\/de\/#organization"},"image":{"@id":"https:\/\/now-news.de\/de\/deutschland\/corona-impfschaeden-bundesgerichtshof-urteilt-zugunsten-der-aerzte\/#primaryimage"},"thumbnailUrl":"https:\/\/now-news.de\/de\/wp-content\/uploads\/sites\/3\/2025\/10\/Corona-Impfschaeden-Bundesgerichtshof-urteilt-zugunsten-der-Aerzte.JPG","keywords":["\u00c4rzte","Bundesgerichtshof","CoronaImpfsch\u00e4den","der","urteilt","zugunsten"],"articleSection":["Deutschland","Russland"],"inLanguage":"de","potentialAction":[{"@type":"CommentAction","name":"Comment","target":["https:\/\/now-news.de\/de\/deutschland\/corona-impfschaeden-bundesgerichtshof-urteilt-zugunsten-der-aerzte\/#respond"]}]},{"@type":"WebPage","@id":"https:\/\/now-news.de\/de\/deutschland\/corona-impfschaeden-bundesgerichtshof-urteilt-zugunsten-der-aerzte\/","url":"https:\/\/now-news.de\/de\/deutschland\/corona-impfschaeden-bundesgerichtshof-urteilt-zugunsten-der-aerzte\/","name":"Corona-Impfsch\u00e4den: Bundesgerichtshof urteilt zugunsten der \u00c4rzte - just-now.NEWS Deutschland","isPartOf":{"@id":"https:\/\/now-news.de\/de\/#website"},"primaryImageOfPage":{"@id":"https:\/\/now-news.de\/de\/deutschland\/corona-impfschaeden-bundesgerichtshof-urteilt-zugunsten-der-aerzte\/#primaryimage"},"image":{"@id":"https:\/\/now-news.de\/de\/deutschland\/corona-impfschaeden-bundesgerichtshof-urteilt-zugunsten-der-aerzte\/#primaryimage"},"thumbnailUrl":"https:\/\/now-news.de\/de\/wp-content\/uploads\/sites\/3\/2025\/10\/Corona-Impfschaeden-Bundesgerichtshof-urteilt-zugunsten-der-Aerzte.JPG","datePublished":"2025-10-13T15:02:47+00:00","dateModified":"2025-10-13T15:02:47+00:00","breadcrumb":{"@id":"https:\/\/now-news.de\/de\/deutschland\/corona-impfschaeden-bundesgerichtshof-urteilt-zugunsten-der-aerzte\/#breadcrumb"},"inLanguage":"de","potentialAction":[{"@type":"ReadAction","target":["https:\/\/now-news.de\/de\/deutschland\/corona-impfschaeden-bundesgerichtshof-urteilt-zugunsten-der-aerzte\/"]}]},{"@type":"ImageObject","inLanguage":"de","@id":"https:\/\/now-news.de\/de\/deutschland\/corona-impfschaeden-bundesgerichtshof-urteilt-zugunsten-der-aerzte\/#primaryimage","url":"https:\/\/now-news.de\/de\/wp-content\/uploads\/sites\/3\/2025\/10\/Corona-Impfschaeden-Bundesgerichtshof-urteilt-zugunsten-der-Aerzte.JPG","contentUrl":"https:\/\/now-news.de\/de\/wp-content\/uploads\/sites\/3\/2025\/10\/Corona-Impfschaeden-Bundesgerichtshof-urteilt-zugunsten-der-Aerzte.JPG","width":460,"height":259,"caption":"Corona-Impfsch\u00e4den: Bundesgerichtshof urteilt zugunsten der \u00c4rzte"},{"@type":"BreadcrumbList","@id":"https:\/\/now-news.de\/de\/deutschland\/corona-impfschaeden-bundesgerichtshof-urteilt-zugunsten-der-aerzte\/#breadcrumb","itemListElement":[{"@type":"ListItem","position":1,"name":"Home","item":"https:\/\/now-news.de\/de\/"},{"@type":"ListItem","position":2,"name":"Corona-Impfsch\u00e4den: Bundesgerichtshof urteilt zugunsten der \u00c4rzte"}]},{"@type":"WebSite","@id":"https:\/\/now-news.de\/de\/#website","url":"https:\/\/now-news.de\/de\/","name":"just-now.NEWS Deutschland","description":"Das Portal f\u00fcr unzensierte Nachrichten aus der Welt","publisher":{"@id":"https:\/\/now-news.de\/de\/#organization"},"potentialAction":[{"@type":"SearchAction","target":{"@type":"EntryPoint","urlTemplate":"https:\/\/now-news.de\/de\/?s={search_term_string}"},"query-input":"required name=search_term_string"}],"inLanguage":"de"},{"@type":"Organization","@id":"https:\/\/now-news.de\/de\/#organization","name":"Just Now News","url":"https:\/\/now-news.de\/de\/","logo":{"@type":"ImageObject","inLanguage":"de","@id":"https:\/\/now-news.de\/de\/#\/schema\/logo\/image\/","url":"http:\/\/just-now.news\/de\/wp-content\/uploads\/sites\/3\/2022\/04\/logo500x500.jpg","contentUrl":"http:\/\/just-now.news\/de\/wp-content\/uploads\/sites\/3\/2022\/04\/logo500x500.jpg","width":500,"height":500,"caption":"Just Now News"},"image":{"@id":"https:\/\/now-news.de\/de\/#\/schema\/logo\/image\/"},"sameAs":["https:\/\/www.facebook.com\/wirmachenauf","https:\/\/x.com\/WirMachenAuf_de"]},{"@type":"Person","@id":"https:\/\/now-news.de\/de\/#\/schema\/person\/fb534a4e865501d8b3285208df34a9b5","name":"rtnews","image":{"@type":"ImageObject","inLanguage":"de","@id":"https:\/\/now-news.de\/de\/#\/schema\/person\/image\/","url":"https:\/\/secure.gravatar.com\/avatar\/82aafea7d8127119dd649515f56e2117?s=96&d=mm&r=g","contentUrl":"https:\/\/secure.gravatar.com\/avatar\/82aafea7d8127119dd649515f56e2117?s=96&d=mm&r=g","caption":"rtnews"},"url":"https:\/\/now-news.de\/de\/author\/rnews\/"}]}},"_links":{"self":[{"href":"https:\/\/now-news.de\/de\/wp-json\/wp\/v2\/posts\/92167"}],"collection":[{"href":"https:\/\/now-news.de\/de\/wp-json\/wp\/v2\/posts"}],"about":[{"href":"https:\/\/now-news.de\/de\/wp-json\/wp\/v2\/types\/post"}],"author":[{"embeddable":true,"href":"https:\/\/now-news.de\/de\/wp-json\/wp\/v2\/users\/3"}],"replies":[{"embeddable":true,"href":"https:\/\/now-news.de\/de\/wp-json\/wp\/v2\/comments?post=92167"}],"version-history":[{"count":0,"href":"https:\/\/now-news.de\/de\/wp-json\/wp\/v2\/posts\/92167\/revisions"}],"wp:featuredmedia":[{"embeddable":true,"href":"https:\/\/now-news.de\/de\/wp-json\/wp\/v2\/media\/92168"}],"wp:attachment":[{"href":"https:\/\/now-news.de\/de\/wp-json\/wp\/v2\/media?parent=92167"}],"wp:term":[{"taxonomy":"category","embeddable":true,"href":"https:\/\/now-news.de\/de\/wp-json\/wp\/v2\/categories?post=92167"},{"taxonomy":"post_tag","embeddable":true,"href":"https:\/\/now-news.de\/de\/wp-json\/wp\/v2\/tags?post=92167"}],"curies":[{"name":"wp","href":"https:\/\/api.w.org\/{rel}","templated":true}]}}