{"id":92134,"date":"2025-10-13T06:30:00","date_gmt":"2025-10-13T04:30:00","guid":{"rendered":"https:\/\/now-news.de\/de\/deutschland\/gegen-trump-vorsitz-in-gaza-palaestinenser-lehnen-auslaendische-bevormundung-ab\/"},"modified":"2025-10-13T06:30:00","modified_gmt":"2025-10-13T04:30:00","slug":"gegen-trump-vorsitz-in-gaza-palaestinenser-lehnen-auslaendische-bevormundung-ab","status":"publish","type":"post","link":"https:\/\/now-news.de\/de\/deutschland\/gegen-trump-vorsitz-in-gaza-palaestinenser-lehnen-auslaendische-bevormundung-ab\/","title":{"rendered":"Gegen Trump-Vorsitz in Gaza \u2013 Pal\u00e4stinenser lehnen ausl\u00e4ndische Bevormundung ab"},"content":{"rendered":"<p><img decoding=\"async\" src=\"https:\/\/now-news.de\/de\/wp-content\/uploads\/sites\/3\/2025\/10\/68eb98ceb480cc4c4a32e405.jpg\" \/><\/p>\n<div class=\"Text-root Text-type_1 \">\n                Nach dem Inkrafttreten des Waffenstillstands erkl\u00e4rten drei verb\u00fcndete pal\u00e4stinensische Gruppen, dass jede Entscheidung \u00fcber die k\u00fcnftige Regierung des Gazastreifens &#8220;eine interne pal\u00e4stinensische Angelegenheit&#8221; sei. Gem\u00e4\u00df Trumps Friedensplan h\u00e4tte er den Vorsitz \u00fcber die Gaza-Verwaltung.\n            <\/div>\n<p><\/p>\n<div class=\"Text-root Text-type_5 ArticleView-text ViewText-root \">\n<p>Zehntausende vertriebene Pal\u00e4stinenser kehren am ersten Tag des Waffenstillstands in die &#8220;nicht wiederzuerkennende&#8221; Stadt Gaza zur\u00fcck. Wie <em>Aljazeera<\/em>\u00a0<a rel=\"nofollow noopener\" target=\"_blank\" href=\"https:\/\/www.aljazeera.com\/news\/2025\/10\/10\/palestine-factions-refuse-foreign-guardianship-on-gaza-as-truce-takes-hold\">berichtete<\/a>, gaben drei pal\u00e4stinensische Organisationen dazu am Freitag eine Erkl\u00e4rung heraus. Gemeinschaftlich lobten die Pal\u00e4stinensische Islamische Dschihad, die Volksfront f\u00fcr die Befreiung Pal\u00e4stinas (PFLP) und die Hamas die Standhaftigkeit der Pal\u00e4stinenser.<\/p>\n<p>Den drei Organisationen zufolge, habe diese Standhaftigkeit Israels Pl\u00e4ne f\u00fcr eine massenhafte Vertreibung im Gazastreifen vereitelt. In der Erkl\u00e4rung hei\u00dft es:<\/p>\n<p><em>&#8220;Wir bekr\u00e4ftigen unsere Ablehnung jeglicher ausl\u00e4ndischer Bevormundung und betonen, dass die Verwaltung des Gazastreifens und seiner Institutionen eine interne pal\u00e4stinensische Angelegenheit ist, \u00fcber die direkt von der nationalen Komponente unseres Volkes entschieden werden muss.&#8221;<\/em><\/p>\n<p>Gegenw\u00e4rtig w\u00fcrden pal\u00e4stinensische Gruppen eine &#8220;dringende umfassende nationale Versammlung&#8221; vorbereiten. Bei der geplanten Sitzung wolle man die n\u00e4chsten Schritte nach dem Waffenstillstand gemeinsam besprechen. Sie k\u00fcndigten dazu an:<\/p>\n<p><em>&#8220;Dies wird die pal\u00e4stinensische Position vereinheitlichen, eine umfassende nationale Strategie formulieren und unsere nationalen Institutionen auf den Grundlagen von Partnerschaft, Glaubw\u00fcrdigkeit und Transparenz wiederaufbauen.&#8221;<\/em><\/p>\n<p>Gem\u00e4\u00df dem Bericht von\u00a0<em>Aljazeera<\/em>, sei es unklar, ob auch die Fatah-Fraktion, welche in der Pal\u00e4stinensischen Autonomiebeh\u00f6rde dominiere, an der Versammlung teilnehmen wolle.<\/p>\n<p>Der 20-Punkte-Plan von US-Pr\u00e4sident Donald Trump f\u00fcr den Gazastreifen sieht die Schaffung eines neuen internationalen Gremiums namens &#8220;Board of Peace&#8221; vor. Demnach soll dieses internationale Gremium &#8220;eine \u00dcbergangsregierung aus Technokraten beaufsichtigen&#8221;, die den Gazastreifen regieren soll. Dabei soll Donald Trump selbst den Vorsitz des internationalen Gremiums \u00fcbern\u00e4hme. Beteiligt w\u00e4re auch der ehemalige britische Premierminister Tony Blair. \u00a0<\/p>\n<p><strong>Mehr zum Thema<\/strong>\u00a0\u2013\u00a0<a rel=\"nofollow noopener\" target=\"_blank\" href=\"https:\/\/dert.online\/international\/258333-trump-verkuendet-einigung-bei-gaza-verhandlungen\/\">Trump verk\u00fcndet Einigung bei Gaza-Verhandlungen <\/a><\/p>\n<div class=\"EmbedBlock-root EmbedBlock-externalVideo EmbedBlock-rumble\">\n<div class=\"VkEmbed\"><iframe class=\"lazyload\" data-src=\"https:\/\/rumble.com\/embed\/v6y0hvw\" frameborder=\"0\" width=\"853\" height=\"480\" allowfullscreen><\/iframe><\/div>\n<\/div>\n<\/div>\n<p><br \/>\n<br \/><a href=\"https:\/\/de.rt.com\/der-nahe-osten\/258625-gegen-trump-vorsitz-in-gaza\/\">Source link <\/a><\/p>\n","protected":false},"excerpt":{"rendered":"<p>Nach dem Inkrafttreten des Waffenstillstands erkl\u00e4rten drei verb\u00fcndete pal\u00e4stinensische Gruppen, dass jede Entscheidung \u00fcber die k\u00fcnftige Regierung des Gazastreifens &#8220;eine interne pal\u00e4stinensische Angelegenheit&#8221; sei. Gem\u00e4\u00df Trumps Friedensplan h\u00e4tte er den Vorsitz \u00fcber die Gaza-Verwaltung. Zehntausende vertriebene Pal\u00e4stinenser kehren am ersten Tag des Waffenstillstands in die &#8220;nicht wiederzuerkennende&#8221; Stadt Gaza zur\u00fcck. Wie Aljazeera\u00a0berichtete, gaben drei pal\u00e4stinensische [&hellip;]<\/p>\n","protected":false},"author":3,"featured_media":92135,"comment_status":"open","ping_status":"open","sticky":false,"template":"","format":"standard","meta":{"_yoast_indexnow_last_ping":["1760330299"],"wp_automatic_camp":["217"],"2dc77e8a60f26c0d2802a27ff10922da":["Gegen Trump-Vorsitz in Gaza \u2013 Pal\u00e4stinenser lehnen ausl\u00e4ndische Bevormundung ab"],"original_link":["https:\/\/de.rt.com\/der-nahe-osten\/258625-gegen-trump-vorsitz-in-gaza\/"],"_thumbnail_id":["92135"],"jnews_social_counter_last_update":["1777777566"],"_wptgpro_p2tg_sent2tg":["a:1:{i:23737;s:19:\"2025-10-13 06:39:20\";}"]},"categories":[19,23],"tags":[6371,39942,12988,278,19043,7583,68382],"yoast_head":"<!-- This site is optimized with the Yoast SEO Premium plugin v22.7 (Yoast SEO v22.7) - https:\/\/yoast.com\/wordpress\/plugins\/seo\/ -->\n<title>Gegen Trump-Vorsitz in Gaza \u2013 Pal\u00e4stinenser lehnen ausl\u00e4ndische Bevormundung ab - just-now.NEWS Deutschland<\/title>\n<meta name=\"robots\" content=\"index, follow, max-snippet:-1, max-image-preview:large, max-video-preview:-1\" \/>\n<link rel=\"canonical\" href=\"https:\/\/now-news.de\/de\/deutschland\/gegen-trump-vorsitz-in-gaza-palaestinenser-lehnen-auslaendische-bevormundung-ab\/\" \/>\n<meta property=\"og:locale\" content=\"de_DE\" \/>\n<meta property=\"og:type\" content=\"article\" \/>\n<meta property=\"og:title\" content=\"Gegen Trump-Vorsitz in Gaza \u2013 Pal\u00e4stinenser lehnen ausl\u00e4ndische Bevormundung ab\" \/>\n<meta property=\"og:description\" content=\"Nach dem Inkrafttreten des Waffenstillstands erkl\u00e4rten drei verb\u00fcndete pal\u00e4stinensische Gruppen, dass jede Entscheidung \u00fcber die k\u00fcnftige Regierung des Gazastreifens &#8220;eine interne pal\u00e4stinensische Angelegenheit&#8221; sei. Gem\u00e4\u00df Trumps Friedensplan h\u00e4tte er den Vorsitz \u00fcber die Gaza-Verwaltung. Zehntausende vertriebene Pal\u00e4stinenser kehren am ersten Tag des Waffenstillstands in die &#8220;nicht wiederzuerkennende&#8221; Stadt Gaza zur\u00fcck. Wie Aljazeera\u00a0berichtete, gaben drei pal\u00e4stinensische [&hellip;]\" \/>\n<meta property=\"og:url\" content=\"https:\/\/now-news.de\/de\/deutschland\/gegen-trump-vorsitz-in-gaza-palaestinenser-lehnen-auslaendische-bevormundung-ab\/\" \/>\n<meta property=\"og:site_name\" content=\"just-now.NEWS Deutschland\" \/>\n<meta property=\"article:publisher\" content=\"https:\/\/www.facebook.com\/wirmachenauf\" \/>\n<meta property=\"article:published_time\" content=\"2025-10-13T04:30:00+00:00\" \/>\n<meta property=\"og:image\" content=\"https:\/\/now-news.de\/de\/wp-content\/uploads\/sites\/3\/2025\/10\/68eb98ceb480cc4c4a32e405.jpg\" \/>\n<meta name=\"author\" content=\"rtnews\" \/>\n<meta name=\"twitter:card\" content=\"summary_large_image\" \/>\n<meta name=\"twitter:creator\" content=\"@WirMachenAuf_de\" \/>\n<meta name=\"twitter:site\" content=\"@WirMachenAuf_de\" \/>\n<meta name=\"twitter:label1\" content=\"Verfasst von\" \/>\n\t<meta name=\"twitter:data1\" content=\"rtnews\" \/>\n\t<meta name=\"twitter:label2\" content=\"Gesch\u00e4tzte Lesezeit\" \/>\n\t<meta name=\"twitter:data2\" content=\"2\u00a0Minuten\" \/>\n<script type=\"application\/ld+json\" class=\"yoast-schema-graph\">{\"@context\":\"https:\/\/schema.org\",\"@graph\":[{\"@type\":\"Article\",\"@id\":\"https:\/\/now-news.de\/de\/deutschland\/gegen-trump-vorsitz-in-gaza-palaestinenser-lehnen-auslaendische-bevormundung-ab\/#article\",\"isPartOf\":{\"@id\":\"https:\/\/now-news.de\/de\/deutschland\/gegen-trump-vorsitz-in-gaza-palaestinenser-lehnen-auslaendische-bevormundung-ab\/\"},\"author\":{\"name\":\"rtnews\",\"@id\":\"https:\/\/now-news.de\/de\/#\/schema\/person\/fb534a4e865501d8b3285208df34a9b5\"},\"headline\":\"Gegen Trump-Vorsitz in Gaza \u2013 Pal\u00e4stinenser lehnen ausl\u00e4ndische Bevormundung ab\",\"datePublished\":\"2025-10-13T04:30:00+00:00\",\"dateModified\":\"2025-10-13T04:30:00+00:00\",\"mainEntityOfPage\":{\"@id\":\"https:\/\/now-news.de\/de\/deutschland\/gegen-trump-vorsitz-in-gaza-palaestinenser-lehnen-auslaendische-bevormundung-ab\/\"},\"wordCount\":326,\"commentCount\":0,\"publisher\":{\"@id\":\"https:\/\/now-news.de\/de\/#organization\"},\"image\":{\"@id\":\"https:\/\/now-news.de\/de\/deutschland\/gegen-trump-vorsitz-in-gaza-palaestinenser-lehnen-auslaendische-bevormundung-ab\/#primaryimage\"},\"thumbnailUrl\":\"https:\/\/now-news.de\/de\/wp-content\/uploads\/sites\/3\/2025\/10\/Gegen-Trump-Vorsitz-in-Gaza-\u2013-Palaestinenser-lehnen-auslaendische-Bevormundung-ab.jpg\",\"keywords\":[\"ausl\u00e4ndische\",\"Bevormundung\",\"Gaza\",\"gegen\",\"lehnen\",\"Pal\u00e4stinenser\",\"TrumpVorsitz\"],\"articleSection\":[\"Deutschland\",\"Russland\"],\"inLanguage\":\"de\",\"potentialAction\":[{\"@type\":\"CommentAction\",\"name\":\"Comment\",\"target\":[\"https:\/\/now-news.de\/de\/deutschland\/gegen-trump-vorsitz-in-gaza-palaestinenser-lehnen-auslaendische-bevormundung-ab\/#respond\"]}]},{\"@type\":\"WebPage\",\"@id\":\"https:\/\/now-news.de\/de\/deutschland\/gegen-trump-vorsitz-in-gaza-palaestinenser-lehnen-auslaendische-bevormundung-ab\/\",\"url\":\"https:\/\/now-news.de\/de\/deutschland\/gegen-trump-vorsitz-in-gaza-palaestinenser-lehnen-auslaendische-bevormundung-ab\/\",\"name\":\"Gegen Trump-Vorsitz in Gaza \u2013 Pal\u00e4stinenser lehnen ausl\u00e4ndische Bevormundung ab - just-now.NEWS Deutschland\",\"isPartOf\":{\"@id\":\"https:\/\/now-news.de\/de\/#website\"},\"primaryImageOfPage\":{\"@id\":\"https:\/\/now-news.de\/de\/deutschland\/gegen-trump-vorsitz-in-gaza-palaestinenser-lehnen-auslaendische-bevormundung-ab\/#primaryimage\"},\"image\":{\"@id\":\"https:\/\/now-news.de\/de\/deutschland\/gegen-trump-vorsitz-in-gaza-palaestinenser-lehnen-auslaendische-bevormundung-ab\/#primaryimage\"},\"thumbnailUrl\":\"https:\/\/now-news.de\/de\/wp-content\/uploads\/sites\/3\/2025\/10\/Gegen-Trump-Vorsitz-in-Gaza-\u2013-Palaestinenser-lehnen-auslaendische-Bevormundung-ab.jpg\",\"datePublished\":\"2025-10-13T04:30:00+00:00\",\"dateModified\":\"2025-10-13T04:30:00+00:00\",\"breadcrumb\":{\"@id\":\"https:\/\/now-news.de\/de\/deutschland\/gegen-trump-vorsitz-in-gaza-palaestinenser-lehnen-auslaendische-bevormundung-ab\/#breadcrumb\"},\"inLanguage\":\"de\",\"potentialAction\":[{\"@type\":\"ReadAction\",\"target\":[\"https:\/\/now-news.de\/de\/deutschland\/gegen-trump-vorsitz-in-gaza-palaestinenser-lehnen-auslaendische-bevormundung-ab\/\"]}]},{\"@type\":\"ImageObject\",\"inLanguage\":\"de\",\"@id\":\"https:\/\/now-news.de\/de\/deutschland\/gegen-trump-vorsitz-in-gaza-palaestinenser-lehnen-auslaendische-bevormundung-ab\/#primaryimage\",\"url\":\"https:\/\/now-news.de\/de\/wp-content\/uploads\/sites\/3\/2025\/10\/Gegen-Trump-Vorsitz-in-Gaza-\u2013-Palaestinenser-lehnen-auslaendische-Bevormundung-ab.jpg\",\"contentUrl\":\"https:\/\/now-news.de\/de\/wp-content\/uploads\/sites\/3\/2025\/10\/Gegen-Trump-Vorsitz-in-Gaza-\u2013-Palaestinenser-lehnen-auslaendische-Bevormundung-ab.jpg\",\"width\":460,\"height\":259,\"caption\":\"Gegen Trump-Vorsitz in Gaza \u2013 Pal\u00e4stinenser lehnen ausl\u00e4ndische Bevormundung ab\"},{\"@type\":\"BreadcrumbList\",\"@id\":\"https:\/\/now-news.de\/de\/deutschland\/gegen-trump-vorsitz-in-gaza-palaestinenser-lehnen-auslaendische-bevormundung-ab\/#breadcrumb\",\"itemListElement\":[{\"@type\":\"ListItem\",\"position\":1,\"name\":\"Home\",\"item\":\"https:\/\/now-news.de\/de\/\"},{\"@type\":\"ListItem\",\"position\":2,\"name\":\"Gegen Trump-Vorsitz in Gaza \u2013 Pal\u00e4stinenser lehnen ausl\u00e4ndische Bevormundung ab\"}]},{\"@type\":\"WebSite\",\"@id\":\"https:\/\/now-news.de\/de\/#website\",\"url\":\"https:\/\/now-news.de\/de\/\",\"name\":\"just-now.NEWS Deutschland\",\"description\":\"Das Portal f\u00fcr unzensierte Nachrichten aus der Welt\",\"publisher\":{\"@id\":\"https:\/\/now-news.de\/de\/#organization\"},\"potentialAction\":[{\"@type\":\"SearchAction\",\"target\":{\"@type\":\"EntryPoint\",\"urlTemplate\":\"https:\/\/now-news.de\/de\/?s={search_term_string}\"},\"query-input\":\"required name=search_term_string\"}],\"inLanguage\":\"de\"},{\"@type\":\"Organization\",\"@id\":\"https:\/\/now-news.de\/de\/#organization\",\"name\":\"Just Now News\",\"url\":\"https:\/\/now-news.de\/de\/\",\"logo\":{\"@type\":\"ImageObject\",\"inLanguage\":\"de\",\"@id\":\"https:\/\/now-news.de\/de\/#\/schema\/logo\/image\/\",\"url\":\"http:\/\/just-now.news\/de\/wp-content\/uploads\/sites\/3\/2022\/04\/logo500x500.jpg\",\"contentUrl\":\"http:\/\/just-now.news\/de\/wp-content\/uploads\/sites\/3\/2022\/04\/logo500x500.jpg\",\"width\":500,\"height\":500,\"caption\":\"Just Now News\"},\"image\":{\"@id\":\"https:\/\/now-news.de\/de\/#\/schema\/logo\/image\/\"},\"sameAs\":[\"https:\/\/www.facebook.com\/wirmachenauf\",\"https:\/\/x.com\/WirMachenAuf_de\"]},{\"@type\":\"Person\",\"@id\":\"https:\/\/now-news.de\/de\/#\/schema\/person\/fb534a4e865501d8b3285208df34a9b5\",\"name\":\"rtnews\",\"image\":{\"@type\":\"ImageObject\",\"inLanguage\":\"de\",\"@id\":\"https:\/\/now-news.de\/de\/#\/schema\/person\/image\/\",\"url\":\"https:\/\/secure.gravatar.com\/avatar\/82aafea7d8127119dd649515f56e2117?s=96&d=mm&r=g\",\"contentUrl\":\"https:\/\/secure.gravatar.com\/avatar\/82aafea7d8127119dd649515f56e2117?s=96&d=mm&r=g\",\"caption\":\"rtnews\"},\"url\":\"https:\/\/now-news.de\/de\/author\/rnews\/\"}]}<\/script>\n<!-- \/ Yoast SEO Premium plugin. -->","yoast_head_json":{"title":"Gegen Trump-Vorsitz in Gaza \u2013 Pal\u00e4stinenser lehnen ausl\u00e4ndische Bevormundung ab - just-now.NEWS Deutschland","robots":{"index":"index","follow":"follow","max-snippet":"max-snippet:-1","max-image-preview":"max-image-preview:large","max-video-preview":"max-video-preview:-1"},"canonical":"https:\/\/now-news.de\/de\/deutschland\/gegen-trump-vorsitz-in-gaza-palaestinenser-lehnen-auslaendische-bevormundung-ab\/","og_locale":"de_DE","og_type":"article","og_title":"Gegen Trump-Vorsitz in Gaza \u2013 Pal\u00e4stinenser lehnen ausl\u00e4ndische Bevormundung ab","og_description":"Nach dem Inkrafttreten des Waffenstillstands erkl\u00e4rten drei verb\u00fcndete pal\u00e4stinensische Gruppen, dass jede Entscheidung \u00fcber die k\u00fcnftige Regierung des Gazastreifens &#8220;eine interne pal\u00e4stinensische Angelegenheit&#8221; sei. Gem\u00e4\u00df Trumps Friedensplan h\u00e4tte er den Vorsitz \u00fcber die Gaza-Verwaltung. Zehntausende vertriebene Pal\u00e4stinenser kehren am ersten Tag des Waffenstillstands in die &#8220;nicht wiederzuerkennende&#8221; Stadt Gaza zur\u00fcck. Wie Aljazeera\u00a0berichtete, gaben drei pal\u00e4stinensische [&hellip;]","og_url":"https:\/\/now-news.de\/de\/deutschland\/gegen-trump-vorsitz-in-gaza-palaestinenser-lehnen-auslaendische-bevormundung-ab\/","og_site_name":"just-now.NEWS Deutschland","article_publisher":"https:\/\/www.facebook.com\/wirmachenauf","article_published_time":"2025-10-13T04:30:00+00:00","og_image":[{"url":"https:\/\/now-news.de\/de\/wp-content\/uploads\/sites\/3\/2025\/10\/68eb98ceb480cc4c4a32e405.jpg"}],"author":"rtnews","twitter_card":"summary_large_image","twitter_creator":"@WirMachenAuf_de","twitter_site":"@WirMachenAuf_de","twitter_misc":{"Verfasst von":"rtnews","Gesch\u00e4tzte Lesezeit":"2\u00a0Minuten"},"schema":{"@context":"https:\/\/schema.org","@graph":[{"@type":"Article","@id":"https:\/\/now-news.de\/de\/deutschland\/gegen-trump-vorsitz-in-gaza-palaestinenser-lehnen-auslaendische-bevormundung-ab\/#article","isPartOf":{"@id":"https:\/\/now-news.de\/de\/deutschland\/gegen-trump-vorsitz-in-gaza-palaestinenser-lehnen-auslaendische-bevormundung-ab\/"},"author":{"name":"rtnews","@id":"https:\/\/now-news.de\/de\/#\/schema\/person\/fb534a4e865501d8b3285208df34a9b5"},"headline":"Gegen Trump-Vorsitz in Gaza \u2013 Pal\u00e4stinenser lehnen ausl\u00e4ndische Bevormundung ab","datePublished":"2025-10-13T04:30:00+00:00","dateModified":"2025-10-13T04:30:00+00:00","mainEntityOfPage":{"@id":"https:\/\/now-news.de\/de\/deutschland\/gegen-trump-vorsitz-in-gaza-palaestinenser-lehnen-auslaendische-bevormundung-ab\/"},"wordCount":326,"commentCount":0,"publisher":{"@id":"https:\/\/now-news.de\/de\/#organization"},"image":{"@id":"https:\/\/now-news.de\/de\/deutschland\/gegen-trump-vorsitz-in-gaza-palaestinenser-lehnen-auslaendische-bevormundung-ab\/#primaryimage"},"thumbnailUrl":"https:\/\/now-news.de\/de\/wp-content\/uploads\/sites\/3\/2025\/10\/Gegen-Trump-Vorsitz-in-Gaza-\u2013-Palaestinenser-lehnen-auslaendische-Bevormundung-ab.jpg","keywords":["ausl\u00e4ndische","Bevormundung","Gaza","gegen","lehnen","Pal\u00e4stinenser","TrumpVorsitz"],"articleSection":["Deutschland","Russland"],"inLanguage":"de","potentialAction":[{"@type":"CommentAction","name":"Comment","target":["https:\/\/now-news.de\/de\/deutschland\/gegen-trump-vorsitz-in-gaza-palaestinenser-lehnen-auslaendische-bevormundung-ab\/#respond"]}]},{"@type":"WebPage","@id":"https:\/\/now-news.de\/de\/deutschland\/gegen-trump-vorsitz-in-gaza-palaestinenser-lehnen-auslaendische-bevormundung-ab\/","url":"https:\/\/now-news.de\/de\/deutschland\/gegen-trump-vorsitz-in-gaza-palaestinenser-lehnen-auslaendische-bevormundung-ab\/","name":"Gegen Trump-Vorsitz in Gaza \u2013 Pal\u00e4stinenser lehnen ausl\u00e4ndische Bevormundung ab - just-now.NEWS Deutschland","isPartOf":{"@id":"https:\/\/now-news.de\/de\/#website"},"primaryImageOfPage":{"@id":"https:\/\/now-news.de\/de\/deutschland\/gegen-trump-vorsitz-in-gaza-palaestinenser-lehnen-auslaendische-bevormundung-ab\/#primaryimage"},"image":{"@id":"https:\/\/now-news.de\/de\/deutschland\/gegen-trump-vorsitz-in-gaza-palaestinenser-lehnen-auslaendische-bevormundung-ab\/#primaryimage"},"thumbnailUrl":"https:\/\/now-news.de\/de\/wp-content\/uploads\/sites\/3\/2025\/10\/Gegen-Trump-Vorsitz-in-Gaza-\u2013-Palaestinenser-lehnen-auslaendische-Bevormundung-ab.jpg","datePublished":"2025-10-13T04:30:00+00:00","dateModified":"2025-10-13T04:30:00+00:00","breadcrumb":{"@id":"https:\/\/now-news.de\/de\/deutschland\/gegen-trump-vorsitz-in-gaza-palaestinenser-lehnen-auslaendische-bevormundung-ab\/#breadcrumb"},"inLanguage":"de","potentialAction":[{"@type":"ReadAction","target":["https:\/\/now-news.de\/de\/deutschland\/gegen-trump-vorsitz-in-gaza-palaestinenser-lehnen-auslaendische-bevormundung-ab\/"]}]},{"@type":"ImageObject","inLanguage":"de","@id":"https:\/\/now-news.de\/de\/deutschland\/gegen-trump-vorsitz-in-gaza-palaestinenser-lehnen-auslaendische-bevormundung-ab\/#primaryimage","url":"https:\/\/now-news.de\/de\/wp-content\/uploads\/sites\/3\/2025\/10\/Gegen-Trump-Vorsitz-in-Gaza-\u2013-Palaestinenser-lehnen-auslaendische-Bevormundung-ab.jpg","contentUrl":"https:\/\/now-news.de\/de\/wp-content\/uploads\/sites\/3\/2025\/10\/Gegen-Trump-Vorsitz-in-Gaza-\u2013-Palaestinenser-lehnen-auslaendische-Bevormundung-ab.jpg","width":460,"height":259,"caption":"Gegen Trump-Vorsitz in Gaza \u2013 Pal\u00e4stinenser lehnen ausl\u00e4ndische Bevormundung ab"},{"@type":"BreadcrumbList","@id":"https:\/\/now-news.de\/de\/deutschland\/gegen-trump-vorsitz-in-gaza-palaestinenser-lehnen-auslaendische-bevormundung-ab\/#breadcrumb","itemListElement":[{"@type":"ListItem","position":1,"name":"Home","item":"https:\/\/now-news.de\/de\/"},{"@type":"ListItem","position":2,"name":"Gegen Trump-Vorsitz in Gaza \u2013 Pal\u00e4stinenser lehnen ausl\u00e4ndische Bevormundung ab"}]},{"@type":"WebSite","@id":"https:\/\/now-news.de\/de\/#website","url":"https:\/\/now-news.de\/de\/","name":"just-now.NEWS Deutschland","description":"Das Portal f\u00fcr unzensierte Nachrichten aus der Welt","publisher":{"@id":"https:\/\/now-news.de\/de\/#organization"},"potentialAction":[{"@type":"SearchAction","target":{"@type":"EntryPoint","urlTemplate":"https:\/\/now-news.de\/de\/?s={search_term_string}"},"query-input":"required name=search_term_string"}],"inLanguage":"de"},{"@type":"Organization","@id":"https:\/\/now-news.de\/de\/#organization","name":"Just Now News","url":"https:\/\/now-news.de\/de\/","logo":{"@type":"ImageObject","inLanguage":"de","@id":"https:\/\/now-news.de\/de\/#\/schema\/logo\/image\/","url":"http:\/\/just-now.news\/de\/wp-content\/uploads\/sites\/3\/2022\/04\/logo500x500.jpg","contentUrl":"http:\/\/just-now.news\/de\/wp-content\/uploads\/sites\/3\/2022\/04\/logo500x500.jpg","width":500,"height":500,"caption":"Just Now News"},"image":{"@id":"https:\/\/now-news.de\/de\/#\/schema\/logo\/image\/"},"sameAs":["https:\/\/www.facebook.com\/wirmachenauf","https:\/\/x.com\/WirMachenAuf_de"]},{"@type":"Person","@id":"https:\/\/now-news.de\/de\/#\/schema\/person\/fb534a4e865501d8b3285208df34a9b5","name":"rtnews","image":{"@type":"ImageObject","inLanguage":"de","@id":"https:\/\/now-news.de\/de\/#\/schema\/person\/image\/","url":"https:\/\/secure.gravatar.com\/avatar\/82aafea7d8127119dd649515f56e2117?s=96&d=mm&r=g","contentUrl":"https:\/\/secure.gravatar.com\/avatar\/82aafea7d8127119dd649515f56e2117?s=96&d=mm&r=g","caption":"rtnews"},"url":"https:\/\/now-news.de\/de\/author\/rnews\/"}]}},"_links":{"self":[{"href":"https:\/\/now-news.de\/de\/wp-json\/wp\/v2\/posts\/92134"}],"collection":[{"href":"https:\/\/now-news.de\/de\/wp-json\/wp\/v2\/posts"}],"about":[{"href":"https:\/\/now-news.de\/de\/wp-json\/wp\/v2\/types\/post"}],"author":[{"embeddable":true,"href":"https:\/\/now-news.de\/de\/wp-json\/wp\/v2\/users\/3"}],"replies":[{"embeddable":true,"href":"https:\/\/now-news.de\/de\/wp-json\/wp\/v2\/comments?post=92134"}],"version-history":[{"count":0,"href":"https:\/\/now-news.de\/de\/wp-json\/wp\/v2\/posts\/92134\/revisions"}],"wp:featuredmedia":[{"embeddable":true,"href":"https:\/\/now-news.de\/de\/wp-json\/wp\/v2\/media\/92135"}],"wp:attachment":[{"href":"https:\/\/now-news.de\/de\/wp-json\/wp\/v2\/media?parent=92134"}],"wp:term":[{"taxonomy":"category","embeddable":true,"href":"https:\/\/now-news.de\/de\/wp-json\/wp\/v2\/categories?post=92134"},{"taxonomy":"post_tag","embeddable":true,"href":"https:\/\/now-news.de\/de\/wp-json\/wp\/v2\/tags?post=92134"}],"curies":[{"name":"wp","href":"https:\/\/api.w.org\/{rel}","templated":true}]}}