{"id":92110,"date":"2025-10-12T17:46:58","date_gmt":"2025-10-12T15:46:58","guid":{"rendered":"https:\/\/now-news.de\/de\/deutschland\/ehemaliger-macron-berater-rassemblement-national-steht-kurz-vor-machtuebernahme\/"},"modified":"2025-10-12T17:46:58","modified_gmt":"2025-10-12T15:46:58","slug":"ehemaliger-macron-berater-rassemblement-national-steht-kurz-vor-machtuebernahme","status":"publish","type":"post","link":"https:\/\/now-news.de\/de\/deutschland\/ehemaliger-macron-berater-rassemblement-national-steht-kurz-vor-machtuebernahme\/","title":{"rendered":"Ehemaliger Macron-Berater: Rassemblement National steht kurz vor Macht\u00fcbernahme"},"content":{"rendered":"<p><img decoding=\"async\" src=\"https:\/\/now-news.de\/de\/wp-content\/uploads\/sites\/3\/2025\/10\/68ebb76bb480cc4b223b7ace.jpg\" \/><\/p>\n<div class=\"Text-root Text-type_1 \">\n                Der ehemalige Pr\u00e4sidentenberater Alain Minc macht Emmanuel Macron f\u00fcr das politische Desaster in Frankreich verantwortlich. Mit nur 14 Prozent Zustimmung sei Macron dabei, die Lage noch zu verschlimmern. Der konservative &#8220;Rassemblement National\u201c stehe kurz vor der Macht\u00fcbernahme.\n            <\/div>\n<p><\/p>\n<div class=\"Text-root Text-type_5 ArticleView-text ViewText-root \">\n<p>Der ehemalige Berater des \u00c9lys\u00e9e-Palasts, Alain Minc, zieht eine harte Bilanz.\u00a0Er wirft dem franz\u00f6sischen Pr\u00e4sidenten\u00a0Emmanuel Macron vor, das Land in eine politische und wirtschaftliche Sackgasse gef\u00fchrt zu haben, w\u00e4hrend der &#8220;Rassemblement National&#8221; kurz vor der Macht\u00fcbernahme steht.<\/p>\n<p>Am Freitag war\u00a0Alain Minc zu Gast beim franz\u00f6sischen Fernsehsender <em>BFMTV<\/em>. Dort zeichnete er ein schonungsloses Bild des Pr\u00e4sidenten und der aktuellen politischen Krise. Seiner Meinung nach werde der Pr\u00e4sident &#8220;Frankreich in eine noch viel schlimmere Lage bringen&#8221;. Ihm zufolge stehe &#8220;der Rassemblement National kurz vor der Macht\u00fcbernahme&#8221;.\u00a0<\/p>\n<p>Laut Minc h\u00e4ufen sich die Fehler des franz\u00f6sischen Pr\u00e4sidenten: &#8220;Heute ist er ein Pr\u00e4sident mit 14 Prozent Zustimmung und politisch radioaktiv \u2026 er hat einen Fehltritt nach dem anderen begangen.&#8221; Der ehemalige Berater wies auch auf die Kluft zwischen der politischen Klasse und der wirtschaftlichen Realit\u00e4t hin: &#8220;Die Menschen konsumieren nicht, Unternehmer investieren nicht, ausl\u00e4ndische Akteure wollen nicht mehr zu uns kommen.&#8221;<\/p>\n<p>Minc betonte auch die internationale Besorgnis angesichts der Krise in Frankreich. &#8220;In Berlin herrscht gro\u00dfe wirtschaftliche und strategische Angst. In London herrscht die gleiche strategische Angst. In Italien wird \u00fcber unsere Vers\u00e4umnisse gespottet, und in Washington ist die finanzielle Besorgnis sp\u00fcrbar,&#8221; erkl\u00e4rte er.<\/p>\n<p>Um aus der Sackgasse herauszukommen, schl\u00e4gt der fr\u00fchere Pr\u00e4sidentenberater eine einfache, aber nie umgesetzte L\u00f6sung vor: eine Vereinbarung \u00fcber die Nichtzensur von Wirtschafts- und Steuerma\u00dfnahmen, insbesondere der Steuer f\u00fcr Gro\u00dfunternehmen, der Barnier-Steuer und der Reform der Arbeitslosenversicherung.\u00a0<\/p>\n<p>Laut Minc solle Macron sich nur noch um Au\u00dfenpolitik k\u00fcmmern. Die F\u00e4higkeit des Pr\u00e4sidenten, innenpolitische Angelegenheiten zu regeln, sei nicht mehr glaubw\u00fcrdig. Dazu erkl\u00e4rt der Berater: &#8220;Macron sollte sich auf die internationale Politik konzentrieren, wo er noch relativ glaubw\u00fcrdig ist \u2026&#8221;\u00a0 Minc zufolge, k\u00f6nnte der ehemalige franz\u00f6sische Minister f\u00fcr Wirtschaft, Finanzen und die industrielle und digitale Souver\u00e4nit\u00e4t, Jean-Louis Borloo, der Exekutive neuen Schwung verleihen.\u00a0<\/p>\n<p>Der ehemalige Berater warnt vor den Folgen der politischen Blockade: In Frankreich hat die Sparquote 19 Prozent erreicht. Diese Quote sei ein Zeichen des Misstrauens und bremse sowohl den Konsum, als auch Investitionen. Damit wirke sich das vermehrte Sparen direkt auf das Wirtschaftswachstum und den Haushalt in Frankreich aus. Alain Minc schlie\u00dft mit einem pessimistischen Ton:<\/p>\n<p><em>&#8220;Ich kann mir die Zukunft nur schwer vorstellen, weil keiner von uns wei\u00df, wie sie aussehen wird \u2026 aber sicher ist, dass die Menschen, die in der Politik zu Hause sind, die Realit\u00e4t der Lage des Landes nicht kennen, wie sie tats\u00e4chlich ist.&#8221;<\/em><\/p>\n<p><strong>Mehr zum Thema<\/strong> \u2013\u00a0<a rel=\"nofollow noopener\" target=\"_blank\" href=\"https:\/\/dert.online\/europa\/258375-krise-in-frankreich-beeintraechtigt-widerstandsfaehigkeit\/\">Krise in Frankreich: Ganze EU rutscht in die Gefahrenzone <\/a><\/p>\n<div class=\"EmbedBlock-root EmbedBlock-externalVideo EmbedBlock-rumble\">\n<div class=\"VkEmbed\"><iframe class=\"lazyload\" data-src=\"https:\/\/rumble.com\/embed\/v6xz9b8\" frameborder=\"0\" width=\"853\" height=\"480\" allowfullscreen><\/iframe><\/div>\n<\/div>\n<\/div>\n<p><br \/>\n<br \/><a href=\"https:\/\/de.rt.com\/europa\/258630-ehemaliger-macron-berater-rassemblement-national\/\">Source link <\/a><\/p>\n","protected":false},"excerpt":{"rendered":"<p>Der ehemalige Pr\u00e4sidentenberater Alain Minc macht Emmanuel Macron f\u00fcr das politische Desaster in Frankreich verantwortlich. Mit nur 14 Prozent Zustimmung sei Macron dabei, die Lage noch zu verschlimmern. Der konservative &#8220;Rassemblement National\u201c stehe kurz vor der Macht\u00fcbernahme. Der ehemalige Berater des \u00c9lys\u00e9e-Palasts, Alain Minc, zieht eine harte Bilanz.\u00a0Er wirft dem franz\u00f6sischen Pr\u00e4sidenten\u00a0Emmanuel Macron vor, das [&hellip;]<\/p>\n","protected":false},"author":3,"featured_media":92111,"comment_status":"open","ping_status":"open","sticky":false,"template":"","format":"standard","meta":{"_yoast_indexnow_last_ping":["1760284098"],"wp_automatic_camp":["217"],"adf9e90c9da400b2957babb5f7f919fc":["Ehemaliger Macron-Berater: Rassemblement National steht kurz vor Macht\u00fcbernahme"],"original_link":["https:\/\/de.rt.com\/europa\/258630-ehemaliger-macron-berater-rassemblement-national\/"],"_thumbnail_id":["92111"],"jnews_social_counter_last_update":["1777214625"],"_wptgpro_p2tg_sent2tg":["a:1:{i:23737;s:19:\"2025-10-12 17:49:19\";}"]},"categories":[19,23],"tags":[7622,18106,45573,68375,4105,55025,1606,320],"yoast_head":"<!-- This site is optimized with the Yoast SEO Premium plugin v22.7 (Yoast SEO v22.7) - https:\/\/yoast.com\/wordpress\/plugins\/seo\/ -->\n<title>Ehemaliger Macron-Berater: Rassemblement National steht kurz vor Macht\u00fcbernahme - just-now.NEWS Deutschland<\/title>\n<meta name=\"robots\" content=\"index, follow, max-snippet:-1, max-image-preview:large, max-video-preview:-1\" \/>\n<link rel=\"canonical\" href=\"https:\/\/now-news.de\/de\/deutschland\/ehemaliger-macron-berater-rassemblement-national-steht-kurz-vor-machtuebernahme\/\" \/>\n<meta property=\"og:locale\" content=\"de_DE\" \/>\n<meta property=\"og:type\" content=\"article\" \/>\n<meta property=\"og:title\" content=\"Ehemaliger Macron-Berater: Rassemblement National steht kurz vor Macht\u00fcbernahme\" \/>\n<meta property=\"og:description\" content=\"Der ehemalige Pr\u00e4sidentenberater Alain Minc macht Emmanuel Macron f\u00fcr das politische Desaster in Frankreich verantwortlich. Mit nur 14 Prozent Zustimmung sei Macron dabei, die Lage noch zu verschlimmern. Der konservative &#8220;Rassemblement National\u201c stehe kurz vor der Macht\u00fcbernahme. Der ehemalige Berater des \u00c9lys\u00e9e-Palasts, Alain Minc, zieht eine harte Bilanz.\u00a0Er wirft dem franz\u00f6sischen Pr\u00e4sidenten\u00a0Emmanuel Macron vor, das [&hellip;]\" \/>\n<meta property=\"og:url\" content=\"https:\/\/now-news.de\/de\/deutschland\/ehemaliger-macron-berater-rassemblement-national-steht-kurz-vor-machtuebernahme\/\" \/>\n<meta property=\"og:site_name\" content=\"just-now.NEWS Deutschland\" \/>\n<meta property=\"article:publisher\" content=\"https:\/\/www.facebook.com\/wirmachenauf\" \/>\n<meta property=\"article:published_time\" content=\"2025-10-12T15:46:58+00:00\" \/>\n<meta property=\"og:image\" content=\"https:\/\/now-news.de\/de\/wp-content\/uploads\/sites\/3\/2025\/10\/68ebb76bb480cc4b223b7ace.jpg\" \/>\n<meta name=\"author\" content=\"rtnews\" \/>\n<meta name=\"twitter:card\" content=\"summary_large_image\" \/>\n<meta name=\"twitter:creator\" content=\"@WirMachenAuf_de\" \/>\n<meta name=\"twitter:site\" content=\"@WirMachenAuf_de\" \/>\n<meta name=\"twitter:label1\" content=\"Verfasst von\" \/>\n\t<meta name=\"twitter:data1\" content=\"rtnews\" \/>\n\t<meta name=\"twitter:label2\" content=\"Gesch\u00e4tzte Lesezeit\" \/>\n\t<meta name=\"twitter:data2\" content=\"2\u00a0Minuten\" \/>\n<script type=\"application\/ld+json\" class=\"yoast-schema-graph\">{\"@context\":\"https:\/\/schema.org\",\"@graph\":[{\"@type\":\"Article\",\"@id\":\"https:\/\/now-news.de\/de\/deutschland\/ehemaliger-macron-berater-rassemblement-national-steht-kurz-vor-machtuebernahme\/#article\",\"isPartOf\":{\"@id\":\"https:\/\/now-news.de\/de\/deutschland\/ehemaliger-macron-berater-rassemblement-national-steht-kurz-vor-machtuebernahme\/\"},\"author\":{\"name\":\"rtnews\",\"@id\":\"https:\/\/now-news.de\/de\/#\/schema\/person\/fb534a4e865501d8b3285208df34a9b5\"},\"headline\":\"Ehemaliger Macron-Berater: Rassemblement National steht kurz vor Macht\u00fcbernahme\",\"datePublished\":\"2025-10-12T15:46:58+00:00\",\"dateModified\":\"2025-10-12T15:46:58+00:00\",\"mainEntityOfPage\":{\"@id\":\"https:\/\/now-news.de\/de\/deutschland\/ehemaliger-macron-berater-rassemblement-national-steht-kurz-vor-machtuebernahme\/\"},\"wordCount\":492,\"commentCount\":0,\"publisher\":{\"@id\":\"https:\/\/now-news.de\/de\/#organization\"},\"image\":{\"@id\":\"https:\/\/now-news.de\/de\/deutschland\/ehemaliger-macron-berater-rassemblement-national-steht-kurz-vor-machtuebernahme\/#primaryimage\"},\"thumbnailUrl\":\"https:\/\/now-news.de\/de\/wp-content\/uploads\/sites\/3\/2025\/10\/Ehemaliger-Macron-Berater-Rassemblement-National-steht-kurz-vor-Machtuebernahme.jpg\",\"keywords\":[\"Ehemaliger\",\"kurz\",\"Macht\u00fcbernahme\",\"MacronBerater\",\"national\",\"Rassemblement\",\"steht\",\"vor\"],\"articleSection\":[\"Deutschland\",\"Russland\"],\"inLanguage\":\"de\",\"potentialAction\":[{\"@type\":\"CommentAction\",\"name\":\"Comment\",\"target\":[\"https:\/\/now-news.de\/de\/deutschland\/ehemaliger-macron-berater-rassemblement-national-steht-kurz-vor-machtuebernahme\/#respond\"]}]},{\"@type\":\"WebPage\",\"@id\":\"https:\/\/now-news.de\/de\/deutschland\/ehemaliger-macron-berater-rassemblement-national-steht-kurz-vor-machtuebernahme\/\",\"url\":\"https:\/\/now-news.de\/de\/deutschland\/ehemaliger-macron-berater-rassemblement-national-steht-kurz-vor-machtuebernahme\/\",\"name\":\"Ehemaliger Macron-Berater: Rassemblement National steht kurz vor Macht\u00fcbernahme - just-now.NEWS Deutschland\",\"isPartOf\":{\"@id\":\"https:\/\/now-news.de\/de\/#website\"},\"primaryImageOfPage\":{\"@id\":\"https:\/\/now-news.de\/de\/deutschland\/ehemaliger-macron-berater-rassemblement-national-steht-kurz-vor-machtuebernahme\/#primaryimage\"},\"image\":{\"@id\":\"https:\/\/now-news.de\/de\/deutschland\/ehemaliger-macron-berater-rassemblement-national-steht-kurz-vor-machtuebernahme\/#primaryimage\"},\"thumbnailUrl\":\"https:\/\/now-news.de\/de\/wp-content\/uploads\/sites\/3\/2025\/10\/Ehemaliger-Macron-Berater-Rassemblement-National-steht-kurz-vor-Machtuebernahme.jpg\",\"datePublished\":\"2025-10-12T15:46:58+00:00\",\"dateModified\":\"2025-10-12T15:46:58+00:00\",\"breadcrumb\":{\"@id\":\"https:\/\/now-news.de\/de\/deutschland\/ehemaliger-macron-berater-rassemblement-national-steht-kurz-vor-machtuebernahme\/#breadcrumb\"},\"inLanguage\":\"de\",\"potentialAction\":[{\"@type\":\"ReadAction\",\"target\":[\"https:\/\/now-news.de\/de\/deutschland\/ehemaliger-macron-berater-rassemblement-national-steht-kurz-vor-machtuebernahme\/\"]}]},{\"@type\":\"ImageObject\",\"inLanguage\":\"de\",\"@id\":\"https:\/\/now-news.de\/de\/deutschland\/ehemaliger-macron-berater-rassemblement-national-steht-kurz-vor-machtuebernahme\/#primaryimage\",\"url\":\"https:\/\/now-news.de\/de\/wp-content\/uploads\/sites\/3\/2025\/10\/Ehemaliger-Macron-Berater-Rassemblement-National-steht-kurz-vor-Machtuebernahme.jpg\",\"contentUrl\":\"https:\/\/now-news.de\/de\/wp-content\/uploads\/sites\/3\/2025\/10\/Ehemaliger-Macron-Berater-Rassemblement-National-steht-kurz-vor-Machtuebernahme.jpg\",\"width\":460,\"height\":259,\"caption\":\"Ehemaliger Macron-Berater: Rassemblement National steht kurz vor Macht\u00fcbernahme\"},{\"@type\":\"BreadcrumbList\",\"@id\":\"https:\/\/now-news.de\/de\/deutschland\/ehemaliger-macron-berater-rassemblement-national-steht-kurz-vor-machtuebernahme\/#breadcrumb\",\"itemListElement\":[{\"@type\":\"ListItem\",\"position\":1,\"name\":\"Home\",\"item\":\"https:\/\/now-news.de\/de\/\"},{\"@type\":\"ListItem\",\"position\":2,\"name\":\"Ehemaliger Macron-Berater: Rassemblement National steht kurz vor Macht\u00fcbernahme\"}]},{\"@type\":\"WebSite\",\"@id\":\"https:\/\/now-news.de\/de\/#website\",\"url\":\"https:\/\/now-news.de\/de\/\",\"name\":\"just-now.NEWS Deutschland\",\"description\":\"Das Portal f\u00fcr unzensierte Nachrichten aus der Welt\",\"publisher\":{\"@id\":\"https:\/\/now-news.de\/de\/#organization\"},\"potentialAction\":[{\"@type\":\"SearchAction\",\"target\":{\"@type\":\"EntryPoint\",\"urlTemplate\":\"https:\/\/now-news.de\/de\/?s={search_term_string}\"},\"query-input\":\"required name=search_term_string\"}],\"inLanguage\":\"de\"},{\"@type\":\"Organization\",\"@id\":\"https:\/\/now-news.de\/de\/#organization\",\"name\":\"Just Now News\",\"url\":\"https:\/\/now-news.de\/de\/\",\"logo\":{\"@type\":\"ImageObject\",\"inLanguage\":\"de\",\"@id\":\"https:\/\/now-news.de\/de\/#\/schema\/logo\/image\/\",\"url\":\"http:\/\/just-now.news\/de\/wp-content\/uploads\/sites\/3\/2022\/04\/logo500x500.jpg\",\"contentUrl\":\"http:\/\/just-now.news\/de\/wp-content\/uploads\/sites\/3\/2022\/04\/logo500x500.jpg\",\"width\":500,\"height\":500,\"caption\":\"Just Now News\"},\"image\":{\"@id\":\"https:\/\/now-news.de\/de\/#\/schema\/logo\/image\/\"},\"sameAs\":[\"https:\/\/www.facebook.com\/wirmachenauf\",\"https:\/\/x.com\/WirMachenAuf_de\"]},{\"@type\":\"Person\",\"@id\":\"https:\/\/now-news.de\/de\/#\/schema\/person\/fb534a4e865501d8b3285208df34a9b5\",\"name\":\"rtnews\",\"image\":{\"@type\":\"ImageObject\",\"inLanguage\":\"de\",\"@id\":\"https:\/\/now-news.de\/de\/#\/schema\/person\/image\/\",\"url\":\"https:\/\/secure.gravatar.com\/avatar\/82aafea7d8127119dd649515f56e2117?s=96&d=mm&r=g\",\"contentUrl\":\"https:\/\/secure.gravatar.com\/avatar\/82aafea7d8127119dd649515f56e2117?s=96&d=mm&r=g\",\"caption\":\"rtnews\"},\"url\":\"https:\/\/now-news.de\/de\/author\/rnews\/\"}]}<\/script>\n<!-- \/ Yoast SEO Premium plugin. -->","yoast_head_json":{"title":"Ehemaliger Macron-Berater: Rassemblement National steht kurz vor Macht\u00fcbernahme - just-now.NEWS Deutschland","robots":{"index":"index","follow":"follow","max-snippet":"max-snippet:-1","max-image-preview":"max-image-preview:large","max-video-preview":"max-video-preview:-1"},"canonical":"https:\/\/now-news.de\/de\/deutschland\/ehemaliger-macron-berater-rassemblement-national-steht-kurz-vor-machtuebernahme\/","og_locale":"de_DE","og_type":"article","og_title":"Ehemaliger Macron-Berater: Rassemblement National steht kurz vor Macht\u00fcbernahme","og_description":"Der ehemalige Pr\u00e4sidentenberater Alain Minc macht Emmanuel Macron f\u00fcr das politische Desaster in Frankreich verantwortlich. Mit nur 14 Prozent Zustimmung sei Macron dabei, die Lage noch zu verschlimmern. Der konservative &#8220;Rassemblement National\u201c stehe kurz vor der Macht\u00fcbernahme. Der ehemalige Berater des \u00c9lys\u00e9e-Palasts, Alain Minc, zieht eine harte Bilanz.\u00a0Er wirft dem franz\u00f6sischen Pr\u00e4sidenten\u00a0Emmanuel Macron vor, das [&hellip;]","og_url":"https:\/\/now-news.de\/de\/deutschland\/ehemaliger-macron-berater-rassemblement-national-steht-kurz-vor-machtuebernahme\/","og_site_name":"just-now.NEWS Deutschland","article_publisher":"https:\/\/www.facebook.com\/wirmachenauf","article_published_time":"2025-10-12T15:46:58+00:00","og_image":[{"url":"https:\/\/now-news.de\/de\/wp-content\/uploads\/sites\/3\/2025\/10\/68ebb76bb480cc4b223b7ace.jpg"}],"author":"rtnews","twitter_card":"summary_large_image","twitter_creator":"@WirMachenAuf_de","twitter_site":"@WirMachenAuf_de","twitter_misc":{"Verfasst von":"rtnews","Gesch\u00e4tzte Lesezeit":"2\u00a0Minuten"},"schema":{"@context":"https:\/\/schema.org","@graph":[{"@type":"Article","@id":"https:\/\/now-news.de\/de\/deutschland\/ehemaliger-macron-berater-rassemblement-national-steht-kurz-vor-machtuebernahme\/#article","isPartOf":{"@id":"https:\/\/now-news.de\/de\/deutschland\/ehemaliger-macron-berater-rassemblement-national-steht-kurz-vor-machtuebernahme\/"},"author":{"name":"rtnews","@id":"https:\/\/now-news.de\/de\/#\/schema\/person\/fb534a4e865501d8b3285208df34a9b5"},"headline":"Ehemaliger Macron-Berater: Rassemblement National steht kurz vor Macht\u00fcbernahme","datePublished":"2025-10-12T15:46:58+00:00","dateModified":"2025-10-12T15:46:58+00:00","mainEntityOfPage":{"@id":"https:\/\/now-news.de\/de\/deutschland\/ehemaliger-macron-berater-rassemblement-national-steht-kurz-vor-machtuebernahme\/"},"wordCount":492,"commentCount":0,"publisher":{"@id":"https:\/\/now-news.de\/de\/#organization"},"image":{"@id":"https:\/\/now-news.de\/de\/deutschland\/ehemaliger-macron-berater-rassemblement-national-steht-kurz-vor-machtuebernahme\/#primaryimage"},"thumbnailUrl":"https:\/\/now-news.de\/de\/wp-content\/uploads\/sites\/3\/2025\/10\/Ehemaliger-Macron-Berater-Rassemblement-National-steht-kurz-vor-Machtuebernahme.jpg","keywords":["Ehemaliger","kurz","Macht\u00fcbernahme","MacronBerater","national","Rassemblement","steht","vor"],"articleSection":["Deutschland","Russland"],"inLanguage":"de","potentialAction":[{"@type":"CommentAction","name":"Comment","target":["https:\/\/now-news.de\/de\/deutschland\/ehemaliger-macron-berater-rassemblement-national-steht-kurz-vor-machtuebernahme\/#respond"]}]},{"@type":"WebPage","@id":"https:\/\/now-news.de\/de\/deutschland\/ehemaliger-macron-berater-rassemblement-national-steht-kurz-vor-machtuebernahme\/","url":"https:\/\/now-news.de\/de\/deutschland\/ehemaliger-macron-berater-rassemblement-national-steht-kurz-vor-machtuebernahme\/","name":"Ehemaliger Macron-Berater: Rassemblement National steht kurz vor Macht\u00fcbernahme - just-now.NEWS Deutschland","isPartOf":{"@id":"https:\/\/now-news.de\/de\/#website"},"primaryImageOfPage":{"@id":"https:\/\/now-news.de\/de\/deutschland\/ehemaliger-macron-berater-rassemblement-national-steht-kurz-vor-machtuebernahme\/#primaryimage"},"image":{"@id":"https:\/\/now-news.de\/de\/deutschland\/ehemaliger-macron-berater-rassemblement-national-steht-kurz-vor-machtuebernahme\/#primaryimage"},"thumbnailUrl":"https:\/\/now-news.de\/de\/wp-content\/uploads\/sites\/3\/2025\/10\/Ehemaliger-Macron-Berater-Rassemblement-National-steht-kurz-vor-Machtuebernahme.jpg","datePublished":"2025-10-12T15:46:58+00:00","dateModified":"2025-10-12T15:46:58+00:00","breadcrumb":{"@id":"https:\/\/now-news.de\/de\/deutschland\/ehemaliger-macron-berater-rassemblement-national-steht-kurz-vor-machtuebernahme\/#breadcrumb"},"inLanguage":"de","potentialAction":[{"@type":"ReadAction","target":["https:\/\/now-news.de\/de\/deutschland\/ehemaliger-macron-berater-rassemblement-national-steht-kurz-vor-machtuebernahme\/"]}]},{"@type":"ImageObject","inLanguage":"de","@id":"https:\/\/now-news.de\/de\/deutschland\/ehemaliger-macron-berater-rassemblement-national-steht-kurz-vor-machtuebernahme\/#primaryimage","url":"https:\/\/now-news.de\/de\/wp-content\/uploads\/sites\/3\/2025\/10\/Ehemaliger-Macron-Berater-Rassemblement-National-steht-kurz-vor-Machtuebernahme.jpg","contentUrl":"https:\/\/now-news.de\/de\/wp-content\/uploads\/sites\/3\/2025\/10\/Ehemaliger-Macron-Berater-Rassemblement-National-steht-kurz-vor-Machtuebernahme.jpg","width":460,"height":259,"caption":"Ehemaliger Macron-Berater: Rassemblement National steht kurz vor Macht\u00fcbernahme"},{"@type":"BreadcrumbList","@id":"https:\/\/now-news.de\/de\/deutschland\/ehemaliger-macron-berater-rassemblement-national-steht-kurz-vor-machtuebernahme\/#breadcrumb","itemListElement":[{"@type":"ListItem","position":1,"name":"Home","item":"https:\/\/now-news.de\/de\/"},{"@type":"ListItem","position":2,"name":"Ehemaliger Macron-Berater: Rassemblement National steht kurz vor Macht\u00fcbernahme"}]},{"@type":"WebSite","@id":"https:\/\/now-news.de\/de\/#website","url":"https:\/\/now-news.de\/de\/","name":"just-now.NEWS Deutschland","description":"Das Portal f\u00fcr unzensierte Nachrichten aus der Welt","publisher":{"@id":"https:\/\/now-news.de\/de\/#organization"},"potentialAction":[{"@type":"SearchAction","target":{"@type":"EntryPoint","urlTemplate":"https:\/\/now-news.de\/de\/?s={search_term_string}"},"query-input":"required name=search_term_string"}],"inLanguage":"de"},{"@type":"Organization","@id":"https:\/\/now-news.de\/de\/#organization","name":"Just Now News","url":"https:\/\/now-news.de\/de\/","logo":{"@type":"ImageObject","inLanguage":"de","@id":"https:\/\/now-news.de\/de\/#\/schema\/logo\/image\/","url":"http:\/\/just-now.news\/de\/wp-content\/uploads\/sites\/3\/2022\/04\/logo500x500.jpg","contentUrl":"http:\/\/just-now.news\/de\/wp-content\/uploads\/sites\/3\/2022\/04\/logo500x500.jpg","width":500,"height":500,"caption":"Just Now News"},"image":{"@id":"https:\/\/now-news.de\/de\/#\/schema\/logo\/image\/"},"sameAs":["https:\/\/www.facebook.com\/wirmachenauf","https:\/\/x.com\/WirMachenAuf_de"]},{"@type":"Person","@id":"https:\/\/now-news.de\/de\/#\/schema\/person\/fb534a4e865501d8b3285208df34a9b5","name":"rtnews","image":{"@type":"ImageObject","inLanguage":"de","@id":"https:\/\/now-news.de\/de\/#\/schema\/person\/image\/","url":"https:\/\/secure.gravatar.com\/avatar\/82aafea7d8127119dd649515f56e2117?s=96&d=mm&r=g","contentUrl":"https:\/\/secure.gravatar.com\/avatar\/82aafea7d8127119dd649515f56e2117?s=96&d=mm&r=g","caption":"rtnews"},"url":"https:\/\/now-news.de\/de\/author\/rnews\/"}]}},"_links":{"self":[{"href":"https:\/\/now-news.de\/de\/wp-json\/wp\/v2\/posts\/92110"}],"collection":[{"href":"https:\/\/now-news.de\/de\/wp-json\/wp\/v2\/posts"}],"about":[{"href":"https:\/\/now-news.de\/de\/wp-json\/wp\/v2\/types\/post"}],"author":[{"embeddable":true,"href":"https:\/\/now-news.de\/de\/wp-json\/wp\/v2\/users\/3"}],"replies":[{"embeddable":true,"href":"https:\/\/now-news.de\/de\/wp-json\/wp\/v2\/comments?post=92110"}],"version-history":[{"count":0,"href":"https:\/\/now-news.de\/de\/wp-json\/wp\/v2\/posts\/92110\/revisions"}],"wp:featuredmedia":[{"embeddable":true,"href":"https:\/\/now-news.de\/de\/wp-json\/wp\/v2\/media\/92111"}],"wp:attachment":[{"href":"https:\/\/now-news.de\/de\/wp-json\/wp\/v2\/media?parent=92110"}],"wp:term":[{"taxonomy":"category","embeddable":true,"href":"https:\/\/now-news.de\/de\/wp-json\/wp\/v2\/categories?post=92110"},{"taxonomy":"post_tag","embeddable":true,"href":"https:\/\/now-news.de\/de\/wp-json\/wp\/v2\/tags?post=92110"}],"curies":[{"name":"wp","href":"https:\/\/api.w.org\/{rel}","templated":true}]}}