{"id":92048,"date":"2025-10-11T12:47:14","date_gmt":"2025-10-11T10:47:14","guid":{"rendered":"https:\/\/now-news.de\/de\/deutschland\/deutsche-mythen-die-brigade-litauen-tot-mehr-wert-als-lebendig\/"},"modified":"2025-10-11T12:47:14","modified_gmt":"2025-10-11T10:47:14","slug":"deutsche-mythen-die-brigade-litauen-tot-mehr-wert-als-lebendig","status":"publish","type":"post","link":"https:\/\/now-news.de\/de\/deutschland\/deutsche-mythen-die-brigade-litauen-tot-mehr-wert-als-lebendig\/","title":{"rendered":"Deutsche Mythen: Die Brigade Litauen, tot mehr wert als lebendig?"},"content":{"rendered":"<p><img decoding=\"async\" src=\"https:\/\/now-news.de\/de\/wp-content\/uploads\/sites\/3\/2025\/10\/68e3882148fbef6d12784734.jpg\" \/><\/p>\n<div class=\"Text-root Text-type_1 \">\n                Warum propagiert man den Litauen-Einsatz der deutschen Soldaten samt ihrer Familien so vehement? Dazu liefern unsere Autoren eine schaurige Vermutung: Mit dem Untergang der Brigade Litauen k\u00f6nnte im Konfliktfall das n\u00e4chste Kapitel eines altbekannten deutschen Totenkults aufgeschlagen werden.\n            <\/div>\n<p><\/p>\n<div class=\"Text-root Text-type_5 ArticleView-text ViewText-root \">\n<p><em>Von Wladislaw Sankin und Astrid Sigena\u00a0<\/em><\/p>\n<p>Den Deutschen kann man einen gewissen sakralen Kult um ihre Niederlagen nicht absprechen. Das war schon im Ersten Weltkrieg der Fall. Schon bald, nachdem in der (letztlich erfolglosen) Ersten Flandernschlacht die Bl\u00fcte der deutschen Jugend auf dem sogenannten &#8220;Feld der Ehre&#8221; verblutet war \u2013 angeblich mit dem Lied &#8220;Deutschland, Deutschland \u00fcber alles&#8221; auf den Lippen \u2013, bildete sich ein Mythos um den Tag von Langemarck, der weit \u00fcber eine (menschlich angebrachte) Totenehrung hinausging. Der 10. November galt als &#8220;Ehrentag der deutschen Jugend&#8221; und wurde auch in der Weimarer Republik weiterhin begangen. Die Nationalsozialisten machten sich diesen Mythos nach der Machtergreifung zunutze. Auch heute noch sind zahlreiche Pl\u00e4tze und Stra\u00dfen in (West-)Deutschland sowie eine Bundeswehr-Einrichtung in Koblenz nach dem Ort benannt, wo \u00fcber 2.000 Deutsche im &#8220;Opfergang der deutschen Jugend&#8221; einen milit\u00e4risch sinnlosen Tod <a rel=\"nofollow noopener\" target=\"_blank\" href=\"https:\/\/www.faz.net\/aktuell\/politik\/der-erste-weltkrieg\/der-mythos-von-langemarck-13256715.html\">fanden<\/a>.<\/p>\n<p>Aber eigentlich muss man noch viel weiter in die Geschichte zur\u00fcckgreifen, wenn man den deutschen Kult um Tod und Untergang verstehen will. Gerade im Deutschen Reich bezog man sich \u2013 klassisch gebildet \u2013 auf das antike Griechenland. Besonders beliebt war der R\u00fcckgriff auf die 300 Spartiaten, die den Engpass bei den Thermopylen verteidigten und dabei allesamt fielen.<\/p>\n<p>Ihr Schicksal hatte der altgriechische Dichter Simonides in dem ber\u00fchmten Distichon \u1f6e \u03be\u03b5\u1fd6\u03bd\u2019, \u1f00\u03b3\u03b3\u03ad\u03bb\u03bb\u03b5\u03b9\u03bd \u039b\u03b1\u03ba\u03b5\u03b4\u03b1\u03b9\u03bc\u03bf\u03bd\u03af\u03bf\u03b9\u03c2 \u1f45\u03c4\u03b9 \u03c4\u1fc7\u03b4\u03b5\u00a0\/\u00a0\u03ba\u03b5\u03af\u03bc\u03b5\u03b8\u03b1, \u03c4\u03bf\u1fd6\u03c2 \u03ba\u03b5\u03af\u03bd\u03c9\u03bd \u1fe5\u03ae\u03bc\u03b1\u03c3\u03b9 \u03c0\u03b5\u03b9\u03b8\u03cc\u03bc\u03b5\u03bd\u03bf\u03b9 gefeiert, kongenial vom Dichter Friedrich Schiller als &#8220;Wanderer, kommst du nach Sparta, verk\u00fcndige dorten, du habest \/ Uns hier liegen gesehn, wie das Gesetz es befahl.&#8221;<\/p>\n<p>Besonders in der Zeit des Nationalsozialismus wurde der blinde Gehorsam der spartanischen Krieger trotz offensichtlicher milit\u00e4rischer Nutzlosigkeit als &#8220;richtungsweisendes Beispiel&#8221;\u00a0<a rel=\"nofollow noopener\" target=\"_blank\" href=\"https:\/\/www.nzz.ch\/article97RZO-ld.290946\">gesehen<\/a>. Kein Wunder, dass Hermann G\u00f6ring in seiner &#8220;Leichenrede&#8221; vom 30. Januar 1943 anl\u00e4sslich der kurz bevorstehenden deutschen Niederlage in Stalingrad Bezug auf die Thermopylen <a rel=\"nofollow noopener\" target=\"_blank\" href=\"https:\/\/www.welt.de\/geschichte\/zweiter-weltkrieg\/article113266162\/NS-Propaganda-Wie-die-Deutschen-vom-Ende-in-Stalingrad-erfuhren.html\">nahm<\/a>: Damals wie zum Zeitpunkt der Rede h\u00e4tten &#8220;nordische Menschen&#8221;\u00a0&#8220;dem Ansturm aus dem asiatischen Osten&#8221; in ihrer Aufopferung <a rel=\"nofollow noopener\" target=\"_blank\" href=\"https:\/\/www.youtube.com\/watch?v=ZKDAtkfwKGE\">standgehalten<\/a> (dass die Russen \u2013 wie die antiken Griechen \u2013 in ihrem eigenen Land k\u00e4mpften, schien G\u00f6ring nicht weiter beachtenswert). G\u00f6ring <a rel=\"nofollow noopener\" target=\"_blank\" href=\"https:\/\/www.nibelungenlied-gesellschaft.de\/03_beitrag\/mueller\/fs07_muel.html\">weiter<\/a>:<\/p>\n<p><em>&#8220;Es wird auch einmal hei\u00dfen: Kommst Du nach Deutschland, so berichte, du habest uns in Stalingrad liegen sehen, wie das Gesetz \u2013 das hei\u00dft: das Gesetz der Sicherheit unseres Volkes \u2013 es befohlen hat!&#8221;<\/em><\/p>\n<p>Noch deutlicher wird diese Tendenz bei dem deutschesten aller mittelhochdeutschen Epen, dem Nibelungenlied. Die deutschen &#8220;Landser&#8221; in Stalingrad litten ja nun eher nicht unter Hitze und Flammen, sondern vielmehr unter Hunger und K\u00e4lte in den Wintermonaten. Und dennoch <a rel=\"nofollow noopener\" target=\"_blank\" href=\"https:\/\/archive.org\/details\/19430130HermannGoeringAppellZum10.JahrestagDerMachtergreifung11m52s_201706\">fiel<\/a> Hermann G\u00f6ring kein naheliegenderer Vergleich ein als der mit dem Untergang der v\u00f6lkerwanderungszeitlichen Burgunder (ab Minute 4:20):<\/p>\n<p><em>&#8220;<a rel=\"nofollow noopener\" target=\"_blank\" href=\"http:\/\/www.welt.de\/print-welt\/article281794\/Sie-kaempften-bis-zum-letzten.html\">Wir kennen ein gewaltiges Heldenlied<\/a>\u00a0von einem Kampf ohnegleichen, es hie\u00df &#8216;Der Kampf der Nibelungen&#8217;. Auch sie standen in einer Halle voll Feuer und Brand, l\u00f6schten den Durst mit dem eigenen Blut, aber sie k\u00e4mpften bis zum Letzten. Ein solcher Kampf tobt heute dort, und noch in tausend Jahren wird jeder Deutsche mit heiligem Schauer von diesem Kampf in Ehrfurcht sprechen und sich erinnern, dass dort trotz allem Deutschlands Sieg entschieden worden ist.&#8221;<\/em><\/p>\n<p>In dem mittelalterlichen Epos freilich tranken die Nibelungen nicht das eigene Blut, sondern der d\u00fcstere Hagen <a rel=\"nofollow noopener\" target=\"_blank\" href=\"https:\/\/www.hs-augsburg.de\/~harsch\/germanica\/Chronologie\/19Jh\/Simrock\/sim_ni36.html\">gab<\/a> den d\u00fcrstenden K\u00e4mpfern den Rat, vom Blut der Gefallenen zu trinken (36. Aventiure, ab Vers 2224).<\/p>\n<p>Eigentlich h\u00e4tte das Bild von den d\u00fcrstenden Recken in der Flammenhalle viel besser zu den Verteidigern der Festung Brest im Juni 1941 gepasst. Wie berichtet wird, k\u00e4mpften sie weiter, obwohl ihnen der Zugang zu Wasserquellen durch die deutschen Sch\u00fctzen abgeschnitten war und sie das wenige noch vorhandene Wasser auch zur K\u00fchlung der hei\u00dflaufenden Maschinengewehre benutzen mussten. Aber wahrscheinlich w\u00e4re G\u00f6ring nie im Traum darauf verfallen, (aus seiner Sicht) slawischen Untermenschen k\u00f6nne die Anerkennung eines Vergleichs mit den heldenhaften Nibelungen um Hagen von Tronje zuteil werden. In der Sowjetunion wurde der Widerstand der Brester Garnison heroisiert und mit einer monumentalen B\u00fcste eines Verteidigers im typischen Sowjetstil geehrt. Auch die Dauer und das Ausma\u00df des Widerstands wurde wohl \u00fcbertrieben dargestellt (im Juli k\u00e4mpften nur noch einzelne Verteidiger).<\/p>\n<p>Jedoch: Der finstere Pessimismus des (modern interpretierten) Nibelungenmythos vom unaufhaltsamen, aber desto heroischeren Untergang, der in der Figur Hagens in amoralischen Nihilismus zugunsten eines pervertierten Verst\u00e4ndnisses von Treue umschl\u00e4gt, fehlt dem sowjetisch-russischen Gedenken. Eher <a rel=\"nofollow noopener\" target=\"_blank\" href=\"https:\/\/yandex.ru\/video\/preview\/13767685935354142288\">erinnern<\/a> die d\u00fcster inszenierten <a rel=\"nofollow noopener\" target=\"_blank\" href=\"https:\/\/ok.ru\/video\/9488173812\">Trauerzeremonien<\/a> der ukrainischen Maidan-Bewegung, etwa am 21. Februar 2014 in Kiew, an den deutschen Todeskult. Damals t\u00f6nte aus den Lautsprechern das d\u00fcster-sch\u00f6ne Trauerlied &#8220;\u041f\u043b\u0438\u0432\u0435 \u043a\u0430\u0447\u0430&#8221; (Der Strom der Thei\u00df tr\u00e4gt eine Ente), w\u00e4hrend die Versammelten die S\u00e4rge der bei einem inszenierten Massaker Gefallenen durch die Reihen reichten. In dieser Nacht wurde die Machtergreifung durch die Maidan-Kr\u00e4fte beschlossen.<\/p>\n<p>Was das alles mit der Brigade Litauen zu tun hat? Nun, es gibt die beunruhigende Vermutung, die Brigade Litauen sei nur dazu da, in Sch\u00f6nheit unterzugehen. Es ist bekannt, dass der Suwalki-Korridor, den die 5.000 deutschen Soldaten im Verbund mit Polen und Litauern im Ernstfall verteidigen m\u00fcssten, nur 30 bis 60 Stunden <a rel=\"nofollow noopener\" target=\"_blank\" href=\"https:\/\/www.watson.ch\/international\/wissen\/324084702-suwalki-gap-die-gefaehrliche-bruchstelle-der-nato\">gehalten werden<\/a> kann. Sp\u00e4testens dann w\u00e4ren die Russen durchgebrochen, w\u00e4hrend Nachschub und Unterst\u00fctzung aus den anderen NATO-Staaten noch lange nicht vor Ort w\u00e4ren.<\/p>\n<p>Der CDU-Politiker und Vorsitzende des deutschen Reservistenverbandes Patrick Sensburg <a rel=\"nofollow noopener\" target=\"_blank\" href=\"https:\/\/www.mdr.de\/nachrichten\/deutschland\/politik\/wehrpflicht-bundeswehr-reservisten-gruene-droege-100.html\">prophezeite<\/a> gar 5.000 Tote t\u00e4glich bei einem m\u00f6glichen Krieg an der Ostflanke. Freilich nicht nur deutsche Gefallene, aber eben auch zu einem erheblichen Prozentsatz Bundeswehrsoldaten unter den Toten, will man Sensburgs Prophezeiung ernst nehmen. F\u00fcr Sensburg nat\u00fcrlich kein Grund, das deutsche Engagement im Baltikum zu hinterfragen, sondern vielmehr, um\u00a0eine Erh\u00f6hung der Reservistenzahlen zu fordern. Die Toten an der Ostfront \u2013 pardon, Ostflanke \u2013 m\u00fcssen schlie\u00dflich ersetzt werden k\u00f6nnen, damit die Front nicht einbricht.<\/p>\n<p>Und Milit\u00e4rhistoriker S\u00f6nke Neitzel, der nicht mehr ausschlie\u00dfen will, &#8220;dass die Bundeswehr k\u00e4mpfen muss&#8221;, <a rel=\"nofollow noopener\" target=\"_blank\" href=\"https:\/\/www.bild.de\/politik\/inland\/politik-inland\/moeglicher-putin-angriff-bundeswehr-koennte-nur-mit-anstand-sterben-86996166.bild.html\">warnt<\/a> in der <em>Bild<\/em>-Zeitung, dass die Brigade Litauen bei einem m\u00f6glichen russischen Angriff auf Litauen (in der NATO-Gedankenwelt greifen nat\u00fcrlich immer nur die Russen an), keine Chance h\u00e4tte:<\/p>\n<p><em>&#8220;Sie w\u00fcrde nat\u00fcrlich k\u00e4mpfen, aber k\u00f6nnte momentan wohl nur beweisen, dass sie mit Anstand zu sterben versteht.&#8221;<\/em><\/p>\n<p>Ob vermehrte Reformanstrengungen in der Bundeswehr, wie sie Neitzel in den Medien nahezu t\u00e4glich fordert, an diesen d\u00fcsteren Aussichten etwas \u00e4ndern w\u00fcrden, bleibt fraglich. Aber vielleicht sind bessere \u00dcberlebenschancen f\u00fcr die Brigade Litauen ja gar nicht gew\u00fcnscht?<\/p>\n<p>Der Journalist Ludwig Greven <a rel=\"nofollow noopener\" target=\"_blank\" href=\"https:\/\/starke-meinungen.de\/blog\/2025\/05\/23\/germans-to-the-front\/\">erkl\u00e4rte<\/a> im Mai, die Stationierung der Brigade Litauen sei keine Garantie daf\u00fcr, dass Litauen erfolgreich gegen Russland verteidigt werden k\u00f6nne. Dazu w\u00e4re sie gar nicht in der Lage. Aber sie stelle sicher, &#8220;dass sich Deutschland dann nicht mehr dr\u00fccken&#8221; k\u00f6nne. Denn sie w\u00fcrde &#8220;sozusagen als Faustpfand&#8221; garantieren, &#8220;dass Deutschland dann schon um seiner eigenen Soldaten willen milit\u00e4risch eingreifen&#8221; m\u00fcsse. Deutlicher kann man es nicht zum Ausdruck bringen, dass der Sinn der Brigade Litauen darin besteht, die Deutschen in einen Krieg mit Russland hineinzuziehen. Der Artikel tr\u00e4gt \u00fcbrigens den omin\u00f6sen Titel &#8220;Germans to the front&#8221; (ein seit der Bek\u00e4mpfung des Boxeraufstands altbew\u00e4hrter Slogan).<\/p>\n<p>Dazu ist das \u00dcberleben der Brigade Litauen gar nicht erforderlich. Im Gegenteil, f\u00fcr das Aufheizen der Stimmung in Deutschland w\u00e4re es sogar f\u00f6rderlicher, wenn die dortige Bundeswehrgarnison von der russischen Armee zerrieben w\u00fcrde, nat\u00fcrlich in heroischem Abwehrkampf. Denn noch sind allzu viele Deutsche von der Idee eines erneuten Krieges gegen Russland noch nicht ganz begeistert. Das k\u00f6nnte sich schlagartig \u00e4ndern, w\u00fcrde man der deutschen \u00d6ffentlichkeit ein heldenhaftes Untergangsdrama bieten, an einem historisch konnotierten Ort, wo schon die deutschen Ordensritter gek\u00e4mpft haben. Bei der Ostkolonisierung, die angeblich die Zivilisation in den Osten gebracht hat. Heute geht es nat\u00fcrlich eher um &#8220;unsere Werte&#8221;, die wir gegen Putin verteidigen m\u00fcssen. Oder um die Verteidigung &#8220;unserer Lebensweise&#8221; in einer rauer gewordenen Welt, wie Bundeskanzler Friedrich Merz anl\u00e4sslich des 35. Jahrestages der deutschen Einheit <a rel=\"nofollow noopener\" target=\"_blank\" href=\"https:\/\/freedert.online\/inland\/257892-tag-einheit-merz-ruft-zur\/\">erkl\u00e4rte<\/a>.<\/p>\n<p>Besonders bedenklich ist, wie viel Wert darauf gelegt wird, dass die deutschen Soldaten ihre Frauen und Kinder mit ins Baltikum bringen. Die litauische politische und mediale Elite feiert die Einrichtung deutscher Schulen und Kinderg\u00e4rten geradezu als ihre Lebensversicherung und gibt die genaue Lokalisierung dieser \u00d6rtlichkeiten bereitwillig \u00f6ffentlich bekannt (<em>RT DE<\/em>\u00a0<a rel=\"nofollow noopener\" target=\"_blank\" href=\"https:\/\/freedert.online\/europa\/257522-deutsche-schule-in-litauen-eroeffnet-700-soldatenkinder-erwartet\/\">berichtete<\/a>). Vergleichbares ist vom franz\u00f6sischen Kontingent in Estland und vom kanadischen in Lettland nicht zu berichten. Es sind zwar auch rund 100 kanadische Soldatenfamilien im Rahmen der &#8220;Operation Reassurance&#8221; nach Lettland <a rel=\"nofollow noopener\" target=\"_blank\" href=\"https:\/\/www.canadianaffairs.news\/2025\/01\/31\/a-look-at-operation-reassurance-canadas-largest-foreign-military-commitment\/#:~:text=Canada's%20enhanced%20commitment%20to%20Operation,aspects%20of%20this%20NATO%20alliance.%E2%80%9D\">umgezogen<\/a>,\u00a0viel Aufhebens wie um die deutschen Kinder in Litauen wird allerdings nicht um sie gemacht. Und von eigenen Schulen und Kinderg\u00e4rten ist \u2013 zumindest \u00f6ffentlich \u2013 auch nicht die Rede.<\/p>\n<p>Es ist f\u00fcr den Untergang der Brigade Litauen \u00fcbrigens nicht einmal n\u00f6tig, dass sie selbst in die K\u00e4mpfe eingreift. Ohnehin gelten die Deutschen seit einer Anfrage des Verteidigungsausschusses im Bundestag als unsichere Kantonisten, weil wom\u00f6glich erst eine Abstimmung des Bundestages einen Kampfeinsatz m\u00f6glich machen k\u00f6nnte (<em>RT DE<\/em>\u00a0<a rel=\"nofollow noopener\" target=\"_blank\" href=\"https:\/\/freedert.online\/europa\/251365-brigade-litauen-im-ernstfall-unsichere-kantonisten\/\">berichtete<\/a>). Es w\u00fcrde reichen, dass eine interessierte Macht im Rahmen einer False-Flag-Aktion einen Beschuss aus Richtung der deutschen Standorte Rukla und R\u016bdninkai startet, um das russische Feuer auf die Deutschen zu lenken. An einen Beschuss der deutschen Schulen und Kinderg\u00e4rten nach Art des Tonkin-Zwischenfalles gar nicht zu denken\u2026 Der Russenhass in Deutschland w\u00fcrde ins Unermessliche steigen.<\/p>\n<p>Niederlagen, sofern sie nur heroisch genug aufgewertet werden, k\u00f6nnen die Kriegsbereitschaft ins Unermessliche steigern. Das zeigte schon die Schlacht um Fort Alamo 1836. Der Tod s\u00e4mtlicher Verteidiger f\u00fchrte zu einem ungeheuren Zulauf f\u00fcr die texanische Armee im Unabh\u00e4ngigkeitskrieg. Die Folge: Texas ist heute ein US-amerikanischer, kein mexikanischer Bundesstaat.<\/p>\n<p><strong><\/strong><\/p>\n<p><strong>Litauen und Ukraine: Konstituierte M\u00e4rtyrer-Mythen <\/strong><\/p>\n<p>Manchmal reicht aber auch nur ein Dutzend Toter, um beispielsweise eine Staatsbildungs-Legende zu schaffen. Wichtig dabei ist lediglich, ihren Tod den Kr\u00e4ften einer gr\u00f6\u00dferen, aber moralisch angeblich verkommenen Macht in die Schuhe zu schieben, um sie sp\u00e4ter als M\u00e4rtyrer ehren zu k\u00f6nnen. So kamen in der Nacht zum 13. Januar 1991 13 Menschen bei Ausschreitungen in der litauischen Hauptstadt Vilnius ums Leben. Ihr Tod wurde der sowjetischen Spezialeinheit &#8220;Alpha&#8221; angelastet, die damals wegen den Separatismus-Bestrebungen in der Stadt im Einsatz war. Der Vorfall diente als Vorwand f\u00fcr die endg\u00fcltige Abspaltung der Republik von der Sowjetunion.<\/p>\n<p>Seit beinahe 35 Jahren wird in Litauen mit dieser Geschichte der Hass auf Moskau gesch\u00fcrt, das Zweifeln an der offiziellen Version wird unter Strafe gestellt. Nur: Beweise, dass diese Menschen von &#8220;Alpha&#8221; erschossen wurden, wurden nie erbracht. Sowohl forensische Untersuchungen als auch zahlreiche Zeugenaussagen und schlie\u00dflich sogar das Eingest\u00e4ndnis des &#8220;Regisseurs&#8221; dieser Ereignisse sprechen f\u00fcr eine andere Version: Die meisten von ihnen wurden von unbekannten Scharfsch\u00fctzen\u00a0von\u00a0den umliegenden Geb\u00e4uden aus get\u00f6tet, und der Rest kam unter anderen Umst\u00e4nden ums Leben. Also war ihr Tod das Ergebnis einer <a rel=\"nofollow noopener\" target=\"_blank\" href=\"https:\/\/www.kp.ru\/daily\/26487.5\/3356819\/\">False Flag-Attacke<\/a> und weiterer Manipulationen mit dem Ziel, die Sowjetunion als Aggressor anzuprangern und ein Helden-Pantheon f\u00fcr den Unabh\u00e4ngigkeitskampf aufzubauen.<\/p>\n<p>23 Jahre sp\u00e4ter wiederholte sich diese Geschichte in Kiew, als mehrere Dutzend Protestler von einem unbekannten Scharfsch\u00fctzen-Kommando in der Gegend um den Unabh\u00e4ngigkeitsplatz (Maidan) erschossen wurden. Sofort wurde ihr Tod Spezialkr\u00e4ften der Polizei in die Schuhe geschoben. Doch wie sich sp\u00e4ter <a rel=\"nofollow noopener\" target=\"_blank\" href=\"https:\/\/library.oapen.org\/handle\/20.500.12657\/93252\">erwies<\/a>, handelte es sich dabei um eine False-Attacke der &#8220;Aufst\u00e4ndischen&#8221; selbst, mit dem Ziel, weltweiten Hass auf die Regierung Janukowitsch zu wecken und so den darauffolgenden Staatsstreich moralisch zu legitimieren. Als &#8220;Himmlische Hundertschaft&#8221; werden die Toten bis heute in Kiew geehrt, die Gedenkst\u00e4tte mit den Bildern der Gefallenen ist ein Pilgerort f\u00fcr hohe G\u00e4ste der Kiewer Machthaber aus dem Westen.<\/p>\n<p><strong>Wird Deutschland den ukrainischen Weg beschreiten?<\/strong><\/p>\n<p>Litauen und die Ukraine \u2013 die zwei postsowjetische Staaten, die einen gef\u00e4lschten M\u00e4rtyrer-Mythos zum Fundament ihrer Staatlichkeit machten, sind zuf\u00e4lligerweise auch die besten &#8220;Freunde&#8221; Deutschlands in Osteuropa. Nach deren Vorbild ist der propagandistische Aufbau schon vorhersagbar: Ein Haufen tapferer deutscher Verteidiger begibt sich in das \u00f6stliche Sumpfgebiet (wo vor wenigen Monaten vier US-Soldaten ertranken), um einer unberechenbaren und \u00fcberm\u00e4chtigen Macht zu trotzen. Und kommt darin um. Nat\u00fcrlich werden daran die Russen schuld sein.<\/p>\n<p>Dabei d\u00fcrfte ausgerechnet die deutsche Rechte anf\u00e4llig sein f\u00fcr Mythenbildung dieser Art. Noch gibt es Stimmen der Vernunft, wie die von Bj\u00f6rn H\u00f6cke, der angesichts des deutschen Engagements im Ukraine-Krieg einer (derzeitigen) Wiedereinf\u00fchrung der Wehrpflicht reserviert gegen\u00fcbersteht. Auch der bayerische Landesvorsitzende der AfD, Stephan Protschka, <a rel=\"nofollow noopener\" target=\"_blank\" href=\"https:\/\/freedert.online\/inland\/233365-fdp-politiker-konfrontiert-afd-kandidaten-werden-sie-baltikum-gegen-russland-verteidigen\/\">warnte<\/a> vor einem deutschen Kriegseinsatz in Litauen. Ihnen gegen\u00fcber stehen jedoch andere AfDler, die f\u00fcr den Kampf gegen Russland geradezu trommeln und deren Stimmen immer lauter werden. Es scheint so, dass ausgerechnet die AfD\u00a0eine entscheidende Rolle dabei spielt, das Verh\u00e4ltnis der Deutschen zum kommenden Drama im Osten in die eine oder andere Richtung zu beeinflussen. Es ist die Aufgabe der ges\u00fcnderen Kr\u00e4fte in dieser Partei, aber auch anderswo, einer Wiederbelebung des deutschen Todeskultes nicht anheimzufallen.<\/p>\n<p><strong>Mehr zum Thema<\/strong>\u00a0<strong>&#8211;<\/strong>\u00a0<a rel=\"nofollow noopener\" target=\"_blank\" href=\"https:\/\/freedert.online\/europa\/257917-franzoesischer-general-armee-muss-fuer\/\">Franz\u00f6sischer General: Armee muss f\u00fcr einen Krieg noch in der heutigen Nacht bereit sein<\/a><\/p>\n<div class=\"EmbedBlock-root EmbedBlock-externalVideo EmbedBlock-rumble\">\n<div class=\"VkEmbed\"><iframe class=\"lazyload\" data-src=\"https:\/\/rumble.com\/embed\/v5qbfd5\" frameborder=\"0\" width=\"853\" height=\"480\" allowfullscreen><\/iframe><\/div>\n<\/div>\n<\/div>\n<p><br \/>\n<br \/><a href=\"https:\/\/de.rt.com\/meinung\/258009-brigade-litauen-tot-mehr-wert-tot-mehr-wert-als-lebendig\/\">Source link <\/a><\/p>\n","protected":false},"excerpt":{"rendered":"<p>Warum propagiert man den Litauen-Einsatz der deutschen Soldaten samt ihrer Familien so vehement? Dazu liefern unsere Autoren eine schaurige Vermutung: Mit dem Untergang der Brigade Litauen k\u00f6nnte im Konfliktfall das n\u00e4chste Kapitel eines altbekannten deutschen Totenkults aufgeschlagen werden. Von Wladislaw Sankin und Astrid Sigena\u00a0 Den Deutschen kann man einen gewissen sakralen Kult um ihre Niederlagen [&hellip;]<\/p>\n","protected":false},"author":3,"featured_media":92049,"comment_status":"open","ping_status":"open","sticky":false,"template":"","format":"standard","meta":{"_yoast_indexnow_last_ping":["1760179875"],"wp_automatic_camp":["217"],"c7336af3aef494dab058580b87393b68":["Deutsche Mythen: Die Brigade Litauen, tot mehr wert als lebendig?"],"original_link":["https:\/\/de.rt.com\/meinung\/258009-brigade-litauen-tot-mehr-wert-tot-mehr-wert-als-lebendig\/"],"_thumbnail_id":["92049"],"jnews_social_counter_last_update":["1777208583"],"_wptgpro_p2tg_sent2tg":["a:1:{i:23737;s:19:\"2025-10-11 12:53:16\";}"]},"categories":[19,23],"tags":[273,46097,2374,45,19022,14610,2063,34551,3842,19633],"yoast_head":"<!-- This site is optimized with the Yoast SEO Premium plugin v22.7 (Yoast SEO v22.7) - https:\/\/yoast.com\/wordpress\/plugins\/seo\/ -->\n<title>Deutsche Mythen: Die Brigade Litauen, tot mehr wert als lebendig? - just-now.NEWS Deutschland<\/title>\n<meta name=\"robots\" content=\"index, follow, max-snippet:-1, max-image-preview:large, max-video-preview:-1\" \/>\n<link rel=\"canonical\" href=\"https:\/\/now-news.de\/de\/deutschland\/deutsche-mythen-die-brigade-litauen-tot-mehr-wert-als-lebendig\/\" \/>\n<meta property=\"og:locale\" content=\"de_DE\" \/>\n<meta property=\"og:type\" content=\"article\" \/>\n<meta property=\"og:title\" content=\"Deutsche Mythen: Die Brigade Litauen, tot mehr wert als lebendig?\" \/>\n<meta property=\"og:description\" content=\"Warum propagiert man den Litauen-Einsatz der deutschen Soldaten samt ihrer Familien so vehement? Dazu liefern unsere Autoren eine schaurige Vermutung: Mit dem Untergang der Brigade Litauen k\u00f6nnte im Konfliktfall das n\u00e4chste Kapitel eines altbekannten deutschen Totenkults aufgeschlagen werden. Von Wladislaw Sankin und Astrid Sigena\u00a0 Den Deutschen kann man einen gewissen sakralen Kult um ihre Niederlagen [&hellip;]\" \/>\n<meta property=\"og:url\" content=\"https:\/\/now-news.de\/de\/deutschland\/deutsche-mythen-die-brigade-litauen-tot-mehr-wert-als-lebendig\/\" \/>\n<meta property=\"og:site_name\" content=\"just-now.NEWS Deutschland\" \/>\n<meta property=\"article:publisher\" content=\"https:\/\/www.facebook.com\/wirmachenauf\" \/>\n<meta property=\"article:published_time\" content=\"2025-10-11T10:47:14+00:00\" \/>\n<meta property=\"og:image\" content=\"https:\/\/now-news.de\/de\/wp-content\/uploads\/sites\/3\/2025\/10\/68e3882148fbef6d12784734.jpg\" \/>\n<meta name=\"author\" content=\"rtnews\" \/>\n<meta name=\"twitter:card\" content=\"summary_large_image\" \/>\n<meta name=\"twitter:creator\" content=\"@WirMachenAuf_de\" \/>\n<meta name=\"twitter:site\" content=\"@WirMachenAuf_de\" \/>\n<meta name=\"twitter:label1\" content=\"Verfasst von\" \/>\n\t<meta name=\"twitter:data1\" content=\"rtnews\" \/>\n\t<meta name=\"twitter:label2\" content=\"Gesch\u00e4tzte Lesezeit\" \/>\n\t<meta name=\"twitter:data2\" content=\"11\u00a0Minuten\" \/>\n<script type=\"application\/ld+json\" class=\"yoast-schema-graph\">{\"@context\":\"https:\/\/schema.org\",\"@graph\":[{\"@type\":\"Article\",\"@id\":\"https:\/\/now-news.de\/de\/deutschland\/deutsche-mythen-die-brigade-litauen-tot-mehr-wert-als-lebendig\/#article\",\"isPartOf\":{\"@id\":\"https:\/\/now-news.de\/de\/deutschland\/deutsche-mythen-die-brigade-litauen-tot-mehr-wert-als-lebendig\/\"},\"author\":{\"name\":\"rtnews\",\"@id\":\"https:\/\/now-news.de\/de\/#\/schema\/person\/fb534a4e865501d8b3285208df34a9b5\"},\"headline\":\"Deutsche Mythen: Die Brigade Litauen, tot mehr wert als lebendig?\",\"datePublished\":\"2025-10-11T10:47:14+00:00\",\"dateModified\":\"2025-10-11T10:47:14+00:00\",\"mainEntityOfPage\":{\"@id\":\"https:\/\/now-news.de\/de\/deutschland\/deutsche-mythen-die-brigade-litauen-tot-mehr-wert-als-lebendig\/\"},\"wordCount\":2212,\"commentCount\":0,\"publisher\":{\"@id\":\"https:\/\/now-news.de\/de\/#organization\"},\"image\":{\"@id\":\"https:\/\/now-news.de\/de\/deutschland\/deutsche-mythen-die-brigade-litauen-tot-mehr-wert-als-lebendig\/#primaryimage\"},\"thumbnailUrl\":\"https:\/\/now-news.de\/de\/wp-content\/uploads\/sites\/3\/2025\/10\/Deutsche-Mythen-Die-Brigade-Litauen-tot-mehr-wert-als-lebendig.jpg\",\"keywords\":[\"als\",\"Brigade\",\"Deutsche\",\"die\",\"Lebendig\",\"Litauen\",\"mehr\",\"Mythen\",\"tot\",\"Wert\"],\"articleSection\":[\"Deutschland\",\"Russland\"],\"inLanguage\":\"de\",\"potentialAction\":[{\"@type\":\"CommentAction\",\"name\":\"Comment\",\"target\":[\"https:\/\/now-news.de\/de\/deutschland\/deutsche-mythen-die-brigade-litauen-tot-mehr-wert-als-lebendig\/#respond\"]}]},{\"@type\":\"WebPage\",\"@id\":\"https:\/\/now-news.de\/de\/deutschland\/deutsche-mythen-die-brigade-litauen-tot-mehr-wert-als-lebendig\/\",\"url\":\"https:\/\/now-news.de\/de\/deutschland\/deutsche-mythen-die-brigade-litauen-tot-mehr-wert-als-lebendig\/\",\"name\":\"Deutsche Mythen: Die Brigade Litauen, tot mehr wert als lebendig? - just-now.NEWS Deutschland\",\"isPartOf\":{\"@id\":\"https:\/\/now-news.de\/de\/#website\"},\"primaryImageOfPage\":{\"@id\":\"https:\/\/now-news.de\/de\/deutschland\/deutsche-mythen-die-brigade-litauen-tot-mehr-wert-als-lebendig\/#primaryimage\"},\"image\":{\"@id\":\"https:\/\/now-news.de\/de\/deutschland\/deutsche-mythen-die-brigade-litauen-tot-mehr-wert-als-lebendig\/#primaryimage\"},\"thumbnailUrl\":\"https:\/\/now-news.de\/de\/wp-content\/uploads\/sites\/3\/2025\/10\/Deutsche-Mythen-Die-Brigade-Litauen-tot-mehr-wert-als-lebendig.jpg\",\"datePublished\":\"2025-10-11T10:47:14+00:00\",\"dateModified\":\"2025-10-11T10:47:14+00:00\",\"breadcrumb\":{\"@id\":\"https:\/\/now-news.de\/de\/deutschland\/deutsche-mythen-die-brigade-litauen-tot-mehr-wert-als-lebendig\/#breadcrumb\"},\"inLanguage\":\"de\",\"potentialAction\":[{\"@type\":\"ReadAction\",\"target\":[\"https:\/\/now-news.de\/de\/deutschland\/deutsche-mythen-die-brigade-litauen-tot-mehr-wert-als-lebendig\/\"]}]},{\"@type\":\"ImageObject\",\"inLanguage\":\"de\",\"@id\":\"https:\/\/now-news.de\/de\/deutschland\/deutsche-mythen-die-brigade-litauen-tot-mehr-wert-als-lebendig\/#primaryimage\",\"url\":\"https:\/\/now-news.de\/de\/wp-content\/uploads\/sites\/3\/2025\/10\/Deutsche-Mythen-Die-Brigade-Litauen-tot-mehr-wert-als-lebendig.jpg\",\"contentUrl\":\"https:\/\/now-news.de\/de\/wp-content\/uploads\/sites\/3\/2025\/10\/Deutsche-Mythen-Die-Brigade-Litauen-tot-mehr-wert-als-lebendig.jpg\",\"width\":460,\"height\":259,\"caption\":\"Deutsche Mythen: Die Brigade Litauen, tot mehr wert als lebendig?\"},{\"@type\":\"BreadcrumbList\",\"@id\":\"https:\/\/now-news.de\/de\/deutschland\/deutsche-mythen-die-brigade-litauen-tot-mehr-wert-als-lebendig\/#breadcrumb\",\"itemListElement\":[{\"@type\":\"ListItem\",\"position\":1,\"name\":\"Home\",\"item\":\"https:\/\/now-news.de\/de\/\"},{\"@type\":\"ListItem\",\"position\":2,\"name\":\"Deutsche Mythen: Die Brigade Litauen, tot mehr wert als lebendig?\"}]},{\"@type\":\"WebSite\",\"@id\":\"https:\/\/now-news.de\/de\/#website\",\"url\":\"https:\/\/now-news.de\/de\/\",\"name\":\"just-now.NEWS Deutschland\",\"description\":\"Das Portal f\u00fcr unzensierte Nachrichten aus der Welt\",\"publisher\":{\"@id\":\"https:\/\/now-news.de\/de\/#organization\"},\"potentialAction\":[{\"@type\":\"SearchAction\",\"target\":{\"@type\":\"EntryPoint\",\"urlTemplate\":\"https:\/\/now-news.de\/de\/?s={search_term_string}\"},\"query-input\":\"required name=search_term_string\"}],\"inLanguage\":\"de\"},{\"@type\":\"Organization\",\"@id\":\"https:\/\/now-news.de\/de\/#organization\",\"name\":\"Just Now News\",\"url\":\"https:\/\/now-news.de\/de\/\",\"logo\":{\"@type\":\"ImageObject\",\"inLanguage\":\"de\",\"@id\":\"https:\/\/now-news.de\/de\/#\/schema\/logo\/image\/\",\"url\":\"http:\/\/just-now.news\/de\/wp-content\/uploads\/sites\/3\/2022\/04\/logo500x500.jpg\",\"contentUrl\":\"http:\/\/just-now.news\/de\/wp-content\/uploads\/sites\/3\/2022\/04\/logo500x500.jpg\",\"width\":500,\"height\":500,\"caption\":\"Just Now News\"},\"image\":{\"@id\":\"https:\/\/now-news.de\/de\/#\/schema\/logo\/image\/\"},\"sameAs\":[\"https:\/\/www.facebook.com\/wirmachenauf\",\"https:\/\/x.com\/WirMachenAuf_de\"]},{\"@type\":\"Person\",\"@id\":\"https:\/\/now-news.de\/de\/#\/schema\/person\/fb534a4e865501d8b3285208df34a9b5\",\"name\":\"rtnews\",\"image\":{\"@type\":\"ImageObject\",\"inLanguage\":\"de\",\"@id\":\"https:\/\/now-news.de\/de\/#\/schema\/person\/image\/\",\"url\":\"https:\/\/secure.gravatar.com\/avatar\/82aafea7d8127119dd649515f56e2117?s=96&d=mm&r=g\",\"contentUrl\":\"https:\/\/secure.gravatar.com\/avatar\/82aafea7d8127119dd649515f56e2117?s=96&d=mm&r=g\",\"caption\":\"rtnews\"},\"url\":\"https:\/\/now-news.de\/de\/author\/rnews\/\"}]}<\/script>\n<!-- \/ Yoast SEO Premium plugin. -->","yoast_head_json":{"title":"Deutsche Mythen: Die Brigade Litauen, tot mehr wert als lebendig? - just-now.NEWS Deutschland","robots":{"index":"index","follow":"follow","max-snippet":"max-snippet:-1","max-image-preview":"max-image-preview:large","max-video-preview":"max-video-preview:-1"},"canonical":"https:\/\/now-news.de\/de\/deutschland\/deutsche-mythen-die-brigade-litauen-tot-mehr-wert-als-lebendig\/","og_locale":"de_DE","og_type":"article","og_title":"Deutsche Mythen: Die Brigade Litauen, tot mehr wert als lebendig?","og_description":"Warum propagiert man den Litauen-Einsatz der deutschen Soldaten samt ihrer Familien so vehement? Dazu liefern unsere Autoren eine schaurige Vermutung: Mit dem Untergang der Brigade Litauen k\u00f6nnte im Konfliktfall das n\u00e4chste Kapitel eines altbekannten deutschen Totenkults aufgeschlagen werden. Von Wladislaw Sankin und Astrid Sigena\u00a0 Den Deutschen kann man einen gewissen sakralen Kult um ihre Niederlagen [&hellip;]","og_url":"https:\/\/now-news.de\/de\/deutschland\/deutsche-mythen-die-brigade-litauen-tot-mehr-wert-als-lebendig\/","og_site_name":"just-now.NEWS Deutschland","article_publisher":"https:\/\/www.facebook.com\/wirmachenauf","article_published_time":"2025-10-11T10:47:14+00:00","og_image":[{"url":"https:\/\/now-news.de\/de\/wp-content\/uploads\/sites\/3\/2025\/10\/68e3882148fbef6d12784734.jpg"}],"author":"rtnews","twitter_card":"summary_large_image","twitter_creator":"@WirMachenAuf_de","twitter_site":"@WirMachenAuf_de","twitter_misc":{"Verfasst von":"rtnews","Gesch\u00e4tzte Lesezeit":"11\u00a0Minuten"},"schema":{"@context":"https:\/\/schema.org","@graph":[{"@type":"Article","@id":"https:\/\/now-news.de\/de\/deutschland\/deutsche-mythen-die-brigade-litauen-tot-mehr-wert-als-lebendig\/#article","isPartOf":{"@id":"https:\/\/now-news.de\/de\/deutschland\/deutsche-mythen-die-brigade-litauen-tot-mehr-wert-als-lebendig\/"},"author":{"name":"rtnews","@id":"https:\/\/now-news.de\/de\/#\/schema\/person\/fb534a4e865501d8b3285208df34a9b5"},"headline":"Deutsche Mythen: Die Brigade Litauen, tot mehr wert als lebendig?","datePublished":"2025-10-11T10:47:14+00:00","dateModified":"2025-10-11T10:47:14+00:00","mainEntityOfPage":{"@id":"https:\/\/now-news.de\/de\/deutschland\/deutsche-mythen-die-brigade-litauen-tot-mehr-wert-als-lebendig\/"},"wordCount":2212,"commentCount":0,"publisher":{"@id":"https:\/\/now-news.de\/de\/#organization"},"image":{"@id":"https:\/\/now-news.de\/de\/deutschland\/deutsche-mythen-die-brigade-litauen-tot-mehr-wert-als-lebendig\/#primaryimage"},"thumbnailUrl":"https:\/\/now-news.de\/de\/wp-content\/uploads\/sites\/3\/2025\/10\/Deutsche-Mythen-Die-Brigade-Litauen-tot-mehr-wert-als-lebendig.jpg","keywords":["als","Brigade","Deutsche","die","Lebendig","Litauen","mehr","Mythen","tot","Wert"],"articleSection":["Deutschland","Russland"],"inLanguage":"de","potentialAction":[{"@type":"CommentAction","name":"Comment","target":["https:\/\/now-news.de\/de\/deutschland\/deutsche-mythen-die-brigade-litauen-tot-mehr-wert-als-lebendig\/#respond"]}]},{"@type":"WebPage","@id":"https:\/\/now-news.de\/de\/deutschland\/deutsche-mythen-die-brigade-litauen-tot-mehr-wert-als-lebendig\/","url":"https:\/\/now-news.de\/de\/deutschland\/deutsche-mythen-die-brigade-litauen-tot-mehr-wert-als-lebendig\/","name":"Deutsche Mythen: Die Brigade Litauen, tot mehr wert als lebendig? - just-now.NEWS Deutschland","isPartOf":{"@id":"https:\/\/now-news.de\/de\/#website"},"primaryImageOfPage":{"@id":"https:\/\/now-news.de\/de\/deutschland\/deutsche-mythen-die-brigade-litauen-tot-mehr-wert-als-lebendig\/#primaryimage"},"image":{"@id":"https:\/\/now-news.de\/de\/deutschland\/deutsche-mythen-die-brigade-litauen-tot-mehr-wert-als-lebendig\/#primaryimage"},"thumbnailUrl":"https:\/\/now-news.de\/de\/wp-content\/uploads\/sites\/3\/2025\/10\/Deutsche-Mythen-Die-Brigade-Litauen-tot-mehr-wert-als-lebendig.jpg","datePublished":"2025-10-11T10:47:14+00:00","dateModified":"2025-10-11T10:47:14+00:00","breadcrumb":{"@id":"https:\/\/now-news.de\/de\/deutschland\/deutsche-mythen-die-brigade-litauen-tot-mehr-wert-als-lebendig\/#breadcrumb"},"inLanguage":"de","potentialAction":[{"@type":"ReadAction","target":["https:\/\/now-news.de\/de\/deutschland\/deutsche-mythen-die-brigade-litauen-tot-mehr-wert-als-lebendig\/"]}]},{"@type":"ImageObject","inLanguage":"de","@id":"https:\/\/now-news.de\/de\/deutschland\/deutsche-mythen-die-brigade-litauen-tot-mehr-wert-als-lebendig\/#primaryimage","url":"https:\/\/now-news.de\/de\/wp-content\/uploads\/sites\/3\/2025\/10\/Deutsche-Mythen-Die-Brigade-Litauen-tot-mehr-wert-als-lebendig.jpg","contentUrl":"https:\/\/now-news.de\/de\/wp-content\/uploads\/sites\/3\/2025\/10\/Deutsche-Mythen-Die-Brigade-Litauen-tot-mehr-wert-als-lebendig.jpg","width":460,"height":259,"caption":"Deutsche Mythen: Die Brigade Litauen, tot mehr wert als lebendig?"},{"@type":"BreadcrumbList","@id":"https:\/\/now-news.de\/de\/deutschland\/deutsche-mythen-die-brigade-litauen-tot-mehr-wert-als-lebendig\/#breadcrumb","itemListElement":[{"@type":"ListItem","position":1,"name":"Home","item":"https:\/\/now-news.de\/de\/"},{"@type":"ListItem","position":2,"name":"Deutsche Mythen: Die Brigade Litauen, tot mehr wert als lebendig?"}]},{"@type":"WebSite","@id":"https:\/\/now-news.de\/de\/#website","url":"https:\/\/now-news.de\/de\/","name":"just-now.NEWS Deutschland","description":"Das Portal f\u00fcr unzensierte Nachrichten aus der Welt","publisher":{"@id":"https:\/\/now-news.de\/de\/#organization"},"potentialAction":[{"@type":"SearchAction","target":{"@type":"EntryPoint","urlTemplate":"https:\/\/now-news.de\/de\/?s={search_term_string}"},"query-input":"required name=search_term_string"}],"inLanguage":"de"},{"@type":"Organization","@id":"https:\/\/now-news.de\/de\/#organization","name":"Just Now News","url":"https:\/\/now-news.de\/de\/","logo":{"@type":"ImageObject","inLanguage":"de","@id":"https:\/\/now-news.de\/de\/#\/schema\/logo\/image\/","url":"http:\/\/just-now.news\/de\/wp-content\/uploads\/sites\/3\/2022\/04\/logo500x500.jpg","contentUrl":"http:\/\/just-now.news\/de\/wp-content\/uploads\/sites\/3\/2022\/04\/logo500x500.jpg","width":500,"height":500,"caption":"Just Now News"},"image":{"@id":"https:\/\/now-news.de\/de\/#\/schema\/logo\/image\/"},"sameAs":["https:\/\/www.facebook.com\/wirmachenauf","https:\/\/x.com\/WirMachenAuf_de"]},{"@type":"Person","@id":"https:\/\/now-news.de\/de\/#\/schema\/person\/fb534a4e865501d8b3285208df34a9b5","name":"rtnews","image":{"@type":"ImageObject","inLanguage":"de","@id":"https:\/\/now-news.de\/de\/#\/schema\/person\/image\/","url":"https:\/\/secure.gravatar.com\/avatar\/82aafea7d8127119dd649515f56e2117?s=96&d=mm&r=g","contentUrl":"https:\/\/secure.gravatar.com\/avatar\/82aafea7d8127119dd649515f56e2117?s=96&d=mm&r=g","caption":"rtnews"},"url":"https:\/\/now-news.de\/de\/author\/rnews\/"}]}},"_links":{"self":[{"href":"https:\/\/now-news.de\/de\/wp-json\/wp\/v2\/posts\/92048"}],"collection":[{"href":"https:\/\/now-news.de\/de\/wp-json\/wp\/v2\/posts"}],"about":[{"href":"https:\/\/now-news.de\/de\/wp-json\/wp\/v2\/types\/post"}],"author":[{"embeddable":true,"href":"https:\/\/now-news.de\/de\/wp-json\/wp\/v2\/users\/3"}],"replies":[{"embeddable":true,"href":"https:\/\/now-news.de\/de\/wp-json\/wp\/v2\/comments?post=92048"}],"version-history":[{"count":0,"href":"https:\/\/now-news.de\/de\/wp-json\/wp\/v2\/posts\/92048\/revisions"}],"wp:featuredmedia":[{"embeddable":true,"href":"https:\/\/now-news.de\/de\/wp-json\/wp\/v2\/media\/92049"}],"wp:attachment":[{"href":"https:\/\/now-news.de\/de\/wp-json\/wp\/v2\/media?parent=92048"}],"wp:term":[{"taxonomy":"category","embeddable":true,"href":"https:\/\/now-news.de\/de\/wp-json\/wp\/v2\/categories?post=92048"},{"taxonomy":"post_tag","embeddable":true,"href":"https:\/\/now-news.de\/de\/wp-json\/wp\/v2\/tags?post=92048"}],"curies":[{"name":"wp","href":"https:\/\/api.w.org\/{rel}","templated":true}]}}