{"id":91994,"date":"2025-10-10T14:00:41","date_gmt":"2025-10-10T12:00:41","guid":{"rendered":"https:\/\/now-news.de\/de\/deutschland\/putin-tritt-beim-gus-gipfel-in-duschanbe-auf\/"},"modified":"2025-10-10T14:00:41","modified_gmt":"2025-10-10T12:00:41","slug":"putin-tritt-beim-gus-gipfel-in-duschanbe-auf","status":"publish","type":"post","link":"https:\/\/now-news.de\/de\/deutschland\/putin-tritt-beim-gus-gipfel-in-duschanbe-auf\/","title":{"rendered":"Putin tritt beim GUS-Gipfel in Duschanbe auf"},"content":{"rendered":"<p><img decoding=\"async\" src=\"https:\/\/now-news.de\/de\/wp-content\/uploads\/sites\/3\/2025\/10\/68e8edfe48fbef64a01837cc.jpg\" \/><\/p>\n<div class=\"Text-root Text-type_1 \">\n                Bei seinem Auftritt im Rahmen des GUS-Gipfels in Duschanbe spricht Russlands Pr\u00e4sident Wladimir Putin von der Entwicklung der Zusammenarbeit im Rahmen der Gemeinschaft und \u00e4u\u00dfert seine Einsch\u00e4tzungen zur Regulierung des Ukraine-Konflikts.\n            <\/div>\n<p><\/p>\n<div class=\"Text-root Text-type_5 ArticleView-text ViewText-root \">\n<p>Russlands Pr\u00e4sident Wladimir Putin hat am 10. Oktober im Rahmen des Treffens von Staatschefs der Gemeinschaft Unabh\u00e4ngiger Staaten (GUS) in der tadschikischen Hauptstadt Duschanbe von wirtschaftlicher Verflechtung und Perspektiven der weiteren Zusammenarbeit der Gemeinschaftsmitglieder gesprochen. Unter anderem gab der russische Staatschef bekannt, dass Russlands Warenumsatz mit den GUS-Staaten im Jahr 2024 um sieben Prozent auf 112 Milliarden US-Dollar gestiegen sei. Dabei erfolgen beinahe alle gegenseitigen Zahlungen in nationalen W\u00e4hrungen. Im ersten Halbjahr 2025 habe der Anteil solcher Zahlungen 96 Prozent betragen. Zudem betonte Putin die Wichtigkeit von Importersetzung:<\/p>\n<p><em>&#8220;Im Rahmen der GUS laufen Importersatzprozesse, doch in Russland meinen wir \u2013 und ich vermute, dass es f\u00fcr uns alle wichtig ist: Es ist wichtig, nicht nur irgendetwas zu ersetzen, sondern auch zu f\u00fchren, und zwar nicht irgendwo an einer Peripherie der Entwicklung, sondern in Schl\u00fcsselbereichen.&#8221;<\/em><\/p>\n<p>Putin betonte weiter, dass sich die Gemeinschaft w\u00e4hrend mehr als 30 Jahren ihres Bestands sich als eine respektablen regionalen Integrationsvereinigung etabliert habe. Die Mitgliedsstaaten koordinieren ihre Arbeit in der Au\u00dfenpolitik. Russlands Pr\u00e4sident rief auf, die Zusammenarbeit in Bereichen der Bek\u00e4mpfung von Terrorismus, Extremismus und Korruption zu vertiefen und humanit\u00e4re Kontakte weiter zu entwickeln. Moskau stehe einer Einf\u00fchrung von Mechanismen weiterer Zusammenarbeit positiv gegen\u00fcber:<\/p>\n<p><em>&#8220;Wir unterst\u00fctzen prinzipiell die heutige Entscheidung \u00fcber die Schaffung des neuen Arbeitsformats GUS-Plus. Das wird erm\u00f6glichen, andere Staaten und internationale Strukturen aktiver in die Zusammenarbeit mit unserer Organisation einzubeziehen.&#8221;<\/em><\/p>\n<p>Nach Abschluss des Gipfels wurden Dokumente unterzeichnet, die Programme der Zusammenarbeit zur St\u00e4rkung von \u00e4u\u00dferen Grenzen der GUS f\u00fcr die Jahre 2026\u20132030, Bek\u00e4mpfung von Terrorismus und Extremismus f\u00fcr den Zeitraum 2026\u20132028 sowie das Konzept milit\u00e4rischer Zusammenarbeit bis 2030 beinhalten. Letztere hat einen blockfreien Charakter und ist nicht gegen Drittl\u00e4nder gerichtet. Zudem soll die Schanghaier Organisation f\u00fcr Zusammenarbeit (SOZ) einen Beobachterstatus bei der GUS erhalten.<\/p>\n<p>Der russische Pr\u00e4sident ging w\u00e4hrend seiner Rede auf den Ukraine-Konflikt ein. Dabei betonte Putin, dass Moskau eine L\u00f6sung auf Grundlagen der beim Gipfeltreffen in Anchoridge getroffenen Vereinbarungen anstrebe:<\/p>\n<p><em>&#8220;Zweifellos bauen wir unsere weitere Arbeit zur Regulierung des Ukraine-Konflikts auf jenen Grundlagen auf, die wir in Alaska besprochen haben.&#8221;<\/em><\/p>\n<p>Putin teilte zudem seinen GUS-Amtskollegen mit, dass Moskau sie \u00fcber die Ergebnisse des Alaska-Gipfels in einem engeren Kreis in Kenntnis setzen werde. Insgesamt bewerte Russland die Ergebnisse des Treffens in Anchoridge positiv.<\/p>\n<p>Wladimir Putin befindet sich seit dem 8. Oktober mit einem Staatsbesuch in Tadschikistan, wo er bereits an bilateralen Gespr\u00e4chen mit seinem tadschikischen und aserbaidschanischen Amtskollegen sowie am Gipfel &#8220;Zentralasien \u2013 Russland&#8221; teilgenommen hatte. An der Sitzung der GUS-Staatschefs nahmen neben dem russischen Pr\u00e4sidenten Armeniens Ministerpr\u00e4sident Nikol Paschinjan, Aserbaidschans Pr\u00e4sident Ilcham Alijew, Kasachstans Pr\u00e4sident Qassym-Schomart Toqajew, Kirgisiens Pr\u00e4sident Sadyr Schaparow, Tadschikistans Pr\u00e4sident Emomali Rachmon, Turkmenistans Pr\u00e4sident Serdar Berdimuhamedow, Usbekistans Pr\u00e4sident Shavkat Mirziyoyev, Wei\u00dfrusslands Pr\u00e4sident Alexandr Lukaschenko sowie der GUS-Generalsekret\u00e4r Sergei Lebedew teil.<\/p>\n<p><strong>Mehr zum Thema <\/strong>\u2013 <a rel=\"nofollow noopener\" target=\"_blank\" href=\"https:\/\/freedert.online\/international\/258382-ukrainische-drohnen-und-russische-raketen-putin-spricht-ueber-absturz-von-azal-flugzeug\/\">Ukrainische Drohnen und russische Raketen \u2013 Putin offenbart Umst\u00e4nde der AZAL-Flugkatastrophe<\/a><\/p>\n<div class=\"EmbedBlock-root EmbedBlock-externalVideo EmbedBlock-rumble\">\n<div class=\"VkEmbed\"><iframe class=\"lazyload\" data-src=\"https:\/\/rumble.com\/embed\/v6xxge6\" frameborder=\"0\" width=\"853\" height=\"480\" allowfullscreen><\/iframe><\/div>\n<\/div>\n<\/div>\n<p><br \/>\n<br \/><a href=\"https:\/\/de.rt.com\/international\/258446-putin-tritt-beim-gus-gipfel\/\">Source link <\/a><\/p>\n","protected":false},"excerpt":{"rendered":"<p>Bei seinem Auftritt im Rahmen des GUS-Gipfels in Duschanbe spricht Russlands Pr\u00e4sident Wladimir Putin von der Entwicklung der Zusammenarbeit im Rahmen der Gemeinschaft und \u00e4u\u00dfert seine Einsch\u00e4tzungen zur Regulierung des Ukraine-Konflikts. Russlands Pr\u00e4sident Wladimir Putin hat am 10. Oktober im Rahmen des Treffens von Staatschefs der Gemeinschaft Unabh\u00e4ngiger Staaten (GUS) in der tadschikischen Hauptstadt Duschanbe [&hellip;]<\/p>\n","protected":false},"author":3,"featured_media":91995,"comment_status":"open","ping_status":"open","sticky":false,"template":"","format":"standard","meta":{"_yoast_indexnow_last_ping":["1760099054"],"wp_automatic_camp":["217"],"1da2915ac0eefbb2f0f6ffd27a481da7":["Putin tritt beim GUS-Gipfel in Duschanbe auf"],"original_link":["https:\/\/de.rt.com\/international\/258446-putin-tritt-beim-gus-gipfel\/"],"_thumbnail_id":["91995"],"jnews_social_counter_last_update":["1777451321"],"_wptgpro_p2tg_sent2tg":["a:1:{i:23737;s:19:\"2025-10-10 14:25:13\";}"]},"categories":[19,23],"tags":[133,1814,54812,68328,125,3470],"yoast_head":"<!-- This site is optimized with the Yoast SEO Premium plugin v22.7 (Yoast SEO v22.7) - https:\/\/yoast.com\/wordpress\/plugins\/seo\/ -->\n<title>Putin tritt beim GUS-Gipfel in Duschanbe auf - just-now.NEWS Deutschland<\/title>\n<meta name=\"robots\" content=\"index, follow, max-snippet:-1, max-image-preview:large, max-video-preview:-1\" \/>\n<link rel=\"canonical\" href=\"https:\/\/now-news.de\/de\/deutschland\/putin-tritt-beim-gus-gipfel-in-duschanbe-auf\/\" \/>\n<meta property=\"og:locale\" content=\"de_DE\" \/>\n<meta property=\"og:type\" content=\"article\" \/>\n<meta property=\"og:title\" content=\"Putin tritt beim GUS-Gipfel in Duschanbe auf\" \/>\n<meta property=\"og:description\" content=\"Bei seinem Auftritt im Rahmen des GUS-Gipfels in Duschanbe spricht Russlands Pr\u00e4sident Wladimir Putin von der Entwicklung der Zusammenarbeit im Rahmen der Gemeinschaft und \u00e4u\u00dfert seine Einsch\u00e4tzungen zur Regulierung des Ukraine-Konflikts. Russlands Pr\u00e4sident Wladimir Putin hat am 10. Oktober im Rahmen des Treffens von Staatschefs der Gemeinschaft Unabh\u00e4ngiger Staaten (GUS) in der tadschikischen Hauptstadt Duschanbe [&hellip;]\" \/>\n<meta property=\"og:url\" content=\"https:\/\/now-news.de\/de\/deutschland\/putin-tritt-beim-gus-gipfel-in-duschanbe-auf\/\" \/>\n<meta property=\"og:site_name\" content=\"just-now.NEWS Deutschland\" \/>\n<meta property=\"article:publisher\" content=\"https:\/\/www.facebook.com\/wirmachenauf\" \/>\n<meta property=\"article:published_time\" content=\"2025-10-10T12:00:41+00:00\" \/>\n<meta property=\"og:image\" content=\"https:\/\/now-news.de\/de\/wp-content\/uploads\/sites\/3\/2025\/10\/68e8edfe48fbef64a01837cc.jpg\" \/>\n<meta name=\"author\" content=\"rtnews\" \/>\n<meta name=\"twitter:card\" content=\"summary_large_image\" \/>\n<meta name=\"twitter:creator\" content=\"@WirMachenAuf_de\" \/>\n<meta name=\"twitter:site\" content=\"@WirMachenAuf_de\" \/>\n<meta name=\"twitter:label1\" content=\"Verfasst von\" \/>\n\t<meta name=\"twitter:data1\" content=\"rtnews\" \/>\n\t<meta name=\"twitter:label2\" content=\"Gesch\u00e4tzte Lesezeit\" \/>\n\t<meta name=\"twitter:data2\" content=\"3\u00a0Minuten\" \/>\n<script type=\"application\/ld+json\" class=\"yoast-schema-graph\">{\"@context\":\"https:\/\/schema.org\",\"@graph\":[{\"@type\":\"Article\",\"@id\":\"https:\/\/now-news.de\/de\/deutschland\/putin-tritt-beim-gus-gipfel-in-duschanbe-auf\/#article\",\"isPartOf\":{\"@id\":\"https:\/\/now-news.de\/de\/deutschland\/putin-tritt-beim-gus-gipfel-in-duschanbe-auf\/\"},\"author\":{\"name\":\"rtnews\",\"@id\":\"https:\/\/now-news.de\/de\/#\/schema\/person\/fb534a4e865501d8b3285208df34a9b5\"},\"headline\":\"Putin tritt beim GUS-Gipfel in Duschanbe auf\",\"datePublished\":\"2025-10-10T12:00:41+00:00\",\"dateModified\":\"2025-10-10T12:00:41+00:00\",\"mainEntityOfPage\":{\"@id\":\"https:\/\/now-news.de\/de\/deutschland\/putin-tritt-beim-gus-gipfel-in-duschanbe-auf\/\"},\"wordCount\":535,\"commentCount\":0,\"publisher\":{\"@id\":\"https:\/\/now-news.de\/de\/#organization\"},\"image\":{\"@id\":\"https:\/\/now-news.de\/de\/deutschland\/putin-tritt-beim-gus-gipfel-in-duschanbe-auf\/#primaryimage\"},\"thumbnailUrl\":\"https:\/\/now-news.de\/de\/wp-content\/uploads\/sites\/3\/2025\/10\/Putin-tritt-beim-GUS-Gipfel-in-Duschanbe-auf.jpg\",\"keywords\":[\"AUF\",\"beim\",\"Duschanbe\",\"GUSGipfel\",\"putin\",\"tritt\"],\"articleSection\":[\"Deutschland\",\"Russland\"],\"inLanguage\":\"de\",\"potentialAction\":[{\"@type\":\"CommentAction\",\"name\":\"Comment\",\"target\":[\"https:\/\/now-news.de\/de\/deutschland\/putin-tritt-beim-gus-gipfel-in-duschanbe-auf\/#respond\"]}]},{\"@type\":\"WebPage\",\"@id\":\"https:\/\/now-news.de\/de\/deutschland\/putin-tritt-beim-gus-gipfel-in-duschanbe-auf\/\",\"url\":\"https:\/\/now-news.de\/de\/deutschland\/putin-tritt-beim-gus-gipfel-in-duschanbe-auf\/\",\"name\":\"Putin tritt beim GUS-Gipfel in Duschanbe auf - just-now.NEWS Deutschland\",\"isPartOf\":{\"@id\":\"https:\/\/now-news.de\/de\/#website\"},\"primaryImageOfPage\":{\"@id\":\"https:\/\/now-news.de\/de\/deutschland\/putin-tritt-beim-gus-gipfel-in-duschanbe-auf\/#primaryimage\"},\"image\":{\"@id\":\"https:\/\/now-news.de\/de\/deutschland\/putin-tritt-beim-gus-gipfel-in-duschanbe-auf\/#primaryimage\"},\"thumbnailUrl\":\"https:\/\/now-news.de\/de\/wp-content\/uploads\/sites\/3\/2025\/10\/Putin-tritt-beim-GUS-Gipfel-in-Duschanbe-auf.jpg\",\"datePublished\":\"2025-10-10T12:00:41+00:00\",\"dateModified\":\"2025-10-10T12:00:41+00:00\",\"breadcrumb\":{\"@id\":\"https:\/\/now-news.de\/de\/deutschland\/putin-tritt-beim-gus-gipfel-in-duschanbe-auf\/#breadcrumb\"},\"inLanguage\":\"de\",\"potentialAction\":[{\"@type\":\"ReadAction\",\"target\":[\"https:\/\/now-news.de\/de\/deutschland\/putin-tritt-beim-gus-gipfel-in-duschanbe-auf\/\"]}]},{\"@type\":\"ImageObject\",\"inLanguage\":\"de\",\"@id\":\"https:\/\/now-news.de\/de\/deutschland\/putin-tritt-beim-gus-gipfel-in-duschanbe-auf\/#primaryimage\",\"url\":\"https:\/\/now-news.de\/de\/wp-content\/uploads\/sites\/3\/2025\/10\/Putin-tritt-beim-GUS-Gipfel-in-Duschanbe-auf.jpg\",\"contentUrl\":\"https:\/\/now-news.de\/de\/wp-content\/uploads\/sites\/3\/2025\/10\/Putin-tritt-beim-GUS-Gipfel-in-Duschanbe-auf.jpg\",\"width\":460,\"height\":259,\"caption\":\"Putin tritt beim GUS-Gipfel in Duschanbe auf\"},{\"@type\":\"BreadcrumbList\",\"@id\":\"https:\/\/now-news.de\/de\/deutschland\/putin-tritt-beim-gus-gipfel-in-duschanbe-auf\/#breadcrumb\",\"itemListElement\":[{\"@type\":\"ListItem\",\"position\":1,\"name\":\"Home\",\"item\":\"https:\/\/now-news.de\/de\/\"},{\"@type\":\"ListItem\",\"position\":2,\"name\":\"Putin tritt beim GUS-Gipfel in Duschanbe auf\"}]},{\"@type\":\"WebSite\",\"@id\":\"https:\/\/now-news.de\/de\/#website\",\"url\":\"https:\/\/now-news.de\/de\/\",\"name\":\"just-now.NEWS Deutschland\",\"description\":\"Das Portal f\u00fcr unzensierte Nachrichten aus der Welt\",\"publisher\":{\"@id\":\"https:\/\/now-news.de\/de\/#organization\"},\"potentialAction\":[{\"@type\":\"SearchAction\",\"target\":{\"@type\":\"EntryPoint\",\"urlTemplate\":\"https:\/\/now-news.de\/de\/?s={search_term_string}\"},\"query-input\":\"required name=search_term_string\"}],\"inLanguage\":\"de\"},{\"@type\":\"Organization\",\"@id\":\"https:\/\/now-news.de\/de\/#organization\",\"name\":\"Just Now News\",\"url\":\"https:\/\/now-news.de\/de\/\",\"logo\":{\"@type\":\"ImageObject\",\"inLanguage\":\"de\",\"@id\":\"https:\/\/now-news.de\/de\/#\/schema\/logo\/image\/\",\"url\":\"http:\/\/just-now.news\/de\/wp-content\/uploads\/sites\/3\/2022\/04\/logo500x500.jpg\",\"contentUrl\":\"http:\/\/just-now.news\/de\/wp-content\/uploads\/sites\/3\/2022\/04\/logo500x500.jpg\",\"width\":500,\"height\":500,\"caption\":\"Just Now News\"},\"image\":{\"@id\":\"https:\/\/now-news.de\/de\/#\/schema\/logo\/image\/\"},\"sameAs\":[\"https:\/\/www.facebook.com\/wirmachenauf\",\"https:\/\/x.com\/WirMachenAuf_de\"]},{\"@type\":\"Person\",\"@id\":\"https:\/\/now-news.de\/de\/#\/schema\/person\/fb534a4e865501d8b3285208df34a9b5\",\"name\":\"rtnews\",\"image\":{\"@type\":\"ImageObject\",\"inLanguage\":\"de\",\"@id\":\"https:\/\/now-news.de\/de\/#\/schema\/person\/image\/\",\"url\":\"https:\/\/secure.gravatar.com\/avatar\/82aafea7d8127119dd649515f56e2117?s=96&d=mm&r=g\",\"contentUrl\":\"https:\/\/secure.gravatar.com\/avatar\/82aafea7d8127119dd649515f56e2117?s=96&d=mm&r=g\",\"caption\":\"rtnews\"},\"url\":\"https:\/\/now-news.de\/de\/author\/rnews\/\"}]}<\/script>\n<!-- \/ Yoast SEO Premium plugin. -->","yoast_head_json":{"title":"Putin tritt beim GUS-Gipfel in Duschanbe auf - just-now.NEWS Deutschland","robots":{"index":"index","follow":"follow","max-snippet":"max-snippet:-1","max-image-preview":"max-image-preview:large","max-video-preview":"max-video-preview:-1"},"canonical":"https:\/\/now-news.de\/de\/deutschland\/putin-tritt-beim-gus-gipfel-in-duschanbe-auf\/","og_locale":"de_DE","og_type":"article","og_title":"Putin tritt beim GUS-Gipfel in Duschanbe auf","og_description":"Bei seinem Auftritt im Rahmen des GUS-Gipfels in Duschanbe spricht Russlands Pr\u00e4sident Wladimir Putin von der Entwicklung der Zusammenarbeit im Rahmen der Gemeinschaft und \u00e4u\u00dfert seine Einsch\u00e4tzungen zur Regulierung des Ukraine-Konflikts. Russlands Pr\u00e4sident Wladimir Putin hat am 10. Oktober im Rahmen des Treffens von Staatschefs der Gemeinschaft Unabh\u00e4ngiger Staaten (GUS) in der tadschikischen Hauptstadt Duschanbe [&hellip;]","og_url":"https:\/\/now-news.de\/de\/deutschland\/putin-tritt-beim-gus-gipfel-in-duschanbe-auf\/","og_site_name":"just-now.NEWS Deutschland","article_publisher":"https:\/\/www.facebook.com\/wirmachenauf","article_published_time":"2025-10-10T12:00:41+00:00","og_image":[{"url":"https:\/\/now-news.de\/de\/wp-content\/uploads\/sites\/3\/2025\/10\/68e8edfe48fbef64a01837cc.jpg"}],"author":"rtnews","twitter_card":"summary_large_image","twitter_creator":"@WirMachenAuf_de","twitter_site":"@WirMachenAuf_de","twitter_misc":{"Verfasst von":"rtnews","Gesch\u00e4tzte Lesezeit":"3\u00a0Minuten"},"schema":{"@context":"https:\/\/schema.org","@graph":[{"@type":"Article","@id":"https:\/\/now-news.de\/de\/deutschland\/putin-tritt-beim-gus-gipfel-in-duschanbe-auf\/#article","isPartOf":{"@id":"https:\/\/now-news.de\/de\/deutschland\/putin-tritt-beim-gus-gipfel-in-duschanbe-auf\/"},"author":{"name":"rtnews","@id":"https:\/\/now-news.de\/de\/#\/schema\/person\/fb534a4e865501d8b3285208df34a9b5"},"headline":"Putin tritt beim GUS-Gipfel in Duschanbe auf","datePublished":"2025-10-10T12:00:41+00:00","dateModified":"2025-10-10T12:00:41+00:00","mainEntityOfPage":{"@id":"https:\/\/now-news.de\/de\/deutschland\/putin-tritt-beim-gus-gipfel-in-duschanbe-auf\/"},"wordCount":535,"commentCount":0,"publisher":{"@id":"https:\/\/now-news.de\/de\/#organization"},"image":{"@id":"https:\/\/now-news.de\/de\/deutschland\/putin-tritt-beim-gus-gipfel-in-duschanbe-auf\/#primaryimage"},"thumbnailUrl":"https:\/\/now-news.de\/de\/wp-content\/uploads\/sites\/3\/2025\/10\/Putin-tritt-beim-GUS-Gipfel-in-Duschanbe-auf.jpg","keywords":["AUF","beim","Duschanbe","GUSGipfel","putin","tritt"],"articleSection":["Deutschland","Russland"],"inLanguage":"de","potentialAction":[{"@type":"CommentAction","name":"Comment","target":["https:\/\/now-news.de\/de\/deutschland\/putin-tritt-beim-gus-gipfel-in-duschanbe-auf\/#respond"]}]},{"@type":"WebPage","@id":"https:\/\/now-news.de\/de\/deutschland\/putin-tritt-beim-gus-gipfel-in-duschanbe-auf\/","url":"https:\/\/now-news.de\/de\/deutschland\/putin-tritt-beim-gus-gipfel-in-duschanbe-auf\/","name":"Putin tritt beim GUS-Gipfel in Duschanbe auf - just-now.NEWS Deutschland","isPartOf":{"@id":"https:\/\/now-news.de\/de\/#website"},"primaryImageOfPage":{"@id":"https:\/\/now-news.de\/de\/deutschland\/putin-tritt-beim-gus-gipfel-in-duschanbe-auf\/#primaryimage"},"image":{"@id":"https:\/\/now-news.de\/de\/deutschland\/putin-tritt-beim-gus-gipfel-in-duschanbe-auf\/#primaryimage"},"thumbnailUrl":"https:\/\/now-news.de\/de\/wp-content\/uploads\/sites\/3\/2025\/10\/Putin-tritt-beim-GUS-Gipfel-in-Duschanbe-auf.jpg","datePublished":"2025-10-10T12:00:41+00:00","dateModified":"2025-10-10T12:00:41+00:00","breadcrumb":{"@id":"https:\/\/now-news.de\/de\/deutschland\/putin-tritt-beim-gus-gipfel-in-duschanbe-auf\/#breadcrumb"},"inLanguage":"de","potentialAction":[{"@type":"ReadAction","target":["https:\/\/now-news.de\/de\/deutschland\/putin-tritt-beim-gus-gipfel-in-duschanbe-auf\/"]}]},{"@type":"ImageObject","inLanguage":"de","@id":"https:\/\/now-news.de\/de\/deutschland\/putin-tritt-beim-gus-gipfel-in-duschanbe-auf\/#primaryimage","url":"https:\/\/now-news.de\/de\/wp-content\/uploads\/sites\/3\/2025\/10\/Putin-tritt-beim-GUS-Gipfel-in-Duschanbe-auf.jpg","contentUrl":"https:\/\/now-news.de\/de\/wp-content\/uploads\/sites\/3\/2025\/10\/Putin-tritt-beim-GUS-Gipfel-in-Duschanbe-auf.jpg","width":460,"height":259,"caption":"Putin tritt beim GUS-Gipfel in Duschanbe auf"},{"@type":"BreadcrumbList","@id":"https:\/\/now-news.de\/de\/deutschland\/putin-tritt-beim-gus-gipfel-in-duschanbe-auf\/#breadcrumb","itemListElement":[{"@type":"ListItem","position":1,"name":"Home","item":"https:\/\/now-news.de\/de\/"},{"@type":"ListItem","position":2,"name":"Putin tritt beim GUS-Gipfel in Duschanbe auf"}]},{"@type":"WebSite","@id":"https:\/\/now-news.de\/de\/#website","url":"https:\/\/now-news.de\/de\/","name":"just-now.NEWS Deutschland","description":"Das Portal f\u00fcr unzensierte Nachrichten aus der Welt","publisher":{"@id":"https:\/\/now-news.de\/de\/#organization"},"potentialAction":[{"@type":"SearchAction","target":{"@type":"EntryPoint","urlTemplate":"https:\/\/now-news.de\/de\/?s={search_term_string}"},"query-input":"required name=search_term_string"}],"inLanguage":"de"},{"@type":"Organization","@id":"https:\/\/now-news.de\/de\/#organization","name":"Just Now News","url":"https:\/\/now-news.de\/de\/","logo":{"@type":"ImageObject","inLanguage":"de","@id":"https:\/\/now-news.de\/de\/#\/schema\/logo\/image\/","url":"http:\/\/just-now.news\/de\/wp-content\/uploads\/sites\/3\/2022\/04\/logo500x500.jpg","contentUrl":"http:\/\/just-now.news\/de\/wp-content\/uploads\/sites\/3\/2022\/04\/logo500x500.jpg","width":500,"height":500,"caption":"Just Now News"},"image":{"@id":"https:\/\/now-news.de\/de\/#\/schema\/logo\/image\/"},"sameAs":["https:\/\/www.facebook.com\/wirmachenauf","https:\/\/x.com\/WirMachenAuf_de"]},{"@type":"Person","@id":"https:\/\/now-news.de\/de\/#\/schema\/person\/fb534a4e865501d8b3285208df34a9b5","name":"rtnews","image":{"@type":"ImageObject","inLanguage":"de","@id":"https:\/\/now-news.de\/de\/#\/schema\/person\/image\/","url":"https:\/\/secure.gravatar.com\/avatar\/82aafea7d8127119dd649515f56e2117?s=96&d=mm&r=g","contentUrl":"https:\/\/secure.gravatar.com\/avatar\/82aafea7d8127119dd649515f56e2117?s=96&d=mm&r=g","caption":"rtnews"},"url":"https:\/\/now-news.de\/de\/author\/rnews\/"}]}},"_links":{"self":[{"href":"https:\/\/now-news.de\/de\/wp-json\/wp\/v2\/posts\/91994"}],"collection":[{"href":"https:\/\/now-news.de\/de\/wp-json\/wp\/v2\/posts"}],"about":[{"href":"https:\/\/now-news.de\/de\/wp-json\/wp\/v2\/types\/post"}],"author":[{"embeddable":true,"href":"https:\/\/now-news.de\/de\/wp-json\/wp\/v2\/users\/3"}],"replies":[{"embeddable":true,"href":"https:\/\/now-news.de\/de\/wp-json\/wp\/v2\/comments?post=91994"}],"version-history":[{"count":0,"href":"https:\/\/now-news.de\/de\/wp-json\/wp\/v2\/posts\/91994\/revisions"}],"wp:featuredmedia":[{"embeddable":true,"href":"https:\/\/now-news.de\/de\/wp-json\/wp\/v2\/media\/91995"}],"wp:attachment":[{"href":"https:\/\/now-news.de\/de\/wp-json\/wp\/v2\/media?parent=91994"}],"wp:term":[{"taxonomy":"category","embeddable":true,"href":"https:\/\/now-news.de\/de\/wp-json\/wp\/v2\/categories?post=91994"},{"taxonomy":"post_tag","embeddable":true,"href":"https:\/\/now-news.de\/de\/wp-json\/wp\/v2\/tags?post=91994"}],"curies":[{"name":"wp","href":"https:\/\/api.w.org\/{rel}","templated":true}]}}