{"id":91954,"date":"2025-10-09T20:44:29","date_gmt":"2025-10-09T18:44:29","guid":{"rendered":"https:\/\/now-news.de\/de\/deutschland\/krise-in-frankreich-ganze-eu-rutscht-in-die-gefahrenzone\/"},"modified":"2025-10-09T20:44:29","modified_gmt":"2025-10-09T18:44:29","slug":"krise-in-frankreich-ganze-eu-rutscht-in-die-gefahrenzone","status":"publish","type":"post","link":"https:\/\/now-news.de\/de\/deutschland\/krise-in-frankreich-ganze-eu-rutscht-in-die-gefahrenzone\/","title":{"rendered":"Krise in Frankreich: Ganze EU rutscht in die Gefahrenzone"},"content":{"rendered":"<p><img decoding=\"async\" src=\"https:\/\/now-news.de\/de\/wp-content\/uploads\/sites\/3\/2025\/10\/68e7c96448fbef2e4c32be61.jpg\" \/><\/p>\n<div class=\"Text-root Text-type_1 \">\n                Die Probleme der Regierung von Emmanuel Macron beginnen, die gesamte EU zu beunruhigen. Die politische und wirtschaftliche Instabilit\u00e4t in Frankreich k\u00f6nnte zum Zusammenbruch der gesamten Union f\u00fchren \u2013 insbesondere der Eurokurs befindet sich in der Gefahrenzone.\n            <\/div>\n<p><\/p>\n<div class=\"Text-root Text-type_5 ArticleView-text ViewText-root \">\n<p><em>Von <\/em><em>Jewgeni Posdnjakow<\/em><a><\/a><strong><\/strong><\/p>\n<p>Die politische und wirtschaftliche Instabilit\u00e4t in Frankreich k\u00f6nnte zu einer Gefahr f\u00fcr die Europ\u00e4ische Union werden. Wie die Nachrichtenagentur <em>Politico<\/em>\u00a0<a rel=\"nofollow noopener\" target=\"_blank\" href=\"https:\/\/www.politico.eu\/article\/france-political-crisis-emmanuel-macron-sebastien-lecornu-europe\/\">berichtete<\/a>, hat der R\u00fccktritt des franz\u00f6sischen Premierministers S\u00e9bastien Lecornu (der nur 27 Tage im Amt war) zu einer erheblichen Schw\u00e4chung des Eurokurses gef\u00fchrt, was bei potenziellen Investoren in den L\u00e4ndern der Alten Welt Zweifel weckt.<strong><\/strong><\/p>\n<p>Dar\u00fcber hinaus erwirbt sich der Pr\u00e4sident der franz\u00f6sischen Republik, Emmanuel Macron, selbst den Ruf eines &#8220;lahmen Enten&#8221;, da sein Einfluss in Br\u00fcssel &#8220;rapide schwindet&#8221;. Der Grund daf\u00fcr ist das politische Hin und Her in der Regierung des Landes, das es unm\u00f6glich macht, eine klare Position Frankreichs zu bestimmten Themen in den supranationalen Institutionen der EU zu vertreten.<strong><\/strong><\/p>\n<p>Wie ein Gespr\u00e4chspartner der Nachrichtenagentur aus dem Kreis der Euro-Diplomaten anmerkte, k\u00f6nne Paris &#8220;keinen Einfluss auf die Haushaltsdiskussionen&#8221; der Union nehmen, da &#8220;st\u00e4ndige Personalwechsel die F\u00e4higkeit des Landes erschweren, seine Position zu verteidigen.&#8221; Es sei daran erinnert, dass nach dem R\u00fccktritt von Premierministerin \u00c9lisabeth Borne innerhalb von zwei Jahren vier Regierungen im Land gewechselt haben \u2013 und keine von ihnen blieb auch nur zw\u00f6lf Monate an der Macht.<strong><\/strong><\/p>\n<p>Dabei <a rel=\"nofollow noopener\" target=\"_blank\" href=\"https:\/\/www.bloomberg.com\/news\/articles\/2025-09-22\/france-is-replacing-italy-as-europe-s-poster-child-of-fiscal-woe\">riskiert<\/a> Frankreich laut Sch\u00e4tzungen von <em>Bloomberg<\/em>, Italien den Titel &#8220;gr\u00f6\u00dfter Schuldner Europas&#8221; streitig zu machen. Im September wurde das Land zweimal herabgestuft. Trotz der enormen Auslandsverschuldung hat die Republik weiterhin\u00a0mit die h\u00f6chsten Staatsausgaben weltweit. Die von Macron angek\u00fcndigten Reformen zu deren Senkung helfen nicht, und die wirtschaftliche Lage in Frankreich bleibt desolat.<strong><\/strong><\/p>\n<p>Bis 2029 werden die j\u00e4hrlichen Kosten f\u00fcr den Schuldendienst nach Sch\u00e4tzungen des nationalen Rechnungspr\u00fcfers 100 Milliarden Euro \u00fcbersteigen, gegen\u00fcber 30 Milliarden im Jahr 2020. Trotz umfangreicher Sozialleistungen ist die Zufriedenheit der B\u00fcrger mit den staatlichen Dienstleistungen nach wie vor gering. Viele Experten gehen davon aus, dass Paris Rom in Bezug auf das Volumen der Kredite bald \u00fcberholen wird.<strong><\/strong><\/p>\n<p>Aber nicht nur Frankreich steht vor gro\u00dfen Herausforderungen.\u00a0Auch Bundeskanzler Friedrich Merz weist darauf hin, dass die Deutschen in den kommenden Jahren mit einem R\u00fcckgang der Realeinkommen rechnen m\u00fcssen. Er sprach\u00a0gar\u00a0von der Absicht, das Rentensystem reformieren zu wollen: Das Land\u00a0wolle das feste Renteneintrittsalter abschaffen, schrieb die <em>Bild<\/em>. Gleichzeitig erh\u00f6ht Berlin jedoch weiterhin das Verteidigungsbudget.<strong><\/strong><\/p>\n<p>Vor diesem Hintergrund scheinen die Bef\u00fcrchtungen hinsichtlich eines baldigen Zusammenbruchs der EU tats\u00e4chlich begr\u00fcndet zu sein. Nicht umsonst bezeichnete der russische Pr\u00e4sident Wladimir Putin Europa k\u00fcrzlich als &#8220;verblassendes Zentrum&#8221; der Zivilisation. Seiner Meinung nach liegt das Hauptproblem der Union direkt in der Ablehnung der eigenen Identit\u00e4t durch die Bewohner des Alten Kontinents.<strong><\/strong><\/p>\n<p>Der deutsche Politologe Alexander Rahr kommentiert die aktuelle Lage wie folgt:<strong><\/strong><\/p>\n<p><em>&#8220;Frankreich steht nach Meinung vieler europ\u00e4ischer Analysten kurz vor dem wirtschaftlichen Zusammenbruch. Einfach ausgedr\u00fcckt: Der lokalen Regierung ist das Geld ausgegangen. Im Gegensatz zu Berlin hat Paris seine M\u00f6glichkeiten f\u00fcr weitere Kredite fast vollst\u00e4ndig ausgesch\u00f6pft.<\/em><strong><\/strong><\/p>\n<p><em>Der Republik stehen Streiks, Protestbewegungen, K\u00fcrzungen der Sozialleistungen, Steuererh\u00f6hungen, eine Radikalisierung der Gesellschaft und sogar ein Wechsel der politischen Macht bevor. Frankreich wird, wie seinerzeit Griechenland, die EU um Hilfe bitten. Ich denke, dass die Bundesrepublik Deutschland zustimmen wird, ihren Nachbarn zu unterst\u00fctzen, um die Eurozone vor dem Zusammenbruch zu retten.<\/em><strong><\/strong><\/p>\n<p><em>In Br\u00fcssel werden Entscheidungen \u00fcber die Kollektivierung von Schulden getroffen werden. Auf diese Weise wird Frankreich vor\u00fcbergehend durch den &#8216;gemeinsamen Finanztopf&#8217; der Union gerettet werden. Aber dieser Schritt wird die bestehende Krise nur noch versch\u00e4rfen. Macron steht also vor einer wirklich schicksalhaften Entscheidung.<\/em><strong><\/strong><\/p>\n<p><em>Jetzt kann die Macht nur noch durch die Bildung einer rein rechten Regierung oder durch einen Kompromiss mit den linken Kr\u00e4ften erhalten werden. Ich denke, der Pr\u00e4sident der Republik wird sich f\u00fcr die zweite Option entscheiden. Dies wird Paris jedoch\u00a0in neuen Schulden ersticken und einen Anstieg der Inflation provozieren. Aber die derzeitige Regierung hat keine andere Wahl.&#8221;<\/em><strong><\/strong><\/p>\n<p>Es\u00a0sei\u00a0jedoch noch zu fr\u00fch, von einem Zusammenbruch der Europ\u00e4ischen Union zu sprechen,\u00a0meint Stanislaw Tkatschenko, Professor am Lehrstuhl f\u00fcr Europastudien der Fakult\u00e4t f\u00fcr Internationale Beziehungen der Staatlichen Universit\u00e4t Sankt Petersburg und Experte des Waldai-Klubs. Er argumentiert:<strong><\/strong><\/p>\n<p><em>&#8220;So schnell laufen derart gro\u00df angelegte Prozesse in solchen Zusammenschl\u00fcssen nicht ab. Allerdings verhei\u00dfen die Probleme Frankreichs f\u00fcr die Alte Welt tats\u00e4chlich nichts Gutes.<\/em><strong><\/strong><\/p>\n<p><em>Letztendlich ist Frankreich ein Staat, der f\u00fcr viele externe Akteure praktisch die Europ\u00e4ische Union verk\u00f6rpert. Ein solcher Ruf tr\u00e4gt oft dazu bei, dass die Probleme der F\u00fcnften Republik auf die gesamte Organisation \u00fcbertragen werden. Dementsprechend kann jede &#8216;Schw\u00e4che&#8217; der nationalen Wirtschaft Auswirkungen auf den Kurs des Euro haben.<\/em><strong><\/strong><\/p>\n<p><em>Dies k\u00f6nnte auch zu einem deutlichen R\u00fcckgang der Investitionen in der EU f\u00fchren. Dar\u00fcber hinaus hat Frankreich lange Zeit versucht, sein Image als F\u00fchrer der Union aufrechtzuerhalten. Macron hat recht mutige Aussagen zur Militarisierung Europas gemacht. Seine Unf\u00e4higkeit, interne Herausforderungen zu bew\u00e4ltigen, wird jedoch h\u00f6chstwahrscheinlich einen Schatten auf solche Initiativen vonseiten Paris werfen.<\/em><strong><\/strong><\/p>\n<p><em>Lange Zeit hat Frankreich die Idee vorangetrieben, dass es bereit sei, zum &#8216;nuklearen Schutzschild&#8217; der EU zu werden. Dieser Vorschlag fand \u00fcbrigens bei vielen Anklang. Aber jetzt verliert die Republik ihren Ruf als verl\u00e4sslicher Partner, weshalb dieses Konzept mit gro\u00dfer Skepsis betrachtet werden wird.<\/em><\/p>\n<p><em>Auch das Ansehen der Europ\u00e4ischen Union insgesamt wird darunter leiden.\u00a0<\/em><em>Noch in den 90er und 2000er Jahren wurde die Idee der europ\u00e4ischen Integration meist unter dem Gesichtspunkt des\u00a0Gemeinwohls dargestellt. Jetzt jedoch k\u00f6nnen sich verschiedene L\u00e4nder davon \u00fcberzeugen, dass eine solche Integration auch gemeinsame Probleme mit sich bringt. Nat\u00fcrlich wurde dies bereits w\u00e4hrend des wirtschaftlichen Zusammenbruchs Griechenlands deutlich, aber die Probleme Frankreichs treten noch deutlicher zutage.<\/em><strong><\/strong><\/p>\n<p><em>Wir sehen bereits, dass es keine neuen Stimmen f\u00fcr einen EU-Beitritt gibt. Diejenigen, die diesen dornigen Weg weitergehen, tun dies eher aus Gewohnheit. Insgesamt sind die aktuellen Ereignisse ein weiteres ernstes Signal f\u00fcr eine tiefgreifende Krise in Europa. Allerdings gibt es in letzter Zeit so viele dieser Signale, dass sie sich zu etwas Ernsthaftem entwickeln k\u00f6nnten.&#8221;<\/em><\/p>\n<p><strong><\/strong>Auch Alexei Tschichatschew, Dozent am Lehrstuhl f\u00fcr Europastudien der Staatlichen Universit\u00e4t Sankt Petersburg und f\u00fchrender Experte des Zentrums f\u00fcr strategische Studien des Instituts f\u00fcr Weltmilit\u00e4rwirtschaft und -strategie der Nationalen Forschungsuniversit\u00e4t der Hochschule f\u00fcr Wirtschaft, sieht keine Anzeichen f\u00fcr einen baldigen Zusammenbruch der EU. Er ist der Meinung:<strong><\/strong><\/p>\n<p><em>&#8220;Frankreich macht gerade eine schwierige Zeit durch. Die Exekutive und die Legislative des Landes sind gel\u00e4hmt.<\/em><strong><\/strong><\/p>\n<p><em>Ich denke, die aktuelle Phase der Geschichte kann als die schwierigste f\u00fcr die F\u00fcnfte Republik seit ihrer Gr\u00fcndung bezeichnet werden. Das Parlament ist in drei gleich gro\u00dfe Bl\u00f6cke gespalten. Von diesen bilden nur die Rechten eine homogene Gemeinschaft. Im Lager der Linken herrscht hingegen eine enorme Vielfalt.\u00a0<\/em><em>Nat\u00fcrlich kann man die entstandene Situation nicht als &#8216;funktionierende Kombination&#8217; bezeichnen.<\/em><strong><\/strong><\/p>\n<p><em>Gleichzeitig hat auch die Justiz ihre Objektivit\u00e4t verloren. Oftmals passen sich ihre Beh\u00f6rden der linken Konjunktur an. All dies ver\u00e4rgert die franz\u00f6sischen B\u00fcrger, deren Misstrauen gegen\u00fcber ihrem eigenen Staat w\u00e4chst. Nat\u00fcrlich sinkt auch die Vertrauensw\u00fcrdigkeit Macrons rapide.<\/em><strong><\/strong><\/p>\n<p><em>Dennoch ist Frankreich nicht der einzige wichtige Akteur innerhalb der EU. Das Entscheidungssystem in diesem Zusammenschluss ist komplex und vielschichtig. Die Hebel der Macht konzentrieren sich nicht nur auf Paris: Br\u00fcssel und Berlin sind ebenso wichtige, wenn nicht sogar wichtigere Zentren. Daher gibt es in der EU auch in dieser f\u00fcr die F\u00fcnfte Republik krisenhaften Zeit F\u00fchrungskr\u00e4fte.&#8221;<\/em><strong><\/strong><\/p>\n<p><em>\u00dcbersetzt aus dem <\/em><a rel=\"nofollow noopener\" target=\"_blank\" href=\"https:\/\/vz.ru\/politics\/2025\/10\/8\/1364929.html\"><em>Russischen<\/em><\/a><em>. Der Artikel ist am 8. Oktober 2025 zuerst bei der Zeitung &#8220;Wsgljad&#8221; erschienen.<\/em><strong><\/strong><\/p>\n<p><strong><em>Jewgeni Posdnjakow<\/em><\/strong><em> ist ein russischer Journalist, Fernseh- und Radiomoderator.<\/em><\/p>\n<p><strong>Mehr zum Thema &#8211;<\/strong>\u00a0<a rel=\"nofollow noopener\" target=\"_blank\" href=\"https:\/\/freedert.online\/europa\/257771-macron-fordert-europa-auf-druck\/\">Macron fordert Europa auf, Druck auf &#8220;russische Schattenflotte&#8221; zu erh\u00f6hen<\/a><\/p>\n<\/div>\n<p><br \/>\n<br \/><a href=\"https:\/\/de.rt.com\/europa\/258375-krise-in-frankreich-beeintraechtigt-widerstandsfaehigkeit\/\">Source link <\/a><\/p>\n","protected":false},"excerpt":{"rendered":"<p>Die Probleme der Regierung von Emmanuel Macron beginnen, die gesamte EU zu beunruhigen. Die politische und wirtschaftliche Instabilit\u00e4t in Frankreich k\u00f6nnte zum Zusammenbruch der gesamten Union f\u00fchren \u2013 insbesondere der Eurokurs befindet sich in der Gefahrenzone. Von Jewgeni Posdnjakow Die politische und wirtschaftliche Instabilit\u00e4t in Frankreich k\u00f6nnte zu einer Gefahr f\u00fcr die Europ\u00e4ische Union werden. [&hellip;]<\/p>\n","protected":false},"author":3,"featured_media":91955,"comment_status":"open","ping_status":"open","sticky":false,"template":"","format":"standard","meta":{"_yoast_indexnow_last_ping":["1760036337"],"wp_automatic_camp":["217"],"7fb6c9ae0d4291a6d09f995692db391e":["Krise in Frankreich: Ganze EU rutscht in die Gefahrenzone"],"original_link":["https:\/\/de.rt.com\/europa\/258375-krise-in-frankreich-beeintraechtigt-widerstandsfaehigkeit\/"],"_thumbnail_id":["91955"],"jnews_social_counter_last_update":["1777145760","1777145760"],"_wptgpro_p2tg_sent2tg":["a:1:{i:23737;s:19:\"2025-10-09 21:00:02\";}"]},"categories":[19,23],"tags":[45,3320,12293,61347,861,32433],"yoast_head":"<!-- This site is optimized with the Yoast SEO Premium plugin v22.7 (Yoast SEO v22.7) - https:\/\/yoast.com\/wordpress\/plugins\/seo\/ -->\n<title>Krise in Frankreich: Ganze EU rutscht in die Gefahrenzone - just-now.NEWS Deutschland<\/title>\n<meta name=\"robots\" content=\"index, follow, max-snippet:-1, max-image-preview:large, max-video-preview:-1\" \/>\n<link rel=\"canonical\" href=\"https:\/\/now-news.de\/de\/deutschland\/krise-in-frankreich-ganze-eu-rutscht-in-die-gefahrenzone\/\" \/>\n<meta property=\"og:locale\" content=\"de_DE\" \/>\n<meta property=\"og:type\" content=\"article\" \/>\n<meta property=\"og:title\" content=\"Krise in Frankreich: Ganze EU rutscht in die Gefahrenzone\" \/>\n<meta property=\"og:description\" content=\"Die Probleme der Regierung von Emmanuel Macron beginnen, die gesamte EU zu beunruhigen. Die politische und wirtschaftliche Instabilit\u00e4t in Frankreich k\u00f6nnte zum Zusammenbruch der gesamten Union f\u00fchren \u2013 insbesondere der Eurokurs befindet sich in der Gefahrenzone. Von Jewgeni Posdnjakow Die politische und wirtschaftliche Instabilit\u00e4t in Frankreich k\u00f6nnte zu einer Gefahr f\u00fcr die Europ\u00e4ische Union werden. [&hellip;]\" \/>\n<meta property=\"og:url\" content=\"https:\/\/now-news.de\/de\/deutschland\/krise-in-frankreich-ganze-eu-rutscht-in-die-gefahrenzone\/\" \/>\n<meta property=\"og:site_name\" content=\"just-now.NEWS Deutschland\" \/>\n<meta property=\"article:publisher\" content=\"https:\/\/www.facebook.com\/wirmachenauf\" \/>\n<meta property=\"article:published_time\" content=\"2025-10-09T18:44:29+00:00\" \/>\n<meta property=\"og:image\" content=\"https:\/\/now-news.de\/de\/wp-content\/uploads\/sites\/3\/2025\/10\/68e7c96448fbef2e4c32be61.jpg\" \/>\n<meta name=\"author\" content=\"rtnews\" \/>\n<meta name=\"twitter:card\" content=\"summary_large_image\" \/>\n<meta name=\"twitter:creator\" content=\"@WirMachenAuf_de\" \/>\n<meta name=\"twitter:site\" content=\"@WirMachenAuf_de\" \/>\n<meta name=\"twitter:label1\" content=\"Verfasst von\" \/>\n\t<meta name=\"twitter:data1\" content=\"rtnews\" \/>\n\t<meta name=\"twitter:label2\" content=\"Gesch\u00e4tzte Lesezeit\" \/>\n\t<meta name=\"twitter:data2\" content=\"7\u00a0Minuten\" \/>\n<script type=\"application\/ld+json\" class=\"yoast-schema-graph\">{\"@context\":\"https:\/\/schema.org\",\"@graph\":[{\"@type\":\"Article\",\"@id\":\"https:\/\/now-news.de\/de\/deutschland\/krise-in-frankreich-ganze-eu-rutscht-in-die-gefahrenzone\/#article\",\"isPartOf\":{\"@id\":\"https:\/\/now-news.de\/de\/deutschland\/krise-in-frankreich-ganze-eu-rutscht-in-die-gefahrenzone\/\"},\"author\":{\"name\":\"rtnews\",\"@id\":\"https:\/\/now-news.de\/de\/#\/schema\/person\/fb534a4e865501d8b3285208df34a9b5\"},\"headline\":\"Krise in Frankreich: Ganze EU rutscht in die Gefahrenzone\",\"datePublished\":\"2025-10-09T18:44:29+00:00\",\"dateModified\":\"2025-10-09T18:44:29+00:00\",\"mainEntityOfPage\":{\"@id\":\"https:\/\/now-news.de\/de\/deutschland\/krise-in-frankreich-ganze-eu-rutscht-in-die-gefahrenzone\/\"},\"wordCount\":1351,\"commentCount\":0,\"publisher\":{\"@id\":\"https:\/\/now-news.de\/de\/#organization\"},\"image\":{\"@id\":\"https:\/\/now-news.de\/de\/deutschland\/krise-in-frankreich-ganze-eu-rutscht-in-die-gefahrenzone\/#primaryimage\"},\"thumbnailUrl\":\"https:\/\/now-news.de\/de\/wp-content\/uploads\/sites\/3\/2025\/10\/Krise-in-Frankreich-Ganze-EU-rutscht-in-die-Gefahrenzone.jpg\",\"keywords\":[\"die\",\"Frankreich\",\"ganze\",\"Gefahrenzone\",\"krise\",\"rutscht\"],\"articleSection\":[\"Deutschland\",\"Russland\"],\"inLanguage\":\"de\",\"potentialAction\":[{\"@type\":\"CommentAction\",\"name\":\"Comment\",\"target\":[\"https:\/\/now-news.de\/de\/deutschland\/krise-in-frankreich-ganze-eu-rutscht-in-die-gefahrenzone\/#respond\"]}]},{\"@type\":\"WebPage\",\"@id\":\"https:\/\/now-news.de\/de\/deutschland\/krise-in-frankreich-ganze-eu-rutscht-in-die-gefahrenzone\/\",\"url\":\"https:\/\/now-news.de\/de\/deutschland\/krise-in-frankreich-ganze-eu-rutscht-in-die-gefahrenzone\/\",\"name\":\"Krise in Frankreich: Ganze EU rutscht in die Gefahrenzone - just-now.NEWS Deutschland\",\"isPartOf\":{\"@id\":\"https:\/\/now-news.de\/de\/#website\"},\"primaryImageOfPage\":{\"@id\":\"https:\/\/now-news.de\/de\/deutschland\/krise-in-frankreich-ganze-eu-rutscht-in-die-gefahrenzone\/#primaryimage\"},\"image\":{\"@id\":\"https:\/\/now-news.de\/de\/deutschland\/krise-in-frankreich-ganze-eu-rutscht-in-die-gefahrenzone\/#primaryimage\"},\"thumbnailUrl\":\"https:\/\/now-news.de\/de\/wp-content\/uploads\/sites\/3\/2025\/10\/Krise-in-Frankreich-Ganze-EU-rutscht-in-die-Gefahrenzone.jpg\",\"datePublished\":\"2025-10-09T18:44:29+00:00\",\"dateModified\":\"2025-10-09T18:44:29+00:00\",\"breadcrumb\":{\"@id\":\"https:\/\/now-news.de\/de\/deutschland\/krise-in-frankreich-ganze-eu-rutscht-in-die-gefahrenzone\/#breadcrumb\"},\"inLanguage\":\"de\",\"potentialAction\":[{\"@type\":\"ReadAction\",\"target\":[\"https:\/\/now-news.de\/de\/deutschland\/krise-in-frankreich-ganze-eu-rutscht-in-die-gefahrenzone\/\"]}]},{\"@type\":\"ImageObject\",\"inLanguage\":\"de\",\"@id\":\"https:\/\/now-news.de\/de\/deutschland\/krise-in-frankreich-ganze-eu-rutscht-in-die-gefahrenzone\/#primaryimage\",\"url\":\"https:\/\/now-news.de\/de\/wp-content\/uploads\/sites\/3\/2025\/10\/Krise-in-Frankreich-Ganze-EU-rutscht-in-die-Gefahrenzone.jpg\",\"contentUrl\":\"https:\/\/now-news.de\/de\/wp-content\/uploads\/sites\/3\/2025\/10\/Krise-in-Frankreich-Ganze-EU-rutscht-in-die-Gefahrenzone.jpg\",\"width\":460,\"height\":259,\"caption\":\"Krise in Frankreich: Ganze EU rutscht in die Gefahrenzone\"},{\"@type\":\"BreadcrumbList\",\"@id\":\"https:\/\/now-news.de\/de\/deutschland\/krise-in-frankreich-ganze-eu-rutscht-in-die-gefahrenzone\/#breadcrumb\",\"itemListElement\":[{\"@type\":\"ListItem\",\"position\":1,\"name\":\"Home\",\"item\":\"https:\/\/now-news.de\/de\/\"},{\"@type\":\"ListItem\",\"position\":2,\"name\":\"Krise in Frankreich: Ganze EU rutscht in die Gefahrenzone\"}]},{\"@type\":\"WebSite\",\"@id\":\"https:\/\/now-news.de\/de\/#website\",\"url\":\"https:\/\/now-news.de\/de\/\",\"name\":\"just-now.NEWS Deutschland\",\"description\":\"Das Portal f\u00fcr unzensierte Nachrichten aus der Welt\",\"publisher\":{\"@id\":\"https:\/\/now-news.de\/de\/#organization\"},\"potentialAction\":[{\"@type\":\"SearchAction\",\"target\":{\"@type\":\"EntryPoint\",\"urlTemplate\":\"https:\/\/now-news.de\/de\/?s={search_term_string}\"},\"query-input\":\"required name=search_term_string\"}],\"inLanguage\":\"de\"},{\"@type\":\"Organization\",\"@id\":\"https:\/\/now-news.de\/de\/#organization\",\"name\":\"Just Now News\",\"url\":\"https:\/\/now-news.de\/de\/\",\"logo\":{\"@type\":\"ImageObject\",\"inLanguage\":\"de\",\"@id\":\"https:\/\/now-news.de\/de\/#\/schema\/logo\/image\/\",\"url\":\"http:\/\/just-now.news\/de\/wp-content\/uploads\/sites\/3\/2022\/04\/logo500x500.jpg\",\"contentUrl\":\"http:\/\/just-now.news\/de\/wp-content\/uploads\/sites\/3\/2022\/04\/logo500x500.jpg\",\"width\":500,\"height\":500,\"caption\":\"Just Now News\"},\"image\":{\"@id\":\"https:\/\/now-news.de\/de\/#\/schema\/logo\/image\/\"},\"sameAs\":[\"https:\/\/www.facebook.com\/wirmachenauf\",\"https:\/\/x.com\/WirMachenAuf_de\"]},{\"@type\":\"Person\",\"@id\":\"https:\/\/now-news.de\/de\/#\/schema\/person\/fb534a4e865501d8b3285208df34a9b5\",\"name\":\"rtnews\",\"image\":{\"@type\":\"ImageObject\",\"inLanguage\":\"de\",\"@id\":\"https:\/\/now-news.de\/de\/#\/schema\/person\/image\/\",\"url\":\"https:\/\/secure.gravatar.com\/avatar\/82aafea7d8127119dd649515f56e2117?s=96&d=mm&r=g\",\"contentUrl\":\"https:\/\/secure.gravatar.com\/avatar\/82aafea7d8127119dd649515f56e2117?s=96&d=mm&r=g\",\"caption\":\"rtnews\"},\"url\":\"https:\/\/now-news.de\/de\/author\/rnews\/\"}]}<\/script>\n<!-- \/ Yoast SEO Premium plugin. -->","yoast_head_json":{"title":"Krise in Frankreich: Ganze EU rutscht in die Gefahrenzone - just-now.NEWS Deutschland","robots":{"index":"index","follow":"follow","max-snippet":"max-snippet:-1","max-image-preview":"max-image-preview:large","max-video-preview":"max-video-preview:-1"},"canonical":"https:\/\/now-news.de\/de\/deutschland\/krise-in-frankreich-ganze-eu-rutscht-in-die-gefahrenzone\/","og_locale":"de_DE","og_type":"article","og_title":"Krise in Frankreich: Ganze EU rutscht in die Gefahrenzone","og_description":"Die Probleme der Regierung von Emmanuel Macron beginnen, die gesamte EU zu beunruhigen. Die politische und wirtschaftliche Instabilit\u00e4t in Frankreich k\u00f6nnte zum Zusammenbruch der gesamten Union f\u00fchren \u2013 insbesondere der Eurokurs befindet sich in der Gefahrenzone. Von Jewgeni Posdnjakow Die politische und wirtschaftliche Instabilit\u00e4t in Frankreich k\u00f6nnte zu einer Gefahr f\u00fcr die Europ\u00e4ische Union werden. [&hellip;]","og_url":"https:\/\/now-news.de\/de\/deutschland\/krise-in-frankreich-ganze-eu-rutscht-in-die-gefahrenzone\/","og_site_name":"just-now.NEWS Deutschland","article_publisher":"https:\/\/www.facebook.com\/wirmachenauf","article_published_time":"2025-10-09T18:44:29+00:00","og_image":[{"url":"https:\/\/now-news.de\/de\/wp-content\/uploads\/sites\/3\/2025\/10\/68e7c96448fbef2e4c32be61.jpg"}],"author":"rtnews","twitter_card":"summary_large_image","twitter_creator":"@WirMachenAuf_de","twitter_site":"@WirMachenAuf_de","twitter_misc":{"Verfasst von":"rtnews","Gesch\u00e4tzte Lesezeit":"7\u00a0Minuten"},"schema":{"@context":"https:\/\/schema.org","@graph":[{"@type":"Article","@id":"https:\/\/now-news.de\/de\/deutschland\/krise-in-frankreich-ganze-eu-rutscht-in-die-gefahrenzone\/#article","isPartOf":{"@id":"https:\/\/now-news.de\/de\/deutschland\/krise-in-frankreich-ganze-eu-rutscht-in-die-gefahrenzone\/"},"author":{"name":"rtnews","@id":"https:\/\/now-news.de\/de\/#\/schema\/person\/fb534a4e865501d8b3285208df34a9b5"},"headline":"Krise in Frankreich: Ganze EU rutscht in die Gefahrenzone","datePublished":"2025-10-09T18:44:29+00:00","dateModified":"2025-10-09T18:44:29+00:00","mainEntityOfPage":{"@id":"https:\/\/now-news.de\/de\/deutschland\/krise-in-frankreich-ganze-eu-rutscht-in-die-gefahrenzone\/"},"wordCount":1351,"commentCount":0,"publisher":{"@id":"https:\/\/now-news.de\/de\/#organization"},"image":{"@id":"https:\/\/now-news.de\/de\/deutschland\/krise-in-frankreich-ganze-eu-rutscht-in-die-gefahrenzone\/#primaryimage"},"thumbnailUrl":"https:\/\/now-news.de\/de\/wp-content\/uploads\/sites\/3\/2025\/10\/Krise-in-Frankreich-Ganze-EU-rutscht-in-die-Gefahrenzone.jpg","keywords":["die","Frankreich","ganze","Gefahrenzone","krise","rutscht"],"articleSection":["Deutschland","Russland"],"inLanguage":"de","potentialAction":[{"@type":"CommentAction","name":"Comment","target":["https:\/\/now-news.de\/de\/deutschland\/krise-in-frankreich-ganze-eu-rutscht-in-die-gefahrenzone\/#respond"]}]},{"@type":"WebPage","@id":"https:\/\/now-news.de\/de\/deutschland\/krise-in-frankreich-ganze-eu-rutscht-in-die-gefahrenzone\/","url":"https:\/\/now-news.de\/de\/deutschland\/krise-in-frankreich-ganze-eu-rutscht-in-die-gefahrenzone\/","name":"Krise in Frankreich: Ganze EU rutscht in die Gefahrenzone - just-now.NEWS Deutschland","isPartOf":{"@id":"https:\/\/now-news.de\/de\/#website"},"primaryImageOfPage":{"@id":"https:\/\/now-news.de\/de\/deutschland\/krise-in-frankreich-ganze-eu-rutscht-in-die-gefahrenzone\/#primaryimage"},"image":{"@id":"https:\/\/now-news.de\/de\/deutschland\/krise-in-frankreich-ganze-eu-rutscht-in-die-gefahrenzone\/#primaryimage"},"thumbnailUrl":"https:\/\/now-news.de\/de\/wp-content\/uploads\/sites\/3\/2025\/10\/Krise-in-Frankreich-Ganze-EU-rutscht-in-die-Gefahrenzone.jpg","datePublished":"2025-10-09T18:44:29+00:00","dateModified":"2025-10-09T18:44:29+00:00","breadcrumb":{"@id":"https:\/\/now-news.de\/de\/deutschland\/krise-in-frankreich-ganze-eu-rutscht-in-die-gefahrenzone\/#breadcrumb"},"inLanguage":"de","potentialAction":[{"@type":"ReadAction","target":["https:\/\/now-news.de\/de\/deutschland\/krise-in-frankreich-ganze-eu-rutscht-in-die-gefahrenzone\/"]}]},{"@type":"ImageObject","inLanguage":"de","@id":"https:\/\/now-news.de\/de\/deutschland\/krise-in-frankreich-ganze-eu-rutscht-in-die-gefahrenzone\/#primaryimage","url":"https:\/\/now-news.de\/de\/wp-content\/uploads\/sites\/3\/2025\/10\/Krise-in-Frankreich-Ganze-EU-rutscht-in-die-Gefahrenzone.jpg","contentUrl":"https:\/\/now-news.de\/de\/wp-content\/uploads\/sites\/3\/2025\/10\/Krise-in-Frankreich-Ganze-EU-rutscht-in-die-Gefahrenzone.jpg","width":460,"height":259,"caption":"Krise in Frankreich: Ganze EU rutscht in die Gefahrenzone"},{"@type":"BreadcrumbList","@id":"https:\/\/now-news.de\/de\/deutschland\/krise-in-frankreich-ganze-eu-rutscht-in-die-gefahrenzone\/#breadcrumb","itemListElement":[{"@type":"ListItem","position":1,"name":"Home","item":"https:\/\/now-news.de\/de\/"},{"@type":"ListItem","position":2,"name":"Krise in Frankreich: Ganze EU rutscht in die Gefahrenzone"}]},{"@type":"WebSite","@id":"https:\/\/now-news.de\/de\/#website","url":"https:\/\/now-news.de\/de\/","name":"just-now.NEWS Deutschland","description":"Das Portal f\u00fcr unzensierte Nachrichten aus der Welt","publisher":{"@id":"https:\/\/now-news.de\/de\/#organization"},"potentialAction":[{"@type":"SearchAction","target":{"@type":"EntryPoint","urlTemplate":"https:\/\/now-news.de\/de\/?s={search_term_string}"},"query-input":"required name=search_term_string"}],"inLanguage":"de"},{"@type":"Organization","@id":"https:\/\/now-news.de\/de\/#organization","name":"Just Now News","url":"https:\/\/now-news.de\/de\/","logo":{"@type":"ImageObject","inLanguage":"de","@id":"https:\/\/now-news.de\/de\/#\/schema\/logo\/image\/","url":"http:\/\/just-now.news\/de\/wp-content\/uploads\/sites\/3\/2022\/04\/logo500x500.jpg","contentUrl":"http:\/\/just-now.news\/de\/wp-content\/uploads\/sites\/3\/2022\/04\/logo500x500.jpg","width":500,"height":500,"caption":"Just Now News"},"image":{"@id":"https:\/\/now-news.de\/de\/#\/schema\/logo\/image\/"},"sameAs":["https:\/\/www.facebook.com\/wirmachenauf","https:\/\/x.com\/WirMachenAuf_de"]},{"@type":"Person","@id":"https:\/\/now-news.de\/de\/#\/schema\/person\/fb534a4e865501d8b3285208df34a9b5","name":"rtnews","image":{"@type":"ImageObject","inLanguage":"de","@id":"https:\/\/now-news.de\/de\/#\/schema\/person\/image\/","url":"https:\/\/secure.gravatar.com\/avatar\/82aafea7d8127119dd649515f56e2117?s=96&d=mm&r=g","contentUrl":"https:\/\/secure.gravatar.com\/avatar\/82aafea7d8127119dd649515f56e2117?s=96&d=mm&r=g","caption":"rtnews"},"url":"https:\/\/now-news.de\/de\/author\/rnews\/"}]}},"_links":{"self":[{"href":"https:\/\/now-news.de\/de\/wp-json\/wp\/v2\/posts\/91954"}],"collection":[{"href":"https:\/\/now-news.de\/de\/wp-json\/wp\/v2\/posts"}],"about":[{"href":"https:\/\/now-news.de\/de\/wp-json\/wp\/v2\/types\/post"}],"author":[{"embeddable":true,"href":"https:\/\/now-news.de\/de\/wp-json\/wp\/v2\/users\/3"}],"replies":[{"embeddable":true,"href":"https:\/\/now-news.de\/de\/wp-json\/wp\/v2\/comments?post=91954"}],"version-history":[{"count":0,"href":"https:\/\/now-news.de\/de\/wp-json\/wp\/v2\/posts\/91954\/revisions"}],"wp:featuredmedia":[{"embeddable":true,"href":"https:\/\/now-news.de\/de\/wp-json\/wp\/v2\/media\/91955"}],"wp:attachment":[{"href":"https:\/\/now-news.de\/de\/wp-json\/wp\/v2\/media?parent=91954"}],"wp:term":[{"taxonomy":"category","embeddable":true,"href":"https:\/\/now-news.de\/de\/wp-json\/wp\/v2\/categories?post=91954"},{"taxonomy":"post_tag","embeddable":true,"href":"https:\/\/now-news.de\/de\/wp-json\/wp\/v2\/tags?post=91954"}],"curies":[{"name":"wp","href":"https:\/\/api.w.org\/{rel}","templated":true}]}}