{"id":91908,"date":"2025-10-08T21:39:54","date_gmt":"2025-10-08T19:39:54","guid":{"rendered":"https:\/\/now-news.de\/de\/deutschland\/erdogan-fordert-wiederaufnahme-der-tuerkei-in-f-35-programm\/"},"modified":"2025-10-08T21:39:54","modified_gmt":"2025-10-08T19:39:54","slug":"erdogan-fordert-wiederaufnahme-der-tuerkei-in-f-35-programm","status":"publish","type":"post","link":"https:\/\/now-news.de\/de\/deutschland\/erdogan-fordert-wiederaufnahme-der-tuerkei-in-f-35-programm\/","title":{"rendered":"Erdo\u011fan fordert Wiederaufnahme der T\u00fcrkei in F-35-Programm"},"content":{"rendered":"<p><img decoding=\"async\" src=\"https:\/\/now-news.de\/de\/wp-content\/uploads\/sites\/3\/2025\/10\/68e6438c48fbef529e75e6e3.jpg\" \/><\/p>\n<div class=\"Text-root Text-type_1 \">\n                Pr\u00e4sident Erdo\u011fan fordert die R\u00fcckkehr der T\u00fcrkei in das Programm zur Herstellung von F-35-Kampfjets. Der Politiker bezeichnete den Ausschluss des Landes aus dem F-35-Projekt als unrechtm\u00e4\u00dfig. Erdo\u011fan berichtete dabei von positiven Signalen der USA in dieser Frage.\n            <\/div>\n<p><\/p>\n<div class=\"Text-root Text-type_5 ArticleView-text ViewText-root \">\n<p>Die Suspendierung der T\u00fcrkei von der Teilnahme am Projekt zur Herstellung US-amerikanischer Kampfflugzeuge der f\u00fcnften Generation F-35 sei unrechtm\u00e4\u00dfig, so der Pr\u00e4sident der Republik, Recep Tayyip Erdo\u011fan. Er best\u00e4tigte, dass Ankara Verhandlungen mit Washington f\u00fchre, deren Ziel die vollst\u00e4ndige Aufhebung der verh\u00e4ngten Beschr\u00e4nkungen sei, berichtete\u00a0<em>H\u00fcrriyet<\/em>.<\/p>\n<p>Erdo\u011fan betonte, dass die Zusammenarbeit zwischen der T\u00fcrkei und den Vereinigten Staaten im milit\u00e4risch-industriellen Bereich weiterhin intensiv sei. Seinen Worten zufolge seien im Rahmen des Dialogs mit der US-Seite ermutigende Signale zu vernehmen gewesen, die auf eine baldige Beilegung des Konflikts hoffen lie\u00dfen:<\/p>\n<blockquote>\n<p><em>&#8220;Wir haben die Frage der F-35 offen und direkt angesprochen. Dar\u00fcber hinaus ist die T\u00fcrkei Partner in diesem Projekt, hat daf\u00fcr gezahlt und ihre Verpflichtungen erf\u00fcllt. Die Gr\u00fcnde f\u00fcr unseren Ausschluss aus diesem Programm sind v\u00f6llig unberechtigt.&#8221;<\/em><\/p>\n<\/blockquote>\n<p>Der t\u00fcrkische Staatschef verwies auch auf fr\u00fchere \u00c4u\u00dferungen des US-Pr\u00e4sidenten Donald Trump, der eine positive L\u00f6sung dieser Frage nicht ausgeschlossen hatte. Erdo\u011fan \u00e4u\u00dferte die Hoffnung, dass die laufenden technischen Verhandlungen zur Aufhebung der Sanktionen nach dem CAATSA-Gesetz und zur R\u00fcckkehr Ankaras in das F-35-Programm f\u00fchren werden.<\/p>\n<p>Der Konflikt um die F-35 entstand, nachdem die T\u00fcrkei 2017 von Russland das Flugabwehrraketensystem S-400 erworben hatte, was in Washington Unmut ausl\u00f6ste. Als Reaktion darauf schlossen die Vereinigten Staaten die T\u00fcrkei vom F-35-Programm aus, verh\u00e4ngten Sanktionen gem\u00e4\u00df dem CAATSA-Gesetz und setzten das gemeinsame Memorandum mit Ankara bez\u00fcglich des F-35-Programms au\u00dfer Kraft.<\/p>\n<p>Zuvor hatte die spanische Regierung den Kauf von US-amerikanischen F-35-Kampfflugzeugen abgelehnt und ihre Pl\u00e4ne zur Erneuerung der Milit\u00e4rluftfahrt korrigiert. Diese Entscheidung steht im Zusammenhang mit Einschr\u00e4nkungen des Verteidigungshaushalts.<\/p>\n<p><strong>Mehr zum Thema<\/strong> \u2013 <a rel=\"nofollow noopener\" target=\"_blank\" href=\"https:\/\/freedert.online\/international\/257155-washington-trump-draengt-erdogan-vergeblich\/\">Washington: Trump dr\u00e4ngt Erdo\u011fan vergeblich zum Verzicht auf russische Energie<\/a><\/p>\n<div class=\"EmbedBlock-root EmbedBlock-externalVideo EmbedBlock-rumble\">\n<div class=\"VkEmbed\"><iframe class=\"lazyload\" data-src=\"https:\/\/rumble.com\/embed\/v6xt46i\" frameborder=\"0\" width=\"853\" height=\"480\" allowfullscreen><\/iframe><\/div>\n<\/div>\n<\/div>\n<p><br \/>\n<br \/><a href=\"https:\/\/de.rt.com\/international\/258251-erdogan-fordert-wiederaufnahme-tuerkei-in\/\">Source link <\/a><\/p>\n","protected":false},"excerpt":{"rendered":"<p>Pr\u00e4sident Erdo\u011fan fordert die R\u00fcckkehr der T\u00fcrkei in das Programm zur Herstellung von F-35-Kampfjets. Der Politiker bezeichnete den Ausschluss des Landes aus dem F-35-Projekt als unrechtm\u00e4\u00dfig. Erdo\u011fan berichtete dabei von positiven Signalen der USA in dieser Frage. Die Suspendierung der T\u00fcrkei von der Teilnahme am Projekt zur Herstellung US-amerikanischer Kampfflugzeuge der f\u00fcnften Generation F-35 sei [&hellip;]<\/p>\n","protected":false},"author":3,"featured_media":91909,"comment_status":"open","ping_status":"open","sticky":false,"template":"","format":"standard","meta":{"_yoast_indexnow_last_ping":["1759954311"],"wp_automatic_camp":["217"],"8c9cc5de22dcda2caffd3b0334d6b30e":["Erdo\u011fan fordert Wiederaufnahme der T\u00fcrkei in F-35-Programm"],"original_link":["https:\/\/de.rt.com\/international\/258251-erdogan-fordert-wiederaufnahme-tuerkei-in\/"],"_thumbnail_id":["91909"],"jnews_social_counter_last_update":["1777240270"],"_wptgpro_p2tg_sent2tg":["a:1:{i:23737;s:19:\"2025-10-08 22:12:50\";}"]},"categories":[19,23],"tags":[82,13697,68296,355,1897,27795],"yoast_head":"<!-- This site is optimized with the Yoast SEO Premium plugin v22.7 (Yoast SEO v22.7) - https:\/\/yoast.com\/wordpress\/plugins\/seo\/ -->\n<title>Erdo\u011fan fordert Wiederaufnahme der T\u00fcrkei in F-35-Programm - just-now.NEWS Deutschland<\/title>\n<meta name=\"robots\" content=\"index, follow, max-snippet:-1, max-image-preview:large, max-video-preview:-1\" \/>\n<link rel=\"canonical\" href=\"https:\/\/now-news.de\/de\/deutschland\/erdogan-fordert-wiederaufnahme-der-tuerkei-in-f-35-programm\/\" \/>\n<meta property=\"og:locale\" content=\"de_DE\" \/>\n<meta property=\"og:type\" content=\"article\" \/>\n<meta property=\"og:title\" content=\"Erdo\u011fan fordert Wiederaufnahme der T\u00fcrkei in F-35-Programm\" \/>\n<meta property=\"og:description\" content=\"Pr\u00e4sident Erdo\u011fan fordert die R\u00fcckkehr der T\u00fcrkei in das Programm zur Herstellung von F-35-Kampfjets. Der Politiker bezeichnete den Ausschluss des Landes aus dem F-35-Projekt als unrechtm\u00e4\u00dfig. Erdo\u011fan berichtete dabei von positiven Signalen der USA in dieser Frage. Die Suspendierung der T\u00fcrkei von der Teilnahme am Projekt zur Herstellung US-amerikanischer Kampfflugzeuge der f\u00fcnften Generation F-35 sei [&hellip;]\" \/>\n<meta property=\"og:url\" content=\"https:\/\/now-news.de\/de\/deutschland\/erdogan-fordert-wiederaufnahme-der-tuerkei-in-f-35-programm\/\" \/>\n<meta property=\"og:site_name\" content=\"just-now.NEWS Deutschland\" \/>\n<meta property=\"article:publisher\" content=\"https:\/\/www.facebook.com\/wirmachenauf\" \/>\n<meta property=\"article:published_time\" content=\"2025-10-08T19:39:54+00:00\" \/>\n<meta property=\"og:image\" content=\"https:\/\/now-news.de\/de\/wp-content\/uploads\/sites\/3\/2025\/10\/68e6438c48fbef529e75e6e3.jpg\" \/>\n<meta name=\"author\" content=\"rtnews\" \/>\n<meta name=\"twitter:card\" content=\"summary_large_image\" \/>\n<meta name=\"twitter:creator\" content=\"@WirMachenAuf_de\" \/>\n<meta name=\"twitter:site\" content=\"@WirMachenAuf_de\" \/>\n<meta name=\"twitter:label1\" content=\"Verfasst von\" \/>\n\t<meta name=\"twitter:data1\" content=\"rtnews\" \/>\n\t<meta name=\"twitter:label2\" content=\"Gesch\u00e4tzte Lesezeit\" \/>\n\t<meta name=\"twitter:data2\" content=\"2\u00a0Minuten\" \/>\n<script type=\"application\/ld+json\" class=\"yoast-schema-graph\">{\"@context\":\"https:\/\/schema.org\",\"@graph\":[{\"@type\":\"Article\",\"@id\":\"https:\/\/now-news.de\/de\/deutschland\/erdogan-fordert-wiederaufnahme-der-tuerkei-in-f-35-programm\/#article\",\"isPartOf\":{\"@id\":\"https:\/\/now-news.de\/de\/deutschland\/erdogan-fordert-wiederaufnahme-der-tuerkei-in-f-35-programm\/\"},\"author\":{\"name\":\"rtnews\",\"@id\":\"https:\/\/now-news.de\/de\/#\/schema\/person\/fb534a4e865501d8b3285208df34a9b5\"},\"headline\":\"Erdo\u011fan fordert Wiederaufnahme der T\u00fcrkei in F-35-Programm\",\"datePublished\":\"2025-10-08T19:39:54+00:00\",\"dateModified\":\"2025-10-08T19:39:54+00:00\",\"mainEntityOfPage\":{\"@id\":\"https:\/\/now-news.de\/de\/deutschland\/erdogan-fordert-wiederaufnahme-der-tuerkei-in-f-35-programm\/\"},\"wordCount\":367,\"commentCount\":0,\"publisher\":{\"@id\":\"https:\/\/now-news.de\/de\/#organization\"},\"image\":{\"@id\":\"https:\/\/now-news.de\/de\/deutschland\/erdogan-fordert-wiederaufnahme-der-tuerkei-in-f-35-programm\/#primaryimage\"},\"thumbnailUrl\":\"https:\/\/now-news.de\/de\/wp-content\/uploads\/sites\/3\/2025\/10\/Erdogan-fordert-Wiederaufnahme-der-Tuerkei-in-F-35-Programm.jpg\",\"keywords\":[\"der\",\"Erdo\u011fan\",\"F35Programm\",\"fordert\",\"T\u00fcrkei\",\"Wiederaufnahme\"],\"articleSection\":[\"Deutschland\",\"Russland\"],\"inLanguage\":\"de\",\"potentialAction\":[{\"@type\":\"CommentAction\",\"name\":\"Comment\",\"target\":[\"https:\/\/now-news.de\/de\/deutschland\/erdogan-fordert-wiederaufnahme-der-tuerkei-in-f-35-programm\/#respond\"]}]},{\"@type\":\"WebPage\",\"@id\":\"https:\/\/now-news.de\/de\/deutschland\/erdogan-fordert-wiederaufnahme-der-tuerkei-in-f-35-programm\/\",\"url\":\"https:\/\/now-news.de\/de\/deutschland\/erdogan-fordert-wiederaufnahme-der-tuerkei-in-f-35-programm\/\",\"name\":\"Erdo\u011fan fordert Wiederaufnahme der T\u00fcrkei in F-35-Programm - just-now.NEWS Deutschland\",\"isPartOf\":{\"@id\":\"https:\/\/now-news.de\/de\/#website\"},\"primaryImageOfPage\":{\"@id\":\"https:\/\/now-news.de\/de\/deutschland\/erdogan-fordert-wiederaufnahme-der-tuerkei-in-f-35-programm\/#primaryimage\"},\"image\":{\"@id\":\"https:\/\/now-news.de\/de\/deutschland\/erdogan-fordert-wiederaufnahme-der-tuerkei-in-f-35-programm\/#primaryimage\"},\"thumbnailUrl\":\"https:\/\/now-news.de\/de\/wp-content\/uploads\/sites\/3\/2025\/10\/Erdogan-fordert-Wiederaufnahme-der-Tuerkei-in-F-35-Programm.jpg\",\"datePublished\":\"2025-10-08T19:39:54+00:00\",\"dateModified\":\"2025-10-08T19:39:54+00:00\",\"breadcrumb\":{\"@id\":\"https:\/\/now-news.de\/de\/deutschland\/erdogan-fordert-wiederaufnahme-der-tuerkei-in-f-35-programm\/#breadcrumb\"},\"inLanguage\":\"de\",\"potentialAction\":[{\"@type\":\"ReadAction\",\"target\":[\"https:\/\/now-news.de\/de\/deutschland\/erdogan-fordert-wiederaufnahme-der-tuerkei-in-f-35-programm\/\"]}]},{\"@type\":\"ImageObject\",\"inLanguage\":\"de\",\"@id\":\"https:\/\/now-news.de\/de\/deutschland\/erdogan-fordert-wiederaufnahme-der-tuerkei-in-f-35-programm\/#primaryimage\",\"url\":\"https:\/\/now-news.de\/de\/wp-content\/uploads\/sites\/3\/2025\/10\/Erdogan-fordert-Wiederaufnahme-der-Tuerkei-in-F-35-Programm.jpg\",\"contentUrl\":\"https:\/\/now-news.de\/de\/wp-content\/uploads\/sites\/3\/2025\/10\/Erdogan-fordert-Wiederaufnahme-der-Tuerkei-in-F-35-Programm.jpg\",\"width\":460,\"height\":259,\"caption\":\"Erdo\u011fan fordert Wiederaufnahme der T\u00fcrkei in F-35-Programm\"},{\"@type\":\"BreadcrumbList\",\"@id\":\"https:\/\/now-news.de\/de\/deutschland\/erdogan-fordert-wiederaufnahme-der-tuerkei-in-f-35-programm\/#breadcrumb\",\"itemListElement\":[{\"@type\":\"ListItem\",\"position\":1,\"name\":\"Home\",\"item\":\"https:\/\/now-news.de\/de\/\"},{\"@type\":\"ListItem\",\"position\":2,\"name\":\"Erdo\u011fan fordert Wiederaufnahme der T\u00fcrkei in F-35-Programm\"}]},{\"@type\":\"WebSite\",\"@id\":\"https:\/\/now-news.de\/de\/#website\",\"url\":\"https:\/\/now-news.de\/de\/\",\"name\":\"just-now.NEWS Deutschland\",\"description\":\"Das Portal f\u00fcr unzensierte Nachrichten aus der Welt\",\"publisher\":{\"@id\":\"https:\/\/now-news.de\/de\/#organization\"},\"potentialAction\":[{\"@type\":\"SearchAction\",\"target\":{\"@type\":\"EntryPoint\",\"urlTemplate\":\"https:\/\/now-news.de\/de\/?s={search_term_string}\"},\"query-input\":\"required name=search_term_string\"}],\"inLanguage\":\"de\"},{\"@type\":\"Organization\",\"@id\":\"https:\/\/now-news.de\/de\/#organization\",\"name\":\"Just Now News\",\"url\":\"https:\/\/now-news.de\/de\/\",\"logo\":{\"@type\":\"ImageObject\",\"inLanguage\":\"de\",\"@id\":\"https:\/\/now-news.de\/de\/#\/schema\/logo\/image\/\",\"url\":\"http:\/\/just-now.news\/de\/wp-content\/uploads\/sites\/3\/2022\/04\/logo500x500.jpg\",\"contentUrl\":\"http:\/\/just-now.news\/de\/wp-content\/uploads\/sites\/3\/2022\/04\/logo500x500.jpg\",\"width\":500,\"height\":500,\"caption\":\"Just Now News\"},\"image\":{\"@id\":\"https:\/\/now-news.de\/de\/#\/schema\/logo\/image\/\"},\"sameAs\":[\"https:\/\/www.facebook.com\/wirmachenauf\",\"https:\/\/x.com\/WirMachenAuf_de\"]},{\"@type\":\"Person\",\"@id\":\"https:\/\/now-news.de\/de\/#\/schema\/person\/fb534a4e865501d8b3285208df34a9b5\",\"name\":\"rtnews\",\"image\":{\"@type\":\"ImageObject\",\"inLanguage\":\"de\",\"@id\":\"https:\/\/now-news.de\/de\/#\/schema\/person\/image\/\",\"url\":\"https:\/\/secure.gravatar.com\/avatar\/82aafea7d8127119dd649515f56e2117?s=96&d=mm&r=g\",\"contentUrl\":\"https:\/\/secure.gravatar.com\/avatar\/82aafea7d8127119dd649515f56e2117?s=96&d=mm&r=g\",\"caption\":\"rtnews\"},\"url\":\"https:\/\/now-news.de\/de\/author\/rnews\/\"}]}<\/script>\n<!-- \/ Yoast SEO Premium plugin. -->","yoast_head_json":{"title":"Erdo\u011fan fordert Wiederaufnahme der T\u00fcrkei in F-35-Programm - just-now.NEWS Deutschland","robots":{"index":"index","follow":"follow","max-snippet":"max-snippet:-1","max-image-preview":"max-image-preview:large","max-video-preview":"max-video-preview:-1"},"canonical":"https:\/\/now-news.de\/de\/deutschland\/erdogan-fordert-wiederaufnahme-der-tuerkei-in-f-35-programm\/","og_locale":"de_DE","og_type":"article","og_title":"Erdo\u011fan fordert Wiederaufnahme der T\u00fcrkei in F-35-Programm","og_description":"Pr\u00e4sident Erdo\u011fan fordert die R\u00fcckkehr der T\u00fcrkei in das Programm zur Herstellung von F-35-Kampfjets. Der Politiker bezeichnete den Ausschluss des Landes aus dem F-35-Projekt als unrechtm\u00e4\u00dfig. Erdo\u011fan berichtete dabei von positiven Signalen der USA in dieser Frage. Die Suspendierung der T\u00fcrkei von der Teilnahme am Projekt zur Herstellung US-amerikanischer Kampfflugzeuge der f\u00fcnften Generation F-35 sei [&hellip;]","og_url":"https:\/\/now-news.de\/de\/deutschland\/erdogan-fordert-wiederaufnahme-der-tuerkei-in-f-35-programm\/","og_site_name":"just-now.NEWS Deutschland","article_publisher":"https:\/\/www.facebook.com\/wirmachenauf","article_published_time":"2025-10-08T19:39:54+00:00","og_image":[{"url":"https:\/\/now-news.de\/de\/wp-content\/uploads\/sites\/3\/2025\/10\/68e6438c48fbef529e75e6e3.jpg"}],"author":"rtnews","twitter_card":"summary_large_image","twitter_creator":"@WirMachenAuf_de","twitter_site":"@WirMachenAuf_de","twitter_misc":{"Verfasst von":"rtnews","Gesch\u00e4tzte Lesezeit":"2\u00a0Minuten"},"schema":{"@context":"https:\/\/schema.org","@graph":[{"@type":"Article","@id":"https:\/\/now-news.de\/de\/deutschland\/erdogan-fordert-wiederaufnahme-der-tuerkei-in-f-35-programm\/#article","isPartOf":{"@id":"https:\/\/now-news.de\/de\/deutschland\/erdogan-fordert-wiederaufnahme-der-tuerkei-in-f-35-programm\/"},"author":{"name":"rtnews","@id":"https:\/\/now-news.de\/de\/#\/schema\/person\/fb534a4e865501d8b3285208df34a9b5"},"headline":"Erdo\u011fan fordert Wiederaufnahme der T\u00fcrkei in F-35-Programm","datePublished":"2025-10-08T19:39:54+00:00","dateModified":"2025-10-08T19:39:54+00:00","mainEntityOfPage":{"@id":"https:\/\/now-news.de\/de\/deutschland\/erdogan-fordert-wiederaufnahme-der-tuerkei-in-f-35-programm\/"},"wordCount":367,"commentCount":0,"publisher":{"@id":"https:\/\/now-news.de\/de\/#organization"},"image":{"@id":"https:\/\/now-news.de\/de\/deutschland\/erdogan-fordert-wiederaufnahme-der-tuerkei-in-f-35-programm\/#primaryimage"},"thumbnailUrl":"https:\/\/now-news.de\/de\/wp-content\/uploads\/sites\/3\/2025\/10\/Erdogan-fordert-Wiederaufnahme-der-Tuerkei-in-F-35-Programm.jpg","keywords":["der","Erdo\u011fan","F35Programm","fordert","T\u00fcrkei","Wiederaufnahme"],"articleSection":["Deutschland","Russland"],"inLanguage":"de","potentialAction":[{"@type":"CommentAction","name":"Comment","target":["https:\/\/now-news.de\/de\/deutschland\/erdogan-fordert-wiederaufnahme-der-tuerkei-in-f-35-programm\/#respond"]}]},{"@type":"WebPage","@id":"https:\/\/now-news.de\/de\/deutschland\/erdogan-fordert-wiederaufnahme-der-tuerkei-in-f-35-programm\/","url":"https:\/\/now-news.de\/de\/deutschland\/erdogan-fordert-wiederaufnahme-der-tuerkei-in-f-35-programm\/","name":"Erdo\u011fan fordert Wiederaufnahme der T\u00fcrkei in F-35-Programm - just-now.NEWS Deutschland","isPartOf":{"@id":"https:\/\/now-news.de\/de\/#website"},"primaryImageOfPage":{"@id":"https:\/\/now-news.de\/de\/deutschland\/erdogan-fordert-wiederaufnahme-der-tuerkei-in-f-35-programm\/#primaryimage"},"image":{"@id":"https:\/\/now-news.de\/de\/deutschland\/erdogan-fordert-wiederaufnahme-der-tuerkei-in-f-35-programm\/#primaryimage"},"thumbnailUrl":"https:\/\/now-news.de\/de\/wp-content\/uploads\/sites\/3\/2025\/10\/Erdogan-fordert-Wiederaufnahme-der-Tuerkei-in-F-35-Programm.jpg","datePublished":"2025-10-08T19:39:54+00:00","dateModified":"2025-10-08T19:39:54+00:00","breadcrumb":{"@id":"https:\/\/now-news.de\/de\/deutschland\/erdogan-fordert-wiederaufnahme-der-tuerkei-in-f-35-programm\/#breadcrumb"},"inLanguage":"de","potentialAction":[{"@type":"ReadAction","target":["https:\/\/now-news.de\/de\/deutschland\/erdogan-fordert-wiederaufnahme-der-tuerkei-in-f-35-programm\/"]}]},{"@type":"ImageObject","inLanguage":"de","@id":"https:\/\/now-news.de\/de\/deutschland\/erdogan-fordert-wiederaufnahme-der-tuerkei-in-f-35-programm\/#primaryimage","url":"https:\/\/now-news.de\/de\/wp-content\/uploads\/sites\/3\/2025\/10\/Erdogan-fordert-Wiederaufnahme-der-Tuerkei-in-F-35-Programm.jpg","contentUrl":"https:\/\/now-news.de\/de\/wp-content\/uploads\/sites\/3\/2025\/10\/Erdogan-fordert-Wiederaufnahme-der-Tuerkei-in-F-35-Programm.jpg","width":460,"height":259,"caption":"Erdo\u011fan fordert Wiederaufnahme der T\u00fcrkei in F-35-Programm"},{"@type":"BreadcrumbList","@id":"https:\/\/now-news.de\/de\/deutschland\/erdogan-fordert-wiederaufnahme-der-tuerkei-in-f-35-programm\/#breadcrumb","itemListElement":[{"@type":"ListItem","position":1,"name":"Home","item":"https:\/\/now-news.de\/de\/"},{"@type":"ListItem","position":2,"name":"Erdo\u011fan fordert Wiederaufnahme der T\u00fcrkei in F-35-Programm"}]},{"@type":"WebSite","@id":"https:\/\/now-news.de\/de\/#website","url":"https:\/\/now-news.de\/de\/","name":"just-now.NEWS Deutschland","description":"Das Portal f\u00fcr unzensierte Nachrichten aus der Welt","publisher":{"@id":"https:\/\/now-news.de\/de\/#organization"},"potentialAction":[{"@type":"SearchAction","target":{"@type":"EntryPoint","urlTemplate":"https:\/\/now-news.de\/de\/?s={search_term_string}"},"query-input":"required name=search_term_string"}],"inLanguage":"de"},{"@type":"Organization","@id":"https:\/\/now-news.de\/de\/#organization","name":"Just Now News","url":"https:\/\/now-news.de\/de\/","logo":{"@type":"ImageObject","inLanguage":"de","@id":"https:\/\/now-news.de\/de\/#\/schema\/logo\/image\/","url":"http:\/\/just-now.news\/de\/wp-content\/uploads\/sites\/3\/2022\/04\/logo500x500.jpg","contentUrl":"http:\/\/just-now.news\/de\/wp-content\/uploads\/sites\/3\/2022\/04\/logo500x500.jpg","width":500,"height":500,"caption":"Just Now News"},"image":{"@id":"https:\/\/now-news.de\/de\/#\/schema\/logo\/image\/"},"sameAs":["https:\/\/www.facebook.com\/wirmachenauf","https:\/\/x.com\/WirMachenAuf_de"]},{"@type":"Person","@id":"https:\/\/now-news.de\/de\/#\/schema\/person\/fb534a4e865501d8b3285208df34a9b5","name":"rtnews","image":{"@type":"ImageObject","inLanguage":"de","@id":"https:\/\/now-news.de\/de\/#\/schema\/person\/image\/","url":"https:\/\/secure.gravatar.com\/avatar\/82aafea7d8127119dd649515f56e2117?s=96&d=mm&r=g","contentUrl":"https:\/\/secure.gravatar.com\/avatar\/82aafea7d8127119dd649515f56e2117?s=96&d=mm&r=g","caption":"rtnews"},"url":"https:\/\/now-news.de\/de\/author\/rnews\/"}]}},"_links":{"self":[{"href":"https:\/\/now-news.de\/de\/wp-json\/wp\/v2\/posts\/91908"}],"collection":[{"href":"https:\/\/now-news.de\/de\/wp-json\/wp\/v2\/posts"}],"about":[{"href":"https:\/\/now-news.de\/de\/wp-json\/wp\/v2\/types\/post"}],"author":[{"embeddable":true,"href":"https:\/\/now-news.de\/de\/wp-json\/wp\/v2\/users\/3"}],"replies":[{"embeddable":true,"href":"https:\/\/now-news.de\/de\/wp-json\/wp\/v2\/comments?post=91908"}],"version-history":[{"count":0,"href":"https:\/\/now-news.de\/de\/wp-json\/wp\/v2\/posts\/91908\/revisions"}],"wp:featuredmedia":[{"embeddable":true,"href":"https:\/\/now-news.de\/de\/wp-json\/wp\/v2\/media\/91909"}],"wp:attachment":[{"href":"https:\/\/now-news.de\/de\/wp-json\/wp\/v2\/media?parent=91908"}],"wp:term":[{"taxonomy":"category","embeddable":true,"href":"https:\/\/now-news.de\/de\/wp-json\/wp\/v2\/categories?post=91908"},{"taxonomy":"post_tag","embeddable":true,"href":"https:\/\/now-news.de\/de\/wp-json\/wp\/v2\/tags?post=91908"}],"curies":[{"name":"wp","href":"https:\/\/api.w.org\/{rel}","templated":true}]}}