{"id":91906,"date":"2025-10-08T21:53:40","date_gmt":"2025-10-08T19:53:40","guid":{"rendered":"https:\/\/now-news.de\/de\/deutschland\/keine-wahlen-in-der-ukraine-bis-zur-aufhebung-des-kriegsrechts-auch-nicht-auf-lokaler-ebene\/"},"modified":"2025-10-08T21:53:40","modified_gmt":"2025-10-08T19:53:40","slug":"keine-wahlen-in-der-ukraine-bis-zur-aufhebung-des-kriegsrechts-auch-nicht-auf-lokaler-ebene","status":"publish","type":"post","link":"https:\/\/now-news.de\/de\/deutschland\/keine-wahlen-in-der-ukraine-bis-zur-aufhebung-des-kriegsrechts-auch-nicht-auf-lokaler-ebene\/","title":{"rendered":"Keine Wahlen in der Ukraine bis zur Aufhebung des Kriegsrechts \u2013 auch nicht auf lokaler Ebene"},"content":{"rendered":"<p><img decoding=\"async\" src=\"https:\/\/now-news.de\/de\/wp-content\/uploads\/sites\/3\/2025\/10\/68e6c01c48fbef0bbf223138.jpg\" \/><\/p>\n<div class=\"Text-root Text-type_1 \">\n                Der politische Stillstand in der Ukraine wurde erneut verl\u00e4ngert: Die Befugnisse der gew\u00e4hlten, derzeit noch amtierenden politischen Amtstr\u00e4ger in der Ukraine wurden bis nach Aufhebung des Kriegsrechts ausgedehnt. Doch die Legitimit\u00e4t der politischen Entscheidungstr\u00e4ger ger\u00e4t zunehmend unter Druck.\n            <\/div>\n<p><\/p>\n<div class=\"Text-root Text-type_5 ArticleView-text ViewText-root \">\n<p>Die Abgeordneten der ukrainischen Rada haben beschlossen, alle Kommunalwahlen zu verschieben und die Befugnisse der Regionalvertretungen und Amtstr\u00e4ger zu verl\u00e4ngern, bis das Kriegsrecht im Land aufgehoben wird. Zuvor hatte Wladimir Selenskij die Pr\u00e4sidentschafts- und Parlamentswahlen wiederholt verschoben.<\/p>\n<p>Die Kommunalwahlen in der Ukraine sollten eigentlich am 26. Oktober stattfinden. Der Rada-Abgeordnete Jaroslaw Schelesnjak gab jedoch am Mittwoch bekannt, dass das Parlament einen Beschluss gefasst habe, der offiziell anerkennt, dass es unm\u00f6glich ist, w\u00e4hrend des Krieges Wahlen abzuhalten. Der Beschluss wurde mit 308 Ja-Stimmen, keiner Nein-Stimme und einer Enthaltung angenommen. Der Rada geh\u00f6ren nominell 450 Abgeordnete an.<\/p>\n<p>&#8220;Einfach gesagt, wird es im Oktober 2025 keine Kommunalwahlen geben&#8221;, schrieb er auf Telegram und begr\u00fcndete dies mit der \u2013 vermeintlichen oder tats\u00e4chlichen \u2013 Unm\u00f6glichkeit, demokratische Standards und die Sicherheit der W\u00e4hler zu garantieren.<\/p>\n<p>Die Resolution der Werchowna Rada macht Russland f\u00fcr die Unm\u00f6glichkeit der Durchf\u00fchrung von Wahlen verantwortlich und erkl\u00e4rt, dass die Parlamente auf lokaler und regionaler Ebene sowie die B\u00fcrgermeister bis zur Aufhebung des Kriegsrechts im Amt bleiben. Die Entschlie\u00dfung der Rada bekr\u00e4ftigt, dass eine Entscheidung \u00fcber neue Kommunalwahlen nach Beendigung des Konflikts in \u00dcbereinstimmung mit der Verfassung, dem Wahlgesetz und den Gesetzen der Ukraine getroffen werden soll.<\/p>\n<p>Das Kriegsrecht und die allgemeine Mobilmachung wurden in der Ukraine erstmals im Februar 2022 verh\u00e4ngt und seitdem mehrfach verl\u00e4ngert.<\/p>\n<p>Selenskij hat die Verschiebung sowohl der Pr\u00e4sidentschafts- als auch der Parlamentswahlen mit der anhaltenden kriegerischen Auseinandersetzung begr\u00fcndet. Obwohl seine Amtszeit als Pr\u00e4sident offiziell bereits im Mai 2024 abgelaufen war, ist er weiter im Amt und begr\u00fcndet dies damit, dass unter Kriegsrecht keine Wahlen abgehalten werden k\u00f6nnen.<\/p>\n<p>Moskau ist dagegen der Auffassung, dass Selenskij seine Legitimit\u00e4t verloren habe, und wirft ihm vor, die Abhaltung von Wahlen zu verweigern, um sich an der Macht zu halten. Russische Regierungsvertreter argumentieren, dass die derzeitige ukrainische F\u00fchrung nicht mehr die B\u00fcrger des Landes repr\u00e4sentiere und jedes unter Selenskij unterzeichnete Friedensabkommen keine Rechtsg\u00fcltigkeit habe, da es sp\u00e4ter von einer neuen Regierung in Kiew angefochten werden k\u00f6nnte.<\/p>\n<p><strong>Mehr zum Thema<\/strong> &#8211;\u00a0<a rel=\"nofollow noopener\" target=\"_blank\" href=\"https:\/\/freedert.online\/meinung\/258283-selenskijs-neuer-chuzpa-weltrekord\/\">Selenskijs neuer Chuzpe-Weltrekord<\/a><\/p>\n<div class=\"EmbedBlock-root EmbedBlock-externalVideo EmbedBlock-rumble\">\n<div class=\"VkEmbed\"><iframe class=\"lazyload\" data-src=\"https:\/\/rumble.com\/embed\/v6xuaq8\" frameborder=\"0\" width=\"853\" height=\"480\" allowfullscreen><\/iframe><\/div>\n<\/div>\n<\/div>\n<p><br \/>\n<br \/><a href=\"https:\/\/de.rt.com\/international\/258307-keine-wahlen-in-ukraine-bis\/\">Source link <\/a><\/p>\n","protected":false},"excerpt":{"rendered":"<p>Der politische Stillstand in der Ukraine wurde erneut verl\u00e4ngert: Die Befugnisse der gew\u00e4hlten, derzeit noch amtierenden politischen Amtstr\u00e4ger in der Ukraine wurden bis nach Aufhebung des Kriegsrechts ausgedehnt. Doch die Legitimit\u00e4t der politischen Entscheidungstr\u00e4ger ger\u00e4t zunehmend unter Druck. Die Abgeordneten der ukrainischen Rada haben beschlossen, alle Kommunalwahlen zu verschieben und die Befugnisse der Regionalvertretungen und [&hellip;]<\/p>\n","protected":false},"author":3,"featured_media":91907,"comment_status":"open","ping_status":"open","sticky":false,"template":"","format":"standard","meta":{"_yoast_indexnow_last_ping":["1759953350"],"wp_automatic_camp":["217"],"91d5c8584cdb518d5b15c1e83fa08aad":["Keine Wahlen in der Ukraine bis zur Aufhebung des Kriegsrechts \u2013 auch nicht auf lokaler Ebene"],"original_link":["https:\/\/de.rt.com\/international\/258307-keine-wahlen-in-ukraine-bis\/"],"_thumbnail_id":["91907"],"jnews_social_counter_last_update":["1777624397"],"_wptgpro_p2tg_sent2tg":["a:1:{i:23737;s:19:\"2025-10-08 21:56:48\";}"]},"categories":[19,23],"tags":[1475,133,7591,843,82,583,38148,375,34627,31746,800,127,2576,581],"yoast_head":"<!-- This site is optimized with the Yoast SEO Premium plugin v22.7 (Yoast SEO v22.7) - https:\/\/yoast.com\/wordpress\/plugins\/seo\/ -->\n<title>Keine Wahlen in der Ukraine bis zur Aufhebung des Kriegsrechts \u2013 auch nicht auf lokaler Ebene - just-now.NEWS Deutschland<\/title>\n<meta name=\"robots\" content=\"index, follow, max-snippet:-1, max-image-preview:large, max-video-preview:-1\" \/>\n<link rel=\"canonical\" href=\"https:\/\/now-news.de\/de\/deutschland\/keine-wahlen-in-der-ukraine-bis-zur-aufhebung-des-kriegsrechts-auch-nicht-auf-lokaler-ebene\/\" \/>\n<meta property=\"og:locale\" content=\"de_DE\" \/>\n<meta property=\"og:type\" content=\"article\" \/>\n<meta property=\"og:title\" content=\"Keine Wahlen in der Ukraine bis zur Aufhebung des Kriegsrechts \u2013 auch nicht auf lokaler Ebene\" \/>\n<meta property=\"og:description\" content=\"Der politische Stillstand in der Ukraine wurde erneut verl\u00e4ngert: Die Befugnisse der gew\u00e4hlten, derzeit noch amtierenden politischen Amtstr\u00e4ger in der Ukraine wurden bis nach Aufhebung des Kriegsrechts ausgedehnt. Doch die Legitimit\u00e4t der politischen Entscheidungstr\u00e4ger ger\u00e4t zunehmend unter Druck. Die Abgeordneten der ukrainischen Rada haben beschlossen, alle Kommunalwahlen zu verschieben und die Befugnisse der Regionalvertretungen und [&hellip;]\" \/>\n<meta property=\"og:url\" content=\"https:\/\/now-news.de\/de\/deutschland\/keine-wahlen-in-der-ukraine-bis-zur-aufhebung-des-kriegsrechts-auch-nicht-auf-lokaler-ebene\/\" \/>\n<meta property=\"og:site_name\" content=\"just-now.NEWS Deutschland\" \/>\n<meta property=\"article:publisher\" content=\"https:\/\/www.facebook.com\/wirmachenauf\" \/>\n<meta property=\"article:published_time\" content=\"2025-10-08T19:53:40+00:00\" \/>\n<meta property=\"og:image\" content=\"https:\/\/now-news.de\/de\/wp-content\/uploads\/sites\/3\/2025\/10\/68e6c01c48fbef0bbf223138.jpg\" \/>\n<meta name=\"author\" content=\"rtnews\" \/>\n<meta name=\"twitter:card\" content=\"summary_large_image\" \/>\n<meta name=\"twitter:creator\" content=\"@WirMachenAuf_de\" \/>\n<meta name=\"twitter:site\" content=\"@WirMachenAuf_de\" \/>\n<meta name=\"twitter:label1\" content=\"Verfasst von\" \/>\n\t<meta name=\"twitter:data1\" content=\"rtnews\" \/>\n\t<meta name=\"twitter:label2\" content=\"Gesch\u00e4tzte Lesezeit\" \/>\n\t<meta name=\"twitter:data2\" content=\"2\u00a0Minuten\" \/>\n<script type=\"application\/ld+json\" class=\"yoast-schema-graph\">{\"@context\":\"https:\/\/schema.org\",\"@graph\":[{\"@type\":\"Article\",\"@id\":\"https:\/\/now-news.de\/de\/deutschland\/keine-wahlen-in-der-ukraine-bis-zur-aufhebung-des-kriegsrechts-auch-nicht-auf-lokaler-ebene\/#article\",\"isPartOf\":{\"@id\":\"https:\/\/now-news.de\/de\/deutschland\/keine-wahlen-in-der-ukraine-bis-zur-aufhebung-des-kriegsrechts-auch-nicht-auf-lokaler-ebene\/\"},\"author\":{\"name\":\"rtnews\",\"@id\":\"https:\/\/now-news.de\/de\/#\/schema\/person\/fb534a4e865501d8b3285208df34a9b5\"},\"headline\":\"Keine Wahlen in der Ukraine bis zur Aufhebung des Kriegsrechts \u2013 auch nicht auf lokaler Ebene\",\"datePublished\":\"2025-10-08T19:53:40+00:00\",\"dateModified\":\"2025-10-08T19:53:40+00:00\",\"mainEntityOfPage\":{\"@id\":\"https:\/\/now-news.de\/de\/deutschland\/keine-wahlen-in-der-ukraine-bis-zur-aufhebung-des-kriegsrechts-auch-nicht-auf-lokaler-ebene\/\"},\"wordCount\":416,\"commentCount\":0,\"publisher\":{\"@id\":\"https:\/\/now-news.de\/de\/#organization\"},\"image\":{\"@id\":\"https:\/\/now-news.de\/de\/deutschland\/keine-wahlen-in-der-ukraine-bis-zur-aufhebung-des-kriegsrechts-auch-nicht-auf-lokaler-ebene\/#primaryimage\"},\"thumbnailUrl\":\"https:\/\/now-news.de\/de\/wp-content\/uploads\/sites\/3\/2025\/10\/Keine-Wahlen-in-der-Ukraine-bis-zur-Aufhebung-des-Kriegsrechts.jpg\",\"keywords\":[\"auch\",\"AUF\",\"Aufhebung\",\"bis\",\"der\",\"des\",\"Ebene\",\"keine\",\"Kriegsrechts\",\"lokaler\",\"nicht\",\"ukraine\",\"Wahlen\",\"zur\"],\"articleSection\":[\"Deutschland\",\"Russland\"],\"inLanguage\":\"de\",\"potentialAction\":[{\"@type\":\"CommentAction\",\"name\":\"Comment\",\"target\":[\"https:\/\/now-news.de\/de\/deutschland\/keine-wahlen-in-der-ukraine-bis-zur-aufhebung-des-kriegsrechts-auch-nicht-auf-lokaler-ebene\/#respond\"]}]},{\"@type\":\"WebPage\",\"@id\":\"https:\/\/now-news.de\/de\/deutschland\/keine-wahlen-in-der-ukraine-bis-zur-aufhebung-des-kriegsrechts-auch-nicht-auf-lokaler-ebene\/\",\"url\":\"https:\/\/now-news.de\/de\/deutschland\/keine-wahlen-in-der-ukraine-bis-zur-aufhebung-des-kriegsrechts-auch-nicht-auf-lokaler-ebene\/\",\"name\":\"Keine Wahlen in der Ukraine bis zur Aufhebung des Kriegsrechts \u2013 auch nicht auf lokaler Ebene - just-now.NEWS Deutschland\",\"isPartOf\":{\"@id\":\"https:\/\/now-news.de\/de\/#website\"},\"primaryImageOfPage\":{\"@id\":\"https:\/\/now-news.de\/de\/deutschland\/keine-wahlen-in-der-ukraine-bis-zur-aufhebung-des-kriegsrechts-auch-nicht-auf-lokaler-ebene\/#primaryimage\"},\"image\":{\"@id\":\"https:\/\/now-news.de\/de\/deutschland\/keine-wahlen-in-der-ukraine-bis-zur-aufhebung-des-kriegsrechts-auch-nicht-auf-lokaler-ebene\/#primaryimage\"},\"thumbnailUrl\":\"https:\/\/now-news.de\/de\/wp-content\/uploads\/sites\/3\/2025\/10\/Keine-Wahlen-in-der-Ukraine-bis-zur-Aufhebung-des-Kriegsrechts.jpg\",\"datePublished\":\"2025-10-08T19:53:40+00:00\",\"dateModified\":\"2025-10-08T19:53:40+00:00\",\"breadcrumb\":{\"@id\":\"https:\/\/now-news.de\/de\/deutschland\/keine-wahlen-in-der-ukraine-bis-zur-aufhebung-des-kriegsrechts-auch-nicht-auf-lokaler-ebene\/#breadcrumb\"},\"inLanguage\":\"de\",\"potentialAction\":[{\"@type\":\"ReadAction\",\"target\":[\"https:\/\/now-news.de\/de\/deutschland\/keine-wahlen-in-der-ukraine-bis-zur-aufhebung-des-kriegsrechts-auch-nicht-auf-lokaler-ebene\/\"]}]},{\"@type\":\"ImageObject\",\"inLanguage\":\"de\",\"@id\":\"https:\/\/now-news.de\/de\/deutschland\/keine-wahlen-in-der-ukraine-bis-zur-aufhebung-des-kriegsrechts-auch-nicht-auf-lokaler-ebene\/#primaryimage\",\"url\":\"https:\/\/now-news.de\/de\/wp-content\/uploads\/sites\/3\/2025\/10\/Keine-Wahlen-in-der-Ukraine-bis-zur-Aufhebung-des-Kriegsrechts.jpg\",\"contentUrl\":\"https:\/\/now-news.de\/de\/wp-content\/uploads\/sites\/3\/2025\/10\/Keine-Wahlen-in-der-Ukraine-bis-zur-Aufhebung-des-Kriegsrechts.jpg\",\"width\":460,\"height\":259,\"caption\":\"Keine Wahlen in der Ukraine bis zur Aufhebung des Kriegsrechts \u2013 auch nicht auf lokaler Ebene\"},{\"@type\":\"BreadcrumbList\",\"@id\":\"https:\/\/now-news.de\/de\/deutschland\/keine-wahlen-in-der-ukraine-bis-zur-aufhebung-des-kriegsrechts-auch-nicht-auf-lokaler-ebene\/#breadcrumb\",\"itemListElement\":[{\"@type\":\"ListItem\",\"position\":1,\"name\":\"Home\",\"item\":\"https:\/\/now-news.de\/de\/\"},{\"@type\":\"ListItem\",\"position\":2,\"name\":\"Keine Wahlen in der Ukraine bis zur Aufhebung des Kriegsrechts \u2013 auch nicht auf lokaler Ebene\"}]},{\"@type\":\"WebSite\",\"@id\":\"https:\/\/now-news.de\/de\/#website\",\"url\":\"https:\/\/now-news.de\/de\/\",\"name\":\"just-now.NEWS Deutschland\",\"description\":\"Das Portal f\u00fcr unzensierte Nachrichten aus der Welt\",\"publisher\":{\"@id\":\"https:\/\/now-news.de\/de\/#organization\"},\"potentialAction\":[{\"@type\":\"SearchAction\",\"target\":{\"@type\":\"EntryPoint\",\"urlTemplate\":\"https:\/\/now-news.de\/de\/?s={search_term_string}\"},\"query-input\":\"required name=search_term_string\"}],\"inLanguage\":\"de\"},{\"@type\":\"Organization\",\"@id\":\"https:\/\/now-news.de\/de\/#organization\",\"name\":\"Just Now News\",\"url\":\"https:\/\/now-news.de\/de\/\",\"logo\":{\"@type\":\"ImageObject\",\"inLanguage\":\"de\",\"@id\":\"https:\/\/now-news.de\/de\/#\/schema\/logo\/image\/\",\"url\":\"http:\/\/just-now.news\/de\/wp-content\/uploads\/sites\/3\/2022\/04\/logo500x500.jpg\",\"contentUrl\":\"http:\/\/just-now.news\/de\/wp-content\/uploads\/sites\/3\/2022\/04\/logo500x500.jpg\",\"width\":500,\"height\":500,\"caption\":\"Just Now News\"},\"image\":{\"@id\":\"https:\/\/now-news.de\/de\/#\/schema\/logo\/image\/\"},\"sameAs\":[\"https:\/\/www.facebook.com\/wirmachenauf\",\"https:\/\/x.com\/WirMachenAuf_de\"]},{\"@type\":\"Person\",\"@id\":\"https:\/\/now-news.de\/de\/#\/schema\/person\/fb534a4e865501d8b3285208df34a9b5\",\"name\":\"rtnews\",\"image\":{\"@type\":\"ImageObject\",\"inLanguage\":\"de\",\"@id\":\"https:\/\/now-news.de\/de\/#\/schema\/person\/image\/\",\"url\":\"https:\/\/secure.gravatar.com\/avatar\/82aafea7d8127119dd649515f56e2117?s=96&d=mm&r=g\",\"contentUrl\":\"https:\/\/secure.gravatar.com\/avatar\/82aafea7d8127119dd649515f56e2117?s=96&d=mm&r=g\",\"caption\":\"rtnews\"},\"url\":\"https:\/\/now-news.de\/de\/author\/rnews\/\"}]}<\/script>\n<!-- \/ Yoast SEO Premium plugin. -->","yoast_head_json":{"title":"Keine Wahlen in der Ukraine bis zur Aufhebung des Kriegsrechts \u2013 auch nicht auf lokaler Ebene - just-now.NEWS Deutschland","robots":{"index":"index","follow":"follow","max-snippet":"max-snippet:-1","max-image-preview":"max-image-preview:large","max-video-preview":"max-video-preview:-1"},"canonical":"https:\/\/now-news.de\/de\/deutschland\/keine-wahlen-in-der-ukraine-bis-zur-aufhebung-des-kriegsrechts-auch-nicht-auf-lokaler-ebene\/","og_locale":"de_DE","og_type":"article","og_title":"Keine Wahlen in der Ukraine bis zur Aufhebung des Kriegsrechts \u2013 auch nicht auf lokaler Ebene","og_description":"Der politische Stillstand in der Ukraine wurde erneut verl\u00e4ngert: Die Befugnisse der gew\u00e4hlten, derzeit noch amtierenden politischen Amtstr\u00e4ger in der Ukraine wurden bis nach Aufhebung des Kriegsrechts ausgedehnt. Doch die Legitimit\u00e4t der politischen Entscheidungstr\u00e4ger ger\u00e4t zunehmend unter Druck. Die Abgeordneten der ukrainischen Rada haben beschlossen, alle Kommunalwahlen zu verschieben und die Befugnisse der Regionalvertretungen und [&hellip;]","og_url":"https:\/\/now-news.de\/de\/deutschland\/keine-wahlen-in-der-ukraine-bis-zur-aufhebung-des-kriegsrechts-auch-nicht-auf-lokaler-ebene\/","og_site_name":"just-now.NEWS Deutschland","article_publisher":"https:\/\/www.facebook.com\/wirmachenauf","article_published_time":"2025-10-08T19:53:40+00:00","og_image":[{"url":"https:\/\/now-news.de\/de\/wp-content\/uploads\/sites\/3\/2025\/10\/68e6c01c48fbef0bbf223138.jpg"}],"author":"rtnews","twitter_card":"summary_large_image","twitter_creator":"@WirMachenAuf_de","twitter_site":"@WirMachenAuf_de","twitter_misc":{"Verfasst von":"rtnews","Gesch\u00e4tzte Lesezeit":"2\u00a0Minuten"},"schema":{"@context":"https:\/\/schema.org","@graph":[{"@type":"Article","@id":"https:\/\/now-news.de\/de\/deutschland\/keine-wahlen-in-der-ukraine-bis-zur-aufhebung-des-kriegsrechts-auch-nicht-auf-lokaler-ebene\/#article","isPartOf":{"@id":"https:\/\/now-news.de\/de\/deutschland\/keine-wahlen-in-der-ukraine-bis-zur-aufhebung-des-kriegsrechts-auch-nicht-auf-lokaler-ebene\/"},"author":{"name":"rtnews","@id":"https:\/\/now-news.de\/de\/#\/schema\/person\/fb534a4e865501d8b3285208df34a9b5"},"headline":"Keine Wahlen in der Ukraine bis zur Aufhebung des Kriegsrechts \u2013 auch nicht auf lokaler Ebene","datePublished":"2025-10-08T19:53:40+00:00","dateModified":"2025-10-08T19:53:40+00:00","mainEntityOfPage":{"@id":"https:\/\/now-news.de\/de\/deutschland\/keine-wahlen-in-der-ukraine-bis-zur-aufhebung-des-kriegsrechts-auch-nicht-auf-lokaler-ebene\/"},"wordCount":416,"commentCount":0,"publisher":{"@id":"https:\/\/now-news.de\/de\/#organization"},"image":{"@id":"https:\/\/now-news.de\/de\/deutschland\/keine-wahlen-in-der-ukraine-bis-zur-aufhebung-des-kriegsrechts-auch-nicht-auf-lokaler-ebene\/#primaryimage"},"thumbnailUrl":"https:\/\/now-news.de\/de\/wp-content\/uploads\/sites\/3\/2025\/10\/Keine-Wahlen-in-der-Ukraine-bis-zur-Aufhebung-des-Kriegsrechts.jpg","keywords":["auch","AUF","Aufhebung","bis","der","des","Ebene","keine","Kriegsrechts","lokaler","nicht","ukraine","Wahlen","zur"],"articleSection":["Deutschland","Russland"],"inLanguage":"de","potentialAction":[{"@type":"CommentAction","name":"Comment","target":["https:\/\/now-news.de\/de\/deutschland\/keine-wahlen-in-der-ukraine-bis-zur-aufhebung-des-kriegsrechts-auch-nicht-auf-lokaler-ebene\/#respond"]}]},{"@type":"WebPage","@id":"https:\/\/now-news.de\/de\/deutschland\/keine-wahlen-in-der-ukraine-bis-zur-aufhebung-des-kriegsrechts-auch-nicht-auf-lokaler-ebene\/","url":"https:\/\/now-news.de\/de\/deutschland\/keine-wahlen-in-der-ukraine-bis-zur-aufhebung-des-kriegsrechts-auch-nicht-auf-lokaler-ebene\/","name":"Keine Wahlen in der Ukraine bis zur Aufhebung des Kriegsrechts \u2013 auch nicht auf lokaler Ebene - just-now.NEWS Deutschland","isPartOf":{"@id":"https:\/\/now-news.de\/de\/#website"},"primaryImageOfPage":{"@id":"https:\/\/now-news.de\/de\/deutschland\/keine-wahlen-in-der-ukraine-bis-zur-aufhebung-des-kriegsrechts-auch-nicht-auf-lokaler-ebene\/#primaryimage"},"image":{"@id":"https:\/\/now-news.de\/de\/deutschland\/keine-wahlen-in-der-ukraine-bis-zur-aufhebung-des-kriegsrechts-auch-nicht-auf-lokaler-ebene\/#primaryimage"},"thumbnailUrl":"https:\/\/now-news.de\/de\/wp-content\/uploads\/sites\/3\/2025\/10\/Keine-Wahlen-in-der-Ukraine-bis-zur-Aufhebung-des-Kriegsrechts.jpg","datePublished":"2025-10-08T19:53:40+00:00","dateModified":"2025-10-08T19:53:40+00:00","breadcrumb":{"@id":"https:\/\/now-news.de\/de\/deutschland\/keine-wahlen-in-der-ukraine-bis-zur-aufhebung-des-kriegsrechts-auch-nicht-auf-lokaler-ebene\/#breadcrumb"},"inLanguage":"de","potentialAction":[{"@type":"ReadAction","target":["https:\/\/now-news.de\/de\/deutschland\/keine-wahlen-in-der-ukraine-bis-zur-aufhebung-des-kriegsrechts-auch-nicht-auf-lokaler-ebene\/"]}]},{"@type":"ImageObject","inLanguage":"de","@id":"https:\/\/now-news.de\/de\/deutschland\/keine-wahlen-in-der-ukraine-bis-zur-aufhebung-des-kriegsrechts-auch-nicht-auf-lokaler-ebene\/#primaryimage","url":"https:\/\/now-news.de\/de\/wp-content\/uploads\/sites\/3\/2025\/10\/Keine-Wahlen-in-der-Ukraine-bis-zur-Aufhebung-des-Kriegsrechts.jpg","contentUrl":"https:\/\/now-news.de\/de\/wp-content\/uploads\/sites\/3\/2025\/10\/Keine-Wahlen-in-der-Ukraine-bis-zur-Aufhebung-des-Kriegsrechts.jpg","width":460,"height":259,"caption":"Keine Wahlen in der Ukraine bis zur Aufhebung des Kriegsrechts \u2013 auch nicht auf lokaler Ebene"},{"@type":"BreadcrumbList","@id":"https:\/\/now-news.de\/de\/deutschland\/keine-wahlen-in-der-ukraine-bis-zur-aufhebung-des-kriegsrechts-auch-nicht-auf-lokaler-ebene\/#breadcrumb","itemListElement":[{"@type":"ListItem","position":1,"name":"Home","item":"https:\/\/now-news.de\/de\/"},{"@type":"ListItem","position":2,"name":"Keine Wahlen in der Ukraine bis zur Aufhebung des Kriegsrechts \u2013 auch nicht auf lokaler Ebene"}]},{"@type":"WebSite","@id":"https:\/\/now-news.de\/de\/#website","url":"https:\/\/now-news.de\/de\/","name":"just-now.NEWS Deutschland","description":"Das Portal f\u00fcr unzensierte Nachrichten aus der Welt","publisher":{"@id":"https:\/\/now-news.de\/de\/#organization"},"potentialAction":[{"@type":"SearchAction","target":{"@type":"EntryPoint","urlTemplate":"https:\/\/now-news.de\/de\/?s={search_term_string}"},"query-input":"required name=search_term_string"}],"inLanguage":"de"},{"@type":"Organization","@id":"https:\/\/now-news.de\/de\/#organization","name":"Just Now News","url":"https:\/\/now-news.de\/de\/","logo":{"@type":"ImageObject","inLanguage":"de","@id":"https:\/\/now-news.de\/de\/#\/schema\/logo\/image\/","url":"http:\/\/just-now.news\/de\/wp-content\/uploads\/sites\/3\/2022\/04\/logo500x500.jpg","contentUrl":"http:\/\/just-now.news\/de\/wp-content\/uploads\/sites\/3\/2022\/04\/logo500x500.jpg","width":500,"height":500,"caption":"Just Now News"},"image":{"@id":"https:\/\/now-news.de\/de\/#\/schema\/logo\/image\/"},"sameAs":["https:\/\/www.facebook.com\/wirmachenauf","https:\/\/x.com\/WirMachenAuf_de"]},{"@type":"Person","@id":"https:\/\/now-news.de\/de\/#\/schema\/person\/fb534a4e865501d8b3285208df34a9b5","name":"rtnews","image":{"@type":"ImageObject","inLanguage":"de","@id":"https:\/\/now-news.de\/de\/#\/schema\/person\/image\/","url":"https:\/\/secure.gravatar.com\/avatar\/82aafea7d8127119dd649515f56e2117?s=96&d=mm&r=g","contentUrl":"https:\/\/secure.gravatar.com\/avatar\/82aafea7d8127119dd649515f56e2117?s=96&d=mm&r=g","caption":"rtnews"},"url":"https:\/\/now-news.de\/de\/author\/rnews\/"}]}},"_links":{"self":[{"href":"https:\/\/now-news.de\/de\/wp-json\/wp\/v2\/posts\/91906"}],"collection":[{"href":"https:\/\/now-news.de\/de\/wp-json\/wp\/v2\/posts"}],"about":[{"href":"https:\/\/now-news.de\/de\/wp-json\/wp\/v2\/types\/post"}],"author":[{"embeddable":true,"href":"https:\/\/now-news.de\/de\/wp-json\/wp\/v2\/users\/3"}],"replies":[{"embeddable":true,"href":"https:\/\/now-news.de\/de\/wp-json\/wp\/v2\/comments?post=91906"}],"version-history":[{"count":0,"href":"https:\/\/now-news.de\/de\/wp-json\/wp\/v2\/posts\/91906\/revisions"}],"wp:featuredmedia":[{"embeddable":true,"href":"https:\/\/now-news.de\/de\/wp-json\/wp\/v2\/media\/91907"}],"wp:attachment":[{"href":"https:\/\/now-news.de\/de\/wp-json\/wp\/v2\/media?parent=91906"}],"wp:term":[{"taxonomy":"category","embeddable":true,"href":"https:\/\/now-news.de\/de\/wp-json\/wp\/v2\/categories?post=91906"},{"taxonomy":"post_tag","embeddable":true,"href":"https:\/\/now-news.de\/de\/wp-json\/wp\/v2\/tags?post=91906"}],"curies":[{"name":"wp","href":"https:\/\/api.w.org\/{rel}","templated":true}]}}