{"id":91900,"date":"2025-10-08T20:53:22","date_gmt":"2025-10-08T18:53:22","guid":{"rendered":"https:\/\/now-news.de\/de\/deutschland\/messerangriff-in-herdecke-stalzer-nennt-adoptivtochter-als-taeterin\/"},"modified":"2025-10-08T20:53:22","modified_gmt":"2025-10-08T18:53:22","slug":"messerangriff-in-herdecke-stalzer-nennt-adoptivtochter-als-taeterin","status":"publish","type":"post","link":"https:\/\/now-news.de\/de\/deutschland\/messerangriff-in-herdecke-stalzer-nennt-adoptivtochter-als-taeterin\/","title":{"rendered":"Messerangriff in Herdecke: Stalzer nennt Adoptivtochter als T\u00e4terin"},"content":{"rendered":"<p><img decoding=\"async\" src=\"https:\/\/now-news.de\/de\/wp-content\/uploads\/sites\/3\/2025\/10\/68e6aee748fbef55e123ef20.jpg\" \/><\/p>\n<div class=\"Text-root Text-type_1 \">\n                Der Messerangriff auf die frisch gew\u00e4hlte B\u00fcrgermeisterin von Herdecke, Ines Stalzer (SPD), hatte offenbar keinen politischen Hintergrund. Die Kommunalpolitikerin ist wieder bei Bewusstsein und hat ihre 17 Jahre alte Adoptivtochter als T\u00e4terin benannt, wie die Polizei am Mittwoch bekanntgab.\n            <\/div>\n<p><\/p>\n<div class=\"Text-root Text-type_5 ArticleView-text ViewText-root \">\n<p>Bei der Messerattacke auf die designierte SPD-B\u00fcrgermeisterin von Herdecke, Iris Stalzer, handelt es sich offenbar um eine Tat mit famili\u00e4rem Hintergrund. Wie die Polizei am Mittwoch auf einer Pressekonferenz mitteilte, hat Stalzer in der inzwischen erfolgten Vernehmung ihre 17 Jahre alte Adoptivtochter als T\u00e4terin benannt.<\/p>\n<p>Der Messerangriff habe sich im Keller des Wohnhauses der Familie ereignet, Spuren au\u00dferhalb des Hauses habe es nicht gegeben. Stalzer habe sich verletzt aus dem Keller ins Erdgeschoss geschleppt, wo sie von den Einsatzkr\u00e4ften sp\u00e4ter in einem Sessel liegend und bewusstlos aufgefunden wurde.<\/p>\n<p>Die Angaben des 15 Jahre alten Adoptivsohns von Stalzer, wonach mehrere Angreifer von au\u00dfen in das Haus eingedrungen sein sollen, waren offenbar frei erfunden, um die Schwester zu sch\u00fctzen. Die Berichterstattung unmittelbar nach der Tat st\u00fctzte sich auf diese Angaben. Die Siebzehnj\u00e4hrige war es aber auch, die den Rettungsdienst anrief und im Notruf von einem Raub\u00fcberfall sprach.<\/p>\n<p>Laut Oberstaatsanwalt Bernd Halldorn, der die Ermittlungen leitet und ebenfalls an der Pressekonferenz am Mittwoch teilnahm, gehen die Ermittler nach den Spuren am Tatort davon aus, dass die Tochter f\u00fcr die Verletzungen verantwortlich ist. Rechtlich gehe er mittlerweile von einer &#8220;gef\u00e4hrlichen K\u00f6rperverletzung&#8221; aus, nicht mehr von versuchtem Mord. Untersuchungshaft gegen die nunmehr tatverd\u00e4chtige Jugendliche werde es nicht geben. Beide Adoptivkinder werden dem Jugendamt \u00fcbergeben, das entscheidet, wie es weitergeht.<\/p>\n<p>Beide Adoptivkinder sollen vor der Tat polizeibekannt gewesen sein. Einzelheiten dazu wurden nicht mitgeteilt.<\/p>\n<p>Stalzer selbst ist inzwischen wieder bei Bewusstsein und konnte Angaben zum Tathergang machen. Laut der Polizei ist sie nicht mehr in Lebensgefahr. Die 57-j\u00e4hrige Kommunalpolitikerin war am Dienstag in ihrem Haus mit mehreren Messerstichen niedergestochen worden.<\/p>\n<p><strong>Mehr zum Thema<\/strong> \u2013 <a rel=\"nofollow noopener\" target=\"_blank\" href=\"https:\/\/freedert.online\/inland\/258132-herdecke-spd-buergermeisterin-vor-ihrem\">Herdecke: SPD-B\u00fcrgermeisterin niedergestochen<\/a><\/p>\n<div class=\"EmbedBlock-root EmbedBlock-externalVideo EmbedBlock-vk\">\n<div class=\"VkEmbed\"><iframe class=\"lazyload\" data-src=\"https:\/\/vk.com\/video_ext.php?oid=-134310637&amp;id=456285763\" frameborder=\"0\" width=\"853\" height=\"480\" allowfullscreen><\/iframe><\/div>\n<\/div>\n<\/div>\n<p><br \/>\n<br \/><a href=\"https:\/\/de.rt.com\/inland\/258303-messerangriff-in-herdecke-stalzer-nennt\/\">Source link <\/a><\/p>\n","protected":false},"excerpt":{"rendered":"<p>Der Messerangriff auf die frisch gew\u00e4hlte B\u00fcrgermeisterin von Herdecke, Ines Stalzer (SPD), hatte offenbar keinen politischen Hintergrund. Die Kommunalpolitikerin ist wieder bei Bewusstsein und hat ihre 17 Jahre alte Adoptivtochter als T\u00e4terin benannt, wie die Polizei am Mittwoch bekanntgab. Bei der Messerattacke auf die designierte SPD-B\u00fcrgermeisterin von Herdecke, Iris Stalzer, handelt es sich offenbar um [&hellip;]<\/p>\n","protected":false},"author":3,"featured_media":91903,"comment_status":"open","ping_status":"open","sticky":false,"template":"","format":"standard","meta":{"_yoast_indexnow_last_ping":["1759951426"],"wp_automatic_camp":["217"],"47ae5b56ec2726efad20ef161456c3d2":["Messerangriff in Herdecke: Stalzer nennt Adoptivtochter als T\u00e4terin"],"original_link":["https:\/\/de.rt.com\/inland\/258303-messerangriff-in-herdecke-stalzer-nennt\/"],"_thumbnail_id":["91903"],"jnews_social_counter_last_update":["1777355809"],"_wptgpro_p2tg_sent2tg":["a:1:{i:23737;s:19:\"2025-10-08 21:24:48\";}"]},"categories":[19,23],"tags":[68294,273,68258,23954,6986,68292,62204],"yoast_head":"<!-- This site is optimized with the Yoast SEO Premium plugin v22.7 (Yoast SEO v22.7) - https:\/\/yoast.com\/wordpress\/plugins\/seo\/ -->\n<title>Messerangriff in Herdecke: Stalzer nennt Adoptivtochter als T\u00e4terin - just-now.NEWS Deutschland<\/title>\n<meta name=\"robots\" content=\"index, follow, max-snippet:-1, max-image-preview:large, max-video-preview:-1\" \/>\n<link rel=\"canonical\" href=\"https:\/\/now-news.de\/de\/deutschland\/messerangriff-in-herdecke-stalzer-nennt-adoptivtochter-als-taeterin\/\" \/>\n<meta property=\"og:locale\" content=\"de_DE\" \/>\n<meta property=\"og:type\" content=\"article\" \/>\n<meta property=\"og:title\" content=\"Messerangriff in Herdecke: Stalzer nennt Adoptivtochter als T\u00e4terin\" \/>\n<meta property=\"og:description\" content=\"Der Messerangriff auf die frisch gew\u00e4hlte B\u00fcrgermeisterin von Herdecke, Ines Stalzer (SPD), hatte offenbar keinen politischen Hintergrund. Die Kommunalpolitikerin ist wieder bei Bewusstsein und hat ihre 17 Jahre alte Adoptivtochter als T\u00e4terin benannt, wie die Polizei am Mittwoch bekanntgab. Bei der Messerattacke auf die designierte SPD-B\u00fcrgermeisterin von Herdecke, Iris Stalzer, handelt es sich offenbar um [&hellip;]\" \/>\n<meta property=\"og:url\" content=\"https:\/\/now-news.de\/de\/deutschland\/messerangriff-in-herdecke-stalzer-nennt-adoptivtochter-als-taeterin\/\" \/>\n<meta property=\"og:site_name\" content=\"just-now.NEWS Deutschland\" \/>\n<meta property=\"article:publisher\" content=\"https:\/\/www.facebook.com\/wirmachenauf\" \/>\n<meta property=\"article:published_time\" content=\"2025-10-08T18:53:22+00:00\" \/>\n<meta property=\"og:image\" content=\"https:\/\/now-news.de\/de\/wp-content\/uploads\/sites\/3\/2025\/10\/68e6aee748fbef55e123ef20.jpg\" \/>\n<meta name=\"author\" content=\"rtnews\" \/>\n<meta name=\"twitter:card\" content=\"summary_large_image\" \/>\n<meta name=\"twitter:creator\" content=\"@WirMachenAuf_de\" \/>\n<meta name=\"twitter:site\" content=\"@WirMachenAuf_de\" \/>\n<meta name=\"twitter:label1\" content=\"Verfasst von\" \/>\n\t<meta name=\"twitter:data1\" content=\"rtnews\" \/>\n\t<meta name=\"twitter:label2\" content=\"Gesch\u00e4tzte Lesezeit\" \/>\n\t<meta name=\"twitter:data2\" content=\"2\u00a0Minuten\" \/>\n<script type=\"application\/ld+json\" class=\"yoast-schema-graph\">{\"@context\":\"https:\/\/schema.org\",\"@graph\":[{\"@type\":\"Article\",\"@id\":\"https:\/\/now-news.de\/de\/deutschland\/messerangriff-in-herdecke-stalzer-nennt-adoptivtochter-als-taeterin\/#article\",\"isPartOf\":{\"@id\":\"https:\/\/now-news.de\/de\/deutschland\/messerangriff-in-herdecke-stalzer-nennt-adoptivtochter-als-taeterin\/\"},\"author\":{\"name\":\"rtnews\",\"@id\":\"https:\/\/now-news.de\/de\/#\/schema\/person\/fb534a4e865501d8b3285208df34a9b5\"},\"headline\":\"Messerangriff in Herdecke: Stalzer nennt Adoptivtochter als T\u00e4terin\",\"datePublished\":\"2025-10-08T18:53:22+00:00\",\"dateModified\":\"2025-10-08T18:53:22+00:00\",\"mainEntityOfPage\":{\"@id\":\"https:\/\/now-news.de\/de\/deutschland\/messerangriff-in-herdecke-stalzer-nennt-adoptivtochter-als-taeterin\/\"},\"wordCount\":338,\"commentCount\":0,\"publisher\":{\"@id\":\"https:\/\/now-news.de\/de\/#organization\"},\"image\":{\"@id\":\"https:\/\/now-news.de\/de\/deutschland\/messerangriff-in-herdecke-stalzer-nennt-adoptivtochter-als-taeterin\/#primaryimage\"},\"thumbnailUrl\":\"https:\/\/now-news.de\/de\/wp-content\/uploads\/sites\/3\/2025\/10\/Messerangriff-in-Herdecke-Stalzer-nennt-Adoptivtochter-als-Taeterin.jpg\",\"keywords\":[\"Adoptivtochter\",\"als\",\"Herdecke\",\"Messerangriff\",\"nennt\",\"Stalzer\",\"T\u00e4terin\"],\"articleSection\":[\"Deutschland\",\"Russland\"],\"inLanguage\":\"de\",\"potentialAction\":[{\"@type\":\"CommentAction\",\"name\":\"Comment\",\"target\":[\"https:\/\/now-news.de\/de\/deutschland\/messerangriff-in-herdecke-stalzer-nennt-adoptivtochter-als-taeterin\/#respond\"]}]},{\"@type\":\"WebPage\",\"@id\":\"https:\/\/now-news.de\/de\/deutschland\/messerangriff-in-herdecke-stalzer-nennt-adoptivtochter-als-taeterin\/\",\"url\":\"https:\/\/now-news.de\/de\/deutschland\/messerangriff-in-herdecke-stalzer-nennt-adoptivtochter-als-taeterin\/\",\"name\":\"Messerangriff in Herdecke: Stalzer nennt Adoptivtochter als T\u00e4terin - just-now.NEWS Deutschland\",\"isPartOf\":{\"@id\":\"https:\/\/now-news.de\/de\/#website\"},\"primaryImageOfPage\":{\"@id\":\"https:\/\/now-news.de\/de\/deutschland\/messerangriff-in-herdecke-stalzer-nennt-adoptivtochter-als-taeterin\/#primaryimage\"},\"image\":{\"@id\":\"https:\/\/now-news.de\/de\/deutschland\/messerangriff-in-herdecke-stalzer-nennt-adoptivtochter-als-taeterin\/#primaryimage\"},\"thumbnailUrl\":\"https:\/\/now-news.de\/de\/wp-content\/uploads\/sites\/3\/2025\/10\/Messerangriff-in-Herdecke-Stalzer-nennt-Adoptivtochter-als-Taeterin.jpg\",\"datePublished\":\"2025-10-08T18:53:22+00:00\",\"dateModified\":\"2025-10-08T18:53:22+00:00\",\"breadcrumb\":{\"@id\":\"https:\/\/now-news.de\/de\/deutschland\/messerangriff-in-herdecke-stalzer-nennt-adoptivtochter-als-taeterin\/#breadcrumb\"},\"inLanguage\":\"de\",\"potentialAction\":[{\"@type\":\"ReadAction\",\"target\":[\"https:\/\/now-news.de\/de\/deutschland\/messerangriff-in-herdecke-stalzer-nennt-adoptivtochter-als-taeterin\/\"]}]},{\"@type\":\"ImageObject\",\"inLanguage\":\"de\",\"@id\":\"https:\/\/now-news.de\/de\/deutschland\/messerangriff-in-herdecke-stalzer-nennt-adoptivtochter-als-taeterin\/#primaryimage\",\"url\":\"https:\/\/now-news.de\/de\/wp-content\/uploads\/sites\/3\/2025\/10\/Messerangriff-in-Herdecke-Stalzer-nennt-Adoptivtochter-als-Taeterin.jpg\",\"contentUrl\":\"https:\/\/now-news.de\/de\/wp-content\/uploads\/sites\/3\/2025\/10\/Messerangriff-in-Herdecke-Stalzer-nennt-Adoptivtochter-als-Taeterin.jpg\",\"width\":460,\"height\":259,\"caption\":\"Messerangriff in Herdecke: Stalzer nennt Adoptivtochter als T\u00e4terin\"},{\"@type\":\"BreadcrumbList\",\"@id\":\"https:\/\/now-news.de\/de\/deutschland\/messerangriff-in-herdecke-stalzer-nennt-adoptivtochter-als-taeterin\/#breadcrumb\",\"itemListElement\":[{\"@type\":\"ListItem\",\"position\":1,\"name\":\"Home\",\"item\":\"https:\/\/now-news.de\/de\/\"},{\"@type\":\"ListItem\",\"position\":2,\"name\":\"Messerangriff in Herdecke: Stalzer nennt Adoptivtochter als T\u00e4terin\"}]},{\"@type\":\"WebSite\",\"@id\":\"https:\/\/now-news.de\/de\/#website\",\"url\":\"https:\/\/now-news.de\/de\/\",\"name\":\"just-now.NEWS Deutschland\",\"description\":\"Das Portal f\u00fcr unzensierte Nachrichten aus der Welt\",\"publisher\":{\"@id\":\"https:\/\/now-news.de\/de\/#organization\"},\"potentialAction\":[{\"@type\":\"SearchAction\",\"target\":{\"@type\":\"EntryPoint\",\"urlTemplate\":\"https:\/\/now-news.de\/de\/?s={search_term_string}\"},\"query-input\":\"required name=search_term_string\"}],\"inLanguage\":\"de\"},{\"@type\":\"Organization\",\"@id\":\"https:\/\/now-news.de\/de\/#organization\",\"name\":\"Just Now News\",\"url\":\"https:\/\/now-news.de\/de\/\",\"logo\":{\"@type\":\"ImageObject\",\"inLanguage\":\"de\",\"@id\":\"https:\/\/now-news.de\/de\/#\/schema\/logo\/image\/\",\"url\":\"http:\/\/just-now.news\/de\/wp-content\/uploads\/sites\/3\/2022\/04\/logo500x500.jpg\",\"contentUrl\":\"http:\/\/just-now.news\/de\/wp-content\/uploads\/sites\/3\/2022\/04\/logo500x500.jpg\",\"width\":500,\"height\":500,\"caption\":\"Just Now News\"},\"image\":{\"@id\":\"https:\/\/now-news.de\/de\/#\/schema\/logo\/image\/\"},\"sameAs\":[\"https:\/\/www.facebook.com\/wirmachenauf\",\"https:\/\/x.com\/WirMachenAuf_de\"]},{\"@type\":\"Person\",\"@id\":\"https:\/\/now-news.de\/de\/#\/schema\/person\/fb534a4e865501d8b3285208df34a9b5\",\"name\":\"rtnews\",\"image\":{\"@type\":\"ImageObject\",\"inLanguage\":\"de\",\"@id\":\"https:\/\/now-news.de\/de\/#\/schema\/person\/image\/\",\"url\":\"https:\/\/secure.gravatar.com\/avatar\/82aafea7d8127119dd649515f56e2117?s=96&d=mm&r=g\",\"contentUrl\":\"https:\/\/secure.gravatar.com\/avatar\/82aafea7d8127119dd649515f56e2117?s=96&d=mm&r=g\",\"caption\":\"rtnews\"},\"url\":\"https:\/\/now-news.de\/de\/author\/rnews\/\"}]}<\/script>\n<!-- \/ Yoast SEO Premium plugin. -->","yoast_head_json":{"title":"Messerangriff in Herdecke: Stalzer nennt Adoptivtochter als T\u00e4terin - just-now.NEWS Deutschland","robots":{"index":"index","follow":"follow","max-snippet":"max-snippet:-1","max-image-preview":"max-image-preview:large","max-video-preview":"max-video-preview:-1"},"canonical":"https:\/\/now-news.de\/de\/deutschland\/messerangriff-in-herdecke-stalzer-nennt-adoptivtochter-als-taeterin\/","og_locale":"de_DE","og_type":"article","og_title":"Messerangriff in Herdecke: Stalzer nennt Adoptivtochter als T\u00e4terin","og_description":"Der Messerangriff auf die frisch gew\u00e4hlte B\u00fcrgermeisterin von Herdecke, Ines Stalzer (SPD), hatte offenbar keinen politischen Hintergrund. Die Kommunalpolitikerin ist wieder bei Bewusstsein und hat ihre 17 Jahre alte Adoptivtochter als T\u00e4terin benannt, wie die Polizei am Mittwoch bekanntgab. Bei der Messerattacke auf die designierte SPD-B\u00fcrgermeisterin von Herdecke, Iris Stalzer, handelt es sich offenbar um [&hellip;]","og_url":"https:\/\/now-news.de\/de\/deutschland\/messerangriff-in-herdecke-stalzer-nennt-adoptivtochter-als-taeterin\/","og_site_name":"just-now.NEWS Deutschland","article_publisher":"https:\/\/www.facebook.com\/wirmachenauf","article_published_time":"2025-10-08T18:53:22+00:00","og_image":[{"url":"https:\/\/now-news.de\/de\/wp-content\/uploads\/sites\/3\/2025\/10\/68e6aee748fbef55e123ef20.jpg"}],"author":"rtnews","twitter_card":"summary_large_image","twitter_creator":"@WirMachenAuf_de","twitter_site":"@WirMachenAuf_de","twitter_misc":{"Verfasst von":"rtnews","Gesch\u00e4tzte Lesezeit":"2\u00a0Minuten"},"schema":{"@context":"https:\/\/schema.org","@graph":[{"@type":"Article","@id":"https:\/\/now-news.de\/de\/deutschland\/messerangriff-in-herdecke-stalzer-nennt-adoptivtochter-als-taeterin\/#article","isPartOf":{"@id":"https:\/\/now-news.de\/de\/deutschland\/messerangriff-in-herdecke-stalzer-nennt-adoptivtochter-als-taeterin\/"},"author":{"name":"rtnews","@id":"https:\/\/now-news.de\/de\/#\/schema\/person\/fb534a4e865501d8b3285208df34a9b5"},"headline":"Messerangriff in Herdecke: Stalzer nennt Adoptivtochter als T\u00e4terin","datePublished":"2025-10-08T18:53:22+00:00","dateModified":"2025-10-08T18:53:22+00:00","mainEntityOfPage":{"@id":"https:\/\/now-news.de\/de\/deutschland\/messerangriff-in-herdecke-stalzer-nennt-adoptivtochter-als-taeterin\/"},"wordCount":338,"commentCount":0,"publisher":{"@id":"https:\/\/now-news.de\/de\/#organization"},"image":{"@id":"https:\/\/now-news.de\/de\/deutschland\/messerangriff-in-herdecke-stalzer-nennt-adoptivtochter-als-taeterin\/#primaryimage"},"thumbnailUrl":"https:\/\/now-news.de\/de\/wp-content\/uploads\/sites\/3\/2025\/10\/Messerangriff-in-Herdecke-Stalzer-nennt-Adoptivtochter-als-Taeterin.jpg","keywords":["Adoptivtochter","als","Herdecke","Messerangriff","nennt","Stalzer","T\u00e4terin"],"articleSection":["Deutschland","Russland"],"inLanguage":"de","potentialAction":[{"@type":"CommentAction","name":"Comment","target":["https:\/\/now-news.de\/de\/deutschland\/messerangriff-in-herdecke-stalzer-nennt-adoptivtochter-als-taeterin\/#respond"]}]},{"@type":"WebPage","@id":"https:\/\/now-news.de\/de\/deutschland\/messerangriff-in-herdecke-stalzer-nennt-adoptivtochter-als-taeterin\/","url":"https:\/\/now-news.de\/de\/deutschland\/messerangriff-in-herdecke-stalzer-nennt-adoptivtochter-als-taeterin\/","name":"Messerangriff in Herdecke: Stalzer nennt Adoptivtochter als T\u00e4terin - just-now.NEWS Deutschland","isPartOf":{"@id":"https:\/\/now-news.de\/de\/#website"},"primaryImageOfPage":{"@id":"https:\/\/now-news.de\/de\/deutschland\/messerangriff-in-herdecke-stalzer-nennt-adoptivtochter-als-taeterin\/#primaryimage"},"image":{"@id":"https:\/\/now-news.de\/de\/deutschland\/messerangriff-in-herdecke-stalzer-nennt-adoptivtochter-als-taeterin\/#primaryimage"},"thumbnailUrl":"https:\/\/now-news.de\/de\/wp-content\/uploads\/sites\/3\/2025\/10\/Messerangriff-in-Herdecke-Stalzer-nennt-Adoptivtochter-als-Taeterin.jpg","datePublished":"2025-10-08T18:53:22+00:00","dateModified":"2025-10-08T18:53:22+00:00","breadcrumb":{"@id":"https:\/\/now-news.de\/de\/deutschland\/messerangriff-in-herdecke-stalzer-nennt-adoptivtochter-als-taeterin\/#breadcrumb"},"inLanguage":"de","potentialAction":[{"@type":"ReadAction","target":["https:\/\/now-news.de\/de\/deutschland\/messerangriff-in-herdecke-stalzer-nennt-adoptivtochter-als-taeterin\/"]}]},{"@type":"ImageObject","inLanguage":"de","@id":"https:\/\/now-news.de\/de\/deutschland\/messerangriff-in-herdecke-stalzer-nennt-adoptivtochter-als-taeterin\/#primaryimage","url":"https:\/\/now-news.de\/de\/wp-content\/uploads\/sites\/3\/2025\/10\/Messerangriff-in-Herdecke-Stalzer-nennt-Adoptivtochter-als-Taeterin.jpg","contentUrl":"https:\/\/now-news.de\/de\/wp-content\/uploads\/sites\/3\/2025\/10\/Messerangriff-in-Herdecke-Stalzer-nennt-Adoptivtochter-als-Taeterin.jpg","width":460,"height":259,"caption":"Messerangriff in Herdecke: Stalzer nennt Adoptivtochter als T\u00e4terin"},{"@type":"BreadcrumbList","@id":"https:\/\/now-news.de\/de\/deutschland\/messerangriff-in-herdecke-stalzer-nennt-adoptivtochter-als-taeterin\/#breadcrumb","itemListElement":[{"@type":"ListItem","position":1,"name":"Home","item":"https:\/\/now-news.de\/de\/"},{"@type":"ListItem","position":2,"name":"Messerangriff in Herdecke: Stalzer nennt Adoptivtochter als T\u00e4terin"}]},{"@type":"WebSite","@id":"https:\/\/now-news.de\/de\/#website","url":"https:\/\/now-news.de\/de\/","name":"just-now.NEWS Deutschland","description":"Das Portal f\u00fcr unzensierte Nachrichten aus der Welt","publisher":{"@id":"https:\/\/now-news.de\/de\/#organization"},"potentialAction":[{"@type":"SearchAction","target":{"@type":"EntryPoint","urlTemplate":"https:\/\/now-news.de\/de\/?s={search_term_string}"},"query-input":"required name=search_term_string"}],"inLanguage":"de"},{"@type":"Organization","@id":"https:\/\/now-news.de\/de\/#organization","name":"Just Now News","url":"https:\/\/now-news.de\/de\/","logo":{"@type":"ImageObject","inLanguage":"de","@id":"https:\/\/now-news.de\/de\/#\/schema\/logo\/image\/","url":"http:\/\/just-now.news\/de\/wp-content\/uploads\/sites\/3\/2022\/04\/logo500x500.jpg","contentUrl":"http:\/\/just-now.news\/de\/wp-content\/uploads\/sites\/3\/2022\/04\/logo500x500.jpg","width":500,"height":500,"caption":"Just Now News"},"image":{"@id":"https:\/\/now-news.de\/de\/#\/schema\/logo\/image\/"},"sameAs":["https:\/\/www.facebook.com\/wirmachenauf","https:\/\/x.com\/WirMachenAuf_de"]},{"@type":"Person","@id":"https:\/\/now-news.de\/de\/#\/schema\/person\/fb534a4e865501d8b3285208df34a9b5","name":"rtnews","image":{"@type":"ImageObject","inLanguage":"de","@id":"https:\/\/now-news.de\/de\/#\/schema\/person\/image\/","url":"https:\/\/secure.gravatar.com\/avatar\/82aafea7d8127119dd649515f56e2117?s=96&d=mm&r=g","contentUrl":"https:\/\/secure.gravatar.com\/avatar\/82aafea7d8127119dd649515f56e2117?s=96&d=mm&r=g","caption":"rtnews"},"url":"https:\/\/now-news.de\/de\/author\/rnews\/"}]}},"_links":{"self":[{"href":"https:\/\/now-news.de\/de\/wp-json\/wp\/v2\/posts\/91900"}],"collection":[{"href":"https:\/\/now-news.de\/de\/wp-json\/wp\/v2\/posts"}],"about":[{"href":"https:\/\/now-news.de\/de\/wp-json\/wp\/v2\/types\/post"}],"author":[{"embeddable":true,"href":"https:\/\/now-news.de\/de\/wp-json\/wp\/v2\/users\/3"}],"replies":[{"embeddable":true,"href":"https:\/\/now-news.de\/de\/wp-json\/wp\/v2\/comments?post=91900"}],"version-history":[{"count":0,"href":"https:\/\/now-news.de\/de\/wp-json\/wp\/v2\/posts\/91900\/revisions"}],"wp:featuredmedia":[{"embeddable":true,"href":"https:\/\/now-news.de\/de\/wp-json\/wp\/v2\/media\/91903"}],"wp:attachment":[{"href":"https:\/\/now-news.de\/de\/wp-json\/wp\/v2\/media?parent=91900"}],"wp:term":[{"taxonomy":"category","embeddable":true,"href":"https:\/\/now-news.de\/de\/wp-json\/wp\/v2\/categories?post=91900"},{"taxonomy":"post_tag","embeddable":true,"href":"https:\/\/now-news.de\/de\/wp-json\/wp\/v2\/tags?post=91900"}],"curies":[{"name":"wp","href":"https:\/\/api.w.org\/{rel}","templated":true}]}}