{"id":91854,"date":"2025-10-08T12:25:29","date_gmt":"2025-10-08T10:25:29","guid":{"rendered":"https:\/\/now-news.de\/de\/deutschland\/nord-stream-verdaechtiger-tusk-spricht-sich-gegen-auslieferung-an-deutschland-aus\/"},"modified":"2025-10-08T12:25:29","modified_gmt":"2025-10-08T10:25:29","slug":"nord-stream-verdaechtiger-tusk-spricht-sich-gegen-auslieferung-an-deutschland-aus","status":"publish","type":"post","link":"https:\/\/now-news.de\/de\/deutschland\/nord-stream-verdaechtiger-tusk-spricht-sich-gegen-auslieferung-an-deutschland-aus\/","title":{"rendered":"Nord-Stream-Verd\u00e4chtiger: Tusk spricht sich gegen Auslieferung an Deutschland aus"},"content":{"rendered":"<p><img decoding=\"async\" src=\"https:\/\/now-news.de\/de\/wp-content\/uploads\/sites\/3\/2025\/10\/68e6276e48fbef4020618c51.jpg\" \/><\/p>\n<div class=\"Text-root Text-type_1 \">\n                Ein in Polen festgenommener Ukrainer soll nach Ansicht deutscher Ermittler an der Nord-Stream-Sprengung beteiligt gewesen sein. Wenn es nach Polens Premier Tusk geht, sollte Polen ihn nicht an Deutschland ausliefern. Der 46-J\u00e4hrige bleibt vorerst in polnischer Untersuchungshaft.\n            <\/div>\n<p><\/p>\n<div class=\"Text-root Text-type_5 ArticleView-text ViewText-root \">\n<p>Polen w\u00fcrde den Ukrainer, der im Zusammenhang mit den Sprengstoffanschl\u00e4gen auf die Nord-Stream-Pipelines von Deutschland gesucht wird, ungern ausliefern. Es sei nicht im Interesse Polens, den Verd\u00e4chtigen an ein anderes Land zu \u00fcbergeben, sagte Polens Ministerpr\u00e4sident Donald Tusk\u00a0bei einer Pressekonferenz am Dienstag. &#8220;Das Problem Europas, der Ukraine, Litauens und Polens ist nicht, dass Nord Stream 2 gesprengt wurde, sondern dass es gebaut wurde&#8221;, so Tusk.<\/p>\n<p>Seine Meinung bekr\u00e4ftigte der Ministerpr\u00e4sident in einer Mitteilung auf X, was ihm auf der Plattform sofort viel Kritik einbrachte.<\/p>\n<div class=\"EmbedBlock-root EmbedBlock-twitter\">\n<div class=\"TwitterEmbed\">\n<blockquote class=\"twitter-tweet lazyload\" data-twitter=\"twitter-tweet\">\n<p lang=\"en\" dir=\"ltr\">The problem with North Stream 2 is not that it was blown up. The problem is that it was built.<\/p>\n<p>\u2014 Donald Tusk (@donaldtusk) <a rel=\"nofollow noopener\" target=\"_blank\" href=\"https:\/\/twitter.com\/donaldtusk\/status\/1975570626682495482?ref_src=twsrc%5Etfw\">October 7, 2025<\/a><\/p><\/blockquote>\n<\/div>\n<\/div>\n<div class=\"EmbedBlock-root EmbedBlock-twitter\">\n<div class=\"TwitterEmbed\">\n<blockquote class=\"twitter-tweet lazyload\" data-twitter=\"twitter-tweet\">\n<p lang=\"en\" dir=\"ltr\">Unbelievable. Tusk openly supports the sabotage of Nord Stream <a rel=\"nofollow noopener\" target=\"_blank\" href=\"https:\/\/t.co\/phPjmFTzvi\">https:\/\/t.co\/phPjmFTzvi<\/a><\/p>\n<p>\u2014 Eric B. (@LostinEU) <a rel=\"nofollow noopener\" target=\"_blank\" href=\"https:\/\/twitter.com\/LostinEU\/status\/1975818808976969867?ref_src=twsrc%5Etfw\">October 8, 2025<\/a><\/p><\/blockquote>\n<\/div>\n<\/div>\n<p>Der ukrainische Taucher Wladimir Schurawlew war am vergangenen Dienstag in der N\u00e4he von Warschau festgenommen worden. Zun\u00e4chst hatte ein Gericht eine siebent\u00e4gige Haft angeordnet. Am Montag entschied ein polnisches Gericht, dass der Mann f\u00fcr weitere 40 Tage in Haft bleiben muss. In dieser Zeit soll gepr\u00fcft werden, ob der Verd\u00e4chtige auf Grundlage eines europ\u00e4ischen Haftbefehls an Deutschland \u00fcberstellt wird.<\/p>\n<p>Die Verteidigung des Mannes k\u00fcndigte an, sich gegen eine \u00dcberstellung nach Deutschland zu wehren. Sie argumentiert, die Vollstreckung des europ\u00e4ischen Haftbefehls sei angesichts des\u00a0Krieges Russlands in der Ukraine unzul\u00e4ssig. Tusk sagte, die Entscheidung \u00fcber die Auslieferung von\u00a0Schurawlew liege letztlich bei dem zust\u00e4ndigen Bezirksgericht in Warschau.<\/p>\n<p>Die deutschen Beh\u00f6rden hatten bereits im vergangenen Jahr versucht, den Verd\u00e4chtigen in Polen festnehmen zu lassen. Einen entsprechenden Haftbefehl vollstreckten die polnischen Beh\u00f6rden damals allerdings nicht. Schurawlew wurde stattdessen im Fahrzeug des Milit\u00e4rattach\u00e9s an der ukrainischen Botschaft in Warschau in sein Heimatland gebracht. Warum der Mann sich danach wieder nach Polen begeben hat, ist derzeit unklar.<\/p>\n<p>Wladimir Schurawlew ist drei Jahre nach der Tat der zweite Verd\u00e4chtige, dessen die Beh\u00f6rden habhaft werden konnten. Im August hatten italienische Polizisten den Ukrainer Sergei Kusnezow festgenommen, den mutma\u00dflichen Chef der Operation. Mitte September ordnete ein italienisches Gericht seine Auslieferung nach Deutschland an.<\/p>\n<p>Insgesamt suchen deutsche Beh\u00f6rden derzeit offenbar mindestens f\u00fcnf M\u00e4nner und eine Frau per Haftbefehl. Einer der Verd\u00e4chtigen ist allerdings nach Angaben des Magazins <em>Spiegel<\/em> bereits im vergangenen Jahr verstorben.\u00a0<\/p>\n<p>Nach Ansicht deutscher Beh\u00f6rden soll die\u00a0Gruppe im September 2022 mehrere R\u00f6hren der Nord-Stream-Pipeline gesprengt haben. Die T\u00e4ter sollen daf\u00fcr eine in Rostock gestartete Segeljacht genutzt haben, die \u00fcber Mittelsm\u00e4nner mit gef\u00e4lschten Ausweisen bei einem deutschen Unternehmen gechartert wurde. Mehrere Leitungen wurden\u00a0bei dem Anschlag\u00a0schwer besch\u00e4digt.\u00a0\u00a0<\/p>\n<p><strong><\/strong><strong>Ex-Rada Abgeordnete: Die Tauchgruppe war zum Tarnzweck<\/strong><\/p>\n<p>Der ukrainische Ex-Abgeordnete Andrei Derkatsch best\u00e4tigte im Mai 2024 im wei\u00dfrussischen Fernsehen, dass die von den deutschen Beh\u00f6rden gesuchte Gruppe in der Tat auf einer Jacht in der Ostsee unterwegs war \u2013\u00a0<em>RT DE<\/em>\u00a0<a rel=\"nofollow noopener\" target=\"_blank\" href=\"https:\/\/freedert.online\/europa\/205734-ukrainischer-ex-abgeordneter-zu-nordstream-sprengung-cia-tranierte-ukrainische-deckungsgruppe\/\">berichtete<\/a>.\u00a0<\/p>\n<p>&#8220;Wir haben fast die gesamte Gruppe ermittelt&#8221;, <a rel=\"nofollow noopener\" target=\"_blank\" href=\"https:\/\/www.youtube.com\/watch?v=d80-VBATx0Y&amp;t=502s\">sagte<\/a> er und z\u00e4hlte die Namen auf: Andrei Burgomistrenko, Roman Tscherwinski, Sergei Kusnezow \u2013 ein Offizier der siebten Abteilung f\u00fcr Spionageabwehr des SBU, Oleg Warawa, Ruslan Rudenko \u2013 ehemaliger stellvertretender B\u00fcrgermeister von Belaja Zerkow, und die professionelle technische Taucherin Maina Sitalo \u2013 eine der besten in der Ukraine.\u00a0<\/p>\n<p>Derkatsch wies darauf hin, dass Tscherwinskis Gruppe die Funktion der Tarnung, den Tauchgang selbst und wahrscheinlich auch die gef\u00e4lschte Installation von Sabotage-Mitteln durchgef\u00fchrt haben. Er gab an, dass die Ausbildung in der Ukraine und in Rum\u00e4nien stattfand. Dazu nannte er weitere Details.<\/p>\n<p>&#8220;Sie trainierten auf dem Territorium der Region Schitomir. Dort gibt es den Sokolowski-Steinbruch, er ist etwa 110 Meter tief. Das Training fand zuerst dort statt, dann in Rum\u00e4nien, in der N\u00e4he eines NATO-St\u00fctzpunktes&#8221;, so Derkatsch.<\/p>\n<p>Der ehemalige ukrainische Abgeordnete merkte an, dass die Mitglieder der Gruppe auch rum\u00e4nische P\u00e4sse bekamen. Ihm zufolge wurde die Operation von dem US-Amerikaner\u00a0Christopher Smith\u00a0\u00fcberwacht und geleitet.<\/p>\n<p><strong>Russischer Diplomat: Technisch nicht m\u00f6glich<\/strong><\/p>\n<p>Russland ist von den Ermittlungen zu der folgenreichen Sabotage ausgeschlossen. Immer wieder werfen\u00a0russische Diplomaten Deutschland Scheinermittlungen vor. Die Festnahme Kusnezows in Italien k\u00f6nne\u00a0nichts Neues zu den Erkenntnissen \u00fcber die T\u00e4ter beitragen, <a rel=\"nofollow noopener\" target=\"_blank\" href=\"https:\/\/freedert.online\/international\/254403-russische-un-vertretung-zur-nord-stream-ermittlung-deutschland-lenkt-mit-albernem-blockbuster-ab\/\">sagte<\/a>\u00a0der russische UN-Diplomat\u00a0Dmitri Poljanski bei einer Sitzung des US-Sicherheitsrates Ende August. Diese sei nur die Folge einer absichtlich gelegten falschen Spur, die zur Ablenkung der wahren Auftraggeber und Organisatoren des Anschlags gelegt worden sei. Er erinnerte an die diesbez\u00fcglichen Absprachen zwischen dem ehemaligen US-Pr\u00e4sidenten Joe Biden und dem ehemaligen Bundeskanzler Olaf Scholz, \u00fcber die US-Journalist Seymour Hersh berichtet hatte.\u00a0<\/p>\n<p>Die gro\u00df angelegte Sabotage-Aktion\u00a0w\u00e4re von einer kleineren Jacht nicht zu stemmen gewesen, sagte er. Nur wenige L\u00e4nder h\u00e4tten die technischen und logistischen Voraussetzungen daf\u00fcr, so Poljanski.<\/p>\n<p><strong>Mehr zum Thema &#8211;<\/strong>\u00a0<a rel=\"nofollow noopener\" target=\"_blank\" href=\"https:\/\/freedert.online\/europa\/257041-polen-soll-nord-stream-verdaechtigem\/\">Polen soll Nord-Stream-Verd\u00e4chtigem Asyl angeboten haben: &#8220;F\u00fcr uns ist er ein Held&#8221;<\/a><\/p>\n<div class=\"EmbedBlock-root EmbedBlock-externalVideo EmbedBlock-rumble\">\n<div class=\"VkEmbed\"><iframe class=\"lazyload\" data-src=\"https:\/\/rumble.com\/embed\/v6xte70\" frameborder=\"0\" width=\"853\" height=\"480\" allowfullscreen><\/iframe><\/div>\n<\/div>\n<\/div>\n<p><script async src=\"https:\/\/platform.twitter.com\/widgets.js\" charset=\"utf-8\"><\/script><br \/>\n<br \/><br \/>\n<br \/><a href=\"https:\/\/de.rt.com\/inland\/258218-tusk-spricht-sich-gegen-auslieferung-von-nord-stream-verdauchtigen-deutschland-aus\/\">Source link <\/a><\/p>\n","protected":false},"excerpt":{"rendered":"<p>Ein in Polen festgenommener Ukrainer soll nach Ansicht deutscher Ermittler an der Nord-Stream-Sprengung beteiligt gewesen sein. Wenn es nach Polens Premier Tusk geht, sollte Polen ihn nicht an Deutschland ausliefern. Der 46-J\u00e4hrige bleibt vorerst in polnischer Untersuchungshaft. Polen w\u00fcrde den Ukrainer, der im Zusammenhang mit den Sprengstoffanschl\u00e4gen auf die Nord-Stream-Pipelines von Deutschland gesucht wird, ungern [&hellip;]<\/p>\n","protected":false},"author":3,"featured_media":91855,"comment_status":"open","ping_status":"open","sticky":false,"template":"","format":"standard","meta":{"_yoast_indexnow_last_ping":["1759919623"],"wp_automatic_camp":["217"],"d0f10927041e3a08841246bc02afcc1a":["Nord-Stream-Verd\u00e4chtiger: Tusk spricht sich gegen Auslieferung an Deutschland aus"],"original_link":["https:\/\/de.rt.com\/inland\/258218-tusk-spricht-sich-gegen-auslieferung-von-nord-stream-verdauchtigen-deutschland-aus\/"],"_thumbnail_id":["91855"],"jnews_social_counter_last_update":["1777184833"],"_wptgpro_p2tg_sent2tg":["a:1:{i:23737;s:19:\"2025-10-08 12:34:52\";}"]},"categories":[19,23],"tags":[679,3246,179,278,68276,434,4067,32121],"yoast_head":"<!-- This site is optimized with the Yoast SEO Premium plugin v22.7 (Yoast SEO v22.7) - https:\/\/yoast.com\/wordpress\/plugins\/seo\/ -->\n<title>Nord-Stream-Verd\u00e4chtiger: Tusk spricht sich gegen Auslieferung an Deutschland aus - just-now.NEWS Deutschland<\/title>\n<meta name=\"robots\" content=\"index, follow, max-snippet:-1, max-image-preview:large, max-video-preview:-1\" \/>\n<link rel=\"canonical\" href=\"https:\/\/now-news.de\/de\/deutschland\/nord-stream-verdaechtiger-tusk-spricht-sich-gegen-auslieferung-an-deutschland-aus\/\" \/>\n<meta property=\"og:locale\" content=\"de_DE\" \/>\n<meta property=\"og:type\" content=\"article\" \/>\n<meta property=\"og:title\" content=\"Nord-Stream-Verd\u00e4chtiger: Tusk spricht sich gegen Auslieferung an Deutschland aus\" \/>\n<meta property=\"og:description\" content=\"Ein in Polen festgenommener Ukrainer soll nach Ansicht deutscher Ermittler an der Nord-Stream-Sprengung beteiligt gewesen sein. Wenn es nach Polens Premier Tusk geht, sollte Polen ihn nicht an Deutschland ausliefern. Der 46-J\u00e4hrige bleibt vorerst in polnischer Untersuchungshaft. Polen w\u00fcrde den Ukrainer, der im Zusammenhang mit den Sprengstoffanschl\u00e4gen auf die Nord-Stream-Pipelines von Deutschland gesucht wird, ungern [&hellip;]\" \/>\n<meta property=\"og:url\" content=\"https:\/\/now-news.de\/de\/deutschland\/nord-stream-verdaechtiger-tusk-spricht-sich-gegen-auslieferung-an-deutschland-aus\/\" \/>\n<meta property=\"og:site_name\" content=\"just-now.NEWS Deutschland\" \/>\n<meta property=\"article:publisher\" content=\"https:\/\/www.facebook.com\/wirmachenauf\" \/>\n<meta property=\"article:published_time\" content=\"2025-10-08T10:25:29+00:00\" \/>\n<meta property=\"og:image\" content=\"https:\/\/now-news.de\/de\/wp-content\/uploads\/sites\/3\/2025\/10\/68e6276e48fbef4020618c51.jpg\" \/>\n<meta name=\"author\" content=\"rtnews\" \/>\n<meta name=\"twitter:card\" content=\"summary_large_image\" \/>\n<meta name=\"twitter:creator\" content=\"@WirMachenAuf_de\" \/>\n<meta name=\"twitter:site\" content=\"@WirMachenAuf_de\" \/>\n<meta name=\"twitter:label1\" content=\"Verfasst von\" \/>\n\t<meta name=\"twitter:data1\" content=\"rtnews\" \/>\n\t<meta name=\"twitter:label2\" content=\"Gesch\u00e4tzte Lesezeit\" \/>\n\t<meta name=\"twitter:data2\" content=\"4\u00a0Minuten\" \/>\n<script type=\"application\/ld+json\" class=\"yoast-schema-graph\">{\"@context\":\"https:\/\/schema.org\",\"@graph\":[{\"@type\":\"Article\",\"@id\":\"https:\/\/now-news.de\/de\/deutschland\/nord-stream-verdaechtiger-tusk-spricht-sich-gegen-auslieferung-an-deutschland-aus\/#article\",\"isPartOf\":{\"@id\":\"https:\/\/now-news.de\/de\/deutschland\/nord-stream-verdaechtiger-tusk-spricht-sich-gegen-auslieferung-an-deutschland-aus\/\"},\"author\":{\"name\":\"rtnews\",\"@id\":\"https:\/\/now-news.de\/de\/#\/schema\/person\/fb534a4e865501d8b3285208df34a9b5\"},\"headline\":\"Nord-Stream-Verd\u00e4chtiger: Tusk spricht sich gegen Auslieferung an Deutschland aus\",\"datePublished\":\"2025-10-08T10:25:29+00:00\",\"dateModified\":\"2025-10-08T10:25:29+00:00\",\"mainEntityOfPage\":{\"@id\":\"https:\/\/now-news.de\/de\/deutschland\/nord-stream-verdaechtiger-tusk-spricht-sich-gegen-auslieferung-an-deutschland-aus\/\"},\"wordCount\":853,\"commentCount\":0,\"publisher\":{\"@id\":\"https:\/\/now-news.de\/de\/#organization\"},\"image\":{\"@id\":\"https:\/\/now-news.de\/de\/deutschland\/nord-stream-verdaechtiger-tusk-spricht-sich-gegen-auslieferung-an-deutschland-aus\/#primaryimage\"},\"thumbnailUrl\":\"https:\/\/now-news.de\/de\/wp-content\/uploads\/sites\/3\/2025\/10\/Nord-Stream-Verdaechtiger-Tusk-spricht-sich-gegen-Auslieferung-an-Deutschland-aus.jpg\",\"keywords\":[\"aus\",\"Auslieferung\",\"Deutschland\",\"gegen\",\"NordStreamVerd\u00e4chtiger\",\"sich\",\"spricht\",\"Tusk\"],\"articleSection\":[\"Deutschland\",\"Russland\"],\"inLanguage\":\"de\",\"potentialAction\":[{\"@type\":\"CommentAction\",\"name\":\"Comment\",\"target\":[\"https:\/\/now-news.de\/de\/deutschland\/nord-stream-verdaechtiger-tusk-spricht-sich-gegen-auslieferung-an-deutschland-aus\/#respond\"]}]},{\"@type\":\"WebPage\",\"@id\":\"https:\/\/now-news.de\/de\/deutschland\/nord-stream-verdaechtiger-tusk-spricht-sich-gegen-auslieferung-an-deutschland-aus\/\",\"url\":\"https:\/\/now-news.de\/de\/deutschland\/nord-stream-verdaechtiger-tusk-spricht-sich-gegen-auslieferung-an-deutschland-aus\/\",\"name\":\"Nord-Stream-Verd\u00e4chtiger: Tusk spricht sich gegen Auslieferung an Deutschland aus - just-now.NEWS Deutschland\",\"isPartOf\":{\"@id\":\"https:\/\/now-news.de\/de\/#website\"},\"primaryImageOfPage\":{\"@id\":\"https:\/\/now-news.de\/de\/deutschland\/nord-stream-verdaechtiger-tusk-spricht-sich-gegen-auslieferung-an-deutschland-aus\/#primaryimage\"},\"image\":{\"@id\":\"https:\/\/now-news.de\/de\/deutschland\/nord-stream-verdaechtiger-tusk-spricht-sich-gegen-auslieferung-an-deutschland-aus\/#primaryimage\"},\"thumbnailUrl\":\"https:\/\/now-news.de\/de\/wp-content\/uploads\/sites\/3\/2025\/10\/Nord-Stream-Verdaechtiger-Tusk-spricht-sich-gegen-Auslieferung-an-Deutschland-aus.jpg\",\"datePublished\":\"2025-10-08T10:25:29+00:00\",\"dateModified\":\"2025-10-08T10:25:29+00:00\",\"breadcrumb\":{\"@id\":\"https:\/\/now-news.de\/de\/deutschland\/nord-stream-verdaechtiger-tusk-spricht-sich-gegen-auslieferung-an-deutschland-aus\/#breadcrumb\"},\"inLanguage\":\"de\",\"potentialAction\":[{\"@type\":\"ReadAction\",\"target\":[\"https:\/\/now-news.de\/de\/deutschland\/nord-stream-verdaechtiger-tusk-spricht-sich-gegen-auslieferung-an-deutschland-aus\/\"]}]},{\"@type\":\"ImageObject\",\"inLanguage\":\"de\",\"@id\":\"https:\/\/now-news.de\/de\/deutschland\/nord-stream-verdaechtiger-tusk-spricht-sich-gegen-auslieferung-an-deutschland-aus\/#primaryimage\",\"url\":\"https:\/\/now-news.de\/de\/wp-content\/uploads\/sites\/3\/2025\/10\/Nord-Stream-Verdaechtiger-Tusk-spricht-sich-gegen-Auslieferung-an-Deutschland-aus.jpg\",\"contentUrl\":\"https:\/\/now-news.de\/de\/wp-content\/uploads\/sites\/3\/2025\/10\/Nord-Stream-Verdaechtiger-Tusk-spricht-sich-gegen-Auslieferung-an-Deutschland-aus.jpg\",\"width\":460,\"height\":259,\"caption\":\"Nord-Stream-Verd\u00e4chtiger: Tusk spricht sich gegen Auslieferung an Deutschland aus\"},{\"@type\":\"BreadcrumbList\",\"@id\":\"https:\/\/now-news.de\/de\/deutschland\/nord-stream-verdaechtiger-tusk-spricht-sich-gegen-auslieferung-an-deutschland-aus\/#breadcrumb\",\"itemListElement\":[{\"@type\":\"ListItem\",\"position\":1,\"name\":\"Home\",\"item\":\"https:\/\/now-news.de\/de\/\"},{\"@type\":\"ListItem\",\"position\":2,\"name\":\"Nord-Stream-Verd\u00e4chtiger: Tusk spricht sich gegen Auslieferung an Deutschland aus\"}]},{\"@type\":\"WebSite\",\"@id\":\"https:\/\/now-news.de\/de\/#website\",\"url\":\"https:\/\/now-news.de\/de\/\",\"name\":\"just-now.NEWS Deutschland\",\"description\":\"Das Portal f\u00fcr unzensierte Nachrichten aus der Welt\",\"publisher\":{\"@id\":\"https:\/\/now-news.de\/de\/#organization\"},\"potentialAction\":[{\"@type\":\"SearchAction\",\"target\":{\"@type\":\"EntryPoint\",\"urlTemplate\":\"https:\/\/now-news.de\/de\/?s={search_term_string}\"},\"query-input\":\"required name=search_term_string\"}],\"inLanguage\":\"de\"},{\"@type\":\"Organization\",\"@id\":\"https:\/\/now-news.de\/de\/#organization\",\"name\":\"Just Now News\",\"url\":\"https:\/\/now-news.de\/de\/\",\"logo\":{\"@type\":\"ImageObject\",\"inLanguage\":\"de\",\"@id\":\"https:\/\/now-news.de\/de\/#\/schema\/logo\/image\/\",\"url\":\"http:\/\/just-now.news\/de\/wp-content\/uploads\/sites\/3\/2022\/04\/logo500x500.jpg\",\"contentUrl\":\"http:\/\/just-now.news\/de\/wp-content\/uploads\/sites\/3\/2022\/04\/logo500x500.jpg\",\"width\":500,\"height\":500,\"caption\":\"Just Now News\"},\"image\":{\"@id\":\"https:\/\/now-news.de\/de\/#\/schema\/logo\/image\/\"},\"sameAs\":[\"https:\/\/www.facebook.com\/wirmachenauf\",\"https:\/\/x.com\/WirMachenAuf_de\"]},{\"@type\":\"Person\",\"@id\":\"https:\/\/now-news.de\/de\/#\/schema\/person\/fb534a4e865501d8b3285208df34a9b5\",\"name\":\"rtnews\",\"image\":{\"@type\":\"ImageObject\",\"inLanguage\":\"de\",\"@id\":\"https:\/\/now-news.de\/de\/#\/schema\/person\/image\/\",\"url\":\"https:\/\/secure.gravatar.com\/avatar\/82aafea7d8127119dd649515f56e2117?s=96&d=mm&r=g\",\"contentUrl\":\"https:\/\/secure.gravatar.com\/avatar\/82aafea7d8127119dd649515f56e2117?s=96&d=mm&r=g\",\"caption\":\"rtnews\"},\"url\":\"https:\/\/now-news.de\/de\/author\/rnews\/\"}]}<\/script>\n<!-- \/ Yoast SEO Premium plugin. -->","yoast_head_json":{"title":"Nord-Stream-Verd\u00e4chtiger: Tusk spricht sich gegen Auslieferung an Deutschland aus - just-now.NEWS Deutschland","robots":{"index":"index","follow":"follow","max-snippet":"max-snippet:-1","max-image-preview":"max-image-preview:large","max-video-preview":"max-video-preview:-1"},"canonical":"https:\/\/now-news.de\/de\/deutschland\/nord-stream-verdaechtiger-tusk-spricht-sich-gegen-auslieferung-an-deutschland-aus\/","og_locale":"de_DE","og_type":"article","og_title":"Nord-Stream-Verd\u00e4chtiger: Tusk spricht sich gegen Auslieferung an Deutschland aus","og_description":"Ein in Polen festgenommener Ukrainer soll nach Ansicht deutscher Ermittler an der Nord-Stream-Sprengung beteiligt gewesen sein. Wenn es nach Polens Premier Tusk geht, sollte Polen ihn nicht an Deutschland ausliefern. Der 46-J\u00e4hrige bleibt vorerst in polnischer Untersuchungshaft. Polen w\u00fcrde den Ukrainer, der im Zusammenhang mit den Sprengstoffanschl\u00e4gen auf die Nord-Stream-Pipelines von Deutschland gesucht wird, ungern [&hellip;]","og_url":"https:\/\/now-news.de\/de\/deutschland\/nord-stream-verdaechtiger-tusk-spricht-sich-gegen-auslieferung-an-deutschland-aus\/","og_site_name":"just-now.NEWS Deutschland","article_publisher":"https:\/\/www.facebook.com\/wirmachenauf","article_published_time":"2025-10-08T10:25:29+00:00","og_image":[{"url":"https:\/\/now-news.de\/de\/wp-content\/uploads\/sites\/3\/2025\/10\/68e6276e48fbef4020618c51.jpg"}],"author":"rtnews","twitter_card":"summary_large_image","twitter_creator":"@WirMachenAuf_de","twitter_site":"@WirMachenAuf_de","twitter_misc":{"Verfasst von":"rtnews","Gesch\u00e4tzte Lesezeit":"4\u00a0Minuten"},"schema":{"@context":"https:\/\/schema.org","@graph":[{"@type":"Article","@id":"https:\/\/now-news.de\/de\/deutschland\/nord-stream-verdaechtiger-tusk-spricht-sich-gegen-auslieferung-an-deutschland-aus\/#article","isPartOf":{"@id":"https:\/\/now-news.de\/de\/deutschland\/nord-stream-verdaechtiger-tusk-spricht-sich-gegen-auslieferung-an-deutschland-aus\/"},"author":{"name":"rtnews","@id":"https:\/\/now-news.de\/de\/#\/schema\/person\/fb534a4e865501d8b3285208df34a9b5"},"headline":"Nord-Stream-Verd\u00e4chtiger: Tusk spricht sich gegen Auslieferung an Deutschland aus","datePublished":"2025-10-08T10:25:29+00:00","dateModified":"2025-10-08T10:25:29+00:00","mainEntityOfPage":{"@id":"https:\/\/now-news.de\/de\/deutschland\/nord-stream-verdaechtiger-tusk-spricht-sich-gegen-auslieferung-an-deutschland-aus\/"},"wordCount":853,"commentCount":0,"publisher":{"@id":"https:\/\/now-news.de\/de\/#organization"},"image":{"@id":"https:\/\/now-news.de\/de\/deutschland\/nord-stream-verdaechtiger-tusk-spricht-sich-gegen-auslieferung-an-deutschland-aus\/#primaryimage"},"thumbnailUrl":"https:\/\/now-news.de\/de\/wp-content\/uploads\/sites\/3\/2025\/10\/Nord-Stream-Verdaechtiger-Tusk-spricht-sich-gegen-Auslieferung-an-Deutschland-aus.jpg","keywords":["aus","Auslieferung","Deutschland","gegen","NordStreamVerd\u00e4chtiger","sich","spricht","Tusk"],"articleSection":["Deutschland","Russland"],"inLanguage":"de","potentialAction":[{"@type":"CommentAction","name":"Comment","target":["https:\/\/now-news.de\/de\/deutschland\/nord-stream-verdaechtiger-tusk-spricht-sich-gegen-auslieferung-an-deutschland-aus\/#respond"]}]},{"@type":"WebPage","@id":"https:\/\/now-news.de\/de\/deutschland\/nord-stream-verdaechtiger-tusk-spricht-sich-gegen-auslieferung-an-deutschland-aus\/","url":"https:\/\/now-news.de\/de\/deutschland\/nord-stream-verdaechtiger-tusk-spricht-sich-gegen-auslieferung-an-deutschland-aus\/","name":"Nord-Stream-Verd\u00e4chtiger: Tusk spricht sich gegen Auslieferung an Deutschland aus - just-now.NEWS Deutschland","isPartOf":{"@id":"https:\/\/now-news.de\/de\/#website"},"primaryImageOfPage":{"@id":"https:\/\/now-news.de\/de\/deutschland\/nord-stream-verdaechtiger-tusk-spricht-sich-gegen-auslieferung-an-deutschland-aus\/#primaryimage"},"image":{"@id":"https:\/\/now-news.de\/de\/deutschland\/nord-stream-verdaechtiger-tusk-spricht-sich-gegen-auslieferung-an-deutschland-aus\/#primaryimage"},"thumbnailUrl":"https:\/\/now-news.de\/de\/wp-content\/uploads\/sites\/3\/2025\/10\/Nord-Stream-Verdaechtiger-Tusk-spricht-sich-gegen-Auslieferung-an-Deutschland-aus.jpg","datePublished":"2025-10-08T10:25:29+00:00","dateModified":"2025-10-08T10:25:29+00:00","breadcrumb":{"@id":"https:\/\/now-news.de\/de\/deutschland\/nord-stream-verdaechtiger-tusk-spricht-sich-gegen-auslieferung-an-deutschland-aus\/#breadcrumb"},"inLanguage":"de","potentialAction":[{"@type":"ReadAction","target":["https:\/\/now-news.de\/de\/deutschland\/nord-stream-verdaechtiger-tusk-spricht-sich-gegen-auslieferung-an-deutschland-aus\/"]}]},{"@type":"ImageObject","inLanguage":"de","@id":"https:\/\/now-news.de\/de\/deutschland\/nord-stream-verdaechtiger-tusk-spricht-sich-gegen-auslieferung-an-deutschland-aus\/#primaryimage","url":"https:\/\/now-news.de\/de\/wp-content\/uploads\/sites\/3\/2025\/10\/Nord-Stream-Verdaechtiger-Tusk-spricht-sich-gegen-Auslieferung-an-Deutschland-aus.jpg","contentUrl":"https:\/\/now-news.de\/de\/wp-content\/uploads\/sites\/3\/2025\/10\/Nord-Stream-Verdaechtiger-Tusk-spricht-sich-gegen-Auslieferung-an-Deutschland-aus.jpg","width":460,"height":259,"caption":"Nord-Stream-Verd\u00e4chtiger: Tusk spricht sich gegen Auslieferung an Deutschland aus"},{"@type":"BreadcrumbList","@id":"https:\/\/now-news.de\/de\/deutschland\/nord-stream-verdaechtiger-tusk-spricht-sich-gegen-auslieferung-an-deutschland-aus\/#breadcrumb","itemListElement":[{"@type":"ListItem","position":1,"name":"Home","item":"https:\/\/now-news.de\/de\/"},{"@type":"ListItem","position":2,"name":"Nord-Stream-Verd\u00e4chtiger: Tusk spricht sich gegen Auslieferung an Deutschland aus"}]},{"@type":"WebSite","@id":"https:\/\/now-news.de\/de\/#website","url":"https:\/\/now-news.de\/de\/","name":"just-now.NEWS Deutschland","description":"Das Portal f\u00fcr unzensierte Nachrichten aus der Welt","publisher":{"@id":"https:\/\/now-news.de\/de\/#organization"},"potentialAction":[{"@type":"SearchAction","target":{"@type":"EntryPoint","urlTemplate":"https:\/\/now-news.de\/de\/?s={search_term_string}"},"query-input":"required name=search_term_string"}],"inLanguage":"de"},{"@type":"Organization","@id":"https:\/\/now-news.de\/de\/#organization","name":"Just Now News","url":"https:\/\/now-news.de\/de\/","logo":{"@type":"ImageObject","inLanguage":"de","@id":"https:\/\/now-news.de\/de\/#\/schema\/logo\/image\/","url":"http:\/\/just-now.news\/de\/wp-content\/uploads\/sites\/3\/2022\/04\/logo500x500.jpg","contentUrl":"http:\/\/just-now.news\/de\/wp-content\/uploads\/sites\/3\/2022\/04\/logo500x500.jpg","width":500,"height":500,"caption":"Just Now News"},"image":{"@id":"https:\/\/now-news.de\/de\/#\/schema\/logo\/image\/"},"sameAs":["https:\/\/www.facebook.com\/wirmachenauf","https:\/\/x.com\/WirMachenAuf_de"]},{"@type":"Person","@id":"https:\/\/now-news.de\/de\/#\/schema\/person\/fb534a4e865501d8b3285208df34a9b5","name":"rtnews","image":{"@type":"ImageObject","inLanguage":"de","@id":"https:\/\/now-news.de\/de\/#\/schema\/person\/image\/","url":"https:\/\/secure.gravatar.com\/avatar\/82aafea7d8127119dd649515f56e2117?s=96&d=mm&r=g","contentUrl":"https:\/\/secure.gravatar.com\/avatar\/82aafea7d8127119dd649515f56e2117?s=96&d=mm&r=g","caption":"rtnews"},"url":"https:\/\/now-news.de\/de\/author\/rnews\/"}]}},"_links":{"self":[{"href":"https:\/\/now-news.de\/de\/wp-json\/wp\/v2\/posts\/91854"}],"collection":[{"href":"https:\/\/now-news.de\/de\/wp-json\/wp\/v2\/posts"}],"about":[{"href":"https:\/\/now-news.de\/de\/wp-json\/wp\/v2\/types\/post"}],"author":[{"embeddable":true,"href":"https:\/\/now-news.de\/de\/wp-json\/wp\/v2\/users\/3"}],"replies":[{"embeddable":true,"href":"https:\/\/now-news.de\/de\/wp-json\/wp\/v2\/comments?post=91854"}],"version-history":[{"count":0,"href":"https:\/\/now-news.de\/de\/wp-json\/wp\/v2\/posts\/91854\/revisions"}],"wp:featuredmedia":[{"embeddable":true,"href":"https:\/\/now-news.de\/de\/wp-json\/wp\/v2\/media\/91855"}],"wp:attachment":[{"href":"https:\/\/now-news.de\/de\/wp-json\/wp\/v2\/media?parent=91854"}],"wp:term":[{"taxonomy":"category","embeddable":true,"href":"https:\/\/now-news.de\/de\/wp-json\/wp\/v2\/categories?post=91854"},{"taxonomy":"post_tag","embeddable":true,"href":"https:\/\/now-news.de\/de\/wp-json\/wp\/v2\/tags?post=91854"}],"curies":[{"name":"wp","href":"https:\/\/api.w.org\/{rel}","templated":true}]}}