{"id":9182,"date":"2022-05-29T19:10:00","date_gmt":"2022-05-29T17:10:00","guid":{"rendered":"http:\/\/just-now.news\/de\/usa\/minneapolis-intersection-zu-ehren-des-schwerverbrechers-george-floyd-umbenannt\/"},"modified":"2022-05-29T19:10:00","modified_gmt":"2022-05-29T17:10:00","slug":"minneapolis-intersection-zu-ehren-des-schwerverbrechers-george-floyd-umbenannt","status":"publish","type":"post","link":"https:\/\/now-news.de\/de\/usa\/minneapolis-intersection-zu-ehren-des-schwerverbrechers-george-floyd-umbenannt\/","title":{"rendered":"Minneapolis Intersection zu Ehren des Schwerverbrechers George Floyd umbenannt"},"content":{"rendered":"<div class=\"entry-content\">\n<p><\/p>\n<p>Am Mittwoch wurde eine Kreuzung in Minneapolis umbenannt, um den Wiederholungst\u00e4ter George Floyd zu ehren.  Floyd starb im Jahr 2020 und l\u00f6ste eine Reihe gewaltsamer Unruhen aus, die als \u201eSummer of Love\u201c bezeichnet wurden und in den USA Sch\u00e4den in H\u00f6he von \u00fcber 1 Milliarde US-Dollar verursachten.<\/p>\n<p>Floyds Bruder Terrence nahm an der Zeremonie teil und andere Familienmitglieder.  An seinem zweiten Todestag hei\u00dft die Ecke 38th Street und Chicago Avenue nun \u201eGeorge Perry Floyd Square\u201c.<\/p>\n<div id=\"IC1-ad\" class=\"sponsor IC1\">\n<p class=\"ad-notice flipboard-remove\" fl:fl-noexcerpt=\"true\">Werbung \u2013 die Geschichte geht unten weiter<\/p>\n<div id=\"IC1\">\n<script>\n\t\t\t\t\tif( FFADS.units.IC1 && FFADS.units.IC1.ad_type == 'custom' && FFADS.units.IC1.custom_ads && ! getCookie( 'ff_subbed' ) ) {\n\t\t\t\t\t\tdocument.getElementById( 'IC1' ).innerHTML = FFADS.units.IC1.custom_ads[0].code;\n\t\t\t\t\t\tif( ! FFADS.units.IC1.lazy_load ) eval( FFADS.units.IC1.custom_ads[0].rendering_script );\n\t\t\t\t\t}\n\t\t\t\t\telse if( FFADS.units.IC1 && ! getCookie( 'ff_subbed' ) ) {\n\t\t\t\t\t\tif( 'IC' != 'SB' && 'IC' != 'SA' && FFADS.use_fixed_containers ) {\n\t\t\t\t\t\t\tlet max_wh = firefly_size_list_to_max_wh( FFADS.units.IC1.sizes );\n\t\t\t\t\t\t\tlet el = document.querySelector( '#IC1' );\n\t\t\t\t\t\t\tif( 'IC' != 'SA' && FFADS.slide_pixels ) {\n\t\t\t\t\t\t\t\tmax_wh[1] += parseInt( FFADS.slide_pixels );\n\t\t\t\t\t\t\t\tel.classList.add( 'sliding' );\n\t\t\t\t\t\t\t}\n\t\t\t\t\t\t\tel.style.width = max_wh[0] + 'px';\n\t\t\t\t\t\t\tel.style.height = max_wh[1] + 'px';\n\t\t\t\t\t\t\tel.classList.add( 'fixed-size' );\n\t\t\t\t\t\t}\n\t\t\t\t\t\tgoogletag.cmd.push( function() {\n\t\t\t\t\t\t\tFFADS.debug( 'googletag.displaying IC1' );\n\t\t\t\t\t\t\tgoogletag.display( 'IC1' );\n\t\t\t\t\t\t} );\n\t\t\t\t\t}\n\t\t\t\t\telse {\n\t\t\t\t\t\tdocument.querySelector( '#IC1-ad' ).style.display = 'none';}\n\t\t\t\t<\/script><\/div>\n<\/div>\n<p>\u201eHeute ehren wir zwei Jahre seit der Ermordung von George Floyd durch den ehemaligen Polizeibeamten von Minneapolis, Derek Chauvin\u201c, sagte der B\u00fcrgermeister von Minneapolis, Jacob Frey, in einer Erkl\u00e4rung.  \u201eSeitdem erinnern wir uns jeden Tag an George Floyds Leben und Erbe als Freund, Vater, Bruder und geliebten Menschen.  Sein Name wurde in jeder Ecke unserer Welt geh\u00f6rt.\u201c<\/p>\n<blockquote class=\"twitter-tweet\">\n<p dir=\"ltr\" lang=\"en\">George Floyds Familie enth\u00fcllt das Stra\u00dfenschild, das seinen Namen tr\u00e4gt, nur wenige Schritte von der Stelle entfernt, an der er seinen letzten Atemzug an der 38. und Chicago Ave tat. <a rel=\"nofollow noopener\" target=\"_blank\" href=\"https:\/\/twitter.com\/WCCO\">@WCCO<\/a> <a rel=\"nofollow noopener\" target=\"_blank\" href=\"https:\/\/t.co\/zXCFVrkpt9\">pic.twitter.com\/zXCFVrkpt9<\/a><\/p>\n<p>\u2013 Jeff Wagner (@Jeff_Wagner4) <a rel=\"nofollow noopener\" target=\"_blank\" href=\"https:\/\/twitter.com\/Jeff_Wagner4\/status\/1529629701156765698\">26. Mai 2022<\/a><\/p>\n<\/blockquote>\n<p><script>\n\t\t\t\t\tif( ! getCookie( 'ff_subbed' ) ) if( typeof FFADS.replace_ict != 'undefined' ) if( FFADS.replace_ict ) eval( FFADS.replace_ict );\n\t\t\t\t<\/script><\/p>\n<p><script async src=\"https:\/\/platform.twitter.com\/widgets.js\" charset=\"utf-8\"><\/script><\/p>\n<p>Mehr von CBS Minnesota:<\/p>\n<div id=\"IC2-ad\" class=\"sponsor IC2\">\n<p class=\"ad-notice flipboard-remove\" fl:fl-noexcerpt=\"true\">Werbung \u2013 die Geschichte geht unten weiter<\/p>\n<div id=\"IC2\">\n<script>\n\t\t\t\t\tif( FFADS.units.IC2 && FFADS.units.IC2.ad_type == 'custom' && FFADS.units.IC2.custom_ads && ! getCookie( 'ff_subbed' ) ) {\n\t\t\t\t\t\tdocument.getElementById( 'IC2' ).innerHTML = FFADS.units.IC2.custom_ads[0].code;\n\t\t\t\t\t\tif( ! FFADS.units.IC2.lazy_load ) eval( FFADS.units.IC2.custom_ads[0].rendering_script );\n\t\t\t\t\t}\n\t\t\t\t\telse if( FFADS.units.IC2 && ! getCookie( 'ff_subbed' ) ) {\n\t\t\t\t\t\tif( 'IC' != 'SB' && 'IC' != 'SA' && FFADS.use_fixed_containers ) {\n\t\t\t\t\t\t\tlet max_wh = firefly_size_list_to_max_wh( FFADS.units.IC2.sizes );\n\t\t\t\t\t\t\tlet el = document.querySelector( '#IC2' );\n\t\t\t\t\t\t\tif( 'IC' != 'SA' && FFADS.slide_pixels ) {\n\t\t\t\t\t\t\t\tmax_wh[1] += parseInt( FFADS.slide_pixels );\n\t\t\t\t\t\t\t\tel.classList.add( 'sliding' );\n\t\t\t\t\t\t\t}\n\t\t\t\t\t\t\tel.style.width = max_wh[0] + 'px';\n\t\t\t\t\t\t\tel.style.height = max_wh[1] + 'px';\n\t\t\t\t\t\t\tel.classList.add( 'fixed-size' );\n\t\t\t\t\t\t}\n\t\t\t\t\t\tgoogletag.cmd.push( function() {\n\t\t\t\t\t\t\tFFADS.debug( 'googletag.displaying IC2' );\n\t\t\t\t\t\t\tgoogletag.display( 'IC2' );\n\t\t\t\t\t\t} );\n\t\t\t\t\t}\n\t\t\t\t\telse {\n\t\t\t\t\t\tdocument.querySelector( '#IC2-ad' ).style.display = 'none';}\n\t\t\t\t<\/script><\/div>\n<\/div>\n<blockquote>\n<p>\u201eEhrlich gesagt sp\u00fcre ich Sch\u00fcttelfrost.  Es ist ein tragisches Ereignis, aber es ist ein Lernereignis\u201c, sagte Charles Gallon, der an der Kreuzung war, als er aus Florida in die Stadt kam.<\/p>\n<p>\u201eDas ist etwas, das Gott zugelassen hat, um die Welt zu ver\u00e4ndern\u201c, f\u00fcgte Eliza Wesley hinzu.  Sie tr\u00e4gt den Spitznamen \u201eGatekeeper\u201c, da sie seit dem Tod von George Floyd fast jeden Tag an der Kreuzung war.  Ob sie den Verkehr kontrollierte oder Veranstaltungen organisierte, der Ort, an dem sich diese beiden Stra\u00dfen kreuzen, ist f\u00fcr sie und viele andere ein heiliger Ort.  \u201eEs spielt sich immer in meinem Hinterkopf ab, dass George Floyd f\u00fcr einen bestimmten Zweck gestorben ist.  George Floyd ist nicht umsonst gestorben\u201c, sagte sie.<\/p>\n<p>\u201eVor zwei Jahren haben wir gesagt, dass wir Gerechtigkeit f\u00fcr George Floyd bekommen werden.  Wir haben Tausende von Menschen auf den Boden gebracht\u201c, sagte Elizer Darris, ein Aktivist, der in den Tagen nach Floyds Ermordung viele leidenschaftliche Reden an der Kreuzung hielt.  \u201eHunderttausende von Menschen \u00fcberschwemmten buchst\u00e4blich die ganze Welt zu einer Zeit, als wir eine Pandemie hatten, die alle einschloss. Aber was wir sahen, diktierte uns, dass wir raus mussten und dass wir Gerechtigkeit fordern mussten.\u201c<\/p>\n<\/blockquote>\n<p>Letztes Jahr wurde diese Woche in Newark, New Jersey, eine neue 700-Pfund-Bronzestatue enth\u00fcllt.<\/p>\n<p>Eine 10 Fu\u00df hohe Bronzestatue von George Floyd wurde auf dem Union Square in New York City enth\u00fcllt und sp\u00e4ter zweimal zerst\u00f6rt.<\/p>\n<div id=\"IC3-ad\" class=\"sponsor IC3\">\n<p class=\"ad-notice flipboard-remove\" fl:fl-noexcerpt=\"true\">Werbung \u2013 die Geschichte geht unten weiter<\/p>\n<div id=\"IC3\">\n<script>\n\t\t\t\t\tif( FFADS.units.IC3 && FFADS.units.IC3.ad_type == 'custom' && FFADS.units.IC3.custom_ads && ! getCookie( 'ff_subbed' ) ) {\n\t\t\t\t\t\tdocument.getElementById( 'IC3' ).innerHTML = FFADS.units.IC3.custom_ads[0].code;\n\t\t\t\t\t\tif( ! FFADS.units.IC3.lazy_load ) eval( FFADS.units.IC3.custom_ads[0].rendering_script );\n\t\t\t\t\t}\n\t\t\t\t\telse if( FFADS.units.IC3 && ! getCookie( 'ff_subbed' ) ) {\n\t\t\t\t\t\tif( 'IC' != 'SB' && 'IC' != 'SA' && FFADS.use_fixed_containers ) {\n\t\t\t\t\t\t\tlet max_wh = firefly_size_list_to_max_wh( FFADS.units.IC3.sizes );\n\t\t\t\t\t\t\tlet el = document.querySelector( '#IC3' );\n\t\t\t\t\t\t\tif( 'IC' != 'SA' && FFADS.slide_pixels ) {\n\t\t\t\t\t\t\t\tmax_wh[1] += parseInt( FFADS.slide_pixels );\n\t\t\t\t\t\t\t\tel.classList.add( 'sliding' );\n\t\t\t\t\t\t\t}\n\t\t\t\t\t\t\tel.style.width = max_wh[0] + 'px';\n\t\t\t\t\t\t\tel.style.height = max_wh[1] + 'px';\n\t\t\t\t\t\t\tel.classList.add( 'fixed-size' );\n\t\t\t\t\t\t}\n\t\t\t\t\t\tgoogletag.cmd.push( function() {\n\t\t\t\t\t\t\tFFADS.debug( 'googletag.displaying IC3' );\n\t\t\t\t\t\t\tgoogletag.display( 'IC3' );\n\t\t\t\t\t\t} );\n\t\t\t\t\t}\n\t\t\t\t\telse {\n\t\t\t\t\t\tdocument.querySelector( '#IC3-ad' ).style.display = 'none';}\n\t\t\t\t<\/script><\/div>\n<\/div>\n<p>Die Katholische Universit\u00e4t von Amerika hat auch Gem\u00e4lde von George Floyd als Jesus, die au\u00dferhalb der Universit\u00e4tskapelle im B\u00fcro des Campusministeriums und in ihrer juristischen Fakult\u00e4t h\u00e4ngen.  Das Sakrileg-Gem\u00e4lde von George Floyd, das Jesus darstellt, wurde zweimal gestohlen.<\/p>\n<p class=\"article-ask\"><span class=\"ask\"><script>\n  if( getParameterByName( \"utm_source\" ) == \"testpage\" ) {\n    !function(e,t,a,n,g){e[n]=e[n]||[],e[n].push({\"gtm.start\":(new Date).getTime(),event:\"gtm.js\"});var m=t.getElementsByTagName(a)[0],r=t.createElement(a);r.async=!0,r.src=\"https:\/\/www.googletagmanager.com\/gtm.js?id=GTM-PL4PD49\",m.parentNode.insertBefore(r,m)}(window.parent,window.parent.document,\"script\",\"dataLayer\");\n    var iframe=window.parent.document.createElement(\"iframe\");iframe.src=\"https:\/\/www.googletagmanager.com\/ns.html?id=GTM-PL4PD49\";iframe.height=\"0\";iframe.width=\"0\";iframe.style=\"display:none;visibility:hidden\";window.parent.document.body.appendChild(iframe);\n    window.parent[\"$$mm-analytics\"] = window.parent[\"$$mm-analytics\"] || {};if (typeof window.parent[\"$$mm-analytics\"].firstEmbed === \"undefined\") {window.parent[\"$$mm-analytics\"].firstEmbed = Date.now();}\n    let as1 = document.createElement( \"script\" );\n    as1.src = \"https:\/\/bucket1.mm-syringe.com\/prod\/configs\/ee2300c8-43d2-7f0b-dac0-40aaf31c9d3d.js\";\n    document.body.appendChild( as1 );\n    let as2 = document.createElement( \"script\" );\n    as2.src = \"https:\/\/bucket1.mm-syringe.com\/prod\/injector\/injector.1.5.3.js\";\n    document.body.appendChild( as2 );\n  }\n<\/script><\/p>\n<div class=\"apester-media\" data-token=\"5f10a39f94902bc81d3d59a7\" data-context=\"true\" data-tags=\"\" data-fallback=\"true\" height=\"350\"><\/div>\n<p><script id=\"apester_script\" src=\"https:\/\/static.apester.com\/js\/sdk\/latest\/apester-sdk.js\" async><\/script><script async src=\"https:\/\/www.googletagmanager.com\/gtag\/js?id=G-EFE91RJVSQ\"><\/script><script>\n  window.dataLayer = window.dataLayer || [];\n  function gtag(){dataLayer.push(arguments);}\n  gtag(\\'js\\', new Date());\n  gtag(\\'config\\', \\'G-EFE91RJVSQ\\');\n<\/script><\/span><\/p>\n<\/div>\n<p><br \/>\n<br \/><a href=\"https:\/\/www.thegatewaypundit.com\/2022\/05\/minneapolis-intersection-renamed-honor-felon-george-floyd\/\">Source link <\/a><\/p>\n","protected":false},"excerpt":{"rendered":"<p>Am Mittwoch wurde eine Kreuzung in Minneapolis umbenannt, um den Wiederholungst\u00e4ter George Floyd zu ehren. Floyd starb im Jahr 2020 und l\u00f6ste eine Reihe gewaltsamer Unruhen aus, die als \u201eSummer of Love\u201c bezeichnet wurden und in den USA Sch\u00e4den in H\u00f6he von \u00fcber 1 Milliarde US-Dollar verursachten. Floyds Bruder Terrence nahm an der Zeremonie teil [&hellip;]<\/p>\n","protected":false},"author":5,"featured_media":9183,"comment_status":"open","ping_status":"open","sticky":false,"template":"","format":"standard","meta":{"wp_automatic_camp":["1161"],"7833399e45083124de6e59ed377a9cac":["Minneapolis Intersection zu Ehren des Schwerverbrechers George Floyd umbenannt\n"],"original_link":["https:\/\/www.thegatewaypundit.com\/2022\/05\/minneapolis-intersection-renamed-honor-felon-george-floyd\/"],"_thumbnail_id":["9183"],"wp_automatic_remove_first_image":["yes"],"jnews_social_counter_last_update":["1776843925"]},"categories":[25],"tags":[583,7692,7693,350,22320,22319,22321,22322],"yoast_head":"<!-- This site is optimized with the Yoast SEO Premium plugin v22.7 (Yoast SEO v22.7) - https:\/\/yoast.com\/wordpress\/plugins\/seo\/ -->\n<title>Minneapolis Intersection zu Ehren des Schwerverbrechers George Floyd umbenannt - just-now.NEWS Deutschland<\/title>\n<meta name=\"robots\" content=\"index, follow, max-snippet:-1, max-image-preview:large, max-video-preview:-1\" \/>\n<link rel=\"canonical\" href=\"https:\/\/now-news.de\/de\/usa\/minneapolis-intersection-zu-ehren-des-schwerverbrechers-george-floyd-umbenannt\/\" \/>\n<meta property=\"og:locale\" content=\"de_DE\" \/>\n<meta property=\"og:type\" content=\"article\" \/>\n<meta property=\"og:title\" content=\"Minneapolis Intersection zu Ehren des Schwerverbrechers George Floyd umbenannt\" \/>\n<meta property=\"og:description\" content=\"Am Mittwoch wurde eine Kreuzung in Minneapolis umbenannt, um den Wiederholungst\u00e4ter George Floyd zu ehren. Floyd starb im Jahr 2020 und l\u00f6ste eine Reihe gewaltsamer Unruhen aus, die als \u201eSummer of Love\u201c bezeichnet wurden und in den USA Sch\u00e4den in H\u00f6he von \u00fcber 1 Milliarde US-Dollar verursachten. Floyds Bruder Terrence nahm an der Zeremonie teil [&hellip;]\" \/>\n<meta property=\"og:url\" content=\"https:\/\/now-news.de\/de\/usa\/minneapolis-intersection-zu-ehren-des-schwerverbrechers-george-floyd-umbenannt\/\" \/>\n<meta property=\"og:site_name\" content=\"just-now.NEWS Deutschland\" \/>\n<meta property=\"article:publisher\" content=\"https:\/\/www.facebook.com\/wirmachenauf\" \/>\n<meta property=\"article:published_time\" content=\"2022-05-29T17:10:00+00:00\" \/>\n<meta property=\"og:image\" content=\"https:\/\/now-news.de\/de\/wp-content\/uploads\/sites\/3\/2022\/05\/Minneapolis-Intersection-zu-Ehren-des-Schwerverbrechers-George-Floyd-umbenannt.jpg\" \/>\n\t<meta property=\"og:image:width\" content=\"2560\" \/>\n\t<meta property=\"og:image:height\" content=\"1442\" \/>\n\t<meta property=\"og:image:type\" content=\"image\/jpeg\" \/>\n<meta name=\"author\" content=\"greatreset\" \/>\n<meta name=\"twitter:card\" content=\"summary_large_image\" \/>\n<meta name=\"twitter:creator\" content=\"@WirMachenAuf_de\" \/>\n<meta name=\"twitter:site\" content=\"@WirMachenAuf_de\" \/>\n<meta name=\"twitter:label1\" content=\"Verfasst von\" \/>\n\t<meta name=\"twitter:data1\" content=\"greatreset\" \/>\n\t<meta name=\"twitter:label2\" content=\"Gesch\u00e4tzte Lesezeit\" \/>\n\t<meta name=\"twitter:data2\" content=\"2\u00a0Minuten\" \/>\n<script type=\"application\/ld+json\" class=\"yoast-schema-graph\">{\"@context\":\"https:\/\/schema.org\",\"@graph\":[{\"@type\":\"Article\",\"@id\":\"https:\/\/now-news.de\/de\/usa\/minneapolis-intersection-zu-ehren-des-schwerverbrechers-george-floyd-umbenannt\/#article\",\"isPartOf\":{\"@id\":\"https:\/\/now-news.de\/de\/usa\/minneapolis-intersection-zu-ehren-des-schwerverbrechers-george-floyd-umbenannt\/\"},\"author\":{\"name\":\"greatreset\",\"@id\":\"https:\/\/now-news.de\/de\/#\/schema\/person\/8afb4cd92b68572db7902c13a349ffcb\"},\"headline\":\"Minneapolis Intersection zu Ehren des Schwerverbrechers George Floyd umbenannt\",\"datePublished\":\"2022-05-29T17:10:00+00:00\",\"dateModified\":\"2022-05-29T17:10:00+00:00\",\"mainEntityOfPage\":{\"@id\":\"https:\/\/now-news.de\/de\/usa\/minneapolis-intersection-zu-ehren-des-schwerverbrechers-george-floyd-umbenannt\/\"},\"wordCount\":503,\"commentCount\":0,\"publisher\":{\"@id\":\"https:\/\/now-news.de\/de\/#organization\"},\"image\":{\"@id\":\"https:\/\/now-news.de\/de\/usa\/minneapolis-intersection-zu-ehren-des-schwerverbrechers-george-floyd-umbenannt\/#primaryimage\"},\"thumbnailUrl\":\"https:\/\/now-news.de\/de\/wp-content\/uploads\/sites\/3\/2022\/05\/Minneapolis-Intersection-zu-Ehren-des-Schwerverbrechers-George-Floyd-umbenannt.jpg\",\"keywords\":[\"des\",\"Ehren\",\"Floyd\",\"George\",\"Intersection\",\"Minneapolis\",\"Schwerverbrechers\",\"umbenannt\"],\"articleSection\":[\"USA\"],\"inLanguage\":\"de\",\"potentialAction\":[{\"@type\":\"CommentAction\",\"name\":\"Comment\",\"target\":[\"https:\/\/now-news.de\/de\/usa\/minneapolis-intersection-zu-ehren-des-schwerverbrechers-george-floyd-umbenannt\/#respond\"]}]},{\"@type\":\"WebPage\",\"@id\":\"https:\/\/now-news.de\/de\/usa\/minneapolis-intersection-zu-ehren-des-schwerverbrechers-george-floyd-umbenannt\/\",\"url\":\"https:\/\/now-news.de\/de\/usa\/minneapolis-intersection-zu-ehren-des-schwerverbrechers-george-floyd-umbenannt\/\",\"name\":\"Minneapolis Intersection zu Ehren des Schwerverbrechers George Floyd umbenannt - just-now.NEWS Deutschland\",\"isPartOf\":{\"@id\":\"https:\/\/now-news.de\/de\/#website\"},\"primaryImageOfPage\":{\"@id\":\"https:\/\/now-news.de\/de\/usa\/minneapolis-intersection-zu-ehren-des-schwerverbrechers-george-floyd-umbenannt\/#primaryimage\"},\"image\":{\"@id\":\"https:\/\/now-news.de\/de\/usa\/minneapolis-intersection-zu-ehren-des-schwerverbrechers-george-floyd-umbenannt\/#primaryimage\"},\"thumbnailUrl\":\"https:\/\/now-news.de\/de\/wp-content\/uploads\/sites\/3\/2022\/05\/Minneapolis-Intersection-zu-Ehren-des-Schwerverbrechers-George-Floyd-umbenannt.jpg\",\"datePublished\":\"2022-05-29T17:10:00+00:00\",\"dateModified\":\"2022-05-29T17:10:00+00:00\",\"breadcrumb\":{\"@id\":\"https:\/\/now-news.de\/de\/usa\/minneapolis-intersection-zu-ehren-des-schwerverbrechers-george-floyd-umbenannt\/#breadcrumb\"},\"inLanguage\":\"de\",\"potentialAction\":[{\"@type\":\"ReadAction\",\"target\":[\"https:\/\/now-news.de\/de\/usa\/minneapolis-intersection-zu-ehren-des-schwerverbrechers-george-floyd-umbenannt\/\"]}]},{\"@type\":\"ImageObject\",\"inLanguage\":\"de\",\"@id\":\"https:\/\/now-news.de\/de\/usa\/minneapolis-intersection-zu-ehren-des-schwerverbrechers-george-floyd-umbenannt\/#primaryimage\",\"url\":\"https:\/\/now-news.de\/de\/wp-content\/uploads\/sites\/3\/2022\/05\/Minneapolis-Intersection-zu-Ehren-des-Schwerverbrechers-George-Floyd-umbenannt.jpg\",\"contentUrl\":\"https:\/\/now-news.de\/de\/wp-content\/uploads\/sites\/3\/2022\/05\/Minneapolis-Intersection-zu-Ehren-des-Schwerverbrechers-George-Floyd-umbenannt.jpg\",\"width\":2560,\"height\":1442},{\"@type\":\"BreadcrumbList\",\"@id\":\"https:\/\/now-news.de\/de\/usa\/minneapolis-intersection-zu-ehren-des-schwerverbrechers-george-floyd-umbenannt\/#breadcrumb\",\"itemListElement\":[{\"@type\":\"ListItem\",\"position\":1,\"name\":\"Home\",\"item\":\"https:\/\/now-news.de\/de\/\"},{\"@type\":\"ListItem\",\"position\":2,\"name\":\"Minneapolis Intersection zu Ehren des Schwerverbrechers George Floyd umbenannt\"}]},{\"@type\":\"WebSite\",\"@id\":\"https:\/\/now-news.de\/de\/#website\",\"url\":\"https:\/\/now-news.de\/de\/\",\"name\":\"just-now.NEWS Deutschland\",\"description\":\"Das Portal f\u00fcr unzensierte Nachrichten aus der Welt\",\"publisher\":{\"@id\":\"https:\/\/now-news.de\/de\/#organization\"},\"potentialAction\":[{\"@type\":\"SearchAction\",\"target\":{\"@type\":\"EntryPoint\",\"urlTemplate\":\"https:\/\/now-news.de\/de\/?s={search_term_string}\"},\"query-input\":\"required name=search_term_string\"}],\"inLanguage\":\"de\"},{\"@type\":\"Organization\",\"@id\":\"https:\/\/now-news.de\/de\/#organization\",\"name\":\"Just Now News\",\"url\":\"https:\/\/now-news.de\/de\/\",\"logo\":{\"@type\":\"ImageObject\",\"inLanguage\":\"de\",\"@id\":\"https:\/\/now-news.de\/de\/#\/schema\/logo\/image\/\",\"url\":\"http:\/\/just-now.news\/de\/wp-content\/uploads\/sites\/3\/2022\/04\/logo500x500.jpg\",\"contentUrl\":\"http:\/\/just-now.news\/de\/wp-content\/uploads\/sites\/3\/2022\/04\/logo500x500.jpg\",\"width\":500,\"height\":500,\"caption\":\"Just Now News\"},\"image\":{\"@id\":\"https:\/\/now-news.de\/de\/#\/schema\/logo\/image\/\"},\"sameAs\":[\"https:\/\/www.facebook.com\/wirmachenauf\",\"https:\/\/x.com\/WirMachenAuf_de\"]},{\"@type\":\"Person\",\"@id\":\"https:\/\/now-news.de\/de\/#\/schema\/person\/8afb4cd92b68572db7902c13a349ffcb\",\"name\":\"greatreset\",\"image\":{\"@type\":\"ImageObject\",\"inLanguage\":\"de\",\"@id\":\"https:\/\/now-news.de\/de\/#\/schema\/person\/image\/\",\"url\":\"https:\/\/secure.gravatar.com\/avatar\/a088df625d49991c090e78c8b9542592?s=96&d=mm&r=g\",\"contentUrl\":\"https:\/\/secure.gravatar.com\/avatar\/a088df625d49991c090e78c8b9542592?s=96&d=mm&r=g\",\"caption\":\"greatreset\"},\"url\":\"https:\/\/now-news.de\/de\/author\/greatreset\/\"}]}<\/script>\n<!-- \/ Yoast SEO Premium plugin. -->","yoast_head_json":{"title":"Minneapolis Intersection zu Ehren des Schwerverbrechers George Floyd umbenannt - just-now.NEWS Deutschland","robots":{"index":"index","follow":"follow","max-snippet":"max-snippet:-1","max-image-preview":"max-image-preview:large","max-video-preview":"max-video-preview:-1"},"canonical":"https:\/\/now-news.de\/de\/usa\/minneapolis-intersection-zu-ehren-des-schwerverbrechers-george-floyd-umbenannt\/","og_locale":"de_DE","og_type":"article","og_title":"Minneapolis Intersection zu Ehren des Schwerverbrechers George Floyd umbenannt","og_description":"Am Mittwoch wurde eine Kreuzung in Minneapolis umbenannt, um den Wiederholungst\u00e4ter George Floyd zu ehren. Floyd starb im Jahr 2020 und l\u00f6ste eine Reihe gewaltsamer Unruhen aus, die als \u201eSummer of Love\u201c bezeichnet wurden und in den USA Sch\u00e4den in H\u00f6he von \u00fcber 1 Milliarde US-Dollar verursachten. Floyds Bruder Terrence nahm an der Zeremonie teil [&hellip;]","og_url":"https:\/\/now-news.de\/de\/usa\/minneapolis-intersection-zu-ehren-des-schwerverbrechers-george-floyd-umbenannt\/","og_site_name":"just-now.NEWS Deutschland","article_publisher":"https:\/\/www.facebook.com\/wirmachenauf","article_published_time":"2022-05-29T17:10:00+00:00","og_image":[{"width":2560,"height":1442,"url":"https:\/\/now-news.de\/de\/wp-content\/uploads\/sites\/3\/2022\/05\/Minneapolis-Intersection-zu-Ehren-des-Schwerverbrechers-George-Floyd-umbenannt.jpg","type":"image\/jpeg"}],"author":"greatreset","twitter_card":"summary_large_image","twitter_creator":"@WirMachenAuf_de","twitter_site":"@WirMachenAuf_de","twitter_misc":{"Verfasst von":"greatreset","Gesch\u00e4tzte Lesezeit":"2\u00a0Minuten"},"schema":{"@context":"https:\/\/schema.org","@graph":[{"@type":"Article","@id":"https:\/\/now-news.de\/de\/usa\/minneapolis-intersection-zu-ehren-des-schwerverbrechers-george-floyd-umbenannt\/#article","isPartOf":{"@id":"https:\/\/now-news.de\/de\/usa\/minneapolis-intersection-zu-ehren-des-schwerverbrechers-george-floyd-umbenannt\/"},"author":{"name":"greatreset","@id":"https:\/\/now-news.de\/de\/#\/schema\/person\/8afb4cd92b68572db7902c13a349ffcb"},"headline":"Minneapolis Intersection zu Ehren des Schwerverbrechers George Floyd umbenannt","datePublished":"2022-05-29T17:10:00+00:00","dateModified":"2022-05-29T17:10:00+00:00","mainEntityOfPage":{"@id":"https:\/\/now-news.de\/de\/usa\/minneapolis-intersection-zu-ehren-des-schwerverbrechers-george-floyd-umbenannt\/"},"wordCount":503,"commentCount":0,"publisher":{"@id":"https:\/\/now-news.de\/de\/#organization"},"image":{"@id":"https:\/\/now-news.de\/de\/usa\/minneapolis-intersection-zu-ehren-des-schwerverbrechers-george-floyd-umbenannt\/#primaryimage"},"thumbnailUrl":"https:\/\/now-news.de\/de\/wp-content\/uploads\/sites\/3\/2022\/05\/Minneapolis-Intersection-zu-Ehren-des-Schwerverbrechers-George-Floyd-umbenannt.jpg","keywords":["des","Ehren","Floyd","George","Intersection","Minneapolis","Schwerverbrechers","umbenannt"],"articleSection":["USA"],"inLanguage":"de","potentialAction":[{"@type":"CommentAction","name":"Comment","target":["https:\/\/now-news.de\/de\/usa\/minneapolis-intersection-zu-ehren-des-schwerverbrechers-george-floyd-umbenannt\/#respond"]}]},{"@type":"WebPage","@id":"https:\/\/now-news.de\/de\/usa\/minneapolis-intersection-zu-ehren-des-schwerverbrechers-george-floyd-umbenannt\/","url":"https:\/\/now-news.de\/de\/usa\/minneapolis-intersection-zu-ehren-des-schwerverbrechers-george-floyd-umbenannt\/","name":"Minneapolis Intersection zu Ehren des Schwerverbrechers George Floyd umbenannt - just-now.NEWS Deutschland","isPartOf":{"@id":"https:\/\/now-news.de\/de\/#website"},"primaryImageOfPage":{"@id":"https:\/\/now-news.de\/de\/usa\/minneapolis-intersection-zu-ehren-des-schwerverbrechers-george-floyd-umbenannt\/#primaryimage"},"image":{"@id":"https:\/\/now-news.de\/de\/usa\/minneapolis-intersection-zu-ehren-des-schwerverbrechers-george-floyd-umbenannt\/#primaryimage"},"thumbnailUrl":"https:\/\/now-news.de\/de\/wp-content\/uploads\/sites\/3\/2022\/05\/Minneapolis-Intersection-zu-Ehren-des-Schwerverbrechers-George-Floyd-umbenannt.jpg","datePublished":"2022-05-29T17:10:00+00:00","dateModified":"2022-05-29T17:10:00+00:00","breadcrumb":{"@id":"https:\/\/now-news.de\/de\/usa\/minneapolis-intersection-zu-ehren-des-schwerverbrechers-george-floyd-umbenannt\/#breadcrumb"},"inLanguage":"de","potentialAction":[{"@type":"ReadAction","target":["https:\/\/now-news.de\/de\/usa\/minneapolis-intersection-zu-ehren-des-schwerverbrechers-george-floyd-umbenannt\/"]}]},{"@type":"ImageObject","inLanguage":"de","@id":"https:\/\/now-news.de\/de\/usa\/minneapolis-intersection-zu-ehren-des-schwerverbrechers-george-floyd-umbenannt\/#primaryimage","url":"https:\/\/now-news.de\/de\/wp-content\/uploads\/sites\/3\/2022\/05\/Minneapolis-Intersection-zu-Ehren-des-Schwerverbrechers-George-Floyd-umbenannt.jpg","contentUrl":"https:\/\/now-news.de\/de\/wp-content\/uploads\/sites\/3\/2022\/05\/Minneapolis-Intersection-zu-Ehren-des-Schwerverbrechers-George-Floyd-umbenannt.jpg","width":2560,"height":1442},{"@type":"BreadcrumbList","@id":"https:\/\/now-news.de\/de\/usa\/minneapolis-intersection-zu-ehren-des-schwerverbrechers-george-floyd-umbenannt\/#breadcrumb","itemListElement":[{"@type":"ListItem","position":1,"name":"Home","item":"https:\/\/now-news.de\/de\/"},{"@type":"ListItem","position":2,"name":"Minneapolis Intersection zu Ehren des Schwerverbrechers George Floyd umbenannt"}]},{"@type":"WebSite","@id":"https:\/\/now-news.de\/de\/#website","url":"https:\/\/now-news.de\/de\/","name":"just-now.NEWS Deutschland","description":"Das Portal f\u00fcr unzensierte Nachrichten aus der Welt","publisher":{"@id":"https:\/\/now-news.de\/de\/#organization"},"potentialAction":[{"@type":"SearchAction","target":{"@type":"EntryPoint","urlTemplate":"https:\/\/now-news.de\/de\/?s={search_term_string}"},"query-input":"required name=search_term_string"}],"inLanguage":"de"},{"@type":"Organization","@id":"https:\/\/now-news.de\/de\/#organization","name":"Just Now News","url":"https:\/\/now-news.de\/de\/","logo":{"@type":"ImageObject","inLanguage":"de","@id":"https:\/\/now-news.de\/de\/#\/schema\/logo\/image\/","url":"http:\/\/just-now.news\/de\/wp-content\/uploads\/sites\/3\/2022\/04\/logo500x500.jpg","contentUrl":"http:\/\/just-now.news\/de\/wp-content\/uploads\/sites\/3\/2022\/04\/logo500x500.jpg","width":500,"height":500,"caption":"Just Now News"},"image":{"@id":"https:\/\/now-news.de\/de\/#\/schema\/logo\/image\/"},"sameAs":["https:\/\/www.facebook.com\/wirmachenauf","https:\/\/x.com\/WirMachenAuf_de"]},{"@type":"Person","@id":"https:\/\/now-news.de\/de\/#\/schema\/person\/8afb4cd92b68572db7902c13a349ffcb","name":"greatreset","image":{"@type":"ImageObject","inLanguage":"de","@id":"https:\/\/now-news.de\/de\/#\/schema\/person\/image\/","url":"https:\/\/secure.gravatar.com\/avatar\/a088df625d49991c090e78c8b9542592?s=96&d=mm&r=g","contentUrl":"https:\/\/secure.gravatar.com\/avatar\/a088df625d49991c090e78c8b9542592?s=96&d=mm&r=g","caption":"greatreset"},"url":"https:\/\/now-news.de\/de\/author\/greatreset\/"}]}},"_links":{"self":[{"href":"https:\/\/now-news.de\/de\/wp-json\/wp\/v2\/posts\/9182"}],"collection":[{"href":"https:\/\/now-news.de\/de\/wp-json\/wp\/v2\/posts"}],"about":[{"href":"https:\/\/now-news.de\/de\/wp-json\/wp\/v2\/types\/post"}],"author":[{"embeddable":true,"href":"https:\/\/now-news.de\/de\/wp-json\/wp\/v2\/users\/5"}],"replies":[{"embeddable":true,"href":"https:\/\/now-news.de\/de\/wp-json\/wp\/v2\/comments?post=9182"}],"version-history":[{"count":0,"href":"https:\/\/now-news.de\/de\/wp-json\/wp\/v2\/posts\/9182\/revisions"}],"wp:featuredmedia":[{"embeddable":true,"href":"https:\/\/now-news.de\/de\/wp-json\/wp\/v2\/media\/9183"}],"wp:attachment":[{"href":"https:\/\/now-news.de\/de\/wp-json\/wp\/v2\/media?parent=9182"}],"wp:term":[{"taxonomy":"category","embeddable":true,"href":"https:\/\/now-news.de\/de\/wp-json\/wp\/v2\/categories?post=9182"},{"taxonomy":"post_tag","embeddable":true,"href":"https:\/\/now-news.de\/de\/wp-json\/wp\/v2\/tags?post=9182"}],"curies":[{"name":"wp","href":"https:\/\/api.w.org\/{rel}","templated":true}]}}