{"id":91776,"date":"2025-10-06T21:05:28","date_gmt":"2025-10-06T19:05:28","guid":{"rendered":"https:\/\/now-news.de\/de\/deutschland\/orban-will-wegen-zerfalls-der-europaeischen-union-euro-nicht-in-ungarn-einfuehren\/"},"modified":"2025-10-06T21:05:28","modified_gmt":"2025-10-06T19:05:28","slug":"orban-will-wegen-zerfalls-der-europaeischen-union-euro-nicht-in-ungarn-einfuehren","status":"publish","type":"post","link":"https:\/\/now-news.de\/de\/deutschland\/orban-will-wegen-zerfalls-der-europaeischen-union-euro-nicht-in-ungarn-einfuehren\/","title":{"rendered":"Orb\u00e1n will wegen &quot;Zerfalls&quot; der Europ\u00e4ischen Union Euro nicht in Ungarn einf\u00fchren"},"content":{"rendered":"<p><img decoding=\"async\" src=\"https:\/\/now-news.de\/de\/wp-content\/uploads\/sites\/3\/2025\/10\/68e3e4ad48fbef39b73d76e4.jpg\" \/><\/p>\n<div class=\"Text-root Text-type_1 \">\n                Die Einf\u00fchrung des Euro k\u00f6nnte Ungarn enger an die EU binden, erkl\u00e4rte Orb\u00e1n und betonte gleichzeitig, dass er diesen Prozess nicht in Gang setzen wolle. Seinen Worten zufolge stehe die Einf\u00fchrung einer neuen W\u00e4hrung nicht auf der Tagesordnung, da die Union &#8220;zerf\u00e4llt&#8221;.\n            <\/div>\n<p><\/p>\n<div class=\"Text-root Text-type_5 ArticleView-text ViewText-root \">\n<p>Die Frage der Einf\u00fchrung des Euro in Ungarn steht derzeit nicht auf der Tagesordnung, da sich die Europ\u00e4ische Union in einem Zerfallsprozess befinde. Dies <a rel=\"nofollow noopener\" target=\"_blank\" href=\"https:\/\/www.economx.hu\/belfold\/orban-viktor-money-talks-interju-vallalkozoi-ado-szja-mkik.817216.html\">erkl\u00e4rte<\/a> der ungarische Ministerpr\u00e4sident Viktor Orb\u00e1n in einem Gespr\u00e4ch mit dem Portal <em>EconomX<\/em>. Auf die Frage nach der Einf\u00fchrung des Euro in Ungarn antwortete er:<strong><\/strong><\/p>\n<blockquote>\n<p><em>&#8220;Diese Frage steht definitiv nicht auf meiner Tagesordnung.&#8221;<\/em><\/p>\n<\/blockquote>\n<p>In Ungarn bleibt der ungarische Forint die offizielle W\u00e4hrung. Obwohl Ungarn seit 2004 Mitglied der EU ist, hat es den Euro bislang nicht eingef\u00fchrt.<\/p>\n<p>Orb\u00e1n verwies darauf, dass sich die Europ\u00e4ische Union in einem Zerfallsprozess befindet: &#8220;Sie bricht gerade einfach auseinander.&#8221; Nach Ansicht des ungarischen Ministerpr\u00e4sidenten werde sich dieser Prozess fortsetzen, wenn keine radikalen Ver\u00e4nderungen stattfinden.<\/p>\n<p>Der ungarische Ministerpr\u00e4sident f\u00fcgte hinzu, dass er nicht m\u00f6chte, dass das Land enger als bisher mit der Europ\u00e4ischen Union verbunden ist. Die Einf\u00fchrung des Euro w\u00fcrde jedoch gerade dies bewirken.<\/p>\n<p>Orb\u00e1n begr\u00fcndete seine ablehnende Haltung gegen\u00fcber der Einf\u00fchrung der europ\u00e4ischen W\u00e4hrung damit, dass seit dem Amtsantritt von US-Pr\u00e4sident Donald Trump US-amerikanische Investitionen in H\u00f6he von 150 Milliarden Forint (mehr als 451 Millionen US-Dollar) in die ungarische Wirtschaft geflossen seien.<\/p>\n<p>Ende September erkl\u00e4rte Orb\u00e1n, dass die westlichen L\u00e4nder kein Vorbild mehr seien. Er forderte Ungarn auf, seinen eigenen Entwicklungsweg zu finden. In dem sozialen Netzwerk <em>X <\/em>schrieb er:<\/p>\n<blockquote>\n<p><em>&#8220;Wir brauchen Mut \u2013 intellektuellen, politischen und pers\u00f6nlichen Mut \u2013, um anzuerkennen, dass der Westen kein Vorbild mehr ist, und um zu zeigen, dass es einen besseren Weg gibt.&#8221;<\/em><\/p>\n<\/blockquote>\n<p>Nach Ansicht des ungarischen Ministerpr\u00e4sidenten leidet die Europ\u00e4ische Union unter politischen Misserfolgen, der Migrationskrise und Schulden, wohingegen sich Ungarn auf Familienpolitik und die Unterst\u00fctzung der Arbeitnehmer konzentriert und auf traditionelle Werte setzt.<\/p>\n<p><strong>Mehr zum Thema<\/strong> &#8211; <a rel=\"nofollow noopener\" target=\"_blank\" href=\"https:\/\/freedert.online\/europa\/257671-szijjarto-bruessel-bereitet-sich-auf-krieg-vor-ungarn-will-frieden\/\">Szijj\u00e1rt\u00f3: Br\u00fcssel bereitet sich auf Krieg vor \u2012 Ungarn will Frieden<\/a><\/p>\n<\/div>\n<p><br \/>\n<br \/><a href=\"https:\/\/de.rt.com\/europa\/258067-orban-will-wegen-zerfalls-europaeischen\/\">Source link <\/a><\/p>\n","protected":false},"excerpt":{"rendered":"<p>Die Einf\u00fchrung des Euro k\u00f6nnte Ungarn enger an die EU binden, erkl\u00e4rte Orb\u00e1n und betonte gleichzeitig, dass er diesen Prozess nicht in Gang setzen wolle. Seinen Worten zufolge stehe die Einf\u00fchrung einer neuen W\u00e4hrung nicht auf der Tagesordnung, da die Union &#8220;zerf\u00e4llt&#8221;. Die Frage der Einf\u00fchrung des Euro in Ungarn steht derzeit nicht auf der [&hellip;]<\/p>\n","protected":false},"author":3,"featured_media":91777,"comment_status":"open","ping_status":"open","sticky":false,"template":"","format":"standard","meta":{"_yoast_indexnow_last_ping":["1759778010"],"wp_automatic_camp":["217"],"15a9c0a7e083d59cbc9c3dc2458b33c0":["Orb\u00e1n will wegen &quot;Zerfalls&quot; der Europ\u00e4ischen Union Euro nicht in Ungarn einf\u00fchren"],"original_link":["https:\/\/de.rt.com\/europa\/258067-orban-will-wegen-zerfalls-europaeischen\/"],"_thumbnail_id":["91777"],"jnews_social_counter_last_update":["1777170022"],"_wptgpro_p2tg_sent2tg":["a:1:{i:23737;s:19:\"2025-10-06 21:14:31\";}"]},"categories":[19,23],"tags":[82,23929,1005,20513,800,6397,68252,11664,6716,145],"yoast_head":"<!-- This site is optimized with the Yoast SEO Premium plugin v22.7 (Yoast SEO v22.7) - https:\/\/yoast.com\/wordpress\/plugins\/seo\/ -->\n<title>Orb\u00e1n will wegen &quot;Zerfalls&quot; der Europ\u00e4ischen Union Euro nicht in Ungarn einf\u00fchren - just-now.NEWS Deutschland<\/title>\n<meta name=\"robots\" content=\"index, follow, max-snippet:-1, max-image-preview:large, max-video-preview:-1\" \/>\n<link rel=\"canonical\" href=\"https:\/\/now-news.de\/de\/deutschland\/orban-will-wegen-zerfalls-der-europaeischen-union-euro-nicht-in-ungarn-einfuehren\/\" \/>\n<meta property=\"og:locale\" content=\"de_DE\" \/>\n<meta property=\"og:type\" content=\"article\" \/>\n<meta property=\"og:title\" content=\"Orb\u00e1n will wegen &quot;Zerfalls&quot; der Europ\u00e4ischen Union Euro nicht in Ungarn einf\u00fchren\" \/>\n<meta property=\"og:description\" content=\"Die Einf\u00fchrung des Euro k\u00f6nnte Ungarn enger an die EU binden, erkl\u00e4rte Orb\u00e1n und betonte gleichzeitig, dass er diesen Prozess nicht in Gang setzen wolle. Seinen Worten zufolge stehe die Einf\u00fchrung einer neuen W\u00e4hrung nicht auf der Tagesordnung, da die Union &#8220;zerf\u00e4llt&#8221;. Die Frage der Einf\u00fchrung des Euro in Ungarn steht derzeit nicht auf der [&hellip;]\" \/>\n<meta property=\"og:url\" content=\"https:\/\/now-news.de\/de\/deutschland\/orban-will-wegen-zerfalls-der-europaeischen-union-euro-nicht-in-ungarn-einfuehren\/\" \/>\n<meta property=\"og:site_name\" content=\"just-now.NEWS Deutschland\" \/>\n<meta property=\"article:publisher\" content=\"https:\/\/www.facebook.com\/wirmachenauf\" \/>\n<meta property=\"article:published_time\" content=\"2025-10-06T19:05:28+00:00\" \/>\n<meta property=\"og:image\" content=\"https:\/\/now-news.de\/de\/wp-content\/uploads\/sites\/3\/2025\/10\/68e3e4ad48fbef39b73d76e4.jpg\" \/>\n<meta name=\"author\" content=\"rtnews\" \/>\n<meta name=\"twitter:card\" content=\"summary_large_image\" \/>\n<meta name=\"twitter:creator\" content=\"@WirMachenAuf_de\" \/>\n<meta name=\"twitter:site\" content=\"@WirMachenAuf_de\" \/>\n<meta name=\"twitter:label1\" content=\"Verfasst von\" \/>\n\t<meta name=\"twitter:data1\" content=\"rtnews\" \/>\n\t<meta name=\"twitter:label2\" content=\"Gesch\u00e4tzte Lesezeit\" \/>\n\t<meta name=\"twitter:data2\" content=\"2\u00a0Minuten\" \/>\n<script type=\"application\/ld+json\" class=\"yoast-schema-graph\">{\"@context\":\"https:\/\/schema.org\",\"@graph\":[{\"@type\":\"Article\",\"@id\":\"https:\/\/now-news.de\/de\/deutschland\/orban-will-wegen-zerfalls-der-europaeischen-union-euro-nicht-in-ungarn-einfuehren\/#article\",\"isPartOf\":{\"@id\":\"https:\/\/now-news.de\/de\/deutschland\/orban-will-wegen-zerfalls-der-europaeischen-union-euro-nicht-in-ungarn-einfuehren\/\"},\"author\":{\"name\":\"rtnews\",\"@id\":\"https:\/\/now-news.de\/de\/#\/schema\/person\/fb534a4e865501d8b3285208df34a9b5\"},\"headline\":\"Orb\u00e1n will wegen &quot;Zerfalls&quot; der Europ\u00e4ischen Union Euro nicht in Ungarn einf\u00fchren\",\"datePublished\":\"2025-10-06T19:05:28+00:00\",\"dateModified\":\"2025-10-06T19:05:28+00:00\",\"mainEntityOfPage\":{\"@id\":\"https:\/\/now-news.de\/de\/deutschland\/orban-will-wegen-zerfalls-der-europaeischen-union-euro-nicht-in-ungarn-einfuehren\/\"},\"wordCount\":385,\"commentCount\":0,\"publisher\":{\"@id\":\"https:\/\/now-news.de\/de\/#organization\"},\"image\":{\"@id\":\"https:\/\/now-news.de\/de\/deutschland\/orban-will-wegen-zerfalls-der-europaeischen-union-euro-nicht-in-ungarn-einfuehren\/#primaryimage\"},\"thumbnailUrl\":\"https:\/\/now-news.de\/de\/wp-content\/uploads\/sites\/3\/2025\/10\/Orban-will-wegen-quotZerfallsquot-der-Europaeischen-Union-Euro-nicht-in.jpg\",\"keywords\":[\"der\",\"einf\u00fchren\",\"Euro\",\"Europ\u00e4ischen\",\"nicht\",\"Orb\u00e1n\",\"quotZerfallsquot\",\"Ungarn\",\"Union\",\"wegen\"],\"articleSection\":[\"Deutschland\",\"Russland\"],\"inLanguage\":\"de\",\"potentialAction\":[{\"@type\":\"CommentAction\",\"name\":\"Comment\",\"target\":[\"https:\/\/now-news.de\/de\/deutschland\/orban-will-wegen-zerfalls-der-europaeischen-union-euro-nicht-in-ungarn-einfuehren\/#respond\"]}]},{\"@type\":\"WebPage\",\"@id\":\"https:\/\/now-news.de\/de\/deutschland\/orban-will-wegen-zerfalls-der-europaeischen-union-euro-nicht-in-ungarn-einfuehren\/\",\"url\":\"https:\/\/now-news.de\/de\/deutschland\/orban-will-wegen-zerfalls-der-europaeischen-union-euro-nicht-in-ungarn-einfuehren\/\",\"name\":\"Orb\u00e1n will wegen &quot;Zerfalls&quot; der Europ\u00e4ischen Union Euro nicht in Ungarn einf\u00fchren - just-now.NEWS Deutschland\",\"isPartOf\":{\"@id\":\"https:\/\/now-news.de\/de\/#website\"},\"primaryImageOfPage\":{\"@id\":\"https:\/\/now-news.de\/de\/deutschland\/orban-will-wegen-zerfalls-der-europaeischen-union-euro-nicht-in-ungarn-einfuehren\/#primaryimage\"},\"image\":{\"@id\":\"https:\/\/now-news.de\/de\/deutschland\/orban-will-wegen-zerfalls-der-europaeischen-union-euro-nicht-in-ungarn-einfuehren\/#primaryimage\"},\"thumbnailUrl\":\"https:\/\/now-news.de\/de\/wp-content\/uploads\/sites\/3\/2025\/10\/Orban-will-wegen-quotZerfallsquot-der-Europaeischen-Union-Euro-nicht-in.jpg\",\"datePublished\":\"2025-10-06T19:05:28+00:00\",\"dateModified\":\"2025-10-06T19:05:28+00:00\",\"breadcrumb\":{\"@id\":\"https:\/\/now-news.de\/de\/deutschland\/orban-will-wegen-zerfalls-der-europaeischen-union-euro-nicht-in-ungarn-einfuehren\/#breadcrumb\"},\"inLanguage\":\"de\",\"potentialAction\":[{\"@type\":\"ReadAction\",\"target\":[\"https:\/\/now-news.de\/de\/deutschland\/orban-will-wegen-zerfalls-der-europaeischen-union-euro-nicht-in-ungarn-einfuehren\/\"]}]},{\"@type\":\"ImageObject\",\"inLanguage\":\"de\",\"@id\":\"https:\/\/now-news.de\/de\/deutschland\/orban-will-wegen-zerfalls-der-europaeischen-union-euro-nicht-in-ungarn-einfuehren\/#primaryimage\",\"url\":\"https:\/\/now-news.de\/de\/wp-content\/uploads\/sites\/3\/2025\/10\/Orban-will-wegen-quotZerfallsquot-der-Europaeischen-Union-Euro-nicht-in.jpg\",\"contentUrl\":\"https:\/\/now-news.de\/de\/wp-content\/uploads\/sites\/3\/2025\/10\/Orban-will-wegen-quotZerfallsquot-der-Europaeischen-Union-Euro-nicht-in.jpg\",\"width\":460,\"height\":259,\"caption\":\"Orb\u00e1n will wegen &quot;Zerfalls&quot; der Europ\u00e4ischen Union Euro nicht in Ungarn einf\u00fchren\"},{\"@type\":\"BreadcrumbList\",\"@id\":\"https:\/\/now-news.de\/de\/deutschland\/orban-will-wegen-zerfalls-der-europaeischen-union-euro-nicht-in-ungarn-einfuehren\/#breadcrumb\",\"itemListElement\":[{\"@type\":\"ListItem\",\"position\":1,\"name\":\"Home\",\"item\":\"https:\/\/now-news.de\/de\/\"},{\"@type\":\"ListItem\",\"position\":2,\"name\":\"Orb\u00e1n will wegen &quot;Zerfalls&quot; der Europ\u00e4ischen Union Euro nicht in Ungarn einf\u00fchren\"}]},{\"@type\":\"WebSite\",\"@id\":\"https:\/\/now-news.de\/de\/#website\",\"url\":\"https:\/\/now-news.de\/de\/\",\"name\":\"just-now.NEWS Deutschland\",\"description\":\"Das Portal f\u00fcr unzensierte Nachrichten aus der Welt\",\"publisher\":{\"@id\":\"https:\/\/now-news.de\/de\/#organization\"},\"potentialAction\":[{\"@type\":\"SearchAction\",\"target\":{\"@type\":\"EntryPoint\",\"urlTemplate\":\"https:\/\/now-news.de\/de\/?s={search_term_string}\"},\"query-input\":\"required name=search_term_string\"}],\"inLanguage\":\"de\"},{\"@type\":\"Organization\",\"@id\":\"https:\/\/now-news.de\/de\/#organization\",\"name\":\"Just Now News\",\"url\":\"https:\/\/now-news.de\/de\/\",\"logo\":{\"@type\":\"ImageObject\",\"inLanguage\":\"de\",\"@id\":\"https:\/\/now-news.de\/de\/#\/schema\/logo\/image\/\",\"url\":\"http:\/\/just-now.news\/de\/wp-content\/uploads\/sites\/3\/2022\/04\/logo500x500.jpg\",\"contentUrl\":\"http:\/\/just-now.news\/de\/wp-content\/uploads\/sites\/3\/2022\/04\/logo500x500.jpg\",\"width\":500,\"height\":500,\"caption\":\"Just Now News\"},\"image\":{\"@id\":\"https:\/\/now-news.de\/de\/#\/schema\/logo\/image\/\"},\"sameAs\":[\"https:\/\/www.facebook.com\/wirmachenauf\",\"https:\/\/x.com\/WirMachenAuf_de\"]},{\"@type\":\"Person\",\"@id\":\"https:\/\/now-news.de\/de\/#\/schema\/person\/fb534a4e865501d8b3285208df34a9b5\",\"name\":\"rtnews\",\"image\":{\"@type\":\"ImageObject\",\"inLanguage\":\"de\",\"@id\":\"https:\/\/now-news.de\/de\/#\/schema\/person\/image\/\",\"url\":\"https:\/\/secure.gravatar.com\/avatar\/82aafea7d8127119dd649515f56e2117?s=96&d=mm&r=g\",\"contentUrl\":\"https:\/\/secure.gravatar.com\/avatar\/82aafea7d8127119dd649515f56e2117?s=96&d=mm&r=g\",\"caption\":\"rtnews\"},\"url\":\"https:\/\/now-news.de\/de\/author\/rnews\/\"}]}<\/script>\n<!-- \/ Yoast SEO Premium plugin. -->","yoast_head_json":{"title":"Orb\u00e1n will wegen &quot;Zerfalls&quot; der Europ\u00e4ischen Union Euro nicht in Ungarn einf\u00fchren - just-now.NEWS Deutschland","robots":{"index":"index","follow":"follow","max-snippet":"max-snippet:-1","max-image-preview":"max-image-preview:large","max-video-preview":"max-video-preview:-1"},"canonical":"https:\/\/now-news.de\/de\/deutschland\/orban-will-wegen-zerfalls-der-europaeischen-union-euro-nicht-in-ungarn-einfuehren\/","og_locale":"de_DE","og_type":"article","og_title":"Orb\u00e1n will wegen &quot;Zerfalls&quot; der Europ\u00e4ischen Union Euro nicht in Ungarn einf\u00fchren","og_description":"Die Einf\u00fchrung des Euro k\u00f6nnte Ungarn enger an die EU binden, erkl\u00e4rte Orb\u00e1n und betonte gleichzeitig, dass er diesen Prozess nicht in Gang setzen wolle. Seinen Worten zufolge stehe die Einf\u00fchrung einer neuen W\u00e4hrung nicht auf der Tagesordnung, da die Union &#8220;zerf\u00e4llt&#8221;. Die Frage der Einf\u00fchrung des Euro in Ungarn steht derzeit nicht auf der [&hellip;]","og_url":"https:\/\/now-news.de\/de\/deutschland\/orban-will-wegen-zerfalls-der-europaeischen-union-euro-nicht-in-ungarn-einfuehren\/","og_site_name":"just-now.NEWS Deutschland","article_publisher":"https:\/\/www.facebook.com\/wirmachenauf","article_published_time":"2025-10-06T19:05:28+00:00","og_image":[{"url":"https:\/\/now-news.de\/de\/wp-content\/uploads\/sites\/3\/2025\/10\/68e3e4ad48fbef39b73d76e4.jpg"}],"author":"rtnews","twitter_card":"summary_large_image","twitter_creator":"@WirMachenAuf_de","twitter_site":"@WirMachenAuf_de","twitter_misc":{"Verfasst von":"rtnews","Gesch\u00e4tzte Lesezeit":"2\u00a0Minuten"},"schema":{"@context":"https:\/\/schema.org","@graph":[{"@type":"Article","@id":"https:\/\/now-news.de\/de\/deutschland\/orban-will-wegen-zerfalls-der-europaeischen-union-euro-nicht-in-ungarn-einfuehren\/#article","isPartOf":{"@id":"https:\/\/now-news.de\/de\/deutschland\/orban-will-wegen-zerfalls-der-europaeischen-union-euro-nicht-in-ungarn-einfuehren\/"},"author":{"name":"rtnews","@id":"https:\/\/now-news.de\/de\/#\/schema\/person\/fb534a4e865501d8b3285208df34a9b5"},"headline":"Orb\u00e1n will wegen &quot;Zerfalls&quot; der Europ\u00e4ischen Union Euro nicht in Ungarn einf\u00fchren","datePublished":"2025-10-06T19:05:28+00:00","dateModified":"2025-10-06T19:05:28+00:00","mainEntityOfPage":{"@id":"https:\/\/now-news.de\/de\/deutschland\/orban-will-wegen-zerfalls-der-europaeischen-union-euro-nicht-in-ungarn-einfuehren\/"},"wordCount":385,"commentCount":0,"publisher":{"@id":"https:\/\/now-news.de\/de\/#organization"},"image":{"@id":"https:\/\/now-news.de\/de\/deutschland\/orban-will-wegen-zerfalls-der-europaeischen-union-euro-nicht-in-ungarn-einfuehren\/#primaryimage"},"thumbnailUrl":"https:\/\/now-news.de\/de\/wp-content\/uploads\/sites\/3\/2025\/10\/Orban-will-wegen-quotZerfallsquot-der-Europaeischen-Union-Euro-nicht-in.jpg","keywords":["der","einf\u00fchren","Euro","Europ\u00e4ischen","nicht","Orb\u00e1n","quotZerfallsquot","Ungarn","Union","wegen"],"articleSection":["Deutschland","Russland"],"inLanguage":"de","potentialAction":[{"@type":"CommentAction","name":"Comment","target":["https:\/\/now-news.de\/de\/deutschland\/orban-will-wegen-zerfalls-der-europaeischen-union-euro-nicht-in-ungarn-einfuehren\/#respond"]}]},{"@type":"WebPage","@id":"https:\/\/now-news.de\/de\/deutschland\/orban-will-wegen-zerfalls-der-europaeischen-union-euro-nicht-in-ungarn-einfuehren\/","url":"https:\/\/now-news.de\/de\/deutschland\/orban-will-wegen-zerfalls-der-europaeischen-union-euro-nicht-in-ungarn-einfuehren\/","name":"Orb\u00e1n will wegen &quot;Zerfalls&quot; der Europ\u00e4ischen Union Euro nicht in Ungarn einf\u00fchren - just-now.NEWS Deutschland","isPartOf":{"@id":"https:\/\/now-news.de\/de\/#website"},"primaryImageOfPage":{"@id":"https:\/\/now-news.de\/de\/deutschland\/orban-will-wegen-zerfalls-der-europaeischen-union-euro-nicht-in-ungarn-einfuehren\/#primaryimage"},"image":{"@id":"https:\/\/now-news.de\/de\/deutschland\/orban-will-wegen-zerfalls-der-europaeischen-union-euro-nicht-in-ungarn-einfuehren\/#primaryimage"},"thumbnailUrl":"https:\/\/now-news.de\/de\/wp-content\/uploads\/sites\/3\/2025\/10\/Orban-will-wegen-quotZerfallsquot-der-Europaeischen-Union-Euro-nicht-in.jpg","datePublished":"2025-10-06T19:05:28+00:00","dateModified":"2025-10-06T19:05:28+00:00","breadcrumb":{"@id":"https:\/\/now-news.de\/de\/deutschland\/orban-will-wegen-zerfalls-der-europaeischen-union-euro-nicht-in-ungarn-einfuehren\/#breadcrumb"},"inLanguage":"de","potentialAction":[{"@type":"ReadAction","target":["https:\/\/now-news.de\/de\/deutschland\/orban-will-wegen-zerfalls-der-europaeischen-union-euro-nicht-in-ungarn-einfuehren\/"]}]},{"@type":"ImageObject","inLanguage":"de","@id":"https:\/\/now-news.de\/de\/deutschland\/orban-will-wegen-zerfalls-der-europaeischen-union-euro-nicht-in-ungarn-einfuehren\/#primaryimage","url":"https:\/\/now-news.de\/de\/wp-content\/uploads\/sites\/3\/2025\/10\/Orban-will-wegen-quotZerfallsquot-der-Europaeischen-Union-Euro-nicht-in.jpg","contentUrl":"https:\/\/now-news.de\/de\/wp-content\/uploads\/sites\/3\/2025\/10\/Orban-will-wegen-quotZerfallsquot-der-Europaeischen-Union-Euro-nicht-in.jpg","width":460,"height":259,"caption":"Orb\u00e1n will wegen &quot;Zerfalls&quot; der Europ\u00e4ischen Union Euro nicht in Ungarn einf\u00fchren"},{"@type":"BreadcrumbList","@id":"https:\/\/now-news.de\/de\/deutschland\/orban-will-wegen-zerfalls-der-europaeischen-union-euro-nicht-in-ungarn-einfuehren\/#breadcrumb","itemListElement":[{"@type":"ListItem","position":1,"name":"Home","item":"https:\/\/now-news.de\/de\/"},{"@type":"ListItem","position":2,"name":"Orb\u00e1n will wegen &quot;Zerfalls&quot; der Europ\u00e4ischen Union Euro nicht in Ungarn einf\u00fchren"}]},{"@type":"WebSite","@id":"https:\/\/now-news.de\/de\/#website","url":"https:\/\/now-news.de\/de\/","name":"just-now.NEWS Deutschland","description":"Das Portal f\u00fcr unzensierte Nachrichten aus der Welt","publisher":{"@id":"https:\/\/now-news.de\/de\/#organization"},"potentialAction":[{"@type":"SearchAction","target":{"@type":"EntryPoint","urlTemplate":"https:\/\/now-news.de\/de\/?s={search_term_string}"},"query-input":"required name=search_term_string"}],"inLanguage":"de"},{"@type":"Organization","@id":"https:\/\/now-news.de\/de\/#organization","name":"Just Now News","url":"https:\/\/now-news.de\/de\/","logo":{"@type":"ImageObject","inLanguage":"de","@id":"https:\/\/now-news.de\/de\/#\/schema\/logo\/image\/","url":"http:\/\/just-now.news\/de\/wp-content\/uploads\/sites\/3\/2022\/04\/logo500x500.jpg","contentUrl":"http:\/\/just-now.news\/de\/wp-content\/uploads\/sites\/3\/2022\/04\/logo500x500.jpg","width":500,"height":500,"caption":"Just Now News"},"image":{"@id":"https:\/\/now-news.de\/de\/#\/schema\/logo\/image\/"},"sameAs":["https:\/\/www.facebook.com\/wirmachenauf","https:\/\/x.com\/WirMachenAuf_de"]},{"@type":"Person","@id":"https:\/\/now-news.de\/de\/#\/schema\/person\/fb534a4e865501d8b3285208df34a9b5","name":"rtnews","image":{"@type":"ImageObject","inLanguage":"de","@id":"https:\/\/now-news.de\/de\/#\/schema\/person\/image\/","url":"https:\/\/secure.gravatar.com\/avatar\/82aafea7d8127119dd649515f56e2117?s=96&d=mm&r=g","contentUrl":"https:\/\/secure.gravatar.com\/avatar\/82aafea7d8127119dd649515f56e2117?s=96&d=mm&r=g","caption":"rtnews"},"url":"https:\/\/now-news.de\/de\/author\/rnews\/"}]}},"_links":{"self":[{"href":"https:\/\/now-news.de\/de\/wp-json\/wp\/v2\/posts\/91776"}],"collection":[{"href":"https:\/\/now-news.de\/de\/wp-json\/wp\/v2\/posts"}],"about":[{"href":"https:\/\/now-news.de\/de\/wp-json\/wp\/v2\/types\/post"}],"author":[{"embeddable":true,"href":"https:\/\/now-news.de\/de\/wp-json\/wp\/v2\/users\/3"}],"replies":[{"embeddable":true,"href":"https:\/\/now-news.de\/de\/wp-json\/wp\/v2\/comments?post=91776"}],"version-history":[{"count":0,"href":"https:\/\/now-news.de\/de\/wp-json\/wp\/v2\/posts\/91776\/revisions"}],"wp:featuredmedia":[{"embeddable":true,"href":"https:\/\/now-news.de\/de\/wp-json\/wp\/v2\/media\/91777"}],"wp:attachment":[{"href":"https:\/\/now-news.de\/de\/wp-json\/wp\/v2\/media?parent=91776"}],"wp:term":[{"taxonomy":"category","embeddable":true,"href":"https:\/\/now-news.de\/de\/wp-json\/wp\/v2\/categories?post=91776"},{"taxonomy":"post_tag","embeddable":true,"href":"https:\/\/now-news.de\/de\/wp-json\/wp\/v2\/tags?post=91776"}],"curies":[{"name":"wp","href":"https:\/\/api.w.org\/{rel}","templated":true}]}}