{"id":91707,"date":"2025-10-05T16:47:32","date_gmt":"2025-10-05T14:47:32","guid":{"rendered":"https:\/\/now-news.de\/de\/deutschland\/wegen-kubanischer-soeldner-in-ukraine-usa-draengen-verbuendete-bei-un-zu-sanktionen-gegen-havanna\/"},"modified":"2025-10-05T16:47:32","modified_gmt":"2025-10-05T14:47:32","slug":"wegen-kubanischer-soeldner-in-ukraine-usa-draengen-verbuendete-bei-un-zu-sanktionen-gegen-havanna","status":"publish","type":"post","link":"https:\/\/now-news.de\/de\/deutschland\/wegen-kubanischer-soeldner-in-ukraine-usa-draengen-verbuendete-bei-un-zu-sanktionen-gegen-havanna\/","title":{"rendered":"&quot;Wegen kubanischer S\u00f6ldner in Ukraine&quot;: USA dr\u00e4ngen Verb\u00fcndete bei UN zu Sanktionen gegen Havanna"},"content":{"rendered":"<p><img decoding=\"async\" src=\"https:\/\/now-news.de\/de\/wp-content\/uploads\/sites\/3\/2025\/10\/68e27407b480cc6266626f83.jpg\" \/><\/p>\n<div class=\"Text-root Text-type_1 \">\n                Tausende Kubaner sollen nach Darstellung der US-Regierung als &#8220;S\u00f6ldner&#8221; im Krieg gegen die Ukraine k\u00e4mpfen. Jetzt nutzt Trump den Vorwurf, um die Aufhebung der Sanktionen gegen Kuba abzuwenden, obgleich die Mehrheit der UN-Staaten diese ablehnt.\n            <\/div>\n<p><\/p>\n<div class=\"Text-root Text-type_5 ArticleView-text ViewText-root \">\n<p>Die Regierung von Pr\u00e4sident Donald Trump mobilisiert US-Diplomaten, um gegen eine UN-Resolution zu lobbyieren, die Washington dazu auffordert, das seit Jahrzehnten bestehende Embargo gegen Kuba aufzuheben. Dazu werden unter anderem Details \u00fcber &#8220;Kubas Unterst\u00fctzung f\u00fcr Russlands Operation in der Ukraine&#8221; weitergegeben, wie aus einem internen Dokument des Au\u00dfenministeriums hervorgeht, das <em>Reuters<\/em> vorliegt.<\/p>\n<p>Im Rahmen dieser Kampagne sollen US-Diplomaten den Verb\u00fcndeten mitteilen, dass die kubanische Regierung die Milit\u00e4roperation Russlands in der Ukraine angeblich aktiv unterst\u00fctze und bis zu 5.000 Kubaner an der Seite der Moskauer Streitkr\u00e4fte k\u00e4mpften.<\/p>\n<p>In dem Telegramm vom 2. Oktober, das an Dutzende US-Vertretungen geschickt wurde, werden amerikanische Diplomaten aufgefordert, die Regierungen zu dr\u00e4ngen, sich der nicht bindenden Resolution zu widersetzen, die seit 1992 jedes Jahr mit gro\u00dfer Mehrheit in der UN-Generalversammlung verabschiedet wurde.<\/p>\n<p>Beamte der St\u00e4ndigen Vertretung Kubas bei den Vereinten Nationen reagierten nicht sofort auf eine Anfrage nach einer Stellungnahme zu diesem Bericht.<\/p>\n<p>Im vergangenen Jahr verabschiedete die Generalversammlung die Resolution mit 187 Ja-Stimmen. Die Vereinigten Staaten und Israel waren die einzigen L\u00e4nder, die dagegen stimmten; Moldawien enthielt sich der Stimme.<\/p>\n<p>Seit seiner R\u00fcckkehr ins Amt im Januar hat Trump die Sanktionen versch\u00e4rft, Kuba wieder auf die US-Liste der Staaten gesetzt, die &#8220;Terrorismus&#8221; unterst\u00fctzen, die Finanz- und Reisebeschr\u00e4nkungen verst\u00e4rkt und Sanktionen gegen Drittstaaten verh\u00e4ngt, die kubanische \u00c4rzte aufnehmen.<\/p>\n<p><em>&#8220;Die Trump-Regierung wird nicht tatenlos zusehen oder ein illegitimes Regime unterst\u00fctzen, das unsere nationalen Sicherheitsinteressen in unserer Region untergr\u00e4bt&#8221;,<\/em><\/p>\n<p>erkl\u00e4rte ein Sprecher des Au\u00dfenministeriums am Samstag in einer E-Mail.<\/p>\n<p>Die kubanische Regierung macht die US-Sanktionen f\u00fcr die schwere Krise verantwortlich, in der sich das Land befindet \u2013 den schlimmsten wirtschaftlichen Abschwung seit Jahrzehnten, der durch einen Mangel an Grundg\u00fctern, eine zusammenbrechende Infrastruktur und eine galoppierende Inflation gekennzeichnet ist.<\/p>\n<p>In dem Telegramm wurde der kubanischen Regierung zudem vorgeworfen, die &#8220;Demokratien&#8221; in der westlichen Hemisph\u00e4re zu untergraben, da die Spannungen zwischen Washington und Venezuela zunehmen, Kubas wichtigstem politischen und wirtschaftlichen Verb\u00fcndeten. Das US-Milit\u00e4r hat in der Karibik Angriffe auf Schiffe aus Venezuela durchgef\u00fchrt, die angeblich Drogen transportierten. Der j\u00fcngste US-Angriff ereignete sich\u00a0am Freitag.<\/p>\n<p><strong>Mehr zum Thema<\/strong>\u00a0\u2013\u00a0<a rel=\"nofollow noopener\" target=\"_blank\" href=\"https:\/\/freedert.online\/international\/256886-in-sprache-von-intervision-projekt\/\">In der Sprache von Intervision: Projekt Russlands und des Globalen S\u00fcdens bringt Westen zur Wei\u00dfglut<\/a><\/p>\n<div class=\"EmbedBlock-root EmbedBlock-externalVideo EmbedBlock-rumble\">\n<div class=\"VkEmbed\"><iframe class=\"lazyload\" data-src=\"https:\/\/rumble.com\/embed\/v6vrwcc\" frameborder=\"0\" width=\"853\" height=\"480\" allowfullscreen><\/iframe><\/div>\n<\/div>\n<\/div>\n<p><br \/>\n<br \/><a href=\"https:\/\/de.rt.com\/international\/257976-wegen-kubanischer-soeldner-in-ukraine\/\">Source link <\/a><\/p>\n","protected":false},"excerpt":{"rendered":"<p>Tausende Kubaner sollen nach Darstellung der US-Regierung als &#8220;S\u00f6ldner&#8221; im Krieg gegen die Ukraine k\u00e4mpfen. Jetzt nutzt Trump den Vorwurf, um die Aufhebung der Sanktionen gegen Kuba abzuwenden, obgleich die Mehrheit der UN-Staaten diese ablehnt. Die Regierung von Pr\u00e4sident Donald Trump mobilisiert US-Diplomaten, um gegen eine UN-Resolution zu lobbyieren, die Washington dazu auffordert, das seit [&hellip;]<\/p>\n","protected":false},"author":3,"featured_media":91708,"comment_status":"open","ping_status":"open","sticky":false,"template":"","format":"standard","meta":{"_yoast_indexnow_last_ping":["1759675933"],"wp_automatic_camp":["217"],"0f911ab3a1e13fccd8ebf2a28ed3cc0e":["&quot;Wegen kubanischer S\u00f6ldner in Ukraine&quot;: USA dr\u00e4ngen Verb\u00fcndete bei UN zu Sanktionen gegen Havanna"],"original_link":["https:\/\/de.rt.com\/international\/257976-wegen-kubanischer-soeldner-in-ukraine\/"],"_thumbnail_id":["91708"],"jnews_social_counter_last_update":["1777655097"],"_wptgpro_p2tg_sent2tg":["a:1:{i:23737;s:19:\"2025-10-05 16:53:13\";}"]},"categories":[19,23],"tags":[363,19012,278,19021,68231,19887,713,1086,19275,193,20545],"yoast_head":"<!-- This site is optimized with the Yoast SEO Premium plugin v22.7 (Yoast SEO v22.7) - https:\/\/yoast.com\/wordpress\/plugins\/seo\/ -->\n<title>&quot;Wegen kubanischer S\u00f6ldner in Ukraine&quot;: USA dr\u00e4ngen Verb\u00fcndete bei UN zu Sanktionen gegen Havanna - just-now.NEWS Deutschland<\/title>\n<meta name=\"robots\" content=\"index, follow, max-snippet:-1, max-image-preview:large, max-video-preview:-1\" \/>\n<link rel=\"canonical\" href=\"https:\/\/now-news.de\/de\/deutschland\/wegen-kubanischer-soeldner-in-ukraine-usa-draengen-verbuendete-bei-un-zu-sanktionen-gegen-havanna\/\" \/>\n<meta property=\"og:locale\" content=\"de_DE\" \/>\n<meta property=\"og:type\" content=\"article\" \/>\n<meta property=\"og:title\" content=\"&quot;Wegen kubanischer S\u00f6ldner in Ukraine&quot;: USA dr\u00e4ngen Verb\u00fcndete bei UN zu Sanktionen gegen Havanna\" \/>\n<meta property=\"og:description\" content=\"Tausende Kubaner sollen nach Darstellung der US-Regierung als &#8220;S\u00f6ldner&#8221; im Krieg gegen die Ukraine k\u00e4mpfen. Jetzt nutzt Trump den Vorwurf, um die Aufhebung der Sanktionen gegen Kuba abzuwenden, obgleich die Mehrheit der UN-Staaten diese ablehnt. Die Regierung von Pr\u00e4sident Donald Trump mobilisiert US-Diplomaten, um gegen eine UN-Resolution zu lobbyieren, die Washington dazu auffordert, das seit [&hellip;]\" \/>\n<meta property=\"og:url\" content=\"https:\/\/now-news.de\/de\/deutschland\/wegen-kubanischer-soeldner-in-ukraine-usa-draengen-verbuendete-bei-un-zu-sanktionen-gegen-havanna\/\" \/>\n<meta property=\"og:site_name\" content=\"just-now.NEWS Deutschland\" \/>\n<meta property=\"article:publisher\" content=\"https:\/\/www.facebook.com\/wirmachenauf\" \/>\n<meta property=\"article:published_time\" content=\"2025-10-05T14:47:32+00:00\" \/>\n<meta property=\"og:image\" content=\"https:\/\/now-news.de\/de\/wp-content\/uploads\/sites\/3\/2025\/10\/68e27407b480cc6266626f83.jpg\" \/>\n<meta name=\"author\" content=\"rtnews\" \/>\n<meta name=\"twitter:card\" content=\"summary_large_image\" \/>\n<meta name=\"twitter:creator\" content=\"@WirMachenAuf_de\" \/>\n<meta name=\"twitter:site\" content=\"@WirMachenAuf_de\" \/>\n<meta name=\"twitter:label1\" content=\"Verfasst von\" \/>\n\t<meta name=\"twitter:data1\" content=\"rtnews\" \/>\n\t<meta name=\"twitter:label2\" content=\"Gesch\u00e4tzte Lesezeit\" \/>\n\t<meta name=\"twitter:data2\" content=\"2\u00a0Minuten\" \/>\n<script type=\"application\/ld+json\" class=\"yoast-schema-graph\">{\"@context\":\"https:\/\/schema.org\",\"@graph\":[{\"@type\":\"Article\",\"@id\":\"https:\/\/now-news.de\/de\/deutschland\/wegen-kubanischer-soeldner-in-ukraine-usa-draengen-verbuendete-bei-un-zu-sanktionen-gegen-havanna\/#article\",\"isPartOf\":{\"@id\":\"https:\/\/now-news.de\/de\/deutschland\/wegen-kubanischer-soeldner-in-ukraine-usa-draengen-verbuendete-bei-un-zu-sanktionen-gegen-havanna\/\"},\"author\":{\"name\":\"rtnews\",\"@id\":\"https:\/\/now-news.de\/de\/#\/schema\/person\/fb534a4e865501d8b3285208df34a9b5\"},\"headline\":\"&quot;Wegen kubanischer S\u00f6ldner in Ukraine&quot;: USA dr\u00e4ngen Verb\u00fcndete bei UN zu Sanktionen gegen Havanna\",\"datePublished\":\"2025-10-05T14:47:32+00:00\",\"dateModified\":\"2025-10-05T14:47:32+00:00\",\"mainEntityOfPage\":{\"@id\":\"https:\/\/now-news.de\/de\/deutschland\/wegen-kubanischer-soeldner-in-ukraine-usa-draengen-verbuendete-bei-un-zu-sanktionen-gegen-havanna\/\"},\"wordCount\":438,\"commentCount\":0,\"publisher\":{\"@id\":\"https:\/\/now-news.de\/de\/#organization\"},\"image\":{\"@id\":\"https:\/\/now-news.de\/de\/deutschland\/wegen-kubanischer-soeldner-in-ukraine-usa-draengen-verbuendete-bei-un-zu-sanktionen-gegen-havanna\/#primaryimage\"},\"thumbnailUrl\":\"https:\/\/now-news.de\/de\/wp-content\/uploads\/sites\/3\/2025\/10\/quotWegen-kubanischer-Soeldner-in-Ukrainequot-USA-draengen-Verbuendete-bei-UN.jpg\",\"keywords\":[\"bei\",\"dr\u00e4ngen\",\"gegen\",\"Havanna\",\"kubanischer\",\"quotwegen\",\"Sanktionen\",\"S\u00f6ldner\",\"Ukrainequot\",\"USA\",\"Verb\u00fcndete\"],\"articleSection\":[\"Deutschland\",\"Russland\"],\"inLanguage\":\"de\",\"potentialAction\":[{\"@type\":\"CommentAction\",\"name\":\"Comment\",\"target\":[\"https:\/\/now-news.de\/de\/deutschland\/wegen-kubanischer-soeldner-in-ukraine-usa-draengen-verbuendete-bei-un-zu-sanktionen-gegen-havanna\/#respond\"]}]},{\"@type\":\"WebPage\",\"@id\":\"https:\/\/now-news.de\/de\/deutschland\/wegen-kubanischer-soeldner-in-ukraine-usa-draengen-verbuendete-bei-un-zu-sanktionen-gegen-havanna\/\",\"url\":\"https:\/\/now-news.de\/de\/deutschland\/wegen-kubanischer-soeldner-in-ukraine-usa-draengen-verbuendete-bei-un-zu-sanktionen-gegen-havanna\/\",\"name\":\"&quot;Wegen kubanischer S\u00f6ldner in Ukraine&quot;: USA dr\u00e4ngen Verb\u00fcndete bei UN zu Sanktionen gegen Havanna - just-now.NEWS Deutschland\",\"isPartOf\":{\"@id\":\"https:\/\/now-news.de\/de\/#website\"},\"primaryImageOfPage\":{\"@id\":\"https:\/\/now-news.de\/de\/deutschland\/wegen-kubanischer-soeldner-in-ukraine-usa-draengen-verbuendete-bei-un-zu-sanktionen-gegen-havanna\/#primaryimage\"},\"image\":{\"@id\":\"https:\/\/now-news.de\/de\/deutschland\/wegen-kubanischer-soeldner-in-ukraine-usa-draengen-verbuendete-bei-un-zu-sanktionen-gegen-havanna\/#primaryimage\"},\"thumbnailUrl\":\"https:\/\/now-news.de\/de\/wp-content\/uploads\/sites\/3\/2025\/10\/quotWegen-kubanischer-Soeldner-in-Ukrainequot-USA-draengen-Verbuendete-bei-UN.jpg\",\"datePublished\":\"2025-10-05T14:47:32+00:00\",\"dateModified\":\"2025-10-05T14:47:32+00:00\",\"breadcrumb\":{\"@id\":\"https:\/\/now-news.de\/de\/deutschland\/wegen-kubanischer-soeldner-in-ukraine-usa-draengen-verbuendete-bei-un-zu-sanktionen-gegen-havanna\/#breadcrumb\"},\"inLanguage\":\"de\",\"potentialAction\":[{\"@type\":\"ReadAction\",\"target\":[\"https:\/\/now-news.de\/de\/deutschland\/wegen-kubanischer-soeldner-in-ukraine-usa-draengen-verbuendete-bei-un-zu-sanktionen-gegen-havanna\/\"]}]},{\"@type\":\"ImageObject\",\"inLanguage\":\"de\",\"@id\":\"https:\/\/now-news.de\/de\/deutschland\/wegen-kubanischer-soeldner-in-ukraine-usa-draengen-verbuendete-bei-un-zu-sanktionen-gegen-havanna\/#primaryimage\",\"url\":\"https:\/\/now-news.de\/de\/wp-content\/uploads\/sites\/3\/2025\/10\/quotWegen-kubanischer-Soeldner-in-Ukrainequot-USA-draengen-Verbuendete-bei-UN.jpg\",\"contentUrl\":\"https:\/\/now-news.de\/de\/wp-content\/uploads\/sites\/3\/2025\/10\/quotWegen-kubanischer-Soeldner-in-Ukrainequot-USA-draengen-Verbuendete-bei-UN.jpg\",\"width\":460,\"height\":259,\"caption\":\"&quot;Wegen kubanischer S\u00f6ldner in Ukraine&quot;: USA dr\u00e4ngen Verb\u00fcndete bei UN zu Sanktionen gegen Havanna\"},{\"@type\":\"BreadcrumbList\",\"@id\":\"https:\/\/now-news.de\/de\/deutschland\/wegen-kubanischer-soeldner-in-ukraine-usa-draengen-verbuendete-bei-un-zu-sanktionen-gegen-havanna\/#breadcrumb\",\"itemListElement\":[{\"@type\":\"ListItem\",\"position\":1,\"name\":\"Home\",\"item\":\"https:\/\/now-news.de\/de\/\"},{\"@type\":\"ListItem\",\"position\":2,\"name\":\"&quot;Wegen kubanischer S\u00f6ldner in Ukraine&quot;: USA dr\u00e4ngen Verb\u00fcndete bei UN zu Sanktionen gegen Havanna\"}]},{\"@type\":\"WebSite\",\"@id\":\"https:\/\/now-news.de\/de\/#website\",\"url\":\"https:\/\/now-news.de\/de\/\",\"name\":\"just-now.NEWS Deutschland\",\"description\":\"Das Portal f\u00fcr unzensierte Nachrichten aus der Welt\",\"publisher\":{\"@id\":\"https:\/\/now-news.de\/de\/#organization\"},\"potentialAction\":[{\"@type\":\"SearchAction\",\"target\":{\"@type\":\"EntryPoint\",\"urlTemplate\":\"https:\/\/now-news.de\/de\/?s={search_term_string}\"},\"query-input\":\"required name=search_term_string\"}],\"inLanguage\":\"de\"},{\"@type\":\"Organization\",\"@id\":\"https:\/\/now-news.de\/de\/#organization\",\"name\":\"Just Now News\",\"url\":\"https:\/\/now-news.de\/de\/\",\"logo\":{\"@type\":\"ImageObject\",\"inLanguage\":\"de\",\"@id\":\"https:\/\/now-news.de\/de\/#\/schema\/logo\/image\/\",\"url\":\"http:\/\/just-now.news\/de\/wp-content\/uploads\/sites\/3\/2022\/04\/logo500x500.jpg\",\"contentUrl\":\"http:\/\/just-now.news\/de\/wp-content\/uploads\/sites\/3\/2022\/04\/logo500x500.jpg\",\"width\":500,\"height\":500,\"caption\":\"Just Now News\"},\"image\":{\"@id\":\"https:\/\/now-news.de\/de\/#\/schema\/logo\/image\/\"},\"sameAs\":[\"https:\/\/www.facebook.com\/wirmachenauf\",\"https:\/\/x.com\/WirMachenAuf_de\"]},{\"@type\":\"Person\",\"@id\":\"https:\/\/now-news.de\/de\/#\/schema\/person\/fb534a4e865501d8b3285208df34a9b5\",\"name\":\"rtnews\",\"image\":{\"@type\":\"ImageObject\",\"inLanguage\":\"de\",\"@id\":\"https:\/\/now-news.de\/de\/#\/schema\/person\/image\/\",\"url\":\"https:\/\/secure.gravatar.com\/avatar\/82aafea7d8127119dd649515f56e2117?s=96&d=mm&r=g\",\"contentUrl\":\"https:\/\/secure.gravatar.com\/avatar\/82aafea7d8127119dd649515f56e2117?s=96&d=mm&r=g\",\"caption\":\"rtnews\"},\"url\":\"https:\/\/now-news.de\/de\/author\/rnews\/\"}]}<\/script>\n<!-- \/ Yoast SEO Premium plugin. -->","yoast_head_json":{"title":"&quot;Wegen kubanischer S\u00f6ldner in Ukraine&quot;: USA dr\u00e4ngen Verb\u00fcndete bei UN zu Sanktionen gegen Havanna - just-now.NEWS Deutschland","robots":{"index":"index","follow":"follow","max-snippet":"max-snippet:-1","max-image-preview":"max-image-preview:large","max-video-preview":"max-video-preview:-1"},"canonical":"https:\/\/now-news.de\/de\/deutschland\/wegen-kubanischer-soeldner-in-ukraine-usa-draengen-verbuendete-bei-un-zu-sanktionen-gegen-havanna\/","og_locale":"de_DE","og_type":"article","og_title":"&quot;Wegen kubanischer S\u00f6ldner in Ukraine&quot;: USA dr\u00e4ngen Verb\u00fcndete bei UN zu Sanktionen gegen Havanna","og_description":"Tausende Kubaner sollen nach Darstellung der US-Regierung als &#8220;S\u00f6ldner&#8221; im Krieg gegen die Ukraine k\u00e4mpfen. Jetzt nutzt Trump den Vorwurf, um die Aufhebung der Sanktionen gegen Kuba abzuwenden, obgleich die Mehrheit der UN-Staaten diese ablehnt. Die Regierung von Pr\u00e4sident Donald Trump mobilisiert US-Diplomaten, um gegen eine UN-Resolution zu lobbyieren, die Washington dazu auffordert, das seit [&hellip;]","og_url":"https:\/\/now-news.de\/de\/deutschland\/wegen-kubanischer-soeldner-in-ukraine-usa-draengen-verbuendete-bei-un-zu-sanktionen-gegen-havanna\/","og_site_name":"just-now.NEWS Deutschland","article_publisher":"https:\/\/www.facebook.com\/wirmachenauf","article_published_time":"2025-10-05T14:47:32+00:00","og_image":[{"url":"https:\/\/now-news.de\/de\/wp-content\/uploads\/sites\/3\/2025\/10\/68e27407b480cc6266626f83.jpg"}],"author":"rtnews","twitter_card":"summary_large_image","twitter_creator":"@WirMachenAuf_de","twitter_site":"@WirMachenAuf_de","twitter_misc":{"Verfasst von":"rtnews","Gesch\u00e4tzte Lesezeit":"2\u00a0Minuten"},"schema":{"@context":"https:\/\/schema.org","@graph":[{"@type":"Article","@id":"https:\/\/now-news.de\/de\/deutschland\/wegen-kubanischer-soeldner-in-ukraine-usa-draengen-verbuendete-bei-un-zu-sanktionen-gegen-havanna\/#article","isPartOf":{"@id":"https:\/\/now-news.de\/de\/deutschland\/wegen-kubanischer-soeldner-in-ukraine-usa-draengen-verbuendete-bei-un-zu-sanktionen-gegen-havanna\/"},"author":{"name":"rtnews","@id":"https:\/\/now-news.de\/de\/#\/schema\/person\/fb534a4e865501d8b3285208df34a9b5"},"headline":"&quot;Wegen kubanischer S\u00f6ldner in Ukraine&quot;: USA dr\u00e4ngen Verb\u00fcndete bei UN zu Sanktionen gegen Havanna","datePublished":"2025-10-05T14:47:32+00:00","dateModified":"2025-10-05T14:47:32+00:00","mainEntityOfPage":{"@id":"https:\/\/now-news.de\/de\/deutschland\/wegen-kubanischer-soeldner-in-ukraine-usa-draengen-verbuendete-bei-un-zu-sanktionen-gegen-havanna\/"},"wordCount":438,"commentCount":0,"publisher":{"@id":"https:\/\/now-news.de\/de\/#organization"},"image":{"@id":"https:\/\/now-news.de\/de\/deutschland\/wegen-kubanischer-soeldner-in-ukraine-usa-draengen-verbuendete-bei-un-zu-sanktionen-gegen-havanna\/#primaryimage"},"thumbnailUrl":"https:\/\/now-news.de\/de\/wp-content\/uploads\/sites\/3\/2025\/10\/quotWegen-kubanischer-Soeldner-in-Ukrainequot-USA-draengen-Verbuendete-bei-UN.jpg","keywords":["bei","dr\u00e4ngen","gegen","Havanna","kubanischer","quotwegen","Sanktionen","S\u00f6ldner","Ukrainequot","USA","Verb\u00fcndete"],"articleSection":["Deutschland","Russland"],"inLanguage":"de","potentialAction":[{"@type":"CommentAction","name":"Comment","target":["https:\/\/now-news.de\/de\/deutschland\/wegen-kubanischer-soeldner-in-ukraine-usa-draengen-verbuendete-bei-un-zu-sanktionen-gegen-havanna\/#respond"]}]},{"@type":"WebPage","@id":"https:\/\/now-news.de\/de\/deutschland\/wegen-kubanischer-soeldner-in-ukraine-usa-draengen-verbuendete-bei-un-zu-sanktionen-gegen-havanna\/","url":"https:\/\/now-news.de\/de\/deutschland\/wegen-kubanischer-soeldner-in-ukraine-usa-draengen-verbuendete-bei-un-zu-sanktionen-gegen-havanna\/","name":"&quot;Wegen kubanischer S\u00f6ldner in Ukraine&quot;: USA dr\u00e4ngen Verb\u00fcndete bei UN zu Sanktionen gegen Havanna - just-now.NEWS Deutschland","isPartOf":{"@id":"https:\/\/now-news.de\/de\/#website"},"primaryImageOfPage":{"@id":"https:\/\/now-news.de\/de\/deutschland\/wegen-kubanischer-soeldner-in-ukraine-usa-draengen-verbuendete-bei-un-zu-sanktionen-gegen-havanna\/#primaryimage"},"image":{"@id":"https:\/\/now-news.de\/de\/deutschland\/wegen-kubanischer-soeldner-in-ukraine-usa-draengen-verbuendete-bei-un-zu-sanktionen-gegen-havanna\/#primaryimage"},"thumbnailUrl":"https:\/\/now-news.de\/de\/wp-content\/uploads\/sites\/3\/2025\/10\/quotWegen-kubanischer-Soeldner-in-Ukrainequot-USA-draengen-Verbuendete-bei-UN.jpg","datePublished":"2025-10-05T14:47:32+00:00","dateModified":"2025-10-05T14:47:32+00:00","breadcrumb":{"@id":"https:\/\/now-news.de\/de\/deutschland\/wegen-kubanischer-soeldner-in-ukraine-usa-draengen-verbuendete-bei-un-zu-sanktionen-gegen-havanna\/#breadcrumb"},"inLanguage":"de","potentialAction":[{"@type":"ReadAction","target":["https:\/\/now-news.de\/de\/deutschland\/wegen-kubanischer-soeldner-in-ukraine-usa-draengen-verbuendete-bei-un-zu-sanktionen-gegen-havanna\/"]}]},{"@type":"ImageObject","inLanguage":"de","@id":"https:\/\/now-news.de\/de\/deutschland\/wegen-kubanischer-soeldner-in-ukraine-usa-draengen-verbuendete-bei-un-zu-sanktionen-gegen-havanna\/#primaryimage","url":"https:\/\/now-news.de\/de\/wp-content\/uploads\/sites\/3\/2025\/10\/quotWegen-kubanischer-Soeldner-in-Ukrainequot-USA-draengen-Verbuendete-bei-UN.jpg","contentUrl":"https:\/\/now-news.de\/de\/wp-content\/uploads\/sites\/3\/2025\/10\/quotWegen-kubanischer-Soeldner-in-Ukrainequot-USA-draengen-Verbuendete-bei-UN.jpg","width":460,"height":259,"caption":"&quot;Wegen kubanischer S\u00f6ldner in Ukraine&quot;: USA dr\u00e4ngen Verb\u00fcndete bei UN zu Sanktionen gegen Havanna"},{"@type":"BreadcrumbList","@id":"https:\/\/now-news.de\/de\/deutschland\/wegen-kubanischer-soeldner-in-ukraine-usa-draengen-verbuendete-bei-un-zu-sanktionen-gegen-havanna\/#breadcrumb","itemListElement":[{"@type":"ListItem","position":1,"name":"Home","item":"https:\/\/now-news.de\/de\/"},{"@type":"ListItem","position":2,"name":"&quot;Wegen kubanischer S\u00f6ldner in Ukraine&quot;: USA dr\u00e4ngen Verb\u00fcndete bei UN zu Sanktionen gegen Havanna"}]},{"@type":"WebSite","@id":"https:\/\/now-news.de\/de\/#website","url":"https:\/\/now-news.de\/de\/","name":"just-now.NEWS Deutschland","description":"Das Portal f\u00fcr unzensierte Nachrichten aus der Welt","publisher":{"@id":"https:\/\/now-news.de\/de\/#organization"},"potentialAction":[{"@type":"SearchAction","target":{"@type":"EntryPoint","urlTemplate":"https:\/\/now-news.de\/de\/?s={search_term_string}"},"query-input":"required name=search_term_string"}],"inLanguage":"de"},{"@type":"Organization","@id":"https:\/\/now-news.de\/de\/#organization","name":"Just Now News","url":"https:\/\/now-news.de\/de\/","logo":{"@type":"ImageObject","inLanguage":"de","@id":"https:\/\/now-news.de\/de\/#\/schema\/logo\/image\/","url":"http:\/\/just-now.news\/de\/wp-content\/uploads\/sites\/3\/2022\/04\/logo500x500.jpg","contentUrl":"http:\/\/just-now.news\/de\/wp-content\/uploads\/sites\/3\/2022\/04\/logo500x500.jpg","width":500,"height":500,"caption":"Just Now News"},"image":{"@id":"https:\/\/now-news.de\/de\/#\/schema\/logo\/image\/"},"sameAs":["https:\/\/www.facebook.com\/wirmachenauf","https:\/\/x.com\/WirMachenAuf_de"]},{"@type":"Person","@id":"https:\/\/now-news.de\/de\/#\/schema\/person\/fb534a4e865501d8b3285208df34a9b5","name":"rtnews","image":{"@type":"ImageObject","inLanguage":"de","@id":"https:\/\/now-news.de\/de\/#\/schema\/person\/image\/","url":"https:\/\/secure.gravatar.com\/avatar\/82aafea7d8127119dd649515f56e2117?s=96&d=mm&r=g","contentUrl":"https:\/\/secure.gravatar.com\/avatar\/82aafea7d8127119dd649515f56e2117?s=96&d=mm&r=g","caption":"rtnews"},"url":"https:\/\/now-news.de\/de\/author\/rnews\/"}]}},"_links":{"self":[{"href":"https:\/\/now-news.de\/de\/wp-json\/wp\/v2\/posts\/91707"}],"collection":[{"href":"https:\/\/now-news.de\/de\/wp-json\/wp\/v2\/posts"}],"about":[{"href":"https:\/\/now-news.de\/de\/wp-json\/wp\/v2\/types\/post"}],"author":[{"embeddable":true,"href":"https:\/\/now-news.de\/de\/wp-json\/wp\/v2\/users\/3"}],"replies":[{"embeddable":true,"href":"https:\/\/now-news.de\/de\/wp-json\/wp\/v2\/comments?post=91707"}],"version-history":[{"count":0,"href":"https:\/\/now-news.de\/de\/wp-json\/wp\/v2\/posts\/91707\/revisions"}],"wp:featuredmedia":[{"embeddable":true,"href":"https:\/\/now-news.de\/de\/wp-json\/wp\/v2\/media\/91708"}],"wp:attachment":[{"href":"https:\/\/now-news.de\/de\/wp-json\/wp\/v2\/media?parent=91707"}],"wp:term":[{"taxonomy":"category","embeddable":true,"href":"https:\/\/now-news.de\/de\/wp-json\/wp\/v2\/categories?post=91707"},{"taxonomy":"post_tag","embeddable":true,"href":"https:\/\/now-news.de\/de\/wp-json\/wp\/v2\/tags?post=91707"}],"curies":[{"name":"wp","href":"https:\/\/api.w.org\/{rel}","templated":true}]}}