{"id":91699,"date":"2025-10-05T14:11:15","date_gmt":"2025-10-05T12:11:15","guid":{"rendered":"https:\/\/now-news.de\/de\/deutschland\/babis-nach-wahlsieg-in-tschechien-die-ukraine-ist-nicht-bereit-fuer-die-eu\/"},"modified":"2025-10-05T14:11:15","modified_gmt":"2025-10-05T12:11:15","slug":"babis-nach-wahlsieg-in-tschechien-die-ukraine-ist-nicht-bereit-fuer-die-eu","status":"publish","type":"post","link":"https:\/\/now-news.de\/de\/deutschland\/babis-nach-wahlsieg-in-tschechien-die-ukraine-ist-nicht-bereit-fuer-die-eu\/","title":{"rendered":"Babi\u0161 nach Wahlsieg in Tschechien: &quot;Die Ukraine ist nicht bereit f\u00fcr die EU&quot;"},"content":{"rendered":"<p><img decoding=\"async\" src=\"https:\/\/now-news.de\/de\/wp-content\/uploads\/sites\/3\/2025\/10\/68e239d7b480cc34bc152ce3.jpg\" \/><\/p>\n<div class=\"Text-root Text-type_1 \">\n                Tschechiens Wahlsieger Babi\u0161 hat erkl\u00e4rt: &#8220;Die Ukraine ist nicht reif f\u00fcr die EU.&#8221; Ein Kriegsende sei die Voraussetzung f\u00fcr einen EU-Beitritt. Babi\u0161 kritisiert die Milit\u00e4rhilfe und Staatsausgaben Tschechiens f\u00fcr die Ukraine. Prag will k\u00fcnftig eigene Interessen in den Vordergrund stellen und die Kooperation mit Br\u00fcssel pr\u00fcfen.\n            <\/div>\n<p><\/p>\n<div class=\"Text-root Text-type_5 ArticleView-text ViewText-root \">\n<p>Andrej Babi\u0161, der Vorsitzende der Bewegung ANO (Akce nespokojen\u00fdch ob\u010dan\u016f, zu Deutsch &#8220;Aktion unzufriedener B\u00fcrger&#8221;), hat nach dem Wahlsieg seiner Partei bei den Parlamentswahlen in Tschechien erkl\u00e4rt, dass die Ukraine derzeit nicht f\u00fcr einen EU-Beitritt bereit sei. Auf einer Pressekonferenz nach Bekanntgabe der Wahlergebnisse sagte er:<\/p>\n<p><em>&#8220;Zuerst muss der Krieg beendet werden. Nat\u00fcrlich k\u00f6nnen wir mit der Ukraine zusammenarbeiten, aber sie ist nicht bereit f\u00fcr die Mitgliedschaft in der Europ\u00e4ischen Union.&#8221;<\/em><\/p>\n<p>Babi\u0161 kritisierte au\u00dferdem die bisherige tschechische Initiative zur Lieferung von Munition an Kiew:\u00a0<\/p>\n<p><em>&#8220;Die Initiative muss transparent sein. Wenn jemand daran 30 Milliarden Kronen (rund 1,4 Milliarden Dollar) verdient \u2013 auf\u00a0Kosten der Ukraine und ihrer Bev\u00f6lkerung \u2013, gef\u00e4llt mir das nicht. Wir werden das kl\u00e4ren. Ich habe kein Problem, auch mit Pr\u00e4sident Selenskij dar\u00fcber zu sprechen. Der Krieg an sich ist schrecklich, und es darf nicht zugelassen werden, dass sich jemand an ihm noch bereichert.&#8221;<br \/><\/em><\/p>\n<p>Zugleich bem\u00e4ngelte Babi\u0161 die aktuelle Zusammensetzung des tschechischen Haushalts zugunsten Kiews. Seiner Ansicht nach sei die Unterst\u00fctzung der Ukraine Aufgabe der NATO:<\/p>\n<p><em>&#8220;Wir helfen der Ukraine \u00fcber die Europ\u00e4ische Union. Die EU unterst\u00fctzt die Ukraine, und das ist auch im n\u00e4chsten europ\u00e4ischen Haushalt vorgesehen. Aber wenn wir kein Geld f\u00fcr Medikamente und die grundlegenden sozialen Bed\u00fcrfnisse unserer B\u00fcrger haben, m\u00fcssen wir uns nat\u00fcrlich zuerst um sie k\u00fcmmern.&#8221;<br \/><\/em><\/p>\n<p>Bei der Parlamentswahl am 3. und 4. Oktober gewann die Partei ANO mit 34,7 Prozent der Stimmen. Babi\u0161 sprach von einem &#8220;historischen Ergebnis&#8221; und k\u00fcndigte Koalitionsverhandlungen mit anderen Parteien an: &#8220;Das wird sehr schwierig, aber wir sind bereit.&#8221; Die regierende Koalition SPOLU unter Premierminister Petr Fiala erreichte 23,2 Prozent. Fiala gratulierte Babi\u0161, schloss jedoch eine Zusammenarbeit kategorisch aus:<em><br \/><\/em><\/p>\n<p data-start=\"1244\" data-end=\"1604\"><em>&#8220;Bei dem Gedanken an eine gemeinsame Regierung k\u00f6nnte mir schlecht werden.&#8221;<\/em><\/p>\n<p>Trotz des Wahlsiegs wird ANO allerdings keine Alleinregierung bilden k\u00f6nnen. Eine Mehrheit ist nur in einer Koalition mit der nationalistischen SPD (Svoboda a p\u0159\u00edm\u00e1 demokracie, 7,8 Prozent), der proeurop\u00e4ischen Piratenpartei (8,8 Prozent) und den EU-skeptischen Motorist\u00e9 sob\u011b (kurz AUTO, 6,7 Prozent) m\u00f6glich.<\/p>\n<p>Experten gehen davon aus, dass Babi\u0161 selbst nicht Premierminister wird, sondern sein Stellvertreter Karel Havl\u00ed\u010dek das neue Kabinett leiten wird. Beide teilen jedoch die gleichen politischen Ziele. Babi\u0161 war bereits von 2017 bis 2021 Premierminister Tschechiens. Laut <em>Forbes<\/em> belegt er Platz sieben unter den reichsten Tschechen. Sein Verm\u00f6gen wird auf 3,3 Milliarden Euro gesch\u00e4tzt. <\/p>\n<p>W\u00e4hrend seiner Amtszeit kam es im Jahr 2021 zu einem ernsten Krisenfall mit Russland. Nach Explosionen in einem Munitionslager in Vrb\u011btice im Jahr\u00a02014 warf Prag Moskau vor, an dem Vorfall beteiligt gewesen zu sein, und wies Diplomaten aus. Russland wies die Vorw\u00fcrfe als absurd zur\u00fcck. <\/p>\n<p>Laut Michail Wedernikow, einem leitenden Forscher am Europa-Institut der Russischen Akademie der Wissenschaften, k\u00f6nnten offen russophobe \u00c4u\u00dferungen in der neuen Regierung verschwinden. Eine aktive Ann\u00e4herung an Russland sei jedoch nicht zu erwarten.<\/p>\n<p>Zur Ukraine-Politik erkl\u00e4rte Babi\u0161, dass Tschechien k\u00fcnftig nicht mehr automatisch jede Unterst\u00fctzung leisten werde. Im Jahr 2024 wurden \u00fcber 1,5 Millionen Munitionseinheiten geliefert. F\u00fcr das Jahr 2025 sind rund 1,8 Millionen geplant. Die ANO-Partei kritisiert diese Ausgaben als teuer und intransparent. Babi\u0161 lehnt zudem eine US-Milit\u00e4rbasis in Tschechien ab, verurteilt die geplanten Erh\u00f6hungen der NATO-Verteidigungsausgaben und stellt die B\u00fcndnisverpflichtungen infrage.<\/p>\n<p>Babi\u0161 \u00fcbt zudem Kritik an der EU-Migrationspolitik und den Versuchen Br\u00fcssels, das Einstimmigkeitsprinzip im Europ\u00e4ischen Rat abzuschaffen. Seine Bewegung wolle die nationalen Interessen Tschechiens in den Vordergrund stellen.<\/p>\n<p>Internationale Reaktionen lie\u00dfen nicht lange auf sich warten. Ungarns Premier Viktor Orb\u00e1n und der slowakische Premier Robert Fico gratulierten Babi\u0161. Orb\u00e1n schrieb auf X:<\/p>\n<p data-start=\"339\" data-end=\"558\"><em>&#8220;Die Wahrheit hat gesiegt! Andrej Babi\u0161 hat einen \u00fcberzeugenden Sieg bei den Parlamentswahlen in Tschechien errungen. Ein gro\u00dfer Schritt f\u00fcr Tschechien, eine gute Nachricht f\u00fcr Europa. Herzlichen Gl\u00fcckwunsch, Andrej!&#8221;<\/em><\/p>\n<div class=\"EmbedBlock-root EmbedBlock-twitter\">\n<div class=\"TwitterEmbed\">\n<blockquote class=\"twitter-tweet lazyload\" data-twitter=\"twitter-tweet\">\n<p lang=\"en\" dir=\"ltr\">Truth has prevailed! <a rel=\"nofollow noopener\" target=\"_blank\" href=\"https:\/\/twitter.com\/AndrejBabis?ref_src=twsrc%5Etfw\">@AndrejBabis<\/a> has won the Czech parliamentary elections with a convincing lead. A big step for the Czech Republic, good news for Europe. Congratulations, Andrej! <a rel=\"nofollow noopener\" target=\"_blank\" href=\"https:\/\/t.co\/jyqU5EVqc6\">pic.twitter.com\/jyqU5EVqc6<\/a><\/p>\n<p>\u2014 Orb\u00e1n Viktor (@PM_ViktorOrban) <a rel=\"nofollow noopener\" target=\"_blank\" href=\"https:\/\/twitter.com\/PM_ViktorOrban\/status\/1974506753577353361?ref_src=twsrc%5Etfw\">October 4, 2025<\/a><\/p><\/blockquote>\n<\/div>\n<\/div>\n<p>Kirill Dmitriew, der Leiter des Russischen Direktinvestitionsfonds, lobte den Wahlsieg als Erfolg rechter Kr\u00e4fte:<\/p>\n<p><em>&#8220;Ich gratuliere Andrej Babi\u0161, dem tschechischen Volk und den Patrioten f\u00fcr Europa! Europa erwacht \u2013 Schluss mit unkontrollierter Migration, Kriegshetze, Zensur und wirtschaftlichem Niedergang. Die rechten Kr\u00e4fte gewinnen in ganz Europa.&#8221;\u00a0<\/em><\/p>\n<div class=\"EmbedBlock-root EmbedBlock-twitter\">\n<div class=\"TwitterEmbed\">\n<blockquote class=\"twitter-tweet lazyload\" data-twitter=\"twitter-tweet\">\n<p lang=\"en\" dir=\"ltr\">Congrats to Andrej Babi\u0161, the Czech people &amp; Patriots for Europe! \ud83c\udde8\ud83c\uddff Europe is waking up\u2014enough of uncontrolled immigration, war fever, censorship and economic decline. The Right choice is winning across Europe. <a rel=\"nofollow noopener\" target=\"_blank\" href=\"https:\/\/t.co\/G0LSm4mbd4\">https:\/\/t.co\/G0LSm4mbd4<\/a><\/p>\n<p>\u2014 Kirill A. Dmitriev (@kadmitriev) <a rel=\"nofollow noopener\" target=\"_blank\" href=\"https:\/\/twitter.com\/kadmitriev\/status\/1974554638847553589?ref_src=twsrc%5Etfw\">October 4, 2025<\/a><\/p><\/blockquote>\n<\/div>\n<\/div>\n<p>Der slowakische Pr\u00e4sident Peter Pellegrini \u00e4u\u00dferte die Hoffnung, dass die neue tschechische Regierung die bilateralen Beziehungen zur Slowakei und die Zusammenarbeit innerhalb der Visegr\u00e1d-Gruppe st\u00e4rken werde:<\/p>\n<p><em>&#8220;Ich gratuliere den B\u00fcrgern Tschechiens zu einer ruhigen, demokratischen Wahl mit hoher Beteiligung. Ebenso gratuliere ich dem Wahlsieger ANO und seinem Vorsitzenden Andrej Babi\u0161. Ich glaube, dass Tschechien nach der Wahl eine Regierung haben wird, die zur Entwicklung der tschechisch-slowakischen Beziehungen beitr\u00e4gt und die Zusammenarbeit innerhalb der V4-Staaten (Polen, Tschechien, Slowakei, Ungarn) belebt.&#8221;<\/em><\/p>\n<p>Pr\u00e4sident Petr Pavel wird am Sonntag mit Babi\u0161 \u00fcber die Bildung eines neuen Kabinetts sprechen. Pavel betonte bereits, dass er ein &#8220;Extremisten-Kabinett&#8221; nicht unterst\u00fctzen werde, und rief die B\u00fcrger dazu auf, so zu w\u00e4hlen, dass Tschechien nicht &#8220;der Willk\u00fcr Russlands ausgeliefert&#8221; werde.<\/p>\n<p>Analysten gehen davon aus, dass Tschechien seine bisherige antirussische Vorreiterrolle in Europa aufgeben, aber weiterhin EU- und NATO-Partner bleiben wird. Die milit\u00e4rische Hilfe f\u00fcr Kiew wird k\u00fcnftig nur noch teilweise geleistet werden, w\u00e4hrend Prag seinen Einfluss auf Wei\u00dfrussland\u00a0und Serbien durch &#8220;Soft Power&#8221; fortsetzen wird.<\/p>\n<p>Wie das Magazin <em>Politico<\/em>\u00a0<a rel=\"nofollow noopener\" target=\"_blank\" href=\"https:\/\/www.politico.eu\/article\/five-key-takeaways-from-the-czech-election\/\">schreibt<\/a>, w\u00e4chst unter europ\u00e4ischen Politikern die Besorgnis, dass sich Tschechien nach der Wahl in eine weitere <a rel=\"nofollow noopener\" target=\"_blank\" href=\"https:\/\/www.politico.eu\/article\/babis-poised-to-triumph-in-czech-election\/\">Kopfschmerzquelle<\/a> f\u00fcr die EU verwandeln k\u00f6nnte:<\/p>\n<p><em>&#8220;Europ\u00e4ische Beamte blicken mit Sorge auf Babi\u0161 \u2013 aus Furcht, dass er zu einer weiteren destabilisierenden Figur in der EU werden k\u00f6nnte, gleichauf mit dem Ungarn Viktor Orb\u00e1n und dem Slowaken Robert Fico.&#8221;<br \/><\/em><\/p>\n<p><strong>Mehr zum Thema\u00a0<\/strong>\u2013 <a rel=\"nofollow noopener\" target=\"_blank\" href=\"https:\/\/freedert.online\/europa\/257843-niederlande-haben-sich-gegen-eu\/\">Die Niederlande sprechen sich gegen EU-Beitritt der Ukraine unter Umgehung Ungarns aus<\/a><em><br \/><\/em><\/p>\n<div class=\"EmbedBlock-root EmbedBlock-externalVideo EmbedBlock-rumble\">\n<div class=\"VkEmbed\"><iframe class=\"lazyload\" data-src=\"https:\/\/rumble.com\/embed\/v6xkzow\" frameborder=\"0\" width=\"853\" height=\"480\" allowfullscreen><\/iframe><\/div>\n<\/div>\n<\/div>\n<p><script async src=\"https:\/\/platform.twitter.com\/widgets.js\" charset=\"utf-8\"><\/script><br \/>\n<br \/><br \/>\n<br \/><a href=\"https:\/\/de.rt.com\/europa\/257957-babis-nach-wahlsieg-in-tschechien\/\">Source link <\/a><\/p>\n","protected":false},"excerpt":{"rendered":"<p>Tschechiens Wahlsieger Babi\u0161 hat erkl\u00e4rt: &#8220;Die Ukraine ist nicht reif f\u00fcr die EU.&#8221; Ein Kriegsende sei die Voraussetzung f\u00fcr einen EU-Beitritt. Babi\u0161 kritisiert die Milit\u00e4rhilfe und Staatsausgaben Tschechiens f\u00fcr die Ukraine. Prag will k\u00fcnftig eigene Interessen in den Vordergrund stellen und die Kooperation mit Br\u00fcssel pr\u00fcfen. Andrej Babi\u0161, der Vorsitzende der Bewegung ANO (Akce nespokojen\u00fdch [&hellip;]<\/p>\n","protected":false},"author":3,"featured_media":91700,"comment_status":"open","ping_status":"open","sticky":false,"template":"","format":"standard","meta":{"_yoast_indexnow_last_ping":["1759666334"],"wp_automatic_camp":["217"],"0c3434598209a08e17fe202b0cb90eb6":["Babi\u0161 nach Wahlsieg in Tschechien: &quot;Die Ukraine ist nicht bereit f\u00fcr die EU&quot;"],"original_link":["https:\/\/de.rt.com\/europa\/257957-babis-nach-wahlsieg-in-tschechien\/"],"_thumbnail_id":["91700"],"jnews_social_counter_last_update":["1777409763"],"_wptgpro_p2tg_sent2tg":["a:1:{i:23737;s:19:\"2025-10-05 14:13:19\";}"]},"categories":[19,23],"tags":[68217,964,45,46888,221,414,979,800,1933,32609,127,9971],"yoast_head":"<!-- This site is optimized with the Yoast SEO Premium plugin v22.7 (Yoast SEO v22.7) - https:\/\/yoast.com\/wordpress\/plugins\/seo\/ -->\n<title>Babi\u0161 nach Wahlsieg in Tschechien: &quot;Die Ukraine ist nicht bereit f\u00fcr die EU&quot; - just-now.NEWS Deutschland<\/title>\n<meta name=\"robots\" content=\"index, follow, max-snippet:-1, max-image-preview:large, max-video-preview:-1\" \/>\n<link rel=\"canonical\" href=\"https:\/\/now-news.de\/de\/deutschland\/babis-nach-wahlsieg-in-tschechien-die-ukraine-ist-nicht-bereit-fuer-die-eu\/\" \/>\n<meta property=\"og:locale\" content=\"de_DE\" \/>\n<meta property=\"og:type\" content=\"article\" \/>\n<meta property=\"og:title\" content=\"Babi\u0161 nach Wahlsieg in Tschechien: &quot;Die Ukraine ist nicht bereit f\u00fcr die EU&quot;\" \/>\n<meta property=\"og:description\" content=\"Tschechiens Wahlsieger Babi\u0161 hat erkl\u00e4rt: &#8220;Die Ukraine ist nicht reif f\u00fcr die EU.&#8221; Ein Kriegsende sei die Voraussetzung f\u00fcr einen EU-Beitritt. Babi\u0161 kritisiert die Milit\u00e4rhilfe und Staatsausgaben Tschechiens f\u00fcr die Ukraine. Prag will k\u00fcnftig eigene Interessen in den Vordergrund stellen und die Kooperation mit Br\u00fcssel pr\u00fcfen. Andrej Babi\u0161, der Vorsitzende der Bewegung ANO (Akce nespokojen\u00fdch [&hellip;]\" \/>\n<meta property=\"og:url\" content=\"https:\/\/now-news.de\/de\/deutschland\/babis-nach-wahlsieg-in-tschechien-die-ukraine-ist-nicht-bereit-fuer-die-eu\/\" \/>\n<meta property=\"og:site_name\" content=\"just-now.NEWS Deutschland\" \/>\n<meta property=\"article:publisher\" content=\"https:\/\/www.facebook.com\/wirmachenauf\" \/>\n<meta property=\"article:published_time\" content=\"2025-10-05T12:11:15+00:00\" \/>\n<meta property=\"og:image\" content=\"https:\/\/now-news.de\/de\/wp-content\/uploads\/sites\/3\/2025\/10\/68e239d7b480cc34bc152ce3.jpg\" \/>\n<meta name=\"author\" content=\"rtnews\" \/>\n<meta name=\"twitter:card\" content=\"summary_large_image\" \/>\n<meta name=\"twitter:creator\" content=\"@WirMachenAuf_de\" \/>\n<meta name=\"twitter:site\" content=\"@WirMachenAuf_de\" \/>\n<meta name=\"twitter:label1\" content=\"Verfasst von\" \/>\n\t<meta name=\"twitter:data1\" content=\"rtnews\" \/>\n\t<meta name=\"twitter:label2\" content=\"Gesch\u00e4tzte Lesezeit\" \/>\n\t<meta name=\"twitter:data2\" content=\"5\u00a0Minuten\" \/>\n<script type=\"application\/ld+json\" class=\"yoast-schema-graph\">{\"@context\":\"https:\/\/schema.org\",\"@graph\":[{\"@type\":\"Article\",\"@id\":\"https:\/\/now-news.de\/de\/deutschland\/babis-nach-wahlsieg-in-tschechien-die-ukraine-ist-nicht-bereit-fuer-die-eu\/#article\",\"isPartOf\":{\"@id\":\"https:\/\/now-news.de\/de\/deutschland\/babis-nach-wahlsieg-in-tschechien-die-ukraine-ist-nicht-bereit-fuer-die-eu\/\"},\"author\":{\"name\":\"rtnews\",\"@id\":\"https:\/\/now-news.de\/de\/#\/schema\/person\/fb534a4e865501d8b3285208df34a9b5\"},\"headline\":\"Babi\u0161 nach Wahlsieg in Tschechien: &quot;Die Ukraine ist nicht bereit f\u00fcr die EU&quot;\",\"datePublished\":\"2025-10-05T12:11:15+00:00\",\"dateModified\":\"2025-10-05T12:11:15+00:00\",\"mainEntityOfPage\":{\"@id\":\"https:\/\/now-news.de\/de\/deutschland\/babis-nach-wahlsieg-in-tschechien-die-ukraine-ist-nicht-bereit-fuer-die-eu\/\"},\"wordCount\":1101,\"commentCount\":0,\"publisher\":{\"@id\":\"https:\/\/now-news.de\/de\/#organization\"},\"image\":{\"@id\":\"https:\/\/now-news.de\/de\/deutschland\/babis-nach-wahlsieg-in-tschechien-die-ukraine-ist-nicht-bereit-fuer-die-eu\/#primaryimage\"},\"thumbnailUrl\":\"https:\/\/now-news.de\/de\/wp-content\/uploads\/sites\/3\/2025\/10\/Babis-nach-Wahlsieg-in-Tschechien-quotDie-Ukraine-ist-nicht-bereit.jpg\",\"keywords\":[\"Babi\u0161\",\"bereit\",\"die\",\"EUquot\",\"f\u00fcr\",\"ist\",\"nach\",\"nicht\",\"quotDie\",\"Tschechien\",\"ukraine\",\"Wahlsieg\"],\"articleSection\":[\"Deutschland\",\"Russland\"],\"inLanguage\":\"de\",\"potentialAction\":[{\"@type\":\"CommentAction\",\"name\":\"Comment\",\"target\":[\"https:\/\/now-news.de\/de\/deutschland\/babis-nach-wahlsieg-in-tschechien-die-ukraine-ist-nicht-bereit-fuer-die-eu\/#respond\"]}]},{\"@type\":\"WebPage\",\"@id\":\"https:\/\/now-news.de\/de\/deutschland\/babis-nach-wahlsieg-in-tschechien-die-ukraine-ist-nicht-bereit-fuer-die-eu\/\",\"url\":\"https:\/\/now-news.de\/de\/deutschland\/babis-nach-wahlsieg-in-tschechien-die-ukraine-ist-nicht-bereit-fuer-die-eu\/\",\"name\":\"Babi\u0161 nach Wahlsieg in Tschechien: &quot;Die Ukraine ist nicht bereit f\u00fcr die EU&quot; - just-now.NEWS Deutschland\",\"isPartOf\":{\"@id\":\"https:\/\/now-news.de\/de\/#website\"},\"primaryImageOfPage\":{\"@id\":\"https:\/\/now-news.de\/de\/deutschland\/babis-nach-wahlsieg-in-tschechien-die-ukraine-ist-nicht-bereit-fuer-die-eu\/#primaryimage\"},\"image\":{\"@id\":\"https:\/\/now-news.de\/de\/deutschland\/babis-nach-wahlsieg-in-tschechien-die-ukraine-ist-nicht-bereit-fuer-die-eu\/#primaryimage\"},\"thumbnailUrl\":\"https:\/\/now-news.de\/de\/wp-content\/uploads\/sites\/3\/2025\/10\/Babis-nach-Wahlsieg-in-Tschechien-quotDie-Ukraine-ist-nicht-bereit.jpg\",\"datePublished\":\"2025-10-05T12:11:15+00:00\",\"dateModified\":\"2025-10-05T12:11:15+00:00\",\"breadcrumb\":{\"@id\":\"https:\/\/now-news.de\/de\/deutschland\/babis-nach-wahlsieg-in-tschechien-die-ukraine-ist-nicht-bereit-fuer-die-eu\/#breadcrumb\"},\"inLanguage\":\"de\",\"potentialAction\":[{\"@type\":\"ReadAction\",\"target\":[\"https:\/\/now-news.de\/de\/deutschland\/babis-nach-wahlsieg-in-tschechien-die-ukraine-ist-nicht-bereit-fuer-die-eu\/\"]}]},{\"@type\":\"ImageObject\",\"inLanguage\":\"de\",\"@id\":\"https:\/\/now-news.de\/de\/deutschland\/babis-nach-wahlsieg-in-tschechien-die-ukraine-ist-nicht-bereit-fuer-die-eu\/#primaryimage\",\"url\":\"https:\/\/now-news.de\/de\/wp-content\/uploads\/sites\/3\/2025\/10\/Babis-nach-Wahlsieg-in-Tschechien-quotDie-Ukraine-ist-nicht-bereit.jpg\",\"contentUrl\":\"https:\/\/now-news.de\/de\/wp-content\/uploads\/sites\/3\/2025\/10\/Babis-nach-Wahlsieg-in-Tschechien-quotDie-Ukraine-ist-nicht-bereit.jpg\",\"width\":460,\"height\":259,\"caption\":\"Babi\u0161 nach Wahlsieg in Tschechien: &quot;Die Ukraine ist nicht bereit f\u00fcr die EU&quot;\"},{\"@type\":\"BreadcrumbList\",\"@id\":\"https:\/\/now-news.de\/de\/deutschland\/babis-nach-wahlsieg-in-tschechien-die-ukraine-ist-nicht-bereit-fuer-die-eu\/#breadcrumb\",\"itemListElement\":[{\"@type\":\"ListItem\",\"position\":1,\"name\":\"Home\",\"item\":\"https:\/\/now-news.de\/de\/\"},{\"@type\":\"ListItem\",\"position\":2,\"name\":\"Babi\u0161 nach Wahlsieg in Tschechien: &quot;Die Ukraine ist nicht bereit f\u00fcr die EU&quot;\"}]},{\"@type\":\"WebSite\",\"@id\":\"https:\/\/now-news.de\/de\/#website\",\"url\":\"https:\/\/now-news.de\/de\/\",\"name\":\"just-now.NEWS Deutschland\",\"description\":\"Das Portal f\u00fcr unzensierte Nachrichten aus der Welt\",\"publisher\":{\"@id\":\"https:\/\/now-news.de\/de\/#organization\"},\"potentialAction\":[{\"@type\":\"SearchAction\",\"target\":{\"@type\":\"EntryPoint\",\"urlTemplate\":\"https:\/\/now-news.de\/de\/?s={search_term_string}\"},\"query-input\":\"required name=search_term_string\"}],\"inLanguage\":\"de\"},{\"@type\":\"Organization\",\"@id\":\"https:\/\/now-news.de\/de\/#organization\",\"name\":\"Just Now News\",\"url\":\"https:\/\/now-news.de\/de\/\",\"logo\":{\"@type\":\"ImageObject\",\"inLanguage\":\"de\",\"@id\":\"https:\/\/now-news.de\/de\/#\/schema\/logo\/image\/\",\"url\":\"http:\/\/just-now.news\/de\/wp-content\/uploads\/sites\/3\/2022\/04\/logo500x500.jpg\",\"contentUrl\":\"http:\/\/just-now.news\/de\/wp-content\/uploads\/sites\/3\/2022\/04\/logo500x500.jpg\",\"width\":500,\"height\":500,\"caption\":\"Just Now News\"},\"image\":{\"@id\":\"https:\/\/now-news.de\/de\/#\/schema\/logo\/image\/\"},\"sameAs\":[\"https:\/\/www.facebook.com\/wirmachenauf\",\"https:\/\/x.com\/WirMachenAuf_de\"]},{\"@type\":\"Person\",\"@id\":\"https:\/\/now-news.de\/de\/#\/schema\/person\/fb534a4e865501d8b3285208df34a9b5\",\"name\":\"rtnews\",\"image\":{\"@type\":\"ImageObject\",\"inLanguage\":\"de\",\"@id\":\"https:\/\/now-news.de\/de\/#\/schema\/person\/image\/\",\"url\":\"https:\/\/secure.gravatar.com\/avatar\/82aafea7d8127119dd649515f56e2117?s=96&d=mm&r=g\",\"contentUrl\":\"https:\/\/secure.gravatar.com\/avatar\/82aafea7d8127119dd649515f56e2117?s=96&d=mm&r=g\",\"caption\":\"rtnews\"},\"url\":\"https:\/\/now-news.de\/de\/author\/rnews\/\"}]}<\/script>\n<!-- \/ Yoast SEO Premium plugin. -->","yoast_head_json":{"title":"Babi\u0161 nach Wahlsieg in Tschechien: &quot;Die Ukraine ist nicht bereit f\u00fcr die EU&quot; - just-now.NEWS Deutschland","robots":{"index":"index","follow":"follow","max-snippet":"max-snippet:-1","max-image-preview":"max-image-preview:large","max-video-preview":"max-video-preview:-1"},"canonical":"https:\/\/now-news.de\/de\/deutschland\/babis-nach-wahlsieg-in-tschechien-die-ukraine-ist-nicht-bereit-fuer-die-eu\/","og_locale":"de_DE","og_type":"article","og_title":"Babi\u0161 nach Wahlsieg in Tschechien: &quot;Die Ukraine ist nicht bereit f\u00fcr die EU&quot;","og_description":"Tschechiens Wahlsieger Babi\u0161 hat erkl\u00e4rt: &#8220;Die Ukraine ist nicht reif f\u00fcr die EU.&#8221; Ein Kriegsende sei die Voraussetzung f\u00fcr einen EU-Beitritt. Babi\u0161 kritisiert die Milit\u00e4rhilfe und Staatsausgaben Tschechiens f\u00fcr die Ukraine. Prag will k\u00fcnftig eigene Interessen in den Vordergrund stellen und die Kooperation mit Br\u00fcssel pr\u00fcfen. Andrej Babi\u0161, der Vorsitzende der Bewegung ANO (Akce nespokojen\u00fdch [&hellip;]","og_url":"https:\/\/now-news.de\/de\/deutschland\/babis-nach-wahlsieg-in-tschechien-die-ukraine-ist-nicht-bereit-fuer-die-eu\/","og_site_name":"just-now.NEWS Deutschland","article_publisher":"https:\/\/www.facebook.com\/wirmachenauf","article_published_time":"2025-10-05T12:11:15+00:00","og_image":[{"url":"https:\/\/now-news.de\/de\/wp-content\/uploads\/sites\/3\/2025\/10\/68e239d7b480cc34bc152ce3.jpg"}],"author":"rtnews","twitter_card":"summary_large_image","twitter_creator":"@WirMachenAuf_de","twitter_site":"@WirMachenAuf_de","twitter_misc":{"Verfasst von":"rtnews","Gesch\u00e4tzte Lesezeit":"5\u00a0Minuten"},"schema":{"@context":"https:\/\/schema.org","@graph":[{"@type":"Article","@id":"https:\/\/now-news.de\/de\/deutschland\/babis-nach-wahlsieg-in-tschechien-die-ukraine-ist-nicht-bereit-fuer-die-eu\/#article","isPartOf":{"@id":"https:\/\/now-news.de\/de\/deutschland\/babis-nach-wahlsieg-in-tschechien-die-ukraine-ist-nicht-bereit-fuer-die-eu\/"},"author":{"name":"rtnews","@id":"https:\/\/now-news.de\/de\/#\/schema\/person\/fb534a4e865501d8b3285208df34a9b5"},"headline":"Babi\u0161 nach Wahlsieg in Tschechien: &quot;Die Ukraine ist nicht bereit f\u00fcr die EU&quot;","datePublished":"2025-10-05T12:11:15+00:00","dateModified":"2025-10-05T12:11:15+00:00","mainEntityOfPage":{"@id":"https:\/\/now-news.de\/de\/deutschland\/babis-nach-wahlsieg-in-tschechien-die-ukraine-ist-nicht-bereit-fuer-die-eu\/"},"wordCount":1101,"commentCount":0,"publisher":{"@id":"https:\/\/now-news.de\/de\/#organization"},"image":{"@id":"https:\/\/now-news.de\/de\/deutschland\/babis-nach-wahlsieg-in-tschechien-die-ukraine-ist-nicht-bereit-fuer-die-eu\/#primaryimage"},"thumbnailUrl":"https:\/\/now-news.de\/de\/wp-content\/uploads\/sites\/3\/2025\/10\/Babis-nach-Wahlsieg-in-Tschechien-quotDie-Ukraine-ist-nicht-bereit.jpg","keywords":["Babi\u0161","bereit","die","EUquot","f\u00fcr","ist","nach","nicht","quotDie","Tschechien","ukraine","Wahlsieg"],"articleSection":["Deutschland","Russland"],"inLanguage":"de","potentialAction":[{"@type":"CommentAction","name":"Comment","target":["https:\/\/now-news.de\/de\/deutschland\/babis-nach-wahlsieg-in-tschechien-die-ukraine-ist-nicht-bereit-fuer-die-eu\/#respond"]}]},{"@type":"WebPage","@id":"https:\/\/now-news.de\/de\/deutschland\/babis-nach-wahlsieg-in-tschechien-die-ukraine-ist-nicht-bereit-fuer-die-eu\/","url":"https:\/\/now-news.de\/de\/deutschland\/babis-nach-wahlsieg-in-tschechien-die-ukraine-ist-nicht-bereit-fuer-die-eu\/","name":"Babi\u0161 nach Wahlsieg in Tschechien: &quot;Die Ukraine ist nicht bereit f\u00fcr die EU&quot; - just-now.NEWS Deutschland","isPartOf":{"@id":"https:\/\/now-news.de\/de\/#website"},"primaryImageOfPage":{"@id":"https:\/\/now-news.de\/de\/deutschland\/babis-nach-wahlsieg-in-tschechien-die-ukraine-ist-nicht-bereit-fuer-die-eu\/#primaryimage"},"image":{"@id":"https:\/\/now-news.de\/de\/deutschland\/babis-nach-wahlsieg-in-tschechien-die-ukraine-ist-nicht-bereit-fuer-die-eu\/#primaryimage"},"thumbnailUrl":"https:\/\/now-news.de\/de\/wp-content\/uploads\/sites\/3\/2025\/10\/Babis-nach-Wahlsieg-in-Tschechien-quotDie-Ukraine-ist-nicht-bereit.jpg","datePublished":"2025-10-05T12:11:15+00:00","dateModified":"2025-10-05T12:11:15+00:00","breadcrumb":{"@id":"https:\/\/now-news.de\/de\/deutschland\/babis-nach-wahlsieg-in-tschechien-die-ukraine-ist-nicht-bereit-fuer-die-eu\/#breadcrumb"},"inLanguage":"de","potentialAction":[{"@type":"ReadAction","target":["https:\/\/now-news.de\/de\/deutschland\/babis-nach-wahlsieg-in-tschechien-die-ukraine-ist-nicht-bereit-fuer-die-eu\/"]}]},{"@type":"ImageObject","inLanguage":"de","@id":"https:\/\/now-news.de\/de\/deutschland\/babis-nach-wahlsieg-in-tschechien-die-ukraine-ist-nicht-bereit-fuer-die-eu\/#primaryimage","url":"https:\/\/now-news.de\/de\/wp-content\/uploads\/sites\/3\/2025\/10\/Babis-nach-Wahlsieg-in-Tschechien-quotDie-Ukraine-ist-nicht-bereit.jpg","contentUrl":"https:\/\/now-news.de\/de\/wp-content\/uploads\/sites\/3\/2025\/10\/Babis-nach-Wahlsieg-in-Tschechien-quotDie-Ukraine-ist-nicht-bereit.jpg","width":460,"height":259,"caption":"Babi\u0161 nach Wahlsieg in Tschechien: &quot;Die Ukraine ist nicht bereit f\u00fcr die EU&quot;"},{"@type":"BreadcrumbList","@id":"https:\/\/now-news.de\/de\/deutschland\/babis-nach-wahlsieg-in-tschechien-die-ukraine-ist-nicht-bereit-fuer-die-eu\/#breadcrumb","itemListElement":[{"@type":"ListItem","position":1,"name":"Home","item":"https:\/\/now-news.de\/de\/"},{"@type":"ListItem","position":2,"name":"Babi\u0161 nach Wahlsieg in Tschechien: &quot;Die Ukraine ist nicht bereit f\u00fcr die EU&quot;"}]},{"@type":"WebSite","@id":"https:\/\/now-news.de\/de\/#website","url":"https:\/\/now-news.de\/de\/","name":"just-now.NEWS Deutschland","description":"Das Portal f\u00fcr unzensierte Nachrichten aus der Welt","publisher":{"@id":"https:\/\/now-news.de\/de\/#organization"},"potentialAction":[{"@type":"SearchAction","target":{"@type":"EntryPoint","urlTemplate":"https:\/\/now-news.de\/de\/?s={search_term_string}"},"query-input":"required name=search_term_string"}],"inLanguage":"de"},{"@type":"Organization","@id":"https:\/\/now-news.de\/de\/#organization","name":"Just Now News","url":"https:\/\/now-news.de\/de\/","logo":{"@type":"ImageObject","inLanguage":"de","@id":"https:\/\/now-news.de\/de\/#\/schema\/logo\/image\/","url":"http:\/\/just-now.news\/de\/wp-content\/uploads\/sites\/3\/2022\/04\/logo500x500.jpg","contentUrl":"http:\/\/just-now.news\/de\/wp-content\/uploads\/sites\/3\/2022\/04\/logo500x500.jpg","width":500,"height":500,"caption":"Just Now News"},"image":{"@id":"https:\/\/now-news.de\/de\/#\/schema\/logo\/image\/"},"sameAs":["https:\/\/www.facebook.com\/wirmachenauf","https:\/\/x.com\/WirMachenAuf_de"]},{"@type":"Person","@id":"https:\/\/now-news.de\/de\/#\/schema\/person\/fb534a4e865501d8b3285208df34a9b5","name":"rtnews","image":{"@type":"ImageObject","inLanguage":"de","@id":"https:\/\/now-news.de\/de\/#\/schema\/person\/image\/","url":"https:\/\/secure.gravatar.com\/avatar\/82aafea7d8127119dd649515f56e2117?s=96&d=mm&r=g","contentUrl":"https:\/\/secure.gravatar.com\/avatar\/82aafea7d8127119dd649515f56e2117?s=96&d=mm&r=g","caption":"rtnews"},"url":"https:\/\/now-news.de\/de\/author\/rnews\/"}]}},"_links":{"self":[{"href":"https:\/\/now-news.de\/de\/wp-json\/wp\/v2\/posts\/91699"}],"collection":[{"href":"https:\/\/now-news.de\/de\/wp-json\/wp\/v2\/posts"}],"about":[{"href":"https:\/\/now-news.de\/de\/wp-json\/wp\/v2\/types\/post"}],"author":[{"embeddable":true,"href":"https:\/\/now-news.de\/de\/wp-json\/wp\/v2\/users\/3"}],"replies":[{"embeddable":true,"href":"https:\/\/now-news.de\/de\/wp-json\/wp\/v2\/comments?post=91699"}],"version-history":[{"count":0,"href":"https:\/\/now-news.de\/de\/wp-json\/wp\/v2\/posts\/91699\/revisions"}],"wp:featuredmedia":[{"embeddable":true,"href":"https:\/\/now-news.de\/de\/wp-json\/wp\/v2\/media\/91700"}],"wp:attachment":[{"href":"https:\/\/now-news.de\/de\/wp-json\/wp\/v2\/media?parent=91699"}],"wp:term":[{"taxonomy":"category","embeddable":true,"href":"https:\/\/now-news.de\/de\/wp-json\/wp\/v2\/categories?post=91699"},{"taxonomy":"post_tag","embeddable":true,"href":"https:\/\/now-news.de\/de\/wp-json\/wp\/v2\/tags?post=91699"}],"curies":[{"name":"wp","href":"https:\/\/api.w.org\/{rel}","templated":true}]}}