{"id":9166,"date":"2022-05-29T15:30:51","date_gmt":"2022-05-29T13:30:51","guid":{"rendered":"http:\/\/just-now.news\/de\/deutschland\/bolivarische-allianz-alba-verurteilt-die-diskriminierung-lateinamerikanischer-staaten-durch-usa\/"},"modified":"2022-05-29T15:30:51","modified_gmt":"2022-05-29T13:30:51","slug":"bolivarische-allianz-alba-verurteilt-die-diskriminierung-lateinamerikanischer-staaten-durch-usa","status":"publish","type":"post","link":"https:\/\/now-news.de\/de\/deutschland\/bolivarische-allianz-alba-verurteilt-die-diskriminierung-lateinamerikanischer-staaten-durch-usa\/","title":{"rendered":"Bolivarische Allianz ALBA verurteilt die Diskriminierung lateinamerikanischer Staaten durch USA"},"content":{"rendered":"<p><img decoding=\"async\" src=\"http:\/\/just-now.news\/de\/wp-content\/uploads\/sites\/3\/2022\/05\/629285f648fbef563f1a2c9c.jpg\" \/><\/p>\n<p>Die &#8220;Bolivarische Allianz f\u00fcr die V\u00f6lker unseres Amerikas&#8221; (ALBA-TCP) hat am Freitag die Entscheidung der USA verurteilt, mehrere lateinamerikanische L\u00e4nder von der Teilnahme am Gipfel der Organisation Amerikanischer Staaten (OAS) auszuschlie\u00dfen. Die Allianz betonte, dass die Entscheidung Washingtons politisch motiviert sei, und\u00a0prangerte die diskriminierende Behandlung durch die\u00a0Vereinigten Staaten an.<\/p>\n<p>In einer Erkl\u00e4rung der ALBA-TCP hei\u00dft es:<\/p>\n<blockquote>\n<p><em> &#8220;Wir lehnen den willk\u00fcrlichen, ideologischen und politisch motivierten Ausschluss mehrerer unserer L\u00e4nder vom sogenannten Gipfeltreffen der Amerikas ab, das im Juni in Los Angeles (USA) stattfinden soll.&#8221;<\/em><\/p>\n<\/blockquote>\n<p>Der stellvertretende US-Au\u00dfenminister f\u00fcr Angelegenheiten der westlichen Hemisph\u00e4re, Brian Nichols,\u00a0hatte Ende April erkl\u00e4rt, dass Kuba, Nicaragua und Venezuela wahrscheinlich nicht an dem bevorstehenden OAS-Gipfel teilnehmen w\u00fcrden, was wiederum den Widerstand von Mexiko und Bolivien hervorrief. Den drei L\u00e4ndern mit linken Regierungen ist gemein, dass sie einseitig von Washington sanktioniert werden.<\/p>\n<p>Der mexikanische Pr\u00e4sident Andr\u00e9s Manuel Obrador und der bolivianische Pr\u00e4sident Luis Arce sprachen sich gegen eine solche Entscheidung aus. Sie betonten, dass sie nicht an dem Gipfel teilnehmen w\u00fcrden, wenn nicht alle L\u00e4nder der Region eine Einladung erhielten. Der brasilianische Pr\u00e4sident Jair Bolsonaro\u00a0wiederum hat seine Mitarbeiter ebenfalls dar\u00fcber informiert, dass er nicht teilnehmen wird, ohne jedoch einen Grund daf\u00fcr zu nennen.<\/p>\n<p>Das 21. Gipfeltreffen der Staats- und Regierungschefs der &#8220;Bolivarischen Allianz f\u00fcr die V\u00f6lker Unseres Amerikas \u2013 Handelsabkommen der V\u00f6lker&#8221; (ALBA-TCP), das dem Austausch gemeinsamer Entwicklungsstrategien und der regionalen politischen Analyse der Mitgliedsstaaten dient, wurde\u00a0Freitag in der kubanischen Hauptstadt Havanna er\u00f6ffnet. Kubas Pr\u00e4sident, Miguel D\u00edaz-Canel, sagte zum Auftakt der Veranstaltung:<\/p>\n<blockquote>\n<p><em>&#8220;Zersplittert k\u00f6nnte jeder unserer Vertreter ignoriert werden, aber vereint wird uns niemand zum Schweigen bringen k\u00f6nnen.&#8221;<\/em><\/p>\n<\/blockquote>\n<p>D\u00edaz-Canel\u00a0betonte, wie wichtig es sei, ein Lateinamerika mit einer unabh\u00e4ngigen Stimme zu schaffen, das seine Entwicklungsstrategien und die Verteidigung seiner Souver\u00e4nit\u00e4t koordiniert. Dar\u00fcber hinaus erkl\u00e4rte er, dass die Regierung der Vereinigten Staaten nicht die moralische oder politische Autorit\u00e4t habe, irgendein Land vom Gipfeltreffen der Amerikas auszuschlie\u00dfen.\u00a0Der kubanische Pr\u00e4sident verurteilte die US-Entscheidung, Kuba, Venezuela und Nicaragua\u00a0die Teilnahme an dem bevorstehenden 9. Gipfel der Amerikas zu verwehren. Er sagte diesbez\u00fcglich:<\/p>\n<blockquote>\n<p><em>&#8220;Die Praxis der Ausgrenzung ist nicht neu und best\u00e4tigt das Interesse der USA, das interamerikanische System zu kontrollieren, um es f\u00fcr hegemoniale Ziele zu nutzen und die Macht zur Kontrolle der Demokratie durchzusetzen. Weder politisch noch moralisch haben sie das Recht dazu.&#8221;<\/em><\/p>\n<\/blockquote>\n<p>ALBA-TCP wurde im Jahr 2004 von den verstorbenen Pr\u00e4sidenten Fidel Castro (Kuba) und Hugo Ch\u00e1vez (Venezuela) gegr\u00fcndet. Sie ist\u00a0eine regionale Organisation, die sich auf den Kampf gegen Armut und soziale Ausgrenzung konzentriert und auf Solidarit\u00e4t und Zusammenarbeit zwischen ihren Mitgliedern setzt. Der Organisation geh\u00f6ren Kuba, Venezuela, Bolivien, Nicaragua, Dominica, Antigua und Barbuda, St. Vincent und die Grenadinen, Grenada und St. Kitts und Nevis an.<\/p>\n<p><strong>Mehr zum Thema &#8211;<\/strong>\u00a0<a rel=\"nofollow noopener\" target=\"_blank\" href=\"https:\/\/test.rtde.tech\/amerika\/139104-oas-gipfeltreffen-von-staaten-in\/\">Das OAS-Gipfeltreffen von Staaten in Amerika macht eine Schw\u00e4chung der US-Hegemonie sichtbar <\/a><\/p>\n<p><br \/>\n<br \/><a href=\"https:\/\/de.rt.com\/amerika\/139652-bolivarisches-bundnis-alba-verurteilt-diskriminierung\/\">Source link <\/a><\/p>\n","protected":false},"excerpt":{"rendered":"<p>Die &#8220;Bolivarische Allianz f\u00fcr die V\u00f6lker unseres Amerikas&#8221; (ALBA-TCP) hat am Freitag die Entscheidung der USA verurteilt, mehrere lateinamerikanische L\u00e4nder von der Teilnahme am Gipfel der Organisation Amerikanischer Staaten (OAS) auszuschlie\u00dfen. Die Allianz betonte, dass die Entscheidung Washingtons politisch motiviert sei, und\u00a0prangerte die diskriminierende Behandlung durch die\u00a0Vereinigten Staaten an. In einer Erkl\u00e4rung der ALBA-TCP hei\u00dft [&hellip;]<\/p>\n","protected":false},"author":3,"featured_media":9167,"comment_status":"open","ping_status":"open","sticky":false,"template":"","format":"standard","meta":{"wp_automatic_camp":["217"],"72518cd072251ae06008ca7f5089589f":["Bolivarische Allianz ALBA verurteilt die Diskriminierung lateinamerikanischer Staaten durch USA"],"original_link":["https:\/\/de.rt.com\/amerika\/139652-bolivarisches-bundnis-alba-verurteilt-diskriminierung\/"],"_thumbnail_id":["9167"],"jnews_social_counter_last_update":["1777587020"]},"categories":[19,23],"tags":[22289,22288,22287,45,22188,1024,22290,4749,193,2006],"yoast_head":"<!-- This site is optimized with the Yoast SEO Premium plugin v22.7 (Yoast SEO v22.7) - https:\/\/yoast.com\/wordpress\/plugins\/seo\/ -->\n<title>Bolivarische Allianz ALBA verurteilt die Diskriminierung lateinamerikanischer Staaten durch USA - just-now.NEWS Deutschland<\/title>\n<meta name=\"robots\" content=\"index, follow, max-snippet:-1, max-image-preview:large, max-video-preview:-1\" \/>\n<link rel=\"canonical\" href=\"https:\/\/now-news.de\/de\/deutschland\/bolivarische-allianz-alba-verurteilt-die-diskriminierung-lateinamerikanischer-staaten-durch-usa\/\" \/>\n<meta property=\"og:locale\" content=\"de_DE\" \/>\n<meta property=\"og:type\" content=\"article\" \/>\n<meta property=\"og:title\" content=\"Bolivarische Allianz ALBA verurteilt die Diskriminierung lateinamerikanischer Staaten durch USA\" \/>\n<meta property=\"og:description\" content=\"Die &#8220;Bolivarische Allianz f\u00fcr die V\u00f6lker unseres Amerikas&#8221; (ALBA-TCP) hat am Freitag die Entscheidung der USA verurteilt, mehrere lateinamerikanische L\u00e4nder von der Teilnahme am Gipfel der Organisation Amerikanischer Staaten (OAS) auszuschlie\u00dfen. Die Allianz betonte, dass die Entscheidung Washingtons politisch motiviert sei, und\u00a0prangerte die diskriminierende Behandlung durch die\u00a0Vereinigten Staaten an. In einer Erkl\u00e4rung der ALBA-TCP hei\u00dft [&hellip;]\" \/>\n<meta property=\"og:url\" content=\"https:\/\/now-news.de\/de\/deutschland\/bolivarische-allianz-alba-verurteilt-die-diskriminierung-lateinamerikanischer-staaten-durch-usa\/\" \/>\n<meta property=\"og:site_name\" content=\"just-now.NEWS Deutschland\" \/>\n<meta property=\"article:publisher\" content=\"https:\/\/www.facebook.com\/wirmachenauf\" \/>\n<meta property=\"article:published_time\" content=\"2022-05-29T13:30:51+00:00\" \/>\n<meta property=\"og:image\" content=\"https:\/\/now-news.de\/de\/wp-content\/uploads\/sites\/3\/2022\/05\/Bolivarische-Allianz-ALBA-verurteilt-die-Diskriminierung-lateinamerikanischer-Staaten-durch-USA.jpg\" \/>\n\t<meta property=\"og:image:width\" content=\"460\" \/>\n\t<meta property=\"og:image:height\" content=\"259\" \/>\n\t<meta property=\"og:image:type\" content=\"image\/jpeg\" \/>\n<meta name=\"author\" content=\"rtnews\" \/>\n<meta name=\"twitter:card\" content=\"summary_large_image\" \/>\n<meta name=\"twitter:creator\" content=\"@WirMachenAuf_de\" \/>\n<meta name=\"twitter:site\" content=\"@WirMachenAuf_de\" \/>\n<meta name=\"twitter:label1\" content=\"Verfasst von\" \/>\n\t<meta name=\"twitter:data1\" content=\"rtnews\" \/>\n\t<meta name=\"twitter:label2\" content=\"Gesch\u00e4tzte Lesezeit\" \/>\n\t<meta name=\"twitter:data2\" content=\"3\u00a0Minuten\" \/>\n<script type=\"application\/ld+json\" class=\"yoast-schema-graph\">{\"@context\":\"https:\/\/schema.org\",\"@graph\":[{\"@type\":\"Article\",\"@id\":\"https:\/\/now-news.de\/de\/deutschland\/bolivarische-allianz-alba-verurteilt-die-diskriminierung-lateinamerikanischer-staaten-durch-usa\/#article\",\"isPartOf\":{\"@id\":\"https:\/\/now-news.de\/de\/deutschland\/bolivarische-allianz-alba-verurteilt-die-diskriminierung-lateinamerikanischer-staaten-durch-usa\/\"},\"author\":{\"name\":\"rtnews\",\"@id\":\"https:\/\/now-news.de\/de\/#\/schema\/person\/fb534a4e865501d8b3285208df34a9b5\"},\"headline\":\"Bolivarische Allianz ALBA verurteilt die Diskriminierung lateinamerikanischer Staaten durch USA\",\"datePublished\":\"2022-05-29T13:30:51+00:00\",\"dateModified\":\"2022-05-29T13:30:51+00:00\",\"mainEntityOfPage\":{\"@id\":\"https:\/\/now-news.de\/de\/deutschland\/bolivarische-allianz-alba-verurteilt-die-diskriminierung-lateinamerikanischer-staaten-durch-usa\/\"},\"wordCount\":515,\"commentCount\":0,\"publisher\":{\"@id\":\"https:\/\/now-news.de\/de\/#organization\"},\"image\":{\"@id\":\"https:\/\/now-news.de\/de\/deutschland\/bolivarische-allianz-alba-verurteilt-die-diskriminierung-lateinamerikanischer-staaten-durch-usa\/#primaryimage\"},\"thumbnailUrl\":\"https:\/\/now-news.de\/de\/wp-content\/uploads\/sites\/3\/2022\/05\/Bolivarische-Allianz-ALBA-verurteilt-die-Diskriminierung-lateinamerikanischer-Staaten-durch-USA.jpg\",\"keywords\":[\"ALBA\",\"Allianz\",\"Bolivarische\",\"die\",\"Diskriminierung\",\"durch\",\"lateinamerikanischer\",\"Staaten\",\"USA\",\"verurteilt\"],\"articleSection\":[\"Deutschland\",\"Russland\"],\"inLanguage\":\"de\",\"potentialAction\":[{\"@type\":\"CommentAction\",\"name\":\"Comment\",\"target\":[\"https:\/\/now-news.de\/de\/deutschland\/bolivarische-allianz-alba-verurteilt-die-diskriminierung-lateinamerikanischer-staaten-durch-usa\/#respond\"]}]},{\"@type\":\"WebPage\",\"@id\":\"https:\/\/now-news.de\/de\/deutschland\/bolivarische-allianz-alba-verurteilt-die-diskriminierung-lateinamerikanischer-staaten-durch-usa\/\",\"url\":\"https:\/\/now-news.de\/de\/deutschland\/bolivarische-allianz-alba-verurteilt-die-diskriminierung-lateinamerikanischer-staaten-durch-usa\/\",\"name\":\"Bolivarische Allianz ALBA verurteilt die Diskriminierung lateinamerikanischer Staaten durch USA - just-now.NEWS Deutschland\",\"isPartOf\":{\"@id\":\"https:\/\/now-news.de\/de\/#website\"},\"primaryImageOfPage\":{\"@id\":\"https:\/\/now-news.de\/de\/deutschland\/bolivarische-allianz-alba-verurteilt-die-diskriminierung-lateinamerikanischer-staaten-durch-usa\/#primaryimage\"},\"image\":{\"@id\":\"https:\/\/now-news.de\/de\/deutschland\/bolivarische-allianz-alba-verurteilt-die-diskriminierung-lateinamerikanischer-staaten-durch-usa\/#primaryimage\"},\"thumbnailUrl\":\"https:\/\/now-news.de\/de\/wp-content\/uploads\/sites\/3\/2022\/05\/Bolivarische-Allianz-ALBA-verurteilt-die-Diskriminierung-lateinamerikanischer-Staaten-durch-USA.jpg\",\"datePublished\":\"2022-05-29T13:30:51+00:00\",\"dateModified\":\"2022-05-29T13:30:51+00:00\",\"breadcrumb\":{\"@id\":\"https:\/\/now-news.de\/de\/deutschland\/bolivarische-allianz-alba-verurteilt-die-diskriminierung-lateinamerikanischer-staaten-durch-usa\/#breadcrumb\"},\"inLanguage\":\"de\",\"potentialAction\":[{\"@type\":\"ReadAction\",\"target\":[\"https:\/\/now-news.de\/de\/deutschland\/bolivarische-allianz-alba-verurteilt-die-diskriminierung-lateinamerikanischer-staaten-durch-usa\/\"]}]},{\"@type\":\"ImageObject\",\"inLanguage\":\"de\",\"@id\":\"https:\/\/now-news.de\/de\/deutschland\/bolivarische-allianz-alba-verurteilt-die-diskriminierung-lateinamerikanischer-staaten-durch-usa\/#primaryimage\",\"url\":\"https:\/\/now-news.de\/de\/wp-content\/uploads\/sites\/3\/2022\/05\/Bolivarische-Allianz-ALBA-verurteilt-die-Diskriminierung-lateinamerikanischer-Staaten-durch-USA.jpg\",\"contentUrl\":\"https:\/\/now-news.de\/de\/wp-content\/uploads\/sites\/3\/2022\/05\/Bolivarische-Allianz-ALBA-verurteilt-die-Diskriminierung-lateinamerikanischer-Staaten-durch-USA.jpg\",\"width\":460,\"height\":259,\"caption\":\"Bolivarische Allianz ALBA verurteilt die Diskriminierung lateinamerikanischer Staaten durch USA\"},{\"@type\":\"BreadcrumbList\",\"@id\":\"https:\/\/now-news.de\/de\/deutschland\/bolivarische-allianz-alba-verurteilt-die-diskriminierung-lateinamerikanischer-staaten-durch-usa\/#breadcrumb\",\"itemListElement\":[{\"@type\":\"ListItem\",\"position\":1,\"name\":\"Home\",\"item\":\"https:\/\/now-news.de\/de\/\"},{\"@type\":\"ListItem\",\"position\":2,\"name\":\"Bolivarische Allianz ALBA verurteilt die Diskriminierung lateinamerikanischer Staaten durch USA\"}]},{\"@type\":\"WebSite\",\"@id\":\"https:\/\/now-news.de\/de\/#website\",\"url\":\"https:\/\/now-news.de\/de\/\",\"name\":\"just-now.NEWS Deutschland\",\"description\":\"Das Portal f\u00fcr unzensierte Nachrichten aus der Welt\",\"publisher\":{\"@id\":\"https:\/\/now-news.de\/de\/#organization\"},\"potentialAction\":[{\"@type\":\"SearchAction\",\"target\":{\"@type\":\"EntryPoint\",\"urlTemplate\":\"https:\/\/now-news.de\/de\/?s={search_term_string}\"},\"query-input\":\"required name=search_term_string\"}],\"inLanguage\":\"de\"},{\"@type\":\"Organization\",\"@id\":\"https:\/\/now-news.de\/de\/#organization\",\"name\":\"Just Now News\",\"url\":\"https:\/\/now-news.de\/de\/\",\"logo\":{\"@type\":\"ImageObject\",\"inLanguage\":\"de\",\"@id\":\"https:\/\/now-news.de\/de\/#\/schema\/logo\/image\/\",\"url\":\"http:\/\/just-now.news\/de\/wp-content\/uploads\/sites\/3\/2022\/04\/logo500x500.jpg\",\"contentUrl\":\"http:\/\/just-now.news\/de\/wp-content\/uploads\/sites\/3\/2022\/04\/logo500x500.jpg\",\"width\":500,\"height\":500,\"caption\":\"Just Now News\"},\"image\":{\"@id\":\"https:\/\/now-news.de\/de\/#\/schema\/logo\/image\/\"},\"sameAs\":[\"https:\/\/www.facebook.com\/wirmachenauf\",\"https:\/\/x.com\/WirMachenAuf_de\"]},{\"@type\":\"Person\",\"@id\":\"https:\/\/now-news.de\/de\/#\/schema\/person\/fb534a4e865501d8b3285208df34a9b5\",\"name\":\"rtnews\",\"image\":{\"@type\":\"ImageObject\",\"inLanguage\":\"de\",\"@id\":\"https:\/\/now-news.de\/de\/#\/schema\/person\/image\/\",\"url\":\"https:\/\/secure.gravatar.com\/avatar\/82aafea7d8127119dd649515f56e2117?s=96&d=mm&r=g\",\"contentUrl\":\"https:\/\/secure.gravatar.com\/avatar\/82aafea7d8127119dd649515f56e2117?s=96&d=mm&r=g\",\"caption\":\"rtnews\"},\"url\":\"https:\/\/now-news.de\/de\/author\/rnews\/\"}]}<\/script>\n<!-- \/ Yoast SEO Premium plugin. -->","yoast_head_json":{"title":"Bolivarische Allianz ALBA verurteilt die Diskriminierung lateinamerikanischer Staaten durch USA - just-now.NEWS Deutschland","robots":{"index":"index","follow":"follow","max-snippet":"max-snippet:-1","max-image-preview":"max-image-preview:large","max-video-preview":"max-video-preview:-1"},"canonical":"https:\/\/now-news.de\/de\/deutschland\/bolivarische-allianz-alba-verurteilt-die-diskriminierung-lateinamerikanischer-staaten-durch-usa\/","og_locale":"de_DE","og_type":"article","og_title":"Bolivarische Allianz ALBA verurteilt die Diskriminierung lateinamerikanischer Staaten durch USA","og_description":"Die &#8220;Bolivarische Allianz f\u00fcr die V\u00f6lker unseres Amerikas&#8221; (ALBA-TCP) hat am Freitag die Entscheidung der USA verurteilt, mehrere lateinamerikanische L\u00e4nder von der Teilnahme am Gipfel der Organisation Amerikanischer Staaten (OAS) auszuschlie\u00dfen. Die Allianz betonte, dass die Entscheidung Washingtons politisch motiviert sei, und\u00a0prangerte die diskriminierende Behandlung durch die\u00a0Vereinigten Staaten an. In einer Erkl\u00e4rung der ALBA-TCP hei\u00dft [&hellip;]","og_url":"https:\/\/now-news.de\/de\/deutschland\/bolivarische-allianz-alba-verurteilt-die-diskriminierung-lateinamerikanischer-staaten-durch-usa\/","og_site_name":"just-now.NEWS Deutschland","article_publisher":"https:\/\/www.facebook.com\/wirmachenauf","article_published_time":"2022-05-29T13:30:51+00:00","og_image":[{"width":460,"height":259,"url":"https:\/\/now-news.de\/de\/wp-content\/uploads\/sites\/3\/2022\/05\/Bolivarische-Allianz-ALBA-verurteilt-die-Diskriminierung-lateinamerikanischer-Staaten-durch-USA.jpg","type":"image\/jpeg"}],"author":"rtnews","twitter_card":"summary_large_image","twitter_creator":"@WirMachenAuf_de","twitter_site":"@WirMachenAuf_de","twitter_misc":{"Verfasst von":"rtnews","Gesch\u00e4tzte Lesezeit":"3\u00a0Minuten"},"schema":{"@context":"https:\/\/schema.org","@graph":[{"@type":"Article","@id":"https:\/\/now-news.de\/de\/deutschland\/bolivarische-allianz-alba-verurteilt-die-diskriminierung-lateinamerikanischer-staaten-durch-usa\/#article","isPartOf":{"@id":"https:\/\/now-news.de\/de\/deutschland\/bolivarische-allianz-alba-verurteilt-die-diskriminierung-lateinamerikanischer-staaten-durch-usa\/"},"author":{"name":"rtnews","@id":"https:\/\/now-news.de\/de\/#\/schema\/person\/fb534a4e865501d8b3285208df34a9b5"},"headline":"Bolivarische Allianz ALBA verurteilt die Diskriminierung lateinamerikanischer Staaten durch USA","datePublished":"2022-05-29T13:30:51+00:00","dateModified":"2022-05-29T13:30:51+00:00","mainEntityOfPage":{"@id":"https:\/\/now-news.de\/de\/deutschland\/bolivarische-allianz-alba-verurteilt-die-diskriminierung-lateinamerikanischer-staaten-durch-usa\/"},"wordCount":515,"commentCount":0,"publisher":{"@id":"https:\/\/now-news.de\/de\/#organization"},"image":{"@id":"https:\/\/now-news.de\/de\/deutschland\/bolivarische-allianz-alba-verurteilt-die-diskriminierung-lateinamerikanischer-staaten-durch-usa\/#primaryimage"},"thumbnailUrl":"https:\/\/now-news.de\/de\/wp-content\/uploads\/sites\/3\/2022\/05\/Bolivarische-Allianz-ALBA-verurteilt-die-Diskriminierung-lateinamerikanischer-Staaten-durch-USA.jpg","keywords":["ALBA","Allianz","Bolivarische","die","Diskriminierung","durch","lateinamerikanischer","Staaten","USA","verurteilt"],"articleSection":["Deutschland","Russland"],"inLanguage":"de","potentialAction":[{"@type":"CommentAction","name":"Comment","target":["https:\/\/now-news.de\/de\/deutschland\/bolivarische-allianz-alba-verurteilt-die-diskriminierung-lateinamerikanischer-staaten-durch-usa\/#respond"]}]},{"@type":"WebPage","@id":"https:\/\/now-news.de\/de\/deutschland\/bolivarische-allianz-alba-verurteilt-die-diskriminierung-lateinamerikanischer-staaten-durch-usa\/","url":"https:\/\/now-news.de\/de\/deutschland\/bolivarische-allianz-alba-verurteilt-die-diskriminierung-lateinamerikanischer-staaten-durch-usa\/","name":"Bolivarische Allianz ALBA verurteilt die Diskriminierung lateinamerikanischer Staaten durch USA - just-now.NEWS Deutschland","isPartOf":{"@id":"https:\/\/now-news.de\/de\/#website"},"primaryImageOfPage":{"@id":"https:\/\/now-news.de\/de\/deutschland\/bolivarische-allianz-alba-verurteilt-die-diskriminierung-lateinamerikanischer-staaten-durch-usa\/#primaryimage"},"image":{"@id":"https:\/\/now-news.de\/de\/deutschland\/bolivarische-allianz-alba-verurteilt-die-diskriminierung-lateinamerikanischer-staaten-durch-usa\/#primaryimage"},"thumbnailUrl":"https:\/\/now-news.de\/de\/wp-content\/uploads\/sites\/3\/2022\/05\/Bolivarische-Allianz-ALBA-verurteilt-die-Diskriminierung-lateinamerikanischer-Staaten-durch-USA.jpg","datePublished":"2022-05-29T13:30:51+00:00","dateModified":"2022-05-29T13:30:51+00:00","breadcrumb":{"@id":"https:\/\/now-news.de\/de\/deutschland\/bolivarische-allianz-alba-verurteilt-die-diskriminierung-lateinamerikanischer-staaten-durch-usa\/#breadcrumb"},"inLanguage":"de","potentialAction":[{"@type":"ReadAction","target":["https:\/\/now-news.de\/de\/deutschland\/bolivarische-allianz-alba-verurteilt-die-diskriminierung-lateinamerikanischer-staaten-durch-usa\/"]}]},{"@type":"ImageObject","inLanguage":"de","@id":"https:\/\/now-news.de\/de\/deutschland\/bolivarische-allianz-alba-verurteilt-die-diskriminierung-lateinamerikanischer-staaten-durch-usa\/#primaryimage","url":"https:\/\/now-news.de\/de\/wp-content\/uploads\/sites\/3\/2022\/05\/Bolivarische-Allianz-ALBA-verurteilt-die-Diskriminierung-lateinamerikanischer-Staaten-durch-USA.jpg","contentUrl":"https:\/\/now-news.de\/de\/wp-content\/uploads\/sites\/3\/2022\/05\/Bolivarische-Allianz-ALBA-verurteilt-die-Diskriminierung-lateinamerikanischer-Staaten-durch-USA.jpg","width":460,"height":259,"caption":"Bolivarische Allianz ALBA verurteilt die Diskriminierung lateinamerikanischer Staaten durch USA"},{"@type":"BreadcrumbList","@id":"https:\/\/now-news.de\/de\/deutschland\/bolivarische-allianz-alba-verurteilt-die-diskriminierung-lateinamerikanischer-staaten-durch-usa\/#breadcrumb","itemListElement":[{"@type":"ListItem","position":1,"name":"Home","item":"https:\/\/now-news.de\/de\/"},{"@type":"ListItem","position":2,"name":"Bolivarische Allianz ALBA verurteilt die Diskriminierung lateinamerikanischer Staaten durch USA"}]},{"@type":"WebSite","@id":"https:\/\/now-news.de\/de\/#website","url":"https:\/\/now-news.de\/de\/","name":"just-now.NEWS Deutschland","description":"Das Portal f\u00fcr unzensierte Nachrichten aus der Welt","publisher":{"@id":"https:\/\/now-news.de\/de\/#organization"},"potentialAction":[{"@type":"SearchAction","target":{"@type":"EntryPoint","urlTemplate":"https:\/\/now-news.de\/de\/?s={search_term_string}"},"query-input":"required name=search_term_string"}],"inLanguage":"de"},{"@type":"Organization","@id":"https:\/\/now-news.de\/de\/#organization","name":"Just Now News","url":"https:\/\/now-news.de\/de\/","logo":{"@type":"ImageObject","inLanguage":"de","@id":"https:\/\/now-news.de\/de\/#\/schema\/logo\/image\/","url":"http:\/\/just-now.news\/de\/wp-content\/uploads\/sites\/3\/2022\/04\/logo500x500.jpg","contentUrl":"http:\/\/just-now.news\/de\/wp-content\/uploads\/sites\/3\/2022\/04\/logo500x500.jpg","width":500,"height":500,"caption":"Just Now News"},"image":{"@id":"https:\/\/now-news.de\/de\/#\/schema\/logo\/image\/"},"sameAs":["https:\/\/www.facebook.com\/wirmachenauf","https:\/\/x.com\/WirMachenAuf_de"]},{"@type":"Person","@id":"https:\/\/now-news.de\/de\/#\/schema\/person\/fb534a4e865501d8b3285208df34a9b5","name":"rtnews","image":{"@type":"ImageObject","inLanguage":"de","@id":"https:\/\/now-news.de\/de\/#\/schema\/person\/image\/","url":"https:\/\/secure.gravatar.com\/avatar\/82aafea7d8127119dd649515f56e2117?s=96&d=mm&r=g","contentUrl":"https:\/\/secure.gravatar.com\/avatar\/82aafea7d8127119dd649515f56e2117?s=96&d=mm&r=g","caption":"rtnews"},"url":"https:\/\/now-news.de\/de\/author\/rnews\/"}]}},"_links":{"self":[{"href":"https:\/\/now-news.de\/de\/wp-json\/wp\/v2\/posts\/9166"}],"collection":[{"href":"https:\/\/now-news.de\/de\/wp-json\/wp\/v2\/posts"}],"about":[{"href":"https:\/\/now-news.de\/de\/wp-json\/wp\/v2\/types\/post"}],"author":[{"embeddable":true,"href":"https:\/\/now-news.de\/de\/wp-json\/wp\/v2\/users\/3"}],"replies":[{"embeddable":true,"href":"https:\/\/now-news.de\/de\/wp-json\/wp\/v2\/comments?post=9166"}],"version-history":[{"count":0,"href":"https:\/\/now-news.de\/de\/wp-json\/wp\/v2\/posts\/9166\/revisions"}],"wp:featuredmedia":[{"embeddable":true,"href":"https:\/\/now-news.de\/de\/wp-json\/wp\/v2\/media\/9167"}],"wp:attachment":[{"href":"https:\/\/now-news.de\/de\/wp-json\/wp\/v2\/media?parent=9166"}],"wp:term":[{"taxonomy":"category","embeddable":true,"href":"https:\/\/now-news.de\/de\/wp-json\/wp\/v2\/categories?post=9166"},{"taxonomy":"post_tag","embeddable":true,"href":"https:\/\/now-news.de\/de\/wp-json\/wp\/v2\/tags?post=9166"}],"curies":[{"name":"wp","href":"https:\/\/api.w.org\/{rel}","templated":true}]}}