{"id":91629,"date":"2025-10-03T18:34:00","date_gmt":"2025-10-03T16:34:00","guid":{"rendered":"https:\/\/now-news.de\/de\/deutschland\/an-der-spitze-der-anglikanischen-kirche-steht-jetzt-eine-erzbischoefin\/"},"modified":"2025-10-03T18:34:00","modified_gmt":"2025-10-03T16:34:00","slug":"an-der-spitze-der-anglikanischen-kirche-steht-jetzt-eine-erzbischoefin","status":"publish","type":"post","link":"https:\/\/now-news.de\/de\/deutschland\/an-der-spitze-der-anglikanischen-kirche-steht-jetzt-eine-erzbischoefin\/","title":{"rendered":"An der Spitze der anglikanischen Kirche steht jetzt eine Erzbisch\u00f6fin"},"content":{"rendered":"<p><img decoding=\"async\" src=\"https:\/\/now-news.de\/de\/wp-content\/uploads\/sites\/3\/2025\/10\/68dff0f548fbef76d5728788.jpg\" \/><\/p>\n<div class=\"Text-root Text-type_1 \">\n                Im November war ihr Vorg\u00e4nger wegen eines Missbrauchsskandals zur\u00fcckgetreten. Ihre Kirche, die ihre Entstehung der Scheidung Heinrich VIII. von Katharina von Aragon verdankt, umfasst nicht nur Gro\u00dfbritannien, sondern auch ehemalige Kolonien.\n            <\/div>\n<p><\/p>\n<div class=\"Text-root Text-type_5 ArticleView-text ViewText-root \">\n<p>Die anglikanische Kirche hat ihren ersten weiblichen Erzbischof von Canterbury ernannt und damit 1.400 Jahre m\u00e4nnlicher F\u00fchrung beendet. Die ehemalige oberste britische Krankenpflegerin, Sarah Mullally, wurde am Freitag von einer Kirchensynode zum f\u00fchrenden Kleriker der Konfession bestellt.<\/p>\n<p>Die anglikanische Kirche f\u00fchrte die Ordination von Frauen verglichen mit anderen protestantischen Kirchen sp\u00e4t ein, erst 1994 (die erste protestantische Pfarrerin in Deutschland wurde 1958 in L\u00fcbeck ordiniert). Bis 2014 war es ihnen nicht gestattet, h\u00f6here Posten einzunehmen. Die Reform, die das letztlich doch erm\u00f6glichte, folgte auf Jahre innerer Spaltungen und Debatten.<\/p>\n<p>Ehe sie Pfarrerin wurde, hatte Mullally eine erfolgreiche Karriere als Krankenschwester und brachte es bis zum Chief Nursing Officer, eine Position im britischen Gesundheitsministerium, die f\u00fcr die Entwicklung der Pflegeberufe zust\u00e4ndig ist. 2002 wurde sie zur Pfarrerin geweiht und diente danach als Bischof von Crediton und als Bischof von London, dem dritten Posten in der Hierarchie der anglikanischen Kirche. F\u00fcr ihre inklusive Sicht bekannt, hat sie Gebete und Segnungen f\u00fcr gleichgeschlechtliche Paare unterst\u00fctzt und ihre F\u00fchrungsposition um Offenheit und seelsorgerische F\u00fcrsorge aufgebaut.<\/p>\n<p>Ihre Ernennung folgt auf den R\u00fccktritt ihres Vorg\u00e4ngers, Erzbischof Justin Welby, im vergangenen November. Eine Untersuchung hatte zutage gef\u00f6rdert, dass er auf Hinweise zu einem Pfarrer nicht reagiert hat, der \u00fcber Jahrzehnte hinweg Kinder missbrauchte.<\/p>\n<p>Der zweite Bischof in der Rangfolge der Kirche von England, der Erzbischof von York, Stephen Cottrell, der nach Welbys R\u00fccktritt kommissarisch die Gesch\u00e4fte f\u00fchrte, steht nach einer <em>BBC<\/em>-Recherche ebenfalls im Feuer, die herausfand, dass er es einem Pfarrer mit einer Missbrauchsgeschichte erlaubte, im Amt zu bleiben. Er bleibt aber auf seinem Posten.<\/p>\n<p>Mullallys Ernennung hat bereits den Widerstand konservativer Fraktionen innerhalb der anglikanischen Gemeinschaft hervorgerufen, vor allem aus Afrika, wo die Kirchenf\u00fchrer sich lang gegen Frauen in f\u00fchrenden Positionen wandten und die liberale Haltung der Kirche von England in Sexualfragen verdammten. GAFCON, eine Gruppe konservativer anglikanischer Kirchen, sagte, der Schritt zeige, dass die englische Kirche &#8220;ihre Autorit\u00e4t, zu f\u00fchren&#8221; preisgegeben habe.<\/p>\n<p>Die Kirche von England ist eine protestantische Kirche, die 1534 geschaffen wurde, als der englische K\u00f6nig Heinrich VIII. sich von der Autorit\u00e4t des Papstes wegen eines Scheidungsdisputs abwandte. Ihr formelles Oberhaupt ist der britische Monarch; der Erzbischof von Canterbury fungiert als ihr geistlicher F\u00fchrer.<\/p>\n<p><strong>Mehr zum Thema<\/strong>\u00a0<strong>\u2013<\/strong>\u00a0<a rel=\"nofollow noopener\" target=\"_blank\" href=\"https:\/\/freedert.online\/inland\/255519-kriegstuechtigkeit-gottgewollt-religioese-verbraemung-deutschen-deutschen-aufruestung\/\">Kriegst\u00fcchtigkeit gottgewollt? Die religi\u00f6se Verbr\u00e4mung der deutschen Aufr\u00fcstung<\/a><\/p>\n<div class=\"EmbedBlock-root EmbedBlock-externalVideo EmbedBlock-rumble\">\n<div class=\"VkEmbed\"><iframe class=\"lazyload\" data-src=\"https:\/\/rumble.com\/embed\/v6v2mf4\" frameborder=\"0\" width=\"853\" height=\"480\" allowfullscreen><\/iframe><\/div>\n<\/div>\n<\/div>\n<p><br \/>\n<br \/><a href=\"https:\/\/de.rt.com\/europa\/257853-an-spitze-anglikanischen-kirche-steht\/\">Source link <\/a><\/p>\n","protected":false},"excerpt":{"rendered":"<p>Im November war ihr Vorg\u00e4nger wegen eines Missbrauchsskandals zur\u00fcckgetreten. Ihre Kirche, die ihre Entstehung der Scheidung Heinrich VIII. von Katharina von Aragon verdankt, umfasst nicht nur Gro\u00dfbritannien, sondern auch ehemalige Kolonien. Die anglikanische Kirche hat ihren ersten weiblichen Erzbischof von Canterbury ernannt und damit 1.400 Jahre m\u00e4nnlicher F\u00fchrung beendet. Die ehemalige oberste britische Krankenpflegerin, Sarah [&hellip;]<\/p>\n","protected":false},"author":3,"featured_media":91630,"comment_status":"open","ping_status":"open","sticky":false,"template":"","format":"standard","meta":{"_yoast_indexnow_last_ping":["1759514025"],"wp_automatic_camp":["217"],"8df643f9793d5950afc925960217c577":["An der Spitze der anglikanischen Kirche steht jetzt eine Erzbisch\u00f6fin"],"original_link":["https:\/\/de.rt.com\/europa\/257853-an-spitze-anglikanischen-kirche-steht\/"],"_thumbnail_id":["91630"],"jnews_social_counter_last_update":["1777113070"],"_wptgpro_p2tg_sent2tg":["a:1:{i:23737;s:19:\"2025-10-03 19:54:45\";}"]},"categories":[19,23],"tags":[68198,82,275,68199,2731,910,13986,1606],"yoast_head":"<!-- This site is optimized with the Yoast SEO Premium plugin v22.7 (Yoast SEO v22.7) - https:\/\/yoast.com\/wordpress\/plugins\/seo\/ -->\n<title>An der Spitze der anglikanischen Kirche steht jetzt eine Erzbisch\u00f6fin - just-now.NEWS Deutschland<\/title>\n<meta name=\"robots\" content=\"index, follow, max-snippet:-1, max-image-preview:large, max-video-preview:-1\" \/>\n<link rel=\"canonical\" href=\"https:\/\/now-news.de\/de\/deutschland\/an-der-spitze-der-anglikanischen-kirche-steht-jetzt-eine-erzbischoefin\/\" \/>\n<meta property=\"og:locale\" content=\"de_DE\" \/>\n<meta property=\"og:type\" content=\"article\" \/>\n<meta property=\"og:title\" content=\"An der Spitze der anglikanischen Kirche steht jetzt eine Erzbisch\u00f6fin\" \/>\n<meta property=\"og:description\" content=\"Im November war ihr Vorg\u00e4nger wegen eines Missbrauchsskandals zur\u00fcckgetreten. Ihre Kirche, die ihre Entstehung der Scheidung Heinrich VIII. von Katharina von Aragon verdankt, umfasst nicht nur Gro\u00dfbritannien, sondern auch ehemalige Kolonien. Die anglikanische Kirche hat ihren ersten weiblichen Erzbischof von Canterbury ernannt und damit 1.400 Jahre m\u00e4nnlicher F\u00fchrung beendet. Die ehemalige oberste britische Krankenpflegerin, Sarah [&hellip;]\" \/>\n<meta property=\"og:url\" content=\"https:\/\/now-news.de\/de\/deutschland\/an-der-spitze-der-anglikanischen-kirche-steht-jetzt-eine-erzbischoefin\/\" \/>\n<meta property=\"og:site_name\" content=\"just-now.NEWS Deutschland\" \/>\n<meta property=\"article:publisher\" content=\"https:\/\/www.facebook.com\/wirmachenauf\" \/>\n<meta property=\"article:published_time\" content=\"2025-10-03T16:34:00+00:00\" \/>\n<meta property=\"og:image\" content=\"https:\/\/now-news.de\/de\/wp-content\/uploads\/sites\/3\/2025\/10\/68dff0f548fbef76d5728788.jpg\" \/>\n<meta name=\"author\" content=\"rtnews\" \/>\n<meta name=\"twitter:card\" content=\"summary_large_image\" \/>\n<meta name=\"twitter:creator\" content=\"@WirMachenAuf_de\" \/>\n<meta name=\"twitter:site\" content=\"@WirMachenAuf_de\" \/>\n<meta name=\"twitter:label1\" content=\"Verfasst von\" \/>\n\t<meta name=\"twitter:data1\" content=\"rtnews\" \/>\n\t<meta name=\"twitter:label2\" content=\"Gesch\u00e4tzte Lesezeit\" \/>\n\t<meta name=\"twitter:data2\" content=\"2\u00a0Minuten\" \/>\n<script type=\"application\/ld+json\" class=\"yoast-schema-graph\">{\"@context\":\"https:\/\/schema.org\",\"@graph\":[{\"@type\":\"Article\",\"@id\":\"https:\/\/now-news.de\/de\/deutschland\/an-der-spitze-der-anglikanischen-kirche-steht-jetzt-eine-erzbischoefin\/#article\",\"isPartOf\":{\"@id\":\"https:\/\/now-news.de\/de\/deutschland\/an-der-spitze-der-anglikanischen-kirche-steht-jetzt-eine-erzbischoefin\/\"},\"author\":{\"name\":\"rtnews\",\"@id\":\"https:\/\/now-news.de\/de\/#\/schema\/person\/fb534a4e865501d8b3285208df34a9b5\"},\"headline\":\"An der Spitze der anglikanischen Kirche steht jetzt eine Erzbisch\u00f6fin\",\"datePublished\":\"2025-10-03T16:34:00+00:00\",\"dateModified\":\"2025-10-03T16:34:00+00:00\",\"mainEntityOfPage\":{\"@id\":\"https:\/\/now-news.de\/de\/deutschland\/an-der-spitze-der-anglikanischen-kirche-steht-jetzt-eine-erzbischoefin\/\"},\"wordCount\":446,\"commentCount\":0,\"publisher\":{\"@id\":\"https:\/\/now-news.de\/de\/#organization\"},\"image\":{\"@id\":\"https:\/\/now-news.de\/de\/deutschland\/an-der-spitze-der-anglikanischen-kirche-steht-jetzt-eine-erzbischoefin\/#primaryimage\"},\"thumbnailUrl\":\"https:\/\/now-news.de\/de\/wp-content\/uploads\/sites\/3\/2025\/10\/An-der-Spitze-der-anglikanischen-Kirche-steht-jetzt-eine-Erzbischoefin.jpg\",\"keywords\":[\"anglikanischen\",\"der\",\"eine\",\"Erzbisch\u00f6fin\",\"Jetzt\",\"Kirche\",\"Spitze\",\"steht\"],\"articleSection\":[\"Deutschland\",\"Russland\"],\"inLanguage\":\"de\",\"potentialAction\":[{\"@type\":\"CommentAction\",\"name\":\"Comment\",\"target\":[\"https:\/\/now-news.de\/de\/deutschland\/an-der-spitze-der-anglikanischen-kirche-steht-jetzt-eine-erzbischoefin\/#respond\"]}]},{\"@type\":\"WebPage\",\"@id\":\"https:\/\/now-news.de\/de\/deutschland\/an-der-spitze-der-anglikanischen-kirche-steht-jetzt-eine-erzbischoefin\/\",\"url\":\"https:\/\/now-news.de\/de\/deutschland\/an-der-spitze-der-anglikanischen-kirche-steht-jetzt-eine-erzbischoefin\/\",\"name\":\"An der Spitze der anglikanischen Kirche steht jetzt eine Erzbisch\u00f6fin - just-now.NEWS Deutschland\",\"isPartOf\":{\"@id\":\"https:\/\/now-news.de\/de\/#website\"},\"primaryImageOfPage\":{\"@id\":\"https:\/\/now-news.de\/de\/deutschland\/an-der-spitze-der-anglikanischen-kirche-steht-jetzt-eine-erzbischoefin\/#primaryimage\"},\"image\":{\"@id\":\"https:\/\/now-news.de\/de\/deutschland\/an-der-spitze-der-anglikanischen-kirche-steht-jetzt-eine-erzbischoefin\/#primaryimage\"},\"thumbnailUrl\":\"https:\/\/now-news.de\/de\/wp-content\/uploads\/sites\/3\/2025\/10\/An-der-Spitze-der-anglikanischen-Kirche-steht-jetzt-eine-Erzbischoefin.jpg\",\"datePublished\":\"2025-10-03T16:34:00+00:00\",\"dateModified\":\"2025-10-03T16:34:00+00:00\",\"breadcrumb\":{\"@id\":\"https:\/\/now-news.de\/de\/deutschland\/an-der-spitze-der-anglikanischen-kirche-steht-jetzt-eine-erzbischoefin\/#breadcrumb\"},\"inLanguage\":\"de\",\"potentialAction\":[{\"@type\":\"ReadAction\",\"target\":[\"https:\/\/now-news.de\/de\/deutschland\/an-der-spitze-der-anglikanischen-kirche-steht-jetzt-eine-erzbischoefin\/\"]}]},{\"@type\":\"ImageObject\",\"inLanguage\":\"de\",\"@id\":\"https:\/\/now-news.de\/de\/deutschland\/an-der-spitze-der-anglikanischen-kirche-steht-jetzt-eine-erzbischoefin\/#primaryimage\",\"url\":\"https:\/\/now-news.de\/de\/wp-content\/uploads\/sites\/3\/2025\/10\/An-der-Spitze-der-anglikanischen-Kirche-steht-jetzt-eine-Erzbischoefin.jpg\",\"contentUrl\":\"https:\/\/now-news.de\/de\/wp-content\/uploads\/sites\/3\/2025\/10\/An-der-Spitze-der-anglikanischen-Kirche-steht-jetzt-eine-Erzbischoefin.jpg\",\"width\":460,\"height\":259,\"caption\":\"An der Spitze der anglikanischen Kirche steht jetzt eine Erzbisch\u00f6fin\"},{\"@type\":\"BreadcrumbList\",\"@id\":\"https:\/\/now-news.de\/de\/deutschland\/an-der-spitze-der-anglikanischen-kirche-steht-jetzt-eine-erzbischoefin\/#breadcrumb\",\"itemListElement\":[{\"@type\":\"ListItem\",\"position\":1,\"name\":\"Home\",\"item\":\"https:\/\/now-news.de\/de\/\"},{\"@type\":\"ListItem\",\"position\":2,\"name\":\"An der Spitze der anglikanischen Kirche steht jetzt eine Erzbisch\u00f6fin\"}]},{\"@type\":\"WebSite\",\"@id\":\"https:\/\/now-news.de\/de\/#website\",\"url\":\"https:\/\/now-news.de\/de\/\",\"name\":\"just-now.NEWS Deutschland\",\"description\":\"Das Portal f\u00fcr unzensierte Nachrichten aus der Welt\",\"publisher\":{\"@id\":\"https:\/\/now-news.de\/de\/#organization\"},\"potentialAction\":[{\"@type\":\"SearchAction\",\"target\":{\"@type\":\"EntryPoint\",\"urlTemplate\":\"https:\/\/now-news.de\/de\/?s={search_term_string}\"},\"query-input\":\"required name=search_term_string\"}],\"inLanguage\":\"de\"},{\"@type\":\"Organization\",\"@id\":\"https:\/\/now-news.de\/de\/#organization\",\"name\":\"Just Now News\",\"url\":\"https:\/\/now-news.de\/de\/\",\"logo\":{\"@type\":\"ImageObject\",\"inLanguage\":\"de\",\"@id\":\"https:\/\/now-news.de\/de\/#\/schema\/logo\/image\/\",\"url\":\"http:\/\/just-now.news\/de\/wp-content\/uploads\/sites\/3\/2022\/04\/logo500x500.jpg\",\"contentUrl\":\"http:\/\/just-now.news\/de\/wp-content\/uploads\/sites\/3\/2022\/04\/logo500x500.jpg\",\"width\":500,\"height\":500,\"caption\":\"Just Now News\"},\"image\":{\"@id\":\"https:\/\/now-news.de\/de\/#\/schema\/logo\/image\/\"},\"sameAs\":[\"https:\/\/www.facebook.com\/wirmachenauf\",\"https:\/\/x.com\/WirMachenAuf_de\"]},{\"@type\":\"Person\",\"@id\":\"https:\/\/now-news.de\/de\/#\/schema\/person\/fb534a4e865501d8b3285208df34a9b5\",\"name\":\"rtnews\",\"image\":{\"@type\":\"ImageObject\",\"inLanguage\":\"de\",\"@id\":\"https:\/\/now-news.de\/de\/#\/schema\/person\/image\/\",\"url\":\"https:\/\/secure.gravatar.com\/avatar\/82aafea7d8127119dd649515f56e2117?s=96&d=mm&r=g\",\"contentUrl\":\"https:\/\/secure.gravatar.com\/avatar\/82aafea7d8127119dd649515f56e2117?s=96&d=mm&r=g\",\"caption\":\"rtnews\"},\"url\":\"https:\/\/now-news.de\/de\/author\/rnews\/\"}]}<\/script>\n<!-- \/ Yoast SEO Premium plugin. -->","yoast_head_json":{"title":"An der Spitze der anglikanischen Kirche steht jetzt eine Erzbisch\u00f6fin - just-now.NEWS Deutschland","robots":{"index":"index","follow":"follow","max-snippet":"max-snippet:-1","max-image-preview":"max-image-preview:large","max-video-preview":"max-video-preview:-1"},"canonical":"https:\/\/now-news.de\/de\/deutschland\/an-der-spitze-der-anglikanischen-kirche-steht-jetzt-eine-erzbischoefin\/","og_locale":"de_DE","og_type":"article","og_title":"An der Spitze der anglikanischen Kirche steht jetzt eine Erzbisch\u00f6fin","og_description":"Im November war ihr Vorg\u00e4nger wegen eines Missbrauchsskandals zur\u00fcckgetreten. Ihre Kirche, die ihre Entstehung der Scheidung Heinrich VIII. von Katharina von Aragon verdankt, umfasst nicht nur Gro\u00dfbritannien, sondern auch ehemalige Kolonien. Die anglikanische Kirche hat ihren ersten weiblichen Erzbischof von Canterbury ernannt und damit 1.400 Jahre m\u00e4nnlicher F\u00fchrung beendet. Die ehemalige oberste britische Krankenpflegerin, Sarah [&hellip;]","og_url":"https:\/\/now-news.de\/de\/deutschland\/an-der-spitze-der-anglikanischen-kirche-steht-jetzt-eine-erzbischoefin\/","og_site_name":"just-now.NEWS Deutschland","article_publisher":"https:\/\/www.facebook.com\/wirmachenauf","article_published_time":"2025-10-03T16:34:00+00:00","og_image":[{"url":"https:\/\/now-news.de\/de\/wp-content\/uploads\/sites\/3\/2025\/10\/68dff0f548fbef76d5728788.jpg"}],"author":"rtnews","twitter_card":"summary_large_image","twitter_creator":"@WirMachenAuf_de","twitter_site":"@WirMachenAuf_de","twitter_misc":{"Verfasst von":"rtnews","Gesch\u00e4tzte Lesezeit":"2\u00a0Minuten"},"schema":{"@context":"https:\/\/schema.org","@graph":[{"@type":"Article","@id":"https:\/\/now-news.de\/de\/deutschland\/an-der-spitze-der-anglikanischen-kirche-steht-jetzt-eine-erzbischoefin\/#article","isPartOf":{"@id":"https:\/\/now-news.de\/de\/deutschland\/an-der-spitze-der-anglikanischen-kirche-steht-jetzt-eine-erzbischoefin\/"},"author":{"name":"rtnews","@id":"https:\/\/now-news.de\/de\/#\/schema\/person\/fb534a4e865501d8b3285208df34a9b5"},"headline":"An der Spitze der anglikanischen Kirche steht jetzt eine Erzbisch\u00f6fin","datePublished":"2025-10-03T16:34:00+00:00","dateModified":"2025-10-03T16:34:00+00:00","mainEntityOfPage":{"@id":"https:\/\/now-news.de\/de\/deutschland\/an-der-spitze-der-anglikanischen-kirche-steht-jetzt-eine-erzbischoefin\/"},"wordCount":446,"commentCount":0,"publisher":{"@id":"https:\/\/now-news.de\/de\/#organization"},"image":{"@id":"https:\/\/now-news.de\/de\/deutschland\/an-der-spitze-der-anglikanischen-kirche-steht-jetzt-eine-erzbischoefin\/#primaryimage"},"thumbnailUrl":"https:\/\/now-news.de\/de\/wp-content\/uploads\/sites\/3\/2025\/10\/An-der-Spitze-der-anglikanischen-Kirche-steht-jetzt-eine-Erzbischoefin.jpg","keywords":["anglikanischen","der","eine","Erzbisch\u00f6fin","Jetzt","Kirche","Spitze","steht"],"articleSection":["Deutschland","Russland"],"inLanguage":"de","potentialAction":[{"@type":"CommentAction","name":"Comment","target":["https:\/\/now-news.de\/de\/deutschland\/an-der-spitze-der-anglikanischen-kirche-steht-jetzt-eine-erzbischoefin\/#respond"]}]},{"@type":"WebPage","@id":"https:\/\/now-news.de\/de\/deutschland\/an-der-spitze-der-anglikanischen-kirche-steht-jetzt-eine-erzbischoefin\/","url":"https:\/\/now-news.de\/de\/deutschland\/an-der-spitze-der-anglikanischen-kirche-steht-jetzt-eine-erzbischoefin\/","name":"An der Spitze der anglikanischen Kirche steht jetzt eine Erzbisch\u00f6fin - just-now.NEWS Deutschland","isPartOf":{"@id":"https:\/\/now-news.de\/de\/#website"},"primaryImageOfPage":{"@id":"https:\/\/now-news.de\/de\/deutschland\/an-der-spitze-der-anglikanischen-kirche-steht-jetzt-eine-erzbischoefin\/#primaryimage"},"image":{"@id":"https:\/\/now-news.de\/de\/deutschland\/an-der-spitze-der-anglikanischen-kirche-steht-jetzt-eine-erzbischoefin\/#primaryimage"},"thumbnailUrl":"https:\/\/now-news.de\/de\/wp-content\/uploads\/sites\/3\/2025\/10\/An-der-Spitze-der-anglikanischen-Kirche-steht-jetzt-eine-Erzbischoefin.jpg","datePublished":"2025-10-03T16:34:00+00:00","dateModified":"2025-10-03T16:34:00+00:00","breadcrumb":{"@id":"https:\/\/now-news.de\/de\/deutschland\/an-der-spitze-der-anglikanischen-kirche-steht-jetzt-eine-erzbischoefin\/#breadcrumb"},"inLanguage":"de","potentialAction":[{"@type":"ReadAction","target":["https:\/\/now-news.de\/de\/deutschland\/an-der-spitze-der-anglikanischen-kirche-steht-jetzt-eine-erzbischoefin\/"]}]},{"@type":"ImageObject","inLanguage":"de","@id":"https:\/\/now-news.de\/de\/deutschland\/an-der-spitze-der-anglikanischen-kirche-steht-jetzt-eine-erzbischoefin\/#primaryimage","url":"https:\/\/now-news.de\/de\/wp-content\/uploads\/sites\/3\/2025\/10\/An-der-Spitze-der-anglikanischen-Kirche-steht-jetzt-eine-Erzbischoefin.jpg","contentUrl":"https:\/\/now-news.de\/de\/wp-content\/uploads\/sites\/3\/2025\/10\/An-der-Spitze-der-anglikanischen-Kirche-steht-jetzt-eine-Erzbischoefin.jpg","width":460,"height":259,"caption":"An der Spitze der anglikanischen Kirche steht jetzt eine Erzbisch\u00f6fin"},{"@type":"BreadcrumbList","@id":"https:\/\/now-news.de\/de\/deutschland\/an-der-spitze-der-anglikanischen-kirche-steht-jetzt-eine-erzbischoefin\/#breadcrumb","itemListElement":[{"@type":"ListItem","position":1,"name":"Home","item":"https:\/\/now-news.de\/de\/"},{"@type":"ListItem","position":2,"name":"An der Spitze der anglikanischen Kirche steht jetzt eine Erzbisch\u00f6fin"}]},{"@type":"WebSite","@id":"https:\/\/now-news.de\/de\/#website","url":"https:\/\/now-news.de\/de\/","name":"just-now.NEWS Deutschland","description":"Das Portal f\u00fcr unzensierte Nachrichten aus der Welt","publisher":{"@id":"https:\/\/now-news.de\/de\/#organization"},"potentialAction":[{"@type":"SearchAction","target":{"@type":"EntryPoint","urlTemplate":"https:\/\/now-news.de\/de\/?s={search_term_string}"},"query-input":"required name=search_term_string"}],"inLanguage":"de"},{"@type":"Organization","@id":"https:\/\/now-news.de\/de\/#organization","name":"Just Now News","url":"https:\/\/now-news.de\/de\/","logo":{"@type":"ImageObject","inLanguage":"de","@id":"https:\/\/now-news.de\/de\/#\/schema\/logo\/image\/","url":"http:\/\/just-now.news\/de\/wp-content\/uploads\/sites\/3\/2022\/04\/logo500x500.jpg","contentUrl":"http:\/\/just-now.news\/de\/wp-content\/uploads\/sites\/3\/2022\/04\/logo500x500.jpg","width":500,"height":500,"caption":"Just Now News"},"image":{"@id":"https:\/\/now-news.de\/de\/#\/schema\/logo\/image\/"},"sameAs":["https:\/\/www.facebook.com\/wirmachenauf","https:\/\/x.com\/WirMachenAuf_de"]},{"@type":"Person","@id":"https:\/\/now-news.de\/de\/#\/schema\/person\/fb534a4e865501d8b3285208df34a9b5","name":"rtnews","image":{"@type":"ImageObject","inLanguage":"de","@id":"https:\/\/now-news.de\/de\/#\/schema\/person\/image\/","url":"https:\/\/secure.gravatar.com\/avatar\/82aafea7d8127119dd649515f56e2117?s=96&d=mm&r=g","contentUrl":"https:\/\/secure.gravatar.com\/avatar\/82aafea7d8127119dd649515f56e2117?s=96&d=mm&r=g","caption":"rtnews"},"url":"https:\/\/now-news.de\/de\/author\/rnews\/"}]}},"_links":{"self":[{"href":"https:\/\/now-news.de\/de\/wp-json\/wp\/v2\/posts\/91629"}],"collection":[{"href":"https:\/\/now-news.de\/de\/wp-json\/wp\/v2\/posts"}],"about":[{"href":"https:\/\/now-news.de\/de\/wp-json\/wp\/v2\/types\/post"}],"author":[{"embeddable":true,"href":"https:\/\/now-news.de\/de\/wp-json\/wp\/v2\/users\/3"}],"replies":[{"embeddable":true,"href":"https:\/\/now-news.de\/de\/wp-json\/wp\/v2\/comments?post=91629"}],"version-history":[{"count":0,"href":"https:\/\/now-news.de\/de\/wp-json\/wp\/v2\/posts\/91629\/revisions"}],"wp:featuredmedia":[{"embeddable":true,"href":"https:\/\/now-news.de\/de\/wp-json\/wp\/v2\/media\/91630"}],"wp:attachment":[{"href":"https:\/\/now-news.de\/de\/wp-json\/wp\/v2\/media?parent=91629"}],"wp:term":[{"taxonomy":"category","embeddable":true,"href":"https:\/\/now-news.de\/de\/wp-json\/wp\/v2\/categories?post=91629"},{"taxonomy":"post_tag","embeddable":true,"href":"https:\/\/now-news.de\/de\/wp-json\/wp\/v2\/tags?post=91629"}],"curies":[{"name":"wp","href":"https:\/\/api.w.org\/{rel}","templated":true}]}}