{"id":91605,"date":"2025-10-03T15:56:03","date_gmt":"2025-10-03T13:56:03","guid":{"rendered":"https:\/\/now-news.de\/de\/deutschland\/nach-ueberfall-der-franzoesischen-marine-tanker-setzt-seine-fahrt-fort\/"},"modified":"2025-10-03T15:56:03","modified_gmt":"2025-10-03T13:56:03","slug":"nach-ueberfall-der-franzoesischen-marine-tanker-setzt-seine-fahrt-fort","status":"publish","type":"post","link":"https:\/\/now-news.de\/de\/deutschland\/nach-ueberfall-der-franzoesischen-marine-tanker-setzt-seine-fahrt-fort\/","title":{"rendered":"Nach \u00dcberfall der franz\u00f6sischen Marine: Tanker setzt seine Fahrt fort"},"content":{"rendered":"<p><img decoding=\"async\" src=\"https:\/\/now-news.de\/de\/wp-content\/uploads\/sites\/3\/2025\/10\/68dfbac048fbef7477523112.jpg\" \/><\/p>\n<div class=\"Text-root Text-type_1 \">\n                Der Tanker Boracay, den der franz\u00f6sische Pr\u00e4sident Macron mit Drohnensichtungen in D\u00e4nemark in Verbindung brachte, wurde offenkundig wieder freigegeben und setzt seine Fahrt Richtung Indien fort. Zuletzt hatte ihn die franz\u00f6sische Marine geentert.\n            <\/div>\n<p><\/p>\n<div class=\"Text-root Text-type_5 ArticleView-text ViewText-root \">\n<p>Der \u00d6ltanker, der j\u00fcngst von der franz\u00f6sischen Marine in einem Akt, den Pr\u00e4sident Wladimir Putin einen &#8220;Akt der Piraterie&#8221; nannte, festgesetzt wurde, hat nach den Daten von Schiffstrackern seine Fahrt wieder aufgenommen.<\/p>\n<p>Laut Marine Traffic kreuzt die unter der Flagge Benins fahrende Boracay (IMO 9332810) jetzt in der Bucht von Biscaya auf dem Weg zum Suezkanal, nachdem sie offenkundig am Donnerstag Abend wieder freigegeben wurde. Das Schiff steht auf der Sanktionsliste der EU, weil es angeblich zur sogenannten &#8220;russischen Schattenflotte&#8221; geh\u00f6rt, einer Gruppe von Tankern, die Moskau, so die Behauptung westlicher Regierungen, nutzt, um ihre Versuche zum Scheitern zu bringen, den russischen Roh\u00f6lexport abzuw\u00fcrgen, unter anderem durch einen Preisdeckel.<\/p>\n<p>Putin verurteilte die Festsetzung des Schiffs in der Diskussion im Waldai Disskussionsclub in Sochi am Donnerstag. Er erkl\u00e4rte, Frankreich habe weder die Jurisdiktion noch eine Rechtfertigung daf\u00fcr, das Schiff festzusetzen, und verwarf die Behauptung, es habe russische Eigner, als zweifelhaft.<\/p>\n<p>Weiter meinte Putin, Pr\u00e4sident Emmanuel Macron nutze die antirussische Rhetorik, um von heimischen Problemen abzulenken. Der franz\u00f6sische Staatschef versuche, &#8220;uns zu irgendwelchen Aktionen zu provozieren und dann zu den Franzosen zu sagen: &#8216;Schart euch um mich, ich f\u00fchre euch zum Sieg&#8217;. Wie Napoleon&#8221;, erl\u00e4uterte er.<\/p>\n<p>Macron hatte den Tanker mit der Sichtung mysteri\u00f6ser Drohnen \u00fcber D\u00e4nemark verkn\u00fcpft, weil die Fahrt vom russischen Hafen Primorsk es an dem nordischen Land vorbeif\u00fchrte. Putin wies den Vorwurf zur\u00fcck und meinte, das Schiff k\u00f6nne keine milit\u00e4rische Fracht transportieren.<\/p>\n<p>Vor kurzem waren hell beleuchtete Drohnen \u00fcber sensitiven Anlagen in D\u00e4nemark, Norwegen und Deutschland gemeldet worden. Diese Woche trafen sich die EU-Staatschefs in Kopenhagen, um die sogenannte &#8220;Drohnenmauer&#8221;-Initiative zu besprechen, die die Pr\u00e4sidentin der Europ\u00e4ischen Kommission, Ursula von der Leyen, in ihrer Rede zur Lage der Union letzten Monat angek\u00fcndigt hatte.<\/p>\n<p>Neue Berichte deuten an, dass dieser Vorschlag schnell auf Skepsis bez\u00fcglich seiner Mach- und Finanzierbarkeit stie\u00df &#8211; oder, &#8220;mit der Wirklichkeit der EU zusammenstie\u00df&#8221;, wie Politico schrieb.<\/p>\n<p>Moskau hat Br\u00fcssel vorgeworfen, zur Panikmache zu greifen, um die Militarisierung zu rechtfertigen und die Hilfe f\u00fcr die Ukraine auf Kosten der heimischen Priorit\u00e4ten der Mitgliedsl\u00e4nder aufrechtzuerhalten.<\/p>\n<p><strong>Mehr zum Thema<\/strong> &#8211;\u00a0<a rel=\"nofollow noopener\" target=\"_blank\" href=\"https:\/\/freedert.online\/europa\/257616-nawrocki-lehnt-selenskijs-aufforderung-ab\/\">Nach Selenskij-Aufforderung: Polen wird Ostsee nicht f\u00fcr russische Tanker schlie\u00dfen<\/a><\/p>\n<div class=\"EmbedBlock-root EmbedBlock-externalVideo EmbedBlock-rumble\">\n<div class=\"VkEmbed\"><iframe class=\"lazyload\" data-src=\"https:\/\/rumble.com\/embed\/v6xkryi\" frameborder=\"0\" width=\"853\" height=\"480\" allowfullscreen><\/iframe><\/div>\n<\/div>\n<\/div>\n<p><br \/>\n<br \/><a href=\"https:\/\/de.rt.com\/europa\/257829-nach-ueberfall-franzoesischen-marine-tanker\/\">Source link <\/a><\/p>\n","protected":false},"excerpt":{"rendered":"<p>Der Tanker Boracay, den der franz\u00f6sische Pr\u00e4sident Macron mit Drohnensichtungen in D\u00e4nemark in Verbindung brachte, wurde offenkundig wieder freigegeben und setzt seine Fahrt Richtung Indien fort. Zuletzt hatte ihn die franz\u00f6sische Marine geentert. Der \u00d6ltanker, der j\u00fcngst von der franz\u00f6sischen Marine in einem Akt, den Pr\u00e4sident Wladimir Putin einen &#8220;Akt der Piraterie&#8221; nannte, festgesetzt wurde, [&hellip;]<\/p>\n","protected":false},"author":3,"featured_media":91606,"comment_status":"open","ping_status":"open","sticky":false,"template":"","format":"standard","meta":{"_yoast_indexnow_last_ping":["1759500583"],"wp_automatic_camp":["217"],"18687a4f099fa0f5d996c5a31f813983":["Nach \u00dcberfall der franz\u00f6sischen Marine: Tanker setzt seine Fahrt fort"],"original_link":["https:\/\/de.rt.com\/europa\/257829-nach-ueberfall-franzoesischen-marine-tanker\/"],"_thumbnail_id":["91606"],"_wptgpro_p2tg_sent2tg":["a:1:{i:23737;s:19:\"2025-10-03 16:10:49\";}"],"jnews_social_counter_last_update":["1777354028"]},"categories":[19,23],"tags":[82,23575,13827,18875,4290,979,265,1997,19496,30801],"yoast_head":"<!-- This site is optimized with the Yoast SEO Premium plugin v22.7 (Yoast SEO v22.7) - https:\/\/yoast.com\/wordpress\/plugins\/seo\/ -->\n<title>Nach \u00dcberfall der franz\u00f6sischen Marine: Tanker setzt seine Fahrt fort - just-now.NEWS Deutschland<\/title>\n<meta name=\"robots\" content=\"index, follow, max-snippet:-1, max-image-preview:large, max-video-preview:-1\" \/>\n<link rel=\"canonical\" href=\"https:\/\/now-news.de\/de\/deutschland\/nach-ueberfall-der-franzoesischen-marine-tanker-setzt-seine-fahrt-fort\/\" \/>\n<meta property=\"og:locale\" content=\"de_DE\" \/>\n<meta property=\"og:type\" content=\"article\" \/>\n<meta property=\"og:title\" content=\"Nach \u00dcberfall der franz\u00f6sischen Marine: Tanker setzt seine Fahrt fort\" \/>\n<meta property=\"og:description\" content=\"Der Tanker Boracay, den der franz\u00f6sische Pr\u00e4sident Macron mit Drohnensichtungen in D\u00e4nemark in Verbindung brachte, wurde offenkundig wieder freigegeben und setzt seine Fahrt Richtung Indien fort. Zuletzt hatte ihn die franz\u00f6sische Marine geentert. Der \u00d6ltanker, der j\u00fcngst von der franz\u00f6sischen Marine in einem Akt, den Pr\u00e4sident Wladimir Putin einen &#8220;Akt der Piraterie&#8221; nannte, festgesetzt wurde, [&hellip;]\" \/>\n<meta property=\"og:url\" content=\"https:\/\/now-news.de\/de\/deutschland\/nach-ueberfall-der-franzoesischen-marine-tanker-setzt-seine-fahrt-fort\/\" \/>\n<meta property=\"og:site_name\" content=\"just-now.NEWS Deutschland\" \/>\n<meta property=\"article:publisher\" content=\"https:\/\/www.facebook.com\/wirmachenauf\" \/>\n<meta property=\"article:published_time\" content=\"2025-10-03T13:56:03+00:00\" \/>\n<meta property=\"og:image\" content=\"https:\/\/now-news.de\/de\/wp-content\/uploads\/sites\/3\/2025\/10\/68dfbac048fbef7477523112.jpg\" \/>\n<meta name=\"author\" content=\"rtnews\" \/>\n<meta name=\"twitter:card\" content=\"summary_large_image\" \/>\n<meta name=\"twitter:creator\" content=\"@WirMachenAuf_de\" \/>\n<meta name=\"twitter:site\" content=\"@WirMachenAuf_de\" \/>\n<meta name=\"twitter:label1\" content=\"Verfasst von\" \/>\n\t<meta name=\"twitter:data1\" content=\"rtnews\" \/>\n\t<meta name=\"twitter:label2\" content=\"Gesch\u00e4tzte Lesezeit\" \/>\n\t<meta name=\"twitter:data2\" content=\"2\u00a0Minuten\" \/>\n<script type=\"application\/ld+json\" class=\"yoast-schema-graph\">{\"@context\":\"https:\/\/schema.org\",\"@graph\":[{\"@type\":\"Article\",\"@id\":\"https:\/\/now-news.de\/de\/deutschland\/nach-ueberfall-der-franzoesischen-marine-tanker-setzt-seine-fahrt-fort\/#article\",\"isPartOf\":{\"@id\":\"https:\/\/now-news.de\/de\/deutschland\/nach-ueberfall-der-franzoesischen-marine-tanker-setzt-seine-fahrt-fort\/\"},\"author\":{\"name\":\"rtnews\",\"@id\":\"https:\/\/now-news.de\/de\/#\/schema\/person\/fb534a4e865501d8b3285208df34a9b5\"},\"headline\":\"Nach \u00dcberfall der franz\u00f6sischen Marine: Tanker setzt seine Fahrt fort\",\"datePublished\":\"2025-10-03T13:56:03+00:00\",\"dateModified\":\"2025-10-03T13:56:03+00:00\",\"mainEntityOfPage\":{\"@id\":\"https:\/\/now-news.de\/de\/deutschland\/nach-ueberfall-der-franzoesischen-marine-tanker-setzt-seine-fahrt-fort\/\"},\"wordCount\":433,\"commentCount\":0,\"publisher\":{\"@id\":\"https:\/\/now-news.de\/de\/#organization\"},\"image\":{\"@id\":\"https:\/\/now-news.de\/de\/deutschland\/nach-ueberfall-der-franzoesischen-marine-tanker-setzt-seine-fahrt-fort\/#primaryimage\"},\"thumbnailUrl\":\"https:\/\/now-news.de\/de\/wp-content\/uploads\/sites\/3\/2025\/10\/Nach-Ueberfall-der-franzoesischen-Marine-Tanker-setzt-seine-Fahrt-fort.jpg\",\"keywords\":[\"der\",\"f\u00e4hrt\",\"Fort\",\"franz\u00f6sischen\",\"Marine\",\"nach\",\"seine\",\"setzt\",\"Tanker\",\"\u00dcberfall\"],\"articleSection\":[\"Deutschland\",\"Russland\"],\"inLanguage\":\"de\",\"potentialAction\":[{\"@type\":\"CommentAction\",\"name\":\"Comment\",\"target\":[\"https:\/\/now-news.de\/de\/deutschland\/nach-ueberfall-der-franzoesischen-marine-tanker-setzt-seine-fahrt-fort\/#respond\"]}]},{\"@type\":\"WebPage\",\"@id\":\"https:\/\/now-news.de\/de\/deutschland\/nach-ueberfall-der-franzoesischen-marine-tanker-setzt-seine-fahrt-fort\/\",\"url\":\"https:\/\/now-news.de\/de\/deutschland\/nach-ueberfall-der-franzoesischen-marine-tanker-setzt-seine-fahrt-fort\/\",\"name\":\"Nach \u00dcberfall der franz\u00f6sischen Marine: Tanker setzt seine Fahrt fort - just-now.NEWS Deutschland\",\"isPartOf\":{\"@id\":\"https:\/\/now-news.de\/de\/#website\"},\"primaryImageOfPage\":{\"@id\":\"https:\/\/now-news.de\/de\/deutschland\/nach-ueberfall-der-franzoesischen-marine-tanker-setzt-seine-fahrt-fort\/#primaryimage\"},\"image\":{\"@id\":\"https:\/\/now-news.de\/de\/deutschland\/nach-ueberfall-der-franzoesischen-marine-tanker-setzt-seine-fahrt-fort\/#primaryimage\"},\"thumbnailUrl\":\"https:\/\/now-news.de\/de\/wp-content\/uploads\/sites\/3\/2025\/10\/Nach-Ueberfall-der-franzoesischen-Marine-Tanker-setzt-seine-Fahrt-fort.jpg\",\"datePublished\":\"2025-10-03T13:56:03+00:00\",\"dateModified\":\"2025-10-03T13:56:03+00:00\",\"breadcrumb\":{\"@id\":\"https:\/\/now-news.de\/de\/deutschland\/nach-ueberfall-der-franzoesischen-marine-tanker-setzt-seine-fahrt-fort\/#breadcrumb\"},\"inLanguage\":\"de\",\"potentialAction\":[{\"@type\":\"ReadAction\",\"target\":[\"https:\/\/now-news.de\/de\/deutschland\/nach-ueberfall-der-franzoesischen-marine-tanker-setzt-seine-fahrt-fort\/\"]}]},{\"@type\":\"ImageObject\",\"inLanguage\":\"de\",\"@id\":\"https:\/\/now-news.de\/de\/deutschland\/nach-ueberfall-der-franzoesischen-marine-tanker-setzt-seine-fahrt-fort\/#primaryimage\",\"url\":\"https:\/\/now-news.de\/de\/wp-content\/uploads\/sites\/3\/2025\/10\/Nach-Ueberfall-der-franzoesischen-Marine-Tanker-setzt-seine-Fahrt-fort.jpg\",\"contentUrl\":\"https:\/\/now-news.de\/de\/wp-content\/uploads\/sites\/3\/2025\/10\/Nach-Ueberfall-der-franzoesischen-Marine-Tanker-setzt-seine-Fahrt-fort.jpg\",\"width\":460,\"height\":259,\"caption\":\"Nach \u00dcberfall der franz\u00f6sischen Marine: Tanker setzt seine Fahrt fort\"},{\"@type\":\"BreadcrumbList\",\"@id\":\"https:\/\/now-news.de\/de\/deutschland\/nach-ueberfall-der-franzoesischen-marine-tanker-setzt-seine-fahrt-fort\/#breadcrumb\",\"itemListElement\":[{\"@type\":\"ListItem\",\"position\":1,\"name\":\"Home\",\"item\":\"https:\/\/now-news.de\/de\/\"},{\"@type\":\"ListItem\",\"position\":2,\"name\":\"Nach \u00dcberfall der franz\u00f6sischen Marine: Tanker setzt seine Fahrt fort\"}]},{\"@type\":\"WebSite\",\"@id\":\"https:\/\/now-news.de\/de\/#website\",\"url\":\"https:\/\/now-news.de\/de\/\",\"name\":\"just-now.NEWS Deutschland\",\"description\":\"Das Portal f\u00fcr unzensierte Nachrichten aus der Welt\",\"publisher\":{\"@id\":\"https:\/\/now-news.de\/de\/#organization\"},\"potentialAction\":[{\"@type\":\"SearchAction\",\"target\":{\"@type\":\"EntryPoint\",\"urlTemplate\":\"https:\/\/now-news.de\/de\/?s={search_term_string}\"},\"query-input\":\"required name=search_term_string\"}],\"inLanguage\":\"de\"},{\"@type\":\"Organization\",\"@id\":\"https:\/\/now-news.de\/de\/#organization\",\"name\":\"Just Now News\",\"url\":\"https:\/\/now-news.de\/de\/\",\"logo\":{\"@type\":\"ImageObject\",\"inLanguage\":\"de\",\"@id\":\"https:\/\/now-news.de\/de\/#\/schema\/logo\/image\/\",\"url\":\"http:\/\/just-now.news\/de\/wp-content\/uploads\/sites\/3\/2022\/04\/logo500x500.jpg\",\"contentUrl\":\"http:\/\/just-now.news\/de\/wp-content\/uploads\/sites\/3\/2022\/04\/logo500x500.jpg\",\"width\":500,\"height\":500,\"caption\":\"Just Now News\"},\"image\":{\"@id\":\"https:\/\/now-news.de\/de\/#\/schema\/logo\/image\/\"},\"sameAs\":[\"https:\/\/www.facebook.com\/wirmachenauf\",\"https:\/\/x.com\/WirMachenAuf_de\"]},{\"@type\":\"Person\",\"@id\":\"https:\/\/now-news.de\/de\/#\/schema\/person\/fb534a4e865501d8b3285208df34a9b5\",\"name\":\"rtnews\",\"image\":{\"@type\":\"ImageObject\",\"inLanguage\":\"de\",\"@id\":\"https:\/\/now-news.de\/de\/#\/schema\/person\/image\/\",\"url\":\"https:\/\/secure.gravatar.com\/avatar\/82aafea7d8127119dd649515f56e2117?s=96&d=mm&r=g\",\"contentUrl\":\"https:\/\/secure.gravatar.com\/avatar\/82aafea7d8127119dd649515f56e2117?s=96&d=mm&r=g\",\"caption\":\"rtnews\"},\"url\":\"https:\/\/now-news.de\/de\/author\/rnews\/\"}]}<\/script>\n<!-- \/ Yoast SEO Premium plugin. -->","yoast_head_json":{"title":"Nach \u00dcberfall der franz\u00f6sischen Marine: Tanker setzt seine Fahrt fort - just-now.NEWS Deutschland","robots":{"index":"index","follow":"follow","max-snippet":"max-snippet:-1","max-image-preview":"max-image-preview:large","max-video-preview":"max-video-preview:-1"},"canonical":"https:\/\/now-news.de\/de\/deutschland\/nach-ueberfall-der-franzoesischen-marine-tanker-setzt-seine-fahrt-fort\/","og_locale":"de_DE","og_type":"article","og_title":"Nach \u00dcberfall der franz\u00f6sischen Marine: Tanker setzt seine Fahrt fort","og_description":"Der Tanker Boracay, den der franz\u00f6sische Pr\u00e4sident Macron mit Drohnensichtungen in D\u00e4nemark in Verbindung brachte, wurde offenkundig wieder freigegeben und setzt seine Fahrt Richtung Indien fort. Zuletzt hatte ihn die franz\u00f6sische Marine geentert. Der \u00d6ltanker, der j\u00fcngst von der franz\u00f6sischen Marine in einem Akt, den Pr\u00e4sident Wladimir Putin einen &#8220;Akt der Piraterie&#8221; nannte, festgesetzt wurde, [&hellip;]","og_url":"https:\/\/now-news.de\/de\/deutschland\/nach-ueberfall-der-franzoesischen-marine-tanker-setzt-seine-fahrt-fort\/","og_site_name":"just-now.NEWS Deutschland","article_publisher":"https:\/\/www.facebook.com\/wirmachenauf","article_published_time":"2025-10-03T13:56:03+00:00","og_image":[{"url":"https:\/\/now-news.de\/de\/wp-content\/uploads\/sites\/3\/2025\/10\/68dfbac048fbef7477523112.jpg"}],"author":"rtnews","twitter_card":"summary_large_image","twitter_creator":"@WirMachenAuf_de","twitter_site":"@WirMachenAuf_de","twitter_misc":{"Verfasst von":"rtnews","Gesch\u00e4tzte Lesezeit":"2\u00a0Minuten"},"schema":{"@context":"https:\/\/schema.org","@graph":[{"@type":"Article","@id":"https:\/\/now-news.de\/de\/deutschland\/nach-ueberfall-der-franzoesischen-marine-tanker-setzt-seine-fahrt-fort\/#article","isPartOf":{"@id":"https:\/\/now-news.de\/de\/deutschland\/nach-ueberfall-der-franzoesischen-marine-tanker-setzt-seine-fahrt-fort\/"},"author":{"name":"rtnews","@id":"https:\/\/now-news.de\/de\/#\/schema\/person\/fb534a4e865501d8b3285208df34a9b5"},"headline":"Nach \u00dcberfall der franz\u00f6sischen Marine: Tanker setzt seine Fahrt fort","datePublished":"2025-10-03T13:56:03+00:00","dateModified":"2025-10-03T13:56:03+00:00","mainEntityOfPage":{"@id":"https:\/\/now-news.de\/de\/deutschland\/nach-ueberfall-der-franzoesischen-marine-tanker-setzt-seine-fahrt-fort\/"},"wordCount":433,"commentCount":0,"publisher":{"@id":"https:\/\/now-news.de\/de\/#organization"},"image":{"@id":"https:\/\/now-news.de\/de\/deutschland\/nach-ueberfall-der-franzoesischen-marine-tanker-setzt-seine-fahrt-fort\/#primaryimage"},"thumbnailUrl":"https:\/\/now-news.de\/de\/wp-content\/uploads\/sites\/3\/2025\/10\/Nach-Ueberfall-der-franzoesischen-Marine-Tanker-setzt-seine-Fahrt-fort.jpg","keywords":["der","f\u00e4hrt","Fort","franz\u00f6sischen","Marine","nach","seine","setzt","Tanker","\u00dcberfall"],"articleSection":["Deutschland","Russland"],"inLanguage":"de","potentialAction":[{"@type":"CommentAction","name":"Comment","target":["https:\/\/now-news.de\/de\/deutschland\/nach-ueberfall-der-franzoesischen-marine-tanker-setzt-seine-fahrt-fort\/#respond"]}]},{"@type":"WebPage","@id":"https:\/\/now-news.de\/de\/deutschland\/nach-ueberfall-der-franzoesischen-marine-tanker-setzt-seine-fahrt-fort\/","url":"https:\/\/now-news.de\/de\/deutschland\/nach-ueberfall-der-franzoesischen-marine-tanker-setzt-seine-fahrt-fort\/","name":"Nach \u00dcberfall der franz\u00f6sischen Marine: Tanker setzt seine Fahrt fort - just-now.NEWS Deutschland","isPartOf":{"@id":"https:\/\/now-news.de\/de\/#website"},"primaryImageOfPage":{"@id":"https:\/\/now-news.de\/de\/deutschland\/nach-ueberfall-der-franzoesischen-marine-tanker-setzt-seine-fahrt-fort\/#primaryimage"},"image":{"@id":"https:\/\/now-news.de\/de\/deutschland\/nach-ueberfall-der-franzoesischen-marine-tanker-setzt-seine-fahrt-fort\/#primaryimage"},"thumbnailUrl":"https:\/\/now-news.de\/de\/wp-content\/uploads\/sites\/3\/2025\/10\/Nach-Ueberfall-der-franzoesischen-Marine-Tanker-setzt-seine-Fahrt-fort.jpg","datePublished":"2025-10-03T13:56:03+00:00","dateModified":"2025-10-03T13:56:03+00:00","breadcrumb":{"@id":"https:\/\/now-news.de\/de\/deutschland\/nach-ueberfall-der-franzoesischen-marine-tanker-setzt-seine-fahrt-fort\/#breadcrumb"},"inLanguage":"de","potentialAction":[{"@type":"ReadAction","target":["https:\/\/now-news.de\/de\/deutschland\/nach-ueberfall-der-franzoesischen-marine-tanker-setzt-seine-fahrt-fort\/"]}]},{"@type":"ImageObject","inLanguage":"de","@id":"https:\/\/now-news.de\/de\/deutschland\/nach-ueberfall-der-franzoesischen-marine-tanker-setzt-seine-fahrt-fort\/#primaryimage","url":"https:\/\/now-news.de\/de\/wp-content\/uploads\/sites\/3\/2025\/10\/Nach-Ueberfall-der-franzoesischen-Marine-Tanker-setzt-seine-Fahrt-fort.jpg","contentUrl":"https:\/\/now-news.de\/de\/wp-content\/uploads\/sites\/3\/2025\/10\/Nach-Ueberfall-der-franzoesischen-Marine-Tanker-setzt-seine-Fahrt-fort.jpg","width":460,"height":259,"caption":"Nach \u00dcberfall der franz\u00f6sischen Marine: Tanker setzt seine Fahrt fort"},{"@type":"BreadcrumbList","@id":"https:\/\/now-news.de\/de\/deutschland\/nach-ueberfall-der-franzoesischen-marine-tanker-setzt-seine-fahrt-fort\/#breadcrumb","itemListElement":[{"@type":"ListItem","position":1,"name":"Home","item":"https:\/\/now-news.de\/de\/"},{"@type":"ListItem","position":2,"name":"Nach \u00dcberfall der franz\u00f6sischen Marine: Tanker setzt seine Fahrt fort"}]},{"@type":"WebSite","@id":"https:\/\/now-news.de\/de\/#website","url":"https:\/\/now-news.de\/de\/","name":"just-now.NEWS Deutschland","description":"Das Portal f\u00fcr unzensierte Nachrichten aus der Welt","publisher":{"@id":"https:\/\/now-news.de\/de\/#organization"},"potentialAction":[{"@type":"SearchAction","target":{"@type":"EntryPoint","urlTemplate":"https:\/\/now-news.de\/de\/?s={search_term_string}"},"query-input":"required name=search_term_string"}],"inLanguage":"de"},{"@type":"Organization","@id":"https:\/\/now-news.de\/de\/#organization","name":"Just Now News","url":"https:\/\/now-news.de\/de\/","logo":{"@type":"ImageObject","inLanguage":"de","@id":"https:\/\/now-news.de\/de\/#\/schema\/logo\/image\/","url":"http:\/\/just-now.news\/de\/wp-content\/uploads\/sites\/3\/2022\/04\/logo500x500.jpg","contentUrl":"http:\/\/just-now.news\/de\/wp-content\/uploads\/sites\/3\/2022\/04\/logo500x500.jpg","width":500,"height":500,"caption":"Just Now News"},"image":{"@id":"https:\/\/now-news.de\/de\/#\/schema\/logo\/image\/"},"sameAs":["https:\/\/www.facebook.com\/wirmachenauf","https:\/\/x.com\/WirMachenAuf_de"]},{"@type":"Person","@id":"https:\/\/now-news.de\/de\/#\/schema\/person\/fb534a4e865501d8b3285208df34a9b5","name":"rtnews","image":{"@type":"ImageObject","inLanguage":"de","@id":"https:\/\/now-news.de\/de\/#\/schema\/person\/image\/","url":"https:\/\/secure.gravatar.com\/avatar\/82aafea7d8127119dd649515f56e2117?s=96&d=mm&r=g","contentUrl":"https:\/\/secure.gravatar.com\/avatar\/82aafea7d8127119dd649515f56e2117?s=96&d=mm&r=g","caption":"rtnews"},"url":"https:\/\/now-news.de\/de\/author\/rnews\/"}]}},"_links":{"self":[{"href":"https:\/\/now-news.de\/de\/wp-json\/wp\/v2\/posts\/91605"}],"collection":[{"href":"https:\/\/now-news.de\/de\/wp-json\/wp\/v2\/posts"}],"about":[{"href":"https:\/\/now-news.de\/de\/wp-json\/wp\/v2\/types\/post"}],"author":[{"embeddable":true,"href":"https:\/\/now-news.de\/de\/wp-json\/wp\/v2\/users\/3"}],"replies":[{"embeddable":true,"href":"https:\/\/now-news.de\/de\/wp-json\/wp\/v2\/comments?post=91605"}],"version-history":[{"count":0,"href":"https:\/\/now-news.de\/de\/wp-json\/wp\/v2\/posts\/91605\/revisions"}],"wp:featuredmedia":[{"embeddable":true,"href":"https:\/\/now-news.de\/de\/wp-json\/wp\/v2\/media\/91606"}],"wp:attachment":[{"href":"https:\/\/now-news.de\/de\/wp-json\/wp\/v2\/media?parent=91605"}],"wp:term":[{"taxonomy":"category","embeddable":true,"href":"https:\/\/now-news.de\/de\/wp-json\/wp\/v2\/categories?post=91605"},{"taxonomy":"post_tag","embeddable":true,"href":"https:\/\/now-news.de\/de\/wp-json\/wp\/v2\/tags?post=91605"}],"curies":[{"name":"wp","href":"https:\/\/api.w.org\/{rel}","templated":true}]}}