{"id":91591,"date":"2025-10-03T12:37:14","date_gmt":"2025-10-03T10:37:14","guid":{"rendered":"https:\/\/now-news.de\/de\/deutschland\/merkel-bezeichnet-afd-als-menschenverachtende-partei\/"},"modified":"2025-10-03T12:37:14","modified_gmt":"2025-10-03T10:37:14","slug":"merkel-bezeichnet-afd-als-menschenverachtende-partei","status":"publish","type":"post","link":"https:\/\/now-news.de\/de\/deutschland\/merkel-bezeichnet-afd-als-menschenverachtende-partei\/","title":{"rendered":"Merkel bezeichnet AfD als &quot;menschenverachtende Partei&quot;"},"content":{"rendered":"<p><img decoding=\"async\" src=\"https:\/\/now-news.de\/de\/wp-content\/uploads\/sites\/3\/2025\/10\/68df8d01b480cc79202f3700.jpg\" \/><\/p>\n<div class=\"Text-root Text-type_1 \">\n                Altkanzlerin Merkel hat die AfD als &#8220;menschenverachtend&#8221; kritisiert und ihr vorgeworfen, Hass, Neid und Rassismus zu verbreiten sowie die Gesellschaft in Eliten und Volk zu spalten. Unzufriedenheit sei kein Grund, die Partei zu w\u00e4hlen. Sie mahnt zur Regulierung sozialer Medien und r\u00e4umt ein, dass ihre Fl\u00fcchtlingspolitik 2015 den Aufstieg der AfD beg\u00fcnstigt habe.\n            <\/div>\n<p><\/p>\n<div class=\"Text-root Text-type_5 ArticleView-text ViewText-root \">\n<p data-start=\"205\" data-end=\"746\">Altkanzlerin Angela Merkel hat die AfD in einem aktuellen ZDF-Interview als &#8220;menschenverachtende Partei&#8221; bezeichnet. Die CDU-Politikerin warf der Partei vor, nach ihrer Gr\u00fcndung w\u00e4hrend der Eurokrise zun\u00e4chst aus der \u00d6ffentlichkeit verschwunden zu sein, ab Herbst 2014 jedoch an die Pegida-Bewegung angekn\u00fcpft und dabei Neid, Hass und Rassismus verbreitet zu haben. Merkel betonte, dass Unzufriedenheit und das Gef\u00fchl fehlender Entwicklungsm\u00f6glichkeiten, insbesondere in l\u00e4ndlichen Regionen, kein Grund seien, eine solche Partei zu w\u00e4hlen.<\/p>\n<p data-start=\"748\" data-end=\"1159\">Die AfD teile die Gesellschaft in Eliten und Volk und definiere, wer zum Volk geh\u00f6re. Dies versto\u00dfe gegen das Grundgesetz:\u00a0<\/p>\n<blockquote>\n<p data-start=\"748\" data-end=\"1159\"><em>&#8220;Das ist einfach gegen das Grundgesetz. Dort steht: Alle Macht geht vom Volk aus und das Volk sind alle deutschen Staatsb\u00fcrger.&#8221;<\/em><\/p>\n<\/blockquote>\n<p data-start=\"748\" data-end=\"1159\">Populistische Bewegungen seien jedoch nicht auf die neuen Bundesl\u00e4nder beschr\u00e4nkt, sondern auch in den alten Bundesl\u00e4ndern sowie in vielen europ\u00e4ischen L\u00e4ndern und in den USA unter Donald Trump pr\u00e4sent.<\/p>\n<p data-start=\"1161\" data-end=\"1421\">Merkel \u00e4u\u00dferte zudem Besorgnis \u00fcber die Rolle sozialer Medien, in denen radikale Botschaften oft die gr\u00f6\u00dfte Aufmerksamkeit erhielten. Sie unterstrich die Notwendigkeit, zwischen Fakten und Emotionen zu unterscheiden und digitale Medien st\u00e4rker zu regulieren.<\/p>\n<p data-start=\"1423\" data-end=\"1768\">In Bezug auf ihre Fl\u00fcchtlingspolitik erinnerte Merkel an die Aufnahme Hunderttausender Gefl\u00fcchteter im Jahr 2015. Angesichts der Migrantenstr\u00f6me \u00fcber Ungarn und \u00d6sterreich hatte die damalige Kanzlerin entschieden, die deutschen Grenzen offen zu halten, begleitet von dem umstrittenen Satz:<\/p>\n<blockquote>\n<p data-start=\"1423\" data-end=\"1768\"><em>&#8220;Wir schaffen das.&#8221;<\/em><\/p>\n<\/blockquote>\n<p data-start=\"1423\" data-end=\"1768\">Merkel r\u00e4umte ein, dass diese Entscheidung zum Aufstieg der AfD beigetragen habe.<\/p>\n<p data-start=\"1770\" data-end=\"2318\">Mit Blick auf den 35. Jahrestag der deutschen Wiedervereinigung bezeichnete Merkel die Wiedervereinigung als &#8220;gro\u00dfen Gl\u00fccksfall&#8221;. Sie \u00e4u\u00dferte zugleich Kritik an der Auswahl der G\u00e4ste f\u00fcr die zentralen Feierlichkeiten im Saarland: Zwar sch\u00e4tze sie den franz\u00f6sischen Pr\u00e4sidenten Emmanuel Macron, sie h\u00e4tte aber einen Redner aus Ostdeutschland oder Osteuropa als symbolische Geste begr\u00fc\u00dft. Merkel reflektierte ihre eigene ostdeutsche Sozialisation und rief dazu auf, unterschiedliche Lebensgeschichten als individuelle Leistung anzuerkennen.<\/p>\n<p data-start=\"1770\" data-end=\"2318\"><strong>Mehr zum Thema<\/strong>\u00a0&#8211;\u00a0<a rel=\"nofollow noopener\" target=\"_blank\" href=\"https:\/\/freedert.online\/russland\/257281-wolo-din-merkel-traeumte-vom-verschwinden-russlands\">Wolodin: Merkel tr\u00e4umte vom Verschwinden Russlands<\/a><\/p>\n<div class=\"EmbedBlock-root EmbedBlock-externalVideo EmbedBlock-rumble\">\n<div class=\"VkEmbed\"><iframe class=\"lazyload\" data-src=\"https:\/\/rumble.com\/embed\/v6xhl60\" frameborder=\"0\" width=\"853\" height=\"480\" allowfullscreen><\/iframe><\/div>\n<\/div>\n<\/div>\n<p><br \/>\n<br \/><a href=\"https:\/\/de.rt.com\/inland\/257808-merkel-bezeichnet-afd-als-menschenverachtende\/\">Source link <\/a><\/p>\n","protected":false},"excerpt":{"rendered":"<p>Altkanzlerin Merkel hat die AfD als &#8220;menschenverachtend&#8221; kritisiert und ihr vorgeworfen, Hass, Neid und Rassismus zu verbreiten sowie die Gesellschaft in Eliten und Volk zu spalten. Unzufriedenheit sei kein Grund, die Partei zu w\u00e4hlen. Sie mahnt zur Regulierung sozialer Medien und r\u00e4umt ein, dass ihre Fl\u00fcchtlingspolitik 2015 den Aufstieg der AfD beg\u00fcnstigt habe. Altkanzlerin Angela [&hellip;]<\/p>\n","protected":false},"author":3,"featured_media":91592,"comment_status":"open","ping_status":"open","sticky":false,"template":"","format":"standard","meta":{"_yoast_indexnow_last_ping":["1759489001"],"wp_automatic_camp":["217"],"ac4b41d67646902c7e25e59c5f1c7e8b":["Merkel bezeichnet AfD als &quot;menschenverachtende Partei&quot;"],"original_link":["https:\/\/de.rt.com\/inland\/257808-merkel-bezeichnet-afd-als-menschenverachtende\/"],"_thumbnail_id":["91592"],"jnews_social_counter_last_update":["1777172171"],"_wptgpro_p2tg_sent2tg":["a:1:{i:23737;s:19:\"2025-10-03 12:57:40\";}"]},"categories":[19,23],"tags":[3815,273,7183,55,47112,68186],"yoast_head":"<!-- This site is optimized with the Yoast SEO Premium plugin v22.7 (Yoast SEO v22.7) - https:\/\/yoast.com\/wordpress\/plugins\/seo\/ -->\n<title>Merkel bezeichnet AfD als &quot;menschenverachtende Partei&quot; - just-now.NEWS Deutschland<\/title>\n<meta name=\"robots\" content=\"index, follow, max-snippet:-1, max-image-preview:large, max-video-preview:-1\" \/>\n<link rel=\"canonical\" href=\"https:\/\/now-news.de\/de\/deutschland\/merkel-bezeichnet-afd-als-menschenverachtende-partei\/\" \/>\n<meta property=\"og:locale\" content=\"de_DE\" \/>\n<meta property=\"og:type\" content=\"article\" \/>\n<meta property=\"og:title\" content=\"Merkel bezeichnet AfD als &quot;menschenverachtende Partei&quot;\" \/>\n<meta property=\"og:description\" content=\"Altkanzlerin Merkel hat die AfD als &#8220;menschenverachtend&#8221; kritisiert und ihr vorgeworfen, Hass, Neid und Rassismus zu verbreiten sowie die Gesellschaft in Eliten und Volk zu spalten. Unzufriedenheit sei kein Grund, die Partei zu w\u00e4hlen. Sie mahnt zur Regulierung sozialer Medien und r\u00e4umt ein, dass ihre Fl\u00fcchtlingspolitik 2015 den Aufstieg der AfD beg\u00fcnstigt habe. Altkanzlerin Angela [&hellip;]\" \/>\n<meta property=\"og:url\" content=\"https:\/\/now-news.de\/de\/deutschland\/merkel-bezeichnet-afd-als-menschenverachtende-partei\/\" \/>\n<meta property=\"og:site_name\" content=\"just-now.NEWS Deutschland\" \/>\n<meta property=\"article:publisher\" content=\"https:\/\/www.facebook.com\/wirmachenauf\" \/>\n<meta property=\"article:published_time\" content=\"2025-10-03T10:37:14+00:00\" \/>\n<meta property=\"og:image\" content=\"https:\/\/now-news.de\/de\/wp-content\/uploads\/sites\/3\/2025\/10\/68df8d01b480cc79202f3700.jpg\" \/>\n<meta name=\"author\" content=\"rtnews\" \/>\n<meta name=\"twitter:card\" content=\"summary_large_image\" \/>\n<meta name=\"twitter:creator\" content=\"@WirMachenAuf_de\" \/>\n<meta name=\"twitter:site\" content=\"@WirMachenAuf_de\" \/>\n<meta name=\"twitter:label1\" content=\"Verfasst von\" \/>\n\t<meta name=\"twitter:data1\" content=\"rtnews\" \/>\n\t<meta name=\"twitter:label2\" content=\"Gesch\u00e4tzte Lesezeit\" \/>\n\t<meta name=\"twitter:data2\" content=\"2\u00a0Minuten\" \/>\n<script type=\"application\/ld+json\" class=\"yoast-schema-graph\">{\"@context\":\"https:\/\/schema.org\",\"@graph\":[{\"@type\":\"Article\",\"@id\":\"https:\/\/now-news.de\/de\/deutschland\/merkel-bezeichnet-afd-als-menschenverachtende-partei\/#article\",\"isPartOf\":{\"@id\":\"https:\/\/now-news.de\/de\/deutschland\/merkel-bezeichnet-afd-als-menschenverachtende-partei\/\"},\"author\":{\"name\":\"rtnews\",\"@id\":\"https:\/\/now-news.de\/de\/#\/schema\/person\/fb534a4e865501d8b3285208df34a9b5\"},\"headline\":\"Merkel bezeichnet AfD als &quot;menschenverachtende Partei&quot;\",\"datePublished\":\"2025-10-03T10:37:14+00:00\",\"dateModified\":\"2025-10-03T10:37:14+00:00\",\"mainEntityOfPage\":{\"@id\":\"https:\/\/now-news.de\/de\/deutschland\/merkel-bezeichnet-afd-als-menschenverachtende-partei\/\"},\"wordCount\":405,\"commentCount\":0,\"publisher\":{\"@id\":\"https:\/\/now-news.de\/de\/#organization\"},\"image\":{\"@id\":\"https:\/\/now-news.de\/de\/deutschland\/merkel-bezeichnet-afd-als-menschenverachtende-partei\/#primaryimage\"},\"thumbnailUrl\":\"https:\/\/now-news.de\/de\/wp-content\/uploads\/sites\/3\/2025\/10\/Merkel-bezeichnet-AfD-als-quotmenschenverachtende-Parteiquot.jpg\",\"keywords\":[\"AfD\",\"als\",\"bezeichnet\",\"Merkel\",\"Parteiquot\",\"quotmenschenverachtende\"],\"articleSection\":[\"Deutschland\",\"Russland\"],\"inLanguage\":\"de\",\"potentialAction\":[{\"@type\":\"CommentAction\",\"name\":\"Comment\",\"target\":[\"https:\/\/now-news.de\/de\/deutschland\/merkel-bezeichnet-afd-als-menschenverachtende-partei\/#respond\"]}]},{\"@type\":\"WebPage\",\"@id\":\"https:\/\/now-news.de\/de\/deutschland\/merkel-bezeichnet-afd-als-menschenverachtende-partei\/\",\"url\":\"https:\/\/now-news.de\/de\/deutschland\/merkel-bezeichnet-afd-als-menschenverachtende-partei\/\",\"name\":\"Merkel bezeichnet AfD als &quot;menschenverachtende Partei&quot; - just-now.NEWS Deutschland\",\"isPartOf\":{\"@id\":\"https:\/\/now-news.de\/de\/#website\"},\"primaryImageOfPage\":{\"@id\":\"https:\/\/now-news.de\/de\/deutschland\/merkel-bezeichnet-afd-als-menschenverachtende-partei\/#primaryimage\"},\"image\":{\"@id\":\"https:\/\/now-news.de\/de\/deutschland\/merkel-bezeichnet-afd-als-menschenverachtende-partei\/#primaryimage\"},\"thumbnailUrl\":\"https:\/\/now-news.de\/de\/wp-content\/uploads\/sites\/3\/2025\/10\/Merkel-bezeichnet-AfD-als-quotmenschenverachtende-Parteiquot.jpg\",\"datePublished\":\"2025-10-03T10:37:14+00:00\",\"dateModified\":\"2025-10-03T10:37:14+00:00\",\"breadcrumb\":{\"@id\":\"https:\/\/now-news.de\/de\/deutschland\/merkel-bezeichnet-afd-als-menschenverachtende-partei\/#breadcrumb\"},\"inLanguage\":\"de\",\"potentialAction\":[{\"@type\":\"ReadAction\",\"target\":[\"https:\/\/now-news.de\/de\/deutschland\/merkel-bezeichnet-afd-als-menschenverachtende-partei\/\"]}]},{\"@type\":\"ImageObject\",\"inLanguage\":\"de\",\"@id\":\"https:\/\/now-news.de\/de\/deutschland\/merkel-bezeichnet-afd-als-menschenverachtende-partei\/#primaryimage\",\"url\":\"https:\/\/now-news.de\/de\/wp-content\/uploads\/sites\/3\/2025\/10\/Merkel-bezeichnet-AfD-als-quotmenschenverachtende-Parteiquot.jpg\",\"contentUrl\":\"https:\/\/now-news.de\/de\/wp-content\/uploads\/sites\/3\/2025\/10\/Merkel-bezeichnet-AfD-als-quotmenschenverachtende-Parteiquot.jpg\",\"width\":460,\"height\":259,\"caption\":\"Merkel bezeichnet AfD als &quot;menschenverachtende Partei&quot;\"},{\"@type\":\"BreadcrumbList\",\"@id\":\"https:\/\/now-news.de\/de\/deutschland\/merkel-bezeichnet-afd-als-menschenverachtende-partei\/#breadcrumb\",\"itemListElement\":[{\"@type\":\"ListItem\",\"position\":1,\"name\":\"Home\",\"item\":\"https:\/\/now-news.de\/de\/\"},{\"@type\":\"ListItem\",\"position\":2,\"name\":\"Merkel bezeichnet AfD als &quot;menschenverachtende Partei&quot;\"}]},{\"@type\":\"WebSite\",\"@id\":\"https:\/\/now-news.de\/de\/#website\",\"url\":\"https:\/\/now-news.de\/de\/\",\"name\":\"just-now.NEWS Deutschland\",\"description\":\"Das Portal f\u00fcr unzensierte Nachrichten aus der Welt\",\"publisher\":{\"@id\":\"https:\/\/now-news.de\/de\/#organization\"},\"potentialAction\":[{\"@type\":\"SearchAction\",\"target\":{\"@type\":\"EntryPoint\",\"urlTemplate\":\"https:\/\/now-news.de\/de\/?s={search_term_string}\"},\"query-input\":\"required name=search_term_string\"}],\"inLanguage\":\"de\"},{\"@type\":\"Organization\",\"@id\":\"https:\/\/now-news.de\/de\/#organization\",\"name\":\"Just Now News\",\"url\":\"https:\/\/now-news.de\/de\/\",\"logo\":{\"@type\":\"ImageObject\",\"inLanguage\":\"de\",\"@id\":\"https:\/\/now-news.de\/de\/#\/schema\/logo\/image\/\",\"url\":\"http:\/\/just-now.news\/de\/wp-content\/uploads\/sites\/3\/2022\/04\/logo500x500.jpg\",\"contentUrl\":\"http:\/\/just-now.news\/de\/wp-content\/uploads\/sites\/3\/2022\/04\/logo500x500.jpg\",\"width\":500,\"height\":500,\"caption\":\"Just Now News\"},\"image\":{\"@id\":\"https:\/\/now-news.de\/de\/#\/schema\/logo\/image\/\"},\"sameAs\":[\"https:\/\/www.facebook.com\/wirmachenauf\",\"https:\/\/x.com\/WirMachenAuf_de\"]},{\"@type\":\"Person\",\"@id\":\"https:\/\/now-news.de\/de\/#\/schema\/person\/fb534a4e865501d8b3285208df34a9b5\",\"name\":\"rtnews\",\"image\":{\"@type\":\"ImageObject\",\"inLanguage\":\"de\",\"@id\":\"https:\/\/now-news.de\/de\/#\/schema\/person\/image\/\",\"url\":\"https:\/\/secure.gravatar.com\/avatar\/82aafea7d8127119dd649515f56e2117?s=96&d=mm&r=g\",\"contentUrl\":\"https:\/\/secure.gravatar.com\/avatar\/82aafea7d8127119dd649515f56e2117?s=96&d=mm&r=g\",\"caption\":\"rtnews\"},\"url\":\"https:\/\/now-news.de\/de\/author\/rnews\/\"}]}<\/script>\n<!-- \/ Yoast SEO Premium plugin. -->","yoast_head_json":{"title":"Merkel bezeichnet AfD als &quot;menschenverachtende Partei&quot; - just-now.NEWS Deutschland","robots":{"index":"index","follow":"follow","max-snippet":"max-snippet:-1","max-image-preview":"max-image-preview:large","max-video-preview":"max-video-preview:-1"},"canonical":"https:\/\/now-news.de\/de\/deutschland\/merkel-bezeichnet-afd-als-menschenverachtende-partei\/","og_locale":"de_DE","og_type":"article","og_title":"Merkel bezeichnet AfD als &quot;menschenverachtende Partei&quot;","og_description":"Altkanzlerin Merkel hat die AfD als &#8220;menschenverachtend&#8221; kritisiert und ihr vorgeworfen, Hass, Neid und Rassismus zu verbreiten sowie die Gesellschaft in Eliten und Volk zu spalten. Unzufriedenheit sei kein Grund, die Partei zu w\u00e4hlen. Sie mahnt zur Regulierung sozialer Medien und r\u00e4umt ein, dass ihre Fl\u00fcchtlingspolitik 2015 den Aufstieg der AfD beg\u00fcnstigt habe. Altkanzlerin Angela [&hellip;]","og_url":"https:\/\/now-news.de\/de\/deutschland\/merkel-bezeichnet-afd-als-menschenverachtende-partei\/","og_site_name":"just-now.NEWS Deutschland","article_publisher":"https:\/\/www.facebook.com\/wirmachenauf","article_published_time":"2025-10-03T10:37:14+00:00","og_image":[{"url":"https:\/\/now-news.de\/de\/wp-content\/uploads\/sites\/3\/2025\/10\/68df8d01b480cc79202f3700.jpg"}],"author":"rtnews","twitter_card":"summary_large_image","twitter_creator":"@WirMachenAuf_de","twitter_site":"@WirMachenAuf_de","twitter_misc":{"Verfasst von":"rtnews","Gesch\u00e4tzte Lesezeit":"2\u00a0Minuten"},"schema":{"@context":"https:\/\/schema.org","@graph":[{"@type":"Article","@id":"https:\/\/now-news.de\/de\/deutschland\/merkel-bezeichnet-afd-als-menschenverachtende-partei\/#article","isPartOf":{"@id":"https:\/\/now-news.de\/de\/deutschland\/merkel-bezeichnet-afd-als-menschenverachtende-partei\/"},"author":{"name":"rtnews","@id":"https:\/\/now-news.de\/de\/#\/schema\/person\/fb534a4e865501d8b3285208df34a9b5"},"headline":"Merkel bezeichnet AfD als &quot;menschenverachtende Partei&quot;","datePublished":"2025-10-03T10:37:14+00:00","dateModified":"2025-10-03T10:37:14+00:00","mainEntityOfPage":{"@id":"https:\/\/now-news.de\/de\/deutschland\/merkel-bezeichnet-afd-als-menschenverachtende-partei\/"},"wordCount":405,"commentCount":0,"publisher":{"@id":"https:\/\/now-news.de\/de\/#organization"},"image":{"@id":"https:\/\/now-news.de\/de\/deutschland\/merkel-bezeichnet-afd-als-menschenverachtende-partei\/#primaryimage"},"thumbnailUrl":"https:\/\/now-news.de\/de\/wp-content\/uploads\/sites\/3\/2025\/10\/Merkel-bezeichnet-AfD-als-quotmenschenverachtende-Parteiquot.jpg","keywords":["AfD","als","bezeichnet","Merkel","Parteiquot","quotmenschenverachtende"],"articleSection":["Deutschland","Russland"],"inLanguage":"de","potentialAction":[{"@type":"CommentAction","name":"Comment","target":["https:\/\/now-news.de\/de\/deutschland\/merkel-bezeichnet-afd-als-menschenverachtende-partei\/#respond"]}]},{"@type":"WebPage","@id":"https:\/\/now-news.de\/de\/deutschland\/merkel-bezeichnet-afd-als-menschenverachtende-partei\/","url":"https:\/\/now-news.de\/de\/deutschland\/merkel-bezeichnet-afd-als-menschenverachtende-partei\/","name":"Merkel bezeichnet AfD als &quot;menschenverachtende Partei&quot; - just-now.NEWS Deutschland","isPartOf":{"@id":"https:\/\/now-news.de\/de\/#website"},"primaryImageOfPage":{"@id":"https:\/\/now-news.de\/de\/deutschland\/merkel-bezeichnet-afd-als-menschenverachtende-partei\/#primaryimage"},"image":{"@id":"https:\/\/now-news.de\/de\/deutschland\/merkel-bezeichnet-afd-als-menschenverachtende-partei\/#primaryimage"},"thumbnailUrl":"https:\/\/now-news.de\/de\/wp-content\/uploads\/sites\/3\/2025\/10\/Merkel-bezeichnet-AfD-als-quotmenschenverachtende-Parteiquot.jpg","datePublished":"2025-10-03T10:37:14+00:00","dateModified":"2025-10-03T10:37:14+00:00","breadcrumb":{"@id":"https:\/\/now-news.de\/de\/deutschland\/merkel-bezeichnet-afd-als-menschenverachtende-partei\/#breadcrumb"},"inLanguage":"de","potentialAction":[{"@type":"ReadAction","target":["https:\/\/now-news.de\/de\/deutschland\/merkel-bezeichnet-afd-als-menschenverachtende-partei\/"]}]},{"@type":"ImageObject","inLanguage":"de","@id":"https:\/\/now-news.de\/de\/deutschland\/merkel-bezeichnet-afd-als-menschenverachtende-partei\/#primaryimage","url":"https:\/\/now-news.de\/de\/wp-content\/uploads\/sites\/3\/2025\/10\/Merkel-bezeichnet-AfD-als-quotmenschenverachtende-Parteiquot.jpg","contentUrl":"https:\/\/now-news.de\/de\/wp-content\/uploads\/sites\/3\/2025\/10\/Merkel-bezeichnet-AfD-als-quotmenschenverachtende-Parteiquot.jpg","width":460,"height":259,"caption":"Merkel bezeichnet AfD als &quot;menschenverachtende Partei&quot;"},{"@type":"BreadcrumbList","@id":"https:\/\/now-news.de\/de\/deutschland\/merkel-bezeichnet-afd-als-menschenverachtende-partei\/#breadcrumb","itemListElement":[{"@type":"ListItem","position":1,"name":"Home","item":"https:\/\/now-news.de\/de\/"},{"@type":"ListItem","position":2,"name":"Merkel bezeichnet AfD als &quot;menschenverachtende Partei&quot;"}]},{"@type":"WebSite","@id":"https:\/\/now-news.de\/de\/#website","url":"https:\/\/now-news.de\/de\/","name":"just-now.NEWS Deutschland","description":"Das Portal f\u00fcr unzensierte Nachrichten aus der Welt","publisher":{"@id":"https:\/\/now-news.de\/de\/#organization"},"potentialAction":[{"@type":"SearchAction","target":{"@type":"EntryPoint","urlTemplate":"https:\/\/now-news.de\/de\/?s={search_term_string}"},"query-input":"required name=search_term_string"}],"inLanguage":"de"},{"@type":"Organization","@id":"https:\/\/now-news.de\/de\/#organization","name":"Just Now News","url":"https:\/\/now-news.de\/de\/","logo":{"@type":"ImageObject","inLanguage":"de","@id":"https:\/\/now-news.de\/de\/#\/schema\/logo\/image\/","url":"http:\/\/just-now.news\/de\/wp-content\/uploads\/sites\/3\/2022\/04\/logo500x500.jpg","contentUrl":"http:\/\/just-now.news\/de\/wp-content\/uploads\/sites\/3\/2022\/04\/logo500x500.jpg","width":500,"height":500,"caption":"Just Now News"},"image":{"@id":"https:\/\/now-news.de\/de\/#\/schema\/logo\/image\/"},"sameAs":["https:\/\/www.facebook.com\/wirmachenauf","https:\/\/x.com\/WirMachenAuf_de"]},{"@type":"Person","@id":"https:\/\/now-news.de\/de\/#\/schema\/person\/fb534a4e865501d8b3285208df34a9b5","name":"rtnews","image":{"@type":"ImageObject","inLanguage":"de","@id":"https:\/\/now-news.de\/de\/#\/schema\/person\/image\/","url":"https:\/\/secure.gravatar.com\/avatar\/82aafea7d8127119dd649515f56e2117?s=96&d=mm&r=g","contentUrl":"https:\/\/secure.gravatar.com\/avatar\/82aafea7d8127119dd649515f56e2117?s=96&d=mm&r=g","caption":"rtnews"},"url":"https:\/\/now-news.de\/de\/author\/rnews\/"}]}},"_links":{"self":[{"href":"https:\/\/now-news.de\/de\/wp-json\/wp\/v2\/posts\/91591"}],"collection":[{"href":"https:\/\/now-news.de\/de\/wp-json\/wp\/v2\/posts"}],"about":[{"href":"https:\/\/now-news.de\/de\/wp-json\/wp\/v2\/types\/post"}],"author":[{"embeddable":true,"href":"https:\/\/now-news.de\/de\/wp-json\/wp\/v2\/users\/3"}],"replies":[{"embeddable":true,"href":"https:\/\/now-news.de\/de\/wp-json\/wp\/v2\/comments?post=91591"}],"version-history":[{"count":0,"href":"https:\/\/now-news.de\/de\/wp-json\/wp\/v2\/posts\/91591\/revisions"}],"wp:featuredmedia":[{"embeddable":true,"href":"https:\/\/now-news.de\/de\/wp-json\/wp\/v2\/media\/91592"}],"wp:attachment":[{"href":"https:\/\/now-news.de\/de\/wp-json\/wp\/v2\/media?parent=91591"}],"wp:term":[{"taxonomy":"category","embeddable":true,"href":"https:\/\/now-news.de\/de\/wp-json\/wp\/v2\/categories?post=91591"},{"taxonomy":"post_tag","embeddable":true,"href":"https:\/\/now-news.de\/de\/wp-json\/wp\/v2\/tags?post=91591"}],"curies":[{"name":"wp","href":"https:\/\/api.w.org\/{rel}","templated":true}]}}