{"id":91573,"date":"2025-10-02T21:01:27","date_gmt":"2025-10-02T19:01:27","guid":{"rendered":"https:\/\/now-news.de\/de\/deutschland\/die-zeit-der-piraten\/"},"modified":"2025-10-02T21:01:27","modified_gmt":"2025-10-02T19:01:27","slug":"die-zeit-der-piraten","status":"publish","type":"post","link":"https:\/\/now-news.de\/de\/deutschland\/die-zeit-der-piraten\/","title":{"rendered":"Die Zeit der Piraten"},"content":{"rendered":"<p><img decoding=\"async\" src=\"https:\/\/now-news.de\/de\/wp-content\/uploads\/sites\/3\/2025\/10\/68debd1648fbef2d423859bc.jpg\" \/><\/p>\n<div class=\"Text-root Text-type_1 \">\n                Wenn es nach den deutschen Medien geht, wurde da die Gaza-Flotille &#8220;gestoppt&#8221;, und vor der franz\u00f6sischen K\u00fcste &#8220;Putins Tanker&#8221;. Alles ganz unschuldig. Alles in Ordnung. Kann man ja mal machen, Schiffe anhalten. So sieht es das Seerecht allerdings nicht.\n            <\/div>\n<p><\/p>\n<div class=\"Text-root Text-type_5 ArticleView-text ViewText-root \">\n<p><em>Von Dagmar Henn<\/em><\/p>\n<p>Es sind zwei unterschiedliche Ereignisse an unterschiedlichen Orten, aber sie eint ein \u00e4hnliches Vorgehen. Und, dass die westlichen Medien diese Ereignisse gleicherma\u00dfen falsch berichten, n\u00e4mlich nicht als die Rechtsverletzungen, um die es sich dabei handelt.<\/p>\n<p>Der eine Fall sind die Schiffe der Gaza-Hilfsflotte, die inzwischen fast alle von Israel aufgebracht wurden. Das wird noch getreulich berichtet. Auch, dass die Menschen, die auf diesen Schiffen waren, von der israelischen Armee gefangen genommen wurden, nach Israel gebracht und von dort dann abgeschoben werden sollen. Aber die entscheidende Information in diesem Zusammenhang fehlt: in internationalen Gew\u00e4ssern.<\/p>\n<p>Genau so verh\u00e4lt es sich auch mit dem Tanker Boracay, der derzeit in der Bucht von Biscaya ankert, nachdem das Schiff geentert und der Kapit\u00e4n festgenommen wurde. Dem Kapit\u00e4n wird \u00fcbrigens vorgeworfen, er sei, so formuliert es der <em>Spiegel<\/em>, einer &#8220;beh\u00f6rdlichen Anordnung&#8221; nicht gefolgt. Auch hier: Das franz\u00f6sische Milit\u00e4r enterte den Tanker, als er sich in internationalen Gew\u00e4ssern befand. Als Begr\u00fcndung dient der Vorwurf, von diesem Schiff seien Drohnen gestartet worden, die angeblich in D\u00e4nemark vor einigen Tagen den Flugverkehr zum Stillstand gebracht h\u00e4tten.<\/p>\n<p>Der Witz an der Geschichte: Auf diesem Schiff ist noch nicht einmal eine russische Mannschaft\u00a0\u2012 der Kapit\u00e4n und sein erster Offizier sind Chinesen. Der 18 Jahre alte, in Japan gebaute Tanker (IMO 9332810) befand sich auf dem Weg von Primorsk nach Indien und transportierte russisches \u00d6l. Ansonsten f\u00e4hrt er derzeit unter der Flagge von Benin. Das Schiff hat seit 2013 viermal den Besitzer gewechselt und sechsmal das Management, aber das ist kein Skandal. Es hat ein leicht unterdurchschnittliches Alter (das Durchschnittsalter der \u00d6ltanker weltweit betr\u00e4gt\u00a019,5 Jahre), ist mit Sicherheit nicht in London versichert, aber ein gew\u00f6hnliches, solides Schiff, dessen letzte Namen an einen indischen Eigner denken lassen (f\u00fcr viel Geld k\u00f6nnte man das auch nachsehen).<\/p>\n<p>Der einzige Grund, warum der Besatzung des Tankers vorgeworfen wird, irgendwelche Drohnen gestartet zu haben, ist, dass sich die EU \u00fcber den Kauf russischen \u00d6ls durch Indien \u00e4rgert und der franz\u00f6sische Pr\u00e4sident Emmanuel Macron immer tiefer in der Staatskrise versinkt und vielleicht denkt, mit so ein klein wenig Piraterie k\u00f6nne er sein Image verbessern. Schlie\u00dflich hatte er in Kopenhagen auf dem EU-Gipfel vorgeschlagen, &#8220;das Gesch\u00e4ftsmodell zu zerst\u00f6ren, indem man diese Schiffe f\u00fcr ein paar Tage oder Wochen festh\u00e4lt&#8221;, und offenbar gleich beschlossen, diese Gedanken in die Tat umzusetzen.<\/p>\n<p>Ja, das ist das Wort, das die beiden Ereignisse verkn\u00fcpft: Piraterie. Wobei es dann besonders dreist ist, dem Kapit\u00e4n der Boracay auch noch zum Vorwurf zu machen, nicht auf die franz\u00f6sischen Piraten geh\u00f6rt zu haben, die, wenn es nach dem internationalen Seerecht geht, froh sein d\u00fcrfen, nicht unter Feuer geraten zu sein.<\/p>\n<p>Wobei nat\u00fcrlich sogar der Begriff Piraterie noch verharmlost. Nach Artikel 110 der Seerechtskonvention gibt es nur drei denkbare Gr\u00fcnde, die Kontrolle \u00fcber ein Schiff in internationalen Gew\u00e4ssern zu \u00fcbernehmen: Es besteht ernstlicher Grund zur Annahme, dass das Schiff Seer\u00e4uberei oder Sklavenhandel betreibt, oder dass es der Nationalit\u00e4t des kapernden Staates angeh\u00f6rt, aber falsch beflaggt ist.<\/p>\n<p>Franz\u00f6sisch ist die Boracay aber wohl eher nicht. Also gibt es keine Rechtsgrundlage f\u00fcr diesen Angriff, was \u00fcbrigens exakt so auch f\u00fcr die Schiffe der Gaza-Flotte gilt. Und jetzt, warum der Begriff Piraterie sogar noch verharmlost: Davon spricht man bei privaten, kommerziellen Akteuren. Wenn dieselbe Handlung, also die unrechtm\u00e4\u00dfige \u00dcbernahme der Kontrolle \u00fcber ein fremdes Schiff, von einem Staat begangen wird, dann ist das eine Kriegshandlung. Und zwar\u00a0\u2012 das ist der einzige Grund, warum das nicht sofort eskaliert\u00a0\u2012 gegen den Flaggenstaat.<\/p>\n<p>Im Falle der Boracay also gegen Benin. Im Falle der Global Sumud Flotilla ist das Angebot an Flaggenstaaten <a rel=\"nofollow noopener\" target=\"_blank\" href=\"https:\/\/globalsumudflotilla.org\/tracker\/\">gro\u00df<\/a>: die Alma, das Flaggschiff, l\u00e4sst sich anhand ihrer MMSI-Nummer als britisch identifizieren, die Adagio als spanisch, so wie auch die Adara, die All In als franz\u00f6sisch, die Aurora als italienisch, die Mohammad Bar als niederl\u00e4ndisch, die Seulle verweist auf San Marino. Nach <a rel=\"nofollow noopener\" target=\"_blank\" href=\"https:\/\/globalsumudflotilla.org\/media\/press\/Interception_Update_10_1.pdf\">Angaben<\/a> der Flotilla selbst sind auch noch mehrere Schiffe unter polnischer Flagge, eins unter algerischer und sogar eins, die Catalina, unter deutscher Flagge beteiligt.<\/p>\n<p>All diese Schiffe, so klein sie auch sind, sind Territorium des Flaggenstaats. Die israelische Armee hat also durch das Kapern dieser Schiffe einen Kriegsakt gegen Gro\u00dfbritannien, Frankreich, Spanien, Italien, die Niederlande und San Marino begangen. Die Menschen auf diesen Schiffen wurden nicht festgenommen, sie wurden entf\u00fchrt. So, wie das auch die Piraten vor Somalia zu machen pflegten. Das erkl\u00e4rt auch, warum die Schiffe der spanischen und italienischen Marine l\u00e4ngst nicht mehr in der N\u00e4he der Flotilla waren \u2012 sie h\u00e4tten wom\u00f6glich auf diesen israelischen Angriff reagieren m\u00fcssen.<\/p>\n<p>H\u00e4tten sie die israelische Marine unter Feuer genommen, w\u00e4re das vom V\u00f6lkerrecht gedeckt gewesen. Sie haben sich lieber zur\u00fcckgezogen und die Kriegshandlung geschehen lassen. Ein Schiff, die in Frankreich registrierte Mikeno, hat \u00fcbrigens als bisher einziges Schiff der gesamten Flotille die Hoheitsgew\u00e4sser vor Gaza erreicht. Die Global Sumud Flotilla berichtete, es gebe keinen Kontakt mehr, hat aber inzwischen die Kennzeichnung auf &#8220;vermutlich abgefangen&#8221; ge\u00e4ndert.<\/p>\n<p>Die Besatzungsmitglieder der aufgebrachten Schiffe sollen, so die <a rel=\"nofollow noopener\" target=\"_blank\" href=\"https:\/\/globalsumudflotilla.org\/media\/press\/Interception_Update_10_1.pdf\">Presseerkl\u00e4rung<\/a> der Flotilla, auf das Containerschiff MSC Johannesburg gebracht worden sein, ein 23 Jahre altes Gef\u00e4hrt, das in seiner Jugend einmal der Gro\u00dfreederei Maersk geh\u00f6rte und aktuell gerade auf dem Weg in den israelischen Hafen Aschdod ist. \u00dcbrigens eine interessante Frage, wie sich der Flaggenstaat Liberia dazu verh\u00e4lt, an diesen Entf\u00fchrungen beteiligt worden zu sein, wenn die Angabe mit der MSC Johannesburg stimmt.<\/p>\n<p><em>&#8220;Das ist eine widerrechtliche Entf\u00fchrung, in direkter Verletzung des V\u00f6lkerrechts und grundlegender Menschenrechte. Humanit\u00e4re Schiffe in internationalen Gew\u00e4ssern abzufangen ist ein Kriegsverbrechen&#8221;<\/em>, hei\u00dft es \u2012 rechtlich zutreffend \u2012 in der Presseerkl\u00e4rung.<\/p>\n<p>Gestern hatte es im Funk einen Wortwechsel zwischen einem Mitglied der Flotilla und einem Angeh\u00f6rigen der israelischen Armee <a rel=\"nofollow noopener\" target=\"_blank\" href=\"https:\/\/x.com\/MyLordBebo\/status\/1973451159286456436\">gegeben<\/a>. &#8220;Der internationale Gerichtshof&#8221;, so der Brasilianer Thiago Avila, &#8220;entschied in seinem vorl\u00e4ufigen Beschluss, dass jeder Versuch, eine humanit\u00e4re Mission nach Gaza zu behindern, nach dem V\u00f6lkerrecht verboten ist.&#8221;<\/p>\n<p>Die Begr\u00fcndungen, warum diese kriegerischen Handlungen erfolgen, sind eigentlich v\u00f6llig irrelevant, weil sie an der Rechtslage nichts \u00e4ndern. Frankreich hat mit der Kaperung des Tankers nur bewiesen, dass es ebenso illegal zu handeln vermag, wie man das von Israel schon lang gew\u00f6hnt ist. Wobei die Begr\u00fcndung f\u00fcr den Angriff der franz\u00f6sischen Marine, die <em>Euronews<\/em> liefert, durchaus Unterhaltungswert hat: &#8220;Laut der franz\u00f6sischen Marine f\u00fchrte das Schiff verd\u00e4chtige Man\u00f6ver durch und bewegte sich in einem Bereich nahe den franz\u00f6sischen Hoheitsgew\u00e4ssern in Kreisen.&#8221; Und wenn es Vierecke oder Sterne gewesen w\u00e4ren \u2012 internationale Gew\u00e4sser bleiben internationale Gew\u00e4sser&#8230;<\/p>\n<p>Immerhin, der Angriff auf die Global Sumud Flotilla hat noch andere Folgen. Dass das Ausw\u00e4rtige Amt auf die Kaperung eines Schiffes unter deutscher Flagge nicht mehr zustande bringt, als &#8220;bitte bitte&#8221; f\u00fcr die Sicherheit der Besatzungen zu machen, ist keine \u00dcberraschung. Aber die gr\u00f6\u00dfte italienische Gewerkschaft hat zu einem Generalstreik aufgerufen\u00a0\u2012 das, nachdem j\u00fcngst die Hafenarbeiter von Genua die Abfertigung von Waffenlieferungen nach Israel verweigerten. Und Kolumbien hat die diplomatischen Kontakte zu Israel abgebrochen.<\/p>\n<p>Wird die Kaperung der Boracay Folgen haben? Wenn sich Macrons Idee, k\u00fcnftig alle Schiffe, die russisches \u00d6l nach Indien oder China transportieren, auf diese Weise zu behandeln, weiter verbreitet, verblieben zwei M\u00f6glichkeiten: milit\u00e4rische Begleitung oder bewaffnetes Personal auf den Schiffen. Nach dem Seerecht ist es legal, sich gegen Piraten zur Wehr zu setzen. Das f\u00e4llt unter Notwehr. Wenn es ein Staat ist, der das versucht, ist es ebenso legal, nennt sich aber dann Selbstverteidigung gegen einen bewaffneten Angriff.<\/p>\n<p>Es wird auf Dauer nicht so bleiben, wie es jetzt ist. Weil das, was da versucht wird, eine massive Erosion des V\u00f6lkerrechts darstellt. W\u00fcrden alle so handeln, w\u00e4re der internationale Seehandel tot. Ein regelloser Akteur wie Israel, das geht vielleicht eine Zeit lang gut. Aber je l\u00e4nger die Liste wird, desto h\u00f6her ist die Wahrscheinlichkeit, dass eine dieser Konfrontationen eskaliert. Oder dass eben Gleiches mit Gleichem vergolten wird. Es hat schon seinen Grund, dass im ganzen Kontext dieses &#8220;Schattenflotte&#8221;-M\u00e4rchens mal hier, mal da ein Nadelstich erfolgt, jetzt eben in Frankreich. Gleich, wie sehr man die Erz\u00e4hlung aufh\u00fcbscht, es bleibt ein kriegerischer Akt. Es ist die Zeit der Piraten.<\/p>\n<p><strong>Mehr zum Thema<\/strong>\u00a0\u2012 <a rel=\"nofollow noopener\" target=\"_blank\" href=\"https:\/\/freedert.online\/europa\/257771-macron-fordert-europa-auf-druck\/\">Macron fordert Europa auf, Druck auf &#8220;russische Schattenflotte&#8221; zu erh\u00f6hen<\/a><\/p>\n<div class=\"EmbedBlock-root EmbedBlock-externalVideo EmbedBlock-rumble\">\n<div class=\"VkEmbed\"><iframe class=\"lazyload\" data-src=\"https:\/\/rumble.com\/embed\/v6x9e16\" frameborder=\"0\" width=\"853\" height=\"480\" allowfullscreen><\/iframe><\/div>\n<\/div>\n<\/div>\n<p><br \/>\n<br \/><a href=\"https:\/\/de.rt.com\/meinung\/257780-zeit-piraten\/\">Source link <\/a><\/p>\n","protected":false},"excerpt":{"rendered":"<p>Wenn es nach den deutschen Medien geht, wurde da die Gaza-Flotille &#8220;gestoppt&#8221;, und vor der franz\u00f6sischen K\u00fcste &#8220;Putins Tanker&#8221;. Alles ganz unschuldig. Alles in Ordnung. Kann man ja mal machen, Schiffe anhalten. So sieht es das Seerecht allerdings nicht. Von Dagmar Henn Es sind zwei unterschiedliche Ereignisse an unterschiedlichen Orten, aber sie eint ein \u00e4hnliches [&hellip;]<\/p>\n","protected":false},"author":3,"featured_media":91574,"comment_status":"open","ping_status":"open","sticky":false,"template":"","format":"standard","meta":{"_yoast_indexnow_last_ping":["1759437457"],"wp_automatic_camp":["217"],"d17a65a6421e629df67e768f7f984787":["Die Zeit der Piraten"],"original_link":["https:\/\/de.rt.com\/meinung\/257780-zeit-piraten\/"],"_thumbnail_id":["91574"],"jnews_social_counter_last_update":["1777197018"],"_wptgpro_p2tg_sent2tg":["a:1:{i:23737;s:19:\"2025-10-02 22:38:39\";}"]},"categories":[19,23],"tags":[82,45,51064,2732],"yoast_head":"<!-- This site is optimized with the Yoast SEO Premium plugin v22.7 (Yoast SEO v22.7) - https:\/\/yoast.com\/wordpress\/plugins\/seo\/ -->\n<title>Die Zeit der Piraten - just-now.NEWS Deutschland<\/title>\n<meta name=\"robots\" content=\"index, follow, max-snippet:-1, max-image-preview:large, max-video-preview:-1\" \/>\n<link rel=\"canonical\" href=\"https:\/\/now-news.de\/de\/deutschland\/die-zeit-der-piraten\/\" \/>\n<meta property=\"og:locale\" content=\"de_DE\" \/>\n<meta property=\"og:type\" content=\"article\" \/>\n<meta property=\"og:title\" content=\"Die Zeit der Piraten\" \/>\n<meta property=\"og:description\" content=\"Wenn es nach den deutschen Medien geht, wurde da die Gaza-Flotille &#8220;gestoppt&#8221;, und vor der franz\u00f6sischen K\u00fcste &#8220;Putins Tanker&#8221;. Alles ganz unschuldig. Alles in Ordnung. Kann man ja mal machen, Schiffe anhalten. So sieht es das Seerecht allerdings nicht. Von Dagmar Henn Es sind zwei unterschiedliche Ereignisse an unterschiedlichen Orten, aber sie eint ein \u00e4hnliches [&hellip;]\" \/>\n<meta property=\"og:url\" content=\"https:\/\/now-news.de\/de\/deutschland\/die-zeit-der-piraten\/\" \/>\n<meta property=\"og:site_name\" content=\"just-now.NEWS Deutschland\" \/>\n<meta property=\"article:publisher\" content=\"https:\/\/www.facebook.com\/wirmachenauf\" \/>\n<meta property=\"article:published_time\" content=\"2025-10-02T19:01:27+00:00\" \/>\n<meta property=\"og:image\" content=\"https:\/\/now-news.de\/de\/wp-content\/uploads\/sites\/3\/2025\/10\/68debd1648fbef2d423859bc.jpg\" \/>\n<meta name=\"author\" content=\"rtnews\" \/>\n<meta name=\"twitter:card\" content=\"summary_large_image\" \/>\n<meta name=\"twitter:creator\" content=\"@WirMachenAuf_de\" \/>\n<meta name=\"twitter:site\" content=\"@WirMachenAuf_de\" \/>\n<meta name=\"twitter:label1\" content=\"Verfasst von\" \/>\n\t<meta name=\"twitter:data1\" content=\"rtnews\" \/>\n\t<meta name=\"twitter:label2\" content=\"Gesch\u00e4tzte Lesezeit\" \/>\n\t<meta name=\"twitter:data2\" content=\"7\u00a0Minuten\" \/>\n<script type=\"application\/ld+json\" class=\"yoast-schema-graph\">{\"@context\":\"https:\/\/schema.org\",\"@graph\":[{\"@type\":\"Article\",\"@id\":\"https:\/\/now-news.de\/de\/deutschland\/die-zeit-der-piraten\/#article\",\"isPartOf\":{\"@id\":\"https:\/\/now-news.de\/de\/deutschland\/die-zeit-der-piraten\/\"},\"author\":{\"name\":\"rtnews\",\"@id\":\"https:\/\/now-news.de\/de\/#\/schema\/person\/fb534a4e865501d8b3285208df34a9b5\"},\"headline\":\"Die Zeit der Piraten\",\"datePublished\":\"2025-10-02T19:01:27+00:00\",\"dateModified\":\"2025-10-02T19:01:27+00:00\",\"mainEntityOfPage\":{\"@id\":\"https:\/\/now-news.de\/de\/deutschland\/die-zeit-der-piraten\/\"},\"wordCount\":1470,\"commentCount\":0,\"publisher\":{\"@id\":\"https:\/\/now-news.de\/de\/#organization\"},\"image\":{\"@id\":\"https:\/\/now-news.de\/de\/deutschland\/die-zeit-der-piraten\/#primaryimage\"},\"thumbnailUrl\":\"https:\/\/now-news.de\/de\/wp-content\/uploads\/sites\/3\/2025\/10\/Die-Zeit-der-Piraten.jpg\",\"keywords\":[\"der\",\"die\",\"Piraten\",\"Zeit\"],\"articleSection\":[\"Deutschland\",\"Russland\"],\"inLanguage\":\"de\",\"potentialAction\":[{\"@type\":\"CommentAction\",\"name\":\"Comment\",\"target\":[\"https:\/\/now-news.de\/de\/deutschland\/die-zeit-der-piraten\/#respond\"]}]},{\"@type\":\"WebPage\",\"@id\":\"https:\/\/now-news.de\/de\/deutschland\/die-zeit-der-piraten\/\",\"url\":\"https:\/\/now-news.de\/de\/deutschland\/die-zeit-der-piraten\/\",\"name\":\"Die Zeit der Piraten - just-now.NEWS Deutschland\",\"isPartOf\":{\"@id\":\"https:\/\/now-news.de\/de\/#website\"},\"primaryImageOfPage\":{\"@id\":\"https:\/\/now-news.de\/de\/deutschland\/die-zeit-der-piraten\/#primaryimage\"},\"image\":{\"@id\":\"https:\/\/now-news.de\/de\/deutschland\/die-zeit-der-piraten\/#primaryimage\"},\"thumbnailUrl\":\"https:\/\/now-news.de\/de\/wp-content\/uploads\/sites\/3\/2025\/10\/Die-Zeit-der-Piraten.jpg\",\"datePublished\":\"2025-10-02T19:01:27+00:00\",\"dateModified\":\"2025-10-02T19:01:27+00:00\",\"breadcrumb\":{\"@id\":\"https:\/\/now-news.de\/de\/deutschland\/die-zeit-der-piraten\/#breadcrumb\"},\"inLanguage\":\"de\",\"potentialAction\":[{\"@type\":\"ReadAction\",\"target\":[\"https:\/\/now-news.de\/de\/deutschland\/die-zeit-der-piraten\/\"]}]},{\"@type\":\"ImageObject\",\"inLanguage\":\"de\",\"@id\":\"https:\/\/now-news.de\/de\/deutschland\/die-zeit-der-piraten\/#primaryimage\",\"url\":\"https:\/\/now-news.de\/de\/wp-content\/uploads\/sites\/3\/2025\/10\/Die-Zeit-der-Piraten.jpg\",\"contentUrl\":\"https:\/\/now-news.de\/de\/wp-content\/uploads\/sites\/3\/2025\/10\/Die-Zeit-der-Piraten.jpg\",\"width\":460,\"height\":259,\"caption\":\"Die Zeit der Piraten\"},{\"@type\":\"BreadcrumbList\",\"@id\":\"https:\/\/now-news.de\/de\/deutschland\/die-zeit-der-piraten\/#breadcrumb\",\"itemListElement\":[{\"@type\":\"ListItem\",\"position\":1,\"name\":\"Home\",\"item\":\"https:\/\/now-news.de\/de\/\"},{\"@type\":\"ListItem\",\"position\":2,\"name\":\"Die Zeit der Piraten\"}]},{\"@type\":\"WebSite\",\"@id\":\"https:\/\/now-news.de\/de\/#website\",\"url\":\"https:\/\/now-news.de\/de\/\",\"name\":\"just-now.NEWS Deutschland\",\"description\":\"Das Portal f\u00fcr unzensierte Nachrichten aus der Welt\",\"publisher\":{\"@id\":\"https:\/\/now-news.de\/de\/#organization\"},\"potentialAction\":[{\"@type\":\"SearchAction\",\"target\":{\"@type\":\"EntryPoint\",\"urlTemplate\":\"https:\/\/now-news.de\/de\/?s={search_term_string}\"},\"query-input\":\"required name=search_term_string\"}],\"inLanguage\":\"de\"},{\"@type\":\"Organization\",\"@id\":\"https:\/\/now-news.de\/de\/#organization\",\"name\":\"Just Now News\",\"url\":\"https:\/\/now-news.de\/de\/\",\"logo\":{\"@type\":\"ImageObject\",\"inLanguage\":\"de\",\"@id\":\"https:\/\/now-news.de\/de\/#\/schema\/logo\/image\/\",\"url\":\"http:\/\/just-now.news\/de\/wp-content\/uploads\/sites\/3\/2022\/04\/logo500x500.jpg\",\"contentUrl\":\"http:\/\/just-now.news\/de\/wp-content\/uploads\/sites\/3\/2022\/04\/logo500x500.jpg\",\"width\":500,\"height\":500,\"caption\":\"Just Now News\"},\"image\":{\"@id\":\"https:\/\/now-news.de\/de\/#\/schema\/logo\/image\/\"},\"sameAs\":[\"https:\/\/www.facebook.com\/wirmachenauf\",\"https:\/\/x.com\/WirMachenAuf_de\"]},{\"@type\":\"Person\",\"@id\":\"https:\/\/now-news.de\/de\/#\/schema\/person\/fb534a4e865501d8b3285208df34a9b5\",\"name\":\"rtnews\",\"image\":{\"@type\":\"ImageObject\",\"inLanguage\":\"de\",\"@id\":\"https:\/\/now-news.de\/de\/#\/schema\/person\/image\/\",\"url\":\"https:\/\/secure.gravatar.com\/avatar\/82aafea7d8127119dd649515f56e2117?s=96&d=mm&r=g\",\"contentUrl\":\"https:\/\/secure.gravatar.com\/avatar\/82aafea7d8127119dd649515f56e2117?s=96&d=mm&r=g\",\"caption\":\"rtnews\"},\"url\":\"https:\/\/now-news.de\/de\/author\/rnews\/\"}]}<\/script>\n<!-- \/ Yoast SEO Premium plugin. -->","yoast_head_json":{"title":"Die Zeit der Piraten - just-now.NEWS Deutschland","robots":{"index":"index","follow":"follow","max-snippet":"max-snippet:-1","max-image-preview":"max-image-preview:large","max-video-preview":"max-video-preview:-1"},"canonical":"https:\/\/now-news.de\/de\/deutschland\/die-zeit-der-piraten\/","og_locale":"de_DE","og_type":"article","og_title":"Die Zeit der Piraten","og_description":"Wenn es nach den deutschen Medien geht, wurde da die Gaza-Flotille &#8220;gestoppt&#8221;, und vor der franz\u00f6sischen K\u00fcste &#8220;Putins Tanker&#8221;. Alles ganz unschuldig. Alles in Ordnung. Kann man ja mal machen, Schiffe anhalten. So sieht es das Seerecht allerdings nicht. Von Dagmar Henn Es sind zwei unterschiedliche Ereignisse an unterschiedlichen Orten, aber sie eint ein \u00e4hnliches [&hellip;]","og_url":"https:\/\/now-news.de\/de\/deutschland\/die-zeit-der-piraten\/","og_site_name":"just-now.NEWS Deutschland","article_publisher":"https:\/\/www.facebook.com\/wirmachenauf","article_published_time":"2025-10-02T19:01:27+00:00","og_image":[{"url":"https:\/\/now-news.de\/de\/wp-content\/uploads\/sites\/3\/2025\/10\/68debd1648fbef2d423859bc.jpg"}],"author":"rtnews","twitter_card":"summary_large_image","twitter_creator":"@WirMachenAuf_de","twitter_site":"@WirMachenAuf_de","twitter_misc":{"Verfasst von":"rtnews","Gesch\u00e4tzte Lesezeit":"7\u00a0Minuten"},"schema":{"@context":"https:\/\/schema.org","@graph":[{"@type":"Article","@id":"https:\/\/now-news.de\/de\/deutschland\/die-zeit-der-piraten\/#article","isPartOf":{"@id":"https:\/\/now-news.de\/de\/deutschland\/die-zeit-der-piraten\/"},"author":{"name":"rtnews","@id":"https:\/\/now-news.de\/de\/#\/schema\/person\/fb534a4e865501d8b3285208df34a9b5"},"headline":"Die Zeit der Piraten","datePublished":"2025-10-02T19:01:27+00:00","dateModified":"2025-10-02T19:01:27+00:00","mainEntityOfPage":{"@id":"https:\/\/now-news.de\/de\/deutschland\/die-zeit-der-piraten\/"},"wordCount":1470,"commentCount":0,"publisher":{"@id":"https:\/\/now-news.de\/de\/#organization"},"image":{"@id":"https:\/\/now-news.de\/de\/deutschland\/die-zeit-der-piraten\/#primaryimage"},"thumbnailUrl":"https:\/\/now-news.de\/de\/wp-content\/uploads\/sites\/3\/2025\/10\/Die-Zeit-der-Piraten.jpg","keywords":["der","die","Piraten","Zeit"],"articleSection":["Deutschland","Russland"],"inLanguage":"de","potentialAction":[{"@type":"CommentAction","name":"Comment","target":["https:\/\/now-news.de\/de\/deutschland\/die-zeit-der-piraten\/#respond"]}]},{"@type":"WebPage","@id":"https:\/\/now-news.de\/de\/deutschland\/die-zeit-der-piraten\/","url":"https:\/\/now-news.de\/de\/deutschland\/die-zeit-der-piraten\/","name":"Die Zeit der Piraten - just-now.NEWS Deutschland","isPartOf":{"@id":"https:\/\/now-news.de\/de\/#website"},"primaryImageOfPage":{"@id":"https:\/\/now-news.de\/de\/deutschland\/die-zeit-der-piraten\/#primaryimage"},"image":{"@id":"https:\/\/now-news.de\/de\/deutschland\/die-zeit-der-piraten\/#primaryimage"},"thumbnailUrl":"https:\/\/now-news.de\/de\/wp-content\/uploads\/sites\/3\/2025\/10\/Die-Zeit-der-Piraten.jpg","datePublished":"2025-10-02T19:01:27+00:00","dateModified":"2025-10-02T19:01:27+00:00","breadcrumb":{"@id":"https:\/\/now-news.de\/de\/deutschland\/die-zeit-der-piraten\/#breadcrumb"},"inLanguage":"de","potentialAction":[{"@type":"ReadAction","target":["https:\/\/now-news.de\/de\/deutschland\/die-zeit-der-piraten\/"]}]},{"@type":"ImageObject","inLanguage":"de","@id":"https:\/\/now-news.de\/de\/deutschland\/die-zeit-der-piraten\/#primaryimage","url":"https:\/\/now-news.de\/de\/wp-content\/uploads\/sites\/3\/2025\/10\/Die-Zeit-der-Piraten.jpg","contentUrl":"https:\/\/now-news.de\/de\/wp-content\/uploads\/sites\/3\/2025\/10\/Die-Zeit-der-Piraten.jpg","width":460,"height":259,"caption":"Die Zeit der Piraten"},{"@type":"BreadcrumbList","@id":"https:\/\/now-news.de\/de\/deutschland\/die-zeit-der-piraten\/#breadcrumb","itemListElement":[{"@type":"ListItem","position":1,"name":"Home","item":"https:\/\/now-news.de\/de\/"},{"@type":"ListItem","position":2,"name":"Die Zeit der Piraten"}]},{"@type":"WebSite","@id":"https:\/\/now-news.de\/de\/#website","url":"https:\/\/now-news.de\/de\/","name":"just-now.NEWS Deutschland","description":"Das Portal f\u00fcr unzensierte Nachrichten aus der Welt","publisher":{"@id":"https:\/\/now-news.de\/de\/#organization"},"potentialAction":[{"@type":"SearchAction","target":{"@type":"EntryPoint","urlTemplate":"https:\/\/now-news.de\/de\/?s={search_term_string}"},"query-input":"required name=search_term_string"}],"inLanguage":"de"},{"@type":"Organization","@id":"https:\/\/now-news.de\/de\/#organization","name":"Just Now News","url":"https:\/\/now-news.de\/de\/","logo":{"@type":"ImageObject","inLanguage":"de","@id":"https:\/\/now-news.de\/de\/#\/schema\/logo\/image\/","url":"http:\/\/just-now.news\/de\/wp-content\/uploads\/sites\/3\/2022\/04\/logo500x500.jpg","contentUrl":"http:\/\/just-now.news\/de\/wp-content\/uploads\/sites\/3\/2022\/04\/logo500x500.jpg","width":500,"height":500,"caption":"Just Now News"},"image":{"@id":"https:\/\/now-news.de\/de\/#\/schema\/logo\/image\/"},"sameAs":["https:\/\/www.facebook.com\/wirmachenauf","https:\/\/x.com\/WirMachenAuf_de"]},{"@type":"Person","@id":"https:\/\/now-news.de\/de\/#\/schema\/person\/fb534a4e865501d8b3285208df34a9b5","name":"rtnews","image":{"@type":"ImageObject","inLanguage":"de","@id":"https:\/\/now-news.de\/de\/#\/schema\/person\/image\/","url":"https:\/\/secure.gravatar.com\/avatar\/82aafea7d8127119dd649515f56e2117?s=96&d=mm&r=g","contentUrl":"https:\/\/secure.gravatar.com\/avatar\/82aafea7d8127119dd649515f56e2117?s=96&d=mm&r=g","caption":"rtnews"},"url":"https:\/\/now-news.de\/de\/author\/rnews\/"}]}},"_links":{"self":[{"href":"https:\/\/now-news.de\/de\/wp-json\/wp\/v2\/posts\/91573"}],"collection":[{"href":"https:\/\/now-news.de\/de\/wp-json\/wp\/v2\/posts"}],"about":[{"href":"https:\/\/now-news.de\/de\/wp-json\/wp\/v2\/types\/post"}],"author":[{"embeddable":true,"href":"https:\/\/now-news.de\/de\/wp-json\/wp\/v2\/users\/3"}],"replies":[{"embeddable":true,"href":"https:\/\/now-news.de\/de\/wp-json\/wp\/v2\/comments?post=91573"}],"version-history":[{"count":0,"href":"https:\/\/now-news.de\/de\/wp-json\/wp\/v2\/posts\/91573\/revisions"}],"wp:featuredmedia":[{"embeddable":true,"href":"https:\/\/now-news.de\/de\/wp-json\/wp\/v2\/media\/91574"}],"wp:attachment":[{"href":"https:\/\/now-news.de\/de\/wp-json\/wp\/v2\/media?parent=91573"}],"wp:term":[{"taxonomy":"category","embeddable":true,"href":"https:\/\/now-news.de\/de\/wp-json\/wp\/v2\/categories?post=91573"},{"taxonomy":"post_tag","embeddable":true,"href":"https:\/\/now-news.de\/de\/wp-json\/wp\/v2\/tags?post=91573"}],"curies":[{"name":"wp","href":"https:\/\/api.w.org\/{rel}","templated":true}]}}