{"id":91569,"date":"2025-10-02T21:55:36","date_gmt":"2025-10-02T19:55:36","guid":{"rendered":"https:\/\/now-news.de\/de\/deutschland\/kreml-die-eu-benimmt-sich-wie-eine-verbrecherbande\/"},"modified":"2025-10-02T21:55:36","modified_gmt":"2025-10-02T19:55:36","slug":"kreml-die-eu-benimmt-sich-wie-eine-verbrecherbande","status":"publish","type":"post","link":"https:\/\/now-news.de\/de\/deutschland\/kreml-die-eu-benimmt-sich-wie-eine-verbrecherbande\/","title":{"rendered":"Kreml: Die EU benimmt sich wie eine &quot;Verbrecherbande&quot;"},"content":{"rendered":"<p><img decoding=\"async\" src=\"https:\/\/now-news.de\/de\/wp-content\/uploads\/sites\/3\/2025\/10\/68dec89db480cc46ae3756b1.jpg\" \/><\/p>\n<div class=\"Text-root Text-type_1 \">\n                Die Europ\u00e4ische Union wird rechtliche Konsequenzen zu erwarten haben, wenn sie versucht, Moskaus eingefrorene Guthaben zu &#8220;stehlen&#8221;, sagte Kremlsprecher Dmitri Peskow. Auch der belgische Premierminister macht sich Sorgen um den Finanzplatz Br\u00fcssel.\n            <\/div>\n<p><\/p>\n<div class=\"Text-root Text-type_5 ArticleView-text ViewText-root \">\n<p>Die EU-L\u00e4nder, die \u00fcber Wege diskutieren, wie sie russische Guthaben &#8220;stehlen&#8221; k\u00f6nnten, um die Ukraine zu st\u00e4rken, benehmen sich wie eine kriminelle &#8220;Bande&#8221;, sagte Kremlsprecher Dmitri Peskow.<\/p>\n<p>Am Mittwoch trafen sich die Regierungschefs der EU in Kopenhagen zu einem informellen Gipfel, um einen Plan zu diskutieren, die Ukraine mit einem Kredit von 140\u00a0Milliarden Euro zu versehen, der mit Russlands eingefrorenen Zentralbankguthaben unterf\u00fcttert wird. Einige Mitglieder des Staatenbundes \u00e4u\u00dferten jedoch weiterhin Bedenken \u00fcber die rechtlichen Risiken, die mit einem solchen Schritt verbunden w\u00e4ren.<\/p>\n<p>Vor allem Belgiens Premierminister Bart De Wever, dessen Land Euroclear beherbergt, wo die meisten in der EU befindlichen russischen Guthaben stehen, warnte seine Kollegen, es gebe &#8220;kein kostenloses Geld. Es gibt immer Konsequenzen&#8221;. &#8220;Ich will, dass ihre Unterschrift sagt, wenn wir Putins Geld nehmen\u00a0&#8230; werden wir alle verantwortlich sein, wenn das schiefgeht&#8221;, sagte er. Der Premierminister von Luxemburg Luc Frieden \u00e4u\u00dferte sich \u00e4hnlich besorgt.<\/p>\n<p>Peskow, der diese \u00dcberlegungen am Donnerstag kommentierte, verglich die EU mit einer Gruppe von Gangstern, die ihren n\u00e4chsten Raubzug plant. &#8220;Das sieht alles wie eine Bande aus: Einer steht Schmiere, einer raubt, und einer, wie Belgien, ruft: &#8216;Jungs, lasst uns die Verantwortung teilen'&#8221;, witzelte er und f\u00fcgte hinzu, dass die Beteiligten &#8220;rechtliche und andere m\u00f6gliche Rechenschaft&#8221; erwarten m\u00fcssten.<\/p>\n<p>Einen Tag zuvor hatte er gesagt, die diskutierten Ideen entspr\u00e4chen einem Diebstahl. &#8220;Wir reden \u00fcber Pl\u00e4ne, illegal russisches Eigentum zu beschlagnahmen&#8221;, hatte Peskow\u00a0gesagt. Er\u00a0erwarte, solche Schritte w\u00fcrden das Vertrauen in die Unverletzlichkeit des Eigentums &#8220;v\u00f6llig&#8221; untergraben, und &#8220;der Bumerang&#8221; werde die entscheidenden L\u00e4nder, in denen die Gelder liegen, &#8220;sehr ernst treffen&#8221;.<\/p>\n<p>Nach der Eskalation des Ukraine-Konflikts 2022 hatten westliche Regierungen ungef\u00e4hr 300\u00a0Milliarden US-Dollar an russischen Staatsguthaben eingefroren, von denen 210\u00a0Milliarden Euro in Europa sind, darunter etwa 185\u00a0Milliarden bei Euroclear in Br\u00fcssel. Auch wenn die EU-Vertreter seit Monaten \u00fcber Wege diskutieren, die Mittel zu beschlagnahmen und an die Ukraine zu \u00fcbergeben, sind sie doch bisher angesichts der enormen rechtlichen Risiken und der Gef\u00e4hrdung des Rufs, die ein solcher Schritt mit sich bringen w\u00fcrde, davor zur\u00fcckgeschreckt.<\/p>\n<p>Die EU hat jedoch beschlossen, die Zinsen auf diese Guthaben der Ukraine zu \u00fcberweisen, und bereits gesch\u00e4tzte vier Milliarden Euro nach Kiew geschickt.<\/p>\n<p><strong>Mehr zum Thema \u2013\u00a0<\/strong><a rel=\"nofollow noopener\" target=\"_blank\" href=\"https:\/\/freedert.online\/international\/257152-merz-gegen-de-wever-140-milliarden-euro-fuer-die-ukraine-belgien-sagt-nein\/\">Merz gegen De Wever: 140 Milliarden Euro f\u00fcr die Ukraine \u2013 Belgien sagt Nein<\/a><\/p>\n<div class=\"EmbedBlock-root EmbedBlock-externalVideo EmbedBlock-rumble\">\n<div class=\"VkEmbed\"><iframe class=\"lazyload\" data-src=\"https:\/\/rumble.com\/embed\/v6w6h24\" frameborder=\"0\" width=\"853\" height=\"480\" allowfullscreen><\/iframe><\/div>\n<\/div>\n<\/div>\n<p><br \/>\n<br \/><a href=\"https:\/\/de.rt.com\/europa\/257783-kreml-die-eu-benimmt-sich-wie-verbrecherbande\/\">Source link <\/a><\/p>\n","protected":false},"excerpt":{"rendered":"<p>Die Europ\u00e4ische Union wird rechtliche Konsequenzen zu erwarten haben, wenn sie versucht, Moskaus eingefrorene Guthaben zu &#8220;stehlen&#8221;, sagte Kremlsprecher Dmitri Peskow. Auch der belgische Premierminister macht sich Sorgen um den Finanzplatz Br\u00fcssel. Die EU-L\u00e4nder, die \u00fcber Wege diskutieren, wie sie russische Guthaben &#8220;stehlen&#8221; k\u00f6nnten, um die Ukraine zu st\u00e4rken, benehmen sich wie eine kriminelle &#8220;Bande&#8221;, [&hellip;]<\/p>\n","protected":false},"author":3,"featured_media":91570,"comment_status":"open","ping_status":"open","sticky":false,"template":"","format":"standard","meta":{"_yoast_indexnow_last_ping":["1759435539"],"wp_automatic_camp":["217"],"9a715aa26dbf5f0e7fe8802a0620c949":["Kreml: Die EU benimmt sich wie eine &quot;Verbrecherbande&quot;"],"original_link":["https:\/\/de.rt.com\/europa\/257783-kreml-die-eu-benimmt-sich-wie-verbrecherbande\/"],"_thumbnail_id":["91570"],"jnews_social_counter_last_update":["1777004756"],"_wptgpro_p2tg_sent2tg":["a:1:{i:23737;s:19:\"2025-10-02 22:06:41\";}"]},"categories":[19,23],"tags":[68173,45,275,6312,68174,434,579],"yoast_head":"<!-- This site is optimized with the Yoast SEO Premium plugin v22.7 (Yoast SEO v22.7) - https:\/\/yoast.com\/wordpress\/plugins\/seo\/ -->\n<title>Kreml: Die EU benimmt sich wie eine &quot;Verbrecherbande&quot; - just-now.NEWS Deutschland<\/title>\n<meta name=\"robots\" content=\"index, follow, max-snippet:-1, max-image-preview:large, max-video-preview:-1\" \/>\n<link rel=\"canonical\" href=\"https:\/\/now-news.de\/de\/deutschland\/kreml-die-eu-benimmt-sich-wie-eine-verbrecherbande\/\" \/>\n<meta property=\"og:locale\" content=\"de_DE\" \/>\n<meta property=\"og:type\" content=\"article\" \/>\n<meta property=\"og:title\" content=\"Kreml: Die EU benimmt sich wie eine &quot;Verbrecherbande&quot;\" \/>\n<meta property=\"og:description\" content=\"Die Europ\u00e4ische Union wird rechtliche Konsequenzen zu erwarten haben, wenn sie versucht, Moskaus eingefrorene Guthaben zu &#8220;stehlen&#8221;, sagte Kremlsprecher Dmitri Peskow. Auch der belgische Premierminister macht sich Sorgen um den Finanzplatz Br\u00fcssel. Die EU-L\u00e4nder, die \u00fcber Wege diskutieren, wie sie russische Guthaben &#8220;stehlen&#8221; k\u00f6nnten, um die Ukraine zu st\u00e4rken, benehmen sich wie eine kriminelle &#8220;Bande&#8221;, [&hellip;]\" \/>\n<meta property=\"og:url\" content=\"https:\/\/now-news.de\/de\/deutschland\/kreml-die-eu-benimmt-sich-wie-eine-verbrecherbande\/\" \/>\n<meta property=\"og:site_name\" content=\"just-now.NEWS Deutschland\" \/>\n<meta property=\"article:publisher\" content=\"https:\/\/www.facebook.com\/wirmachenauf\" \/>\n<meta property=\"article:published_time\" content=\"2025-10-02T19:55:36+00:00\" \/>\n<meta property=\"og:image\" content=\"https:\/\/now-news.de\/de\/wp-content\/uploads\/sites\/3\/2025\/10\/68dec89db480cc46ae3756b1.jpg\" \/>\n<meta name=\"author\" content=\"rtnews\" \/>\n<meta name=\"twitter:card\" content=\"summary_large_image\" \/>\n<meta name=\"twitter:creator\" content=\"@WirMachenAuf_de\" \/>\n<meta name=\"twitter:site\" content=\"@WirMachenAuf_de\" \/>\n<meta name=\"twitter:label1\" content=\"Verfasst von\" \/>\n\t<meta name=\"twitter:data1\" content=\"rtnews\" \/>\n\t<meta name=\"twitter:label2\" content=\"Gesch\u00e4tzte Lesezeit\" \/>\n\t<meta name=\"twitter:data2\" content=\"2\u00a0Minuten\" \/>\n<script type=\"application\/ld+json\" class=\"yoast-schema-graph\">{\"@context\":\"https:\/\/schema.org\",\"@graph\":[{\"@type\":\"Article\",\"@id\":\"https:\/\/now-news.de\/de\/deutschland\/kreml-die-eu-benimmt-sich-wie-eine-verbrecherbande\/#article\",\"isPartOf\":{\"@id\":\"https:\/\/now-news.de\/de\/deutschland\/kreml-die-eu-benimmt-sich-wie-eine-verbrecherbande\/\"},\"author\":{\"name\":\"rtnews\",\"@id\":\"https:\/\/now-news.de\/de\/#\/schema\/person\/fb534a4e865501d8b3285208df34a9b5\"},\"headline\":\"Kreml: Die EU benimmt sich wie eine &quot;Verbrecherbande&quot;\",\"datePublished\":\"2025-10-02T19:55:36+00:00\",\"dateModified\":\"2025-10-02T19:55:36+00:00\",\"mainEntityOfPage\":{\"@id\":\"https:\/\/now-news.de\/de\/deutschland\/kreml-die-eu-benimmt-sich-wie-eine-verbrecherbande\/\"},\"wordCount\":437,\"commentCount\":0,\"publisher\":{\"@id\":\"https:\/\/now-news.de\/de\/#organization\"},\"image\":{\"@id\":\"https:\/\/now-news.de\/de\/deutschland\/kreml-die-eu-benimmt-sich-wie-eine-verbrecherbande\/#primaryimage\"},\"thumbnailUrl\":\"https:\/\/now-news.de\/de\/wp-content\/uploads\/sites\/3\/2025\/10\/Kreml-Die-EU-benimmt-sich-wie-eine-quotVerbrecherbandequot.jpg\",\"keywords\":[\"benimmt\",\"die\",\"eine\",\"Kreml\",\"quotVerbrecherbandequot\",\"sich\",\"Wie\"],\"articleSection\":[\"Deutschland\",\"Russland\"],\"inLanguage\":\"de\",\"potentialAction\":[{\"@type\":\"CommentAction\",\"name\":\"Comment\",\"target\":[\"https:\/\/now-news.de\/de\/deutschland\/kreml-die-eu-benimmt-sich-wie-eine-verbrecherbande\/#respond\"]}]},{\"@type\":\"WebPage\",\"@id\":\"https:\/\/now-news.de\/de\/deutschland\/kreml-die-eu-benimmt-sich-wie-eine-verbrecherbande\/\",\"url\":\"https:\/\/now-news.de\/de\/deutschland\/kreml-die-eu-benimmt-sich-wie-eine-verbrecherbande\/\",\"name\":\"Kreml: Die EU benimmt sich wie eine &quot;Verbrecherbande&quot; - just-now.NEWS Deutschland\",\"isPartOf\":{\"@id\":\"https:\/\/now-news.de\/de\/#website\"},\"primaryImageOfPage\":{\"@id\":\"https:\/\/now-news.de\/de\/deutschland\/kreml-die-eu-benimmt-sich-wie-eine-verbrecherbande\/#primaryimage\"},\"image\":{\"@id\":\"https:\/\/now-news.de\/de\/deutschland\/kreml-die-eu-benimmt-sich-wie-eine-verbrecherbande\/#primaryimage\"},\"thumbnailUrl\":\"https:\/\/now-news.de\/de\/wp-content\/uploads\/sites\/3\/2025\/10\/Kreml-Die-EU-benimmt-sich-wie-eine-quotVerbrecherbandequot.jpg\",\"datePublished\":\"2025-10-02T19:55:36+00:00\",\"dateModified\":\"2025-10-02T19:55:36+00:00\",\"breadcrumb\":{\"@id\":\"https:\/\/now-news.de\/de\/deutschland\/kreml-die-eu-benimmt-sich-wie-eine-verbrecherbande\/#breadcrumb\"},\"inLanguage\":\"de\",\"potentialAction\":[{\"@type\":\"ReadAction\",\"target\":[\"https:\/\/now-news.de\/de\/deutschland\/kreml-die-eu-benimmt-sich-wie-eine-verbrecherbande\/\"]}]},{\"@type\":\"ImageObject\",\"inLanguage\":\"de\",\"@id\":\"https:\/\/now-news.de\/de\/deutschland\/kreml-die-eu-benimmt-sich-wie-eine-verbrecherbande\/#primaryimage\",\"url\":\"https:\/\/now-news.de\/de\/wp-content\/uploads\/sites\/3\/2025\/10\/Kreml-Die-EU-benimmt-sich-wie-eine-quotVerbrecherbandequot.jpg\",\"contentUrl\":\"https:\/\/now-news.de\/de\/wp-content\/uploads\/sites\/3\/2025\/10\/Kreml-Die-EU-benimmt-sich-wie-eine-quotVerbrecherbandequot.jpg\",\"width\":460,\"height\":259,\"caption\":\"Kreml: Die EU benimmt sich wie eine &quot;Verbrecherbande&quot;\"},{\"@type\":\"BreadcrumbList\",\"@id\":\"https:\/\/now-news.de\/de\/deutschland\/kreml-die-eu-benimmt-sich-wie-eine-verbrecherbande\/#breadcrumb\",\"itemListElement\":[{\"@type\":\"ListItem\",\"position\":1,\"name\":\"Home\",\"item\":\"https:\/\/now-news.de\/de\/\"},{\"@type\":\"ListItem\",\"position\":2,\"name\":\"Kreml: Die EU benimmt sich wie eine &quot;Verbrecherbande&quot;\"}]},{\"@type\":\"WebSite\",\"@id\":\"https:\/\/now-news.de\/de\/#website\",\"url\":\"https:\/\/now-news.de\/de\/\",\"name\":\"just-now.NEWS Deutschland\",\"description\":\"Das Portal f\u00fcr unzensierte Nachrichten aus der Welt\",\"publisher\":{\"@id\":\"https:\/\/now-news.de\/de\/#organization\"},\"potentialAction\":[{\"@type\":\"SearchAction\",\"target\":{\"@type\":\"EntryPoint\",\"urlTemplate\":\"https:\/\/now-news.de\/de\/?s={search_term_string}\"},\"query-input\":\"required name=search_term_string\"}],\"inLanguage\":\"de\"},{\"@type\":\"Organization\",\"@id\":\"https:\/\/now-news.de\/de\/#organization\",\"name\":\"Just Now News\",\"url\":\"https:\/\/now-news.de\/de\/\",\"logo\":{\"@type\":\"ImageObject\",\"inLanguage\":\"de\",\"@id\":\"https:\/\/now-news.de\/de\/#\/schema\/logo\/image\/\",\"url\":\"http:\/\/just-now.news\/de\/wp-content\/uploads\/sites\/3\/2022\/04\/logo500x500.jpg\",\"contentUrl\":\"http:\/\/just-now.news\/de\/wp-content\/uploads\/sites\/3\/2022\/04\/logo500x500.jpg\",\"width\":500,\"height\":500,\"caption\":\"Just Now News\"},\"image\":{\"@id\":\"https:\/\/now-news.de\/de\/#\/schema\/logo\/image\/\"},\"sameAs\":[\"https:\/\/www.facebook.com\/wirmachenauf\",\"https:\/\/x.com\/WirMachenAuf_de\"]},{\"@type\":\"Person\",\"@id\":\"https:\/\/now-news.de\/de\/#\/schema\/person\/fb534a4e865501d8b3285208df34a9b5\",\"name\":\"rtnews\",\"image\":{\"@type\":\"ImageObject\",\"inLanguage\":\"de\",\"@id\":\"https:\/\/now-news.de\/de\/#\/schema\/person\/image\/\",\"url\":\"https:\/\/secure.gravatar.com\/avatar\/82aafea7d8127119dd649515f56e2117?s=96&d=mm&r=g\",\"contentUrl\":\"https:\/\/secure.gravatar.com\/avatar\/82aafea7d8127119dd649515f56e2117?s=96&d=mm&r=g\",\"caption\":\"rtnews\"},\"url\":\"https:\/\/now-news.de\/de\/author\/rnews\/\"}]}<\/script>\n<!-- \/ Yoast SEO Premium plugin. -->","yoast_head_json":{"title":"Kreml: Die EU benimmt sich wie eine &quot;Verbrecherbande&quot; - just-now.NEWS Deutschland","robots":{"index":"index","follow":"follow","max-snippet":"max-snippet:-1","max-image-preview":"max-image-preview:large","max-video-preview":"max-video-preview:-1"},"canonical":"https:\/\/now-news.de\/de\/deutschland\/kreml-die-eu-benimmt-sich-wie-eine-verbrecherbande\/","og_locale":"de_DE","og_type":"article","og_title":"Kreml: Die EU benimmt sich wie eine &quot;Verbrecherbande&quot;","og_description":"Die Europ\u00e4ische Union wird rechtliche Konsequenzen zu erwarten haben, wenn sie versucht, Moskaus eingefrorene Guthaben zu &#8220;stehlen&#8221;, sagte Kremlsprecher Dmitri Peskow. Auch der belgische Premierminister macht sich Sorgen um den Finanzplatz Br\u00fcssel. Die EU-L\u00e4nder, die \u00fcber Wege diskutieren, wie sie russische Guthaben &#8220;stehlen&#8221; k\u00f6nnten, um die Ukraine zu st\u00e4rken, benehmen sich wie eine kriminelle &#8220;Bande&#8221;, [&hellip;]","og_url":"https:\/\/now-news.de\/de\/deutschland\/kreml-die-eu-benimmt-sich-wie-eine-verbrecherbande\/","og_site_name":"just-now.NEWS Deutschland","article_publisher":"https:\/\/www.facebook.com\/wirmachenauf","article_published_time":"2025-10-02T19:55:36+00:00","og_image":[{"url":"https:\/\/now-news.de\/de\/wp-content\/uploads\/sites\/3\/2025\/10\/68dec89db480cc46ae3756b1.jpg"}],"author":"rtnews","twitter_card":"summary_large_image","twitter_creator":"@WirMachenAuf_de","twitter_site":"@WirMachenAuf_de","twitter_misc":{"Verfasst von":"rtnews","Gesch\u00e4tzte Lesezeit":"2\u00a0Minuten"},"schema":{"@context":"https:\/\/schema.org","@graph":[{"@type":"Article","@id":"https:\/\/now-news.de\/de\/deutschland\/kreml-die-eu-benimmt-sich-wie-eine-verbrecherbande\/#article","isPartOf":{"@id":"https:\/\/now-news.de\/de\/deutschland\/kreml-die-eu-benimmt-sich-wie-eine-verbrecherbande\/"},"author":{"name":"rtnews","@id":"https:\/\/now-news.de\/de\/#\/schema\/person\/fb534a4e865501d8b3285208df34a9b5"},"headline":"Kreml: Die EU benimmt sich wie eine &quot;Verbrecherbande&quot;","datePublished":"2025-10-02T19:55:36+00:00","dateModified":"2025-10-02T19:55:36+00:00","mainEntityOfPage":{"@id":"https:\/\/now-news.de\/de\/deutschland\/kreml-die-eu-benimmt-sich-wie-eine-verbrecherbande\/"},"wordCount":437,"commentCount":0,"publisher":{"@id":"https:\/\/now-news.de\/de\/#organization"},"image":{"@id":"https:\/\/now-news.de\/de\/deutschland\/kreml-die-eu-benimmt-sich-wie-eine-verbrecherbande\/#primaryimage"},"thumbnailUrl":"https:\/\/now-news.de\/de\/wp-content\/uploads\/sites\/3\/2025\/10\/Kreml-Die-EU-benimmt-sich-wie-eine-quotVerbrecherbandequot.jpg","keywords":["benimmt","die","eine","Kreml","quotVerbrecherbandequot","sich","Wie"],"articleSection":["Deutschland","Russland"],"inLanguage":"de","potentialAction":[{"@type":"CommentAction","name":"Comment","target":["https:\/\/now-news.de\/de\/deutschland\/kreml-die-eu-benimmt-sich-wie-eine-verbrecherbande\/#respond"]}]},{"@type":"WebPage","@id":"https:\/\/now-news.de\/de\/deutschland\/kreml-die-eu-benimmt-sich-wie-eine-verbrecherbande\/","url":"https:\/\/now-news.de\/de\/deutschland\/kreml-die-eu-benimmt-sich-wie-eine-verbrecherbande\/","name":"Kreml: Die EU benimmt sich wie eine &quot;Verbrecherbande&quot; - just-now.NEWS Deutschland","isPartOf":{"@id":"https:\/\/now-news.de\/de\/#website"},"primaryImageOfPage":{"@id":"https:\/\/now-news.de\/de\/deutschland\/kreml-die-eu-benimmt-sich-wie-eine-verbrecherbande\/#primaryimage"},"image":{"@id":"https:\/\/now-news.de\/de\/deutschland\/kreml-die-eu-benimmt-sich-wie-eine-verbrecherbande\/#primaryimage"},"thumbnailUrl":"https:\/\/now-news.de\/de\/wp-content\/uploads\/sites\/3\/2025\/10\/Kreml-Die-EU-benimmt-sich-wie-eine-quotVerbrecherbandequot.jpg","datePublished":"2025-10-02T19:55:36+00:00","dateModified":"2025-10-02T19:55:36+00:00","breadcrumb":{"@id":"https:\/\/now-news.de\/de\/deutschland\/kreml-die-eu-benimmt-sich-wie-eine-verbrecherbande\/#breadcrumb"},"inLanguage":"de","potentialAction":[{"@type":"ReadAction","target":["https:\/\/now-news.de\/de\/deutschland\/kreml-die-eu-benimmt-sich-wie-eine-verbrecherbande\/"]}]},{"@type":"ImageObject","inLanguage":"de","@id":"https:\/\/now-news.de\/de\/deutschland\/kreml-die-eu-benimmt-sich-wie-eine-verbrecherbande\/#primaryimage","url":"https:\/\/now-news.de\/de\/wp-content\/uploads\/sites\/3\/2025\/10\/Kreml-Die-EU-benimmt-sich-wie-eine-quotVerbrecherbandequot.jpg","contentUrl":"https:\/\/now-news.de\/de\/wp-content\/uploads\/sites\/3\/2025\/10\/Kreml-Die-EU-benimmt-sich-wie-eine-quotVerbrecherbandequot.jpg","width":460,"height":259,"caption":"Kreml: Die EU benimmt sich wie eine &quot;Verbrecherbande&quot;"},{"@type":"BreadcrumbList","@id":"https:\/\/now-news.de\/de\/deutschland\/kreml-die-eu-benimmt-sich-wie-eine-verbrecherbande\/#breadcrumb","itemListElement":[{"@type":"ListItem","position":1,"name":"Home","item":"https:\/\/now-news.de\/de\/"},{"@type":"ListItem","position":2,"name":"Kreml: Die EU benimmt sich wie eine &quot;Verbrecherbande&quot;"}]},{"@type":"WebSite","@id":"https:\/\/now-news.de\/de\/#website","url":"https:\/\/now-news.de\/de\/","name":"just-now.NEWS Deutschland","description":"Das Portal f\u00fcr unzensierte Nachrichten aus der Welt","publisher":{"@id":"https:\/\/now-news.de\/de\/#organization"},"potentialAction":[{"@type":"SearchAction","target":{"@type":"EntryPoint","urlTemplate":"https:\/\/now-news.de\/de\/?s={search_term_string}"},"query-input":"required name=search_term_string"}],"inLanguage":"de"},{"@type":"Organization","@id":"https:\/\/now-news.de\/de\/#organization","name":"Just Now News","url":"https:\/\/now-news.de\/de\/","logo":{"@type":"ImageObject","inLanguage":"de","@id":"https:\/\/now-news.de\/de\/#\/schema\/logo\/image\/","url":"http:\/\/just-now.news\/de\/wp-content\/uploads\/sites\/3\/2022\/04\/logo500x500.jpg","contentUrl":"http:\/\/just-now.news\/de\/wp-content\/uploads\/sites\/3\/2022\/04\/logo500x500.jpg","width":500,"height":500,"caption":"Just Now News"},"image":{"@id":"https:\/\/now-news.de\/de\/#\/schema\/logo\/image\/"},"sameAs":["https:\/\/www.facebook.com\/wirmachenauf","https:\/\/x.com\/WirMachenAuf_de"]},{"@type":"Person","@id":"https:\/\/now-news.de\/de\/#\/schema\/person\/fb534a4e865501d8b3285208df34a9b5","name":"rtnews","image":{"@type":"ImageObject","inLanguage":"de","@id":"https:\/\/now-news.de\/de\/#\/schema\/person\/image\/","url":"https:\/\/secure.gravatar.com\/avatar\/82aafea7d8127119dd649515f56e2117?s=96&d=mm&r=g","contentUrl":"https:\/\/secure.gravatar.com\/avatar\/82aafea7d8127119dd649515f56e2117?s=96&d=mm&r=g","caption":"rtnews"},"url":"https:\/\/now-news.de\/de\/author\/rnews\/"}]}},"_links":{"self":[{"href":"https:\/\/now-news.de\/de\/wp-json\/wp\/v2\/posts\/91569"}],"collection":[{"href":"https:\/\/now-news.de\/de\/wp-json\/wp\/v2\/posts"}],"about":[{"href":"https:\/\/now-news.de\/de\/wp-json\/wp\/v2\/types\/post"}],"author":[{"embeddable":true,"href":"https:\/\/now-news.de\/de\/wp-json\/wp\/v2\/users\/3"}],"replies":[{"embeddable":true,"href":"https:\/\/now-news.de\/de\/wp-json\/wp\/v2\/comments?post=91569"}],"version-history":[{"count":0,"href":"https:\/\/now-news.de\/de\/wp-json\/wp\/v2\/posts\/91569\/revisions"}],"wp:featuredmedia":[{"embeddable":true,"href":"https:\/\/now-news.de\/de\/wp-json\/wp\/v2\/media\/91570"}],"wp:attachment":[{"href":"https:\/\/now-news.de\/de\/wp-json\/wp\/v2\/media?parent=91569"}],"wp:term":[{"taxonomy":"category","embeddable":true,"href":"https:\/\/now-news.de\/de\/wp-json\/wp\/v2\/categories?post=91569"},{"taxonomy":"post_tag","embeddable":true,"href":"https:\/\/now-news.de\/de\/wp-json\/wp\/v2\/tags?post=91569"}],"curies":[{"name":"wp","href":"https:\/\/api.w.org\/{rel}","templated":true}]}}