{"id":9156,"date":"2022-05-29T12:55:11","date_gmt":"2022-05-29T10:55:11","guid":{"rendered":"http:\/\/just-now.news\/de\/deutschland\/peruanischer-bauer-verklagt-rwe-wegen-schwerer-klimaschaeden-in-seiner-heimat\/"},"modified":"2022-05-29T12:55:11","modified_gmt":"2022-05-29T10:55:11","slug":"peruanischer-bauer-verklagt-rwe-wegen-schwerer-klimaschaeden-in-seiner-heimat","status":"publish","type":"post","link":"https:\/\/now-news.de\/de\/deutschland\/peruanischer-bauer-verklagt-rwe-wegen-schwerer-klimaschaeden-in-seiner-heimat\/","title":{"rendered":"Peruanischer Bauer verklagt RWE wegen schwerer Klimasch\u00e4den in seiner Heimat"},"content":{"rendered":"<p><img decoding=\"async\" src=\"http:\/\/just-now.news\/de\/wp-content\/uploads\/sites\/3\/2022\/05\/62921fabb480cc3169486869.jpg\" \/><\/p>\n<div class=\"Text-root Text-type_1 \">\n                Der Kl\u00e4ger ist der Ansicht, dass der Energiekonzern RWE AG mit Sitz in Essen wegen seiner Treibhausgasemissionen f\u00fcr das Abschmelzen der Gletscher in seiner Heimat verantwortlich ist. Experten m\u00fcssen nun analysieren, ob es einen Zusammenhang zu dem CO\u2082-Aussto\u00df durch RWE gibt.\n            <\/div>\n<p><\/p>\n<div class=\"Text-root Text-type_5 ArticleView-text ViewText-root \">\n<p>Der peruanische Bauer und Bergf\u00fchrer Sa\u00fal Luciano Lliuya hat sich einen Namen gemacht, als er 2016 dem deutschen Energieriesen RWE\u00a0(bis 1990 Rheinisch-Westf\u00e4lisches Elektrizit\u00e4tswerk) vorwarf, zum Klimawandel beizutragen und seine Heimatstadt Huaraz in den Anden zu gef\u00e4hrden.<\/p>\n<p>Sechseinhalb Jahre nach Prozessbeginn ist das Verfahren in eine entscheidende Phase eingetreten. In dieser Woche reisten mehrere deutsche Richter des Oberlandesgerichts Hamm, vor dem Lliuya Berufung eingelegt hatte, sowie Rechtsberater und Sachverst\u00e4ndige nach Peru, um das Gebiet zu untersuchen. Die Reise war f\u00fcr 2020 geplant gewesen, musste jedoch wegen der COVID-19-Pandemie verschoben werden.<\/p>\n<p>Experten m\u00fcssen analysieren, ob es einen Zusammenhang mit dem CO\u2082-Aussto\u00df des Energieriesen RWE gibt und ob das Haus von Lliuya wirklich von einer m\u00f6glichen &#8220;Flutwelle&#8221; aus dem oberhalb von Huaraz gelegenen Gletschersee Palcacocha bedroht ist.<\/p>\n<p>Die Nichtregierungsorganisation Germanwatch, die Lliuyas Klage unterst\u00fctzt, warnt davor, dass die Gefahrenzone Huaraz &#8220;ein Gebiet umfasst, in dem etwa 50.000 Menschen leben&#8221;. Die Stadt hat insgesamt 118.000 Einwohner.<\/p>\n<p>Nach Sch\u00e4tzungen von Germanwatch vergr\u00f6\u00dferte der Klimawandel das Volumen des Sees seit 1970 um das 34-Fache. Zudem gehen mehrere Studien davon aus, dass es immer wahrscheinlicher wird, dass gro\u00dfe Eis- und Gesteinsbrocken in den See st\u00fcrzen und das Abschmelzen &#8220;eine Flutwelle&#8221; ausl\u00f6sen k\u00f6nnte, die die Stadt des Kl\u00e4gers tr\u00e4fe.<\/p>\n<p>Das Oberlandesgericht Hamm schrieb Justizgeschichte, als es 2017 die Klage Lliuyas zulie\u00df. Der Peruaner forderte von RWE 17.000 Euro f\u00fcr die Kosten von pr\u00e4ventiven Ma\u00dfnahmen zum Stopp der \u00dcberschwemmungen in Huaraz. Germanwatch erinnert daran, dass hier ein Pr\u00e4zedenzfall dar\u00fcber geschaffen werden k\u00f6nnte, &#8220;ob die gr\u00f6\u00dften Schadstoffverursacher der Welt den Schutz und die Entsch\u00e4digung von Risiken und Sch\u00e4den f\u00fcr die von den Folgen betroffenen Menschen anteilig finanzieren sollten&#8221;.<\/p>\n<blockquote>\n<p><em>&#8220;Ich hoffe, dass die Richter und auch die Vertreter von RWE mit ihrem Besuch das zunehmende Risiko erkannt haben, dem wir hier ausgesetzt sind&#8221;, kommentierte Lliuya in einer von der Organisation gesammelten Stellungnahme.<\/em><\/p>\n<\/blockquote>\n<p>Roda Verheyen, Lliuyas Rechtsanw\u00e4ltin, erkl\u00e4rte ihrerseits, dass &#8220;die gesammelten Beweise \u00fcberw\u00e4ltigend sind&#8221;. &#8220;Wir hoffen, dass es jetzt zu einem neuen Prozess und einer schnellen Verurteilung kommt, damit endlich die notwendigen Schutzma\u00dfnahmen eingeleitet werden k\u00f6nnen&#8221;, f\u00fcgte sie hinzu.<\/p>\n<p>Der Konzern, der mit Steinkohle und Braunkohle Strom erzeugt, ist heute eine multinationale Firma und geh\u00f6rt zu den gr\u00f6\u00dften Energieproduzenten Europas. Er ist auch auf anderen M\u00e4rkten vertreten, beispielsweise in Gro\u00dfbritannien, Belgien, \u00d6sterreich, Tschechien, Osteuropa, der T\u00fcrkei, den USA und China.<\/p>\n<p>Aktuell r\u00fcckt die Kohle als Energietr\u00e4ger wieder in den Fokus der Debatte um die Energieversorgung Deutschlands. Ausgerechnet die Gr\u00fcnen machen Vorschl\u00e4ge in diese Richtung.<\/p>\n<p><strong>Mehr zum Thema<\/strong>\u00a0<a rel=\"nofollow noopener\" target=\"_blank\" href=\"https:\/\/test.rtde.tech\/amerika\/136498-vorerst-keine-bahnverbindung-mit-machu-picchu\/\">&#8211; Streik in peruanischer Provinz wegen steigender Lebenskosten \u2013 keine Z\u00fcge nach Machu Picchu<\/a><\/p>\n<\/p>\n<\/div>\n<p><br \/>\n<br \/><a href=\"https:\/\/de.rt.com\/amerika\/139616-peruanischer-bauer-verklagt-rwe-wegen-schwerer-umweltschaeden-in-seiner-heimat\/\">Source link <\/a><\/p>\n","protected":false},"excerpt":{"rendered":"<p>Der Kl\u00e4ger ist der Ansicht, dass der Energiekonzern RWE AG mit Sitz in Essen wegen seiner Treibhausgasemissionen f\u00fcr das Abschmelzen der Gletscher in seiner Heimat verantwortlich ist. Experten m\u00fcssen nun analysieren, ob es einen Zusammenhang zu dem CO\u2082-Aussto\u00df durch RWE gibt. Der peruanische Bauer und Bergf\u00fchrer Sa\u00fal Luciano Lliuya hat sich einen Namen gemacht, als [&hellip;]<\/p>\n","protected":false},"author":3,"featured_media":9157,"comment_status":"open","ping_status":"open","sticky":false,"template":"","format":"standard","meta":{"wp_automatic_camp":["217"],"01ffa651f4c54781353bc16d04844dee":["Peruanischer Bauer verklagt RWE wegen schwerer Klimasch\u00e4den in seiner Heimat"],"original_link":["https:\/\/de.rt.com\/amerika\/139616-peruanischer-bauer-verklagt-rwe-wegen-schwerer-umweltschaeden-in-seiner-heimat\/"],"_thumbnail_id":["9157"],"jnews_social_counter_last_update":["1777209985"]},"categories":[19,23],"tags":[22274,19113,22276,3860,22275,1859,1607,13389,145],"yoast_head":"<!-- This site is optimized with the Yoast SEO Premium plugin v22.7 (Yoast SEO v22.7) - https:\/\/yoast.com\/wordpress\/plugins\/seo\/ -->\n<title>Peruanischer Bauer verklagt RWE wegen schwerer Klimasch\u00e4den in seiner Heimat - just-now.NEWS Deutschland<\/title>\n<meta name=\"robots\" content=\"index, follow, max-snippet:-1, max-image-preview:large, max-video-preview:-1\" \/>\n<link rel=\"canonical\" href=\"https:\/\/now-news.de\/de\/deutschland\/peruanischer-bauer-verklagt-rwe-wegen-schwerer-klimaschaeden-in-seiner-heimat\/\" \/>\n<meta property=\"og:locale\" content=\"de_DE\" \/>\n<meta property=\"og:type\" content=\"article\" \/>\n<meta property=\"og:title\" content=\"Peruanischer Bauer verklagt RWE wegen schwerer Klimasch\u00e4den in seiner Heimat\" \/>\n<meta property=\"og:description\" content=\"Der Kl\u00e4ger ist der Ansicht, dass der Energiekonzern RWE AG mit Sitz in Essen wegen seiner Treibhausgasemissionen f\u00fcr das Abschmelzen der Gletscher in seiner Heimat verantwortlich ist. Experten m\u00fcssen nun analysieren, ob es einen Zusammenhang zu dem CO\u2082-Aussto\u00df durch RWE gibt. Der peruanische Bauer und Bergf\u00fchrer Sa\u00fal Luciano Lliuya hat sich einen Namen gemacht, als [&hellip;]\" \/>\n<meta property=\"og:url\" content=\"https:\/\/now-news.de\/de\/deutschland\/peruanischer-bauer-verklagt-rwe-wegen-schwerer-klimaschaeden-in-seiner-heimat\/\" \/>\n<meta property=\"og:site_name\" content=\"just-now.NEWS Deutschland\" \/>\n<meta property=\"article:publisher\" content=\"https:\/\/www.facebook.com\/wirmachenauf\" \/>\n<meta property=\"article:published_time\" content=\"2022-05-29T10:55:11+00:00\" \/>\n<meta property=\"og:image\" content=\"https:\/\/now-news.de\/de\/wp-content\/uploads\/sites\/3\/2022\/05\/Peruanischer-Bauer-verklagt-RWE-wegen-schwerer-Klimaschaeden-in-seiner-Heimat.jpg\" \/>\n\t<meta property=\"og:image:width\" content=\"460\" \/>\n\t<meta property=\"og:image:height\" content=\"259\" \/>\n\t<meta property=\"og:image:type\" content=\"image\/jpeg\" \/>\n<meta name=\"author\" content=\"rtnews\" \/>\n<meta name=\"twitter:card\" content=\"summary_large_image\" \/>\n<meta name=\"twitter:creator\" content=\"@WirMachenAuf_de\" \/>\n<meta name=\"twitter:site\" content=\"@WirMachenAuf_de\" \/>\n<meta name=\"twitter:label1\" content=\"Verfasst von\" \/>\n\t<meta name=\"twitter:data1\" content=\"rtnews\" \/>\n\t<meta name=\"twitter:label2\" content=\"Gesch\u00e4tzte Lesezeit\" \/>\n\t<meta name=\"twitter:data2\" content=\"3\u00a0Minuten\" \/>\n<script type=\"application\/ld+json\" class=\"yoast-schema-graph\">{\"@context\":\"https:\/\/schema.org\",\"@graph\":[{\"@type\":\"Article\",\"@id\":\"https:\/\/now-news.de\/de\/deutschland\/peruanischer-bauer-verklagt-rwe-wegen-schwerer-klimaschaeden-in-seiner-heimat\/#article\",\"isPartOf\":{\"@id\":\"https:\/\/now-news.de\/de\/deutschland\/peruanischer-bauer-verklagt-rwe-wegen-schwerer-klimaschaeden-in-seiner-heimat\/\"},\"author\":{\"name\":\"rtnews\",\"@id\":\"https:\/\/now-news.de\/de\/#\/schema\/person\/fb534a4e865501d8b3285208df34a9b5\"},\"headline\":\"Peruanischer Bauer verklagt RWE wegen schwerer Klimasch\u00e4den in seiner Heimat\",\"datePublished\":\"2022-05-29T10:55:11+00:00\",\"dateModified\":\"2022-05-29T10:55:11+00:00\",\"mainEntityOfPage\":{\"@id\":\"https:\/\/now-news.de\/de\/deutschland\/peruanischer-bauer-verklagt-rwe-wegen-schwerer-klimaschaeden-in-seiner-heimat\/\"},\"wordCount\":517,\"commentCount\":0,\"publisher\":{\"@id\":\"https:\/\/now-news.de\/de\/#organization\"},\"image\":{\"@id\":\"https:\/\/now-news.de\/de\/deutschland\/peruanischer-bauer-verklagt-rwe-wegen-schwerer-klimaschaeden-in-seiner-heimat\/#primaryimage\"},\"thumbnailUrl\":\"https:\/\/now-news.de\/de\/wp-content\/uploads\/sites\/3\/2022\/05\/Peruanischer-Bauer-verklagt-RWE-wegen-schwerer-Klimaschaeden-in-seiner-Heimat.jpg\",\"keywords\":[\"Bauer\",\"Heimat\",\"Klimasch\u00e4den\",\"peruanischer\",\"RWE\",\"schwerer\",\"seiner\",\"verklagt\",\"wegen\"],\"articleSection\":[\"Deutschland\",\"Russland\"],\"inLanguage\":\"de\",\"potentialAction\":[{\"@type\":\"CommentAction\",\"name\":\"Comment\",\"target\":[\"https:\/\/now-news.de\/de\/deutschland\/peruanischer-bauer-verklagt-rwe-wegen-schwerer-klimaschaeden-in-seiner-heimat\/#respond\"]}]},{\"@type\":\"WebPage\",\"@id\":\"https:\/\/now-news.de\/de\/deutschland\/peruanischer-bauer-verklagt-rwe-wegen-schwerer-klimaschaeden-in-seiner-heimat\/\",\"url\":\"https:\/\/now-news.de\/de\/deutschland\/peruanischer-bauer-verklagt-rwe-wegen-schwerer-klimaschaeden-in-seiner-heimat\/\",\"name\":\"Peruanischer Bauer verklagt RWE wegen schwerer Klimasch\u00e4den in seiner Heimat - just-now.NEWS Deutschland\",\"isPartOf\":{\"@id\":\"https:\/\/now-news.de\/de\/#website\"},\"primaryImageOfPage\":{\"@id\":\"https:\/\/now-news.de\/de\/deutschland\/peruanischer-bauer-verklagt-rwe-wegen-schwerer-klimaschaeden-in-seiner-heimat\/#primaryimage\"},\"image\":{\"@id\":\"https:\/\/now-news.de\/de\/deutschland\/peruanischer-bauer-verklagt-rwe-wegen-schwerer-klimaschaeden-in-seiner-heimat\/#primaryimage\"},\"thumbnailUrl\":\"https:\/\/now-news.de\/de\/wp-content\/uploads\/sites\/3\/2022\/05\/Peruanischer-Bauer-verklagt-RWE-wegen-schwerer-Klimaschaeden-in-seiner-Heimat.jpg\",\"datePublished\":\"2022-05-29T10:55:11+00:00\",\"dateModified\":\"2022-05-29T10:55:11+00:00\",\"breadcrumb\":{\"@id\":\"https:\/\/now-news.de\/de\/deutschland\/peruanischer-bauer-verklagt-rwe-wegen-schwerer-klimaschaeden-in-seiner-heimat\/#breadcrumb\"},\"inLanguage\":\"de\",\"potentialAction\":[{\"@type\":\"ReadAction\",\"target\":[\"https:\/\/now-news.de\/de\/deutschland\/peruanischer-bauer-verklagt-rwe-wegen-schwerer-klimaschaeden-in-seiner-heimat\/\"]}]},{\"@type\":\"ImageObject\",\"inLanguage\":\"de\",\"@id\":\"https:\/\/now-news.de\/de\/deutschland\/peruanischer-bauer-verklagt-rwe-wegen-schwerer-klimaschaeden-in-seiner-heimat\/#primaryimage\",\"url\":\"https:\/\/now-news.de\/de\/wp-content\/uploads\/sites\/3\/2022\/05\/Peruanischer-Bauer-verklagt-RWE-wegen-schwerer-Klimaschaeden-in-seiner-Heimat.jpg\",\"contentUrl\":\"https:\/\/now-news.de\/de\/wp-content\/uploads\/sites\/3\/2022\/05\/Peruanischer-Bauer-verklagt-RWE-wegen-schwerer-Klimaschaeden-in-seiner-Heimat.jpg\",\"width\":460,\"height\":259,\"caption\":\"Peruanischer Bauer verklagt RWE wegen schwerer Klimasch\u00e4den in seiner Heimat\"},{\"@type\":\"BreadcrumbList\",\"@id\":\"https:\/\/now-news.de\/de\/deutschland\/peruanischer-bauer-verklagt-rwe-wegen-schwerer-klimaschaeden-in-seiner-heimat\/#breadcrumb\",\"itemListElement\":[{\"@type\":\"ListItem\",\"position\":1,\"name\":\"Home\",\"item\":\"https:\/\/now-news.de\/de\/\"},{\"@type\":\"ListItem\",\"position\":2,\"name\":\"Peruanischer Bauer verklagt RWE wegen schwerer Klimasch\u00e4den in seiner Heimat\"}]},{\"@type\":\"WebSite\",\"@id\":\"https:\/\/now-news.de\/de\/#website\",\"url\":\"https:\/\/now-news.de\/de\/\",\"name\":\"just-now.NEWS Deutschland\",\"description\":\"Das Portal f\u00fcr unzensierte Nachrichten aus der Welt\",\"publisher\":{\"@id\":\"https:\/\/now-news.de\/de\/#organization\"},\"potentialAction\":[{\"@type\":\"SearchAction\",\"target\":{\"@type\":\"EntryPoint\",\"urlTemplate\":\"https:\/\/now-news.de\/de\/?s={search_term_string}\"},\"query-input\":\"required name=search_term_string\"}],\"inLanguage\":\"de\"},{\"@type\":\"Organization\",\"@id\":\"https:\/\/now-news.de\/de\/#organization\",\"name\":\"Just Now News\",\"url\":\"https:\/\/now-news.de\/de\/\",\"logo\":{\"@type\":\"ImageObject\",\"inLanguage\":\"de\",\"@id\":\"https:\/\/now-news.de\/de\/#\/schema\/logo\/image\/\",\"url\":\"http:\/\/just-now.news\/de\/wp-content\/uploads\/sites\/3\/2022\/04\/logo500x500.jpg\",\"contentUrl\":\"http:\/\/just-now.news\/de\/wp-content\/uploads\/sites\/3\/2022\/04\/logo500x500.jpg\",\"width\":500,\"height\":500,\"caption\":\"Just Now News\"},\"image\":{\"@id\":\"https:\/\/now-news.de\/de\/#\/schema\/logo\/image\/\"},\"sameAs\":[\"https:\/\/www.facebook.com\/wirmachenauf\",\"https:\/\/x.com\/WirMachenAuf_de\"]},{\"@type\":\"Person\",\"@id\":\"https:\/\/now-news.de\/de\/#\/schema\/person\/fb534a4e865501d8b3285208df34a9b5\",\"name\":\"rtnews\",\"image\":{\"@type\":\"ImageObject\",\"inLanguage\":\"de\",\"@id\":\"https:\/\/now-news.de\/de\/#\/schema\/person\/image\/\",\"url\":\"https:\/\/secure.gravatar.com\/avatar\/82aafea7d8127119dd649515f56e2117?s=96&d=mm&r=g\",\"contentUrl\":\"https:\/\/secure.gravatar.com\/avatar\/82aafea7d8127119dd649515f56e2117?s=96&d=mm&r=g\",\"caption\":\"rtnews\"},\"url\":\"https:\/\/now-news.de\/de\/author\/rnews\/\"}]}<\/script>\n<!-- \/ Yoast SEO Premium plugin. -->","yoast_head_json":{"title":"Peruanischer Bauer verklagt RWE wegen schwerer Klimasch\u00e4den in seiner Heimat - just-now.NEWS Deutschland","robots":{"index":"index","follow":"follow","max-snippet":"max-snippet:-1","max-image-preview":"max-image-preview:large","max-video-preview":"max-video-preview:-1"},"canonical":"https:\/\/now-news.de\/de\/deutschland\/peruanischer-bauer-verklagt-rwe-wegen-schwerer-klimaschaeden-in-seiner-heimat\/","og_locale":"de_DE","og_type":"article","og_title":"Peruanischer Bauer verklagt RWE wegen schwerer Klimasch\u00e4den in seiner Heimat","og_description":"Der Kl\u00e4ger ist der Ansicht, dass der Energiekonzern RWE AG mit Sitz in Essen wegen seiner Treibhausgasemissionen f\u00fcr das Abschmelzen der Gletscher in seiner Heimat verantwortlich ist. Experten m\u00fcssen nun analysieren, ob es einen Zusammenhang zu dem CO\u2082-Aussto\u00df durch RWE gibt. Der peruanische Bauer und Bergf\u00fchrer Sa\u00fal Luciano Lliuya hat sich einen Namen gemacht, als [&hellip;]","og_url":"https:\/\/now-news.de\/de\/deutschland\/peruanischer-bauer-verklagt-rwe-wegen-schwerer-klimaschaeden-in-seiner-heimat\/","og_site_name":"just-now.NEWS Deutschland","article_publisher":"https:\/\/www.facebook.com\/wirmachenauf","article_published_time":"2022-05-29T10:55:11+00:00","og_image":[{"width":460,"height":259,"url":"https:\/\/now-news.de\/de\/wp-content\/uploads\/sites\/3\/2022\/05\/Peruanischer-Bauer-verklagt-RWE-wegen-schwerer-Klimaschaeden-in-seiner-Heimat.jpg","type":"image\/jpeg"}],"author":"rtnews","twitter_card":"summary_large_image","twitter_creator":"@WirMachenAuf_de","twitter_site":"@WirMachenAuf_de","twitter_misc":{"Verfasst von":"rtnews","Gesch\u00e4tzte Lesezeit":"3\u00a0Minuten"},"schema":{"@context":"https:\/\/schema.org","@graph":[{"@type":"Article","@id":"https:\/\/now-news.de\/de\/deutschland\/peruanischer-bauer-verklagt-rwe-wegen-schwerer-klimaschaeden-in-seiner-heimat\/#article","isPartOf":{"@id":"https:\/\/now-news.de\/de\/deutschland\/peruanischer-bauer-verklagt-rwe-wegen-schwerer-klimaschaeden-in-seiner-heimat\/"},"author":{"name":"rtnews","@id":"https:\/\/now-news.de\/de\/#\/schema\/person\/fb534a4e865501d8b3285208df34a9b5"},"headline":"Peruanischer Bauer verklagt RWE wegen schwerer Klimasch\u00e4den in seiner Heimat","datePublished":"2022-05-29T10:55:11+00:00","dateModified":"2022-05-29T10:55:11+00:00","mainEntityOfPage":{"@id":"https:\/\/now-news.de\/de\/deutschland\/peruanischer-bauer-verklagt-rwe-wegen-schwerer-klimaschaeden-in-seiner-heimat\/"},"wordCount":517,"commentCount":0,"publisher":{"@id":"https:\/\/now-news.de\/de\/#organization"},"image":{"@id":"https:\/\/now-news.de\/de\/deutschland\/peruanischer-bauer-verklagt-rwe-wegen-schwerer-klimaschaeden-in-seiner-heimat\/#primaryimage"},"thumbnailUrl":"https:\/\/now-news.de\/de\/wp-content\/uploads\/sites\/3\/2022\/05\/Peruanischer-Bauer-verklagt-RWE-wegen-schwerer-Klimaschaeden-in-seiner-Heimat.jpg","keywords":["Bauer","Heimat","Klimasch\u00e4den","peruanischer","RWE","schwerer","seiner","verklagt","wegen"],"articleSection":["Deutschland","Russland"],"inLanguage":"de","potentialAction":[{"@type":"CommentAction","name":"Comment","target":["https:\/\/now-news.de\/de\/deutschland\/peruanischer-bauer-verklagt-rwe-wegen-schwerer-klimaschaeden-in-seiner-heimat\/#respond"]}]},{"@type":"WebPage","@id":"https:\/\/now-news.de\/de\/deutschland\/peruanischer-bauer-verklagt-rwe-wegen-schwerer-klimaschaeden-in-seiner-heimat\/","url":"https:\/\/now-news.de\/de\/deutschland\/peruanischer-bauer-verklagt-rwe-wegen-schwerer-klimaschaeden-in-seiner-heimat\/","name":"Peruanischer Bauer verklagt RWE wegen schwerer Klimasch\u00e4den in seiner Heimat - just-now.NEWS Deutschland","isPartOf":{"@id":"https:\/\/now-news.de\/de\/#website"},"primaryImageOfPage":{"@id":"https:\/\/now-news.de\/de\/deutschland\/peruanischer-bauer-verklagt-rwe-wegen-schwerer-klimaschaeden-in-seiner-heimat\/#primaryimage"},"image":{"@id":"https:\/\/now-news.de\/de\/deutschland\/peruanischer-bauer-verklagt-rwe-wegen-schwerer-klimaschaeden-in-seiner-heimat\/#primaryimage"},"thumbnailUrl":"https:\/\/now-news.de\/de\/wp-content\/uploads\/sites\/3\/2022\/05\/Peruanischer-Bauer-verklagt-RWE-wegen-schwerer-Klimaschaeden-in-seiner-Heimat.jpg","datePublished":"2022-05-29T10:55:11+00:00","dateModified":"2022-05-29T10:55:11+00:00","breadcrumb":{"@id":"https:\/\/now-news.de\/de\/deutschland\/peruanischer-bauer-verklagt-rwe-wegen-schwerer-klimaschaeden-in-seiner-heimat\/#breadcrumb"},"inLanguage":"de","potentialAction":[{"@type":"ReadAction","target":["https:\/\/now-news.de\/de\/deutschland\/peruanischer-bauer-verklagt-rwe-wegen-schwerer-klimaschaeden-in-seiner-heimat\/"]}]},{"@type":"ImageObject","inLanguage":"de","@id":"https:\/\/now-news.de\/de\/deutschland\/peruanischer-bauer-verklagt-rwe-wegen-schwerer-klimaschaeden-in-seiner-heimat\/#primaryimage","url":"https:\/\/now-news.de\/de\/wp-content\/uploads\/sites\/3\/2022\/05\/Peruanischer-Bauer-verklagt-RWE-wegen-schwerer-Klimaschaeden-in-seiner-Heimat.jpg","contentUrl":"https:\/\/now-news.de\/de\/wp-content\/uploads\/sites\/3\/2022\/05\/Peruanischer-Bauer-verklagt-RWE-wegen-schwerer-Klimaschaeden-in-seiner-Heimat.jpg","width":460,"height":259,"caption":"Peruanischer Bauer verklagt RWE wegen schwerer Klimasch\u00e4den in seiner Heimat"},{"@type":"BreadcrumbList","@id":"https:\/\/now-news.de\/de\/deutschland\/peruanischer-bauer-verklagt-rwe-wegen-schwerer-klimaschaeden-in-seiner-heimat\/#breadcrumb","itemListElement":[{"@type":"ListItem","position":1,"name":"Home","item":"https:\/\/now-news.de\/de\/"},{"@type":"ListItem","position":2,"name":"Peruanischer Bauer verklagt RWE wegen schwerer Klimasch\u00e4den in seiner Heimat"}]},{"@type":"WebSite","@id":"https:\/\/now-news.de\/de\/#website","url":"https:\/\/now-news.de\/de\/","name":"just-now.NEWS Deutschland","description":"Das Portal f\u00fcr unzensierte Nachrichten aus der Welt","publisher":{"@id":"https:\/\/now-news.de\/de\/#organization"},"potentialAction":[{"@type":"SearchAction","target":{"@type":"EntryPoint","urlTemplate":"https:\/\/now-news.de\/de\/?s={search_term_string}"},"query-input":"required name=search_term_string"}],"inLanguage":"de"},{"@type":"Organization","@id":"https:\/\/now-news.de\/de\/#organization","name":"Just Now News","url":"https:\/\/now-news.de\/de\/","logo":{"@type":"ImageObject","inLanguage":"de","@id":"https:\/\/now-news.de\/de\/#\/schema\/logo\/image\/","url":"http:\/\/just-now.news\/de\/wp-content\/uploads\/sites\/3\/2022\/04\/logo500x500.jpg","contentUrl":"http:\/\/just-now.news\/de\/wp-content\/uploads\/sites\/3\/2022\/04\/logo500x500.jpg","width":500,"height":500,"caption":"Just Now News"},"image":{"@id":"https:\/\/now-news.de\/de\/#\/schema\/logo\/image\/"},"sameAs":["https:\/\/www.facebook.com\/wirmachenauf","https:\/\/x.com\/WirMachenAuf_de"]},{"@type":"Person","@id":"https:\/\/now-news.de\/de\/#\/schema\/person\/fb534a4e865501d8b3285208df34a9b5","name":"rtnews","image":{"@type":"ImageObject","inLanguage":"de","@id":"https:\/\/now-news.de\/de\/#\/schema\/person\/image\/","url":"https:\/\/secure.gravatar.com\/avatar\/82aafea7d8127119dd649515f56e2117?s=96&d=mm&r=g","contentUrl":"https:\/\/secure.gravatar.com\/avatar\/82aafea7d8127119dd649515f56e2117?s=96&d=mm&r=g","caption":"rtnews"},"url":"https:\/\/now-news.de\/de\/author\/rnews\/"}]}},"_links":{"self":[{"href":"https:\/\/now-news.de\/de\/wp-json\/wp\/v2\/posts\/9156"}],"collection":[{"href":"https:\/\/now-news.de\/de\/wp-json\/wp\/v2\/posts"}],"about":[{"href":"https:\/\/now-news.de\/de\/wp-json\/wp\/v2\/types\/post"}],"author":[{"embeddable":true,"href":"https:\/\/now-news.de\/de\/wp-json\/wp\/v2\/users\/3"}],"replies":[{"embeddable":true,"href":"https:\/\/now-news.de\/de\/wp-json\/wp\/v2\/comments?post=9156"}],"version-history":[{"count":0,"href":"https:\/\/now-news.de\/de\/wp-json\/wp\/v2\/posts\/9156\/revisions"}],"wp:featuredmedia":[{"embeddable":true,"href":"https:\/\/now-news.de\/de\/wp-json\/wp\/v2\/media\/9157"}],"wp:attachment":[{"href":"https:\/\/now-news.de\/de\/wp-json\/wp\/v2\/media?parent=9156"}],"wp:term":[{"taxonomy":"category","embeddable":true,"href":"https:\/\/now-news.de\/de\/wp-json\/wp\/v2\/categories?post=9156"},{"taxonomy":"post_tag","embeddable":true,"href":"https:\/\/now-news.de\/de\/wp-json\/wp\/v2\/tags?post=9156"}],"curies":[{"name":"wp","href":"https:\/\/api.w.org\/{rel}","templated":true}]}}