{"id":91547,"date":"2025-10-02T17:45:51","date_gmt":"2025-10-02T15:45:51","guid":{"rendered":"https:\/\/now-news.de\/de\/deutschland\/jeffrey-sachs-netanjahu-will-usa-in-einen-krieg-gegen-iran-ziehen\/"},"modified":"2025-10-02T17:45:51","modified_gmt":"2025-10-02T15:45:51","slug":"jeffrey-sachs-netanjahu-will-usa-in-einen-krieg-gegen-iran-ziehen","status":"publish","type":"post","link":"https:\/\/now-news.de\/de\/deutschland\/jeffrey-sachs-netanjahu-will-usa-in-einen-krieg-gegen-iran-ziehen\/","title":{"rendered":"Jeffrey Sachs: Netanjahu will USA in einen Krieg gegen Iran ziehen  \u00a0"},"content":{"rendered":"<p><img decoding=\"async\" src=\"https:\/\/now-news.de\/de\/wp-content\/uploads\/sites\/3\/2025\/10\/68de3cb6b480cc1aaa452088.jpg\" \/><\/p>\n<div class=\"Text-root Text-type_1 \">\n                Seit fast 30 Jahren versucht der israelische Premier Benjamin Netanjahu, die USA in eine Auseinandersetzung mit Iran zu verwickeln, meint der renommierte US-\u00d6konom Jeffrey Sachs in einem Interview. Der Ausbruch eines Krieges sei sehr wahrscheinlich.\n            <\/div>\n<p><\/p>\n<div class=\"Text-root Text-type_5 ArticleView-text ViewText-root \">\n<p>Professor Jeffrey Sachs, einer der bekanntesten US-amerikanischen \u00d6konomen, hat dem US-Journalisten Tucker Carlson ein Interview gegeben. Der israelische Premierminister Benjamin Netanjahu versucht, die USA in einen Krieg mit Iran zu verwickeln, sagte der Direktor des Zentrums f\u00fcr nachhaltige Entwicklung an der Columbia University in New York.<\/p>\n<p>In dem Zusammenhang meinte Sachs, dass er einen bewaffneten Konflikt zwischen beiden L\u00e4ndern f\u00fcr sehr wahrscheinlich halte. Netanjahu sei absolut entschlossen, f\u00fcgte er hinzu. &#8220;Dies ist seit fast 30 Jahren seine Absicht.&#8221;<\/p>\n<p>Und weiter:<\/p>\n<blockquote>\n<p><em>&#8220;Es ist Teil von Netanjahus Politik, die Vereinigten Staaten von Amerika in st\u00e4ndige Kriege zu ziehen.&#8221;<\/em><\/p>\n<\/blockquote>\n<p>Ferner betonte der US-\u00d6konom, dass er die Situation f\u00fcr &#8220;extrem gef\u00e4hrlich&#8221; halte.<\/p>\n<p>In der Nacht zum 13. Juni startete Israel eine Operation gegen Iran\u00a0unter dem Vorwurf, das Land entwickele ein geheimes milit\u00e4risches Atomprogramm. Atomanlagen, Milit\u00e4rkommandeure, prominente Atomphysiker und Luftwaffenst\u00fctzpunkte auf iranischem Staatsgebiet wurden Ziele der israelischen Luftangriffe. Zw\u00f6lf Tage lang lieferten sich beide Parteien gegenseitige Angriffe. Die USA schlossen sich aufseiten Israels dem Einsatz an und starteten in der Nacht zum 22. Juni einen Luftangriff auf iranische Atomanlagen.<\/p>\n<p>In einem Mitte Juni gef\u00fchrten Interview hatte Sachs erkl\u00e4rt, er sei \u00fcberzeugt, dass das wahre Ziel der milit\u00e4rischen Aktionen gegen Iran nicht die Zerst\u00f6rung seiner Nuklearkapazit\u00e4ten gewesen sei, da dies ohne den Einsatz von Atomwaffen kaum m\u00f6glich w\u00e4re. Vielmehr sei ein geplanter Regimewechsel das Ziel.<\/p>\n<p>Dabei verwies er auf das im Jahr 1996 ver\u00f6ffentlichte Strategiepapier &#8220;Ein klarer Kurswechsel: Eine\u00a0neue Strategie zur Sicherung\u00a0des Machtbereichs&#8221;, das f\u00fcr Netanjahu, den damaligen Premierminister Israels, erstellt und von den USA unterst\u00fctzt wurde. Darin sei eine Liste von sieben L\u00e4ndern enthalten, die als Ziele f\u00fcr Destabilisierung oder milit\u00e4rische Intervention genannt werden. Es handele sich um den Irak, Syrien, den Libanon, den Sudan, Somalia, Libyen und Iran.<\/p>\n<p>Diese Strategie sei in den letzten Jahrzehnten konsequent umgesetzt worden, betonte der US-\u00d6konom. Iran sei das letzte Land auf der Liste, das noch nicht direkt angegriffen worden war. Mit Angriffen auf Iran sei die Liste komplett.<\/p>\n<p><strong>Mehr zum Thema<\/strong>\u00a0\u2012 <a rel=\"nofollow noopener\" target=\"_blank\" href=\"https:\/\/freedert.online\/kurzclips\/video\/248032-konflikt-mit-iran-ist-umsetzung\/\">&#8220;Konflikt mit Iran ist Umsetzung eines jahrzehntealten Plans&#8221; \u2013 Sachs \u00fcber US-Politik im Nahost<\/a><\/p>\n<div class=\"EmbedBlock-root EmbedBlock-externalVideo EmbedBlock-rumble\">\n<div class=\"VkEmbed\"><iframe class=\"lazyload\" data-src=\"https:\/\/rumble.com\/embed\/v6xjmfw\" frameborder=\"0\" width=\"853\" height=\"480\" allowfullscreen><\/iframe><\/div>\n<\/div>\n<\/div>\n<p><br \/>\n<br \/><a href=\"https:\/\/de.rt.com\/international\/257710-jeffrey-sachs-netanjahu-will-usa\/\">Source link <\/a><\/p>\n","protected":false},"excerpt":{"rendered":"<p>Seit fast 30 Jahren versucht der israelische Premier Benjamin Netanjahu, die USA in eine Auseinandersetzung mit Iran zu verwickeln, meint der renommierte US-\u00d6konom Jeffrey Sachs in einem Interview. Der Ausbruch eines Krieges sei sehr wahrscheinlich. Professor Jeffrey Sachs, einer der bekanntesten US-amerikanischen \u00d6konomen, hat dem US-Journalisten Tucker Carlson ein Interview gegeben. Der israelische Premierminister Benjamin [&hellip;]<\/p>\n","protected":false},"author":3,"featured_media":91548,"comment_status":"open","ping_status":"open","sticky":false,"template":"","format":"standard","meta":{"_yoast_indexnow_last_ping":["1759420057"],"wp_automatic_camp":["217"],"b32fb3921c31036261725d66cc5a5a09":["Jeffrey Sachs: Netanjahu will USA in einen Krieg gegen Iran ziehen  \u00a0"],"original_link":["https:\/\/de.rt.com\/international\/257710-jeffrey-sachs-netanjahu-will-usa\/"],"_thumbnail_id":["91548"],"jnews_social_counter_last_update":["1777276518"],"_wptgpro_p2tg_sent2tg":["a:1:{i:23737;s:19:\"2025-10-02 17:48:37\";}"]},"categories":[19,23],"tags":[768,278,1786,25518,130,21113,33790,193,4327],"yoast_head":"<!-- This site is optimized with the Yoast SEO Premium plugin v22.7 (Yoast SEO v22.7) - https:\/\/yoast.com\/wordpress\/plugins\/seo\/ -->\n<title>Jeffrey Sachs: Netanjahu will USA in einen Krieg gegen Iran ziehen \u00a0 - just-now.NEWS Deutschland<\/title>\n<meta name=\"robots\" content=\"index, follow, max-snippet:-1, max-image-preview:large, max-video-preview:-1\" \/>\n<link rel=\"canonical\" href=\"https:\/\/now-news.de\/de\/deutschland\/jeffrey-sachs-netanjahu-will-usa-in-einen-krieg-gegen-iran-ziehen\/\" \/>\n<meta property=\"og:locale\" content=\"de_DE\" \/>\n<meta property=\"og:type\" content=\"article\" \/>\n<meta property=\"og:title\" content=\"Jeffrey Sachs: Netanjahu will USA in einen Krieg gegen Iran ziehen \u00a0\" \/>\n<meta property=\"og:description\" content=\"Seit fast 30 Jahren versucht der israelische Premier Benjamin Netanjahu, die USA in eine Auseinandersetzung mit Iran zu verwickeln, meint der renommierte US-\u00d6konom Jeffrey Sachs in einem Interview. Der Ausbruch eines Krieges sei sehr wahrscheinlich. Professor Jeffrey Sachs, einer der bekanntesten US-amerikanischen \u00d6konomen, hat dem US-Journalisten Tucker Carlson ein Interview gegeben. Der israelische Premierminister Benjamin [&hellip;]\" \/>\n<meta property=\"og:url\" content=\"https:\/\/now-news.de\/de\/deutschland\/jeffrey-sachs-netanjahu-will-usa-in-einen-krieg-gegen-iran-ziehen\/\" \/>\n<meta property=\"og:site_name\" content=\"just-now.NEWS Deutschland\" \/>\n<meta property=\"article:publisher\" content=\"https:\/\/www.facebook.com\/wirmachenauf\" \/>\n<meta property=\"article:published_time\" content=\"2025-10-02T15:45:51+00:00\" \/>\n<meta property=\"og:image\" content=\"https:\/\/now-news.de\/de\/wp-content\/uploads\/sites\/3\/2025\/10\/68de3cb6b480cc1aaa452088.jpg\" \/>\n<meta name=\"author\" content=\"rtnews\" \/>\n<meta name=\"twitter:card\" content=\"summary_large_image\" \/>\n<meta name=\"twitter:creator\" content=\"@WirMachenAuf_de\" \/>\n<meta name=\"twitter:site\" content=\"@WirMachenAuf_de\" \/>\n<meta name=\"twitter:label1\" content=\"Verfasst von\" \/>\n\t<meta name=\"twitter:data1\" content=\"rtnews\" \/>\n\t<meta name=\"twitter:label2\" content=\"Gesch\u00e4tzte Lesezeit\" \/>\n\t<meta name=\"twitter:data2\" content=\"2\u00a0Minuten\" \/>\n<script type=\"application\/ld+json\" class=\"yoast-schema-graph\">{\"@context\":\"https:\/\/schema.org\",\"@graph\":[{\"@type\":\"Article\",\"@id\":\"https:\/\/now-news.de\/de\/deutschland\/jeffrey-sachs-netanjahu-will-usa-in-einen-krieg-gegen-iran-ziehen\/#article\",\"isPartOf\":{\"@id\":\"https:\/\/now-news.de\/de\/deutschland\/jeffrey-sachs-netanjahu-will-usa-in-einen-krieg-gegen-iran-ziehen\/\"},\"author\":{\"name\":\"rtnews\",\"@id\":\"https:\/\/now-news.de\/de\/#\/schema\/person\/fb534a4e865501d8b3285208df34a9b5\"},\"headline\":\"Jeffrey Sachs: Netanjahu will USA in einen Krieg gegen Iran ziehen \u00a0\",\"datePublished\":\"2025-10-02T15:45:51+00:00\",\"dateModified\":\"2025-10-02T15:45:51+00:00\",\"mainEntityOfPage\":{\"@id\":\"https:\/\/now-news.de\/de\/deutschland\/jeffrey-sachs-netanjahu-will-usa-in-einen-krieg-gegen-iran-ziehen\/\"},\"wordCount\":410,\"commentCount\":0,\"publisher\":{\"@id\":\"https:\/\/now-news.de\/de\/#organization\"},\"image\":{\"@id\":\"https:\/\/now-news.de\/de\/deutschland\/jeffrey-sachs-netanjahu-will-usa-in-einen-krieg-gegen-iran-ziehen\/#primaryimage\"},\"thumbnailUrl\":\"https:\/\/now-news.de\/de\/wp-content\/uploads\/sites\/3\/2025\/10\/Jeffrey-Sachs-Netanjahu-will-USA-in-einen-Krieg-gegen-Iran.jpg\",\"keywords\":[\"einen\",\"gegen\",\"Iran\",\"Jeffrey\",\"krieg\",\"Netanjahu\",\"Sachs\",\"USA\",\"ziehen\"],\"articleSection\":[\"Deutschland\",\"Russland\"],\"inLanguage\":\"de\",\"potentialAction\":[{\"@type\":\"CommentAction\",\"name\":\"Comment\",\"target\":[\"https:\/\/now-news.de\/de\/deutschland\/jeffrey-sachs-netanjahu-will-usa-in-einen-krieg-gegen-iran-ziehen\/#respond\"]}]},{\"@type\":\"WebPage\",\"@id\":\"https:\/\/now-news.de\/de\/deutschland\/jeffrey-sachs-netanjahu-will-usa-in-einen-krieg-gegen-iran-ziehen\/\",\"url\":\"https:\/\/now-news.de\/de\/deutschland\/jeffrey-sachs-netanjahu-will-usa-in-einen-krieg-gegen-iran-ziehen\/\",\"name\":\"Jeffrey Sachs: Netanjahu will USA in einen Krieg gegen Iran ziehen \u00a0 - just-now.NEWS Deutschland\",\"isPartOf\":{\"@id\":\"https:\/\/now-news.de\/de\/#website\"},\"primaryImageOfPage\":{\"@id\":\"https:\/\/now-news.de\/de\/deutschland\/jeffrey-sachs-netanjahu-will-usa-in-einen-krieg-gegen-iran-ziehen\/#primaryimage\"},\"image\":{\"@id\":\"https:\/\/now-news.de\/de\/deutschland\/jeffrey-sachs-netanjahu-will-usa-in-einen-krieg-gegen-iran-ziehen\/#primaryimage\"},\"thumbnailUrl\":\"https:\/\/now-news.de\/de\/wp-content\/uploads\/sites\/3\/2025\/10\/Jeffrey-Sachs-Netanjahu-will-USA-in-einen-Krieg-gegen-Iran.jpg\",\"datePublished\":\"2025-10-02T15:45:51+00:00\",\"dateModified\":\"2025-10-02T15:45:51+00:00\",\"breadcrumb\":{\"@id\":\"https:\/\/now-news.de\/de\/deutschland\/jeffrey-sachs-netanjahu-will-usa-in-einen-krieg-gegen-iran-ziehen\/#breadcrumb\"},\"inLanguage\":\"de\",\"potentialAction\":[{\"@type\":\"ReadAction\",\"target\":[\"https:\/\/now-news.de\/de\/deutschland\/jeffrey-sachs-netanjahu-will-usa-in-einen-krieg-gegen-iran-ziehen\/\"]}]},{\"@type\":\"ImageObject\",\"inLanguage\":\"de\",\"@id\":\"https:\/\/now-news.de\/de\/deutschland\/jeffrey-sachs-netanjahu-will-usa-in-einen-krieg-gegen-iran-ziehen\/#primaryimage\",\"url\":\"https:\/\/now-news.de\/de\/wp-content\/uploads\/sites\/3\/2025\/10\/Jeffrey-Sachs-Netanjahu-will-USA-in-einen-Krieg-gegen-Iran.jpg\",\"contentUrl\":\"https:\/\/now-news.de\/de\/wp-content\/uploads\/sites\/3\/2025\/10\/Jeffrey-Sachs-Netanjahu-will-USA-in-einen-Krieg-gegen-Iran.jpg\",\"width\":460,\"height\":259,\"caption\":\"Jeffrey Sachs: Netanjahu will USA in einen Krieg gegen Iran ziehen \u00a0\"},{\"@type\":\"BreadcrumbList\",\"@id\":\"https:\/\/now-news.de\/de\/deutschland\/jeffrey-sachs-netanjahu-will-usa-in-einen-krieg-gegen-iran-ziehen\/#breadcrumb\",\"itemListElement\":[{\"@type\":\"ListItem\",\"position\":1,\"name\":\"Home\",\"item\":\"https:\/\/now-news.de\/de\/\"},{\"@type\":\"ListItem\",\"position\":2,\"name\":\"Jeffrey Sachs: Netanjahu will USA in einen Krieg gegen Iran ziehen \u00a0\"}]},{\"@type\":\"WebSite\",\"@id\":\"https:\/\/now-news.de\/de\/#website\",\"url\":\"https:\/\/now-news.de\/de\/\",\"name\":\"just-now.NEWS Deutschland\",\"description\":\"Das Portal f\u00fcr unzensierte Nachrichten aus der Welt\",\"publisher\":{\"@id\":\"https:\/\/now-news.de\/de\/#organization\"},\"potentialAction\":[{\"@type\":\"SearchAction\",\"target\":{\"@type\":\"EntryPoint\",\"urlTemplate\":\"https:\/\/now-news.de\/de\/?s={search_term_string}\"},\"query-input\":\"required name=search_term_string\"}],\"inLanguage\":\"de\"},{\"@type\":\"Organization\",\"@id\":\"https:\/\/now-news.de\/de\/#organization\",\"name\":\"Just Now News\",\"url\":\"https:\/\/now-news.de\/de\/\",\"logo\":{\"@type\":\"ImageObject\",\"inLanguage\":\"de\",\"@id\":\"https:\/\/now-news.de\/de\/#\/schema\/logo\/image\/\",\"url\":\"http:\/\/just-now.news\/de\/wp-content\/uploads\/sites\/3\/2022\/04\/logo500x500.jpg\",\"contentUrl\":\"http:\/\/just-now.news\/de\/wp-content\/uploads\/sites\/3\/2022\/04\/logo500x500.jpg\",\"width\":500,\"height\":500,\"caption\":\"Just Now News\"},\"image\":{\"@id\":\"https:\/\/now-news.de\/de\/#\/schema\/logo\/image\/\"},\"sameAs\":[\"https:\/\/www.facebook.com\/wirmachenauf\",\"https:\/\/x.com\/WirMachenAuf_de\"]},{\"@type\":\"Person\",\"@id\":\"https:\/\/now-news.de\/de\/#\/schema\/person\/fb534a4e865501d8b3285208df34a9b5\",\"name\":\"rtnews\",\"image\":{\"@type\":\"ImageObject\",\"inLanguage\":\"de\",\"@id\":\"https:\/\/now-news.de\/de\/#\/schema\/person\/image\/\",\"url\":\"https:\/\/secure.gravatar.com\/avatar\/82aafea7d8127119dd649515f56e2117?s=96&d=mm&r=g\",\"contentUrl\":\"https:\/\/secure.gravatar.com\/avatar\/82aafea7d8127119dd649515f56e2117?s=96&d=mm&r=g\",\"caption\":\"rtnews\"},\"url\":\"https:\/\/now-news.de\/de\/author\/rnews\/\"}]}<\/script>\n<!-- \/ Yoast SEO Premium plugin. -->","yoast_head_json":{"title":"Jeffrey Sachs: Netanjahu will USA in einen Krieg gegen Iran ziehen \u00a0 - just-now.NEWS Deutschland","robots":{"index":"index","follow":"follow","max-snippet":"max-snippet:-1","max-image-preview":"max-image-preview:large","max-video-preview":"max-video-preview:-1"},"canonical":"https:\/\/now-news.de\/de\/deutschland\/jeffrey-sachs-netanjahu-will-usa-in-einen-krieg-gegen-iran-ziehen\/","og_locale":"de_DE","og_type":"article","og_title":"Jeffrey Sachs: Netanjahu will USA in einen Krieg gegen Iran ziehen \u00a0","og_description":"Seit fast 30 Jahren versucht der israelische Premier Benjamin Netanjahu, die USA in eine Auseinandersetzung mit Iran zu verwickeln, meint der renommierte US-\u00d6konom Jeffrey Sachs in einem Interview. Der Ausbruch eines Krieges sei sehr wahrscheinlich. Professor Jeffrey Sachs, einer der bekanntesten US-amerikanischen \u00d6konomen, hat dem US-Journalisten Tucker Carlson ein Interview gegeben. Der israelische Premierminister Benjamin [&hellip;]","og_url":"https:\/\/now-news.de\/de\/deutschland\/jeffrey-sachs-netanjahu-will-usa-in-einen-krieg-gegen-iran-ziehen\/","og_site_name":"just-now.NEWS Deutschland","article_publisher":"https:\/\/www.facebook.com\/wirmachenauf","article_published_time":"2025-10-02T15:45:51+00:00","og_image":[{"url":"https:\/\/now-news.de\/de\/wp-content\/uploads\/sites\/3\/2025\/10\/68de3cb6b480cc1aaa452088.jpg"}],"author":"rtnews","twitter_card":"summary_large_image","twitter_creator":"@WirMachenAuf_de","twitter_site":"@WirMachenAuf_de","twitter_misc":{"Verfasst von":"rtnews","Gesch\u00e4tzte Lesezeit":"2\u00a0Minuten"},"schema":{"@context":"https:\/\/schema.org","@graph":[{"@type":"Article","@id":"https:\/\/now-news.de\/de\/deutschland\/jeffrey-sachs-netanjahu-will-usa-in-einen-krieg-gegen-iran-ziehen\/#article","isPartOf":{"@id":"https:\/\/now-news.de\/de\/deutschland\/jeffrey-sachs-netanjahu-will-usa-in-einen-krieg-gegen-iran-ziehen\/"},"author":{"name":"rtnews","@id":"https:\/\/now-news.de\/de\/#\/schema\/person\/fb534a4e865501d8b3285208df34a9b5"},"headline":"Jeffrey Sachs: Netanjahu will USA in einen Krieg gegen Iran ziehen \u00a0","datePublished":"2025-10-02T15:45:51+00:00","dateModified":"2025-10-02T15:45:51+00:00","mainEntityOfPage":{"@id":"https:\/\/now-news.de\/de\/deutschland\/jeffrey-sachs-netanjahu-will-usa-in-einen-krieg-gegen-iran-ziehen\/"},"wordCount":410,"commentCount":0,"publisher":{"@id":"https:\/\/now-news.de\/de\/#organization"},"image":{"@id":"https:\/\/now-news.de\/de\/deutschland\/jeffrey-sachs-netanjahu-will-usa-in-einen-krieg-gegen-iran-ziehen\/#primaryimage"},"thumbnailUrl":"https:\/\/now-news.de\/de\/wp-content\/uploads\/sites\/3\/2025\/10\/Jeffrey-Sachs-Netanjahu-will-USA-in-einen-Krieg-gegen-Iran.jpg","keywords":["einen","gegen","Iran","Jeffrey","krieg","Netanjahu","Sachs","USA","ziehen"],"articleSection":["Deutschland","Russland"],"inLanguage":"de","potentialAction":[{"@type":"CommentAction","name":"Comment","target":["https:\/\/now-news.de\/de\/deutschland\/jeffrey-sachs-netanjahu-will-usa-in-einen-krieg-gegen-iran-ziehen\/#respond"]}]},{"@type":"WebPage","@id":"https:\/\/now-news.de\/de\/deutschland\/jeffrey-sachs-netanjahu-will-usa-in-einen-krieg-gegen-iran-ziehen\/","url":"https:\/\/now-news.de\/de\/deutschland\/jeffrey-sachs-netanjahu-will-usa-in-einen-krieg-gegen-iran-ziehen\/","name":"Jeffrey Sachs: Netanjahu will USA in einen Krieg gegen Iran ziehen \u00a0 - just-now.NEWS Deutschland","isPartOf":{"@id":"https:\/\/now-news.de\/de\/#website"},"primaryImageOfPage":{"@id":"https:\/\/now-news.de\/de\/deutschland\/jeffrey-sachs-netanjahu-will-usa-in-einen-krieg-gegen-iran-ziehen\/#primaryimage"},"image":{"@id":"https:\/\/now-news.de\/de\/deutschland\/jeffrey-sachs-netanjahu-will-usa-in-einen-krieg-gegen-iran-ziehen\/#primaryimage"},"thumbnailUrl":"https:\/\/now-news.de\/de\/wp-content\/uploads\/sites\/3\/2025\/10\/Jeffrey-Sachs-Netanjahu-will-USA-in-einen-Krieg-gegen-Iran.jpg","datePublished":"2025-10-02T15:45:51+00:00","dateModified":"2025-10-02T15:45:51+00:00","breadcrumb":{"@id":"https:\/\/now-news.de\/de\/deutschland\/jeffrey-sachs-netanjahu-will-usa-in-einen-krieg-gegen-iran-ziehen\/#breadcrumb"},"inLanguage":"de","potentialAction":[{"@type":"ReadAction","target":["https:\/\/now-news.de\/de\/deutschland\/jeffrey-sachs-netanjahu-will-usa-in-einen-krieg-gegen-iran-ziehen\/"]}]},{"@type":"ImageObject","inLanguage":"de","@id":"https:\/\/now-news.de\/de\/deutschland\/jeffrey-sachs-netanjahu-will-usa-in-einen-krieg-gegen-iran-ziehen\/#primaryimage","url":"https:\/\/now-news.de\/de\/wp-content\/uploads\/sites\/3\/2025\/10\/Jeffrey-Sachs-Netanjahu-will-USA-in-einen-Krieg-gegen-Iran.jpg","contentUrl":"https:\/\/now-news.de\/de\/wp-content\/uploads\/sites\/3\/2025\/10\/Jeffrey-Sachs-Netanjahu-will-USA-in-einen-Krieg-gegen-Iran.jpg","width":460,"height":259,"caption":"Jeffrey Sachs: Netanjahu will USA in einen Krieg gegen Iran ziehen \u00a0"},{"@type":"BreadcrumbList","@id":"https:\/\/now-news.de\/de\/deutschland\/jeffrey-sachs-netanjahu-will-usa-in-einen-krieg-gegen-iran-ziehen\/#breadcrumb","itemListElement":[{"@type":"ListItem","position":1,"name":"Home","item":"https:\/\/now-news.de\/de\/"},{"@type":"ListItem","position":2,"name":"Jeffrey Sachs: Netanjahu will USA in einen Krieg gegen Iran ziehen \u00a0"}]},{"@type":"WebSite","@id":"https:\/\/now-news.de\/de\/#website","url":"https:\/\/now-news.de\/de\/","name":"just-now.NEWS Deutschland","description":"Das Portal f\u00fcr unzensierte Nachrichten aus der Welt","publisher":{"@id":"https:\/\/now-news.de\/de\/#organization"},"potentialAction":[{"@type":"SearchAction","target":{"@type":"EntryPoint","urlTemplate":"https:\/\/now-news.de\/de\/?s={search_term_string}"},"query-input":"required name=search_term_string"}],"inLanguage":"de"},{"@type":"Organization","@id":"https:\/\/now-news.de\/de\/#organization","name":"Just Now News","url":"https:\/\/now-news.de\/de\/","logo":{"@type":"ImageObject","inLanguage":"de","@id":"https:\/\/now-news.de\/de\/#\/schema\/logo\/image\/","url":"http:\/\/just-now.news\/de\/wp-content\/uploads\/sites\/3\/2022\/04\/logo500x500.jpg","contentUrl":"http:\/\/just-now.news\/de\/wp-content\/uploads\/sites\/3\/2022\/04\/logo500x500.jpg","width":500,"height":500,"caption":"Just Now News"},"image":{"@id":"https:\/\/now-news.de\/de\/#\/schema\/logo\/image\/"},"sameAs":["https:\/\/www.facebook.com\/wirmachenauf","https:\/\/x.com\/WirMachenAuf_de"]},{"@type":"Person","@id":"https:\/\/now-news.de\/de\/#\/schema\/person\/fb534a4e865501d8b3285208df34a9b5","name":"rtnews","image":{"@type":"ImageObject","inLanguage":"de","@id":"https:\/\/now-news.de\/de\/#\/schema\/person\/image\/","url":"https:\/\/secure.gravatar.com\/avatar\/82aafea7d8127119dd649515f56e2117?s=96&d=mm&r=g","contentUrl":"https:\/\/secure.gravatar.com\/avatar\/82aafea7d8127119dd649515f56e2117?s=96&d=mm&r=g","caption":"rtnews"},"url":"https:\/\/now-news.de\/de\/author\/rnews\/"}]}},"_links":{"self":[{"href":"https:\/\/now-news.de\/de\/wp-json\/wp\/v2\/posts\/91547"}],"collection":[{"href":"https:\/\/now-news.de\/de\/wp-json\/wp\/v2\/posts"}],"about":[{"href":"https:\/\/now-news.de\/de\/wp-json\/wp\/v2\/types\/post"}],"author":[{"embeddable":true,"href":"https:\/\/now-news.de\/de\/wp-json\/wp\/v2\/users\/3"}],"replies":[{"embeddable":true,"href":"https:\/\/now-news.de\/de\/wp-json\/wp\/v2\/comments?post=91547"}],"version-history":[{"count":0,"href":"https:\/\/now-news.de\/de\/wp-json\/wp\/v2\/posts\/91547\/revisions"}],"wp:featuredmedia":[{"embeddable":true,"href":"https:\/\/now-news.de\/de\/wp-json\/wp\/v2\/media\/91548"}],"wp:attachment":[{"href":"https:\/\/now-news.de\/de\/wp-json\/wp\/v2\/media?parent=91547"}],"wp:term":[{"taxonomy":"category","embeddable":true,"href":"https:\/\/now-news.de\/de\/wp-json\/wp\/v2\/categories?post=91547"},{"taxonomy":"post_tag","embeddable":true,"href":"https:\/\/now-news.de\/de\/wp-json\/wp\/v2\/tags?post=91547"}],"curies":[{"name":"wp","href":"https:\/\/api.w.org\/{rel}","templated":true}]}}