{"id":91493,"date":"2025-10-01T18:27:37","date_gmt":"2025-10-01T16:27:37","guid":{"rendered":"https:\/\/now-news.de\/de\/deutschland\/ukrainische-soeldner-im-sudan-getoetet\/"},"modified":"2025-10-01T18:27:37","modified_gmt":"2025-10-01T16:27:37","slug":"ukrainische-soeldner-im-sudan-getoetet","status":"publish","type":"post","link":"https:\/\/now-news.de\/de\/deutschland\/ukrainische-soeldner-im-sudan-getoetet\/","title":{"rendered":"Ukrainische S\u00f6ldner im Sudan get\u00f6tet"},"content":{"rendered":"<p><img decoding=\"async\" src=\"https:\/\/now-news.de\/de\/wp-content\/uploads\/sites\/3\/2025\/10\/68dd442fb480cc70594245b2.jpg\" \/><\/p>\n<div class=\"Text-root Text-type_1 \">\n                Sudans Armee gibt bekannt, bei einem Kampf in der Stadt Al-Faschir S\u00f6ldner aus der Ukraine get\u00f6tet zu haben. Das ostafrikanische Land, in dem seit 2023 ein B\u00fcrgerkrieg tobt, wirft Kiew seit L\u00e4ngerem Unterst\u00fctzung der regierungsfeindlichen Miliz RSF vor.\n            <\/div>\n<p><\/p>\n<div class=\"Text-root Text-type_5 ArticleView-text ViewText-root \">\n<p>Im westsudanesischen Bundesstaat Darfur hat die Armee des Landes nach eigenen Angaben ukrainische S\u00f6ldner get\u00f6tet, die aufseiten der Rebellenmiliz Rapid Support Forces (RSF) gek\u00e4mpft hatten. Die Nachrichtenagentur <em>RIA Nowosti<\/em> zitierte dazu am 1. Oktober einen Sprecher der 6. Infanteriedivision der Sudanesischen Streitkr\u00e4fte:<\/p>\n<p><em>&#8220;Unseren Truppen gelang es, am Al-Karama-Platz in der Stadt Al-Faschir einen gut geplanten Hinterhalt zu organisieren und dem Gegner schwere Verluste beizubringen.&#8221;<\/em><\/p>\n<p>Nach Angaben der Quelle wurde beim Hinterhalt ein Trupp der RSF aufgerieben, dem zahlreiche S\u00f6ldner aus Kolumbien und der Ukraine angeh\u00f6rten. Die Rebellen sollen versucht haben, zu den St\u00fctzpunkten der Sudanesischen Streitkr\u00e4fte in mehrst\u00f6ckigen Geb\u00e4uden in der Stadt vorzudringen. Zu den gefallenen S\u00f6ldnern f\u00fchrte die Quelle weiter aus:<\/p>\n<p><em>&#8220;Einige von ihnen waren Ingenieure, die sich auf Drohnen spezialisieren, es gab aber auch Scharfsch\u00fctzen.&#8221;<\/em><\/p>\n<p>Anschlie\u00dfend sollen die RSF einen Artillerieangriff unternommen haben, um die Leichen der S\u00f6ldner zu bergen, was allerdings nicht gelungen sei, so der Sprecher weiter.<\/p>\n<p>Seit dem 15. April 2023 herrscht im Sudan ein B\u00fcrgerkrieg zwischen den regierungstreuen Sudanesischen Streitkr\u00e4ften und den RSF, in dessen Verlauf die Stadt Al-Faschir seit Mai 2024 von den RSF belagert wird. Das Weltern\u00e4hrungsprogramm der Vereinten Nationen warnte im laufenden Jahr vor einer Hungerkatastrophe in der Stadt, in der sch\u00e4tzungsweise 260.000 Menschen verbleiben.<\/p>\n<p>Muhammad Al-Sirr, ein Mitarbeiter des sudanesischen Au\u00dfenministeriums, hatte in einem Interview gegen\u00fcber <em>RT<\/em> im Juni 2025 berichtet, dass die Ukraine zahlreiche Terrormilizen in Afrika unterst\u00fctze und unter anderem in den Konflikt im Sudan &#8220;tief verwickelt&#8221; sei. Insbesondere erhalten die RSF von Kiew Drohnen, darunter ukrainisch produzierte WG-26 Bobr, und werden bei deren Einsatz gegen die Infrastruktur im Sudan unterst\u00fctzt.<\/p>\n<p><strong>Mehr zum Thema <\/strong>\u2013 <a rel=\"nofollow noopener\" target=\"_blank\" href=\"https:\/\/freedert.online\/afrika\/250454-pr-im-stil-is-was\/\">&#8220;PR im Stile des IS&#8221;: Was Kiew mit Terrormilizen in Afrika verbindet<\/a><\/p>\n<div class=\"EmbedBlock-root EmbedBlock-externalVideo EmbedBlock-rumble\">\n<div class=\"VkEmbed\"><iframe class=\"lazyload\" data-src=\"https:\/\/rumble.com\/embed\/v6u5vxm\" frameborder=\"0\" width=\"853\" height=\"480\" allowfullscreen><\/iframe><\/div>\n<\/div>\n<\/div>\n<p><br \/>\n<br \/><a href=\"https:\/\/de.rt.com\/afrika\/257668-ukrainische-soeldner-in-sudan-getoetet\/\">Source link <\/a><\/p>\n","protected":false},"excerpt":{"rendered":"<p>Sudans Armee gibt bekannt, bei einem Kampf in der Stadt Al-Faschir S\u00f6ldner aus der Ukraine get\u00f6tet zu haben. Das ostafrikanische Land, in dem seit 2023 ein B\u00fcrgerkrieg tobt, wirft Kiew seit L\u00e4ngerem Unterst\u00fctzung der regierungsfeindlichen Miliz RSF vor. Im westsudanesischen Bundesstaat Darfur hat die Armee des Landes nach eigenen Angaben ukrainische S\u00f6ldner get\u00f6tet, die aufseiten [&hellip;]<\/p>\n","protected":false},"author":3,"featured_media":91494,"comment_status":"open","ping_status":"open","sticky":false,"template":"","format":"standard","meta":{"_yoast_indexnow_last_ping":["1759336291"],"wp_automatic_camp":["217"],"50e2780b7730e0d436a58d103c068092":["Ukrainische S\u00f6ldner im Sudan get\u00f6tet"],"original_link":["https:\/\/de.rt.com\/afrika\/257668-ukrainische-soeldner-in-sudan-getoetet\/"],"_thumbnail_id":["91494"],"jnews_social_counter_last_update":["1777370669"],"_wptgpro_p2tg_sent2tg":["a:1:{i:23737;s:19:\"2025-10-01 18:32:31\";}"]},"categories":[19,23],"tags":[367,1086,40298,905],"yoast_head":"<!-- This site is optimized with the Yoast SEO Premium plugin v22.7 (Yoast SEO v22.7) - https:\/\/yoast.com\/wordpress\/plugins\/seo\/ -->\n<title>Ukrainische S\u00f6ldner im Sudan get\u00f6tet - just-now.NEWS Deutschland<\/title>\n<meta name=\"robots\" content=\"index, follow, max-snippet:-1, max-image-preview:large, max-video-preview:-1\" \/>\n<link rel=\"canonical\" href=\"https:\/\/now-news.de\/de\/deutschland\/ukrainische-soeldner-im-sudan-getoetet\/\" \/>\n<meta property=\"og:locale\" content=\"de_DE\" \/>\n<meta property=\"og:type\" content=\"article\" \/>\n<meta property=\"og:title\" content=\"Ukrainische S\u00f6ldner im Sudan get\u00f6tet\" \/>\n<meta property=\"og:description\" content=\"Sudans Armee gibt bekannt, bei einem Kampf in der Stadt Al-Faschir S\u00f6ldner aus der Ukraine get\u00f6tet zu haben. Das ostafrikanische Land, in dem seit 2023 ein B\u00fcrgerkrieg tobt, wirft Kiew seit L\u00e4ngerem Unterst\u00fctzung der regierungsfeindlichen Miliz RSF vor. Im westsudanesischen Bundesstaat Darfur hat die Armee des Landes nach eigenen Angaben ukrainische S\u00f6ldner get\u00f6tet, die aufseiten [&hellip;]\" \/>\n<meta property=\"og:url\" content=\"https:\/\/now-news.de\/de\/deutschland\/ukrainische-soeldner-im-sudan-getoetet\/\" \/>\n<meta property=\"og:site_name\" content=\"just-now.NEWS Deutschland\" \/>\n<meta property=\"article:publisher\" content=\"https:\/\/www.facebook.com\/wirmachenauf\" \/>\n<meta property=\"article:published_time\" content=\"2025-10-01T16:27:37+00:00\" \/>\n<meta property=\"og:image\" content=\"https:\/\/now-news.de\/de\/wp-content\/uploads\/sites\/3\/2025\/10\/68dd442fb480cc70594245b2.jpg\" \/>\n<meta name=\"author\" content=\"rtnews\" \/>\n<meta name=\"twitter:card\" content=\"summary_large_image\" \/>\n<meta name=\"twitter:creator\" content=\"@WirMachenAuf_de\" \/>\n<meta name=\"twitter:site\" content=\"@WirMachenAuf_de\" \/>\n<meta name=\"twitter:label1\" content=\"Verfasst von\" \/>\n\t<meta name=\"twitter:data1\" content=\"rtnews\" \/>\n\t<meta name=\"twitter:label2\" content=\"Gesch\u00e4tzte Lesezeit\" \/>\n\t<meta name=\"twitter:data2\" content=\"2\u00a0Minuten\" \/>\n<script type=\"application\/ld+json\" class=\"yoast-schema-graph\">{\"@context\":\"https:\/\/schema.org\",\"@graph\":[{\"@type\":\"Article\",\"@id\":\"https:\/\/now-news.de\/de\/deutschland\/ukrainische-soeldner-im-sudan-getoetet\/#article\",\"isPartOf\":{\"@id\":\"https:\/\/now-news.de\/de\/deutschland\/ukrainische-soeldner-im-sudan-getoetet\/\"},\"author\":{\"name\":\"rtnews\",\"@id\":\"https:\/\/now-news.de\/de\/#\/schema\/person\/fb534a4e865501d8b3285208df34a9b5\"},\"headline\":\"Ukrainische S\u00f6ldner im Sudan get\u00f6tet\",\"datePublished\":\"2025-10-01T16:27:37+00:00\",\"dateModified\":\"2025-10-01T16:27:37+00:00\",\"mainEntityOfPage\":{\"@id\":\"https:\/\/now-news.de\/de\/deutschland\/ukrainische-soeldner-im-sudan-getoetet\/\"},\"wordCount\":346,\"commentCount\":0,\"publisher\":{\"@id\":\"https:\/\/now-news.de\/de\/#organization\"},\"image\":{\"@id\":\"https:\/\/now-news.de\/de\/deutschland\/ukrainische-soeldner-im-sudan-getoetet\/#primaryimage\"},\"thumbnailUrl\":\"https:\/\/now-news.de\/de\/wp-content\/uploads\/sites\/3\/2025\/10\/Ukrainische-Soeldner-im-Sudan-getoetet.jpg\",\"keywords\":[\"get\u00f6tet\",\"S\u00f6ldner\",\"Sudan\",\"Ukrainische\"],\"articleSection\":[\"Deutschland\",\"Russland\"],\"inLanguage\":\"de\",\"potentialAction\":[{\"@type\":\"CommentAction\",\"name\":\"Comment\",\"target\":[\"https:\/\/now-news.de\/de\/deutschland\/ukrainische-soeldner-im-sudan-getoetet\/#respond\"]}]},{\"@type\":\"WebPage\",\"@id\":\"https:\/\/now-news.de\/de\/deutschland\/ukrainische-soeldner-im-sudan-getoetet\/\",\"url\":\"https:\/\/now-news.de\/de\/deutschland\/ukrainische-soeldner-im-sudan-getoetet\/\",\"name\":\"Ukrainische S\u00f6ldner im Sudan get\u00f6tet - just-now.NEWS Deutschland\",\"isPartOf\":{\"@id\":\"https:\/\/now-news.de\/de\/#website\"},\"primaryImageOfPage\":{\"@id\":\"https:\/\/now-news.de\/de\/deutschland\/ukrainische-soeldner-im-sudan-getoetet\/#primaryimage\"},\"image\":{\"@id\":\"https:\/\/now-news.de\/de\/deutschland\/ukrainische-soeldner-im-sudan-getoetet\/#primaryimage\"},\"thumbnailUrl\":\"https:\/\/now-news.de\/de\/wp-content\/uploads\/sites\/3\/2025\/10\/Ukrainische-Soeldner-im-Sudan-getoetet.jpg\",\"datePublished\":\"2025-10-01T16:27:37+00:00\",\"dateModified\":\"2025-10-01T16:27:37+00:00\",\"breadcrumb\":{\"@id\":\"https:\/\/now-news.de\/de\/deutschland\/ukrainische-soeldner-im-sudan-getoetet\/#breadcrumb\"},\"inLanguage\":\"de\",\"potentialAction\":[{\"@type\":\"ReadAction\",\"target\":[\"https:\/\/now-news.de\/de\/deutschland\/ukrainische-soeldner-im-sudan-getoetet\/\"]}]},{\"@type\":\"ImageObject\",\"inLanguage\":\"de\",\"@id\":\"https:\/\/now-news.de\/de\/deutschland\/ukrainische-soeldner-im-sudan-getoetet\/#primaryimage\",\"url\":\"https:\/\/now-news.de\/de\/wp-content\/uploads\/sites\/3\/2025\/10\/Ukrainische-Soeldner-im-Sudan-getoetet.jpg\",\"contentUrl\":\"https:\/\/now-news.de\/de\/wp-content\/uploads\/sites\/3\/2025\/10\/Ukrainische-Soeldner-im-Sudan-getoetet.jpg\",\"width\":460,\"height\":259,\"caption\":\"Ukrainische S\u00f6ldner im Sudan get\u00f6tet\"},{\"@type\":\"BreadcrumbList\",\"@id\":\"https:\/\/now-news.de\/de\/deutschland\/ukrainische-soeldner-im-sudan-getoetet\/#breadcrumb\",\"itemListElement\":[{\"@type\":\"ListItem\",\"position\":1,\"name\":\"Home\",\"item\":\"https:\/\/now-news.de\/de\/\"},{\"@type\":\"ListItem\",\"position\":2,\"name\":\"Ukrainische S\u00f6ldner im Sudan get\u00f6tet\"}]},{\"@type\":\"WebSite\",\"@id\":\"https:\/\/now-news.de\/de\/#website\",\"url\":\"https:\/\/now-news.de\/de\/\",\"name\":\"just-now.NEWS Deutschland\",\"description\":\"Das Portal f\u00fcr unzensierte Nachrichten aus der Welt\",\"publisher\":{\"@id\":\"https:\/\/now-news.de\/de\/#organization\"},\"potentialAction\":[{\"@type\":\"SearchAction\",\"target\":{\"@type\":\"EntryPoint\",\"urlTemplate\":\"https:\/\/now-news.de\/de\/?s={search_term_string}\"},\"query-input\":\"required name=search_term_string\"}],\"inLanguage\":\"de\"},{\"@type\":\"Organization\",\"@id\":\"https:\/\/now-news.de\/de\/#organization\",\"name\":\"Just Now News\",\"url\":\"https:\/\/now-news.de\/de\/\",\"logo\":{\"@type\":\"ImageObject\",\"inLanguage\":\"de\",\"@id\":\"https:\/\/now-news.de\/de\/#\/schema\/logo\/image\/\",\"url\":\"http:\/\/just-now.news\/de\/wp-content\/uploads\/sites\/3\/2022\/04\/logo500x500.jpg\",\"contentUrl\":\"http:\/\/just-now.news\/de\/wp-content\/uploads\/sites\/3\/2022\/04\/logo500x500.jpg\",\"width\":500,\"height\":500,\"caption\":\"Just Now News\"},\"image\":{\"@id\":\"https:\/\/now-news.de\/de\/#\/schema\/logo\/image\/\"},\"sameAs\":[\"https:\/\/www.facebook.com\/wirmachenauf\",\"https:\/\/x.com\/WirMachenAuf_de\"]},{\"@type\":\"Person\",\"@id\":\"https:\/\/now-news.de\/de\/#\/schema\/person\/fb534a4e865501d8b3285208df34a9b5\",\"name\":\"rtnews\",\"image\":{\"@type\":\"ImageObject\",\"inLanguage\":\"de\",\"@id\":\"https:\/\/now-news.de\/de\/#\/schema\/person\/image\/\",\"url\":\"https:\/\/secure.gravatar.com\/avatar\/82aafea7d8127119dd649515f56e2117?s=96&d=mm&r=g\",\"contentUrl\":\"https:\/\/secure.gravatar.com\/avatar\/82aafea7d8127119dd649515f56e2117?s=96&d=mm&r=g\",\"caption\":\"rtnews\"},\"url\":\"https:\/\/now-news.de\/de\/author\/rnews\/\"}]}<\/script>\n<!-- \/ Yoast SEO Premium plugin. -->","yoast_head_json":{"title":"Ukrainische S\u00f6ldner im Sudan get\u00f6tet - just-now.NEWS Deutschland","robots":{"index":"index","follow":"follow","max-snippet":"max-snippet:-1","max-image-preview":"max-image-preview:large","max-video-preview":"max-video-preview:-1"},"canonical":"https:\/\/now-news.de\/de\/deutschland\/ukrainische-soeldner-im-sudan-getoetet\/","og_locale":"de_DE","og_type":"article","og_title":"Ukrainische S\u00f6ldner im Sudan get\u00f6tet","og_description":"Sudans Armee gibt bekannt, bei einem Kampf in der Stadt Al-Faschir S\u00f6ldner aus der Ukraine get\u00f6tet zu haben. Das ostafrikanische Land, in dem seit 2023 ein B\u00fcrgerkrieg tobt, wirft Kiew seit L\u00e4ngerem Unterst\u00fctzung der regierungsfeindlichen Miliz RSF vor. Im westsudanesischen Bundesstaat Darfur hat die Armee des Landes nach eigenen Angaben ukrainische S\u00f6ldner get\u00f6tet, die aufseiten [&hellip;]","og_url":"https:\/\/now-news.de\/de\/deutschland\/ukrainische-soeldner-im-sudan-getoetet\/","og_site_name":"just-now.NEWS Deutschland","article_publisher":"https:\/\/www.facebook.com\/wirmachenauf","article_published_time":"2025-10-01T16:27:37+00:00","og_image":[{"url":"https:\/\/now-news.de\/de\/wp-content\/uploads\/sites\/3\/2025\/10\/68dd442fb480cc70594245b2.jpg"}],"author":"rtnews","twitter_card":"summary_large_image","twitter_creator":"@WirMachenAuf_de","twitter_site":"@WirMachenAuf_de","twitter_misc":{"Verfasst von":"rtnews","Gesch\u00e4tzte Lesezeit":"2\u00a0Minuten"},"schema":{"@context":"https:\/\/schema.org","@graph":[{"@type":"Article","@id":"https:\/\/now-news.de\/de\/deutschland\/ukrainische-soeldner-im-sudan-getoetet\/#article","isPartOf":{"@id":"https:\/\/now-news.de\/de\/deutschland\/ukrainische-soeldner-im-sudan-getoetet\/"},"author":{"name":"rtnews","@id":"https:\/\/now-news.de\/de\/#\/schema\/person\/fb534a4e865501d8b3285208df34a9b5"},"headline":"Ukrainische S\u00f6ldner im Sudan get\u00f6tet","datePublished":"2025-10-01T16:27:37+00:00","dateModified":"2025-10-01T16:27:37+00:00","mainEntityOfPage":{"@id":"https:\/\/now-news.de\/de\/deutschland\/ukrainische-soeldner-im-sudan-getoetet\/"},"wordCount":346,"commentCount":0,"publisher":{"@id":"https:\/\/now-news.de\/de\/#organization"},"image":{"@id":"https:\/\/now-news.de\/de\/deutschland\/ukrainische-soeldner-im-sudan-getoetet\/#primaryimage"},"thumbnailUrl":"https:\/\/now-news.de\/de\/wp-content\/uploads\/sites\/3\/2025\/10\/Ukrainische-Soeldner-im-Sudan-getoetet.jpg","keywords":["get\u00f6tet","S\u00f6ldner","Sudan","Ukrainische"],"articleSection":["Deutschland","Russland"],"inLanguage":"de","potentialAction":[{"@type":"CommentAction","name":"Comment","target":["https:\/\/now-news.de\/de\/deutschland\/ukrainische-soeldner-im-sudan-getoetet\/#respond"]}]},{"@type":"WebPage","@id":"https:\/\/now-news.de\/de\/deutschland\/ukrainische-soeldner-im-sudan-getoetet\/","url":"https:\/\/now-news.de\/de\/deutschland\/ukrainische-soeldner-im-sudan-getoetet\/","name":"Ukrainische S\u00f6ldner im Sudan get\u00f6tet - just-now.NEWS Deutschland","isPartOf":{"@id":"https:\/\/now-news.de\/de\/#website"},"primaryImageOfPage":{"@id":"https:\/\/now-news.de\/de\/deutschland\/ukrainische-soeldner-im-sudan-getoetet\/#primaryimage"},"image":{"@id":"https:\/\/now-news.de\/de\/deutschland\/ukrainische-soeldner-im-sudan-getoetet\/#primaryimage"},"thumbnailUrl":"https:\/\/now-news.de\/de\/wp-content\/uploads\/sites\/3\/2025\/10\/Ukrainische-Soeldner-im-Sudan-getoetet.jpg","datePublished":"2025-10-01T16:27:37+00:00","dateModified":"2025-10-01T16:27:37+00:00","breadcrumb":{"@id":"https:\/\/now-news.de\/de\/deutschland\/ukrainische-soeldner-im-sudan-getoetet\/#breadcrumb"},"inLanguage":"de","potentialAction":[{"@type":"ReadAction","target":["https:\/\/now-news.de\/de\/deutschland\/ukrainische-soeldner-im-sudan-getoetet\/"]}]},{"@type":"ImageObject","inLanguage":"de","@id":"https:\/\/now-news.de\/de\/deutschland\/ukrainische-soeldner-im-sudan-getoetet\/#primaryimage","url":"https:\/\/now-news.de\/de\/wp-content\/uploads\/sites\/3\/2025\/10\/Ukrainische-Soeldner-im-Sudan-getoetet.jpg","contentUrl":"https:\/\/now-news.de\/de\/wp-content\/uploads\/sites\/3\/2025\/10\/Ukrainische-Soeldner-im-Sudan-getoetet.jpg","width":460,"height":259,"caption":"Ukrainische S\u00f6ldner im Sudan get\u00f6tet"},{"@type":"BreadcrumbList","@id":"https:\/\/now-news.de\/de\/deutschland\/ukrainische-soeldner-im-sudan-getoetet\/#breadcrumb","itemListElement":[{"@type":"ListItem","position":1,"name":"Home","item":"https:\/\/now-news.de\/de\/"},{"@type":"ListItem","position":2,"name":"Ukrainische S\u00f6ldner im Sudan get\u00f6tet"}]},{"@type":"WebSite","@id":"https:\/\/now-news.de\/de\/#website","url":"https:\/\/now-news.de\/de\/","name":"just-now.NEWS Deutschland","description":"Das Portal f\u00fcr unzensierte Nachrichten aus der Welt","publisher":{"@id":"https:\/\/now-news.de\/de\/#organization"},"potentialAction":[{"@type":"SearchAction","target":{"@type":"EntryPoint","urlTemplate":"https:\/\/now-news.de\/de\/?s={search_term_string}"},"query-input":"required name=search_term_string"}],"inLanguage":"de"},{"@type":"Organization","@id":"https:\/\/now-news.de\/de\/#organization","name":"Just Now News","url":"https:\/\/now-news.de\/de\/","logo":{"@type":"ImageObject","inLanguage":"de","@id":"https:\/\/now-news.de\/de\/#\/schema\/logo\/image\/","url":"http:\/\/just-now.news\/de\/wp-content\/uploads\/sites\/3\/2022\/04\/logo500x500.jpg","contentUrl":"http:\/\/just-now.news\/de\/wp-content\/uploads\/sites\/3\/2022\/04\/logo500x500.jpg","width":500,"height":500,"caption":"Just Now News"},"image":{"@id":"https:\/\/now-news.de\/de\/#\/schema\/logo\/image\/"},"sameAs":["https:\/\/www.facebook.com\/wirmachenauf","https:\/\/x.com\/WirMachenAuf_de"]},{"@type":"Person","@id":"https:\/\/now-news.de\/de\/#\/schema\/person\/fb534a4e865501d8b3285208df34a9b5","name":"rtnews","image":{"@type":"ImageObject","inLanguage":"de","@id":"https:\/\/now-news.de\/de\/#\/schema\/person\/image\/","url":"https:\/\/secure.gravatar.com\/avatar\/82aafea7d8127119dd649515f56e2117?s=96&d=mm&r=g","contentUrl":"https:\/\/secure.gravatar.com\/avatar\/82aafea7d8127119dd649515f56e2117?s=96&d=mm&r=g","caption":"rtnews"},"url":"https:\/\/now-news.de\/de\/author\/rnews\/"}]}},"_links":{"self":[{"href":"https:\/\/now-news.de\/de\/wp-json\/wp\/v2\/posts\/91493"}],"collection":[{"href":"https:\/\/now-news.de\/de\/wp-json\/wp\/v2\/posts"}],"about":[{"href":"https:\/\/now-news.de\/de\/wp-json\/wp\/v2\/types\/post"}],"author":[{"embeddable":true,"href":"https:\/\/now-news.de\/de\/wp-json\/wp\/v2\/users\/3"}],"replies":[{"embeddable":true,"href":"https:\/\/now-news.de\/de\/wp-json\/wp\/v2\/comments?post=91493"}],"version-history":[{"count":0,"href":"https:\/\/now-news.de\/de\/wp-json\/wp\/v2\/posts\/91493\/revisions"}],"wp:featuredmedia":[{"embeddable":true,"href":"https:\/\/now-news.de\/de\/wp-json\/wp\/v2\/media\/91494"}],"wp:attachment":[{"href":"https:\/\/now-news.de\/de\/wp-json\/wp\/v2\/media?parent=91493"}],"wp:term":[{"taxonomy":"category","embeddable":true,"href":"https:\/\/now-news.de\/de\/wp-json\/wp\/v2\/categories?post=91493"},{"taxonomy":"post_tag","embeddable":true,"href":"https:\/\/now-news.de\/de\/wp-json\/wp\/v2\/tags?post=91493"}],"curies":[{"name":"wp","href":"https:\/\/api.w.org\/{rel}","templated":true}]}}