{"id":91438,"date":"2025-09-30T19:28:40","date_gmt":"2025-09-30T17:28:40","guid":{"rendered":"https:\/\/now-news.de\/de\/deutschland\/landesarbeitsgericht-urteilt-gegen-ulrike-guerot-kuendigung-rechtens\/"},"modified":"2025-09-30T19:28:40","modified_gmt":"2025-09-30T17:28:40","slug":"landesarbeitsgericht-urteilt-gegen-ulrike-guerot-kuendigung-rechtens","status":"publish","type":"post","link":"https:\/\/now-news.de\/de\/deutschland\/landesarbeitsgericht-urteilt-gegen-ulrike-guerot-kuendigung-rechtens\/","title":{"rendered":"Landesarbeitsgericht urteilt gegen Ulrike Guerot: K\u00fcndigung rechtens"},"content":{"rendered":"<p><img decoding=\"async\" src=\"https:\/\/now-news.de\/de\/wp-content\/uploads\/sites\/3\/2025\/09\/68dc07c948fbef3f885af42f.jpg\" \/><\/p>\n<div class=\"Text-root Text-type_1 \">\n                Sie gilt schon als Beispiel daf\u00fcr, wie wenig selbst eine  lange Karriere mit konformen Positionen n\u00fctzt, sobald an wichtigen Punkten abgewichen wird: Ulrike Gu\u00e9rot ist mit Widerspruch w\u00e4hrend Corona abrupt in Ungnade gefallen. Das juristische Nachspiel ging durch die n\u00e4chste Instanz.\n            <\/div>\n<p><\/p>\n<div class=\"Text-root Text-type_5 ArticleView-text ViewText-root \">\n<p>Die Politikwissenschaftlerin Ulrike Gu\u00e9rot hat das Berufungsverfahren am Landesarbeitsgericht K\u00f6ln verloren. Die Universit\u00e4t Bonn, an der sie seit 2021 die Professur f\u00fcr Europapolitik innehatte, hatte ihr im Februar 2023 gek\u00fcndigt. Gu\u00e9rot, die aus Altersgr\u00fcnden nicht verbeamtet wurde (sie ist Jahrgang 1964), legte gegen diese K\u00fcndigung K\u00fcndigungsschutzklage ein, verlor aber vor dem Arbeitsgericht Bonn. Nun wurde das Urteil im Berufungsverfahren <a rel=\"nofollow noopener\" target=\"_blank\" href=\"https:\/\/www.lag-koeln.nrw.de\/behoerde\/presse\/Pressemitteilungen\/08_30_09_25\/index.php\">ver\u00f6ffentlicht<\/a>, allerdings noch ohne schriftliche Urteilsbegr\u00fcndung.<\/p>\n<p>Der Grund f\u00fcr die K\u00fcndigung waren Plagiatsvorw\u00fcrfe, die sich auf ein Buch bezogen, das Gu\u00e9rot als Teil ihrer Bewerbung um diese Professur eingereicht hatte. Weil darin an mehreren Stellen nicht gekennzeichnete Passagen st\u00fcnden, h\u00e4tte sie mit der Vorlage dieses Buches gegen die seitens des Bundeslands NRW und der Universit\u00e4t Bonn festgelegten Mindestanforderungen an wissenschaftliche Arbeit versto\u00dfen und damit in ihrer Bewerbung falsche Angaben gemacht.<\/p>\n<p>&#8220;Verst\u00f6\u00dfe gegen diese Standards, wie sie der Kl\u00e4gerin vorzuwerfen seien, w\u00f6gen schwer und rechtfertigten die K\u00fcndigung \u2013 auch ohne vorherige Abmahnung.&#8221;<\/p>\n<p>Allerdings handelt es sich bei diesem Buch nicht um die eine Habilitationsschrift, sondern um eine Ver\u00f6ffentlichung neben vielen anderen, Aufs\u00e4tzen wie auch B\u00fcchern, das explizit als popul\u00e4rwissenschaftliches Werk gekennzeichnet wurde und nur Teil eines Gesamtpakets ist, das an die Stelle einer Habilitationsschrift getreten ist. Wobei sich dann durchaus die Frage stellen k\u00f6nnte, wie relevant dieses eine Buch sein kann, wenn die als wissenschaftlich gekennzeichneten Teile dieses Pakets alle Anforderungen erf\u00fcllen. Aber ob sich das Landesarbeitsgericht Bonn \u00fcberhaupt mit dieser Frage auseinandergesetzt hat, wird erst die schriftliche Begr\u00fcndung verraten.<\/p>\n<p>Gu\u00e9rot war \u00fcber viele Jahre hinweg eine bekannte Vertreterin der herrschenden Meinung, von der Mitgliedschaft im RCDS, der Studentenorganisation der CDU, \u00fcber Mitarbeit beim German Marshall Fund oder der Deutschen Gesellschaft f\u00fcr Ausw\u00e4rtige Politik und beim European Council on Foreign Relations. Von 2016 bis zu ihrer Berufung nach Bonn hatte sie eine Professur an der Universit\u00e4t f\u00fcr Weiterbildung Krems. Sie war insbesondere f\u00fcr ihr Eintreten f\u00fcr eine st\u00e4rkere politische Integration Europas bekannt. Ihre Kritik an den Corona-Ma\u00dfnahmen und auch ihre Ablehnung der deutschen Position in Bezug auf den Ukraine-Konflikt sorgten aber daf\u00fcr, dass sie in der Folge mit dem Adjektiv &#8220;umstritten&#8221; gekennzeichnet wurde.<\/p>\n<p>Ihr Anwalt sieht darin, und nicht in dem im Bewerbungsverfahren vorgelegten Buch, den Hauptgrund f\u00fcr die K\u00fcndigung. &#8220;Bisher gehe ich davon aus, dass weniger rechtliche als politische Gr\u00fcnde ausschlaggebend f\u00fcr die Entscheidung des LAG K\u00f6ln waren&#8221;, sagte er. Dass die Urteilsbegr\u00fcndung zu dem Verfahren, dessen m\u00fcndliche Verhandlung bereits im Mai und Juni dieses Jahres stattgefunden hatte, sei ein &#8220;klarer Versto\u00df gegen die prozessualen Pflichten&#8221;. Man k\u00f6nne nicht &#8220;von einer rechtlich nachvollziehbaren K\u00fcndigungsentscheidung sprechen&#8221;.<\/p>\n<p>In der ersten Instanz hatte die Universit\u00e4t ein Vergleichsangebot gemacht, daf\u00fcr aber Stillschweigen eingefordert, worauf Gu\u00e9rot nicht eingegangen war. Damals hatte sie erkl\u00e4rt, sie k\u00f6nne sich eine Annahme des Vergleichs nur vorstellen, wenn die Universit\u00e4t den Vorwurf des Plagiats zur\u00fccknehme. In der zweiten Instanz folgte nun, trotz eines zwischenzeitlich vom Gericht gemachten\u00a0\u2013 nach Aussage des Verteidigers sehr hohen\u00a0\u2013 Vorschlags einer Abfindung, ein Urteil gegen Gu\u00e9rot. Als weiterer rechtlicher Schritt ist jetzt nur noch eine Nichtzulassungsbeschwerde beim Bundesarbeitsgericht m\u00f6glich. Dar\u00fcber wird Gu\u00e9rot erst nach Zugang der Begr\u00fcndung entscheiden.<\/p>\n<p><strong>Mehr zum Thema<\/strong>\u00a0\u2013 <a rel=\"nofollow noopener\" target=\"_blank\" href=\"https:\/\/freedert.online\/inland\/203741-ulrike-guerot-verliert-vor-arbeitsgericht\/\">Ulrike Gu\u00e9rot verliert vor Arbeitsgericht: Ein Prozess gegen die Freiheit des menschlichen Denkens<\/a><\/p>\n<div class=\"EmbedBlock-root EmbedBlock-externalVideo EmbedBlock-rumble\">\n<div class=\"VkEmbed\"><iframe class=\"lazyload\" data-src=\"https:\/\/rumble.com\/embed\/v6mew69\" frameborder=\"0\" width=\"853\" height=\"480\" allowfullscreen><\/iframe><\/div>\n<\/div>\n<\/div>\n<p><br \/>\n<br \/><a href=\"https:\/\/de.rt.com\/inland\/257566-landesarbeitsgericht-urteilt-gegen-ulrike-guerot\/\">Source link <\/a><\/p>\n","protected":false},"excerpt":{"rendered":"<p>Sie gilt schon als Beispiel daf\u00fcr, wie wenig selbst eine lange Karriere mit konformen Positionen n\u00fctzt, sobald an wichtigen Punkten abgewichen wird: Ulrike Gu\u00e9rot ist mit Widerspruch w\u00e4hrend Corona abrupt in Ungnade gefallen. Das juristische Nachspiel ging durch die n\u00e4chste Instanz. Die Politikwissenschaftlerin Ulrike Gu\u00e9rot hat das Berufungsverfahren am Landesarbeitsgericht K\u00f6ln verloren. Die Universit\u00e4t Bonn, [&hellip;]<\/p>\n","protected":false},"author":3,"featured_media":91439,"comment_status":"open","ping_status":"open","sticky":false,"template":"","format":"standard","meta":{"_yoast_indexnow_last_ping":["1759253362"],"wp_automatic_camp":["217"],"8784a9fbd6f34bcc65a43ff8bbbbd14b":["Landesarbeitsgericht urteilt gegen Ulrike Guerot: K\u00fcndigung rechtens"],"original_link":["https:\/\/de.rt.com\/inland\/257566-landesarbeitsgericht-urteilt-gegen-ulrike-guerot\/"],"_thumbnail_id":["91439"],"jnews_social_counter_last_update":["1777350175"],"_wptgpro_p2tg_sent2tg":["a:1:{i:23737;s:19:\"2025-09-30 19:30:23\";}"]},"categories":[19,23],"tags":[278,33006,38392,68118,43522,33005,47774],"yoast_head":"<!-- This site is optimized with the Yoast SEO Premium plugin v22.7 (Yoast SEO v22.7) - https:\/\/yoast.com\/wordpress\/plugins\/seo\/ -->\n<title>Landesarbeitsgericht urteilt gegen Ulrike Guerot: K\u00fcndigung rechtens - just-now.NEWS Deutschland<\/title>\n<meta name=\"robots\" content=\"index, follow, max-snippet:-1, max-image-preview:large, max-video-preview:-1\" \/>\n<link rel=\"canonical\" href=\"https:\/\/now-news.de\/de\/deutschland\/landesarbeitsgericht-urteilt-gegen-ulrike-guerot-kuendigung-rechtens\/\" \/>\n<meta property=\"og:locale\" content=\"de_DE\" \/>\n<meta property=\"og:type\" content=\"article\" \/>\n<meta property=\"og:title\" content=\"Landesarbeitsgericht urteilt gegen Ulrike Guerot: K\u00fcndigung rechtens\" \/>\n<meta property=\"og:description\" content=\"Sie gilt schon als Beispiel daf\u00fcr, wie wenig selbst eine lange Karriere mit konformen Positionen n\u00fctzt, sobald an wichtigen Punkten abgewichen wird: Ulrike Gu\u00e9rot ist mit Widerspruch w\u00e4hrend Corona abrupt in Ungnade gefallen. Das juristische Nachspiel ging durch die n\u00e4chste Instanz. Die Politikwissenschaftlerin Ulrike Gu\u00e9rot hat das Berufungsverfahren am Landesarbeitsgericht K\u00f6ln verloren. Die Universit\u00e4t Bonn, [&hellip;]\" \/>\n<meta property=\"og:url\" content=\"https:\/\/now-news.de\/de\/deutschland\/landesarbeitsgericht-urteilt-gegen-ulrike-guerot-kuendigung-rechtens\/\" \/>\n<meta property=\"og:site_name\" content=\"just-now.NEWS Deutschland\" \/>\n<meta property=\"article:publisher\" content=\"https:\/\/www.facebook.com\/wirmachenauf\" \/>\n<meta property=\"article:published_time\" content=\"2025-09-30T17:28:40+00:00\" \/>\n<meta property=\"og:image\" content=\"https:\/\/now-news.de\/de\/wp-content\/uploads\/sites\/3\/2025\/09\/68dc07c948fbef3f885af42f.jpg\" \/>\n<meta name=\"author\" content=\"rtnews\" \/>\n<meta name=\"twitter:card\" content=\"summary_large_image\" \/>\n<meta name=\"twitter:creator\" content=\"@WirMachenAuf_de\" \/>\n<meta name=\"twitter:site\" content=\"@WirMachenAuf_de\" \/>\n<meta name=\"twitter:label1\" content=\"Verfasst von\" \/>\n\t<meta name=\"twitter:data1\" content=\"rtnews\" \/>\n\t<meta name=\"twitter:label2\" content=\"Gesch\u00e4tzte Lesezeit\" \/>\n\t<meta name=\"twitter:data2\" content=\"3\u00a0Minuten\" \/>\n<script type=\"application\/ld+json\" class=\"yoast-schema-graph\">{\"@context\":\"https:\/\/schema.org\",\"@graph\":[{\"@type\":\"Article\",\"@id\":\"https:\/\/now-news.de\/de\/deutschland\/landesarbeitsgericht-urteilt-gegen-ulrike-guerot-kuendigung-rechtens\/#article\",\"isPartOf\":{\"@id\":\"https:\/\/now-news.de\/de\/deutschland\/landesarbeitsgericht-urteilt-gegen-ulrike-guerot-kuendigung-rechtens\/\"},\"author\":{\"name\":\"rtnews\",\"@id\":\"https:\/\/now-news.de\/de\/#\/schema\/person\/fb534a4e865501d8b3285208df34a9b5\"},\"headline\":\"Landesarbeitsgericht urteilt gegen Ulrike Guerot: K\u00fcndigung rechtens\",\"datePublished\":\"2025-09-30T17:28:40+00:00\",\"dateModified\":\"2025-09-30T17:28:40+00:00\",\"mainEntityOfPage\":{\"@id\":\"https:\/\/now-news.de\/de\/deutschland\/landesarbeitsgericht-urteilt-gegen-ulrike-guerot-kuendigung-rechtens\/\"},\"wordCount\":631,\"commentCount\":0,\"publisher\":{\"@id\":\"https:\/\/now-news.de\/de\/#organization\"},\"image\":{\"@id\":\"https:\/\/now-news.de\/de\/deutschland\/landesarbeitsgericht-urteilt-gegen-ulrike-guerot-kuendigung-rechtens\/#primaryimage\"},\"thumbnailUrl\":\"https:\/\/now-news.de\/de\/wp-content\/uploads\/sites\/3\/2025\/09\/Landesarbeitsgericht-urteilt-gegen-Ulrike-Guerot-Kuendigung-rechtens.jpg\",\"keywords\":[\"gegen\",\"Gu\u00e9rot\",\"K\u00fcndigung\",\"Landesarbeitsgericht\",\"rechtens\",\"Ulrike\",\"urteilt\"],\"articleSection\":[\"Deutschland\",\"Russland\"],\"inLanguage\":\"de\",\"potentialAction\":[{\"@type\":\"CommentAction\",\"name\":\"Comment\",\"target\":[\"https:\/\/now-news.de\/de\/deutschland\/landesarbeitsgericht-urteilt-gegen-ulrike-guerot-kuendigung-rechtens\/#respond\"]}]},{\"@type\":\"WebPage\",\"@id\":\"https:\/\/now-news.de\/de\/deutschland\/landesarbeitsgericht-urteilt-gegen-ulrike-guerot-kuendigung-rechtens\/\",\"url\":\"https:\/\/now-news.de\/de\/deutschland\/landesarbeitsgericht-urteilt-gegen-ulrike-guerot-kuendigung-rechtens\/\",\"name\":\"Landesarbeitsgericht urteilt gegen Ulrike Guerot: K\u00fcndigung rechtens - just-now.NEWS Deutschland\",\"isPartOf\":{\"@id\":\"https:\/\/now-news.de\/de\/#website\"},\"primaryImageOfPage\":{\"@id\":\"https:\/\/now-news.de\/de\/deutschland\/landesarbeitsgericht-urteilt-gegen-ulrike-guerot-kuendigung-rechtens\/#primaryimage\"},\"image\":{\"@id\":\"https:\/\/now-news.de\/de\/deutschland\/landesarbeitsgericht-urteilt-gegen-ulrike-guerot-kuendigung-rechtens\/#primaryimage\"},\"thumbnailUrl\":\"https:\/\/now-news.de\/de\/wp-content\/uploads\/sites\/3\/2025\/09\/Landesarbeitsgericht-urteilt-gegen-Ulrike-Guerot-Kuendigung-rechtens.jpg\",\"datePublished\":\"2025-09-30T17:28:40+00:00\",\"dateModified\":\"2025-09-30T17:28:40+00:00\",\"breadcrumb\":{\"@id\":\"https:\/\/now-news.de\/de\/deutschland\/landesarbeitsgericht-urteilt-gegen-ulrike-guerot-kuendigung-rechtens\/#breadcrumb\"},\"inLanguage\":\"de\",\"potentialAction\":[{\"@type\":\"ReadAction\",\"target\":[\"https:\/\/now-news.de\/de\/deutschland\/landesarbeitsgericht-urteilt-gegen-ulrike-guerot-kuendigung-rechtens\/\"]}]},{\"@type\":\"ImageObject\",\"inLanguage\":\"de\",\"@id\":\"https:\/\/now-news.de\/de\/deutschland\/landesarbeitsgericht-urteilt-gegen-ulrike-guerot-kuendigung-rechtens\/#primaryimage\",\"url\":\"https:\/\/now-news.de\/de\/wp-content\/uploads\/sites\/3\/2025\/09\/Landesarbeitsgericht-urteilt-gegen-Ulrike-Guerot-Kuendigung-rechtens.jpg\",\"contentUrl\":\"https:\/\/now-news.de\/de\/wp-content\/uploads\/sites\/3\/2025\/09\/Landesarbeitsgericht-urteilt-gegen-Ulrike-Guerot-Kuendigung-rechtens.jpg\",\"width\":460,\"height\":259,\"caption\":\"Landesarbeitsgericht urteilt gegen Ulrike Guerot: K\u00fcndigung rechtens\"},{\"@type\":\"BreadcrumbList\",\"@id\":\"https:\/\/now-news.de\/de\/deutschland\/landesarbeitsgericht-urteilt-gegen-ulrike-guerot-kuendigung-rechtens\/#breadcrumb\",\"itemListElement\":[{\"@type\":\"ListItem\",\"position\":1,\"name\":\"Home\",\"item\":\"https:\/\/now-news.de\/de\/\"},{\"@type\":\"ListItem\",\"position\":2,\"name\":\"Landesarbeitsgericht urteilt gegen Ulrike Guerot: K\u00fcndigung rechtens\"}]},{\"@type\":\"WebSite\",\"@id\":\"https:\/\/now-news.de\/de\/#website\",\"url\":\"https:\/\/now-news.de\/de\/\",\"name\":\"just-now.NEWS Deutschland\",\"description\":\"Das Portal f\u00fcr unzensierte Nachrichten aus der Welt\",\"publisher\":{\"@id\":\"https:\/\/now-news.de\/de\/#organization\"},\"potentialAction\":[{\"@type\":\"SearchAction\",\"target\":{\"@type\":\"EntryPoint\",\"urlTemplate\":\"https:\/\/now-news.de\/de\/?s={search_term_string}\"},\"query-input\":\"required name=search_term_string\"}],\"inLanguage\":\"de\"},{\"@type\":\"Organization\",\"@id\":\"https:\/\/now-news.de\/de\/#organization\",\"name\":\"Just Now News\",\"url\":\"https:\/\/now-news.de\/de\/\",\"logo\":{\"@type\":\"ImageObject\",\"inLanguage\":\"de\",\"@id\":\"https:\/\/now-news.de\/de\/#\/schema\/logo\/image\/\",\"url\":\"http:\/\/just-now.news\/de\/wp-content\/uploads\/sites\/3\/2022\/04\/logo500x500.jpg\",\"contentUrl\":\"http:\/\/just-now.news\/de\/wp-content\/uploads\/sites\/3\/2022\/04\/logo500x500.jpg\",\"width\":500,\"height\":500,\"caption\":\"Just Now News\"},\"image\":{\"@id\":\"https:\/\/now-news.de\/de\/#\/schema\/logo\/image\/\"},\"sameAs\":[\"https:\/\/www.facebook.com\/wirmachenauf\",\"https:\/\/x.com\/WirMachenAuf_de\"]},{\"@type\":\"Person\",\"@id\":\"https:\/\/now-news.de\/de\/#\/schema\/person\/fb534a4e865501d8b3285208df34a9b5\",\"name\":\"rtnews\",\"image\":{\"@type\":\"ImageObject\",\"inLanguage\":\"de\",\"@id\":\"https:\/\/now-news.de\/de\/#\/schema\/person\/image\/\",\"url\":\"https:\/\/secure.gravatar.com\/avatar\/82aafea7d8127119dd649515f56e2117?s=96&d=mm&r=g\",\"contentUrl\":\"https:\/\/secure.gravatar.com\/avatar\/82aafea7d8127119dd649515f56e2117?s=96&d=mm&r=g\",\"caption\":\"rtnews\"},\"url\":\"https:\/\/now-news.de\/de\/author\/rnews\/\"}]}<\/script>\n<!-- \/ Yoast SEO Premium plugin. -->","yoast_head_json":{"title":"Landesarbeitsgericht urteilt gegen Ulrike Guerot: K\u00fcndigung rechtens - just-now.NEWS Deutschland","robots":{"index":"index","follow":"follow","max-snippet":"max-snippet:-1","max-image-preview":"max-image-preview:large","max-video-preview":"max-video-preview:-1"},"canonical":"https:\/\/now-news.de\/de\/deutschland\/landesarbeitsgericht-urteilt-gegen-ulrike-guerot-kuendigung-rechtens\/","og_locale":"de_DE","og_type":"article","og_title":"Landesarbeitsgericht urteilt gegen Ulrike Guerot: K\u00fcndigung rechtens","og_description":"Sie gilt schon als Beispiel daf\u00fcr, wie wenig selbst eine lange Karriere mit konformen Positionen n\u00fctzt, sobald an wichtigen Punkten abgewichen wird: Ulrike Gu\u00e9rot ist mit Widerspruch w\u00e4hrend Corona abrupt in Ungnade gefallen. Das juristische Nachspiel ging durch die n\u00e4chste Instanz. Die Politikwissenschaftlerin Ulrike Gu\u00e9rot hat das Berufungsverfahren am Landesarbeitsgericht K\u00f6ln verloren. Die Universit\u00e4t Bonn, [&hellip;]","og_url":"https:\/\/now-news.de\/de\/deutschland\/landesarbeitsgericht-urteilt-gegen-ulrike-guerot-kuendigung-rechtens\/","og_site_name":"just-now.NEWS Deutschland","article_publisher":"https:\/\/www.facebook.com\/wirmachenauf","article_published_time":"2025-09-30T17:28:40+00:00","og_image":[{"url":"https:\/\/now-news.de\/de\/wp-content\/uploads\/sites\/3\/2025\/09\/68dc07c948fbef3f885af42f.jpg"}],"author":"rtnews","twitter_card":"summary_large_image","twitter_creator":"@WirMachenAuf_de","twitter_site":"@WirMachenAuf_de","twitter_misc":{"Verfasst von":"rtnews","Gesch\u00e4tzte Lesezeit":"3\u00a0Minuten"},"schema":{"@context":"https:\/\/schema.org","@graph":[{"@type":"Article","@id":"https:\/\/now-news.de\/de\/deutschland\/landesarbeitsgericht-urteilt-gegen-ulrike-guerot-kuendigung-rechtens\/#article","isPartOf":{"@id":"https:\/\/now-news.de\/de\/deutschland\/landesarbeitsgericht-urteilt-gegen-ulrike-guerot-kuendigung-rechtens\/"},"author":{"name":"rtnews","@id":"https:\/\/now-news.de\/de\/#\/schema\/person\/fb534a4e865501d8b3285208df34a9b5"},"headline":"Landesarbeitsgericht urteilt gegen Ulrike Guerot: K\u00fcndigung rechtens","datePublished":"2025-09-30T17:28:40+00:00","dateModified":"2025-09-30T17:28:40+00:00","mainEntityOfPage":{"@id":"https:\/\/now-news.de\/de\/deutschland\/landesarbeitsgericht-urteilt-gegen-ulrike-guerot-kuendigung-rechtens\/"},"wordCount":631,"commentCount":0,"publisher":{"@id":"https:\/\/now-news.de\/de\/#organization"},"image":{"@id":"https:\/\/now-news.de\/de\/deutschland\/landesarbeitsgericht-urteilt-gegen-ulrike-guerot-kuendigung-rechtens\/#primaryimage"},"thumbnailUrl":"https:\/\/now-news.de\/de\/wp-content\/uploads\/sites\/3\/2025\/09\/Landesarbeitsgericht-urteilt-gegen-Ulrike-Guerot-Kuendigung-rechtens.jpg","keywords":["gegen","Gu\u00e9rot","K\u00fcndigung","Landesarbeitsgericht","rechtens","Ulrike","urteilt"],"articleSection":["Deutschland","Russland"],"inLanguage":"de","potentialAction":[{"@type":"CommentAction","name":"Comment","target":["https:\/\/now-news.de\/de\/deutschland\/landesarbeitsgericht-urteilt-gegen-ulrike-guerot-kuendigung-rechtens\/#respond"]}]},{"@type":"WebPage","@id":"https:\/\/now-news.de\/de\/deutschland\/landesarbeitsgericht-urteilt-gegen-ulrike-guerot-kuendigung-rechtens\/","url":"https:\/\/now-news.de\/de\/deutschland\/landesarbeitsgericht-urteilt-gegen-ulrike-guerot-kuendigung-rechtens\/","name":"Landesarbeitsgericht urteilt gegen Ulrike Guerot: K\u00fcndigung rechtens - just-now.NEWS Deutschland","isPartOf":{"@id":"https:\/\/now-news.de\/de\/#website"},"primaryImageOfPage":{"@id":"https:\/\/now-news.de\/de\/deutschland\/landesarbeitsgericht-urteilt-gegen-ulrike-guerot-kuendigung-rechtens\/#primaryimage"},"image":{"@id":"https:\/\/now-news.de\/de\/deutschland\/landesarbeitsgericht-urteilt-gegen-ulrike-guerot-kuendigung-rechtens\/#primaryimage"},"thumbnailUrl":"https:\/\/now-news.de\/de\/wp-content\/uploads\/sites\/3\/2025\/09\/Landesarbeitsgericht-urteilt-gegen-Ulrike-Guerot-Kuendigung-rechtens.jpg","datePublished":"2025-09-30T17:28:40+00:00","dateModified":"2025-09-30T17:28:40+00:00","breadcrumb":{"@id":"https:\/\/now-news.de\/de\/deutschland\/landesarbeitsgericht-urteilt-gegen-ulrike-guerot-kuendigung-rechtens\/#breadcrumb"},"inLanguage":"de","potentialAction":[{"@type":"ReadAction","target":["https:\/\/now-news.de\/de\/deutschland\/landesarbeitsgericht-urteilt-gegen-ulrike-guerot-kuendigung-rechtens\/"]}]},{"@type":"ImageObject","inLanguage":"de","@id":"https:\/\/now-news.de\/de\/deutschland\/landesarbeitsgericht-urteilt-gegen-ulrike-guerot-kuendigung-rechtens\/#primaryimage","url":"https:\/\/now-news.de\/de\/wp-content\/uploads\/sites\/3\/2025\/09\/Landesarbeitsgericht-urteilt-gegen-Ulrike-Guerot-Kuendigung-rechtens.jpg","contentUrl":"https:\/\/now-news.de\/de\/wp-content\/uploads\/sites\/3\/2025\/09\/Landesarbeitsgericht-urteilt-gegen-Ulrike-Guerot-Kuendigung-rechtens.jpg","width":460,"height":259,"caption":"Landesarbeitsgericht urteilt gegen Ulrike Guerot: K\u00fcndigung rechtens"},{"@type":"BreadcrumbList","@id":"https:\/\/now-news.de\/de\/deutschland\/landesarbeitsgericht-urteilt-gegen-ulrike-guerot-kuendigung-rechtens\/#breadcrumb","itemListElement":[{"@type":"ListItem","position":1,"name":"Home","item":"https:\/\/now-news.de\/de\/"},{"@type":"ListItem","position":2,"name":"Landesarbeitsgericht urteilt gegen Ulrike Guerot: K\u00fcndigung rechtens"}]},{"@type":"WebSite","@id":"https:\/\/now-news.de\/de\/#website","url":"https:\/\/now-news.de\/de\/","name":"just-now.NEWS Deutschland","description":"Das Portal f\u00fcr unzensierte Nachrichten aus der Welt","publisher":{"@id":"https:\/\/now-news.de\/de\/#organization"},"potentialAction":[{"@type":"SearchAction","target":{"@type":"EntryPoint","urlTemplate":"https:\/\/now-news.de\/de\/?s={search_term_string}"},"query-input":"required name=search_term_string"}],"inLanguage":"de"},{"@type":"Organization","@id":"https:\/\/now-news.de\/de\/#organization","name":"Just Now News","url":"https:\/\/now-news.de\/de\/","logo":{"@type":"ImageObject","inLanguage":"de","@id":"https:\/\/now-news.de\/de\/#\/schema\/logo\/image\/","url":"http:\/\/just-now.news\/de\/wp-content\/uploads\/sites\/3\/2022\/04\/logo500x500.jpg","contentUrl":"http:\/\/just-now.news\/de\/wp-content\/uploads\/sites\/3\/2022\/04\/logo500x500.jpg","width":500,"height":500,"caption":"Just Now News"},"image":{"@id":"https:\/\/now-news.de\/de\/#\/schema\/logo\/image\/"},"sameAs":["https:\/\/www.facebook.com\/wirmachenauf","https:\/\/x.com\/WirMachenAuf_de"]},{"@type":"Person","@id":"https:\/\/now-news.de\/de\/#\/schema\/person\/fb534a4e865501d8b3285208df34a9b5","name":"rtnews","image":{"@type":"ImageObject","inLanguage":"de","@id":"https:\/\/now-news.de\/de\/#\/schema\/person\/image\/","url":"https:\/\/secure.gravatar.com\/avatar\/82aafea7d8127119dd649515f56e2117?s=96&d=mm&r=g","contentUrl":"https:\/\/secure.gravatar.com\/avatar\/82aafea7d8127119dd649515f56e2117?s=96&d=mm&r=g","caption":"rtnews"},"url":"https:\/\/now-news.de\/de\/author\/rnews\/"}]}},"_links":{"self":[{"href":"https:\/\/now-news.de\/de\/wp-json\/wp\/v2\/posts\/91438"}],"collection":[{"href":"https:\/\/now-news.de\/de\/wp-json\/wp\/v2\/posts"}],"about":[{"href":"https:\/\/now-news.de\/de\/wp-json\/wp\/v2\/types\/post"}],"author":[{"embeddable":true,"href":"https:\/\/now-news.de\/de\/wp-json\/wp\/v2\/users\/3"}],"replies":[{"embeddable":true,"href":"https:\/\/now-news.de\/de\/wp-json\/wp\/v2\/comments?post=91438"}],"version-history":[{"count":0,"href":"https:\/\/now-news.de\/de\/wp-json\/wp\/v2\/posts\/91438\/revisions"}],"wp:featuredmedia":[{"embeddable":true,"href":"https:\/\/now-news.de\/de\/wp-json\/wp\/v2\/media\/91439"}],"wp:attachment":[{"href":"https:\/\/now-news.de\/de\/wp-json\/wp\/v2\/media?parent=91438"}],"wp:term":[{"taxonomy":"category","embeddable":true,"href":"https:\/\/now-news.de\/de\/wp-json\/wp\/v2\/categories?post=91438"},{"taxonomy":"post_tag","embeddable":true,"href":"https:\/\/now-news.de\/de\/wp-json\/wp\/v2\/tags?post=91438"}],"curies":[{"name":"wp","href":"https:\/\/api.w.org\/{rel}","templated":true}]}}