{"id":91436,"date":"2025-09-30T18:10:37","date_gmt":"2025-09-30T16:10:37","guid":{"rendered":"https:\/\/now-news.de\/de\/deutschland\/medien-bruessel-erwaegt-aenderung-der-beitrittsprozedur-fuer-ukraine-und-moldawien\/"},"modified":"2025-09-30T18:10:37","modified_gmt":"2025-09-30T16:10:37","slug":"medien-bruessel-erwaegt-aenderung-der-beitrittsprozedur-fuer-ukraine-und-moldawien","status":"publish","type":"post","link":"https:\/\/now-news.de\/de\/deutschland\/medien-bruessel-erwaegt-aenderung-der-beitrittsprozedur-fuer-ukraine-und-moldawien\/","title":{"rendered":"Medien: Br\u00fcssel erw\u00e4gt \u00c4nderung der Beitrittsprozedur f\u00fcr Ukraine und Moldawien"},"content":{"rendered":"<p><img decoding=\"async\" src=\"https:\/\/now-news.de\/de\/wp-content\/uploads\/sites\/3\/2025\/09\/68dbd3fdb480cc0cb36bdd89.jpg\" \/><\/p>\n<div class=\"Text-root Text-type_1 \">\n                Die EU-Kommission will den Vorgang der Beitrittsgespr\u00e4che anpassen, um das ungarische Veto zu umgehen. Laut der &#8220;Financial Times&#8221; m\u00f6chte Br\u00fcssel damit den Beitritt der Ukraine und Moldawiens bef\u00f6rdern und mit der technischen Arbeit an den Antr\u00e4gen der beiden L\u00e4nder beginnen.\n            <\/div>\n<p><\/p>\n<div class=\"Text-root Text-type_5 ArticleView-text ViewText-root \">\n<p>Die Beh\u00f6rden der Europ\u00e4ischen Union haben entschieden, mit den Vorbereitungen zur technischen Arbeit am Beitrittsprozess der Ukraine und Moldawiens anzufangen. Laut einem Bericht der Zeitung <em>Financial Times <\/em>(FT) m\u00f6chte die EU-Kommission die eigenen Regeln korrigieren, damit ein Veto Ungarns vermieden werden k\u00f6nnte.<\/p>\n<p>Kiew beantragte den EU-Beitritt im Jahr 2022, kurz danach folgte Chi\u0219in\u0103u dem Beispiel. Im vergangenen Jahr starteten die beiden L\u00e4nder formell ihre Beitrittsgespr\u00e4che. Ungarn blockiert seitdem weitere Etappen des Prozesses, und zwar die einstimmigen Entscheidungen aller Mitgliedsstaaten \u00fcber die Er\u00f6ffnung der sogenannten Verhandlungskapitel.<\/p>\n<p>Hierbei m\u00f6chte Br\u00fcssel das \u00fcbliche Reglement \u00e4ndern. Die technische Arbeit w\u00fcrde in mehreren thematischen Gruppen oder &#8220;Clustern&#8221; statt in den Verhandlungskapiteln aufgenommen. Diese w\u00fcrden sich mit einzelnen Herausforderungen auf dem Weg der Ukraine und Moldawiens in die EU befassen, wie etwa mit der F\u00f6rderung von Reformen und mit der Angleichung der Gesetzgebung beider L\u00e4nder an die EU-Vorschriften. Die &#8220;Cluster&#8221; w\u00fcrden eingerichtet, auch wenn es keine Zustimmung der EU-Staaten gebe.<\/p>\n<p>Die EU-Staats- und Regierungschefs sollen die Initiative bei einem Treffen am Mittwoch in Kopenhagen er\u00f6rtern. Am Donnerstag w\u00fcrde das Treffen im erweiterten Format unter Beteiligung mehrerer Nachbarl\u00e4nder fortgesetzt, darunter die Ukraine und Moldawien.<\/p>\n<p>Laut Medienberichten war der Plan bereits zuvor vom EU-Ratspr\u00e4sidenten Ant\u00f3nio Costa vorgeschlagen worden. Er sprach ebenfalls \u00fcber Verhandlungscluster, betonte jedoch, dass Br\u00fcssel die Regeln \u00e4ndern sollte, sodass diese mittels Abstimmung durch eine qualifizierte Mehrheit er\u00f6ffnet werden k\u00f6nnten. Namentlich nicht genannte EU-Beamte wiesen gegen\u00fcber der <em>FT<\/em> darauf hin, dass selbst diese \u00c4nderung die einm\u00fctige Zustimmung aller Mitglieder erfordern w\u00fcrde.<\/p>\n<p><strong>Mehr zum Thema<\/strong> \u2013 <a rel=\"nofollow noopener\" target=\"_blank\" href=\"https:\/\/freedert.online\/meinung\/257332-wahl-in-moldawien-eu-schnappt\/\">Wahl in Moldawien: EU schnappt sich n\u00e4chste Beute und bereitet blutige Provokationen vor<\/a><\/p>\n<div class=\"EmbedBlock-root EmbedBlock-externalVideo EmbedBlock-rumble\">\n<div class=\"VkEmbed\"><iframe class=\"lazyload\" data-src=\"https:\/\/rumble.com\/embed\/v6uk5e4\" frameborder=\"0\" width=\"853\" height=\"480\" allowfullscreen><\/iframe><\/div>\n<\/div>\n<\/div>\n<p><br \/>\n<br \/><a href=\"https:\/\/de.rt.com\/europa\/257521-ft-bruessel-erwaegt-aenderung-beitrittsprozedur\/\">Source link <\/a><\/p>\n","protected":false},"excerpt":{"rendered":"<p>Die EU-Kommission will den Vorgang der Beitrittsgespr\u00e4che anpassen, um das ungarische Veto zu umgehen. Laut der &#8220;Financial Times&#8221; m\u00f6chte Br\u00fcssel damit den Beitritt der Ukraine und Moldawiens bef\u00f6rdern und mit der technischen Arbeit an den Antr\u00e4gen der beiden L\u00e4nder beginnen. Die Beh\u00f6rden der Europ\u00e4ischen Union haben entschieden, mit den Vorbereitungen zur technischen Arbeit am Beitrittsprozess [&hellip;]<\/p>\n","protected":false},"author":3,"featured_media":91437,"comment_status":"open","ping_status":"open","sticky":false,"template":"","format":"standard","meta":{"_yoast_indexnow_last_ping":["1759251443"],"wp_automatic_camp":["217"],"37878ac6c48c8419b3d90524896bba29":["Medien: Br\u00fcssel erw\u00e4gt \u00c4nderung der Beitrittsprozedur f\u00fcr Ukraine und Moldawien"],"original_link":["https:\/\/de.rt.com\/europa\/257521-ft-bruessel-erwaegt-aenderung-beitrittsprozedur\/"],"_thumbnail_id":["91437"],"jnews_social_counter_last_update":["1777639475"],"_wptgpro_p2tg_sent2tg":["a:1:{i:23737;s:19:\"2025-09-30 18:58:23\";}"]},"categories":[19,23],"tags":[18677,68117,17026,82,141,221,580,25732,127,140],"yoast_head":"<!-- This site is optimized with the Yoast SEO Premium plugin v22.7 (Yoast SEO v22.7) - https:\/\/yoast.com\/wordpress\/plugins\/seo\/ -->\n<title>Medien: Br\u00fcssel erw\u00e4gt \u00c4nderung der Beitrittsprozedur f\u00fcr Ukraine und Moldawien - just-now.NEWS Deutschland<\/title>\n<meta name=\"robots\" content=\"index, follow, max-snippet:-1, max-image-preview:large, max-video-preview:-1\" \/>\n<link rel=\"canonical\" href=\"https:\/\/now-news.de\/de\/deutschland\/medien-bruessel-erwaegt-aenderung-der-beitrittsprozedur-fuer-ukraine-und-moldawien\/\" \/>\n<meta property=\"og:locale\" content=\"de_DE\" \/>\n<meta property=\"og:type\" content=\"article\" \/>\n<meta property=\"og:title\" content=\"Medien: Br\u00fcssel erw\u00e4gt \u00c4nderung der Beitrittsprozedur f\u00fcr Ukraine und Moldawien\" \/>\n<meta property=\"og:description\" content=\"Die EU-Kommission will den Vorgang der Beitrittsgespr\u00e4che anpassen, um das ungarische Veto zu umgehen. Laut der &#8220;Financial Times&#8221; m\u00f6chte Br\u00fcssel damit den Beitritt der Ukraine und Moldawiens bef\u00f6rdern und mit der technischen Arbeit an den Antr\u00e4gen der beiden L\u00e4nder beginnen. Die Beh\u00f6rden der Europ\u00e4ischen Union haben entschieden, mit den Vorbereitungen zur technischen Arbeit am Beitrittsprozess [&hellip;]\" \/>\n<meta property=\"og:url\" content=\"https:\/\/now-news.de\/de\/deutschland\/medien-bruessel-erwaegt-aenderung-der-beitrittsprozedur-fuer-ukraine-und-moldawien\/\" \/>\n<meta property=\"og:site_name\" content=\"just-now.NEWS Deutschland\" \/>\n<meta property=\"article:publisher\" content=\"https:\/\/www.facebook.com\/wirmachenauf\" \/>\n<meta property=\"article:published_time\" content=\"2025-09-30T16:10:37+00:00\" \/>\n<meta property=\"og:image\" content=\"https:\/\/now-news.de\/de\/wp-content\/uploads\/sites\/3\/2025\/09\/68dbd3fdb480cc0cb36bdd89.jpg\" \/>\n<meta name=\"author\" content=\"rtnews\" \/>\n<meta name=\"twitter:card\" content=\"summary_large_image\" \/>\n<meta name=\"twitter:creator\" content=\"@WirMachenAuf_de\" \/>\n<meta name=\"twitter:site\" content=\"@WirMachenAuf_de\" \/>\n<meta name=\"twitter:label1\" content=\"Verfasst von\" \/>\n\t<meta name=\"twitter:data1\" content=\"rtnews\" \/>\n\t<meta name=\"twitter:label2\" content=\"Gesch\u00e4tzte Lesezeit\" \/>\n\t<meta name=\"twitter:data2\" content=\"2\u00a0Minuten\" \/>\n<script type=\"application\/ld+json\" class=\"yoast-schema-graph\">{\"@context\":\"https:\/\/schema.org\",\"@graph\":[{\"@type\":\"Article\",\"@id\":\"https:\/\/now-news.de\/de\/deutschland\/medien-bruessel-erwaegt-aenderung-der-beitrittsprozedur-fuer-ukraine-und-moldawien\/#article\",\"isPartOf\":{\"@id\":\"https:\/\/now-news.de\/de\/deutschland\/medien-bruessel-erwaegt-aenderung-der-beitrittsprozedur-fuer-ukraine-und-moldawien\/\"},\"author\":{\"name\":\"rtnews\",\"@id\":\"https:\/\/now-news.de\/de\/#\/schema\/person\/fb534a4e865501d8b3285208df34a9b5\"},\"headline\":\"Medien: Br\u00fcssel erw\u00e4gt \u00c4nderung der Beitrittsprozedur f\u00fcr Ukraine und Moldawien\",\"datePublished\":\"2025-09-30T16:10:37+00:00\",\"dateModified\":\"2025-09-30T16:10:37+00:00\",\"mainEntityOfPage\":{\"@id\":\"https:\/\/now-news.de\/de\/deutschland\/medien-bruessel-erwaegt-aenderung-der-beitrittsprozedur-fuer-ukraine-und-moldawien\/\"},\"wordCount\":350,\"commentCount\":0,\"publisher\":{\"@id\":\"https:\/\/now-news.de\/de\/#organization\"},\"image\":{\"@id\":\"https:\/\/now-news.de\/de\/deutschland\/medien-bruessel-erwaegt-aenderung-der-beitrittsprozedur-fuer-ukraine-und-moldawien\/#primaryimage\"},\"thumbnailUrl\":\"https:\/\/now-news.de\/de\/wp-content\/uploads\/sites\/3\/2025\/09\/Medien-Bruessel-erwaegt-Aenderung-der-Beitrittsprozedur-fuer-Ukraine-und-Moldawien.jpg\",\"keywords\":[\"\u00c4nderung\",\"Beitrittsprozedur\",\"Br\u00fcssel\",\"der\",\"erw\u00e4gt\",\"f\u00fcr\",\"Medien\",\"Moldawien\",\"ukraine\",\"und\"],\"articleSection\":[\"Deutschland\",\"Russland\"],\"inLanguage\":\"de\",\"potentialAction\":[{\"@type\":\"CommentAction\",\"name\":\"Comment\",\"target\":[\"https:\/\/now-news.de\/de\/deutschland\/medien-bruessel-erwaegt-aenderung-der-beitrittsprozedur-fuer-ukraine-und-moldawien\/#respond\"]}]},{\"@type\":\"WebPage\",\"@id\":\"https:\/\/now-news.de\/de\/deutschland\/medien-bruessel-erwaegt-aenderung-der-beitrittsprozedur-fuer-ukraine-und-moldawien\/\",\"url\":\"https:\/\/now-news.de\/de\/deutschland\/medien-bruessel-erwaegt-aenderung-der-beitrittsprozedur-fuer-ukraine-und-moldawien\/\",\"name\":\"Medien: Br\u00fcssel erw\u00e4gt \u00c4nderung der Beitrittsprozedur f\u00fcr Ukraine und Moldawien - just-now.NEWS Deutschland\",\"isPartOf\":{\"@id\":\"https:\/\/now-news.de\/de\/#website\"},\"primaryImageOfPage\":{\"@id\":\"https:\/\/now-news.de\/de\/deutschland\/medien-bruessel-erwaegt-aenderung-der-beitrittsprozedur-fuer-ukraine-und-moldawien\/#primaryimage\"},\"image\":{\"@id\":\"https:\/\/now-news.de\/de\/deutschland\/medien-bruessel-erwaegt-aenderung-der-beitrittsprozedur-fuer-ukraine-und-moldawien\/#primaryimage\"},\"thumbnailUrl\":\"https:\/\/now-news.de\/de\/wp-content\/uploads\/sites\/3\/2025\/09\/Medien-Bruessel-erwaegt-Aenderung-der-Beitrittsprozedur-fuer-Ukraine-und-Moldawien.jpg\",\"datePublished\":\"2025-09-30T16:10:37+00:00\",\"dateModified\":\"2025-09-30T16:10:37+00:00\",\"breadcrumb\":{\"@id\":\"https:\/\/now-news.de\/de\/deutschland\/medien-bruessel-erwaegt-aenderung-der-beitrittsprozedur-fuer-ukraine-und-moldawien\/#breadcrumb\"},\"inLanguage\":\"de\",\"potentialAction\":[{\"@type\":\"ReadAction\",\"target\":[\"https:\/\/now-news.de\/de\/deutschland\/medien-bruessel-erwaegt-aenderung-der-beitrittsprozedur-fuer-ukraine-und-moldawien\/\"]}]},{\"@type\":\"ImageObject\",\"inLanguage\":\"de\",\"@id\":\"https:\/\/now-news.de\/de\/deutschland\/medien-bruessel-erwaegt-aenderung-der-beitrittsprozedur-fuer-ukraine-und-moldawien\/#primaryimage\",\"url\":\"https:\/\/now-news.de\/de\/wp-content\/uploads\/sites\/3\/2025\/09\/Medien-Bruessel-erwaegt-Aenderung-der-Beitrittsprozedur-fuer-Ukraine-und-Moldawien.jpg\",\"contentUrl\":\"https:\/\/now-news.de\/de\/wp-content\/uploads\/sites\/3\/2025\/09\/Medien-Bruessel-erwaegt-Aenderung-der-Beitrittsprozedur-fuer-Ukraine-und-Moldawien.jpg\",\"width\":460,\"height\":259,\"caption\":\"Medien: Br\u00fcssel erw\u00e4gt \u00c4nderung der Beitrittsprozedur f\u00fcr Ukraine und Moldawien\"},{\"@type\":\"BreadcrumbList\",\"@id\":\"https:\/\/now-news.de\/de\/deutschland\/medien-bruessel-erwaegt-aenderung-der-beitrittsprozedur-fuer-ukraine-und-moldawien\/#breadcrumb\",\"itemListElement\":[{\"@type\":\"ListItem\",\"position\":1,\"name\":\"Home\",\"item\":\"https:\/\/now-news.de\/de\/\"},{\"@type\":\"ListItem\",\"position\":2,\"name\":\"Medien: Br\u00fcssel erw\u00e4gt \u00c4nderung der Beitrittsprozedur f\u00fcr Ukraine und Moldawien\"}]},{\"@type\":\"WebSite\",\"@id\":\"https:\/\/now-news.de\/de\/#website\",\"url\":\"https:\/\/now-news.de\/de\/\",\"name\":\"just-now.NEWS Deutschland\",\"description\":\"Das Portal f\u00fcr unzensierte Nachrichten aus der Welt\",\"publisher\":{\"@id\":\"https:\/\/now-news.de\/de\/#organization\"},\"potentialAction\":[{\"@type\":\"SearchAction\",\"target\":{\"@type\":\"EntryPoint\",\"urlTemplate\":\"https:\/\/now-news.de\/de\/?s={search_term_string}\"},\"query-input\":\"required name=search_term_string\"}],\"inLanguage\":\"de\"},{\"@type\":\"Organization\",\"@id\":\"https:\/\/now-news.de\/de\/#organization\",\"name\":\"Just Now News\",\"url\":\"https:\/\/now-news.de\/de\/\",\"logo\":{\"@type\":\"ImageObject\",\"inLanguage\":\"de\",\"@id\":\"https:\/\/now-news.de\/de\/#\/schema\/logo\/image\/\",\"url\":\"http:\/\/just-now.news\/de\/wp-content\/uploads\/sites\/3\/2022\/04\/logo500x500.jpg\",\"contentUrl\":\"http:\/\/just-now.news\/de\/wp-content\/uploads\/sites\/3\/2022\/04\/logo500x500.jpg\",\"width\":500,\"height\":500,\"caption\":\"Just Now News\"},\"image\":{\"@id\":\"https:\/\/now-news.de\/de\/#\/schema\/logo\/image\/\"},\"sameAs\":[\"https:\/\/www.facebook.com\/wirmachenauf\",\"https:\/\/x.com\/WirMachenAuf_de\"]},{\"@type\":\"Person\",\"@id\":\"https:\/\/now-news.de\/de\/#\/schema\/person\/fb534a4e865501d8b3285208df34a9b5\",\"name\":\"rtnews\",\"image\":{\"@type\":\"ImageObject\",\"inLanguage\":\"de\",\"@id\":\"https:\/\/now-news.de\/de\/#\/schema\/person\/image\/\",\"url\":\"https:\/\/secure.gravatar.com\/avatar\/82aafea7d8127119dd649515f56e2117?s=96&d=mm&r=g\",\"contentUrl\":\"https:\/\/secure.gravatar.com\/avatar\/82aafea7d8127119dd649515f56e2117?s=96&d=mm&r=g\",\"caption\":\"rtnews\"},\"url\":\"https:\/\/now-news.de\/de\/author\/rnews\/\"}]}<\/script>\n<!-- \/ Yoast SEO Premium plugin. -->","yoast_head_json":{"title":"Medien: Br\u00fcssel erw\u00e4gt \u00c4nderung der Beitrittsprozedur f\u00fcr Ukraine und Moldawien - just-now.NEWS Deutschland","robots":{"index":"index","follow":"follow","max-snippet":"max-snippet:-1","max-image-preview":"max-image-preview:large","max-video-preview":"max-video-preview:-1"},"canonical":"https:\/\/now-news.de\/de\/deutschland\/medien-bruessel-erwaegt-aenderung-der-beitrittsprozedur-fuer-ukraine-und-moldawien\/","og_locale":"de_DE","og_type":"article","og_title":"Medien: Br\u00fcssel erw\u00e4gt \u00c4nderung der Beitrittsprozedur f\u00fcr Ukraine und Moldawien","og_description":"Die EU-Kommission will den Vorgang der Beitrittsgespr\u00e4che anpassen, um das ungarische Veto zu umgehen. Laut der &#8220;Financial Times&#8221; m\u00f6chte Br\u00fcssel damit den Beitritt der Ukraine und Moldawiens bef\u00f6rdern und mit der technischen Arbeit an den Antr\u00e4gen der beiden L\u00e4nder beginnen. Die Beh\u00f6rden der Europ\u00e4ischen Union haben entschieden, mit den Vorbereitungen zur technischen Arbeit am Beitrittsprozess [&hellip;]","og_url":"https:\/\/now-news.de\/de\/deutschland\/medien-bruessel-erwaegt-aenderung-der-beitrittsprozedur-fuer-ukraine-und-moldawien\/","og_site_name":"just-now.NEWS Deutschland","article_publisher":"https:\/\/www.facebook.com\/wirmachenauf","article_published_time":"2025-09-30T16:10:37+00:00","og_image":[{"url":"https:\/\/now-news.de\/de\/wp-content\/uploads\/sites\/3\/2025\/09\/68dbd3fdb480cc0cb36bdd89.jpg"}],"author":"rtnews","twitter_card":"summary_large_image","twitter_creator":"@WirMachenAuf_de","twitter_site":"@WirMachenAuf_de","twitter_misc":{"Verfasst von":"rtnews","Gesch\u00e4tzte Lesezeit":"2\u00a0Minuten"},"schema":{"@context":"https:\/\/schema.org","@graph":[{"@type":"Article","@id":"https:\/\/now-news.de\/de\/deutschland\/medien-bruessel-erwaegt-aenderung-der-beitrittsprozedur-fuer-ukraine-und-moldawien\/#article","isPartOf":{"@id":"https:\/\/now-news.de\/de\/deutschland\/medien-bruessel-erwaegt-aenderung-der-beitrittsprozedur-fuer-ukraine-und-moldawien\/"},"author":{"name":"rtnews","@id":"https:\/\/now-news.de\/de\/#\/schema\/person\/fb534a4e865501d8b3285208df34a9b5"},"headline":"Medien: Br\u00fcssel erw\u00e4gt \u00c4nderung der Beitrittsprozedur f\u00fcr Ukraine und Moldawien","datePublished":"2025-09-30T16:10:37+00:00","dateModified":"2025-09-30T16:10:37+00:00","mainEntityOfPage":{"@id":"https:\/\/now-news.de\/de\/deutschland\/medien-bruessel-erwaegt-aenderung-der-beitrittsprozedur-fuer-ukraine-und-moldawien\/"},"wordCount":350,"commentCount":0,"publisher":{"@id":"https:\/\/now-news.de\/de\/#organization"},"image":{"@id":"https:\/\/now-news.de\/de\/deutschland\/medien-bruessel-erwaegt-aenderung-der-beitrittsprozedur-fuer-ukraine-und-moldawien\/#primaryimage"},"thumbnailUrl":"https:\/\/now-news.de\/de\/wp-content\/uploads\/sites\/3\/2025\/09\/Medien-Bruessel-erwaegt-Aenderung-der-Beitrittsprozedur-fuer-Ukraine-und-Moldawien.jpg","keywords":["\u00c4nderung","Beitrittsprozedur","Br\u00fcssel","der","erw\u00e4gt","f\u00fcr","Medien","Moldawien","ukraine","und"],"articleSection":["Deutschland","Russland"],"inLanguage":"de","potentialAction":[{"@type":"CommentAction","name":"Comment","target":["https:\/\/now-news.de\/de\/deutschland\/medien-bruessel-erwaegt-aenderung-der-beitrittsprozedur-fuer-ukraine-und-moldawien\/#respond"]}]},{"@type":"WebPage","@id":"https:\/\/now-news.de\/de\/deutschland\/medien-bruessel-erwaegt-aenderung-der-beitrittsprozedur-fuer-ukraine-und-moldawien\/","url":"https:\/\/now-news.de\/de\/deutschland\/medien-bruessel-erwaegt-aenderung-der-beitrittsprozedur-fuer-ukraine-und-moldawien\/","name":"Medien: Br\u00fcssel erw\u00e4gt \u00c4nderung der Beitrittsprozedur f\u00fcr Ukraine und Moldawien - just-now.NEWS Deutschland","isPartOf":{"@id":"https:\/\/now-news.de\/de\/#website"},"primaryImageOfPage":{"@id":"https:\/\/now-news.de\/de\/deutschland\/medien-bruessel-erwaegt-aenderung-der-beitrittsprozedur-fuer-ukraine-und-moldawien\/#primaryimage"},"image":{"@id":"https:\/\/now-news.de\/de\/deutschland\/medien-bruessel-erwaegt-aenderung-der-beitrittsprozedur-fuer-ukraine-und-moldawien\/#primaryimage"},"thumbnailUrl":"https:\/\/now-news.de\/de\/wp-content\/uploads\/sites\/3\/2025\/09\/Medien-Bruessel-erwaegt-Aenderung-der-Beitrittsprozedur-fuer-Ukraine-und-Moldawien.jpg","datePublished":"2025-09-30T16:10:37+00:00","dateModified":"2025-09-30T16:10:37+00:00","breadcrumb":{"@id":"https:\/\/now-news.de\/de\/deutschland\/medien-bruessel-erwaegt-aenderung-der-beitrittsprozedur-fuer-ukraine-und-moldawien\/#breadcrumb"},"inLanguage":"de","potentialAction":[{"@type":"ReadAction","target":["https:\/\/now-news.de\/de\/deutschland\/medien-bruessel-erwaegt-aenderung-der-beitrittsprozedur-fuer-ukraine-und-moldawien\/"]}]},{"@type":"ImageObject","inLanguage":"de","@id":"https:\/\/now-news.de\/de\/deutschland\/medien-bruessel-erwaegt-aenderung-der-beitrittsprozedur-fuer-ukraine-und-moldawien\/#primaryimage","url":"https:\/\/now-news.de\/de\/wp-content\/uploads\/sites\/3\/2025\/09\/Medien-Bruessel-erwaegt-Aenderung-der-Beitrittsprozedur-fuer-Ukraine-und-Moldawien.jpg","contentUrl":"https:\/\/now-news.de\/de\/wp-content\/uploads\/sites\/3\/2025\/09\/Medien-Bruessel-erwaegt-Aenderung-der-Beitrittsprozedur-fuer-Ukraine-und-Moldawien.jpg","width":460,"height":259,"caption":"Medien: Br\u00fcssel erw\u00e4gt \u00c4nderung der Beitrittsprozedur f\u00fcr Ukraine und Moldawien"},{"@type":"BreadcrumbList","@id":"https:\/\/now-news.de\/de\/deutschland\/medien-bruessel-erwaegt-aenderung-der-beitrittsprozedur-fuer-ukraine-und-moldawien\/#breadcrumb","itemListElement":[{"@type":"ListItem","position":1,"name":"Home","item":"https:\/\/now-news.de\/de\/"},{"@type":"ListItem","position":2,"name":"Medien: Br\u00fcssel erw\u00e4gt \u00c4nderung der Beitrittsprozedur f\u00fcr Ukraine und Moldawien"}]},{"@type":"WebSite","@id":"https:\/\/now-news.de\/de\/#website","url":"https:\/\/now-news.de\/de\/","name":"just-now.NEWS Deutschland","description":"Das Portal f\u00fcr unzensierte Nachrichten aus der Welt","publisher":{"@id":"https:\/\/now-news.de\/de\/#organization"},"potentialAction":[{"@type":"SearchAction","target":{"@type":"EntryPoint","urlTemplate":"https:\/\/now-news.de\/de\/?s={search_term_string}"},"query-input":"required name=search_term_string"}],"inLanguage":"de"},{"@type":"Organization","@id":"https:\/\/now-news.de\/de\/#organization","name":"Just Now News","url":"https:\/\/now-news.de\/de\/","logo":{"@type":"ImageObject","inLanguage":"de","@id":"https:\/\/now-news.de\/de\/#\/schema\/logo\/image\/","url":"http:\/\/just-now.news\/de\/wp-content\/uploads\/sites\/3\/2022\/04\/logo500x500.jpg","contentUrl":"http:\/\/just-now.news\/de\/wp-content\/uploads\/sites\/3\/2022\/04\/logo500x500.jpg","width":500,"height":500,"caption":"Just Now News"},"image":{"@id":"https:\/\/now-news.de\/de\/#\/schema\/logo\/image\/"},"sameAs":["https:\/\/www.facebook.com\/wirmachenauf","https:\/\/x.com\/WirMachenAuf_de"]},{"@type":"Person","@id":"https:\/\/now-news.de\/de\/#\/schema\/person\/fb534a4e865501d8b3285208df34a9b5","name":"rtnews","image":{"@type":"ImageObject","inLanguage":"de","@id":"https:\/\/now-news.de\/de\/#\/schema\/person\/image\/","url":"https:\/\/secure.gravatar.com\/avatar\/82aafea7d8127119dd649515f56e2117?s=96&d=mm&r=g","contentUrl":"https:\/\/secure.gravatar.com\/avatar\/82aafea7d8127119dd649515f56e2117?s=96&d=mm&r=g","caption":"rtnews"},"url":"https:\/\/now-news.de\/de\/author\/rnews\/"}]}},"_links":{"self":[{"href":"https:\/\/now-news.de\/de\/wp-json\/wp\/v2\/posts\/91436"}],"collection":[{"href":"https:\/\/now-news.de\/de\/wp-json\/wp\/v2\/posts"}],"about":[{"href":"https:\/\/now-news.de\/de\/wp-json\/wp\/v2\/types\/post"}],"author":[{"embeddable":true,"href":"https:\/\/now-news.de\/de\/wp-json\/wp\/v2\/users\/3"}],"replies":[{"embeddable":true,"href":"https:\/\/now-news.de\/de\/wp-json\/wp\/v2\/comments?post=91436"}],"version-history":[{"count":0,"href":"https:\/\/now-news.de\/de\/wp-json\/wp\/v2\/posts\/91436\/revisions"}],"wp:featuredmedia":[{"embeddable":true,"href":"https:\/\/now-news.de\/de\/wp-json\/wp\/v2\/media\/91437"}],"wp:attachment":[{"href":"https:\/\/now-news.de\/de\/wp-json\/wp\/v2\/media?parent=91436"}],"wp:term":[{"taxonomy":"category","embeddable":true,"href":"https:\/\/now-news.de\/de\/wp-json\/wp\/v2\/categories?post=91436"},{"taxonomy":"post_tag","embeddable":true,"href":"https:\/\/now-news.de\/de\/wp-json\/wp\/v2\/tags?post=91436"}],"curies":[{"name":"wp","href":"https:\/\/api.w.org\/{rel}","templated":true}]}}