{"id":91424,"date":"2025-09-30T16:07:21","date_gmt":"2025-09-30T14:07:21","guid":{"rendered":"https:\/\/now-news.de\/de\/deutschland\/tschechien-waehlt-streit-um-waffen-fuer-ukraine-spaltet-lager\/"},"modified":"2025-09-30T16:07:21","modified_gmt":"2025-09-30T14:07:21","slug":"tschechien-waehlt-streit-um-waffen-fuer-ukraine-spaltet-lager","status":"publish","type":"post","link":"https:\/\/now-news.de\/de\/deutschland\/tschechien-waehlt-streit-um-waffen-fuer-ukraine-spaltet-lager\/","title":{"rendered":"Tschechien w\u00e4hlt \u2013 Streit um Waffen f\u00fcr Ukraine spaltet Lager"},"content":{"rendered":"<div class=\"Text-root Text-type_1 \">\n                Der Ukraine-Krieg spaltet das Land: Der amtierende Ministerpr\u00e4sident Fiala warnt vor einem Abdriften in den Osten, w\u00e4hrend der Oppositionsf\u00fchrer Babi\u0161 auf den Trump-Kurs setzt und die Milit\u00e4rhilfe f\u00fcr Kiew infrage stellt.\n            <\/div>\n<p><\/p>\n<div class=\"Text-root Text-type_5 ArticleView-text ViewText-root \">\n<p data-start=\"174\" data-end=\"654\">Noch nie zuvor stand in Tschechien ein au\u00dfenpolitisches Thema so stark im Zentrum eines Wahlkampfs wie in diesem Herbst. Der Ukraine-Konflikt ist zur Projektionsfl\u00e4che einer Richtungsentscheidung geworden. W\u00e4hrend die liberal-konservative Regierungskoalition vor einer\u00a0Abkehr von westlichen Interessen warnt, setzt Oppositionsf\u00fchrer Andrej Babi\u0161 auf eine populistische Linie nach dem Vorbild Donald Trumps und stellt die milit\u00e4rische Unterst\u00fctzung f\u00fcr Kiew infrage.<\/p>\n<p data-start=\"656\" data-end=\"1061\">Ministerpr\u00e4sident Petr Fiala, Vorsitzender der B\u00fcrgerdemokraten (ODS) und des Wahlb\u00fcndnisses Spolu, bezeichnet die Abstimmung am 3. und 4. Oktober als Schicksalswahl.<\/p>\n<blockquote>\n<p data-start=\"656\" data-end=\"1061\"><em>&#8220;Jetzt geht es um alles&#8221;, hei\u00dft es im Wahlprogramm.<\/em><\/p>\n<\/blockquote>\n<p data-start=\"656\" data-end=\"1061\">Fiala wirft Teilen der Opposition vor, Tschechien zum Gehorsam gegen\u00fcber Russland verpflichten zu wollen \u2013 und damit Freiheit, Demokratie und die eigenst\u00e4ndige Au\u00dfenpolitik aufs Spiel zu setzen.<\/p>\n<figure class=\"RTImage-root\">\n<div class=\"RTImage-image RTImage-original\"><picture class=\"Picture-root Picture-original\"><!--[if IE 9]><video style=\"display: none;\"><![endif]--><source media=\"(-webkit-min-device-pixel-ratio: 2) and (min-resolution: 120dpi)\" data-srcset=\" \nhttps:\/\/now-news.de\/de\/wp-content\/uploads\/sites\/3\/2025\/09\/68db915b48fbef4af429df8f.jpg 850w,\n                https:\/\/now-news.de\/de\/wp-content\/uploads\/sites\/3\/2025\/09\/68db915b48fbef4af429df8f.jpg 1960w,            \" ><source data-srcset=\" \nhttps:\/\/now-news.de\/de\/wp-content\/uploads\/sites\/3\/2025\/09\/68db915b48fbef4af429df8f.jpg 460w,\n              https:\/\/now-news.de\/de\/wp-content\/uploads\/sites\/3\/2025\/09\/68db915b48fbef4af429df8f.jpg 980w,\n            \" ><!--[if IE 9]><\/video><![endif]--><img decoding=\"async\" data- src=\"data:image\/png;base64,iVBORw0KGgoAAAANSUhEUgAAABAAAAAJCAQAAACRI2S5AAAAEElEQVR42mNkIAAYRxWAAQAG9gAKqv6+AwAAAABJRU5ErkJggg==\" class=\"Picture-root Picture-original lazyload\" data-src=\"https:\/\/now-news.de\/de\/wp-content\/uploads\/sites\/3\/2025\/09\/68db915b48fbef4af429df8f.jpg\" alt=\"\"><\/source><\/source><\/picture><!-- noscript pattern --><noscript><img decoding=\"async\" src=\"https:\/\/now-news.de\/de\/wp-content\/uploads\/sites\/3\/2025\/09\/68db915b48fbef4af429df8f.jpg\" alt=\"\"><\/noscript><\/div><figcaption class=\"RTImage-footer\"><span class=\"RTImage-caption\"><span class=\"RTImage-captionItem\">Babi\u0161 klar vorne \u2013 Ukraine-Hilfe unter Beobachtung<\/span><\/span><span class=\"RTImage-source\"><span class=\"RTImage-captionItem\">Ameer Alhalbi<\/span><span class=\"RTImage-captionItem\"> \/ Gettyimages.ru<\/span><\/span><\/figcaption><\/figure>\n<p data-start=\"1063\" data-end=\"1440\">Die Bewegung ANO von Ex-Premier Andrej Babi\u0161, in den Umfragen klar f\u00fchrend, verfolgt eine andere Strategie. Babi\u0161 verteilt rote Kappen mit der Aufschrift &#8220;Starkes Tschechien&#8221; und vermeidet klare Aussagen zum Ukraine-Konflikt. Er betont, dass der Konflikt &#8220;beendet werden m\u00fcsse&#8221;, lehnt konkrete Hilfspl\u00e4ne f\u00fcr Kiew aber ab, darunter die von Prag initiierte Munitionslieferung.<\/p>\n<figure class=\"RTImage-root\">\n<div class=\"RTImage-image RTImage-original\"><picture class=\"Picture-root Picture-original\"><!--[if IE 9]><video style=\"display: none;\"><![endif]--><source media=\"(-webkit-min-device-pixel-ratio: 2) and (min-resolution: 120dpi)\" data-srcset=\" \nhttps:\/\/now-news.de\/de\/wp-content\/uploads\/sites\/3\/2025\/09\/68db92f048fbef3e7b489b18.jpeg 850w,\n                https:\/\/now-news.de\/de\/wp-content\/uploads\/sites\/3\/2025\/09\/68db92f048fbef3e7b489b18.jpeg 1960w,            \" ><source data-srcset=\" \nhttps:\/\/now-news.de\/de\/wp-content\/uploads\/sites\/3\/2025\/09\/68db92f048fbef3e7b489b18.jpeg 460w,\n              https:\/\/now-news.de\/de\/wp-content\/uploads\/sites\/3\/2025\/09\/68db92f048fbef3e7b489b18.jpeg 980w,\n            \" ><!--[if IE 9]><\/video><![endif]--><img decoding=\"async\" data- src=\"data:image\/png;base64,iVBORw0KGgoAAAANSUhEUgAAABAAAAAJCAQAAACRI2S5AAAAEElEQVR42mNkIAAYRxWAAQAG9gAKqv6+AwAAAABJRU5ErkJggg==\" class=\"Picture-root Picture-original lazyload\" data-src=\"https:\/\/now-news.de\/de\/wp-content\/uploads\/sites\/3\/2025\/09\/68db92f048fbef3e7b489b18.jpeg\" alt=\"\"><\/source><\/source><\/picture><!-- noscript pattern --><noscript><img decoding=\"async\" src=\"https:\/\/now-news.de\/de\/wp-content\/uploads\/sites\/3\/2025\/09\/68db92f048fbef3e7b489b18.jpeg\" alt=\"\"><\/noscript><\/div><figcaption class=\"RTImage-footer\"><span class=\"RTImage-caption\"><span class=\"RTImage-captionItem\">Babi\u0161 im Trump-Modus \u2013 Prag stellt EU-orientierte Politik infrage<\/span><\/span><span class=\"RTImage-source\"><a rel=\"nofollow noopener\" target=\"_blank\" class=\"RTImage-captionItem Link-root\" href=\"https:\/\/vikend.hn.cz\/c1-66844160-zblaznil-se-donald-trump-a-muze-se-to-andreji-babisovi-stat-taky\">Printscreen Vikend.hn.cz<\/a><\/span><\/figcaption><\/figure>\n<p data-start=\"1442\" data-end=\"1980\">Laut Umfragen liegt ANO mit 30 bis 33 Prozent deutlich vor der Regierungskoalition. Eine R\u00fcckkehr von Babi\u0161 ins Amt des\u00a0Ministerpr\u00e4sidenten gilt daher als wahrscheinlich.<\/p>\n<p data-start=\"1442\" data-end=\"1980\">F\u00fcr eine parlamentarische Mehrheit ist er jedoch auf Koalitionspartner angewiesen, vor allem die\u00a0konservative SPD von Tomio Okamura sowie die neu gegr\u00fcndete Partei der &#8220;Motoristen&#8221;. Sollte die rechnerische Mehrheit nicht ausreichen, k\u00f6nnte die Regierungsbildung kompliziert werden. Da ANO aber voraussichtlich st\u00e4rkste Partei wird, ist Babi\u0161 f\u00fcr die Regierungsbildung gesetzt.<\/p>\n<p data-start=\"1982\" data-end=\"2317\">Staatspr\u00e4sident Petr Pavel mischt sich ebenfalls ein. Er erkl\u00e4rte, keinen Politiker zu berufen, der Tschechien aus der EU oder NATO f\u00fchren wolle, und forderte die Ukraine auf, ihre Ziele im Konflikt realistisch zu betrachten und die M\u00f6glichkeit zu akzeptieren, dass Teile des Landes auf absehbare Zeit unter russischer Kontrolle bleiben.<\/p>\n<p data-start=\"53\" data-end=\"110\"><strong data-start=\"53\" data-end=\"108\">Tschechische Rentner k\u00e4mpfen mit steigenden Preisen<\/strong><\/p>\n<p data-start=\"112\" data-end=\"644\">Viele Rentner in Tschechien zeigen sich unzufrieden mit der aktuellen Regierung. Zwei Jahre nach der Begrenzung der j\u00e4hrlichen Rentenerh\u00f6hungen durch die Fiala-Regierung f\u00fchlen sich zahlreiche Senioren finanziell benachteiligt. Hohe Lebenshaltungskosten, langsames Wirtschaftswachstum und die Inflation belasten vor allem \u00e4ltere B\u00fcrger, die sich zunehmend entt\u00e4uscht von der Politik zeigen. Experten sehen darin einen zentralen Faktor, der das Wahlverhalten der Rentner bei den bevorstehenden Parlamentswahlen beeinflussen k\u00f6nnte.<\/p>\n<figure class=\"RTImage-root\">\n<div class=\"RTImage-image RTImage-original\"><picture class=\"Picture-root Picture-original\"><!--[if IE 9]><video style=\"display: none;\"><![endif]--><source media=\"(-webkit-min-device-pixel-ratio: 2) and (min-resolution: 120dpi)\" data-srcset=\" \nhttps:\/\/now-news.de\/de\/wp-content\/uploads\/sites\/3\/2025\/09\/68db9a21b480cc59741eed75.jpg 850w,\n                https:\/\/now-news.de\/de\/wp-content\/uploads\/sites\/3\/2025\/09\/68db9a21b480cc59741eed75.jpg 1960w,            \" ><source data-srcset=\" \nhttps:\/\/now-news.de\/de\/wp-content\/uploads\/sites\/3\/2025\/09\/68db9a21b480cc59741eed75.jpg 460w,\n              https:\/\/now-news.de\/de\/wp-content\/uploads\/sites\/3\/2025\/09\/68db9a21b480cc59741eed75.jpg 980w,\n            \" ><!--[if IE 9]><\/video><![endif]--><img decoding=\"async\" data- src=\"data:image\/png;base64,iVBORw0KGgoAAAANSUhEUgAAABAAAAAJCAQAAACRI2S5AAAAEElEQVR42mNkIAAYRxWAAQAG9gAKqv6+AwAAAABJRU5ErkJggg==\" class=\"Picture-root Picture-original lazyload\" data-src=\"https:\/\/now-news.de\/de\/wp-content\/uploads\/sites\/3\/2025\/09\/68db9a21b480cc59741eed75.jpg\" alt=\"\"><\/source><\/source><\/picture><!-- noscript pattern --><noscript><img decoding=\"async\" src=\"https:\/\/now-news.de\/de\/wp-content\/uploads\/sites\/3\/2025\/09\/68db9a21b480cc59741eed75.jpg\" alt=\"\"><\/noscript><\/div><figcaption class=\"RTImage-footer\"><span class=\"RTImage-caption\"><span class=\"RTImage-captionItem\">Gegen Migration, f\u00fcr Souver\u00e4nit\u00e4t: Babi\u0161 orientiert sich an Orb\u00e1n<\/span><\/span><span class=\"RTImage-source\"><span class=\"RTImage-captionItem\">Gabriel Kuchta<\/span><span class=\"RTImage-captionItem\"> \/ Gettyimages.ru<\/span><\/span><\/figcaption><\/figure>\n<p data-start=\"164\" data-end=\"542\">Der ehemalige tschechische Ministerpr\u00e4sident Andrej Babi\u0161, 71, strebt bei den Parlamentswahlen im Oktober ein Comeback an. Der milliardenschwere Agrarunternehmer, oft als prorussisch eingesch\u00e4tzt, setzt auf die Interessen tschechischer Bauern, lehnt eine \u00fcberm\u00e4\u00dfige Unterst\u00fctzung der Ukraine und des Selenskij-Regimes ab und verfolgt eine klar rechtsgerichtete, euroskeptische Linie.<\/p>\n<p data-start=\"544\" data-end=\"1079\">Eine R\u00fcckkehr von Babi\u0161 k\u00f6nnte die Visegrad-Allianz (Tschechien, Slowakei, Ungarn, Polen) neu beleben und das europ\u00e4ische Gleichgewicht zugunsten euroskeptischer Kr\u00e4fte verschieben. Trotz seines gelassenen Auftretens, bei dem er betont, das Amt sei wichtiger f\u00fcr das Land als f\u00fcr ihn selbst, gilt er bei Weggef\u00e4hrten als ehrgeiziger, unbeirrbarer &#8220;Bulldozer&#8221;, der Anh\u00e4nger mobilisiert. Schon 2013 brachte dieser Stil seine junge ANO-Partei \u00fcberraschend nah an den Wahlsieg. Medien\u00fcbernahmen brachten ihm den Spitznamen &#8220;Babisconi&#8221; ein.<\/p>\n<p data-start=\"1081\" data-end=\"1476\">Babi\u0161 kritisiert die Regierung f\u00fcr Rentenreformen, Sozialk\u00fcrzungen und die Lieferung von Waffen an die Ukraine. Sollte er gew\u00e4hlt werden, will er diese Unterst\u00fctzung aussetzen und den Fokus auf tschechische Interessen legen. Der Wahlkampf ist erbittert: Fiala stellt\u00a0seinen Kontrahenten als Risiko f\u00fcr EU- und NATO-Bindung dar, w\u00e4hrend Babi\u0161 als Stimme der nationalen Landwirtschaft und Souver\u00e4nit\u00e4t auftritt.<\/p>\n<p data-start=\"1478\" data-end=\"1541\">In den j\u00fcngsten Umfragen liegt die Oppositionspartei von\u00a0Babi\u0161 vorn.<\/p>\n<p data-start=\"1982\" data-end=\"2317\"><strong>Mehr zum Thema<\/strong>\u00a0\u2013\u00a0<a rel=\"nofollow noopener\" target=\"_blank\" href=\"https:\/\/freedert.online\/europa\/257355-wie-im-drehbuch-unbekannte-drohnenfluege\/\">Wie im Drehbuch: Unbekannte Drohnenfl\u00fcge \u2013 EU und NATO planen &#8220;einheitliche Antwort&#8221; f\u00fcr Russland<\/a><\/p>\n<div class=\"EmbedBlock-root EmbedBlock-externalVideo EmbedBlock-rumble\">\n<div class=\"VkEmbed\"><iframe class=\"lazyload\" data-src=\"https:\/\/rumble.com\/embed\/v6tkdcf\" frameborder=\"0\" width=\"853\" height=\"480\" allowfullscreen><\/iframe><\/div>\n<\/div>\n<\/div>\n<p><br \/>\n<br \/><a href=\"https:\/\/de.rt.com\/europa\/257485-tschechien-vor-schicksalswahl\/\">Source link <\/a><\/p>\n","protected":false},"excerpt":{"rendered":"<p>Der Ukraine-Krieg spaltet das Land: Der amtierende Ministerpr\u00e4sident Fiala warnt vor einem Abdriften in den Osten, w\u00e4hrend der Oppositionsf\u00fchrer Babi\u0161 auf den Trump-Kurs setzt und die Milit\u00e4rhilfe f\u00fcr Kiew infrage stellt. Noch nie zuvor stand in Tschechien ein au\u00dfenpolitisches Thema so stark im Zentrum eines Wahlkampfs wie in diesem Herbst. Der Ukraine-Konflikt ist zur Projektionsfl\u00e4che [&hellip;]<\/p>\n","protected":false},"author":3,"featured_media":91425,"comment_status":"open","ping_status":"open","sticky":false,"template":"","format":"standard","meta":{"_yoast_indexnow_last_ping":["1759241782"],"wp_automatic_camp":["217"],"5f34d610fdb9fee587b87d8a12788c95":["Tschechien w\u00e4hlt \u2013 Streit um Waffen f\u00fcr Ukraine spaltet Lager"],"original_link":["https:\/\/de.rt.com\/europa\/257485-tschechien-vor-schicksalswahl\/"],"_thumbnail_id":["91425"],"jnews_social_counter_last_update":["1777093558"],"_wptgpro_p2tg_sent2tg":["a:1:{i:23737;s:19:\"2025-09-30 16:17:25\";}"]},"categories":[19,23],"tags":[221,30132,25767,8148,32609,127,1023,25164],"yoast_head":"<!-- This site is optimized with the Yoast SEO Premium plugin v22.7 (Yoast SEO v22.7) - https:\/\/yoast.com\/wordpress\/plugins\/seo\/ -->\n<title>Tschechien w\u00e4hlt \u2013 Streit um Waffen f\u00fcr Ukraine spaltet Lager - just-now.NEWS Deutschland<\/title>\n<meta name=\"robots\" content=\"index, follow, max-snippet:-1, max-image-preview:large, max-video-preview:-1\" \/>\n<link rel=\"canonical\" href=\"https:\/\/now-news.de\/de\/deutschland\/tschechien-waehlt-streit-um-waffen-fuer-ukraine-spaltet-lager\/\" \/>\n<meta property=\"og:locale\" content=\"de_DE\" \/>\n<meta property=\"og:type\" content=\"article\" \/>\n<meta property=\"og:title\" content=\"Tschechien w\u00e4hlt \u2013 Streit um Waffen f\u00fcr Ukraine spaltet Lager\" \/>\n<meta property=\"og:description\" content=\"Der Ukraine-Krieg spaltet das Land: Der amtierende Ministerpr\u00e4sident Fiala warnt vor einem Abdriften in den Osten, w\u00e4hrend der Oppositionsf\u00fchrer Babi\u0161 auf den Trump-Kurs setzt und die Milit\u00e4rhilfe f\u00fcr Kiew infrage stellt. Noch nie zuvor stand in Tschechien ein au\u00dfenpolitisches Thema so stark im Zentrum eines Wahlkampfs wie in diesem Herbst. Der Ukraine-Konflikt ist zur Projektionsfl\u00e4che [&hellip;]\" \/>\n<meta property=\"og:url\" content=\"https:\/\/now-news.de\/de\/deutschland\/tschechien-waehlt-streit-um-waffen-fuer-ukraine-spaltet-lager\/\" \/>\n<meta property=\"og:site_name\" content=\"just-now.NEWS Deutschland\" \/>\n<meta property=\"article:publisher\" content=\"https:\/\/www.facebook.com\/wirmachenauf\" \/>\n<meta property=\"article:published_time\" content=\"2025-09-30T14:07:21+00:00\" \/>\n<meta property=\"og:image\" content=\"https:\/\/now-news.de\/de\/wp-content\/uploads\/sites\/3\/2025\/09\/68db915b48fbef4af429df8f.jpg\" \/>\n<meta name=\"author\" content=\"rtnews\" \/>\n<meta name=\"twitter:card\" content=\"summary_large_image\" \/>\n<meta name=\"twitter:creator\" content=\"@WirMachenAuf_de\" \/>\n<meta name=\"twitter:site\" content=\"@WirMachenAuf_de\" \/>\n<meta name=\"twitter:label1\" content=\"Verfasst von\" \/>\n\t<meta name=\"twitter:data1\" content=\"rtnews\" \/>\n\t<meta name=\"twitter:label2\" content=\"Gesch\u00e4tzte Lesezeit\" \/>\n\t<meta name=\"twitter:data2\" content=\"3\u00a0Minuten\" \/>\n<script type=\"application\/ld+json\" class=\"yoast-schema-graph\">{\"@context\":\"https:\/\/schema.org\",\"@graph\":[{\"@type\":\"Article\",\"@id\":\"https:\/\/now-news.de\/de\/deutschland\/tschechien-waehlt-streit-um-waffen-fuer-ukraine-spaltet-lager\/#article\",\"isPartOf\":{\"@id\":\"https:\/\/now-news.de\/de\/deutschland\/tschechien-waehlt-streit-um-waffen-fuer-ukraine-spaltet-lager\/\"},\"author\":{\"name\":\"rtnews\",\"@id\":\"https:\/\/now-news.de\/de\/#\/schema\/person\/fb534a4e865501d8b3285208df34a9b5\"},\"headline\":\"Tschechien w\u00e4hlt \u2013 Streit um Waffen f\u00fcr Ukraine spaltet Lager\",\"datePublished\":\"2025-09-30T14:07:21+00:00\",\"dateModified\":\"2025-09-30T14:07:21+00:00\",\"mainEntityOfPage\":{\"@id\":\"https:\/\/now-news.de\/de\/deutschland\/tschechien-waehlt-streit-um-waffen-fuer-ukraine-spaltet-lager\/\"},\"wordCount\":704,\"commentCount\":0,\"publisher\":{\"@id\":\"https:\/\/now-news.de\/de\/#organization\"},\"image\":{\"@id\":\"https:\/\/now-news.de\/de\/deutschland\/tschechien-waehlt-streit-um-waffen-fuer-ukraine-spaltet-lager\/#primaryimage\"},\"thumbnailUrl\":\"https:\/\/now-news.de\/de\/wp-content\/uploads\/sites\/3\/2025\/09\/Tschechien-waehlt-\u2013-Streit-um-Waffen-fuer-Ukraine-spaltet-Lager.jpg\",\"keywords\":[\"f\u00fcr\",\"Lager\",\"spaltet\",\"Streit\",\"Tschechien\",\"ukraine\",\"Waffen\",\"w\u00e4hlt\"],\"articleSection\":[\"Deutschland\",\"Russland\"],\"inLanguage\":\"de\",\"potentialAction\":[{\"@type\":\"CommentAction\",\"name\":\"Comment\",\"target\":[\"https:\/\/now-news.de\/de\/deutschland\/tschechien-waehlt-streit-um-waffen-fuer-ukraine-spaltet-lager\/#respond\"]}]},{\"@type\":\"WebPage\",\"@id\":\"https:\/\/now-news.de\/de\/deutschland\/tschechien-waehlt-streit-um-waffen-fuer-ukraine-spaltet-lager\/\",\"url\":\"https:\/\/now-news.de\/de\/deutschland\/tschechien-waehlt-streit-um-waffen-fuer-ukraine-spaltet-lager\/\",\"name\":\"Tschechien w\u00e4hlt \u2013 Streit um Waffen f\u00fcr Ukraine spaltet Lager - just-now.NEWS Deutschland\",\"isPartOf\":{\"@id\":\"https:\/\/now-news.de\/de\/#website\"},\"primaryImageOfPage\":{\"@id\":\"https:\/\/now-news.de\/de\/deutschland\/tschechien-waehlt-streit-um-waffen-fuer-ukraine-spaltet-lager\/#primaryimage\"},\"image\":{\"@id\":\"https:\/\/now-news.de\/de\/deutschland\/tschechien-waehlt-streit-um-waffen-fuer-ukraine-spaltet-lager\/#primaryimage\"},\"thumbnailUrl\":\"https:\/\/now-news.de\/de\/wp-content\/uploads\/sites\/3\/2025\/09\/Tschechien-waehlt-\u2013-Streit-um-Waffen-fuer-Ukraine-spaltet-Lager.jpg\",\"datePublished\":\"2025-09-30T14:07:21+00:00\",\"dateModified\":\"2025-09-30T14:07:21+00:00\",\"breadcrumb\":{\"@id\":\"https:\/\/now-news.de\/de\/deutschland\/tschechien-waehlt-streit-um-waffen-fuer-ukraine-spaltet-lager\/#breadcrumb\"},\"inLanguage\":\"de\",\"potentialAction\":[{\"@type\":\"ReadAction\",\"target\":[\"https:\/\/now-news.de\/de\/deutschland\/tschechien-waehlt-streit-um-waffen-fuer-ukraine-spaltet-lager\/\"]}]},{\"@type\":\"ImageObject\",\"inLanguage\":\"de\",\"@id\":\"https:\/\/now-news.de\/de\/deutschland\/tschechien-waehlt-streit-um-waffen-fuer-ukraine-spaltet-lager\/#primaryimage\",\"url\":\"https:\/\/now-news.de\/de\/wp-content\/uploads\/sites\/3\/2025\/09\/Tschechien-waehlt-\u2013-Streit-um-Waffen-fuer-Ukraine-spaltet-Lager.jpg\",\"contentUrl\":\"https:\/\/now-news.de\/de\/wp-content\/uploads\/sites\/3\/2025\/09\/Tschechien-waehlt-\u2013-Streit-um-Waffen-fuer-Ukraine-spaltet-Lager.jpg\",\"width\":1620,\"height\":1080,\"caption\":\"Tschechien w\u00e4hlt \u2013 Streit um Waffen f\u00fcr Ukraine spaltet Lager\"},{\"@type\":\"BreadcrumbList\",\"@id\":\"https:\/\/now-news.de\/de\/deutschland\/tschechien-waehlt-streit-um-waffen-fuer-ukraine-spaltet-lager\/#breadcrumb\",\"itemListElement\":[{\"@type\":\"ListItem\",\"position\":1,\"name\":\"Home\",\"item\":\"https:\/\/now-news.de\/de\/\"},{\"@type\":\"ListItem\",\"position\":2,\"name\":\"Tschechien w\u00e4hlt \u2013 Streit um Waffen f\u00fcr Ukraine spaltet Lager\"}]},{\"@type\":\"WebSite\",\"@id\":\"https:\/\/now-news.de\/de\/#website\",\"url\":\"https:\/\/now-news.de\/de\/\",\"name\":\"just-now.NEWS Deutschland\",\"description\":\"Das Portal f\u00fcr unzensierte Nachrichten aus der Welt\",\"publisher\":{\"@id\":\"https:\/\/now-news.de\/de\/#organization\"},\"potentialAction\":[{\"@type\":\"SearchAction\",\"target\":{\"@type\":\"EntryPoint\",\"urlTemplate\":\"https:\/\/now-news.de\/de\/?s={search_term_string}\"},\"query-input\":\"required name=search_term_string\"}],\"inLanguage\":\"de\"},{\"@type\":\"Organization\",\"@id\":\"https:\/\/now-news.de\/de\/#organization\",\"name\":\"Just Now News\",\"url\":\"https:\/\/now-news.de\/de\/\",\"logo\":{\"@type\":\"ImageObject\",\"inLanguage\":\"de\",\"@id\":\"https:\/\/now-news.de\/de\/#\/schema\/logo\/image\/\",\"url\":\"http:\/\/just-now.news\/de\/wp-content\/uploads\/sites\/3\/2022\/04\/logo500x500.jpg\",\"contentUrl\":\"http:\/\/just-now.news\/de\/wp-content\/uploads\/sites\/3\/2022\/04\/logo500x500.jpg\",\"width\":500,\"height\":500,\"caption\":\"Just Now News\"},\"image\":{\"@id\":\"https:\/\/now-news.de\/de\/#\/schema\/logo\/image\/\"},\"sameAs\":[\"https:\/\/www.facebook.com\/wirmachenauf\",\"https:\/\/x.com\/WirMachenAuf_de\"]},{\"@type\":\"Person\",\"@id\":\"https:\/\/now-news.de\/de\/#\/schema\/person\/fb534a4e865501d8b3285208df34a9b5\",\"name\":\"rtnews\",\"image\":{\"@type\":\"ImageObject\",\"inLanguage\":\"de\",\"@id\":\"https:\/\/now-news.de\/de\/#\/schema\/person\/image\/\",\"url\":\"https:\/\/secure.gravatar.com\/avatar\/82aafea7d8127119dd649515f56e2117?s=96&d=mm&r=g\",\"contentUrl\":\"https:\/\/secure.gravatar.com\/avatar\/82aafea7d8127119dd649515f56e2117?s=96&d=mm&r=g\",\"caption\":\"rtnews\"},\"url\":\"https:\/\/now-news.de\/de\/author\/rnews\/\"}]}<\/script>\n<!-- \/ Yoast SEO Premium plugin. -->","yoast_head_json":{"title":"Tschechien w\u00e4hlt \u2013 Streit um Waffen f\u00fcr Ukraine spaltet Lager - just-now.NEWS Deutschland","robots":{"index":"index","follow":"follow","max-snippet":"max-snippet:-1","max-image-preview":"max-image-preview:large","max-video-preview":"max-video-preview:-1"},"canonical":"https:\/\/now-news.de\/de\/deutschland\/tschechien-waehlt-streit-um-waffen-fuer-ukraine-spaltet-lager\/","og_locale":"de_DE","og_type":"article","og_title":"Tschechien w\u00e4hlt \u2013 Streit um Waffen f\u00fcr Ukraine spaltet Lager","og_description":"Der Ukraine-Krieg spaltet das Land: Der amtierende Ministerpr\u00e4sident Fiala warnt vor einem Abdriften in den Osten, w\u00e4hrend der Oppositionsf\u00fchrer Babi\u0161 auf den Trump-Kurs setzt und die Milit\u00e4rhilfe f\u00fcr Kiew infrage stellt. Noch nie zuvor stand in Tschechien ein au\u00dfenpolitisches Thema so stark im Zentrum eines Wahlkampfs wie in diesem Herbst. Der Ukraine-Konflikt ist zur Projektionsfl\u00e4che [&hellip;]","og_url":"https:\/\/now-news.de\/de\/deutschland\/tschechien-waehlt-streit-um-waffen-fuer-ukraine-spaltet-lager\/","og_site_name":"just-now.NEWS Deutschland","article_publisher":"https:\/\/www.facebook.com\/wirmachenauf","article_published_time":"2025-09-30T14:07:21+00:00","og_image":[{"url":"https:\/\/now-news.de\/de\/wp-content\/uploads\/sites\/3\/2025\/09\/68db915b48fbef4af429df8f.jpg"}],"author":"rtnews","twitter_card":"summary_large_image","twitter_creator":"@WirMachenAuf_de","twitter_site":"@WirMachenAuf_de","twitter_misc":{"Verfasst von":"rtnews","Gesch\u00e4tzte Lesezeit":"3\u00a0Minuten"},"schema":{"@context":"https:\/\/schema.org","@graph":[{"@type":"Article","@id":"https:\/\/now-news.de\/de\/deutschland\/tschechien-waehlt-streit-um-waffen-fuer-ukraine-spaltet-lager\/#article","isPartOf":{"@id":"https:\/\/now-news.de\/de\/deutschland\/tschechien-waehlt-streit-um-waffen-fuer-ukraine-spaltet-lager\/"},"author":{"name":"rtnews","@id":"https:\/\/now-news.de\/de\/#\/schema\/person\/fb534a4e865501d8b3285208df34a9b5"},"headline":"Tschechien w\u00e4hlt \u2013 Streit um Waffen f\u00fcr Ukraine spaltet Lager","datePublished":"2025-09-30T14:07:21+00:00","dateModified":"2025-09-30T14:07:21+00:00","mainEntityOfPage":{"@id":"https:\/\/now-news.de\/de\/deutschland\/tschechien-waehlt-streit-um-waffen-fuer-ukraine-spaltet-lager\/"},"wordCount":704,"commentCount":0,"publisher":{"@id":"https:\/\/now-news.de\/de\/#organization"},"image":{"@id":"https:\/\/now-news.de\/de\/deutschland\/tschechien-waehlt-streit-um-waffen-fuer-ukraine-spaltet-lager\/#primaryimage"},"thumbnailUrl":"https:\/\/now-news.de\/de\/wp-content\/uploads\/sites\/3\/2025\/09\/Tschechien-waehlt-\u2013-Streit-um-Waffen-fuer-Ukraine-spaltet-Lager.jpg","keywords":["f\u00fcr","Lager","spaltet","Streit","Tschechien","ukraine","Waffen","w\u00e4hlt"],"articleSection":["Deutschland","Russland"],"inLanguage":"de","potentialAction":[{"@type":"CommentAction","name":"Comment","target":["https:\/\/now-news.de\/de\/deutschland\/tschechien-waehlt-streit-um-waffen-fuer-ukraine-spaltet-lager\/#respond"]}]},{"@type":"WebPage","@id":"https:\/\/now-news.de\/de\/deutschland\/tschechien-waehlt-streit-um-waffen-fuer-ukraine-spaltet-lager\/","url":"https:\/\/now-news.de\/de\/deutschland\/tschechien-waehlt-streit-um-waffen-fuer-ukraine-spaltet-lager\/","name":"Tschechien w\u00e4hlt \u2013 Streit um Waffen f\u00fcr Ukraine spaltet Lager - just-now.NEWS Deutschland","isPartOf":{"@id":"https:\/\/now-news.de\/de\/#website"},"primaryImageOfPage":{"@id":"https:\/\/now-news.de\/de\/deutschland\/tschechien-waehlt-streit-um-waffen-fuer-ukraine-spaltet-lager\/#primaryimage"},"image":{"@id":"https:\/\/now-news.de\/de\/deutschland\/tschechien-waehlt-streit-um-waffen-fuer-ukraine-spaltet-lager\/#primaryimage"},"thumbnailUrl":"https:\/\/now-news.de\/de\/wp-content\/uploads\/sites\/3\/2025\/09\/Tschechien-waehlt-\u2013-Streit-um-Waffen-fuer-Ukraine-spaltet-Lager.jpg","datePublished":"2025-09-30T14:07:21+00:00","dateModified":"2025-09-30T14:07:21+00:00","breadcrumb":{"@id":"https:\/\/now-news.de\/de\/deutschland\/tschechien-waehlt-streit-um-waffen-fuer-ukraine-spaltet-lager\/#breadcrumb"},"inLanguage":"de","potentialAction":[{"@type":"ReadAction","target":["https:\/\/now-news.de\/de\/deutschland\/tschechien-waehlt-streit-um-waffen-fuer-ukraine-spaltet-lager\/"]}]},{"@type":"ImageObject","inLanguage":"de","@id":"https:\/\/now-news.de\/de\/deutschland\/tschechien-waehlt-streit-um-waffen-fuer-ukraine-spaltet-lager\/#primaryimage","url":"https:\/\/now-news.de\/de\/wp-content\/uploads\/sites\/3\/2025\/09\/Tschechien-waehlt-\u2013-Streit-um-Waffen-fuer-Ukraine-spaltet-Lager.jpg","contentUrl":"https:\/\/now-news.de\/de\/wp-content\/uploads\/sites\/3\/2025\/09\/Tschechien-waehlt-\u2013-Streit-um-Waffen-fuer-Ukraine-spaltet-Lager.jpg","width":1620,"height":1080,"caption":"Tschechien w\u00e4hlt \u2013 Streit um Waffen f\u00fcr Ukraine spaltet Lager"},{"@type":"BreadcrumbList","@id":"https:\/\/now-news.de\/de\/deutschland\/tschechien-waehlt-streit-um-waffen-fuer-ukraine-spaltet-lager\/#breadcrumb","itemListElement":[{"@type":"ListItem","position":1,"name":"Home","item":"https:\/\/now-news.de\/de\/"},{"@type":"ListItem","position":2,"name":"Tschechien w\u00e4hlt \u2013 Streit um Waffen f\u00fcr Ukraine spaltet Lager"}]},{"@type":"WebSite","@id":"https:\/\/now-news.de\/de\/#website","url":"https:\/\/now-news.de\/de\/","name":"just-now.NEWS Deutschland","description":"Das Portal f\u00fcr unzensierte Nachrichten aus der Welt","publisher":{"@id":"https:\/\/now-news.de\/de\/#organization"},"potentialAction":[{"@type":"SearchAction","target":{"@type":"EntryPoint","urlTemplate":"https:\/\/now-news.de\/de\/?s={search_term_string}"},"query-input":"required name=search_term_string"}],"inLanguage":"de"},{"@type":"Organization","@id":"https:\/\/now-news.de\/de\/#organization","name":"Just Now News","url":"https:\/\/now-news.de\/de\/","logo":{"@type":"ImageObject","inLanguage":"de","@id":"https:\/\/now-news.de\/de\/#\/schema\/logo\/image\/","url":"http:\/\/just-now.news\/de\/wp-content\/uploads\/sites\/3\/2022\/04\/logo500x500.jpg","contentUrl":"http:\/\/just-now.news\/de\/wp-content\/uploads\/sites\/3\/2022\/04\/logo500x500.jpg","width":500,"height":500,"caption":"Just Now News"},"image":{"@id":"https:\/\/now-news.de\/de\/#\/schema\/logo\/image\/"},"sameAs":["https:\/\/www.facebook.com\/wirmachenauf","https:\/\/x.com\/WirMachenAuf_de"]},{"@type":"Person","@id":"https:\/\/now-news.de\/de\/#\/schema\/person\/fb534a4e865501d8b3285208df34a9b5","name":"rtnews","image":{"@type":"ImageObject","inLanguage":"de","@id":"https:\/\/now-news.de\/de\/#\/schema\/person\/image\/","url":"https:\/\/secure.gravatar.com\/avatar\/82aafea7d8127119dd649515f56e2117?s=96&d=mm&r=g","contentUrl":"https:\/\/secure.gravatar.com\/avatar\/82aafea7d8127119dd649515f56e2117?s=96&d=mm&r=g","caption":"rtnews"},"url":"https:\/\/now-news.de\/de\/author\/rnews\/"}]}},"_links":{"self":[{"href":"https:\/\/now-news.de\/de\/wp-json\/wp\/v2\/posts\/91424"}],"collection":[{"href":"https:\/\/now-news.de\/de\/wp-json\/wp\/v2\/posts"}],"about":[{"href":"https:\/\/now-news.de\/de\/wp-json\/wp\/v2\/types\/post"}],"author":[{"embeddable":true,"href":"https:\/\/now-news.de\/de\/wp-json\/wp\/v2\/users\/3"}],"replies":[{"embeddable":true,"href":"https:\/\/now-news.de\/de\/wp-json\/wp\/v2\/comments?post=91424"}],"version-history":[{"count":0,"href":"https:\/\/now-news.de\/de\/wp-json\/wp\/v2\/posts\/91424\/revisions"}],"wp:featuredmedia":[{"embeddable":true,"href":"https:\/\/now-news.de\/de\/wp-json\/wp\/v2\/media\/91425"}],"wp:attachment":[{"href":"https:\/\/now-news.de\/de\/wp-json\/wp\/v2\/media?parent=91424"}],"wp:term":[{"taxonomy":"category","embeddable":true,"href":"https:\/\/now-news.de\/de\/wp-json\/wp\/v2\/categories?post=91424"},{"taxonomy":"post_tag","embeddable":true,"href":"https:\/\/now-news.de\/de\/wp-json\/wp\/v2\/tags?post=91424"}],"curies":[{"name":"wp","href":"https:\/\/api.w.org\/{rel}","templated":true}]}}