{"id":91389,"date":"2025-09-29T20:37:39","date_gmt":"2025-09-29T18:37:39","guid":{"rendered":"https:\/\/now-news.de\/de\/deutschland\/politico-eu-vertreter-befuerchten-einen-neuen-franz-ferdinad-moment\/"},"modified":"2025-09-29T20:37:39","modified_gmt":"2025-09-29T18:37:39","slug":"politico-eu-vertreter-befuerchten-einen-neuen-franz-ferdinad-moment","status":"publish","type":"post","link":"https:\/\/now-news.de\/de\/deutschland\/politico-eu-vertreter-befuerchten-einen-neuen-franz-ferdinad-moment\/","title":{"rendered":"Politico: EU-Vertreter bef\u00fcrchten einen neuen &quot;Franz-Ferdinad-Moment&quot;"},"content":{"rendered":"<p><img decoding=\"async\" src=\"https:\/\/now-news.de\/de\/wp-content\/uploads\/sites\/3\/2025\/09\/68dac82148fbef3182485151.jpg\" \/><\/p>\n<div class=\"Text-root Text-type_1 \">\n                In Br\u00fcssel ist man sich weitgehend einig, dass Russland eine &#8220;Bedrohung&#8221; f\u00fcr die EU darstellt. Einige EU-Vertreter bef\u00fcrchten unter vorgehaltener Hand jedoch, dass Schritte zur Abschreckung Russlands zu einem &#8220;Franz-Ferdinand-Moment&#8221; f\u00fchren und einen gro\u00dfen Konflikt ausl\u00f6sen k\u00f6nnten.\n            <\/div>\n<p><\/p>\n<div class=\"Text-root Text-type_5 ArticleView-text ViewText-root \">\n<p>In Br\u00fcssel ist man zunehmend besorgt, dass sich die Spannungen mit Russland zu einem gr\u00f6\u00dferen Konflikt ausweiten k\u00f6nnten. Einige EU-Vertreter vergleichen dieses Szenario hinter vorgehaltener Hand sogar mit der Kettenreaktion nach der Ermordung des \u00f6sterreichischen Erzherzogs Franz Ferdinand, die den Ersten Weltkrieg ausl\u00f6ste, wie <em>Politico<\/em> am Montag berichtete.<\/p>\n<p>Am Mittwoch werden sich die Staats- und Regierungschefs der EU in Kopenhagen treffen, um in Anbetracht der zunehmenden Drohnenvorf\u00e4lle in Europa \u00fcber M\u00f6glichkeiten zur &#8220;Eind\u00e4mmung Russlands&#8221; zu beraten. Laut <em>Politico<\/em> dr\u00e4ngt die Pr\u00e4sidentin der EU-Kommission, Ursula von der Leyen, auf eine &#8220;beispiellose Diskussion&#8221; \u00fcber die milit\u00e4rische Haltung der EU, die weit \u00fcber den \u00fcblichen Aufgabenbereich der Union hinausgeht und Projekte wie eine &#8220;Drohnenmauer&#8221; zur Neutralisierung von als feindlich eingestuften Drohnen einschlie\u00dft.<\/p>\n<p>Das Blatt stellt fest, dass die Teilnehmer des Gipfels sich einig sind, dass Russland eine &#8220;Bedrohung&#8221; f\u00fcr den Block darstellt, und sich mit dem Empfinden, dass &#8220;Nichtstun \u2026 einen totalen Krieg wahrscheinlicher macht&#8221;, auf dem Gipfel eintreffen werden.<\/p>\n<p>Nicht namentlich genannte Diplomaten erkl\u00e4rten jedoch gegen\u00fcber <em>Politico<\/em>, dass m\u00f6gliche Schritte zur Abschreckung Russlands &#8220;mit potenziellen Katastrophen gespickt&#8221; seien, wobei einige EU-Vertreter unter vorgehaltener Hand vor einem m\u00f6glichen &#8220;Franz-Ferdinand-Moment&#8221; warnten \u2013 also einer pl\u00f6tzlichen Eskalation, die den Kontinent in einen gro\u00dfen Krieg hineinziehen k\u00f6nnte. Die EU-Vertreter beziehen sich damit auf die Ermordung von Erzherzog Franz Ferdinand 1914 in Sarajewo, die eine rasche Kette von B\u00fcndnissen und Ultimaten ausl\u00f6ste, die zum Ausbruch des Ersten Weltkriegs f\u00fchrten.<\/p>\n<p>Einige Milit\u00e4rs aus EU-Mitgliedsstaaten sind der Meinung, dass sich die EU bereits in einer &#8220;Art Krieg niedriger Intensit\u00e4t mit Russland&#8221; befindet. Sie f\u00fcgten hinzu, dass Kriege in der Vergangenheit mit Staatsschulden finanziert wurden. Es k\u00f6nnte sich jedoch als sehr schwierig erweisen, alle EU\u2011Mitglieder\u00a0\u2013 von denen einige bereits mit wirtschaftlichen Problemen zu k\u00e4mpfen haben\u00a0\u2013 davon zu \u00fcberzeugen, das Verteidigungsbudget der Union zu erh\u00f6hen, so <em>Politico<\/em>.<\/p>\n<p>Die erh\u00f6hten &#8220;Vorsichtsma\u00dfnahmen&#8221; der EU erfolgen unter anderem nach einem k\u00fcrzlichen Vorfall, bei dem &#8220;russische Drohnen&#8221; bei Angriffen auf die Ukraine den polnischen Luftraum verletzt haben sollen, wie Warschau behauptete. In der NATO l\u00f6ste dies eine Diskussion dar\u00fcber aus, ob der Milit\u00e4rblock in den Luftraum eindringende Jets abschie\u00dfen sollte.<\/p>\n<p>Moskau hat die Anschuldigungen Warschaus zur\u00fcckgewiesen und erkl\u00e4rt, die polnische Seite habe keine Beweise vorgelegt. Die Debatten \u00fcber den Abschuss russischer Flugzeuge wurden von Moskau zudem als &#8220;unverantwortlich&#8221; bezeichnet.<\/p>\n<p>Des Weiteren hat Moskau bei zahlreichen Gelegenheiten erkl\u00e4rt, dass &#8220;Russland nicht die Absicht hat&#8221;, NATO-Staaten anzugreifen, und gleichzeitig seine Besorgnis \u00fcber die Tatsache zum Ausdruck gebracht, dass westliche Regierungsvertreter &#8220;beginnen, ernsthaft \u00fcber einen Dritten Weltkrieg als m\u00f6gliches Szenario zu sprechen&#8221;.<\/p>\n<p><strong>Mehr zum Thema &#8211;\u00a0<\/strong><a rel=\"nofollow noopener\" target=\"_blank\" href=\"https:\/\/freedert.online\/kurzclips\/video\/256827-poljanski-zu-angeblichen-luftraum-verletzungen\/\">Poljanski zu angeblichen Luftraum-Verletzungen: EU sucht neuen Vorwand f\u00fcr antirussische Hetze <\/a><\/p>\n<div class=\"EmbedBlock-root EmbedBlock-externalVideo EmbedBlock-rumble\">\n<div class=\"VkEmbed\"><iframe class=\"lazyload\" data-src=\"https:\/\/rumble.com\/embed\/v6xaxho\" frameborder=\"0\" width=\"853\" height=\"480\" allowfullscreen><\/iframe><\/div>\n<\/div>\n<\/div>\n<p><br \/>\n<br \/><a href=\"https:\/\/de.rt.com\/europa\/257466-politico-eu-vertreter-befuerchten-neuen\/\">Source link <\/a><\/p>\n","protected":false},"excerpt":{"rendered":"<p>In Br\u00fcssel ist man sich weitgehend einig, dass Russland eine &#8220;Bedrohung&#8221; f\u00fcr die EU darstellt. Einige EU-Vertreter bef\u00fcrchten unter vorgehaltener Hand jedoch, dass Schritte zur Abschreckung Russlands zu einem &#8220;Franz-Ferdinand-Moment&#8221; f\u00fchren und einen gro\u00dfen Konflikt ausl\u00f6sen k\u00f6nnten. In Br\u00fcssel ist man zunehmend besorgt, dass sich die Spannungen mit Russland zu einem gr\u00f6\u00dferen Konflikt ausweiten k\u00f6nnten. [&hellip;]<\/p>\n","protected":false},"author":3,"featured_media":91390,"comment_status":"open","ping_status":"open","sticky":false,"template":"","format":"standard","meta":{"_yoast_indexnow_last_ping":["1759171514"],"wp_automatic_camp":["217"],"7e49c001239795fa8f6a9abd48868512":["Politico: EU-Vertreter bef\u00fcrchten einen neuen &quot;Franz-Ferdinad-Moment&quot;"],"original_link":["https:\/\/de.rt.com\/europa\/257466-politico-eu-vertreter-befuerchten-neuen\/"],"_thumbnail_id":["91390"],"jnews_social_counter_last_update":["1777708439"],"_wptgpro_p2tg_sent2tg":["a:1:{i:23737;s:19:\"2025-09-29 20:46:17\";}"]},"categories":[19,23],"tags":[19509,768,62709,213,4394,68098],"yoast_head":"<!-- This site is optimized with the Yoast SEO Premium plugin v22.7 (Yoast SEO v22.7) - https:\/\/yoast.com\/wordpress\/plugins\/seo\/ -->\n<title>Politico: EU-Vertreter bef\u00fcrchten einen neuen &quot;Franz-Ferdinad-Moment&quot; - just-now.NEWS Deutschland<\/title>\n<meta name=\"robots\" content=\"index, follow, max-snippet:-1, max-image-preview:large, max-video-preview:-1\" \/>\n<link rel=\"canonical\" href=\"https:\/\/now-news.de\/de\/deutschland\/politico-eu-vertreter-befuerchten-einen-neuen-franz-ferdinad-moment\/\" \/>\n<meta property=\"og:locale\" content=\"de_DE\" \/>\n<meta property=\"og:type\" content=\"article\" \/>\n<meta property=\"og:title\" content=\"Politico: EU-Vertreter bef\u00fcrchten einen neuen &quot;Franz-Ferdinad-Moment&quot;\" \/>\n<meta property=\"og:description\" content=\"In Br\u00fcssel ist man sich weitgehend einig, dass Russland eine &#8220;Bedrohung&#8221; f\u00fcr die EU darstellt. Einige EU-Vertreter bef\u00fcrchten unter vorgehaltener Hand jedoch, dass Schritte zur Abschreckung Russlands zu einem &#8220;Franz-Ferdinand-Moment&#8221; f\u00fchren und einen gro\u00dfen Konflikt ausl\u00f6sen k\u00f6nnten. In Br\u00fcssel ist man zunehmend besorgt, dass sich die Spannungen mit Russland zu einem gr\u00f6\u00dferen Konflikt ausweiten k\u00f6nnten. [&hellip;]\" \/>\n<meta property=\"og:url\" content=\"https:\/\/now-news.de\/de\/deutschland\/politico-eu-vertreter-befuerchten-einen-neuen-franz-ferdinad-moment\/\" \/>\n<meta property=\"og:site_name\" content=\"just-now.NEWS Deutschland\" \/>\n<meta property=\"article:publisher\" content=\"https:\/\/www.facebook.com\/wirmachenauf\" \/>\n<meta property=\"article:published_time\" content=\"2025-09-29T18:37:39+00:00\" \/>\n<meta property=\"og:image\" content=\"https:\/\/now-news.de\/de\/wp-content\/uploads\/sites\/3\/2025\/09\/68dac82148fbef3182485151.jpg\" \/>\n<meta name=\"author\" content=\"rtnews\" \/>\n<meta name=\"twitter:card\" content=\"summary_large_image\" \/>\n<meta name=\"twitter:creator\" content=\"@WirMachenAuf_de\" \/>\n<meta name=\"twitter:site\" content=\"@WirMachenAuf_de\" \/>\n<meta name=\"twitter:label1\" content=\"Verfasst von\" \/>\n\t<meta name=\"twitter:data1\" content=\"rtnews\" \/>\n\t<meta name=\"twitter:label2\" content=\"Gesch\u00e4tzte Lesezeit\" \/>\n\t<meta name=\"twitter:data2\" content=\"3\u00a0Minuten\" \/>\n<script type=\"application\/ld+json\" class=\"yoast-schema-graph\">{\"@context\":\"https:\/\/schema.org\",\"@graph\":[{\"@type\":\"Article\",\"@id\":\"https:\/\/now-news.de\/de\/deutschland\/politico-eu-vertreter-befuerchten-einen-neuen-franz-ferdinad-moment\/#article\",\"isPartOf\":{\"@id\":\"https:\/\/now-news.de\/de\/deutschland\/politico-eu-vertreter-befuerchten-einen-neuen-franz-ferdinad-moment\/\"},\"author\":{\"name\":\"rtnews\",\"@id\":\"https:\/\/now-news.de\/de\/#\/schema\/person\/fb534a4e865501d8b3285208df34a9b5\"},\"headline\":\"Politico: EU-Vertreter bef\u00fcrchten einen neuen &quot;Franz-Ferdinad-Moment&quot;\",\"datePublished\":\"2025-09-29T18:37:39+00:00\",\"dateModified\":\"2025-09-29T18:37:39+00:00\",\"mainEntityOfPage\":{\"@id\":\"https:\/\/now-news.de\/de\/deutschland\/politico-eu-vertreter-befuerchten-einen-neuen-franz-ferdinad-moment\/\"},\"wordCount\":523,\"commentCount\":0,\"publisher\":{\"@id\":\"https:\/\/now-news.de\/de\/#organization\"},\"image\":{\"@id\":\"https:\/\/now-news.de\/de\/deutschland\/politico-eu-vertreter-befuerchten-einen-neuen-franz-ferdinad-moment\/#primaryimage\"},\"thumbnailUrl\":\"https:\/\/now-news.de\/de\/wp-content\/uploads\/sites\/3\/2025\/09\/Politico-EU-Vertreter-befuerchten-einen-neuen-quotFranz-Ferdinad-Momentquot.jpg\",\"keywords\":[\"bef\u00fcrchten\",\"einen\",\"EUVertreter\",\"neuen\",\"Politico\",\"quotFranzFerdinadMomentquot\"],\"articleSection\":[\"Deutschland\",\"Russland\"],\"inLanguage\":\"de\",\"potentialAction\":[{\"@type\":\"CommentAction\",\"name\":\"Comment\",\"target\":[\"https:\/\/now-news.de\/de\/deutschland\/politico-eu-vertreter-befuerchten-einen-neuen-franz-ferdinad-moment\/#respond\"]}]},{\"@type\":\"WebPage\",\"@id\":\"https:\/\/now-news.de\/de\/deutschland\/politico-eu-vertreter-befuerchten-einen-neuen-franz-ferdinad-moment\/\",\"url\":\"https:\/\/now-news.de\/de\/deutschland\/politico-eu-vertreter-befuerchten-einen-neuen-franz-ferdinad-moment\/\",\"name\":\"Politico: EU-Vertreter bef\u00fcrchten einen neuen &quot;Franz-Ferdinad-Moment&quot; - just-now.NEWS Deutschland\",\"isPartOf\":{\"@id\":\"https:\/\/now-news.de\/de\/#website\"},\"primaryImageOfPage\":{\"@id\":\"https:\/\/now-news.de\/de\/deutschland\/politico-eu-vertreter-befuerchten-einen-neuen-franz-ferdinad-moment\/#primaryimage\"},\"image\":{\"@id\":\"https:\/\/now-news.de\/de\/deutschland\/politico-eu-vertreter-befuerchten-einen-neuen-franz-ferdinad-moment\/#primaryimage\"},\"thumbnailUrl\":\"https:\/\/now-news.de\/de\/wp-content\/uploads\/sites\/3\/2025\/09\/Politico-EU-Vertreter-befuerchten-einen-neuen-quotFranz-Ferdinad-Momentquot.jpg\",\"datePublished\":\"2025-09-29T18:37:39+00:00\",\"dateModified\":\"2025-09-29T18:37:39+00:00\",\"breadcrumb\":{\"@id\":\"https:\/\/now-news.de\/de\/deutschland\/politico-eu-vertreter-befuerchten-einen-neuen-franz-ferdinad-moment\/#breadcrumb\"},\"inLanguage\":\"de\",\"potentialAction\":[{\"@type\":\"ReadAction\",\"target\":[\"https:\/\/now-news.de\/de\/deutschland\/politico-eu-vertreter-befuerchten-einen-neuen-franz-ferdinad-moment\/\"]}]},{\"@type\":\"ImageObject\",\"inLanguage\":\"de\",\"@id\":\"https:\/\/now-news.de\/de\/deutschland\/politico-eu-vertreter-befuerchten-einen-neuen-franz-ferdinad-moment\/#primaryimage\",\"url\":\"https:\/\/now-news.de\/de\/wp-content\/uploads\/sites\/3\/2025\/09\/Politico-EU-Vertreter-befuerchten-einen-neuen-quotFranz-Ferdinad-Momentquot.jpg\",\"contentUrl\":\"https:\/\/now-news.de\/de\/wp-content\/uploads\/sites\/3\/2025\/09\/Politico-EU-Vertreter-befuerchten-einen-neuen-quotFranz-Ferdinad-Momentquot.jpg\",\"width\":460,\"height\":259,\"caption\":\"Politico: EU-Vertreter bef\u00fcrchten einen neuen &quot;Franz-Ferdinad-Moment&quot;\"},{\"@type\":\"BreadcrumbList\",\"@id\":\"https:\/\/now-news.de\/de\/deutschland\/politico-eu-vertreter-befuerchten-einen-neuen-franz-ferdinad-moment\/#breadcrumb\",\"itemListElement\":[{\"@type\":\"ListItem\",\"position\":1,\"name\":\"Home\",\"item\":\"https:\/\/now-news.de\/de\/\"},{\"@type\":\"ListItem\",\"position\":2,\"name\":\"Politico: EU-Vertreter bef\u00fcrchten einen neuen &quot;Franz-Ferdinad-Moment&quot;\"}]},{\"@type\":\"WebSite\",\"@id\":\"https:\/\/now-news.de\/de\/#website\",\"url\":\"https:\/\/now-news.de\/de\/\",\"name\":\"just-now.NEWS Deutschland\",\"description\":\"Das Portal f\u00fcr unzensierte Nachrichten aus der Welt\",\"publisher\":{\"@id\":\"https:\/\/now-news.de\/de\/#organization\"},\"potentialAction\":[{\"@type\":\"SearchAction\",\"target\":{\"@type\":\"EntryPoint\",\"urlTemplate\":\"https:\/\/now-news.de\/de\/?s={search_term_string}\"},\"query-input\":\"required name=search_term_string\"}],\"inLanguage\":\"de\"},{\"@type\":\"Organization\",\"@id\":\"https:\/\/now-news.de\/de\/#organization\",\"name\":\"Just Now News\",\"url\":\"https:\/\/now-news.de\/de\/\",\"logo\":{\"@type\":\"ImageObject\",\"inLanguage\":\"de\",\"@id\":\"https:\/\/now-news.de\/de\/#\/schema\/logo\/image\/\",\"url\":\"http:\/\/just-now.news\/de\/wp-content\/uploads\/sites\/3\/2022\/04\/logo500x500.jpg\",\"contentUrl\":\"http:\/\/just-now.news\/de\/wp-content\/uploads\/sites\/3\/2022\/04\/logo500x500.jpg\",\"width\":500,\"height\":500,\"caption\":\"Just Now News\"},\"image\":{\"@id\":\"https:\/\/now-news.de\/de\/#\/schema\/logo\/image\/\"},\"sameAs\":[\"https:\/\/www.facebook.com\/wirmachenauf\",\"https:\/\/x.com\/WirMachenAuf_de\"]},{\"@type\":\"Person\",\"@id\":\"https:\/\/now-news.de\/de\/#\/schema\/person\/fb534a4e865501d8b3285208df34a9b5\",\"name\":\"rtnews\",\"image\":{\"@type\":\"ImageObject\",\"inLanguage\":\"de\",\"@id\":\"https:\/\/now-news.de\/de\/#\/schema\/person\/image\/\",\"url\":\"https:\/\/secure.gravatar.com\/avatar\/82aafea7d8127119dd649515f56e2117?s=96&d=mm&r=g\",\"contentUrl\":\"https:\/\/secure.gravatar.com\/avatar\/82aafea7d8127119dd649515f56e2117?s=96&d=mm&r=g\",\"caption\":\"rtnews\"},\"url\":\"https:\/\/now-news.de\/de\/author\/rnews\/\"}]}<\/script>\n<!-- \/ Yoast SEO Premium plugin. -->","yoast_head_json":{"title":"Politico: EU-Vertreter bef\u00fcrchten einen neuen &quot;Franz-Ferdinad-Moment&quot; - just-now.NEWS Deutschland","robots":{"index":"index","follow":"follow","max-snippet":"max-snippet:-1","max-image-preview":"max-image-preview:large","max-video-preview":"max-video-preview:-1"},"canonical":"https:\/\/now-news.de\/de\/deutschland\/politico-eu-vertreter-befuerchten-einen-neuen-franz-ferdinad-moment\/","og_locale":"de_DE","og_type":"article","og_title":"Politico: EU-Vertreter bef\u00fcrchten einen neuen &quot;Franz-Ferdinad-Moment&quot;","og_description":"In Br\u00fcssel ist man sich weitgehend einig, dass Russland eine &#8220;Bedrohung&#8221; f\u00fcr die EU darstellt. Einige EU-Vertreter bef\u00fcrchten unter vorgehaltener Hand jedoch, dass Schritte zur Abschreckung Russlands zu einem &#8220;Franz-Ferdinand-Moment&#8221; f\u00fchren und einen gro\u00dfen Konflikt ausl\u00f6sen k\u00f6nnten. In Br\u00fcssel ist man zunehmend besorgt, dass sich die Spannungen mit Russland zu einem gr\u00f6\u00dferen Konflikt ausweiten k\u00f6nnten. [&hellip;]","og_url":"https:\/\/now-news.de\/de\/deutschland\/politico-eu-vertreter-befuerchten-einen-neuen-franz-ferdinad-moment\/","og_site_name":"just-now.NEWS Deutschland","article_publisher":"https:\/\/www.facebook.com\/wirmachenauf","article_published_time":"2025-09-29T18:37:39+00:00","og_image":[{"url":"https:\/\/now-news.de\/de\/wp-content\/uploads\/sites\/3\/2025\/09\/68dac82148fbef3182485151.jpg"}],"author":"rtnews","twitter_card":"summary_large_image","twitter_creator":"@WirMachenAuf_de","twitter_site":"@WirMachenAuf_de","twitter_misc":{"Verfasst von":"rtnews","Gesch\u00e4tzte Lesezeit":"3\u00a0Minuten"},"schema":{"@context":"https:\/\/schema.org","@graph":[{"@type":"Article","@id":"https:\/\/now-news.de\/de\/deutschland\/politico-eu-vertreter-befuerchten-einen-neuen-franz-ferdinad-moment\/#article","isPartOf":{"@id":"https:\/\/now-news.de\/de\/deutschland\/politico-eu-vertreter-befuerchten-einen-neuen-franz-ferdinad-moment\/"},"author":{"name":"rtnews","@id":"https:\/\/now-news.de\/de\/#\/schema\/person\/fb534a4e865501d8b3285208df34a9b5"},"headline":"Politico: EU-Vertreter bef\u00fcrchten einen neuen &quot;Franz-Ferdinad-Moment&quot;","datePublished":"2025-09-29T18:37:39+00:00","dateModified":"2025-09-29T18:37:39+00:00","mainEntityOfPage":{"@id":"https:\/\/now-news.de\/de\/deutschland\/politico-eu-vertreter-befuerchten-einen-neuen-franz-ferdinad-moment\/"},"wordCount":523,"commentCount":0,"publisher":{"@id":"https:\/\/now-news.de\/de\/#organization"},"image":{"@id":"https:\/\/now-news.de\/de\/deutschland\/politico-eu-vertreter-befuerchten-einen-neuen-franz-ferdinad-moment\/#primaryimage"},"thumbnailUrl":"https:\/\/now-news.de\/de\/wp-content\/uploads\/sites\/3\/2025\/09\/Politico-EU-Vertreter-befuerchten-einen-neuen-quotFranz-Ferdinad-Momentquot.jpg","keywords":["bef\u00fcrchten","einen","EUVertreter","neuen","Politico","quotFranzFerdinadMomentquot"],"articleSection":["Deutschland","Russland"],"inLanguage":"de","potentialAction":[{"@type":"CommentAction","name":"Comment","target":["https:\/\/now-news.de\/de\/deutschland\/politico-eu-vertreter-befuerchten-einen-neuen-franz-ferdinad-moment\/#respond"]}]},{"@type":"WebPage","@id":"https:\/\/now-news.de\/de\/deutschland\/politico-eu-vertreter-befuerchten-einen-neuen-franz-ferdinad-moment\/","url":"https:\/\/now-news.de\/de\/deutschland\/politico-eu-vertreter-befuerchten-einen-neuen-franz-ferdinad-moment\/","name":"Politico: EU-Vertreter bef\u00fcrchten einen neuen &quot;Franz-Ferdinad-Moment&quot; - just-now.NEWS Deutschland","isPartOf":{"@id":"https:\/\/now-news.de\/de\/#website"},"primaryImageOfPage":{"@id":"https:\/\/now-news.de\/de\/deutschland\/politico-eu-vertreter-befuerchten-einen-neuen-franz-ferdinad-moment\/#primaryimage"},"image":{"@id":"https:\/\/now-news.de\/de\/deutschland\/politico-eu-vertreter-befuerchten-einen-neuen-franz-ferdinad-moment\/#primaryimage"},"thumbnailUrl":"https:\/\/now-news.de\/de\/wp-content\/uploads\/sites\/3\/2025\/09\/Politico-EU-Vertreter-befuerchten-einen-neuen-quotFranz-Ferdinad-Momentquot.jpg","datePublished":"2025-09-29T18:37:39+00:00","dateModified":"2025-09-29T18:37:39+00:00","breadcrumb":{"@id":"https:\/\/now-news.de\/de\/deutschland\/politico-eu-vertreter-befuerchten-einen-neuen-franz-ferdinad-moment\/#breadcrumb"},"inLanguage":"de","potentialAction":[{"@type":"ReadAction","target":["https:\/\/now-news.de\/de\/deutschland\/politico-eu-vertreter-befuerchten-einen-neuen-franz-ferdinad-moment\/"]}]},{"@type":"ImageObject","inLanguage":"de","@id":"https:\/\/now-news.de\/de\/deutschland\/politico-eu-vertreter-befuerchten-einen-neuen-franz-ferdinad-moment\/#primaryimage","url":"https:\/\/now-news.de\/de\/wp-content\/uploads\/sites\/3\/2025\/09\/Politico-EU-Vertreter-befuerchten-einen-neuen-quotFranz-Ferdinad-Momentquot.jpg","contentUrl":"https:\/\/now-news.de\/de\/wp-content\/uploads\/sites\/3\/2025\/09\/Politico-EU-Vertreter-befuerchten-einen-neuen-quotFranz-Ferdinad-Momentquot.jpg","width":460,"height":259,"caption":"Politico: EU-Vertreter bef\u00fcrchten einen neuen &quot;Franz-Ferdinad-Moment&quot;"},{"@type":"BreadcrumbList","@id":"https:\/\/now-news.de\/de\/deutschland\/politico-eu-vertreter-befuerchten-einen-neuen-franz-ferdinad-moment\/#breadcrumb","itemListElement":[{"@type":"ListItem","position":1,"name":"Home","item":"https:\/\/now-news.de\/de\/"},{"@type":"ListItem","position":2,"name":"Politico: EU-Vertreter bef\u00fcrchten einen neuen &quot;Franz-Ferdinad-Moment&quot;"}]},{"@type":"WebSite","@id":"https:\/\/now-news.de\/de\/#website","url":"https:\/\/now-news.de\/de\/","name":"just-now.NEWS Deutschland","description":"Das Portal f\u00fcr unzensierte Nachrichten aus der Welt","publisher":{"@id":"https:\/\/now-news.de\/de\/#organization"},"potentialAction":[{"@type":"SearchAction","target":{"@type":"EntryPoint","urlTemplate":"https:\/\/now-news.de\/de\/?s={search_term_string}"},"query-input":"required name=search_term_string"}],"inLanguage":"de"},{"@type":"Organization","@id":"https:\/\/now-news.de\/de\/#organization","name":"Just Now News","url":"https:\/\/now-news.de\/de\/","logo":{"@type":"ImageObject","inLanguage":"de","@id":"https:\/\/now-news.de\/de\/#\/schema\/logo\/image\/","url":"http:\/\/just-now.news\/de\/wp-content\/uploads\/sites\/3\/2022\/04\/logo500x500.jpg","contentUrl":"http:\/\/just-now.news\/de\/wp-content\/uploads\/sites\/3\/2022\/04\/logo500x500.jpg","width":500,"height":500,"caption":"Just Now News"},"image":{"@id":"https:\/\/now-news.de\/de\/#\/schema\/logo\/image\/"},"sameAs":["https:\/\/www.facebook.com\/wirmachenauf","https:\/\/x.com\/WirMachenAuf_de"]},{"@type":"Person","@id":"https:\/\/now-news.de\/de\/#\/schema\/person\/fb534a4e865501d8b3285208df34a9b5","name":"rtnews","image":{"@type":"ImageObject","inLanguage":"de","@id":"https:\/\/now-news.de\/de\/#\/schema\/person\/image\/","url":"https:\/\/secure.gravatar.com\/avatar\/82aafea7d8127119dd649515f56e2117?s=96&d=mm&r=g","contentUrl":"https:\/\/secure.gravatar.com\/avatar\/82aafea7d8127119dd649515f56e2117?s=96&d=mm&r=g","caption":"rtnews"},"url":"https:\/\/now-news.de\/de\/author\/rnews\/"}]}},"_links":{"self":[{"href":"https:\/\/now-news.de\/de\/wp-json\/wp\/v2\/posts\/91389"}],"collection":[{"href":"https:\/\/now-news.de\/de\/wp-json\/wp\/v2\/posts"}],"about":[{"href":"https:\/\/now-news.de\/de\/wp-json\/wp\/v2\/types\/post"}],"author":[{"embeddable":true,"href":"https:\/\/now-news.de\/de\/wp-json\/wp\/v2\/users\/3"}],"replies":[{"embeddable":true,"href":"https:\/\/now-news.de\/de\/wp-json\/wp\/v2\/comments?post=91389"}],"version-history":[{"count":0,"href":"https:\/\/now-news.de\/de\/wp-json\/wp\/v2\/posts\/91389\/revisions"}],"wp:featuredmedia":[{"embeddable":true,"href":"https:\/\/now-news.de\/de\/wp-json\/wp\/v2\/media\/91390"}],"wp:attachment":[{"href":"https:\/\/now-news.de\/de\/wp-json\/wp\/v2\/media?parent=91389"}],"wp:term":[{"taxonomy":"category","embeddable":true,"href":"https:\/\/now-news.de\/de\/wp-json\/wp\/v2\/categories?post=91389"},{"taxonomy":"post_tag","embeddable":true,"href":"https:\/\/now-news.de\/de\/wp-json\/wp\/v2\/tags?post=91389"}],"curies":[{"name":"wp","href":"https:\/\/api.w.org\/{rel}","templated":true}]}}