{"id":91381,"date":"2025-09-29T19:15:26","date_gmt":"2025-09-29T17:15:26","guid":{"rendered":"https:\/\/now-news.de\/de\/deutschland\/cdu-vorstoss-nva-soldaten-sollen-als-reservisten-der-bundeswehr-dienen-koennen\/"},"modified":"2025-09-29T19:15:26","modified_gmt":"2025-09-29T17:15:26","slug":"cdu-vorstoss-nva-soldaten-sollen-als-reservisten-der-bundeswehr-dienen-koennen","status":"publish","type":"post","link":"https:\/\/now-news.de\/de\/deutschland\/cdu-vorstoss-nva-soldaten-sollen-als-reservisten-der-bundeswehr-dienen-koennen\/","title":{"rendered":"CDU-Vorsto\u00df: NVA-Soldaten sollen als Reservisten der Bundeswehr dienen k\u00f6nnen"},"content":{"rendered":"<p><img decoding=\"async\" src=\"https:\/\/now-news.de\/de\/wp-content\/uploads\/sites\/3\/2025\/09\/68da85fbb480cc2c11556905.jpg\" \/><\/p>\n<div class=\"Text-root Text-type_1 \">\n                Wegen vermeintlicher Personalnot bei der Bundeswehr pl\u00e4diert nun auch Sepp M\u00fcller daf\u00fcr, auf ehemalige NVA-Soldaten zur\u00fcckzugreifen. Das war bisher aus ideologischen Gr\u00fcnden nicht m\u00f6glich\u00a0\u2013 und zeigt die Verzweiflung der Union. Die Reaktionen sind gemischt.\n            <\/div>\n<p><\/p>\n<div class=\"Text-root Text-type_5 ArticleView-text ViewText-root \">\n<p>Laut einem Bericht des\u00a0<em>Stern<\/em>\u00a0plant Sepp M\u00fcller, stellvertretender Vorsitzender der CDU\/CSU-Bundestagsfraktion, ehemalige\u00a0Soldaten\u00a0der Nationalen Volksarmee (NVA) der DDR in die\u00a0Bundeswehr zu holen.<\/p>\n<p><strong><\/strong><strong>NVA, &#8220;Heimatsch\u00fctzer&#8221; und das Grundgesetz<\/strong><\/p>\n<p>Aufgrund des vermeintlichen Personalmangels in der Bundeswehr\u00a0schlug der CDU-Politiker vor, dass sie k\u00fcnftig als Reservisten eingesetzt werden k\u00f6nnten, wenn sie das m\u00f6chten. Er sagte konkret:<\/p>\n<blockquote>\n<p><em>&#8220;Es wird Zeit, auf die Soldatinnen und Soldaten der NVA zur\u00fcckzugreifen, die sich freiwillig zum Schutz unserer Freiheit melden&#8221;<\/em><\/p>\n<\/blockquote>\n<p>Er w\u00fcnsche sich Extrakurse f\u00fcr eine Ausbildung zum &#8220;Heimatsch\u00fctzer&#8221;, die ber\u00fccksichtigen\u00a0sollten, dass die Ex-NVA-Soldaten bereits wehrpflichtig waren. Am Ende st\u00fcnde das Gel\u00f6bnis auf das Grundgesetz.\u00a0&#8220;Schon lange nicht mehr war unsere Freiheit so bedroht wie aktuell&#8221;, betonte M\u00fcller, ohne dies konkreter auszuf\u00fchren.<\/p>\n<p>Bislang k\u00f6nnen ehemalige NVA-Angeh\u00f6rige nicht als Reservisten herangezogen werden, es sei denn,\u00a0sie wurden nach der Wiedervereinigung direkt in der Bundeswehr weiterbesch\u00e4ftigt. Damals betraf das 18.000 der mehr als 170.000 NVA-Soldaten. Festgelegt wurde die Regelung im sogenannten Einigungsvertrag zwischen der Bundesrepublik Deutschland und der\u00a0DDR.\u00a0<\/p>\n<p><strong>Keinen Bock auf Kriegsdienst?<\/strong><\/p>\n<p>Die Bundeswehr ben\u00f6tigt laut eigenen Planungen 200.000 Reservisten, die im Verteidigungsfall schnell einsatzbereit sind. &#8220;Aktuell gibt es aber nur 51.000 Reservisten&#8221;, so M\u00fcller.<\/p>\n<p>Parallel ist die Zahl der Kriegsdienstverweigerer in den vergangenen Monaten stark gestiegen. Wie Bundesfamilienministerin Karin Prien dem &#8220;Redaktionsnetzwerk Deutschland&#8221; mitteilte, gab es allein in der ersten Jahresh\u00e4lfte rund 1.500 Antr\u00e4ge. Im gesamten Vorjahr seien es gut 2.200 Antr\u00e4ge gewesen. Die Verweigerer wollen sicherstellen, dass sie in Zukunft nicht gemustert oder eingezogen werden.<\/p>\n<p><strong>Gemischte Reaktionen: &#8220;Das kommt 35 Jahre zu sp\u00e4t!&#8221;<\/strong><\/p>\n<p>Die Reaktionen auf M\u00fcllers Idee sind eher skeptisch\u00a0\u2013 auch aus den Reihen der eigenen Regierungskoalition.\u00a0 &#8220;Es ist grunds\u00e4tzlich gut, wenn sich alle dar\u00fcber Gedanken machen, wie wir den Ausbau der Reserve voranbringen&#8221;, sagte die SPD-Fraktionsvize und Verteidigungsexpertin Siemtje M\u00f6ller. Sie mahne jedoch an, die Aufmerksamkeit eher auf aktuelle und k\u00fcnftige Wehrdienstleistende zu richten, wie die <em>Berliner Zeitung<\/em> berichtet. Den Aufschlag zur Vergr\u00f6\u00dferung der Bundeswehr sieht sie bei Boris Pistorius: &#8220;Mit Freude und Spannung&#8221; sehe sie Vorschl\u00e4gen des Verteidigungsministeriums zur St\u00e4rkung der Reserve entgegen, erkl\u00e4rte die SPD-Politikerin, die fr\u00fcher selbst parlamentarische Staatssekret\u00e4rin im Verteidigungsministerium war.<\/p>\n<p>Die Gr\u00fcnen sehen den Vorsto\u00df kritisch. Der Vorschlag &#8220;offenbart, wie wenig die Union die aktuellen Herausforderungen bei der Truppe kennt&#8221;, sagte die sicherheitspolitische Sprecherin der Gr\u00fcnen-Bundestagsfraktion. Das Problem sei nicht, dass es zu wenig interessierte Reservisten gebe, &#8220;sondern dass die Bundeswehr nicht gen\u00fcgend Kapazit\u00e4ten hat, die vielen Interessierten \u2013 gedient und ungedient\u00a0\u2013 zu absorbieren&#8221;, erkl\u00e4rte die Gr\u00fcnen-Politikerin.<\/p>\n<p>Ebenfalls kritisch \u00e4u\u00dferte sich der Verband zur Pflege der Tradition der Nationalen Volksarmee und der Grenztruppen der DDR, allerdings aus einer ganz anderen Warte als die Gr\u00fcnen: &#8220;Auf die Idee h\u00e4tten sie mal 35 Jahre fr\u00fcher kommen sollen&#8221;, sagte der stellvertretende Vorsitzende des Vereins, Harald Neubauer, dem Magazin. Bislang seien ehemalige NVA-Soldaten als &#8220;gedient in fremden Streitkr\u00e4ften&#8221; erfasst worden. K\u00fcrzlich hatte bereits der Linkenpolitiker\u00a0Dietmar\u00a0Bartsch daf\u00fcr pl\u00e4diert, den Umgang mit den NVA-Angeh\u00f6rigen zu \u00fcberdenken.<\/p>\n<p>Ende August hatte die Bundesregierung einen freiwilligen Wehrdienst beschlossen. F\u00fcr den Fall, dass sich nicht genug Freiwillige melden, wird auch eine\u00a0R\u00fcckkehr zur Wehrpflicht diskutiert \u2013 eine Option, die mit dem S\u00e4belrasseln der Groko unter Friedrich Merz mit Blick auf Russland jeden Tag wahrscheinlicher zu werden droht.<\/p>\n<p><strong>Mehr zum Thema<\/strong>\u00a0&#8211;\u00a0<a rel=\"nofollow noopener\" target=\"_blank\" href=\"https:\/\/freedert.online\/europa\/254119-bundeswehreinsatz-in-der-ukraine-eine-schon-beschlossene-sache\/\">Bundeswehreinsatz in der Ukraine: Eine schon beschlossene Sache<\/a><\/p>\n<\/p>\n<\/div>\n<p><br \/>\n<br \/><a href=\"https:\/\/de.rt.com\/inland\/257432-cdu-vorstoss-nach-35-jahren\/\">Source link <\/a><\/p>\n","protected":false},"excerpt":{"rendered":"<p>Wegen vermeintlicher Personalnot bei der Bundeswehr pl\u00e4diert nun auch Sepp M\u00fcller daf\u00fcr, auf ehemalige NVA-Soldaten zur\u00fcckzugreifen. Das war bisher aus ideologischen Gr\u00fcnden nicht m\u00f6glich\u00a0\u2013 und zeigt die Verzweiflung der Union. Die Reaktionen sind gemischt. Laut einem Bericht des\u00a0Stern\u00a0plant Sepp M\u00fcller, stellvertretender Vorsitzender der CDU\/CSU-Bundestagsfraktion, ehemalige\u00a0Soldaten\u00a0der Nationalen Volksarmee (NVA) der DDR in die\u00a0Bundeswehr zu holen. NVA, [&hellip;]<\/p>\n","protected":false},"author":3,"featured_media":91382,"comment_status":"open","ping_status":"open","sticky":false,"template":"","format":"standard","meta":{"_yoast_indexnow_last_ping":["1759166713"],"wp_automatic_camp":["217"],"aaa1f13f2f4a255d1f50e656dcd0826b":["CDU-Vorsto\u00df: NVA-Soldaten sollen als Reservisten der Bundeswehr dienen k\u00f6nnen"],"original_link":["https:\/\/de.rt.com\/inland\/257432-cdu-vorstoss-nach-35-jahren\/"],"_thumbnail_id":["91382"],"jnews_social_counter_last_update":["1777253414"],"_wptgpro_p2tg_sent2tg":["a:1:{i:23737;s:19:\"2025-09-29 19:26:13\";}"]},"categories":[19,23],"tags":[273,12292,68092,82,35090,4296,68093,33540,1677],"yoast_head":"<!-- This site is optimized with the Yoast SEO Premium plugin v22.7 (Yoast SEO v22.7) - https:\/\/yoast.com\/wordpress\/plugins\/seo\/ -->\n<title>CDU-Vorsto\u00df: NVA-Soldaten sollen als Reservisten der Bundeswehr dienen k\u00f6nnen - just-now.NEWS Deutschland<\/title>\n<meta name=\"robots\" content=\"index, follow, max-snippet:-1, max-image-preview:large, max-video-preview:-1\" \/>\n<link rel=\"canonical\" href=\"https:\/\/now-news.de\/de\/deutschland\/cdu-vorstoss-nva-soldaten-sollen-als-reservisten-der-bundeswehr-dienen-koennen\/\" \/>\n<meta property=\"og:locale\" content=\"de_DE\" \/>\n<meta property=\"og:type\" content=\"article\" \/>\n<meta property=\"og:title\" content=\"CDU-Vorsto\u00df: NVA-Soldaten sollen als Reservisten der Bundeswehr dienen k\u00f6nnen\" \/>\n<meta property=\"og:description\" content=\"Wegen vermeintlicher Personalnot bei der Bundeswehr pl\u00e4diert nun auch Sepp M\u00fcller daf\u00fcr, auf ehemalige NVA-Soldaten zur\u00fcckzugreifen. Das war bisher aus ideologischen Gr\u00fcnden nicht m\u00f6glich\u00a0\u2013 und zeigt die Verzweiflung der Union. Die Reaktionen sind gemischt. Laut einem Bericht des\u00a0Stern\u00a0plant Sepp M\u00fcller, stellvertretender Vorsitzender der CDU\/CSU-Bundestagsfraktion, ehemalige\u00a0Soldaten\u00a0der Nationalen Volksarmee (NVA) der DDR in die\u00a0Bundeswehr zu holen. NVA, [&hellip;]\" \/>\n<meta property=\"og:url\" content=\"https:\/\/now-news.de\/de\/deutschland\/cdu-vorstoss-nva-soldaten-sollen-als-reservisten-der-bundeswehr-dienen-koennen\/\" \/>\n<meta property=\"og:site_name\" content=\"just-now.NEWS Deutschland\" \/>\n<meta property=\"article:publisher\" content=\"https:\/\/www.facebook.com\/wirmachenauf\" \/>\n<meta property=\"article:published_time\" content=\"2025-09-29T17:15:26+00:00\" \/>\n<meta property=\"og:image\" content=\"https:\/\/now-news.de\/de\/wp-content\/uploads\/sites\/3\/2025\/09\/68da85fbb480cc2c11556905.jpg\" \/>\n<meta name=\"author\" content=\"rtnews\" \/>\n<meta name=\"twitter:card\" content=\"summary_large_image\" \/>\n<meta name=\"twitter:creator\" content=\"@WirMachenAuf_de\" \/>\n<meta name=\"twitter:site\" content=\"@WirMachenAuf_de\" \/>\n<meta name=\"twitter:label1\" content=\"Verfasst von\" \/>\n\t<meta name=\"twitter:data1\" content=\"rtnews\" \/>\n\t<meta name=\"twitter:label2\" content=\"Gesch\u00e4tzte Lesezeit\" \/>\n\t<meta name=\"twitter:data2\" content=\"3\u00a0Minuten\" \/>\n<script type=\"application\/ld+json\" class=\"yoast-schema-graph\">{\"@context\":\"https:\/\/schema.org\",\"@graph\":[{\"@type\":\"Article\",\"@id\":\"https:\/\/now-news.de\/de\/deutschland\/cdu-vorstoss-nva-soldaten-sollen-als-reservisten-der-bundeswehr-dienen-koennen\/#article\",\"isPartOf\":{\"@id\":\"https:\/\/now-news.de\/de\/deutschland\/cdu-vorstoss-nva-soldaten-sollen-als-reservisten-der-bundeswehr-dienen-koennen\/\"},\"author\":{\"name\":\"rtnews\",\"@id\":\"https:\/\/now-news.de\/de\/#\/schema\/person\/fb534a4e865501d8b3285208df34a9b5\"},\"headline\":\"CDU-Vorsto\u00df: NVA-Soldaten sollen als Reservisten der Bundeswehr dienen k\u00f6nnen\",\"datePublished\":\"2025-09-29T17:15:26+00:00\",\"dateModified\":\"2025-09-29T17:15:26+00:00\",\"mainEntityOfPage\":{\"@id\":\"https:\/\/now-news.de\/de\/deutschland\/cdu-vorstoss-nva-soldaten-sollen-als-reservisten-der-bundeswehr-dienen-koennen\/\"},\"wordCount\":631,\"commentCount\":0,\"publisher\":{\"@id\":\"https:\/\/now-news.de\/de\/#organization\"},\"image\":{\"@id\":\"https:\/\/now-news.de\/de\/deutschland\/cdu-vorstoss-nva-soldaten-sollen-als-reservisten-der-bundeswehr-dienen-koennen\/#primaryimage\"},\"thumbnailUrl\":\"https:\/\/now-news.de\/de\/wp-content\/uploads\/sites\/3\/2025\/09\/CDU-Vorstoss-NVA-Soldaten-sollen-als-Reservisten-der-Bundeswehr-dienen-koennen.jpg\",\"keywords\":[\"als\",\"Bundeswehr\",\"CDUVorsto\u00df\",\"der\",\"dienen\",\"k\u00f6nnen\",\"NVASoldaten\",\"Reservisten\",\"sollen\"],\"articleSection\":[\"Deutschland\",\"Russland\"],\"inLanguage\":\"de\",\"potentialAction\":[{\"@type\":\"CommentAction\",\"name\":\"Comment\",\"target\":[\"https:\/\/now-news.de\/de\/deutschland\/cdu-vorstoss-nva-soldaten-sollen-als-reservisten-der-bundeswehr-dienen-koennen\/#respond\"]}]},{\"@type\":\"WebPage\",\"@id\":\"https:\/\/now-news.de\/de\/deutschland\/cdu-vorstoss-nva-soldaten-sollen-als-reservisten-der-bundeswehr-dienen-koennen\/\",\"url\":\"https:\/\/now-news.de\/de\/deutschland\/cdu-vorstoss-nva-soldaten-sollen-als-reservisten-der-bundeswehr-dienen-koennen\/\",\"name\":\"CDU-Vorsto\u00df: NVA-Soldaten sollen als Reservisten der Bundeswehr dienen k\u00f6nnen - just-now.NEWS Deutschland\",\"isPartOf\":{\"@id\":\"https:\/\/now-news.de\/de\/#website\"},\"primaryImageOfPage\":{\"@id\":\"https:\/\/now-news.de\/de\/deutschland\/cdu-vorstoss-nva-soldaten-sollen-als-reservisten-der-bundeswehr-dienen-koennen\/#primaryimage\"},\"image\":{\"@id\":\"https:\/\/now-news.de\/de\/deutschland\/cdu-vorstoss-nva-soldaten-sollen-als-reservisten-der-bundeswehr-dienen-koennen\/#primaryimage\"},\"thumbnailUrl\":\"https:\/\/now-news.de\/de\/wp-content\/uploads\/sites\/3\/2025\/09\/CDU-Vorstoss-NVA-Soldaten-sollen-als-Reservisten-der-Bundeswehr-dienen-koennen.jpg\",\"datePublished\":\"2025-09-29T17:15:26+00:00\",\"dateModified\":\"2025-09-29T17:15:26+00:00\",\"breadcrumb\":{\"@id\":\"https:\/\/now-news.de\/de\/deutschland\/cdu-vorstoss-nva-soldaten-sollen-als-reservisten-der-bundeswehr-dienen-koennen\/#breadcrumb\"},\"inLanguage\":\"de\",\"potentialAction\":[{\"@type\":\"ReadAction\",\"target\":[\"https:\/\/now-news.de\/de\/deutschland\/cdu-vorstoss-nva-soldaten-sollen-als-reservisten-der-bundeswehr-dienen-koennen\/\"]}]},{\"@type\":\"ImageObject\",\"inLanguage\":\"de\",\"@id\":\"https:\/\/now-news.de\/de\/deutschland\/cdu-vorstoss-nva-soldaten-sollen-als-reservisten-der-bundeswehr-dienen-koennen\/#primaryimage\",\"url\":\"https:\/\/now-news.de\/de\/wp-content\/uploads\/sites\/3\/2025\/09\/CDU-Vorstoss-NVA-Soldaten-sollen-als-Reservisten-der-Bundeswehr-dienen-koennen.jpg\",\"contentUrl\":\"https:\/\/now-news.de\/de\/wp-content\/uploads\/sites\/3\/2025\/09\/CDU-Vorstoss-NVA-Soldaten-sollen-als-Reservisten-der-Bundeswehr-dienen-koennen.jpg\",\"width\":460,\"height\":259,\"caption\":\"CDU-Vorsto\u00df: NVA-Soldaten sollen als Reservisten der Bundeswehr dienen k\u00f6nnen\"},{\"@type\":\"BreadcrumbList\",\"@id\":\"https:\/\/now-news.de\/de\/deutschland\/cdu-vorstoss-nva-soldaten-sollen-als-reservisten-der-bundeswehr-dienen-koennen\/#breadcrumb\",\"itemListElement\":[{\"@type\":\"ListItem\",\"position\":1,\"name\":\"Home\",\"item\":\"https:\/\/now-news.de\/de\/\"},{\"@type\":\"ListItem\",\"position\":2,\"name\":\"CDU-Vorsto\u00df: NVA-Soldaten sollen als Reservisten der Bundeswehr dienen k\u00f6nnen\"}]},{\"@type\":\"WebSite\",\"@id\":\"https:\/\/now-news.de\/de\/#website\",\"url\":\"https:\/\/now-news.de\/de\/\",\"name\":\"just-now.NEWS Deutschland\",\"description\":\"Das Portal f\u00fcr unzensierte Nachrichten aus der Welt\",\"publisher\":{\"@id\":\"https:\/\/now-news.de\/de\/#organization\"},\"potentialAction\":[{\"@type\":\"SearchAction\",\"target\":{\"@type\":\"EntryPoint\",\"urlTemplate\":\"https:\/\/now-news.de\/de\/?s={search_term_string}\"},\"query-input\":\"required name=search_term_string\"}],\"inLanguage\":\"de\"},{\"@type\":\"Organization\",\"@id\":\"https:\/\/now-news.de\/de\/#organization\",\"name\":\"Just Now News\",\"url\":\"https:\/\/now-news.de\/de\/\",\"logo\":{\"@type\":\"ImageObject\",\"inLanguage\":\"de\",\"@id\":\"https:\/\/now-news.de\/de\/#\/schema\/logo\/image\/\",\"url\":\"http:\/\/just-now.news\/de\/wp-content\/uploads\/sites\/3\/2022\/04\/logo500x500.jpg\",\"contentUrl\":\"http:\/\/just-now.news\/de\/wp-content\/uploads\/sites\/3\/2022\/04\/logo500x500.jpg\",\"width\":500,\"height\":500,\"caption\":\"Just Now News\"},\"image\":{\"@id\":\"https:\/\/now-news.de\/de\/#\/schema\/logo\/image\/\"},\"sameAs\":[\"https:\/\/www.facebook.com\/wirmachenauf\",\"https:\/\/x.com\/WirMachenAuf_de\"]},{\"@type\":\"Person\",\"@id\":\"https:\/\/now-news.de\/de\/#\/schema\/person\/fb534a4e865501d8b3285208df34a9b5\",\"name\":\"rtnews\",\"image\":{\"@type\":\"ImageObject\",\"inLanguage\":\"de\",\"@id\":\"https:\/\/now-news.de\/de\/#\/schema\/person\/image\/\",\"url\":\"https:\/\/secure.gravatar.com\/avatar\/82aafea7d8127119dd649515f56e2117?s=96&d=mm&r=g\",\"contentUrl\":\"https:\/\/secure.gravatar.com\/avatar\/82aafea7d8127119dd649515f56e2117?s=96&d=mm&r=g\",\"caption\":\"rtnews\"},\"url\":\"https:\/\/now-news.de\/de\/author\/rnews\/\"}]}<\/script>\n<!-- \/ Yoast SEO Premium plugin. -->","yoast_head_json":{"title":"CDU-Vorsto\u00df: NVA-Soldaten sollen als Reservisten der Bundeswehr dienen k\u00f6nnen - just-now.NEWS Deutschland","robots":{"index":"index","follow":"follow","max-snippet":"max-snippet:-1","max-image-preview":"max-image-preview:large","max-video-preview":"max-video-preview:-1"},"canonical":"https:\/\/now-news.de\/de\/deutschland\/cdu-vorstoss-nva-soldaten-sollen-als-reservisten-der-bundeswehr-dienen-koennen\/","og_locale":"de_DE","og_type":"article","og_title":"CDU-Vorsto\u00df: NVA-Soldaten sollen als Reservisten der Bundeswehr dienen k\u00f6nnen","og_description":"Wegen vermeintlicher Personalnot bei der Bundeswehr pl\u00e4diert nun auch Sepp M\u00fcller daf\u00fcr, auf ehemalige NVA-Soldaten zur\u00fcckzugreifen. Das war bisher aus ideologischen Gr\u00fcnden nicht m\u00f6glich\u00a0\u2013 und zeigt die Verzweiflung der Union. Die Reaktionen sind gemischt. Laut einem Bericht des\u00a0Stern\u00a0plant Sepp M\u00fcller, stellvertretender Vorsitzender der CDU\/CSU-Bundestagsfraktion, ehemalige\u00a0Soldaten\u00a0der Nationalen Volksarmee (NVA) der DDR in die\u00a0Bundeswehr zu holen. NVA, [&hellip;]","og_url":"https:\/\/now-news.de\/de\/deutschland\/cdu-vorstoss-nva-soldaten-sollen-als-reservisten-der-bundeswehr-dienen-koennen\/","og_site_name":"just-now.NEWS Deutschland","article_publisher":"https:\/\/www.facebook.com\/wirmachenauf","article_published_time":"2025-09-29T17:15:26+00:00","og_image":[{"url":"https:\/\/now-news.de\/de\/wp-content\/uploads\/sites\/3\/2025\/09\/68da85fbb480cc2c11556905.jpg"}],"author":"rtnews","twitter_card":"summary_large_image","twitter_creator":"@WirMachenAuf_de","twitter_site":"@WirMachenAuf_de","twitter_misc":{"Verfasst von":"rtnews","Gesch\u00e4tzte Lesezeit":"3\u00a0Minuten"},"schema":{"@context":"https:\/\/schema.org","@graph":[{"@type":"Article","@id":"https:\/\/now-news.de\/de\/deutschland\/cdu-vorstoss-nva-soldaten-sollen-als-reservisten-der-bundeswehr-dienen-koennen\/#article","isPartOf":{"@id":"https:\/\/now-news.de\/de\/deutschland\/cdu-vorstoss-nva-soldaten-sollen-als-reservisten-der-bundeswehr-dienen-koennen\/"},"author":{"name":"rtnews","@id":"https:\/\/now-news.de\/de\/#\/schema\/person\/fb534a4e865501d8b3285208df34a9b5"},"headline":"CDU-Vorsto\u00df: NVA-Soldaten sollen als Reservisten der Bundeswehr dienen k\u00f6nnen","datePublished":"2025-09-29T17:15:26+00:00","dateModified":"2025-09-29T17:15:26+00:00","mainEntityOfPage":{"@id":"https:\/\/now-news.de\/de\/deutschland\/cdu-vorstoss-nva-soldaten-sollen-als-reservisten-der-bundeswehr-dienen-koennen\/"},"wordCount":631,"commentCount":0,"publisher":{"@id":"https:\/\/now-news.de\/de\/#organization"},"image":{"@id":"https:\/\/now-news.de\/de\/deutschland\/cdu-vorstoss-nva-soldaten-sollen-als-reservisten-der-bundeswehr-dienen-koennen\/#primaryimage"},"thumbnailUrl":"https:\/\/now-news.de\/de\/wp-content\/uploads\/sites\/3\/2025\/09\/CDU-Vorstoss-NVA-Soldaten-sollen-als-Reservisten-der-Bundeswehr-dienen-koennen.jpg","keywords":["als","Bundeswehr","CDUVorsto\u00df","der","dienen","k\u00f6nnen","NVASoldaten","Reservisten","sollen"],"articleSection":["Deutschland","Russland"],"inLanguage":"de","potentialAction":[{"@type":"CommentAction","name":"Comment","target":["https:\/\/now-news.de\/de\/deutschland\/cdu-vorstoss-nva-soldaten-sollen-als-reservisten-der-bundeswehr-dienen-koennen\/#respond"]}]},{"@type":"WebPage","@id":"https:\/\/now-news.de\/de\/deutschland\/cdu-vorstoss-nva-soldaten-sollen-als-reservisten-der-bundeswehr-dienen-koennen\/","url":"https:\/\/now-news.de\/de\/deutschland\/cdu-vorstoss-nva-soldaten-sollen-als-reservisten-der-bundeswehr-dienen-koennen\/","name":"CDU-Vorsto\u00df: NVA-Soldaten sollen als Reservisten der Bundeswehr dienen k\u00f6nnen - just-now.NEWS Deutschland","isPartOf":{"@id":"https:\/\/now-news.de\/de\/#website"},"primaryImageOfPage":{"@id":"https:\/\/now-news.de\/de\/deutschland\/cdu-vorstoss-nva-soldaten-sollen-als-reservisten-der-bundeswehr-dienen-koennen\/#primaryimage"},"image":{"@id":"https:\/\/now-news.de\/de\/deutschland\/cdu-vorstoss-nva-soldaten-sollen-als-reservisten-der-bundeswehr-dienen-koennen\/#primaryimage"},"thumbnailUrl":"https:\/\/now-news.de\/de\/wp-content\/uploads\/sites\/3\/2025\/09\/CDU-Vorstoss-NVA-Soldaten-sollen-als-Reservisten-der-Bundeswehr-dienen-koennen.jpg","datePublished":"2025-09-29T17:15:26+00:00","dateModified":"2025-09-29T17:15:26+00:00","breadcrumb":{"@id":"https:\/\/now-news.de\/de\/deutschland\/cdu-vorstoss-nva-soldaten-sollen-als-reservisten-der-bundeswehr-dienen-koennen\/#breadcrumb"},"inLanguage":"de","potentialAction":[{"@type":"ReadAction","target":["https:\/\/now-news.de\/de\/deutschland\/cdu-vorstoss-nva-soldaten-sollen-als-reservisten-der-bundeswehr-dienen-koennen\/"]}]},{"@type":"ImageObject","inLanguage":"de","@id":"https:\/\/now-news.de\/de\/deutschland\/cdu-vorstoss-nva-soldaten-sollen-als-reservisten-der-bundeswehr-dienen-koennen\/#primaryimage","url":"https:\/\/now-news.de\/de\/wp-content\/uploads\/sites\/3\/2025\/09\/CDU-Vorstoss-NVA-Soldaten-sollen-als-Reservisten-der-Bundeswehr-dienen-koennen.jpg","contentUrl":"https:\/\/now-news.de\/de\/wp-content\/uploads\/sites\/3\/2025\/09\/CDU-Vorstoss-NVA-Soldaten-sollen-als-Reservisten-der-Bundeswehr-dienen-koennen.jpg","width":460,"height":259,"caption":"CDU-Vorsto\u00df: NVA-Soldaten sollen als Reservisten der Bundeswehr dienen k\u00f6nnen"},{"@type":"BreadcrumbList","@id":"https:\/\/now-news.de\/de\/deutschland\/cdu-vorstoss-nva-soldaten-sollen-als-reservisten-der-bundeswehr-dienen-koennen\/#breadcrumb","itemListElement":[{"@type":"ListItem","position":1,"name":"Home","item":"https:\/\/now-news.de\/de\/"},{"@type":"ListItem","position":2,"name":"CDU-Vorsto\u00df: NVA-Soldaten sollen als Reservisten der Bundeswehr dienen k\u00f6nnen"}]},{"@type":"WebSite","@id":"https:\/\/now-news.de\/de\/#website","url":"https:\/\/now-news.de\/de\/","name":"just-now.NEWS Deutschland","description":"Das Portal f\u00fcr unzensierte Nachrichten aus der Welt","publisher":{"@id":"https:\/\/now-news.de\/de\/#organization"},"potentialAction":[{"@type":"SearchAction","target":{"@type":"EntryPoint","urlTemplate":"https:\/\/now-news.de\/de\/?s={search_term_string}"},"query-input":"required name=search_term_string"}],"inLanguage":"de"},{"@type":"Organization","@id":"https:\/\/now-news.de\/de\/#organization","name":"Just Now News","url":"https:\/\/now-news.de\/de\/","logo":{"@type":"ImageObject","inLanguage":"de","@id":"https:\/\/now-news.de\/de\/#\/schema\/logo\/image\/","url":"http:\/\/just-now.news\/de\/wp-content\/uploads\/sites\/3\/2022\/04\/logo500x500.jpg","contentUrl":"http:\/\/just-now.news\/de\/wp-content\/uploads\/sites\/3\/2022\/04\/logo500x500.jpg","width":500,"height":500,"caption":"Just Now News"},"image":{"@id":"https:\/\/now-news.de\/de\/#\/schema\/logo\/image\/"},"sameAs":["https:\/\/www.facebook.com\/wirmachenauf","https:\/\/x.com\/WirMachenAuf_de"]},{"@type":"Person","@id":"https:\/\/now-news.de\/de\/#\/schema\/person\/fb534a4e865501d8b3285208df34a9b5","name":"rtnews","image":{"@type":"ImageObject","inLanguage":"de","@id":"https:\/\/now-news.de\/de\/#\/schema\/person\/image\/","url":"https:\/\/secure.gravatar.com\/avatar\/82aafea7d8127119dd649515f56e2117?s=96&d=mm&r=g","contentUrl":"https:\/\/secure.gravatar.com\/avatar\/82aafea7d8127119dd649515f56e2117?s=96&d=mm&r=g","caption":"rtnews"},"url":"https:\/\/now-news.de\/de\/author\/rnews\/"}]}},"_links":{"self":[{"href":"https:\/\/now-news.de\/de\/wp-json\/wp\/v2\/posts\/91381"}],"collection":[{"href":"https:\/\/now-news.de\/de\/wp-json\/wp\/v2\/posts"}],"about":[{"href":"https:\/\/now-news.de\/de\/wp-json\/wp\/v2\/types\/post"}],"author":[{"embeddable":true,"href":"https:\/\/now-news.de\/de\/wp-json\/wp\/v2\/users\/3"}],"replies":[{"embeddable":true,"href":"https:\/\/now-news.de\/de\/wp-json\/wp\/v2\/comments?post=91381"}],"version-history":[{"count":0,"href":"https:\/\/now-news.de\/de\/wp-json\/wp\/v2\/posts\/91381\/revisions"}],"wp:featuredmedia":[{"embeddable":true,"href":"https:\/\/now-news.de\/de\/wp-json\/wp\/v2\/media\/91382"}],"wp:attachment":[{"href":"https:\/\/now-news.de\/de\/wp-json\/wp\/v2\/media?parent=91381"}],"wp:term":[{"taxonomy":"category","embeddable":true,"href":"https:\/\/now-news.de\/de\/wp-json\/wp\/v2\/categories?post=91381"},{"taxonomy":"post_tag","embeddable":true,"href":"https:\/\/now-news.de\/de\/wp-json\/wp\/v2\/tags?post=91381"}],"curies":[{"name":"wp","href":"https:\/\/api.w.org\/{rel}","templated":true}]}}