{"id":91354,"date":"2025-09-28T21:36:40","date_gmt":"2025-09-28T19:36:40","guid":{"rendered":"https:\/\/now-news.de\/de\/deutschland\/novum-bundeswehr-nennt-bei-manoever-russland-dezidiert-als-gegner\/"},"modified":"2025-09-28T21:36:40","modified_gmt":"2025-09-28T19:36:40","slug":"novum-bundeswehr-nennt-bei-manoever-russland-dezidiert-als-gegner","status":"publish","type":"post","link":"https:\/\/now-news.de\/de\/deutschland\/novum-bundeswehr-nennt-bei-manoever-russland-dezidiert-als-gegner\/","title":{"rendered":"Novum: Bundeswehr nennt bei Man\u00f6ver Russland dezidiert als Gegner"},"content":{"rendered":"<p><img decoding=\"async\" src=\"https:\/\/now-news.de\/de\/wp-content\/uploads\/sites\/3\/2025\/09\/68d8f990b480cc4edd2c6876.JPG\" \/><\/p>\n<div class=\"Text-root Text-type_1 \">\n                Ein Kamerateam des Bayerischen Fernsehens begleitete die Bad Reichenhaller Gebirgsj\u00e4ger bei ihrem allj\u00e4hrlichen Man\u00f6ver namens &#8220;Mountain Hornet&#8221;. Nun ist die Dokumentation erschienen. Was auff\u00e4llt: Die Russen werden darin dezidiert als Gegner benannt.\n            <\/div>\n<p><\/p>\n<div class=\"Text-root Text-type_5 ArticleView-text ViewText-root \">\n<p>Die Bundeswehr\u00fcbung &#8220;Mountain Hornet&#8221; findet seit sechs Jahren jeden Sommer unter Beteiligung mehrerer NATO-Staaten sowie des offiziell neutralen Staates \u00d6sterreich in den bayerischen Alpen <a rel=\"nofollow noopener\" target=\"_blank\" href=\"https:\/\/www.berchtesgadener-anzeiger.de\/region-und-lokal\/lokales-berchtesgadener-land_artikel,-luftnahunterstuetzer-ueben-im-gebirge-_arid,950389.html\">statt<\/a>. Haupts\u00e4chlich geht es dabei darum, mithilfe sogenannter JTACs (Fliegerleitoffiziere oder Luftkoordinatoren) die Luftunterst\u00fctzung (Kampfhubschrauber Tiger, Eurofighter) f\u00fcr die Bodentruppen zu organisieren. Der Einsatz von Drohnen soll ebenfalls ge\u00fcbt werden, auch unter Beteiligung der j\u00fcngst der NATO beigetretenen L\u00e4nder Schweden und Finnland.<\/p>\n<p>Wer sich h\u00e4ufiger Dokumentationen \u00fcber die Bundeswehr und ihre milit\u00e4rischen \u00dcbungen anschaut oder selbst noch bei der Bundeswehr war, wei\u00df, wie ungern Bundeswehroffiziere bei Interviews den Gegner, gegen den sie da \u00fcben, benennen. Bei l\u00e4stigen Journalisten-Nachfragen drucksen sie daher zumeist herum und verweisen h\u00f6chstens auf die sich allgemein verschlechternde geopolitische Lage. Dass nun ein konkretes Volk beziehungsweise eine konkrete Armee als Gegner benannt wird, \u00fcberrascht, passt allerdings in die Zeit einer sich versch\u00e4rfenden antirussischen Hysterie.<\/p>\n<p>Selbst im Kalten Krieg war es in der Bundeswehr bei Man\u00f6vern offiziell nicht \u00fcblich, die Streitkr\u00e4fte des Warschauer Pakts bzw. &#8220;die Russen&#8221; als Feind zu benennen. Die eigenen Streitkr\u00e4fte wurden vielmehr als &#8220;Blau&#8221; oder &#8220;die Blauen&#8221; bezeichnet, der Gegner als &#8220;Rot&#8221;. Oder man sprach von einem Gegner aus dem Osten, der im Man\u00f6ver-Szenario angegriffen habe. Auch wenn nat\u00fcrlich jedem Bundeswehrsoldaten klar war, dass mit dem Gegner die Sowjetunion mit ihren osteurop\u00e4ischen Verb\u00fcndeten samt der NVA gemeint war\u00a0\u2013 nach au\u00dfen hin wurde diese Konvention eingehalten.<\/p>\n<p>Vorletzten Sommer, im Jahr 2024, <a rel=\"nofollow noopener\" target=\"_blank\" href=\"https:\/\/www.bundeswehr.de\/de\/organisation\/luftwaffe\/aktuelles\/uebung-mountain-hornet-close-air-support-alpen-5812568\">hielt sich<\/a> die Bundeswehr in ihrem offiziellen Bulletin \u00fcber das &#8220;Mountain-Hornet&#8221;-Man\u00f6ver noch an diese Gepflogenheiten. Man sprach ganz allgemein von &#8220;feindlichen Kr\u00e4ften&#8221;, die &#8220;die deutsche Grenze \u00fcberschreiten und angreifen&#8221; w\u00fcrden und die man &#8220;zusammen mit internationalen Partnern&#8221; in einem &#8220;Feuerkampf in den Alpen&#8221; abwehren wolle. Auch in einem dreiteiligen Video der Bundeswehr von der entsprechenden \u00dcbung im Jahr 2023 ist immer nur von einem nicht n\u00e4her bestimmten Feind <a rel=\"nofollow noopener\" target=\"_blank\" href=\"https:\/\/www.youtube.com\/watch?v=Dp8g6wJS2pI\">die Rede<\/a>.<\/p>\n<p>Nun der Schwenk. In der <em>BR24<\/em>-Dokumentation &#8220;Spezialtruppe Gebirgsj\u00e4ger: Wenn der Berg zur Front wird&#8221; \u00fcber die diesj\u00e4hrige \u00dcbung ist der fiktive Ernstfall auf einmal &#8220;ein russischer Angriff auf NATO-Gebiet&#8221; (Sekunde 30). Oberleutnant und Afghanistan-K\u00e4mpfer Philipp <a rel=\"nofollow noopener\" target=\"_blank\" href=\"https:\/\/www.youtube.com\/watch?v=mmNgCu9D93Q\">sprach<\/a> es ganz offen aus (Minute 18):<\/p>\n<p><em>&#8220;Mit dem Russen steht uns halt ein gleichwertiger Gegner gegen\u00fcber. In manchen Bef\u00e4higungen halt auch deutlich besser. Das muss man halt auch so sagen. Wenn man es sich aussuchen k\u00f6nnte, w\u00fcrde man sich in jedem Fall eine friedlichere Welt w\u00fcnschen.&#8221;<\/em><\/p>\n<p>Das fiel auch der <em>BR24<\/em>-Reporterin Anna Bachner auf, die feststellte:<\/p>\n<blockquote>\n<p><em>&#8220;Der vermeintliche Gegner wird jetzt klar benannt: Russland.&#8221;<\/em><\/p>\n<\/blockquote>\n<p>Anna Bachner und ihr Kollege Erik H\u00e4u\u00dfler wissen sogar zu berichten, dass die \u00dcbungsgegner russische Kennungen (also Abzeichen am Helm oder am Arm) tragen und Taktiken der Russen imitieren. Zu sehen bekommt man diese russischen Kennungen allerdings nicht, das Reporterteam bleibt w\u00e4hrend der \u00dcbung auf der Seite der NATO-Verteidiger. Im Begleittext zur Doku wird die \u00dcbung noch zus\u00e4tzlich in die Frontstellung gegen\u00fcber Russland eingeordnet: <a rel=\"nofollow noopener\" target=\"_blank\" href=\"https:\/\/www.br.de\/nachrichten\/bayern\/spezialtruppe-gebirgsjaeger-wenn-der-berg-zur-front-wird,UwzC6iN\">Erw\u00e4hnt werden<\/a> die angeblichen k\u00fcrzlichen Luftraumverst\u00f6\u00dfe. Auch die SPD-Verteidigungsexpertin Siemtje M\u00f6ller kommt zu Wort.<\/p>\n<p>Dass sich da ein einzelner Bundeswehrsoldat (noch dazu ein Offizier mit bereits \u00fcber dreizehnj\u00e4hriger Dienstzeit!) verplappert hat, ist nahezu ausgeschlossen. Zu gut werden die Soldaten der Bundeswehr im Umgang mit den Medien geschult, bevor die Journalisten auf sie losgelassen werden. Au\u00dfer blassen Sprechblasen kommt bei einem Interview mit einem Bundeswehrangeh\u00f6rigen meist nichts heraus. Umso mehr erstaunt, dass Oberleutnant Philipp Klartext redet. Und selbst, wenn ein deutscher Offizier mal ausgeplaudert h\u00e4tte, was er nicht h\u00e4tte sagen sollen, ist es \u00e4u\u00dferst unwahrscheinlich, dass ein staatsnaher Sender wie der <em>BR<\/em> etwas sendet, das den Interessen der Bundeswehr zuwiderl\u00e4uft. Viel plausibler ist die Annahme, dass das Bundesministerium der Verteidigung eine neue Sprachregelung an die \u00d6ffentlichkeit gebracht sehen m\u00f6chte.<\/p>\n<p>Man mag es als Zeichen der Ehrlichkeit zu sch\u00e4tzen wissen, dass jetzt die Russen offiziell von der Bundeswehr als Feind benannt werden. Es bedeutet aber auch, dass man das verschleiernde M\u00e4ntelchen der aus dem Kalten Krieg ererbten konventionellen H\u00f6flichkeit abgeworfen hat. Es k\u00e4mpfen nicht mehr &#8220;die Blauen&#8221; gegen &#8220;die Roten&#8221;. Es k\u00e4mpfen die Deutschen gegen die Russen. Ganz ehrlich und ganz brutal.<\/p>\n<p><strong>Mehr zum Thema<\/strong> &#8211;\u00a0<a rel=\"nofollow noopener\" target=\"_blank\" href=\"https:\/\/freedert.online\/europa\/254119-bundeswehreinsatz-in-der-ukraine-eine-schon-beschlossene-sache\/\">Bundeswehreinsatz in der Ukraine: Eine schon beschlossene Sache<\/a><\/p>\n<div class=\"EmbedBlock-root EmbedBlock-externalVideo EmbedBlock-rumble\">\n<div class=\"VkEmbed\"><iframe class=\"lazyload\" data-src=\"https:\/\/rumble.com\/embed\/v6xd7no\" frameborder=\"0\" width=\"853\" height=\"480\" allowfullscreen><\/iframe><\/div>\n<\/div>\n<\/div>\n<p><br \/>\n<br \/><a href=\"https:\/\/de.rt.com\/inland\/257327-novum-bundeswehr-nennt-bei-manoever\/\">Source link <\/a><\/p>\n","protected":false},"excerpt":{"rendered":"<p>Ein Kamerateam des Bayerischen Fernsehens begleitete die Bad Reichenhaller Gebirgsj\u00e4ger bei ihrem allj\u00e4hrlichen Man\u00f6ver namens &#8220;Mountain Hornet&#8221;. Nun ist die Dokumentation erschienen. Was auff\u00e4llt: Die Russen werden darin dezidiert als Gegner benannt. Die Bundeswehr\u00fcbung &#8220;Mountain Hornet&#8221; findet seit sechs Jahren jeden Sommer unter Beteiligung mehrerer NATO-Staaten sowie des offiziell neutralen Staates \u00d6sterreich in den bayerischen [&hellip;]<\/p>\n","protected":false},"author":3,"featured_media":91355,"comment_status":"open","ping_status":"open","sticky":false,"template":"","format":"standard","meta":{"_yoast_indexnow_last_ping":["1759088648"],"wp_automatic_camp":["217"],"d41971dd84e669fdf77826bd4bc70c6b":["Novum: Bundeswehr nennt bei Man\u00f6ver Russland dezidiert als Gegner"],"original_link":["https:\/\/de.rt.com\/inland\/257327-novum-bundeswehr-nennt-bei-manoever\/"],"_thumbnail_id":["91355"],"jnews_social_counter_last_update":["1777689087"],"_wptgpro_p2tg_sent2tg":["a:1:{i:23737;s:19:\"2025-09-28 21:45:14\";}"]},"categories":[19,23],"tags":[273,363,12292,68086,23380,16684,6986,65170,126],"yoast_head":"<!-- This site is optimized with the Yoast SEO Premium plugin v22.7 (Yoast SEO v22.7) - https:\/\/yoast.com\/wordpress\/plugins\/seo\/ -->\n<title>Novum: Bundeswehr nennt bei Man\u00f6ver Russland dezidiert als Gegner - just-now.NEWS Deutschland<\/title>\n<meta name=\"robots\" content=\"index, follow, max-snippet:-1, max-image-preview:large, max-video-preview:-1\" \/>\n<link rel=\"canonical\" href=\"https:\/\/now-news.de\/de\/deutschland\/novum-bundeswehr-nennt-bei-manoever-russland-dezidiert-als-gegner\/\" \/>\n<meta property=\"og:locale\" content=\"de_DE\" \/>\n<meta property=\"og:type\" content=\"article\" \/>\n<meta property=\"og:title\" content=\"Novum: Bundeswehr nennt bei Man\u00f6ver Russland dezidiert als Gegner\" \/>\n<meta property=\"og:description\" content=\"Ein Kamerateam des Bayerischen Fernsehens begleitete die Bad Reichenhaller Gebirgsj\u00e4ger bei ihrem allj\u00e4hrlichen Man\u00f6ver namens &#8220;Mountain Hornet&#8221;. Nun ist die Dokumentation erschienen. Was auff\u00e4llt: Die Russen werden darin dezidiert als Gegner benannt. Die Bundeswehr\u00fcbung &#8220;Mountain Hornet&#8221; findet seit sechs Jahren jeden Sommer unter Beteiligung mehrerer NATO-Staaten sowie des offiziell neutralen Staates \u00d6sterreich in den bayerischen [&hellip;]\" \/>\n<meta property=\"og:url\" content=\"https:\/\/now-news.de\/de\/deutschland\/novum-bundeswehr-nennt-bei-manoever-russland-dezidiert-als-gegner\/\" \/>\n<meta property=\"og:site_name\" content=\"just-now.NEWS Deutschland\" \/>\n<meta property=\"article:publisher\" content=\"https:\/\/www.facebook.com\/wirmachenauf\" \/>\n<meta property=\"article:published_time\" content=\"2025-09-28T19:36:40+00:00\" \/>\n<meta property=\"og:image\" content=\"https:\/\/now-news.de\/de\/wp-content\/uploads\/sites\/3\/2025\/09\/68d8f990b480cc4edd2c6876.JPG\" \/>\n<meta name=\"author\" content=\"rtnews\" \/>\n<meta name=\"twitter:card\" content=\"summary_large_image\" \/>\n<meta name=\"twitter:creator\" content=\"@WirMachenAuf_de\" \/>\n<meta name=\"twitter:site\" content=\"@WirMachenAuf_de\" \/>\n<meta name=\"twitter:label1\" content=\"Verfasst von\" \/>\n\t<meta name=\"twitter:data1\" content=\"rtnews\" \/>\n\t<meta name=\"twitter:label2\" content=\"Gesch\u00e4tzte Lesezeit\" \/>\n\t<meta name=\"twitter:data2\" content=\"4\u00a0Minuten\" \/>\n<script type=\"application\/ld+json\" class=\"yoast-schema-graph\">{\"@context\":\"https:\/\/schema.org\",\"@graph\":[{\"@type\":\"Article\",\"@id\":\"https:\/\/now-news.de\/de\/deutschland\/novum-bundeswehr-nennt-bei-manoever-russland-dezidiert-als-gegner\/#article\",\"isPartOf\":{\"@id\":\"https:\/\/now-news.de\/de\/deutschland\/novum-bundeswehr-nennt-bei-manoever-russland-dezidiert-als-gegner\/\"},\"author\":{\"name\":\"rtnews\",\"@id\":\"https:\/\/now-news.de\/de\/#\/schema\/person\/fb534a4e865501d8b3285208df34a9b5\"},\"headline\":\"Novum: Bundeswehr nennt bei Man\u00f6ver Russland dezidiert als Gegner\",\"datePublished\":\"2025-09-28T19:36:40+00:00\",\"dateModified\":\"2025-09-28T19:36:40+00:00\",\"mainEntityOfPage\":{\"@id\":\"https:\/\/now-news.de\/de\/deutschland\/novum-bundeswehr-nennt-bei-manoever-russland-dezidiert-als-gegner\/\"},\"wordCount\":768,\"commentCount\":0,\"publisher\":{\"@id\":\"https:\/\/now-news.de\/de\/#organization\"},\"image\":{\"@id\":\"https:\/\/now-news.de\/de\/deutschland\/novum-bundeswehr-nennt-bei-manoever-russland-dezidiert-als-gegner\/#primaryimage\"},\"thumbnailUrl\":\"https:\/\/now-news.de\/de\/wp-content\/uploads\/sites\/3\/2025\/09\/Novum-Bundeswehr-nennt-bei-Manoever-Russland-dezidiert-als-Gegner.JPG\",\"keywords\":[\"als\",\"bei\",\"Bundeswehr\",\"dezidiert\",\"Gegner\",\"man\u00f6ver\",\"nennt\",\"Novum\",\"russland\"],\"articleSection\":[\"Deutschland\",\"Russland\"],\"inLanguage\":\"de\",\"potentialAction\":[{\"@type\":\"CommentAction\",\"name\":\"Comment\",\"target\":[\"https:\/\/now-news.de\/de\/deutschland\/novum-bundeswehr-nennt-bei-manoever-russland-dezidiert-als-gegner\/#respond\"]}]},{\"@type\":\"WebPage\",\"@id\":\"https:\/\/now-news.de\/de\/deutschland\/novum-bundeswehr-nennt-bei-manoever-russland-dezidiert-als-gegner\/\",\"url\":\"https:\/\/now-news.de\/de\/deutschland\/novum-bundeswehr-nennt-bei-manoever-russland-dezidiert-als-gegner\/\",\"name\":\"Novum: Bundeswehr nennt bei Man\u00f6ver Russland dezidiert als Gegner - just-now.NEWS Deutschland\",\"isPartOf\":{\"@id\":\"https:\/\/now-news.de\/de\/#website\"},\"primaryImageOfPage\":{\"@id\":\"https:\/\/now-news.de\/de\/deutschland\/novum-bundeswehr-nennt-bei-manoever-russland-dezidiert-als-gegner\/#primaryimage\"},\"image\":{\"@id\":\"https:\/\/now-news.de\/de\/deutschland\/novum-bundeswehr-nennt-bei-manoever-russland-dezidiert-als-gegner\/#primaryimage\"},\"thumbnailUrl\":\"https:\/\/now-news.de\/de\/wp-content\/uploads\/sites\/3\/2025\/09\/Novum-Bundeswehr-nennt-bei-Manoever-Russland-dezidiert-als-Gegner.JPG\",\"datePublished\":\"2025-09-28T19:36:40+00:00\",\"dateModified\":\"2025-09-28T19:36:40+00:00\",\"breadcrumb\":{\"@id\":\"https:\/\/now-news.de\/de\/deutschland\/novum-bundeswehr-nennt-bei-manoever-russland-dezidiert-als-gegner\/#breadcrumb\"},\"inLanguage\":\"de\",\"potentialAction\":[{\"@type\":\"ReadAction\",\"target\":[\"https:\/\/now-news.de\/de\/deutschland\/novum-bundeswehr-nennt-bei-manoever-russland-dezidiert-als-gegner\/\"]}]},{\"@type\":\"ImageObject\",\"inLanguage\":\"de\",\"@id\":\"https:\/\/now-news.de\/de\/deutschland\/novum-bundeswehr-nennt-bei-manoever-russland-dezidiert-als-gegner\/#primaryimage\",\"url\":\"https:\/\/now-news.de\/de\/wp-content\/uploads\/sites\/3\/2025\/09\/Novum-Bundeswehr-nennt-bei-Manoever-Russland-dezidiert-als-Gegner.JPG\",\"contentUrl\":\"https:\/\/now-news.de\/de\/wp-content\/uploads\/sites\/3\/2025\/09\/Novum-Bundeswehr-nennt-bei-Manoever-Russland-dezidiert-als-Gegner.JPG\",\"width\":460,\"height\":259,\"caption\":\"Novum: Bundeswehr nennt bei Man\u00f6ver Russland dezidiert als Gegner\"},{\"@type\":\"BreadcrumbList\",\"@id\":\"https:\/\/now-news.de\/de\/deutschland\/novum-bundeswehr-nennt-bei-manoever-russland-dezidiert-als-gegner\/#breadcrumb\",\"itemListElement\":[{\"@type\":\"ListItem\",\"position\":1,\"name\":\"Home\",\"item\":\"https:\/\/now-news.de\/de\/\"},{\"@type\":\"ListItem\",\"position\":2,\"name\":\"Novum: Bundeswehr nennt bei Man\u00f6ver Russland dezidiert als Gegner\"}]},{\"@type\":\"WebSite\",\"@id\":\"https:\/\/now-news.de\/de\/#website\",\"url\":\"https:\/\/now-news.de\/de\/\",\"name\":\"just-now.NEWS Deutschland\",\"description\":\"Das Portal f\u00fcr unzensierte Nachrichten aus der Welt\",\"publisher\":{\"@id\":\"https:\/\/now-news.de\/de\/#organization\"},\"potentialAction\":[{\"@type\":\"SearchAction\",\"target\":{\"@type\":\"EntryPoint\",\"urlTemplate\":\"https:\/\/now-news.de\/de\/?s={search_term_string}\"},\"query-input\":\"required name=search_term_string\"}],\"inLanguage\":\"de\"},{\"@type\":\"Organization\",\"@id\":\"https:\/\/now-news.de\/de\/#organization\",\"name\":\"Just Now News\",\"url\":\"https:\/\/now-news.de\/de\/\",\"logo\":{\"@type\":\"ImageObject\",\"inLanguage\":\"de\",\"@id\":\"https:\/\/now-news.de\/de\/#\/schema\/logo\/image\/\",\"url\":\"http:\/\/just-now.news\/de\/wp-content\/uploads\/sites\/3\/2022\/04\/logo500x500.jpg\",\"contentUrl\":\"http:\/\/just-now.news\/de\/wp-content\/uploads\/sites\/3\/2022\/04\/logo500x500.jpg\",\"width\":500,\"height\":500,\"caption\":\"Just Now News\"},\"image\":{\"@id\":\"https:\/\/now-news.de\/de\/#\/schema\/logo\/image\/\"},\"sameAs\":[\"https:\/\/www.facebook.com\/wirmachenauf\",\"https:\/\/x.com\/WirMachenAuf_de\"]},{\"@type\":\"Person\",\"@id\":\"https:\/\/now-news.de\/de\/#\/schema\/person\/fb534a4e865501d8b3285208df34a9b5\",\"name\":\"rtnews\",\"image\":{\"@type\":\"ImageObject\",\"inLanguage\":\"de\",\"@id\":\"https:\/\/now-news.de\/de\/#\/schema\/person\/image\/\",\"url\":\"https:\/\/secure.gravatar.com\/avatar\/82aafea7d8127119dd649515f56e2117?s=96&d=mm&r=g\",\"contentUrl\":\"https:\/\/secure.gravatar.com\/avatar\/82aafea7d8127119dd649515f56e2117?s=96&d=mm&r=g\",\"caption\":\"rtnews\"},\"url\":\"https:\/\/now-news.de\/de\/author\/rnews\/\"}]}<\/script>\n<!-- \/ Yoast SEO Premium plugin. -->","yoast_head_json":{"title":"Novum: Bundeswehr nennt bei Man\u00f6ver Russland dezidiert als Gegner - just-now.NEWS Deutschland","robots":{"index":"index","follow":"follow","max-snippet":"max-snippet:-1","max-image-preview":"max-image-preview:large","max-video-preview":"max-video-preview:-1"},"canonical":"https:\/\/now-news.de\/de\/deutschland\/novum-bundeswehr-nennt-bei-manoever-russland-dezidiert-als-gegner\/","og_locale":"de_DE","og_type":"article","og_title":"Novum: Bundeswehr nennt bei Man\u00f6ver Russland dezidiert als Gegner","og_description":"Ein Kamerateam des Bayerischen Fernsehens begleitete die Bad Reichenhaller Gebirgsj\u00e4ger bei ihrem allj\u00e4hrlichen Man\u00f6ver namens &#8220;Mountain Hornet&#8221;. Nun ist die Dokumentation erschienen. Was auff\u00e4llt: Die Russen werden darin dezidiert als Gegner benannt. Die Bundeswehr\u00fcbung &#8220;Mountain Hornet&#8221; findet seit sechs Jahren jeden Sommer unter Beteiligung mehrerer NATO-Staaten sowie des offiziell neutralen Staates \u00d6sterreich in den bayerischen [&hellip;]","og_url":"https:\/\/now-news.de\/de\/deutschland\/novum-bundeswehr-nennt-bei-manoever-russland-dezidiert-als-gegner\/","og_site_name":"just-now.NEWS Deutschland","article_publisher":"https:\/\/www.facebook.com\/wirmachenauf","article_published_time":"2025-09-28T19:36:40+00:00","og_image":[{"url":"https:\/\/now-news.de\/de\/wp-content\/uploads\/sites\/3\/2025\/09\/68d8f990b480cc4edd2c6876.JPG"}],"author":"rtnews","twitter_card":"summary_large_image","twitter_creator":"@WirMachenAuf_de","twitter_site":"@WirMachenAuf_de","twitter_misc":{"Verfasst von":"rtnews","Gesch\u00e4tzte Lesezeit":"4\u00a0Minuten"},"schema":{"@context":"https:\/\/schema.org","@graph":[{"@type":"Article","@id":"https:\/\/now-news.de\/de\/deutschland\/novum-bundeswehr-nennt-bei-manoever-russland-dezidiert-als-gegner\/#article","isPartOf":{"@id":"https:\/\/now-news.de\/de\/deutschland\/novum-bundeswehr-nennt-bei-manoever-russland-dezidiert-als-gegner\/"},"author":{"name":"rtnews","@id":"https:\/\/now-news.de\/de\/#\/schema\/person\/fb534a4e865501d8b3285208df34a9b5"},"headline":"Novum: Bundeswehr nennt bei Man\u00f6ver Russland dezidiert als Gegner","datePublished":"2025-09-28T19:36:40+00:00","dateModified":"2025-09-28T19:36:40+00:00","mainEntityOfPage":{"@id":"https:\/\/now-news.de\/de\/deutschland\/novum-bundeswehr-nennt-bei-manoever-russland-dezidiert-als-gegner\/"},"wordCount":768,"commentCount":0,"publisher":{"@id":"https:\/\/now-news.de\/de\/#organization"},"image":{"@id":"https:\/\/now-news.de\/de\/deutschland\/novum-bundeswehr-nennt-bei-manoever-russland-dezidiert-als-gegner\/#primaryimage"},"thumbnailUrl":"https:\/\/now-news.de\/de\/wp-content\/uploads\/sites\/3\/2025\/09\/Novum-Bundeswehr-nennt-bei-Manoever-Russland-dezidiert-als-Gegner.JPG","keywords":["als","bei","Bundeswehr","dezidiert","Gegner","man\u00f6ver","nennt","Novum","russland"],"articleSection":["Deutschland","Russland"],"inLanguage":"de","potentialAction":[{"@type":"CommentAction","name":"Comment","target":["https:\/\/now-news.de\/de\/deutschland\/novum-bundeswehr-nennt-bei-manoever-russland-dezidiert-als-gegner\/#respond"]}]},{"@type":"WebPage","@id":"https:\/\/now-news.de\/de\/deutschland\/novum-bundeswehr-nennt-bei-manoever-russland-dezidiert-als-gegner\/","url":"https:\/\/now-news.de\/de\/deutschland\/novum-bundeswehr-nennt-bei-manoever-russland-dezidiert-als-gegner\/","name":"Novum: Bundeswehr nennt bei Man\u00f6ver Russland dezidiert als Gegner - just-now.NEWS Deutschland","isPartOf":{"@id":"https:\/\/now-news.de\/de\/#website"},"primaryImageOfPage":{"@id":"https:\/\/now-news.de\/de\/deutschland\/novum-bundeswehr-nennt-bei-manoever-russland-dezidiert-als-gegner\/#primaryimage"},"image":{"@id":"https:\/\/now-news.de\/de\/deutschland\/novum-bundeswehr-nennt-bei-manoever-russland-dezidiert-als-gegner\/#primaryimage"},"thumbnailUrl":"https:\/\/now-news.de\/de\/wp-content\/uploads\/sites\/3\/2025\/09\/Novum-Bundeswehr-nennt-bei-Manoever-Russland-dezidiert-als-Gegner.JPG","datePublished":"2025-09-28T19:36:40+00:00","dateModified":"2025-09-28T19:36:40+00:00","breadcrumb":{"@id":"https:\/\/now-news.de\/de\/deutschland\/novum-bundeswehr-nennt-bei-manoever-russland-dezidiert-als-gegner\/#breadcrumb"},"inLanguage":"de","potentialAction":[{"@type":"ReadAction","target":["https:\/\/now-news.de\/de\/deutschland\/novum-bundeswehr-nennt-bei-manoever-russland-dezidiert-als-gegner\/"]}]},{"@type":"ImageObject","inLanguage":"de","@id":"https:\/\/now-news.de\/de\/deutschland\/novum-bundeswehr-nennt-bei-manoever-russland-dezidiert-als-gegner\/#primaryimage","url":"https:\/\/now-news.de\/de\/wp-content\/uploads\/sites\/3\/2025\/09\/Novum-Bundeswehr-nennt-bei-Manoever-Russland-dezidiert-als-Gegner.JPG","contentUrl":"https:\/\/now-news.de\/de\/wp-content\/uploads\/sites\/3\/2025\/09\/Novum-Bundeswehr-nennt-bei-Manoever-Russland-dezidiert-als-Gegner.JPG","width":460,"height":259,"caption":"Novum: Bundeswehr nennt bei Man\u00f6ver Russland dezidiert als Gegner"},{"@type":"BreadcrumbList","@id":"https:\/\/now-news.de\/de\/deutschland\/novum-bundeswehr-nennt-bei-manoever-russland-dezidiert-als-gegner\/#breadcrumb","itemListElement":[{"@type":"ListItem","position":1,"name":"Home","item":"https:\/\/now-news.de\/de\/"},{"@type":"ListItem","position":2,"name":"Novum: Bundeswehr nennt bei Man\u00f6ver Russland dezidiert als Gegner"}]},{"@type":"WebSite","@id":"https:\/\/now-news.de\/de\/#website","url":"https:\/\/now-news.de\/de\/","name":"just-now.NEWS Deutschland","description":"Das Portal f\u00fcr unzensierte Nachrichten aus der Welt","publisher":{"@id":"https:\/\/now-news.de\/de\/#organization"},"potentialAction":[{"@type":"SearchAction","target":{"@type":"EntryPoint","urlTemplate":"https:\/\/now-news.de\/de\/?s={search_term_string}"},"query-input":"required name=search_term_string"}],"inLanguage":"de"},{"@type":"Organization","@id":"https:\/\/now-news.de\/de\/#organization","name":"Just Now News","url":"https:\/\/now-news.de\/de\/","logo":{"@type":"ImageObject","inLanguage":"de","@id":"https:\/\/now-news.de\/de\/#\/schema\/logo\/image\/","url":"http:\/\/just-now.news\/de\/wp-content\/uploads\/sites\/3\/2022\/04\/logo500x500.jpg","contentUrl":"http:\/\/just-now.news\/de\/wp-content\/uploads\/sites\/3\/2022\/04\/logo500x500.jpg","width":500,"height":500,"caption":"Just Now News"},"image":{"@id":"https:\/\/now-news.de\/de\/#\/schema\/logo\/image\/"},"sameAs":["https:\/\/www.facebook.com\/wirmachenauf","https:\/\/x.com\/WirMachenAuf_de"]},{"@type":"Person","@id":"https:\/\/now-news.de\/de\/#\/schema\/person\/fb534a4e865501d8b3285208df34a9b5","name":"rtnews","image":{"@type":"ImageObject","inLanguage":"de","@id":"https:\/\/now-news.de\/de\/#\/schema\/person\/image\/","url":"https:\/\/secure.gravatar.com\/avatar\/82aafea7d8127119dd649515f56e2117?s=96&d=mm&r=g","contentUrl":"https:\/\/secure.gravatar.com\/avatar\/82aafea7d8127119dd649515f56e2117?s=96&d=mm&r=g","caption":"rtnews"},"url":"https:\/\/now-news.de\/de\/author\/rnews\/"}]}},"_links":{"self":[{"href":"https:\/\/now-news.de\/de\/wp-json\/wp\/v2\/posts\/91354"}],"collection":[{"href":"https:\/\/now-news.de\/de\/wp-json\/wp\/v2\/posts"}],"about":[{"href":"https:\/\/now-news.de\/de\/wp-json\/wp\/v2\/types\/post"}],"author":[{"embeddable":true,"href":"https:\/\/now-news.de\/de\/wp-json\/wp\/v2\/users\/3"}],"replies":[{"embeddable":true,"href":"https:\/\/now-news.de\/de\/wp-json\/wp\/v2\/comments?post=91354"}],"version-history":[{"count":0,"href":"https:\/\/now-news.de\/de\/wp-json\/wp\/v2\/posts\/91354\/revisions"}],"wp:featuredmedia":[{"embeddable":true,"href":"https:\/\/now-news.de\/de\/wp-json\/wp\/v2\/media\/91355"}],"wp:attachment":[{"href":"https:\/\/now-news.de\/de\/wp-json\/wp\/v2\/media?parent=91354"}],"wp:term":[{"taxonomy":"category","embeddable":true,"href":"https:\/\/now-news.de\/de\/wp-json\/wp\/v2\/categories?post=91354"},{"taxonomy":"post_tag","embeddable":true,"href":"https:\/\/now-news.de\/de\/wp-json\/wp\/v2\/tags?post=91354"}],"curies":[{"name":"wp","href":"https:\/\/api.w.org\/{rel}","templated":true}]}}