{"id":91350,"date":"2025-09-28T20:45:44","date_gmt":"2025-09-28T18:45:44","guid":{"rendered":"https:\/\/now-news.de\/de\/deutschland\/bericht-trumps-neue-position-zum-ukraine-konflikt-haengt-mit-koenig-charles-zusammen\/"},"modified":"2025-09-28T20:45:44","modified_gmt":"2025-09-28T18:45:44","slug":"bericht-trumps-neue-position-zum-ukraine-konflikt-haengt-mit-koenig-charles-zusammen","status":"publish","type":"post","link":"https:\/\/now-news.de\/de\/deutschland\/bericht-trumps-neue-position-zum-ukraine-konflikt-haengt-mit-koenig-charles-zusammen\/","title":{"rendered":"Bericht: Trumps neue Position zum Ukraine-Konflikt h\u00e4ngt mit K\u00f6nig Charles zusammen"},"content":{"rendered":"<p><img decoding=\"async\" src=\"https:\/\/now-news.de\/de\/wp-content\/uploads\/sites\/3\/2025\/09\/68d96a3248fbef2da6433503.jpg\" \/><\/p>\n<div class=\"Text-root Text-type_1 \">\n                Einem Medienbericht zufolge soll Trumps Kehrtwende im Ukraine-Konflikt mit seinem j\u00fcngsten Besuch im  Vereinigten K\u00f6nigreich zusammenh\u00e4ngen. Wladimir Selenskijs Stabschef Andrei Jermak sagte, Trumps Besuch sei &#8220;sehr wichtig&#8221; gewesen.\n            <\/div>\n<p><\/p>\n<div class=\"Text-root Text-type_5 ArticleView-text ViewText-root \">\n<p>Die neue Haltung von US-Pr\u00e4sident Donald Trump zum Ukraine-Konflikt wurde durch seinen j\u00fcngsten Besuch in Gro\u00dfbritannien gepr\u00e4gt, berichtet <em>The Telegraph<\/em> unter Berufung auf anonyme Quellen. Wladimir Selenskijs Stabschef Andrei Jermak sagte der Zeitung zudem, der Besuch sei &#8220;sehr wichtig&#8221; gewesen.<\/p>\n<p>Monatelang hatte Washington darauf bestanden, dass Kiew auf bestimmte Gebietsanspr\u00fcche verzichten m\u00fcsse, um ein von den USA vermitteltes Friedensabkommen mit Moskau voranzubringen. In dieser Woche hat der US-Pr\u00e4sident jedoch einen Kurswechsel vollzogen. Er bezeichnete Russland als &#8220;Papiertiger&#8221;, den Kiew besiegen k\u00f6nne, und erkl\u00e4rte, sein Kurswechsel sei darauf zur\u00fcckzuf\u00fchren, dass er &#8220;die milit\u00e4rische und wirtschaftliche Situation zwischen der Ukraine und Russland kennengelernt und vollst\u00e4ndig verstanden habe&#8221;.<\/p>\n<p>Anfang dieses Monats besuchte Trump das Vereinigte K\u00f6nigreich, das seit der Eskalation des Ukraine-Konflikts im Februar 2022 zu den treuesten Unterst\u00fctzern der Ukraine geh\u00f6rt. W\u00e4hrend seiner Reise traf der US-amerikanische Regierungschef mit dem britischen Premierminister Keir Starmer zusammen, der dazu aufrief, den Druck auf Russland zu erh\u00f6hen. Trump besuchte auch Schloss Windsor, wo er von K\u00f6nig Charles gro\u00dfz\u00fcgig empfangen wurde. Jermak lobte die Bem\u00fchungen von Charles und sagte der britischen Zeitung am Freitag:<\/p>\n<blockquote>\n<p><em>&#8220;Ich m\u00f6chte erw\u00e4hnen, dass es ein gro\u00dfartiger Besuch von Pr\u00e4sident Trump im Vereinigten K\u00f6nigreich war, und ich kenne die Position Seiner Majest\u00e4t, die Position von Premierminister Starmer und der Menschen, die Pr\u00e4sident Trump getroffen hat [&#8230;] Es war sehr wichtig.&#8221;<\/em><\/p>\n<\/blockquote>\n<p>Diplomatische Quellen deuteten darauf hin, dass es kein Zufall war, dass Trumps Sinneswandel so kurz nach seinen Gespr\u00e4chen mit Charles erfolgte, berichtete die Zeitung.<\/p>\n<p>Kreml-Sprecher Dmitri Peskow hat die Abtretung von Territorium durch Russland rundweg abgelehnt. Er spottete auch \u00fcber Trumps &#8220;Papiertiger&#8221;-Bemerkung und betonte, dass Russland traditionell als B\u00e4r gesehen werde und dass es &#8220;so etwas wie einen Papierb\u00e4ren nicht gibt&#8221;.<\/p>\n<p>Am Mittwoch f\u00fcgte Peskow hinzu, dass Trumps j\u00fcngste \u00c4u\u00dferungen offenbar nach einem Treffen mit Selenskij\u00a0am Rande der UN-Vollversammlung Anfang der Woche gefallen seien und im deutlichen Gegensatz zu Russlands Sichtweise st\u00fcnden.<\/p>\n<p><strong>Mehr zum Thema\u00a0\u2012\u00a0<\/strong><a rel=\"nofollow noopener\" target=\"_blank\" href=\"https:\/\/freedert.online\/meinung\/257077-donald-trump-feuert-ukraine-an\/\">Donald Trump feuert die Ukraine an <\/a><\/p>\n<div class=\"EmbedBlock-root EmbedBlock-externalVideo EmbedBlock-rumble\">\n<div class=\"VkEmbed\"><iframe class=\"lazyload\" data-src=\"https:\/\/rumble.com\/embed\/v6x7jx2\" frameborder=\"0\" width=\"853\" height=\"480\" allowfullscreen><\/iframe><\/div>\n<\/div>\n<\/div>\n<p><br \/>\n<br \/><a href=\"https:\/\/de.rt.com\/international\/257376-bericht-trumps-neue-position-zum\/\">Source link <\/a><\/p>\n","protected":false},"excerpt":{"rendered":"<p>Einem Medienbericht zufolge soll Trumps Kehrtwende im Ukraine-Konflikt mit seinem j\u00fcngsten Besuch im Vereinigten K\u00f6nigreich zusammenh\u00e4ngen. Wladimir Selenskijs Stabschef Andrei Jermak sagte, Trumps Besuch sei &#8220;sehr wichtig&#8221; gewesen. Die neue Haltung von US-Pr\u00e4sident Donald Trump zum Ukraine-Konflikt wurde durch seinen j\u00fcngsten Besuch in Gro\u00dfbritannien gepr\u00e4gt, berichtet The Telegraph unter Berufung auf anonyme Quellen. Wladimir Selenskijs [&hellip;]<\/p>\n","protected":false},"author":3,"featured_media":91351,"comment_status":"open","ping_status":"open","sticky":false,"template":"","format":"standard","meta":{"_yoast_indexnow_last_ping":["1759085708"],"wp_automatic_camp":["217"],"ab6d11bc08e1e78e423e233d39f11890":["Bericht: Trumps neue Position zum Ukraine-Konflikt h\u00e4ngt mit K\u00f6nig Charles zusammen"],"original_link":["https:\/\/de.rt.com\/international\/257376-bericht-trumps-neue-position-zum\/"],"_thumbnail_id":["91351"],"jnews_social_counter_last_update":["1777623645"],"_wptgpro_p2tg_sent2tg":["a:1:{i:23737;s:19:\"2025-09-28 20:56:09\";}"]},"categories":[19,23],"tags":[667,1308,27972,21142,419,1227,4007,317,1173,565,6580],"yoast_head":"<!-- This site is optimized with the Yoast SEO Premium plugin v22.7 (Yoast SEO v22.7) - https:\/\/yoast.com\/wordpress\/plugins\/seo\/ -->\n<title>Bericht: Trumps neue Position zum Ukraine-Konflikt h\u00e4ngt mit K\u00f6nig Charles zusammen - just-now.NEWS Deutschland<\/title>\n<meta name=\"robots\" content=\"index, follow, max-snippet:-1, max-image-preview:large, max-video-preview:-1\" \/>\n<link rel=\"canonical\" href=\"https:\/\/now-news.de\/de\/deutschland\/bericht-trumps-neue-position-zum-ukraine-konflikt-haengt-mit-koenig-charles-zusammen\/\" \/>\n<meta property=\"og:locale\" content=\"de_DE\" \/>\n<meta property=\"og:type\" content=\"article\" \/>\n<meta property=\"og:title\" content=\"Bericht: Trumps neue Position zum Ukraine-Konflikt h\u00e4ngt mit K\u00f6nig Charles zusammen\" \/>\n<meta property=\"og:description\" content=\"Einem Medienbericht zufolge soll Trumps Kehrtwende im Ukraine-Konflikt mit seinem j\u00fcngsten Besuch im Vereinigten K\u00f6nigreich zusammenh\u00e4ngen. Wladimir Selenskijs Stabschef Andrei Jermak sagte, Trumps Besuch sei &#8220;sehr wichtig&#8221; gewesen. Die neue Haltung von US-Pr\u00e4sident Donald Trump zum Ukraine-Konflikt wurde durch seinen j\u00fcngsten Besuch in Gro\u00dfbritannien gepr\u00e4gt, berichtet The Telegraph unter Berufung auf anonyme Quellen. Wladimir Selenskijs [&hellip;]\" \/>\n<meta property=\"og:url\" content=\"https:\/\/now-news.de\/de\/deutschland\/bericht-trumps-neue-position-zum-ukraine-konflikt-haengt-mit-koenig-charles-zusammen\/\" \/>\n<meta property=\"og:site_name\" content=\"just-now.NEWS Deutschland\" \/>\n<meta property=\"article:publisher\" content=\"https:\/\/www.facebook.com\/wirmachenauf\" \/>\n<meta property=\"article:published_time\" content=\"2025-09-28T18:45:44+00:00\" \/>\n<meta property=\"og:image\" content=\"https:\/\/now-news.de\/de\/wp-content\/uploads\/sites\/3\/2025\/09\/68d96a3248fbef2da6433503.jpg\" \/>\n<meta name=\"author\" content=\"rtnews\" \/>\n<meta name=\"twitter:card\" content=\"summary_large_image\" \/>\n<meta name=\"twitter:creator\" content=\"@WirMachenAuf_de\" \/>\n<meta name=\"twitter:site\" content=\"@WirMachenAuf_de\" \/>\n<meta name=\"twitter:label1\" content=\"Verfasst von\" \/>\n\t<meta name=\"twitter:data1\" content=\"rtnews\" \/>\n\t<meta name=\"twitter:label2\" content=\"Gesch\u00e4tzte Lesezeit\" \/>\n\t<meta name=\"twitter:data2\" content=\"2\u00a0Minuten\" \/>\n<script type=\"application\/ld+json\" class=\"yoast-schema-graph\">{\"@context\":\"https:\/\/schema.org\",\"@graph\":[{\"@type\":\"Article\",\"@id\":\"https:\/\/now-news.de\/de\/deutschland\/bericht-trumps-neue-position-zum-ukraine-konflikt-haengt-mit-koenig-charles-zusammen\/#article\",\"isPartOf\":{\"@id\":\"https:\/\/now-news.de\/de\/deutschland\/bericht-trumps-neue-position-zum-ukraine-konflikt-haengt-mit-koenig-charles-zusammen\/\"},\"author\":{\"name\":\"rtnews\",\"@id\":\"https:\/\/now-news.de\/de\/#\/schema\/person\/fb534a4e865501d8b3285208df34a9b5\"},\"headline\":\"Bericht: Trumps neue Position zum Ukraine-Konflikt h\u00e4ngt mit K\u00f6nig Charles zusammen\",\"datePublished\":\"2025-09-28T18:45:44+00:00\",\"dateModified\":\"2025-09-28T18:45:44+00:00\",\"mainEntityOfPage\":{\"@id\":\"https:\/\/now-news.de\/de\/deutschland\/bericht-trumps-neue-position-zum-ukraine-konflikt-haengt-mit-koenig-charles-zusammen\/\"},\"wordCount\":402,\"commentCount\":0,\"publisher\":{\"@id\":\"https:\/\/now-news.de\/de\/#organization\"},\"image\":{\"@id\":\"https:\/\/now-news.de\/de\/deutschland\/bericht-trumps-neue-position-zum-ukraine-konflikt-haengt-mit-koenig-charles-zusammen\/#primaryimage\"},\"thumbnailUrl\":\"https:\/\/now-news.de\/de\/wp-content\/uploads\/sites\/3\/2025\/09\/Bericht-Trumps-neue-Position-zum-Ukraine-Konflikt-haengt-mit-Koenig-Charles.jpg\",\"keywords\":[\"Bericht\",\"Charles\",\"h\u00e4ngt\",\"K\u00f6nig\",\"mit\",\"NEUE\",\"Position\",\"Trumps\",\"UkraineKonflikt\",\"zum\",\"zusammen\"],\"articleSection\":[\"Deutschland\",\"Russland\"],\"inLanguage\":\"de\",\"potentialAction\":[{\"@type\":\"CommentAction\",\"name\":\"Comment\",\"target\":[\"https:\/\/now-news.de\/de\/deutschland\/bericht-trumps-neue-position-zum-ukraine-konflikt-haengt-mit-koenig-charles-zusammen\/#respond\"]}]},{\"@type\":\"WebPage\",\"@id\":\"https:\/\/now-news.de\/de\/deutschland\/bericht-trumps-neue-position-zum-ukraine-konflikt-haengt-mit-koenig-charles-zusammen\/\",\"url\":\"https:\/\/now-news.de\/de\/deutschland\/bericht-trumps-neue-position-zum-ukraine-konflikt-haengt-mit-koenig-charles-zusammen\/\",\"name\":\"Bericht: Trumps neue Position zum Ukraine-Konflikt h\u00e4ngt mit K\u00f6nig Charles zusammen - just-now.NEWS Deutschland\",\"isPartOf\":{\"@id\":\"https:\/\/now-news.de\/de\/#website\"},\"primaryImageOfPage\":{\"@id\":\"https:\/\/now-news.de\/de\/deutschland\/bericht-trumps-neue-position-zum-ukraine-konflikt-haengt-mit-koenig-charles-zusammen\/#primaryimage\"},\"image\":{\"@id\":\"https:\/\/now-news.de\/de\/deutschland\/bericht-trumps-neue-position-zum-ukraine-konflikt-haengt-mit-koenig-charles-zusammen\/#primaryimage\"},\"thumbnailUrl\":\"https:\/\/now-news.de\/de\/wp-content\/uploads\/sites\/3\/2025\/09\/Bericht-Trumps-neue-Position-zum-Ukraine-Konflikt-haengt-mit-Koenig-Charles.jpg\",\"datePublished\":\"2025-09-28T18:45:44+00:00\",\"dateModified\":\"2025-09-28T18:45:44+00:00\",\"breadcrumb\":{\"@id\":\"https:\/\/now-news.de\/de\/deutschland\/bericht-trumps-neue-position-zum-ukraine-konflikt-haengt-mit-koenig-charles-zusammen\/#breadcrumb\"},\"inLanguage\":\"de\",\"potentialAction\":[{\"@type\":\"ReadAction\",\"target\":[\"https:\/\/now-news.de\/de\/deutschland\/bericht-trumps-neue-position-zum-ukraine-konflikt-haengt-mit-koenig-charles-zusammen\/\"]}]},{\"@type\":\"ImageObject\",\"inLanguage\":\"de\",\"@id\":\"https:\/\/now-news.de\/de\/deutschland\/bericht-trumps-neue-position-zum-ukraine-konflikt-haengt-mit-koenig-charles-zusammen\/#primaryimage\",\"url\":\"https:\/\/now-news.de\/de\/wp-content\/uploads\/sites\/3\/2025\/09\/Bericht-Trumps-neue-Position-zum-Ukraine-Konflikt-haengt-mit-Koenig-Charles.jpg\",\"contentUrl\":\"https:\/\/now-news.de\/de\/wp-content\/uploads\/sites\/3\/2025\/09\/Bericht-Trumps-neue-Position-zum-Ukraine-Konflikt-haengt-mit-Koenig-Charles.jpg\",\"width\":460,\"height\":259,\"caption\":\"Bericht: Trumps neue Position zum Ukraine-Konflikt h\u00e4ngt mit K\u00f6nig Charles zusammen\"},{\"@type\":\"BreadcrumbList\",\"@id\":\"https:\/\/now-news.de\/de\/deutschland\/bericht-trumps-neue-position-zum-ukraine-konflikt-haengt-mit-koenig-charles-zusammen\/#breadcrumb\",\"itemListElement\":[{\"@type\":\"ListItem\",\"position\":1,\"name\":\"Home\",\"item\":\"https:\/\/now-news.de\/de\/\"},{\"@type\":\"ListItem\",\"position\":2,\"name\":\"Bericht: Trumps neue Position zum Ukraine-Konflikt h\u00e4ngt mit K\u00f6nig Charles zusammen\"}]},{\"@type\":\"WebSite\",\"@id\":\"https:\/\/now-news.de\/de\/#website\",\"url\":\"https:\/\/now-news.de\/de\/\",\"name\":\"just-now.NEWS Deutschland\",\"description\":\"Das Portal f\u00fcr unzensierte Nachrichten aus der Welt\",\"publisher\":{\"@id\":\"https:\/\/now-news.de\/de\/#organization\"},\"potentialAction\":[{\"@type\":\"SearchAction\",\"target\":{\"@type\":\"EntryPoint\",\"urlTemplate\":\"https:\/\/now-news.de\/de\/?s={search_term_string}\"},\"query-input\":\"required name=search_term_string\"}],\"inLanguage\":\"de\"},{\"@type\":\"Organization\",\"@id\":\"https:\/\/now-news.de\/de\/#organization\",\"name\":\"Just Now News\",\"url\":\"https:\/\/now-news.de\/de\/\",\"logo\":{\"@type\":\"ImageObject\",\"inLanguage\":\"de\",\"@id\":\"https:\/\/now-news.de\/de\/#\/schema\/logo\/image\/\",\"url\":\"http:\/\/just-now.news\/de\/wp-content\/uploads\/sites\/3\/2022\/04\/logo500x500.jpg\",\"contentUrl\":\"http:\/\/just-now.news\/de\/wp-content\/uploads\/sites\/3\/2022\/04\/logo500x500.jpg\",\"width\":500,\"height\":500,\"caption\":\"Just Now News\"},\"image\":{\"@id\":\"https:\/\/now-news.de\/de\/#\/schema\/logo\/image\/\"},\"sameAs\":[\"https:\/\/www.facebook.com\/wirmachenauf\",\"https:\/\/x.com\/WirMachenAuf_de\"]},{\"@type\":\"Person\",\"@id\":\"https:\/\/now-news.de\/de\/#\/schema\/person\/fb534a4e865501d8b3285208df34a9b5\",\"name\":\"rtnews\",\"image\":{\"@type\":\"ImageObject\",\"inLanguage\":\"de\",\"@id\":\"https:\/\/now-news.de\/de\/#\/schema\/person\/image\/\",\"url\":\"https:\/\/secure.gravatar.com\/avatar\/82aafea7d8127119dd649515f56e2117?s=96&d=mm&r=g\",\"contentUrl\":\"https:\/\/secure.gravatar.com\/avatar\/82aafea7d8127119dd649515f56e2117?s=96&d=mm&r=g\",\"caption\":\"rtnews\"},\"url\":\"https:\/\/now-news.de\/de\/author\/rnews\/\"}]}<\/script>\n<!-- \/ Yoast SEO Premium plugin. -->","yoast_head_json":{"title":"Bericht: Trumps neue Position zum Ukraine-Konflikt h\u00e4ngt mit K\u00f6nig Charles zusammen - just-now.NEWS Deutschland","robots":{"index":"index","follow":"follow","max-snippet":"max-snippet:-1","max-image-preview":"max-image-preview:large","max-video-preview":"max-video-preview:-1"},"canonical":"https:\/\/now-news.de\/de\/deutschland\/bericht-trumps-neue-position-zum-ukraine-konflikt-haengt-mit-koenig-charles-zusammen\/","og_locale":"de_DE","og_type":"article","og_title":"Bericht: Trumps neue Position zum Ukraine-Konflikt h\u00e4ngt mit K\u00f6nig Charles zusammen","og_description":"Einem Medienbericht zufolge soll Trumps Kehrtwende im Ukraine-Konflikt mit seinem j\u00fcngsten Besuch im Vereinigten K\u00f6nigreich zusammenh\u00e4ngen. Wladimir Selenskijs Stabschef Andrei Jermak sagte, Trumps Besuch sei &#8220;sehr wichtig&#8221; gewesen. Die neue Haltung von US-Pr\u00e4sident Donald Trump zum Ukraine-Konflikt wurde durch seinen j\u00fcngsten Besuch in Gro\u00dfbritannien gepr\u00e4gt, berichtet The Telegraph unter Berufung auf anonyme Quellen. Wladimir Selenskijs [&hellip;]","og_url":"https:\/\/now-news.de\/de\/deutschland\/bericht-trumps-neue-position-zum-ukraine-konflikt-haengt-mit-koenig-charles-zusammen\/","og_site_name":"just-now.NEWS Deutschland","article_publisher":"https:\/\/www.facebook.com\/wirmachenauf","article_published_time":"2025-09-28T18:45:44+00:00","og_image":[{"url":"https:\/\/now-news.de\/de\/wp-content\/uploads\/sites\/3\/2025\/09\/68d96a3248fbef2da6433503.jpg"}],"author":"rtnews","twitter_card":"summary_large_image","twitter_creator":"@WirMachenAuf_de","twitter_site":"@WirMachenAuf_de","twitter_misc":{"Verfasst von":"rtnews","Gesch\u00e4tzte Lesezeit":"2\u00a0Minuten"},"schema":{"@context":"https:\/\/schema.org","@graph":[{"@type":"Article","@id":"https:\/\/now-news.de\/de\/deutschland\/bericht-trumps-neue-position-zum-ukraine-konflikt-haengt-mit-koenig-charles-zusammen\/#article","isPartOf":{"@id":"https:\/\/now-news.de\/de\/deutschland\/bericht-trumps-neue-position-zum-ukraine-konflikt-haengt-mit-koenig-charles-zusammen\/"},"author":{"name":"rtnews","@id":"https:\/\/now-news.de\/de\/#\/schema\/person\/fb534a4e865501d8b3285208df34a9b5"},"headline":"Bericht: Trumps neue Position zum Ukraine-Konflikt h\u00e4ngt mit K\u00f6nig Charles zusammen","datePublished":"2025-09-28T18:45:44+00:00","dateModified":"2025-09-28T18:45:44+00:00","mainEntityOfPage":{"@id":"https:\/\/now-news.de\/de\/deutschland\/bericht-trumps-neue-position-zum-ukraine-konflikt-haengt-mit-koenig-charles-zusammen\/"},"wordCount":402,"commentCount":0,"publisher":{"@id":"https:\/\/now-news.de\/de\/#organization"},"image":{"@id":"https:\/\/now-news.de\/de\/deutschland\/bericht-trumps-neue-position-zum-ukraine-konflikt-haengt-mit-koenig-charles-zusammen\/#primaryimage"},"thumbnailUrl":"https:\/\/now-news.de\/de\/wp-content\/uploads\/sites\/3\/2025\/09\/Bericht-Trumps-neue-Position-zum-Ukraine-Konflikt-haengt-mit-Koenig-Charles.jpg","keywords":["Bericht","Charles","h\u00e4ngt","K\u00f6nig","mit","NEUE","Position","Trumps","UkraineKonflikt","zum","zusammen"],"articleSection":["Deutschland","Russland"],"inLanguage":"de","potentialAction":[{"@type":"CommentAction","name":"Comment","target":["https:\/\/now-news.de\/de\/deutschland\/bericht-trumps-neue-position-zum-ukraine-konflikt-haengt-mit-koenig-charles-zusammen\/#respond"]}]},{"@type":"WebPage","@id":"https:\/\/now-news.de\/de\/deutschland\/bericht-trumps-neue-position-zum-ukraine-konflikt-haengt-mit-koenig-charles-zusammen\/","url":"https:\/\/now-news.de\/de\/deutschland\/bericht-trumps-neue-position-zum-ukraine-konflikt-haengt-mit-koenig-charles-zusammen\/","name":"Bericht: Trumps neue Position zum Ukraine-Konflikt h\u00e4ngt mit K\u00f6nig Charles zusammen - just-now.NEWS Deutschland","isPartOf":{"@id":"https:\/\/now-news.de\/de\/#website"},"primaryImageOfPage":{"@id":"https:\/\/now-news.de\/de\/deutschland\/bericht-trumps-neue-position-zum-ukraine-konflikt-haengt-mit-koenig-charles-zusammen\/#primaryimage"},"image":{"@id":"https:\/\/now-news.de\/de\/deutschland\/bericht-trumps-neue-position-zum-ukraine-konflikt-haengt-mit-koenig-charles-zusammen\/#primaryimage"},"thumbnailUrl":"https:\/\/now-news.de\/de\/wp-content\/uploads\/sites\/3\/2025\/09\/Bericht-Trumps-neue-Position-zum-Ukraine-Konflikt-haengt-mit-Koenig-Charles.jpg","datePublished":"2025-09-28T18:45:44+00:00","dateModified":"2025-09-28T18:45:44+00:00","breadcrumb":{"@id":"https:\/\/now-news.de\/de\/deutschland\/bericht-trumps-neue-position-zum-ukraine-konflikt-haengt-mit-koenig-charles-zusammen\/#breadcrumb"},"inLanguage":"de","potentialAction":[{"@type":"ReadAction","target":["https:\/\/now-news.de\/de\/deutschland\/bericht-trumps-neue-position-zum-ukraine-konflikt-haengt-mit-koenig-charles-zusammen\/"]}]},{"@type":"ImageObject","inLanguage":"de","@id":"https:\/\/now-news.de\/de\/deutschland\/bericht-trumps-neue-position-zum-ukraine-konflikt-haengt-mit-koenig-charles-zusammen\/#primaryimage","url":"https:\/\/now-news.de\/de\/wp-content\/uploads\/sites\/3\/2025\/09\/Bericht-Trumps-neue-Position-zum-Ukraine-Konflikt-haengt-mit-Koenig-Charles.jpg","contentUrl":"https:\/\/now-news.de\/de\/wp-content\/uploads\/sites\/3\/2025\/09\/Bericht-Trumps-neue-Position-zum-Ukraine-Konflikt-haengt-mit-Koenig-Charles.jpg","width":460,"height":259,"caption":"Bericht: Trumps neue Position zum Ukraine-Konflikt h\u00e4ngt mit K\u00f6nig Charles zusammen"},{"@type":"BreadcrumbList","@id":"https:\/\/now-news.de\/de\/deutschland\/bericht-trumps-neue-position-zum-ukraine-konflikt-haengt-mit-koenig-charles-zusammen\/#breadcrumb","itemListElement":[{"@type":"ListItem","position":1,"name":"Home","item":"https:\/\/now-news.de\/de\/"},{"@type":"ListItem","position":2,"name":"Bericht: Trumps neue Position zum Ukraine-Konflikt h\u00e4ngt mit K\u00f6nig Charles zusammen"}]},{"@type":"WebSite","@id":"https:\/\/now-news.de\/de\/#website","url":"https:\/\/now-news.de\/de\/","name":"just-now.NEWS Deutschland","description":"Das Portal f\u00fcr unzensierte Nachrichten aus der Welt","publisher":{"@id":"https:\/\/now-news.de\/de\/#organization"},"potentialAction":[{"@type":"SearchAction","target":{"@type":"EntryPoint","urlTemplate":"https:\/\/now-news.de\/de\/?s={search_term_string}"},"query-input":"required name=search_term_string"}],"inLanguage":"de"},{"@type":"Organization","@id":"https:\/\/now-news.de\/de\/#organization","name":"Just Now News","url":"https:\/\/now-news.de\/de\/","logo":{"@type":"ImageObject","inLanguage":"de","@id":"https:\/\/now-news.de\/de\/#\/schema\/logo\/image\/","url":"http:\/\/just-now.news\/de\/wp-content\/uploads\/sites\/3\/2022\/04\/logo500x500.jpg","contentUrl":"http:\/\/just-now.news\/de\/wp-content\/uploads\/sites\/3\/2022\/04\/logo500x500.jpg","width":500,"height":500,"caption":"Just Now News"},"image":{"@id":"https:\/\/now-news.de\/de\/#\/schema\/logo\/image\/"},"sameAs":["https:\/\/www.facebook.com\/wirmachenauf","https:\/\/x.com\/WirMachenAuf_de"]},{"@type":"Person","@id":"https:\/\/now-news.de\/de\/#\/schema\/person\/fb534a4e865501d8b3285208df34a9b5","name":"rtnews","image":{"@type":"ImageObject","inLanguage":"de","@id":"https:\/\/now-news.de\/de\/#\/schema\/person\/image\/","url":"https:\/\/secure.gravatar.com\/avatar\/82aafea7d8127119dd649515f56e2117?s=96&d=mm&r=g","contentUrl":"https:\/\/secure.gravatar.com\/avatar\/82aafea7d8127119dd649515f56e2117?s=96&d=mm&r=g","caption":"rtnews"},"url":"https:\/\/now-news.de\/de\/author\/rnews\/"}]}},"_links":{"self":[{"href":"https:\/\/now-news.de\/de\/wp-json\/wp\/v2\/posts\/91350"}],"collection":[{"href":"https:\/\/now-news.de\/de\/wp-json\/wp\/v2\/posts"}],"about":[{"href":"https:\/\/now-news.de\/de\/wp-json\/wp\/v2\/types\/post"}],"author":[{"embeddable":true,"href":"https:\/\/now-news.de\/de\/wp-json\/wp\/v2\/users\/3"}],"replies":[{"embeddable":true,"href":"https:\/\/now-news.de\/de\/wp-json\/wp\/v2\/comments?post=91350"}],"version-history":[{"count":0,"href":"https:\/\/now-news.de\/de\/wp-json\/wp\/v2\/posts\/91350\/revisions"}],"wp:featuredmedia":[{"embeddable":true,"href":"https:\/\/now-news.de\/de\/wp-json\/wp\/v2\/media\/91351"}],"wp:attachment":[{"href":"https:\/\/now-news.de\/de\/wp-json\/wp\/v2\/media?parent=91350"}],"wp:term":[{"taxonomy":"category","embeddable":true,"href":"https:\/\/now-news.de\/de\/wp-json\/wp\/v2\/categories?post=91350"},{"taxonomy":"post_tag","embeddable":true,"href":"https:\/\/now-news.de\/de\/wp-json\/wp\/v2\/tags?post=91350"}],"curies":[{"name":"wp","href":"https:\/\/api.w.org\/{rel}","templated":true}]}}